{"id":154185,"date":"2024-08-30T00:33:34","date_gmt":"2024-08-29T21:33:34","guid":{"rendered":"https:\/\/epochtimestr.com\/?p=154185"},"modified":"2024-08-30T00:33:36","modified_gmt":"2024-08-29T21:33:36","slug":"ozgur-ozelden-kilicdaroglu-aciklamasi-cesedimi-cignemeniz-lazim","status":"publish","type":"post","link":"https:\/\/epochtimestr.com\/index.php\/ozgur-ozelden-kilicdaroglu-aciklamasi-cesedimi-cignemeniz-lazim","title":{"rendered":"\u00d6zg\u00fcr \u00d6zel&#8217;den K\u0131l\u0131\u00e7daro\u011flu A\u00e7\u0131klamas\u0131: Cesedimi \u00c7i\u011fnemeniz Laz\u0131m!"},"content":{"rendered":"\n<p><\/p>\n\n\n<div class=\"wp-block-image\">\n<figure class=\"aligncenter size-full\"><img loading=\"lazy\" decoding=\"async\" width=\"800\" height=\"450\" src=\"https:\/\/epochtimestr.com\/wp-content\/uploads\/2011y\/kemal-kilicdaroglu.jpg\" alt=\"\" class=\"wp-image-154186\" srcset=\"https:\/\/epochtimestr.com\/wp-content\/uploads\/2011y\/kemal-kilicdaroglu.jpg 800w, https:\/\/epochtimestr.com\/wp-content\/uploads\/2011y\/kemal-kilicdaroglu-300x169.jpg 300w, https:\/\/epochtimestr.com\/wp-content\/uploads\/2011y\/kemal-kilicdaroglu-150x84.jpg 150w, https:\/\/epochtimestr.com\/wp-content\/uploads\/2011y\/kemal-kilicdaroglu-768x432.jpg 768w\" sizes=\"(max-width: 800px) 100vw, 800px\" \/><\/figure><\/div>\n\n\n<h2 class=\"wp-block-heading\">Kemal K\u0131l\u0131\u00e7daro\u011flu&#8217;na dava; Siyasi yasak talep edildi. Eski CHP Genel Ba\u015fkan\u0131 Kemal K\u0131l\u0131\u00e7daro\u011flu&#8217;nun &#8220;su\u00e7u ve su\u00e7luyu \u00f6vme&#8221; su\u00e7lamas\u0131yla yarg\u0131lanmas\u0131na 3 Aral\u0131k&#8217;ta ba\u015flanacak.<\/h2>\n\n\n\n<p>Eski CHP Genel Ba\u015fkan\u0131 Kemal K\u0131l\u0131\u00e7daro\u011flu&#8217;nun, &#8220;su\u00e7u ve su\u00e7luyu \u00f6vme&#8221; su\u00e7lamas\u0131yla yarg\u0131lanmas\u0131na 3 Aral\u0131k&#8217;ta ba\u015flanacak. Ankara Cumhuriyet Ba\u015fsavc\u0131l\u0131\u011f\u0131 Parlamenter Su\u00e7lar\u0131 Soru\u015fturma B\u00fcrosunca y\u00fcr\u00fct\u00fclen soru\u015fturma sonucunda, K\u0131l\u0131\u00e7daro\u011flu&#8217;nun zincirleme \u015fekilde su\u00e7u ve su\u00e7luyu \u00f6vme su\u00e7undan cezaland\u0131r\u0131lmas\u0131 talebiyle d\u00fczenlenen iddianame, Ankara 35. A\u011f\u0131r Ceza Mahkemesince kabul edildi. Mahkeme, davan\u0131n ilk duru\u015fmas\u0131n\u0131n 3 Aral\u0131k 2024&#8217;te g\u00f6r\u00fclmesini kararla\u015ft\u0131rd\u0131.<\/p>\n\n\n\n<p><\/p>\n\n\n\n<p>&#8220;FET\u00d6 VE PKK MENSUPLARINI \u00d6VD\u00dc&#8221;<\/p>\n\n\n\n<p><br \/>\u0130ddianamede yer verilen MHP Genel Ba\u015fkan Yard\u0131mc\u0131lar\u0131 Feti Y\u0131ld\u0131z, \u0130zzet Ulvi Y\u00f6nter ve \u0130smail Faruk Aksu&#8217;nun \u015fikayet dilek\u00e7esinde, K\u0131l\u0131\u00e7daro\u011flu&#8217;nun Selahattin Demirta\u015f&#8217;\u0131 \u00f6vd\u00fc\u011f\u00fc savunuldu. K\u0131l\u0131\u00e7daro\u011flu&#8217;nun 21 Ekim 2014&#8217;te \u0130stanbul \u00dcniversitesi Uluslararas\u0131 \u0130li\u015fkiler Kul\u00fcb\u00fc s\u00f6yle\u015fisinde &#8220;YPG bizim i\u00e7in ter\u00f6r \u00f6rg\u00fct\u00fc de\u011fildir. YPG, kendi vatan\u0131n\u0131 kurtarmak i\u00e7in \u00f6rg\u00fctlenmi\u015f bir olu\u015fumdur.&#8221; dedi\u011fi aktar\u0131lan dilek\u00e7ede, &#8220;K\u0131l\u0131\u00e7daro\u011flu, bu a\u00e7\u0131klamas\u0131yla, YPG&#8217;yi ba\u011f\u0131ms\u0131zl\u0131k ve \u00f6zg\u00fcrl\u00fck sava\u015f\u00e7\u0131lar\u0131 olarak g\u00f6rd\u00fc\u011f\u00fcn\u00fc a\u00e7\u0131k\u00e7a beyan etmi\u015ftir.&#8221; ifadelerine yer verildi.<\/p>\n\n\n\n<p>\u015eikayet dilek\u00e7esinde, K\u0131l\u0131\u00e7daro\u011flu&#8217;nun 2016-2019 y\u0131llar\u0131ndaki sosyal medya payla\u015f\u0131mlar\u0131 ve konu\u015fmalar\u0131nda su\u00e7u ve su\u00e7luyu \u00f6vd\u00fc\u011f\u00fc iddia edildi.<\/p>\n\n\n\n<p>\u0130ddianamede, K\u0131l\u0131\u00e7daro\u011flu&#8217;nun avukat\u0131 Celal \u00c7elik&#8217;in savunma dilek\u00e7esi de yer ald\u0131. Dilek\u00e7ede, K\u0131l\u0131\u00e7daro\u011flu hakk\u0131ndaki soru\u015fturmaya konu edilen beyanlar\u0131n\u0131n, ki\u015fisel g\u00f6r\u00fc\u015f \u00e7er\u00e7evesinde yap\u0131lm\u0131\u015f siyasi de\u011ferlendirme mahiyetinde oldu\u011fu ve bu nedenle K\u0131l\u0131\u00e7daro\u011flu hakk\u0131nda kovu\u015fturmaya yer olmad\u0131\u011f\u0131na dair karar verilmesi talep edildi.<\/p>\n\n\n\n<p><\/p>\n\n\n\n<p>\u00d6ZEL&#8217;DEN TEPK\u0130: HODR\u0130 MEYDAN<\/p>\n\n\n\n<p><br \/>Dilruba Kayserilio\u011flu&#8217;nu cezaevinde ziyareti sonras\u0131 a\u00e7\u0131klama yapan CHP Genel Ba\u015fkan\u0131 \u00d6zg\u00fcr \u00d6zel, K\u0131l\u0131\u00e7daro\u011flu hakk\u0131nda a\u00e7\u0131lan davaya tepki g\u00f6sterdi, &#8220;Kemal K\u0131l\u0131\u00e7daro\u011flu\u2019na 3,5 y\u0131l hapis ve siyasetten men talep edilen bir iddianame haz\u0131rlanm\u0131\u015f. CHP Genel Ba\u015fkanl\u0131\u011f\u0131n\u0131 devrald\u0131\u011f\u0131m Say\u0131n Kemal K\u0131l\u0131\u00e7daro\u011flu Atat\u00fcrk\u2019\u00fcn kurdu\u011fu partinin genel ba\u015fkanl\u0131k koltu\u011funda 13 y\u0131l oturmu\u015f birisidir. Kemal Bey&#8217;e kar\u015f\u0131 yap\u0131lan bu su\u00e7 duyurusu MHP\u2019nin vaktiyle kendi t\u00fckenmi\u015fli\u011finin, g\u00fcndemden d\u00fc\u015fm\u00fc\u015f olman\u0131n, milletin g\u00f6nl\u00fcnden d\u00fc\u015fm\u00fc\u015f olman\u0131n, su\u00e7 \u00f6rg\u00fctleriyle an\u0131l\u0131yor olman\u0131n, evlatlar\u0131n\u0131n kan\u0131n\u0131 Ankara\u2019da sokak ortas\u0131nda b\u0131rakm\u0131\u015f olman\u0131n ay\u0131b\u0131n\u0131, kusurunu \u00f6rtm\u00fc\u015f olmak i\u00e7in yapt\u0131klar\u0131 ve g\u00f6nderdikleri yerde de kendi etkileri alt\u0131nda olan, atanmalar\u0131na vesile olduklar\u0131 birtak\u0131m silah\u015forlar\u0131 taraf\u0131ndan yaz\u0131lm\u0131\u015f, kabul edilmi\u015f iddianameler \u00fczerinden kurduklar\u0131 bir kurgudur. \u0130ddianame Sinan Ate\u015f\u2019in kan\u0131n\u0131 \u00f6rtmez. Hapse atmak i\u00e7in mevcut genel ba\u015fkan\u0131n cesedini \u00e7i\u011fnemeniz laz\u0131m. Hodri meydan\u201d dedi.<\/p>\n\n\n\n<figure class=\"wp-block-embed is-type-rich is-provider-twitter wp-block-embed-twitter\"><div class=\"wp-block-embed__wrapper\">\n<blockquote class=\"twitter-tweet\" data-width=\"550\" data-dnt=\"true\"><p lang=\"tr\" dir=\"ltr\">Ankara \u00c7ubuk \u0130l\u00e7esi\u2019nde Cumhuriyet Halk Partisi Genel Ba\u015fkan\u0131 Say\u0131n Kemal K\u0131l\u0131\u00e7daro\u011flu\u2019na y\u00f6nelik eylemler nedeniyle Ankara Cumhuriyet Ba\u015fsavc\u0131l\u0131\u011f\u0131m\u0131zca re\u2019sen soru\u015fturma ba\u015flat\u0131lm\u0131\u015f olup olay t\u00fcm y\u00f6nleriyle ve titizlikle ara\u015ft\u0131r\u0131lmaktad\u0131r.<br>Kamuoyuna sayg\u0131yla duyurulur.<\/p>&mdash; Ankara Cumhuriyet Ba\u015fsavc\u0131l\u0131\u011f\u0131 (@ankaracbs) <a href=\"https:\/\/twitter.com\/ankaracbs\/status\/1119941807238975489?ref_src=twsrc%5Etfw\">April 21, 2019<\/a><\/blockquote><script async src=\"https:\/\/platform.twitter.com\/widgets.js\" charset=\"utf-8\"><\/script>\n<\/div><\/figure>\n","protected":false},"excerpt":{"rendered":"<p>Kemal K\u0131l\u0131\u00e7daro\u011flu&#8217;na dava; Siyasi yasak talep edildi. Eski CHP Genel Ba\u015fkan\u0131 Kemal K\u0131l\u0131\u00e7daro\u011flu&#8217;nun &#8220;su\u00e7u ve su\u00e7luyu \u00f6vme&#8221; su\u00e7lamas\u0131yla yarg\u0131lanmas\u0131na 3 Aral\u0131k&#8217;ta ba\u015flanacak. Eski CHP Genel Ba\u015fkan\u0131 Kemal K\u0131l\u0131\u00e7daro\u011flu&#8217;nun, &#8220;su\u00e7u ve su\u00e7luyu \u00f6vme&#8221; su\u00e7lamas\u0131yla yarg\u0131lanmas\u0131na 3 Aral\u0131k&#8217;ta ba\u015flanacak. Ankara Cumhuriyet Ba\u015fsavc\u0131l\u0131\u011f\u0131 Parlamenter Su\u00e7lar\u0131 Soru\u015fturma B\u00fcrosunca y\u00fcr\u00fct\u00fclen soru\u015fturma sonucunda, K\u0131l\u0131\u00e7daro\u011flu&#8217;nun zincirleme \u015fekilde su\u00e7u ve su\u00e7luyu \u00f6vme su\u00e7undan [&hellip;]<\/p>\n","protected":false},"author":12791,"featured_media":154186,"comment_status":"closed","ping_status":"open","sticky":false,"template":"","format":"standard","meta":{"_yoast_wpseo_focuskw":"\u00d6zg\u00fcr \u00d6zel'den K\u0131l\u0131\u00e7daro\u011flu A\u00e7\u0131klamas\u0131: Cesedimi \u00c7i\u011fnemeniz Laz\u0131m!","_yoast_wpseo_title":"","_yoast_wpseo_metadesc":"","_bbp_topic_count":0,"_bbp_reply_count":0,"_bbp_total_topic_count":0,"_bbp_total_reply_count":0,"_bbp_voice_count":0,"_bbp_anonymous_reply_count":0,"_bbp_topic_count_hidden":0,"_bbp_reply_count_hidden":0,"_bbp_forum_subforum_count":0,"footnotes":"","_yoast_wpseo_focuskw_text_input":""},"categories":[1,8226,37],"tags":[],"yoast_head":"<!-- This site is optimized with the Yoast SEO plugin v23.0 - https:\/\/yoast.com\/wordpress\/plugins\/seo\/ -->\n<title>\u00d6zg\u00fcr \u00d6zel&#039;den K\u0131l\u0131\u00e7daro\u011flu A\u00e7\u0131klamas\u0131: Cesedimi \u00c7i\u011fnemeniz Laz\u0131m! - The Epoch Times TR<\/title>\n<meta name=\"robots\" content=\"index, follow, max-snippet:-1, max-image-preview:large, max-video-preview:-1\" \/>\n<link rel=\"canonical\" href=\"https:\/\/epochtimestr.com\/index.php\/ozgur-ozelden-kilicdaroglu-aciklamasi-cesedimi-cignemeniz-lazim\" \/>\n<meta property=\"og:locale\" content=\"tr_TR\" \/>\n<meta property=\"og:type\" content=\"article\" \/>\n<meta property=\"og:title\" content=\"\u00d6zg\u00fcr \u00d6zel&#039;den K\u0131l\u0131\u00e7daro\u011flu A\u00e7\u0131klamas\u0131: Cesedimi \u00c7i\u011fnemeniz Laz\u0131m! - The Epoch Times TR\" \/>\n<meta property=\"og:description\" content=\"Kemal K\u0131l\u0131\u00e7daro\u011flu&#8217;na dava; Siyasi yasak talep edildi. Eski CHP Genel Ba\u015fkan\u0131 Kemal K\u0131l\u0131\u00e7daro\u011flu&#8217;nun &#8220;su\u00e7u ve su\u00e7luyu \u00f6vme&#8221; su\u00e7lamas\u0131yla yarg\u0131lanmas\u0131na 3 Aral\u0131k&#8217;ta ba\u015flanacak. Eski CHP Genel Ba\u015fkan\u0131 Kemal K\u0131l\u0131\u00e7daro\u011flu&#8217;nun, &#8220;su\u00e7u ve su\u00e7luyu \u00f6vme&#8221; su\u00e7lamas\u0131yla yarg\u0131lanmas\u0131na 3 Aral\u0131k&#8217;ta ba\u015flanacak. Ankara Cumhuriyet Ba\u015fsavc\u0131l\u0131\u011f\u0131 Parlamenter Su\u00e7lar\u0131 Soru\u015fturma B\u00fcrosunca y\u00fcr\u00fct\u00fclen soru\u015fturma sonucunda, K\u0131l\u0131\u00e7daro\u011flu&#8217;nun zincirleme \u015fekilde su\u00e7u ve su\u00e7luyu \u00f6vme su\u00e7undan [&hellip;]\" \/>\n<meta property=\"og:url\" content=\"https:\/\/epochtimestr.com\/index.php\/ozgur-ozelden-kilicdaroglu-aciklamasi-cesedimi-cignemeniz-lazim\" \/>\n<meta property=\"og:site_name\" content=\"The Epoch Times TR\" \/>\n<meta property=\"article:publisher\" content=\"https:\/\/www.facebook.com\/theepochtimestr\" \/>\n<meta property=\"article:published_time\" content=\"2024-08-29T21:33:34+00:00\" \/>\n<meta property=\"article:modified_time\" content=\"2024-08-29T21:33:36+00:00\" \/>\n<meta property=\"og:image\" content=\"https:\/\/epochtimestr.com\/wp-content\/uploads\/2011y\/kemal-kilicdaroglu.jpg\" \/>\n\t<meta property=\"og:image:width\" content=\"800\" \/>\n\t<meta property=\"og:image:height\" content=\"450\" \/>\n\t<meta property=\"og:image:type\" content=\"image\/jpeg\" \/>\n<meta name=\"author\" content=\"Haber Merkezi\" \/>\n<meta name=\"twitter:card\" content=\"summary_large_image\" \/>\n<meta name=\"twitter:creator\" content=\"@TheEpochTimesTR\" \/>\n<meta name=\"twitter:site\" content=\"@TheEpochTimesTR\" \/>\n<meta name=\"twitter:label1\" content=\"Yazan:\" \/>\n\t<meta name=\"twitter:data1\" content=\"Haber Merkezi\" \/>\n\t<meta name=\"twitter:label2\" content=\"Tahmini okuma s\u00fcresi\" \/>\n\t<meta name=\"twitter:data2\" content=\"3 dakika\" \/>\n<script type=\"application\/ld+json\" class=\"yoast-schema-graph\">{\"@context\":\"https:\/\/schema.org\",\"@graph\":[{\"@type\":\"Article\",\"@id\":\"https:\/\/epochtimestr.com\/index.php\/ozgur-ozelden-kilicdaroglu-aciklamasi-cesedimi-cignemeniz-lazim#article\",\"isPartOf\":{\"@id\":\"https:\/\/epochtimestr.com\/index.php\/ozgur-ozelden-kilicdaroglu-aciklamasi-cesedimi-cignemeniz-lazim\"},\"author\":{\"name\":\"Haber Merkezi\",\"@id\":\"https:\/\/epochtimestr.com\/#\/schema\/person\/3dc5c3adeb9f43923c5aa85889172fdd\"},\"headline\":\"\u00d6zg\u00fcr \u00d6zel&#8217;den K\u0131l\u0131\u00e7daro\u011flu A\u00e7\u0131klamas\u0131: Cesedimi \u00c7i\u011fnemeniz Laz\u0131m!\",\"datePublished\":\"2024-08-29T21:33:34+00:00\",\"dateModified\":\"2024-08-29T21:33:36+00:00\",\"mainEntityOfPage\":{\"@id\":\"https:\/\/epochtimestr.com\/index.php\/ozgur-ozelden-kilicdaroglu-aciklamasi-cesedimi-cignemeniz-lazim\"},\"wordCount\":544,\"publisher\":{\"@id\":\"https:\/\/epochtimestr.com\/#organization\"},\"image\":{\"@id\":\"https:\/\/epochtimestr.com\/index.php\/ozgur-ozelden-kilicdaroglu-aciklamasi-cesedimi-cignemeniz-lazim#primaryimage\"},\"thumbnailUrl\":\"https:\/\/epochtimestr.com\/wp-content\/uploads\/2011y\/kemal-kilicdaroglu.jpg\",\"articleSection\":[\"G\u00dcNDEM\",\"Siyaset\",\"T\u00dcRK\u0130YE\"],\"inLanguage\":\"tr\"},{\"@type\":\"WebPage\",\"@id\":\"https:\/\/epochtimestr.com\/index.php\/ozgur-ozelden-kilicdaroglu-aciklamasi-cesedimi-cignemeniz-lazim\",\"url\":\"https:\/\/epochtimestr.com\/index.php\/ozgur-ozelden-kilicdaroglu-aciklamasi-cesedimi-cignemeniz-lazim\",\"name\":\"\u00d6zg\u00fcr \u00d6zel'den K\u0131l\u0131\u00e7daro\u011flu A\u00e7\u0131klamas\u0131: Cesedimi \u00c7i\u011fnemeniz Laz\u0131m! - The Epoch Times TR\",\"isPartOf\":{\"@id\":\"https:\/\/epochtimestr.com\/#website\"},\"primaryImageOfPage\":{\"@id\":\"https:\/\/epochtimestr.com\/index.php\/ozgur-ozelden-kilicdaroglu-aciklamasi-cesedimi-cignemeniz-lazim#primaryimage\"},\"image\":{\"@id\":\"https:\/\/epochtimestr.com\/index.php\/ozgur-ozelden-kilicdaroglu-aciklamasi-cesedimi-cignemeniz-lazim#primaryimage\"},\"thumbnailUrl\":\"https:\/\/epochtimestr.com\/wp-content\/uploads\/2011y\/kemal-kilicdaroglu.jpg\",\"datePublished\":\"2024-08-29T21:33:34+00:00\",\"dateModified\":\"2024-08-29T21:33:36+00:00\",\"inLanguage\":\"tr\",\"potentialAction\":[{\"@type\":\"ReadAction\",\"target\":[\"https:\/\/epochtimestr.com\/index.php\/ozgur-ozelden-kilicdaroglu-aciklamasi-cesedimi-cignemeniz-lazim\"]}]},{\"@type\":\"ImageObject\",\"inLanguage\":\"tr\",\"@id\":\"https:\/\/epochtimestr.com\/index.php\/ozgur-ozelden-kilicdaroglu-aciklamasi-cesedimi-cignemeniz-lazim#primaryimage\",\"url\":\"https:\/\/epochtimestr.com\/wp-content\/uploads\/2011y\/kemal-kilicdaroglu.jpg\",\"contentUrl\":\"https:\/\/epochtimestr.com\/wp-content\/uploads\/2011y\/kemal-kilicdaroglu.jpg\",\"width\":800,\"height\":450},{\"@type\":\"WebSite\",\"@id\":\"https:\/\/epochtimestr.com\/#website\",\"url\":\"https:\/\/epochtimestr.com\/\",\"name\":\"The Epoch Times TR\",\"description\":\"De\u011fi\u015fen D\u00fcnyam\u0131za Taze Bir Bak\u0131\u015f\",\"publisher\":{\"@id\":\"https:\/\/epochtimestr.com\/#organization\"},\"potentialAction\":[{\"@type\":\"SearchAction\",\"target\":{\"@type\":\"EntryPoint\",\"urlTemplate\":\"https:\/\/epochtimestr.com\/?s={search_term_string}\"},\"query-input\":\"required name=search_term_string\"}],\"inLanguage\":\"tr\"},{\"@type\":\"Organization\",\"@id\":\"https:\/\/epochtimestr.com\/#organization\",\"name\":\"The EpochTimes T\u00fcrkiye\",\"url\":\"https:\/\/epochtimestr.com\/\",\"logo\":{\"@type\":\"ImageObject\",\"inLanguage\":\"tr\",\"@id\":\"https:\/\/epochtimestr.com\/#\/schema\/logo\/image\/\",\"url\":\"https:\/\/epochtimestr.com\/wp-content\/uploads\/2011y\/ET-Logo-YG.jpg\",\"contentUrl\":\"https:\/\/epochtimestr.com\/wp-content\/uploads\/2011y\/ET-Logo-YG.jpg\",\"width\":346,\"height\":29,\"caption\":\"The EpochTimes T\u00fcrkiye\"},\"image\":{\"@id\":\"https:\/\/epochtimestr.com\/#\/schema\/logo\/image\/\"},\"sameAs\":[\"https:\/\/www.facebook.com\/theepochtimestr\",\"https:\/\/x.com\/TheEpochTimesTR\",\"https:\/\/www.instagram.com\/epochtimestr\"]},{\"@type\":\"Person\",\"@id\":\"https:\/\/epochtimestr.com\/#\/schema\/person\/3dc5c3adeb9f43923c5aa85889172fdd\",\"name\":\"Haber Merkezi\",\"image\":{\"@type\":\"ImageObject\",\"inLanguage\":\"tr\",\"@id\":\"https:\/\/epochtimestr.com\/#\/schema\/person\/image\/\",\"url\":\"https:\/\/secure.gravatar.com\/avatar\/d73f772ba5a74f28601361e17c2f93e6?s=96&d=mm&r=g\",\"contentUrl\":\"https:\/\/secure.gravatar.com\/avatar\/d73f772ba5a74f28601361e17c2f93e6?s=96&d=mm&r=g\",\"caption\":\"Haber Merkezi\"},\"url\":\"https:\/\/epochtimestr.com\/index.php\/author\/sendag\"}]}<\/script>\n<!-- \/ Yoast SEO plugin. -->","yoast_head_json":{"title":"\u00d6zg\u00fcr \u00d6zel'den K\u0131l\u0131\u00e7daro\u011flu A\u00e7\u0131klamas\u0131: Cesedimi \u00c7i\u011fnemeniz Laz\u0131m! - The Epoch Times TR","robots":{"index":"index","follow":"follow","max-snippet":"max-snippet:-1","max-image-preview":"max-image-preview:large","max-video-preview":"max-video-preview:-1"},"canonical":"https:\/\/epochtimestr.com\/index.php\/ozgur-ozelden-kilicdaroglu-aciklamasi-cesedimi-cignemeniz-lazim","og_locale":"tr_TR","og_type":"article","og_title":"\u00d6zg\u00fcr \u00d6zel'den K\u0131l\u0131\u00e7daro\u011flu A\u00e7\u0131klamas\u0131: Cesedimi \u00c7i\u011fnemeniz Laz\u0131m! - The Epoch Times TR","og_description":"Kemal K\u0131l\u0131\u00e7daro\u011flu&#8217;na dava; Siyasi yasak talep edildi. Eski CHP Genel Ba\u015fkan\u0131 Kemal K\u0131l\u0131\u00e7daro\u011flu&#8217;nun &#8220;su\u00e7u ve su\u00e7luyu \u00f6vme&#8221; su\u00e7lamas\u0131yla yarg\u0131lanmas\u0131na 3 Aral\u0131k&#8217;ta ba\u015flanacak. Eski CHP Genel Ba\u015fkan\u0131 Kemal K\u0131l\u0131\u00e7daro\u011flu&#8217;nun, &#8220;su\u00e7u ve su\u00e7luyu \u00f6vme&#8221; su\u00e7lamas\u0131yla yarg\u0131lanmas\u0131na 3 Aral\u0131k&#8217;ta ba\u015flanacak. Ankara Cumhuriyet Ba\u015fsavc\u0131l\u0131\u011f\u0131 Parlamenter Su\u00e7lar\u0131 Soru\u015fturma B\u00fcrosunca y\u00fcr\u00fct\u00fclen soru\u015fturma sonucunda, K\u0131l\u0131\u00e7daro\u011flu&#8217;nun zincirleme \u015fekilde su\u00e7u ve su\u00e7luyu \u00f6vme su\u00e7undan [&hellip;]","og_url":"https:\/\/epochtimestr.com\/index.php\/ozgur-ozelden-kilicdaroglu-aciklamasi-cesedimi-cignemeniz-lazim","og_site_name":"The Epoch Times TR","article_publisher":"https:\/\/www.facebook.com\/theepochtimestr","article_published_time":"2024-08-29T21:33:34+00:00","article_modified_time":"2024-08-29T21:33:36+00:00","og_image":[{"width":800,"height":450,"url":"https:\/\/epochtimestr.com\/wp-content\/uploads\/2011y\/kemal-kilicdaroglu.jpg","type":"image\/jpeg"}],"author":"Haber Merkezi","twitter_card":"summary_large_image","twitter_creator":"@TheEpochTimesTR","twitter_site":"@TheEpochTimesTR","twitter_misc":{"Yazan:":"Haber Merkezi","Tahmini okuma s\u00fcresi":"3 dakika"},"schema":{"@context":"https:\/\/schema.org","@graph":[{"@type":"Article","@id":"https:\/\/epochtimestr.com\/index.php\/ozgur-ozelden-kilicdaroglu-aciklamasi-cesedimi-cignemeniz-lazim#article","isPartOf":{"@id":"https:\/\/epochtimestr.com\/index.php\/ozgur-ozelden-kilicdaroglu-aciklamasi-cesedimi-cignemeniz-lazim"},"author":{"name":"Haber Merkezi","@id":"https:\/\/epochtimestr.com\/#\/schema\/person\/3dc5c3adeb9f43923c5aa85889172fdd"},"headline":"\u00d6zg\u00fcr \u00d6zel&#8217;den K\u0131l\u0131\u00e7daro\u011flu A\u00e7\u0131klamas\u0131: Cesedimi \u00c7i\u011fnemeniz Laz\u0131m!","datePublished":"2024-08-29T21:33:34+00:00","dateModified":"2024-08-29T21:33:36+00:00","mainEntityOfPage":{"@id":"https:\/\/epochtimestr.com\/index.php\/ozgur-ozelden-kilicdaroglu-aciklamasi-cesedimi-cignemeniz-lazim"},"wordCount":544,"publisher":{"@id":"https:\/\/epochtimestr.com\/#organization"},"image":{"@id":"https:\/\/epochtimestr.com\/index.php\/ozgur-ozelden-kilicdaroglu-aciklamasi-cesedimi-cignemeniz-lazim#primaryimage"},"thumbnailUrl":"https:\/\/epochtimestr.com\/wp-content\/uploads\/2011y\/kemal-kilicdaroglu.jpg","articleSection":["G\u00dcNDEM","Siyaset","T\u00dcRK\u0130YE"],"inLanguage":"tr"},{"@type":"WebPage","@id":"https:\/\/epochtimestr.com\/index.php\/ozgur-ozelden-kilicdaroglu-aciklamasi-cesedimi-cignemeniz-lazim","url":"https:\/\/epochtimestr.com\/index.php\/ozgur-ozelden-kilicdaroglu-aciklamasi-cesedimi-cignemeniz-lazim","name":"\u00d6zg\u00fcr \u00d6zel'den K\u0131l\u0131\u00e7daro\u011flu A\u00e7\u0131klamas\u0131: Cesedimi \u00c7i\u011fnemeniz Laz\u0131m! - The Epoch Times TR","isPartOf":{"@id":"https:\/\/epochtimestr.com\/#website"},"primaryImageOfPage":{"@id":"https:\/\/epochtimestr.com\/index.php\/ozgur-ozelden-kilicdaroglu-aciklamasi-cesedimi-cignemeniz-lazim#primaryimage"},"image":{"@id":"https:\/\/epochtimestr.com\/index.php\/ozgur-ozelden-kilicdaroglu-aciklamasi-cesedimi-cignemeniz-lazim#primaryimage"},"thumbnailUrl":"https:\/\/epochtimestr.com\/wp-content\/uploads\/2011y\/kemal-kilicdaroglu.jpg","datePublished":"2024-08-29T21:33:34+00:00","dateModified":"2024-08-29T21:33:36+00:00","inLanguage":"tr","potentialAction":[{"@type":"ReadAction","target":["https:\/\/epochtimestr.com\/index.php\/ozgur-ozelden-kilicdaroglu-aciklamasi-cesedimi-cignemeniz-lazim"]}]},{"@type":"ImageObject","inLanguage":"tr","@id":"https:\/\/epochtimestr.com\/index.php\/ozgur-ozelden-kilicdaroglu-aciklamasi-cesedimi-cignemeniz-lazim#primaryimage","url":"https:\/\/epochtimestr.com\/wp-content\/uploads\/2011y\/kemal-kilicdaroglu.jpg","contentUrl":"https:\/\/epochtimestr.com\/wp-content\/uploads\/2011y\/kemal-kilicdaroglu.jpg","width":800,"height":450},{"@type":"WebSite","@id":"https:\/\/epochtimestr.com\/#website","url":"https:\/\/epochtimestr.com\/","name":"The Epoch Times TR","description":"De\u011fi\u015fen D\u00fcnyam\u0131za Taze Bir Bak\u0131\u015f","publisher":{"@id":"https:\/\/epochtimestr.com\/#organization"},"potentialAction":[{"@type":"SearchAction","target":{"@type":"EntryPoint","urlTemplate":"https:\/\/epochtimestr.com\/?s={search_term_string}"},"query-input":"required name=search_term_string"}],"inLanguage":"tr"},{"@type":"Organization","@id":"https:\/\/epochtimestr.com\/#organization","name":"The EpochTimes T\u00fcrkiye","url":"https:\/\/epochtimestr.com\/","logo":{"@type":"ImageObject","inLanguage":"tr","@id":"https:\/\/epochtimestr.com\/#\/schema\/logo\/image\/","url":"https:\/\/epochtimestr.com\/wp-content\/uploads\/2011y\/ET-Logo-YG.jpg","contentUrl":"https:\/\/epochtimestr.com\/wp-content\/uploads\/2011y\/ET-Logo-YG.jpg","width":346,"height":29,"caption":"The EpochTimes T\u00fcrkiye"},"image":{"@id":"https:\/\/epochtimestr.com\/#\/schema\/logo\/image\/"},"sameAs":["https:\/\/www.facebook.com\/theepochtimestr","https:\/\/x.com\/TheEpochTimesTR","https:\/\/www.instagram.com\/epochtimestr"]},{"@type":"Person","@id":"https:\/\/epochtimestr.com\/#\/schema\/person\/3dc5c3adeb9f43923c5aa85889172fdd","name":"Haber Merkezi","image":{"@type":"ImageObject","inLanguage":"tr","@id":"https:\/\/epochtimestr.com\/#\/schema\/person\/image\/","url":"https:\/\/secure.gravatar.com\/avatar\/d73f772ba5a74f28601361e17c2f93e6?s=96&d=mm&r=g","contentUrl":"https:\/\/secure.gravatar.com\/avatar\/d73f772ba5a74f28601361e17c2f93e6?s=96&d=mm&r=g","caption":"Haber Merkezi"},"url":"https:\/\/epochtimestr.com\/index.php\/author\/sendag"}]}},"_links":{"self":[{"href":"https:\/\/epochtimestr.com\/index.php\/wp-json\/wp\/v2\/posts\/154185"}],"collection":[{"href":"https:\/\/epochtimestr.com\/index.php\/wp-json\/wp\/v2\/posts"}],"about":[{"href":"https:\/\/epochtimestr.com\/index.php\/wp-json\/wp\/v2\/types\/post"}],"author":[{"embeddable":true,"href":"https:\/\/epochtimestr.com\/index.php\/wp-json\/wp\/v2\/users\/12791"}],"replies":[{"embeddable":true,"href":"https:\/\/epochtimestr.com\/index.php\/wp-json\/wp\/v2\/comments?post=154185"}],"version-history":[{"count":1,"href":"https:\/\/epochtimestr.com\/index.php\/wp-json\/wp\/v2\/posts\/154185\/revisions"}],"predecessor-version":[{"id":154187,"href":"https:\/\/epochtimestr.com\/index.php\/wp-json\/wp\/v2\/posts\/154185\/revisions\/154187"}],"wp:featuredmedia":[{"embeddable":true,"href":"https:\/\/epochtimestr.com\/index.php\/wp-json\/wp\/v2\/media\/154186"}],"wp:attachment":[{"href":"https:\/\/epochtimestr.com\/index.php\/wp-json\/wp\/v2\/media?parent=154185"}],"wp:term":[{"taxonomy":"category","embeddable":true,"href":"https:\/\/epochtimestr.com\/index.php\/wp-json\/wp\/v2\/categories?post=154185"},{"taxonomy":"post_tag","embeddable":true,"href":"https:\/\/epochtimestr.com\/index.php\/wp-json\/wp\/v2\/tags?post=154185"}],"curies":[{"name":"wp","href":"https:\/\/api.w.org\/{rel}","templated":true}]}}