{"id":154188,"date":"2024-08-30T00:37:04","date_gmt":"2024-08-29T21:37:04","guid":{"rendered":"https:\/\/epochtimestr.com\/?p=154188"},"modified":"2024-08-30T00:37:05","modified_gmt":"2024-08-29T21:37:05","slug":"ozgur-ozel-sokak-roportaji-nedeniyle-tutuklanan-dilrubayi-ziyaret-etti","status":"publish","type":"post","link":"https:\/\/epochtimestr.com\/index.php\/ozgur-ozel-sokak-roportaji-nedeniyle-tutuklanan-dilrubayi-ziyaret-etti","title":{"rendered":"\u00d6zg\u00fcr \u00d6zel, Sokak R\u00f6portaj\u0131 Nedeniyle Tutuklanan Dilruba&#8217;y\u0131 Ziyaret Etti"},"content":{"rendered":"<div class=\"wp-block-image\">\n<figure class=\"aligncenter size-full\"><img loading=\"lazy\" decoding=\"async\" width=\"600\" height=\"337\" src=\"https:\/\/epochtimestr.com\/wp-content\/uploads\/2011y\/ozgur-ozel-14.jpg\" alt=\"\" class=\"wp-image-154189\" srcset=\"https:\/\/epochtimestr.com\/wp-content\/uploads\/2011y\/ozgur-ozel-14.jpg 600w, https:\/\/epochtimestr.com\/wp-content\/uploads\/2011y\/ozgur-ozel-14-300x169.jpg 300w, https:\/\/epochtimestr.com\/wp-content\/uploads\/2011y\/ozgur-ozel-14-150x84.jpg 150w\" sizes=\"(max-width: 600px) 100vw, 600px\" \/><\/figure><\/div>\n\n\n<h2 class=\"wp-block-heading\">CHP Genel Ba\u015fkan\u0131 \u00d6zg\u00fcr \u00d6zel, Instagram yasa\u011f\u0131n\u0131 ele\u015ftirdi\u011fi sokak r\u00f6portaj\u0131 nedeniyle tutuklanan Dilruba Kayserilio\u011flu&#8217;nu Alia\u011fa Cezaevi&#8217;nde ziyaret etti.<\/h2>\n\n\n\n<p>\u00d6zel, Instagram yasa\u011f\u0131n\u0131 ele\u015ftirdi\u011fi sokak r\u00f6portaj\u0131ndaki s\u00f6zleri nedeniyle tutuklanan Dilruba Kayserilio\u011flu&#8217;nu Alia\u011fa cezaevinde ziyaret etti. Ziyaretin ard\u0131ndan \u00d6zel Cezaevlerinin \u00f6n\u00fcnde haks\u0131zl\u0131k tutuklamalara kar\u015f\u0131 a\u00e7\u0131klamalar T\u00fcrkiye&#8217;nin hak etti\u011fi \u015feyler de\u011fil. Dilruba&#8217;n\u0131n tutuklulu\u011fu tamamen hukuksuz. Bir mikrofona s\u00f6ylenen s\u00f6zler sanki sizin iktidar\u0131n\u0131z\u0131 y\u0131kacak gibi tutuklama kampanyalar\u0131 ba\u015flatmak tamamen y\u00f6netimdeki acziyetinden ba\u015fka bir \u015fey de\u011fil. Duru\u015fmada serbest b\u0131rak\u0131laca\u011f\u0131n\u0131 \u00fcmit ediyoruz. T\u00fcrkiye&#8217;nin suni g\u00fcndemlerden \u00e7\u0131kmas\u0131 laz\u0131m.&#8221; diye konu\u015ftu.<\/p>\n\n\n\n<p><\/p>\n\n\n\n<p>Ziyaret sonras\u0131 bas\u0131na a\u00e7\u0131klamalarda bulunan \u00d6zel, &#8220;B\u00f6yle olmamas\u0131 laz\u0131m. Cezaevlerinin \u00f6n\u00fcnde haks\u0131z tutukluluklara kar\u015f\u0131 ziyaretler, \u00e7\u0131k\u0131\u015f\u0131nda a\u00e7\u0131klamalar, g\u00fcne\u015fin aln\u0131 kaba\u011f\u0131nda beklemeler\u2026 Bunlar T\u00fcrkiye&#8217;nin hak etti\u011fi \u015feyler de\u011fil. T\u00fcrkiye&#8217;deki gazeteciler de bunu hak etmiyor, 33 ya\u015f\u0131ndaki gen\u00e7 bir cumhuriyet kad\u0131n\u0131 da g\u00f6rd\u00fc\u011f\u00fc muameleyi hak etmiyor. Bu i\u015flerle me\u015fgul olmak yerine T\u00fcrkiye&#8217;nin di\u011fer sorunlar\u0131 \u00fczerine yo\u011funla\u015fmam\u0131z laz\u0131m&#8221; ifadelerini kulland\u0131.<\/p>\n\n\n\n<p><\/p>\n\n\n\n<p>&#8220;Y\u00d6NET\u0130MDEK\u0130 ACZ\u0130YET\u0130N \u0130FADES\u0130D\u0130R&#8221;<\/p>\n\n\n\n<p><br \/>Dilruba Kayserilio\u011flu&#8217;nun tutuklulu\u011fu i\u00e7in &#8220;Ba\u015ftan sona hukuksuzluktur&#8221; diyen \u00d6zel, s\u00f6zlerini \u015f\u00f6yle s\u00fcrd\u00fcrd\u00fc:<\/p>\n\n\n\n<p>&#8220;D\u00fc\u015f\u00fcncesi ne kadar \u015fok edici olursa olsun, herkesin \u015fiddeti \u00e7a\u011f\u0131rmamak kayd\u0131yla her t\u00fcrl\u00fc d\u00fc\u015f\u00fcnceyi a\u00e7\u0131klama hakk\u0131 vard\u0131r. Bu da anayasal bir hakt\u0131r. Siz bu anayasal hakk\u0131 tart\u0131\u015fmaya a\u00e7\u0131yorsan\u0131z despotsunuz demektir. Muktedir de\u011filsiniz, iktidardas\u0131n\u0131z ama yapt\u0131\u011f\u0131n\u0131z i\u015fi b\u00fcy\u00fck bir \u00f6zg\u00fcvensizlikle yapt\u0131\u011f\u0131n\u0131z i\u00e7in, bir mikrofona gen\u00e7 bir kad\u0131n\u0131n s\u00f6yledikleri sanki sizin iktidar\u0131n\u0131z\u0131 y\u0131kacakm\u0131\u015f diye ona kar\u015f\u0131 en ola\u011fan d\u0131\u015f\u0131 refleksleri g\u00f6stermek, sosyal medya lin\u00e7leri ba\u015flatmak, tutuklanma kampanyalar\u0131 ba\u015flatmak, savc\u0131lara da yatar\u0131 olmayan bir su\u00e7tan neredeyse bir aya varacak bir s\u00fcre ki\u015fiyi \u00f6zg\u00fcrl\u00fc\u011f\u00fcnden mahrum etmeye yeltenmek, tamamen y\u00f6netimdeki acziyetin, savrulman\u0131n ifadesidir. Bundan ba\u015fka bir \u015fey de\u011fil.&#8221;<\/p>\n\n\n\n<p><\/p>\n\n\n\n<p>&#8220;3 EYL\u00dcL&#8217;DE SERBEST KALACA\u011eINI \u00dcM\u0130T ED\u0130YORUZ, 9 EYL\u00dcL \u0130\u00c7\u0130N RANDEVULA\u015eTIK&#8221;<\/p>\n\n\n\n<p><br \/>&#8220;Dilruba ile g\u00f6r\u00fc\u015ft\u00fcm. Kendisi ne s\u00f6yledi\u011fini ne s\u00f6ylemedi\u011fini biliyor. \u00d6zg\u00fcrl\u00fc\u011f\u00fcne kavu\u015ftu\u011funda kendi a\u011fz\u0131ndan, verdi\u011fi r\u00f6portaj\u0131 ve orada ne kastetti\u011fini kastetmedi\u011fini, ger\u00e7ek d\u00fc\u015f\u00fcncelerini kendisi payla\u015facak. Bu vakitten sonra, i\u00e7eride ge\u00e7irdi\u011fi her dakika hukuksuzlukken, biz 3 Eyl\u00fcl g\u00fcn\u00fc duru\u015fmada serbest kalaca\u011f\u0131n\u0131 \u00fcmit ediyoruz. Kendisi de \u00fcmit ediyor. Ben kendisini 9 Eyl\u00fcl g\u00fcn\u00fc partimizin 101&#8217;inci kurulu\u015f y\u0131l d\u00f6n\u00fcm\u00fcnde Ankara&#8217;daki t\u00f6renlere ve ak\u015famki konsere davet ettim. Konserde \u015eevval Sam olacak. Kendisi de \u015eevval Sam&#8217;\u0131 \u00e7ok sevdi\u011fini, en \u00e7ok istedi\u011fi \u015feylerden birisinin \u015eevval Sam&#8217;\u0131 canl\u0131 dinlemek oldu\u011funu s\u00f6yledi. 9 Eyl\u00fcl g\u00fcn\u00fc i\u00e7in randevula\u015ft\u0131k. \u00dcmit ediyoruz Dilruba&#8217;n\u0131n hi\u00e7 de\u011filse bu iste\u011fini bo\u015fa \u00e7\u0131karacak bir durumla kar\u015f\u0131la\u015fmay\u0131z.<\/p>\n\n\n\n<p><\/p>\n\n\n\n<p>&#8220;\u00d6ZLEM ZENG\u0130N DE BENZER B\u0130R DE\u011eERLEND\u0130RME YAPTI&#8221;<\/p>\n\n\n\n<p><br \/>&#8220;Hukuk\u00e7u arkada\u015flar da hatta kendisi de hukuk\u00e7u olan AK Parti Grup Ba\u015fkan Vekili \u00d6zlem Zengin de benzer bir de\u011ferlendirme yapm\u0131\u015f: &#8216;Tutuksuz yarg\u0131lanmas\u0131 gerekir.&#8217; Zaten tutuklamay\u0131 gerektirecek bir \u015feyle su\u00e7lanm\u0131yor, \u00e7ok a\u00e7\u0131k ortada.&#8221;<\/p>\n\n\n\n<p><\/p>\n\n\n\n<p>&#8220;BA\u015e\u00d6RT\u00dcS\u00dcNDEN DOLAYI AYRIMCILI\u011eA U\u011eRAYAN D\u0130LARA&#8217;YI DA DAVET ETM\u0130\u015eT\u0130M&#8221;<\/p>\n\n\n\n<p><br \/>&#8220;Ben d\u00fcn Dilara ile konu\u015fmu\u015ftum. Dilara ba\u015f\u00f6rt\u00fcs\u00fcnden dolay\u0131, talep etti\u011fi bir g\u00f6revde, &#8216;Bu g\u00f6revi alamazs\u0131n, b\u00f6yle bir g\u00f6revi kongrede sana veremeyiz&#8217; diyenlerin ayr\u0131mc\u0131l\u0131\u011f\u0131yla kar\u015f\u0131 kar\u015f\u0131ya kalm\u0131\u015ft\u0131. \u015e\u00fcphesiz T\u00fcrk Di\u015f Hekimleri Birli\u011finin, Di\u015f Hekimleri Odalar\u0131n\u0131n ortaya koymu\u015f olduklar\u0131 yakla\u015f\u0131m, a\u00e7\u0131klamalar\u0131 son derece k\u0131ymetli. O ay\u0131ba, o ayr\u0131mc\u0131l\u0131\u011fa sebep olmad\u0131klar\u0131, ortak olmad\u0131klar\u0131 ve ne kadar mesafeli olduklar\u0131n\u0131 ifade ettiler. Ben Dilara&#8217;y\u0131 da 9 Eyl\u00fcl&#8217;de davet etmi\u015ftim, Dilruba&#8217;y\u0131 da davet ettik.<\/p>\n\n\n\n<p><\/p>\n\n\n\n<p>CHP \u00fclkenin kurucu partisidir. \u00dclkedeki herkesin haklar\u0131n\u0131 hepbirlikte savunabilecek bir partidir. \u00dcmit ediyorum 101&#8217;inci kurulu\u015f y\u0131l d\u00f6n\u00fcm\u00fcm\u00fczde davetliler i\u00e7inde ge\u00e7mi\u015fte pek \u00e7ok ma\u011fduriyet ya\u015fayan toplumun t\u00fcm kesimler, Soma&#8217;daki ma\u011fdurlardan tren kazas\u0131ndaki ma\u011fdurlara, Diyarbak\u0131r annelerinden \u0130stanbul&#8217;da haklar\u0131n\u0131 bininci kez arayan Cumartesi Anneleri&#8217;ne kadar \u00e7ok say\u0131da davetlimiz olacak. Bu davetlilerin yan\u0131nda Dilara ile Dilruba&#8217;y\u0131 hep birlikte g\u00f6rmek istiyoruz.&#8221;<\/p>\n\n\n\n<p><\/p>\n\n\n\n<p>&#8220;T\u00dcRK\u0130YE&#8217;N\u0130N BU SA\u00c7MA SAPAN TARTI\u015eMALARDAN B\u0130R AN \u00d6NCE KURTULMASI LAZIM&#8221;<\/p>\n\n\n\n<p><br \/>&#8220;T\u00fcrkiye&#8217;nin bu suni g\u00fcndemlerden \u00e7\u0131kmas\u0131 laz\u0131m. Bu sa\u00e7ma sapan tart\u0131\u015fmalardan, i\u015flerden bir an \u00f6nce kurtulmas\u0131 laz\u0131m. Toplumu gererek iktidarda tutunmaya \u00e7al\u0131\u015fanlara \u015funu s\u00f6ylemek istiyorum: T\u00fcrkiye&#8217;ye bunu yapmay\u0131n. Tarihe bir de &#8216;Gideken bunlar\u0131 da yapt\u0131lar, bunlara da tenezz\u00fcl ettiler&#8217; diye ge\u00e7meyin. Ge\u00e7iyorsunuz. 33 ya\u015f\u0131nda gen\u00e7 bir kad\u0131n\u0131, bir mikrofona s\u00f6yledi\u011fi s\u00f6zlerden dolay\u0131, k\u0131nayabilirsiniz, ele\u015ftirebilirsiniz, g\u00f6r\u00fc\u015flerine kat\u0131lmayabilirsiniz ama tutup da burada haks\u0131z hukuksuz yere hapsedemezsiniz.&#8221;<\/p>\n\n\n\n<p><\/p>\n\n\n\n<p>&#8220;\u0130\u015e\u0130N\u0130ZE BAKIN, HADD\u0130N\u0130Z\u0130 B\u0130L\u0130N&#8221;<\/p>\n\n\n\n<p><br \/>&#8220;Di\u011fer taraftan T\u00fcrkiye\u2019de herkesin inanc\u0131n\u0131n, \u00f6rt\u00fcnmesinin ya da \u00f6rt\u00fcnmemesinin, ya\u015fam \u015feklinin, tercihlerinin tam bir \u00f6zg\u00fcrl\u00fck i\u00e7inde olmas\u0131 laz\u0131m. Biz CHP olarak bunun teminat\u0131y\u0131z, herkesin meseleye b\u00f6yle yakla\u015fmas\u0131 laz\u0131m. Kimin ba\u015f\u0131n\u0131 \u00f6rt\u00fcp \u00f6rtmeyece\u011fine o ki\u015fiden ba\u015fka kimse karar veremesz. Kimin ne yiyip ne i\u00e7ece\u011fine, ne giyip ne giymeyece\u011fine o ki\u015fiden ba\u015fka kimse karar veremez. Bu i\u015fe iki taraftan birden istikamet vermeye \u00e7al\u0131\u015fanlara, bask\u0131 uygulamaya \u00e7al\u0131\u015fanlara, her iki taraftan birden bu i\u015fe kar\u0131\u015fanlara diyoruz ki i\u015finize bak\u0131n, haddinizi bilin. T\u00fcrkiye bir \u00f6zg\u00fcrl\u00fckler \u00fclkesidir. 100 y\u0131l \u00f6nce kurulmu\u015f anayasal bir \u00fclkedir. B\u00fct\u00fcn darbelere, haks\u0131zl\u0131klara ra\u011fmen bu g\u00fcnlere geldik. Son 22 y\u0131lda ya\u015fananlar\u0131n geldi\u011fi nokta da elbette utan\u00e7 vericidir. \u0130ktidara da diyoruz, kar\u0131\u015fmay\u0131n, milletin yakas\u0131ndan d\u00fc\u015f\u00fcn. Di\u011fer taraftan kendince bir tak\u0131m 30 y\u0131l \u00f6nce 50 y\u0131l \u00f6nce T\u00fcrkiye&#8217;nin terk etti\u011fi, t\u00fcketti\u011fi tart\u0131\u015fmalara T\u00fcrkiye&#8217;yi s\u00fcr\u00fcklemeye \u00e7al\u0131\u015fanlara da diyoruz ki hududunuzu bilin, haddinizi bilin, kimseye kar\u0131\u015fmay\u0131n.<\/p>\n\n\n\n<p><\/p>\n\n\n\n<p>T\u00fcrkiye&#8217;deki her ma\u011fduriyetin ve ya\u015fanan her hukuksuzlu\u011fun tam olarak kar\u015f\u0131s\u0131nday\u0131z. Her ma\u011fdurun ve her mazlumun siyasi g\u00f6r\u00fc\u015f\u00fcne d\u00fc\u015f\u00fcncesine ne olursa olsun bakmadan yan\u0131nday\u0131z. Her t\u00fcrl\u00fc s\u0131k\u0131nt\u0131n\u0131n vard\u0131r bir \u00e7aresi, onun da ad\u0131 Cumhuriyet Halk Partisi.&#8221;<\/p>\n\n\n\n<figure class=\"wp-block-embed is-type-rich is-provider-twitter wp-block-embed-twitter\"><div class=\"wp-block-embed__wrapper\">\n<blockquote class=\"twitter-tweet\" data-width=\"550\" data-dnt=\"true\"><p lang=\"tr\" dir=\"ltr\">\u0130zmir&#39;de Dilruba Kayserilio\u011flu&#39;nu cezaevinde ziyaret ettikten sonra gazetecilerin sorular\u0131n\u0131 yan\u0131tl\u0131yorum <a href=\"https:\/\/t.co\/XxGMrTRhUZ\">https:\/\/t.co\/XxGMrTRhUZ<\/a><\/p>&mdash; \u00d6zg\u00fcr \u00d6zel (@eczozgurozel) <a href=\"https:\/\/twitter.com\/eczozgurozel\/status\/1829084355387633927?ref_src=twsrc%5Etfw\">August 29, 2024<\/a><\/blockquote><script async src=\"https:\/\/platform.twitter.com\/widgets.js\" charset=\"utf-8\"><\/script>\n<\/div><\/figure>\n\n\n\n<p><\/p>\n","protected":false},"excerpt":{"rendered":"<p>CHP Genel Ba\u015fkan\u0131 \u00d6zg\u00fcr \u00d6zel, Instagram yasa\u011f\u0131n\u0131 ele\u015ftirdi\u011fi sokak r\u00f6portaj\u0131 nedeniyle tutuklanan Dilruba Kayserilio\u011flu&#8217;nu Alia\u011fa Cezaevi&#8217;nde ziyaret etti. \u00d6zel, Instagram yasa\u011f\u0131n\u0131 ele\u015ftirdi\u011fi sokak r\u00f6portaj\u0131ndaki s\u00f6zleri nedeniyle tutuklanan Dilruba Kayserilio\u011flu&#8217;nu Alia\u011fa cezaevinde ziyaret etti. Ziyaretin ard\u0131ndan \u00d6zel Cezaevlerinin \u00f6n\u00fcnde haks\u0131zl\u0131k tutuklamalara kar\u015f\u0131 a\u00e7\u0131klamalar T\u00fcrkiye&#8217;nin hak etti\u011fi \u015feyler de\u011fil. Dilruba&#8217;n\u0131n tutuklulu\u011fu tamamen hukuksuz. Bir mikrofona s\u00f6ylenen s\u00f6zler [&hellip;]<\/p>\n","protected":false},"author":12791,"featured_media":154189,"comment_status":"closed","ping_status":"open","sticky":false,"template":"","format":"standard","meta":{"_yoast_wpseo_focuskw":"\u00d6zg\u00fcr \u00d6zel Sokak R\u00f6portaj\u0131 Nedeniyle Tutuklanan Dilruba'y\u0131 Ziyaret Etti","_yoast_wpseo_title":"","_yoast_wpseo_metadesc":"","_bbp_topic_count":0,"_bbp_reply_count":0,"_bbp_total_topic_count":0,"_bbp_total_reply_count":0,"_bbp_voice_count":0,"_bbp_anonymous_reply_count":0,"_bbp_topic_count_hidden":0,"_bbp_reply_count_hidden":0,"_bbp_forum_subforum_count":0,"footnotes":"","_yoast_wpseo_focuskw_text_input":""},"categories":[1,8226,37],"tags":[],"yoast_head":"<!-- This site is optimized with the Yoast SEO plugin v23.0 - https:\/\/yoast.com\/wordpress\/plugins\/seo\/ -->\n<title>\u00d6zg\u00fcr \u00d6zel, Sokak R\u00f6portaj\u0131 Nedeniyle Tutuklanan Dilruba&#039;y\u0131 Ziyaret Etti - The Epoch Times TR<\/title>\n<meta name=\"robots\" content=\"index, follow, max-snippet:-1, max-image-preview:large, max-video-preview:-1\" \/>\n<link rel=\"canonical\" href=\"https:\/\/epochtimestr.com\/index.php\/ozgur-ozel-sokak-roportaji-nedeniyle-tutuklanan-dilrubayi-ziyaret-etti\" \/>\n<meta property=\"og:locale\" content=\"tr_TR\" \/>\n<meta property=\"og:type\" content=\"article\" \/>\n<meta property=\"og:title\" content=\"\u00d6zg\u00fcr \u00d6zel, Sokak R\u00f6portaj\u0131 Nedeniyle Tutuklanan Dilruba&#039;y\u0131 Ziyaret Etti - The Epoch Times TR\" \/>\n<meta property=\"og:description\" content=\"CHP Genel Ba\u015fkan\u0131 \u00d6zg\u00fcr \u00d6zel, Instagram yasa\u011f\u0131n\u0131 ele\u015ftirdi\u011fi sokak r\u00f6portaj\u0131 nedeniyle tutuklanan Dilruba Kayserilio\u011flu&#8217;nu Alia\u011fa Cezaevi&#8217;nde ziyaret etti. \u00d6zel, Instagram yasa\u011f\u0131n\u0131 ele\u015ftirdi\u011fi sokak r\u00f6portaj\u0131ndaki s\u00f6zleri nedeniyle tutuklanan Dilruba Kayserilio\u011flu&#8217;nu Alia\u011fa cezaevinde ziyaret etti. Ziyaretin ard\u0131ndan \u00d6zel Cezaevlerinin \u00f6n\u00fcnde haks\u0131zl\u0131k tutuklamalara kar\u015f\u0131 a\u00e7\u0131klamalar T\u00fcrkiye&#8217;nin hak etti\u011fi \u015feyler de\u011fil. Dilruba&#8217;n\u0131n tutuklulu\u011fu tamamen hukuksuz. Bir mikrofona s\u00f6ylenen s\u00f6zler [&hellip;]\" \/>\n<meta property=\"og:url\" content=\"https:\/\/epochtimestr.com\/index.php\/ozgur-ozel-sokak-roportaji-nedeniyle-tutuklanan-dilrubayi-ziyaret-etti\" \/>\n<meta property=\"og:site_name\" content=\"The Epoch Times TR\" \/>\n<meta property=\"article:publisher\" content=\"https:\/\/www.facebook.com\/theepochtimestr\" \/>\n<meta property=\"article:published_time\" content=\"2024-08-29T21:37:04+00:00\" \/>\n<meta property=\"article:modified_time\" content=\"2024-08-29T21:37:05+00:00\" \/>\n<meta property=\"og:image\" content=\"https:\/\/epochtimestr.com\/wp-content\/uploads\/2011y\/ozgur-ozel-14.jpg\" \/>\n\t<meta property=\"og:image:width\" content=\"600\" \/>\n\t<meta property=\"og:image:height\" content=\"337\" \/>\n\t<meta property=\"og:image:type\" content=\"image\/jpeg\" \/>\n<meta name=\"author\" content=\"Haber Merkezi\" \/>\n<meta name=\"twitter:card\" content=\"summary_large_image\" \/>\n<meta name=\"twitter:creator\" content=\"@TheEpochTimesTR\" \/>\n<meta name=\"twitter:site\" content=\"@TheEpochTimesTR\" \/>\n<meta name=\"twitter:label1\" content=\"Yazan:\" \/>\n\t<meta name=\"twitter:data1\" content=\"Haber Merkezi\" \/>\n\t<meta name=\"twitter:label2\" content=\"Tahmini okuma s\u00fcresi\" \/>\n\t<meta name=\"twitter:data2\" content=\"6 dakika\" \/>\n<script type=\"application\/ld+json\" class=\"yoast-schema-graph\">{\"@context\":\"https:\/\/schema.org\",\"@graph\":[{\"@type\":\"Article\",\"@id\":\"https:\/\/epochtimestr.com\/index.php\/ozgur-ozel-sokak-roportaji-nedeniyle-tutuklanan-dilrubayi-ziyaret-etti#article\",\"isPartOf\":{\"@id\":\"https:\/\/epochtimestr.com\/index.php\/ozgur-ozel-sokak-roportaji-nedeniyle-tutuklanan-dilrubayi-ziyaret-etti\"},\"author\":{\"name\":\"Haber Merkezi\",\"@id\":\"https:\/\/epochtimestr.com\/#\/schema\/person\/3dc5c3adeb9f43923c5aa85889172fdd\"},\"headline\":\"\u00d6zg\u00fcr \u00d6zel, Sokak R\u00f6portaj\u0131 Nedeniyle Tutuklanan Dilruba&#8217;y\u0131 Ziyaret Etti\",\"datePublished\":\"2024-08-29T21:37:04+00:00\",\"dateModified\":\"2024-08-29T21:37:05+00:00\",\"mainEntityOfPage\":{\"@id\":\"https:\/\/epochtimestr.com\/index.php\/ozgur-ozel-sokak-roportaji-nedeniyle-tutuklanan-dilrubayi-ziyaret-etti\"},\"wordCount\":1165,\"publisher\":{\"@id\":\"https:\/\/epochtimestr.com\/#organization\"},\"image\":{\"@id\":\"https:\/\/epochtimestr.com\/index.php\/ozgur-ozel-sokak-roportaji-nedeniyle-tutuklanan-dilrubayi-ziyaret-etti#primaryimage\"},\"thumbnailUrl\":\"https:\/\/epochtimestr.com\/wp-content\/uploads\/2011y\/ozgur-ozel-14.jpg\",\"articleSection\":[\"G\u00dcNDEM\",\"Siyaset\",\"T\u00dcRK\u0130YE\"],\"inLanguage\":\"tr\"},{\"@type\":\"WebPage\",\"@id\":\"https:\/\/epochtimestr.com\/index.php\/ozgur-ozel-sokak-roportaji-nedeniyle-tutuklanan-dilrubayi-ziyaret-etti\",\"url\":\"https:\/\/epochtimestr.com\/index.php\/ozgur-ozel-sokak-roportaji-nedeniyle-tutuklanan-dilrubayi-ziyaret-etti\",\"name\":\"\u00d6zg\u00fcr \u00d6zel, Sokak R\u00f6portaj\u0131 Nedeniyle Tutuklanan Dilruba'y\u0131 Ziyaret Etti - The Epoch Times TR\",\"isPartOf\":{\"@id\":\"https:\/\/epochtimestr.com\/#website\"},\"primaryImageOfPage\":{\"@id\":\"https:\/\/epochtimestr.com\/index.php\/ozgur-ozel-sokak-roportaji-nedeniyle-tutuklanan-dilrubayi-ziyaret-etti#primaryimage\"},\"image\":{\"@id\":\"https:\/\/epochtimestr.com\/index.php\/ozgur-ozel-sokak-roportaji-nedeniyle-tutuklanan-dilrubayi-ziyaret-etti#primaryimage\"},\"thumbnailUrl\":\"https:\/\/epochtimestr.com\/wp-content\/uploads\/2011y\/ozgur-ozel-14.jpg\",\"datePublished\":\"2024-08-29T21:37:04+00:00\",\"dateModified\":\"2024-08-29T21:37:05+00:00\",\"inLanguage\":\"tr\",\"potentialAction\":[{\"@type\":\"ReadAction\",\"target\":[\"https:\/\/epochtimestr.com\/index.php\/ozgur-ozel-sokak-roportaji-nedeniyle-tutuklanan-dilrubayi-ziyaret-etti\"]}]},{\"@type\":\"ImageObject\",\"inLanguage\":\"tr\",\"@id\":\"https:\/\/epochtimestr.com\/index.php\/ozgur-ozel-sokak-roportaji-nedeniyle-tutuklanan-dilrubayi-ziyaret-etti#primaryimage\",\"url\":\"https:\/\/epochtimestr.com\/wp-content\/uploads\/2011y\/ozgur-ozel-14.jpg\",\"contentUrl\":\"https:\/\/epochtimestr.com\/wp-content\/uploads\/2011y\/ozgur-ozel-14.jpg\",\"width\":600,\"height\":337,\"caption\":\"Cumhuriyet Halk Partisi Genel Ba\u015fkan\u0131 \u00d6zg\u00fcr \u00d6zel, Fenerbah\u00e7e Spor Kul\u00fcb\u00fc Ba\u015fkan\u0131 Ali Y. Ko\u00e7 ve Y\u00f6netim Kurulu \u00dcyeleri ile CHP Genel Merkezi\u2019nde bir araya geldi. CHP lideri \u00d6zel\u2019e CHP Genel Sekreteri Selin Sayek B\u00f6ke ile Genel Ba\u015fkan Yard\u0131mc\u0131lar\u0131 Deniz Y\u00fccel, Sevgi K\u0131l\u0131\u00e7 ve G\u00fcl\u015fah Deniz Atalar e\u015flik etti.\"},{\"@type\":\"WebSite\",\"@id\":\"https:\/\/epochtimestr.com\/#website\",\"url\":\"https:\/\/epochtimestr.com\/\",\"name\":\"The Epoch Times TR\",\"description\":\"De\u011fi\u015fen D\u00fcnyam\u0131za Taze Bir Bak\u0131\u015f\",\"publisher\":{\"@id\":\"https:\/\/epochtimestr.com\/#organization\"},\"potentialAction\":[{\"@type\":\"SearchAction\",\"target\":{\"@type\":\"EntryPoint\",\"urlTemplate\":\"https:\/\/epochtimestr.com\/?s={search_term_string}\"},\"query-input\":\"required name=search_term_string\"}],\"inLanguage\":\"tr\"},{\"@type\":\"Organization\",\"@id\":\"https:\/\/epochtimestr.com\/#organization\",\"name\":\"The EpochTimes T\u00fcrkiye\",\"url\":\"https:\/\/epochtimestr.com\/\",\"logo\":{\"@type\":\"ImageObject\",\"inLanguage\":\"tr\",\"@id\":\"https:\/\/epochtimestr.com\/#\/schema\/logo\/image\/\",\"url\":\"https:\/\/epochtimestr.com\/wp-content\/uploads\/2011y\/ET-Logo-YG.jpg\",\"contentUrl\":\"https:\/\/epochtimestr.com\/wp-content\/uploads\/2011y\/ET-Logo-YG.jpg\",\"width\":346,\"height\":29,\"caption\":\"The EpochTimes T\u00fcrkiye\"},\"image\":{\"@id\":\"https:\/\/epochtimestr.com\/#\/schema\/logo\/image\/\"},\"sameAs\":[\"https:\/\/www.facebook.com\/theepochtimestr\",\"https:\/\/x.com\/TheEpochTimesTR\",\"https:\/\/www.instagram.com\/epochtimestr\"]},{\"@type\":\"Person\",\"@id\":\"https:\/\/epochtimestr.com\/#\/schema\/person\/3dc5c3adeb9f43923c5aa85889172fdd\",\"name\":\"Haber Merkezi\",\"image\":{\"@type\":\"ImageObject\",\"inLanguage\":\"tr\",\"@id\":\"https:\/\/epochtimestr.com\/#\/schema\/person\/image\/\",\"url\":\"https:\/\/secure.gravatar.com\/avatar\/d73f772ba5a74f28601361e17c2f93e6?s=96&d=mm&r=g\",\"contentUrl\":\"https:\/\/secure.gravatar.com\/avatar\/d73f772ba5a74f28601361e17c2f93e6?s=96&d=mm&r=g\",\"caption\":\"Haber Merkezi\"},\"url\":\"https:\/\/epochtimestr.com\/index.php\/author\/sendag\"}]}<\/script>\n<!-- \/ Yoast SEO plugin. -->","yoast_head_json":{"title":"\u00d6zg\u00fcr \u00d6zel, Sokak R\u00f6portaj\u0131 Nedeniyle Tutuklanan Dilruba'y\u0131 Ziyaret Etti - The Epoch Times TR","robots":{"index":"index","follow":"follow","max-snippet":"max-snippet:-1","max-image-preview":"max-image-preview:large","max-video-preview":"max-video-preview:-1"},"canonical":"https:\/\/epochtimestr.com\/index.php\/ozgur-ozel-sokak-roportaji-nedeniyle-tutuklanan-dilrubayi-ziyaret-etti","og_locale":"tr_TR","og_type":"article","og_title":"\u00d6zg\u00fcr \u00d6zel, Sokak R\u00f6portaj\u0131 Nedeniyle Tutuklanan Dilruba'y\u0131 Ziyaret Etti - The Epoch Times TR","og_description":"CHP Genel Ba\u015fkan\u0131 \u00d6zg\u00fcr \u00d6zel, Instagram yasa\u011f\u0131n\u0131 ele\u015ftirdi\u011fi sokak r\u00f6portaj\u0131 nedeniyle tutuklanan Dilruba Kayserilio\u011flu&#8217;nu Alia\u011fa Cezaevi&#8217;nde ziyaret etti. \u00d6zel, Instagram yasa\u011f\u0131n\u0131 ele\u015ftirdi\u011fi sokak r\u00f6portaj\u0131ndaki s\u00f6zleri nedeniyle tutuklanan Dilruba Kayserilio\u011flu&#8217;nu Alia\u011fa cezaevinde ziyaret etti. Ziyaretin ard\u0131ndan \u00d6zel Cezaevlerinin \u00f6n\u00fcnde haks\u0131zl\u0131k tutuklamalara kar\u015f\u0131 a\u00e7\u0131klamalar T\u00fcrkiye&#8217;nin hak etti\u011fi \u015feyler de\u011fil. Dilruba&#8217;n\u0131n tutuklulu\u011fu tamamen hukuksuz. Bir mikrofona s\u00f6ylenen s\u00f6zler [&hellip;]","og_url":"https:\/\/epochtimestr.com\/index.php\/ozgur-ozel-sokak-roportaji-nedeniyle-tutuklanan-dilrubayi-ziyaret-etti","og_site_name":"The Epoch Times TR","article_publisher":"https:\/\/www.facebook.com\/theepochtimestr","article_published_time":"2024-08-29T21:37:04+00:00","article_modified_time":"2024-08-29T21:37:05+00:00","og_image":[{"width":600,"height":337,"url":"https:\/\/epochtimestr.com\/wp-content\/uploads\/2011y\/ozgur-ozel-14.jpg","type":"image\/jpeg"}],"author":"Haber Merkezi","twitter_card":"summary_large_image","twitter_creator":"@TheEpochTimesTR","twitter_site":"@TheEpochTimesTR","twitter_misc":{"Yazan:":"Haber Merkezi","Tahmini okuma s\u00fcresi":"6 dakika"},"schema":{"@context":"https:\/\/schema.org","@graph":[{"@type":"Article","@id":"https:\/\/epochtimestr.com\/index.php\/ozgur-ozel-sokak-roportaji-nedeniyle-tutuklanan-dilrubayi-ziyaret-etti#article","isPartOf":{"@id":"https:\/\/epochtimestr.com\/index.php\/ozgur-ozel-sokak-roportaji-nedeniyle-tutuklanan-dilrubayi-ziyaret-etti"},"author":{"name":"Haber Merkezi","@id":"https:\/\/epochtimestr.com\/#\/schema\/person\/3dc5c3adeb9f43923c5aa85889172fdd"},"headline":"\u00d6zg\u00fcr \u00d6zel, Sokak R\u00f6portaj\u0131 Nedeniyle Tutuklanan Dilruba&#8217;y\u0131 Ziyaret Etti","datePublished":"2024-08-29T21:37:04+00:00","dateModified":"2024-08-29T21:37:05+00:00","mainEntityOfPage":{"@id":"https:\/\/epochtimestr.com\/index.php\/ozgur-ozel-sokak-roportaji-nedeniyle-tutuklanan-dilrubayi-ziyaret-etti"},"wordCount":1165,"publisher":{"@id":"https:\/\/epochtimestr.com\/#organization"},"image":{"@id":"https:\/\/epochtimestr.com\/index.php\/ozgur-ozel-sokak-roportaji-nedeniyle-tutuklanan-dilrubayi-ziyaret-etti#primaryimage"},"thumbnailUrl":"https:\/\/epochtimestr.com\/wp-content\/uploads\/2011y\/ozgur-ozel-14.jpg","articleSection":["G\u00dcNDEM","Siyaset","T\u00dcRK\u0130YE"],"inLanguage":"tr"},{"@type":"WebPage","@id":"https:\/\/epochtimestr.com\/index.php\/ozgur-ozel-sokak-roportaji-nedeniyle-tutuklanan-dilrubayi-ziyaret-etti","url":"https:\/\/epochtimestr.com\/index.php\/ozgur-ozel-sokak-roportaji-nedeniyle-tutuklanan-dilrubayi-ziyaret-etti","name":"\u00d6zg\u00fcr \u00d6zel, Sokak R\u00f6portaj\u0131 Nedeniyle Tutuklanan Dilruba'y\u0131 Ziyaret Etti - The Epoch Times TR","isPartOf":{"@id":"https:\/\/epochtimestr.com\/#website"},"primaryImageOfPage":{"@id":"https:\/\/epochtimestr.com\/index.php\/ozgur-ozel-sokak-roportaji-nedeniyle-tutuklanan-dilrubayi-ziyaret-etti#primaryimage"},"image":{"@id":"https:\/\/epochtimestr.com\/index.php\/ozgur-ozel-sokak-roportaji-nedeniyle-tutuklanan-dilrubayi-ziyaret-etti#primaryimage"},"thumbnailUrl":"https:\/\/epochtimestr.com\/wp-content\/uploads\/2011y\/ozgur-ozel-14.jpg","datePublished":"2024-08-29T21:37:04+00:00","dateModified":"2024-08-29T21:37:05+00:00","inLanguage":"tr","potentialAction":[{"@type":"ReadAction","target":["https:\/\/epochtimestr.com\/index.php\/ozgur-ozel-sokak-roportaji-nedeniyle-tutuklanan-dilrubayi-ziyaret-etti"]}]},{"@type":"ImageObject","inLanguage":"tr","@id":"https:\/\/epochtimestr.com\/index.php\/ozgur-ozel-sokak-roportaji-nedeniyle-tutuklanan-dilrubayi-ziyaret-etti#primaryimage","url":"https:\/\/epochtimestr.com\/wp-content\/uploads\/2011y\/ozgur-ozel-14.jpg","contentUrl":"https:\/\/epochtimestr.com\/wp-content\/uploads\/2011y\/ozgur-ozel-14.jpg","width":600,"height":337,"caption":"Cumhuriyet Halk Partisi Genel Ba\u015fkan\u0131 \u00d6zg\u00fcr \u00d6zel, Fenerbah\u00e7e Spor Kul\u00fcb\u00fc Ba\u015fkan\u0131 Ali Y. Ko\u00e7 ve Y\u00f6netim Kurulu \u00dcyeleri ile CHP Genel Merkezi\u2019nde bir araya geldi. CHP lideri \u00d6zel\u2019e CHP Genel Sekreteri Selin Sayek B\u00f6ke ile Genel Ba\u015fkan Yard\u0131mc\u0131lar\u0131 Deniz Y\u00fccel, Sevgi K\u0131l\u0131\u00e7 ve G\u00fcl\u015fah Deniz Atalar e\u015flik etti."},{"@type":"WebSite","@id":"https:\/\/epochtimestr.com\/#website","url":"https:\/\/epochtimestr.com\/","name":"The Epoch Times TR","description":"De\u011fi\u015fen D\u00fcnyam\u0131za Taze Bir Bak\u0131\u015f","publisher":{"@id":"https:\/\/epochtimestr.com\/#organization"},"potentialAction":[{"@type":"SearchAction","target":{"@type":"EntryPoint","urlTemplate":"https:\/\/epochtimestr.com\/?s={search_term_string}"},"query-input":"required name=search_term_string"}],"inLanguage":"tr"},{"@type":"Organization","@id":"https:\/\/epochtimestr.com\/#organization","name":"The EpochTimes T\u00fcrkiye","url":"https:\/\/epochtimestr.com\/","logo":{"@type":"ImageObject","inLanguage":"tr","@id":"https:\/\/epochtimestr.com\/#\/schema\/logo\/image\/","url":"https:\/\/epochtimestr.com\/wp-content\/uploads\/2011y\/ET-Logo-YG.jpg","contentUrl":"https:\/\/epochtimestr.com\/wp-content\/uploads\/2011y\/ET-Logo-YG.jpg","width":346,"height":29,"caption":"The EpochTimes T\u00fcrkiye"},"image":{"@id":"https:\/\/epochtimestr.com\/#\/schema\/logo\/image\/"},"sameAs":["https:\/\/www.facebook.com\/theepochtimestr","https:\/\/x.com\/TheEpochTimesTR","https:\/\/www.instagram.com\/epochtimestr"]},{"@type":"Person","@id":"https:\/\/epochtimestr.com\/#\/schema\/person\/3dc5c3adeb9f43923c5aa85889172fdd","name":"Haber Merkezi","image":{"@type":"ImageObject","inLanguage":"tr","@id":"https:\/\/epochtimestr.com\/#\/schema\/person\/image\/","url":"https:\/\/secure.gravatar.com\/avatar\/d73f772ba5a74f28601361e17c2f93e6?s=96&d=mm&r=g","contentUrl":"https:\/\/secure.gravatar.com\/avatar\/d73f772ba5a74f28601361e17c2f93e6?s=96&d=mm&r=g","caption":"Haber Merkezi"},"url":"https:\/\/epochtimestr.com\/index.php\/author\/sendag"}]}},"_links":{"self":[{"href":"https:\/\/epochtimestr.com\/index.php\/wp-json\/wp\/v2\/posts\/154188"}],"collection":[{"href":"https:\/\/epochtimestr.com\/index.php\/wp-json\/wp\/v2\/posts"}],"about":[{"href":"https:\/\/epochtimestr.com\/index.php\/wp-json\/wp\/v2\/types\/post"}],"author":[{"embeddable":true,"href":"https:\/\/epochtimestr.com\/index.php\/wp-json\/wp\/v2\/users\/12791"}],"replies":[{"embeddable":true,"href":"https:\/\/epochtimestr.com\/index.php\/wp-json\/wp\/v2\/comments?post=154188"}],"version-history":[{"count":1,"href":"https:\/\/epochtimestr.com\/index.php\/wp-json\/wp\/v2\/posts\/154188\/revisions"}],"predecessor-version":[{"id":154190,"href":"https:\/\/epochtimestr.com\/index.php\/wp-json\/wp\/v2\/posts\/154188\/revisions\/154190"}],"wp:featuredmedia":[{"embeddable":true,"href":"https:\/\/epochtimestr.com\/index.php\/wp-json\/wp\/v2\/media\/154189"}],"wp:attachment":[{"href":"https:\/\/epochtimestr.com\/index.php\/wp-json\/wp\/v2\/media?parent=154188"}],"wp:term":[{"taxonomy":"category","embeddable":true,"href":"https:\/\/epochtimestr.com\/index.php\/wp-json\/wp\/v2\/categories?post=154188"},{"taxonomy":"post_tag","embeddable":true,"href":"https:\/\/epochtimestr.com\/index.php\/wp-json\/wp\/v2\/tags?post=154188"}],"curies":[{"name":"wp","href":"https:\/\/api.w.org\/{rel}","templated":true}]}}