{"id":154191,"date":"2024-08-30T00:39:06","date_gmt":"2024-08-29T21:39:06","guid":{"rendered":"https:\/\/epochtimestr.com\/?p=154191"},"modified":"2024-08-30T00:39:08","modified_gmt":"2024-08-29T21:39:08","slug":"tuik-hizmet-uretici-fiyat-endeksi-yillik-yuzde-6177-aylik-yuzde-4-artti","status":"publish","type":"post","link":"https:\/\/epochtimestr.com\/index.php\/tuik-hizmet-uretici-fiyat-endeksi-yillik-yuzde-6177-aylik-yuzde-4-artti","title":{"rendered":"T\u00dc\u0130K: Hizmet \u00dcretici Fiyat Endeksi Y\u0131ll\u0131k Y\u00fczde 61,77, Ayl\u0131k Y\u00fczde 4 Artt\u0131"},"content":{"rendered":"<div class=\"wp-block-image\">\n<figure class=\"aligncenter size-full\"><img loading=\"lazy\" decoding=\"async\" width=\"640\" height=\"427\" src=\"https:\/\/epochtimestr.com\/wp-content\/uploads\/2011y\/tuik-hizmet-uretimi.jpg\" alt=\"\" class=\"wp-image-154192\" srcset=\"https:\/\/epochtimestr.com\/wp-content\/uploads\/2011y\/tuik-hizmet-uretimi.jpg 640w, https:\/\/epochtimestr.com\/wp-content\/uploads\/2011y\/tuik-hizmet-uretimi-300x200.jpg 300w, https:\/\/epochtimestr.com\/wp-content\/uploads\/2011y\/tuik-hizmet-uretimi-150x100.jpg 150w\" sizes=\"(max-width: 640px) 100vw, 640px\" \/><\/figure><\/div>\n\n\n<h2 class=\"wp-block-heading\">T\u00dc\u0130K verilerine g\u00f6re, Hizmet \u00dcretici Fiyat Endeksi Temmuz&#8217;da y\u0131ll\u0131k y\u00fczde 61,77 artt\u0131, ayl\u0131k y\u00fczde 4 artt\u0131. Veri 2021 y\u0131l\u0131 Aral\u0131k ay\u0131ndan beri en d\u00fc\u015f\u00fck seviye olarak kaydedildi.<\/h2>\n\n\n\n<p>T\u00dc\u0130K&#8217;in Hizmet \u00dcretici Fiyat Endeksi, Temmuz 2024 verilerine g\u00f6re, \u00fcretici hizmetleri fiyat art\u0131\u015f\u0131 h\u0131z\u0131 geriledi.<\/p>\n\n\n\n<p>\u00dcretici hizmet fiyat art\u0131\u015f\u0131 2024 y\u0131l\u0131 Temmuz ay\u0131nda bir \u00f6nceki aya g\u00f6re y\u00fczde 4 art\u0131\u015f, bir \u00f6nceki y\u0131l\u0131n Aral\u0131k ay\u0131na g\u00f6re y\u00fczde 43,48 art\u0131\u015f, bir \u00f6nceki y\u0131l\u0131n ayn\u0131 ay\u0131na g\u00f6re y\u00fczde 61,77 art\u0131\u015f ve on iki ayl\u0131k ortalamalara g\u00f6re y\u00fczde 79,05 art\u0131\u015f g\u00f6sterdi.<\/p>\n\n\n\n<p>B\u00f6ylelikle \u00fcretici hizmet fiyat endeksi Aral\u0131k 2021&#8217;den beri en d\u00fc\u015f\u00fck seviyeye geriledi.<\/p>\n\n\n\n<p>Ula\u015ft\u0131rma ve depolama hizmetlerinde y\u0131ll\u0131k y\u00fczde 56,51 artt\u0131<br \/>Bir \u00f6nceki y\u0131l\u0131n ayn\u0131 ay\u0131na g\u00f6re, ula\u015ft\u0131rma ve depolama hizmetlerinde y\u00fczde 56,51 art\u0131\u015f, konaklama ve yiyecek hizmetlerinde y\u00fczde 66,34 art\u0131\u015f, bilgi ve ileti\u015fim hizmetlerinde y\u00fczde 65,46 art\u0131\u015f, gayrimenkul hizmetlerinde y\u00fczde 59,35 art\u0131\u015f, mesleki, bilimsel ve teknik hizmetlerde y\u00fczde 77,10 art\u0131\u015f, idari ve destek hizmetlerde y\u00fczde 59,37 art\u0131\u015f ger\u00e7ekle\u015fti.<br \/>H-\u00dcFE ula\u015ft\u0131rma ve depolama hizmetlerinde ayl\u0131k y\u00fczde 2,46 artt\u0131<\/p>\n\n\n\n<p>Bir \u00f6nceki aya g\u00f6re, ula\u015ft\u0131rma ve depolama hizmetlerinde y\u00fczde 2,46 art\u0131\u015f, konaklama ve yiyecek hizmetlerinde y\u00fczde 6,33 art\u0131\u015f, bilgi ve ileti\u015fim hizmetlerinde y\u00fczde 0,97 art\u0131\u015f, gayrimenkul hizmetlerinde y\u00fczde 2,28 art\u0131\u015f, mesleki, bilimsel ve teknik hizmetlerde y\u00fczde 9,78 art\u0131\u015f, idari ve destek hizmetlerde y\u00fczde 3,85 art\u0131\u015f ger\u00e7ekle\u015fti.<\/p>\n\n\n\n<figure class=\"wp-block-embed is-type-rich is-provider-twitter wp-block-embed-twitter\"><div class=\"wp-block-embed__wrapper\">\n<blockquote class=\"twitter-tweet\" data-width=\"550\" data-dnt=\"true\"><p lang=\"tr\" dir=\"ltr\">Hizmet \u00dcretici Fiyat Endeksi, Temmuz 2024<br><br>Hizmet \u00dcretici Fiyat Endeksi (H-\u00dcFE) y\u0131ll\u0131k %61,77 artt\u0131, ayl\u0131k %4,00 artt\u0131<br><br>Detaylar i\u00e7in web sitemizi ziyaret edebilirsiniz.\ud83d\udd0e<br>\u21aa\ufe0f <a href=\"https:\/\/t.co\/aHkj2wTniK\">https:\/\/t.co\/aHkj2wTniK<\/a> <a href=\"https:\/\/t.co\/Tr94lvbg0Z\">pic.twitter.com\/Tr94lvbg0Z<\/a><\/p>&mdash; tuik.gov.tr (@tuikbilgi) <a href=\"https:\/\/twitter.com\/tuikbilgi\/status\/1829058561474769234?ref_src=twsrc%5Etfw\">August 29, 2024<\/a><\/blockquote><script async src=\"https:\/\/platform.twitter.com\/widgets.js\" charset=\"utf-8\"><\/script>\n<\/div><\/figure>\n","protected":false},"excerpt":{"rendered":"<p>T\u00dc\u0130K verilerine g\u00f6re, Hizmet \u00dcretici Fiyat Endeksi Temmuz&#8217;da y\u0131ll\u0131k y\u00fczde 61,77 artt\u0131, ayl\u0131k y\u00fczde 4 artt\u0131. Veri 2021 y\u0131l\u0131 Aral\u0131k ay\u0131ndan beri en d\u00fc\u015f\u00fck seviye olarak kaydedildi. T\u00dc\u0130K&#8217;in Hizmet \u00dcretici Fiyat Endeksi, Temmuz 2024 verilerine g\u00f6re, \u00fcretici hizmetleri fiyat art\u0131\u015f\u0131 h\u0131z\u0131 geriledi. \u00dcretici hizmet fiyat art\u0131\u015f\u0131 2024 y\u0131l\u0131 Temmuz ay\u0131nda bir \u00f6nceki aya g\u00f6re y\u00fczde [&hellip;]<\/p>\n","protected":false},"author":12791,"featured_media":154192,"comment_status":"closed","ping_status":"open","sticky":false,"template":"","format":"standard","meta":{"_yoast_wpseo_focuskw":"T\u00dc\u0130K: Hizmet \u00dcretici Fiyat Endeksi Y\u0131ll\u0131k Y\u00fczde 61,77, Ayl\u0131k Y\u00fczde 4 Artt\u0131","_yoast_wpseo_title":"","_yoast_wpseo_metadesc":"","_bbp_topic_count":0,"_bbp_reply_count":0,"_bbp_total_topic_count":0,"_bbp_total_reply_count":0,"_bbp_voice_count":0,"_bbp_anonymous_reply_count":0,"_bbp_topic_count_hidden":0,"_bbp_reply_count_hidden":0,"_bbp_forum_subforum_count":0,"footnotes":"","_yoast_wpseo_focuskw_text_input":""},"categories":[8225,1,8138,37],"tags":[],"yoast_head":"<!-- This site is optimized with the Yoast SEO plugin v23.0 - https:\/\/yoast.com\/wordpress\/plugins\/seo\/ -->\n<title>T\u00dc\u0130K: Hizmet \u00dcretici Fiyat Endeksi Y\u0131ll\u0131k Y\u00fczde 61,77, Ayl\u0131k Y\u00fczde 4 Artt\u0131 - The Epoch Times TR<\/title>\n<meta name=\"robots\" content=\"index, follow, max-snippet:-1, max-image-preview:large, max-video-preview:-1\" \/>\n<link rel=\"canonical\" href=\"https:\/\/epochtimestr.com\/index.php\/tuik-hizmet-uretici-fiyat-endeksi-yillik-yuzde-6177-aylik-yuzde-4-artti\" \/>\n<meta property=\"og:locale\" content=\"tr_TR\" \/>\n<meta property=\"og:type\" content=\"article\" \/>\n<meta property=\"og:title\" content=\"T\u00dc\u0130K: Hizmet \u00dcretici Fiyat Endeksi Y\u0131ll\u0131k Y\u00fczde 61,77, Ayl\u0131k Y\u00fczde 4 Artt\u0131 - The Epoch Times TR\" \/>\n<meta property=\"og:description\" content=\"T\u00dc\u0130K verilerine g\u00f6re, Hizmet \u00dcretici Fiyat Endeksi Temmuz&#8217;da y\u0131ll\u0131k y\u00fczde 61,77 artt\u0131, ayl\u0131k y\u00fczde 4 artt\u0131. Veri 2021 y\u0131l\u0131 Aral\u0131k ay\u0131ndan beri en d\u00fc\u015f\u00fck seviye olarak kaydedildi. T\u00dc\u0130K&#8217;in Hizmet \u00dcretici Fiyat Endeksi, Temmuz 2024 verilerine g\u00f6re, \u00fcretici hizmetleri fiyat art\u0131\u015f\u0131 h\u0131z\u0131 geriledi. \u00dcretici hizmet fiyat art\u0131\u015f\u0131 2024 y\u0131l\u0131 Temmuz ay\u0131nda bir \u00f6nceki aya g\u00f6re y\u00fczde [&hellip;]\" \/>\n<meta property=\"og:url\" content=\"https:\/\/epochtimestr.com\/index.php\/tuik-hizmet-uretici-fiyat-endeksi-yillik-yuzde-6177-aylik-yuzde-4-artti\" \/>\n<meta property=\"og:site_name\" content=\"The Epoch Times TR\" \/>\n<meta property=\"article:publisher\" content=\"https:\/\/www.facebook.com\/theepochtimestr\" \/>\n<meta property=\"article:published_time\" content=\"2024-08-29T21:39:06+00:00\" \/>\n<meta property=\"article:modified_time\" content=\"2024-08-29T21:39:08+00:00\" \/>\n<meta property=\"og:image\" content=\"https:\/\/epochtimestr.com\/wp-content\/uploads\/2011y\/tuik-hizmet-uretimi.jpg\" \/>\n\t<meta property=\"og:image:width\" content=\"640\" \/>\n\t<meta property=\"og:image:height\" content=\"427\" \/>\n\t<meta property=\"og:image:type\" content=\"image\/jpeg\" \/>\n<meta name=\"author\" content=\"Haber Merkezi\" \/>\n<meta name=\"twitter:card\" content=\"summary_large_image\" \/>\n<meta name=\"twitter:creator\" content=\"@TheEpochTimesTR\" \/>\n<meta name=\"twitter:site\" content=\"@TheEpochTimesTR\" \/>\n<meta name=\"twitter:label1\" content=\"Yazan:\" \/>\n\t<meta name=\"twitter:data1\" content=\"Haber Merkezi\" \/>\n\t<meta name=\"twitter:label2\" content=\"Tahmini okuma s\u00fcresi\" \/>\n\t<meta name=\"twitter:data2\" content=\"2 dakika\" \/>\n<script type=\"application\/ld+json\" class=\"yoast-schema-graph\">{\"@context\":\"https:\/\/schema.org\",\"@graph\":[{\"@type\":\"Article\",\"@id\":\"https:\/\/epochtimestr.com\/index.php\/tuik-hizmet-uretici-fiyat-endeksi-yillik-yuzde-6177-aylik-yuzde-4-artti#article\",\"isPartOf\":{\"@id\":\"https:\/\/epochtimestr.com\/index.php\/tuik-hizmet-uretici-fiyat-endeksi-yillik-yuzde-6177-aylik-yuzde-4-artti\"},\"author\":{\"name\":\"Haber Merkezi\",\"@id\":\"https:\/\/epochtimestr.com\/#\/schema\/person\/3dc5c3adeb9f43923c5aa85889172fdd\"},\"headline\":\"T\u00dc\u0130K: Hizmet \u00dcretici Fiyat Endeksi Y\u0131ll\u0131k Y\u00fczde 61,77, Ayl\u0131k Y\u00fczde 4 Artt\u0131\",\"datePublished\":\"2024-08-29T21:39:06+00:00\",\"dateModified\":\"2024-08-29T21:39:08+00:00\",\"mainEntityOfPage\":{\"@id\":\"https:\/\/epochtimestr.com\/index.php\/tuik-hizmet-uretici-fiyat-endeksi-yillik-yuzde-6177-aylik-yuzde-4-artti\"},\"wordCount\":279,\"publisher\":{\"@id\":\"https:\/\/epochtimestr.com\/#organization\"},\"image\":{\"@id\":\"https:\/\/epochtimestr.com\/index.php\/tuik-hizmet-uretici-fiyat-endeksi-yillik-yuzde-6177-aylik-yuzde-4-artti#primaryimage\"},\"thumbnailUrl\":\"https:\/\/epochtimestr.com\/wp-content\/uploads\/2011y\/tuik-hizmet-uretimi.jpg\",\"articleSection\":[\"Ekonomi\",\"G\u00dcNDEM\",\"MAN\u015eET\",\"T\u00dcRK\u0130YE\"],\"inLanguage\":\"tr\"},{\"@type\":\"WebPage\",\"@id\":\"https:\/\/epochtimestr.com\/index.php\/tuik-hizmet-uretici-fiyat-endeksi-yillik-yuzde-6177-aylik-yuzde-4-artti\",\"url\":\"https:\/\/epochtimestr.com\/index.php\/tuik-hizmet-uretici-fiyat-endeksi-yillik-yuzde-6177-aylik-yuzde-4-artti\",\"name\":\"T\u00dc\u0130K: Hizmet \u00dcretici Fiyat Endeksi Y\u0131ll\u0131k Y\u00fczde 61,77, Ayl\u0131k Y\u00fczde 4 Artt\u0131 - The Epoch Times TR\",\"isPartOf\":{\"@id\":\"https:\/\/epochtimestr.com\/#website\"},\"primaryImageOfPage\":{\"@id\":\"https:\/\/epochtimestr.com\/index.php\/tuik-hizmet-uretici-fiyat-endeksi-yillik-yuzde-6177-aylik-yuzde-4-artti#primaryimage\"},\"image\":{\"@id\":\"https:\/\/epochtimestr.com\/index.php\/tuik-hizmet-uretici-fiyat-endeksi-yillik-yuzde-6177-aylik-yuzde-4-artti#primaryimage\"},\"thumbnailUrl\":\"https:\/\/epochtimestr.com\/wp-content\/uploads\/2011y\/tuik-hizmet-uretimi.jpg\",\"datePublished\":\"2024-08-29T21:39:06+00:00\",\"dateModified\":\"2024-08-29T21:39:08+00:00\",\"inLanguage\":\"tr\",\"potentialAction\":[{\"@type\":\"ReadAction\",\"target\":[\"https:\/\/epochtimestr.com\/index.php\/tuik-hizmet-uretici-fiyat-endeksi-yillik-yuzde-6177-aylik-yuzde-4-artti\"]}]},{\"@type\":\"ImageObject\",\"inLanguage\":\"tr\",\"@id\":\"https:\/\/epochtimestr.com\/index.php\/tuik-hizmet-uretici-fiyat-endeksi-yillik-yuzde-6177-aylik-yuzde-4-artti#primaryimage\",\"url\":\"https:\/\/epochtimestr.com\/wp-content\/uploads\/2011y\/tuik-hizmet-uretimi.jpg\",\"contentUrl\":\"https:\/\/epochtimestr.com\/wp-content\/uploads\/2011y\/tuik-hizmet-uretimi.jpg\",\"width\":640,\"height\":427},{\"@type\":\"WebSite\",\"@id\":\"https:\/\/epochtimestr.com\/#website\",\"url\":\"https:\/\/epochtimestr.com\/\",\"name\":\"The Epoch Times TR\",\"description\":\"De\u011fi\u015fen D\u00fcnyam\u0131za Taze Bir Bak\u0131\u015f\",\"publisher\":{\"@id\":\"https:\/\/epochtimestr.com\/#organization\"},\"potentialAction\":[{\"@type\":\"SearchAction\",\"target\":{\"@type\":\"EntryPoint\",\"urlTemplate\":\"https:\/\/epochtimestr.com\/?s={search_term_string}\"},\"query-input\":\"required name=search_term_string\"}],\"inLanguage\":\"tr\"},{\"@type\":\"Organization\",\"@id\":\"https:\/\/epochtimestr.com\/#organization\",\"name\":\"The EpochTimes T\u00fcrkiye\",\"url\":\"https:\/\/epochtimestr.com\/\",\"logo\":{\"@type\":\"ImageObject\",\"inLanguage\":\"tr\",\"@id\":\"https:\/\/epochtimestr.com\/#\/schema\/logo\/image\/\",\"url\":\"https:\/\/epochtimestr.com\/wp-content\/uploads\/2011y\/ET-Logo-YG.jpg\",\"contentUrl\":\"https:\/\/epochtimestr.com\/wp-content\/uploads\/2011y\/ET-Logo-YG.jpg\",\"width\":346,\"height\":29,\"caption\":\"The EpochTimes T\u00fcrkiye\"},\"image\":{\"@id\":\"https:\/\/epochtimestr.com\/#\/schema\/logo\/image\/\"},\"sameAs\":[\"https:\/\/www.facebook.com\/theepochtimestr\",\"https:\/\/x.com\/TheEpochTimesTR\",\"https:\/\/www.instagram.com\/epochtimestr\"]},{\"@type\":\"Person\",\"@id\":\"https:\/\/epochtimestr.com\/#\/schema\/person\/3dc5c3adeb9f43923c5aa85889172fdd\",\"name\":\"Haber Merkezi\",\"image\":{\"@type\":\"ImageObject\",\"inLanguage\":\"tr\",\"@id\":\"https:\/\/epochtimestr.com\/#\/schema\/person\/image\/\",\"url\":\"https:\/\/secure.gravatar.com\/avatar\/d73f772ba5a74f28601361e17c2f93e6?s=96&d=mm&r=g\",\"contentUrl\":\"https:\/\/secure.gravatar.com\/avatar\/d73f772ba5a74f28601361e17c2f93e6?s=96&d=mm&r=g\",\"caption\":\"Haber Merkezi\"},\"url\":\"https:\/\/epochtimestr.com\/index.php\/author\/sendag\"}]}<\/script>\n<!-- \/ Yoast SEO plugin. -->","yoast_head_json":{"title":"T\u00dc\u0130K: Hizmet \u00dcretici Fiyat Endeksi Y\u0131ll\u0131k Y\u00fczde 61,77, Ayl\u0131k Y\u00fczde 4 Artt\u0131 - The Epoch Times TR","robots":{"index":"index","follow":"follow","max-snippet":"max-snippet:-1","max-image-preview":"max-image-preview:large","max-video-preview":"max-video-preview:-1"},"canonical":"https:\/\/epochtimestr.com\/index.php\/tuik-hizmet-uretici-fiyat-endeksi-yillik-yuzde-6177-aylik-yuzde-4-artti","og_locale":"tr_TR","og_type":"article","og_title":"T\u00dc\u0130K: Hizmet \u00dcretici Fiyat Endeksi Y\u0131ll\u0131k Y\u00fczde 61,77, Ayl\u0131k Y\u00fczde 4 Artt\u0131 - The Epoch Times TR","og_description":"T\u00dc\u0130K verilerine g\u00f6re, Hizmet \u00dcretici Fiyat Endeksi Temmuz&#8217;da y\u0131ll\u0131k y\u00fczde 61,77 artt\u0131, ayl\u0131k y\u00fczde 4 artt\u0131. Veri 2021 y\u0131l\u0131 Aral\u0131k ay\u0131ndan beri en d\u00fc\u015f\u00fck seviye olarak kaydedildi. T\u00dc\u0130K&#8217;in Hizmet \u00dcretici Fiyat Endeksi, Temmuz 2024 verilerine g\u00f6re, \u00fcretici hizmetleri fiyat art\u0131\u015f\u0131 h\u0131z\u0131 geriledi. \u00dcretici hizmet fiyat art\u0131\u015f\u0131 2024 y\u0131l\u0131 Temmuz ay\u0131nda bir \u00f6nceki aya g\u00f6re y\u00fczde [&hellip;]","og_url":"https:\/\/epochtimestr.com\/index.php\/tuik-hizmet-uretici-fiyat-endeksi-yillik-yuzde-6177-aylik-yuzde-4-artti","og_site_name":"The Epoch Times TR","article_publisher":"https:\/\/www.facebook.com\/theepochtimestr","article_published_time":"2024-08-29T21:39:06+00:00","article_modified_time":"2024-08-29T21:39:08+00:00","og_image":[{"width":640,"height":427,"url":"https:\/\/epochtimestr.com\/wp-content\/uploads\/2011y\/tuik-hizmet-uretimi.jpg","type":"image\/jpeg"}],"author":"Haber Merkezi","twitter_card":"summary_large_image","twitter_creator":"@TheEpochTimesTR","twitter_site":"@TheEpochTimesTR","twitter_misc":{"Yazan:":"Haber Merkezi","Tahmini okuma s\u00fcresi":"2 dakika"},"schema":{"@context":"https:\/\/schema.org","@graph":[{"@type":"Article","@id":"https:\/\/epochtimestr.com\/index.php\/tuik-hizmet-uretici-fiyat-endeksi-yillik-yuzde-6177-aylik-yuzde-4-artti#article","isPartOf":{"@id":"https:\/\/epochtimestr.com\/index.php\/tuik-hizmet-uretici-fiyat-endeksi-yillik-yuzde-6177-aylik-yuzde-4-artti"},"author":{"name":"Haber Merkezi","@id":"https:\/\/epochtimestr.com\/#\/schema\/person\/3dc5c3adeb9f43923c5aa85889172fdd"},"headline":"T\u00dc\u0130K: Hizmet \u00dcretici Fiyat Endeksi Y\u0131ll\u0131k Y\u00fczde 61,77, Ayl\u0131k Y\u00fczde 4 Artt\u0131","datePublished":"2024-08-29T21:39:06+00:00","dateModified":"2024-08-29T21:39:08+00:00","mainEntityOfPage":{"@id":"https:\/\/epochtimestr.com\/index.php\/tuik-hizmet-uretici-fiyat-endeksi-yillik-yuzde-6177-aylik-yuzde-4-artti"},"wordCount":279,"publisher":{"@id":"https:\/\/epochtimestr.com\/#organization"},"image":{"@id":"https:\/\/epochtimestr.com\/index.php\/tuik-hizmet-uretici-fiyat-endeksi-yillik-yuzde-6177-aylik-yuzde-4-artti#primaryimage"},"thumbnailUrl":"https:\/\/epochtimestr.com\/wp-content\/uploads\/2011y\/tuik-hizmet-uretimi.jpg","articleSection":["Ekonomi","G\u00dcNDEM","MAN\u015eET","T\u00dcRK\u0130YE"],"inLanguage":"tr"},{"@type":"WebPage","@id":"https:\/\/epochtimestr.com\/index.php\/tuik-hizmet-uretici-fiyat-endeksi-yillik-yuzde-6177-aylik-yuzde-4-artti","url":"https:\/\/epochtimestr.com\/index.php\/tuik-hizmet-uretici-fiyat-endeksi-yillik-yuzde-6177-aylik-yuzde-4-artti","name":"T\u00dc\u0130K: Hizmet \u00dcretici Fiyat Endeksi Y\u0131ll\u0131k Y\u00fczde 61,77, Ayl\u0131k Y\u00fczde 4 Artt\u0131 - The Epoch Times TR","isPartOf":{"@id":"https:\/\/epochtimestr.com\/#website"},"primaryImageOfPage":{"@id":"https:\/\/epochtimestr.com\/index.php\/tuik-hizmet-uretici-fiyat-endeksi-yillik-yuzde-6177-aylik-yuzde-4-artti#primaryimage"},"image":{"@id":"https:\/\/epochtimestr.com\/index.php\/tuik-hizmet-uretici-fiyat-endeksi-yillik-yuzde-6177-aylik-yuzde-4-artti#primaryimage"},"thumbnailUrl":"https:\/\/epochtimestr.com\/wp-content\/uploads\/2011y\/tuik-hizmet-uretimi.jpg","datePublished":"2024-08-29T21:39:06+00:00","dateModified":"2024-08-29T21:39:08+00:00","inLanguage":"tr","potentialAction":[{"@type":"ReadAction","target":["https:\/\/epochtimestr.com\/index.php\/tuik-hizmet-uretici-fiyat-endeksi-yillik-yuzde-6177-aylik-yuzde-4-artti"]}]},{"@type":"ImageObject","inLanguage":"tr","@id":"https:\/\/epochtimestr.com\/index.php\/tuik-hizmet-uretici-fiyat-endeksi-yillik-yuzde-6177-aylik-yuzde-4-artti#primaryimage","url":"https:\/\/epochtimestr.com\/wp-content\/uploads\/2011y\/tuik-hizmet-uretimi.jpg","contentUrl":"https:\/\/epochtimestr.com\/wp-content\/uploads\/2011y\/tuik-hizmet-uretimi.jpg","width":640,"height":427},{"@type":"WebSite","@id":"https:\/\/epochtimestr.com\/#website","url":"https:\/\/epochtimestr.com\/","name":"The Epoch Times TR","description":"De\u011fi\u015fen D\u00fcnyam\u0131za Taze Bir Bak\u0131\u015f","publisher":{"@id":"https:\/\/epochtimestr.com\/#organization"},"potentialAction":[{"@type":"SearchAction","target":{"@type":"EntryPoint","urlTemplate":"https:\/\/epochtimestr.com\/?s={search_term_string}"},"query-input":"required name=search_term_string"}],"inLanguage":"tr"},{"@type":"Organization","@id":"https:\/\/epochtimestr.com\/#organization","name":"The EpochTimes T\u00fcrkiye","url":"https:\/\/epochtimestr.com\/","logo":{"@type":"ImageObject","inLanguage":"tr","@id":"https:\/\/epochtimestr.com\/#\/schema\/logo\/image\/","url":"https:\/\/epochtimestr.com\/wp-content\/uploads\/2011y\/ET-Logo-YG.jpg","contentUrl":"https:\/\/epochtimestr.com\/wp-content\/uploads\/2011y\/ET-Logo-YG.jpg","width":346,"height":29,"caption":"The EpochTimes T\u00fcrkiye"},"image":{"@id":"https:\/\/epochtimestr.com\/#\/schema\/logo\/image\/"},"sameAs":["https:\/\/www.facebook.com\/theepochtimestr","https:\/\/x.com\/TheEpochTimesTR","https:\/\/www.instagram.com\/epochtimestr"]},{"@type":"Person","@id":"https:\/\/epochtimestr.com\/#\/schema\/person\/3dc5c3adeb9f43923c5aa85889172fdd","name":"Haber Merkezi","image":{"@type":"ImageObject","inLanguage":"tr","@id":"https:\/\/epochtimestr.com\/#\/schema\/person\/image\/","url":"https:\/\/secure.gravatar.com\/avatar\/d73f772ba5a74f28601361e17c2f93e6?s=96&d=mm&r=g","contentUrl":"https:\/\/secure.gravatar.com\/avatar\/d73f772ba5a74f28601361e17c2f93e6?s=96&d=mm&r=g","caption":"Haber Merkezi"},"url":"https:\/\/epochtimestr.com\/index.php\/author\/sendag"}]}},"_links":{"self":[{"href":"https:\/\/epochtimestr.com\/index.php\/wp-json\/wp\/v2\/posts\/154191"}],"collection":[{"href":"https:\/\/epochtimestr.com\/index.php\/wp-json\/wp\/v2\/posts"}],"about":[{"href":"https:\/\/epochtimestr.com\/index.php\/wp-json\/wp\/v2\/types\/post"}],"author":[{"embeddable":true,"href":"https:\/\/epochtimestr.com\/index.php\/wp-json\/wp\/v2\/users\/12791"}],"replies":[{"embeddable":true,"href":"https:\/\/epochtimestr.com\/index.php\/wp-json\/wp\/v2\/comments?post=154191"}],"version-history":[{"count":1,"href":"https:\/\/epochtimestr.com\/index.php\/wp-json\/wp\/v2\/posts\/154191\/revisions"}],"predecessor-version":[{"id":154193,"href":"https:\/\/epochtimestr.com\/index.php\/wp-json\/wp\/v2\/posts\/154191\/revisions\/154193"}],"wp:featuredmedia":[{"embeddable":true,"href":"https:\/\/epochtimestr.com\/index.php\/wp-json\/wp\/v2\/media\/154192"}],"wp:attachment":[{"href":"https:\/\/epochtimestr.com\/index.php\/wp-json\/wp\/v2\/media?parent=154191"}],"wp:term":[{"taxonomy":"category","embeddable":true,"href":"https:\/\/epochtimestr.com\/index.php\/wp-json\/wp\/v2\/categories?post=154191"},{"taxonomy":"post_tag","embeddable":true,"href":"https:\/\/epochtimestr.com\/index.php\/wp-json\/wp\/v2\/tags?post=154191"}],"curies":[{"name":"wp","href":"https:\/\/api.w.org\/{rel}","templated":true}]}}