{"id":154194,"date":"2024-08-30T00:41:25","date_gmt":"2024-08-29T21:41:25","guid":{"rendered":"https:\/\/epochtimestr.com\/?p=154194"},"modified":"2024-08-30T00:41:26","modified_gmt":"2024-08-29T21:41:26","slug":"tuik-acikladi-ekonomik-guven-3-yilin-en-dusuk-seviyesinde","status":"publish","type":"post","link":"https:\/\/epochtimestr.com\/index.php\/tuik-acikladi-ekonomik-guven-3-yilin-en-dusuk-seviyesinde","title":{"rendered":"T\u00dc\u0130K A\u00e7\u0131klad\u0131: Ekonomik G\u00fcven 3 Y\u0131l\u0131n En D\u00fc\u015f\u00fck Seviyesinde"},"content":{"rendered":"<div class=\"wp-block-image\">\n<figure class=\"aligncenter size-full\"><img loading=\"lazy\" decoding=\"async\" width=\"640\" height=\"368\" src=\"https:\/\/epochtimestr.com\/wp-content\/uploads\/2011y\/tuik-guven-endeksi-1.jpg\" alt=\"\" class=\"wp-image-154195\" srcset=\"https:\/\/epochtimestr.com\/wp-content\/uploads\/2011y\/tuik-guven-endeksi-1.jpg 640w, https:\/\/epochtimestr.com\/wp-content\/uploads\/2011y\/tuik-guven-endeksi-1-300x173.jpg 300w, https:\/\/epochtimestr.com\/wp-content\/uploads\/2011y\/tuik-guven-endeksi-1-150x86.jpg 150w\" sizes=\"(max-width: 640px) 100vw, 640px\" \/><\/figure><\/div>\n\n\n<h2 class=\"wp-block-heading\">Ekonomik g\u00fcven endeksi a\u011fustos ay\u0131nda bir \u00f6nceki aya g\u00f6re y\u00fczde 1,3 oran\u0131nda azalarak 93,1 de\u011ferini ald\u0131. B\u00f6ylece ekonomik g\u00fcven May\u0131s 2021&#8217;den beri en d\u00fc\u015f\u00fck d\u00fczeye geriledi.<\/h2>\n\n\n\n<p>T\u00fcrkiye \u0130statistik Kurumu, a\u011fustos ay\u0131 Ekonomik G\u00fcven Endeksi\u2019ni payla\u015ft\u0131. Buna g\u00f6re, ekonomik g\u00fcven endeksi Temmuz ay\u0131nda 94,4 iken, A\u011fustos ay\u0131nda y\u00fczde 1,3 oran\u0131nda azalarak 93,1 de\u011ferini ald\u0131.<\/p>\n\n\n\n<p>Bir \u00f6nceki aya g\u00f6re A\u011fustos ay\u0131nda t\u00fcketici g\u00fcven endeksi y\u00fczde 0,6 oran\u0131nda artarak 76,4 de\u011ferini, reel kesim (imalat sanayi) g\u00fcven endeksi y\u00fczde 0,7 oran\u0131nda azalarak 98,0 de\u011ferini, hizmet sekt\u00f6r\u00fc g\u00fcven endeksi y\u00fczde 2,0 oran\u0131nda azalarak 111,8 de\u011ferini, perakende ticaret sekt\u00f6r\u00fc g\u00fcven endeksi y\u00fczde 0,8 oran\u0131nda artarak 107,9 de\u011ferini, in\u015faat sekt\u00f6r\u00fc g\u00fcven endeksi y\u00fczde 1,1 oran\u0131nda artarak 88,0 de\u011ferini ald\u0131.<\/p>\n\n\n\n<figure class=\"wp-block-embed is-type-rich is-provider-twitter wp-block-embed-twitter\"><div class=\"wp-block-embed__wrapper\">\n<blockquote class=\"twitter-tweet\" data-width=\"550\" data-dnt=\"true\"><p lang=\"tr\" dir=\"ltr\">Ekonomik G\u00fcven Endeksi, A\u011fustos 2024<br><br>Ekonomik g\u00fcven endeksi 93,1 oldu<br><br>Detaylar i\u00e7in web sitemizi ziyaret edebilirsiniz.\ud83d\udd0e<br>\u21aa\ufe0f <a href=\"https:\/\/t.co\/5Re935E6Ju\">https:\/\/t.co\/5Re935E6Ju<\/a> <a href=\"https:\/\/t.co\/emzAu3Ztyk\">pic.twitter.com\/emzAu3Ztyk<\/a><\/p>&mdash; tuik.gov.tr (@tuikbilgi) <a href=\"https:\/\/twitter.com\/tuikbilgi\/status\/1829059178540798089?ref_src=twsrc%5Etfw\">August 29, 2024<\/a><\/blockquote><script async src=\"https:\/\/platform.twitter.com\/widgets.js\" charset=\"utf-8\"><\/script>\n<\/div><\/figure>\n","protected":false},"excerpt":{"rendered":"<p>Ekonomik g\u00fcven endeksi a\u011fustos ay\u0131nda bir \u00f6nceki aya g\u00f6re y\u00fczde 1,3 oran\u0131nda azalarak 93,1 de\u011ferini ald\u0131. B\u00f6ylece ekonomik g\u00fcven May\u0131s 2021&#8217;den beri en d\u00fc\u015f\u00fck d\u00fczeye geriledi. T\u00fcrkiye \u0130statistik Kurumu, a\u011fustos ay\u0131 Ekonomik G\u00fcven Endeksi\u2019ni payla\u015ft\u0131. Buna g\u00f6re, ekonomik g\u00fcven endeksi Temmuz ay\u0131nda 94,4 iken, A\u011fustos ay\u0131nda y\u00fczde 1,3 oran\u0131nda azalarak 93,1 de\u011ferini ald\u0131. Bir \u00f6nceki [&hellip;]<\/p>\n","protected":false},"author":12791,"featured_media":154195,"comment_status":"closed","ping_status":"open","sticky":false,"template":"","format":"standard","meta":{"_yoast_wpseo_focuskw":"T\u00dc\u0130K A\u00e7\u0131klad\u0131: Ekonomik G\u00fcven 3 Y\u0131l\u0131n En D\u00fc\u015f\u00fck Seviyesinde","_yoast_wpseo_title":"","_yoast_wpseo_metadesc":"","_bbp_topic_count":0,"_bbp_reply_count":0,"_bbp_total_topic_count":0,"_bbp_total_reply_count":0,"_bbp_voice_count":0,"_bbp_anonymous_reply_count":0,"_bbp_topic_count_hidden":0,"_bbp_reply_count_hidden":0,"_bbp_forum_subforum_count":0,"footnotes":"","_yoast_wpseo_focuskw_text_input":""},"categories":[8225,1,37],"tags":[],"yoast_head":"<!-- This site is optimized with the Yoast SEO plugin v23.0 - https:\/\/yoast.com\/wordpress\/plugins\/seo\/ -->\n<title>T\u00dc\u0130K A\u00e7\u0131klad\u0131: Ekonomik G\u00fcven 3 Y\u0131l\u0131n En D\u00fc\u015f\u00fck Seviyesinde - The Epoch Times TR<\/title>\n<meta name=\"robots\" content=\"index, follow, max-snippet:-1, max-image-preview:large, max-video-preview:-1\" \/>\n<link rel=\"canonical\" href=\"https:\/\/epochtimestr.com\/index.php\/tuik-acikladi-ekonomik-guven-3-yilin-en-dusuk-seviyesinde\" \/>\n<meta property=\"og:locale\" content=\"tr_TR\" \/>\n<meta property=\"og:type\" content=\"article\" \/>\n<meta property=\"og:title\" content=\"T\u00dc\u0130K A\u00e7\u0131klad\u0131: Ekonomik G\u00fcven 3 Y\u0131l\u0131n En D\u00fc\u015f\u00fck Seviyesinde - The Epoch Times TR\" \/>\n<meta property=\"og:description\" content=\"Ekonomik g\u00fcven endeksi a\u011fustos ay\u0131nda bir \u00f6nceki aya g\u00f6re y\u00fczde 1,3 oran\u0131nda azalarak 93,1 de\u011ferini ald\u0131. B\u00f6ylece ekonomik g\u00fcven May\u0131s 2021&#8217;den beri en d\u00fc\u015f\u00fck d\u00fczeye geriledi. T\u00fcrkiye \u0130statistik Kurumu, a\u011fustos ay\u0131 Ekonomik G\u00fcven Endeksi\u2019ni payla\u015ft\u0131. Buna g\u00f6re, ekonomik g\u00fcven endeksi Temmuz ay\u0131nda 94,4 iken, A\u011fustos ay\u0131nda y\u00fczde 1,3 oran\u0131nda azalarak 93,1 de\u011ferini ald\u0131. Bir \u00f6nceki [&hellip;]\" \/>\n<meta property=\"og:url\" content=\"https:\/\/epochtimestr.com\/index.php\/tuik-acikladi-ekonomik-guven-3-yilin-en-dusuk-seviyesinde\" \/>\n<meta property=\"og:site_name\" content=\"The Epoch Times TR\" \/>\n<meta property=\"article:publisher\" content=\"https:\/\/www.facebook.com\/theepochtimestr\" \/>\n<meta property=\"article:published_time\" content=\"2024-08-29T21:41:25+00:00\" \/>\n<meta property=\"article:modified_time\" content=\"2024-08-29T21:41:26+00:00\" \/>\n<meta property=\"og:image\" content=\"https:\/\/epochtimestr.com\/wp-content\/uploads\/2011y\/tuik-guven-endeksi-1.jpg\" \/>\n\t<meta property=\"og:image:width\" content=\"640\" \/>\n\t<meta property=\"og:image:height\" content=\"368\" \/>\n\t<meta property=\"og:image:type\" content=\"image\/jpeg\" \/>\n<meta name=\"author\" content=\"Haber Merkezi\" \/>\n<meta name=\"twitter:card\" content=\"summary_large_image\" \/>\n<meta name=\"twitter:creator\" content=\"@TheEpochTimesTR\" \/>\n<meta name=\"twitter:site\" content=\"@TheEpochTimesTR\" \/>\n<meta name=\"twitter:label1\" content=\"Yazan:\" \/>\n\t<meta name=\"twitter:data1\" content=\"Haber Merkezi\" \/>\n\t<meta name=\"twitter:label2\" content=\"Tahmini okuma s\u00fcresi\" \/>\n\t<meta name=\"twitter:data2\" content=\"2 dakika\" \/>\n<script type=\"application\/ld+json\" class=\"yoast-schema-graph\">{\"@context\":\"https:\/\/schema.org\",\"@graph\":[{\"@type\":\"Article\",\"@id\":\"https:\/\/epochtimestr.com\/index.php\/tuik-acikladi-ekonomik-guven-3-yilin-en-dusuk-seviyesinde#article\",\"isPartOf\":{\"@id\":\"https:\/\/epochtimestr.com\/index.php\/tuik-acikladi-ekonomik-guven-3-yilin-en-dusuk-seviyesinde\"},\"author\":{\"name\":\"Haber Merkezi\",\"@id\":\"https:\/\/epochtimestr.com\/#\/schema\/person\/3dc5c3adeb9f43923c5aa85889172fdd\"},\"headline\":\"T\u00dc\u0130K A\u00e7\u0131klad\u0131: Ekonomik G\u00fcven 3 Y\u0131l\u0131n En D\u00fc\u015f\u00fck Seviyesinde\",\"datePublished\":\"2024-08-29T21:41:25+00:00\",\"dateModified\":\"2024-08-29T21:41:26+00:00\",\"mainEntityOfPage\":{\"@id\":\"https:\/\/epochtimestr.com\/index.php\/tuik-acikladi-ekonomik-guven-3-yilin-en-dusuk-seviyesinde\"},\"wordCount\":169,\"publisher\":{\"@id\":\"https:\/\/epochtimestr.com\/#organization\"},\"image\":{\"@id\":\"https:\/\/epochtimestr.com\/index.php\/tuik-acikladi-ekonomik-guven-3-yilin-en-dusuk-seviyesinde#primaryimage\"},\"thumbnailUrl\":\"https:\/\/epochtimestr.com\/wp-content\/uploads\/2011y\/tuik-guven-endeksi-1.jpg\",\"articleSection\":[\"Ekonomi\",\"G\u00dcNDEM\",\"T\u00dcRK\u0130YE\"],\"inLanguage\":\"tr\"},{\"@type\":\"WebPage\",\"@id\":\"https:\/\/epochtimestr.com\/index.php\/tuik-acikladi-ekonomik-guven-3-yilin-en-dusuk-seviyesinde\",\"url\":\"https:\/\/epochtimestr.com\/index.php\/tuik-acikladi-ekonomik-guven-3-yilin-en-dusuk-seviyesinde\",\"name\":\"T\u00dc\u0130K A\u00e7\u0131klad\u0131: Ekonomik G\u00fcven 3 Y\u0131l\u0131n En D\u00fc\u015f\u00fck Seviyesinde - The Epoch Times TR\",\"isPartOf\":{\"@id\":\"https:\/\/epochtimestr.com\/#website\"},\"primaryImageOfPage\":{\"@id\":\"https:\/\/epochtimestr.com\/index.php\/tuik-acikladi-ekonomik-guven-3-yilin-en-dusuk-seviyesinde#primaryimage\"},\"image\":{\"@id\":\"https:\/\/epochtimestr.com\/index.php\/tuik-acikladi-ekonomik-guven-3-yilin-en-dusuk-seviyesinde#primaryimage\"},\"thumbnailUrl\":\"https:\/\/epochtimestr.com\/wp-content\/uploads\/2011y\/tuik-guven-endeksi-1.jpg\",\"datePublished\":\"2024-08-29T21:41:25+00:00\",\"dateModified\":\"2024-08-29T21:41:26+00:00\",\"inLanguage\":\"tr\",\"potentialAction\":[{\"@type\":\"ReadAction\",\"target\":[\"https:\/\/epochtimestr.com\/index.php\/tuik-acikladi-ekonomik-guven-3-yilin-en-dusuk-seviyesinde\"]}]},{\"@type\":\"ImageObject\",\"inLanguage\":\"tr\",\"@id\":\"https:\/\/epochtimestr.com\/index.php\/tuik-acikladi-ekonomik-guven-3-yilin-en-dusuk-seviyesinde#primaryimage\",\"url\":\"https:\/\/epochtimestr.com\/wp-content\/uploads\/2011y\/tuik-guven-endeksi-1.jpg\",\"contentUrl\":\"https:\/\/epochtimestr.com\/wp-content\/uploads\/2011y\/tuik-guven-endeksi-1.jpg\",\"width\":640,\"height\":368},{\"@type\":\"WebSite\",\"@id\":\"https:\/\/epochtimestr.com\/#website\",\"url\":\"https:\/\/epochtimestr.com\/\",\"name\":\"The Epoch Times TR\",\"description\":\"De\u011fi\u015fen D\u00fcnyam\u0131za Taze Bir Bak\u0131\u015f\",\"publisher\":{\"@id\":\"https:\/\/epochtimestr.com\/#organization\"},\"potentialAction\":[{\"@type\":\"SearchAction\",\"target\":{\"@type\":\"EntryPoint\",\"urlTemplate\":\"https:\/\/epochtimestr.com\/?s={search_term_string}\"},\"query-input\":\"required name=search_term_string\"}],\"inLanguage\":\"tr\"},{\"@type\":\"Organization\",\"@id\":\"https:\/\/epochtimestr.com\/#organization\",\"name\":\"The EpochTimes T\u00fcrkiye\",\"url\":\"https:\/\/epochtimestr.com\/\",\"logo\":{\"@type\":\"ImageObject\",\"inLanguage\":\"tr\",\"@id\":\"https:\/\/epochtimestr.com\/#\/schema\/logo\/image\/\",\"url\":\"https:\/\/epochtimestr.com\/wp-content\/uploads\/2011y\/ET-Logo-YG.jpg\",\"contentUrl\":\"https:\/\/epochtimestr.com\/wp-content\/uploads\/2011y\/ET-Logo-YG.jpg\",\"width\":346,\"height\":29,\"caption\":\"The EpochTimes T\u00fcrkiye\"},\"image\":{\"@id\":\"https:\/\/epochtimestr.com\/#\/schema\/logo\/image\/\"},\"sameAs\":[\"https:\/\/www.facebook.com\/theepochtimestr\",\"https:\/\/x.com\/TheEpochTimesTR\",\"https:\/\/www.instagram.com\/epochtimestr\"]},{\"@type\":\"Person\",\"@id\":\"https:\/\/epochtimestr.com\/#\/schema\/person\/3dc5c3adeb9f43923c5aa85889172fdd\",\"name\":\"Haber Merkezi\",\"image\":{\"@type\":\"ImageObject\",\"inLanguage\":\"tr\",\"@id\":\"https:\/\/epochtimestr.com\/#\/schema\/person\/image\/\",\"url\":\"https:\/\/secure.gravatar.com\/avatar\/d73f772ba5a74f28601361e17c2f93e6?s=96&d=mm&r=g\",\"contentUrl\":\"https:\/\/secure.gravatar.com\/avatar\/d73f772ba5a74f28601361e17c2f93e6?s=96&d=mm&r=g\",\"caption\":\"Haber Merkezi\"},\"url\":\"https:\/\/epochtimestr.com\/index.php\/author\/sendag\"}]}<\/script>\n<!-- \/ Yoast SEO plugin. -->","yoast_head_json":{"title":"T\u00dc\u0130K A\u00e7\u0131klad\u0131: Ekonomik G\u00fcven 3 Y\u0131l\u0131n En D\u00fc\u015f\u00fck Seviyesinde - The Epoch Times TR","robots":{"index":"index","follow":"follow","max-snippet":"max-snippet:-1","max-image-preview":"max-image-preview:large","max-video-preview":"max-video-preview:-1"},"canonical":"https:\/\/epochtimestr.com\/index.php\/tuik-acikladi-ekonomik-guven-3-yilin-en-dusuk-seviyesinde","og_locale":"tr_TR","og_type":"article","og_title":"T\u00dc\u0130K A\u00e7\u0131klad\u0131: Ekonomik G\u00fcven 3 Y\u0131l\u0131n En D\u00fc\u015f\u00fck Seviyesinde - The Epoch Times TR","og_description":"Ekonomik g\u00fcven endeksi a\u011fustos ay\u0131nda bir \u00f6nceki aya g\u00f6re y\u00fczde 1,3 oran\u0131nda azalarak 93,1 de\u011ferini ald\u0131. B\u00f6ylece ekonomik g\u00fcven May\u0131s 2021&#8217;den beri en d\u00fc\u015f\u00fck d\u00fczeye geriledi. T\u00fcrkiye \u0130statistik Kurumu, a\u011fustos ay\u0131 Ekonomik G\u00fcven Endeksi\u2019ni payla\u015ft\u0131. Buna g\u00f6re, ekonomik g\u00fcven endeksi Temmuz ay\u0131nda 94,4 iken, A\u011fustos ay\u0131nda y\u00fczde 1,3 oran\u0131nda azalarak 93,1 de\u011ferini ald\u0131. Bir \u00f6nceki [&hellip;]","og_url":"https:\/\/epochtimestr.com\/index.php\/tuik-acikladi-ekonomik-guven-3-yilin-en-dusuk-seviyesinde","og_site_name":"The Epoch Times TR","article_publisher":"https:\/\/www.facebook.com\/theepochtimestr","article_published_time":"2024-08-29T21:41:25+00:00","article_modified_time":"2024-08-29T21:41:26+00:00","og_image":[{"width":640,"height":368,"url":"https:\/\/epochtimestr.com\/wp-content\/uploads\/2011y\/tuik-guven-endeksi-1.jpg","type":"image\/jpeg"}],"author":"Haber Merkezi","twitter_card":"summary_large_image","twitter_creator":"@TheEpochTimesTR","twitter_site":"@TheEpochTimesTR","twitter_misc":{"Yazan:":"Haber Merkezi","Tahmini okuma s\u00fcresi":"2 dakika"},"schema":{"@context":"https:\/\/schema.org","@graph":[{"@type":"Article","@id":"https:\/\/epochtimestr.com\/index.php\/tuik-acikladi-ekonomik-guven-3-yilin-en-dusuk-seviyesinde#article","isPartOf":{"@id":"https:\/\/epochtimestr.com\/index.php\/tuik-acikladi-ekonomik-guven-3-yilin-en-dusuk-seviyesinde"},"author":{"name":"Haber Merkezi","@id":"https:\/\/epochtimestr.com\/#\/schema\/person\/3dc5c3adeb9f43923c5aa85889172fdd"},"headline":"T\u00dc\u0130K A\u00e7\u0131klad\u0131: Ekonomik G\u00fcven 3 Y\u0131l\u0131n En D\u00fc\u015f\u00fck Seviyesinde","datePublished":"2024-08-29T21:41:25+00:00","dateModified":"2024-08-29T21:41:26+00:00","mainEntityOfPage":{"@id":"https:\/\/epochtimestr.com\/index.php\/tuik-acikladi-ekonomik-guven-3-yilin-en-dusuk-seviyesinde"},"wordCount":169,"publisher":{"@id":"https:\/\/epochtimestr.com\/#organization"},"image":{"@id":"https:\/\/epochtimestr.com\/index.php\/tuik-acikladi-ekonomik-guven-3-yilin-en-dusuk-seviyesinde#primaryimage"},"thumbnailUrl":"https:\/\/epochtimestr.com\/wp-content\/uploads\/2011y\/tuik-guven-endeksi-1.jpg","articleSection":["Ekonomi","G\u00dcNDEM","T\u00dcRK\u0130YE"],"inLanguage":"tr"},{"@type":"WebPage","@id":"https:\/\/epochtimestr.com\/index.php\/tuik-acikladi-ekonomik-guven-3-yilin-en-dusuk-seviyesinde","url":"https:\/\/epochtimestr.com\/index.php\/tuik-acikladi-ekonomik-guven-3-yilin-en-dusuk-seviyesinde","name":"T\u00dc\u0130K A\u00e7\u0131klad\u0131: Ekonomik G\u00fcven 3 Y\u0131l\u0131n En D\u00fc\u015f\u00fck Seviyesinde - The Epoch Times TR","isPartOf":{"@id":"https:\/\/epochtimestr.com\/#website"},"primaryImageOfPage":{"@id":"https:\/\/epochtimestr.com\/index.php\/tuik-acikladi-ekonomik-guven-3-yilin-en-dusuk-seviyesinde#primaryimage"},"image":{"@id":"https:\/\/epochtimestr.com\/index.php\/tuik-acikladi-ekonomik-guven-3-yilin-en-dusuk-seviyesinde#primaryimage"},"thumbnailUrl":"https:\/\/epochtimestr.com\/wp-content\/uploads\/2011y\/tuik-guven-endeksi-1.jpg","datePublished":"2024-08-29T21:41:25+00:00","dateModified":"2024-08-29T21:41:26+00:00","inLanguage":"tr","potentialAction":[{"@type":"ReadAction","target":["https:\/\/epochtimestr.com\/index.php\/tuik-acikladi-ekonomik-guven-3-yilin-en-dusuk-seviyesinde"]}]},{"@type":"ImageObject","inLanguage":"tr","@id":"https:\/\/epochtimestr.com\/index.php\/tuik-acikladi-ekonomik-guven-3-yilin-en-dusuk-seviyesinde#primaryimage","url":"https:\/\/epochtimestr.com\/wp-content\/uploads\/2011y\/tuik-guven-endeksi-1.jpg","contentUrl":"https:\/\/epochtimestr.com\/wp-content\/uploads\/2011y\/tuik-guven-endeksi-1.jpg","width":640,"height":368},{"@type":"WebSite","@id":"https:\/\/epochtimestr.com\/#website","url":"https:\/\/epochtimestr.com\/","name":"The Epoch Times TR","description":"De\u011fi\u015fen D\u00fcnyam\u0131za Taze Bir Bak\u0131\u015f","publisher":{"@id":"https:\/\/epochtimestr.com\/#organization"},"potentialAction":[{"@type":"SearchAction","target":{"@type":"EntryPoint","urlTemplate":"https:\/\/epochtimestr.com\/?s={search_term_string}"},"query-input":"required name=search_term_string"}],"inLanguage":"tr"},{"@type":"Organization","@id":"https:\/\/epochtimestr.com\/#organization","name":"The EpochTimes T\u00fcrkiye","url":"https:\/\/epochtimestr.com\/","logo":{"@type":"ImageObject","inLanguage":"tr","@id":"https:\/\/epochtimestr.com\/#\/schema\/logo\/image\/","url":"https:\/\/epochtimestr.com\/wp-content\/uploads\/2011y\/ET-Logo-YG.jpg","contentUrl":"https:\/\/epochtimestr.com\/wp-content\/uploads\/2011y\/ET-Logo-YG.jpg","width":346,"height":29,"caption":"The EpochTimes T\u00fcrkiye"},"image":{"@id":"https:\/\/epochtimestr.com\/#\/schema\/logo\/image\/"},"sameAs":["https:\/\/www.facebook.com\/theepochtimestr","https:\/\/x.com\/TheEpochTimesTR","https:\/\/www.instagram.com\/epochtimestr"]},{"@type":"Person","@id":"https:\/\/epochtimestr.com\/#\/schema\/person\/3dc5c3adeb9f43923c5aa85889172fdd","name":"Haber Merkezi","image":{"@type":"ImageObject","inLanguage":"tr","@id":"https:\/\/epochtimestr.com\/#\/schema\/person\/image\/","url":"https:\/\/secure.gravatar.com\/avatar\/d73f772ba5a74f28601361e17c2f93e6?s=96&d=mm&r=g","contentUrl":"https:\/\/secure.gravatar.com\/avatar\/d73f772ba5a74f28601361e17c2f93e6?s=96&d=mm&r=g","caption":"Haber Merkezi"},"url":"https:\/\/epochtimestr.com\/index.php\/author\/sendag"}]}},"_links":{"self":[{"href":"https:\/\/epochtimestr.com\/index.php\/wp-json\/wp\/v2\/posts\/154194"}],"collection":[{"href":"https:\/\/epochtimestr.com\/index.php\/wp-json\/wp\/v2\/posts"}],"about":[{"href":"https:\/\/epochtimestr.com\/index.php\/wp-json\/wp\/v2\/types\/post"}],"author":[{"embeddable":true,"href":"https:\/\/epochtimestr.com\/index.php\/wp-json\/wp\/v2\/users\/12791"}],"replies":[{"embeddable":true,"href":"https:\/\/epochtimestr.com\/index.php\/wp-json\/wp\/v2\/comments?post=154194"}],"version-history":[{"count":1,"href":"https:\/\/epochtimestr.com\/index.php\/wp-json\/wp\/v2\/posts\/154194\/revisions"}],"predecessor-version":[{"id":154196,"href":"https:\/\/epochtimestr.com\/index.php\/wp-json\/wp\/v2\/posts\/154194\/revisions\/154196"}],"wp:featuredmedia":[{"embeddable":true,"href":"https:\/\/epochtimestr.com\/index.php\/wp-json\/wp\/v2\/media\/154195"}],"wp:attachment":[{"href":"https:\/\/epochtimestr.com\/index.php\/wp-json\/wp\/v2\/media?parent=154194"}],"wp:term":[{"taxonomy":"category","embeddable":true,"href":"https:\/\/epochtimestr.com\/index.php\/wp-json\/wp\/v2\/categories?post=154194"},{"taxonomy":"post_tag","embeddable":true,"href":"https:\/\/epochtimestr.com\/index.php\/wp-json\/wp\/v2\/tags?post=154194"}],"curies":[{"name":"wp","href":"https:\/\/api.w.org\/{rel}","templated":true}]}}