{"id":154197,"date":"2024-08-31T00:04:04","date_gmt":"2024-08-30T21:04:04","guid":{"rendered":"https:\/\/epochtimestr.com\/?p=154197"},"modified":"2024-08-31T00:04:15","modified_gmt":"2024-08-30T21:04:15","slug":"m9-atakoy-olimpiyat-metro-hattinin-mimar-sinan-istasyonu-hizmete-acildi","status":"publish","type":"post","link":"https:\/\/epochtimestr.com\/index.php\/m9-atakoy-olimpiyat-metro-hattinin-mimar-sinan-istasyonu-hizmete-acildi","title":{"rendered":"M9 Atak\u00f6y &#8211; Olimpiyat Metro Hatt\u0131n\u0131n Mimar Sinan \u0130stasyonu Hizmete A\u00e7\u0131ld\u0131"},"content":{"rendered":"<div class=\"wp-block-image\">\n<figure class=\"aligncenter size-large\"><img loading=\"lazy\" decoding=\"async\" width=\"1600\" height=\"1200\" src=\"https:\/\/epochtimestr.com\/wp-content\/uploads\/2011y\/ibb-metro-1600x1200.jpg\" alt=\"\" class=\"wp-image-154198\" srcset=\"https:\/\/epochtimestr.com\/wp-content\/uploads\/2011y\/ibb-metro-1600x1200.jpg 1600w, https:\/\/epochtimestr.com\/wp-content\/uploads\/2011y\/ibb-metro-300x225.jpg 300w, https:\/\/epochtimestr.com\/wp-content\/uploads\/2011y\/ibb-metro-150x113.jpg 150w, https:\/\/epochtimestr.com\/wp-content\/uploads\/2011y\/ibb-metro-768x576.jpg 768w, https:\/\/epochtimestr.com\/wp-content\/uploads\/2011y\/ibb-metro-1536x1152.jpg 1536w, https:\/\/epochtimestr.com\/wp-content\/uploads\/2011y\/ibb-metro-86x64.jpg 86w, https:\/\/epochtimestr.com\/wp-content\/uploads\/2011y\/ibb-metro.jpg 2048w\" sizes=\"(max-width: 1600px) 100vw, 1600px\" \/><\/figure><\/div>\n\n\n<h2 class=\"wp-block-heading\">M9 Atak\u00f6y-Olimpiyat Metro Hatt\u0131\u2019n\u0131n Mimarsinan \u0130stasyonu, yap\u0131m i\u015fleri tamamlanarak 30 A\u011fustos Zafer Bayram\u0131\u2019nda \u0130stanbullular\u0131n hizmetine a\u00e7\u0131ld\u0131.<\/h2>\n\n\n\n<p>M9 Atak\u00f6y-Olimpiyat Metro Hatt\u0131\u2019n\u0131n Mimarsinan \u0130stasyonu 30 A\u011fustos Zafer Bayram\u0131\u2019nda hizmete a\u00e7\u0131ld\u0131. Ekrem \u0130mamo\u011flu y\u00f6netimindeki \u0130BB y\u00f6netimi, \u00f6nceki idare taraf\u0131ndan durdurulan di\u011fer metro hatlar\u0131nda oldu\u011fu gibi, Atak\u00f6y-\u0130kitelli metro hatt\u0131nda da \u00e7al\u0131\u015fmalar\u0131 yeniden ba\u015flatarak 29 May\u0131s 2021\u2019de hatt\u0131n Bahariye ve Masko \u0130stasyonlar\u0131\u2019n\u0131, 18 Mart 2024 \u00c7anakkale Zaferi\u2019nin 109\u2019uncu y\u0131ld\u00f6n\u00fcm\u00fcnde ise Bahariye-Atak\u00f6y k\u0131sm\u0131n\u0131 hizmete a\u00e7t\u0131.<\/p>\n\n\n\n<p>K\u0130RAZLI-HALKALI METROSU \u0130LE ENTEGRASYONU SA\u011eLAYACAK<\/p>\n\n\n\n<p>M9 Atak\u00f6y-Olimpiyat Metro Hatt\u0131\u2019n\u0131n i\u015fletmeye al\u0131nan Mimarsinan \u0130stasyonunun yap\u0131m i\u015fleri de tamamlanarak 30 A\u011fustos itibar\u0131yla yolculu i\u015fletmeye haz\u0131r hale getirildi. Bu istasyon, yap\u0131m\u0131 tekrardan ba\u015flat\u0131lacak olan Kirazl\u0131-Halkal\u0131 Metrosu ile entegrasyonu sa\u011flayacak.<\/p>\n\n\n\n<p>5 \u0130L\u00c7EY\u0130 B\u0130RB\u0130R\u0130NE BA\u011eLIYOR<\/p>\n\n\n\n<p>2021\u2019de yolcu ta\u015f\u0131maya ba\u015flayan hatt\u0131n 2 istasyonlu \u0130kitelli-Bahariye k\u0131sm\u0131 ve 18 Mart 2024 itibar\u0131yla a\u00e7\u0131lan 8 istasyonlu Bahariye-Atak\u00f6y aras\u0131 ile toplam 10 istasyonla hizmet veren Atak\u00f6y-\u0130kitelli Metrosu, Mimarsinan \u0130stasyonu\u2019nun a\u00e7\u0131lmas\u0131 ile birlikte 11 istasyona ula\u015ft\u0131. Bak\u0131rk\u00f6y, Bah\u00e7elievler, Ba\u011fc\u0131lar, K\u00fc\u00e7\u00fck\u00e7ekmece ve Ba\u015fak\u015fehir il\u00e7elerinden ge\u00e7erek 5 il\u00e7eyi birbirine ba\u011flayan 13,39 kilometrelik hat, sadece 19,5 dakikada ilk istasyondan son istasyona ula\u015f\u0131yor.<\/p>\n\n\n\n<p>&#8220;\u0130BB BA\u015eKANI EKREM \u0130MAMO\u011eLU DUYURDU&#8221;<br \/>\u0130BB Ba\u015fkan\u0131 Ekrem \u0130mamo\u011flu, X hesab\u0131ndan yapt\u0131\u011f\u0131 payla\u015f\u0131mda \u201cM9 Atak\u00f6y &#8211; Olimpiyat Metro Hatt\u0131m\u0131z\u0131n Mimar Sinan \u0130stasyonu\u2019nu 30 A\u011fustos Zafer Bayram\u0131\u2019nda hizmete a\u00e7\u0131yoruz\u201d dedi.<\/p>\n\n\n\n<figure class=\"wp-block-embed is-type-rich is-provider-twitter wp-block-embed-twitter\"><div class=\"wp-block-embed__wrapper\">\n<blockquote class=\"twitter-tweet\" data-width=\"550\" data-dnt=\"true\"><p lang=\"tr\" dir=\"ltr\">M9 Atak\u00f6y &#8211; Olimpiyat Metro Hatt\u0131m\u0131z\u0131n Mimar Sinan \u0130stasyonu\u2019nu 30 A\u011fustos Zafer Bayram\u0131\u2019nda hizmete a\u00e7\u0131yoruz. <br><br>\u0130stanbulumuza Hay\u0131rl\u0131 Olsun. \ud83c\uddf9\ud83c\uddf7 <a href=\"https:\/\/t.co\/F8KQMfgxDv\">pic.twitter.com\/F8KQMfgxDv<\/a><\/p>&mdash; Ekrem \u0130mamo\u011flu (@ekrem_imamoglu) <a href=\"https:\/\/twitter.com\/ekrem_imamoglu\/status\/1829407516645642429?ref_src=twsrc%5Etfw\">August 30, 2024<\/a><\/blockquote><script async src=\"https:\/\/platform.twitter.com\/widgets.js\" charset=\"utf-8\"><\/script>\n<\/div><\/figure>\n","protected":false},"excerpt":{"rendered":"<p>M9 Atak\u00f6y-Olimpiyat Metro Hatt\u0131\u2019n\u0131n Mimarsinan \u0130stasyonu, yap\u0131m i\u015fleri tamamlanarak 30 A\u011fustos Zafer Bayram\u0131\u2019nda \u0130stanbullular\u0131n hizmetine a\u00e7\u0131ld\u0131. M9 Atak\u00f6y-Olimpiyat Metro Hatt\u0131\u2019n\u0131n Mimarsinan \u0130stasyonu 30 A\u011fustos Zafer Bayram\u0131\u2019nda hizmete a\u00e7\u0131ld\u0131. Ekrem \u0130mamo\u011flu y\u00f6netimindeki \u0130BB y\u00f6netimi, \u00f6nceki idare taraf\u0131ndan durdurulan di\u011fer metro hatlar\u0131nda oldu\u011fu gibi, Atak\u00f6y-\u0130kitelli metro hatt\u0131nda da \u00e7al\u0131\u015fmalar\u0131 yeniden ba\u015flatarak 29 May\u0131s 2021\u2019de hatt\u0131n Bahariye ve [&hellip;]<\/p>\n","protected":false},"author":12791,"featured_media":154198,"comment_status":"closed","ping_status":"open","sticky":false,"template":"","format":"standard","meta":{"_yoast_wpseo_focuskw":"M9 Atak\u00f6y - Olimpiyat Metro Hatt\u0131n\u0131n Mimar Sinan \u0130stasyonu Hizmete A\u00e7\u0131ld\u0131","_yoast_wpseo_title":"","_yoast_wpseo_metadesc":"","_bbp_topic_count":0,"_bbp_reply_count":0,"_bbp_total_topic_count":0,"_bbp_total_reply_count":0,"_bbp_voice_count":0,"_bbp_anonymous_reply_count":0,"_bbp_topic_count_hidden":0,"_bbp_reply_count_hidden":0,"_bbp_forum_subforum_count":0,"footnotes":"","_yoast_wpseo_focuskw_text_input":""},"categories":[1,8226,37],"tags":[],"yoast_head":"<!-- This site is optimized with the Yoast SEO plugin v23.0 - https:\/\/yoast.com\/wordpress\/plugins\/seo\/ -->\n<title>M9 Atak\u00f6y - Olimpiyat Metro Hatt\u0131n\u0131n Mimar Sinan \u0130stasyonu Hizmete A\u00e7\u0131ld\u0131 - The Epoch Times TR<\/title>\n<meta name=\"robots\" content=\"index, follow, max-snippet:-1, max-image-preview:large, max-video-preview:-1\" \/>\n<link rel=\"canonical\" href=\"https:\/\/epochtimestr.com\/index.php\/m9-atakoy-olimpiyat-metro-hattinin-mimar-sinan-istasyonu-hizmete-acildi\" \/>\n<meta property=\"og:locale\" content=\"tr_TR\" \/>\n<meta property=\"og:type\" content=\"article\" \/>\n<meta property=\"og:title\" content=\"M9 Atak\u00f6y - Olimpiyat Metro Hatt\u0131n\u0131n Mimar Sinan \u0130stasyonu Hizmete A\u00e7\u0131ld\u0131 - The Epoch Times TR\" \/>\n<meta property=\"og:description\" content=\"M9 Atak\u00f6y-Olimpiyat Metro Hatt\u0131\u2019n\u0131n Mimarsinan \u0130stasyonu, yap\u0131m i\u015fleri tamamlanarak 30 A\u011fustos Zafer Bayram\u0131\u2019nda \u0130stanbullular\u0131n hizmetine a\u00e7\u0131ld\u0131. M9 Atak\u00f6y-Olimpiyat Metro Hatt\u0131\u2019n\u0131n Mimarsinan \u0130stasyonu 30 A\u011fustos Zafer Bayram\u0131\u2019nda hizmete a\u00e7\u0131ld\u0131. Ekrem \u0130mamo\u011flu y\u00f6netimindeki \u0130BB y\u00f6netimi, \u00f6nceki idare taraf\u0131ndan durdurulan di\u011fer metro hatlar\u0131nda oldu\u011fu gibi, Atak\u00f6y-\u0130kitelli metro hatt\u0131nda da \u00e7al\u0131\u015fmalar\u0131 yeniden ba\u015flatarak 29 May\u0131s 2021\u2019de hatt\u0131n Bahariye ve [&hellip;]\" \/>\n<meta property=\"og:url\" content=\"https:\/\/epochtimestr.com\/index.php\/m9-atakoy-olimpiyat-metro-hattinin-mimar-sinan-istasyonu-hizmete-acildi\" \/>\n<meta property=\"og:site_name\" content=\"The Epoch Times TR\" \/>\n<meta property=\"article:publisher\" content=\"https:\/\/www.facebook.com\/theepochtimestr\" \/>\n<meta property=\"article:published_time\" content=\"2024-08-30T21:04:04+00:00\" \/>\n<meta property=\"article:modified_time\" content=\"2024-08-30T21:04:15+00:00\" \/>\n<meta property=\"og:image\" content=\"https:\/\/epochtimestr.com\/wp-content\/uploads\/2011y\/ibb-metro.jpg\" \/>\n\t<meta property=\"og:image:width\" content=\"2048\" \/>\n\t<meta property=\"og:image:height\" content=\"1536\" \/>\n\t<meta property=\"og:image:type\" content=\"image\/jpeg\" \/>\n<meta name=\"author\" content=\"Haber Merkezi\" \/>\n<meta name=\"twitter:card\" content=\"summary_large_image\" \/>\n<meta name=\"twitter:creator\" content=\"@TheEpochTimesTR\" \/>\n<meta name=\"twitter:site\" content=\"@TheEpochTimesTR\" \/>\n<meta name=\"twitter:label1\" content=\"Yazan:\" \/>\n\t<meta name=\"twitter:data1\" content=\"Haber Merkezi\" \/>\n\t<meta name=\"twitter:label2\" content=\"Tahmini okuma s\u00fcresi\" \/>\n\t<meta name=\"twitter:data2\" content=\"2 dakika\" \/>\n<script type=\"application\/ld+json\" class=\"yoast-schema-graph\">{\"@context\":\"https:\/\/schema.org\",\"@graph\":[{\"@type\":\"Article\",\"@id\":\"https:\/\/epochtimestr.com\/index.php\/m9-atakoy-olimpiyat-metro-hattinin-mimar-sinan-istasyonu-hizmete-acildi#article\",\"isPartOf\":{\"@id\":\"https:\/\/epochtimestr.com\/index.php\/m9-atakoy-olimpiyat-metro-hattinin-mimar-sinan-istasyonu-hizmete-acildi\"},\"author\":{\"name\":\"Haber Merkezi\",\"@id\":\"https:\/\/epochtimestr.com\/#\/schema\/person\/3dc5c3adeb9f43923c5aa85889172fdd\"},\"headline\":\"M9 Atak\u00f6y &#8211; Olimpiyat Metro Hatt\u0131n\u0131n Mimar Sinan \u0130stasyonu Hizmete A\u00e7\u0131ld\u0131\",\"datePublished\":\"2024-08-30T21:04:04+00:00\",\"dateModified\":\"2024-08-30T21:04:15+00:00\",\"mainEntityOfPage\":{\"@id\":\"https:\/\/epochtimestr.com\/index.php\/m9-atakoy-olimpiyat-metro-hattinin-mimar-sinan-istasyonu-hizmete-acildi\"},\"wordCount\":302,\"publisher\":{\"@id\":\"https:\/\/epochtimestr.com\/#organization\"},\"image\":{\"@id\":\"https:\/\/epochtimestr.com\/index.php\/m9-atakoy-olimpiyat-metro-hattinin-mimar-sinan-istasyonu-hizmete-acildi#primaryimage\"},\"thumbnailUrl\":\"https:\/\/epochtimestr.com\/wp-content\/uploads\/2011y\/ibb-metro.jpg\",\"articleSection\":[\"G\u00dcNDEM\",\"Siyaset\",\"T\u00dcRK\u0130YE\"],\"inLanguage\":\"tr\"},{\"@type\":\"WebPage\",\"@id\":\"https:\/\/epochtimestr.com\/index.php\/m9-atakoy-olimpiyat-metro-hattinin-mimar-sinan-istasyonu-hizmete-acildi\",\"url\":\"https:\/\/epochtimestr.com\/index.php\/m9-atakoy-olimpiyat-metro-hattinin-mimar-sinan-istasyonu-hizmete-acildi\",\"name\":\"M9 Atak\u00f6y - Olimpiyat Metro Hatt\u0131n\u0131n Mimar Sinan \u0130stasyonu Hizmete A\u00e7\u0131ld\u0131 - The Epoch Times TR\",\"isPartOf\":{\"@id\":\"https:\/\/epochtimestr.com\/#website\"},\"primaryImageOfPage\":{\"@id\":\"https:\/\/epochtimestr.com\/index.php\/m9-atakoy-olimpiyat-metro-hattinin-mimar-sinan-istasyonu-hizmete-acildi#primaryimage\"},\"image\":{\"@id\":\"https:\/\/epochtimestr.com\/index.php\/m9-atakoy-olimpiyat-metro-hattinin-mimar-sinan-istasyonu-hizmete-acildi#primaryimage\"},\"thumbnailUrl\":\"https:\/\/epochtimestr.com\/wp-content\/uploads\/2011y\/ibb-metro.jpg\",\"datePublished\":\"2024-08-30T21:04:04+00:00\",\"dateModified\":\"2024-08-30T21:04:15+00:00\",\"inLanguage\":\"tr\",\"potentialAction\":[{\"@type\":\"ReadAction\",\"target\":[\"https:\/\/epochtimestr.com\/index.php\/m9-atakoy-olimpiyat-metro-hattinin-mimar-sinan-istasyonu-hizmete-acildi\"]}]},{\"@type\":\"ImageObject\",\"inLanguage\":\"tr\",\"@id\":\"https:\/\/epochtimestr.com\/index.php\/m9-atakoy-olimpiyat-metro-hattinin-mimar-sinan-istasyonu-hizmete-acildi#primaryimage\",\"url\":\"https:\/\/epochtimestr.com\/wp-content\/uploads\/2011y\/ibb-metro.jpg\",\"contentUrl\":\"https:\/\/epochtimestr.com\/wp-content\/uploads\/2011y\/ibb-metro.jpg\",\"width\":2048,\"height\":1536},{\"@type\":\"WebSite\",\"@id\":\"https:\/\/epochtimestr.com\/#website\",\"url\":\"https:\/\/epochtimestr.com\/\",\"name\":\"The Epoch Times TR\",\"description\":\"De\u011fi\u015fen D\u00fcnyam\u0131za Taze Bir Bak\u0131\u015f\",\"publisher\":{\"@id\":\"https:\/\/epochtimestr.com\/#organization\"},\"potentialAction\":[{\"@type\":\"SearchAction\",\"target\":{\"@type\":\"EntryPoint\",\"urlTemplate\":\"https:\/\/epochtimestr.com\/?s={search_term_string}\"},\"query-input\":\"required name=search_term_string\"}],\"inLanguage\":\"tr\"},{\"@type\":\"Organization\",\"@id\":\"https:\/\/epochtimestr.com\/#organization\",\"name\":\"The EpochTimes T\u00fcrkiye\",\"url\":\"https:\/\/epochtimestr.com\/\",\"logo\":{\"@type\":\"ImageObject\",\"inLanguage\":\"tr\",\"@id\":\"https:\/\/epochtimestr.com\/#\/schema\/logo\/image\/\",\"url\":\"https:\/\/epochtimestr.com\/wp-content\/uploads\/2011y\/ET-Logo-YG.jpg\",\"contentUrl\":\"https:\/\/epochtimestr.com\/wp-content\/uploads\/2011y\/ET-Logo-YG.jpg\",\"width\":346,\"height\":29,\"caption\":\"The EpochTimes T\u00fcrkiye\"},\"image\":{\"@id\":\"https:\/\/epochtimestr.com\/#\/schema\/logo\/image\/\"},\"sameAs\":[\"https:\/\/www.facebook.com\/theepochtimestr\",\"https:\/\/x.com\/TheEpochTimesTR\",\"https:\/\/www.instagram.com\/epochtimestr\"]},{\"@type\":\"Person\",\"@id\":\"https:\/\/epochtimestr.com\/#\/schema\/person\/3dc5c3adeb9f43923c5aa85889172fdd\",\"name\":\"Haber Merkezi\",\"image\":{\"@type\":\"ImageObject\",\"inLanguage\":\"tr\",\"@id\":\"https:\/\/epochtimestr.com\/#\/schema\/person\/image\/\",\"url\":\"https:\/\/secure.gravatar.com\/avatar\/d73f772ba5a74f28601361e17c2f93e6?s=96&d=mm&r=g\",\"contentUrl\":\"https:\/\/secure.gravatar.com\/avatar\/d73f772ba5a74f28601361e17c2f93e6?s=96&d=mm&r=g\",\"caption\":\"Haber Merkezi\"},\"url\":\"https:\/\/epochtimestr.com\/index.php\/author\/sendag\"}]}<\/script>\n<!-- \/ Yoast SEO plugin. -->","yoast_head_json":{"title":"M9 Atak\u00f6y - Olimpiyat Metro Hatt\u0131n\u0131n Mimar Sinan \u0130stasyonu Hizmete A\u00e7\u0131ld\u0131 - The Epoch Times TR","robots":{"index":"index","follow":"follow","max-snippet":"max-snippet:-1","max-image-preview":"max-image-preview:large","max-video-preview":"max-video-preview:-1"},"canonical":"https:\/\/epochtimestr.com\/index.php\/m9-atakoy-olimpiyat-metro-hattinin-mimar-sinan-istasyonu-hizmete-acildi","og_locale":"tr_TR","og_type":"article","og_title":"M9 Atak\u00f6y - Olimpiyat Metro Hatt\u0131n\u0131n Mimar Sinan \u0130stasyonu Hizmete A\u00e7\u0131ld\u0131 - The Epoch Times TR","og_description":"M9 Atak\u00f6y-Olimpiyat Metro Hatt\u0131\u2019n\u0131n Mimarsinan \u0130stasyonu, yap\u0131m i\u015fleri tamamlanarak 30 A\u011fustos Zafer Bayram\u0131\u2019nda \u0130stanbullular\u0131n hizmetine a\u00e7\u0131ld\u0131. M9 Atak\u00f6y-Olimpiyat Metro Hatt\u0131\u2019n\u0131n Mimarsinan \u0130stasyonu 30 A\u011fustos Zafer Bayram\u0131\u2019nda hizmete a\u00e7\u0131ld\u0131. Ekrem \u0130mamo\u011flu y\u00f6netimindeki \u0130BB y\u00f6netimi, \u00f6nceki idare taraf\u0131ndan durdurulan di\u011fer metro hatlar\u0131nda oldu\u011fu gibi, Atak\u00f6y-\u0130kitelli metro hatt\u0131nda da \u00e7al\u0131\u015fmalar\u0131 yeniden ba\u015flatarak 29 May\u0131s 2021\u2019de hatt\u0131n Bahariye ve [&hellip;]","og_url":"https:\/\/epochtimestr.com\/index.php\/m9-atakoy-olimpiyat-metro-hattinin-mimar-sinan-istasyonu-hizmete-acildi","og_site_name":"The Epoch Times TR","article_publisher":"https:\/\/www.facebook.com\/theepochtimestr","article_published_time":"2024-08-30T21:04:04+00:00","article_modified_time":"2024-08-30T21:04:15+00:00","og_image":[{"width":2048,"height":1536,"url":"https:\/\/epochtimestr.com\/wp-content\/uploads\/2011y\/ibb-metro.jpg","type":"image\/jpeg"}],"author":"Haber Merkezi","twitter_card":"summary_large_image","twitter_creator":"@TheEpochTimesTR","twitter_site":"@TheEpochTimesTR","twitter_misc":{"Yazan:":"Haber Merkezi","Tahmini okuma s\u00fcresi":"2 dakika"},"schema":{"@context":"https:\/\/schema.org","@graph":[{"@type":"Article","@id":"https:\/\/epochtimestr.com\/index.php\/m9-atakoy-olimpiyat-metro-hattinin-mimar-sinan-istasyonu-hizmete-acildi#article","isPartOf":{"@id":"https:\/\/epochtimestr.com\/index.php\/m9-atakoy-olimpiyat-metro-hattinin-mimar-sinan-istasyonu-hizmete-acildi"},"author":{"name":"Haber Merkezi","@id":"https:\/\/epochtimestr.com\/#\/schema\/person\/3dc5c3adeb9f43923c5aa85889172fdd"},"headline":"M9 Atak\u00f6y &#8211; Olimpiyat Metro Hatt\u0131n\u0131n Mimar Sinan \u0130stasyonu Hizmete A\u00e7\u0131ld\u0131","datePublished":"2024-08-30T21:04:04+00:00","dateModified":"2024-08-30T21:04:15+00:00","mainEntityOfPage":{"@id":"https:\/\/epochtimestr.com\/index.php\/m9-atakoy-olimpiyat-metro-hattinin-mimar-sinan-istasyonu-hizmete-acildi"},"wordCount":302,"publisher":{"@id":"https:\/\/epochtimestr.com\/#organization"},"image":{"@id":"https:\/\/epochtimestr.com\/index.php\/m9-atakoy-olimpiyat-metro-hattinin-mimar-sinan-istasyonu-hizmete-acildi#primaryimage"},"thumbnailUrl":"https:\/\/epochtimestr.com\/wp-content\/uploads\/2011y\/ibb-metro.jpg","articleSection":["G\u00dcNDEM","Siyaset","T\u00dcRK\u0130YE"],"inLanguage":"tr"},{"@type":"WebPage","@id":"https:\/\/epochtimestr.com\/index.php\/m9-atakoy-olimpiyat-metro-hattinin-mimar-sinan-istasyonu-hizmete-acildi","url":"https:\/\/epochtimestr.com\/index.php\/m9-atakoy-olimpiyat-metro-hattinin-mimar-sinan-istasyonu-hizmete-acildi","name":"M9 Atak\u00f6y - Olimpiyat Metro Hatt\u0131n\u0131n Mimar Sinan \u0130stasyonu Hizmete A\u00e7\u0131ld\u0131 - The Epoch Times TR","isPartOf":{"@id":"https:\/\/epochtimestr.com\/#website"},"primaryImageOfPage":{"@id":"https:\/\/epochtimestr.com\/index.php\/m9-atakoy-olimpiyat-metro-hattinin-mimar-sinan-istasyonu-hizmete-acildi#primaryimage"},"image":{"@id":"https:\/\/epochtimestr.com\/index.php\/m9-atakoy-olimpiyat-metro-hattinin-mimar-sinan-istasyonu-hizmete-acildi#primaryimage"},"thumbnailUrl":"https:\/\/epochtimestr.com\/wp-content\/uploads\/2011y\/ibb-metro.jpg","datePublished":"2024-08-30T21:04:04+00:00","dateModified":"2024-08-30T21:04:15+00:00","inLanguage":"tr","potentialAction":[{"@type":"ReadAction","target":["https:\/\/epochtimestr.com\/index.php\/m9-atakoy-olimpiyat-metro-hattinin-mimar-sinan-istasyonu-hizmete-acildi"]}]},{"@type":"ImageObject","inLanguage":"tr","@id":"https:\/\/epochtimestr.com\/index.php\/m9-atakoy-olimpiyat-metro-hattinin-mimar-sinan-istasyonu-hizmete-acildi#primaryimage","url":"https:\/\/epochtimestr.com\/wp-content\/uploads\/2011y\/ibb-metro.jpg","contentUrl":"https:\/\/epochtimestr.com\/wp-content\/uploads\/2011y\/ibb-metro.jpg","width":2048,"height":1536},{"@type":"WebSite","@id":"https:\/\/epochtimestr.com\/#website","url":"https:\/\/epochtimestr.com\/","name":"The Epoch Times TR","description":"De\u011fi\u015fen D\u00fcnyam\u0131za Taze Bir Bak\u0131\u015f","publisher":{"@id":"https:\/\/epochtimestr.com\/#organization"},"potentialAction":[{"@type":"SearchAction","target":{"@type":"EntryPoint","urlTemplate":"https:\/\/epochtimestr.com\/?s={search_term_string}"},"query-input":"required name=search_term_string"}],"inLanguage":"tr"},{"@type":"Organization","@id":"https:\/\/epochtimestr.com\/#organization","name":"The EpochTimes T\u00fcrkiye","url":"https:\/\/epochtimestr.com\/","logo":{"@type":"ImageObject","inLanguage":"tr","@id":"https:\/\/epochtimestr.com\/#\/schema\/logo\/image\/","url":"https:\/\/epochtimestr.com\/wp-content\/uploads\/2011y\/ET-Logo-YG.jpg","contentUrl":"https:\/\/epochtimestr.com\/wp-content\/uploads\/2011y\/ET-Logo-YG.jpg","width":346,"height":29,"caption":"The EpochTimes T\u00fcrkiye"},"image":{"@id":"https:\/\/epochtimestr.com\/#\/schema\/logo\/image\/"},"sameAs":["https:\/\/www.facebook.com\/theepochtimestr","https:\/\/x.com\/TheEpochTimesTR","https:\/\/www.instagram.com\/epochtimestr"]},{"@type":"Person","@id":"https:\/\/epochtimestr.com\/#\/schema\/person\/3dc5c3adeb9f43923c5aa85889172fdd","name":"Haber Merkezi","image":{"@type":"ImageObject","inLanguage":"tr","@id":"https:\/\/epochtimestr.com\/#\/schema\/person\/image\/","url":"https:\/\/secure.gravatar.com\/avatar\/d73f772ba5a74f28601361e17c2f93e6?s=96&d=mm&r=g","contentUrl":"https:\/\/secure.gravatar.com\/avatar\/d73f772ba5a74f28601361e17c2f93e6?s=96&d=mm&r=g","caption":"Haber Merkezi"},"url":"https:\/\/epochtimestr.com\/index.php\/author\/sendag"}]}},"_links":{"self":[{"href":"https:\/\/epochtimestr.com\/index.php\/wp-json\/wp\/v2\/posts\/154197"}],"collection":[{"href":"https:\/\/epochtimestr.com\/index.php\/wp-json\/wp\/v2\/posts"}],"about":[{"href":"https:\/\/epochtimestr.com\/index.php\/wp-json\/wp\/v2\/types\/post"}],"author":[{"embeddable":true,"href":"https:\/\/epochtimestr.com\/index.php\/wp-json\/wp\/v2\/users\/12791"}],"replies":[{"embeddable":true,"href":"https:\/\/epochtimestr.com\/index.php\/wp-json\/wp\/v2\/comments?post=154197"}],"version-history":[{"count":1,"href":"https:\/\/epochtimestr.com\/index.php\/wp-json\/wp\/v2\/posts\/154197\/revisions"}],"predecessor-version":[{"id":154199,"href":"https:\/\/epochtimestr.com\/index.php\/wp-json\/wp\/v2\/posts\/154197\/revisions\/154199"}],"wp:featuredmedia":[{"embeddable":true,"href":"https:\/\/epochtimestr.com\/index.php\/wp-json\/wp\/v2\/media\/154198"}],"wp:attachment":[{"href":"https:\/\/epochtimestr.com\/index.php\/wp-json\/wp\/v2\/media?parent=154197"}],"wp:term":[{"taxonomy":"category","embeddable":true,"href":"https:\/\/epochtimestr.com\/index.php\/wp-json\/wp\/v2\/categories?post=154197"},{"taxonomy":"post_tag","embeddable":true,"href":"https:\/\/epochtimestr.com\/index.php\/wp-json\/wp\/v2\/tags?post=154197"}],"curies":[{"name":"wp","href":"https:\/\/api.w.org\/{rel}","templated":true}]}}