{"id":154280,"date":"2024-09-05T00:04:22","date_gmt":"2024-09-04T21:04:22","guid":{"rendered":"https:\/\/epochtimestr.com\/?p=154280"},"modified":"2024-09-05T00:04:23","modified_gmt":"2024-09-04T21:04:23","slug":"sinema-ve-tiyatro-sanatcisi-umut-avci-hayatini-kaybetti","status":"publish","type":"post","link":"https:\/\/epochtimestr.com\/index.php\/sinema-ve-tiyatro-sanatcisi-umut-avci-hayatini-kaybetti","title":{"rendered":"Sinema ve Tiyatro Sanat\u00e7\u0131s\u0131 Umut Avc\u0131, Hayat\u0131n\u0131 Kaybetti"},"content":{"rendered":"\n<p><\/p>\n\n\n<div class=\"wp-block-image\">\n<figure class=\"aligncenter size-full\"><img loading=\"lazy\" decoding=\"async\" width=\"750\" height=\"562\" src=\"https:\/\/epochtimestr.com\/wp-content\/uploads\/2011y\/umut-avci.jpg\" alt=\"\" class=\"wp-image-154281\" srcset=\"https:\/\/epochtimestr.com\/wp-content\/uploads\/2011y\/umut-avci.jpg 750w, https:\/\/epochtimestr.com\/wp-content\/uploads\/2011y\/umut-avci-300x225.jpg 300w, https:\/\/epochtimestr.com\/wp-content\/uploads\/2011y\/umut-avci-150x112.jpg 150w, https:\/\/epochtimestr.com\/wp-content\/uploads\/2011y\/umut-avci-86x64.jpg 86w\" sizes=\"(max-width: 750px) 100vw, 750px\" \/><figcaption class=\"wp-element-caption\">                                                                                                            Foto\u011fraf:SAKM<\/figcaption><\/figure><\/div>\n\n\n<h2 class=\"wp-block-heading\">Oyuncu Umut Avc\u0131, 44 ya\u015f\u0131nda hayat\u0131n\u0131 kaybetti. Avc\u0131, beynine p\u0131ht\u0131 atmas\u0131 sonucu kald\u0131r\u0131ld\u0131\u011f\u0131 hastanede 15 g\u00fcnd\u00fcr tedavi g\u00f6r\u00fcyordu.<\/h2>\n\n\n\n<p>Sinema ve tiyatro sanat\u00e7\u0131s\u0131 Umut Avc\u0131, 44 ya\u015f\u0131nda hayat\u0131n\u0131 kaybetti.Avc\u0131&#8217;n\u0131n ya\u015fam\u0131n\u0131 yitirdi\u011fine dair haberi, Sadri Al\u0131\u015f\u0131k K\u00fclt\u00fcr Merkezi duyurdu.<br \/>SAKM&#8217;nin a\u00e7\u0131klamas\u0131nda \u015funlar kaydedildi:<\/p>\n\n\n\n<p>&#8220;\u0130stanbul mezunlar\u0131m\u0131zdan, tiyatromuzun pek \u00e7ok oyununda yer alm\u0131\u015f de\u011ferli oyuncumuz &#8216;Umut Avc\u0131\u2019y\u0131 gen\u00e7 ya\u015fta kay\u0131p etmenin derin \u00fcz\u00fcnt\u00fcs\u00fc i\u00e7erisindeyiz. K\u0131ymetli oyuncumuz Umut\u2019a Allahtan rahmet, ba\u015fta ailesi ve sevdikleri olmak \u00fczere t\u00fcm SAKM ailesine ba\u015fsa\u011fl\u0131\u011f\u0131 dileriz. Seni her zaman g\u00fclen y\u00fcz\u00fcn ve sevgi dolu kalbinle hat\u0131rlayaca\u011f\u0131z UMUT.&#8221;<br \/>Gen\u00e7 ya\u015fta hayat\u0131n\u0131 kaybeden Umut Avc\u0131; \u201cHep Yek\u201d, \u201cVerKa\u00e7\u201d, \u201cAilece \u015ea\u015fk\u0131n\u0131z\u201d, \u201cBir Zamanlar K\u0131br\u0131s\u201d ve \u201cK\u0131br\u0131s Zafere Do\u011fru\u201d isimli filmlerin yan\u0131 s\u0131ra \u201cEsaretin Bedeli\u201d, \u201cTak\u0131m \u00c7antas\u0131\u201d, \u201cGugukku\u015fu\u201d, \u201cOrjinak Kopya\u201d gibi bir \u00e7ok \u00f6nemli tiyatro oyunlar\u0131nda da yer alm\u0131\u015ft\u0131.<\/p>\n","protected":false},"excerpt":{"rendered":"<p>Oyuncu Umut Avc\u0131, 44 ya\u015f\u0131nda hayat\u0131n\u0131 kaybetti. Avc\u0131, beynine p\u0131ht\u0131 atmas\u0131 sonucu kald\u0131r\u0131ld\u0131\u011f\u0131 hastanede 15 g\u00fcnd\u00fcr tedavi g\u00f6r\u00fcyordu. Sinema ve tiyatro sanat\u00e7\u0131s\u0131 Umut Avc\u0131, 44 ya\u015f\u0131nda hayat\u0131n\u0131 kaybetti.Avc\u0131&#8217;n\u0131n ya\u015fam\u0131n\u0131 yitirdi\u011fine dair haberi, Sadri Al\u0131\u015f\u0131k K\u00fclt\u00fcr Merkezi duyurdu.SAKM&#8217;nin a\u00e7\u0131klamas\u0131nda \u015funlar kaydedildi: &#8220;\u0130stanbul mezunlar\u0131m\u0131zdan, tiyatromuzun pek \u00e7ok oyununda yer alm\u0131\u015f de\u011ferli oyuncumuz &#8216;Umut Avc\u0131\u2019y\u0131 gen\u00e7 ya\u015fta kay\u0131p [&hellip;]<\/p>\n","protected":false},"author":12791,"featured_media":154281,"comment_status":"closed","ping_status":"open","sticky":false,"template":"","format":"standard","meta":{"_yoast_wpseo_focuskw":"Sinema ve Tiyatro Sanat\u00e7\u0131s\u0131 Umut Avc\u0131, Hayat\u0131n\u0131 Kaybetti","_yoast_wpseo_title":"","_yoast_wpseo_metadesc":"","_bbp_topic_count":0,"_bbp_reply_count":0,"_bbp_total_topic_count":0,"_bbp_total_reply_count":0,"_bbp_voice_count":0,"_bbp_anonymous_reply_count":0,"_bbp_topic_count_hidden":0,"_bbp_reply_count_hidden":0,"_bbp_forum_subforum_count":0,"footnotes":"","_yoast_wpseo_focuskw_text_input":""},"categories":[8204,1,6915,16,37],"tags":[],"yoast_head":"<!-- This site is optimized with the Yoast SEO plugin v23.0 - https:\/\/yoast.com\/wordpress\/plugins\/seo\/ -->\n<title>Sinema ve Tiyatro Sanat\u00e7\u0131s\u0131 Umut Avc\u0131, Hayat\u0131n\u0131 Kaybetti - The Epoch Times TR<\/title>\n<meta name=\"robots\" content=\"index, follow, max-snippet:-1, max-image-preview:large, max-video-preview:-1\" \/>\n<link rel=\"canonical\" href=\"https:\/\/epochtimestr.com\/index.php\/sinema-ve-tiyatro-sanatcisi-umut-avci-hayatini-kaybetti\" \/>\n<meta property=\"og:locale\" content=\"tr_TR\" \/>\n<meta property=\"og:type\" content=\"article\" \/>\n<meta property=\"og:title\" content=\"Sinema ve Tiyatro Sanat\u00e7\u0131s\u0131 Umut Avc\u0131, Hayat\u0131n\u0131 Kaybetti - The Epoch Times TR\" \/>\n<meta property=\"og:description\" content=\"Oyuncu Umut Avc\u0131, 44 ya\u015f\u0131nda hayat\u0131n\u0131 kaybetti. Avc\u0131, beynine p\u0131ht\u0131 atmas\u0131 sonucu kald\u0131r\u0131ld\u0131\u011f\u0131 hastanede 15 g\u00fcnd\u00fcr tedavi g\u00f6r\u00fcyordu. Sinema ve tiyatro sanat\u00e7\u0131s\u0131 Umut Avc\u0131, 44 ya\u015f\u0131nda hayat\u0131n\u0131 kaybetti.Avc\u0131&#8217;n\u0131n ya\u015fam\u0131n\u0131 yitirdi\u011fine dair haberi, Sadri Al\u0131\u015f\u0131k K\u00fclt\u00fcr Merkezi duyurdu.SAKM&#8217;nin a\u00e7\u0131klamas\u0131nda \u015funlar kaydedildi: &#8220;\u0130stanbul mezunlar\u0131m\u0131zdan, tiyatromuzun pek \u00e7ok oyununda yer alm\u0131\u015f de\u011ferli oyuncumuz &#8216;Umut Avc\u0131\u2019y\u0131 gen\u00e7 ya\u015fta kay\u0131p [&hellip;]\" \/>\n<meta property=\"og:url\" content=\"https:\/\/epochtimestr.com\/index.php\/sinema-ve-tiyatro-sanatcisi-umut-avci-hayatini-kaybetti\" \/>\n<meta property=\"og:site_name\" content=\"The Epoch Times TR\" \/>\n<meta property=\"article:publisher\" content=\"https:\/\/www.facebook.com\/theepochtimestr\" \/>\n<meta property=\"article:published_time\" content=\"2024-09-04T21:04:22+00:00\" \/>\n<meta property=\"article:modified_time\" content=\"2024-09-04T21:04:23+00:00\" \/>\n<meta property=\"og:image\" content=\"https:\/\/epochtimestr.com\/wp-content\/uploads\/2011y\/umut-avci.jpg\" \/>\n\t<meta property=\"og:image:width\" content=\"750\" \/>\n\t<meta property=\"og:image:height\" content=\"562\" \/>\n\t<meta property=\"og:image:type\" content=\"image\/jpeg\" \/>\n<meta name=\"author\" content=\"Haber Merkezi\" \/>\n<meta name=\"twitter:card\" content=\"summary_large_image\" \/>\n<meta name=\"twitter:creator\" content=\"@TheEpochTimesTR\" \/>\n<meta name=\"twitter:site\" content=\"@TheEpochTimesTR\" \/>\n<meta name=\"twitter:label1\" content=\"Yazan:\" \/>\n\t<meta name=\"twitter:data1\" content=\"Haber Merkezi\" \/>\n\t<meta name=\"twitter:label2\" content=\"Tahmini okuma s\u00fcresi\" \/>\n\t<meta name=\"twitter:data2\" content=\"2 dakika\" \/>\n<script type=\"application\/ld+json\" class=\"yoast-schema-graph\">{\"@context\":\"https:\/\/schema.org\",\"@graph\":[{\"@type\":\"Article\",\"@id\":\"https:\/\/epochtimestr.com\/index.php\/sinema-ve-tiyatro-sanatcisi-umut-avci-hayatini-kaybetti#article\",\"isPartOf\":{\"@id\":\"https:\/\/epochtimestr.com\/index.php\/sinema-ve-tiyatro-sanatcisi-umut-avci-hayatini-kaybetti\"},\"author\":{\"name\":\"Haber Merkezi\",\"@id\":\"https:\/\/epochtimestr.com\/#\/schema\/person\/3dc5c3adeb9f43923c5aa85889172fdd\"},\"headline\":\"Sinema ve Tiyatro Sanat\u00e7\u0131s\u0131 Umut Avc\u0131, Hayat\u0131n\u0131 Kaybetti\",\"datePublished\":\"2024-09-04T21:04:22+00:00\",\"dateModified\":\"2024-09-04T21:04:23+00:00\",\"mainEntityOfPage\":{\"@id\":\"https:\/\/epochtimestr.com\/index.php\/sinema-ve-tiyatro-sanatcisi-umut-avci-hayatini-kaybetti\"},\"wordCount\":193,\"publisher\":{\"@id\":\"https:\/\/epochtimestr.com\/#organization\"},\"image\":{\"@id\":\"https:\/\/epochtimestr.com\/index.php\/sinema-ve-tiyatro-sanatcisi-umut-avci-hayatini-kaybetti#primaryimage\"},\"thumbnailUrl\":\"https:\/\/epochtimestr.com\/wp-content\/uploads\/2011y\/umut-avci.jpg\",\"articleSection\":[\"Film &amp; TV\",\"G\u00dcNDEM\",\"Sahne Sanatlar\u0131\",\"SANAT ve K\u00dcLT\u00dcR\",\"T\u00dcRK\u0130YE\"],\"inLanguage\":\"tr\"},{\"@type\":\"WebPage\",\"@id\":\"https:\/\/epochtimestr.com\/index.php\/sinema-ve-tiyatro-sanatcisi-umut-avci-hayatini-kaybetti\",\"url\":\"https:\/\/epochtimestr.com\/index.php\/sinema-ve-tiyatro-sanatcisi-umut-avci-hayatini-kaybetti\",\"name\":\"Sinema ve Tiyatro Sanat\u00e7\u0131s\u0131 Umut Avc\u0131, Hayat\u0131n\u0131 Kaybetti - The Epoch Times TR\",\"isPartOf\":{\"@id\":\"https:\/\/epochtimestr.com\/#website\"},\"primaryImageOfPage\":{\"@id\":\"https:\/\/epochtimestr.com\/index.php\/sinema-ve-tiyatro-sanatcisi-umut-avci-hayatini-kaybetti#primaryimage\"},\"image\":{\"@id\":\"https:\/\/epochtimestr.com\/index.php\/sinema-ve-tiyatro-sanatcisi-umut-avci-hayatini-kaybetti#primaryimage\"},\"thumbnailUrl\":\"https:\/\/epochtimestr.com\/wp-content\/uploads\/2011y\/umut-avci.jpg\",\"datePublished\":\"2024-09-04T21:04:22+00:00\",\"dateModified\":\"2024-09-04T21:04:23+00:00\",\"inLanguage\":\"tr\",\"potentialAction\":[{\"@type\":\"ReadAction\",\"target\":[\"https:\/\/epochtimestr.com\/index.php\/sinema-ve-tiyatro-sanatcisi-umut-avci-hayatini-kaybetti\"]}]},{\"@type\":\"ImageObject\",\"inLanguage\":\"tr\",\"@id\":\"https:\/\/epochtimestr.com\/index.php\/sinema-ve-tiyatro-sanatcisi-umut-avci-hayatini-kaybetti#primaryimage\",\"url\":\"https:\/\/epochtimestr.com\/wp-content\/uploads\/2011y\/umut-avci.jpg\",\"contentUrl\":\"https:\/\/epochtimestr.com\/wp-content\/uploads\/2011y\/umut-avci.jpg\",\"width\":750,\"height\":562},{\"@type\":\"WebSite\",\"@id\":\"https:\/\/epochtimestr.com\/#website\",\"url\":\"https:\/\/epochtimestr.com\/\",\"name\":\"The Epoch Times TR\",\"description\":\"De\u011fi\u015fen D\u00fcnyam\u0131za Taze Bir Bak\u0131\u015f\",\"publisher\":{\"@id\":\"https:\/\/epochtimestr.com\/#organization\"},\"potentialAction\":[{\"@type\":\"SearchAction\",\"target\":{\"@type\":\"EntryPoint\",\"urlTemplate\":\"https:\/\/epochtimestr.com\/?s={search_term_string}\"},\"query-input\":\"required name=search_term_string\"}],\"inLanguage\":\"tr\"},{\"@type\":\"Organization\",\"@id\":\"https:\/\/epochtimestr.com\/#organization\",\"name\":\"The EpochTimes T\u00fcrkiye\",\"url\":\"https:\/\/epochtimestr.com\/\",\"logo\":{\"@type\":\"ImageObject\",\"inLanguage\":\"tr\",\"@id\":\"https:\/\/epochtimestr.com\/#\/schema\/logo\/image\/\",\"url\":\"https:\/\/epochtimestr.com\/wp-content\/uploads\/2011y\/ET-Logo-YG.jpg\",\"contentUrl\":\"https:\/\/epochtimestr.com\/wp-content\/uploads\/2011y\/ET-Logo-YG.jpg\",\"width\":346,\"height\":29,\"caption\":\"The EpochTimes T\u00fcrkiye\"},\"image\":{\"@id\":\"https:\/\/epochtimestr.com\/#\/schema\/logo\/image\/\"},\"sameAs\":[\"https:\/\/www.facebook.com\/theepochtimestr\",\"https:\/\/x.com\/TheEpochTimesTR\",\"https:\/\/www.instagram.com\/epochtimestr\"]},{\"@type\":\"Person\",\"@id\":\"https:\/\/epochtimestr.com\/#\/schema\/person\/3dc5c3adeb9f43923c5aa85889172fdd\",\"name\":\"Haber Merkezi\",\"image\":{\"@type\":\"ImageObject\",\"inLanguage\":\"tr\",\"@id\":\"https:\/\/epochtimestr.com\/#\/schema\/person\/image\/\",\"url\":\"https:\/\/secure.gravatar.com\/avatar\/d73f772ba5a74f28601361e17c2f93e6?s=96&d=mm&r=g\",\"contentUrl\":\"https:\/\/secure.gravatar.com\/avatar\/d73f772ba5a74f28601361e17c2f93e6?s=96&d=mm&r=g\",\"caption\":\"Haber Merkezi\"},\"url\":\"https:\/\/epochtimestr.com\/index.php\/author\/sendag\"}]}<\/script>\n<!-- \/ Yoast SEO plugin. -->","yoast_head_json":{"title":"Sinema ve Tiyatro Sanat\u00e7\u0131s\u0131 Umut Avc\u0131, Hayat\u0131n\u0131 Kaybetti - The Epoch Times TR","robots":{"index":"index","follow":"follow","max-snippet":"max-snippet:-1","max-image-preview":"max-image-preview:large","max-video-preview":"max-video-preview:-1"},"canonical":"https:\/\/epochtimestr.com\/index.php\/sinema-ve-tiyatro-sanatcisi-umut-avci-hayatini-kaybetti","og_locale":"tr_TR","og_type":"article","og_title":"Sinema ve Tiyatro Sanat\u00e7\u0131s\u0131 Umut Avc\u0131, Hayat\u0131n\u0131 Kaybetti - The Epoch Times TR","og_description":"Oyuncu Umut Avc\u0131, 44 ya\u015f\u0131nda hayat\u0131n\u0131 kaybetti. Avc\u0131, beynine p\u0131ht\u0131 atmas\u0131 sonucu kald\u0131r\u0131ld\u0131\u011f\u0131 hastanede 15 g\u00fcnd\u00fcr tedavi g\u00f6r\u00fcyordu. Sinema ve tiyatro sanat\u00e7\u0131s\u0131 Umut Avc\u0131, 44 ya\u015f\u0131nda hayat\u0131n\u0131 kaybetti.Avc\u0131&#8217;n\u0131n ya\u015fam\u0131n\u0131 yitirdi\u011fine dair haberi, Sadri Al\u0131\u015f\u0131k K\u00fclt\u00fcr Merkezi duyurdu.SAKM&#8217;nin a\u00e7\u0131klamas\u0131nda \u015funlar kaydedildi: &#8220;\u0130stanbul mezunlar\u0131m\u0131zdan, tiyatromuzun pek \u00e7ok oyununda yer alm\u0131\u015f de\u011ferli oyuncumuz &#8216;Umut Avc\u0131\u2019y\u0131 gen\u00e7 ya\u015fta kay\u0131p [&hellip;]","og_url":"https:\/\/epochtimestr.com\/index.php\/sinema-ve-tiyatro-sanatcisi-umut-avci-hayatini-kaybetti","og_site_name":"The Epoch Times TR","article_publisher":"https:\/\/www.facebook.com\/theepochtimestr","article_published_time":"2024-09-04T21:04:22+00:00","article_modified_time":"2024-09-04T21:04:23+00:00","og_image":[{"width":750,"height":562,"url":"https:\/\/epochtimestr.com\/wp-content\/uploads\/2011y\/umut-avci.jpg","type":"image\/jpeg"}],"author":"Haber Merkezi","twitter_card":"summary_large_image","twitter_creator":"@TheEpochTimesTR","twitter_site":"@TheEpochTimesTR","twitter_misc":{"Yazan:":"Haber Merkezi","Tahmini okuma s\u00fcresi":"2 dakika"},"schema":{"@context":"https:\/\/schema.org","@graph":[{"@type":"Article","@id":"https:\/\/epochtimestr.com\/index.php\/sinema-ve-tiyatro-sanatcisi-umut-avci-hayatini-kaybetti#article","isPartOf":{"@id":"https:\/\/epochtimestr.com\/index.php\/sinema-ve-tiyatro-sanatcisi-umut-avci-hayatini-kaybetti"},"author":{"name":"Haber Merkezi","@id":"https:\/\/epochtimestr.com\/#\/schema\/person\/3dc5c3adeb9f43923c5aa85889172fdd"},"headline":"Sinema ve Tiyatro Sanat\u00e7\u0131s\u0131 Umut Avc\u0131, Hayat\u0131n\u0131 Kaybetti","datePublished":"2024-09-04T21:04:22+00:00","dateModified":"2024-09-04T21:04:23+00:00","mainEntityOfPage":{"@id":"https:\/\/epochtimestr.com\/index.php\/sinema-ve-tiyatro-sanatcisi-umut-avci-hayatini-kaybetti"},"wordCount":193,"publisher":{"@id":"https:\/\/epochtimestr.com\/#organization"},"image":{"@id":"https:\/\/epochtimestr.com\/index.php\/sinema-ve-tiyatro-sanatcisi-umut-avci-hayatini-kaybetti#primaryimage"},"thumbnailUrl":"https:\/\/epochtimestr.com\/wp-content\/uploads\/2011y\/umut-avci.jpg","articleSection":["Film &amp; TV","G\u00dcNDEM","Sahne Sanatlar\u0131","SANAT ve K\u00dcLT\u00dcR","T\u00dcRK\u0130YE"],"inLanguage":"tr"},{"@type":"WebPage","@id":"https:\/\/epochtimestr.com\/index.php\/sinema-ve-tiyatro-sanatcisi-umut-avci-hayatini-kaybetti","url":"https:\/\/epochtimestr.com\/index.php\/sinema-ve-tiyatro-sanatcisi-umut-avci-hayatini-kaybetti","name":"Sinema ve Tiyatro Sanat\u00e7\u0131s\u0131 Umut Avc\u0131, Hayat\u0131n\u0131 Kaybetti - The Epoch Times TR","isPartOf":{"@id":"https:\/\/epochtimestr.com\/#website"},"primaryImageOfPage":{"@id":"https:\/\/epochtimestr.com\/index.php\/sinema-ve-tiyatro-sanatcisi-umut-avci-hayatini-kaybetti#primaryimage"},"image":{"@id":"https:\/\/epochtimestr.com\/index.php\/sinema-ve-tiyatro-sanatcisi-umut-avci-hayatini-kaybetti#primaryimage"},"thumbnailUrl":"https:\/\/epochtimestr.com\/wp-content\/uploads\/2011y\/umut-avci.jpg","datePublished":"2024-09-04T21:04:22+00:00","dateModified":"2024-09-04T21:04:23+00:00","inLanguage":"tr","potentialAction":[{"@type":"ReadAction","target":["https:\/\/epochtimestr.com\/index.php\/sinema-ve-tiyatro-sanatcisi-umut-avci-hayatini-kaybetti"]}]},{"@type":"ImageObject","inLanguage":"tr","@id":"https:\/\/epochtimestr.com\/index.php\/sinema-ve-tiyatro-sanatcisi-umut-avci-hayatini-kaybetti#primaryimage","url":"https:\/\/epochtimestr.com\/wp-content\/uploads\/2011y\/umut-avci.jpg","contentUrl":"https:\/\/epochtimestr.com\/wp-content\/uploads\/2011y\/umut-avci.jpg","width":750,"height":562},{"@type":"WebSite","@id":"https:\/\/epochtimestr.com\/#website","url":"https:\/\/epochtimestr.com\/","name":"The Epoch Times TR","description":"De\u011fi\u015fen D\u00fcnyam\u0131za Taze Bir Bak\u0131\u015f","publisher":{"@id":"https:\/\/epochtimestr.com\/#organization"},"potentialAction":[{"@type":"SearchAction","target":{"@type":"EntryPoint","urlTemplate":"https:\/\/epochtimestr.com\/?s={search_term_string}"},"query-input":"required name=search_term_string"}],"inLanguage":"tr"},{"@type":"Organization","@id":"https:\/\/epochtimestr.com\/#organization","name":"The EpochTimes T\u00fcrkiye","url":"https:\/\/epochtimestr.com\/","logo":{"@type":"ImageObject","inLanguage":"tr","@id":"https:\/\/epochtimestr.com\/#\/schema\/logo\/image\/","url":"https:\/\/epochtimestr.com\/wp-content\/uploads\/2011y\/ET-Logo-YG.jpg","contentUrl":"https:\/\/epochtimestr.com\/wp-content\/uploads\/2011y\/ET-Logo-YG.jpg","width":346,"height":29,"caption":"The EpochTimes T\u00fcrkiye"},"image":{"@id":"https:\/\/epochtimestr.com\/#\/schema\/logo\/image\/"},"sameAs":["https:\/\/www.facebook.com\/theepochtimestr","https:\/\/x.com\/TheEpochTimesTR","https:\/\/www.instagram.com\/epochtimestr"]},{"@type":"Person","@id":"https:\/\/epochtimestr.com\/#\/schema\/person\/3dc5c3adeb9f43923c5aa85889172fdd","name":"Haber Merkezi","image":{"@type":"ImageObject","inLanguage":"tr","@id":"https:\/\/epochtimestr.com\/#\/schema\/person\/image\/","url":"https:\/\/secure.gravatar.com\/avatar\/d73f772ba5a74f28601361e17c2f93e6?s=96&d=mm&r=g","contentUrl":"https:\/\/secure.gravatar.com\/avatar\/d73f772ba5a74f28601361e17c2f93e6?s=96&d=mm&r=g","caption":"Haber Merkezi"},"url":"https:\/\/epochtimestr.com\/index.php\/author\/sendag"}]}},"_links":{"self":[{"href":"https:\/\/epochtimestr.com\/index.php\/wp-json\/wp\/v2\/posts\/154280"}],"collection":[{"href":"https:\/\/epochtimestr.com\/index.php\/wp-json\/wp\/v2\/posts"}],"about":[{"href":"https:\/\/epochtimestr.com\/index.php\/wp-json\/wp\/v2\/types\/post"}],"author":[{"embeddable":true,"href":"https:\/\/epochtimestr.com\/index.php\/wp-json\/wp\/v2\/users\/12791"}],"replies":[{"embeddable":true,"href":"https:\/\/epochtimestr.com\/index.php\/wp-json\/wp\/v2\/comments?post=154280"}],"version-history":[{"count":1,"href":"https:\/\/epochtimestr.com\/index.php\/wp-json\/wp\/v2\/posts\/154280\/revisions"}],"predecessor-version":[{"id":154282,"href":"https:\/\/epochtimestr.com\/index.php\/wp-json\/wp\/v2\/posts\/154280\/revisions\/154282"}],"wp:featuredmedia":[{"embeddable":true,"href":"https:\/\/epochtimestr.com\/index.php\/wp-json\/wp\/v2\/media\/154281"}],"wp:attachment":[{"href":"https:\/\/epochtimestr.com\/index.php\/wp-json\/wp\/v2\/media?parent=154280"}],"wp:term":[{"taxonomy":"category","embeddable":true,"href":"https:\/\/epochtimestr.com\/index.php\/wp-json\/wp\/v2\/categories?post=154280"},{"taxonomy":"post_tag","embeddable":true,"href":"https:\/\/epochtimestr.com\/index.php\/wp-json\/wp\/v2\/tags?post=154280"}],"curies":[{"name":"wp","href":"https:\/\/api.w.org\/{rel}","templated":true}]}}