{"id":154592,"date":"2024-09-23T16:27:01","date_gmt":"2024-09-23T13:27:01","guid":{"rendered":"https:\/\/epochtimestr.com\/?p=154592"},"modified":"2024-09-23T16:27:02","modified_gmt":"2024-09-23T13:27:02","slug":"senarist-ve-yonetmen-tomris-giritlioglu-hayatini-kaybetti","status":"publish","type":"post","link":"https:\/\/epochtimestr.com\/index.php\/senarist-ve-yonetmen-tomris-giritlioglu-hayatini-kaybetti","title":{"rendered":"Senarist ve Y\u00f6netmen Tomris Giritlio\u011flu Hayat\u0131n\u0131 Kaybetti"},"content":{"rendered":"\n<p><\/p>\n\n\n<div class=\"wp-block-image\">\n<figure class=\"aligncenter size-full\"><img loading=\"lazy\" decoding=\"async\" width=\"663\" height=\"339\" src=\"https:\/\/epochtimestr.com\/wp-content\/uploads\/2011y\/tomris.webp\" alt=\"\" class=\"wp-image-154593\" srcset=\"https:\/\/epochtimestr.com\/wp-content\/uploads\/2011y\/tomris.webp 663w, https:\/\/epochtimestr.com\/wp-content\/uploads\/2011y\/tomris-300x153.webp 300w, https:\/\/epochtimestr.com\/wp-content\/uploads\/2011y\/tomris-150x77.webp 150w\" sizes=\"(max-width: 663px) 100vw, 663px\" \/><\/figure><\/div>\n\n\n<h2 class=\"wp-block-heading\">\u0130stanbul&#8217;da tedavi g\u00f6rd\u00fc\u011f\u00fc hastanede hayat\u0131n\u0131 kaybeden Giritlio\u011flu, 67 ya\u015f\u0131ndayd\u0131.<\/h2>\n\n\n\n<p>Uzun s\u00fcredir kanserle m\u00fccadele eden y\u00f6netmen, senarist ve yap\u0131mc\u0131 Tomris Giritlio\u011flu \u0130stanbul\u2019da tedavi g\u00f6rd\u00fc\u011f\u00fc hastanede 67 ya\u015f\u0131nda hayat\u0131n\u0131 kaybetti.<\/p>\n\n\n\n<p>Giritlio\u011flu, 1999 y\u0131l\u0131nda y\u00f6netmenli\u011fini yapt\u0131\u011f\u0131 \u201cSalk\u0131m Han\u0131m\u0131n Taneleri\u201d ile \u00fcne kavu\u015fmu\u015ftu. \u201cKur\u015fun Yaras\u0131\u201d, \u201c\u00c7emberimde G\u00fcl Oya\u201d, \u201cHat\u0131rla Sevgili\u201d, \u201cAsi\u201d, \u201cG\u00f6n\u00fcl\u00e7elen\u201d gibi pek \u00e7ok yap\u0131mda proje tasar\u0131mc\u0131s\u0131 ve yap\u0131mc\u0131 olarak g\u00f6rev alm\u0131\u015ft\u0131.<\/p>\n\n\n\n<p>Sinema Yazarlar\u0131 Derne\u011fi (S\u0130YAD) X hesab\u0131ndan \u201cY\u00f6netmenli\u011fini yapt\u0131\u011f\u0131 80. Ad\u0131m, Salk\u0131m Han\u0131m\u0131n Taneleri, G\u00fcz Sanc\u0131s\u0131 filmleriyle yak\u0131n tarihimizden \u00f6nemli hikayeler anlatan, yap\u0131mc\u0131s\u0131 oldu\u011fu dizilerle de sekt\u00f6r\u00fcn bir\u00e7ok \u00fcnl\u00fc oyuncusunun \u00e7\u0131k\u0131\u015f\u0131n\u0131 sa\u011flayan Tomris Giritlio\u011flu&#8217;nu kaybetmenin \u00fcz\u00fcnt\u00fcs\u00fc i\u00e7indeyiz. Ba\u015f\u0131m\u0131z sa\u011f olsun\u201d mesaj\u0131n\u0131 payla\u015ft\u0131.<\/p>\n\n\n\n<p><\/p>\n\n\n<div class=\"wp-block-image\">\n<figure class=\"aligncenter size-full\"><img loading=\"lazy\" decoding=\"async\" width=\"295\" height=\"171\" src=\"https:\/\/epochtimestr.com\/wp-content\/uploads\/2011y\/giritlioglu.jpg\" alt=\"\" class=\"wp-image-154594\" srcset=\"https:\/\/epochtimestr.com\/wp-content\/uploads\/2011y\/giritlioglu.jpg 295w, https:\/\/epochtimestr.com\/wp-content\/uploads\/2011y\/giritlioglu-150x87.jpg 150w\" sizes=\"(max-width: 295px) 100vw, 295px\" \/><\/figure><\/div>\n\n\n<p><strong>\u201cBu \u00fclke K\u00fcrt sevmiyor, Ermeni hi\u00e7 sevmiyor\u201d<\/strong><br \/>Hrant Dink Vakf\u0131&#8217;n\u0131n 2016&#8217;daki &#8220;Hik\u00e2yenin Zor Hali: T\u00fcrkiye\u2019de Yerli Diziler ve Ayr\u0131mc\u0131l\u0131k&#8221; panelinde konu\u015fmac\u0131 olan Giritlio\u011flu, \u015f\u00f6yle demi\u015fti:<\/p>\n\n\n\n<p>\u201cAz\u0131nl\u0131k olmak illa Ermeni, Rum veya Alevi olmak de\u011fil. Bir M\u00fcsl\u00fcman olarak ben de kendimi az\u0131nl\u0131k hissediyorum. Az\u0131nl\u0131k duygusunu hep hayatta aktarmaya \u00e7al\u0131\u015ft\u0131m. Bazen d\u00fc\u015f\u00fcn\u00fcyorum, yapt\u0131\u011f\u0131m\u0131z i\u015fler \u00e7\u0131lg\u0131nl\u0131km\u0131\u015f. \u015eunu g\u00f6rd\u00fcm bu \u00fclke K\u00fcrt sevmiyor, Alevi sevmiyor, Ermeni hi\u00e7 sevmiyor. Hat\u0131rla Sevgili\u2019de Deniz Gezmi\u015f\u2019in K\u00fcrt halk\u0131 s\u00f6zc\u00fc\u011f\u00fcn\u00fc kestiler.\u201d<\/p>\n\n\n\n<p>Giritlio\u011flu, ayn\u0131 panelde dizi sekt\u00f6r\u00fcnde bir\u00e7ok zorlukla kar\u015f\u0131la\u015ft\u0131\u011f\u0131n\u0131 belirtmesine ra\u011fmen yapmak istedi\u011fi projeleri ger\u00e7ekle\u015ftirdi\u011fini vurgulad\u0131. \u00d6rne\u011fin, &#8220;Kay\u0131p \u015eehir&#8221; dizisine trans bir karakter ekledi\u011fini, ba\u015froldeki kad\u0131n\u0131n seks i\u015f\u00e7isi oldu\u011funu ve siyah bir gence a\u015f\u0131k olan M\u00fcsl\u00fcman bir kad\u0131n karakterin hik\u00e2yesinin ard\u0131ndan k\u0131yametin koptu\u011funu s\u00f6yledi:<\/p>\n\n\n\n<p>\u201cBen bu i\u015fleri yapman\u0131n \u00e7ok de\u011ferli oldu\u011funu d\u00fc\u015f\u00fcn\u00fcyorum. \u00c7ok sevdi\u011fim ve etkilendi\u011fim bir Rus y\u00f6netmenin bir s\u00f6z\u00fc vard\u0131: Biz Avrasyal\u0131 y\u00f6netmenleriniz, biz topraklar\u0131m\u0131z\u0131n hik\u00e2yesini anlatmak zorunday\u0131z. Bu c\u00fcmle hi\u00e7 akl\u0131mdan \u00e7\u0131kmamas\u0131na ra\u011fmen ayr\u0131mc\u0131l\u0131\u011fa kar\u015f\u0131 bir \u015fey yapam\u0131yoruz, b\u00fcy\u00fck engellemelerle kar\u015f\u0131la\u015f\u0131yoruz.\u201d<\/p>\n\n\n\n<p><\/p>\n\n\n\n<p><strong>TOMR\u0130S G\u0130R\u0130TL\u0130O\u011eLU K\u0130MD\u0130R?<\/strong><\/p>\n\n\n\n<p><br \/>1957 y\u0131l\u0131nda Hatayl\u0131 bir ailenin \u00e7ocu\u011fu olarak Konya&#8217;da do\u011fan Giritlio\u011flu, TED Ankara Koleji&#8217;nde e\u011fitim g\u00f6rd\u00fc.<\/p>\n\n\n\n<p>Hacettepe \u00dcniversitesi \u0130ngiliz Dili ve Edebiyat\u0131 B\u00f6l\u00fcm\u00fc&#8217;nden mezun olduktan sonra \u00fcniversite d\u00f6neminde sinema y\u00f6netmeni olmaya karar veren Giritlio\u011flu, TRT&#8217;de \u00e7evirmenlik ve asistanl\u0131k yapt\u0131 ve y\u00f6netmenli\u011fe belgesellerle ba\u015flad\u0131.<br \/>\u0130lk uzun metrajl\u0131 filmi &#8220;Suyun \u00d6te Yan\u0131&#8221; ile bir\u00e7ok \u00f6d\u00fcl kazanan Tomris Giritlio\u011flu, 1999&#8217;da y\u00f6netmenli\u011fini yapt\u0131\u011f\u0131, Antalya Alt\u0131n Portakal Film Festivali&#8217;nde &#8220;En \u0130yi Film&#8221; \u00f6d\u00fcl\u00fcne lay\u0131k g\u00f6r\u00fclen &#8220;Salk\u0131m Han\u0131m\u0131n Taneleri&#8221; ile \u00fcnlendi.<\/p>\n\n\n\n<p>Emeklili\u011finin ard\u0131ndan \u00f6zel televizyonlar i\u00e7in dizi projeleri \u00fcreten Giritlio\u011flu, T\u00fcrkiye&#8217;de d\u00f6nem dizilerinin \u00f6nc\u00fcs\u00fc oldu.<\/p>\n\n\n\n<p><\/p>\n\n\n\n<p><strong>F\u0130LMOGRAF\u0130<\/strong><br \/><strong>Y\u00f6netmen olarak<\/strong><\/p>\n\n\n\n<p>1989: Kantodan Tangoya<br \/>1991: Suyun \u00d6te Yan\u0131<br \/>1993: Yaz Ya\u011fmuru<br \/>1996: 80. Ad\u0131m<br \/>1997: K\u00f6rd\u00fc\u011f\u00fcm<br \/>1999: Salk\u0131m Han\u0131m\u0131n Taneleri<br \/>2008: G\u00fcz Sanc\u0131s\u0131<\/p>\n\n\n\n<p><br \/><strong>Senarist olarak<\/strong><\/p>\n\n\n\n<p>1989: Kantodan Tangoya<br \/>1993: Yaz Ya\u011fmuru<br \/>Yap\u0131mc\u0131 olarak<\/p>\n\n\n\n<p>2002: A\u015fk Meydan Sava\u015f\u0131<br \/>2005-2006: A\u015fka S\u00fcrg\u00fcn<br \/>2006: Esir Kalpler<br \/>2007-2009: Asi<br \/>2009-2010: Bu Kalp Seni Unutur mu?<br \/>2009-2010: Kasaba<\/p>\n\n\n\n<p><br \/><strong>Proje tasar\u0131m<\/strong><\/p>\n\n\n\n<p>2002-2003: G\u00fclbeyaz<br \/>2002: Azad<br \/>2003-2004: Sultan Makam\u0131<br \/>2003-2005: Kur\u015fun Yaras\u0131<br \/>2004-2005: \u00c7emberimde G\u00fcl Oya<br \/>2004: Bir A\u015fk Hikayesi<br \/>2005-2007: Ihlamurlar Alt\u0131nda<br \/>2005: A\u015fk Yolu<br \/>2005: Seher Vakti<br \/>2006-2007: K\u0131r\u0131k Kanatlar<br \/>2006-2008: Hat\u0131rla Sevgili<br \/>2006: Erkekler A\u011flamaz<br \/>2007-2008: Karay\u0131lan<br \/>2007-2009: Asi<br \/>2009-2010: Bu Kalp Seni Unutur mu?<br \/>2009: K\u00fcl ve Ate\u015f<br \/>2010-2011: G\u00f6n\u00fcl\u00e7elen<br \/>2012-2013: Kay\u0131p \u015eehir<br \/>2014: Her Sevda Bir Veda<\/p>\n","protected":false},"excerpt":{"rendered":"<p>\u0130stanbul&#8217;da tedavi g\u00f6rd\u00fc\u011f\u00fc hastanede hayat\u0131n\u0131 kaybeden Giritlio\u011flu, 67 ya\u015f\u0131ndayd\u0131. Uzun s\u00fcredir kanserle m\u00fccadele eden y\u00f6netmen, senarist ve yap\u0131mc\u0131 Tomris Giritlio\u011flu \u0130stanbul\u2019da tedavi g\u00f6rd\u00fc\u011f\u00fc hastanede 67 ya\u015f\u0131nda hayat\u0131n\u0131 kaybetti. Giritlio\u011flu, 1999 y\u0131l\u0131nda y\u00f6netmenli\u011fini yapt\u0131\u011f\u0131 \u201cSalk\u0131m Han\u0131m\u0131n Taneleri\u201d ile \u00fcne kavu\u015fmu\u015ftu. \u201cKur\u015fun Yaras\u0131\u201d, \u201c\u00c7emberimde G\u00fcl Oya\u201d, \u201cHat\u0131rla Sevgili\u201d, \u201cAsi\u201d, \u201cG\u00f6n\u00fcl\u00e7elen\u201d gibi pek \u00e7ok yap\u0131mda proje tasar\u0131mc\u0131s\u0131 ve [&hellip;]<\/p>\n","protected":false},"author":12791,"featured_media":154593,"comment_status":"closed","ping_status":"open","sticky":false,"template":"","format":"standard","meta":{"_yoast_wpseo_focuskw":"Senarist ve Y\u00f6netmen Tomris Giritlio\u011flu Hayat\u0131n\u0131 Kaybetti","_yoast_wpseo_title":"","_yoast_wpseo_metadesc":"","_bbp_topic_count":0,"_bbp_reply_count":0,"_bbp_total_topic_count":0,"_bbp_total_reply_count":0,"_bbp_voice_count":0,"_bbp_anonymous_reply_count":0,"_bbp_topic_count_hidden":0,"_bbp_reply_count_hidden":0,"_bbp_forum_subforum_count":0,"footnotes":"","_yoast_wpseo_focuskw_text_input":""},"categories":[8204,1,8138,8190,16],"tags":[],"yoast_head":"<!-- This site is optimized with the Yoast SEO plugin v23.0 - https:\/\/yoast.com\/wordpress\/plugins\/seo\/ -->\n<title>Senarist ve Y\u00f6netmen Tomris Giritlio\u011flu Hayat\u0131n\u0131 Kaybetti - The Epoch Times TR<\/title>\n<meta name=\"robots\" content=\"index, follow, max-snippet:-1, max-image-preview:large, max-video-preview:-1\" \/>\n<link rel=\"canonical\" href=\"https:\/\/epochtimestr.com\/index.php\/senarist-ve-yonetmen-tomris-giritlioglu-hayatini-kaybetti\" \/>\n<meta property=\"og:locale\" content=\"tr_TR\" \/>\n<meta property=\"og:type\" content=\"article\" \/>\n<meta property=\"og:title\" content=\"Senarist ve Y\u00f6netmen Tomris Giritlio\u011flu Hayat\u0131n\u0131 Kaybetti - The Epoch Times TR\" \/>\n<meta property=\"og:description\" content=\"\u0130stanbul&#8217;da tedavi g\u00f6rd\u00fc\u011f\u00fc hastanede hayat\u0131n\u0131 kaybeden Giritlio\u011flu, 67 ya\u015f\u0131ndayd\u0131. Uzun s\u00fcredir kanserle m\u00fccadele eden y\u00f6netmen, senarist ve yap\u0131mc\u0131 Tomris Giritlio\u011flu \u0130stanbul\u2019da tedavi g\u00f6rd\u00fc\u011f\u00fc hastanede 67 ya\u015f\u0131nda hayat\u0131n\u0131 kaybetti. Giritlio\u011flu, 1999 y\u0131l\u0131nda y\u00f6netmenli\u011fini yapt\u0131\u011f\u0131 \u201cSalk\u0131m Han\u0131m\u0131n Taneleri\u201d ile \u00fcne kavu\u015fmu\u015ftu. \u201cKur\u015fun Yaras\u0131\u201d, \u201c\u00c7emberimde G\u00fcl Oya\u201d, \u201cHat\u0131rla Sevgili\u201d, \u201cAsi\u201d, \u201cG\u00f6n\u00fcl\u00e7elen\u201d gibi pek \u00e7ok yap\u0131mda proje tasar\u0131mc\u0131s\u0131 ve [&hellip;]\" \/>\n<meta property=\"og:url\" content=\"https:\/\/epochtimestr.com\/index.php\/senarist-ve-yonetmen-tomris-giritlioglu-hayatini-kaybetti\" \/>\n<meta property=\"og:site_name\" content=\"The Epoch Times TR\" \/>\n<meta property=\"article:publisher\" content=\"https:\/\/www.facebook.com\/theepochtimestr\" \/>\n<meta property=\"article:published_time\" content=\"2024-09-23T13:27:01+00:00\" \/>\n<meta property=\"article:modified_time\" content=\"2024-09-23T13:27:02+00:00\" \/>\n<meta property=\"og:image\" content=\"https:\/\/epochtimestr.com\/wp-content\/uploads\/2011y\/tomris.webp\" \/>\n\t<meta property=\"og:image:width\" content=\"663\" \/>\n\t<meta property=\"og:image:height\" content=\"339\" \/>\n\t<meta property=\"og:image:type\" content=\"image\/webp\" \/>\n<meta name=\"author\" content=\"Haber Merkezi\" \/>\n<meta name=\"twitter:card\" content=\"summary_large_image\" \/>\n<meta name=\"twitter:creator\" content=\"@TheEpochTimesTR\" \/>\n<meta name=\"twitter:site\" content=\"@TheEpochTimesTR\" \/>\n<meta name=\"twitter:label1\" content=\"Yazan:\" \/>\n\t<meta name=\"twitter:data1\" content=\"Haber Merkezi\" \/>\n\t<meta name=\"twitter:label2\" content=\"Tahmini okuma s\u00fcresi\" \/>\n\t<meta name=\"twitter:data2\" content=\"4 dakika\" \/>\n<script type=\"application\/ld+json\" class=\"yoast-schema-graph\">{\"@context\":\"https:\/\/schema.org\",\"@graph\":[{\"@type\":\"Article\",\"@id\":\"https:\/\/epochtimestr.com\/index.php\/senarist-ve-yonetmen-tomris-giritlioglu-hayatini-kaybetti#article\",\"isPartOf\":{\"@id\":\"https:\/\/epochtimestr.com\/index.php\/senarist-ve-yonetmen-tomris-giritlioglu-hayatini-kaybetti\"},\"author\":{\"name\":\"Haber Merkezi\",\"@id\":\"https:\/\/epochtimestr.com\/#\/schema\/person\/3dc5c3adeb9f43923c5aa85889172fdd\"},\"headline\":\"Senarist ve Y\u00f6netmen Tomris Giritlio\u011flu Hayat\u0131n\u0131 Kaybetti\",\"datePublished\":\"2024-09-23T13:27:01+00:00\",\"dateModified\":\"2024-09-23T13:27:02+00:00\",\"mainEntityOfPage\":{\"@id\":\"https:\/\/epochtimestr.com\/index.php\/senarist-ve-yonetmen-tomris-giritlioglu-hayatini-kaybetti\"},\"wordCount\":686,\"publisher\":{\"@id\":\"https:\/\/epochtimestr.com\/#organization\"},\"image\":{\"@id\":\"https:\/\/epochtimestr.com\/index.php\/senarist-ve-yonetmen-tomris-giritlioglu-hayatini-kaybetti#primaryimage\"},\"thumbnailUrl\":\"https:\/\/epochtimestr.com\/wp-content\/uploads\/2011y\/tomris.webp\",\"articleSection\":[\"Film &amp; TV\",\"G\u00dcNDEM\",\"MAN\u015eET\",\"Sanat ve Gelenek\",\"SANAT ve K\u00dcLT\u00dcR\"],\"inLanguage\":\"tr\"},{\"@type\":\"WebPage\",\"@id\":\"https:\/\/epochtimestr.com\/index.php\/senarist-ve-yonetmen-tomris-giritlioglu-hayatini-kaybetti\",\"url\":\"https:\/\/epochtimestr.com\/index.php\/senarist-ve-yonetmen-tomris-giritlioglu-hayatini-kaybetti\",\"name\":\"Senarist ve Y\u00f6netmen Tomris Giritlio\u011flu Hayat\u0131n\u0131 Kaybetti - The Epoch Times TR\",\"isPartOf\":{\"@id\":\"https:\/\/epochtimestr.com\/#website\"},\"primaryImageOfPage\":{\"@id\":\"https:\/\/epochtimestr.com\/index.php\/senarist-ve-yonetmen-tomris-giritlioglu-hayatini-kaybetti#primaryimage\"},\"image\":{\"@id\":\"https:\/\/epochtimestr.com\/index.php\/senarist-ve-yonetmen-tomris-giritlioglu-hayatini-kaybetti#primaryimage\"},\"thumbnailUrl\":\"https:\/\/epochtimestr.com\/wp-content\/uploads\/2011y\/tomris.webp\",\"datePublished\":\"2024-09-23T13:27:01+00:00\",\"dateModified\":\"2024-09-23T13:27:02+00:00\",\"inLanguage\":\"tr\",\"potentialAction\":[{\"@type\":\"ReadAction\",\"target\":[\"https:\/\/epochtimestr.com\/index.php\/senarist-ve-yonetmen-tomris-giritlioglu-hayatini-kaybetti\"]}]},{\"@type\":\"ImageObject\",\"inLanguage\":\"tr\",\"@id\":\"https:\/\/epochtimestr.com\/index.php\/senarist-ve-yonetmen-tomris-giritlioglu-hayatini-kaybetti#primaryimage\",\"url\":\"https:\/\/epochtimestr.com\/wp-content\/uploads\/2011y\/tomris.webp\",\"contentUrl\":\"https:\/\/epochtimestr.com\/wp-content\/uploads\/2011y\/tomris.webp\",\"width\":663,\"height\":339},{\"@type\":\"WebSite\",\"@id\":\"https:\/\/epochtimestr.com\/#website\",\"url\":\"https:\/\/epochtimestr.com\/\",\"name\":\"The Epoch Times TR\",\"description\":\"De\u011fi\u015fen D\u00fcnyam\u0131za Taze Bir Bak\u0131\u015f\",\"publisher\":{\"@id\":\"https:\/\/epochtimestr.com\/#organization\"},\"potentialAction\":[{\"@type\":\"SearchAction\",\"target\":{\"@type\":\"EntryPoint\",\"urlTemplate\":\"https:\/\/epochtimestr.com\/?s={search_term_string}\"},\"query-input\":\"required name=search_term_string\"}],\"inLanguage\":\"tr\"},{\"@type\":\"Organization\",\"@id\":\"https:\/\/epochtimestr.com\/#organization\",\"name\":\"The EpochTimes T\u00fcrkiye\",\"url\":\"https:\/\/epochtimestr.com\/\",\"logo\":{\"@type\":\"ImageObject\",\"inLanguage\":\"tr\",\"@id\":\"https:\/\/epochtimestr.com\/#\/schema\/logo\/image\/\",\"url\":\"https:\/\/epochtimestr.com\/wp-content\/uploads\/2011y\/ET-Logo-YG.jpg\",\"contentUrl\":\"https:\/\/epochtimestr.com\/wp-content\/uploads\/2011y\/ET-Logo-YG.jpg\",\"width\":346,\"height\":29,\"caption\":\"The EpochTimes T\u00fcrkiye\"},\"image\":{\"@id\":\"https:\/\/epochtimestr.com\/#\/schema\/logo\/image\/\"},\"sameAs\":[\"https:\/\/www.facebook.com\/theepochtimestr\",\"https:\/\/x.com\/TheEpochTimesTR\",\"https:\/\/www.instagram.com\/epochtimestr\"]},{\"@type\":\"Person\",\"@id\":\"https:\/\/epochtimestr.com\/#\/schema\/person\/3dc5c3adeb9f43923c5aa85889172fdd\",\"name\":\"Haber Merkezi\",\"image\":{\"@type\":\"ImageObject\",\"inLanguage\":\"tr\",\"@id\":\"https:\/\/epochtimestr.com\/#\/schema\/person\/image\/\",\"url\":\"https:\/\/secure.gravatar.com\/avatar\/d73f772ba5a74f28601361e17c2f93e6?s=96&d=mm&r=g\",\"contentUrl\":\"https:\/\/secure.gravatar.com\/avatar\/d73f772ba5a74f28601361e17c2f93e6?s=96&d=mm&r=g\",\"caption\":\"Haber Merkezi\"},\"url\":\"https:\/\/epochtimestr.com\/index.php\/author\/sendag\"}]}<\/script>\n<!-- \/ Yoast SEO plugin. -->","yoast_head_json":{"title":"Senarist ve Y\u00f6netmen Tomris Giritlio\u011flu Hayat\u0131n\u0131 Kaybetti - The Epoch Times TR","robots":{"index":"index","follow":"follow","max-snippet":"max-snippet:-1","max-image-preview":"max-image-preview:large","max-video-preview":"max-video-preview:-1"},"canonical":"https:\/\/epochtimestr.com\/index.php\/senarist-ve-yonetmen-tomris-giritlioglu-hayatini-kaybetti","og_locale":"tr_TR","og_type":"article","og_title":"Senarist ve Y\u00f6netmen Tomris Giritlio\u011flu Hayat\u0131n\u0131 Kaybetti - The Epoch Times TR","og_description":"\u0130stanbul&#8217;da tedavi g\u00f6rd\u00fc\u011f\u00fc hastanede hayat\u0131n\u0131 kaybeden Giritlio\u011flu, 67 ya\u015f\u0131ndayd\u0131. Uzun s\u00fcredir kanserle m\u00fccadele eden y\u00f6netmen, senarist ve yap\u0131mc\u0131 Tomris Giritlio\u011flu \u0130stanbul\u2019da tedavi g\u00f6rd\u00fc\u011f\u00fc hastanede 67 ya\u015f\u0131nda hayat\u0131n\u0131 kaybetti. Giritlio\u011flu, 1999 y\u0131l\u0131nda y\u00f6netmenli\u011fini yapt\u0131\u011f\u0131 \u201cSalk\u0131m Han\u0131m\u0131n Taneleri\u201d ile \u00fcne kavu\u015fmu\u015ftu. \u201cKur\u015fun Yaras\u0131\u201d, \u201c\u00c7emberimde G\u00fcl Oya\u201d, \u201cHat\u0131rla Sevgili\u201d, \u201cAsi\u201d, \u201cG\u00f6n\u00fcl\u00e7elen\u201d gibi pek \u00e7ok yap\u0131mda proje tasar\u0131mc\u0131s\u0131 ve [&hellip;]","og_url":"https:\/\/epochtimestr.com\/index.php\/senarist-ve-yonetmen-tomris-giritlioglu-hayatini-kaybetti","og_site_name":"The Epoch Times TR","article_publisher":"https:\/\/www.facebook.com\/theepochtimestr","article_published_time":"2024-09-23T13:27:01+00:00","article_modified_time":"2024-09-23T13:27:02+00:00","og_image":[{"width":663,"height":339,"url":"https:\/\/epochtimestr.com\/wp-content\/uploads\/2011y\/tomris.webp","type":"image\/webp"}],"author":"Haber Merkezi","twitter_card":"summary_large_image","twitter_creator":"@TheEpochTimesTR","twitter_site":"@TheEpochTimesTR","twitter_misc":{"Yazan:":"Haber Merkezi","Tahmini okuma s\u00fcresi":"4 dakika"},"schema":{"@context":"https:\/\/schema.org","@graph":[{"@type":"Article","@id":"https:\/\/epochtimestr.com\/index.php\/senarist-ve-yonetmen-tomris-giritlioglu-hayatini-kaybetti#article","isPartOf":{"@id":"https:\/\/epochtimestr.com\/index.php\/senarist-ve-yonetmen-tomris-giritlioglu-hayatini-kaybetti"},"author":{"name":"Haber Merkezi","@id":"https:\/\/epochtimestr.com\/#\/schema\/person\/3dc5c3adeb9f43923c5aa85889172fdd"},"headline":"Senarist ve Y\u00f6netmen Tomris Giritlio\u011flu Hayat\u0131n\u0131 Kaybetti","datePublished":"2024-09-23T13:27:01+00:00","dateModified":"2024-09-23T13:27:02+00:00","mainEntityOfPage":{"@id":"https:\/\/epochtimestr.com\/index.php\/senarist-ve-yonetmen-tomris-giritlioglu-hayatini-kaybetti"},"wordCount":686,"publisher":{"@id":"https:\/\/epochtimestr.com\/#organization"},"image":{"@id":"https:\/\/epochtimestr.com\/index.php\/senarist-ve-yonetmen-tomris-giritlioglu-hayatini-kaybetti#primaryimage"},"thumbnailUrl":"https:\/\/epochtimestr.com\/wp-content\/uploads\/2011y\/tomris.webp","articleSection":["Film &amp; TV","G\u00dcNDEM","MAN\u015eET","Sanat ve Gelenek","SANAT ve K\u00dcLT\u00dcR"],"inLanguage":"tr"},{"@type":"WebPage","@id":"https:\/\/epochtimestr.com\/index.php\/senarist-ve-yonetmen-tomris-giritlioglu-hayatini-kaybetti","url":"https:\/\/epochtimestr.com\/index.php\/senarist-ve-yonetmen-tomris-giritlioglu-hayatini-kaybetti","name":"Senarist ve Y\u00f6netmen Tomris Giritlio\u011flu Hayat\u0131n\u0131 Kaybetti - The Epoch Times TR","isPartOf":{"@id":"https:\/\/epochtimestr.com\/#website"},"primaryImageOfPage":{"@id":"https:\/\/epochtimestr.com\/index.php\/senarist-ve-yonetmen-tomris-giritlioglu-hayatini-kaybetti#primaryimage"},"image":{"@id":"https:\/\/epochtimestr.com\/index.php\/senarist-ve-yonetmen-tomris-giritlioglu-hayatini-kaybetti#primaryimage"},"thumbnailUrl":"https:\/\/epochtimestr.com\/wp-content\/uploads\/2011y\/tomris.webp","datePublished":"2024-09-23T13:27:01+00:00","dateModified":"2024-09-23T13:27:02+00:00","inLanguage":"tr","potentialAction":[{"@type":"ReadAction","target":["https:\/\/epochtimestr.com\/index.php\/senarist-ve-yonetmen-tomris-giritlioglu-hayatini-kaybetti"]}]},{"@type":"ImageObject","inLanguage":"tr","@id":"https:\/\/epochtimestr.com\/index.php\/senarist-ve-yonetmen-tomris-giritlioglu-hayatini-kaybetti#primaryimage","url":"https:\/\/epochtimestr.com\/wp-content\/uploads\/2011y\/tomris.webp","contentUrl":"https:\/\/epochtimestr.com\/wp-content\/uploads\/2011y\/tomris.webp","width":663,"height":339},{"@type":"WebSite","@id":"https:\/\/epochtimestr.com\/#website","url":"https:\/\/epochtimestr.com\/","name":"The Epoch Times TR","description":"De\u011fi\u015fen D\u00fcnyam\u0131za Taze Bir Bak\u0131\u015f","publisher":{"@id":"https:\/\/epochtimestr.com\/#organization"},"potentialAction":[{"@type":"SearchAction","target":{"@type":"EntryPoint","urlTemplate":"https:\/\/epochtimestr.com\/?s={search_term_string}"},"query-input":"required name=search_term_string"}],"inLanguage":"tr"},{"@type":"Organization","@id":"https:\/\/epochtimestr.com\/#organization","name":"The EpochTimes T\u00fcrkiye","url":"https:\/\/epochtimestr.com\/","logo":{"@type":"ImageObject","inLanguage":"tr","@id":"https:\/\/epochtimestr.com\/#\/schema\/logo\/image\/","url":"https:\/\/epochtimestr.com\/wp-content\/uploads\/2011y\/ET-Logo-YG.jpg","contentUrl":"https:\/\/epochtimestr.com\/wp-content\/uploads\/2011y\/ET-Logo-YG.jpg","width":346,"height":29,"caption":"The EpochTimes T\u00fcrkiye"},"image":{"@id":"https:\/\/epochtimestr.com\/#\/schema\/logo\/image\/"},"sameAs":["https:\/\/www.facebook.com\/theepochtimestr","https:\/\/x.com\/TheEpochTimesTR","https:\/\/www.instagram.com\/epochtimestr"]},{"@type":"Person","@id":"https:\/\/epochtimestr.com\/#\/schema\/person\/3dc5c3adeb9f43923c5aa85889172fdd","name":"Haber Merkezi","image":{"@type":"ImageObject","inLanguage":"tr","@id":"https:\/\/epochtimestr.com\/#\/schema\/person\/image\/","url":"https:\/\/secure.gravatar.com\/avatar\/d73f772ba5a74f28601361e17c2f93e6?s=96&d=mm&r=g","contentUrl":"https:\/\/secure.gravatar.com\/avatar\/d73f772ba5a74f28601361e17c2f93e6?s=96&d=mm&r=g","caption":"Haber Merkezi"},"url":"https:\/\/epochtimestr.com\/index.php\/author\/sendag"}]}},"_links":{"self":[{"href":"https:\/\/epochtimestr.com\/index.php\/wp-json\/wp\/v2\/posts\/154592"}],"collection":[{"href":"https:\/\/epochtimestr.com\/index.php\/wp-json\/wp\/v2\/posts"}],"about":[{"href":"https:\/\/epochtimestr.com\/index.php\/wp-json\/wp\/v2\/types\/post"}],"author":[{"embeddable":true,"href":"https:\/\/epochtimestr.com\/index.php\/wp-json\/wp\/v2\/users\/12791"}],"replies":[{"embeddable":true,"href":"https:\/\/epochtimestr.com\/index.php\/wp-json\/wp\/v2\/comments?post=154592"}],"version-history":[{"count":1,"href":"https:\/\/epochtimestr.com\/index.php\/wp-json\/wp\/v2\/posts\/154592\/revisions"}],"predecessor-version":[{"id":154595,"href":"https:\/\/epochtimestr.com\/index.php\/wp-json\/wp\/v2\/posts\/154592\/revisions\/154595"}],"wp:featuredmedia":[{"embeddable":true,"href":"https:\/\/epochtimestr.com\/index.php\/wp-json\/wp\/v2\/media\/154593"}],"wp:attachment":[{"href":"https:\/\/epochtimestr.com\/index.php\/wp-json\/wp\/v2\/media?parent=154592"}],"wp:term":[{"taxonomy":"category","embeddable":true,"href":"https:\/\/epochtimestr.com\/index.php\/wp-json\/wp\/v2\/categories?post=154592"},{"taxonomy":"post_tag","embeddable":true,"href":"https:\/\/epochtimestr.com\/index.php\/wp-json\/wp\/v2\/tags?post=154592"}],"curies":[{"name":"wp","href":"https:\/\/api.w.org\/{rel}","templated":true}]}}