{"id":155050,"date":"2024-11-01T09:10:26","date_gmt":"2024-11-01T06:10:26","guid":{"rendered":"https:\/\/epochtimestr.com\/?p=155050"},"modified":"2025-06-10T14:52:51","modified_gmt":"2025-06-10T11:52:51","slug":"vanda-arkeolojik-kazilarda-urartulara-ait-1-tonluk-heykel-bulundu","status":"publish","type":"post","link":"https:\/\/epochtimestr.com\/index.php\/vanda-arkeolojik-kazilarda-urartulara-ait-1-tonluk-heykel-bulundu","title":{"rendered":"Van&#8217;da Arkeolojik Kaz\u0131larda Urartulara ait 1 tonluk Heykel Bulundu"},"content":{"rendered":"<div class=\"wp-block-image\">\n<figure class=\"aligncenter size-full\"><img loading=\"lazy\" decoding=\"async\" width=\"1500\" height=\"1000\" src=\"https:\/\/epochtimestr.com\/wp-content\/uploads\/2011y\/urartu.webp\" alt=\"\" class=\"wp-image-155051\" srcset=\"https:\/\/epochtimestr.com\/wp-content\/uploads\/2011y\/urartu.webp 1500w, https:\/\/epochtimestr.com\/wp-content\/uploads\/2011y\/urartu-300x200.webp 300w, https:\/\/epochtimestr.com\/wp-content\/uploads\/2011y\/urartu-150x100.webp 150w, https:\/\/epochtimestr.com\/wp-content\/uploads\/2011y\/urartu-768x512.webp 768w\" sizes=\"(max-width: 1500px) 100vw, 1500px\" \/><\/figure><\/div>\n\n\n<h2 class=\"wp-block-heading\">Urartu d\u00f6nemine ait heykelin boyun b\u00f6lgesinin k\u0131r\u0131k oldu\u011fu ve an\u0131tsal bir yap\u0131da oldu\u011fu de\u011ferlendiriliyor.<\/h2>\n\n\n\n<p>Van\u2019\u0131n Tu\u015fba il\u00e7esine ba\u011fl\u0131 Garibin Tepe\u2019de ger\u00e7ekle\u015ftirilen arkeolojik kaz\u0131larda, Urartu d\u00f6nemine ait bazalttan yap\u0131lm\u0131\u015f, yakla\u015f\u0131k bir ton a\u011f\u0131rl\u0131\u011f\u0131nda an\u0131tsal bir heykel bulundu. Yakla\u015f\u0131k iki metre uzunlu\u011funda ve bir metre geni\u015fli\u011findeki bu an\u0131tsal heykel, Urartu\u2019nun plastik sanatlar\u0131na dair \u00f6nemli bir \u00f6rnek sunuyor. Boyun k\u0131sm\u0131 k\u0131r\u0131k olan heykel, detayl\u0131 incelemeler ve restorasyon s\u00fcreci i\u00e7in Van M\u00fczesi\u2019ne ta\u015f\u0131nd\u0131. Ankara&#8217;dan gelecek ekibin yapaca\u011f\u0131 detayl\u0131 incelemenin ard\u0131ndan bazalt heykelin s\u0131rr\u0131n\u0131n \u00e7\u00f6z\u00fclmesi bekleniyor.<\/p>\n\n\n\n<p>K\u00fclt\u00fcr ve Turizm Bakanl\u0131\u011f\u0131 izniyle Van M\u00fczesi ba\u015fkanl\u0131\u011f\u0131nda Atat\u00fcrk \u00dcniversitesi Edebiyat Fak\u00fcltesi Arkeoloji B\u00f6l\u00fcm\u00fc \u00d6\u011fretim \u00dcyesi Prof. Dr. Mehmet I\u015f\u0131kl\u0131&#8217;n\u0131n bilimsel dan\u0131\u015fmanl\u0131\u011f\u0131nda y\u00fcr\u00fct\u00fclen kaz\u0131, bu y\u0131l tepenin g\u00fcney k\u0131sm\u0131nda yo\u011funla\u015ft\u0131r\u0131ld\u0131. Kent merkezine 30, Ayanis Kalesi&#8217;ne ise 3 kilometre mesafedeki Garibin Tepe&#8217;de \u00f6nceki y\u0131l kurtarma kaz\u0131s\u0131 s\u0131ras\u0131nda tespit edilen tarihi alandaki kaz\u0131 \u00e7al\u0131\u015fmalar\u0131 s\u00fcr\u00fcyor.<\/p>\n\n\n\n<p><\/p>\n\n\n<div class=\"wp-block-image\">\n<figure class=\"aligncenter size-full\"><img loading=\"lazy\" decoding=\"async\" width=\"1700\" height=\"1000\" src=\"https:\/\/epochtimestr.com\/wp-content\/uploads\/2011y\/urartu-1.webp\" alt=\"\" class=\"wp-image-155052\" srcset=\"https:\/\/epochtimestr.com\/wp-content\/uploads\/2011y\/urartu-1.webp 1700w, https:\/\/epochtimestr.com\/wp-content\/uploads\/2011y\/urartu-1-300x176.webp 300w, https:\/\/epochtimestr.com\/wp-content\/uploads\/2011y\/urartu-1-150x88.webp 150w, https:\/\/epochtimestr.com\/wp-content\/uploads\/2011y\/urartu-1-768x452.webp 768w, https:\/\/epochtimestr.com\/wp-content\/uploads\/2011y\/urartu-1-1536x904.webp 1536w, https:\/\/epochtimestr.com\/wp-content\/uploads\/2011y\/urartu-1-357x210.webp 357w\" sizes=\"(max-width: 1700px) 100vw, 1700px\" \/><\/figure><\/div>\n\n\n<p>Kaz\u0131 ba\u015fkan\u0131 Prof. Dr. Mehmet I\u015f\u0131kl\u0131, &#8220;Urartularda plastik sanatlar yani heykel \u00fcr\u00fcnleriyle ilgili \u00e7ok s\u0131n\u0131rl\u0131 eser var. Birka\u00e7 \u00f6rnek \u00fczerinden konu\u015fuyoruz. Metal olsun, ta\u015f olsun heykel sanat\u0131 konusunda elimizde \u00e7ok veri yok. Bu anlamda kaz\u0131 y\u00fcr\u00fct\u00fclen b\u00f6lgede daha \u00f6nce aslan heykeline ait obje par\u00e7alar\u0131 bulunmu\u015ftu. Bu seneki kaz\u0131larda ise bizi \u00e7ok \u015fa\u015f\u0131rtan bir buluntuyla kar\u015f\u0131la\u015ft\u0131k. Bazalttan i\u015flenmi\u015f ve Urartu&#8217;nun plastik sanat\u0131na dair \u00e7ok \u00e7arp\u0131c\u0131 bir \u00f6rnek ele ge\u00e7ti. Heykelin neyi temsil etti\u011fini s\u00f6ylemek \u015fu an i\u00e7in zor. Ancak detayl\u0131 \u00e7al\u0131\u015fmalar sonras\u0131nda daha fazla bilgi edinmeyi umut ediyoruz &#8221; ifadelerinde bulundu.<\/p>\n","protected":false},"excerpt":{"rendered":"<p>Urartu d\u00f6nemine ait heykelin boyun b\u00f6lgesinin k\u0131r\u0131k oldu\u011fu ve an\u0131tsal bir yap\u0131da oldu\u011fu de\u011ferlendiriliyor. Van\u2019\u0131n Tu\u015fba il\u00e7esine ba\u011fl\u0131 Garibin Tepe\u2019de ger\u00e7ekle\u015ftirilen arkeolojik kaz\u0131larda, Urartu d\u00f6nemine ait bazalttan yap\u0131lm\u0131\u015f, yakla\u015f\u0131k bir ton a\u011f\u0131rl\u0131\u011f\u0131nda an\u0131tsal bir heykel bulundu. Yakla\u015f\u0131k iki metre uzunlu\u011funda ve bir metre geni\u015fli\u011findeki bu an\u0131tsal heykel, Urartu\u2019nun plastik sanatlar\u0131na dair \u00f6nemli bir \u00f6rnek sunuyor. [&hellip;]<\/p>\n","protected":false},"author":12791,"featured_media":155051,"comment_status":"closed","ping_status":"open","sticky":false,"template":"","format":"standard","meta":{"_yoast_wpseo_focuskw":"Van'da Arkeolojik Kaz\u0131larda Urartulara ait 1 tonluk Heykel Bulundu","_yoast_wpseo_title":"","_yoast_wpseo_metadesc":"","_bbp_topic_count":0,"_bbp_reply_count":0,"_bbp_total_topic_count":0,"_bbp_total_reply_count":0,"_bbp_voice_count":0,"_bbp_anonymous_reply_count":0,"_bbp_topic_count_hidden":0,"_bbp_reply_count_hidden":0,"_bbp_forum_subforum_count":0,"footnotes":"","_yoast_wpseo_focuskw_text_input":""},"categories":[126,1,37],"tags":[],"yoast_head":"<!-- This site is optimized with the Yoast SEO plugin v23.0 - https:\/\/yoast.com\/wordpress\/plugins\/seo\/ -->\n<title>Van&#039;da Arkeolojik Kaz\u0131larda Urartulara ait 1 tonluk Heykel Bulundu - The Epoch Times TR<\/title>\n<meta name=\"robots\" content=\"index, follow, max-snippet:-1, max-image-preview:large, max-video-preview:-1\" \/>\n<link rel=\"canonical\" href=\"https:\/\/epochtimestr.com\/index.php\/vanda-arkeolojik-kazilarda-urartulara-ait-1-tonluk-heykel-bulundu\" \/>\n<meta property=\"og:locale\" content=\"tr_TR\" \/>\n<meta property=\"og:type\" content=\"article\" \/>\n<meta property=\"og:title\" content=\"Van&#039;da Arkeolojik Kaz\u0131larda Urartulara ait 1 tonluk Heykel Bulundu - The Epoch Times TR\" \/>\n<meta property=\"og:description\" content=\"Urartu d\u00f6nemine ait heykelin boyun b\u00f6lgesinin k\u0131r\u0131k oldu\u011fu ve an\u0131tsal bir yap\u0131da oldu\u011fu de\u011ferlendiriliyor. Van\u2019\u0131n Tu\u015fba il\u00e7esine ba\u011fl\u0131 Garibin Tepe\u2019de ger\u00e7ekle\u015ftirilen arkeolojik kaz\u0131larda, Urartu d\u00f6nemine ait bazalttan yap\u0131lm\u0131\u015f, yakla\u015f\u0131k bir ton a\u011f\u0131rl\u0131\u011f\u0131nda an\u0131tsal bir heykel bulundu. Yakla\u015f\u0131k iki metre uzunlu\u011funda ve bir metre geni\u015fli\u011findeki bu an\u0131tsal heykel, Urartu\u2019nun plastik sanatlar\u0131na dair \u00f6nemli bir \u00f6rnek sunuyor. [&hellip;]\" \/>\n<meta property=\"og:url\" content=\"https:\/\/epochtimestr.com\/index.php\/vanda-arkeolojik-kazilarda-urartulara-ait-1-tonluk-heykel-bulundu\" \/>\n<meta property=\"og:site_name\" content=\"The Epoch Times TR\" \/>\n<meta property=\"article:publisher\" content=\"https:\/\/www.facebook.com\/theepochtimestr\" \/>\n<meta property=\"article:published_time\" content=\"2024-11-01T06:10:26+00:00\" \/>\n<meta property=\"article:modified_time\" content=\"2025-06-10T11:52:51+00:00\" \/>\n<meta property=\"og:image\" content=\"https:\/\/epochtimestr.com\/wp-content\/uploads\/2011y\/urartu.webp\" \/>\n\t<meta property=\"og:image:width\" content=\"1500\" \/>\n\t<meta property=\"og:image:height\" content=\"1000\" \/>\n\t<meta property=\"og:image:type\" content=\"image\/webp\" \/>\n<meta name=\"author\" content=\"Haber Merkezi\" \/>\n<meta name=\"twitter:card\" content=\"summary_large_image\" \/>\n<meta name=\"twitter:creator\" content=\"@TheEpochTimesTR\" \/>\n<meta name=\"twitter:site\" content=\"@TheEpochTimesTR\" \/>\n<meta name=\"twitter:label1\" content=\"Yazan:\" \/>\n\t<meta name=\"twitter:data1\" content=\"Haber Merkezi\" \/>\n\t<meta name=\"twitter:label2\" content=\"Tahmini okuma s\u00fcresi\" \/>\n\t<meta name=\"twitter:data2\" content=\"2 dakika\" \/>\n<script type=\"application\/ld+json\" class=\"yoast-schema-graph\">{\"@context\":\"https:\/\/schema.org\",\"@graph\":[{\"@type\":\"Article\",\"@id\":\"https:\/\/epochtimestr.com\/index.php\/vanda-arkeolojik-kazilarda-urartulara-ait-1-tonluk-heykel-bulundu#article\",\"isPartOf\":{\"@id\":\"https:\/\/epochtimestr.com\/index.php\/vanda-arkeolojik-kazilarda-urartulara-ait-1-tonluk-heykel-bulundu\"},\"author\":{\"name\":\"Haber Merkezi\",\"@id\":\"https:\/\/epochtimestr.com\/#\/schema\/person\/3dc5c3adeb9f43923c5aa85889172fdd\"},\"headline\":\"Van&#8217;da Arkeolojik Kaz\u0131larda Urartulara ait 1 tonluk Heykel Bulundu\",\"datePublished\":\"2024-11-01T06:10:26+00:00\",\"dateModified\":\"2025-06-10T11:52:51+00:00\",\"mainEntityOfPage\":{\"@id\":\"https:\/\/epochtimestr.com\/index.php\/vanda-arkeolojik-kazilarda-urartulara-ait-1-tonluk-heykel-bulundu\"},\"wordCount\":331,\"publisher\":{\"@id\":\"https:\/\/epochtimestr.com\/#organization\"},\"image\":{\"@id\":\"https:\/\/epochtimestr.com\/index.php\/vanda-arkeolojik-kazilarda-urartulara-ait-1-tonluk-heykel-bulundu#primaryimage\"},\"thumbnailUrl\":\"https:\/\/epochtimestr.com\/wp-content\/uploads\/2011y\/urartu.webp\",\"articleSection\":[\"D\u00fcnya K\u00fclt\u00fcr Miraslar\u0131\",\"G\u00dcNDEM\",\"T\u00dcRK\u0130YE\"],\"inLanguage\":\"tr\"},{\"@type\":\"WebPage\",\"@id\":\"https:\/\/epochtimestr.com\/index.php\/vanda-arkeolojik-kazilarda-urartulara-ait-1-tonluk-heykel-bulundu\",\"url\":\"https:\/\/epochtimestr.com\/index.php\/vanda-arkeolojik-kazilarda-urartulara-ait-1-tonluk-heykel-bulundu\",\"name\":\"Van'da Arkeolojik Kaz\u0131larda Urartulara ait 1 tonluk Heykel Bulundu - The Epoch Times TR\",\"isPartOf\":{\"@id\":\"https:\/\/epochtimestr.com\/#website\"},\"primaryImageOfPage\":{\"@id\":\"https:\/\/epochtimestr.com\/index.php\/vanda-arkeolojik-kazilarda-urartulara-ait-1-tonluk-heykel-bulundu#primaryimage\"},\"image\":{\"@id\":\"https:\/\/epochtimestr.com\/index.php\/vanda-arkeolojik-kazilarda-urartulara-ait-1-tonluk-heykel-bulundu#primaryimage\"},\"thumbnailUrl\":\"https:\/\/epochtimestr.com\/wp-content\/uploads\/2011y\/urartu.webp\",\"datePublished\":\"2024-11-01T06:10:26+00:00\",\"dateModified\":\"2025-06-10T11:52:51+00:00\",\"inLanguage\":\"tr\",\"potentialAction\":[{\"@type\":\"ReadAction\",\"target\":[\"https:\/\/epochtimestr.com\/index.php\/vanda-arkeolojik-kazilarda-urartulara-ait-1-tonluk-heykel-bulundu\"]}]},{\"@type\":\"ImageObject\",\"inLanguage\":\"tr\",\"@id\":\"https:\/\/epochtimestr.com\/index.php\/vanda-arkeolojik-kazilarda-urartulara-ait-1-tonluk-heykel-bulundu#primaryimage\",\"url\":\"https:\/\/epochtimestr.com\/wp-content\/uploads\/2011y\/urartu.webp\",\"contentUrl\":\"https:\/\/epochtimestr.com\/wp-content\/uploads\/2011y\/urartu.webp\",\"width\":1500,\"height\":1000},{\"@type\":\"WebSite\",\"@id\":\"https:\/\/epochtimestr.com\/#website\",\"url\":\"https:\/\/epochtimestr.com\/\",\"name\":\"The Epoch Times TR\",\"description\":\"De\u011fi\u015fen D\u00fcnyam\u0131za Taze Bir Bak\u0131\u015f\",\"publisher\":{\"@id\":\"https:\/\/epochtimestr.com\/#organization\"},\"potentialAction\":[{\"@type\":\"SearchAction\",\"target\":{\"@type\":\"EntryPoint\",\"urlTemplate\":\"https:\/\/epochtimestr.com\/?s={search_term_string}\"},\"query-input\":\"required name=search_term_string\"}],\"inLanguage\":\"tr\"},{\"@type\":\"Organization\",\"@id\":\"https:\/\/epochtimestr.com\/#organization\",\"name\":\"The EpochTimes T\u00fcrkiye\",\"url\":\"https:\/\/epochtimestr.com\/\",\"logo\":{\"@type\":\"ImageObject\",\"inLanguage\":\"tr\",\"@id\":\"https:\/\/epochtimestr.com\/#\/schema\/logo\/image\/\",\"url\":\"https:\/\/epochtimestr.com\/wp-content\/uploads\/2011y\/ET-Logo-YG.jpg\",\"contentUrl\":\"https:\/\/epochtimestr.com\/wp-content\/uploads\/2011y\/ET-Logo-YG.jpg\",\"width\":346,\"height\":29,\"caption\":\"The EpochTimes T\u00fcrkiye\"},\"image\":{\"@id\":\"https:\/\/epochtimestr.com\/#\/schema\/logo\/image\/\"},\"sameAs\":[\"https:\/\/www.facebook.com\/theepochtimestr\",\"https:\/\/x.com\/TheEpochTimesTR\",\"https:\/\/www.instagram.com\/epochtimestr\"]},{\"@type\":\"Person\",\"@id\":\"https:\/\/epochtimestr.com\/#\/schema\/person\/3dc5c3adeb9f43923c5aa85889172fdd\",\"name\":\"Haber Merkezi\",\"image\":{\"@type\":\"ImageObject\",\"inLanguage\":\"tr\",\"@id\":\"https:\/\/epochtimestr.com\/#\/schema\/person\/image\/\",\"url\":\"https:\/\/secure.gravatar.com\/avatar\/d73f772ba5a74f28601361e17c2f93e6?s=96&d=mm&r=g\",\"contentUrl\":\"https:\/\/secure.gravatar.com\/avatar\/d73f772ba5a74f28601361e17c2f93e6?s=96&d=mm&r=g\",\"caption\":\"Haber Merkezi\"},\"url\":\"https:\/\/epochtimestr.com\/index.php\/author\/sendag\"}]}<\/script>\n<!-- \/ Yoast SEO plugin. -->","yoast_head_json":{"title":"Van'da Arkeolojik Kaz\u0131larda Urartulara ait 1 tonluk Heykel Bulundu - The Epoch Times TR","robots":{"index":"index","follow":"follow","max-snippet":"max-snippet:-1","max-image-preview":"max-image-preview:large","max-video-preview":"max-video-preview:-1"},"canonical":"https:\/\/epochtimestr.com\/index.php\/vanda-arkeolojik-kazilarda-urartulara-ait-1-tonluk-heykel-bulundu","og_locale":"tr_TR","og_type":"article","og_title":"Van'da Arkeolojik Kaz\u0131larda Urartulara ait 1 tonluk Heykel Bulundu - The Epoch Times TR","og_description":"Urartu d\u00f6nemine ait heykelin boyun b\u00f6lgesinin k\u0131r\u0131k oldu\u011fu ve an\u0131tsal bir yap\u0131da oldu\u011fu de\u011ferlendiriliyor. Van\u2019\u0131n Tu\u015fba il\u00e7esine ba\u011fl\u0131 Garibin Tepe\u2019de ger\u00e7ekle\u015ftirilen arkeolojik kaz\u0131larda, Urartu d\u00f6nemine ait bazalttan yap\u0131lm\u0131\u015f, yakla\u015f\u0131k bir ton a\u011f\u0131rl\u0131\u011f\u0131nda an\u0131tsal bir heykel bulundu. Yakla\u015f\u0131k iki metre uzunlu\u011funda ve bir metre geni\u015fli\u011findeki bu an\u0131tsal heykel, Urartu\u2019nun plastik sanatlar\u0131na dair \u00f6nemli bir \u00f6rnek sunuyor. [&hellip;]","og_url":"https:\/\/epochtimestr.com\/index.php\/vanda-arkeolojik-kazilarda-urartulara-ait-1-tonluk-heykel-bulundu","og_site_name":"The Epoch Times TR","article_publisher":"https:\/\/www.facebook.com\/theepochtimestr","article_published_time":"2024-11-01T06:10:26+00:00","article_modified_time":"2025-06-10T11:52:51+00:00","og_image":[{"width":1500,"height":1000,"url":"https:\/\/epochtimestr.com\/wp-content\/uploads\/2011y\/urartu.webp","type":"image\/webp"}],"author":"Haber Merkezi","twitter_card":"summary_large_image","twitter_creator":"@TheEpochTimesTR","twitter_site":"@TheEpochTimesTR","twitter_misc":{"Yazan:":"Haber Merkezi","Tahmini okuma s\u00fcresi":"2 dakika"},"schema":{"@context":"https:\/\/schema.org","@graph":[{"@type":"Article","@id":"https:\/\/epochtimestr.com\/index.php\/vanda-arkeolojik-kazilarda-urartulara-ait-1-tonluk-heykel-bulundu#article","isPartOf":{"@id":"https:\/\/epochtimestr.com\/index.php\/vanda-arkeolojik-kazilarda-urartulara-ait-1-tonluk-heykel-bulundu"},"author":{"name":"Haber Merkezi","@id":"https:\/\/epochtimestr.com\/#\/schema\/person\/3dc5c3adeb9f43923c5aa85889172fdd"},"headline":"Van&#8217;da Arkeolojik Kaz\u0131larda Urartulara ait 1 tonluk Heykel Bulundu","datePublished":"2024-11-01T06:10:26+00:00","dateModified":"2025-06-10T11:52:51+00:00","mainEntityOfPage":{"@id":"https:\/\/epochtimestr.com\/index.php\/vanda-arkeolojik-kazilarda-urartulara-ait-1-tonluk-heykel-bulundu"},"wordCount":331,"publisher":{"@id":"https:\/\/epochtimestr.com\/#organization"},"image":{"@id":"https:\/\/epochtimestr.com\/index.php\/vanda-arkeolojik-kazilarda-urartulara-ait-1-tonluk-heykel-bulundu#primaryimage"},"thumbnailUrl":"https:\/\/epochtimestr.com\/wp-content\/uploads\/2011y\/urartu.webp","articleSection":["D\u00fcnya K\u00fclt\u00fcr Miraslar\u0131","G\u00dcNDEM","T\u00dcRK\u0130YE"],"inLanguage":"tr"},{"@type":"WebPage","@id":"https:\/\/epochtimestr.com\/index.php\/vanda-arkeolojik-kazilarda-urartulara-ait-1-tonluk-heykel-bulundu","url":"https:\/\/epochtimestr.com\/index.php\/vanda-arkeolojik-kazilarda-urartulara-ait-1-tonluk-heykel-bulundu","name":"Van'da Arkeolojik Kaz\u0131larda Urartulara ait 1 tonluk Heykel Bulundu - The Epoch Times TR","isPartOf":{"@id":"https:\/\/epochtimestr.com\/#website"},"primaryImageOfPage":{"@id":"https:\/\/epochtimestr.com\/index.php\/vanda-arkeolojik-kazilarda-urartulara-ait-1-tonluk-heykel-bulundu#primaryimage"},"image":{"@id":"https:\/\/epochtimestr.com\/index.php\/vanda-arkeolojik-kazilarda-urartulara-ait-1-tonluk-heykel-bulundu#primaryimage"},"thumbnailUrl":"https:\/\/epochtimestr.com\/wp-content\/uploads\/2011y\/urartu.webp","datePublished":"2024-11-01T06:10:26+00:00","dateModified":"2025-06-10T11:52:51+00:00","inLanguage":"tr","potentialAction":[{"@type":"ReadAction","target":["https:\/\/epochtimestr.com\/index.php\/vanda-arkeolojik-kazilarda-urartulara-ait-1-tonluk-heykel-bulundu"]}]},{"@type":"ImageObject","inLanguage":"tr","@id":"https:\/\/epochtimestr.com\/index.php\/vanda-arkeolojik-kazilarda-urartulara-ait-1-tonluk-heykel-bulundu#primaryimage","url":"https:\/\/epochtimestr.com\/wp-content\/uploads\/2011y\/urartu.webp","contentUrl":"https:\/\/epochtimestr.com\/wp-content\/uploads\/2011y\/urartu.webp","width":1500,"height":1000},{"@type":"WebSite","@id":"https:\/\/epochtimestr.com\/#website","url":"https:\/\/epochtimestr.com\/","name":"The Epoch Times TR","description":"De\u011fi\u015fen D\u00fcnyam\u0131za Taze Bir Bak\u0131\u015f","publisher":{"@id":"https:\/\/epochtimestr.com\/#organization"},"potentialAction":[{"@type":"SearchAction","target":{"@type":"EntryPoint","urlTemplate":"https:\/\/epochtimestr.com\/?s={search_term_string}"},"query-input":"required name=search_term_string"}],"inLanguage":"tr"},{"@type":"Organization","@id":"https:\/\/epochtimestr.com\/#organization","name":"The EpochTimes T\u00fcrkiye","url":"https:\/\/epochtimestr.com\/","logo":{"@type":"ImageObject","inLanguage":"tr","@id":"https:\/\/epochtimestr.com\/#\/schema\/logo\/image\/","url":"https:\/\/epochtimestr.com\/wp-content\/uploads\/2011y\/ET-Logo-YG.jpg","contentUrl":"https:\/\/epochtimestr.com\/wp-content\/uploads\/2011y\/ET-Logo-YG.jpg","width":346,"height":29,"caption":"The EpochTimes T\u00fcrkiye"},"image":{"@id":"https:\/\/epochtimestr.com\/#\/schema\/logo\/image\/"},"sameAs":["https:\/\/www.facebook.com\/theepochtimestr","https:\/\/x.com\/TheEpochTimesTR","https:\/\/www.instagram.com\/epochtimestr"]},{"@type":"Person","@id":"https:\/\/epochtimestr.com\/#\/schema\/person\/3dc5c3adeb9f43923c5aa85889172fdd","name":"Haber Merkezi","image":{"@type":"ImageObject","inLanguage":"tr","@id":"https:\/\/epochtimestr.com\/#\/schema\/person\/image\/","url":"https:\/\/secure.gravatar.com\/avatar\/d73f772ba5a74f28601361e17c2f93e6?s=96&d=mm&r=g","contentUrl":"https:\/\/secure.gravatar.com\/avatar\/d73f772ba5a74f28601361e17c2f93e6?s=96&d=mm&r=g","caption":"Haber Merkezi"},"url":"https:\/\/epochtimestr.com\/index.php\/author\/sendag"}]}},"_links":{"self":[{"href":"https:\/\/epochtimestr.com\/index.php\/wp-json\/wp\/v2\/posts\/155050"}],"collection":[{"href":"https:\/\/epochtimestr.com\/index.php\/wp-json\/wp\/v2\/posts"}],"about":[{"href":"https:\/\/epochtimestr.com\/index.php\/wp-json\/wp\/v2\/types\/post"}],"author":[{"embeddable":true,"href":"https:\/\/epochtimestr.com\/index.php\/wp-json\/wp\/v2\/users\/12791"}],"replies":[{"embeddable":true,"href":"https:\/\/epochtimestr.com\/index.php\/wp-json\/wp\/v2\/comments?post=155050"}],"version-history":[{"count":1,"href":"https:\/\/epochtimestr.com\/index.php\/wp-json\/wp\/v2\/posts\/155050\/revisions"}],"predecessor-version":[{"id":155053,"href":"https:\/\/epochtimestr.com\/index.php\/wp-json\/wp\/v2\/posts\/155050\/revisions\/155053"}],"wp:featuredmedia":[{"embeddable":true,"href":"https:\/\/epochtimestr.com\/index.php\/wp-json\/wp\/v2\/media\/155051"}],"wp:attachment":[{"href":"https:\/\/epochtimestr.com\/index.php\/wp-json\/wp\/v2\/media?parent=155050"}],"wp:term":[{"taxonomy":"category","embeddable":true,"href":"https:\/\/epochtimestr.com\/index.php\/wp-json\/wp\/v2\/categories?post=155050"},{"taxonomy":"post_tag","embeddable":true,"href":"https:\/\/epochtimestr.com\/index.php\/wp-json\/wp\/v2\/tags?post=155050"}],"curies":[{"name":"wp","href":"https:\/\/api.w.org\/{rel}","templated":true}]}}