{"id":155111,"date":"2024-11-04T10:19:49","date_gmt":"2024-11-04T07:19:49","guid":{"rendered":"https:\/\/epochtimestr.com\/?p=155111"},"modified":"2024-11-04T11:44:30","modified_gmt":"2024-11-04T08:44:30","slug":"david-matas-cindeki-yasadisi-organ-ticaretini-anlatmak-icin-istanbuldaydi","status":"publish","type":"post","link":"https:\/\/epochtimestr.com\/index.php\/david-matas-cindeki-yasadisi-organ-ticaretini-anlatmak-icin-istanbuldaydi","title":{"rendered":"David Matas \u00c7in\u2019deki Yasad\u0131\u015f\u0131 Organ Ticaretini Anlatmak \u0130\u00e7in \u0130stanbul\u2019dayd\u0131"},"content":{"rendered":"<div class=\"wp-block-image\">\n<figure class=\"aligncenter size-full\"><img loading=\"lazy\" decoding=\"async\" width=\"1747\" height=\"822\" src=\"https:\/\/epochtimestr.com\/wp-content\/uploads\/2011y\/IMG_0323n.jpg\" alt=\"\" class=\"wp-image-155112\" srcset=\"https:\/\/epochtimestr.com\/wp-content\/uploads\/2011y\/IMG_0323n.jpg 1747w, https:\/\/epochtimestr.com\/wp-content\/uploads\/2011y\/IMG_0323n-300x141.jpg 300w, https:\/\/epochtimestr.com\/wp-content\/uploads\/2011y\/IMG_0323n-150x71.jpg 150w, https:\/\/epochtimestr.com\/wp-content\/uploads\/2011y\/IMG_0323n-768x361.jpg 768w, https:\/\/epochtimestr.com\/wp-content\/uploads\/2011y\/IMG_0323n-1536x723.jpg 1536w\" sizes=\"(max-width: 1747px) 100vw, 1747px\" \/><\/figure><\/div>\n\n\n<h2 class=\"wp-block-heading\">\u00dcnl\u00fc insan haklar\u0131 avukat\u0131 ve \u00c7in&#8217;de Organ Nakli \u0130stismar\u0131n\u0131 Sona Erdirmek i\u00e7in Uluslararas\u0131 Koalisyon\u2019un (ETAC) kurucular\u0131ndan David Matas, \u00c7in\u2019de ger\u00e7ekle\u015fmekte olan d\u00fc\u015f\u00fcnce su\u00e7lular\u0131ndan zorla organ al\u0131m\u0131 konusunu d\u00fcnya g\u00fcndemine ta\u015f\u0131maya devam etmek i\u00e7in \u0130stanbul&#8217;da D\u00fcnya Organ Nakli Kongresi 2024&#8217;e kat\u0131ld\u0131.<\/h2>\n\n\n\n<p>D\u00fcnyaca \u00fcnl\u00fc \u0130nsan Haklar\u0131 Avukat\u0131 David Matas, Organ Nakli Kongresi 2024\u2019e kat\u0131lmak i\u00e7in \u0130stanbul\u2019a geldi. Organ Nakli Derne\u011fi (TTS) taraf\u0131ndan d\u00fczenlenen 30. Uluslararas\u0131 Organ Nakli Kongresi (TTS 2024), 22-25 Eyl\u00fcl 2024 tarihleri aras\u0131nda \u0130stanbul Kongre Merkezi&#8217;nde ger\u00e7ekle\u015ftirildi. Kongre\u2019ye d\u00fcnyan\u0131n d\u00f6rt bir yan\u0131ndan organ naklinin bilimsel, klinik, etik, sosyal ve ekonomik y\u00f6nlerini \u00e7al\u0131\u015fan ve ara\u015ft\u0131ran klinisyenler, ara\u015ft\u0131rmac\u0131lar, akademisyenler, hastalar, politika yap\u0131c\u0131larI, sekt\u00f6r profesyonelleri, medya ve savunuculuk gruplar\u0131 dahil olmak \u00fczere \u00e7ok say\u0131da ki\u015fi kat\u0131ld\u0131.<\/p>\n\n\n\n<p>2006 y\u0131l\u0131nda d\u00fcnyan\u0131n Sujiatun Kamp\u0131 ile duydu\u011fu ve sonras\u0131nda yap\u0131lan pek \u00e7ok ara\u015ft\u0131rma ve ortaya \u00e7\u0131kan delillerle kamuoyunda yer bulan \u00c7in\u2019deki zorla organ al\u0131m\u0131 TTS 2024\u2019te de Matas\u2019\u0131n e-sunumu ile yer buldu.<\/p>\n\n\n\n<p><strong>\u00c7in\u2019deki organ hasat\u0131 nas\u0131l duyuldu?<\/strong><\/p>\n\n\n\n<p>Her \u015fey 2006 y\u0131l\u0131n\u0131n Mart ay\u0131nda Falun Gong Zulm\u00fcn\u00fc Ara\u015ft\u0131rma Koalisyonu\u2019ndan Annie takma adl\u0131 bir kad\u0131n\u0131n The Epoch Times Amerika gazetesine verdi\u011fi deme\u00e7 ile ba\u015flad\u0131. Annie takma adl\u0131 kad\u0131n, aile \u00fcyelerinden birinin \u00c7in\u2019de 1999 y\u0131l\u0131nda yasaklanan Falun Gong uygulamas\u0131n\u0131n uygulay\u0131c\u0131lar\u0131ndan yasa d\u0131\u015f\u0131 olarak zorla organ almak i\u00e7in yap\u0131lan cerrahi m\u00fcdahaleye dahil oldu\u011funu s\u00f6yledi. Daha sonra Falun Gong Zulm\u00fcn\u00fc Ara\u015ft\u0131rma Koalisyonu bu iddiay\u0131 ara\u015ft\u0131rmas\u0131 i\u00e7in Kanada Asya-Pasifik D\u0131\u015f \u0130\u015fleri Bakan\u0131 David Kilgour ve tan\u0131nm\u0131\u015f insan Haklar\u0131 Avukat\u0131 David Matas\u2019a ula\u015ft\u0131. Bu talep \u00fczerine harekete ge\u00e7en David Kilgour ve David Matas yapt\u0131klar\u0131 ara\u015ft\u0131rma ve incelemeler sonucunda Haziran 2006 y\u0131l\u0131nda \u201cKanl\u0131 Hasat\u201d adl\u0131 ilk raporu yay\u0131nlad\u0131lar. Bu raporda iki David, 1999 y\u0131l\u0131nda \u00c7in\u2019de ba\u015flayan Falun Gong zulm\u00fcnden itibaren uygulaman\u0131n bast\u0131r\u0131lmas\u0131 ve uygulay\u0131c\u0131lar\u0131n maruz kald\u0131klar\u0131 insanl\u0131k d\u0131\u015f\u0131 muameleleri ara\u015ft\u0131r\u0131yordu. Rapor, bu olaylara tan\u0131k olan ve maruz kalan ki\u015filerin beyanlar\u0131na, organ nakli i\u00e7in \u00c7in\u2019e giden insanlar\u0131n \u00e7ok \u00e7abuk bir \u015fekilde nas\u0131l organ nakli ger\u00e7ekle\u015ftirdiklerine, her iki David\u2019in organ nakli i\u00e7in \u00c7in\u2019deki hastaneler ile yapt\u0131klar\u0131 telefon kay\u0131tlar\u0131na ve bu hastanelerin internet sitelerindeki beyanlar\u0131na ve daha pek \u00e7ok nesnel olguya dayan\u0131yordu. Bu rapor Kilgour ve Matas taraf\u0131ndan destekleyici baz\u0131 delillerle 2007 ve 2009 y\u0131l\u0131nda g\u00fcncellendi.<\/p>\n\n\n\n<p><strong>\u00c7in\u2019in ilk kurbanlar Uygur T\u00fcrkleri<\/strong><\/p>\n\n\n\n<p><a><\/a> Bu raporun yaratt\u0131\u011f\u0131 etki sonucu Ara\u015ft\u0131rmac\u0131 \u2013 Yazar Ethan Gutmann \u201cKanl\u0131 Hasat\u201d raporunun ger\u00e7e\u011fe mi yoksa as\u0131ls\u0131z iddialara m\u0131 dayand\u0131\u011f\u0131n\u0131 ispatlamak i\u00e7in bir ara\u015ft\u0131rma yapmaya karar verdi. Gutmann ile \u00e7al\u0131\u015fan ara\u015ft\u0131rmac\u0131lar Leeshai Lemish ve Jaya Gibson, alt\u0131 y\u0131ll\u0131k bir s\u00fcre boyunca y\u00fczden fazla ki\u015fiyle r\u00f6portaj yaparak d\u00f6rt k\u0131tay\u0131 dola\u015ft\u0131. Falun Gong uygulay\u0131c\u0131lar\u0131 ile yap\u0131lan ilk on r\u00f6portajdan sonra Gutmann bu iddialar\u0131n do\u011fru oldu\u011funu d\u00fc\u015f\u00fcnmeye ba\u015flad\u0131 fakat sadece bu iddialar\u0131n do\u011frulanmas\u0131n\u0131n ele\u015ftirel okuyucular taraf\u0131ndan yeterli g\u00f6r\u00fclmeyece\u011fini ve \u00c7KP\u2019nin bir grubu bast\u0131rmaya \u00e7al\u0131\u015fmas\u0131n\u0131n nas\u0131l bir toplu katliama d\u00f6n\u00fc\u015febildi\u011fi d\u00fc\u015f\u00fcncesinin de a\u00e7\u0131klanmas\u0131 gerekti\u011fini ve bu i\u015fin nas\u0131l ba\u015flad\u0131\u011f\u0131n\u0131n ortaya konulmas\u0131 gerekti\u011fini d\u00fc\u015f\u00fcnd\u00fc. Ara\u015ft\u0131rmalar\u0131n\u0131 derinle\u015ftiren Gutmann ve ekibi 2014 y\u0131l\u0131nda Promoteheus Books yay\u0131nevinden \u00e7\u0131kartt\u0131klar\u0131 K\u0131y\u0131m: Toplu Cinayetler, Organ Toplama ve \u00c7in&#8217;in Muhalif Sorununa Gizli \u00c7\u00f6z\u00fcm\u00fc adl\u0131 kitab\u0131n ilk b\u00f6l\u00fcm\u00fcnde bilinen ilk canl\u0131 organ al\u0131m\u0131 vakas\u0131n\u0131 ortaya koyuyordu. Bu olay \u00f6z\u00fcnde, bir cerrah\u0131n canl\u0131 bir insan\u0131n organlar\u0131n\u0131 zorla almas\u0131n\u0131 ve b\u00f6ylece cerrah\u0131n bir cellat haline gelmesiydi ve bu olay 1995 y\u0131l\u0131nda Kuzeybat\u0131 \u00c7in&#8217;deki Sincan \u00d6zerk B\u00f6lgesi&#8217;ndeki infaz alanlar\u0131nda ger\u00e7ekle\u015ftirilmi\u015fti. \u00d6rne\u011fin, Uygur Cerrah Enver Tohti, bir mahkumun \u00f6ld\u00fcrmek i\u00e7in de\u011fil fakat v\u00fccudunu \u015foka sokmak amac\u0131yla g\u00f6\u011fs\u00fcnden vuruldu\u011funu ve bu mahkumun b\u00f6breklerinin ve karaci\u011ferinin v\u00fccudundan \u00e7\u0131kar\u0131ld\u0131\u011f\u0131n\u0131 anlatm\u0131\u015ft\u0131. Bu g\u00fcncelleme asl\u0131nda zorla organ al\u0131m\u0131n\u0131n birka\u00e7 y\u0131l sonra rutin bir prosed\u00fcr haline geldi\u011fini da g\u00f6steriyordu. Kitapta ayr\u0131ca, d\u00fc\u015f\u00fcnce mahkumlar\u0131ndan (bu vakada Uygur M\u00fcsl\u00fcman aktivistlerden) ilk zorla organ toplama i\u015fleminin 1997 y\u0131l\u0131nda Sincan \u00d6zerk B\u00f6lgesi&#8217;nin ba\u015fkenti Urum\u00e7i&#8217;de ger\u00e7ekle\u015ftirildi\u011fini ortaya koydu. Ba\u015fka bir t\u0131bbi tan\u0131k, doku uyumlu organlara ihtiya\u00e7 duyan bir avu\u00e7 ya\u015fl\u0131, \u00fcst d\u00fczey \u00c7in Kom\u00fcnist Partisi yetkilisi i\u00e7in Uygur d\u00fc\u015f\u00fcnce mahkumlar\u0131n\u0131n kan testleri yapt\u0131rmaya zorland\u0131\u011f\u0131n\u0131 anlatt\u0131. Yetkililer \u00f6zellikle operasyonlar i\u00e7in Urum\u00e7i&#8217;ye seyahat etmi\u015f oldu\u011fundan, bu, \u00c7in s\u0131n\u0131rlar\u0131 i\u00e7inde de olsa ilk &#8220;organ turizmi&#8221; vakalar\u0131ndan biri olarak g\u00f6r\u00fclebilir; ayn\u0131 zamanda Parti\u2019nin a\u00e7\u0131k\u00e7a siyasi ve resmi ama\u00e7larla zorla organ toplanmas\u0131na kar\u0131\u015ft\u0131\u011f\u0131n\u0131n da kan\u0131t\u0131 olarak g\u00f6r\u00fclebilir.<\/p>\n\n\n\n<p>2016 y\u0131l\u0131nda bir araya gelen Kilgour, Matas ve Gutmman , 2017 y\u0131l\u0131nda \u00c7in&#8217;de Organ Nakli \u0130stismar\u0131n\u0131 Sona Erdirmek i\u00e7in Uluslararas\u0131 Koalisyonu (ETAC)Avustralya&#8217;da ba\u011f\u0131ms\u0131z, kar amac\u0131 g\u00fctmeyen bir kurulu\u015f olarak tescil ettirdi. <em>\u00c7in&#8217;de Organ Nakli \u0130stismar\u0131n\u0131 Sonland\u0131rmak \u0130\u00e7in Uluslararas\u0131 Koalisyon, <\/em>\u00c7in&#8217;deki organ nakli ihlalleri hakk\u0131nda daha fazla inceleme ve fark\u0131ndal\u0131k yaratan d\u00fcnya \u00e7ap\u0131nda \u00e7e\u015fitli giri\u015fimler i\u00e7in bir temel sa\u011flayarak bu konuda lider bir kurulu\u015f haline geldi.<\/p>\n\n\n\n<p><strong>Matas: &#8220;Mevcut kan\u0131tlar hala mahkumlardan end\u00fcstriyel d\u00fczeyde organ topland\u0131\u011f\u0131n\u0131 g\u00f6ster<\/strong>i<strong>yor.&#8221;<\/strong><\/p>\n\n\n\n<p>\u201cKanl\u0131 Hasat\u201d raporuna ve ETAC\u2019\u0131n kurulmas\u0131na \u00f6nc\u00fcl\u00fck yapan David Matas, Organ Nakli Kongresi 2024\u2019e kat\u0131lmak ve \u00c7in\u2019de organ nakli konusunda ger\u00e7ekle\u015ftirilen korkun\u00e7 hak ihlalleri ile ilgili yeni geli\u015fmeleri ve kan\u0131tlar\u0131 Organ Nakli Derne\u011fi \u00fcyelerine ve kongre kat\u0131l\u0131mc\u0131lar\u0131na sunmak i\u00e7in \u0130stanbul\u2019a geldi. Bir e-sunum ile kongreye kat\u0131lan Matas, sunumunda \u00c7in h\u00fckumetinin 2006 y\u0131l\u0131nda \u00f6l\u00fcme mahkum edilen ve sonra \u00f6l\u00fcm mahkumiyetleri infaz edilen mahkumlardan organlar\u0131n\u0131n al\u0131nd\u0131\u011f\u0131n\u0131 kabul etti\u011fini hat\u0131rlatt\u0131. Daha sonra 2014 y\u0131l\u0131nda \u00c7in h\u00fckumetinin 2015 y\u0131l\u0131ndan itibaren bu uygulamay\u0131 durduraca\u011f\u0131n\u0131 duyurdu\u011funu ama mevcut kan\u0131tlar\u0131n hala mahkumlardan end\u00fcstriyel d\u00fczeyde organ topland\u0131\u011f\u0131n\u0131 g\u00f6sterdi\u011fini aktard\u0131.<\/p>\n\n\n\n<p>Matas konuyla ilgili kan\u0131tlar\u0131 ortaya koydu\u011fu sunumunda, &#8220;\u00c7in Halk Cumhuriyeti&#8217;ndeki(\u00c7HC) hastanelerin talep \u00fczerine organlar\u0131n\u0131 alabildi\u011fi ve eri\u015febildi\u011fi bir ba\u011f\u0131\u015f\u00e7\u0131 pop\u00fclasyonu var ve bu durum \u00c7HC taraf\u0131ndan bir\u00e7ok Falun Gong uygulay\u0131c\u0131s\u0131n\u0131n ve Uygur\u2019un organlar\u0131 i\u00e7in t\u0131bbi testlere zorland\u0131\u011f\u0131 uzun s\u00fcredir uygulanan zorla organ toplama [\u00f6l\u00fcm cezas\u0131 yoluyla] uygulamas\u0131yla ayn\u0131 zamana denk gelmektedir; \u00c7HC, Falun Gong uygulay\u0131c\u0131lar\u0131n\u0131 istedi\u011fi kadere mahkum etmek konusunda hi\u00e7bir zorluk ya\u015famayacakt\u0131r ve \u00c7HC\u2019deki hastanelerin eri\u015filebilir ba\u011f\u0131\u015f\u00e7\u0131 pop\u00fclasyonu olarak g\u00f6rd\u00fc\u011f\u00fc uygulay\u0131c\u0131lar\u0131n organlar\u0131 talep \u00fczerine zorla organ toplama yoluyla kolayl\u0131kla halihaz\u0131rda al\u0131nabilir.\u201d s\u00f6zlerine yer verdi.<\/p>\n","protected":false},"excerpt":{"rendered":"<p>\u00dcnl\u00fc insan haklar\u0131 avukat\u0131 ve \u00c7in&#8217;de Organ Nakli \u0130stismar\u0131n\u0131 Sona Erdirmek i\u00e7in Uluslararas\u0131 Koalisyon\u2019un (ETAC) kurucular\u0131ndan David Matas, \u00c7in\u2019de ger\u00e7ekle\u015fmekte olan d\u00fc\u015f\u00fcnce su\u00e7lular\u0131ndan zorla organ al\u0131m\u0131 konusunu d\u00fcnya g\u00fcndemine ta\u015f\u0131maya devam etmek i\u00e7in \u0130stanbul&#8217;da D\u00fcnya Organ Nakli Kongresi 2024&#8217;e kat\u0131ld\u0131. D\u00fcnyaca \u00fcnl\u00fc \u0130nsan Haklar\u0131 Avukat\u0131 David Matas, Organ Nakli Kongresi 2024\u2019e kat\u0131lmak i\u00e7in \u0130stanbul\u2019a geldi. [&hellip;]<\/p>\n","protected":false},"author":22,"featured_media":155112,"comment_status":"closed","ping_status":"open","sticky":false,"template":"","format":"standard","meta":{"_yoast_wpseo_focuskw":"","_yoast_wpseo_title":"","_yoast_wpseo_metadesc":"","_bbp_topic_count":0,"_bbp_reply_count":0,"_bbp_total_topic_count":0,"_bbp_total_reply_count":0,"_bbp_voice_count":0,"_bbp_anonymous_reply_count":0,"_bbp_topic_count_hidden":0,"_bbp_reply_count_hidden":0,"_bbp_forum_subforum_count":0,"footnotes":"","_yoast_wpseo_focuskw_text_input":""},"categories":[1,8138,8420,40],"tags":[],"yoast_head":"<!-- This site is optimized with the Yoast SEO plugin v23.0 - https:\/\/yoast.com\/wordpress\/plugins\/seo\/ -->\n<title>David Matas \u00c7in\u2019deki Yasad\u0131\u015f\u0131 Organ Ticaretini Anlatmak \u0130\u00e7in \u0130stanbul\u2019dayd\u0131 - The Epoch Times TR<\/title>\n<meta name=\"robots\" content=\"index, follow, max-snippet:-1, max-image-preview:large, max-video-preview:-1\" \/>\n<link rel=\"canonical\" href=\"https:\/\/epochtimestr.com\/index.php\/david-matas-cindeki-yasadisi-organ-ticaretini-anlatmak-icin-istanbuldaydi\" \/>\n<meta property=\"og:locale\" content=\"tr_TR\" \/>\n<meta property=\"og:type\" content=\"article\" \/>\n<meta property=\"og:title\" content=\"David Matas \u00c7in\u2019deki Yasad\u0131\u015f\u0131 Organ Ticaretini Anlatmak \u0130\u00e7in \u0130stanbul\u2019dayd\u0131 - The Epoch Times TR\" \/>\n<meta property=\"og:description\" content=\"\u00dcnl\u00fc insan haklar\u0131 avukat\u0131 ve \u00c7in&#8217;de Organ Nakli \u0130stismar\u0131n\u0131 Sona Erdirmek i\u00e7in Uluslararas\u0131 Koalisyon\u2019un (ETAC) kurucular\u0131ndan David Matas, \u00c7in\u2019de ger\u00e7ekle\u015fmekte olan d\u00fc\u015f\u00fcnce su\u00e7lular\u0131ndan zorla organ al\u0131m\u0131 konusunu d\u00fcnya g\u00fcndemine ta\u015f\u0131maya devam etmek i\u00e7in \u0130stanbul&#8217;da D\u00fcnya Organ Nakli Kongresi 2024&#8217;e kat\u0131ld\u0131. D\u00fcnyaca \u00fcnl\u00fc \u0130nsan Haklar\u0131 Avukat\u0131 David Matas, Organ Nakli Kongresi 2024\u2019e kat\u0131lmak i\u00e7in \u0130stanbul\u2019a geldi. [&hellip;]\" \/>\n<meta property=\"og:url\" content=\"https:\/\/epochtimestr.com\/index.php\/david-matas-cindeki-yasadisi-organ-ticaretini-anlatmak-icin-istanbuldaydi\" \/>\n<meta property=\"og:site_name\" content=\"The Epoch Times TR\" \/>\n<meta property=\"article:publisher\" content=\"https:\/\/www.facebook.com\/theepochtimestr\" \/>\n<meta property=\"article:published_time\" content=\"2024-11-04T07:19:49+00:00\" \/>\n<meta property=\"article:modified_time\" content=\"2024-11-04T08:44:30+00:00\" \/>\n<meta property=\"og:image\" content=\"https:\/\/epochtimestr.com\/wp-content\/uploads\/2011y\/IMG_0323n.jpg\" \/>\n\t<meta property=\"og:image:width\" content=\"1747\" \/>\n\t<meta property=\"og:image:height\" content=\"822\" \/>\n\t<meta property=\"og:image:type\" content=\"image\/jpeg\" \/>\n<meta name=\"author\" content=\"G.Hakan Ko\u00e7man\" \/>\n<meta name=\"twitter:card\" content=\"summary_large_image\" \/>\n<meta name=\"twitter:creator\" content=\"@TheEpochTimesTR\" \/>\n<meta name=\"twitter:site\" content=\"@TheEpochTimesTR\" \/>\n<meta name=\"twitter:label1\" content=\"Yazan:\" \/>\n\t<meta name=\"twitter:data1\" content=\"G.Hakan Ko\u00e7man\" \/>\n\t<meta name=\"twitter:label2\" content=\"Tahmini okuma s\u00fcresi\" \/>\n\t<meta name=\"twitter:data2\" content=\"6 dakika\" \/>\n<script type=\"application\/ld+json\" class=\"yoast-schema-graph\">{\"@context\":\"https:\/\/schema.org\",\"@graph\":[{\"@type\":\"Article\",\"@id\":\"https:\/\/epochtimestr.com\/index.php\/david-matas-cindeki-yasadisi-organ-ticaretini-anlatmak-icin-istanbuldaydi#article\",\"isPartOf\":{\"@id\":\"https:\/\/epochtimestr.com\/index.php\/david-matas-cindeki-yasadisi-organ-ticaretini-anlatmak-icin-istanbuldaydi\"},\"author\":{\"name\":\"G.Hakan Ko\u00e7man\",\"@id\":\"https:\/\/epochtimestr.com\/#\/schema\/person\/b5509977c9a6cd729a3e74d9743d035b\"},\"headline\":\"David Matas \u00c7in\u2019deki Yasad\u0131\u015f\u0131 Organ Ticaretini Anlatmak \u0130\u00e7in \u0130stanbul\u2019dayd\u0131\",\"datePublished\":\"2024-11-04T07:19:49+00:00\",\"dateModified\":\"2024-11-04T08:44:30+00:00\",\"mainEntityOfPage\":{\"@id\":\"https:\/\/epochtimestr.com\/index.php\/david-matas-cindeki-yasadisi-organ-ticaretini-anlatmak-icin-istanbuldaydi\"},\"wordCount\":1289,\"publisher\":{\"@id\":\"https:\/\/epochtimestr.com\/#organization\"},\"image\":{\"@id\":\"https:\/\/epochtimestr.com\/index.php\/david-matas-cindeki-yasadisi-organ-ticaretini-anlatmak-icin-istanbuldaydi#primaryimage\"},\"thumbnailUrl\":\"https:\/\/epochtimestr.com\/wp-content\/uploads\/2011y\/IMG_0323n.jpg\",\"articleSection\":[\"G\u00dcNDEM\",\"Man\u015fet\",\"T\u00dcRK D\u00dcNYASI\",\"Yasa D\u0131\u015f\u0131 Organ Ticareti\"],\"inLanguage\":\"tr\"},{\"@type\":\"WebPage\",\"@id\":\"https:\/\/epochtimestr.com\/index.php\/david-matas-cindeki-yasadisi-organ-ticaretini-anlatmak-icin-istanbuldaydi\",\"url\":\"https:\/\/epochtimestr.com\/index.php\/david-matas-cindeki-yasadisi-organ-ticaretini-anlatmak-icin-istanbuldaydi\",\"name\":\"David Matas \u00c7in\u2019deki Yasad\u0131\u015f\u0131 Organ Ticaretini Anlatmak \u0130\u00e7in \u0130stanbul\u2019dayd\u0131 - The Epoch Times TR\",\"isPartOf\":{\"@id\":\"https:\/\/epochtimestr.com\/#website\"},\"primaryImageOfPage\":{\"@id\":\"https:\/\/epochtimestr.com\/index.php\/david-matas-cindeki-yasadisi-organ-ticaretini-anlatmak-icin-istanbuldaydi#primaryimage\"},\"image\":{\"@id\":\"https:\/\/epochtimestr.com\/index.php\/david-matas-cindeki-yasadisi-organ-ticaretini-anlatmak-icin-istanbuldaydi#primaryimage\"},\"thumbnailUrl\":\"https:\/\/epochtimestr.com\/wp-content\/uploads\/2011y\/IMG_0323n.jpg\",\"datePublished\":\"2024-11-04T07:19:49+00:00\",\"dateModified\":\"2024-11-04T08:44:30+00:00\",\"inLanguage\":\"tr\",\"potentialAction\":[{\"@type\":\"ReadAction\",\"target\":[\"https:\/\/epochtimestr.com\/index.php\/david-matas-cindeki-yasadisi-organ-ticaretini-anlatmak-icin-istanbuldaydi\"]}]},{\"@type\":\"ImageObject\",\"inLanguage\":\"tr\",\"@id\":\"https:\/\/epochtimestr.com\/index.php\/david-matas-cindeki-yasadisi-organ-ticaretini-anlatmak-icin-istanbuldaydi#primaryimage\",\"url\":\"https:\/\/epochtimestr.com\/wp-content\/uploads\/2011y\/IMG_0323n.jpg\",\"contentUrl\":\"https:\/\/epochtimestr.com\/wp-content\/uploads\/2011y\/IMG_0323n.jpg\",\"width\":1747,\"height\":822},{\"@type\":\"WebSite\",\"@id\":\"https:\/\/epochtimestr.com\/#website\",\"url\":\"https:\/\/epochtimestr.com\/\",\"name\":\"The Epoch Times TR\",\"description\":\"De\u011fi\u015fen D\u00fcnyam\u0131za Taze Bir Bak\u0131\u015f\",\"publisher\":{\"@id\":\"https:\/\/epochtimestr.com\/#organization\"},\"potentialAction\":[{\"@type\":\"SearchAction\",\"target\":{\"@type\":\"EntryPoint\",\"urlTemplate\":\"https:\/\/epochtimestr.com\/?s={search_term_string}\"},\"query-input\":\"required name=search_term_string\"}],\"inLanguage\":\"tr\"},{\"@type\":\"Organization\",\"@id\":\"https:\/\/epochtimestr.com\/#organization\",\"name\":\"The EpochTimes T\u00fcrkiye\",\"url\":\"https:\/\/epochtimestr.com\/\",\"logo\":{\"@type\":\"ImageObject\",\"inLanguage\":\"tr\",\"@id\":\"https:\/\/epochtimestr.com\/#\/schema\/logo\/image\/\",\"url\":\"https:\/\/epochtimestr.com\/wp-content\/uploads\/2011y\/ET-Logo-YG.jpg\",\"contentUrl\":\"https:\/\/epochtimestr.com\/wp-content\/uploads\/2011y\/ET-Logo-YG.jpg\",\"width\":346,\"height\":29,\"caption\":\"The EpochTimes T\u00fcrkiye\"},\"image\":{\"@id\":\"https:\/\/epochtimestr.com\/#\/schema\/logo\/image\/\"},\"sameAs\":[\"https:\/\/www.facebook.com\/theepochtimestr\",\"https:\/\/x.com\/TheEpochTimesTR\",\"https:\/\/www.instagram.com\/epochtimestr\"]},{\"@type\":\"Person\",\"@id\":\"https:\/\/epochtimestr.com\/#\/schema\/person\/b5509977c9a6cd729a3e74d9743d035b\",\"name\":\"G.Hakan Ko\u00e7man\",\"image\":{\"@type\":\"ImageObject\",\"inLanguage\":\"tr\",\"@id\":\"https:\/\/epochtimestr.com\/#\/schema\/person\/image\/\",\"url\":\"https:\/\/secure.gravatar.com\/avatar\/e4eafee1ab5d1f4015c3930376b22ca8?s=96&d=mm&r=g\",\"contentUrl\":\"https:\/\/secure.gravatar.com\/avatar\/e4eafee1ab5d1f4015c3930376b22ca8?s=96&d=mm&r=g\",\"caption\":\"G.Hakan Ko\u00e7man\"},\"url\":\"https:\/\/epochtimestr.com\/index.php\/author\/hakan\"}]}<\/script>\n<!-- \/ Yoast SEO plugin. -->","yoast_head_json":{"title":"David Matas \u00c7in\u2019deki Yasad\u0131\u015f\u0131 Organ Ticaretini Anlatmak \u0130\u00e7in \u0130stanbul\u2019dayd\u0131 - The Epoch Times TR","robots":{"index":"index","follow":"follow","max-snippet":"max-snippet:-1","max-image-preview":"max-image-preview:large","max-video-preview":"max-video-preview:-1"},"canonical":"https:\/\/epochtimestr.com\/index.php\/david-matas-cindeki-yasadisi-organ-ticaretini-anlatmak-icin-istanbuldaydi","og_locale":"tr_TR","og_type":"article","og_title":"David Matas \u00c7in\u2019deki Yasad\u0131\u015f\u0131 Organ Ticaretini Anlatmak \u0130\u00e7in \u0130stanbul\u2019dayd\u0131 - The Epoch Times TR","og_description":"\u00dcnl\u00fc insan haklar\u0131 avukat\u0131 ve \u00c7in&#8217;de Organ Nakli \u0130stismar\u0131n\u0131 Sona Erdirmek i\u00e7in Uluslararas\u0131 Koalisyon\u2019un (ETAC) kurucular\u0131ndan David Matas, \u00c7in\u2019de ger\u00e7ekle\u015fmekte olan d\u00fc\u015f\u00fcnce su\u00e7lular\u0131ndan zorla organ al\u0131m\u0131 konusunu d\u00fcnya g\u00fcndemine ta\u015f\u0131maya devam etmek i\u00e7in \u0130stanbul&#8217;da D\u00fcnya Organ Nakli Kongresi 2024&#8217;e kat\u0131ld\u0131. D\u00fcnyaca \u00fcnl\u00fc \u0130nsan Haklar\u0131 Avukat\u0131 David Matas, Organ Nakli Kongresi 2024\u2019e kat\u0131lmak i\u00e7in \u0130stanbul\u2019a geldi. [&hellip;]","og_url":"https:\/\/epochtimestr.com\/index.php\/david-matas-cindeki-yasadisi-organ-ticaretini-anlatmak-icin-istanbuldaydi","og_site_name":"The Epoch Times TR","article_publisher":"https:\/\/www.facebook.com\/theepochtimestr","article_published_time":"2024-11-04T07:19:49+00:00","article_modified_time":"2024-11-04T08:44:30+00:00","og_image":[{"width":1747,"height":822,"url":"https:\/\/epochtimestr.com\/wp-content\/uploads\/2011y\/IMG_0323n.jpg","type":"image\/jpeg"}],"author":"G.Hakan Ko\u00e7man","twitter_card":"summary_large_image","twitter_creator":"@TheEpochTimesTR","twitter_site":"@TheEpochTimesTR","twitter_misc":{"Yazan:":"G.Hakan Ko\u00e7man","Tahmini okuma s\u00fcresi":"6 dakika"},"schema":{"@context":"https:\/\/schema.org","@graph":[{"@type":"Article","@id":"https:\/\/epochtimestr.com\/index.php\/david-matas-cindeki-yasadisi-organ-ticaretini-anlatmak-icin-istanbuldaydi#article","isPartOf":{"@id":"https:\/\/epochtimestr.com\/index.php\/david-matas-cindeki-yasadisi-organ-ticaretini-anlatmak-icin-istanbuldaydi"},"author":{"name":"G.Hakan Ko\u00e7man","@id":"https:\/\/epochtimestr.com\/#\/schema\/person\/b5509977c9a6cd729a3e74d9743d035b"},"headline":"David Matas \u00c7in\u2019deki Yasad\u0131\u015f\u0131 Organ Ticaretini Anlatmak \u0130\u00e7in \u0130stanbul\u2019dayd\u0131","datePublished":"2024-11-04T07:19:49+00:00","dateModified":"2024-11-04T08:44:30+00:00","mainEntityOfPage":{"@id":"https:\/\/epochtimestr.com\/index.php\/david-matas-cindeki-yasadisi-organ-ticaretini-anlatmak-icin-istanbuldaydi"},"wordCount":1289,"publisher":{"@id":"https:\/\/epochtimestr.com\/#organization"},"image":{"@id":"https:\/\/epochtimestr.com\/index.php\/david-matas-cindeki-yasadisi-organ-ticaretini-anlatmak-icin-istanbuldaydi#primaryimage"},"thumbnailUrl":"https:\/\/epochtimestr.com\/wp-content\/uploads\/2011y\/IMG_0323n.jpg","articleSection":["G\u00dcNDEM","Man\u015fet","T\u00dcRK D\u00dcNYASI","Yasa D\u0131\u015f\u0131 Organ Ticareti"],"inLanguage":"tr"},{"@type":"WebPage","@id":"https:\/\/epochtimestr.com\/index.php\/david-matas-cindeki-yasadisi-organ-ticaretini-anlatmak-icin-istanbuldaydi","url":"https:\/\/epochtimestr.com\/index.php\/david-matas-cindeki-yasadisi-organ-ticaretini-anlatmak-icin-istanbuldaydi","name":"David Matas \u00c7in\u2019deki Yasad\u0131\u015f\u0131 Organ Ticaretini Anlatmak \u0130\u00e7in \u0130stanbul\u2019dayd\u0131 - The Epoch Times TR","isPartOf":{"@id":"https:\/\/epochtimestr.com\/#website"},"primaryImageOfPage":{"@id":"https:\/\/epochtimestr.com\/index.php\/david-matas-cindeki-yasadisi-organ-ticaretini-anlatmak-icin-istanbuldaydi#primaryimage"},"image":{"@id":"https:\/\/epochtimestr.com\/index.php\/david-matas-cindeki-yasadisi-organ-ticaretini-anlatmak-icin-istanbuldaydi#primaryimage"},"thumbnailUrl":"https:\/\/epochtimestr.com\/wp-content\/uploads\/2011y\/IMG_0323n.jpg","datePublished":"2024-11-04T07:19:49+00:00","dateModified":"2024-11-04T08:44:30+00:00","inLanguage":"tr","potentialAction":[{"@type":"ReadAction","target":["https:\/\/epochtimestr.com\/index.php\/david-matas-cindeki-yasadisi-organ-ticaretini-anlatmak-icin-istanbuldaydi"]}]},{"@type":"ImageObject","inLanguage":"tr","@id":"https:\/\/epochtimestr.com\/index.php\/david-matas-cindeki-yasadisi-organ-ticaretini-anlatmak-icin-istanbuldaydi#primaryimage","url":"https:\/\/epochtimestr.com\/wp-content\/uploads\/2011y\/IMG_0323n.jpg","contentUrl":"https:\/\/epochtimestr.com\/wp-content\/uploads\/2011y\/IMG_0323n.jpg","width":1747,"height":822},{"@type":"WebSite","@id":"https:\/\/epochtimestr.com\/#website","url":"https:\/\/epochtimestr.com\/","name":"The Epoch Times TR","description":"De\u011fi\u015fen D\u00fcnyam\u0131za Taze Bir Bak\u0131\u015f","publisher":{"@id":"https:\/\/epochtimestr.com\/#organization"},"potentialAction":[{"@type":"SearchAction","target":{"@type":"EntryPoint","urlTemplate":"https:\/\/epochtimestr.com\/?s={search_term_string}"},"query-input":"required name=search_term_string"}],"inLanguage":"tr"},{"@type":"Organization","@id":"https:\/\/epochtimestr.com\/#organization","name":"The EpochTimes T\u00fcrkiye","url":"https:\/\/epochtimestr.com\/","logo":{"@type":"ImageObject","inLanguage":"tr","@id":"https:\/\/epochtimestr.com\/#\/schema\/logo\/image\/","url":"https:\/\/epochtimestr.com\/wp-content\/uploads\/2011y\/ET-Logo-YG.jpg","contentUrl":"https:\/\/epochtimestr.com\/wp-content\/uploads\/2011y\/ET-Logo-YG.jpg","width":346,"height":29,"caption":"The EpochTimes T\u00fcrkiye"},"image":{"@id":"https:\/\/epochtimestr.com\/#\/schema\/logo\/image\/"},"sameAs":["https:\/\/www.facebook.com\/theepochtimestr","https:\/\/x.com\/TheEpochTimesTR","https:\/\/www.instagram.com\/epochtimestr"]},{"@type":"Person","@id":"https:\/\/epochtimestr.com\/#\/schema\/person\/b5509977c9a6cd729a3e74d9743d035b","name":"G.Hakan Ko\u00e7man","image":{"@type":"ImageObject","inLanguage":"tr","@id":"https:\/\/epochtimestr.com\/#\/schema\/person\/image\/","url":"https:\/\/secure.gravatar.com\/avatar\/e4eafee1ab5d1f4015c3930376b22ca8?s=96&d=mm&r=g","contentUrl":"https:\/\/secure.gravatar.com\/avatar\/e4eafee1ab5d1f4015c3930376b22ca8?s=96&d=mm&r=g","caption":"G.Hakan Ko\u00e7man"},"url":"https:\/\/epochtimestr.com\/index.php\/author\/hakan"}]}},"_links":{"self":[{"href":"https:\/\/epochtimestr.com\/index.php\/wp-json\/wp\/v2\/posts\/155111"}],"collection":[{"href":"https:\/\/epochtimestr.com\/index.php\/wp-json\/wp\/v2\/posts"}],"about":[{"href":"https:\/\/epochtimestr.com\/index.php\/wp-json\/wp\/v2\/types\/post"}],"author":[{"embeddable":true,"href":"https:\/\/epochtimestr.com\/index.php\/wp-json\/wp\/v2\/users\/22"}],"replies":[{"embeddable":true,"href":"https:\/\/epochtimestr.com\/index.php\/wp-json\/wp\/v2\/comments?post=155111"}],"version-history":[{"count":7,"href":"https:\/\/epochtimestr.com\/index.php\/wp-json\/wp\/v2\/posts\/155111\/revisions"}],"predecessor-version":[{"id":155119,"href":"https:\/\/epochtimestr.com\/index.php\/wp-json\/wp\/v2\/posts\/155111\/revisions\/155119"}],"wp:featuredmedia":[{"embeddable":true,"href":"https:\/\/epochtimestr.com\/index.php\/wp-json\/wp\/v2\/media\/155112"}],"wp:attachment":[{"href":"https:\/\/epochtimestr.com\/index.php\/wp-json\/wp\/v2\/media?parent=155111"}],"wp:term":[{"taxonomy":"category","embeddable":true,"href":"https:\/\/epochtimestr.com\/index.php\/wp-json\/wp\/v2\/categories?post=155111"},{"taxonomy":"post_tag","embeddable":true,"href":"https:\/\/epochtimestr.com\/index.php\/wp-json\/wp\/v2\/tags?post=155111"}],"curies":[{"name":"wp","href":"https:\/\/api.w.org\/{rel}","templated":true}]}}