{"id":155656,"date":"2024-12-08T18:17:06","date_gmt":"2024-12-08T15:17:06","guid":{"rendered":"https:\/\/epochtimestr.com\/?p=155656"},"modified":"2024-12-08T18:17:11","modified_gmt":"2024-12-08T15:17:11","slug":"suriyede-esad-yonetimi-devrildi-heyet-tahrir-el-sam-hts-onculugundeki-cihatci-gruplar-baskent-sami-ele-gecirdi","status":"publish","type":"post","link":"https:\/\/epochtimestr.com\/index.php\/suriyede-esad-yonetimi-devrildi-heyet-tahrir-el-sam-hts-onculugundeki-cihatci-gruplar-baskent-sami-ele-gecirdi","title":{"rendered":"Suriye&#8217;de Esad Y\u00f6netimi Devrildi, Heyet Tahrir El \u015fam (HT\u015e) \u00d6nc\u00fcl\u00fc\u011f\u00fcndeki Cihat\u00e7\u0131 Gruplar ba\u015fkent \u015eam&#8217;\u0131 Ele Ge\u00e7irdi"},"content":{"rendered":"<div class=\"wp-block-image\">\n<figure class=\"aligncenter size-full\"><img loading=\"lazy\" decoding=\"async\" width=\"1280\" height=\"720\" src=\"https:\/\/epochtimestr.com\/wp-content\/uploads\/2011y\/beser-esad.webp\" alt=\"\" class=\"wp-image-155657\" srcset=\"https:\/\/epochtimestr.com\/wp-content\/uploads\/2011y\/beser-esad.webp 1280w, https:\/\/epochtimestr.com\/wp-content\/uploads\/2011y\/beser-esad-300x169.webp 300w, https:\/\/epochtimestr.com\/wp-content\/uploads\/2011y\/beser-esad-150x84.webp 150w, https:\/\/epochtimestr.com\/wp-content\/uploads\/2011y\/beser-esad-768x432.webp 768w\" sizes=\"(max-width: 1280px) 100vw, 1280px\" \/><figcaption class=\"wp-element-caption\">                                                                                                               Foto\u011fraf: sosyal medyadan al\u0131nm\u0131\u015ft\u0131r<\/figcaption><\/figure><\/div>\n\n\n<p><\/p>\n\n\n\n<h2 class=\"wp-block-heading\">Suriye&#8217;de Heyet Tahrir e\u015f-\u015eam (HT\u015e) liderli\u011findeki \u0130slamc\u0131 militan gruplar \u015eam&#8217;\u0131 ele ge\u00e7irirken Suriye Milli Ordusu (SMO) olu\u015fumu da \u00fclkenin kuzeyindeki Menbi\u00e7&#8217;e operasyon ba\u015flatt\u0131.<\/h2>\n\n\n\n<p>\u0130dlib\u2019de kontrol\u00fc elinde tutan ve T\u00fcrkiye\u2019nin ter\u00f6r \u00f6rg\u00fct\u00fc olarak tan\u0131mlad\u0131\u011f\u0131 HT\u015e ve beraberindeki gruplar, 27 Kas\u0131m\u2019da Suriye ordusuna y\u00f6nelik sald\u0131r\u0131 ba\u015flatm\u0131\u015ft\u0131.Ordu s\u0131ras\u0131yla Halep, \u0130dlib\u2019in tamam\u0131, Hama ve Humus\u2019ta kontrol\u00fc kaybetti.<\/p>\n\n\n\n<p>HT\u015e sabah saatlerinde ba\u015fkent \u015eam\u2019a da girdi. Silahl\u0131 gruplar, Esad\u2019\u0131n cumhurba\u015fkanl\u0131\u011f\u0131 saray\u0131na da girdi. Reuters haber ajans\u0131, iki \u00fcst d\u00fczey yetkiliye dayand\u0131rd\u0131\u011f\u0131 haberinde Esad\u2019\u0131n \u015eam\u2019dan ayr\u0131larak bilinmeyen bir yere gitti\u011fini yazd\u0131. Reuters da iki \u00fcst d\u00fczey Suriyeli yetkiliye dayand\u0131rd\u0131\u011f\u0131 haberinde Esad&#8217;\u0131n u\u00e7akla bilinmeyen bir yere hareket etti\u011fini duyurdu.<\/p>\n\n\n\n<p><\/p>\n\n\n\n<p>U\u00e7u\u015f takip sitelerinde, \u015eam&#8217;daki havaliman\u0131ndan kalkt\u0131ktan sonra en son Humus&#8217;un bat\u0131s\u0131nda g\u00f6r\u00fclen ancak sonra izi kaybolan bir u\u00e7a\u011f\u0131n Be\u015f\u015far Esed&#8217;i ta\u015f\u0131d\u0131\u011f\u0131 iddia edildi. Be\u015far Esad ve ailesinin \u015fu anda nerede oldu\u011fu bilinmiyor. Ancak Esad&#8217;lar\u0131n Birle\u015fik Arap Emirlikleri&#8217;nde (BAE) gayrimenkulleri oldu\u011fu biliniyor.<\/p>\n\n\n\n<p><\/p>\n\n\n\n<p>HT\u015e Telegram hesab\u0131ndan yapt\u0131\u011f\u0131 duyuruda, Suriye&#8217;nin &#8220;\u00f6zg\u00fcrle\u015fti\u011fini&#8221; ve &#8220;tiran&#8221; Devlet Ba\u015fkan\u0131 Be\u015far Esad&#8217;\u0131n ka\u00e7t\u0131\u011f\u0131n\u0131 a\u00e7\u0131klad\u0131. HT\u015e payla\u015f\u0131m\u0131nda &#8220;Karanl\u0131k bir d\u00f6nemin sonu yeni bir d\u00f6nemin ba\u015flang\u0131c\u0131&#8221; ifadesini kulland\u0131. HT\u015e, &#8220;Suriye devleti taraf\u0131ndan yar\u0131m y\u00fczy\u0131ld\u0131r yerinden edilen ve hapsedilen insanlar\u0131n \u015fimdi h\u00fck\u00fcm s\u00fcrebilebilece\u011fini ve \u00fclkelerine d\u00f6nebilece\u011fini&#8221; aktard\u0131. HT\u015e a\u00e7\u0131klamas\u0131nda &#8220;\u0130nsanlar\u0131n huzur ve adaletin h\u00fck\u00fcm s\u00fcrd\u00fc\u011f\u00fc bir yerde ya\u015fayaca\u011f\u0131, &#8216;Yeni Suriye&#8217; olacakt\u0131r&#8221; ifadesini kulland\u0131.<\/p>\n\n\n\n<p><\/p>\n\n\n\n<p><strong>&#8220;T\u00fcm Suriyelilerin \u00f6zg\u00fcr iradesine sayg\u0131 duyulmas\u0131 gerekiyor&#8221;<\/strong><\/p>\n\n\n\n<p><br \/>Irak H\u00fck\u00fcmet S\u00f6zc\u00fcs\u00fc Basim Avvadi, Esad&#8217;\u0131n devrilmesinin ard\u0131ndan yapt\u0131\u011f\u0131 yaz\u0131l\u0131 a\u00e7\u0131klamada, &#8220;T\u00fcm Suriyelilerin \u00f6zg\u00fcr iradesine sayg\u0131 duyulmas\u0131 gerekiyor. Suriye&#8217;nin g\u00fcvenli\u011finin, toprak b\u00fct\u00fcnl\u00fc\u011f\u00fcn\u00fcn ve ba\u011f\u0131ms\u0131zl\u0131\u011f\u0131n\u0131n korunmas\u0131n\u0131n sadece Irak i\u00e7in de\u011fil, ayn\u0131 zamanda b\u00f6lgenin g\u00fcvenli\u011fiyle olan ba\u011flant\u0131s\u0131 nedeniyle de son derece \u00f6nemli oldu\u011funu vurguluyoruz.<\/p>\n\n\n\n<p>Irak h\u00fck\u00fcmeti, karde\u015f Suriye halk\u0131n\u0131n menfaatleri do\u011frultusunda, Suriye&#8217;deki t\u00fcm bile\u015fenleri kapsayan \u00e7o\u011fulcu bir politikan\u0131n benimsenmesine yol a\u00e7acak bir diyalo\u011fun ba\u015flamas\u0131 y\u00f6n\u00fcndeki t\u00fcm uluslararas\u0131 ve b\u00f6lgesel \u00e7abalara destek veriyor. Suriyelilerin insani ve sivil haklar\u0131n\u0131 koruyan, onurlu Suriye halk\u0131n\u0131n sahip oldu\u011fu k\u00fclt\u00fcrel, etnik ve dini \u00e7e\u015fitlili\u011fi destekleyen anayasan\u0131n, Suriye i\u00e7in bir zenginlik kayna\u011f\u0131 olan bu \u00e7o\u011fulculu\u011fun \u00f6nyarg\u0131s\u0131z ve ihmal edilmeden korunmas\u0131 gerekmektedir. Suriye&#8217;nin i\u00e7i\u015flerine kar\u0131\u015f\u0131lmamas\u0131 gerekti\u011fini, bunun Suriye&#8217;deki durumu daha fazla \u00e7at\u0131\u015fma ve b\u00f6l\u00fcnmeye s\u00fcr\u00fcklemekten ba\u015fka bir i\u015fe yaramayaca\u011f\u0131n\u0131 hat\u0131rlat\u0131yoruz.&#8221; ifadelerini kulland\u0131.<\/p>\n\n\n\n<p><\/p>\n","protected":false},"excerpt":{"rendered":"<p>Suriye&#8217;de Heyet Tahrir e\u015f-\u015eam (HT\u015e) liderli\u011findeki \u0130slamc\u0131 militan gruplar \u015eam&#8217;\u0131 ele ge\u00e7irirken Suriye Milli Ordusu (SMO) olu\u015fumu da \u00fclkenin kuzeyindeki Menbi\u00e7&#8217;e operasyon ba\u015flatt\u0131. \u0130dlib\u2019de kontrol\u00fc elinde tutan ve T\u00fcrkiye\u2019nin ter\u00f6r \u00f6rg\u00fct\u00fc olarak tan\u0131mlad\u0131\u011f\u0131 HT\u015e ve beraberindeki gruplar, 27 Kas\u0131m\u2019da Suriye ordusuna y\u00f6nelik sald\u0131r\u0131 ba\u015flatm\u0131\u015ft\u0131.Ordu s\u0131ras\u0131yla Halep, \u0130dlib\u2019in tamam\u0131, Hama ve Humus\u2019ta kontrol\u00fc kaybetti. HT\u015e sabah [&hellip;]<\/p>\n","protected":false},"author":12791,"featured_media":155657,"comment_status":"closed","ping_status":"open","sticky":false,"template":"","format":"standard","meta":{"_yoast_wpseo_focuskw":"Suriye'de Esad Y\u00f6netimi Devrildi Heyet Tahrir El \u015fam (HT\u015e) \u00d6nc\u00fcl\u00fc\u011f\u00fcndeki Cihat\u00e7\u0131 Gruplar ba\u015fkent \u015eam'\u0131 Ele Ge\u00e7irdi","_yoast_wpseo_title":"","_yoast_wpseo_metadesc":"","_bbp_topic_count":0,"_bbp_reply_count":0,"_bbp_total_topic_count":0,"_bbp_total_reply_count":0,"_bbp_voice_count":0,"_bbp_anonymous_reply_count":0,"_bbp_topic_count_hidden":0,"_bbp_reply_count_hidden":0,"_bbp_forum_subforum_count":0,"footnotes":"","_yoast_wpseo_focuskw_text_input":""},"categories":[5,1,8138],"tags":[],"yoast_head":"<!-- This site is optimized with the Yoast SEO plugin v23.0 - https:\/\/yoast.com\/wordpress\/plugins\/seo\/ -->\n<title>Suriye&#039;de Esad Y\u00f6netimi Devrildi, Heyet Tahrir El \u015fam (HT\u015e) \u00d6nc\u00fcl\u00fc\u011f\u00fcndeki Cihat\u00e7\u0131 Gruplar ba\u015fkent \u015eam&#039;\u0131 Ele Ge\u00e7irdi - The Epoch Times TR<\/title>\n<meta name=\"robots\" content=\"index, follow, max-snippet:-1, max-image-preview:large, max-video-preview:-1\" \/>\n<link rel=\"canonical\" href=\"https:\/\/epochtimestr.com\/index.php\/suriyede-esad-yonetimi-devrildi-heyet-tahrir-el-sam-hts-onculugundeki-cihatci-gruplar-baskent-sami-ele-gecirdi\" \/>\n<meta property=\"og:locale\" content=\"tr_TR\" \/>\n<meta property=\"og:type\" content=\"article\" \/>\n<meta property=\"og:title\" content=\"Suriye&#039;de Esad Y\u00f6netimi Devrildi, Heyet Tahrir El \u015fam (HT\u015e) \u00d6nc\u00fcl\u00fc\u011f\u00fcndeki Cihat\u00e7\u0131 Gruplar ba\u015fkent \u015eam&#039;\u0131 Ele Ge\u00e7irdi - The Epoch Times TR\" \/>\n<meta property=\"og:description\" content=\"Suriye&#8217;de Heyet Tahrir e\u015f-\u015eam (HT\u015e) liderli\u011findeki \u0130slamc\u0131 militan gruplar \u015eam&#8217;\u0131 ele ge\u00e7irirken Suriye Milli Ordusu (SMO) olu\u015fumu da \u00fclkenin kuzeyindeki Menbi\u00e7&#8217;e operasyon ba\u015flatt\u0131. \u0130dlib\u2019de kontrol\u00fc elinde tutan ve T\u00fcrkiye\u2019nin ter\u00f6r \u00f6rg\u00fct\u00fc olarak tan\u0131mlad\u0131\u011f\u0131 HT\u015e ve beraberindeki gruplar, 27 Kas\u0131m\u2019da Suriye ordusuna y\u00f6nelik sald\u0131r\u0131 ba\u015flatm\u0131\u015ft\u0131.Ordu s\u0131ras\u0131yla Halep, \u0130dlib\u2019in tamam\u0131, Hama ve Humus\u2019ta kontrol\u00fc kaybetti. HT\u015e sabah [&hellip;]\" \/>\n<meta property=\"og:url\" content=\"https:\/\/epochtimestr.com\/index.php\/suriyede-esad-yonetimi-devrildi-heyet-tahrir-el-sam-hts-onculugundeki-cihatci-gruplar-baskent-sami-ele-gecirdi\" \/>\n<meta property=\"og:site_name\" content=\"The Epoch Times TR\" \/>\n<meta property=\"article:publisher\" content=\"https:\/\/www.facebook.com\/theepochtimestr\" \/>\n<meta property=\"article:published_time\" content=\"2024-12-08T15:17:06+00:00\" \/>\n<meta property=\"article:modified_time\" content=\"2024-12-08T15:17:11+00:00\" \/>\n<meta property=\"og:image\" content=\"https:\/\/epochtimestr.com\/wp-content\/uploads\/2011y\/beser-esad.webp\" \/>\n\t<meta property=\"og:image:width\" content=\"1280\" \/>\n\t<meta property=\"og:image:height\" content=\"720\" \/>\n\t<meta property=\"og:image:type\" content=\"image\/webp\" \/>\n<meta name=\"author\" content=\"Haber Merkezi\" \/>\n<meta name=\"twitter:card\" content=\"summary_large_image\" \/>\n<meta name=\"twitter:creator\" content=\"@TheEpochTimesTR\" \/>\n<meta name=\"twitter:site\" content=\"@TheEpochTimesTR\" \/>\n<meta name=\"twitter:label1\" content=\"Yazan:\" \/>\n\t<meta name=\"twitter:data1\" content=\"Haber Merkezi\" \/>\n\t<meta name=\"twitter:label2\" content=\"Tahmini okuma s\u00fcresi\" \/>\n\t<meta name=\"twitter:data2\" content=\"3 dakika\" \/>\n<script type=\"application\/ld+json\" class=\"yoast-schema-graph\">{\"@context\":\"https:\/\/schema.org\",\"@graph\":[{\"@type\":\"Article\",\"@id\":\"https:\/\/epochtimestr.com\/index.php\/suriyede-esad-yonetimi-devrildi-heyet-tahrir-el-sam-hts-onculugundeki-cihatci-gruplar-baskent-sami-ele-gecirdi#article\",\"isPartOf\":{\"@id\":\"https:\/\/epochtimestr.com\/index.php\/suriyede-esad-yonetimi-devrildi-heyet-tahrir-el-sam-hts-onculugundeki-cihatci-gruplar-baskent-sami-ele-gecirdi\"},\"author\":{\"name\":\"Haber Merkezi\",\"@id\":\"https:\/\/epochtimestr.com\/#\/schema\/person\/3dc5c3adeb9f43923c5aa85889172fdd\"},\"headline\":\"Suriye&#8217;de Esad Y\u00f6netimi Devrildi, Heyet Tahrir El \u015fam (HT\u015e) \u00d6nc\u00fcl\u00fc\u011f\u00fcndeki Cihat\u00e7\u0131 Gruplar ba\u015fkent \u015eam&#8217;\u0131 Ele Ge\u00e7irdi\",\"datePublished\":\"2024-12-08T15:17:06+00:00\",\"dateModified\":\"2024-12-08T15:17:11+00:00\",\"mainEntityOfPage\":{\"@id\":\"https:\/\/epochtimestr.com\/index.php\/suriyede-esad-yonetimi-devrildi-heyet-tahrir-el-sam-hts-onculugundeki-cihatci-gruplar-baskent-sami-ele-gecirdi\"},\"wordCount\":529,\"publisher\":{\"@id\":\"https:\/\/epochtimestr.com\/#organization\"},\"image\":{\"@id\":\"https:\/\/epochtimestr.com\/index.php\/suriyede-esad-yonetimi-devrildi-heyet-tahrir-el-sam-hts-onculugundeki-cihatci-gruplar-baskent-sami-ele-gecirdi#primaryimage\"},\"thumbnailUrl\":\"https:\/\/epochtimestr.com\/wp-content\/uploads\/2011y\/beser-esad.webp\",\"articleSection\":[\"D\u00dcNYA\",\"G\u00dcNDEM\",\"MAN\u015eET\"],\"inLanguage\":\"tr\"},{\"@type\":\"WebPage\",\"@id\":\"https:\/\/epochtimestr.com\/index.php\/suriyede-esad-yonetimi-devrildi-heyet-tahrir-el-sam-hts-onculugundeki-cihatci-gruplar-baskent-sami-ele-gecirdi\",\"url\":\"https:\/\/epochtimestr.com\/index.php\/suriyede-esad-yonetimi-devrildi-heyet-tahrir-el-sam-hts-onculugundeki-cihatci-gruplar-baskent-sami-ele-gecirdi\",\"name\":\"Suriye'de Esad Y\u00f6netimi Devrildi, Heyet Tahrir El \u015fam (HT\u015e) \u00d6nc\u00fcl\u00fc\u011f\u00fcndeki Cihat\u00e7\u0131 Gruplar ba\u015fkent \u015eam'\u0131 Ele Ge\u00e7irdi - The Epoch Times TR\",\"isPartOf\":{\"@id\":\"https:\/\/epochtimestr.com\/#website\"},\"primaryImageOfPage\":{\"@id\":\"https:\/\/epochtimestr.com\/index.php\/suriyede-esad-yonetimi-devrildi-heyet-tahrir-el-sam-hts-onculugundeki-cihatci-gruplar-baskent-sami-ele-gecirdi#primaryimage\"},\"image\":{\"@id\":\"https:\/\/epochtimestr.com\/index.php\/suriyede-esad-yonetimi-devrildi-heyet-tahrir-el-sam-hts-onculugundeki-cihatci-gruplar-baskent-sami-ele-gecirdi#primaryimage\"},\"thumbnailUrl\":\"https:\/\/epochtimestr.com\/wp-content\/uploads\/2011y\/beser-esad.webp\",\"datePublished\":\"2024-12-08T15:17:06+00:00\",\"dateModified\":\"2024-12-08T15:17:11+00:00\",\"inLanguage\":\"tr\",\"potentialAction\":[{\"@type\":\"ReadAction\",\"target\":[\"https:\/\/epochtimestr.com\/index.php\/suriyede-esad-yonetimi-devrildi-heyet-tahrir-el-sam-hts-onculugundeki-cihatci-gruplar-baskent-sami-ele-gecirdi\"]}]},{\"@type\":\"ImageObject\",\"inLanguage\":\"tr\",\"@id\":\"https:\/\/epochtimestr.com\/index.php\/suriyede-esad-yonetimi-devrildi-heyet-tahrir-el-sam-hts-onculugundeki-cihatci-gruplar-baskent-sami-ele-gecirdi#primaryimage\",\"url\":\"https:\/\/epochtimestr.com\/wp-content\/uploads\/2011y\/beser-esad.webp\",\"contentUrl\":\"https:\/\/epochtimestr.com\/wp-content\/uploads\/2011y\/beser-esad.webp\",\"width\":1280,\"height\":720},{\"@type\":\"WebSite\",\"@id\":\"https:\/\/epochtimestr.com\/#website\",\"url\":\"https:\/\/epochtimestr.com\/\",\"name\":\"The Epoch Times TR\",\"description\":\"De\u011fi\u015fen D\u00fcnyam\u0131za Taze Bir Bak\u0131\u015f\",\"publisher\":{\"@id\":\"https:\/\/epochtimestr.com\/#organization\"},\"potentialAction\":[{\"@type\":\"SearchAction\",\"target\":{\"@type\":\"EntryPoint\",\"urlTemplate\":\"https:\/\/epochtimestr.com\/?s={search_term_string}\"},\"query-input\":\"required name=search_term_string\"}],\"inLanguage\":\"tr\"},{\"@type\":\"Organization\",\"@id\":\"https:\/\/epochtimestr.com\/#organization\",\"name\":\"The EpochTimes T\u00fcrkiye\",\"url\":\"https:\/\/epochtimestr.com\/\",\"logo\":{\"@type\":\"ImageObject\",\"inLanguage\":\"tr\",\"@id\":\"https:\/\/epochtimestr.com\/#\/schema\/logo\/image\/\",\"url\":\"https:\/\/epochtimestr.com\/wp-content\/uploads\/2011y\/ET-Logo-YG.jpg\",\"contentUrl\":\"https:\/\/epochtimestr.com\/wp-content\/uploads\/2011y\/ET-Logo-YG.jpg\",\"width\":346,\"height\":29,\"caption\":\"The EpochTimes T\u00fcrkiye\"},\"image\":{\"@id\":\"https:\/\/epochtimestr.com\/#\/schema\/logo\/image\/\"},\"sameAs\":[\"https:\/\/www.facebook.com\/theepochtimestr\",\"https:\/\/x.com\/TheEpochTimesTR\",\"https:\/\/www.instagram.com\/epochtimestr\"]},{\"@type\":\"Person\",\"@id\":\"https:\/\/epochtimestr.com\/#\/schema\/person\/3dc5c3adeb9f43923c5aa85889172fdd\",\"name\":\"Haber Merkezi\",\"image\":{\"@type\":\"ImageObject\",\"inLanguage\":\"tr\",\"@id\":\"https:\/\/epochtimestr.com\/#\/schema\/person\/image\/\",\"url\":\"https:\/\/secure.gravatar.com\/avatar\/d73f772ba5a74f28601361e17c2f93e6?s=96&d=mm&r=g\",\"contentUrl\":\"https:\/\/secure.gravatar.com\/avatar\/d73f772ba5a74f28601361e17c2f93e6?s=96&d=mm&r=g\",\"caption\":\"Haber Merkezi\"},\"url\":\"https:\/\/epochtimestr.com\/index.php\/author\/sendag\"}]}<\/script>\n<!-- \/ Yoast SEO plugin. -->","yoast_head_json":{"title":"Suriye'de Esad Y\u00f6netimi Devrildi, Heyet Tahrir El \u015fam (HT\u015e) \u00d6nc\u00fcl\u00fc\u011f\u00fcndeki Cihat\u00e7\u0131 Gruplar ba\u015fkent \u015eam'\u0131 Ele Ge\u00e7irdi - The Epoch Times TR","robots":{"index":"index","follow":"follow","max-snippet":"max-snippet:-1","max-image-preview":"max-image-preview:large","max-video-preview":"max-video-preview:-1"},"canonical":"https:\/\/epochtimestr.com\/index.php\/suriyede-esad-yonetimi-devrildi-heyet-tahrir-el-sam-hts-onculugundeki-cihatci-gruplar-baskent-sami-ele-gecirdi","og_locale":"tr_TR","og_type":"article","og_title":"Suriye'de Esad Y\u00f6netimi Devrildi, Heyet Tahrir El \u015fam (HT\u015e) \u00d6nc\u00fcl\u00fc\u011f\u00fcndeki Cihat\u00e7\u0131 Gruplar ba\u015fkent \u015eam'\u0131 Ele Ge\u00e7irdi - The Epoch Times TR","og_description":"Suriye&#8217;de Heyet Tahrir e\u015f-\u015eam (HT\u015e) liderli\u011findeki \u0130slamc\u0131 militan gruplar \u015eam&#8217;\u0131 ele ge\u00e7irirken Suriye Milli Ordusu (SMO) olu\u015fumu da \u00fclkenin kuzeyindeki Menbi\u00e7&#8217;e operasyon ba\u015flatt\u0131. \u0130dlib\u2019de kontrol\u00fc elinde tutan ve T\u00fcrkiye\u2019nin ter\u00f6r \u00f6rg\u00fct\u00fc olarak tan\u0131mlad\u0131\u011f\u0131 HT\u015e ve beraberindeki gruplar, 27 Kas\u0131m\u2019da Suriye ordusuna y\u00f6nelik sald\u0131r\u0131 ba\u015flatm\u0131\u015ft\u0131.Ordu s\u0131ras\u0131yla Halep, \u0130dlib\u2019in tamam\u0131, Hama ve Humus\u2019ta kontrol\u00fc kaybetti. HT\u015e sabah [&hellip;]","og_url":"https:\/\/epochtimestr.com\/index.php\/suriyede-esad-yonetimi-devrildi-heyet-tahrir-el-sam-hts-onculugundeki-cihatci-gruplar-baskent-sami-ele-gecirdi","og_site_name":"The Epoch Times TR","article_publisher":"https:\/\/www.facebook.com\/theepochtimestr","article_published_time":"2024-12-08T15:17:06+00:00","article_modified_time":"2024-12-08T15:17:11+00:00","og_image":[{"width":1280,"height":720,"url":"https:\/\/epochtimestr.com\/wp-content\/uploads\/2011y\/beser-esad.webp","type":"image\/webp"}],"author":"Haber Merkezi","twitter_card":"summary_large_image","twitter_creator":"@TheEpochTimesTR","twitter_site":"@TheEpochTimesTR","twitter_misc":{"Yazan:":"Haber Merkezi","Tahmini okuma s\u00fcresi":"3 dakika"},"schema":{"@context":"https:\/\/schema.org","@graph":[{"@type":"Article","@id":"https:\/\/epochtimestr.com\/index.php\/suriyede-esad-yonetimi-devrildi-heyet-tahrir-el-sam-hts-onculugundeki-cihatci-gruplar-baskent-sami-ele-gecirdi#article","isPartOf":{"@id":"https:\/\/epochtimestr.com\/index.php\/suriyede-esad-yonetimi-devrildi-heyet-tahrir-el-sam-hts-onculugundeki-cihatci-gruplar-baskent-sami-ele-gecirdi"},"author":{"name":"Haber Merkezi","@id":"https:\/\/epochtimestr.com\/#\/schema\/person\/3dc5c3adeb9f43923c5aa85889172fdd"},"headline":"Suriye&#8217;de Esad Y\u00f6netimi Devrildi, Heyet Tahrir El \u015fam (HT\u015e) \u00d6nc\u00fcl\u00fc\u011f\u00fcndeki Cihat\u00e7\u0131 Gruplar ba\u015fkent \u015eam&#8217;\u0131 Ele Ge\u00e7irdi","datePublished":"2024-12-08T15:17:06+00:00","dateModified":"2024-12-08T15:17:11+00:00","mainEntityOfPage":{"@id":"https:\/\/epochtimestr.com\/index.php\/suriyede-esad-yonetimi-devrildi-heyet-tahrir-el-sam-hts-onculugundeki-cihatci-gruplar-baskent-sami-ele-gecirdi"},"wordCount":529,"publisher":{"@id":"https:\/\/epochtimestr.com\/#organization"},"image":{"@id":"https:\/\/epochtimestr.com\/index.php\/suriyede-esad-yonetimi-devrildi-heyet-tahrir-el-sam-hts-onculugundeki-cihatci-gruplar-baskent-sami-ele-gecirdi#primaryimage"},"thumbnailUrl":"https:\/\/epochtimestr.com\/wp-content\/uploads\/2011y\/beser-esad.webp","articleSection":["D\u00dcNYA","G\u00dcNDEM","MAN\u015eET"],"inLanguage":"tr"},{"@type":"WebPage","@id":"https:\/\/epochtimestr.com\/index.php\/suriyede-esad-yonetimi-devrildi-heyet-tahrir-el-sam-hts-onculugundeki-cihatci-gruplar-baskent-sami-ele-gecirdi","url":"https:\/\/epochtimestr.com\/index.php\/suriyede-esad-yonetimi-devrildi-heyet-tahrir-el-sam-hts-onculugundeki-cihatci-gruplar-baskent-sami-ele-gecirdi","name":"Suriye'de Esad Y\u00f6netimi Devrildi, Heyet Tahrir El \u015fam (HT\u015e) \u00d6nc\u00fcl\u00fc\u011f\u00fcndeki Cihat\u00e7\u0131 Gruplar ba\u015fkent \u015eam'\u0131 Ele Ge\u00e7irdi - The Epoch Times TR","isPartOf":{"@id":"https:\/\/epochtimestr.com\/#website"},"primaryImageOfPage":{"@id":"https:\/\/epochtimestr.com\/index.php\/suriyede-esad-yonetimi-devrildi-heyet-tahrir-el-sam-hts-onculugundeki-cihatci-gruplar-baskent-sami-ele-gecirdi#primaryimage"},"image":{"@id":"https:\/\/epochtimestr.com\/index.php\/suriyede-esad-yonetimi-devrildi-heyet-tahrir-el-sam-hts-onculugundeki-cihatci-gruplar-baskent-sami-ele-gecirdi#primaryimage"},"thumbnailUrl":"https:\/\/epochtimestr.com\/wp-content\/uploads\/2011y\/beser-esad.webp","datePublished":"2024-12-08T15:17:06+00:00","dateModified":"2024-12-08T15:17:11+00:00","inLanguage":"tr","potentialAction":[{"@type":"ReadAction","target":["https:\/\/epochtimestr.com\/index.php\/suriyede-esad-yonetimi-devrildi-heyet-tahrir-el-sam-hts-onculugundeki-cihatci-gruplar-baskent-sami-ele-gecirdi"]}]},{"@type":"ImageObject","inLanguage":"tr","@id":"https:\/\/epochtimestr.com\/index.php\/suriyede-esad-yonetimi-devrildi-heyet-tahrir-el-sam-hts-onculugundeki-cihatci-gruplar-baskent-sami-ele-gecirdi#primaryimage","url":"https:\/\/epochtimestr.com\/wp-content\/uploads\/2011y\/beser-esad.webp","contentUrl":"https:\/\/epochtimestr.com\/wp-content\/uploads\/2011y\/beser-esad.webp","width":1280,"height":720},{"@type":"WebSite","@id":"https:\/\/epochtimestr.com\/#website","url":"https:\/\/epochtimestr.com\/","name":"The Epoch Times TR","description":"De\u011fi\u015fen D\u00fcnyam\u0131za Taze Bir Bak\u0131\u015f","publisher":{"@id":"https:\/\/epochtimestr.com\/#organization"},"potentialAction":[{"@type":"SearchAction","target":{"@type":"EntryPoint","urlTemplate":"https:\/\/epochtimestr.com\/?s={search_term_string}"},"query-input":"required name=search_term_string"}],"inLanguage":"tr"},{"@type":"Organization","@id":"https:\/\/epochtimestr.com\/#organization","name":"The EpochTimes T\u00fcrkiye","url":"https:\/\/epochtimestr.com\/","logo":{"@type":"ImageObject","inLanguage":"tr","@id":"https:\/\/epochtimestr.com\/#\/schema\/logo\/image\/","url":"https:\/\/epochtimestr.com\/wp-content\/uploads\/2011y\/ET-Logo-YG.jpg","contentUrl":"https:\/\/epochtimestr.com\/wp-content\/uploads\/2011y\/ET-Logo-YG.jpg","width":346,"height":29,"caption":"The EpochTimes T\u00fcrkiye"},"image":{"@id":"https:\/\/epochtimestr.com\/#\/schema\/logo\/image\/"},"sameAs":["https:\/\/www.facebook.com\/theepochtimestr","https:\/\/x.com\/TheEpochTimesTR","https:\/\/www.instagram.com\/epochtimestr"]},{"@type":"Person","@id":"https:\/\/epochtimestr.com\/#\/schema\/person\/3dc5c3adeb9f43923c5aa85889172fdd","name":"Haber Merkezi","image":{"@type":"ImageObject","inLanguage":"tr","@id":"https:\/\/epochtimestr.com\/#\/schema\/person\/image\/","url":"https:\/\/secure.gravatar.com\/avatar\/d73f772ba5a74f28601361e17c2f93e6?s=96&d=mm&r=g","contentUrl":"https:\/\/secure.gravatar.com\/avatar\/d73f772ba5a74f28601361e17c2f93e6?s=96&d=mm&r=g","caption":"Haber Merkezi"},"url":"https:\/\/epochtimestr.com\/index.php\/author\/sendag"}]}},"_links":{"self":[{"href":"https:\/\/epochtimestr.com\/index.php\/wp-json\/wp\/v2\/posts\/155656"}],"collection":[{"href":"https:\/\/epochtimestr.com\/index.php\/wp-json\/wp\/v2\/posts"}],"about":[{"href":"https:\/\/epochtimestr.com\/index.php\/wp-json\/wp\/v2\/types\/post"}],"author":[{"embeddable":true,"href":"https:\/\/epochtimestr.com\/index.php\/wp-json\/wp\/v2\/users\/12791"}],"replies":[{"embeddable":true,"href":"https:\/\/epochtimestr.com\/index.php\/wp-json\/wp\/v2\/comments?post=155656"}],"version-history":[{"count":1,"href":"https:\/\/epochtimestr.com\/index.php\/wp-json\/wp\/v2\/posts\/155656\/revisions"}],"predecessor-version":[{"id":155658,"href":"https:\/\/epochtimestr.com\/index.php\/wp-json\/wp\/v2\/posts\/155656\/revisions\/155658"}],"wp:featuredmedia":[{"embeddable":true,"href":"https:\/\/epochtimestr.com\/index.php\/wp-json\/wp\/v2\/media\/155657"}],"wp:attachment":[{"href":"https:\/\/epochtimestr.com\/index.php\/wp-json\/wp\/v2\/media?parent=155656"}],"wp:term":[{"taxonomy":"category","embeddable":true,"href":"https:\/\/epochtimestr.com\/index.php\/wp-json\/wp\/v2\/categories?post=155656"},{"taxonomy":"post_tag","embeddable":true,"href":"https:\/\/epochtimestr.com\/index.php\/wp-json\/wp\/v2\/tags?post=155656"}],"curies":[{"name":"wp","href":"https:\/\/api.w.org\/{rel}","templated":true}]}}