{"id":155843,"date":"2024-12-20T11:47:18","date_gmt":"2024-12-20T08:47:18","guid":{"rendered":"https:\/\/epochtimestr.com\/?p=155843"},"modified":"2024-12-20T11:50:55","modified_gmt":"2024-12-20T08:50:55","slug":"ekim-gecidi-sergisi-sanatsiz-cumhuriyet-olmaz-mesaji-ile-kapandi","status":"publish","type":"post","link":"https:\/\/epochtimestr.com\/index.php\/ekim-gecidi-sergisi-sanatsiz-cumhuriyet-olmaz-mesaji-ile-kapandi","title":{"rendered":"Ekim Ge\u00e7idi Sergisi Sanats\u0131z Cumhuriyet Olmaz Mesaj\u0131 \u0130le Kapand\u0131"},"content":{"rendered":"<div class=\"wp-block-image\">\n<figure class=\"aligncenter size-full\"><img loading=\"lazy\" decoding=\"async\" width=\"950\" height=\"712\" src=\"https:\/\/epochtimestr.com\/wp-content\/uploads\/2011y\/Ekim-Gecidi.jpeg\" alt=\"\" class=\"wp-image-155844\" srcset=\"https:\/\/epochtimestr.com\/wp-content\/uploads\/2011y\/Ekim-Gecidi.jpeg 950w, https:\/\/epochtimestr.com\/wp-content\/uploads\/2011y\/Ekim-Gecidi-300x225.jpeg 300w, https:\/\/epochtimestr.com\/wp-content\/uploads\/2011y\/Ekim-Gecidi-150x112.jpeg 150w, https:\/\/epochtimestr.com\/wp-content\/uploads\/2011y\/Ekim-Gecidi-768x576.jpeg 768w, https:\/\/epochtimestr.com\/wp-content\/uploads\/2011y\/Ekim-Gecidi-86x64.jpeg 86w\" sizes=\"(max-width: 950px) 100vw, 950px\" \/><\/figure><\/div>\n\n\n<p>Kurat\u00f6rl\u00fc\u011f\u00fcn\u00fc Mersin \u00dcniversitesi G\u00fczel Sanatlar Fak\u00fcltesi \u00d6\u011fretim G\u00f6revlisi Prof. Dr. Nurseren Tor\u2019un yapt\u0131\u011f\u0131 ve Cumhuriyet\u2019in 101. y\u0131l\u0131na itafen Mersin \u00dcniversitesi G\u00fczel Sanatlar Fak\u00fcltesi Resim B\u00f6l\u00fcm\u00fc \u00f6\u011frencilerinin i\u015flerinden olu\u015fan Ekim Ge\u00e7idi sergisinin kapan\u0131\u015f etkinli\u011fi ger\u00e7ekle\u015ftirildi.\u00a0 Serginin kapan\u0131\u015f konu\u015fmas\u0131n\u0131 yapan Prof. Dr. Tor ve Av. Bilgin Ye\u015filbo\u011faz, T\u00fcrkiye\u2019de sanat alan\u0131ndaki duruma ele\u015ftiriler getirirken T\u00fcrkiye Cumhuriyeti\u2019nin kurucusu Atat\u00fcrk\u2019\u00fcn sanat anlay\u0131\u015f\u0131na dikkat \u00e7ekti. \u0130l K\u00fclt\u00fcr ve Turizm M\u00fcd\u00fcrl\u00fc\u011f\u00fc Sanat Salonu\u2019nda ger\u00e7ekle\u015fen kapan\u0131\u015fta \u201cBe\u015fik \u2013 E\u015fik &#8211; Ke\u015fik\u201d adl\u0131 \u00fc\u00e7leme eserin sahibi\u00a0 H\u00fcseyin Emre , eseri ile\u00a0 ilgili bir canl\u0131 performans sundu.\u00a0<\/p>\n\n\n\n<p><strong>Prof. Dr. Tor:&nbsp;\u201cBilim ve sanat birbiriyle i\u00e7 i\u00e7edir.\u201d<\/strong><\/p>\n\n\n\n<p>Tor, yapt\u0131\u011f\u0131 kapan\u0131\u015f konu\u015fmas\u0131nda Avrupa tarz\u0131nda resmin Cumhuriyet\u2019ten \u00f6nce ba\u015flad\u0131\u011f\u0131n\u0131 ve \u00a0Cumhuriyet ile g\u00fc\u00e7lendi\u011fini vurgulad\u0131. Atat\u00fcrk\u2019\u00fcn bu konuda verdi\u011fi b\u00fcy\u00fck m\u00fccadeleye de de\u011finen Tor,, sanayi, s\u0131nai, zanaat, sanat ve bilimin ayn\u0131 kelimeden t\u00fcredi\u011fini ve bunlar\u0131n ayr\u0131\u015ft\u0131r\u0131lmamas\u0131 gerekti\u011fini s\u00f6yledi. Bu konuda y\u0131llard\u0131r m\u00fccadele verdi\u011fini s\u00f6yleyen Tor, verdi\u011fi m\u00fccadeleyi \u015fu s\u00f6zlerle aktard\u0131: \u201cSanat ve bilim ayr\u0131\u015ft\u0131r\u0131ld\u0131\u011f\u0131 an bilim de yaln\u0131z kalm\u0131\u015f olacakt\u0131r ve sanat ta ret edilmi\u015f olacakt\u0131r. Bunun m\u00fccadelesini ben hep veriyorum. Bu m\u00fccadeleyi ilk \u00fcniversitede kazand\u0131m. Bu konuda bir mevzuat olu\u015fturulurken bilim bilimseldir deniyordu ama sanat sanatsald\u0131r denmiyordu. Bunu ger\u00e7ekten \u00e7ok cumhuriyet\u00e7i ve ayd\u0131n oldu\u011funu d\u00fc\u015f\u00fcnd\u00fc\u011f\u00fcm\u00fcz bir rekt\u00f6r\u00fcm\u00fcz yapm\u0131\u015ft\u0131. Bilim ve sanat bunlar birbiriyle i\u00e7 i\u00e7edir. Sanat\u0131n bilimi olursa, bu sanat tarihidir ama sanat, sanat\u00e7\u0131, sanat eseri ba\u015fka \u015feylerdir. Yarat\u0131 gerektirir. Bu konuyu vurgulayarak b\u00fct\u00fcn mevzuatlarda bilim ve sanat\u0131 bir arada kulland\u0131rmay\u0131 ba\u015fard\u0131m. \u00a0Bu sava\u015f\u0131 kent i\u00e7in de vermemiz gerekiyor. Halk\u0131n bunu \u00f6\u011frenmesi laz\u0131m. Evine g\u00f6t\u00fcrmesi laz\u0131m ve sanatla ya\u015famas\u0131 laz\u0131m.\u201d dedi.<\/p>\n\n\n\n<p>Ye\u015filbo\u011faz; \u201cBu t\u00fcr sanatsal etkinlikler d\u00fczenlemek Cumhuriyet\u2019e sahip \u00e7\u0131kmakt\u0131r.\u201d<\/p>\n\n\n\n<p>Prof. Dr. Tor konu\u015fmas\u0131n\u0131n ard\u0131ndan s\u00f6z\u00fc Mersin\u2019de hak savunucusu kimli\u011fiyle tan\u0131nan Av. Bilgin Ye\u015filbo\u011faz\u2019a b\u0131rakt\u0131. Mersin\u2019i sanat\u0131n ve \u00e7a\u011fda\u015fla\u015fman\u0131n kenti olarak tan\u0131mlayan Ye\u015filbo\u011faz, T\u00fcrkiye\u2019de oldu\u011fu gibi Mersin\u2019in de bu konularda bir geriye gidi\u015f ya\u015fand\u0131\u011f\u0131na dikkat \u00e7ekti.&nbsp; &nbsp;&nbsp;Bu t\u00fcr etkinliklerin Cumhuriyet\u2019in de\u011ferlerine sahip \u00e7\u0131k\u0131lmas\u0131 ve Cumhuriyet\u2019in ya\u015fat\u0131lmas\u0131 anlam\u0131nda \u00e7ok de\u011ferli oldu\u011funu ifade eden Ye\u015filbo\u011faz; \u201c\u00c7a\u011fda\u015fla\u015fma ve demokratikle\u015fme ancak Cumhuriyet\u2019in de\u011ferlerine sahip \u00e7\u0131kmayla korunabilir ve daha ileriye g\u00f6t\u00fcr\u00fclebilir. Bunun kurucu mimar\u0131 olan Gazi Mustafa Kemal Atat\u00fcrk&#8217;\u00fcn sanata ve sanat\u00e7\u0131ya vermi\u015f oldu\u011fu deste\u011fi hepimiz g\u00f6r\u00fcyoruz. T\u00fcm devlet adamlar\u0131n\u0131 dahi \u00f6tekile\u015ftirip, \u2018Hepiniz mebus olabilirsiniz, vekil olabilirsiniz, hatta cumhurba\u015fkan\u0131 olabilirsiniz, fakat bir sanatk\u00e2r olamazs\u0131n\u0131z.\u2019&nbsp;diye sanat\u0131 ve sanat\u00e7\u0131y\u0131 ayr\u0131 bir yere koyuyor. Hocam da burada s\u00f6ylendi\u011fi gibi herkesin mutlaka bir sanat eseri ile ilgilenmesini ve sanat\u00e7\u0131lar\u0131n daha \u00e7ok desteklenmesi gerekti\u011fini yazm\u0131\u015f, s\u00f6ylemi\u015f ve hayat\u0131nda da uygulam\u0131\u015ft\u0131r.\u201d dedi.<\/p>\n\n\n\n<p><strong>\u201cCumhuriyetin de\u011ferlerine ancak hep birlikte sanata ve sanat\u00e7\u0131ya sahip \u00e7\u0131karak ula\u015fabiliriz.\u201d<\/strong><\/p>\n\n\n\n<p>Ye\u015filbo\u011faz ise yapt\u0131\u011f\u0131 konu\u015fmada Atat\u00fcrk\u2019\u00fcn, \u201cSanats\u0131z bir toplumun hayat damarlar\u0131ndan biri kopmu\u015f demektir.\u201d s\u00f6zleriyle sanat\u0131n ve sanat\u00e7\u0131n\u0131n \u00f6nemine vurgu yapt\u0131\u011f\u0131n\u0131 ve bunu topluma anlatmaya \u00e7al\u0131\u015ft\u0131\u011f\u0131n\u0131 belirterek mevcut durumu ele\u015ftirdi. Devlet ve h\u00fck\u00fcmeti idare eden ki\u015filerin sanata, sanat\u00e7\u0131ya ve sanat eserlerine bak\u0131\u015f a\u00e7\u0131s\u0131n\u0131 herkesin g\u00f6rd\u00fc\u011f\u00fcn\u00fc ama toplumun bunu reddetti\u011fini ve sanata ve sanat\u00e7\u0131ya sahip \u00e7\u0131kt\u0131\u011f\u0131n\u0131 s\u00f6yleyen Ye\u015filbo\u011faz, s\u00f6zlerini \u015fu ifadelerle s\u00fcrd\u00fcrd\u00fc; \u201cHuku\u00e7ular da sanat\u00e7\u0131lar gibi siyasal iktidarlar\u0131n benimsemedi\u011fi ve \u00f6tekile\u015ftirdi\u011fi bir di\u011fer gruptur. &nbsp;Hukuk\u00e7uyu ve yarg\u0131y\u0131 hi\u00e7bir iktidar sevmez. Hi\u00e7bir siyaset\u00e7i sevmez. Ayn\u0131 zamanda sanat\u00e7\u0131y\u0131 da sevmez. \u00c7\u00fcnk\u00fc ikisi de \u00f6zg\u00fcrd\u00fcr. \u0130kisi de insanlar\u0131 \u00f6zg\u00fcrle\u015ftirmeye; d\u00fc\u015f\u00fcncelerini yobazl\u0131ktan, ba\u011fnazl\u0131ktan ve dar kal\u0131plardan kurtarmaya \u00e7al\u0131\u015fan ve \u00f6zg\u00fcrl\u00fc\u011fe g\u00f6t\u00fcrmeye \u00e7al\u0131\u015fan iki meslek grubudur. &nbsp;Bu y\u00fczden bizi de istemezler, sanat\u00e7\u0131yla istemezler. \u00c7\u00fcnk\u00fc yeni ufuklar a\u00e7\u0131ld\u0131\u011f\u0131 zaman, yeni vizyonlar olu\u015ftu\u011fu zaman onlar\u0131n orada yerinin olmad\u0131\u011f\u0131n\u0131 g\u00f6r\u00fcyorlar. Bizler de g\u00f6r\u00fcyoruz. Bu y\u00fczden toplumu ayd\u0131nlatmak sizlerin ve bizlerin g\u00f6revi.\u201d<\/p>\n\n\n\n<p>Sanat ve sanat\u00e7\u0131lar\u0131n desteklenmesi anlam\u0131nda da ciddi politikalar\u0131n geli\u015ftirilmesi gerekti\u011fine dikkat \u00e7eken Ye\u015filbo\u011faz, \u201cHer kesime, sanat\u0131n ve sanat\u00e7\u0131n\u0131n \u00f6nemi, ilkokullardan ba\u015flayarak anlat\u0131ml\u0131 dersler yoluyla sunulmas\u0131 gerekiyor. Cumhuriyetin ba\u015f\u0131ndan itibaren bug\u00fcne kadar geldi\u011fimiz s\u00fcre\u00e7te biz bu konuda \u00e7ok da fazla yol almad\u0131\u011f\u0131m\u0131z\u0131 g\u00f6r\u00fcyoruz ama toplumun \u00e7a\u011fda\u015fla\u015fmas\u0131na ve cumhuriyetin de\u011ferlerine ancak hep birlikte sanata ve sanat\u00e7\u0131ya sahip \u00e7\u0131karak ula\u015fabilece\u011fimize inan\u0131yorum. Sanatla kal\u0131n diyorum.\u201d dedi.<\/p>\n","protected":false},"excerpt":{"rendered":"<p>Kurat\u00f6rl\u00fc\u011f\u00fcn\u00fc Mersin \u00dcniversitesi G\u00fczel Sanatlar Fak\u00fcltesi \u00d6\u011fretim G\u00f6revlisi Prof. Dr. Nurseren Tor\u2019un yapt\u0131\u011f\u0131 ve Cumhuriyet\u2019in 101. y\u0131l\u0131na itafen Mersin \u00dcniversitesi G\u00fczel Sanatlar Fak\u00fcltesi Resim B\u00f6l\u00fcm\u00fc \u00f6\u011frencilerinin i\u015flerinden olu\u015fan Ekim Ge\u00e7idi sergisinin kapan\u0131\u015f etkinli\u011fi ger\u00e7ekle\u015ftirildi.\u00a0 Serginin kapan\u0131\u015f konu\u015fmas\u0131n\u0131 yapan Prof. Dr. Tor ve Av. Bilgin Ye\u015filbo\u011faz, T\u00fcrkiye\u2019de sanat alan\u0131ndaki duruma ele\u015ftiriler getirirken T\u00fcrkiye Cumhuriyeti\u2019nin kurucusu Atat\u00fcrk\u2019\u00fcn [&hellip;]<\/p>\n","protected":false},"author":22,"featured_media":155844,"comment_status":"closed","ping_status":"open","sticky":false,"template":"","format":"standard","meta":{"_yoast_wpseo_focuskw":"","_yoast_wpseo_title":"","_yoast_wpseo_metadesc":"","_bbp_topic_count":0,"_bbp_reply_count":0,"_bbp_total_topic_count":0,"_bbp_total_reply_count":0,"_bbp_voice_count":0,"_bbp_anonymous_reply_count":0,"_bbp_topic_count_hidden":0,"_bbp_reply_count_hidden":0,"_bbp_forum_subforum_count":0,"footnotes":"","_yoast_wpseo_focuskw_text_input":""},"categories":[1,8138,8206,6916,60],"tags":[],"yoast_head":"<!-- This site is optimized with the Yoast SEO plugin v23.0 - https:\/\/yoast.com\/wordpress\/plugins\/seo\/ -->\n<title>Ekim Ge\u00e7idi Sergisi Sanats\u0131z Cumhuriyet Olmaz Mesaj\u0131 \u0130le Kapand\u0131 - The Epoch Times TR<\/title>\n<meta name=\"robots\" content=\"index, follow, max-snippet:-1, max-image-preview:large, max-video-preview:-1\" \/>\n<link rel=\"canonical\" href=\"https:\/\/epochtimestr.com\/index.php\/ekim-gecidi-sergisi-sanatsiz-cumhuriyet-olmaz-mesaji-ile-kapandi\" \/>\n<meta property=\"og:locale\" content=\"tr_TR\" \/>\n<meta property=\"og:type\" content=\"article\" \/>\n<meta property=\"og:title\" content=\"Ekim Ge\u00e7idi Sergisi Sanats\u0131z Cumhuriyet Olmaz Mesaj\u0131 \u0130le Kapand\u0131 - The Epoch Times TR\" \/>\n<meta property=\"og:description\" content=\"Kurat\u00f6rl\u00fc\u011f\u00fcn\u00fc Mersin \u00dcniversitesi G\u00fczel Sanatlar Fak\u00fcltesi \u00d6\u011fretim G\u00f6revlisi Prof. Dr. Nurseren Tor\u2019un yapt\u0131\u011f\u0131 ve Cumhuriyet\u2019in 101. y\u0131l\u0131na itafen Mersin \u00dcniversitesi G\u00fczel Sanatlar Fak\u00fcltesi Resim B\u00f6l\u00fcm\u00fc \u00f6\u011frencilerinin i\u015flerinden olu\u015fan Ekim Ge\u00e7idi sergisinin kapan\u0131\u015f etkinli\u011fi ger\u00e7ekle\u015ftirildi.\u00a0 Serginin kapan\u0131\u015f konu\u015fmas\u0131n\u0131 yapan Prof. Dr. Tor ve Av. Bilgin Ye\u015filbo\u011faz, T\u00fcrkiye\u2019de sanat alan\u0131ndaki duruma ele\u015ftiriler getirirken T\u00fcrkiye Cumhuriyeti\u2019nin kurucusu Atat\u00fcrk\u2019\u00fcn [&hellip;]\" \/>\n<meta property=\"og:url\" content=\"https:\/\/epochtimestr.com\/index.php\/ekim-gecidi-sergisi-sanatsiz-cumhuriyet-olmaz-mesaji-ile-kapandi\" \/>\n<meta property=\"og:site_name\" content=\"The Epoch Times TR\" \/>\n<meta property=\"article:publisher\" content=\"https:\/\/www.facebook.com\/theepochtimestr\" \/>\n<meta property=\"article:published_time\" content=\"2024-12-20T08:47:18+00:00\" \/>\n<meta property=\"article:modified_time\" content=\"2024-12-20T08:50:55+00:00\" \/>\n<meta property=\"og:image\" content=\"https:\/\/epochtimestr.com\/wp-content\/uploads\/2011y\/Ekim-Gecidi.jpeg\" \/>\n\t<meta property=\"og:image:width\" content=\"950\" \/>\n\t<meta property=\"og:image:height\" content=\"712\" \/>\n\t<meta property=\"og:image:type\" content=\"image\/jpeg\" \/>\n<meta name=\"author\" content=\"G.Hakan Ko\u00e7man\" \/>\n<meta name=\"twitter:card\" content=\"summary_large_image\" \/>\n<meta name=\"twitter:creator\" content=\"@TheEpochTimesTR\" \/>\n<meta name=\"twitter:site\" content=\"@TheEpochTimesTR\" \/>\n<meta name=\"twitter:label1\" content=\"Yazan:\" \/>\n\t<meta name=\"twitter:data1\" content=\"G.Hakan Ko\u00e7man\" \/>\n\t<meta name=\"twitter:label2\" content=\"Tahmini okuma s\u00fcresi\" \/>\n\t<meta name=\"twitter:data2\" content=\"5 dakika\" \/>\n<script type=\"application\/ld+json\" class=\"yoast-schema-graph\">{\"@context\":\"https:\/\/schema.org\",\"@graph\":[{\"@type\":\"Article\",\"@id\":\"https:\/\/epochtimestr.com\/index.php\/ekim-gecidi-sergisi-sanatsiz-cumhuriyet-olmaz-mesaji-ile-kapandi#article\",\"isPartOf\":{\"@id\":\"https:\/\/epochtimestr.com\/index.php\/ekim-gecidi-sergisi-sanatsiz-cumhuriyet-olmaz-mesaji-ile-kapandi\"},\"author\":{\"name\":\"G.Hakan Ko\u00e7man\",\"@id\":\"https:\/\/epochtimestr.com\/#\/schema\/person\/b5509977c9a6cd729a3e74d9743d035b\"},\"headline\":\"Ekim Ge\u00e7idi Sergisi Sanats\u0131z Cumhuriyet Olmaz Mesaj\u0131 \u0130le Kapand\u0131\",\"datePublished\":\"2024-12-20T08:47:18+00:00\",\"dateModified\":\"2024-12-20T08:50:55+00:00\",\"mainEntityOfPage\":{\"@id\":\"https:\/\/epochtimestr.com\/index.php\/ekim-gecidi-sergisi-sanatsiz-cumhuriyet-olmaz-mesaji-ile-kapandi\"},\"wordCount\":920,\"publisher\":{\"@id\":\"https:\/\/epochtimestr.com\/#organization\"},\"image\":{\"@id\":\"https:\/\/epochtimestr.com\/index.php\/ekim-gecidi-sergisi-sanatsiz-cumhuriyet-olmaz-mesaji-ile-kapandi#primaryimage\"},\"thumbnailUrl\":\"https:\/\/epochtimestr.com\/wp-content\/uploads\/2011y\/Ekim-Gecidi.jpeg\",\"articleSection\":[\"G\u00dcNDEM\",\"MAN\u015eET\",\"\u00d6ne \u00c7\u0131kan\",\"Plastik Sanatlar\",\"Taslak'da b\u0131rak\"],\"inLanguage\":\"tr\"},{\"@type\":\"WebPage\",\"@id\":\"https:\/\/epochtimestr.com\/index.php\/ekim-gecidi-sergisi-sanatsiz-cumhuriyet-olmaz-mesaji-ile-kapandi\",\"url\":\"https:\/\/epochtimestr.com\/index.php\/ekim-gecidi-sergisi-sanatsiz-cumhuriyet-olmaz-mesaji-ile-kapandi\",\"name\":\"Ekim Ge\u00e7idi Sergisi Sanats\u0131z Cumhuriyet Olmaz Mesaj\u0131 \u0130le Kapand\u0131 - The Epoch Times TR\",\"isPartOf\":{\"@id\":\"https:\/\/epochtimestr.com\/#website\"},\"primaryImageOfPage\":{\"@id\":\"https:\/\/epochtimestr.com\/index.php\/ekim-gecidi-sergisi-sanatsiz-cumhuriyet-olmaz-mesaji-ile-kapandi#primaryimage\"},\"image\":{\"@id\":\"https:\/\/epochtimestr.com\/index.php\/ekim-gecidi-sergisi-sanatsiz-cumhuriyet-olmaz-mesaji-ile-kapandi#primaryimage\"},\"thumbnailUrl\":\"https:\/\/epochtimestr.com\/wp-content\/uploads\/2011y\/Ekim-Gecidi.jpeg\",\"datePublished\":\"2024-12-20T08:47:18+00:00\",\"dateModified\":\"2024-12-20T08:50:55+00:00\",\"inLanguage\":\"tr\",\"potentialAction\":[{\"@type\":\"ReadAction\",\"target\":[\"https:\/\/epochtimestr.com\/index.php\/ekim-gecidi-sergisi-sanatsiz-cumhuriyet-olmaz-mesaji-ile-kapandi\"]}]},{\"@type\":\"ImageObject\",\"inLanguage\":\"tr\",\"@id\":\"https:\/\/epochtimestr.com\/index.php\/ekim-gecidi-sergisi-sanatsiz-cumhuriyet-olmaz-mesaji-ile-kapandi#primaryimage\",\"url\":\"https:\/\/epochtimestr.com\/wp-content\/uploads\/2011y\/Ekim-Gecidi.jpeg\",\"contentUrl\":\"https:\/\/epochtimestr.com\/wp-content\/uploads\/2011y\/Ekim-Gecidi.jpeg\",\"width\":950,\"height\":712},{\"@type\":\"WebSite\",\"@id\":\"https:\/\/epochtimestr.com\/#website\",\"url\":\"https:\/\/epochtimestr.com\/\",\"name\":\"The Epoch Times TR\",\"description\":\"De\u011fi\u015fen D\u00fcnyam\u0131za Taze Bir Bak\u0131\u015f\",\"publisher\":{\"@id\":\"https:\/\/epochtimestr.com\/#organization\"},\"potentialAction\":[{\"@type\":\"SearchAction\",\"target\":{\"@type\":\"EntryPoint\",\"urlTemplate\":\"https:\/\/epochtimestr.com\/?s={search_term_string}\"},\"query-input\":\"required name=search_term_string\"}],\"inLanguage\":\"tr\"},{\"@type\":\"Organization\",\"@id\":\"https:\/\/epochtimestr.com\/#organization\",\"name\":\"The EpochTimes T\u00fcrkiye\",\"url\":\"https:\/\/epochtimestr.com\/\",\"logo\":{\"@type\":\"ImageObject\",\"inLanguage\":\"tr\",\"@id\":\"https:\/\/epochtimestr.com\/#\/schema\/logo\/image\/\",\"url\":\"https:\/\/epochtimestr.com\/wp-content\/uploads\/2011y\/ET-Logo-YG.jpg\",\"contentUrl\":\"https:\/\/epochtimestr.com\/wp-content\/uploads\/2011y\/ET-Logo-YG.jpg\",\"width\":346,\"height\":29,\"caption\":\"The EpochTimes T\u00fcrkiye\"},\"image\":{\"@id\":\"https:\/\/epochtimestr.com\/#\/schema\/logo\/image\/\"},\"sameAs\":[\"https:\/\/www.facebook.com\/theepochtimestr\",\"https:\/\/x.com\/TheEpochTimesTR\",\"https:\/\/www.instagram.com\/epochtimestr\"]},{\"@type\":\"Person\",\"@id\":\"https:\/\/epochtimestr.com\/#\/schema\/person\/b5509977c9a6cd729a3e74d9743d035b\",\"name\":\"G.Hakan Ko\u00e7man\",\"image\":{\"@type\":\"ImageObject\",\"inLanguage\":\"tr\",\"@id\":\"https:\/\/epochtimestr.com\/#\/schema\/person\/image\/\",\"url\":\"https:\/\/secure.gravatar.com\/avatar\/e4eafee1ab5d1f4015c3930376b22ca8?s=96&d=mm&r=g\",\"contentUrl\":\"https:\/\/secure.gravatar.com\/avatar\/e4eafee1ab5d1f4015c3930376b22ca8?s=96&d=mm&r=g\",\"caption\":\"G.Hakan Ko\u00e7man\"},\"url\":\"https:\/\/epochtimestr.com\/index.php\/author\/hakan\"}]}<\/script>\n<!-- \/ Yoast SEO plugin. -->","yoast_head_json":{"title":"Ekim Ge\u00e7idi Sergisi Sanats\u0131z Cumhuriyet Olmaz Mesaj\u0131 \u0130le Kapand\u0131 - The Epoch Times TR","robots":{"index":"index","follow":"follow","max-snippet":"max-snippet:-1","max-image-preview":"max-image-preview:large","max-video-preview":"max-video-preview:-1"},"canonical":"https:\/\/epochtimestr.com\/index.php\/ekim-gecidi-sergisi-sanatsiz-cumhuriyet-olmaz-mesaji-ile-kapandi","og_locale":"tr_TR","og_type":"article","og_title":"Ekim Ge\u00e7idi Sergisi Sanats\u0131z Cumhuriyet Olmaz Mesaj\u0131 \u0130le Kapand\u0131 - The Epoch Times TR","og_description":"Kurat\u00f6rl\u00fc\u011f\u00fcn\u00fc Mersin \u00dcniversitesi G\u00fczel Sanatlar Fak\u00fcltesi \u00d6\u011fretim G\u00f6revlisi Prof. Dr. Nurseren Tor\u2019un yapt\u0131\u011f\u0131 ve Cumhuriyet\u2019in 101. y\u0131l\u0131na itafen Mersin \u00dcniversitesi G\u00fczel Sanatlar Fak\u00fcltesi Resim B\u00f6l\u00fcm\u00fc \u00f6\u011frencilerinin i\u015flerinden olu\u015fan Ekim Ge\u00e7idi sergisinin kapan\u0131\u015f etkinli\u011fi ger\u00e7ekle\u015ftirildi.\u00a0 Serginin kapan\u0131\u015f konu\u015fmas\u0131n\u0131 yapan Prof. Dr. Tor ve Av. Bilgin Ye\u015filbo\u011faz, T\u00fcrkiye\u2019de sanat alan\u0131ndaki duruma ele\u015ftiriler getirirken T\u00fcrkiye Cumhuriyeti\u2019nin kurucusu Atat\u00fcrk\u2019\u00fcn [&hellip;]","og_url":"https:\/\/epochtimestr.com\/index.php\/ekim-gecidi-sergisi-sanatsiz-cumhuriyet-olmaz-mesaji-ile-kapandi","og_site_name":"The Epoch Times TR","article_publisher":"https:\/\/www.facebook.com\/theepochtimestr","article_published_time":"2024-12-20T08:47:18+00:00","article_modified_time":"2024-12-20T08:50:55+00:00","og_image":[{"width":950,"height":712,"url":"https:\/\/epochtimestr.com\/wp-content\/uploads\/2011y\/Ekim-Gecidi.jpeg","type":"image\/jpeg"}],"author":"G.Hakan Ko\u00e7man","twitter_card":"summary_large_image","twitter_creator":"@TheEpochTimesTR","twitter_site":"@TheEpochTimesTR","twitter_misc":{"Yazan:":"G.Hakan Ko\u00e7man","Tahmini okuma s\u00fcresi":"5 dakika"},"schema":{"@context":"https:\/\/schema.org","@graph":[{"@type":"Article","@id":"https:\/\/epochtimestr.com\/index.php\/ekim-gecidi-sergisi-sanatsiz-cumhuriyet-olmaz-mesaji-ile-kapandi#article","isPartOf":{"@id":"https:\/\/epochtimestr.com\/index.php\/ekim-gecidi-sergisi-sanatsiz-cumhuriyet-olmaz-mesaji-ile-kapandi"},"author":{"name":"G.Hakan Ko\u00e7man","@id":"https:\/\/epochtimestr.com\/#\/schema\/person\/b5509977c9a6cd729a3e74d9743d035b"},"headline":"Ekim Ge\u00e7idi Sergisi Sanats\u0131z Cumhuriyet Olmaz Mesaj\u0131 \u0130le Kapand\u0131","datePublished":"2024-12-20T08:47:18+00:00","dateModified":"2024-12-20T08:50:55+00:00","mainEntityOfPage":{"@id":"https:\/\/epochtimestr.com\/index.php\/ekim-gecidi-sergisi-sanatsiz-cumhuriyet-olmaz-mesaji-ile-kapandi"},"wordCount":920,"publisher":{"@id":"https:\/\/epochtimestr.com\/#organization"},"image":{"@id":"https:\/\/epochtimestr.com\/index.php\/ekim-gecidi-sergisi-sanatsiz-cumhuriyet-olmaz-mesaji-ile-kapandi#primaryimage"},"thumbnailUrl":"https:\/\/epochtimestr.com\/wp-content\/uploads\/2011y\/Ekim-Gecidi.jpeg","articleSection":["G\u00dcNDEM","MAN\u015eET","\u00d6ne \u00c7\u0131kan","Plastik Sanatlar","Taslak'da b\u0131rak"],"inLanguage":"tr"},{"@type":"WebPage","@id":"https:\/\/epochtimestr.com\/index.php\/ekim-gecidi-sergisi-sanatsiz-cumhuriyet-olmaz-mesaji-ile-kapandi","url":"https:\/\/epochtimestr.com\/index.php\/ekim-gecidi-sergisi-sanatsiz-cumhuriyet-olmaz-mesaji-ile-kapandi","name":"Ekim Ge\u00e7idi Sergisi Sanats\u0131z Cumhuriyet Olmaz Mesaj\u0131 \u0130le Kapand\u0131 - The Epoch Times TR","isPartOf":{"@id":"https:\/\/epochtimestr.com\/#website"},"primaryImageOfPage":{"@id":"https:\/\/epochtimestr.com\/index.php\/ekim-gecidi-sergisi-sanatsiz-cumhuriyet-olmaz-mesaji-ile-kapandi#primaryimage"},"image":{"@id":"https:\/\/epochtimestr.com\/index.php\/ekim-gecidi-sergisi-sanatsiz-cumhuriyet-olmaz-mesaji-ile-kapandi#primaryimage"},"thumbnailUrl":"https:\/\/epochtimestr.com\/wp-content\/uploads\/2011y\/Ekim-Gecidi.jpeg","datePublished":"2024-12-20T08:47:18+00:00","dateModified":"2024-12-20T08:50:55+00:00","inLanguage":"tr","potentialAction":[{"@type":"ReadAction","target":["https:\/\/epochtimestr.com\/index.php\/ekim-gecidi-sergisi-sanatsiz-cumhuriyet-olmaz-mesaji-ile-kapandi"]}]},{"@type":"ImageObject","inLanguage":"tr","@id":"https:\/\/epochtimestr.com\/index.php\/ekim-gecidi-sergisi-sanatsiz-cumhuriyet-olmaz-mesaji-ile-kapandi#primaryimage","url":"https:\/\/epochtimestr.com\/wp-content\/uploads\/2011y\/Ekim-Gecidi.jpeg","contentUrl":"https:\/\/epochtimestr.com\/wp-content\/uploads\/2011y\/Ekim-Gecidi.jpeg","width":950,"height":712},{"@type":"WebSite","@id":"https:\/\/epochtimestr.com\/#website","url":"https:\/\/epochtimestr.com\/","name":"The Epoch Times TR","description":"De\u011fi\u015fen D\u00fcnyam\u0131za Taze Bir Bak\u0131\u015f","publisher":{"@id":"https:\/\/epochtimestr.com\/#organization"},"potentialAction":[{"@type":"SearchAction","target":{"@type":"EntryPoint","urlTemplate":"https:\/\/epochtimestr.com\/?s={search_term_string}"},"query-input":"required name=search_term_string"}],"inLanguage":"tr"},{"@type":"Organization","@id":"https:\/\/epochtimestr.com\/#organization","name":"The EpochTimes T\u00fcrkiye","url":"https:\/\/epochtimestr.com\/","logo":{"@type":"ImageObject","inLanguage":"tr","@id":"https:\/\/epochtimestr.com\/#\/schema\/logo\/image\/","url":"https:\/\/epochtimestr.com\/wp-content\/uploads\/2011y\/ET-Logo-YG.jpg","contentUrl":"https:\/\/epochtimestr.com\/wp-content\/uploads\/2011y\/ET-Logo-YG.jpg","width":346,"height":29,"caption":"The EpochTimes T\u00fcrkiye"},"image":{"@id":"https:\/\/epochtimestr.com\/#\/schema\/logo\/image\/"},"sameAs":["https:\/\/www.facebook.com\/theepochtimestr","https:\/\/x.com\/TheEpochTimesTR","https:\/\/www.instagram.com\/epochtimestr"]},{"@type":"Person","@id":"https:\/\/epochtimestr.com\/#\/schema\/person\/b5509977c9a6cd729a3e74d9743d035b","name":"G.Hakan Ko\u00e7man","image":{"@type":"ImageObject","inLanguage":"tr","@id":"https:\/\/epochtimestr.com\/#\/schema\/person\/image\/","url":"https:\/\/secure.gravatar.com\/avatar\/e4eafee1ab5d1f4015c3930376b22ca8?s=96&d=mm&r=g","contentUrl":"https:\/\/secure.gravatar.com\/avatar\/e4eafee1ab5d1f4015c3930376b22ca8?s=96&d=mm&r=g","caption":"G.Hakan Ko\u00e7man"},"url":"https:\/\/epochtimestr.com\/index.php\/author\/hakan"}]}},"_links":{"self":[{"href":"https:\/\/epochtimestr.com\/index.php\/wp-json\/wp\/v2\/posts\/155843"}],"collection":[{"href":"https:\/\/epochtimestr.com\/index.php\/wp-json\/wp\/v2\/posts"}],"about":[{"href":"https:\/\/epochtimestr.com\/index.php\/wp-json\/wp\/v2\/types\/post"}],"author":[{"embeddable":true,"href":"https:\/\/epochtimestr.com\/index.php\/wp-json\/wp\/v2\/users\/22"}],"replies":[{"embeddable":true,"href":"https:\/\/epochtimestr.com\/index.php\/wp-json\/wp\/v2\/comments?post=155843"}],"version-history":[{"count":4,"href":"https:\/\/epochtimestr.com\/index.php\/wp-json\/wp\/v2\/posts\/155843\/revisions"}],"predecessor-version":[{"id":155851,"href":"https:\/\/epochtimestr.com\/index.php\/wp-json\/wp\/v2\/posts\/155843\/revisions\/155851"}],"wp:featuredmedia":[{"embeddable":true,"href":"https:\/\/epochtimestr.com\/index.php\/wp-json\/wp\/v2\/media\/155844"}],"wp:attachment":[{"href":"https:\/\/epochtimestr.com\/index.php\/wp-json\/wp\/v2\/media?parent=155843"}],"wp:term":[{"taxonomy":"category","embeddable":true,"href":"https:\/\/epochtimestr.com\/index.php\/wp-json\/wp\/v2\/categories?post=155843"},{"taxonomy":"post_tag","embeddable":true,"href":"https:\/\/epochtimestr.com\/index.php\/wp-json\/wp\/v2\/tags?post=155843"}],"curies":[{"name":"wp","href":"https:\/\/api.w.org\/{rel}","templated":true}]}}