{"id":156476,"date":"2025-02-17T15:35:26","date_gmt":"2025-02-17T12:35:26","guid":{"rendered":"https:\/\/epochtimestr.com\/?p=156476"},"modified":"2025-03-06T14:37:18","modified_gmt":"2025-03-06T11:37:18","slug":"can-okan-emre-sen-muzik-akademisinde-bulundu","status":"publish","type":"post","link":"https:\/\/epochtimestr.com\/index.php\/can-okan-emre-sen-muzik-akademisinde-bulundu","title":{"rendered":"Can Okan, Emre \u015een M\u00fczik Akademisi&#8217;nde Konser Verdi"},"content":{"rendered":"<div class=\"wp-block-image\">\n<figure class=\"aligncenter size-large\"><img loading=\"lazy\" decoding=\"async\" width=\"2560\" height=\"1707\" src=\"https:\/\/epochtimestr.com\/wp-content\/uploads\/2011y\/can-okan-SendagET-edited-scaled.jpg\" alt=\"\" class=\"wp-image-156483\" srcset=\"https:\/\/epochtimestr.com\/wp-content\/uploads\/2011y\/can-okan-SendagET-edited-scaled.jpg 2560w, https:\/\/epochtimestr.com\/wp-content\/uploads\/2011y\/can-okan-SendagET-edited-300x200.jpg 300w, https:\/\/epochtimestr.com\/wp-content\/uploads\/2011y\/can-okan-SendagET-edited-1800x1200.jpg 1800w, https:\/\/epochtimestr.com\/wp-content\/uploads\/2011y\/can-okan-SendagET-edited-150x100.jpg 150w, https:\/\/epochtimestr.com\/wp-content\/uploads\/2011y\/can-okan-SendagET-edited-768x512.jpg 768w, https:\/\/epochtimestr.com\/wp-content\/uploads\/2011y\/can-okan-SendagET-edited-1536x1024.jpg 1536w, https:\/\/epochtimestr.com\/wp-content\/uploads\/2011y\/can-okan-SendagET-edited-2048x1365.jpg 2048w\" sizes=\"(max-width: 2560px) 100vw, 2560px\" \/><figcaption class=\"wp-element-caption\">Can Okan Foto\u011fraf: Epoch Times TR<\/figcaption><\/figure><\/div>\n\n\n<h2 class=\"wp-block-heading\">Orkestra \u015fefi ve piyanist Can Okan, ge\u00e7ti\u011fimiz y\u0131llarda &#8216;En \u0130yi Opera Orkestra \u015eefi&#8217; \u00f6d\u00fcl\u00fc alm\u0131\u015ft\u0131. Emre \u015een M\u00fczik Akademisi Okan&#8217;\u0131 konser dinletisi ve masterclass i\u00e7in davet etti.<\/h2>\n\n\n\n<p>T\u00fcrkiye&#8217;nin \u00f6nde gelen orkestra \u015fefi ve piyanisti Can Okan, Emre \u015een M\u00fczik Akademisi&#8217;nde bulundu. Burada &#8220;Chopin: Bir M\u00fczisyen\/Ressam&#8221; ad\u0131 alt\u0131nda verdi\u011fi konserlerden birini ger\u00e7ekle\u015ftirdi. &nbsp;Ankara&#8217;n\u0131n sanat merkezi haline gelen Emre \u015een M\u00fczik Akademisi, ge\u00e7ti\u011fimiz hafta sonu Can Okan&#8217;\u0131 a\u011f\u0131rlad\u0131.<\/p>\n\n\n<div class=\"wp-block-image\">\n<figure class=\"aligncenter size-full\"><img loading=\"lazy\" decoding=\"async\" width=\"1600\" height=\"850\" src=\"https:\/\/epochtimestr.com\/wp-content\/uploads\/2011y\/Emre-Sen-Can-Okan.jpeg\" alt=\"\" class=\"wp-image-156480\" srcset=\"https:\/\/epochtimestr.com\/wp-content\/uploads\/2011y\/Emre-Sen-Can-Okan.jpeg 1600w, https:\/\/epochtimestr.com\/wp-content\/uploads\/2011y\/Emre-Sen-Can-Okan-300x159.jpeg 300w, https:\/\/epochtimestr.com\/wp-content\/uploads\/2011y\/Emre-Sen-Can-Okan-150x80.jpeg 150w, https:\/\/epochtimestr.com\/wp-content\/uploads\/2011y\/Emre-Sen-Can-Okan-768x408.jpeg 768w, https:\/\/epochtimestr.com\/wp-content\/uploads\/2011y\/Emre-Sen-Can-Okan-1536x816.jpeg 1536w\" sizes=\"(max-width: 1600px) 100vw, 1600px\" \/><figcaption class=\"wp-element-caption\">Emre \u015een M\u00fczik Akademisi \u00d6\u011fretim \u00dcyeleri Hazal Ceren \u00c7akmak-Meral G\u00fclg\u00fcn \u00dcnal-Alev Nil G\u00fcnay-Emre \u015een-Can Okan-Akademi Y\u00f6neticisi Alper Remzi  Ayd\u0131n (Foto\u011fraf: Emre \u015een M\u00fczik Akademisi)<\/figcaption><\/figure><\/div>\n\n<p class=\"MsoNormal\" style=\"text-align: left;\">Felsefe b\u00f6l\u00fcm\u00fcnde \u00f6\u011frenimine devam eden Okan, konseri anlat\u0131ml\u0131 hale getirdi. Konserin konu\u015fma aralar\u0131nda\u00a0 \u00fcnl\u00fc Polonyal\u0131 besteci F. Chopin\u2019in,\u00a0Frans\u0131z ressam Eug\u00e8ne Delacroix ile dostlu\u011funu anlatt\u0131. Ayr\u0131ca virt\u00fc\u00f6z olarak<br \/>bahsetti\u011fi akademinin sahibi \u00fcnl\u00fc piyanist Emre \u015een&#8217;den de destek ve onay ald\u0131.<\/p>\n<p><!-- \/wp:paragraph --><!-- wp:paragraph --><\/p>\n<p class=\"MsoNormal\">\u0130lgi ve dikkatle dinlenen Okan, seyirciler taraf\u0131ndan b\u00fcy\u00fck be\u011feni toplad\u0131. Konser sonunda dinleyiciler ile foto\u011fraf \u00e7ektirdi, yak\u0131n takip\u00e7ileri ise imza iste\u011finde bulundu.<\/p>\n<p><!-- \/wp:paragraph --><\/p>\n<p><!-- wp:image {\"id\":156482,\"sizeSlug\":\"full\",\"linkDestination\":\"none\",\"align\":\"center\"} --><\/p>\n<p class=\"wp-block-image aligncenter size-full\" style=\"text-align: left;\"><img loading=\"lazy\" decoding=\"async\" width=\"1500\" height=\"844\" class=\"wp-image-156482\" src=\"https:\/\/epochtimestr.com\/wp-content\/uploads\/2011y\/Can-Okan-2.jpeg\" alt=\"\" srcset=\"https:\/\/epochtimestr.com\/wp-content\/uploads\/2011y\/Can-Okan-2.jpeg 1500w, https:\/\/epochtimestr.com\/wp-content\/uploads\/2011y\/Can-Okan-2-300x169.jpeg 300w, https:\/\/epochtimestr.com\/wp-content\/uploads\/2011y\/Can-Okan-2-150x84.jpeg 150w, https:\/\/epochtimestr.com\/wp-content\/uploads\/2011y\/Can-Okan-2-768x432.jpeg 768w\" sizes=\"(max-width: 1500px) 100vw, 1500px\" \/>Foto\u011fraf: Emre \u015een M\u00fczik Akademisi<\/p>\n<p><!-- \/wp:image --><\/p>\n<p><!-- wp:heading {\"level\":3} --><\/p>\n<h3 class=\"wp-block-heading\">Konserin ard\u0131ndan masterclass verdi<\/h3>\n<p><!-- \/wp:heading --><\/p>\n<p><!-- wp:paragraph --><\/p>\n<p>Can Okan, ertesi g\u00fcn \u00f6\u011fleden sonra ayn\u0131 konser salonunda \u00f6\u011frencilerle bulu\u015fup ders verdi. Hem k\u00fc\u00e7\u00fck ya\u015f grubu hem de \u00fcniversite \u00f6\u011frencileri repertuvarlar\u0131n\u0131 titiz bir \u015fekilde haz\u0131rlad\u0131.\u00a0<\/p>\n<p><!-- \/wp:paragraph --><\/p>\n<p><!-- wp:image {\"id\":156488,\"sizeSlug\":\"large\",\"linkDestination\":\"none\",\"align\":\"center\"} --><\/p>\n<figure class=\"wp-block-image aligncenter size-large\"><img loading=\"lazy\" decoding=\"async\" width=\"2560\" height=\"1440\" class=\"wp-image-156488\" src=\"https:\/\/epochtimestr.com\/wp-content\/uploads\/2011y\/Can-Okan-Ogrenci-edited-scaled.jpg\" alt=\"\" srcset=\"https:\/\/epochtimestr.com\/wp-content\/uploads\/2011y\/Can-Okan-Ogrenci-edited-scaled.jpg 2560w, https:\/\/epochtimestr.com\/wp-content\/uploads\/2011y\/Can-Okan-Ogrenci-edited-300x169.jpg 300w, https:\/\/epochtimestr.com\/wp-content\/uploads\/2011y\/Can-Okan-Ogrenci-edited-150x84.jpg 150w, https:\/\/epochtimestr.com\/wp-content\/uploads\/2011y\/Can-Okan-Ogrenci-edited-768x432.jpg 768w, https:\/\/epochtimestr.com\/wp-content\/uploads\/2011y\/Can-Okan-Ogrenci-edited-1536x864.jpg 1536w, https:\/\/epochtimestr.com\/wp-content\/uploads\/2011y\/Can-Okan-Ogrenci-edited-2048x1152.jpg 2048w\" sizes=\"(max-width: 2560px) 100vw, 2560px\" \/><\/figure>\n<p><!-- \/wp:image --><\/p>\n<p><!-- wp:image {\"id\":156491,\"sizeSlug\":\"large\",\"linkDestination\":\"none\",\"align\":\"center\"} --><\/p>\n<figure class=\"wp-block-image aligncenter size-large\"><img loading=\"lazy\" decoding=\"async\" width=\"2560\" height=\"1440\" class=\"wp-image-156491\" src=\"https:\/\/epochtimestr.com\/wp-content\/uploads\/2011y\/can-okan-ogrenci2-edited-scaled.jpg\" alt=\"\" srcset=\"https:\/\/epochtimestr.com\/wp-content\/uploads\/2011y\/can-okan-ogrenci2-edited-scaled.jpg 2560w, https:\/\/epochtimestr.com\/wp-content\/uploads\/2011y\/can-okan-ogrenci2-edited-300x169.jpg 300w, https:\/\/epochtimestr.com\/wp-content\/uploads\/2011y\/can-okan-ogrenci2-edited-150x84.jpg 150w, https:\/\/epochtimestr.com\/wp-content\/uploads\/2011y\/can-okan-ogrenci2-edited-768x432.jpg 768w, https:\/\/epochtimestr.com\/wp-content\/uploads\/2011y\/can-okan-ogrenci2-edited-1536x864.jpg 1536w, https:\/\/epochtimestr.com\/wp-content\/uploads\/2011y\/can-okan-ogrenci2-edited-2048x1152.jpg 2048w\" sizes=\"(max-width: 2560px) 100vw, 2560px\" \/><\/figure>\n<p><!-- \/wp:image --><\/p>\n<p><!-- wp:image {\"id\":156492,\"sizeSlug\":\"large\",\"linkDestination\":\"none\",\"align\":\"center\"} --><\/p>\n<figure class=\"wp-block-image aligncenter size-large\"><img loading=\"lazy\" decoding=\"async\" width=\"2560\" height=\"1440\" class=\"wp-image-156492\" src=\"https:\/\/epochtimestr.com\/wp-content\/uploads\/2011y\/can-okan-akademi-edited-scaled.jpg\" alt=\"\" srcset=\"https:\/\/epochtimestr.com\/wp-content\/uploads\/2011y\/can-okan-akademi-edited-scaled.jpg 2560w, https:\/\/epochtimestr.com\/wp-content\/uploads\/2011y\/can-okan-akademi-edited-300x169.jpg 300w, https:\/\/epochtimestr.com\/wp-content\/uploads\/2011y\/can-okan-akademi-edited-150x84.jpg 150w, https:\/\/epochtimestr.com\/wp-content\/uploads\/2011y\/can-okan-akademi-edited-768x432.jpg 768w, https:\/\/epochtimestr.com\/wp-content\/uploads\/2011y\/can-okan-akademi-edited-1536x864.jpg 1536w, https:\/\/epochtimestr.com\/wp-content\/uploads\/2011y\/can-okan-akademi-edited-2048x1152.jpg 2048w\" sizes=\"(max-width: 2560px) 100vw, 2560px\" \/><\/figure>\n<p><!-- \/wp:image --><\/p>\n<p><!-- wp:heading {\"level\":3} --><\/p>\n<h3 class=\"wp-block-heading\">Can Okan kimdir?<\/h3>\n<p><!-- \/wp:heading --><\/p>\n<p><!-- wp:paragraph --><\/p>\n<p>25 Mart 1986 tarihinde \u0130stanbul\u2019da do\u011fdu. Piyano \u00f6\u011frenimine 1994 y\u0131l\u0131nda Meliha Do\u011fuduyal ile ba\u015flad\u0131. 1997 y\u0131l\u0131nda Prof. Metin \u00dclk\u00fc\u2019n\u00fcn \u00f6\u011frencisi olarak piyano e\u011fitimine devam etti. 2005 y\u0131l\u0131nda Prof. G\u00fcrer Aykal\u2019dan orkestra \u015fefli\u011fi e\u011fitimi almaya ba\u015flad\u0131. 2007 y\u0131l\u0131nda Borusan \u0130stanbul Filarmoni Orkestras\u0131\u2019n\u0131 y\u00f6neterek, orkestra \u015fefi olarak ilk konserini verdi.Ayr\u0131ca \u0130dil Biret, Dmitri Alexeev, Emanuel Ax, Arnulf von Arnim, Nikolai Demidenko, Ayd\u0131n Esen, Claudius Tanski gibi \u00fcnl\u00fc piyanistlerin d\u00fczenledi\u011fi ustal\u0131k s\u0131n\u0131flar\u0131nda aktif kat\u0131l\u0131mc\u0131 olarak yer ald\u0131.<\/p>\n<p><!-- \/wp:paragraph --><\/p>\n<p><!-- wp:paragraph --><\/p>\n<p>Okan, 2009 y\u0131l\u0131nda Prof. Metin \u00dclk\u00fc ile piyano ana sanat dal\u0131ndaki y\u00fcksek lisans \u00e7al\u0131\u015fmalar\u0131na ba\u015flad\u0131. Y\u00fcksek lisans \u00f6\u011frenimi 2011 y\u0131l\u0131nda Stockholm Royal College of Music&#8217;de Orkestra \u015eefli\u011fi b\u00f6l\u00fcm\u00fcnde tamamlad\u0131. Ayr\u0131ca e\u011fitimi s\u00fcresince Daniel Harding, Jan Risberg, B. Tommy Andersson gibi orkestra \u015fefleri ile \u00e7al\u0131\u015fm\u0131\u015f, \u0130sve\u00e7\u2019te bir \u00e7ok senfoni orkestras\u0131 ile opera, senfonik ve \u00e7a\u011fda\u015f m\u00fczik da\u011farc\u0131\u011f\u0131ndan eserleri y\u00f6neterek konserler verdi.<\/p>\n<p><!-- \/wp:paragraph --><\/p>\n<p><!-- wp:paragraph --><\/p>\n<p>2011 y\u0131l\u0131nda Finlandiya\u2019da Jorma Panula\u2019n\u0131n orkestra \u015fefli\u011finde ustal\u0131k s\u0131n\u0131f\u0131na kat\u0131ld\u0131. 2016-2017 y\u0131llar\u0131 aras\u0131nda doktora \u00e7al\u0131\u015fmalar\u0131n\u0131 s\u00fcrd\u00fcrmek \u00fczere Roma, Santa Cecilia Konservatuar\u0131\u2019nda Alessandra Torchiani\u2019den piyano e\u011fitimi ald\u0131. 2013 y\u0131l\u0131ndan itibaren Bursa B\u00f6lge, Cemal Re\u015fit Rey Senfoni, Cumhurba\u015fkanl\u0131\u011f\u0131 Senfoni, \u00c7ukurova, \u0130stanbul ve \u0130zmir Devlet Senfoni Orkestralar\u0131n\u0131 y\u00f6netti.<\/p>\n<p><!-- \/wp:paragraph --><\/p>\n<p><!-- wp:paragraph --><\/p>\n<p>Ger\u00e7ekle\u015ftirdi\u011fi ilk st\u00fcdyo kayd\u0131nda Franz Schubert\u2019in b\u00fct\u00fcn Impromptu\u2019lerini kaydetti. 2017 y\u0131l\u0131nda \u0130stanbul Devlet Opera ve Balesi\u2019nin sahneye koydu\u011fu Igor Stravinsky\u2019nin \u201cThe Rake\u2019s Progress\u201d (Hovardan\u0131n Sonu) adl\u0131 operas\u0131n\u0131n T\u00fcrkiye\u2019deki ilk temsilini ger\u00e7ekle\u015ftirdi. Ayn\u0131 y\u0131l\u0131n Haziran ay\u0131nda, Benjamin Britten\u2019\u0131n \u201cThe Turn of the Screw\u201d (K\u00f6t\u00fcl\u00fc\u011f\u00fcn D\u00f6ng\u00fcs\u00fc) operas\u0131n\u0131 sergiledi. Ard\u0131ndan 2018 y\u0131l\u0131n\u0131n Nisan ay\u0131nda Verdi\u2019nin \u201cFalstaff\u201d operas\u0131n\u0131n orkestra \u015fefli\u011fini yapt\u0131. Ayr\u0131ca Salzburg\u2019da ger\u00e7ekle\u015ftirilen \u201cOper im Berg\u201d festivali kapsam\u0131nda \u201cDie Zauberfl\u00f6te\u201d (Sihirli Fl\u00fct) ile \u201cRigoletto\u201d operalar\u0131n\u0131 y\u00f6netti.<\/p>\n<p><!-- \/wp:paragraph --><\/p>\n<p><!-- wp:paragraph --><\/p>\n<p>Antalya ve \u00c7ukurova Devlet Senfoni Orkestralar\u0131 ile birlikte solist olarak konserler verdi. \u0130dil Biret, Augustin Dumay, Ayla Erduran, Alexander Rudin, Faz\u0131l Say gibi d\u00fcnyaca \u00fcnl\u00fc solistlerle birlikte konser verdi.<\/p>\n<p><!-- \/wp:paragraph --><\/p>\n<p><!-- wp:heading {\"level\":3} --><\/p>\n<h3 class=\"wp-block-heading\">Ba\u015far\u0131larla Dolu Bir Kariyer<\/h3>\n<p><!-- \/wp:heading --><\/p>\n<p><!-- wp:paragraph --><\/p>\n<p>Can Okan, 2019 y\u0131l\u0131nda Prof. Metin \u00dclk\u00fc ile piyano ana sanat dal\u0131ndaki doktora e\u011fitimini tamamlad\u0131. Ayn\u0131 y\u0131l\u0131n Ekim ay\u0131nda Ankara Devlet Opera ve Balesi\u2019nin yeni yap\u0131m\u0131 olan \u201cAida\u201d operas\u0131n\u0131 y\u00f6netti. Ayr\u0131ca 2020-2021 y\u0131llar\u0131 aras\u0131nda Cumhurba\u015fkanl\u0131\u011f\u0131 Senfoni Orkestras\u0131\u2019nda orkestra \u015fefi yard\u0131mc\u0131l\u0131\u011f\u0131 g\u00f6revini y\u00fcr\u00fctt\u00fc.<\/p>\n<p><!-- \/wp:paragraph --><\/p>\n<p><!-- wp:paragraph --><\/p>\n<p>Okan, 2020 y\u0131l\u0131nda \u00fc\u00e7\u00fcnc\u00fc lisans e\u011fitimini almaya karar verdi. Bunun \u00fczerine Mimar Sinan G\u00fczel Sanatlar \u00dcniversitesi, Felsefe B\u00f6l\u00fcm\u00fcnde \u00f6\u011frenimine ba\u015flad\u0131. Okan, 2021 y\u0131l\u0131nda Do\u00e7ent unvan\u0131n\u0131 almaya hak kazand\u0131.<\/p>\n<p><!-- \/wp:paragraph --><\/p>\n<p><!-- wp:paragraph --><\/p>\n<p>2023\u2019de T\u00fcrkiye Cumhuriyeti\u2019nin kurulu\u015funun 100. y\u0131l d\u00f6n\u00fcm\u00fcne istinaden Faz\u0131l Say\u2019\u0131n besteledi\u011fi 100. Y\u0131l Mar\u015f\u0131n\u0131 y\u00f6netti. Ayr\u0131ca ayn\u0131 y\u0131l, \u0130KSV M\u00fczik Festivalinde Michael Ellison\u2019\u0131n \u201cBinbo\u011falar Efsanesi\u201d ba\u015fl\u0131kl\u0131 bozlak operas\u0131n\u0131n d\u00fcnyadaki ilk seslendirili\u015flerini y\u00f6netti. Halen, yurti\u00e7i ve yurtd\u0131\u015f\u0131nda hem piyanist hem orkestra \u015fefi olarak konser vermektedir. Ayr\u0131ca m\u00fczik ve felsefe ile ilgili sunum ve s\u00f6yle\u015filer yapmaya devam etmektedir.<\/p>\n<p><!-- \/wp:paragraph --><\/p>\n<p><!-- wp:heading {\"level\":3} --><\/p>\n<h3 class=\"wp-block-heading\">G\u00f6khan Aybulus Masterclass verecek<\/h3>\n<p><!-- \/wp:heading --><\/p>\n<p><!-- wp:paragraph --><\/p>\n<p>Emre \u015een M\u00fczik Akademisi \u00f6nde gelen sanat\u00e7\u0131lar\u0131 a\u011f\u0131rlamaya devam ediyor. S\u0131rada d\u00fcnya \u00e7ap\u0131nda konserler veren ve uluslararas\u0131 yar\u0131\u015fmalarda juri \u00fcyeli\u011fi yapan piyanist G\u00f6khan Aybulus var. Aybulus, 1 Mart tarihinde Emre \u015een M\u00fczik Akademisi&#8217;nde \u00f6\u011frencilerle bulu\u015facak.<\/p>\n<p><!-- \/wp:paragraph --><\/p>\n<p><!-- wp:image {\"id\":156498,\"sizeSlug\":\"large\",\"linkDestination\":\"none\",\"align\":\"center\"} --><\/p>\n<figure class=\"wp-block-image aligncenter size-large\"><img loading=\"lazy\" decoding=\"async\" width=\"900\" height=\"675\" class=\"wp-image-156498\" src=\"https:\/\/epochtimestr.com\/wp-content\/uploads\/2011y\/WhatsApp-Image-2025-02-16-at-18.46.47-edited.jpeg\" alt=\"\" srcset=\"https:\/\/epochtimestr.com\/wp-content\/uploads\/2011y\/WhatsApp-Image-2025-02-16-at-18.46.47-edited.jpeg 900w, https:\/\/epochtimestr.com\/wp-content\/uploads\/2011y\/WhatsApp-Image-2025-02-16-at-18.46.47-edited-300x225.jpeg 300w, https:\/\/epochtimestr.com\/wp-content\/uploads\/2011y\/WhatsApp-Image-2025-02-16-at-18.46.47-edited-150x113.jpeg 150w, https:\/\/epochtimestr.com\/wp-content\/uploads\/2011y\/WhatsApp-Image-2025-02-16-at-18.46.47-edited-768x576.jpeg 768w, https:\/\/epochtimestr.com\/wp-content\/uploads\/2011y\/WhatsApp-Image-2025-02-16-at-18.46.47-edited-86x64.jpeg 86w\" sizes=\"(max-width: 900px) 100vw, 900px\" \/><\/figure>\n<p><!-- \/wp:image --><\/p>","protected":false},"excerpt":{"rendered":"<p>Orkestra \u015fefi ve piyanist Can Okan, ge\u00e7ti\u011fimiz y\u0131llarda &#8216;En \u0130yi Opera Orkestra \u015eefi&#8217; \u00f6d\u00fcl\u00fc alm\u0131\u015ft\u0131. Emre \u015een M\u00fczik Akademisi Okan&#8217;\u0131 konser dinletisi ve masterclass i\u00e7in davet etti. T\u00fcrkiye&#8217;nin \u00f6nde gelen orkestra \u015fefi ve piyanisti Can Okan, Emre \u015een M\u00fczik Akademisi&#8217;nde bulundu. Burada &#8220;Chopin: Bir M\u00fczisyen\/Ressam&#8221; ad\u0131 alt\u0131nda verdi\u011fi konserlerden birini ger\u00e7ekle\u015ftirdi. &nbsp;Ankara&#8217;n\u0131n sanat merkezi haline [&hellip;]<\/p>\n","protected":false},"author":13978,"featured_media":156483,"comment_status":"closed","ping_status":"open","sticky":false,"template":"","format":"standard","meta":{"_yoast_wpseo_focuskw":"Can Okan","_yoast_wpseo_title":"","_yoast_wpseo_metadesc":"Orkestra \u015fefi ve piyanist Can Okan, ge\u00e7ti\u011fimiz y\u0131llarda 'En \u0130yi Opera Orkestra \u015eefi' \u00f6d\u00fcl\u00fc alm\u0131\u015ft\u0131. Emre \u015een M\u00fczik Akademisi onu davet etti.","_bbp_topic_count":0,"_bbp_reply_count":0,"_bbp_total_topic_count":0,"_bbp_total_reply_count":0,"_bbp_voice_count":0,"_bbp_anonymous_reply_count":0,"_bbp_topic_count_hidden":0,"_bbp_reply_count_hidden":0,"_bbp_forum_subforum_count":0,"footnotes":"","_yoast_wpseo_focuskw_text_input":""},"categories":[1,8138,16,37],"tags":[],"yoast_head":"<!-- This site is optimized with the Yoast SEO plugin v23.0 - https:\/\/yoast.com\/wordpress\/plugins\/seo\/ -->\n<title>Can Okan, Emre \u015een M\u00fczik Akademisi&#039;nde Konser Verdi - The Epoch Times TR<\/title>\n<meta name=\"description\" content=\"Orkestra \u015fefi ve piyanist Can Okan, ge\u00e7ti\u011fimiz y\u0131llarda &#039;En \u0130yi Opera Orkestra \u015eefi&#039; \u00f6d\u00fcl\u00fc alm\u0131\u015ft\u0131. Emre \u015een M\u00fczik Akademisi onu davet etti.\" \/>\n<meta name=\"robots\" content=\"index, follow, max-snippet:-1, max-image-preview:large, max-video-preview:-1\" \/>\n<link rel=\"canonical\" href=\"https:\/\/epochtimestr.com\/index.php\/can-okan-emre-sen-muzik-akademisinde-bulundu\" \/>\n<meta property=\"og:locale\" content=\"tr_TR\" \/>\n<meta property=\"og:type\" content=\"article\" \/>\n<meta property=\"og:title\" content=\"Can Okan, Emre \u015een M\u00fczik Akademisi&#039;nde Konser Verdi - The Epoch Times TR\" \/>\n<meta property=\"og:description\" content=\"Orkestra \u015fefi ve piyanist Can Okan, ge\u00e7ti\u011fimiz y\u0131llarda &#039;En \u0130yi Opera Orkestra \u015eefi&#039; \u00f6d\u00fcl\u00fc alm\u0131\u015ft\u0131. Emre \u015een M\u00fczik Akademisi onu davet etti.\" \/>\n<meta property=\"og:url\" content=\"https:\/\/epochtimestr.com\/index.php\/can-okan-emre-sen-muzik-akademisinde-bulundu\" \/>\n<meta property=\"og:site_name\" content=\"The Epoch Times TR\" \/>\n<meta property=\"article:publisher\" content=\"https:\/\/www.facebook.com\/theepochtimestr\" \/>\n<meta property=\"article:published_time\" content=\"2025-02-17T12:35:26+00:00\" \/>\n<meta property=\"article:modified_time\" content=\"2025-03-06T11:37:18+00:00\" \/>\n<meta property=\"og:image\" content=\"https:\/\/epochtimestr.com\/wp-content\/uploads\/2011y\/can-okan-SendagET-edited-scaled.jpg\" \/>\n\t<meta property=\"og:image:width\" content=\"2560\" \/>\n\t<meta property=\"og:image:height\" content=\"1707\" \/>\n\t<meta property=\"og:image:type\" content=\"image\/jpeg\" \/>\n<meta name=\"author\" content=\"\u015eenda\u011f G\u00f6k\u00e7e\" \/>\n<meta name=\"twitter:card\" content=\"summary_large_image\" \/>\n<meta name=\"twitter:creator\" content=\"@TheEpochTimesTR\" \/>\n<meta name=\"twitter:site\" content=\"@TheEpochTimesTR\" \/>\n<meta name=\"twitter:label1\" content=\"Yazan:\" \/>\n\t<meta name=\"twitter:data1\" content=\"\u015eenda\u011f G\u00f6k\u00e7e\" \/>\n\t<meta name=\"twitter:label2\" content=\"Tahmini okuma s\u00fcresi\" \/>\n\t<meta name=\"twitter:data2\" content=\"6 dakika\" \/>\n<script type=\"application\/ld+json\" class=\"yoast-schema-graph\">{\"@context\":\"https:\/\/schema.org\",\"@graph\":[{\"@type\":\"Article\",\"@id\":\"https:\/\/epochtimestr.com\/index.php\/can-okan-emre-sen-muzik-akademisinde-bulundu#article\",\"isPartOf\":{\"@id\":\"https:\/\/epochtimestr.com\/index.php\/can-okan-emre-sen-muzik-akademisinde-bulundu\"},\"author\":{\"name\":\"\u015eenda\u011f G\u00f6k\u00e7e\",\"@id\":\"https:\/\/epochtimestr.com\/#\/schema\/person\/615caffe8877b02d1eed3f4261d81fda\"},\"headline\":\"Can Okan, Emre \u015een M\u00fczik Akademisi&#8217;nde Konser Verdi\",\"datePublished\":\"2025-02-17T12:35:26+00:00\",\"dateModified\":\"2025-03-06T11:37:18+00:00\",\"mainEntityOfPage\":{\"@id\":\"https:\/\/epochtimestr.com\/index.php\/can-okan-emre-sen-muzik-akademisinde-bulundu\"},\"wordCount\":909,\"publisher\":{\"@id\":\"https:\/\/epochtimestr.com\/#organization\"},\"image\":{\"@id\":\"https:\/\/epochtimestr.com\/index.php\/can-okan-emre-sen-muzik-akademisinde-bulundu#primaryimage\"},\"thumbnailUrl\":\"https:\/\/epochtimestr.com\/wp-content\/uploads\/2011y\/can-okan-SendagET-edited-scaled.jpg\",\"articleSection\":[\"G\u00dcNDEM\",\"MAN\u015eET\",\"SANAT ve K\u00dcLT\u00dcR\",\"T\u00dcRK\u0130YE\"],\"inLanguage\":\"tr\"},{\"@type\":\"WebPage\",\"@id\":\"https:\/\/epochtimestr.com\/index.php\/can-okan-emre-sen-muzik-akademisinde-bulundu\",\"url\":\"https:\/\/epochtimestr.com\/index.php\/can-okan-emre-sen-muzik-akademisinde-bulundu\",\"name\":\"Can Okan, Emre \u015een M\u00fczik Akademisi'nde Konser Verdi - The Epoch Times TR\",\"isPartOf\":{\"@id\":\"https:\/\/epochtimestr.com\/#website\"},\"primaryImageOfPage\":{\"@id\":\"https:\/\/epochtimestr.com\/index.php\/can-okan-emre-sen-muzik-akademisinde-bulundu#primaryimage\"},\"image\":{\"@id\":\"https:\/\/epochtimestr.com\/index.php\/can-okan-emre-sen-muzik-akademisinde-bulundu#primaryimage\"},\"thumbnailUrl\":\"https:\/\/epochtimestr.com\/wp-content\/uploads\/2011y\/can-okan-SendagET-edited-scaled.jpg\",\"datePublished\":\"2025-02-17T12:35:26+00:00\",\"dateModified\":\"2025-03-06T11:37:18+00:00\",\"description\":\"Orkestra \u015fefi ve piyanist Can Okan, ge\u00e7ti\u011fimiz y\u0131llarda 'En \u0130yi Opera Orkestra \u015eefi' \u00f6d\u00fcl\u00fc alm\u0131\u015ft\u0131. Emre \u015een M\u00fczik Akademisi onu davet etti.\",\"inLanguage\":\"tr\",\"potentialAction\":[{\"@type\":\"ReadAction\",\"target\":[\"https:\/\/epochtimestr.com\/index.php\/can-okan-emre-sen-muzik-akademisinde-bulundu\"]}]},{\"@type\":\"ImageObject\",\"inLanguage\":\"tr\",\"@id\":\"https:\/\/epochtimestr.com\/index.php\/can-okan-emre-sen-muzik-akademisinde-bulundu#primaryimage\",\"url\":\"https:\/\/epochtimestr.com\/wp-content\/uploads\/2011y\/can-okan-SendagET-edited-scaled.jpg\",\"contentUrl\":\"https:\/\/epochtimestr.com\/wp-content\/uploads\/2011y\/can-okan-SendagET-edited-scaled.jpg\",\"width\":2560,\"height\":1707},{\"@type\":\"WebSite\",\"@id\":\"https:\/\/epochtimestr.com\/#website\",\"url\":\"https:\/\/epochtimestr.com\/\",\"name\":\"The Epoch Times TR\",\"description\":\"De\u011fi\u015fen D\u00fcnyam\u0131za Taze Bir Bak\u0131\u015f\",\"publisher\":{\"@id\":\"https:\/\/epochtimestr.com\/#organization\"},\"potentialAction\":[{\"@type\":\"SearchAction\",\"target\":{\"@type\":\"EntryPoint\",\"urlTemplate\":\"https:\/\/epochtimestr.com\/?s={search_term_string}\"},\"query-input\":\"required name=search_term_string\"}],\"inLanguage\":\"tr\"},{\"@type\":\"Organization\",\"@id\":\"https:\/\/epochtimestr.com\/#organization\",\"name\":\"The EpochTimes T\u00fcrkiye\",\"url\":\"https:\/\/epochtimestr.com\/\",\"logo\":{\"@type\":\"ImageObject\",\"inLanguage\":\"tr\",\"@id\":\"https:\/\/epochtimestr.com\/#\/schema\/logo\/image\/\",\"url\":\"https:\/\/epochtimestr.com\/wp-content\/uploads\/2011y\/ET-Logo-YG.jpg\",\"contentUrl\":\"https:\/\/epochtimestr.com\/wp-content\/uploads\/2011y\/ET-Logo-YG.jpg\",\"width\":346,\"height\":29,\"caption\":\"The EpochTimes T\u00fcrkiye\"},\"image\":{\"@id\":\"https:\/\/epochtimestr.com\/#\/schema\/logo\/image\/\"},\"sameAs\":[\"https:\/\/www.facebook.com\/theepochtimestr\",\"https:\/\/x.com\/TheEpochTimesTR\",\"https:\/\/www.instagram.com\/epochtimestr\"]},{\"@type\":\"Person\",\"@id\":\"https:\/\/epochtimestr.com\/#\/schema\/person\/615caffe8877b02d1eed3f4261d81fda\",\"name\":\"\u015eenda\u011f G\u00f6k\u00e7e\",\"image\":{\"@type\":\"ImageObject\",\"inLanguage\":\"tr\",\"@id\":\"https:\/\/epochtimestr.com\/#\/schema\/person\/image\/\",\"url\":\"https:\/\/secure.gravatar.com\/avatar\/e9705bc5cda90ce98053c0d95045fd31?s=96&d=mm&r=g\",\"contentUrl\":\"https:\/\/secure.gravatar.com\/avatar\/e9705bc5cda90ce98053c0d95045fd31?s=96&d=mm&r=g\",\"caption\":\"\u015eenda\u011f G\u00f6k\u00e7e\"},\"url\":\"https:\/\/epochtimestr.com\/index.php\/author\/gokce\"}]}<\/script>\n<!-- \/ Yoast SEO plugin. -->","yoast_head_json":{"title":"Can Okan, Emre \u015een M\u00fczik Akademisi'nde Konser Verdi - The Epoch Times TR","description":"Orkestra \u015fefi ve piyanist Can Okan, ge\u00e7ti\u011fimiz y\u0131llarda 'En \u0130yi Opera Orkestra \u015eefi' \u00f6d\u00fcl\u00fc alm\u0131\u015ft\u0131. Emre \u015een M\u00fczik Akademisi onu davet etti.","robots":{"index":"index","follow":"follow","max-snippet":"max-snippet:-1","max-image-preview":"max-image-preview:large","max-video-preview":"max-video-preview:-1"},"canonical":"https:\/\/epochtimestr.com\/index.php\/can-okan-emre-sen-muzik-akademisinde-bulundu","og_locale":"tr_TR","og_type":"article","og_title":"Can Okan, Emre \u015een M\u00fczik Akademisi'nde Konser Verdi - The Epoch Times TR","og_description":"Orkestra \u015fefi ve piyanist Can Okan, ge\u00e7ti\u011fimiz y\u0131llarda 'En \u0130yi Opera Orkestra \u015eefi' \u00f6d\u00fcl\u00fc alm\u0131\u015ft\u0131. Emre \u015een M\u00fczik Akademisi onu davet etti.","og_url":"https:\/\/epochtimestr.com\/index.php\/can-okan-emre-sen-muzik-akademisinde-bulundu","og_site_name":"The Epoch Times TR","article_publisher":"https:\/\/www.facebook.com\/theepochtimestr","article_published_time":"2025-02-17T12:35:26+00:00","article_modified_time":"2025-03-06T11:37:18+00:00","og_image":[{"width":2560,"height":1707,"url":"https:\/\/epochtimestr.com\/wp-content\/uploads\/2011y\/can-okan-SendagET-edited-scaled.jpg","type":"image\/jpeg"}],"author":"\u015eenda\u011f G\u00f6k\u00e7e","twitter_card":"summary_large_image","twitter_creator":"@TheEpochTimesTR","twitter_site":"@TheEpochTimesTR","twitter_misc":{"Yazan:":"\u015eenda\u011f G\u00f6k\u00e7e","Tahmini okuma s\u00fcresi":"6 dakika"},"schema":{"@context":"https:\/\/schema.org","@graph":[{"@type":"Article","@id":"https:\/\/epochtimestr.com\/index.php\/can-okan-emre-sen-muzik-akademisinde-bulundu#article","isPartOf":{"@id":"https:\/\/epochtimestr.com\/index.php\/can-okan-emre-sen-muzik-akademisinde-bulundu"},"author":{"name":"\u015eenda\u011f G\u00f6k\u00e7e","@id":"https:\/\/epochtimestr.com\/#\/schema\/person\/615caffe8877b02d1eed3f4261d81fda"},"headline":"Can Okan, Emre \u015een M\u00fczik Akademisi&#8217;nde Konser Verdi","datePublished":"2025-02-17T12:35:26+00:00","dateModified":"2025-03-06T11:37:18+00:00","mainEntityOfPage":{"@id":"https:\/\/epochtimestr.com\/index.php\/can-okan-emre-sen-muzik-akademisinde-bulundu"},"wordCount":909,"publisher":{"@id":"https:\/\/epochtimestr.com\/#organization"},"image":{"@id":"https:\/\/epochtimestr.com\/index.php\/can-okan-emre-sen-muzik-akademisinde-bulundu#primaryimage"},"thumbnailUrl":"https:\/\/epochtimestr.com\/wp-content\/uploads\/2011y\/can-okan-SendagET-edited-scaled.jpg","articleSection":["G\u00dcNDEM","MAN\u015eET","SANAT ve K\u00dcLT\u00dcR","T\u00dcRK\u0130YE"],"inLanguage":"tr"},{"@type":"WebPage","@id":"https:\/\/epochtimestr.com\/index.php\/can-okan-emre-sen-muzik-akademisinde-bulundu","url":"https:\/\/epochtimestr.com\/index.php\/can-okan-emre-sen-muzik-akademisinde-bulundu","name":"Can Okan, Emre \u015een M\u00fczik Akademisi'nde Konser Verdi - The Epoch Times TR","isPartOf":{"@id":"https:\/\/epochtimestr.com\/#website"},"primaryImageOfPage":{"@id":"https:\/\/epochtimestr.com\/index.php\/can-okan-emre-sen-muzik-akademisinde-bulundu#primaryimage"},"image":{"@id":"https:\/\/epochtimestr.com\/index.php\/can-okan-emre-sen-muzik-akademisinde-bulundu#primaryimage"},"thumbnailUrl":"https:\/\/epochtimestr.com\/wp-content\/uploads\/2011y\/can-okan-SendagET-edited-scaled.jpg","datePublished":"2025-02-17T12:35:26+00:00","dateModified":"2025-03-06T11:37:18+00:00","description":"Orkestra \u015fefi ve piyanist Can Okan, ge\u00e7ti\u011fimiz y\u0131llarda 'En \u0130yi Opera Orkestra \u015eefi' \u00f6d\u00fcl\u00fc alm\u0131\u015ft\u0131. Emre \u015een M\u00fczik Akademisi onu davet etti.","inLanguage":"tr","potentialAction":[{"@type":"ReadAction","target":["https:\/\/epochtimestr.com\/index.php\/can-okan-emre-sen-muzik-akademisinde-bulundu"]}]},{"@type":"ImageObject","inLanguage":"tr","@id":"https:\/\/epochtimestr.com\/index.php\/can-okan-emre-sen-muzik-akademisinde-bulundu#primaryimage","url":"https:\/\/epochtimestr.com\/wp-content\/uploads\/2011y\/can-okan-SendagET-edited-scaled.jpg","contentUrl":"https:\/\/epochtimestr.com\/wp-content\/uploads\/2011y\/can-okan-SendagET-edited-scaled.jpg","width":2560,"height":1707},{"@type":"WebSite","@id":"https:\/\/epochtimestr.com\/#website","url":"https:\/\/epochtimestr.com\/","name":"The Epoch Times TR","description":"De\u011fi\u015fen D\u00fcnyam\u0131za Taze Bir Bak\u0131\u015f","publisher":{"@id":"https:\/\/epochtimestr.com\/#organization"},"potentialAction":[{"@type":"SearchAction","target":{"@type":"EntryPoint","urlTemplate":"https:\/\/epochtimestr.com\/?s={search_term_string}"},"query-input":"required name=search_term_string"}],"inLanguage":"tr"},{"@type":"Organization","@id":"https:\/\/epochtimestr.com\/#organization","name":"The EpochTimes T\u00fcrkiye","url":"https:\/\/epochtimestr.com\/","logo":{"@type":"ImageObject","inLanguage":"tr","@id":"https:\/\/epochtimestr.com\/#\/schema\/logo\/image\/","url":"https:\/\/epochtimestr.com\/wp-content\/uploads\/2011y\/ET-Logo-YG.jpg","contentUrl":"https:\/\/epochtimestr.com\/wp-content\/uploads\/2011y\/ET-Logo-YG.jpg","width":346,"height":29,"caption":"The EpochTimes T\u00fcrkiye"},"image":{"@id":"https:\/\/epochtimestr.com\/#\/schema\/logo\/image\/"},"sameAs":["https:\/\/www.facebook.com\/theepochtimestr","https:\/\/x.com\/TheEpochTimesTR","https:\/\/www.instagram.com\/epochtimestr"]},{"@type":"Person","@id":"https:\/\/epochtimestr.com\/#\/schema\/person\/615caffe8877b02d1eed3f4261d81fda","name":"\u015eenda\u011f G\u00f6k\u00e7e","image":{"@type":"ImageObject","inLanguage":"tr","@id":"https:\/\/epochtimestr.com\/#\/schema\/person\/image\/","url":"https:\/\/secure.gravatar.com\/avatar\/e9705bc5cda90ce98053c0d95045fd31?s=96&d=mm&r=g","contentUrl":"https:\/\/secure.gravatar.com\/avatar\/e9705bc5cda90ce98053c0d95045fd31?s=96&d=mm&r=g","caption":"\u015eenda\u011f G\u00f6k\u00e7e"},"url":"https:\/\/epochtimestr.com\/index.php\/author\/gokce"}]}},"_links":{"self":[{"href":"https:\/\/epochtimestr.com\/index.php\/wp-json\/wp\/v2\/posts\/156476"}],"collection":[{"href":"https:\/\/epochtimestr.com\/index.php\/wp-json\/wp\/v2\/posts"}],"about":[{"href":"https:\/\/epochtimestr.com\/index.php\/wp-json\/wp\/v2\/types\/post"}],"author":[{"embeddable":true,"href":"https:\/\/epochtimestr.com\/index.php\/wp-json\/wp\/v2\/users\/13978"}],"replies":[{"embeddable":true,"href":"https:\/\/epochtimestr.com\/index.php\/wp-json\/wp\/v2\/comments?post=156476"}],"version-history":[{"count":9,"href":"https:\/\/epochtimestr.com\/index.php\/wp-json\/wp\/v2\/posts\/156476\/revisions"}],"predecessor-version":[{"id":156522,"href":"https:\/\/epochtimestr.com\/index.php\/wp-json\/wp\/v2\/posts\/156476\/revisions\/156522"}],"wp:featuredmedia":[{"embeddable":true,"href":"https:\/\/epochtimestr.com\/index.php\/wp-json\/wp\/v2\/media\/156483"}],"wp:attachment":[{"href":"https:\/\/epochtimestr.com\/index.php\/wp-json\/wp\/v2\/media?parent=156476"}],"wp:term":[{"taxonomy":"category","embeddable":true,"href":"https:\/\/epochtimestr.com\/index.php\/wp-json\/wp\/v2\/categories?post=156476"},{"taxonomy":"post_tag","embeddable":true,"href":"https:\/\/epochtimestr.com\/index.php\/wp-json\/wp\/v2\/tags?post=156476"}],"curies":[{"name":"wp","href":"https:\/\/api.w.org\/{rel}","templated":true}]}}