{"id":156509,"date":"2025-02-18T12:51:25","date_gmt":"2025-02-18T09:51:25","guid":{"rendered":"https:\/\/epochtimestr.com\/?p=156509"},"modified":"2025-02-18T12:51:27","modified_gmt":"2025-02-18T09:51:27","slug":"emin-gumuskaya-yasamini-yitirdi","status":"publish","type":"post","link":"https:\/\/epochtimestr.com\/index.php\/emin-gumuskaya-yasamini-yitirdi","title":{"rendered":"Emin G\u00fcm\u00fc\u015fkaya Ya\u015fam\u0131n\u0131 Yitirdi"},"content":{"rendered":"<div class=\"wp-block-image\">\n<figure class=\"aligncenter size-full\"><img loading=\"lazy\" decoding=\"async\" width=\"1665\" height=\"1080\" src=\"https:\/\/epochtimestr.com\/wp-content\/uploads\/2011y\/Screenshot_20250218-121227_YouTube.jpg\" alt=\"\" class=\"wp-image-156511\" srcset=\"https:\/\/epochtimestr.com\/wp-content\/uploads\/2011y\/Screenshot_20250218-121227_YouTube.jpg 1665w, https:\/\/epochtimestr.com\/wp-content\/uploads\/2011y\/Screenshot_20250218-121227_YouTube-300x195.jpg 300w, https:\/\/epochtimestr.com\/wp-content\/uploads\/2011y\/Screenshot_20250218-121227_YouTube-150x97.jpg 150w, https:\/\/epochtimestr.com\/wp-content\/uploads\/2011y\/Screenshot_20250218-121227_YouTube-768x498.jpg 768w, https:\/\/epochtimestr.com\/wp-content\/uploads\/2011y\/Screenshot_20250218-121227_YouTube-1536x996.jpg 1536w, https:\/\/epochtimestr.com\/wp-content\/uploads\/2011y\/Screenshot_20250218-121227_YouTube-210x136.jpg 210w\" sizes=\"(max-width: 1665px) 100vw, 1665px\" \/><figcaption class=\"wp-element-caption\">Emin G\u00fcm\u00fc\u015fkaya, \u00c7ocuklar Duymas\u0131n dizisinde Seyyar Tayyar rol\u00fc ile tan\u0131nm\u0131\u015f ve sevilmi\u015fti.<\/figcaption><\/figure><\/div>\n\n\n<h3 class=\"wp-block-heading\">T\u00fcrk tiyatrosu ve televizyon d\u00fcnyas\u0131n\u0131n sevilen isimlerinden G\u00fcm\u00fc\u015fkaya, 76 ya\u015f\u0131nda hayat\u0131n\u0131 kaybetti.<\/h3>\n\n\n<p class=\"MsoNormal\">G\u00fcm\u00fc\u015fkaya \u00f6zellikle \u00c7ocuklar Duymas\u0131n dizisindeki Seyyar Tayyar karakteriyle seyircinin ilgisini \u00fczerine \u00e7ekti. Usta oyuncunun vefat haberini, yak\u0131n arkada\u015f\u0131 Zafer Alg\u00f6z sosyal medya hesab\u0131ndan duyurdu.<\/p>\n<p><!-- \/wp:paragraph --><!-- wp:paragraph --><\/p>\n<p class=\"MsoNormal\">Usta oyuncu Zafer Alg\u00f6z, G\u00fcm\u00fc\u015fkaya\u2019n\u0131n vefat\u0131n\u0131 duyurdu\u011fu payla\u015f\u0131m\u0131nda \u015fu ifadeleri kulland\u0131:<\/p>\n<p><!-- \/wp:paragraph --><!-- wp:paragraph --><\/p>\n<blockquote>\n<p class=\"MsoNormal\">&#8220;Emin G\u00fcm\u00fc\u015fkaya a\u011fabeyimizi kaybettik maalesef\u2026<br \/>Hayat\u0131m\u0131zda hep yeri olan meslek b\u00fcy\u00fc\u011f\u00fcm\u00fczd\u00fc\u2026 Allah rahmet eylesin, ba\u015f\u0131m\u0131z sa\u011f<br \/>olsun.&#8221;<\/p>\n<\/blockquote>\n<p><!-- \/wp:paragraph --><!-- wp:heading --><\/p>\n<p>\u00c7ocuklar duymas\u0131n dizisinin bir ba\u015fka oyuncusu <a href=\"https:\/\/epochtimestr.com\/index.php\/usta-oyuncu-fatma-karanfil-vefat-etti\" target=\"_blank\" rel=\"noopener\">Fatma Karanfil<\/a> de ge\u00e7ti\u011fimi y\u0131l hayat\u0131n\u0131 kaybetmi\u015fti.\u00a0<\/p>\n<h3 class=\"MsoNormal\">Emin G\u00fcm\u00fc\u015fkaya Kimdir?<\/h3>\n<p><!-- \/wp:heading --><!-- wp:paragraph --><\/p>\n<p class=\"MsoNormal\">10 Ocak 1948 do\u011fumlu olan Muhammed Emin G\u00fcm\u00fc\u015fkaya&#8217;n\u0131n sanat hayat\u0131, \u0130stanbul \u00dcniversitesi Devlet Konservatuvar\u0131 Tiyatro B\u00f6l\u00fcm\u00fc\u2019nden mezun olduktan sonra ba\u015flad\u0131\u0131. Uzun y\u0131llar tiyatro, sinema ve televizyon d\u00fcnyas\u0131nda emek verdi. G\u00fcm\u00fc\u015fkaya ekran yolculu\u011funa, 1985 y\u0131l\u0131nda \u201cBay Alkol\u00fc Takdimimdir\u201d dizisiyle ba\u015flad\u0131.<\/p>\n<p><!-- \/wp:paragraph --><!-- wp:paragraph --><\/p>\n<p class=\"MsoNormal\">2010 y\u0131l\u0131nda \u00c7ocuklar Duymas\u0131n dizisinde canland\u0131rd\u0131\u011f\u0131 Seyyar Tayyar karakteriyle geni\u015f bir kitlenin ilgisini ve sevgisini kazand\u0131. Sevilen oyuncu, Seksenler, Arka S\u0131radakiler, Ye\u015fil Deniz, Avrupa Yakas\u0131 ve Tatl\u0131 Hayat gibi bir\u00e7ok \u00f6nemli yap\u0131mda rol ald\u0131.<\/p>\n<p><!-- \/wp:paragraph --><\/p>","protected":false},"excerpt":{"rendered":"<p>T\u00fcrk tiyatrosu ve televizyon d\u00fcnyas\u0131n\u0131n sevilen isimlerinden G\u00fcm\u00fc\u015fkaya, 76 ya\u015f\u0131nda hayat\u0131n\u0131 kaybetti. G\u00fcm\u00fc\u015fkaya \u00f6zellikle \u00c7ocuklar Duymas\u0131n dizisindeki Seyyar Tayyar karakteriyle seyircinin ilgisini \u00fczerine \u00e7ekti. Usta oyuncunun vefat haberini, yak\u0131n arkada\u015f\u0131 Zafer Alg\u00f6z sosyal medya hesab\u0131ndan duyurdu. Usta oyuncu Zafer Alg\u00f6z, G\u00fcm\u00fc\u015fkaya\u2019n\u0131n vefat\u0131n\u0131 duyurdu\u011fu payla\u015f\u0131m\u0131nda \u015fu ifadeleri kulland\u0131: &#8220;Emin G\u00fcm\u00fc\u015fkaya a\u011fabeyimizi kaybettik maalesef\u2026Hayat\u0131m\u0131zda hep yeri olan [&hellip;]<\/p>\n","protected":false},"author":12791,"featured_media":156511,"comment_status":"closed","ping_status":"open","sticky":false,"template":"","format":"standard","meta":{"_yoast_wpseo_focuskw":"Emin G\u00fcm\u00fc\u015fkaya","_yoast_wpseo_title":"","_yoast_wpseo_metadesc":"T\u00fcrk tiyatrosu ve televizyon d\u00fcnyas\u0131n\u0131n sevilen isimlerinden Emin G\u00fcm\u00fc\u015fkaya, 76 ya\u015f\u0131nda hayat\u0131n\u0131 kaybetti.","_bbp_topic_count":0,"_bbp_reply_count":0,"_bbp_total_topic_count":0,"_bbp_total_reply_count":0,"_bbp_voice_count":0,"_bbp_anonymous_reply_count":0,"_bbp_topic_count_hidden":0,"_bbp_reply_count_hidden":0,"_bbp_forum_subforum_count":0,"footnotes":"","_yoast_wpseo_focuskw_text_input":""},"categories":[1,8138],"tags":[8468],"yoast_head":"<!-- This site is optimized with the Yoast SEO plugin v23.0 - https:\/\/yoast.com\/wordpress\/plugins\/seo\/ -->\n<title>Emin G\u00fcm\u00fc\u015fkaya Ya\u015fam\u0131n\u0131 Yitirdi - The Epoch Times TR<\/title>\n<meta name=\"description\" content=\"T\u00fcrk tiyatrosu ve televizyon d\u00fcnyas\u0131n\u0131n sevilen isimlerinden Emin G\u00fcm\u00fc\u015fkaya, 76 ya\u015f\u0131nda hayat\u0131n\u0131 kaybetti.\" \/>\n<meta name=\"robots\" content=\"index, follow, max-snippet:-1, max-image-preview:large, max-video-preview:-1\" \/>\n<link rel=\"canonical\" href=\"https:\/\/epochtimestr.com\/index.php\/emin-gumuskaya-yasamini-yitirdi\" \/>\n<meta property=\"og:locale\" content=\"tr_TR\" \/>\n<meta property=\"og:type\" content=\"article\" \/>\n<meta property=\"og:title\" content=\"Emin G\u00fcm\u00fc\u015fkaya Ya\u015fam\u0131n\u0131 Yitirdi - The Epoch Times TR\" \/>\n<meta property=\"og:description\" content=\"T\u00fcrk tiyatrosu ve televizyon d\u00fcnyas\u0131n\u0131n sevilen isimlerinden Emin G\u00fcm\u00fc\u015fkaya, 76 ya\u015f\u0131nda hayat\u0131n\u0131 kaybetti.\" \/>\n<meta property=\"og:url\" content=\"https:\/\/epochtimestr.com\/index.php\/emin-gumuskaya-yasamini-yitirdi\" \/>\n<meta property=\"og:site_name\" content=\"The Epoch Times TR\" \/>\n<meta property=\"article:publisher\" content=\"https:\/\/www.facebook.com\/theepochtimestr\" \/>\n<meta property=\"article:published_time\" content=\"2025-02-18T09:51:25+00:00\" \/>\n<meta property=\"article:modified_time\" content=\"2025-02-18T09:51:27+00:00\" \/>\n<meta property=\"og:image\" content=\"https:\/\/epochtimestr.com\/wp-content\/uploads\/2011y\/Screenshot_20250218-121227_YouTube.jpg\" \/>\n\t<meta property=\"og:image:width\" content=\"1665\" \/>\n\t<meta property=\"og:image:height\" content=\"1080\" \/>\n\t<meta property=\"og:image:type\" content=\"image\/jpeg\" \/>\n<meta name=\"author\" content=\"Haber Merkezi\" \/>\n<meta name=\"twitter:card\" content=\"summary_large_image\" \/>\n<meta name=\"twitter:creator\" content=\"@TheEpochTimesTR\" \/>\n<meta name=\"twitter:site\" content=\"@TheEpochTimesTR\" \/>\n<meta name=\"twitter:label1\" content=\"Yazan:\" \/>\n\t<meta name=\"twitter:data1\" content=\"Haber Merkezi\" \/>\n\t<meta name=\"twitter:label2\" content=\"Tahmini okuma s\u00fcresi\" \/>\n\t<meta name=\"twitter:data2\" content=\"2 dakika\" \/>\n<script type=\"application\/ld+json\" class=\"yoast-schema-graph\">{\"@context\":\"https:\/\/schema.org\",\"@graph\":[{\"@type\":\"Article\",\"@id\":\"https:\/\/epochtimestr.com\/index.php\/emin-gumuskaya-yasamini-yitirdi#article\",\"isPartOf\":{\"@id\":\"https:\/\/epochtimestr.com\/index.php\/emin-gumuskaya-yasamini-yitirdi\"},\"author\":{\"name\":\"Haber Merkezi\",\"@id\":\"https:\/\/epochtimestr.com\/#\/schema\/person\/3dc5c3adeb9f43923c5aa85889172fdd\"},\"headline\":\"Emin G\u00fcm\u00fc\u015fkaya Ya\u015fam\u0131n\u0131 Yitirdi\",\"datePublished\":\"2025-02-18T09:51:25+00:00\",\"dateModified\":\"2025-02-18T09:51:27+00:00\",\"mainEntityOfPage\":{\"@id\":\"https:\/\/epochtimestr.com\/index.php\/emin-gumuskaya-yasamini-yitirdi\"},\"wordCount\":240,\"publisher\":{\"@id\":\"https:\/\/epochtimestr.com\/#organization\"},\"image\":{\"@id\":\"https:\/\/epochtimestr.com\/index.php\/emin-gumuskaya-yasamini-yitirdi#primaryimage\"},\"thumbnailUrl\":\"https:\/\/epochtimestr.com\/wp-content\/uploads\/2011y\/Screenshot_20250218-121227_YouTube.jpg\",\"keywords\":[\"emin g\u00fcm\u00fc\u015fkaya\"],\"articleSection\":[\"G\u00dcNDEM\",\"MAN\u015eET\"],\"inLanguage\":\"tr\"},{\"@type\":\"WebPage\",\"@id\":\"https:\/\/epochtimestr.com\/index.php\/emin-gumuskaya-yasamini-yitirdi\",\"url\":\"https:\/\/epochtimestr.com\/index.php\/emin-gumuskaya-yasamini-yitirdi\",\"name\":\"Emin G\u00fcm\u00fc\u015fkaya Ya\u015fam\u0131n\u0131 Yitirdi - The Epoch Times TR\",\"isPartOf\":{\"@id\":\"https:\/\/epochtimestr.com\/#website\"},\"primaryImageOfPage\":{\"@id\":\"https:\/\/epochtimestr.com\/index.php\/emin-gumuskaya-yasamini-yitirdi#primaryimage\"},\"image\":{\"@id\":\"https:\/\/epochtimestr.com\/index.php\/emin-gumuskaya-yasamini-yitirdi#primaryimage\"},\"thumbnailUrl\":\"https:\/\/epochtimestr.com\/wp-content\/uploads\/2011y\/Screenshot_20250218-121227_YouTube.jpg\",\"datePublished\":\"2025-02-18T09:51:25+00:00\",\"dateModified\":\"2025-02-18T09:51:27+00:00\",\"description\":\"T\u00fcrk tiyatrosu ve televizyon d\u00fcnyas\u0131n\u0131n sevilen isimlerinden Emin G\u00fcm\u00fc\u015fkaya, 76 ya\u015f\u0131nda hayat\u0131n\u0131 kaybetti.\",\"inLanguage\":\"tr\",\"potentialAction\":[{\"@type\":\"ReadAction\",\"target\":[\"https:\/\/epochtimestr.com\/index.php\/emin-gumuskaya-yasamini-yitirdi\"]}]},{\"@type\":\"ImageObject\",\"inLanguage\":\"tr\",\"@id\":\"https:\/\/epochtimestr.com\/index.php\/emin-gumuskaya-yasamini-yitirdi#primaryimage\",\"url\":\"https:\/\/epochtimestr.com\/wp-content\/uploads\/2011y\/Screenshot_20250218-121227_YouTube.jpg\",\"contentUrl\":\"https:\/\/epochtimestr.com\/wp-content\/uploads\/2011y\/Screenshot_20250218-121227_YouTube.jpg\",\"width\":1665,\"height\":1080},{\"@type\":\"WebSite\",\"@id\":\"https:\/\/epochtimestr.com\/#website\",\"url\":\"https:\/\/epochtimestr.com\/\",\"name\":\"The Epoch Times TR\",\"description\":\"De\u011fi\u015fen D\u00fcnyam\u0131za Taze Bir Bak\u0131\u015f\",\"publisher\":{\"@id\":\"https:\/\/epochtimestr.com\/#organization\"},\"potentialAction\":[{\"@type\":\"SearchAction\",\"target\":{\"@type\":\"EntryPoint\",\"urlTemplate\":\"https:\/\/epochtimestr.com\/?s={search_term_string}\"},\"query-input\":\"required name=search_term_string\"}],\"inLanguage\":\"tr\"},{\"@type\":\"Organization\",\"@id\":\"https:\/\/epochtimestr.com\/#organization\",\"name\":\"The EpochTimes T\u00fcrkiye\",\"url\":\"https:\/\/epochtimestr.com\/\",\"logo\":{\"@type\":\"ImageObject\",\"inLanguage\":\"tr\",\"@id\":\"https:\/\/epochtimestr.com\/#\/schema\/logo\/image\/\",\"url\":\"https:\/\/epochtimestr.com\/wp-content\/uploads\/2011y\/ET-Logo-YG.jpg\",\"contentUrl\":\"https:\/\/epochtimestr.com\/wp-content\/uploads\/2011y\/ET-Logo-YG.jpg\",\"width\":346,\"height\":29,\"caption\":\"The EpochTimes T\u00fcrkiye\"},\"image\":{\"@id\":\"https:\/\/epochtimestr.com\/#\/schema\/logo\/image\/\"},\"sameAs\":[\"https:\/\/www.facebook.com\/theepochtimestr\",\"https:\/\/x.com\/TheEpochTimesTR\",\"https:\/\/www.instagram.com\/epochtimestr\"]},{\"@type\":\"Person\",\"@id\":\"https:\/\/epochtimestr.com\/#\/schema\/person\/3dc5c3adeb9f43923c5aa85889172fdd\",\"name\":\"Haber Merkezi\",\"image\":{\"@type\":\"ImageObject\",\"inLanguage\":\"tr\",\"@id\":\"https:\/\/epochtimestr.com\/#\/schema\/person\/image\/\",\"url\":\"https:\/\/secure.gravatar.com\/avatar\/d73f772ba5a74f28601361e17c2f93e6?s=96&d=mm&r=g\",\"contentUrl\":\"https:\/\/secure.gravatar.com\/avatar\/d73f772ba5a74f28601361e17c2f93e6?s=96&d=mm&r=g\",\"caption\":\"Haber Merkezi\"},\"url\":\"https:\/\/epochtimestr.com\/index.php\/author\/sendag\"}]}<\/script>\n<!-- \/ Yoast SEO plugin. -->","yoast_head_json":{"title":"Emin G\u00fcm\u00fc\u015fkaya Ya\u015fam\u0131n\u0131 Yitirdi - The Epoch Times TR","description":"T\u00fcrk tiyatrosu ve televizyon d\u00fcnyas\u0131n\u0131n sevilen isimlerinden Emin G\u00fcm\u00fc\u015fkaya, 76 ya\u015f\u0131nda hayat\u0131n\u0131 kaybetti.","robots":{"index":"index","follow":"follow","max-snippet":"max-snippet:-1","max-image-preview":"max-image-preview:large","max-video-preview":"max-video-preview:-1"},"canonical":"https:\/\/epochtimestr.com\/index.php\/emin-gumuskaya-yasamini-yitirdi","og_locale":"tr_TR","og_type":"article","og_title":"Emin G\u00fcm\u00fc\u015fkaya Ya\u015fam\u0131n\u0131 Yitirdi - The Epoch Times TR","og_description":"T\u00fcrk tiyatrosu ve televizyon d\u00fcnyas\u0131n\u0131n sevilen isimlerinden Emin G\u00fcm\u00fc\u015fkaya, 76 ya\u015f\u0131nda hayat\u0131n\u0131 kaybetti.","og_url":"https:\/\/epochtimestr.com\/index.php\/emin-gumuskaya-yasamini-yitirdi","og_site_name":"The Epoch Times TR","article_publisher":"https:\/\/www.facebook.com\/theepochtimestr","article_published_time":"2025-02-18T09:51:25+00:00","article_modified_time":"2025-02-18T09:51:27+00:00","og_image":[{"width":1665,"height":1080,"url":"https:\/\/epochtimestr.com\/wp-content\/uploads\/2011y\/Screenshot_20250218-121227_YouTube.jpg","type":"image\/jpeg"}],"author":"Haber Merkezi","twitter_card":"summary_large_image","twitter_creator":"@TheEpochTimesTR","twitter_site":"@TheEpochTimesTR","twitter_misc":{"Yazan:":"Haber Merkezi","Tahmini okuma s\u00fcresi":"2 dakika"},"schema":{"@context":"https:\/\/schema.org","@graph":[{"@type":"Article","@id":"https:\/\/epochtimestr.com\/index.php\/emin-gumuskaya-yasamini-yitirdi#article","isPartOf":{"@id":"https:\/\/epochtimestr.com\/index.php\/emin-gumuskaya-yasamini-yitirdi"},"author":{"name":"Haber Merkezi","@id":"https:\/\/epochtimestr.com\/#\/schema\/person\/3dc5c3adeb9f43923c5aa85889172fdd"},"headline":"Emin G\u00fcm\u00fc\u015fkaya Ya\u015fam\u0131n\u0131 Yitirdi","datePublished":"2025-02-18T09:51:25+00:00","dateModified":"2025-02-18T09:51:27+00:00","mainEntityOfPage":{"@id":"https:\/\/epochtimestr.com\/index.php\/emin-gumuskaya-yasamini-yitirdi"},"wordCount":240,"publisher":{"@id":"https:\/\/epochtimestr.com\/#organization"},"image":{"@id":"https:\/\/epochtimestr.com\/index.php\/emin-gumuskaya-yasamini-yitirdi#primaryimage"},"thumbnailUrl":"https:\/\/epochtimestr.com\/wp-content\/uploads\/2011y\/Screenshot_20250218-121227_YouTube.jpg","keywords":["emin g\u00fcm\u00fc\u015fkaya"],"articleSection":["G\u00dcNDEM","MAN\u015eET"],"inLanguage":"tr"},{"@type":"WebPage","@id":"https:\/\/epochtimestr.com\/index.php\/emin-gumuskaya-yasamini-yitirdi","url":"https:\/\/epochtimestr.com\/index.php\/emin-gumuskaya-yasamini-yitirdi","name":"Emin G\u00fcm\u00fc\u015fkaya Ya\u015fam\u0131n\u0131 Yitirdi - The Epoch Times TR","isPartOf":{"@id":"https:\/\/epochtimestr.com\/#website"},"primaryImageOfPage":{"@id":"https:\/\/epochtimestr.com\/index.php\/emin-gumuskaya-yasamini-yitirdi#primaryimage"},"image":{"@id":"https:\/\/epochtimestr.com\/index.php\/emin-gumuskaya-yasamini-yitirdi#primaryimage"},"thumbnailUrl":"https:\/\/epochtimestr.com\/wp-content\/uploads\/2011y\/Screenshot_20250218-121227_YouTube.jpg","datePublished":"2025-02-18T09:51:25+00:00","dateModified":"2025-02-18T09:51:27+00:00","description":"T\u00fcrk tiyatrosu ve televizyon d\u00fcnyas\u0131n\u0131n sevilen isimlerinden Emin G\u00fcm\u00fc\u015fkaya, 76 ya\u015f\u0131nda hayat\u0131n\u0131 kaybetti.","inLanguage":"tr","potentialAction":[{"@type":"ReadAction","target":["https:\/\/epochtimestr.com\/index.php\/emin-gumuskaya-yasamini-yitirdi"]}]},{"@type":"ImageObject","inLanguage":"tr","@id":"https:\/\/epochtimestr.com\/index.php\/emin-gumuskaya-yasamini-yitirdi#primaryimage","url":"https:\/\/epochtimestr.com\/wp-content\/uploads\/2011y\/Screenshot_20250218-121227_YouTube.jpg","contentUrl":"https:\/\/epochtimestr.com\/wp-content\/uploads\/2011y\/Screenshot_20250218-121227_YouTube.jpg","width":1665,"height":1080},{"@type":"WebSite","@id":"https:\/\/epochtimestr.com\/#website","url":"https:\/\/epochtimestr.com\/","name":"The Epoch Times TR","description":"De\u011fi\u015fen D\u00fcnyam\u0131za Taze Bir Bak\u0131\u015f","publisher":{"@id":"https:\/\/epochtimestr.com\/#organization"},"potentialAction":[{"@type":"SearchAction","target":{"@type":"EntryPoint","urlTemplate":"https:\/\/epochtimestr.com\/?s={search_term_string}"},"query-input":"required name=search_term_string"}],"inLanguage":"tr"},{"@type":"Organization","@id":"https:\/\/epochtimestr.com\/#organization","name":"The EpochTimes T\u00fcrkiye","url":"https:\/\/epochtimestr.com\/","logo":{"@type":"ImageObject","inLanguage":"tr","@id":"https:\/\/epochtimestr.com\/#\/schema\/logo\/image\/","url":"https:\/\/epochtimestr.com\/wp-content\/uploads\/2011y\/ET-Logo-YG.jpg","contentUrl":"https:\/\/epochtimestr.com\/wp-content\/uploads\/2011y\/ET-Logo-YG.jpg","width":346,"height":29,"caption":"The EpochTimes T\u00fcrkiye"},"image":{"@id":"https:\/\/epochtimestr.com\/#\/schema\/logo\/image\/"},"sameAs":["https:\/\/www.facebook.com\/theepochtimestr","https:\/\/x.com\/TheEpochTimesTR","https:\/\/www.instagram.com\/epochtimestr"]},{"@type":"Person","@id":"https:\/\/epochtimestr.com\/#\/schema\/person\/3dc5c3adeb9f43923c5aa85889172fdd","name":"Haber Merkezi","image":{"@type":"ImageObject","inLanguage":"tr","@id":"https:\/\/epochtimestr.com\/#\/schema\/person\/image\/","url":"https:\/\/secure.gravatar.com\/avatar\/d73f772ba5a74f28601361e17c2f93e6?s=96&d=mm&r=g","contentUrl":"https:\/\/secure.gravatar.com\/avatar\/d73f772ba5a74f28601361e17c2f93e6?s=96&d=mm&r=g","caption":"Haber Merkezi"},"url":"https:\/\/epochtimestr.com\/index.php\/author\/sendag"}]}},"_links":{"self":[{"href":"https:\/\/epochtimestr.com\/index.php\/wp-json\/wp\/v2\/posts\/156509"}],"collection":[{"href":"https:\/\/epochtimestr.com\/index.php\/wp-json\/wp\/v2\/posts"}],"about":[{"href":"https:\/\/epochtimestr.com\/index.php\/wp-json\/wp\/v2\/types\/post"}],"author":[{"embeddable":true,"href":"https:\/\/epochtimestr.com\/index.php\/wp-json\/wp\/v2\/users\/12791"}],"replies":[{"embeddable":true,"href":"https:\/\/epochtimestr.com\/index.php\/wp-json\/wp\/v2\/comments?post=156509"}],"version-history":[{"count":2,"href":"https:\/\/epochtimestr.com\/index.php\/wp-json\/wp\/v2\/posts\/156509\/revisions"}],"predecessor-version":[{"id":156515,"href":"https:\/\/epochtimestr.com\/index.php\/wp-json\/wp\/v2\/posts\/156509\/revisions\/156515"}],"wp:featuredmedia":[{"embeddable":true,"href":"https:\/\/epochtimestr.com\/index.php\/wp-json\/wp\/v2\/media\/156511"}],"wp:attachment":[{"href":"https:\/\/epochtimestr.com\/index.php\/wp-json\/wp\/v2\/media?parent=156509"}],"wp:term":[{"taxonomy":"category","embeddable":true,"href":"https:\/\/epochtimestr.com\/index.php\/wp-json\/wp\/v2\/categories?post=156509"},{"taxonomy":"post_tag","embeddable":true,"href":"https:\/\/epochtimestr.com\/index.php\/wp-json\/wp\/v2\/tags?post=156509"}],"curies":[{"name":"wp","href":"https:\/\/api.w.org\/{rel}","templated":true}]}}