{"id":156582,"date":"2025-02-24T16:04:07","date_gmt":"2025-02-24T13:04:07","guid":{"rendered":"https:\/\/epochtimestr.com\/?p=156582"},"modified":"2025-02-24T16:04:21","modified_gmt":"2025-02-24T13:04:21","slug":"aysel-gurel-caddebostan-kultur-merkezinde-anildi","status":"publish","type":"post","link":"https:\/\/epochtimestr.com\/index.php\/aysel-gurel-caddebostan-kultur-merkezinde-anildi","title":{"rendered":"Aysel G\u00fcrel, Caddebostan K\u00fclt\u00fcr Merkezi\u2019nde an\u0131ld\u0131"},"content":{"rendered":"\n<p>Aysel G\u00fcrel, Kad\u0131k\u00f6y Belediyesi Caddebostan K\u00fclt\u00fcr Merkezi\u2019nde an\u0131ld\u0131.<\/p>\n\n\n<div class=\"wp-block-image\">\n<figure class=\"aligncenter size-full\"><img loading=\"lazy\" decoding=\"async\" width=\"600\" height=\"400\" src=\"https:\/\/epochtimestr.com\/wp-content\/uploads\/2011y\/image-232.png\" alt=\"\" class=\"wp-image-156583\" srcset=\"https:\/\/epochtimestr.com\/wp-content\/uploads\/2011y\/image-232.png 600w, https:\/\/epochtimestr.com\/wp-content\/uploads\/2011y\/image-232-300x200.png 300w, https:\/\/epochtimestr.com\/wp-content\/uploads\/2011y\/image-232-150x100.png 150w\" sizes=\"(max-width: 600px) 100vw, 600px\" \/><figcaption class=\"wp-element-caption\">Sanat\u00e7\u0131 Aysel G\u00fcrel, Kad\u0131k\u00f6y Belediyesi Caddebostan K\u00fclt\u00fcr Merkezi\u2019nde an\u0131ld\u0131.<\/figcaption><\/figure><\/div>\n\n\n<p>Sanat\u00e7\u0131 Aysel G\u00fcrel, Kad\u0131k\u00f6y Belediyesi taraf\u0131ndan d\u00fczenlenen etkinlikle Caddebostan K\u00fclt\u00fcr Merkezinde (CKM) an\u0131ld\u0131. Anma t\u00f6renine oyuncu ve tiyatro sanat\u00e7\u0131s\u0131 olan k\u0131z\u0131 M\u00fcjde Ar ve sanat\u00e7\u0131lar kat\u0131ld\u0131.<\/p>\n\n\n\n<p>Kat\u0131l\u0131mc\u0131lar aras\u0131nda oyuncu ve tiyatro sanat\u00e7\u0131s\u0131 Mehtap Ar\u2019\u0131n k\u0131z\u0131, Aysel G\u00fcrel\u2019in torunu S\u00f6z Ar, damad\u0131 politikac\u0131 Ercan Karaka\u015f da vard\u0131. Ayr\u0131ca Zerrin \u00d6zer, Reyhan Karaca, Burcu G\u00fcne\u015f, Atilla Atasoy, Yonca Lodi, \u015eebnem S\u00f6nmez, Deniz Durukan, Ay\u015fen \u015eahin, Figen \u015eakac\u0131 ve Tamer Levent gibi sanat\u00e7\u0131lar\u0131n yer ald\u0131\u011f\u0131 program, belgesel g\u00f6sterimi ile ba\u015flad\u0131.<\/p>\n\n\n\n<p>M\u00fcjde Ar yapt\u0131\u011f\u0131 konu\u015fmada \u015fu ifadeleri kulland\u0131. \u201cKimsenin hi\u00e7bir \u015feyinde g\u00f6z\u00fc olmayan, sadece iyilik ta\u015f\u0131yan iki \u00e7ocuk yeti\u015ftirdi. Ben bu y\u0131l 70\u2019inci ya\u015f\u0131ma girdim. Bu d\u00fcnyada annemin deyi\u015fiyle bozulmadan kalmak \u00e7ok zor. Ne mutlu ki ona lay\u0131k evlatlar olduk.\u201d<\/p>\n\n\n\n<p>Programa Aysel G\u00fcrel ve Mehtap Ar kitaplar\u0131n\u0131n Genel Yay\u0131n Y\u00f6netmeni Elif Akkaya da kat\u0131ld\u0131. Akkaya, \u201cAysel\u2019i ya da Mehtap\u2019\u0131 anlatmak o kadar kolay de\u011fil. Mehtap, kitab\u0131 ilk g\u00f6rd\u00fc\u011f\u00fcnde hastayd\u0131 ama b\u00fcy\u00fck bir heyecanla kitaba sar\u0131ld\u0131. O an\u0131 hi\u00e7 unutmayaca\u011f\u0131m\u201d dedi.<\/p>\n\n\n\n<p>Anma program\u0131, sanat\u00e7\u0131lar\u0131n seslendirdi\u011fi \u015fark\u0131lar, \u015fiirler ve hat\u0131ralar\u0131n payla\u015fmalar\u0131yla devam etti. Etkinlikte kat\u0131l\u0131mc\u0131lar Kad\u0131k\u00f6yl\u00fclere Aysel G\u00fcrel\u2019in \u201cSevda\u201d ve \u201cNe Kavgam Bitti Ne Sevdam\u201d kitaplar\u0131n\u0131 ald\u0131. Ayr\u0131ca Mehtap Ar\u2019\u0131n \u201c\u00c7ocuklara Uzatt\u0131 Ellerini\u201d kitab\u0131 da\u011f\u0131t\u0131ld\u0131. Mehtap Ar, 2021 y\u0131l\u0131nda vefat eden oyuncu ve tiyatrocu k\u0131z\u0131d\u0131r.<\/p>\n\n\n\n<figure class=\"wp-block-embed is-type-video is-provider-youtube wp-block-embed-youtube wp-embed-aspect-16-9 wp-has-aspect-ratio\"><div class=\"wp-block-embed__wrapper\">\n<iframe loading=\"lazy\" title=\"Aysel G\u00fcrel, Kad\u0131k\u00f6y Belediyesi Caddebostan K\u00fclt\u00fcr Merkezi\u2019nde an\u0131ld\u0131\" width=\"1170\" height=\"658\" src=\"https:\/\/www.youtube.com\/embed\/attsoQjcjUg?wmode=transparent&amp;rel=0&amp;feature=oembed\" frameborder=\"0\" allow=\"accelerometer; autoplay; clipboard-write; encrypted-media; gyroscope; picture-in-picture; web-share\" referrerpolicy=\"strict-origin-when-cross-origin\" allowfullscreen><\/iframe>\n<\/div><\/figure>\n","protected":false},"excerpt":{"rendered":"<p>Aysel G\u00fcrel, Kad\u0131k\u00f6y Belediyesi Caddebostan K\u00fclt\u00fcr Merkezi\u2019nde an\u0131ld\u0131. Sanat\u00e7\u0131 Aysel G\u00fcrel, Kad\u0131k\u00f6y Belediyesi taraf\u0131ndan d\u00fczenlenen etkinlikle Caddebostan K\u00fclt\u00fcr Merkezinde (CKM) an\u0131ld\u0131. Anma t\u00f6renine oyuncu ve tiyatro sanat\u00e7\u0131s\u0131 olan k\u0131z\u0131 M\u00fcjde Ar ve sanat\u00e7\u0131lar kat\u0131ld\u0131. Kat\u0131l\u0131mc\u0131lar aras\u0131nda oyuncu ve tiyatro sanat\u00e7\u0131s\u0131 Mehtap Ar\u2019\u0131n k\u0131z\u0131, Aysel G\u00fcrel\u2019in torunu S\u00f6z Ar, damad\u0131 politikac\u0131 Ercan Karaka\u015f da vard\u0131. Ayr\u0131ca [&hellip;]<\/p>\n","protected":false},"author":12791,"featured_media":156583,"comment_status":"closed","ping_status":"open","sticky":false,"template":"","format":"standard","meta":{"_yoast_wpseo_focuskw":"Aysel G\u00fcrel","_yoast_wpseo_title":"","_yoast_wpseo_metadesc":"Sanat\u00e7\u0131 Aysel G\u00fcrel, Kad\u0131k\u00f6y Belediyesi taraf\u0131ndan d\u00fczenlenen etkinlikle Caddebostan K\u00fclt\u00fcr Merkezinde (CKM) an\u0131ld\u0131.","_bbp_topic_count":0,"_bbp_reply_count":0,"_bbp_total_topic_count":0,"_bbp_total_reply_count":0,"_bbp_voice_count":0,"_bbp_anonymous_reply_count":0,"_bbp_topic_count_hidden":0,"_bbp_reply_count_hidden":0,"_bbp_forum_subforum_count":0,"footnotes":"","_yoast_wpseo_focuskw_text_input":""},"categories":[1,8138],"tags":[8064],"yoast_head":"<!-- This site is optimized with the Yoast SEO plugin v23.0 - https:\/\/yoast.com\/wordpress\/plugins\/seo\/ -->\n<title>Aysel G\u00fcrel, Caddebostan K\u00fclt\u00fcr Merkezi\u2019nde an\u0131ld\u0131 - The Epoch Times TR<\/title>\n<meta name=\"description\" content=\"Sanat\u00e7\u0131 Aysel G\u00fcrel, Kad\u0131k\u00f6y Belediyesi taraf\u0131ndan d\u00fczenlenen etkinlikle Caddebostan K\u00fclt\u00fcr Merkezinde (CKM) an\u0131ld\u0131.\" \/>\n<meta name=\"robots\" content=\"index, follow, max-snippet:-1, max-image-preview:large, max-video-preview:-1\" \/>\n<link rel=\"canonical\" href=\"https:\/\/epochtimestr.com\/index.php\/aysel-gurel-caddebostan-kultur-merkezinde-anildi\" \/>\n<meta property=\"og:locale\" content=\"tr_TR\" \/>\n<meta property=\"og:type\" content=\"article\" \/>\n<meta property=\"og:title\" content=\"Aysel G\u00fcrel, Caddebostan K\u00fclt\u00fcr Merkezi\u2019nde an\u0131ld\u0131 - The Epoch Times TR\" \/>\n<meta property=\"og:description\" content=\"Sanat\u00e7\u0131 Aysel G\u00fcrel, Kad\u0131k\u00f6y Belediyesi taraf\u0131ndan d\u00fczenlenen etkinlikle Caddebostan K\u00fclt\u00fcr Merkezinde (CKM) an\u0131ld\u0131.\" \/>\n<meta property=\"og:url\" content=\"https:\/\/epochtimestr.com\/index.php\/aysel-gurel-caddebostan-kultur-merkezinde-anildi\" \/>\n<meta property=\"og:site_name\" content=\"The Epoch Times TR\" \/>\n<meta property=\"article:publisher\" content=\"https:\/\/www.facebook.com\/theepochtimestr\" \/>\n<meta property=\"article:published_time\" content=\"2025-02-24T13:04:07+00:00\" \/>\n<meta property=\"article:modified_time\" content=\"2025-02-24T13:04:21+00:00\" \/>\n<meta property=\"og:image\" content=\"https:\/\/epochtimestr.com\/wp-content\/uploads\/2011y\/image-232.png\" \/>\n\t<meta property=\"og:image:width\" content=\"600\" \/>\n\t<meta property=\"og:image:height\" content=\"400\" \/>\n\t<meta property=\"og:image:type\" content=\"image\/png\" \/>\n<meta name=\"author\" content=\"Haber Merkezi\" \/>\n<meta name=\"twitter:card\" content=\"summary_large_image\" \/>\n<meta name=\"twitter:creator\" content=\"@TheEpochTimesTR\" \/>\n<meta name=\"twitter:site\" content=\"@TheEpochTimesTR\" \/>\n<meta name=\"twitter:label1\" content=\"Yazan:\" \/>\n\t<meta name=\"twitter:data1\" content=\"Haber Merkezi\" \/>\n\t<meta name=\"twitter:label2\" content=\"Tahmini okuma s\u00fcresi\" \/>\n\t<meta name=\"twitter:data2\" content=\"2 dakika\" \/>\n<script type=\"application\/ld+json\" class=\"yoast-schema-graph\">{\"@context\":\"https:\/\/schema.org\",\"@graph\":[{\"@type\":\"Article\",\"@id\":\"https:\/\/epochtimestr.com\/index.php\/aysel-gurel-caddebostan-kultur-merkezinde-anildi#article\",\"isPartOf\":{\"@id\":\"https:\/\/epochtimestr.com\/index.php\/aysel-gurel-caddebostan-kultur-merkezinde-anildi\"},\"author\":{\"name\":\"Haber Merkezi\",\"@id\":\"https:\/\/epochtimestr.com\/#\/schema\/person\/3dc5c3adeb9f43923c5aa85889172fdd\"},\"headline\":\"Aysel G\u00fcrel, Caddebostan K\u00fclt\u00fcr Merkezi\u2019nde an\u0131ld\u0131\",\"datePublished\":\"2025-02-24T13:04:07+00:00\",\"dateModified\":\"2025-02-24T13:04:21+00:00\",\"mainEntityOfPage\":{\"@id\":\"https:\/\/epochtimestr.com\/index.php\/aysel-gurel-caddebostan-kultur-merkezinde-anildi\"},\"wordCount\":327,\"publisher\":{\"@id\":\"https:\/\/epochtimestr.com\/#organization\"},\"image\":{\"@id\":\"https:\/\/epochtimestr.com\/index.php\/aysel-gurel-caddebostan-kultur-merkezinde-anildi#primaryimage\"},\"thumbnailUrl\":\"https:\/\/epochtimestr.com\/wp-content\/uploads\/2011y\/image-232.png\",\"keywords\":[\"Aysel G\u00fcrel\"],\"articleSection\":[\"G\u00dcNDEM\",\"MAN\u015eET\"],\"inLanguage\":\"tr\"},{\"@type\":\"WebPage\",\"@id\":\"https:\/\/epochtimestr.com\/index.php\/aysel-gurel-caddebostan-kultur-merkezinde-anildi\",\"url\":\"https:\/\/epochtimestr.com\/index.php\/aysel-gurel-caddebostan-kultur-merkezinde-anildi\",\"name\":\"Aysel G\u00fcrel, Caddebostan K\u00fclt\u00fcr Merkezi\u2019nde an\u0131ld\u0131 - The Epoch Times TR\",\"isPartOf\":{\"@id\":\"https:\/\/epochtimestr.com\/#website\"},\"primaryImageOfPage\":{\"@id\":\"https:\/\/epochtimestr.com\/index.php\/aysel-gurel-caddebostan-kultur-merkezinde-anildi#primaryimage\"},\"image\":{\"@id\":\"https:\/\/epochtimestr.com\/index.php\/aysel-gurel-caddebostan-kultur-merkezinde-anildi#primaryimage\"},\"thumbnailUrl\":\"https:\/\/epochtimestr.com\/wp-content\/uploads\/2011y\/image-232.png\",\"datePublished\":\"2025-02-24T13:04:07+00:00\",\"dateModified\":\"2025-02-24T13:04:21+00:00\",\"description\":\"Sanat\u00e7\u0131 Aysel G\u00fcrel, Kad\u0131k\u00f6y Belediyesi taraf\u0131ndan d\u00fczenlenen etkinlikle Caddebostan K\u00fclt\u00fcr Merkezinde (CKM) an\u0131ld\u0131.\",\"inLanguage\":\"tr\",\"potentialAction\":[{\"@type\":\"ReadAction\",\"target\":[\"https:\/\/epochtimestr.com\/index.php\/aysel-gurel-caddebostan-kultur-merkezinde-anildi\"]}]},{\"@type\":\"ImageObject\",\"inLanguage\":\"tr\",\"@id\":\"https:\/\/epochtimestr.com\/index.php\/aysel-gurel-caddebostan-kultur-merkezinde-anildi#primaryimage\",\"url\":\"https:\/\/epochtimestr.com\/wp-content\/uploads\/2011y\/image-232.png\",\"contentUrl\":\"https:\/\/epochtimestr.com\/wp-content\/uploads\/2011y\/image-232.png\",\"width\":600,\"height\":400},{\"@type\":\"WebSite\",\"@id\":\"https:\/\/epochtimestr.com\/#website\",\"url\":\"https:\/\/epochtimestr.com\/\",\"name\":\"The Epoch Times TR\",\"description\":\"De\u011fi\u015fen D\u00fcnyam\u0131za Taze Bir Bak\u0131\u015f\",\"publisher\":{\"@id\":\"https:\/\/epochtimestr.com\/#organization\"},\"potentialAction\":[{\"@type\":\"SearchAction\",\"target\":{\"@type\":\"EntryPoint\",\"urlTemplate\":\"https:\/\/epochtimestr.com\/?s={search_term_string}\"},\"query-input\":\"required name=search_term_string\"}],\"inLanguage\":\"tr\"},{\"@type\":\"Organization\",\"@id\":\"https:\/\/epochtimestr.com\/#organization\",\"name\":\"The EpochTimes T\u00fcrkiye\",\"url\":\"https:\/\/epochtimestr.com\/\",\"logo\":{\"@type\":\"ImageObject\",\"inLanguage\":\"tr\",\"@id\":\"https:\/\/epochtimestr.com\/#\/schema\/logo\/image\/\",\"url\":\"https:\/\/epochtimestr.com\/wp-content\/uploads\/2011y\/ET-Logo-YG.jpg\",\"contentUrl\":\"https:\/\/epochtimestr.com\/wp-content\/uploads\/2011y\/ET-Logo-YG.jpg\",\"width\":346,\"height\":29,\"caption\":\"The EpochTimes T\u00fcrkiye\"},\"image\":{\"@id\":\"https:\/\/epochtimestr.com\/#\/schema\/logo\/image\/\"},\"sameAs\":[\"https:\/\/www.facebook.com\/theepochtimestr\",\"https:\/\/x.com\/TheEpochTimesTR\",\"https:\/\/www.instagram.com\/epochtimestr\"]},{\"@type\":\"Person\",\"@id\":\"https:\/\/epochtimestr.com\/#\/schema\/person\/3dc5c3adeb9f43923c5aa85889172fdd\",\"name\":\"Haber Merkezi\",\"image\":{\"@type\":\"ImageObject\",\"inLanguage\":\"tr\",\"@id\":\"https:\/\/epochtimestr.com\/#\/schema\/person\/image\/\",\"url\":\"https:\/\/secure.gravatar.com\/avatar\/d73f772ba5a74f28601361e17c2f93e6?s=96&d=mm&r=g\",\"contentUrl\":\"https:\/\/secure.gravatar.com\/avatar\/d73f772ba5a74f28601361e17c2f93e6?s=96&d=mm&r=g\",\"caption\":\"Haber Merkezi\"},\"url\":\"https:\/\/epochtimestr.com\/index.php\/author\/sendag\"}]}<\/script>\n<!-- \/ Yoast SEO plugin. -->","yoast_head_json":{"title":"Aysel G\u00fcrel, Caddebostan K\u00fclt\u00fcr Merkezi\u2019nde an\u0131ld\u0131 - The Epoch Times TR","description":"Sanat\u00e7\u0131 Aysel G\u00fcrel, Kad\u0131k\u00f6y Belediyesi taraf\u0131ndan d\u00fczenlenen etkinlikle Caddebostan K\u00fclt\u00fcr Merkezinde (CKM) an\u0131ld\u0131.","robots":{"index":"index","follow":"follow","max-snippet":"max-snippet:-1","max-image-preview":"max-image-preview:large","max-video-preview":"max-video-preview:-1"},"canonical":"https:\/\/epochtimestr.com\/index.php\/aysel-gurel-caddebostan-kultur-merkezinde-anildi","og_locale":"tr_TR","og_type":"article","og_title":"Aysel G\u00fcrel, Caddebostan K\u00fclt\u00fcr Merkezi\u2019nde an\u0131ld\u0131 - The Epoch Times TR","og_description":"Sanat\u00e7\u0131 Aysel G\u00fcrel, Kad\u0131k\u00f6y Belediyesi taraf\u0131ndan d\u00fczenlenen etkinlikle Caddebostan K\u00fclt\u00fcr Merkezinde (CKM) an\u0131ld\u0131.","og_url":"https:\/\/epochtimestr.com\/index.php\/aysel-gurel-caddebostan-kultur-merkezinde-anildi","og_site_name":"The Epoch Times TR","article_publisher":"https:\/\/www.facebook.com\/theepochtimestr","article_published_time":"2025-02-24T13:04:07+00:00","article_modified_time":"2025-02-24T13:04:21+00:00","og_image":[{"width":600,"height":400,"url":"https:\/\/epochtimestr.com\/wp-content\/uploads\/2011y\/image-232.png","type":"image\/png"}],"author":"Haber Merkezi","twitter_card":"summary_large_image","twitter_creator":"@TheEpochTimesTR","twitter_site":"@TheEpochTimesTR","twitter_misc":{"Yazan:":"Haber Merkezi","Tahmini okuma s\u00fcresi":"2 dakika"},"schema":{"@context":"https:\/\/schema.org","@graph":[{"@type":"Article","@id":"https:\/\/epochtimestr.com\/index.php\/aysel-gurel-caddebostan-kultur-merkezinde-anildi#article","isPartOf":{"@id":"https:\/\/epochtimestr.com\/index.php\/aysel-gurel-caddebostan-kultur-merkezinde-anildi"},"author":{"name":"Haber Merkezi","@id":"https:\/\/epochtimestr.com\/#\/schema\/person\/3dc5c3adeb9f43923c5aa85889172fdd"},"headline":"Aysel G\u00fcrel, Caddebostan K\u00fclt\u00fcr Merkezi\u2019nde an\u0131ld\u0131","datePublished":"2025-02-24T13:04:07+00:00","dateModified":"2025-02-24T13:04:21+00:00","mainEntityOfPage":{"@id":"https:\/\/epochtimestr.com\/index.php\/aysel-gurel-caddebostan-kultur-merkezinde-anildi"},"wordCount":327,"publisher":{"@id":"https:\/\/epochtimestr.com\/#organization"},"image":{"@id":"https:\/\/epochtimestr.com\/index.php\/aysel-gurel-caddebostan-kultur-merkezinde-anildi#primaryimage"},"thumbnailUrl":"https:\/\/epochtimestr.com\/wp-content\/uploads\/2011y\/image-232.png","keywords":["Aysel G\u00fcrel"],"articleSection":["G\u00dcNDEM","MAN\u015eET"],"inLanguage":"tr"},{"@type":"WebPage","@id":"https:\/\/epochtimestr.com\/index.php\/aysel-gurel-caddebostan-kultur-merkezinde-anildi","url":"https:\/\/epochtimestr.com\/index.php\/aysel-gurel-caddebostan-kultur-merkezinde-anildi","name":"Aysel G\u00fcrel, Caddebostan K\u00fclt\u00fcr Merkezi\u2019nde an\u0131ld\u0131 - The Epoch Times TR","isPartOf":{"@id":"https:\/\/epochtimestr.com\/#website"},"primaryImageOfPage":{"@id":"https:\/\/epochtimestr.com\/index.php\/aysel-gurel-caddebostan-kultur-merkezinde-anildi#primaryimage"},"image":{"@id":"https:\/\/epochtimestr.com\/index.php\/aysel-gurel-caddebostan-kultur-merkezinde-anildi#primaryimage"},"thumbnailUrl":"https:\/\/epochtimestr.com\/wp-content\/uploads\/2011y\/image-232.png","datePublished":"2025-02-24T13:04:07+00:00","dateModified":"2025-02-24T13:04:21+00:00","description":"Sanat\u00e7\u0131 Aysel G\u00fcrel, Kad\u0131k\u00f6y Belediyesi taraf\u0131ndan d\u00fczenlenen etkinlikle Caddebostan K\u00fclt\u00fcr Merkezinde (CKM) an\u0131ld\u0131.","inLanguage":"tr","potentialAction":[{"@type":"ReadAction","target":["https:\/\/epochtimestr.com\/index.php\/aysel-gurel-caddebostan-kultur-merkezinde-anildi"]}]},{"@type":"ImageObject","inLanguage":"tr","@id":"https:\/\/epochtimestr.com\/index.php\/aysel-gurel-caddebostan-kultur-merkezinde-anildi#primaryimage","url":"https:\/\/epochtimestr.com\/wp-content\/uploads\/2011y\/image-232.png","contentUrl":"https:\/\/epochtimestr.com\/wp-content\/uploads\/2011y\/image-232.png","width":600,"height":400},{"@type":"WebSite","@id":"https:\/\/epochtimestr.com\/#website","url":"https:\/\/epochtimestr.com\/","name":"The Epoch Times TR","description":"De\u011fi\u015fen D\u00fcnyam\u0131za Taze Bir Bak\u0131\u015f","publisher":{"@id":"https:\/\/epochtimestr.com\/#organization"},"potentialAction":[{"@type":"SearchAction","target":{"@type":"EntryPoint","urlTemplate":"https:\/\/epochtimestr.com\/?s={search_term_string}"},"query-input":"required name=search_term_string"}],"inLanguage":"tr"},{"@type":"Organization","@id":"https:\/\/epochtimestr.com\/#organization","name":"The EpochTimes T\u00fcrkiye","url":"https:\/\/epochtimestr.com\/","logo":{"@type":"ImageObject","inLanguage":"tr","@id":"https:\/\/epochtimestr.com\/#\/schema\/logo\/image\/","url":"https:\/\/epochtimestr.com\/wp-content\/uploads\/2011y\/ET-Logo-YG.jpg","contentUrl":"https:\/\/epochtimestr.com\/wp-content\/uploads\/2011y\/ET-Logo-YG.jpg","width":346,"height":29,"caption":"The EpochTimes T\u00fcrkiye"},"image":{"@id":"https:\/\/epochtimestr.com\/#\/schema\/logo\/image\/"},"sameAs":["https:\/\/www.facebook.com\/theepochtimestr","https:\/\/x.com\/TheEpochTimesTR","https:\/\/www.instagram.com\/epochtimestr"]},{"@type":"Person","@id":"https:\/\/epochtimestr.com\/#\/schema\/person\/3dc5c3adeb9f43923c5aa85889172fdd","name":"Haber Merkezi","image":{"@type":"ImageObject","inLanguage":"tr","@id":"https:\/\/epochtimestr.com\/#\/schema\/person\/image\/","url":"https:\/\/secure.gravatar.com\/avatar\/d73f772ba5a74f28601361e17c2f93e6?s=96&d=mm&r=g","contentUrl":"https:\/\/secure.gravatar.com\/avatar\/d73f772ba5a74f28601361e17c2f93e6?s=96&d=mm&r=g","caption":"Haber Merkezi"},"url":"https:\/\/epochtimestr.com\/index.php\/author\/sendag"}]}},"_links":{"self":[{"href":"https:\/\/epochtimestr.com\/index.php\/wp-json\/wp\/v2\/posts\/156582"}],"collection":[{"href":"https:\/\/epochtimestr.com\/index.php\/wp-json\/wp\/v2\/posts"}],"about":[{"href":"https:\/\/epochtimestr.com\/index.php\/wp-json\/wp\/v2\/types\/post"}],"author":[{"embeddable":true,"href":"https:\/\/epochtimestr.com\/index.php\/wp-json\/wp\/v2\/users\/12791"}],"replies":[{"embeddable":true,"href":"https:\/\/epochtimestr.com\/index.php\/wp-json\/wp\/v2\/comments?post=156582"}],"version-history":[{"count":1,"href":"https:\/\/epochtimestr.com\/index.php\/wp-json\/wp\/v2\/posts\/156582\/revisions"}],"predecessor-version":[{"id":156584,"href":"https:\/\/epochtimestr.com\/index.php\/wp-json\/wp\/v2\/posts\/156582\/revisions\/156584"}],"wp:featuredmedia":[{"embeddable":true,"href":"https:\/\/epochtimestr.com\/index.php\/wp-json\/wp\/v2\/media\/156583"}],"wp:attachment":[{"href":"https:\/\/epochtimestr.com\/index.php\/wp-json\/wp\/v2\/media?parent=156582"}],"wp:term":[{"taxonomy":"category","embeddable":true,"href":"https:\/\/epochtimestr.com\/index.php\/wp-json\/wp\/v2\/categories?post=156582"},{"taxonomy":"post_tag","embeddable":true,"href":"https:\/\/epochtimestr.com\/index.php\/wp-json\/wp\/v2\/tags?post=156582"}],"curies":[{"name":"wp","href":"https:\/\/api.w.org\/{rel}","templated":true}]}}