{"id":156689,"date":"2025-03-05T17:17:49","date_gmt":"2025-03-05T14:17:49","guid":{"rendered":"https:\/\/epochtimestr.com\/?p=156689"},"modified":"2025-03-06T14:36:39","modified_gmt":"2025-03-06T11:36:39","slug":"hakan-ali-toker-konser-serisi","status":"publish","type":"post","link":"https:\/\/epochtimestr.com\/index.php\/hakan-ali-toker-konser-serisi","title":{"rendered":"Hakan Ali Toker Konser Serisine Devam Ediyor"},"content":{"rendered":"<div class=\"wp-block-image\">\n<figure class=\"aligncenter size-large\"><img loading=\"lazy\" decoding=\"async\" width=\"1600\" height=\"1200\" src=\"https:\/\/epochtimestr.com\/wp-content\/uploads\/2011y\/20250301_202335-1600x1200.jpg\" alt=\"\" class=\"wp-image-156693\" srcset=\"https:\/\/epochtimestr.com\/wp-content\/uploads\/2011y\/20250301_202335-1600x1200.jpg 1600w, https:\/\/epochtimestr.com\/wp-content\/uploads\/2011y\/20250301_202335-300x225.jpg 300w, https:\/\/epochtimestr.com\/wp-content\/uploads\/2011y\/20250301_202335-150x113.jpg 150w, https:\/\/epochtimestr.com\/wp-content\/uploads\/2011y\/20250301_202335-768x576.jpg 768w, https:\/\/epochtimestr.com\/wp-content\/uploads\/2011y\/20250301_202335-1536x1152.jpg 1536w, https:\/\/epochtimestr.com\/wp-content\/uploads\/2011y\/20250301_202335-2048x1536.jpg 2048w, https:\/\/epochtimestr.com\/wp-content\/uploads\/2011y\/20250301_202335-86x64.jpg 86w\" sizes=\"(max-width: 1600px) 100vw, 1600px\" \/><figcaption class=\"wp-element-caption\">Hakan Ali Toker<\/figcaption><\/figure><\/div>\n\n\n<h2 class=\"wp-block-heading\">Hakan Ali Toker ge\u00e7ti\u011fimiz g\u00fcnlerde Erenk\u00f6y&#8217;de &#8220;A\u015fk \u0130\u00e7in M\u00fczik&#8221; ba\u015fl\u0131kl\u0131 konser serisinde 5. konserini verdi.<\/h2>\n\n\n\n<p>G\u00fcn\u00fcm\u00fcz\u00fcn \u00f6nde gelen piyanist ve bestecisi Hakan Ali Toker, KMK Sanat&#8217;ta e\u011flenceli bir konser verdi. Anlat\u0131ml\u0131 olan bu konserde Toker&#8217;in eski a\u015fklar\u0131 ve d\u00fcnyan\u0131n \u00f6b\u00fcr u\u00e7lar\u0131ndaki \u00e7iftler yer ald\u0131<a href=\"https:\/\/epochtimestr.com\/\">.<\/a><\/p>\n\n\n\n<p>Toker, bu 9 konserlik serisinde, 30 y\u0131l\u0131 a\u015fk\u0131n s\u00fcredir 3 k\u0131tada ya\u015fad\u0131\u011f\u0131 a\u015fklar\u0131n\u0131 anlat\u0131yor ve sevdi\u011fi kad\u0131nlar i\u00e7in yapt\u0131\u011f\u0131 besteleri seslendiriyor. Ge\u00e7ti\u011fimiz haftasonu verdi\u011fi konser ise serinin 5.&#8217;si oldu<a href=\"https:\/\/www.theepochtimes.com\/\">.<\/a> Biletlerin t\u00fckenmesiyle yetkililer, son gelen seyirciler i\u00e7in salona fazladan sandalye yerle\u015ftirdi. Toker&#8217;in kendisine ait seslendirdi\u011fi eserlerinde keman, viyola ve \u00e7ello e\u015flik etti.<\/p>\n\n\n\n<p>Toker, konserin ba\u015f\u0131nda internette tan\u0131\u015ft\u0131\u011f\u0131 Nadejda i\u00e7in yazd\u0131\u011f\u0131 bir eseri \u00e7ald\u0131. Eserin hikayesi, seyircilerden bolca kahkaha, be\u011feni ve alk\u0131\u015f toplad\u0131. Seslendirdi\u011fi ikinci eseri ise bir yaz a\u015fk\u0131 olan Megan&#8217;a ithaf etmi\u015fti. Hikayeye g\u00f6re Megan, Toker&#8217;e &#8216;Honey&#8217; diyordu. Toker, bal\u0131n yan\u0131nda en g\u00fczel tereya\u011f\u0131n gitti\u011fini d\u00fc\u015f\u00fcnerek k\u0131z arkada\u015f\u0131na &#8216;Butter&#8217; diye seslendi\u011fini belirtti. Bunun \u00fczerine &#8216;Ya\u011fla Bal Valsi&#8217; ortaya \u00e7\u0131km\u0131\u015ft\u0131.<\/p>\n\n\n\n<p>Kalan 4 eser ise d\u00fcnyan\u0131n d\u00f6rt bir yan\u0131ndaki \u00e7iftlerin istekte bulunmas\u0131 \u00fczerine bestelenmi\u015f eserlerdi. <\/p>\n\n\n\n<h2 class=\"wp-block-heading\">&#8220;Keman, \u00c7ello, Piyano ve A\u015fk&#8221;<\/h2>\n\n\n<div class=\"wp-block-image\">\n<figure class=\"aligncenter size-large\"><img loading=\"lazy\" decoding=\"async\" width=\"1600\" height=\"1200\" src=\"https:\/\/epochtimestr.com\/wp-content\/uploads\/2011y\/Hakan-Ali-Toker-2-1600x1200.jpg\" alt=\"\" class=\"wp-image-156694\" srcset=\"https:\/\/epochtimestr.com\/wp-content\/uploads\/2011y\/Hakan-Ali-Toker-2-1600x1200.jpg 1600w, https:\/\/epochtimestr.com\/wp-content\/uploads\/2011y\/Hakan-Ali-Toker-2-300x225.jpg 300w, https:\/\/epochtimestr.com\/wp-content\/uploads\/2011y\/Hakan-Ali-Toker-2-150x113.jpg 150w, https:\/\/epochtimestr.com\/wp-content\/uploads\/2011y\/Hakan-Ali-Toker-2-768x576.jpg 768w, https:\/\/epochtimestr.com\/wp-content\/uploads\/2011y\/Hakan-Ali-Toker-2-1536x1152.jpg 1536w, https:\/\/epochtimestr.com\/wp-content\/uploads\/2011y\/Hakan-Ali-Toker-2-2048x1536.jpg 2048w, https:\/\/epochtimestr.com\/wp-content\/uploads\/2011y\/Hakan-Ali-Toker-2-86x64.jpg 86w\" sizes=\"(max-width: 1600px) 100vw, 1600px\" \/><figcaption class=\"wp-element-caption\">Hakan Ali Toker<\/figcaption><\/figure><\/div>\n\n\n<p>A\u015fk i\u00e7in M\u00fczik serisinin 5. konserinde kemanda \u00d6z\u00fcm G\u00fcn\u00f6z, viyolada Nora Heder yer ald\u0131. \u00c7elloda ise \u0130smail Kaya yer al\u0131rken, piyano, besteci ve anlatan Hakan Ali Toker oldu.<\/p>\n\n\n\n<p>S\u0131radaki konserler ise 29 Mart, 26 Nisan, 24 May\u0131s, 21 Haziran KMK Sanat&#8217;ta&#8230; <\/p>\n\n\n\n<h2 class=\"wp-block-heading\">Hakan Ali Toker Kimdir?<\/h2>\n\n\n\n<p>Hakan Ali Toker, 1976 do\u011fumlu ve Mersin&#8217;lidir. Piyano \u00e7almaya ve beste yapmaya k\u00fc\u00e7\u00fck ya\u015fta ba\u015flad\u0131. \u0130stanbul \u00dcniversitesi Devlet Konservatuvar\u0131 \u00e7ello b\u00f6l\u00fcm\u00fcnde k\u0131sa bir ba\u015flang\u0131\u00e7 yapt\u0131. Ortaokuldan itibaren Bilkent \u00dcniversitesi M\u00fczik ve Sahne Sanatlar\u0131 Fak\u00fcltesi&#8217;nde okudu. ABD&#8217;de Indiana \u00dcniversitesi M\u00fczik Fak\u00fcltesi Piyano ve Bestecilik dallar\u0131ndan mezun oldu. <\/p>\n\n\n\n<p>Klasik e\u011fitiminin yan\u0131nda Caz, T\u00fcrk M\u00fczi\u011fi ve klasik do\u011fa\u00e7lama alanlar\u0131nda kendini yeti\u015ftirdi. Piyanonun yan\u0131 s\u0131ra kanun, akordeon, klavsen ve org \u00e7almay\u0131 \u00f6\u011frendi. <\/p>\n\n\n\n<p>Bug\u00fcne kadar 29 \u00fclkede konserler verdi, pek \u00e7ok yerli ve yabanc\u0131 ele\u015ftirmenin \u00f6vg\u00fclerini ald\u0131. 17 ya\u015f\u0131nda kat\u0131ld\u0131\u011f\u0131 \u0130stanbul Festivali&#8217;nde y\u0131l\u0131n en gen\u00e7 sanat\u00e7\u0131s\u0131yd\u0131. Ayn\u0131 y\u0131l Ukrayna&#8217;da d\u00fczenlenen Virt\u00fc\u00f6zler Festivali&#8217;nde yer alan ilk T\u00fcrk sanat\u00e7\u0131yd\u0131.<\/p>\n\n\n\n<p>2011&#8217;de T\u00fcrk makamlar\u0131na g\u00f6re akortlanan piyanoyla ilk T\u00fcrk m\u00fczi\u011fi resitalini veren piyanist oldu. 2022&#8217;de yaz\u0131p 33 m\u00fczisyenle birlikte CRR&#8217;de seslendirdi\u011fi &#8220;T\u00fcrk Rapsodisi&#8221;yle ilk kez t\u00fcm \u00e7alg\u0131larda makamsal mikrotonalitenin duyuldu\u011fu bir senfonik konsere imza atm\u0131\u015f oldu.<\/p>\n\n\n\n<p>T\u00fcrkiye&#8217;de &#8220;Ya\u015fayan De\u011ferlerimiz&#8221; (2013), ABD&#8217;de &#8220;Y\u0131l\u0131n Yorumcusu&#8221; (2019) gibi \u00f6d\u00fcller ald\u0131. H\u0131rvatistan&#8217;da &#8220;H\u0131rvat-T\u00fcrk Dostluk&#8221; ni\u015fan\u0131 ald\u0131.<\/p>\n\n\n\n<p>\u00c7e\u015fitli m\u00fczik t\u00fcrlerini bazen ayr\u0131 ayr\u0131 ele ald\u0131\u011f\u0131, bazen de sentezledi\u011fi pek \u00e7ok bestesi, d\u00fczenlemesi ve alb\u00fcm\u00fc vard\u0131r.<\/p>\n","protected":false},"excerpt":{"rendered":"<p>Hakan Ali Toker ge\u00e7ti\u011fimiz g\u00fcnlerde Erenk\u00f6y&#8217;de &#8220;A\u015fk \u0130\u00e7in M\u00fczik&#8221; ba\u015fl\u0131kl\u0131 konser serisinde 5. konserini verdi. G\u00fcn\u00fcm\u00fcz\u00fcn \u00f6nde gelen piyanist ve bestecisi Hakan Ali Toker, KMK Sanat&#8217;ta e\u011flenceli bir konser verdi. Anlat\u0131ml\u0131 olan bu konserde Toker&#8217;in eski a\u015fklar\u0131 ve d\u00fcnyan\u0131n \u00f6b\u00fcr u\u00e7lar\u0131ndaki \u00e7iftler yer ald\u0131. Toker, bu 9 konserlik serisinde, 30 y\u0131l\u0131 a\u015fk\u0131n s\u00fcredir 3 k\u0131tada [&hellip;]<\/p>\n","protected":false},"author":13978,"featured_media":156693,"comment_status":"closed","ping_status":"open","sticky":false,"template":"","format":"standard","meta":{"_yoast_wpseo_focuskw":"Hakan Ali Toker","_yoast_wpseo_title":"","_yoast_wpseo_metadesc":"Hakan Ali Toker ge\u00e7ti\u011fimiz g\u00fcnlerde Erenk\u00f6y'de \"A\u015fk \u0130\u00e7in M\u00fczik\" ba\u015fl\u0131kl\u0131 konser serisinde 5. konserini verdi.","_bbp_topic_count":0,"_bbp_reply_count":0,"_bbp_total_topic_count":0,"_bbp_total_reply_count":0,"_bbp_voice_count":0,"_bbp_anonymous_reply_count":0,"_bbp_topic_count_hidden":0,"_bbp_reply_count_hidden":0,"_bbp_forum_subforum_count":0,"footnotes":"","_yoast_wpseo_focuskw_text_input":""},"categories":[1,8138,16,37],"tags":[],"yoast_head":"<!-- This site is optimized with the Yoast SEO plugin v23.0 - https:\/\/yoast.com\/wordpress\/plugins\/seo\/ -->\n<title>Hakan Ali Toker Konser Serisine Devam Ediyor - The Epoch Times TR<\/title>\n<meta name=\"description\" content=\"Hakan Ali Toker ge\u00e7ti\u011fimiz g\u00fcnlerde Erenk\u00f6y&#039;de &quot;A\u015fk \u0130\u00e7in M\u00fczik&quot; ba\u015fl\u0131kl\u0131 konser serisinde 5. konserini verdi.\" \/>\n<meta name=\"robots\" content=\"index, follow, max-snippet:-1, max-image-preview:large, max-video-preview:-1\" \/>\n<link rel=\"canonical\" href=\"https:\/\/epochtimestr.com\/index.php\/hakan-ali-toker-konser-serisi\" \/>\n<meta property=\"og:locale\" content=\"tr_TR\" \/>\n<meta property=\"og:type\" content=\"article\" \/>\n<meta property=\"og:title\" content=\"Hakan Ali Toker Konser Serisine Devam Ediyor - The Epoch Times TR\" \/>\n<meta property=\"og:description\" content=\"Hakan Ali Toker ge\u00e7ti\u011fimiz g\u00fcnlerde Erenk\u00f6y&#039;de &quot;A\u015fk \u0130\u00e7in M\u00fczik&quot; ba\u015fl\u0131kl\u0131 konser serisinde 5. konserini verdi.\" \/>\n<meta property=\"og:url\" content=\"https:\/\/epochtimestr.com\/index.php\/hakan-ali-toker-konser-serisi\" \/>\n<meta property=\"og:site_name\" content=\"The Epoch Times TR\" \/>\n<meta property=\"article:publisher\" content=\"https:\/\/www.facebook.com\/theepochtimestr\" \/>\n<meta property=\"article:published_time\" content=\"2025-03-05T14:17:49+00:00\" \/>\n<meta property=\"article:modified_time\" content=\"2025-03-06T11:36:39+00:00\" \/>\n<meta property=\"og:image\" content=\"https:\/\/epochtimestr.com\/wp-content\/uploads\/2011y\/20250301_202335-scaled.jpg\" \/>\n\t<meta property=\"og:image:width\" content=\"2560\" \/>\n\t<meta property=\"og:image:height\" content=\"1920\" \/>\n\t<meta property=\"og:image:type\" content=\"image\/jpeg\" \/>\n<meta name=\"author\" content=\"\u015eenda\u011f G\u00f6k\u00e7e\" \/>\n<meta name=\"twitter:card\" content=\"summary_large_image\" \/>\n<meta name=\"twitter:creator\" content=\"@TheEpochTimesTR\" \/>\n<meta name=\"twitter:site\" content=\"@TheEpochTimesTR\" \/>\n<meta name=\"twitter:label1\" content=\"Yazan:\" \/>\n\t<meta name=\"twitter:data1\" content=\"\u015eenda\u011f G\u00f6k\u00e7e\" \/>\n\t<meta name=\"twitter:label2\" content=\"Tahmini okuma s\u00fcresi\" \/>\n\t<meta name=\"twitter:data2\" content=\"3 dakika\" \/>\n<script type=\"application\/ld+json\" class=\"yoast-schema-graph\">{\"@context\":\"https:\/\/schema.org\",\"@graph\":[{\"@type\":\"Article\",\"@id\":\"https:\/\/epochtimestr.com\/index.php\/hakan-ali-toker-konser-serisi#article\",\"isPartOf\":{\"@id\":\"https:\/\/epochtimestr.com\/index.php\/hakan-ali-toker-konser-serisi\"},\"author\":{\"name\":\"\u015eenda\u011f G\u00f6k\u00e7e\",\"@id\":\"https:\/\/epochtimestr.com\/#\/schema\/person\/615caffe8877b02d1eed3f4261d81fda\"},\"headline\":\"Hakan Ali Toker Konser Serisine Devam Ediyor\",\"datePublished\":\"2025-03-05T14:17:49+00:00\",\"dateModified\":\"2025-03-06T11:36:39+00:00\",\"mainEntityOfPage\":{\"@id\":\"https:\/\/epochtimestr.com\/index.php\/hakan-ali-toker-konser-serisi\"},\"wordCount\":527,\"publisher\":{\"@id\":\"https:\/\/epochtimestr.com\/#organization\"},\"image\":{\"@id\":\"https:\/\/epochtimestr.com\/index.php\/hakan-ali-toker-konser-serisi#primaryimage\"},\"thumbnailUrl\":\"https:\/\/epochtimestr.com\/wp-content\/uploads\/2011y\/20250301_202335-scaled.jpg\",\"articleSection\":[\"G\u00dcNDEM\",\"MAN\u015eET\",\"SANAT ve K\u00dcLT\u00dcR\",\"T\u00dcRK\u0130YE\"],\"inLanguage\":\"tr\"},{\"@type\":\"WebPage\",\"@id\":\"https:\/\/epochtimestr.com\/index.php\/hakan-ali-toker-konser-serisi\",\"url\":\"https:\/\/epochtimestr.com\/index.php\/hakan-ali-toker-konser-serisi\",\"name\":\"Hakan Ali Toker Konser Serisine Devam Ediyor - The Epoch Times TR\",\"isPartOf\":{\"@id\":\"https:\/\/epochtimestr.com\/#website\"},\"primaryImageOfPage\":{\"@id\":\"https:\/\/epochtimestr.com\/index.php\/hakan-ali-toker-konser-serisi#primaryimage\"},\"image\":{\"@id\":\"https:\/\/epochtimestr.com\/index.php\/hakan-ali-toker-konser-serisi#primaryimage\"},\"thumbnailUrl\":\"https:\/\/epochtimestr.com\/wp-content\/uploads\/2011y\/20250301_202335-scaled.jpg\",\"datePublished\":\"2025-03-05T14:17:49+00:00\",\"dateModified\":\"2025-03-06T11:36:39+00:00\",\"description\":\"Hakan Ali Toker ge\u00e7ti\u011fimiz g\u00fcnlerde Erenk\u00f6y'de \\\"A\u015fk \u0130\u00e7in M\u00fczik\\\" ba\u015fl\u0131kl\u0131 konser serisinde 5. konserini verdi.\",\"inLanguage\":\"tr\",\"potentialAction\":[{\"@type\":\"ReadAction\",\"target\":[\"https:\/\/epochtimestr.com\/index.php\/hakan-ali-toker-konser-serisi\"]}]},{\"@type\":\"ImageObject\",\"inLanguage\":\"tr\",\"@id\":\"https:\/\/epochtimestr.com\/index.php\/hakan-ali-toker-konser-serisi#primaryimage\",\"url\":\"https:\/\/epochtimestr.com\/wp-content\/uploads\/2011y\/20250301_202335-scaled.jpg\",\"contentUrl\":\"https:\/\/epochtimestr.com\/wp-content\/uploads\/2011y\/20250301_202335-scaled.jpg\",\"width\":2560,\"height\":1920},{\"@type\":\"WebSite\",\"@id\":\"https:\/\/epochtimestr.com\/#website\",\"url\":\"https:\/\/epochtimestr.com\/\",\"name\":\"The Epoch Times TR\",\"description\":\"De\u011fi\u015fen D\u00fcnyam\u0131za Taze Bir Bak\u0131\u015f\",\"publisher\":{\"@id\":\"https:\/\/epochtimestr.com\/#organization\"},\"potentialAction\":[{\"@type\":\"SearchAction\",\"target\":{\"@type\":\"EntryPoint\",\"urlTemplate\":\"https:\/\/epochtimestr.com\/?s={search_term_string}\"},\"query-input\":\"required name=search_term_string\"}],\"inLanguage\":\"tr\"},{\"@type\":\"Organization\",\"@id\":\"https:\/\/epochtimestr.com\/#organization\",\"name\":\"The EpochTimes T\u00fcrkiye\",\"url\":\"https:\/\/epochtimestr.com\/\",\"logo\":{\"@type\":\"ImageObject\",\"inLanguage\":\"tr\",\"@id\":\"https:\/\/epochtimestr.com\/#\/schema\/logo\/image\/\",\"url\":\"https:\/\/epochtimestr.com\/wp-content\/uploads\/2011y\/ET-Logo-YG.jpg\",\"contentUrl\":\"https:\/\/epochtimestr.com\/wp-content\/uploads\/2011y\/ET-Logo-YG.jpg\",\"width\":346,\"height\":29,\"caption\":\"The EpochTimes T\u00fcrkiye\"},\"image\":{\"@id\":\"https:\/\/epochtimestr.com\/#\/schema\/logo\/image\/\"},\"sameAs\":[\"https:\/\/www.facebook.com\/theepochtimestr\",\"https:\/\/x.com\/TheEpochTimesTR\",\"https:\/\/www.instagram.com\/epochtimestr\"]},{\"@type\":\"Person\",\"@id\":\"https:\/\/epochtimestr.com\/#\/schema\/person\/615caffe8877b02d1eed3f4261d81fda\",\"name\":\"\u015eenda\u011f G\u00f6k\u00e7e\",\"image\":{\"@type\":\"ImageObject\",\"inLanguage\":\"tr\",\"@id\":\"https:\/\/epochtimestr.com\/#\/schema\/person\/image\/\",\"url\":\"https:\/\/secure.gravatar.com\/avatar\/e9705bc5cda90ce98053c0d95045fd31?s=96&d=mm&r=g\",\"contentUrl\":\"https:\/\/secure.gravatar.com\/avatar\/e9705bc5cda90ce98053c0d95045fd31?s=96&d=mm&r=g\",\"caption\":\"\u015eenda\u011f G\u00f6k\u00e7e\"},\"url\":\"https:\/\/epochtimestr.com\/index.php\/author\/gokce\"}]}<\/script>\n<!-- \/ Yoast SEO plugin. -->","yoast_head_json":{"title":"Hakan Ali Toker Konser Serisine Devam Ediyor - The Epoch Times TR","description":"Hakan Ali Toker ge\u00e7ti\u011fimiz g\u00fcnlerde Erenk\u00f6y'de \"A\u015fk \u0130\u00e7in M\u00fczik\" ba\u015fl\u0131kl\u0131 konser serisinde 5. konserini verdi.","robots":{"index":"index","follow":"follow","max-snippet":"max-snippet:-1","max-image-preview":"max-image-preview:large","max-video-preview":"max-video-preview:-1"},"canonical":"https:\/\/epochtimestr.com\/index.php\/hakan-ali-toker-konser-serisi","og_locale":"tr_TR","og_type":"article","og_title":"Hakan Ali Toker Konser Serisine Devam Ediyor - The Epoch Times TR","og_description":"Hakan Ali Toker ge\u00e7ti\u011fimiz g\u00fcnlerde Erenk\u00f6y'de \"A\u015fk \u0130\u00e7in M\u00fczik\" ba\u015fl\u0131kl\u0131 konser serisinde 5. konserini verdi.","og_url":"https:\/\/epochtimestr.com\/index.php\/hakan-ali-toker-konser-serisi","og_site_name":"The Epoch Times TR","article_publisher":"https:\/\/www.facebook.com\/theepochtimestr","article_published_time":"2025-03-05T14:17:49+00:00","article_modified_time":"2025-03-06T11:36:39+00:00","og_image":[{"width":2560,"height":1920,"url":"https:\/\/epochtimestr.com\/wp-content\/uploads\/2011y\/20250301_202335-scaled.jpg","type":"image\/jpeg"}],"author":"\u015eenda\u011f G\u00f6k\u00e7e","twitter_card":"summary_large_image","twitter_creator":"@TheEpochTimesTR","twitter_site":"@TheEpochTimesTR","twitter_misc":{"Yazan:":"\u015eenda\u011f G\u00f6k\u00e7e","Tahmini okuma s\u00fcresi":"3 dakika"},"schema":{"@context":"https:\/\/schema.org","@graph":[{"@type":"Article","@id":"https:\/\/epochtimestr.com\/index.php\/hakan-ali-toker-konser-serisi#article","isPartOf":{"@id":"https:\/\/epochtimestr.com\/index.php\/hakan-ali-toker-konser-serisi"},"author":{"name":"\u015eenda\u011f G\u00f6k\u00e7e","@id":"https:\/\/epochtimestr.com\/#\/schema\/person\/615caffe8877b02d1eed3f4261d81fda"},"headline":"Hakan Ali Toker Konser Serisine Devam Ediyor","datePublished":"2025-03-05T14:17:49+00:00","dateModified":"2025-03-06T11:36:39+00:00","mainEntityOfPage":{"@id":"https:\/\/epochtimestr.com\/index.php\/hakan-ali-toker-konser-serisi"},"wordCount":527,"publisher":{"@id":"https:\/\/epochtimestr.com\/#organization"},"image":{"@id":"https:\/\/epochtimestr.com\/index.php\/hakan-ali-toker-konser-serisi#primaryimage"},"thumbnailUrl":"https:\/\/epochtimestr.com\/wp-content\/uploads\/2011y\/20250301_202335-scaled.jpg","articleSection":["G\u00dcNDEM","MAN\u015eET","SANAT ve K\u00dcLT\u00dcR","T\u00dcRK\u0130YE"],"inLanguage":"tr"},{"@type":"WebPage","@id":"https:\/\/epochtimestr.com\/index.php\/hakan-ali-toker-konser-serisi","url":"https:\/\/epochtimestr.com\/index.php\/hakan-ali-toker-konser-serisi","name":"Hakan Ali Toker Konser Serisine Devam Ediyor - The Epoch Times TR","isPartOf":{"@id":"https:\/\/epochtimestr.com\/#website"},"primaryImageOfPage":{"@id":"https:\/\/epochtimestr.com\/index.php\/hakan-ali-toker-konser-serisi#primaryimage"},"image":{"@id":"https:\/\/epochtimestr.com\/index.php\/hakan-ali-toker-konser-serisi#primaryimage"},"thumbnailUrl":"https:\/\/epochtimestr.com\/wp-content\/uploads\/2011y\/20250301_202335-scaled.jpg","datePublished":"2025-03-05T14:17:49+00:00","dateModified":"2025-03-06T11:36:39+00:00","description":"Hakan Ali Toker ge\u00e7ti\u011fimiz g\u00fcnlerde Erenk\u00f6y'de \"A\u015fk \u0130\u00e7in M\u00fczik\" ba\u015fl\u0131kl\u0131 konser serisinde 5. konserini verdi.","inLanguage":"tr","potentialAction":[{"@type":"ReadAction","target":["https:\/\/epochtimestr.com\/index.php\/hakan-ali-toker-konser-serisi"]}]},{"@type":"ImageObject","inLanguage":"tr","@id":"https:\/\/epochtimestr.com\/index.php\/hakan-ali-toker-konser-serisi#primaryimage","url":"https:\/\/epochtimestr.com\/wp-content\/uploads\/2011y\/20250301_202335-scaled.jpg","contentUrl":"https:\/\/epochtimestr.com\/wp-content\/uploads\/2011y\/20250301_202335-scaled.jpg","width":2560,"height":1920},{"@type":"WebSite","@id":"https:\/\/epochtimestr.com\/#website","url":"https:\/\/epochtimestr.com\/","name":"The Epoch Times TR","description":"De\u011fi\u015fen D\u00fcnyam\u0131za Taze Bir Bak\u0131\u015f","publisher":{"@id":"https:\/\/epochtimestr.com\/#organization"},"potentialAction":[{"@type":"SearchAction","target":{"@type":"EntryPoint","urlTemplate":"https:\/\/epochtimestr.com\/?s={search_term_string}"},"query-input":"required name=search_term_string"}],"inLanguage":"tr"},{"@type":"Organization","@id":"https:\/\/epochtimestr.com\/#organization","name":"The EpochTimes T\u00fcrkiye","url":"https:\/\/epochtimestr.com\/","logo":{"@type":"ImageObject","inLanguage":"tr","@id":"https:\/\/epochtimestr.com\/#\/schema\/logo\/image\/","url":"https:\/\/epochtimestr.com\/wp-content\/uploads\/2011y\/ET-Logo-YG.jpg","contentUrl":"https:\/\/epochtimestr.com\/wp-content\/uploads\/2011y\/ET-Logo-YG.jpg","width":346,"height":29,"caption":"The EpochTimes T\u00fcrkiye"},"image":{"@id":"https:\/\/epochtimestr.com\/#\/schema\/logo\/image\/"},"sameAs":["https:\/\/www.facebook.com\/theepochtimestr","https:\/\/x.com\/TheEpochTimesTR","https:\/\/www.instagram.com\/epochtimestr"]},{"@type":"Person","@id":"https:\/\/epochtimestr.com\/#\/schema\/person\/615caffe8877b02d1eed3f4261d81fda","name":"\u015eenda\u011f G\u00f6k\u00e7e","image":{"@type":"ImageObject","inLanguage":"tr","@id":"https:\/\/epochtimestr.com\/#\/schema\/person\/image\/","url":"https:\/\/secure.gravatar.com\/avatar\/e9705bc5cda90ce98053c0d95045fd31?s=96&d=mm&r=g","contentUrl":"https:\/\/secure.gravatar.com\/avatar\/e9705bc5cda90ce98053c0d95045fd31?s=96&d=mm&r=g","caption":"\u015eenda\u011f G\u00f6k\u00e7e"},"url":"https:\/\/epochtimestr.com\/index.php\/author\/gokce"}]}},"_links":{"self":[{"href":"https:\/\/epochtimestr.com\/index.php\/wp-json\/wp\/v2\/posts\/156689"}],"collection":[{"href":"https:\/\/epochtimestr.com\/index.php\/wp-json\/wp\/v2\/posts"}],"about":[{"href":"https:\/\/epochtimestr.com\/index.php\/wp-json\/wp\/v2\/types\/post"}],"author":[{"embeddable":true,"href":"https:\/\/epochtimestr.com\/index.php\/wp-json\/wp\/v2\/users\/13978"}],"replies":[{"embeddable":true,"href":"https:\/\/epochtimestr.com\/index.php\/wp-json\/wp\/v2\/comments?post=156689"}],"version-history":[{"count":3,"href":"https:\/\/epochtimestr.com\/index.php\/wp-json\/wp\/v2\/posts\/156689\/revisions"}],"predecessor-version":[{"id":156700,"href":"https:\/\/epochtimestr.com\/index.php\/wp-json\/wp\/v2\/posts\/156689\/revisions\/156700"}],"wp:featuredmedia":[{"embeddable":true,"href":"https:\/\/epochtimestr.com\/index.php\/wp-json\/wp\/v2\/media\/156693"}],"wp:attachment":[{"href":"https:\/\/epochtimestr.com\/index.php\/wp-json\/wp\/v2\/media?parent=156689"}],"wp:term":[{"taxonomy":"category","embeddable":true,"href":"https:\/\/epochtimestr.com\/index.php\/wp-json\/wp\/v2\/categories?post=156689"},{"taxonomy":"post_tag","embeddable":true,"href":"https:\/\/epochtimestr.com\/index.php\/wp-json\/wp\/v2\/tags?post=156689"}],"curies":[{"name":"wp","href":"https:\/\/api.w.org\/{rel}","templated":true}]}}