{"id":156851,"date":"2025-03-19T08:25:56","date_gmt":"2025-03-19T05:25:56","guid":{"rendered":"https:\/\/epochtimestr.com\/?p=156851"},"modified":"2025-03-19T08:30:23","modified_gmt":"2025-03-19T05:30:23","slug":"imamoglu-tutuklandi","status":"publish","type":"post","link":"https:\/\/epochtimestr.com\/index.php\/imamoglu-tutuklandi","title":{"rendered":"\u0130mamo\u011flu Tutukland\u0131"},"content":{"rendered":"\n<figure class=\"wp-block-image size-full\"><img loading=\"lazy\" decoding=\"async\" width=\"1280\" height=\"720\" src=\"https:\/\/epochtimestr.com\/wp-content\/uploads\/2011y\/ekrem.webp\" alt=\"\" class=\"wp-image-156836\" srcset=\"https:\/\/epochtimestr.com\/wp-content\/uploads\/2011y\/ekrem.webp 1280w, https:\/\/epochtimestr.com\/wp-content\/uploads\/2011y\/ekrem-300x169.webp 300w, https:\/\/epochtimestr.com\/wp-content\/uploads\/2011y\/ekrem-150x84.webp 150w, https:\/\/epochtimestr.com\/wp-content\/uploads\/2011y\/ekrem-768x432.webp 768w\" sizes=\"(max-width: 1280px) 100vw, 1280px\" \/><\/figure>\n\n\n\n<p>T\u00fcrkiye Belediye Birli\u011fi Ba\u015fkan\u0131 ve \u0130stanbul lBuyuk\u015fehir Belediye Ba\u015fkan\u0131 Ekrem \u0130mamo\u011flu sabah saatlerinde &#8220;su\u00e7 \u00f6rg\u00fct\u00fc lideri&#8221; su\u00e7lamas\u0131 ile evinde tutukland\u0131. Y\u00fczlerce polis e\u015fli\u011finde tutuklanan \u0130mamo\u011flu g\u00f6z alt\u0131na al\u0131n\u0131rken yapt\u0131\u011f\u0131 a\u00e7\u0131klamada,\u201cKendimi millete emanet ediyorum. Eve bask\u0131nla polis geliyor, kap\u0131ya polis \u00e7al\u0131yor. Kendime 16 milyon de\u011fil, 86 milyon ve b\u00fct\u00fcn d\u00fcnyadaki bu zulm\u00fc yapan insanlara kar\u015f\u0131 dirence emanet ediyorum. Milletime g\u00fcveniyorum.\u201d dedi.<\/p>\n\n\n\n<p>\u0130mamoglu ia\u00e7iklamas\u0131n\u0131n devam\u0131nda \u015fu ifadelere yer verdi, \u201cBu ahlaks\u0131zl\u0131\u011f\u0131, bu ceberut tutum ve tavr\u0131 milletimizin iradesi, milletimizin direnci elbette geri \u00e7evirecektir. Bu \u00fclkenin \u00e7ocuklar\u0131na, kad\u0131nlar\u0131na, b\u00fct\u00fcn insanlar\u0131na en g\u00fczel duygular\u0131m\u0131 iletiyorum. Kimse endi\u015fe duymas\u0131n. Hepinizi kucakl\u0131yorum. Milletimi \u00e7ok seviyorum. Unutulmas\u0131n ki egemenlik kay\u0131ts\u0131z, \u015farts\u0131z milletindir. Y\u0131lmayaca\u011f\u0131m\u0131, dik duraca\u011f\u0131m\u0131, m\u00fccadeleye devam edece\u011fimi b\u00fct\u00fcn milletimin bilmesini istiyorum.\u201d<\/p>\n\n\n\n<p>&#8220;<\/p>\n","protected":false},"excerpt":{"rendered":"<p>T\u00fcrkiye Belediye Birli\u011fi Ba\u015fkan\u0131 ve \u0130stanbul lBuyuk\u015fehir Belediye Ba\u015fkan\u0131 Ekrem \u0130mamo\u011flu sabah saatlerinde &#8220;su\u00e7 \u00f6rg\u00fct\u00fc lideri&#8221; su\u00e7lamas\u0131 ile evinde tutukland\u0131. Y\u00fczlerce polis e\u015fli\u011finde tutuklanan \u0130mamo\u011flu g\u00f6z alt\u0131na al\u0131n\u0131rken yapt\u0131\u011f\u0131 a\u00e7\u0131klamada,\u201cKendimi millete emanet ediyorum. Eve bask\u0131nla polis geliyor, kap\u0131ya polis \u00e7al\u0131yor. Kendime 16 milyon de\u011fil, 86 milyon ve b\u00fct\u00fcn d\u00fcnyadaki bu zulm\u00fc yapan insanlara kar\u015f\u0131 dirence [&hellip;]<\/p>\n","protected":false},"author":22,"featured_media":156411,"comment_status":"closed","ping_status":"open","sticky":false,"template":"","format":"standard","meta":{"_yoast_wpseo_focuskw":"\u0130mamo\u011flu tutukland\u0131","_yoast_wpseo_title":"","_yoast_wpseo_metadesc":"","_bbp_topic_count":0,"_bbp_reply_count":0,"_bbp_total_topic_count":0,"_bbp_total_reply_count":0,"_bbp_voice_count":0,"_bbp_anonymous_reply_count":0,"_bbp_topic_count_hidden":0,"_bbp_reply_count_hidden":0,"_bbp_forum_subforum_count":0,"footnotes":"","_yoast_wpseo_focuskw_text_input":""},"categories":[1,8138,8226,60],"tags":[],"yoast_head":"<!-- This site is optimized with the Yoast SEO plugin v23.0 - https:\/\/yoast.com\/wordpress\/plugins\/seo\/ -->\n<title>\u0130mamo\u011flu Tutukland\u0131 - The Epoch Times TR<\/title>\n<meta name=\"robots\" content=\"index, follow, max-snippet:-1, max-image-preview:large, max-video-preview:-1\" \/>\n<link rel=\"canonical\" href=\"https:\/\/epochtimestr.com\/index.php\/imamoglu-tutuklandi\" \/>\n<meta property=\"og:locale\" content=\"tr_TR\" \/>\n<meta property=\"og:type\" content=\"article\" \/>\n<meta property=\"og:title\" content=\"\u0130mamo\u011flu Tutukland\u0131 - The Epoch Times TR\" \/>\n<meta property=\"og:description\" content=\"T\u00fcrkiye Belediye Birli\u011fi Ba\u015fkan\u0131 ve \u0130stanbul lBuyuk\u015fehir Belediye Ba\u015fkan\u0131 Ekrem \u0130mamo\u011flu sabah saatlerinde &#8220;su\u00e7 \u00f6rg\u00fct\u00fc lideri&#8221; su\u00e7lamas\u0131 ile evinde tutukland\u0131. Y\u00fczlerce polis e\u015fli\u011finde tutuklanan \u0130mamo\u011flu g\u00f6z alt\u0131na al\u0131n\u0131rken yapt\u0131\u011f\u0131 a\u00e7\u0131klamada,\u201cKendimi millete emanet ediyorum. Eve bask\u0131nla polis geliyor, kap\u0131ya polis \u00e7al\u0131yor. Kendime 16 milyon de\u011fil, 86 milyon ve b\u00fct\u00fcn d\u00fcnyadaki bu zulm\u00fc yapan insanlara kar\u015f\u0131 dirence [&hellip;]\" \/>\n<meta property=\"og:url\" content=\"https:\/\/epochtimestr.com\/index.php\/imamoglu-tutuklandi\" \/>\n<meta property=\"og:site_name\" content=\"The Epoch Times TR\" \/>\n<meta property=\"article:publisher\" content=\"https:\/\/www.facebook.com\/theepochtimestr\" \/>\n<meta property=\"article:published_time\" content=\"2025-03-19T05:25:56+00:00\" \/>\n<meta property=\"article:modified_time\" content=\"2025-03-19T05:30:23+00:00\" \/>\n<meta property=\"og:image\" content=\"https:\/\/epochtimestr.com\/wp-content\/uploads\/2011y\/imamoglu-19.jpg\" \/>\n\t<meta property=\"og:image:width\" content=\"641\" \/>\n\t<meta property=\"og:image:height\" content=\"380\" \/>\n\t<meta property=\"og:image:type\" content=\"image\/jpeg\" \/>\n<meta name=\"author\" content=\"G.Hakan Ko\u00e7man\" \/>\n<meta name=\"twitter:card\" content=\"summary_large_image\" \/>\n<meta name=\"twitter:creator\" content=\"@TheEpochTimesTR\" \/>\n<meta name=\"twitter:site\" content=\"@TheEpochTimesTR\" \/>\n<meta name=\"twitter:label1\" content=\"Yazan:\" \/>\n\t<meta name=\"twitter:data1\" content=\"G.Hakan Ko\u00e7man\" \/>\n\t<meta name=\"twitter:label2\" content=\"Tahmini okuma s\u00fcresi\" \/>\n\t<meta name=\"twitter:data2\" content=\"2 dakika\" \/>\n<script type=\"application\/ld+json\" class=\"yoast-schema-graph\">{\"@context\":\"https:\/\/schema.org\",\"@graph\":[{\"@type\":\"Article\",\"@id\":\"https:\/\/epochtimestr.com\/index.php\/imamoglu-tutuklandi#article\",\"isPartOf\":{\"@id\":\"https:\/\/epochtimestr.com\/index.php\/imamoglu-tutuklandi\"},\"author\":{\"name\":\"G.Hakan Ko\u00e7man\",\"@id\":\"https:\/\/epochtimestr.com\/#\/schema\/person\/b5509977c9a6cd729a3e74d9743d035b\"},\"headline\":\"\u0130mamo\u011flu Tutukland\u0131\",\"datePublished\":\"2025-03-19T05:25:56+00:00\",\"dateModified\":\"2025-03-19T05:30:23+00:00\",\"mainEntityOfPage\":{\"@id\":\"https:\/\/epochtimestr.com\/index.php\/imamoglu-tutuklandi\"},\"wordCount\":169,\"publisher\":{\"@id\":\"https:\/\/epochtimestr.com\/#organization\"},\"image\":{\"@id\":\"https:\/\/epochtimestr.com\/index.php\/imamoglu-tutuklandi#primaryimage\"},\"thumbnailUrl\":\"https:\/\/epochtimestr.com\/wp-content\/uploads\/2011y\/imamoglu-19.jpg\",\"articleSection\":[\"G\u00dcNDEM\",\"MAN\u015eET\",\"Siyaset\",\"Taslak'da b\u0131rak\"],\"inLanguage\":\"tr\"},{\"@type\":\"WebPage\",\"@id\":\"https:\/\/epochtimestr.com\/index.php\/imamoglu-tutuklandi\",\"url\":\"https:\/\/epochtimestr.com\/index.php\/imamoglu-tutuklandi\",\"name\":\"\u0130mamo\u011flu Tutukland\u0131 - The Epoch Times TR\",\"isPartOf\":{\"@id\":\"https:\/\/epochtimestr.com\/#website\"},\"primaryImageOfPage\":{\"@id\":\"https:\/\/epochtimestr.com\/index.php\/imamoglu-tutuklandi#primaryimage\"},\"image\":{\"@id\":\"https:\/\/epochtimestr.com\/index.php\/imamoglu-tutuklandi#primaryimage\"},\"thumbnailUrl\":\"https:\/\/epochtimestr.com\/wp-content\/uploads\/2011y\/imamoglu-19.jpg\",\"datePublished\":\"2025-03-19T05:25:56+00:00\",\"dateModified\":\"2025-03-19T05:30:23+00:00\",\"inLanguage\":\"tr\",\"potentialAction\":[{\"@type\":\"ReadAction\",\"target\":[\"https:\/\/epochtimestr.com\/index.php\/imamoglu-tutuklandi\"]}]},{\"@type\":\"ImageObject\",\"inLanguage\":\"tr\",\"@id\":\"https:\/\/epochtimestr.com\/index.php\/imamoglu-tutuklandi#primaryimage\",\"url\":\"https:\/\/epochtimestr.com\/wp-content\/uploads\/2011y\/imamoglu-19.jpg\",\"contentUrl\":\"https:\/\/epochtimestr.com\/wp-content\/uploads\/2011y\/imamoglu-19.jpg\",\"width\":641,\"height\":380},{\"@type\":\"WebSite\",\"@id\":\"https:\/\/epochtimestr.com\/#website\",\"url\":\"https:\/\/epochtimestr.com\/\",\"name\":\"The Epoch Times TR\",\"description\":\"De\u011fi\u015fen D\u00fcnyam\u0131za Taze Bir Bak\u0131\u015f\",\"publisher\":{\"@id\":\"https:\/\/epochtimestr.com\/#organization\"},\"potentialAction\":[{\"@type\":\"SearchAction\",\"target\":{\"@type\":\"EntryPoint\",\"urlTemplate\":\"https:\/\/epochtimestr.com\/?s={search_term_string}\"},\"query-input\":\"required name=search_term_string\"}],\"inLanguage\":\"tr\"},{\"@type\":\"Organization\",\"@id\":\"https:\/\/epochtimestr.com\/#organization\",\"name\":\"The EpochTimes T\u00fcrkiye\",\"url\":\"https:\/\/epochtimestr.com\/\",\"logo\":{\"@type\":\"ImageObject\",\"inLanguage\":\"tr\",\"@id\":\"https:\/\/epochtimestr.com\/#\/schema\/logo\/image\/\",\"url\":\"https:\/\/epochtimestr.com\/wp-content\/uploads\/2011y\/ET-Logo-YG.jpg\",\"contentUrl\":\"https:\/\/epochtimestr.com\/wp-content\/uploads\/2011y\/ET-Logo-YG.jpg\",\"width\":346,\"height\":29,\"caption\":\"The EpochTimes T\u00fcrkiye\"},\"image\":{\"@id\":\"https:\/\/epochtimestr.com\/#\/schema\/logo\/image\/\"},\"sameAs\":[\"https:\/\/www.facebook.com\/theepochtimestr\",\"https:\/\/x.com\/TheEpochTimesTR\",\"https:\/\/www.instagram.com\/epochtimestr\"]},{\"@type\":\"Person\",\"@id\":\"https:\/\/epochtimestr.com\/#\/schema\/person\/b5509977c9a6cd729a3e74d9743d035b\",\"name\":\"G.Hakan Ko\u00e7man\",\"image\":{\"@type\":\"ImageObject\",\"inLanguage\":\"tr\",\"@id\":\"https:\/\/epochtimestr.com\/#\/schema\/person\/image\/\",\"url\":\"https:\/\/secure.gravatar.com\/avatar\/e4eafee1ab5d1f4015c3930376b22ca8?s=96&d=mm&r=g\",\"contentUrl\":\"https:\/\/secure.gravatar.com\/avatar\/e4eafee1ab5d1f4015c3930376b22ca8?s=96&d=mm&r=g\",\"caption\":\"G.Hakan Ko\u00e7man\"},\"url\":\"https:\/\/epochtimestr.com\/index.php\/author\/hakan\"}]}<\/script>\n<!-- \/ Yoast SEO plugin. -->","yoast_head_json":{"title":"\u0130mamo\u011flu Tutukland\u0131 - The Epoch Times TR","robots":{"index":"index","follow":"follow","max-snippet":"max-snippet:-1","max-image-preview":"max-image-preview:large","max-video-preview":"max-video-preview:-1"},"canonical":"https:\/\/epochtimestr.com\/index.php\/imamoglu-tutuklandi","og_locale":"tr_TR","og_type":"article","og_title":"\u0130mamo\u011flu Tutukland\u0131 - The Epoch Times TR","og_description":"T\u00fcrkiye Belediye Birli\u011fi Ba\u015fkan\u0131 ve \u0130stanbul lBuyuk\u015fehir Belediye Ba\u015fkan\u0131 Ekrem \u0130mamo\u011flu sabah saatlerinde &#8220;su\u00e7 \u00f6rg\u00fct\u00fc lideri&#8221; su\u00e7lamas\u0131 ile evinde tutukland\u0131. Y\u00fczlerce polis e\u015fli\u011finde tutuklanan \u0130mamo\u011flu g\u00f6z alt\u0131na al\u0131n\u0131rken yapt\u0131\u011f\u0131 a\u00e7\u0131klamada,\u201cKendimi millete emanet ediyorum. Eve bask\u0131nla polis geliyor, kap\u0131ya polis \u00e7al\u0131yor. Kendime 16 milyon de\u011fil, 86 milyon ve b\u00fct\u00fcn d\u00fcnyadaki bu zulm\u00fc yapan insanlara kar\u015f\u0131 dirence [&hellip;]","og_url":"https:\/\/epochtimestr.com\/index.php\/imamoglu-tutuklandi","og_site_name":"The Epoch Times TR","article_publisher":"https:\/\/www.facebook.com\/theepochtimestr","article_published_time":"2025-03-19T05:25:56+00:00","article_modified_time":"2025-03-19T05:30:23+00:00","og_image":[{"width":641,"height":380,"url":"https:\/\/epochtimestr.com\/wp-content\/uploads\/2011y\/imamoglu-19.jpg","type":"image\/jpeg"}],"author":"G.Hakan Ko\u00e7man","twitter_card":"summary_large_image","twitter_creator":"@TheEpochTimesTR","twitter_site":"@TheEpochTimesTR","twitter_misc":{"Yazan:":"G.Hakan Ko\u00e7man","Tahmini okuma s\u00fcresi":"2 dakika"},"schema":{"@context":"https:\/\/schema.org","@graph":[{"@type":"Article","@id":"https:\/\/epochtimestr.com\/index.php\/imamoglu-tutuklandi#article","isPartOf":{"@id":"https:\/\/epochtimestr.com\/index.php\/imamoglu-tutuklandi"},"author":{"name":"G.Hakan Ko\u00e7man","@id":"https:\/\/epochtimestr.com\/#\/schema\/person\/b5509977c9a6cd729a3e74d9743d035b"},"headline":"\u0130mamo\u011flu Tutukland\u0131","datePublished":"2025-03-19T05:25:56+00:00","dateModified":"2025-03-19T05:30:23+00:00","mainEntityOfPage":{"@id":"https:\/\/epochtimestr.com\/index.php\/imamoglu-tutuklandi"},"wordCount":169,"publisher":{"@id":"https:\/\/epochtimestr.com\/#organization"},"image":{"@id":"https:\/\/epochtimestr.com\/index.php\/imamoglu-tutuklandi#primaryimage"},"thumbnailUrl":"https:\/\/epochtimestr.com\/wp-content\/uploads\/2011y\/imamoglu-19.jpg","articleSection":["G\u00dcNDEM","MAN\u015eET","Siyaset","Taslak'da b\u0131rak"],"inLanguage":"tr"},{"@type":"WebPage","@id":"https:\/\/epochtimestr.com\/index.php\/imamoglu-tutuklandi","url":"https:\/\/epochtimestr.com\/index.php\/imamoglu-tutuklandi","name":"\u0130mamo\u011flu Tutukland\u0131 - The Epoch Times TR","isPartOf":{"@id":"https:\/\/epochtimestr.com\/#website"},"primaryImageOfPage":{"@id":"https:\/\/epochtimestr.com\/index.php\/imamoglu-tutuklandi#primaryimage"},"image":{"@id":"https:\/\/epochtimestr.com\/index.php\/imamoglu-tutuklandi#primaryimage"},"thumbnailUrl":"https:\/\/epochtimestr.com\/wp-content\/uploads\/2011y\/imamoglu-19.jpg","datePublished":"2025-03-19T05:25:56+00:00","dateModified":"2025-03-19T05:30:23+00:00","inLanguage":"tr","potentialAction":[{"@type":"ReadAction","target":["https:\/\/epochtimestr.com\/index.php\/imamoglu-tutuklandi"]}]},{"@type":"ImageObject","inLanguage":"tr","@id":"https:\/\/epochtimestr.com\/index.php\/imamoglu-tutuklandi#primaryimage","url":"https:\/\/epochtimestr.com\/wp-content\/uploads\/2011y\/imamoglu-19.jpg","contentUrl":"https:\/\/epochtimestr.com\/wp-content\/uploads\/2011y\/imamoglu-19.jpg","width":641,"height":380},{"@type":"WebSite","@id":"https:\/\/epochtimestr.com\/#website","url":"https:\/\/epochtimestr.com\/","name":"The Epoch Times TR","description":"De\u011fi\u015fen D\u00fcnyam\u0131za Taze Bir Bak\u0131\u015f","publisher":{"@id":"https:\/\/epochtimestr.com\/#organization"},"potentialAction":[{"@type":"SearchAction","target":{"@type":"EntryPoint","urlTemplate":"https:\/\/epochtimestr.com\/?s={search_term_string}"},"query-input":"required name=search_term_string"}],"inLanguage":"tr"},{"@type":"Organization","@id":"https:\/\/epochtimestr.com\/#organization","name":"The EpochTimes T\u00fcrkiye","url":"https:\/\/epochtimestr.com\/","logo":{"@type":"ImageObject","inLanguage":"tr","@id":"https:\/\/epochtimestr.com\/#\/schema\/logo\/image\/","url":"https:\/\/epochtimestr.com\/wp-content\/uploads\/2011y\/ET-Logo-YG.jpg","contentUrl":"https:\/\/epochtimestr.com\/wp-content\/uploads\/2011y\/ET-Logo-YG.jpg","width":346,"height":29,"caption":"The EpochTimes T\u00fcrkiye"},"image":{"@id":"https:\/\/epochtimestr.com\/#\/schema\/logo\/image\/"},"sameAs":["https:\/\/www.facebook.com\/theepochtimestr","https:\/\/x.com\/TheEpochTimesTR","https:\/\/www.instagram.com\/epochtimestr"]},{"@type":"Person","@id":"https:\/\/epochtimestr.com\/#\/schema\/person\/b5509977c9a6cd729a3e74d9743d035b","name":"G.Hakan Ko\u00e7man","image":{"@type":"ImageObject","inLanguage":"tr","@id":"https:\/\/epochtimestr.com\/#\/schema\/person\/image\/","url":"https:\/\/secure.gravatar.com\/avatar\/e4eafee1ab5d1f4015c3930376b22ca8?s=96&d=mm&r=g","contentUrl":"https:\/\/secure.gravatar.com\/avatar\/e4eafee1ab5d1f4015c3930376b22ca8?s=96&d=mm&r=g","caption":"G.Hakan Ko\u00e7man"},"url":"https:\/\/epochtimestr.com\/index.php\/author\/hakan"}]}},"_links":{"self":[{"href":"https:\/\/epochtimestr.com\/index.php\/wp-json\/wp\/v2\/posts\/156851"}],"collection":[{"href":"https:\/\/epochtimestr.com\/index.php\/wp-json\/wp\/v2\/posts"}],"about":[{"href":"https:\/\/epochtimestr.com\/index.php\/wp-json\/wp\/v2\/types\/post"}],"author":[{"embeddable":true,"href":"https:\/\/epochtimestr.com\/index.php\/wp-json\/wp\/v2\/users\/22"}],"replies":[{"embeddable":true,"href":"https:\/\/epochtimestr.com\/index.php\/wp-json\/wp\/v2\/comments?post=156851"}],"version-history":[{"count":4,"href":"https:\/\/epochtimestr.com\/index.php\/wp-json\/wp\/v2\/posts\/156851\/revisions"}],"predecessor-version":[{"id":156855,"href":"https:\/\/epochtimestr.com\/index.php\/wp-json\/wp\/v2\/posts\/156851\/revisions\/156855"}],"wp:featuredmedia":[{"embeddable":true,"href":"https:\/\/epochtimestr.com\/index.php\/wp-json\/wp\/v2\/media\/156411"}],"wp:attachment":[{"href":"https:\/\/epochtimestr.com\/index.php\/wp-json\/wp\/v2\/media?parent=156851"}],"wp:term":[{"taxonomy":"category","embeddable":true,"href":"https:\/\/epochtimestr.com\/index.php\/wp-json\/wp\/v2\/categories?post=156851"},{"taxonomy":"post_tag","embeddable":true,"href":"https:\/\/epochtimestr.com\/index.php\/wp-json\/wp\/v2\/tags?post=156851"}],"curies":[{"name":"wp","href":"https:\/\/api.w.org\/{rel}","templated":true}]}}