{"id":157247,"date":"2025-03-27T16:46:02","date_gmt":"2025-03-27T13:46:02","guid":{"rendered":"https:\/\/epochtimestr.com\/?p=157247"},"modified":"2025-03-27T20:19:20","modified_gmt":"2025-03-27T17:19:20","slug":"egitim-sen-uyesi-akademisyen-levent-dolek-tutuklandi","status":"publish","type":"post","link":"https:\/\/epochtimestr.com\/index.php\/egitim-sen-uyesi-akademisyen-levent-dolek-tutuklandi","title":{"rendered":"E\u011fitim Sen \u00dcyesi  Akademisyen Levent D\u00f6lek Tutukland\u0131"},"content":{"rendered":"\n<h2 class=\"wp-block-heading\">\u0130stanbul \u00dcniversitesi&#8217;nde g\u00f6revli akademisyen Levent D\u00f6lek tutukland\u0131.<\/h2>\n\n\n<div class=\"wp-block-image\">\n<figure class=\"aligncenter size-full is-resized\"><img loading=\"lazy\" decoding=\"async\" width=\"702\" height=\"360\" src=\"https:\/\/epochtimestr.com\/wp-content\/uploads\/2011y\/dolek.jpg\" alt=\"E\u011fitim Sen \u00fcyesi akademisyen Levent D\u00f6lek \" class=\"wp-image-157248\" style=\"width:702px;height:auto\" srcset=\"https:\/\/epochtimestr.com\/wp-content\/uploads\/2011y\/dolek.jpg 702w, https:\/\/epochtimestr.com\/wp-content\/uploads\/2011y\/dolek-300x154.jpg 300w, https:\/\/epochtimestr.com\/wp-content\/uploads\/2011y\/dolek-150x77.jpg 150w\" sizes=\"(max-width: 702px) 100vw, 702px\" \/><figcaption class=\"wp-element-caption\">                            E\u011fitim Sen \u00fcyesi akademisyen Levent D\u00f6lek                                             <\/figcaption><\/figure><\/div>\n\n\n<p><a href=\"https:\/\/epochtimestr.com\/index.php\/36557\" target=\"_blank\" rel=\"noreferrer noopener\">E\u011fitim Sen<\/a> \u00fcyesi akademisyen Levent D\u00f6lek, \u0130BB\u00a0Ba\u015fkan\u0131\u00a0<a href=\"https:\/\/epochtimestr.com\/index.php\/ozel-ekrem-imamoglu-girdigi-her-secimde-erdogani-yendi\" target=\"_blank\" rel=\"noreferrer noopener\">Ekrem \u0130mamo\u011flu<\/a>&#8216;nun tutuklanmas\u0131na kar\u015f\u0131 yap\u0131lan eylemlere kat\u0131lmas\u0131n\u0131n ard\u0131ndan g\u00f6zalt\u0131na al\u0131nd\u0131. \u0130stanbul \u00dcniversitesi&#8217;nde g\u00f6revli D\u00f6lek, 26 Mart&#8217;ta savc\u0131l\u0131k ifadesi al\u0131nmadan, \u00e7\u0131kar\u0131ld\u0131\u011f\u0131 mahkemece tutukland\u0131.<\/p>\n\n\n\n<p>D\u00f6lek, bug\u00fcn (27 Mart) sosyal medya hesab\u0131ndan yapt\u0131\u011f\u0131 payla\u015f\u0131mda \u015fu ifadelere yer vermi\u015fti:<\/p>\n\n\n\n<p>&#8220;Bu sabah savc\u0131l\u0131k taraf\u0131ndan ifadem al\u0131nmadan tutuklama talebiyle mahkemeye sevk edilmi\u015f bulunuyorum. Mahkeme salonun \u00f6n\u00fcnden t\u00fcm h\u00fcrriyet sevdal\u0131lar\u0131na selam olsun! Bu uygulama hukukun en temel team\u00fcllerinin ve kurallar\u0131n\u0131n ayaklar alt\u0131na al\u0131nmas\u0131d\u0131r. \u0130stibdada kar\u015f\u0131 i\u015f, a\u015f, h\u00fcrriyet i\u00e7in m\u00fccadele etti\u011fimiz i\u00e7in bu bask\u0131ya maruz kal\u0131yorsak, bundan da ancak m\u00fccadele ederek \u00e7\u0131kabilece\u011fimizi biliyorum. Ve bu g\u00fcne kadar meydanlarda, grevlerde, direni\u015f alanlar\u0131nda ne s\u00f6ylediysek mahkeme salonunda da s\u00f6z\u00fcm\u00fcz ayn\u0131 olacak: Kahrolsun istibdad, ya\u015fas\u0131n h\u00fcrriyet! Memlekete h\u00fcrriyet i\u015f\u00e7ilerle gelecek!&#8221;<\/p>\n\n\n\n<figure class=\"wp-block-embed is-type-rich is-provider-twitter wp-block-embed-twitter\"><div class=\"wp-block-embed__wrapper\">\n<blockquote class=\"twitter-tweet\" data-width=\"550\" data-dnt=\"true\"><p lang=\"tr\" dir=\"ltr\">Bu sabah savc\u0131l\u0131k taraf\u0131ndan ifadem al\u0131nmadan tutuklama talebiyle mahkemeye sevk edilmi\u015f bulunuyorum. Mahkeme salonun \u00f6n\u00fcnden t\u00fcm h\u00fcrriyet sevdal\u0131lar\u0131na selam olsun! <br><br>Bu uygulama hukukun en temel teamm\u00fcllerinin ve kurallar\u0131n\u0131n ayaklar alt\u0131na al\u0131nmas\u0131d\u0131r. <br><br>\u0130stibdada kar\u015f\u0131 i\u015f,\u2026 <a href=\"https:\/\/t.co\/KKJp3TWBRT\">pic.twitter.com\/KKJp3TWBRT<\/a><\/p>&mdash; Levent D\u00f6lek (@LeventDolek) <a href=\"https:\/\/twitter.com\/LeventDolek\/status\/1905175835532747187?ref_src=twsrc%5Etfw\">March 27, 2025<\/a><\/blockquote><script async src=\"https:\/\/platform.twitter.com\/widgets.js\" charset=\"utf-8\"><\/script>\n<\/div><\/figure>\n\n\n\n<p>\u00dcniversitelerde \u00f6\u011frencilerin ba\u015flatt\u0131\u011f\u0131 boykot ve protestolar s\u00fcrerken, E\u011fitim Sen bu s\u00fcrece destek amac\u0131yla bir g\u00fcnl\u00fck i\u015f b\u0131rakma karar\u0131 alm\u0131\u015ft\u0131.<\/p>\n\n\n\n<p>E\u011fitim Sen \u0130stanbul 6 No\u2019lu \u00dcniversiteler \u015eubesi\u2019nden yap\u0131lan a\u00e7\u0131klamada, \u201cSendikalar\u0131n\u0131n ald\u0131\u011f\u0131 karar do\u011frultusunda \u00f6\u011frencilerle dayan\u0131\u015fmak i\u00e7in bir g\u00fcnl\u00fck i\u015f b\u0131rakma karar\u0131 sonras\u0131 \u0130stanbul \u00dcniversitesi \u0130\u015fyeri Temsilcimiz Levent D\u00f6lek \u015fafak operasyonuyla polisler taraf\u0131ndan g\u00f6zalt\u0131na al\u0131nm\u0131\u015ft\u0131r. Sendikal faaliyet su\u00e7 de\u011fildir. Arkada\u015f\u0131m\u0131z\u0131 derhal serbest b\u0131rak\u0131n!\u201d \u00e7a\u011fr\u0131s\u0131 yap\u0131lm\u0131\u015ft\u0131.<\/p>\n\n\n\n<p><\/p>\n","protected":false},"excerpt":{"rendered":"<p>\u0130stanbul \u00dcniversitesi&#8217;nde g\u00f6revli akademisyen Levent D\u00f6lek tutukland\u0131. E\u011fitim Sen \u00fcyesi akademisyen Levent D\u00f6lek, \u0130BB\u00a0Ba\u015fkan\u0131\u00a0Ekrem \u0130mamo\u011flu&#8216;nun tutuklanmas\u0131na kar\u015f\u0131 yap\u0131lan eylemlere kat\u0131lmas\u0131n\u0131n ard\u0131ndan g\u00f6zalt\u0131na al\u0131nd\u0131. \u0130stanbul \u00dcniversitesi&#8217;nde g\u00f6revli D\u00f6lek, 26 Mart&#8217;ta savc\u0131l\u0131k ifadesi al\u0131nmadan, \u00e7\u0131kar\u0131ld\u0131\u011f\u0131 mahkemece tutukland\u0131. D\u00f6lek, bug\u00fcn (27 Mart) sosyal medya hesab\u0131ndan yapt\u0131\u011f\u0131 payla\u015f\u0131mda \u015fu ifadelere yer vermi\u015fti: &#8220;Bu sabah savc\u0131l\u0131k taraf\u0131ndan ifadem al\u0131nmadan tutuklama [&hellip;]<\/p>\n","protected":false},"author":12791,"featured_media":157248,"comment_status":"closed","ping_status":"open","sticky":false,"template":"","format":"standard","meta":{"_yoast_wpseo_focuskw":"Levent D\u00f6lek","_yoast_wpseo_title":"","_yoast_wpseo_metadesc":"\u0130stanbul \u00dcniversitesi'nde g\u00f6revli, E\u011fitim Sen \u00fcyesi akademisyen Levent D\u00f6lek, sevk edildi\u011fi mahkemece tutukland\u0131","_bbp_topic_count":0,"_bbp_reply_count":0,"_bbp_total_topic_count":0,"_bbp_total_reply_count":0,"_bbp_voice_count":0,"_bbp_anonymous_reply_count":0,"_bbp_topic_count_hidden":0,"_bbp_reply_count_hidden":0,"_bbp_forum_subforum_count":0,"footnotes":"","_yoast_wpseo_focuskw_text_input":""},"categories":[1,8138,8226,60,37],"tags":[],"yoast_head":"<!-- This site is optimized with the Yoast SEO plugin v23.0 - https:\/\/yoast.com\/wordpress\/plugins\/seo\/ -->\n<title>E\u011fitim Sen \u00dcyesi Akademisyen Levent D\u00f6lek Tutukland\u0131 - The Epoch Times TR<\/title>\n<meta name=\"description\" content=\"\u0130stanbul \u00dcniversitesi&#039;nde g\u00f6revli, E\u011fitim Sen \u00fcyesi akademisyen Levent D\u00f6lek, sevk edildi\u011fi mahkemece tutukland\u0131\" \/>\n<meta name=\"robots\" content=\"index, follow, max-snippet:-1, max-image-preview:large, max-video-preview:-1\" \/>\n<link rel=\"canonical\" href=\"https:\/\/epochtimestr.com\/index.php\/egitim-sen-uyesi-akademisyen-levent-dolek-tutuklandi\" \/>\n<meta property=\"og:locale\" content=\"tr_TR\" \/>\n<meta property=\"og:type\" content=\"article\" \/>\n<meta property=\"og:title\" content=\"E\u011fitim Sen \u00dcyesi Akademisyen Levent D\u00f6lek Tutukland\u0131 - The Epoch Times TR\" \/>\n<meta property=\"og:description\" content=\"\u0130stanbul \u00dcniversitesi&#039;nde g\u00f6revli, E\u011fitim Sen \u00fcyesi akademisyen Levent D\u00f6lek, sevk edildi\u011fi mahkemece tutukland\u0131\" \/>\n<meta property=\"og:url\" content=\"https:\/\/epochtimestr.com\/index.php\/egitim-sen-uyesi-akademisyen-levent-dolek-tutuklandi\" \/>\n<meta property=\"og:site_name\" content=\"The Epoch Times TR\" \/>\n<meta property=\"article:publisher\" content=\"https:\/\/www.facebook.com\/theepochtimestr\" \/>\n<meta property=\"article:published_time\" content=\"2025-03-27T13:46:02+00:00\" \/>\n<meta property=\"article:modified_time\" content=\"2025-03-27T17:19:20+00:00\" \/>\n<meta property=\"og:image\" content=\"https:\/\/epochtimestr.com\/wp-content\/uploads\/2011y\/dolek.jpg\" \/>\n\t<meta property=\"og:image:width\" content=\"702\" \/>\n\t<meta property=\"og:image:height\" content=\"360\" \/>\n\t<meta property=\"og:image:type\" content=\"image\/jpeg\" \/>\n<meta name=\"author\" content=\"Haber Merkezi\" \/>\n<meta name=\"twitter:card\" content=\"summary_large_image\" \/>\n<meta name=\"twitter:creator\" content=\"@TheEpochTimesTR\" \/>\n<meta name=\"twitter:site\" content=\"@TheEpochTimesTR\" \/>\n<meta name=\"twitter:label1\" content=\"Yazan:\" \/>\n\t<meta name=\"twitter:data1\" content=\"Haber Merkezi\" \/>\n\t<meta name=\"twitter:label2\" content=\"Tahmini okuma s\u00fcresi\" \/>\n\t<meta name=\"twitter:data2\" content=\"2 dakika\" \/>\n<script type=\"application\/ld+json\" class=\"yoast-schema-graph\">{\"@context\":\"https:\/\/schema.org\",\"@graph\":[{\"@type\":\"Article\",\"@id\":\"https:\/\/epochtimestr.com\/index.php\/egitim-sen-uyesi-akademisyen-levent-dolek-tutuklandi#article\",\"isPartOf\":{\"@id\":\"https:\/\/epochtimestr.com\/index.php\/egitim-sen-uyesi-akademisyen-levent-dolek-tutuklandi\"},\"author\":{\"name\":\"Haber Merkezi\",\"@id\":\"https:\/\/epochtimestr.com\/#\/schema\/person\/3dc5c3adeb9f43923c5aa85889172fdd\"},\"headline\":\"E\u011fitim Sen \u00dcyesi Akademisyen Levent D\u00f6lek Tutukland\u0131\",\"datePublished\":\"2025-03-27T13:46:02+00:00\",\"dateModified\":\"2025-03-27T17:19:20+00:00\",\"mainEntityOfPage\":{\"@id\":\"https:\/\/epochtimestr.com\/index.php\/egitim-sen-uyesi-akademisyen-levent-dolek-tutuklandi\"},\"wordCount\":307,\"publisher\":{\"@id\":\"https:\/\/epochtimestr.com\/#organization\"},\"image\":{\"@id\":\"https:\/\/epochtimestr.com\/index.php\/egitim-sen-uyesi-akademisyen-levent-dolek-tutuklandi#primaryimage\"},\"thumbnailUrl\":\"https:\/\/epochtimestr.com\/wp-content\/uploads\/2011y\/dolek.jpg\",\"articleSection\":[\"G\u00dcNDEM\",\"MAN\u015eET\",\"Siyaset\",\"Taslak'da b\u0131rak\",\"T\u00dcRK\u0130YE\"],\"inLanguage\":\"tr\"},{\"@type\":\"WebPage\",\"@id\":\"https:\/\/epochtimestr.com\/index.php\/egitim-sen-uyesi-akademisyen-levent-dolek-tutuklandi\",\"url\":\"https:\/\/epochtimestr.com\/index.php\/egitim-sen-uyesi-akademisyen-levent-dolek-tutuklandi\",\"name\":\"E\u011fitim Sen \u00dcyesi Akademisyen Levent D\u00f6lek Tutukland\u0131 - The Epoch Times TR\",\"isPartOf\":{\"@id\":\"https:\/\/epochtimestr.com\/#website\"},\"primaryImageOfPage\":{\"@id\":\"https:\/\/epochtimestr.com\/index.php\/egitim-sen-uyesi-akademisyen-levent-dolek-tutuklandi#primaryimage\"},\"image\":{\"@id\":\"https:\/\/epochtimestr.com\/index.php\/egitim-sen-uyesi-akademisyen-levent-dolek-tutuklandi#primaryimage\"},\"thumbnailUrl\":\"https:\/\/epochtimestr.com\/wp-content\/uploads\/2011y\/dolek.jpg\",\"datePublished\":\"2025-03-27T13:46:02+00:00\",\"dateModified\":\"2025-03-27T17:19:20+00:00\",\"description\":\"\u0130stanbul \u00dcniversitesi'nde g\u00f6revli, E\u011fitim Sen \u00fcyesi akademisyen Levent D\u00f6lek, sevk edildi\u011fi mahkemece tutukland\u0131\",\"inLanguage\":\"tr\",\"potentialAction\":[{\"@type\":\"ReadAction\",\"target\":[\"https:\/\/epochtimestr.com\/index.php\/egitim-sen-uyesi-akademisyen-levent-dolek-tutuklandi\"]}]},{\"@type\":\"ImageObject\",\"inLanguage\":\"tr\",\"@id\":\"https:\/\/epochtimestr.com\/index.php\/egitim-sen-uyesi-akademisyen-levent-dolek-tutuklandi#primaryimage\",\"url\":\"https:\/\/epochtimestr.com\/wp-content\/uploads\/2011y\/dolek.jpg\",\"contentUrl\":\"https:\/\/epochtimestr.com\/wp-content\/uploads\/2011y\/dolek.jpg\",\"width\":702,\"height\":360},{\"@type\":\"WebSite\",\"@id\":\"https:\/\/epochtimestr.com\/#website\",\"url\":\"https:\/\/epochtimestr.com\/\",\"name\":\"The Epoch Times TR\",\"description\":\"De\u011fi\u015fen D\u00fcnyam\u0131za Taze Bir Bak\u0131\u015f\",\"publisher\":{\"@id\":\"https:\/\/epochtimestr.com\/#organization\"},\"potentialAction\":[{\"@type\":\"SearchAction\",\"target\":{\"@type\":\"EntryPoint\",\"urlTemplate\":\"https:\/\/epochtimestr.com\/?s={search_term_string}\"},\"query-input\":\"required name=search_term_string\"}],\"inLanguage\":\"tr\"},{\"@type\":\"Organization\",\"@id\":\"https:\/\/epochtimestr.com\/#organization\",\"name\":\"The EpochTimes T\u00fcrkiye\",\"url\":\"https:\/\/epochtimestr.com\/\",\"logo\":{\"@type\":\"ImageObject\",\"inLanguage\":\"tr\",\"@id\":\"https:\/\/epochtimestr.com\/#\/schema\/logo\/image\/\",\"url\":\"https:\/\/epochtimestr.com\/wp-content\/uploads\/2011y\/ET-Logo-YG.jpg\",\"contentUrl\":\"https:\/\/epochtimestr.com\/wp-content\/uploads\/2011y\/ET-Logo-YG.jpg\",\"width\":346,\"height\":29,\"caption\":\"The EpochTimes T\u00fcrkiye\"},\"image\":{\"@id\":\"https:\/\/epochtimestr.com\/#\/schema\/logo\/image\/\"},\"sameAs\":[\"https:\/\/www.facebook.com\/theepochtimestr\",\"https:\/\/x.com\/TheEpochTimesTR\",\"https:\/\/www.instagram.com\/epochtimestr\"]},{\"@type\":\"Person\",\"@id\":\"https:\/\/epochtimestr.com\/#\/schema\/person\/3dc5c3adeb9f43923c5aa85889172fdd\",\"name\":\"Haber Merkezi\",\"image\":{\"@type\":\"ImageObject\",\"inLanguage\":\"tr\",\"@id\":\"https:\/\/epochtimestr.com\/#\/schema\/person\/image\/\",\"url\":\"https:\/\/secure.gravatar.com\/avatar\/d73f772ba5a74f28601361e17c2f93e6?s=96&d=mm&r=g\",\"contentUrl\":\"https:\/\/secure.gravatar.com\/avatar\/d73f772ba5a74f28601361e17c2f93e6?s=96&d=mm&r=g\",\"caption\":\"Haber Merkezi\"},\"url\":\"https:\/\/epochtimestr.com\/index.php\/author\/sendag\"}]}<\/script>\n<!-- \/ Yoast SEO plugin. -->","yoast_head_json":{"title":"E\u011fitim Sen \u00dcyesi Akademisyen Levent D\u00f6lek Tutukland\u0131 - The Epoch Times TR","description":"\u0130stanbul \u00dcniversitesi'nde g\u00f6revli, E\u011fitim Sen \u00fcyesi akademisyen Levent D\u00f6lek, sevk edildi\u011fi mahkemece tutukland\u0131","robots":{"index":"index","follow":"follow","max-snippet":"max-snippet:-1","max-image-preview":"max-image-preview:large","max-video-preview":"max-video-preview:-1"},"canonical":"https:\/\/epochtimestr.com\/index.php\/egitim-sen-uyesi-akademisyen-levent-dolek-tutuklandi","og_locale":"tr_TR","og_type":"article","og_title":"E\u011fitim Sen \u00dcyesi Akademisyen Levent D\u00f6lek Tutukland\u0131 - The Epoch Times TR","og_description":"\u0130stanbul \u00dcniversitesi'nde g\u00f6revli, E\u011fitim Sen \u00fcyesi akademisyen Levent D\u00f6lek, sevk edildi\u011fi mahkemece tutukland\u0131","og_url":"https:\/\/epochtimestr.com\/index.php\/egitim-sen-uyesi-akademisyen-levent-dolek-tutuklandi","og_site_name":"The Epoch Times TR","article_publisher":"https:\/\/www.facebook.com\/theepochtimestr","article_published_time":"2025-03-27T13:46:02+00:00","article_modified_time":"2025-03-27T17:19:20+00:00","og_image":[{"width":702,"height":360,"url":"https:\/\/epochtimestr.com\/wp-content\/uploads\/2011y\/dolek.jpg","type":"image\/jpeg"}],"author":"Haber Merkezi","twitter_card":"summary_large_image","twitter_creator":"@TheEpochTimesTR","twitter_site":"@TheEpochTimesTR","twitter_misc":{"Yazan:":"Haber Merkezi","Tahmini okuma s\u00fcresi":"2 dakika"},"schema":{"@context":"https:\/\/schema.org","@graph":[{"@type":"Article","@id":"https:\/\/epochtimestr.com\/index.php\/egitim-sen-uyesi-akademisyen-levent-dolek-tutuklandi#article","isPartOf":{"@id":"https:\/\/epochtimestr.com\/index.php\/egitim-sen-uyesi-akademisyen-levent-dolek-tutuklandi"},"author":{"name":"Haber Merkezi","@id":"https:\/\/epochtimestr.com\/#\/schema\/person\/3dc5c3adeb9f43923c5aa85889172fdd"},"headline":"E\u011fitim Sen \u00dcyesi Akademisyen Levent D\u00f6lek Tutukland\u0131","datePublished":"2025-03-27T13:46:02+00:00","dateModified":"2025-03-27T17:19:20+00:00","mainEntityOfPage":{"@id":"https:\/\/epochtimestr.com\/index.php\/egitim-sen-uyesi-akademisyen-levent-dolek-tutuklandi"},"wordCount":307,"publisher":{"@id":"https:\/\/epochtimestr.com\/#organization"},"image":{"@id":"https:\/\/epochtimestr.com\/index.php\/egitim-sen-uyesi-akademisyen-levent-dolek-tutuklandi#primaryimage"},"thumbnailUrl":"https:\/\/epochtimestr.com\/wp-content\/uploads\/2011y\/dolek.jpg","articleSection":["G\u00dcNDEM","MAN\u015eET","Siyaset","Taslak'da b\u0131rak","T\u00dcRK\u0130YE"],"inLanguage":"tr"},{"@type":"WebPage","@id":"https:\/\/epochtimestr.com\/index.php\/egitim-sen-uyesi-akademisyen-levent-dolek-tutuklandi","url":"https:\/\/epochtimestr.com\/index.php\/egitim-sen-uyesi-akademisyen-levent-dolek-tutuklandi","name":"E\u011fitim Sen \u00dcyesi Akademisyen Levent D\u00f6lek Tutukland\u0131 - The Epoch Times TR","isPartOf":{"@id":"https:\/\/epochtimestr.com\/#website"},"primaryImageOfPage":{"@id":"https:\/\/epochtimestr.com\/index.php\/egitim-sen-uyesi-akademisyen-levent-dolek-tutuklandi#primaryimage"},"image":{"@id":"https:\/\/epochtimestr.com\/index.php\/egitim-sen-uyesi-akademisyen-levent-dolek-tutuklandi#primaryimage"},"thumbnailUrl":"https:\/\/epochtimestr.com\/wp-content\/uploads\/2011y\/dolek.jpg","datePublished":"2025-03-27T13:46:02+00:00","dateModified":"2025-03-27T17:19:20+00:00","description":"\u0130stanbul \u00dcniversitesi'nde g\u00f6revli, E\u011fitim Sen \u00fcyesi akademisyen Levent D\u00f6lek, sevk edildi\u011fi mahkemece tutukland\u0131","inLanguage":"tr","potentialAction":[{"@type":"ReadAction","target":["https:\/\/epochtimestr.com\/index.php\/egitim-sen-uyesi-akademisyen-levent-dolek-tutuklandi"]}]},{"@type":"ImageObject","inLanguage":"tr","@id":"https:\/\/epochtimestr.com\/index.php\/egitim-sen-uyesi-akademisyen-levent-dolek-tutuklandi#primaryimage","url":"https:\/\/epochtimestr.com\/wp-content\/uploads\/2011y\/dolek.jpg","contentUrl":"https:\/\/epochtimestr.com\/wp-content\/uploads\/2011y\/dolek.jpg","width":702,"height":360},{"@type":"WebSite","@id":"https:\/\/epochtimestr.com\/#website","url":"https:\/\/epochtimestr.com\/","name":"The Epoch Times TR","description":"De\u011fi\u015fen D\u00fcnyam\u0131za Taze Bir Bak\u0131\u015f","publisher":{"@id":"https:\/\/epochtimestr.com\/#organization"},"potentialAction":[{"@type":"SearchAction","target":{"@type":"EntryPoint","urlTemplate":"https:\/\/epochtimestr.com\/?s={search_term_string}"},"query-input":"required name=search_term_string"}],"inLanguage":"tr"},{"@type":"Organization","@id":"https:\/\/epochtimestr.com\/#organization","name":"The EpochTimes T\u00fcrkiye","url":"https:\/\/epochtimestr.com\/","logo":{"@type":"ImageObject","inLanguage":"tr","@id":"https:\/\/epochtimestr.com\/#\/schema\/logo\/image\/","url":"https:\/\/epochtimestr.com\/wp-content\/uploads\/2011y\/ET-Logo-YG.jpg","contentUrl":"https:\/\/epochtimestr.com\/wp-content\/uploads\/2011y\/ET-Logo-YG.jpg","width":346,"height":29,"caption":"The EpochTimes T\u00fcrkiye"},"image":{"@id":"https:\/\/epochtimestr.com\/#\/schema\/logo\/image\/"},"sameAs":["https:\/\/www.facebook.com\/theepochtimestr","https:\/\/x.com\/TheEpochTimesTR","https:\/\/www.instagram.com\/epochtimestr"]},{"@type":"Person","@id":"https:\/\/epochtimestr.com\/#\/schema\/person\/3dc5c3adeb9f43923c5aa85889172fdd","name":"Haber Merkezi","image":{"@type":"ImageObject","inLanguage":"tr","@id":"https:\/\/epochtimestr.com\/#\/schema\/person\/image\/","url":"https:\/\/secure.gravatar.com\/avatar\/d73f772ba5a74f28601361e17c2f93e6?s=96&d=mm&r=g","contentUrl":"https:\/\/secure.gravatar.com\/avatar\/d73f772ba5a74f28601361e17c2f93e6?s=96&d=mm&r=g","caption":"Haber Merkezi"},"url":"https:\/\/epochtimestr.com\/index.php\/author\/sendag"}]}},"_links":{"self":[{"href":"https:\/\/epochtimestr.com\/index.php\/wp-json\/wp\/v2\/posts\/157247"}],"collection":[{"href":"https:\/\/epochtimestr.com\/index.php\/wp-json\/wp\/v2\/posts"}],"about":[{"href":"https:\/\/epochtimestr.com\/index.php\/wp-json\/wp\/v2\/types\/post"}],"author":[{"embeddable":true,"href":"https:\/\/epochtimestr.com\/index.php\/wp-json\/wp\/v2\/users\/12791"}],"replies":[{"embeddable":true,"href":"https:\/\/epochtimestr.com\/index.php\/wp-json\/wp\/v2\/comments?post=157247"}],"version-history":[{"count":2,"href":"https:\/\/epochtimestr.com\/index.php\/wp-json\/wp\/v2\/posts\/157247\/revisions"}],"predecessor-version":[{"id":157256,"href":"https:\/\/epochtimestr.com\/index.php\/wp-json\/wp\/v2\/posts\/157247\/revisions\/157256"}],"wp:featuredmedia":[{"embeddable":true,"href":"https:\/\/epochtimestr.com\/index.php\/wp-json\/wp\/v2\/media\/157248"}],"wp:attachment":[{"href":"https:\/\/epochtimestr.com\/index.php\/wp-json\/wp\/v2\/media?parent=157247"}],"wp:term":[{"taxonomy":"category","embeddable":true,"href":"https:\/\/epochtimestr.com\/index.php\/wp-json\/wp\/v2\/categories?post=157247"},{"taxonomy":"post_tag","embeddable":true,"href":"https:\/\/epochtimestr.com\/index.php\/wp-json\/wp\/v2\/tags?post=157247"}],"curies":[{"name":"wp","href":"https:\/\/api.w.org\/{rel}","templated":true}]}}