{"id":157285,"date":"2025-03-29T12:28:18","date_gmt":"2025-03-29T09:28:18","guid":{"rendered":"https:\/\/epochtimestr.com\/?p=157285"},"modified":"2025-03-29T12:28:19","modified_gmt":"2025-03-29T09:28:19","slug":"avustralyanin-nufusu-27-milyonu-asti","status":"publish","type":"post","link":"https:\/\/epochtimestr.com\/index.php\/avustralyanin-nufusu-27-milyonu-asti","title":{"rendered":"Avustralya\u2019n\u0131n N\u00fcfusu 27 Milyonu A\u015ft\u0131"},"content":{"rendered":"\n<h2 class=\"wp-block-heading\">Avustralya\u2019n\u0131n n\u00fcfusu \u015fu anda 27,3 milyona ula\u015ft\u0131.<\/h2>\n\n\n\n<p>\u015eu anda 27,3 milyon olan Avustralya n\u00fcfusu, ge\u00e7en y\u0131la g\u00f6re 484.000 artt\u0131..<\/p>\n\n\n<div class=\"wp-block-image\">\n<figure class=\"aligncenter size-large\"><img loading=\"lazy\" decoding=\"async\" width=\"2078\" height=\"1200\" src=\"https:\/\/epochtimestr.com\/wp-content\/uploads\/2011y\/pexels-reymundo-tadena-1675363251-27964956-2078x1200.jpg\" alt=\"Sydney \u015fehir merkezinde insanlar. (Foto\u011fraf: Reymundo Tadena, Pexels)\" class=\"wp-image-157309\" srcset=\"https:\/\/epochtimestr.com\/wp-content\/uploads\/2011y\/pexels-reymundo-tadena-1675363251-27964956-2078x1200.jpg 2078w, https:\/\/epochtimestr.com\/wp-content\/uploads\/2011y\/pexels-reymundo-tadena-1675363251-27964956-300x173.jpg 300w, https:\/\/epochtimestr.com\/wp-content\/uploads\/2011y\/pexels-reymundo-tadena-1675363251-27964956-150x87.jpg 150w, https:\/\/epochtimestr.com\/wp-content\/uploads\/2011y\/pexels-reymundo-tadena-1675363251-27964956-768x444.jpg 768w, https:\/\/epochtimestr.com\/wp-content\/uploads\/2011y\/pexels-reymundo-tadena-1675363251-27964956-1536x887.jpg 1536w, https:\/\/epochtimestr.com\/wp-content\/uploads\/2011y\/pexels-reymundo-tadena-1675363251-27964956-2048x1183.jpg 2048w\" sizes=\"(max-width: 2078px) 100vw, 2078px\" \/><figcaption class=\"wp-element-caption\"><em>Avustralya\u2019n\u0131n n\u00fcfusu, yava\u015f da olsa giderek art\u0131yor. Sydney \u015fehir merkezinde insanlar. (Foto\u011fraf: Reymundo Tadena, Pexels)<\/em><\/figcaption><\/figure><\/div>\n\n\n<p>Yeni veriler Avustralya\u2019n\u0131n n\u00fcfus art\u0131\u015f\u0131n\u0131n yava\u015flad\u0131\u011f\u0131n\u0131 ve g\u00f6\u00e7 e\u011filimlerinin hafiflemeye ba\u015flad\u0131\u011f\u0131n\u0131 ortaya koyuyor. Ev sahibi olmak isteyenler bu geli\u015fmeyi memnuniyetle kar\u015f\u0131l\u0131yor.<\/p>\n\n\n\n<p><a href=\"https:\/\/epochtimestr.com\/?s=avustralya\" target=\"_blank\" rel=\"noreferrer noopener\">Avustralya <\/a>\u0130statistik B\u00fcrosu\u2019na (ABS) g\u00f6re, Avustralya\u2019n\u0131n n\u00fcfusu 30 Eyl\u00fcl 2024\u2019e kadar y\u0131lda %1,8 oran\u0131nda artt\u0131. Bu s\u00fcre\u00e7te uluslararas\u0131 g\u00f6\u00e7, b\u00fcy\u00fcmenin ana itici g\u00fcc\u00fc olmaya devam etti.<\/p>\n\n\n\n<p>\u00dclkenin n\u00fcfusu, son bir y\u0131lda toplamda 484.000 ki\u015filik bir art\u0131\u015fla, 27,3 milyona ula\u015ft\u0131.<\/p>\n\n\n\n<p>ABS demografi ba\u015fkan\u0131 Beidar Cho konu ile ilgili a\u00e7\u0131klama yapt\u0131. \u201cAvustralya\u2019ya bir y\u0131lda yurtd\u0131\u015f\u0131ndan 617.900 ki\u015fi geldi ve 238.100 ki\u015fi ayr\u0131ld\u0131. Bu, 30 Eyl\u00fcl 2024\u2019e kadar bir y\u0131lda yurtd\u0131\u015f\u0131ndan g\u00f6\u00e7le n\u00fcfusumuza 379.800 ki\u015finin eklendi\u011fi anlam\u0131na geliyor. Ayr\u0131ca son \u00e7eyreklerdeki d\u00fc\u015f\u00fc\u015f e\u011filiminin devam etti\u011fini g\u00f6steriyor\u201d dedi.<\/p>\n\n\n\n<p>Bunun yan\u0131 s\u0131ra, do\u011fumlardan \u00f6l\u00fcmlerin \u00e7\u0131kar\u0131lmas\u0131yla hesaplanan do\u011fal n\u00fcfus art\u0131\u015f\u0131, 104.200 ki\u015fi olarak ger\u00e7ekle\u015fti. B\u00f6ylece, bir \u00f6nceki y\u0131la k\u0131yasla y\u00fczde 3\u2019l\u00fck bir d\u00fc\u015f\u00fc\u015f ger\u00e7ekle\u015fti.<\/p>\n\n\n\n<p>Bu d\u00f6nemde \u00fclke genelinde 291.200 do\u011fum, 187.000 \u00f6l\u00fcm meydana geldi.<\/p>\n\n\n\n<p>Eyaletler aras\u0131nda en b\u00fcy\u00fck b\u00fcy\u00fcmeyi Bat\u0131 Avustralya ya\u015fad\u0131 ve n\u00fcfusu y\u00fczde 2,5 oran\u0131nda artt\u0131. Victoria y\u00fczde 2,1\u2019lik art\u0131\u015fla onu yak\u0131ndan takip ederken, Queensland y\u00fczde 2,0\u2019l\u0131k bir y\u00fckseli\u015f kaydetti. \u00d6te yandan, Tazmanya y\u00fczde sadece 0,3\u2019l\u00fck k\u00fc\u00e7\u00fck bir art\u0131\u015fla en yava\u015f n\u00fcfus art\u0131\u015f\u0131n\u0131 kaydetti.<\/p>\n\n\n\n<h3 class=\"wp-block-heading\"><strong>G\u00f6\u00e7 Hedefleri \u00dczerine Siyasi M\u00fccadele<\/strong><\/h3>\n\n\n\n<p>Son bir y\u0131lda g\u00f6\u00e7men say\u0131lar\u0131 s\u00fcrekli olarak siyasi tart\u0131\u015fmalara yol a\u00e7t\u0131. Ele\u015ftirmenler h\u00fck\u00fcmeti g\u00f6\u00e7\u00fc etkili bir \u015fekilde y\u00f6netememekle su\u00e7lad\u0131.<\/p>\n\n\n\n<p>Kamu \u0130\u015fleri Enstit\u00fcs\u00fc ara\u015ft\u0131rma direkt\u00f6r\u00fc Morgan Begg bir a\u00e7\u0131klama yapt\u0131. Yeni ABS verilerine g\u00f6re, federal h\u00fck\u00fcmetin g\u00f6\u00e7 al\u0131m hedefinin bu y\u0131l y\u00fczde 38 a\u015f\u0131laca\u011f\u0131n\u0131 s\u00f6yledi. \u201cAvustralya\u2019n\u0131n kontrols\u00fcz al\u0131mlar\u0131 dizginleme vaatleri tamamen de\u011fersiz. \u00dcstelik bu durum konut ve ya\u015fam maliyeti krizlerini de k\u00f6r\u00fckl\u00fcyor\u201d dedi.<\/p>\n\n\n\n<p>Ana muhalefet partisi h\u00fck\u00fcmetinin G\u00f6\u00e7 Bakan\u0131 Dan Tehan da bir a\u00e7\u0131klama yaparak endi\u015feleri dile getirdi. \u0130\u015f\u00e7i Partisi h\u00fck\u00fcmetinin g\u00f6\u00e7 tahminlerini s\u00fcrekli a\u015ft\u0131\u011f\u0131n\u0131 savundu.<\/p>\n\n\n\n<p>\u201cG\u00f6\u00e7 tahmininin artm\u0131\u015f olmas\u0131, ba\u015fbakan\u0131n kendi taahh\u00fcd\u00fcyle \u00e7eli\u015fiyor. \u00dcstelik ge\u00e7en y\u0131l \u0130\u015f\u00e7i Partisi h\u00fck\u00fcmeti, 260.000 g\u00f6\u00e7men kabul edece\u011fini \u00f6ng\u00f6rm\u00fc\u015ft\u00fc.\u201d<\/p>\n\n\n\n<p>Ayr\u0131ca, koalisyon h\u00fck\u00fcmetinin g\u00f6\u00e7\u00fc dizginlemek i\u00e7in harekete ge\u00e7ece\u011fini belirtti. Bu h\u00fck\u00fcmetin daimi g\u00f6\u00e7\u00fc 185.000\u2019den 140.000\u2019e d\u00fc\u015f\u00fcrece\u011fini ve insani g\u00f6\u00e7 al\u0131m\u0131n\u0131 20.000\u2019den 13.750\u2019ye azaltaca\u011f\u0131n\u0131 s\u00f6yledi.<\/p>\n\n\n\n<h3 class=\"wp-block-heading\"><strong>G\u00f6\u00e7 Normlar\u0131 Yeniden De\u011ferlendirilmeli<\/strong><\/h3>\n\n\n\n<p>Siyasi tart\u0131\u015fmalar\u0131n ortas\u0131nda, uzmanlar Avustralya\u2019ya \u201cnormal\u201d g\u00f6\u00e7\u00fcn nas\u0131l olmas\u0131 gerekti\u011fini sorguluyor.<\/p>\n\n\n\n<p>ANU G\u00f6\u00e7 Merkezi\u2019nden Prof. Alan Gamlen, uygun g\u00f6\u00e7 seviyelerini tan\u0131mlaman\u0131n karma\u015f\u0131k bir i\u015f oldu\u011funa dikkat \u00e7ekti.<\/p>\n\n\n\n<p>\u201cPandemi \u00f6ncesi seviyelere d\u00f6nmeyi mi hedeflemeliyiz yoksa yeni bir normal mi belirlemeliyiz? G\u00f6r\u00fc\u015fler b\u00fcy\u00fck \u00f6l\u00e7\u00fcde farkl\u0131l\u0131k g\u00f6steriyor\u201d dedi.<\/p>\n\n\n\n<p>Baz\u0131lar\u0131, konut ve altyap\u0131 yetersizlikleri nedeniyle pandemi \u00f6ncesi g\u00f6\u00e7 seviyelerinin a\u015f\u0131r\u0131 oldu\u011funu savunuyor. Ancak di\u011ferleri mevcut seviyelerin h\u00e2l\u00e2 \u00e7ok d\u00fc\u015f\u00fck oldu\u011funu, i\u015f g\u00fcc\u00fc s\u0131k\u0131nt\u0131s\u0131 ve enflasyon riski do\u011furdu\u011funu belirtiyor.<\/p>\n\n\n\n<p>Pandemiden bu yana Avustralya\u2019ya g\u00f6\u00e7 seviyeleri giderek azal\u0131yor.<\/p>\n\n\n\n<p>Gamlen s\u00f6zlerini, \u201cGer\u00e7ek tart\u0131\u015fma, g\u00f6\u00e7\u00fcn ne zaman \u2018normal\u2019e d\u00f6nece\u011fi de\u011fil, \u2018normal\u2019in ne olmas\u0131 gerekti\u011fidir\u201d diye tamamlad\u0131.<\/p>\n\n\n\n<div class=\"wp-block-columns is-layout-flex wp-container-core-columns-is-layout-1 wp-block-columns-is-layout-flex\">\n<div class=\"wp-block-column is-layout-flow wp-block-column-is-layout-flow\"><\/div>\n<\/div>\n\n\n\n<p>Yazan: Naziya Alvi Rahman, The Epoch Times Avustralya<\/p>\n\n\n\n<p><\/p>\n","protected":false},"excerpt":{"rendered":"<p>Avustralya\u2019n\u0131n n\u00fcfusu \u015fu anda 27,3 milyona ula\u015ft\u0131. \u015eu anda 27,3 milyon olan Avustralya n\u00fcfusu, ge\u00e7en y\u0131la g\u00f6re 484.000 artt\u0131.. Yeni veriler Avustralya\u2019n\u0131n n\u00fcfus art\u0131\u015f\u0131n\u0131n yava\u015flad\u0131\u011f\u0131n\u0131 ve g\u00f6\u00e7 e\u011filimlerinin hafiflemeye ba\u015flad\u0131\u011f\u0131n\u0131 ortaya koyuyor. Ev sahibi olmak isteyenler bu geli\u015fmeyi memnuniyetle kar\u015f\u0131l\u0131yor. Avustralya \u0130statistik B\u00fcrosu\u2019na (ABS) g\u00f6re, Avustralya\u2019n\u0131n n\u00fcfusu 30 Eyl\u00fcl 2024\u2019e kadar y\u0131lda %1,8 oran\u0131nda artt\u0131. [&hellip;]<\/p>\n","protected":false},"author":12791,"featured_media":157309,"comment_status":"closed","ping_status":"open","sticky":false,"template":"","format":"standard","meta":{"_yoast_wpseo_focuskw":"Avustralya\u2019n\u0131n N\u00fcfusu","_yoast_wpseo_title":"","_yoast_wpseo_metadesc":"Avustralya\u2019n\u0131n n\u00fcfusu ge\u00e7en y\u0131la g\u00f6re 484.000 artarak 27,3 milyona ula\u015ft\u0131. Yeni veriler n\u00fcfus art\u0131\u015f\u0131n\u0131n yava\u015flad\u0131\u011f\u0131n\u0131 ortaya koyuyor.","_bbp_topic_count":0,"_bbp_reply_count":0,"_bbp_total_topic_count":0,"_bbp_total_reply_count":0,"_bbp_voice_count":0,"_bbp_anonymous_reply_count":0,"_bbp_topic_count_hidden":0,"_bbp_reply_count_hidden":0,"_bbp_forum_subforum_count":0,"footnotes":"","_yoast_wpseo_focuskw_text_input":""},"categories":[5,519,1],"tags":[8520,2481],"yoast_head":"<!-- This site is optimized with the Yoast SEO plugin v23.0 - https:\/\/yoast.com\/wordpress\/plugins\/seo\/ -->\n<title>Avustralya\u2019n\u0131n N\u00fcfusu 27 Milyonu A\u015ft\u0131 - The Epoch Times TR<\/title>\n<meta name=\"description\" content=\"Avustralya\u2019n\u0131n n\u00fcfusu ge\u00e7en y\u0131la g\u00f6re 484.000 artarak 27,3 milyona ula\u015ft\u0131. Yeni veriler n\u00fcfus art\u0131\u015f\u0131n\u0131n yava\u015flad\u0131\u011f\u0131n\u0131 ortaya koyuyor.\" \/>\n<meta name=\"robots\" content=\"index, follow, max-snippet:-1, max-image-preview:large, max-video-preview:-1\" \/>\n<link rel=\"canonical\" href=\"https:\/\/epochtimestr.com\/index.php\/avustralyanin-nufusu-27-milyonu-asti\" \/>\n<meta property=\"og:locale\" content=\"tr_TR\" \/>\n<meta property=\"og:type\" content=\"article\" \/>\n<meta property=\"og:title\" content=\"Avustralya\u2019n\u0131n N\u00fcfusu 27 Milyonu A\u015ft\u0131 - The Epoch Times TR\" \/>\n<meta property=\"og:description\" content=\"Avustralya\u2019n\u0131n n\u00fcfusu ge\u00e7en y\u0131la g\u00f6re 484.000 artarak 27,3 milyona ula\u015ft\u0131. Yeni veriler n\u00fcfus art\u0131\u015f\u0131n\u0131n yava\u015flad\u0131\u011f\u0131n\u0131 ortaya koyuyor.\" \/>\n<meta property=\"og:url\" content=\"https:\/\/epochtimestr.com\/index.php\/avustralyanin-nufusu-27-milyonu-asti\" \/>\n<meta property=\"og:site_name\" content=\"The Epoch Times TR\" \/>\n<meta property=\"article:publisher\" content=\"https:\/\/www.facebook.com\/theepochtimestr\" \/>\n<meta property=\"article:published_time\" content=\"2025-03-29T09:28:18+00:00\" \/>\n<meta property=\"article:modified_time\" content=\"2025-03-29T09:28:19+00:00\" \/>\n<meta property=\"og:image\" content=\"https:\/\/epochtimestr.com\/wp-content\/uploads\/2011y\/pexels-reymundo-tadena-1675363251-27964956-scaled.jpg\" \/>\n\t<meta property=\"og:image:width\" content=\"2560\" \/>\n\t<meta property=\"og:image:height\" content=\"1479\" \/>\n\t<meta property=\"og:image:type\" content=\"image\/jpeg\" \/>\n<meta name=\"author\" content=\"Haber Merkezi\" \/>\n<meta name=\"twitter:card\" content=\"summary_large_image\" \/>\n<meta name=\"twitter:creator\" content=\"@TheEpochTimesTR\" \/>\n<meta name=\"twitter:site\" content=\"@TheEpochTimesTR\" \/>\n<meta name=\"twitter:label1\" content=\"Yazan:\" \/>\n\t<meta name=\"twitter:data1\" content=\"Haber Merkezi\" \/>\n\t<meta name=\"twitter:label2\" content=\"Tahmini okuma s\u00fcresi\" \/>\n\t<meta name=\"twitter:data2\" content=\"4 dakika\" \/>\n<script type=\"application\/ld+json\" class=\"yoast-schema-graph\">{\"@context\":\"https:\/\/schema.org\",\"@graph\":[{\"@type\":\"Article\",\"@id\":\"https:\/\/epochtimestr.com\/index.php\/avustralyanin-nufusu-27-milyonu-asti#article\",\"isPartOf\":{\"@id\":\"https:\/\/epochtimestr.com\/index.php\/avustralyanin-nufusu-27-milyonu-asti\"},\"author\":{\"name\":\"Haber Merkezi\",\"@id\":\"https:\/\/epochtimestr.com\/#\/schema\/person\/3dc5c3adeb9f43923c5aa85889172fdd\"},\"headline\":\"Avustralya\u2019n\u0131n N\u00fcfusu 27 Milyonu A\u015ft\u0131\",\"datePublished\":\"2025-03-29T09:28:18+00:00\",\"dateModified\":\"2025-03-29T09:28:19+00:00\",\"mainEntityOfPage\":{\"@id\":\"https:\/\/epochtimestr.com\/index.php\/avustralyanin-nufusu-27-milyonu-asti\"},\"wordCount\":673,\"publisher\":{\"@id\":\"https:\/\/epochtimestr.com\/#organization\"},\"image\":{\"@id\":\"https:\/\/epochtimestr.com\/index.php\/avustralyanin-nufusu-27-milyonu-asti#primaryimage\"},\"thumbnailUrl\":\"https:\/\/epochtimestr.com\/wp-content\/uploads\/2011y\/pexels-reymundo-tadena-1675363251-27964956-scaled.jpg\",\"keywords\":[\"Avustralya\u2019n\u0131n n\u00fcfusu\",\"g\u00f6\u00e7\"],\"articleSection\":[\"D\u00dcNYA\",\"ED\u0130T\u00d6R\u00dcN SE\u00c7\u0130M\u0130\",\"G\u00dcNDEM\"],\"inLanguage\":\"tr\"},{\"@type\":\"WebPage\",\"@id\":\"https:\/\/epochtimestr.com\/index.php\/avustralyanin-nufusu-27-milyonu-asti\",\"url\":\"https:\/\/epochtimestr.com\/index.php\/avustralyanin-nufusu-27-milyonu-asti\",\"name\":\"Avustralya\u2019n\u0131n N\u00fcfusu 27 Milyonu A\u015ft\u0131 - The Epoch Times TR\",\"isPartOf\":{\"@id\":\"https:\/\/epochtimestr.com\/#website\"},\"primaryImageOfPage\":{\"@id\":\"https:\/\/epochtimestr.com\/index.php\/avustralyanin-nufusu-27-milyonu-asti#primaryimage\"},\"image\":{\"@id\":\"https:\/\/epochtimestr.com\/index.php\/avustralyanin-nufusu-27-milyonu-asti#primaryimage\"},\"thumbnailUrl\":\"https:\/\/epochtimestr.com\/wp-content\/uploads\/2011y\/pexels-reymundo-tadena-1675363251-27964956-scaled.jpg\",\"datePublished\":\"2025-03-29T09:28:18+00:00\",\"dateModified\":\"2025-03-29T09:28:19+00:00\",\"description\":\"Avustralya\u2019n\u0131n n\u00fcfusu ge\u00e7en y\u0131la g\u00f6re 484.000 artarak 27,3 milyona ula\u015ft\u0131. Yeni veriler n\u00fcfus art\u0131\u015f\u0131n\u0131n yava\u015flad\u0131\u011f\u0131n\u0131 ortaya koyuyor.\",\"inLanguage\":\"tr\",\"potentialAction\":[{\"@type\":\"ReadAction\",\"target\":[\"https:\/\/epochtimestr.com\/index.php\/avustralyanin-nufusu-27-milyonu-asti\"]}]},{\"@type\":\"ImageObject\",\"inLanguage\":\"tr\",\"@id\":\"https:\/\/epochtimestr.com\/index.php\/avustralyanin-nufusu-27-milyonu-asti#primaryimage\",\"url\":\"https:\/\/epochtimestr.com\/wp-content\/uploads\/2011y\/pexels-reymundo-tadena-1675363251-27964956-scaled.jpg\",\"contentUrl\":\"https:\/\/epochtimestr.com\/wp-content\/uploads\/2011y\/pexels-reymundo-tadena-1675363251-27964956-scaled.jpg\",\"width\":2560,\"height\":1479},{\"@type\":\"WebSite\",\"@id\":\"https:\/\/epochtimestr.com\/#website\",\"url\":\"https:\/\/epochtimestr.com\/\",\"name\":\"The Epoch Times TR\",\"description\":\"De\u011fi\u015fen D\u00fcnyam\u0131za Taze Bir Bak\u0131\u015f\",\"publisher\":{\"@id\":\"https:\/\/epochtimestr.com\/#organization\"},\"potentialAction\":[{\"@type\":\"SearchAction\",\"target\":{\"@type\":\"EntryPoint\",\"urlTemplate\":\"https:\/\/epochtimestr.com\/?s={search_term_string}\"},\"query-input\":\"required name=search_term_string\"}],\"inLanguage\":\"tr\"},{\"@type\":\"Organization\",\"@id\":\"https:\/\/epochtimestr.com\/#organization\",\"name\":\"The EpochTimes T\u00fcrkiye\",\"url\":\"https:\/\/epochtimestr.com\/\",\"logo\":{\"@type\":\"ImageObject\",\"inLanguage\":\"tr\",\"@id\":\"https:\/\/epochtimestr.com\/#\/schema\/logo\/image\/\",\"url\":\"https:\/\/epochtimestr.com\/wp-content\/uploads\/2011y\/ET-Logo-YG.jpg\",\"contentUrl\":\"https:\/\/epochtimestr.com\/wp-content\/uploads\/2011y\/ET-Logo-YG.jpg\",\"width\":346,\"height\":29,\"caption\":\"The EpochTimes T\u00fcrkiye\"},\"image\":{\"@id\":\"https:\/\/epochtimestr.com\/#\/schema\/logo\/image\/\"},\"sameAs\":[\"https:\/\/www.facebook.com\/theepochtimestr\",\"https:\/\/x.com\/TheEpochTimesTR\",\"https:\/\/www.instagram.com\/epochtimestr\"]},{\"@type\":\"Person\",\"@id\":\"https:\/\/epochtimestr.com\/#\/schema\/person\/3dc5c3adeb9f43923c5aa85889172fdd\",\"name\":\"Haber Merkezi\",\"image\":{\"@type\":\"ImageObject\",\"inLanguage\":\"tr\",\"@id\":\"https:\/\/epochtimestr.com\/#\/schema\/person\/image\/\",\"url\":\"https:\/\/secure.gravatar.com\/avatar\/d73f772ba5a74f28601361e17c2f93e6?s=96&d=mm&r=g\",\"contentUrl\":\"https:\/\/secure.gravatar.com\/avatar\/d73f772ba5a74f28601361e17c2f93e6?s=96&d=mm&r=g\",\"caption\":\"Haber Merkezi\"},\"url\":\"https:\/\/epochtimestr.com\/index.php\/author\/sendag\"}]}<\/script>\n<!-- \/ Yoast SEO plugin. -->","yoast_head_json":{"title":"Avustralya\u2019n\u0131n N\u00fcfusu 27 Milyonu A\u015ft\u0131 - The Epoch Times TR","description":"Avustralya\u2019n\u0131n n\u00fcfusu ge\u00e7en y\u0131la g\u00f6re 484.000 artarak 27,3 milyona ula\u015ft\u0131. Yeni veriler n\u00fcfus art\u0131\u015f\u0131n\u0131n yava\u015flad\u0131\u011f\u0131n\u0131 ortaya koyuyor.","robots":{"index":"index","follow":"follow","max-snippet":"max-snippet:-1","max-image-preview":"max-image-preview:large","max-video-preview":"max-video-preview:-1"},"canonical":"https:\/\/epochtimestr.com\/index.php\/avustralyanin-nufusu-27-milyonu-asti","og_locale":"tr_TR","og_type":"article","og_title":"Avustralya\u2019n\u0131n N\u00fcfusu 27 Milyonu A\u015ft\u0131 - The Epoch Times TR","og_description":"Avustralya\u2019n\u0131n n\u00fcfusu ge\u00e7en y\u0131la g\u00f6re 484.000 artarak 27,3 milyona ula\u015ft\u0131. Yeni veriler n\u00fcfus art\u0131\u015f\u0131n\u0131n yava\u015flad\u0131\u011f\u0131n\u0131 ortaya koyuyor.","og_url":"https:\/\/epochtimestr.com\/index.php\/avustralyanin-nufusu-27-milyonu-asti","og_site_name":"The Epoch Times TR","article_publisher":"https:\/\/www.facebook.com\/theepochtimestr","article_published_time":"2025-03-29T09:28:18+00:00","article_modified_time":"2025-03-29T09:28:19+00:00","og_image":[{"width":2560,"height":1479,"url":"https:\/\/epochtimestr.com\/wp-content\/uploads\/2011y\/pexels-reymundo-tadena-1675363251-27964956-scaled.jpg","type":"image\/jpeg"}],"author":"Haber Merkezi","twitter_card":"summary_large_image","twitter_creator":"@TheEpochTimesTR","twitter_site":"@TheEpochTimesTR","twitter_misc":{"Yazan:":"Haber Merkezi","Tahmini okuma s\u00fcresi":"4 dakika"},"schema":{"@context":"https:\/\/schema.org","@graph":[{"@type":"Article","@id":"https:\/\/epochtimestr.com\/index.php\/avustralyanin-nufusu-27-milyonu-asti#article","isPartOf":{"@id":"https:\/\/epochtimestr.com\/index.php\/avustralyanin-nufusu-27-milyonu-asti"},"author":{"name":"Haber Merkezi","@id":"https:\/\/epochtimestr.com\/#\/schema\/person\/3dc5c3adeb9f43923c5aa85889172fdd"},"headline":"Avustralya\u2019n\u0131n N\u00fcfusu 27 Milyonu A\u015ft\u0131","datePublished":"2025-03-29T09:28:18+00:00","dateModified":"2025-03-29T09:28:19+00:00","mainEntityOfPage":{"@id":"https:\/\/epochtimestr.com\/index.php\/avustralyanin-nufusu-27-milyonu-asti"},"wordCount":673,"publisher":{"@id":"https:\/\/epochtimestr.com\/#organization"},"image":{"@id":"https:\/\/epochtimestr.com\/index.php\/avustralyanin-nufusu-27-milyonu-asti#primaryimage"},"thumbnailUrl":"https:\/\/epochtimestr.com\/wp-content\/uploads\/2011y\/pexels-reymundo-tadena-1675363251-27964956-scaled.jpg","keywords":["Avustralya\u2019n\u0131n n\u00fcfusu","g\u00f6\u00e7"],"articleSection":["D\u00dcNYA","ED\u0130T\u00d6R\u00dcN SE\u00c7\u0130M\u0130","G\u00dcNDEM"],"inLanguage":"tr"},{"@type":"WebPage","@id":"https:\/\/epochtimestr.com\/index.php\/avustralyanin-nufusu-27-milyonu-asti","url":"https:\/\/epochtimestr.com\/index.php\/avustralyanin-nufusu-27-milyonu-asti","name":"Avustralya\u2019n\u0131n N\u00fcfusu 27 Milyonu A\u015ft\u0131 - The Epoch Times TR","isPartOf":{"@id":"https:\/\/epochtimestr.com\/#website"},"primaryImageOfPage":{"@id":"https:\/\/epochtimestr.com\/index.php\/avustralyanin-nufusu-27-milyonu-asti#primaryimage"},"image":{"@id":"https:\/\/epochtimestr.com\/index.php\/avustralyanin-nufusu-27-milyonu-asti#primaryimage"},"thumbnailUrl":"https:\/\/epochtimestr.com\/wp-content\/uploads\/2011y\/pexels-reymundo-tadena-1675363251-27964956-scaled.jpg","datePublished":"2025-03-29T09:28:18+00:00","dateModified":"2025-03-29T09:28:19+00:00","description":"Avustralya\u2019n\u0131n n\u00fcfusu ge\u00e7en y\u0131la g\u00f6re 484.000 artarak 27,3 milyona ula\u015ft\u0131. Yeni veriler n\u00fcfus art\u0131\u015f\u0131n\u0131n yava\u015flad\u0131\u011f\u0131n\u0131 ortaya koyuyor.","inLanguage":"tr","potentialAction":[{"@type":"ReadAction","target":["https:\/\/epochtimestr.com\/index.php\/avustralyanin-nufusu-27-milyonu-asti"]}]},{"@type":"ImageObject","inLanguage":"tr","@id":"https:\/\/epochtimestr.com\/index.php\/avustralyanin-nufusu-27-milyonu-asti#primaryimage","url":"https:\/\/epochtimestr.com\/wp-content\/uploads\/2011y\/pexels-reymundo-tadena-1675363251-27964956-scaled.jpg","contentUrl":"https:\/\/epochtimestr.com\/wp-content\/uploads\/2011y\/pexels-reymundo-tadena-1675363251-27964956-scaled.jpg","width":2560,"height":1479},{"@type":"WebSite","@id":"https:\/\/epochtimestr.com\/#website","url":"https:\/\/epochtimestr.com\/","name":"The Epoch Times TR","description":"De\u011fi\u015fen D\u00fcnyam\u0131za Taze Bir Bak\u0131\u015f","publisher":{"@id":"https:\/\/epochtimestr.com\/#organization"},"potentialAction":[{"@type":"SearchAction","target":{"@type":"EntryPoint","urlTemplate":"https:\/\/epochtimestr.com\/?s={search_term_string}"},"query-input":"required name=search_term_string"}],"inLanguage":"tr"},{"@type":"Organization","@id":"https:\/\/epochtimestr.com\/#organization","name":"The EpochTimes T\u00fcrkiye","url":"https:\/\/epochtimestr.com\/","logo":{"@type":"ImageObject","inLanguage":"tr","@id":"https:\/\/epochtimestr.com\/#\/schema\/logo\/image\/","url":"https:\/\/epochtimestr.com\/wp-content\/uploads\/2011y\/ET-Logo-YG.jpg","contentUrl":"https:\/\/epochtimestr.com\/wp-content\/uploads\/2011y\/ET-Logo-YG.jpg","width":346,"height":29,"caption":"The EpochTimes T\u00fcrkiye"},"image":{"@id":"https:\/\/epochtimestr.com\/#\/schema\/logo\/image\/"},"sameAs":["https:\/\/www.facebook.com\/theepochtimestr","https:\/\/x.com\/TheEpochTimesTR","https:\/\/www.instagram.com\/epochtimestr"]},{"@type":"Person","@id":"https:\/\/epochtimestr.com\/#\/schema\/person\/3dc5c3adeb9f43923c5aa85889172fdd","name":"Haber Merkezi","image":{"@type":"ImageObject","inLanguage":"tr","@id":"https:\/\/epochtimestr.com\/#\/schema\/person\/image\/","url":"https:\/\/secure.gravatar.com\/avatar\/d73f772ba5a74f28601361e17c2f93e6?s=96&d=mm&r=g","contentUrl":"https:\/\/secure.gravatar.com\/avatar\/d73f772ba5a74f28601361e17c2f93e6?s=96&d=mm&r=g","caption":"Haber Merkezi"},"url":"https:\/\/epochtimestr.com\/index.php\/author\/sendag"}]}},"_links":{"self":[{"href":"https:\/\/epochtimestr.com\/index.php\/wp-json\/wp\/v2\/posts\/157285"}],"collection":[{"href":"https:\/\/epochtimestr.com\/index.php\/wp-json\/wp\/v2\/posts"}],"about":[{"href":"https:\/\/epochtimestr.com\/index.php\/wp-json\/wp\/v2\/types\/post"}],"author":[{"embeddable":true,"href":"https:\/\/epochtimestr.com\/index.php\/wp-json\/wp\/v2\/users\/12791"}],"replies":[{"embeddable":true,"href":"https:\/\/epochtimestr.com\/index.php\/wp-json\/wp\/v2\/comments?post=157285"}],"version-history":[{"count":4,"href":"https:\/\/epochtimestr.com\/index.php\/wp-json\/wp\/v2\/posts\/157285\/revisions"}],"predecessor-version":[{"id":157312,"href":"https:\/\/epochtimestr.com\/index.php\/wp-json\/wp\/v2\/posts\/157285\/revisions\/157312"}],"wp:featuredmedia":[{"embeddable":true,"href":"https:\/\/epochtimestr.com\/index.php\/wp-json\/wp\/v2\/media\/157309"}],"wp:attachment":[{"href":"https:\/\/epochtimestr.com\/index.php\/wp-json\/wp\/v2\/media?parent=157285"}],"wp:term":[{"taxonomy":"category","embeddable":true,"href":"https:\/\/epochtimestr.com\/index.php\/wp-json\/wp\/v2\/categories?post=157285"},{"taxonomy":"post_tag","embeddable":true,"href":"https:\/\/epochtimestr.com\/index.php\/wp-json\/wp\/v2\/tags?post=157285"}],"curies":[{"name":"wp","href":"https:\/\/api.w.org\/{rel}","templated":true}]}}