{"id":157532,"date":"2025-04-08T02:51:44","date_gmt":"2025-04-07T23:51:44","guid":{"rendered":"https:\/\/epochtimestr.com\/?p=157532"},"modified":"2025-04-08T02:51:45","modified_gmt":"2025-04-07T23:51:45","slug":"bireysel-kredi-ve-kredi-karti-borcundan-dolayi-yasal-takibe-intikal-etmis-kisi-sayisi-artti","status":"publish","type":"post","link":"https:\/\/epochtimestr.com\/index.php\/bireysel-kredi-ve-kredi-karti-borcundan-dolayi-yasal-takibe-intikal-etmis-kisi-sayisi-artti","title":{"rendered":"Bireysel Kredi ve Kredi Kart\u0131 Borcundan Dolay\u0131 Yasal Takibe \u0130ntikal Etmi\u015f Ki\u015fi Say\u0131s\u0131 Artt\u0131"},"content":{"rendered":"<div class=\"wp-block-image\">\n<figure class=\"aligncenter size-full\"><img loading=\"lazy\" decoding=\"async\" width=\"1280\" height=\"722\" src=\"https:\/\/epochtimestr.com\/wp-content\/uploads\/2011y\/kredi-karti-1.jpg\" alt=\"\" class=\"wp-image-157533\" srcset=\"https:\/\/epochtimestr.com\/wp-content\/uploads\/2011y\/kredi-karti-1.jpg 1280w, https:\/\/epochtimestr.com\/wp-content\/uploads\/2011y\/kredi-karti-1-300x169.jpg 300w, https:\/\/epochtimestr.com\/wp-content\/uploads\/2011y\/kredi-karti-1-150x85.jpg 150w, https:\/\/epochtimestr.com\/wp-content\/uploads\/2011y\/kredi-karti-1-768x433.jpg 768w\" sizes=\"(max-width: 1280px) 100vw, 1280px\" \/><figcaption class=\"wp-element-caption\">Bireysel Kredi ve Kredi Kart\u0131 Borcundan Dolay\u0131 Yasal Takibe \u0130ntikal Etmi\u015f Ki\u015fi Say\u0131s\u0131 Artt\u0131<\/figcaption><\/figure><\/div>\n\n\n<h2 class=\"wp-block-heading\">Bireysel kredi veya kredi kart\u0131 borcundan dolay\u0131 yasal takibe girenlerin say\u0131s\u0131ndaki art\u0131\u015f ya\u015fand\u0131.<\/h2>\n\n\n\n<p><a href=\"https:\/\/epochtimestr.com\/index.php\/turkiye-cumhuriyet-merkez-bankasi-tcmb-yonetimi-turkiye-bankalar-birligi-tbb-toplandi\">T\u00fcrkiye Bankalar Birli\u011fi<\/a>, kredi kart\u0131 borcundan dolay\u0131 yasal takibe d\u00fc\u015fen ki\u015fi say\u0131s\u0131n\u0131 a\u00e7\u0131klad\u0131. \u015eubat 2025\u2019te bireysel kredi kart\u0131 borcundan dolay\u0131 yasal takibe intikal etmi\u015f ki\u015fi say\u0131s\u0131 167 bin 163 oldu.<\/p>\n\n\n\n<p>Ayn\u0131 d\u00f6nemde<a href=\"https:\/\/epochtimestr.com\/index.php\/kredi-karti-kullanimina-duzenleme-getirilmesi-bazi-temel-ekonomik-belgelerde-de-yer-buldu\"> bireysel kredi<\/a> borcundan dolay\u0131 yasal takibe d\u00fc\u015fen ki\u015fi say\u0131s\u0131 ise 149 bin 924 olarak a\u00e7\u0131kland\u0131.<\/p>\n\n\n\n<p>\u015eubat 2025\u2019te bir \u00f6nceki y\u0131l\u0131n ayn\u0131 ay\u0131na g\u00f6re bireysel kredi veya bireysel <a href=\"https:\/\/epochtimestr.com\/index.php\/7-bin-lira-uzeri-alisveriste-kredi-karti-ve-banka-karti-kullanma-zorunlulugu\">kredi kart\u0131<\/a> borcundan dolay\u0131 yasal takibe intikal etmi\u015f ki\u015fi say\u0131s\u0131 y\u00fczde 44 artarak 259 bin ki\u015fi oldu.<\/p>\n\n\n<div class=\"wp-block-image\">\n<figure class=\"aligncenter size-full\"><img loading=\"lazy\" decoding=\"async\" width=\"1024\" height=\"412\" src=\"https:\/\/epochtimestr.com\/wp-content\/uploads\/2011y\/bankalar-birligi.webp\" alt=\"\" class=\"wp-image-157534\" srcset=\"https:\/\/epochtimestr.com\/wp-content\/uploads\/2011y\/bankalar-birligi.webp 1024w, https:\/\/epochtimestr.com\/wp-content\/uploads\/2011y\/bankalar-birligi-300x121.webp 300w, https:\/\/epochtimestr.com\/wp-content\/uploads\/2011y\/bankalar-birligi-150x60.webp 150w, https:\/\/epochtimestr.com\/wp-content\/uploads\/2011y\/bankalar-birligi-768x309.webp 768w\" sizes=\"(max-width: 1024px) 100vw, 1024px\" \/><\/figure><\/div>\n\n\n<p>Borcunu \u00f6dememi\u015f ger\u00e7ek ki\u015fi say\u0131s\u0131 sadece kredi kartlar\u0131nda ge\u00e7en y\u0131l\u0131n ayn\u0131 ay\u0131na g\u00f6re y\u00fczde 52, kredilerdeyse y\u00fczde 40 art\u0131\u015f g\u00f6sterdi.<\/p>\n\n\n\n<p>Risk Merkezi verilerine g\u00f6re, \u015eubat 2025 itibar\u0131yla bireysel kredi kartlar\u0131n\u0131 da i\u00e7eren bireysel kredilerde tasfiye olunacak alacaklar bir \u00f6nceki y\u0131la g\u00f6re y\u00fczde 182 art\u0131\u015f ile 163 milyar lira oldu.<\/p>\n\n\n\n<p>Bununla birlikte,T\u00fcrkiye Bankalar Birli\u011fi ( TBB), 20 bin TL alt\u0131 nakit \u00e7ekimlerin sadece ATM\u2019den yap\u0131laca\u011f\u0131 iddialar\u0131n\u0131 yalanlad\u0131. Konuyla ilgili herhangi bir karar ya da a\u00e7\u0131klamalar\u0131n\u0131n olmad\u0131\u011f\u0131n\u0131 duyurdu.T\u00fcrkiye Bankalar Birli\u011fi (TBB), baz\u0131 haberlerde yer alan, bankalar\u0131n m\u00fc\u015fterilerini 20 bin liraya kadar olan i\u015flemlerini gi\u015feden yapmak yerine ATM\u2019lere y\u00f6nlendirdi\u011fi iddialar\u0131na ili\u015fkin, Birli\u011fin b\u00f6yle bir karar\u0131 ve a\u00e7\u0131klamas\u0131n\u0131n olmad\u0131\u011f\u0131n\u0131 bildirdi.<\/p>\n\n\n\n<p>TBB\u2019den yap\u0131lan yaz\u0131l\u0131 a\u00e7\u0131klamada, \u201cDijital platformlarda yay\u0131n yapan baz\u0131 medya kurulu\u015flar\u0131n\u0131n haberlerinde bankalar\u0131n m\u00fc\u015fterilerini, 20 bin TL\u2019ye kadar olan i\u015flemlerini gi\u015feden yapmak yerine ATM\u2019lere y\u00f6nlendirdikleri belirtilmekte ve TBB\u2019nin a\u00e7\u0131klamalar\u0131ndan bahsedilmektedir. TBB\u2019nin konuyla ilgili bir karar\u0131 ve a\u00e7\u0131klamas\u0131 bulunmamaktad\u0131r.\u201d ifadelerine yer verildi.<\/p>\n\n\n\n<figure class=\"wp-block-embed is-type-rich is-provider-twitter wp-block-embed-twitter\"><div class=\"wp-block-embed__wrapper\">\n<blockquote class=\"twitter-tweet\" data-width=\"550\" data-dnt=\"true\"><p lang=\"tr\" dir=\"ltr\">Bankac\u0131l\u0131k i\u015flemleri hakk\u0131nda \u00e7\u0131kan as\u0131ls\u0131z haberlere ili\u015fkin Kamuoyu Duyurusu yay\u0131mland\u0131.<br>Okumak i\u00e7in: <a href=\"https:\/\/t.co\/jhcnxitXuK\">https:\/\/t.co\/jhcnxitXuK<\/a> <a href=\"https:\/\/t.co\/kGkAOyqjl7\">pic.twitter.com\/kGkAOyqjl7<\/a><\/p>&mdash; T\u00fcrkiye Bankalar Birli\u011fi (@BankalarBirligi) <a href=\"https:\/\/twitter.com\/BankalarBirligi\/status\/1908486015964053727?ref_src=twsrc%5Etfw\">April 5, 2025<\/a><\/blockquote><script async src=\"https:\/\/platform.twitter.com\/widgets.js\" charset=\"utf-8\"><\/script>\n<\/div><\/figure>\n","protected":false},"excerpt":{"rendered":"<p>Bireysel kredi veya kredi kart\u0131 borcundan dolay\u0131 yasal takibe girenlerin say\u0131s\u0131ndaki art\u0131\u015f ya\u015fand\u0131. T\u00fcrkiye Bankalar Birli\u011fi, kredi kart\u0131 borcundan dolay\u0131 yasal takibe d\u00fc\u015fen ki\u015fi say\u0131s\u0131n\u0131 a\u00e7\u0131klad\u0131. \u015eubat 2025\u2019te bireysel kredi kart\u0131 borcundan dolay\u0131 yasal takibe intikal etmi\u015f ki\u015fi say\u0131s\u0131 167 bin 163 oldu. Ayn\u0131 d\u00f6nemde bireysel kredi borcundan dolay\u0131 yasal takibe d\u00fc\u015fen ki\u015fi say\u0131s\u0131 ise [&hellip;]<\/p>\n","protected":false},"author":12791,"featured_media":157533,"comment_status":"closed","ping_status":"open","sticky":false,"template":"","format":"standard","meta":{"_yoast_wpseo_focuskw":"Bireysel Kredi ve Kredi Kart\u0131 Borcundan Dolay\u0131 Yasal Takibe \u0130ntikal Etmi\u015f Ki\u015fi Say\u0131s\u0131 Artt\u0131","_yoast_wpseo_title":"","_yoast_wpseo_metadesc":"Bireysel kredi veya kredi kart\u0131 borcundan dolay\u0131 yasal takibe girenlerin say\u0131s\u0131ndaki art\u0131\u015f ya\u015fand\u0131.","_bbp_topic_count":0,"_bbp_reply_count":0,"_bbp_total_topic_count":0,"_bbp_total_reply_count":0,"_bbp_voice_count":0,"_bbp_anonymous_reply_count":0,"_bbp_topic_count_hidden":0,"_bbp_reply_count_hidden":0,"_bbp_forum_subforum_count":0,"footnotes":"","_yoast_wpseo_focuskw_text_input":""},"categories":[8225,1,8138,37],"tags":[8546,2685,8547],"yoast_head":"<!-- This site is optimized with the Yoast SEO plugin v23.0 - https:\/\/yoast.com\/wordpress\/plugins\/seo\/ -->\n<title>Bireysel Kredi ve Kredi Kart\u0131 Borcundan Dolay\u0131 Yasal Takibe \u0130ntikal Etmi\u015f Ki\u015fi Say\u0131s\u0131 Artt\u0131 - The Epoch Times TR<\/title>\n<meta name=\"description\" content=\"Bireysel kredi veya kredi kart\u0131 borcundan dolay\u0131 yasal takibe girenlerin say\u0131s\u0131ndaki art\u0131\u015f ya\u015fand\u0131.\" \/>\n<meta name=\"robots\" content=\"index, follow, max-snippet:-1, max-image-preview:large, max-video-preview:-1\" \/>\n<link rel=\"canonical\" href=\"https:\/\/epochtimestr.com\/index.php\/bireysel-kredi-ve-kredi-karti-borcundan-dolayi-yasal-takibe-intikal-etmis-kisi-sayisi-artti\" \/>\n<meta property=\"og:locale\" content=\"tr_TR\" \/>\n<meta property=\"og:type\" content=\"article\" \/>\n<meta property=\"og:title\" content=\"Bireysel Kredi ve Kredi Kart\u0131 Borcundan Dolay\u0131 Yasal Takibe \u0130ntikal Etmi\u015f Ki\u015fi Say\u0131s\u0131 Artt\u0131 - The Epoch Times TR\" \/>\n<meta property=\"og:description\" content=\"Bireysel kredi veya kredi kart\u0131 borcundan dolay\u0131 yasal takibe girenlerin say\u0131s\u0131ndaki art\u0131\u015f ya\u015fand\u0131.\" \/>\n<meta property=\"og:url\" content=\"https:\/\/epochtimestr.com\/index.php\/bireysel-kredi-ve-kredi-karti-borcundan-dolayi-yasal-takibe-intikal-etmis-kisi-sayisi-artti\" \/>\n<meta property=\"og:site_name\" content=\"The Epoch Times TR\" \/>\n<meta property=\"article:publisher\" content=\"https:\/\/www.facebook.com\/theepochtimestr\" \/>\n<meta property=\"article:published_time\" content=\"2025-04-07T23:51:44+00:00\" \/>\n<meta property=\"article:modified_time\" content=\"2025-04-07T23:51:45+00:00\" \/>\n<meta property=\"og:image\" content=\"https:\/\/epochtimestr.com\/wp-content\/uploads\/2011y\/kredi-karti-1.jpg\" \/>\n\t<meta property=\"og:image:width\" content=\"1280\" \/>\n\t<meta property=\"og:image:height\" content=\"722\" \/>\n\t<meta property=\"og:image:type\" content=\"image\/jpeg\" \/>\n<meta name=\"author\" content=\"Haber Merkezi\" \/>\n<meta name=\"twitter:card\" content=\"summary_large_image\" \/>\n<meta name=\"twitter:creator\" content=\"@TheEpochTimesTR\" \/>\n<meta name=\"twitter:site\" content=\"@TheEpochTimesTR\" \/>\n<meta name=\"twitter:label1\" content=\"Yazan:\" \/>\n\t<meta name=\"twitter:data1\" content=\"Haber Merkezi\" \/>\n\t<meta name=\"twitter:label2\" content=\"Tahmini okuma s\u00fcresi\" \/>\n\t<meta name=\"twitter:data2\" content=\"3 dakika\" \/>\n<script type=\"application\/ld+json\" class=\"yoast-schema-graph\">{\"@context\":\"https:\/\/schema.org\",\"@graph\":[{\"@type\":\"Article\",\"@id\":\"https:\/\/epochtimestr.com\/index.php\/bireysel-kredi-ve-kredi-karti-borcundan-dolayi-yasal-takibe-intikal-etmis-kisi-sayisi-artti#article\",\"isPartOf\":{\"@id\":\"https:\/\/epochtimestr.com\/index.php\/bireysel-kredi-ve-kredi-karti-borcundan-dolayi-yasal-takibe-intikal-etmis-kisi-sayisi-artti\"},\"author\":{\"name\":\"Haber Merkezi\",\"@id\":\"https:\/\/epochtimestr.com\/#\/schema\/person\/3dc5c3adeb9f43923c5aa85889172fdd\"},\"headline\":\"Bireysel Kredi ve Kredi Kart\u0131 Borcundan Dolay\u0131 Yasal Takibe \u0130ntikal Etmi\u015f Ki\u015fi Say\u0131s\u0131 Artt\u0131\",\"datePublished\":\"2025-04-07T23:51:44+00:00\",\"dateModified\":\"2025-04-07T23:51:45+00:00\",\"mainEntityOfPage\":{\"@id\":\"https:\/\/epochtimestr.com\/index.php\/bireysel-kredi-ve-kredi-karti-borcundan-dolayi-yasal-takibe-intikal-etmis-kisi-sayisi-artti\"},\"wordCount\":351,\"publisher\":{\"@id\":\"https:\/\/epochtimestr.com\/#organization\"},\"image\":{\"@id\":\"https:\/\/epochtimestr.com\/index.php\/bireysel-kredi-ve-kredi-karti-borcundan-dolayi-yasal-takibe-intikal-etmis-kisi-sayisi-artti#primaryimage\"},\"thumbnailUrl\":\"https:\/\/epochtimestr.com\/wp-content\/uploads\/2011y\/kredi-karti-1.jpg\",\"keywords\":[\"Bankalar Birli\u011fi\",\"kredi kart\u0131 borcu\",\"yasal takip\"],\"articleSection\":[\"Ekonomi\",\"G\u00dcNDEM\",\"MAN\u015eET\",\"T\u00dcRK\u0130YE\"],\"inLanguage\":\"tr\"},{\"@type\":\"WebPage\",\"@id\":\"https:\/\/epochtimestr.com\/index.php\/bireysel-kredi-ve-kredi-karti-borcundan-dolayi-yasal-takibe-intikal-etmis-kisi-sayisi-artti\",\"url\":\"https:\/\/epochtimestr.com\/index.php\/bireysel-kredi-ve-kredi-karti-borcundan-dolayi-yasal-takibe-intikal-etmis-kisi-sayisi-artti\",\"name\":\"Bireysel Kredi ve Kredi Kart\u0131 Borcundan Dolay\u0131 Yasal Takibe \u0130ntikal Etmi\u015f Ki\u015fi Say\u0131s\u0131 Artt\u0131 - The Epoch Times TR\",\"isPartOf\":{\"@id\":\"https:\/\/epochtimestr.com\/#website\"},\"primaryImageOfPage\":{\"@id\":\"https:\/\/epochtimestr.com\/index.php\/bireysel-kredi-ve-kredi-karti-borcundan-dolayi-yasal-takibe-intikal-etmis-kisi-sayisi-artti#primaryimage\"},\"image\":{\"@id\":\"https:\/\/epochtimestr.com\/index.php\/bireysel-kredi-ve-kredi-karti-borcundan-dolayi-yasal-takibe-intikal-etmis-kisi-sayisi-artti#primaryimage\"},\"thumbnailUrl\":\"https:\/\/epochtimestr.com\/wp-content\/uploads\/2011y\/kredi-karti-1.jpg\",\"datePublished\":\"2025-04-07T23:51:44+00:00\",\"dateModified\":\"2025-04-07T23:51:45+00:00\",\"description\":\"Bireysel kredi veya kredi kart\u0131 borcundan dolay\u0131 yasal takibe girenlerin say\u0131s\u0131ndaki art\u0131\u015f ya\u015fand\u0131.\",\"inLanguage\":\"tr\",\"potentialAction\":[{\"@type\":\"ReadAction\",\"target\":[\"https:\/\/epochtimestr.com\/index.php\/bireysel-kredi-ve-kredi-karti-borcundan-dolayi-yasal-takibe-intikal-etmis-kisi-sayisi-artti\"]}]},{\"@type\":\"ImageObject\",\"inLanguage\":\"tr\",\"@id\":\"https:\/\/epochtimestr.com\/index.php\/bireysel-kredi-ve-kredi-karti-borcundan-dolayi-yasal-takibe-intikal-etmis-kisi-sayisi-artti#primaryimage\",\"url\":\"https:\/\/epochtimestr.com\/wp-content\/uploads\/2011y\/kredi-karti-1.jpg\",\"contentUrl\":\"https:\/\/epochtimestr.com\/wp-content\/uploads\/2011y\/kredi-karti-1.jpg\",\"width\":1280,\"height\":722},{\"@type\":\"WebSite\",\"@id\":\"https:\/\/epochtimestr.com\/#website\",\"url\":\"https:\/\/epochtimestr.com\/\",\"name\":\"The Epoch Times TR\",\"description\":\"De\u011fi\u015fen D\u00fcnyam\u0131za Taze Bir Bak\u0131\u015f\",\"publisher\":{\"@id\":\"https:\/\/epochtimestr.com\/#organization\"},\"potentialAction\":[{\"@type\":\"SearchAction\",\"target\":{\"@type\":\"EntryPoint\",\"urlTemplate\":\"https:\/\/epochtimestr.com\/?s={search_term_string}\"},\"query-input\":\"required name=search_term_string\"}],\"inLanguage\":\"tr\"},{\"@type\":\"Organization\",\"@id\":\"https:\/\/epochtimestr.com\/#organization\",\"name\":\"The EpochTimes T\u00fcrkiye\",\"url\":\"https:\/\/epochtimestr.com\/\",\"logo\":{\"@type\":\"ImageObject\",\"inLanguage\":\"tr\",\"@id\":\"https:\/\/epochtimestr.com\/#\/schema\/logo\/image\/\",\"url\":\"https:\/\/epochtimestr.com\/wp-content\/uploads\/2011y\/ET-Logo-YG.jpg\",\"contentUrl\":\"https:\/\/epochtimestr.com\/wp-content\/uploads\/2011y\/ET-Logo-YG.jpg\",\"width\":346,\"height\":29,\"caption\":\"The EpochTimes T\u00fcrkiye\"},\"image\":{\"@id\":\"https:\/\/epochtimestr.com\/#\/schema\/logo\/image\/\"},\"sameAs\":[\"https:\/\/www.facebook.com\/theepochtimestr\",\"https:\/\/x.com\/TheEpochTimesTR\",\"https:\/\/www.instagram.com\/epochtimestr\"]},{\"@type\":\"Person\",\"@id\":\"https:\/\/epochtimestr.com\/#\/schema\/person\/3dc5c3adeb9f43923c5aa85889172fdd\",\"name\":\"Haber Merkezi\",\"image\":{\"@type\":\"ImageObject\",\"inLanguage\":\"tr\",\"@id\":\"https:\/\/epochtimestr.com\/#\/schema\/person\/image\/\",\"url\":\"https:\/\/secure.gravatar.com\/avatar\/d73f772ba5a74f28601361e17c2f93e6?s=96&d=mm&r=g\",\"contentUrl\":\"https:\/\/secure.gravatar.com\/avatar\/d73f772ba5a74f28601361e17c2f93e6?s=96&d=mm&r=g\",\"caption\":\"Haber Merkezi\"},\"url\":\"https:\/\/epochtimestr.com\/index.php\/author\/sendag\"}]}<\/script>\n<!-- \/ Yoast SEO plugin. -->","yoast_head_json":{"title":"Bireysel Kredi ve Kredi Kart\u0131 Borcundan Dolay\u0131 Yasal Takibe \u0130ntikal Etmi\u015f Ki\u015fi Say\u0131s\u0131 Artt\u0131 - The Epoch Times TR","description":"Bireysel kredi veya kredi kart\u0131 borcundan dolay\u0131 yasal takibe girenlerin say\u0131s\u0131ndaki art\u0131\u015f ya\u015fand\u0131.","robots":{"index":"index","follow":"follow","max-snippet":"max-snippet:-1","max-image-preview":"max-image-preview:large","max-video-preview":"max-video-preview:-1"},"canonical":"https:\/\/epochtimestr.com\/index.php\/bireysel-kredi-ve-kredi-karti-borcundan-dolayi-yasal-takibe-intikal-etmis-kisi-sayisi-artti","og_locale":"tr_TR","og_type":"article","og_title":"Bireysel Kredi ve Kredi Kart\u0131 Borcundan Dolay\u0131 Yasal Takibe \u0130ntikal Etmi\u015f Ki\u015fi Say\u0131s\u0131 Artt\u0131 - The Epoch Times TR","og_description":"Bireysel kredi veya kredi kart\u0131 borcundan dolay\u0131 yasal takibe girenlerin say\u0131s\u0131ndaki art\u0131\u015f ya\u015fand\u0131.","og_url":"https:\/\/epochtimestr.com\/index.php\/bireysel-kredi-ve-kredi-karti-borcundan-dolayi-yasal-takibe-intikal-etmis-kisi-sayisi-artti","og_site_name":"The Epoch Times TR","article_publisher":"https:\/\/www.facebook.com\/theepochtimestr","article_published_time":"2025-04-07T23:51:44+00:00","article_modified_time":"2025-04-07T23:51:45+00:00","og_image":[{"width":1280,"height":722,"url":"https:\/\/epochtimestr.com\/wp-content\/uploads\/2011y\/kredi-karti-1.jpg","type":"image\/jpeg"}],"author":"Haber Merkezi","twitter_card":"summary_large_image","twitter_creator":"@TheEpochTimesTR","twitter_site":"@TheEpochTimesTR","twitter_misc":{"Yazan:":"Haber Merkezi","Tahmini okuma s\u00fcresi":"3 dakika"},"schema":{"@context":"https:\/\/schema.org","@graph":[{"@type":"Article","@id":"https:\/\/epochtimestr.com\/index.php\/bireysel-kredi-ve-kredi-karti-borcundan-dolayi-yasal-takibe-intikal-etmis-kisi-sayisi-artti#article","isPartOf":{"@id":"https:\/\/epochtimestr.com\/index.php\/bireysel-kredi-ve-kredi-karti-borcundan-dolayi-yasal-takibe-intikal-etmis-kisi-sayisi-artti"},"author":{"name":"Haber Merkezi","@id":"https:\/\/epochtimestr.com\/#\/schema\/person\/3dc5c3adeb9f43923c5aa85889172fdd"},"headline":"Bireysel Kredi ve Kredi Kart\u0131 Borcundan Dolay\u0131 Yasal Takibe \u0130ntikal Etmi\u015f Ki\u015fi Say\u0131s\u0131 Artt\u0131","datePublished":"2025-04-07T23:51:44+00:00","dateModified":"2025-04-07T23:51:45+00:00","mainEntityOfPage":{"@id":"https:\/\/epochtimestr.com\/index.php\/bireysel-kredi-ve-kredi-karti-borcundan-dolayi-yasal-takibe-intikal-etmis-kisi-sayisi-artti"},"wordCount":351,"publisher":{"@id":"https:\/\/epochtimestr.com\/#organization"},"image":{"@id":"https:\/\/epochtimestr.com\/index.php\/bireysel-kredi-ve-kredi-karti-borcundan-dolayi-yasal-takibe-intikal-etmis-kisi-sayisi-artti#primaryimage"},"thumbnailUrl":"https:\/\/epochtimestr.com\/wp-content\/uploads\/2011y\/kredi-karti-1.jpg","keywords":["Bankalar Birli\u011fi","kredi kart\u0131 borcu","yasal takip"],"articleSection":["Ekonomi","G\u00dcNDEM","MAN\u015eET","T\u00dcRK\u0130YE"],"inLanguage":"tr"},{"@type":"WebPage","@id":"https:\/\/epochtimestr.com\/index.php\/bireysel-kredi-ve-kredi-karti-borcundan-dolayi-yasal-takibe-intikal-etmis-kisi-sayisi-artti","url":"https:\/\/epochtimestr.com\/index.php\/bireysel-kredi-ve-kredi-karti-borcundan-dolayi-yasal-takibe-intikal-etmis-kisi-sayisi-artti","name":"Bireysel Kredi ve Kredi Kart\u0131 Borcundan Dolay\u0131 Yasal Takibe \u0130ntikal Etmi\u015f Ki\u015fi Say\u0131s\u0131 Artt\u0131 - The Epoch Times TR","isPartOf":{"@id":"https:\/\/epochtimestr.com\/#website"},"primaryImageOfPage":{"@id":"https:\/\/epochtimestr.com\/index.php\/bireysel-kredi-ve-kredi-karti-borcundan-dolayi-yasal-takibe-intikal-etmis-kisi-sayisi-artti#primaryimage"},"image":{"@id":"https:\/\/epochtimestr.com\/index.php\/bireysel-kredi-ve-kredi-karti-borcundan-dolayi-yasal-takibe-intikal-etmis-kisi-sayisi-artti#primaryimage"},"thumbnailUrl":"https:\/\/epochtimestr.com\/wp-content\/uploads\/2011y\/kredi-karti-1.jpg","datePublished":"2025-04-07T23:51:44+00:00","dateModified":"2025-04-07T23:51:45+00:00","description":"Bireysel kredi veya kredi kart\u0131 borcundan dolay\u0131 yasal takibe girenlerin say\u0131s\u0131ndaki art\u0131\u015f ya\u015fand\u0131.","inLanguage":"tr","potentialAction":[{"@type":"ReadAction","target":["https:\/\/epochtimestr.com\/index.php\/bireysel-kredi-ve-kredi-karti-borcundan-dolayi-yasal-takibe-intikal-etmis-kisi-sayisi-artti"]}]},{"@type":"ImageObject","inLanguage":"tr","@id":"https:\/\/epochtimestr.com\/index.php\/bireysel-kredi-ve-kredi-karti-borcundan-dolayi-yasal-takibe-intikal-etmis-kisi-sayisi-artti#primaryimage","url":"https:\/\/epochtimestr.com\/wp-content\/uploads\/2011y\/kredi-karti-1.jpg","contentUrl":"https:\/\/epochtimestr.com\/wp-content\/uploads\/2011y\/kredi-karti-1.jpg","width":1280,"height":722},{"@type":"WebSite","@id":"https:\/\/epochtimestr.com\/#website","url":"https:\/\/epochtimestr.com\/","name":"The Epoch Times TR","description":"De\u011fi\u015fen D\u00fcnyam\u0131za Taze Bir Bak\u0131\u015f","publisher":{"@id":"https:\/\/epochtimestr.com\/#organization"},"potentialAction":[{"@type":"SearchAction","target":{"@type":"EntryPoint","urlTemplate":"https:\/\/epochtimestr.com\/?s={search_term_string}"},"query-input":"required name=search_term_string"}],"inLanguage":"tr"},{"@type":"Organization","@id":"https:\/\/epochtimestr.com\/#organization","name":"The EpochTimes T\u00fcrkiye","url":"https:\/\/epochtimestr.com\/","logo":{"@type":"ImageObject","inLanguage":"tr","@id":"https:\/\/epochtimestr.com\/#\/schema\/logo\/image\/","url":"https:\/\/epochtimestr.com\/wp-content\/uploads\/2011y\/ET-Logo-YG.jpg","contentUrl":"https:\/\/epochtimestr.com\/wp-content\/uploads\/2011y\/ET-Logo-YG.jpg","width":346,"height":29,"caption":"The EpochTimes T\u00fcrkiye"},"image":{"@id":"https:\/\/epochtimestr.com\/#\/schema\/logo\/image\/"},"sameAs":["https:\/\/www.facebook.com\/theepochtimestr","https:\/\/x.com\/TheEpochTimesTR","https:\/\/www.instagram.com\/epochtimestr"]},{"@type":"Person","@id":"https:\/\/epochtimestr.com\/#\/schema\/person\/3dc5c3adeb9f43923c5aa85889172fdd","name":"Haber Merkezi","image":{"@type":"ImageObject","inLanguage":"tr","@id":"https:\/\/epochtimestr.com\/#\/schema\/person\/image\/","url":"https:\/\/secure.gravatar.com\/avatar\/d73f772ba5a74f28601361e17c2f93e6?s=96&d=mm&r=g","contentUrl":"https:\/\/secure.gravatar.com\/avatar\/d73f772ba5a74f28601361e17c2f93e6?s=96&d=mm&r=g","caption":"Haber Merkezi"},"url":"https:\/\/epochtimestr.com\/index.php\/author\/sendag"}]}},"_links":{"self":[{"href":"https:\/\/epochtimestr.com\/index.php\/wp-json\/wp\/v2\/posts\/157532"}],"collection":[{"href":"https:\/\/epochtimestr.com\/index.php\/wp-json\/wp\/v2\/posts"}],"about":[{"href":"https:\/\/epochtimestr.com\/index.php\/wp-json\/wp\/v2\/types\/post"}],"author":[{"embeddable":true,"href":"https:\/\/epochtimestr.com\/index.php\/wp-json\/wp\/v2\/users\/12791"}],"replies":[{"embeddable":true,"href":"https:\/\/epochtimestr.com\/index.php\/wp-json\/wp\/v2\/comments?post=157532"}],"version-history":[{"count":1,"href":"https:\/\/epochtimestr.com\/index.php\/wp-json\/wp\/v2\/posts\/157532\/revisions"}],"predecessor-version":[{"id":157535,"href":"https:\/\/epochtimestr.com\/index.php\/wp-json\/wp\/v2\/posts\/157532\/revisions\/157535"}],"wp:featuredmedia":[{"embeddable":true,"href":"https:\/\/epochtimestr.com\/index.php\/wp-json\/wp\/v2\/media\/157533"}],"wp:attachment":[{"href":"https:\/\/epochtimestr.com\/index.php\/wp-json\/wp\/v2\/media?parent=157532"}],"wp:term":[{"taxonomy":"category","embeddable":true,"href":"https:\/\/epochtimestr.com\/index.php\/wp-json\/wp\/v2\/categories?post=157532"},{"taxonomy":"post_tag","embeddable":true,"href":"https:\/\/epochtimestr.com\/index.php\/wp-json\/wp\/v2\/tags?post=157532"}],"curies":[{"name":"wp","href":"https:\/\/api.w.org\/{rel}","templated":true}]}}