{"id":157544,"date":"2025-04-08T20:25:24","date_gmt":"2025-04-08T17:25:24","guid":{"rendered":"https:\/\/epochtimestr.com\/?p=157544"},"modified":"2025-04-08T20:25:26","modified_gmt":"2025-04-08T17:25:26","slug":"trump-karsiti-protestolar-abdde-yayiliyor","status":"publish","type":"post","link":"https:\/\/epochtimestr.com\/index.php\/trump-karsiti-protestolar-abdde-yayiliyor","title":{"rendered":"Trump Kar\u015f\u0131t\u0131 Protestolar ABD\u2019de Yay\u0131l\u0131yor"},"content":{"rendered":"\n<h2 class=\"wp-block-heading\">\u00dclke \u00e7ap\u0131nda yay\u0131lan etkinlik, ABD genelindeki \u015fehirlerde Trump kar\u015f\u0131t\u0131 protestocular\u0131 bir araya getirdi.<\/h2>\n\n\n<div class=\"wp-block-image\">\n<figure class=\"aligncenter size-full\"><img loading=\"lazy\" decoding=\"async\" width=\"1080\" height=\"720\" src=\"https:\/\/epochtimestr.com\/wp-content\/uploads\/2011y\/image-250.png\" alt=\"Trump kar\u015f\u0131t\u0131 protestolar ABD\u2019de yay\u0131l\u0131yor. \u0130nsanlar Ba\u015fkan Donald Trump ve DOGE\u2019yi denetleyen dan\u0131\u015fman\u0131 Elon Musk\u2019a kar\u015f\u0131 d\u00fczenlenen protestoya kat\u0131l\u0131yor. 5 Nisan 2025, Washington. (Foto\u011fraf: Madalina Vasiliu, The Epoch Times)\" class=\"wp-image-157545\" srcset=\"https:\/\/epochtimestr.com\/wp-content\/uploads\/2011y\/image-250.png 1080w, https:\/\/epochtimestr.com\/wp-content\/uploads\/2011y\/image-250-300x200.png 300w, https:\/\/epochtimestr.com\/wp-content\/uploads\/2011y\/image-250-150x100.png 150w, https:\/\/epochtimestr.com\/wp-content\/uploads\/2011y\/image-250-768x512.png 768w\" sizes=\"(max-width: 1080px) 100vw, 1080px\" \/><figcaption class=\"wp-element-caption\"><em>Trump kar\u015f\u0131t\u0131 protestolar ABD\u2019de yay\u0131l\u0131yor.<\/em> <em>\u0130nsanlar Ba\u015fkan Donald Trump ve DOGE\u2019yi denetleyen dan\u0131\u015fman\u0131 Elon Musk\u2019a kar\u015f\u0131 d\u00fczenlenen protestoya kat\u0131l\u0131yor. 5 Nisan 2025, Washington. (Foto\u011fraf: Madalina Vasiliu, The Epoch Times)<\/em><\/figcaption><\/figure><\/div>\n\n\n<p>Trump kar\u015f\u0131t\u0131 protestolar ABD genelindeki \u015fehirlerde yay\u0131l\u0131yor. \u201cEllerini \u00c7ek!\u201d slogan\u0131yla, Trump y\u00f6netimine kar\u015f\u0131 \u00fclke \u00e7ap\u0131nda protestolar ba\u015flad\u0131. 50 eyaletin tamam\u0131nda 1.000\u2019den fazla yerde g\u00f6steri yap\u0131lmas\u0131 planlan\u0131yor.<\/p>\n\n\n\n<p>Trump y\u00f6netimine kar\u015f\u0131 ABD \u00e7ap\u0131nda \u201cEllerini \u00c7ek!\u201d protesto g\u00f6sterileri ger\u00e7ekle\u015fti. Binlerce protestocu, 5 Nisan\u2019da Washington\u2019daki Washington An\u0131t\u0131\u2019n\u0131n etraf\u0131nda topland\u0131.<\/p>\n\n\n\n<p>Siyasi aktivistler Washington An\u0131t\u0131\u2019na k\u0131sa bir mesafede bulunan Sylvan Tiyatrosu sahnesinden konu\u015fma yap\u0131yordu. Kalabal\u0131klar i\u00e7eri do\u011fru ilerlerken, birka\u00e7 Demokrat milletvekili de aktivistlere kat\u0131ld\u0131.<\/p>\n\n\n\n<p>Florida Temsilcisi Maxwell Frost \u015funlar\u0131 s\u00f6yledi: \u201cElimizdeki b\u00fct\u00fcn imk\u00e2n ve ara\u00e7lar\u0131 kullanmam\u0131z gerekiyor. Hareketimizin herhangi bir par\u00e7as\u0131n\u0131 bir kenara atmay\u0131 g\u00f6ze alamay\u0131z. Kar\u015f\u0131l\u0131kl\u0131 yard\u0131mla\u015fmaya ihtiyac\u0131m\u0131z var; protestoya ihtiyac\u0131m\u0131z var; do\u011frudan eyleme ihtiyac\u0131m\u0131z var. Ayr\u0131ca bir yasama stratejisine ihtiyac\u0131m\u0131z var. Mahkemelerde dava a\u00e7mam\u0131z gerekiyor. \u00c7\u00fcnk\u00fc sizi temin ederim ki muhalefetimiz, elindeki b\u00fct\u00fcn imk\u00e2n ve ara\u00e7lar\u0131 kullanacakt\u0131r.\u201d<\/p>\n\n\n\n<p>Trump kar\u015f\u0131t\u0131 protestolar Amerika Birle\u015fik Devletleri\u2019nin d\u00f6rt bir yan\u0131ndaki \u015fehirlerde tekrarland\u0131. \u00dclkenin ba\u015fkentindeki g\u00f6steri, yo\u011fun bir \u015fekilde koordine edilen etkinli\u011fin sadece bir par\u00e7as\u0131yd\u0131.<\/p>\n\n\n\n<p>50 eyaletin tamam\u0131nda planlanan 1.000\u2019den fazla g\u00f6steriyi desteklemek \u00fczere, yakla\u015f\u0131k 200 kurulu\u015f bir araya geldi.<\/p>\n\n\n\n<p>Protestocu gruplar aras\u0131nda LGBT, k\u00fcrtaj yanl\u0131s\u0131 ve \u00e7evre savunucusu \u00f6rg\u00fctlerin yan\u0131 s\u0131ra sendikalar ve Demokrat Parti \u00f6rg\u00fctleri de vard\u0131.<\/p>\n\n\n\n<p>\u00dclke \u00e7ap\u0131ndaki g\u00f6sterinin merkezi organizasyon <a href=\"https:\/\/handsoff2025.com\/about\" target=\"_blank\" rel=\"noreferrer noopener\">web sitesi<\/a>, Ba\u015fkan Donald Trump ile ba\u015fkan dan\u0131\u015fman\u0131 ve Devlet Verimlili\u011fi Dairesi (DOGE) ba\u015fkan\u0131 Elon Musk\u2019a odaklan\u0131yor.<\/p>\n\n\n\n<p>Minnessota Temsilcisi Ilhan Omar Washington mitinginde bir konu\u015fma yapt\u0131. \u201cH\u00e2l\u00e2 yarg\u0131 s\u00fcrecine inanan bir \u00fclke istiyorsan\u0131z, bunun i\u00e7in sava\u015fmal\u0131y\u0131z. Kom\u015fular\u0131m\u0131zla ilgilendi\u011fimiz, yoksullar\u0131 g\u00f6zetti\u011fimiz ve \u00e7ocuklar\u0131m\u0131z\u0131n inanabilecekleri bir gelece\u011fe sahip olmalar\u0131n\u0131 sa\u011flad\u0131\u011f\u0131m\u0131z bir \u00fclkeye inan\u0131yorsan\u0131z, bunun i\u00e7in sava\u015fmal\u0131y\u0131z\u201d dedi.<\/p>\n\n\n\n<h3 class=\"wp-block-heading\"><strong>Bir Endi\u015fe Koalisyonu<\/strong><\/h3>\n\n\n\n<p>Texas Temsilcisi Al Green, 5 Mart\u2019taki Kongrede Trump\u2019\u0131n yapt\u0131\u011f\u0131 konu\u015fmaya laf att\u0131\u011f\u0131 i\u00e7in salondan <a href=\"https:\/\/www.theepochtimes.com\/us\/rep-al-green-ejected-from-house-for-heckling-trump-during-speech-to-congress-5820268\" target=\"_blank\" rel=\"noreferrer noopener\">\u00e7\u0131kar\u0131lm\u0131\u015ft<\/a><a href=\"https:\/\/www.theepochtimes.com\/us\/rep-al-green-ejected-from-house-for-heckling-trump-during-speech-to-congress-5820268\">\u0131<\/a>. Washington\u2019da toplanan kalabal\u0131\u011fa, \u00f6n\u00fcm\u00fczdeki 30 g\u00fcn i\u00e7inde Trump\u2019a kar\u015f\u0131 yeni su\u00e7lama maddeleri sunmay\u0131 planlad\u0131\u011f\u0131n\u0131 s\u00f6yledi. Ayr\u0131ca Green, Trump\u2019\u0131n g\u00f6revdeki ilk d\u00f6neminde de s\u00fcrekli su\u00e7lamalarda bulunmu\u015ftu.<\/p>\n\n\n\n<p>Pek \u00e7ok ki\u015fi Trump y\u00f6netimine duydu\u011fu hayal k\u0131r\u0131kl\u0131\u011f\u0131 nedeniyle yerel protesto etkinliklerine ve mitinglere y\u00f6neldi. \u00d6te yandan g\u00f6stericiler, kendilerini neyin \u00fczd\u00fc\u011f\u00fc ve nelerin de\u011fi\u015fmesi gerekti\u011fi konusunda farkl\u0131 g\u00f6r\u00fc\u015fler ortaya koydu.<\/p>\n\n\n\n<p>Protestocu Andrea Davis, Tennessee, Chattanooga\u2019daki bir mitingde The Epoch Times\u2019a konu\u015ftu. \u201cDemokratlar\u0131n ger\u00e7ekten harekete ge\u00e7mesini ve ger\u00e7ekten b\u00fcy\u00fck bir \u015fey yapmas\u0131n\u0131 istiyorum\u201d dedi. Tennessee Nehri k\u0131y\u0131lar\u0131nda toplanan birka\u00e7 y\u00fcz ki\u015filik kalabal\u0131\u011fa i\u015faret ederek, \u201cBu bir ba\u015flang\u0131\u00e7. Ancak daha \u00e7ok \u00e7al\u0131\u015fmam\u0131z gerekiyor\u201d dedi.<\/p>\n\n\n<div class=\"wp-block-image\">\n<figure class=\"aligncenter size-full\"><img loading=\"lazy\" decoding=\"async\" width=\"1200\" height=\"904\" src=\"https:\/\/epochtimestr.com\/wp-content\/uploads\/2011y\/image-251.png\" alt=\"ABD\u2019de insanlar Ba\u015fkan Donald Trump ve Elon Musk\u2019a kar\u015f\u0131 protesto d\u00fczenledi. 5 Nisan 2025, Chattanooga, Tennessee (Foto\u011fraf: Ryan Morgan, The Epoch Times)\" class=\"wp-image-157546\" srcset=\"https:\/\/epochtimestr.com\/wp-content\/uploads\/2011y\/image-251.png 1200w, https:\/\/epochtimestr.com\/wp-content\/uploads\/2011y\/image-251-300x226.png 300w, https:\/\/epochtimestr.com\/wp-content\/uploads\/2011y\/image-251-150x113.png 150w, https:\/\/epochtimestr.com\/wp-content\/uploads\/2011y\/image-251-768x579.png 768w, https:\/\/epochtimestr.com\/wp-content\/uploads\/2011y\/image-251-86x64.png 86w\" sizes=\"(max-width: 1200px) 100vw, 1200px\" \/><figcaption class=\"wp-element-caption\"><em>ABD\u2019de insanlar Ba\u015fkan Donald Trump ve Elon Musk\u2019a kar\u015f\u0131 protesto d\u00fczenledi. 5 Nisan 2025, Chattanooga, Tennessee (Foto\u011fraf: Ryan Morgan, The Epoch Times)<\/em><\/figcaption><\/figure><\/div>\n\n\n<p>Davis, New Jersey Senat\u00f6r\u00fc Cory Booker\u2019\u0131n bu hafta yapt\u0131\u011f\u0131 konu\u015fmadan etkilendi\u011fini s\u00f6yledi. Booker, 24 saatten fazla ayakta <a href=\"https:\/\/www.theepochtimes.com\/us\/sen-cory-booker-speaks-all-night-on-senate-floor-to-protest-against-trumps-agenda-5834871\" target=\"_blank\" rel=\"noreferrer noopener\">konu\u015farak<\/a> bir rekor k\u0131rm\u0131\u015ft\u0131. Ayr\u0131ca herhangi bir yasay\u0131 engellemeye \u00e7al\u0131\u015fmam\u0131\u015f, konu\u015fma s\u00fcresini Trump y\u00f6netimini \u00e7e\u015fitli cephelerde do\u011frudan ele\u015ftirmek i\u00e7in bir f\u0131rsat olarak kullanm\u0131\u015ft\u0131.<\/p>\n\n\n\n<p>The Epoch Times, Davis\u2019e, en \u00e7ok hangi belirli konulardan endi\u015fe duydu\u011funu sordu. Bunun \u00fczerine Davis, Trump\u2019\u0131n federal yarg\u0131\u00e7larla son zamanlarda ya\u015fad\u0131\u011f\u0131 \u00e7at\u0131\u015fmalara dikkat \u00e7ekti. Ba\u015fkan, y\u00f6netiminin g\u00fcndemini yava\u015flatan son mahkeme kararlar\u0131ndan rahats\u0131z oldu. Ayr\u0131ca s\u0131n\u0131r d\u0131\u015f\u0131 u\u00e7u\u015flarla ilgili yasal anla\u015fmazl\u0131klar nedeniyle B\u00f6lge Yarg\u0131c\u0131 James Boasberg\u2019in g\u00f6revden al\u0131nmas\u0131n\u0131 istedi.<\/p>\n\n\n\n<p>Chattanooga\u2019daki bir di\u011fer protestocu Melissa Gates ise, as\u0131l \u201cifade \u00f6zg\u00fcrl\u00fc\u011f\u00fcne yap\u0131lan sald\u0131r\u0131lardan\u201d endi\u015fe duydu\u011funu s\u00f6yledi. S\u00f6zlerine a\u00e7\u0131kl\u0131k getiren Gates, Amerika Birle\u015fik Devletleri\u2019nde \u00f6\u011frenci olarak ya\u015fayanlar\u0131n kar\u015f\u0131la\u015ft\u0131klar\u0131 muameleye de\u011findi. Son kamp\u00fcs protestolar\u0131na kat\u0131lan ki\u015filere y\u00f6nelik s\u0131n\u0131r d\u0131\u015f\u0131 etme eylemlerinden endi\u015fe duydu\u011funu s\u00f6yledi. Ba\u015fkan, \u00e7ok say\u0131da Filistin yanl\u0131s\u0131 kamp\u00fcs aktivistini \u201cter\u00f6rist sempatizan\u0131\u201d olarak nitelendirmi\u015fti. Ayr\u0131ca Trump y\u00f6netimi, bu ki\u015fileri s\u0131n\u0131r d\u0131\u015f\u0131 etmeye \u00e7al\u0131\u015fm\u0131\u015ft\u0131.<\/p>\n\n\n\n<h3 class=\"wp-block-heading\"><strong>Demokratlar ve Trump Hakk\u0131ndaki G\u00f6r\u00fc\u015fler Kar\u0131\u015f\u0131k<\/strong><\/h3>\n\n\n\n<p>G\u00f6stericilerin bir k\u0131sm\u0131, ele\u015ftirilerini Trump y\u00f6netimiyle s\u0131n\u0131rl\u0131 tutmad\u0131.<\/p>\n\n\n\n<p>Renee Steinhagen, \u00fclkenin ba\u015fkentindeki di\u011fer g\u00f6stericilere kat\u0131lmak \u00fczere yola \u00e7\u0131karken The Epoch Times\u2019a a\u00e7\u0131klama yapt\u0131. \u00d6zellikle ABD\u2019nin Gazze \u015eeridi\u2019nde devam eden \u00e7at\u0131\u015fmaya y\u00f6nelik politikas\u0131ndan duydu\u011fu hayal k\u0131r\u0131kl\u0131\u011f\u0131n\u0131 payla\u015fmak i\u00e7in yola \u00e7\u0131kt\u0131\u011f\u0131n\u0131 s\u00f6yledi. Steinhagen, bu politikay\u0131 \u201cTrump\u2019\u0131n, Biden y\u00f6netiminin uygulad\u0131\u011f\u0131 politikay\u0131 s\u00fcrd\u00fcrmesi\u201d olarak tan\u0131mlad\u0131.<\/p>\n\n\n\n<p>Ter\u00f6r \u00f6rg\u00fct\u00fc Hamas, 7 Ekim 2023\u2019te \u0130srail\u2019in g\u00fcneyine sald\u0131r\u0131p rehineler alm\u0131\u015ft\u0131. Bunun ard\u0131ndan \u0130srail g\u00fc\u00e7leri Hamas\u2019\u0131 ortadan kald\u0131rmak ve rehineleri kurtarmak i\u00e7in askeri harek\u00e2t ba\u015flatm\u0131\u015ft\u0131.<\/p>\n\n\n\n<p>Gazze\u2019de Hamas liderli\u011findeki h\u00fck\u00fcmetin himayesi alt\u0131nda faaliyet g\u00f6steren sa\u011fl\u0131k bakanl\u0131\u011f\u0131, devam eden \u00e7at\u0131\u015fmalarda on binlerce ki\u015finin \u00f6ld\u00fc\u011f\u00fcn\u00fc bildirdi. Gazze sa\u011fl\u0131k bakanl\u0131\u011f\u0131, sava\u015fanlarla sava\u015fmayanlar aras\u0131nda ayr\u0131m yapmad\u0131\u011f\u0131 i\u00e7in kesin can kayb\u0131 ba\u011f\u0131ms\u0131z olarak do\u011frulanam\u0131yor.<\/p>\n\n\n<div class=\"wp-block-image\">\n<figure class=\"aligncenter size-full\"><img loading=\"lazy\" decoding=\"async\" width=\"1200\" height=\"800\" src=\"https:\/\/epochtimestr.com\/wp-content\/uploads\/2011y\/image-252.png\" alt=\"Renee Steinhagen, Ba\u015fkan Donald Trump ve dan\u0131\u015fman\u0131 Elon Musk\u2019a kar\u015f\u0131 d\u00fczenlenen bir protestoya kat\u0131ld\u0131. 5 Nisan 2025, Washington. (Foto\u011fraf: Madalina Vasiliu, The Epoch Times)\" class=\"wp-image-157547\" srcset=\"https:\/\/epochtimestr.com\/wp-content\/uploads\/2011y\/image-252.png 1200w, https:\/\/epochtimestr.com\/wp-content\/uploads\/2011y\/image-252-300x200.png 300w, https:\/\/epochtimestr.com\/wp-content\/uploads\/2011y\/image-252-150x100.png 150w, https:\/\/epochtimestr.com\/wp-content\/uploads\/2011y\/image-252-768x512.png 768w\" sizes=\"(max-width: 1200px) 100vw, 1200px\" \/><figcaption class=\"wp-element-caption\"><em>Renee Steinhagen, Ba\u015fkan Donald Trump ve dan\u0131\u015fman\u0131 Elon Musk\u2019a kar\u015f\u0131 d\u00fczenlenen bir protestoya kat\u0131ld\u0131. 5 Nisan 2025, Washington. (Foto\u011fraf: Madalina Vasiliu, The Epoch Times)<\/em><\/figcaption><\/figure><\/div>\n\n\n<p>Mart 2025\u2019te \u0130srail g\u00fc\u00e7leri sava\u015ftan zarar g\u00f6ren Gazze \u015eeridi\u2019nde muharebe operasyonlar\u0131na yeniden ba\u015flad\u0131.<\/p>\n\n\n\n<p>The Epoch Times, Steinhagen\u2019a Gazze \u00e7at\u0131\u015fmas\u0131nda hangi siyasi liderlere g\u00fcvendi\u011fini sordu. Steinhagen, bir \u00e7ift ba\u015far\u0131s\u0131z yasa tasar\u0131s\u0131n\u0131 destekleyen 15 ABD senat\u00f6r\u00fcnden olu\u015fan bir gruba dikkat \u00e7ekti. Ancak yasa tasar\u0131lar\u0131, ABD\u2019nin \u0130srail\u2019e silah sevkiyat\u0131n\u0131n devam etmesini onaylam\u0131yordu. Vermont Ba\u011f\u0131ms\u0131z Senat\u00f6r\u00fc Bernie Sanders ve 14 Demokrat senat\u00f6r bu kararlar\u0131 <a href=\"https:\/\/www.senate.gov\/legislative\/LIS\/roll_call_votes\/vote1191\/vote_119_1_00166.htm\" target=\"_blank\" rel=\"noreferrer noopener\">destekledi<\/a>. Di\u011fer Demokrat senat\u00f6rlerin \u00e7o\u011fu, kararlar\u0131 reddetmek i\u00e7in Cumhuriyet\u00e7ilerle birlikte oy kulland\u0131.<\/p>\n\n\n\n<p>Washington etkinli\u011findeki bir di\u011fer g\u00f6sterici Rachel Overstreet, ABD d\u0131\u015f politikas\u0131n\u0131n baz\u0131 y\u00f6nlerine kar\u015f\u0131 oldu\u011funu s\u00f6yledi. Hayal k\u0131r\u0131kl\u0131\u011f\u0131n\u0131n ABD\u2019nin hem Gazze \u00e7at\u0131\u015fmas\u0131ndaki, hem de Rusya ile Ukrayna \u00e7at\u0131\u015fmas\u0131ndaki politikas\u0131ndan kaynakland\u0131\u011f\u0131n\u0131 s\u00f6yledi.<\/p>\n\n\n\n<h3 class=\"wp-block-heading\"><strong>\u00d6nce K\u0131r, Sorular\u0131 Sonra Sor<\/strong><\/h3>\n\n\n\n<p>The Epoch Times, Overstreet\u2019e Trump y\u00f6netimi hakk\u0131nda onaylad\u0131\u011f\u0131 bir \u015fey olup olmad\u0131\u011f\u0131n\u0131 sordu. Bunun \u00fczerine Overstreet, k\u00f6ken olarak K\u0131z\u0131lderili oldu\u011funu s\u00f6yledi. Adalet Bakanl\u0131\u011f\u0131\u2019n\u0131n bu hafta kay\u0131p ve cinayet kurban\u0131 K\u0131z\u0131lderililer i\u00e7in ald\u0131\u011f\u0131 karar\u0131n kendisini y\u00fcreklendirdi\u011fini s\u00f6yledi. \u00c7\u00fcnk\u00fc Adalet Bakanl\u0131\u011f\u0131, faili me\u00e7hul K\u0131z\u0131lderili vakalar\u0131n\u0131n ara\u015ft\u0131r\u0131lmas\u0131 i\u00e7in ayr\u0131lan kaynaklar\u0131 art\u0131raca\u011f\u0131n\u0131 <a href=\"https:\/\/www.justice.gov\/opa\/pr\/justice-department-surge-resources-indian-country-investigate-unresolved-violent-crimes\" target=\"_blank\" rel=\"noreferrer noopener\">duyurmu\u015ftu<\/a>. Overstreet, Trump y\u00f6netiminin bu y\u00f6n\u00fcn\u00fc takdir etmekle birlikte, \u00e7ekincelerini dile getirdi. Ayr\u0131ca bu yakla\u015f\u0131m\u0131 \u201c\u00f6nce k\u0131r, sorular\u0131 sonra sor\u201d yakla\u015f\u0131m\u0131 olarak tan\u0131mlad\u0131.<\/p>\n\n\n\n<p>Devin McCullough, Chattanooga\u2019daki di\u011fer protestocularla birlikte, \u00fczerinde \u201cGazze\u2019deki Soyk\u0131r\u0131m\u0131 Durdurun\u201d yazan k\u0131rm\u0131z\u0131 bir ti\u015f\u00f6rt giymi\u015fti. Sava\u015ftan zarar g\u00f6ren b\u00f6lgedeki sivil \u00f6l\u00fcmleri konusunda endi\u015felerini dile getirdi. The Epoch Times\u2019a yapt\u0131\u011f\u0131 a\u00e7\u0131klamada, Demokratlardan dolay\u0131 hayal k\u0131r\u0131kl\u0131\u011f\u0131na u\u011frad\u0131\u011f\u0131n\u0131 s\u00f6yledi. McCullough, her zaman liberal e\u011filimli oldu\u011funu belirtti. Yine de Trump y\u00f6netimine kar\u015f\u0131 \u00fclke \u00e7ap\u0131nda d\u00fczenlenen protestolara kat\u0131lmas\u0131 gerekti\u011fini d\u00fc\u015f\u00fcnd\u00fc\u011f\u00fcn\u00fc ekledi.<\/p>\n\n\n\n<p>\u201cMevcut y\u00f6netimin her \u015feyi ezip ge\u00e7ti\u011fini hissediyorum. Burada bulunmam\u0131n nedenlerinden biri de bu\u201d dedi.<\/p>\n\n\n\n<p>McCullough, k\u0131rm\u0131z\u0131 Gazze ti\u015f\u00f6rt\u00fcne ek olarak Trump\u2019\u0131n son g\u00fcmr\u00fck vergilerini ele\u015ftiren bir pankart da ta\u015f\u0131yordu.<\/p>\n\n\n<div class=\"wp-block-image\">\n<figure class=\"aligncenter size-full\"><img loading=\"lazy\" decoding=\"async\" width=\"1200\" height=\"904\" src=\"https:\/\/epochtimestr.com\/wp-content\/uploads\/2011y\/image-253.png\" alt=\"Devin McCullough, Ba\u015fkan Donald Trump ve Elon Musk kar\u015f\u0131t\u0131 protestoda bir pankart tutuyor. 5 Nisan 2025, Chattanooga, Tennessee. (Foto\u011fraf: Ryan Morgan, The Epoch Times)\" class=\"wp-image-157548\" srcset=\"https:\/\/epochtimestr.com\/wp-content\/uploads\/2011y\/image-253.png 1200w, https:\/\/epochtimestr.com\/wp-content\/uploads\/2011y\/image-253-300x226.png 300w, https:\/\/epochtimestr.com\/wp-content\/uploads\/2011y\/image-253-150x113.png 150w, https:\/\/epochtimestr.com\/wp-content\/uploads\/2011y\/image-253-768x579.png 768w, https:\/\/epochtimestr.com\/wp-content\/uploads\/2011y\/image-253-86x64.png 86w\" sizes=\"(max-width: 1200px) 100vw, 1200px\" \/><figcaption class=\"wp-element-caption\"><em>Devin McCullough, Ba\u015fkan Donald Trump ve Elon Musk kar\u015f\u0131t\u0131 protestoda bir pankart tutuyor. 5 Nisan 2025, Chattanooga, Tennessee. (Foto\u011fraf: Ryan Morgan, The Epoch Times)<\/em><\/figcaption><\/figure><\/div>\n\n\n<p>The Epoch Times, McCullough\u2019a Musk ve DOGE hakk\u0131nda ne d\u00fc\u015f\u00fcnd\u00fc\u011f\u00fc sordu. McCullough, h\u00fck\u00fcmet s\u00fcre\u00e7lerini d\u00fczene sokma ve savurgan harcamalar\u0131 ortadan kald\u0131rma \u00e7abalar\u0131na kar\u015f\u0131 olmad\u0131\u011f\u0131n\u0131 s\u00f6yledi. Ancak DOGE\u2019nin yakla\u015f\u0131m\u0131ndan endi\u015fe duydu\u011funu belirtti.<\/p>\n\n\n\n<p>\u201cBir \u00e7\u0131rp\u0131da binlerce federal \u00e7al\u0131\u015fan\u0131 i\u015ften \u00e7\u0131kar\u0131yorlar. Tasarruf yapt\u0131klar\u0131n\u0131 s\u00f6yl\u00fcyorlar ama bireysel harcamalar\u0131 hedef alm\u0131yorlar\u201d dedi.<\/p>\n\n\n\n<h3 class=\"wp-block-heading\"><strong>Kar\u015f\u0131 Protestolar Susturuldu<\/strong><\/h3>\n\n\n\n<p>Trump kar\u015f\u0131t\u0131 g\u00f6stericiler 5 Nisan\u2019da Chattanooga\u2019daki Tennessee Akvaryumu\u2019nun bir blok \u00f6tesinde, sokaklar\u0131 doldurdu. Bir etkinlik koordinat\u00f6r\u00fc kat\u0131l\u0131mc\u0131lara, protesto etkinli\u011fiyle ayn\u0131 fikirde olmayan ki\u015filerle kar\u015f\u0131la\u015fmalar\u0131 durumunda ne yapmalar\u0131 gerekti\u011fi konusunda talimatlar verdi. Kat\u0131l\u0131mc\u0131lara \u015fiddetten uzak durmalar\u0131n\u0131 ve m\u00fcmk\u00fcnse g\u00f6r\u00fc\u015f al\u0131\u015fveri\u015fine a\u00e7\u0131k olmalar\u0131n\u0131 s\u00f6yledi. Ancak kar\u015f\u0131t g\u00f6r\u00fc\u015fl\u00fc protestocu a\u015f\u0131r\u0131 sald\u0131rgan g\u00f6r\u00fcn\u00fcrse herkesin mesafeli durmas\u0131n\u0131 tavsiye etti.<\/p>\n\n\n\n<p>Etkinlik koordinat\u00f6r\u00fc kat\u0131l\u0131mc\u0131lara ayr\u0131ca, kar\u015f\u0131t g\u00f6r\u00fc\u015fl\u00fc protestoculara kar\u015f\u0131 \u201cAmerika, Amerika\u201d slogan\u0131 atmalar\u0131 gerekti\u011fini s\u00f6yledi. Bu slogan\u0131n, kar\u015f\u0131t taraflar\u0131 birbirinden ay\u0131rmas\u0131 i\u00e7in, turuncu yelekli g\u00fcvenlik ekibine bir sinyal olaca\u011f\u0131n\u0131 s\u00f6yledi.<\/p>\n\n\n\n<p>Chattanooga protestosunun bir noktas\u0131nda, Trump kampanya bayraklar\u0131 ta\u015f\u0131yan beyaz bir kamyonet g\u00f6r\u00fcnd\u00fc. Her iki yan\u0131nda Trump kar\u015f\u0131t\u0131 protestocular\u0131n s\u0131raland\u0131\u011f\u0131 caddede yava\u015f\u00e7a ilerlemeye ba\u015flad\u0131. Kamyonettekiler, \u201cAmerika\u201d sloganlar\u0131, yuhalamalar, \u0131sl\u0131klar ve alaylarla kar\u015f\u0131la\u015ft\u0131lar. Kamyonet daha sonra, protesto g\u00fczerg\u00e2h\u0131 boyunca birka\u00e7 ge\u00e7i\u015f daha yapt\u0131.<\/p>\n\n\n\n<p>Chattanooga protestosunun ba\u015flamas\u0131ndan bir saat sonra, bir avu\u00e7 kar\u015f\u0131 protestocu ortaya \u00e7\u0131kt\u0131. Biri The Epoch Times\u2019a kendini Steve olarak tan\u0131tt\u0131, di\u011feri ise ad\u0131n\u0131n William oldu\u011funu s\u00f6yledi. Trump kar\u015f\u0131t\u0131 protestocularla k\u0131sa bir at\u0131\u015fman\u0131n ard\u0131ndan, her iki adam da ana kalabal\u0131ktan biraz uzakta kalmay\u0131 tercih etti.<\/p>\n\n\n\n<p>Brooke Hadden, protestoya neler olup bitti\u011fini g\u00f6rmek ve g\u00f6r\u00fc\u015f al\u0131\u015fveri\u015fi yapmak i\u00e7in geldi\u011fini s\u00f6yledi. Hadden ve Steve, ana kalabal\u0131\u011f\u0131n d\u0131\u015f\u0131nda durdular. Bu s\u0131rada g\u00f6\u00e7menlik ve erkeklerin kad\u0131n sporlar\u0131nda rekabet edip edemeyece\u011fi gibi \u00e7e\u015fitli konular\u0131 tart\u0131\u015ft\u0131lar.<\/p>\n\n\n\n<p>Hadden, \u201cBurada ger\u00e7ekten hemfikir olaca\u011f\u0131m ve \u00f6nemseyece\u011fim ama\u00e7lar var. Ayr\u0131ca arkas\u0131nda durmad\u0131\u011f\u0131m baz\u0131 ama\u00e7lar da var\u201d dedi.<\/p>\n\n\n\n<p>Washington\u2019daki mitingde, benzer bir organize olmu\u015f kar\u015f\u0131-protesto ger\u00e7ekle\u015fmedi.<\/p>\n\n\n\n<p>The Epoch Times, hepsi Trump\u2019\u0131 destekleyen k\u0131yafetler ve \u00fcr\u00fcnler giyen bir grup lise \u00f6\u011frencisiyle kar\u015f\u0131la\u015ft\u0131. Alabama\u2019dan gelen gruptakilerden baz\u0131lar\u0131 Trump kar\u015f\u0131t\u0131 protestoya tesad\u00fcfen rastlad\u0131klar\u0131n\u0131 s\u00f6yledi.<\/p>\n\n\n\n<div class=\"wp-block-columns is-layout-flex wp-container-core-columns-is-layout-1 wp-block-columns-is-layout-flex\">\n<div class=\"wp-block-column is-layout-flow wp-block-column-is-layout-flow\"><\/div>\n<\/div>\n\n\n\n<p><em>Yazanlar:<\/em> Ryan Morgan ve Stacy Robinson, The Epoch Times<\/p>\n","protected":false},"excerpt":{"rendered":"<p>\u00dclke \u00e7ap\u0131nda yay\u0131lan etkinlik, ABD genelindeki \u015fehirlerde Trump kar\u015f\u0131t\u0131 protestocular\u0131 bir araya getirdi. Trump kar\u015f\u0131t\u0131 protestolar ABD genelindeki \u015fehirlerde yay\u0131l\u0131yor. \u201cEllerini \u00c7ek!\u201d slogan\u0131yla, Trump y\u00f6netimine kar\u015f\u0131 \u00fclke \u00e7ap\u0131nda protestolar ba\u015flad\u0131. 50 eyaletin tamam\u0131nda 1.000\u2019den fazla yerde g\u00f6steri yap\u0131lmas\u0131 planlan\u0131yor. Trump y\u00f6netimine kar\u015f\u0131 ABD \u00e7ap\u0131nda \u201cEllerini \u00c7ek!\u201d protesto g\u00f6sterileri ger\u00e7ekle\u015fti. Binlerce protestocu, 5 Nisan\u2019da Washington\u2019daki Washington [&hellip;]<\/p>\n","protected":false},"author":12791,"featured_media":157545,"comment_status":"closed","ping_status":"open","sticky":false,"template":"","format":"standard","meta":{"_yoast_wpseo_focuskw":"Trump Kar\u015f\u0131t\u0131","_yoast_wpseo_title":"","_yoast_wpseo_metadesc":"Trump kar\u015f\u0131t\u0131 protestolar ABD genelindeki \u015fehirlerde yay\u0131l\u0131yor. \u201cEllerini \u00c7ek!\u201d slogan\u0131yla, \u00fclke \u00e7ap\u0131nda protestolar ba\u015flad\u0131.","_bbp_topic_count":0,"_bbp_reply_count":0,"_bbp_total_topic_count":0,"_bbp_total_reply_count":0,"_bbp_voice_count":0,"_bbp_anonymous_reply_count":0,"_bbp_topic_count_hidden":0,"_bbp_reply_count_hidden":0,"_bbp_forum_subforum_count":0,"footnotes":"","_yoast_wpseo_focuskw_text_input":""},"categories":[5,1,8138],"tags":[407,8549,236,8548],"yoast_head":"<!-- This site is optimized with the Yoast SEO plugin v23.0 - https:\/\/yoast.com\/wordpress\/plugins\/seo\/ -->\n<title>Trump Kar\u015f\u0131t\u0131 Protestolar ABD\u2019de Yay\u0131l\u0131yor - The Epoch Times TR<\/title>\n<meta name=\"description\" content=\"Trump kar\u015f\u0131t\u0131 protestolar ABD genelindeki \u015fehirlerde yay\u0131l\u0131yor. \u201cEllerini \u00c7ek!\u201d slogan\u0131yla, \u00fclke \u00e7ap\u0131nda protestolar ba\u015flad\u0131.\" \/>\n<meta name=\"robots\" content=\"index, follow, max-snippet:-1, max-image-preview:large, max-video-preview:-1\" \/>\n<link rel=\"canonical\" href=\"https:\/\/epochtimestr.com\/index.php\/trump-karsiti-protestolar-abdde-yayiliyor\" \/>\n<meta property=\"og:locale\" content=\"tr_TR\" \/>\n<meta property=\"og:type\" content=\"article\" \/>\n<meta property=\"og:title\" content=\"Trump Kar\u015f\u0131t\u0131 Protestolar ABD\u2019de Yay\u0131l\u0131yor - The Epoch Times TR\" \/>\n<meta property=\"og:description\" content=\"Trump kar\u015f\u0131t\u0131 protestolar ABD genelindeki \u015fehirlerde yay\u0131l\u0131yor. \u201cEllerini \u00c7ek!\u201d slogan\u0131yla, \u00fclke \u00e7ap\u0131nda protestolar ba\u015flad\u0131.\" \/>\n<meta property=\"og:url\" content=\"https:\/\/epochtimestr.com\/index.php\/trump-karsiti-protestolar-abdde-yayiliyor\" \/>\n<meta property=\"og:site_name\" content=\"The Epoch Times TR\" \/>\n<meta property=\"article:publisher\" content=\"https:\/\/www.facebook.com\/theepochtimestr\" \/>\n<meta property=\"article:published_time\" content=\"2025-04-08T17:25:24+00:00\" \/>\n<meta property=\"article:modified_time\" content=\"2025-04-08T17:25:26+00:00\" \/>\n<meta property=\"og:image\" content=\"https:\/\/epochtimestr.com\/wp-content\/uploads\/2011y\/image-250.png\" \/>\n\t<meta property=\"og:image:width\" content=\"1080\" \/>\n\t<meta property=\"og:image:height\" content=\"720\" \/>\n\t<meta property=\"og:image:type\" content=\"image\/png\" \/>\n<meta name=\"author\" content=\"Haber Merkezi\" \/>\n<meta name=\"twitter:card\" content=\"summary_large_image\" \/>\n<meta name=\"twitter:creator\" content=\"@TheEpochTimesTR\" \/>\n<meta name=\"twitter:site\" content=\"@TheEpochTimesTR\" \/>\n<meta name=\"twitter:label1\" content=\"Yazan:\" \/>\n\t<meta name=\"twitter:data1\" content=\"Haber Merkezi\" \/>\n\t<meta name=\"twitter:label2\" content=\"Tahmini okuma s\u00fcresi\" \/>\n\t<meta name=\"twitter:data2\" content=\"9 dakika\" \/>\n<script type=\"application\/ld+json\" class=\"yoast-schema-graph\">{\"@context\":\"https:\/\/schema.org\",\"@graph\":[{\"@type\":\"Article\",\"@id\":\"https:\/\/epochtimestr.com\/index.php\/trump-karsiti-protestolar-abdde-yayiliyor#article\",\"isPartOf\":{\"@id\":\"https:\/\/epochtimestr.com\/index.php\/trump-karsiti-protestolar-abdde-yayiliyor\"},\"author\":{\"name\":\"Haber Merkezi\",\"@id\":\"https:\/\/epochtimestr.com\/#\/schema\/person\/3dc5c3adeb9f43923c5aa85889172fdd\"},\"headline\":\"Trump Kar\u015f\u0131t\u0131 Protestolar ABD\u2019de Yay\u0131l\u0131yor\",\"datePublished\":\"2025-04-08T17:25:24+00:00\",\"dateModified\":\"2025-04-08T17:25:26+00:00\",\"mainEntityOfPage\":{\"@id\":\"https:\/\/epochtimestr.com\/index.php\/trump-karsiti-protestolar-abdde-yayiliyor\"},\"wordCount\":1950,\"publisher\":{\"@id\":\"https:\/\/epochtimestr.com\/#organization\"},\"image\":{\"@id\":\"https:\/\/epochtimestr.com\/index.php\/trump-karsiti-protestolar-abdde-yayiliyor#primaryimage\"},\"thumbnailUrl\":\"https:\/\/epochtimestr.com\/wp-content\/uploads\/2011y\/image-250.png\",\"keywords\":[\"ABD\",\"Ellerini \u00c7ek\",\"protesto\",\"Trump Kar\u015f\u0131t\u0131 Protestolar\"],\"articleSection\":[\"D\u00dcNYA\",\"G\u00dcNDEM\",\"MAN\u015eET\"],\"inLanguage\":\"tr\"},{\"@type\":\"WebPage\",\"@id\":\"https:\/\/epochtimestr.com\/index.php\/trump-karsiti-protestolar-abdde-yayiliyor\",\"url\":\"https:\/\/epochtimestr.com\/index.php\/trump-karsiti-protestolar-abdde-yayiliyor\",\"name\":\"Trump Kar\u015f\u0131t\u0131 Protestolar ABD\u2019de Yay\u0131l\u0131yor - The Epoch Times TR\",\"isPartOf\":{\"@id\":\"https:\/\/epochtimestr.com\/#website\"},\"primaryImageOfPage\":{\"@id\":\"https:\/\/epochtimestr.com\/index.php\/trump-karsiti-protestolar-abdde-yayiliyor#primaryimage\"},\"image\":{\"@id\":\"https:\/\/epochtimestr.com\/index.php\/trump-karsiti-protestolar-abdde-yayiliyor#primaryimage\"},\"thumbnailUrl\":\"https:\/\/epochtimestr.com\/wp-content\/uploads\/2011y\/image-250.png\",\"datePublished\":\"2025-04-08T17:25:24+00:00\",\"dateModified\":\"2025-04-08T17:25:26+00:00\",\"description\":\"Trump kar\u015f\u0131t\u0131 protestolar ABD genelindeki \u015fehirlerde yay\u0131l\u0131yor. \u201cEllerini \u00c7ek!\u201d slogan\u0131yla, \u00fclke \u00e7ap\u0131nda protestolar ba\u015flad\u0131.\",\"inLanguage\":\"tr\",\"potentialAction\":[{\"@type\":\"ReadAction\",\"target\":[\"https:\/\/epochtimestr.com\/index.php\/trump-karsiti-protestolar-abdde-yayiliyor\"]}]},{\"@type\":\"ImageObject\",\"inLanguage\":\"tr\",\"@id\":\"https:\/\/epochtimestr.com\/index.php\/trump-karsiti-protestolar-abdde-yayiliyor#primaryimage\",\"url\":\"https:\/\/epochtimestr.com\/wp-content\/uploads\/2011y\/image-250.png\",\"contentUrl\":\"https:\/\/epochtimestr.com\/wp-content\/uploads\/2011y\/image-250.png\",\"width\":1080,\"height\":720},{\"@type\":\"WebSite\",\"@id\":\"https:\/\/epochtimestr.com\/#website\",\"url\":\"https:\/\/epochtimestr.com\/\",\"name\":\"The Epoch Times TR\",\"description\":\"De\u011fi\u015fen D\u00fcnyam\u0131za Taze Bir Bak\u0131\u015f\",\"publisher\":{\"@id\":\"https:\/\/epochtimestr.com\/#organization\"},\"potentialAction\":[{\"@type\":\"SearchAction\",\"target\":{\"@type\":\"EntryPoint\",\"urlTemplate\":\"https:\/\/epochtimestr.com\/?s={search_term_string}\"},\"query-input\":\"required name=search_term_string\"}],\"inLanguage\":\"tr\"},{\"@type\":\"Organization\",\"@id\":\"https:\/\/epochtimestr.com\/#organization\",\"name\":\"The EpochTimes T\u00fcrkiye\",\"url\":\"https:\/\/epochtimestr.com\/\",\"logo\":{\"@type\":\"ImageObject\",\"inLanguage\":\"tr\",\"@id\":\"https:\/\/epochtimestr.com\/#\/schema\/logo\/image\/\",\"url\":\"https:\/\/epochtimestr.com\/wp-content\/uploads\/2011y\/ET-Logo-YG.jpg\",\"contentUrl\":\"https:\/\/epochtimestr.com\/wp-content\/uploads\/2011y\/ET-Logo-YG.jpg\",\"width\":346,\"height\":29,\"caption\":\"The EpochTimes T\u00fcrkiye\"},\"image\":{\"@id\":\"https:\/\/epochtimestr.com\/#\/schema\/logo\/image\/\"},\"sameAs\":[\"https:\/\/www.facebook.com\/theepochtimestr\",\"https:\/\/x.com\/TheEpochTimesTR\",\"https:\/\/www.instagram.com\/epochtimestr\"]},{\"@type\":\"Person\",\"@id\":\"https:\/\/epochtimestr.com\/#\/schema\/person\/3dc5c3adeb9f43923c5aa85889172fdd\",\"name\":\"Haber Merkezi\",\"image\":{\"@type\":\"ImageObject\",\"inLanguage\":\"tr\",\"@id\":\"https:\/\/epochtimestr.com\/#\/schema\/person\/image\/\",\"url\":\"https:\/\/secure.gravatar.com\/avatar\/d73f772ba5a74f28601361e17c2f93e6?s=96&d=mm&r=g\",\"contentUrl\":\"https:\/\/secure.gravatar.com\/avatar\/d73f772ba5a74f28601361e17c2f93e6?s=96&d=mm&r=g\",\"caption\":\"Haber Merkezi\"},\"url\":\"https:\/\/epochtimestr.com\/index.php\/author\/sendag\"}]}<\/script>\n<!-- \/ Yoast SEO plugin. -->","yoast_head_json":{"title":"Trump Kar\u015f\u0131t\u0131 Protestolar ABD\u2019de Yay\u0131l\u0131yor - The Epoch Times TR","description":"Trump kar\u015f\u0131t\u0131 protestolar ABD genelindeki \u015fehirlerde yay\u0131l\u0131yor. \u201cEllerini \u00c7ek!\u201d slogan\u0131yla, \u00fclke \u00e7ap\u0131nda protestolar ba\u015flad\u0131.","robots":{"index":"index","follow":"follow","max-snippet":"max-snippet:-1","max-image-preview":"max-image-preview:large","max-video-preview":"max-video-preview:-1"},"canonical":"https:\/\/epochtimestr.com\/index.php\/trump-karsiti-protestolar-abdde-yayiliyor","og_locale":"tr_TR","og_type":"article","og_title":"Trump Kar\u015f\u0131t\u0131 Protestolar ABD\u2019de Yay\u0131l\u0131yor - The Epoch Times TR","og_description":"Trump kar\u015f\u0131t\u0131 protestolar ABD genelindeki \u015fehirlerde yay\u0131l\u0131yor. \u201cEllerini \u00c7ek!\u201d slogan\u0131yla, \u00fclke \u00e7ap\u0131nda protestolar ba\u015flad\u0131.","og_url":"https:\/\/epochtimestr.com\/index.php\/trump-karsiti-protestolar-abdde-yayiliyor","og_site_name":"The Epoch Times TR","article_publisher":"https:\/\/www.facebook.com\/theepochtimestr","article_published_time":"2025-04-08T17:25:24+00:00","article_modified_time":"2025-04-08T17:25:26+00:00","og_image":[{"width":1080,"height":720,"url":"https:\/\/epochtimestr.com\/wp-content\/uploads\/2011y\/image-250.png","type":"image\/png"}],"author":"Haber Merkezi","twitter_card":"summary_large_image","twitter_creator":"@TheEpochTimesTR","twitter_site":"@TheEpochTimesTR","twitter_misc":{"Yazan:":"Haber Merkezi","Tahmini okuma s\u00fcresi":"9 dakika"},"schema":{"@context":"https:\/\/schema.org","@graph":[{"@type":"Article","@id":"https:\/\/epochtimestr.com\/index.php\/trump-karsiti-protestolar-abdde-yayiliyor#article","isPartOf":{"@id":"https:\/\/epochtimestr.com\/index.php\/trump-karsiti-protestolar-abdde-yayiliyor"},"author":{"name":"Haber Merkezi","@id":"https:\/\/epochtimestr.com\/#\/schema\/person\/3dc5c3adeb9f43923c5aa85889172fdd"},"headline":"Trump Kar\u015f\u0131t\u0131 Protestolar ABD\u2019de Yay\u0131l\u0131yor","datePublished":"2025-04-08T17:25:24+00:00","dateModified":"2025-04-08T17:25:26+00:00","mainEntityOfPage":{"@id":"https:\/\/epochtimestr.com\/index.php\/trump-karsiti-protestolar-abdde-yayiliyor"},"wordCount":1950,"publisher":{"@id":"https:\/\/epochtimestr.com\/#organization"},"image":{"@id":"https:\/\/epochtimestr.com\/index.php\/trump-karsiti-protestolar-abdde-yayiliyor#primaryimage"},"thumbnailUrl":"https:\/\/epochtimestr.com\/wp-content\/uploads\/2011y\/image-250.png","keywords":["ABD","Ellerini \u00c7ek","protesto","Trump Kar\u015f\u0131t\u0131 Protestolar"],"articleSection":["D\u00dcNYA","G\u00dcNDEM","MAN\u015eET"],"inLanguage":"tr"},{"@type":"WebPage","@id":"https:\/\/epochtimestr.com\/index.php\/trump-karsiti-protestolar-abdde-yayiliyor","url":"https:\/\/epochtimestr.com\/index.php\/trump-karsiti-protestolar-abdde-yayiliyor","name":"Trump Kar\u015f\u0131t\u0131 Protestolar ABD\u2019de Yay\u0131l\u0131yor - The Epoch Times TR","isPartOf":{"@id":"https:\/\/epochtimestr.com\/#website"},"primaryImageOfPage":{"@id":"https:\/\/epochtimestr.com\/index.php\/trump-karsiti-protestolar-abdde-yayiliyor#primaryimage"},"image":{"@id":"https:\/\/epochtimestr.com\/index.php\/trump-karsiti-protestolar-abdde-yayiliyor#primaryimage"},"thumbnailUrl":"https:\/\/epochtimestr.com\/wp-content\/uploads\/2011y\/image-250.png","datePublished":"2025-04-08T17:25:24+00:00","dateModified":"2025-04-08T17:25:26+00:00","description":"Trump kar\u015f\u0131t\u0131 protestolar ABD genelindeki \u015fehirlerde yay\u0131l\u0131yor. \u201cEllerini \u00c7ek!\u201d slogan\u0131yla, \u00fclke \u00e7ap\u0131nda protestolar ba\u015flad\u0131.","inLanguage":"tr","potentialAction":[{"@type":"ReadAction","target":["https:\/\/epochtimestr.com\/index.php\/trump-karsiti-protestolar-abdde-yayiliyor"]}]},{"@type":"ImageObject","inLanguage":"tr","@id":"https:\/\/epochtimestr.com\/index.php\/trump-karsiti-protestolar-abdde-yayiliyor#primaryimage","url":"https:\/\/epochtimestr.com\/wp-content\/uploads\/2011y\/image-250.png","contentUrl":"https:\/\/epochtimestr.com\/wp-content\/uploads\/2011y\/image-250.png","width":1080,"height":720},{"@type":"WebSite","@id":"https:\/\/epochtimestr.com\/#website","url":"https:\/\/epochtimestr.com\/","name":"The Epoch Times TR","description":"De\u011fi\u015fen D\u00fcnyam\u0131za Taze Bir Bak\u0131\u015f","publisher":{"@id":"https:\/\/epochtimestr.com\/#organization"},"potentialAction":[{"@type":"SearchAction","target":{"@type":"EntryPoint","urlTemplate":"https:\/\/epochtimestr.com\/?s={search_term_string}"},"query-input":"required name=search_term_string"}],"inLanguage":"tr"},{"@type":"Organization","@id":"https:\/\/epochtimestr.com\/#organization","name":"The EpochTimes T\u00fcrkiye","url":"https:\/\/epochtimestr.com\/","logo":{"@type":"ImageObject","inLanguage":"tr","@id":"https:\/\/epochtimestr.com\/#\/schema\/logo\/image\/","url":"https:\/\/epochtimestr.com\/wp-content\/uploads\/2011y\/ET-Logo-YG.jpg","contentUrl":"https:\/\/epochtimestr.com\/wp-content\/uploads\/2011y\/ET-Logo-YG.jpg","width":346,"height":29,"caption":"The EpochTimes T\u00fcrkiye"},"image":{"@id":"https:\/\/epochtimestr.com\/#\/schema\/logo\/image\/"},"sameAs":["https:\/\/www.facebook.com\/theepochtimestr","https:\/\/x.com\/TheEpochTimesTR","https:\/\/www.instagram.com\/epochtimestr"]},{"@type":"Person","@id":"https:\/\/epochtimestr.com\/#\/schema\/person\/3dc5c3adeb9f43923c5aa85889172fdd","name":"Haber Merkezi","image":{"@type":"ImageObject","inLanguage":"tr","@id":"https:\/\/epochtimestr.com\/#\/schema\/person\/image\/","url":"https:\/\/secure.gravatar.com\/avatar\/d73f772ba5a74f28601361e17c2f93e6?s=96&d=mm&r=g","contentUrl":"https:\/\/secure.gravatar.com\/avatar\/d73f772ba5a74f28601361e17c2f93e6?s=96&d=mm&r=g","caption":"Haber Merkezi"},"url":"https:\/\/epochtimestr.com\/index.php\/author\/sendag"}]}},"_links":{"self":[{"href":"https:\/\/epochtimestr.com\/index.php\/wp-json\/wp\/v2\/posts\/157544"}],"collection":[{"href":"https:\/\/epochtimestr.com\/index.php\/wp-json\/wp\/v2\/posts"}],"about":[{"href":"https:\/\/epochtimestr.com\/index.php\/wp-json\/wp\/v2\/types\/post"}],"author":[{"embeddable":true,"href":"https:\/\/epochtimestr.com\/index.php\/wp-json\/wp\/v2\/users\/12791"}],"replies":[{"embeddable":true,"href":"https:\/\/epochtimestr.com\/index.php\/wp-json\/wp\/v2\/comments?post=157544"}],"version-history":[{"count":3,"href":"https:\/\/epochtimestr.com\/index.php\/wp-json\/wp\/v2\/posts\/157544\/revisions"}],"predecessor-version":[{"id":157552,"href":"https:\/\/epochtimestr.com\/index.php\/wp-json\/wp\/v2\/posts\/157544\/revisions\/157552"}],"wp:featuredmedia":[{"embeddable":true,"href":"https:\/\/epochtimestr.com\/index.php\/wp-json\/wp\/v2\/media\/157545"}],"wp:attachment":[{"href":"https:\/\/epochtimestr.com\/index.php\/wp-json\/wp\/v2\/media?parent=157544"}],"wp:term":[{"taxonomy":"category","embeddable":true,"href":"https:\/\/epochtimestr.com\/index.php\/wp-json\/wp\/v2\/categories?post=157544"},{"taxonomy":"post_tag","embeddable":true,"href":"https:\/\/epochtimestr.com\/index.php\/wp-json\/wp\/v2\/tags?post=157544"}],"curies":[{"name":"wp","href":"https:\/\/api.w.org\/{rel}","templated":true}]}}