{"id":157556,"date":"2025-04-09T00:10:38","date_gmt":"2025-04-08T21:10:38","guid":{"rendered":"https:\/\/epochtimestr.com\/?p=157556"},"modified":"2025-04-09T00:10:40","modified_gmt":"2025-04-08T21:10:40","slug":"chp-grup-baskanvekili-ali-mahir-basarirdan-gundeme-iliskin-aciklama","status":"publish","type":"post","link":"https:\/\/epochtimestr.com\/index.php\/chp-grup-baskanvekili-ali-mahir-basarirdan-gundeme-iliskin-aciklama","title":{"rendered":"CHP Grup Ba\u015fkanvekili Ali Mahir Ba\u015far\u0131r&#8217;dan G\u00fcndeme \u0130li\u015fkin A\u00e7\u0131klama"},"content":{"rendered":"<div class=\"wp-block-image\">\n<figure class=\"aligncenter size-full\"><img loading=\"lazy\" decoding=\"async\" width=\"686\" height=\"386\" src=\"https:\/\/epochtimestr.com\/wp-content\/uploads\/2011y\/mahir-basarir-3.jpg\" alt=\"\" class=\"wp-image-157557\" srcset=\"https:\/\/epochtimestr.com\/wp-content\/uploads\/2011y\/mahir-basarir-3.jpg 686w, https:\/\/epochtimestr.com\/wp-content\/uploads\/2011y\/mahir-basarir-3-300x169.jpg 300w, https:\/\/epochtimestr.com\/wp-content\/uploads\/2011y\/mahir-basarir-3-150x84.jpg 150w\" sizes=\"(max-width: 686px) 100vw, 686px\" \/><figcaption class=\"wp-element-caption\">CHP Grup Ba\u015fkanvekili Ali Mahir Ba\u015far\u0131r&#8217;dan G\u00fcndeme \u0130li\u015fkin A\u00e7\u0131klama<\/figcaption><\/figure><\/div>\n\n\n<h2 class=\"wp-block-heading\">CHP Grup Ba\u015fkanvekili Ali Mahir Ba\u015far\u0131r&#8217;dan TBMM&#8217;de g\u00fcndeme ili\u015fkin a\u00e7\u0131klama yapt\u0131.<\/h2>\n\n\n\n<p>CHP Grup Ba\u015fkanvekili <a href=\"https:\/\/epochtimestr.com\/index.php\/mhpchp-grup-baskan-vekili-ali-mahir-basarira-adamin-disini-sokerler\">Ali Mahir Ba\u015far\u0131r<\/a>, <a href=\"https:\/\/epochtimestr.com\/index.php\/ali-mahir-basarir-tbmmde-basin-toplantisi-duzenledi\">TBMM<\/a>&#8216;de d\u00fczenledi\u011fi bas\u0131n toplant\u0131s\u0131nda g\u00fcndeme ili\u015fkin a\u00e7\u0131klamalarda bulundu. Ba\u015far\u0131r, Meclis&#8217;te, g\u00fcndemdeki geli\u015fmeleri de\u011ferlendirerek \u0130BB Ba\u015fkan\u0131 <a href=\"https:\/\/epochtimestr.com\/index.php\/ekrem-imamoglunun-avukati-mehmet-pehlivan-adli-kontrol-sartiyla-serbest-birakildi\">Ekrem \u0130mamo\u011flu<\/a><a href=\"http:\/\/Ekrem \u0130mamo\u011flu\">,<\/a> CHP Genel Ba\u015fkan\u0131 <a href=\"https:\/\/epochtimestr.com\/index.php\/chp-genel-baskani-ozgur-ozel-adayimizla-kadrolarimizla-cesaretimizle-turkiyeyi-senden-kurtarmaya-haziriz-erdogan\">\u00d6zg\u00fcr \u00d6zel<\/a> ve CHP&#8217;nin yol haritas\u0131 \u00fczerine konu\u015ftu. Ba\u015far\u0131r, CHP&#8217;nin 21. Ola\u011fan\u00fcst\u00fc Kurultay&#8217;\u0131na i\u015faret ederek, &#8220;E\u011fer ki bir partide y\u00fczlerce delege iradesini ortaya koyuyorsa, e\u011fer ki bir \u015fehirde milyonlarca insan iradesini ortaya koyuyorsa ona kayyum atamay\u0131 d\u00fc\u015f\u00fcnmeyeceksin.&#8221; dedi.<\/p>\n\n\n\n<p><\/p>\n\n\n\n<p>Yeniden CHP Genel Ba\u015fkan\u0131 se\u00e7ilen \u00d6zg\u00fcr \u00d6zel&#8217;i tebrik eden Ba\u015far\u0131r, sand\u0131kla ve halk\u0131n iradesiyle u\u011fra\u015f\u0131lmamas\u0131 gerekti\u011fini s\u00f6yledi. Ba\u015far\u0131r, Meclis&#8217;te d\u00fczenledi\u011fi bas\u0131n toplant\u0131s\u0131nda, partisinin Genel Ba\u015fkan\u0131 \u00d6zg\u00fcr \u00d6zel&#8217;in, CHP&#8217;nin 21. Ola\u011fan\u00fcst\u00fc Kurultay&#8217;\u0131nda, 1171 delegenin tamam\u0131n\u0131n oyunu alarak yeniden Genel Ba\u015fkanl\u0131\u011fa se\u00e7ildi\u011fini an\u0131msatt\u0131.<\/p>\n\n\n\n<p><\/p>\n\n\n\n<p>Darbe d\u00f6neminde dahi yarg\u0131n\u0131n bu durumda olmad\u0131\u011f\u0131n\u0131 s\u00f6yleyen Ba\u015far\u0131r &#8216;\u0131n konu\u015fmas\u0131ndan \u00f6ne \u00e7\u0131kanlar \u015f\u00f6yle:<br \/>&#8221;E\u011fer ki bir partide y\u00fczlerce delege iradesini ortaya koyuyorsa, e\u011fer ki bir \u015fehirde milyonlarca insan iradesini ortaya koyuyorsa ona kayyum atamay\u0131 d\u00fc\u015f\u00fcnmeyeceksin. Biz burada t\u00fcm delegelerimize, partimize yeni y\u00f6netimine te\u015fekk\u00fcr ediyoruz. Se\u00e7ilen Parti Meclisi \u00fcyelerine ba\u015far\u0131lar diliyorum. Bundan sonra hep beraber cumhurba\u015fkanl\u0131\u011f\u0131 kampanyam\u0131z\u0131 Anadolu&#8217;da yapaca\u011f\u0131z.<\/p>\n\n\n\n<p><br \/>Parti Meclisi \u00fcyemiz Berkay Gezgin&#8217;in iddianamesi a\u00e7\u0131kland\u0131. 296 gen\u00e7 cezaevlerinde bu \u00e7ocuklar alt s\u0131n\u0131r\u0131 6 ay olan bir su\u00e7lamayla ilgili g\u00fcnlerce tutuklu, s\u0131navlar\u0131na giremiyor; belki 1 y\u0131l okullar\u0131n\u0131 uzatacaklar. 6 ayl\u0131k ceza i\u00e7in bir de siyasi yasak isteniyor. Y\u00d6K Ba\u015fkan\u0131, &#8216;hemen at\u0131n bunlar\u0131 okuldan&#8217; diyor. Sonra bizler, &#8216;cunta y\u00f6netimi&#8217; dedi\u011fimiz i\u00e7in su\u00e7lan\u0131yoruz. Bug\u00fcn Genel Ba\u015fkan\u0131m\u0131z Say\u0131n \u00d6zg\u00fcr \u00d6zel&#8217;e su\u00e7 duyurusunda bulunuyorlar, 500 bin liral\u0131k da manevi tazminat davas\u0131 a\u00e7\u0131yorlar. Utan\u0131n bir par\u00e7a\u2026<\/p>\n\n\n\n<p><br \/>\u0130stanbul\u2019un Belediye Ba\u015fkan\u0131 Say\u0131n Ekrem \u0130mamo\u011flu, gizli tan\u0131klarla tutuklu. \u00c7ok \u00f6nemli deliller varm\u0131\u015f, g\u00fcnler sonra babas\u0131 Hasan \u0130mamo\u011flu\u2019nun yazl\u0131\u011f\u0131nda kap\u0131s\u0131n\u0131 k\u0131rarak delil ar\u0131yorlar. Madem delil yoktu, niye tutukluyorsun adam\u0131? Cunta art\u0131k bu d\u00fcnyada postallarla, tanklarla yap\u0131lm\u0131yor. \u0130ktidara gelen bir yap\u0131; medyay\u0131, yarg\u0131y\u0131, b\u00fcrokrasinin bir b\u00f6l\u00fcm\u00fcn\u00fc ele ge\u00e7irdikten sonra \u00fclkede alg\u0131 yarat\u0131p rakiplerini cezaevine atabiliyor.<\/p>\n\n\n\n<p><\/p>\n\n\n\n<p>Muhtemel \u00fc\u00e7 Cumhurba\u015fkan\u0131 aday\u0131 cezaevinde. \u00dcmit \u00d6zda\u011f, Selahattin Demirta\u015f, 16 milyona yak\u0131n insan\u0131n oyunu alan, CHP\u2019nin cumhurba\u015fkan\u0131 aday\u0131 Ekrem \u0130mamo\u011flu. Kenan Evren bunlar\u0131 yapmad\u0131. \u00dc\u00e7 muhtemel cumhurba\u015fkan\u0131 aday\u0131 cezaevinde; cunta, darbe, otokrasi, fa\u015fizm gibi kelimelerden etkileniyorsun ama \u00f6yle.<\/p>\n\n\n\n<p><\/p>\n\n\n\n<p>Bu yarg\u0131n\u0131n hali normal mi? Allah\u2019tan 1999 y\u0131l\u0131nda Say\u0131n B\u00fclent Ecevit, Devlet Bah\u00e7eli, Mesut Y\u0131lmaz idam cezas\u0131n\u0131 kald\u0131rd\u0131. Bug\u00fcn atanan baz\u0131 hakimler; Baki Tu\u011f, Ali Elverdi, Nuh Mete Y\u00fcksel\u2019in yapt\u0131klar\u0131n\u0131 yapm\u0131yor. E\u011fer idam cezas\u0131 olsayd\u0131 bu gen\u00e7lerden baz\u0131lar\u0131n\u0131 asmaya kalkarlard\u0131. \u2018Cunta\u2019 kelimesinden rahats\u0131z oluyorsun. Teknik anlamda kullan\u0131lan bir kelime de\u011fil, se\u00e7imle gelenlerin, demokrasinin t\u00fcm kanallar\u0131n\u0131 t\u0131kay\u0131p bas\u0131n\u0131, sosyal medyay\u0131 ele ge\u00e7irip ondan sonra bu \u00fclkede rakiplerini tutuklatt\u0131r\u0131p \u2018demokrasi\u2019 diyeceksin. Hadi oradan. &#8221;<\/p>\n\n\n\n<figure class=\"wp-block-embed is-type-rich is-provider-twitter wp-block-embed-twitter\"><div class=\"wp-block-embed__wrapper\">\n<blockquote class=\"twitter-tweet\" data-width=\"550\" data-dnt=\"true\"><p lang=\"tr\" dir=\"ltr\">Mahir Polat\u2019\u0131 derhal serbest b\u0131rak\u0131n!<br><br>FET\u00d6, Ergenekon ve Balyoz\u2019da insanlar\u0131 cezaevinde \u00f6ld\u00fcrd\u00fc, sonra darbeye kalk\u0131\u015ft\u0131!<br><br>Bug\u00fcn siz de ayn\u0131s\u0131n\u0131 yap\u0131yor; sonra \u201cbize darbeci deniyor\u201d diye k\u0131z\u0131yorsunuz! <a href=\"https:\/\/t.co\/6zFcFZdOIc\">pic.twitter.com\/6zFcFZdOIc<\/a><\/p>&mdash; Ali Mahir Ba\u015far\u0131r (@alimahir) <a href=\"https:\/\/twitter.com\/alimahir\/status\/1909658078775329257?ref_src=twsrc%5Etfw\">April 8, 2025<\/a><\/blockquote><script async src=\"https:\/\/platform.twitter.com\/widgets.js\" charset=\"utf-8\"><\/script>\n<\/div><\/figure>\n\n\n\n<p><\/p>\n\n\n\n<p><strong>&#8221;Nedir derdiniz Mahir Polat\u2019la ilgili, \u00f6lmesini mi bekliyorsunuz? &#8221;<\/strong><\/p>\n\n\n\n<p><br \/>CHP&#8217;li Ba\u015far\u0131r, \u0130BB&#8217;ye y\u00f6nelik y\u00fcr\u00fct\u00fclen &#8220;ter\u00f6r&#8221; soru\u015fturmas\u0131 kapsam\u0131nda tutuklanan ve Adli T\u0131p Kurumuna sevk edilen \u0130BB Genel Sekreter Yard\u0131mc\u0131s\u0131 Mahir Polat&#8217;\u0131n tutuklulu\u011funa da tepki g\u00f6stererek, tahliyesini istedi. Mahir Polat&#8217;\u0131n sa\u011fl\u0131k durumunun k\u00f6t\u00fcye gitmesine ra\u011fmen tutukluluk halinin devam etmesine de tepki g\u00f6steren Ba\u015far\u0131r, \u015f\u00f6yle konu\u015ftu:<\/p>\n\n\n\n<p>&#8220;Hukuk, adalet insan i\u00e7in ve her \u015feyden \u00f6nemlisi insan sa\u011fl\u0131\u011f\u0131 i\u00e7in. Adli T\u0131p\u2019a gitti Mahir Polat, tekrar \u00e7a\u011f\u0131r\u0131yor onu, \u2018Gelin bir de by-pass yapal\u0131m.\u2019 Nedir derdiniz Mahir Polat\u2019la ilgili, \u00f6lmesini mi bekliyorsunuz? Bunlar Ergenekon-Balyoz\u2019da ya\u015fand\u0131, insanlar cezaevinde \u00f6ld\u00fc, bunlar\u0131 FET\u00d6 yapt\u0131. Ne fark\u0131n\u0131z var? O FET\u00d6 de darbe yapt\u0131. \u00d6nce insanlar\u0131 cezaevinde \u00f6ld\u00fcrd\u00fc, sonra darbe yapmaya kalkt\u0131. \u015eimdi de siz insanlar\u0131 cezaevinde \u00f6ld\u00fcrmeye \u00e7al\u0131\u015f\u0131yorsunuz, sonra da size \u2018darbeci\u2019 dendi\u011finde k\u0131z\u0131yorsunuz. Mahir Polat\u2019\u0131 serbest b\u0131rak\u0131n.&#8221;<\/p>\n\n\n\n<p><\/p>\n\n\n\n<p><strong>\u201cMadem delil yoktu, delil ar\u0131yorsun, niye tutukluyorsun adam\u0131?\u201d<\/strong><\/p>\n\n\n\n<p><br \/>G\u00f6revden uzakla\u015ft\u0131r\u0131lan \u0130stanbul B\u00fcy\u00fck\u015fehir Belediye (\u0130BB) Ba\u015fkan\u0131 Ekrem \u0130mamo\u011flu&#8217;nun &#8220;gizli tan\u0131k ifadeleriyle tutukland\u0131\u011f\u0131n\u0131&#8221; s\u00f6yleyen Ba\u015far\u0131r, \u0130mamo\u011flu&#8217;nun babas\u0131n\u0131n evinin aranmas\u0131yla ilgili olarak &#8220;G\u00fcnler sonra babas\u0131 Hasan \u0130mamo\u011flu&#8217;nun yazl\u0131\u011f\u0131nda kap\u0131s\u0131n\u0131 k\u0131rarak delil ar\u0131yorlar&#8221; dedi.<br \/>Ba\u015far\u0131r, &#8220;\u00c7ok \u00f6nemli deliller varm\u0131\u015f. G\u00fcnler sonra babas\u0131 Hasan \u0130mamo\u011flu&#8217;nun yazl\u0131\u011f\u0131nda kap\u0131s\u0131n\u0131 k\u0131rarak delil ar\u0131yorlar. Ya adam\u0131n kap\u0131s\u0131n\u0131 k\u0131r\u0131yorsun, madem delil yoktur, delil ar\u0131yorsun, niye tutukluyorsun adam\u0131? \u0130\u015fte T\u00fcrkiye&#8217;nin geldi\u011fi nokta bu.&#8221; ifadesini kulland\u0131.<\/p>\n\n\n\n<figure class=\"wp-block-embed is-type-rich is-provider-twitter wp-block-embed-twitter\"><div class=\"wp-block-embed__wrapper\">\n<blockquote class=\"twitter-tweet\" data-width=\"550\" data-dnt=\"true\"><p lang=\"tr\" dir=\"ltr\">Grup Ba\u015fkanvekilimiz Ali Mahir Ba\u015far\u0131r, TBMM\u2019de bas\u0131n toplant\u0131s\u0131 yap\u0131yor. <a href=\"https:\/\/t.co\/Cf6VAh4Mds\">https:\/\/t.co\/Cf6VAh4Mds<\/a><\/p>&mdash; CHP \ud83c\uddf9\ud83c\uddf7 (@herkesicinCHP) <a href=\"https:\/\/twitter.com\/herkesicinCHP\/status\/1909539699322241482?ref_src=twsrc%5Etfw\">April 8, 2025<\/a><\/blockquote><script async src=\"https:\/\/platform.twitter.com\/widgets.js\" charset=\"utf-8\"><\/script>\n<\/div><\/figure>\n","protected":false},"excerpt":{"rendered":"<p>CHP Grup Ba\u015fkanvekili Ali Mahir Ba\u015far\u0131r&#8217;dan TBMM&#8217;de g\u00fcndeme ili\u015fkin a\u00e7\u0131klama yapt\u0131. CHP Grup Ba\u015fkanvekili Ali Mahir Ba\u015far\u0131r, TBMM&#8216;de d\u00fczenledi\u011fi bas\u0131n toplant\u0131s\u0131nda g\u00fcndeme ili\u015fkin a\u00e7\u0131klamalarda bulundu. Ba\u015far\u0131r, Meclis&#8217;te, g\u00fcndemdeki geli\u015fmeleri de\u011ferlendirerek \u0130BB Ba\u015fkan\u0131 Ekrem \u0130mamo\u011flu, CHP Genel Ba\u015fkan\u0131 \u00d6zg\u00fcr \u00d6zel ve CHP&#8217;nin yol haritas\u0131 \u00fczerine konu\u015ftu. Ba\u015far\u0131r, CHP&#8217;nin 21. Ola\u011fan\u00fcst\u00fc Kurultay&#8217;\u0131na i\u015faret ederek, &#8220;E\u011fer ki bir [&hellip;]<\/p>\n","protected":false},"author":12791,"featured_media":157557,"comment_status":"closed","ping_status":"open","sticky":false,"template":"","format":"standard","meta":{"_yoast_wpseo_focuskw":"CHP Grup Ba\u015fkanvekili Ali Mahir Ba\u015far\u0131r'dan G\u00fcndeme \u0130li\u015fkin A\u00e7\u0131klama","_yoast_wpseo_title":"","_yoast_wpseo_metadesc":"CHP Grup Ba\u015fkanvekili Ali Mahir Ba\u015far\u0131r'dan TBMM'de g\u00fcndeme ili\u015fkin a\u00e7\u0131klama yapt\u0131.","_bbp_topic_count":0,"_bbp_reply_count":0,"_bbp_total_topic_count":0,"_bbp_total_reply_count":0,"_bbp_voice_count":0,"_bbp_anonymous_reply_count":0,"_bbp_topic_count_hidden":0,"_bbp_reply_count_hidden":0,"_bbp_forum_subforum_count":0,"footnotes":"","_yoast_wpseo_focuskw_text_input":""},"categories":[1,8138,8226,37],"tags":[8550,583,7419,8492],"yoast_head":"<!-- This site is optimized with the Yoast SEO plugin v23.0 - https:\/\/yoast.com\/wordpress\/plugins\/seo\/ -->\n<title>CHP Grup Ba\u015fkanvekili Ali Mahir Ba\u015far\u0131r&#039;dan G\u00fcndeme \u0130li\u015fkin A\u00e7\u0131klama - The Epoch Times TR<\/title>\n<meta name=\"description\" content=\"CHP Grup Ba\u015fkanvekili Ali Mahir Ba\u015far\u0131r&#039;dan TBMM&#039;de g\u00fcndeme ili\u015fkin a\u00e7\u0131klama yapt\u0131.\" \/>\n<meta name=\"robots\" content=\"index, follow, max-snippet:-1, max-image-preview:large, max-video-preview:-1\" \/>\n<link rel=\"canonical\" href=\"https:\/\/epochtimestr.com\/index.php\/chp-grup-baskanvekili-ali-mahir-basarirdan-gundeme-iliskin-aciklama\" \/>\n<meta property=\"og:locale\" content=\"tr_TR\" \/>\n<meta property=\"og:type\" content=\"article\" \/>\n<meta property=\"og:title\" content=\"CHP Grup Ba\u015fkanvekili Ali Mahir Ba\u015far\u0131r&#039;dan G\u00fcndeme \u0130li\u015fkin A\u00e7\u0131klama - The Epoch Times TR\" \/>\n<meta property=\"og:description\" content=\"CHP Grup Ba\u015fkanvekili Ali Mahir Ba\u015far\u0131r&#039;dan TBMM&#039;de g\u00fcndeme ili\u015fkin a\u00e7\u0131klama yapt\u0131.\" \/>\n<meta property=\"og:url\" content=\"https:\/\/epochtimestr.com\/index.php\/chp-grup-baskanvekili-ali-mahir-basarirdan-gundeme-iliskin-aciklama\" \/>\n<meta property=\"og:site_name\" content=\"The Epoch Times TR\" \/>\n<meta property=\"article:publisher\" content=\"https:\/\/www.facebook.com\/theepochtimestr\" \/>\n<meta property=\"article:published_time\" content=\"2025-04-08T21:10:38+00:00\" \/>\n<meta property=\"article:modified_time\" content=\"2025-04-08T21:10:40+00:00\" \/>\n<meta property=\"og:image\" content=\"https:\/\/epochtimestr.com\/wp-content\/uploads\/2011y\/mahir-basarir-3.jpg\" \/>\n\t<meta property=\"og:image:width\" content=\"686\" \/>\n\t<meta property=\"og:image:height\" content=\"386\" \/>\n\t<meta property=\"og:image:type\" content=\"image\/jpeg\" \/>\n<meta name=\"author\" content=\"Haber Merkezi\" \/>\n<meta name=\"twitter:card\" content=\"summary_large_image\" \/>\n<meta name=\"twitter:creator\" content=\"@TheEpochTimesTR\" \/>\n<meta name=\"twitter:site\" content=\"@TheEpochTimesTR\" \/>\n<meta name=\"twitter:label1\" content=\"Yazan:\" \/>\n\t<meta name=\"twitter:data1\" content=\"Haber Merkezi\" \/>\n\t<meta name=\"twitter:label2\" content=\"Tahmini okuma s\u00fcresi\" \/>\n\t<meta name=\"twitter:data2\" content=\"5 dakika\" \/>\n<script type=\"application\/ld+json\" class=\"yoast-schema-graph\">{\"@context\":\"https:\/\/schema.org\",\"@graph\":[{\"@type\":\"Article\",\"@id\":\"https:\/\/epochtimestr.com\/index.php\/chp-grup-baskanvekili-ali-mahir-basarirdan-gundeme-iliskin-aciklama#article\",\"isPartOf\":{\"@id\":\"https:\/\/epochtimestr.com\/index.php\/chp-grup-baskanvekili-ali-mahir-basarirdan-gundeme-iliskin-aciklama\"},\"author\":{\"name\":\"Haber Merkezi\",\"@id\":\"https:\/\/epochtimestr.com\/#\/schema\/person\/3dc5c3adeb9f43923c5aa85889172fdd\"},\"headline\":\"CHP Grup Ba\u015fkanvekili Ali Mahir Ba\u015far\u0131r&#8217;dan G\u00fcndeme \u0130li\u015fkin A\u00e7\u0131klama\",\"datePublished\":\"2025-04-08T21:10:38+00:00\",\"dateModified\":\"2025-04-08T21:10:40+00:00\",\"mainEntityOfPage\":{\"@id\":\"https:\/\/epochtimestr.com\/index.php\/chp-grup-baskanvekili-ali-mahir-basarirdan-gundeme-iliskin-aciklama\"},\"wordCount\":915,\"publisher\":{\"@id\":\"https:\/\/epochtimestr.com\/#organization\"},\"image\":{\"@id\":\"https:\/\/epochtimestr.com\/index.php\/chp-grup-baskanvekili-ali-mahir-basarirdan-gundeme-iliskin-aciklama#primaryimage\"},\"thumbnailUrl\":\"https:\/\/epochtimestr.com\/wp-content\/uploads\/2011y\/mahir-basarir-3.jpg\",\"keywords\":[\"ali mahir ba\u015far\u0131r\",\"CHP\",\"Ekrem \u0130mamo\u011flu\",\"\u00d6zg\u00fcr \u00d6zel\"],\"articleSection\":[\"G\u00dcNDEM\",\"MAN\u015eET\",\"Siyaset\",\"T\u00dcRK\u0130YE\"],\"inLanguage\":\"tr\"},{\"@type\":\"WebPage\",\"@id\":\"https:\/\/epochtimestr.com\/index.php\/chp-grup-baskanvekili-ali-mahir-basarirdan-gundeme-iliskin-aciklama\",\"url\":\"https:\/\/epochtimestr.com\/index.php\/chp-grup-baskanvekili-ali-mahir-basarirdan-gundeme-iliskin-aciklama\",\"name\":\"CHP Grup Ba\u015fkanvekili Ali Mahir Ba\u015far\u0131r'dan G\u00fcndeme \u0130li\u015fkin A\u00e7\u0131klama - The Epoch Times TR\",\"isPartOf\":{\"@id\":\"https:\/\/epochtimestr.com\/#website\"},\"primaryImageOfPage\":{\"@id\":\"https:\/\/epochtimestr.com\/index.php\/chp-grup-baskanvekili-ali-mahir-basarirdan-gundeme-iliskin-aciklama#primaryimage\"},\"image\":{\"@id\":\"https:\/\/epochtimestr.com\/index.php\/chp-grup-baskanvekili-ali-mahir-basarirdan-gundeme-iliskin-aciklama#primaryimage\"},\"thumbnailUrl\":\"https:\/\/epochtimestr.com\/wp-content\/uploads\/2011y\/mahir-basarir-3.jpg\",\"datePublished\":\"2025-04-08T21:10:38+00:00\",\"dateModified\":\"2025-04-08T21:10:40+00:00\",\"description\":\"CHP Grup Ba\u015fkanvekili Ali Mahir Ba\u015far\u0131r'dan TBMM'de g\u00fcndeme ili\u015fkin a\u00e7\u0131klama yapt\u0131.\",\"inLanguage\":\"tr\",\"potentialAction\":[{\"@type\":\"ReadAction\",\"target\":[\"https:\/\/epochtimestr.com\/index.php\/chp-grup-baskanvekili-ali-mahir-basarirdan-gundeme-iliskin-aciklama\"]}]},{\"@type\":\"ImageObject\",\"inLanguage\":\"tr\",\"@id\":\"https:\/\/epochtimestr.com\/index.php\/chp-grup-baskanvekili-ali-mahir-basarirdan-gundeme-iliskin-aciklama#primaryimage\",\"url\":\"https:\/\/epochtimestr.com\/wp-content\/uploads\/2011y\/mahir-basarir-3.jpg\",\"contentUrl\":\"https:\/\/epochtimestr.com\/wp-content\/uploads\/2011y\/mahir-basarir-3.jpg\",\"width\":686,\"height\":386},{\"@type\":\"WebSite\",\"@id\":\"https:\/\/epochtimestr.com\/#website\",\"url\":\"https:\/\/epochtimestr.com\/\",\"name\":\"The Epoch Times TR\",\"description\":\"De\u011fi\u015fen D\u00fcnyam\u0131za Taze Bir Bak\u0131\u015f\",\"publisher\":{\"@id\":\"https:\/\/epochtimestr.com\/#organization\"},\"potentialAction\":[{\"@type\":\"SearchAction\",\"target\":{\"@type\":\"EntryPoint\",\"urlTemplate\":\"https:\/\/epochtimestr.com\/?s={search_term_string}\"},\"query-input\":\"required name=search_term_string\"}],\"inLanguage\":\"tr\"},{\"@type\":\"Organization\",\"@id\":\"https:\/\/epochtimestr.com\/#organization\",\"name\":\"The EpochTimes T\u00fcrkiye\",\"url\":\"https:\/\/epochtimestr.com\/\",\"logo\":{\"@type\":\"ImageObject\",\"inLanguage\":\"tr\",\"@id\":\"https:\/\/epochtimestr.com\/#\/schema\/logo\/image\/\",\"url\":\"https:\/\/epochtimestr.com\/wp-content\/uploads\/2011y\/ET-Logo-YG.jpg\",\"contentUrl\":\"https:\/\/epochtimestr.com\/wp-content\/uploads\/2011y\/ET-Logo-YG.jpg\",\"width\":346,\"height\":29,\"caption\":\"The EpochTimes T\u00fcrkiye\"},\"image\":{\"@id\":\"https:\/\/epochtimestr.com\/#\/schema\/logo\/image\/\"},\"sameAs\":[\"https:\/\/www.facebook.com\/theepochtimestr\",\"https:\/\/x.com\/TheEpochTimesTR\",\"https:\/\/www.instagram.com\/epochtimestr\"]},{\"@type\":\"Person\",\"@id\":\"https:\/\/epochtimestr.com\/#\/schema\/person\/3dc5c3adeb9f43923c5aa85889172fdd\",\"name\":\"Haber Merkezi\",\"image\":{\"@type\":\"ImageObject\",\"inLanguage\":\"tr\",\"@id\":\"https:\/\/epochtimestr.com\/#\/schema\/person\/image\/\",\"url\":\"https:\/\/secure.gravatar.com\/avatar\/d73f772ba5a74f28601361e17c2f93e6?s=96&d=mm&r=g\",\"contentUrl\":\"https:\/\/secure.gravatar.com\/avatar\/d73f772ba5a74f28601361e17c2f93e6?s=96&d=mm&r=g\",\"caption\":\"Haber Merkezi\"},\"url\":\"https:\/\/epochtimestr.com\/index.php\/author\/sendag\"}]}<\/script>\n<!-- \/ Yoast SEO plugin. -->","yoast_head_json":{"title":"CHP Grup Ba\u015fkanvekili Ali Mahir Ba\u015far\u0131r'dan G\u00fcndeme \u0130li\u015fkin A\u00e7\u0131klama - The Epoch Times TR","description":"CHP Grup Ba\u015fkanvekili Ali Mahir Ba\u015far\u0131r'dan TBMM'de g\u00fcndeme ili\u015fkin a\u00e7\u0131klama yapt\u0131.","robots":{"index":"index","follow":"follow","max-snippet":"max-snippet:-1","max-image-preview":"max-image-preview:large","max-video-preview":"max-video-preview:-1"},"canonical":"https:\/\/epochtimestr.com\/index.php\/chp-grup-baskanvekili-ali-mahir-basarirdan-gundeme-iliskin-aciklama","og_locale":"tr_TR","og_type":"article","og_title":"CHP Grup Ba\u015fkanvekili Ali Mahir Ba\u015far\u0131r'dan G\u00fcndeme \u0130li\u015fkin A\u00e7\u0131klama - The Epoch Times TR","og_description":"CHP Grup Ba\u015fkanvekili Ali Mahir Ba\u015far\u0131r'dan TBMM'de g\u00fcndeme ili\u015fkin a\u00e7\u0131klama yapt\u0131.","og_url":"https:\/\/epochtimestr.com\/index.php\/chp-grup-baskanvekili-ali-mahir-basarirdan-gundeme-iliskin-aciklama","og_site_name":"The Epoch Times TR","article_publisher":"https:\/\/www.facebook.com\/theepochtimestr","article_published_time":"2025-04-08T21:10:38+00:00","article_modified_time":"2025-04-08T21:10:40+00:00","og_image":[{"width":686,"height":386,"url":"https:\/\/epochtimestr.com\/wp-content\/uploads\/2011y\/mahir-basarir-3.jpg","type":"image\/jpeg"}],"author":"Haber Merkezi","twitter_card":"summary_large_image","twitter_creator":"@TheEpochTimesTR","twitter_site":"@TheEpochTimesTR","twitter_misc":{"Yazan:":"Haber Merkezi","Tahmini okuma s\u00fcresi":"5 dakika"},"schema":{"@context":"https:\/\/schema.org","@graph":[{"@type":"Article","@id":"https:\/\/epochtimestr.com\/index.php\/chp-grup-baskanvekili-ali-mahir-basarirdan-gundeme-iliskin-aciklama#article","isPartOf":{"@id":"https:\/\/epochtimestr.com\/index.php\/chp-grup-baskanvekili-ali-mahir-basarirdan-gundeme-iliskin-aciklama"},"author":{"name":"Haber Merkezi","@id":"https:\/\/epochtimestr.com\/#\/schema\/person\/3dc5c3adeb9f43923c5aa85889172fdd"},"headline":"CHP Grup Ba\u015fkanvekili Ali Mahir Ba\u015far\u0131r&#8217;dan G\u00fcndeme \u0130li\u015fkin A\u00e7\u0131klama","datePublished":"2025-04-08T21:10:38+00:00","dateModified":"2025-04-08T21:10:40+00:00","mainEntityOfPage":{"@id":"https:\/\/epochtimestr.com\/index.php\/chp-grup-baskanvekili-ali-mahir-basarirdan-gundeme-iliskin-aciklama"},"wordCount":915,"publisher":{"@id":"https:\/\/epochtimestr.com\/#organization"},"image":{"@id":"https:\/\/epochtimestr.com\/index.php\/chp-grup-baskanvekili-ali-mahir-basarirdan-gundeme-iliskin-aciklama#primaryimage"},"thumbnailUrl":"https:\/\/epochtimestr.com\/wp-content\/uploads\/2011y\/mahir-basarir-3.jpg","keywords":["ali mahir ba\u015far\u0131r","CHP","Ekrem \u0130mamo\u011flu","\u00d6zg\u00fcr \u00d6zel"],"articleSection":["G\u00dcNDEM","MAN\u015eET","Siyaset","T\u00dcRK\u0130YE"],"inLanguage":"tr"},{"@type":"WebPage","@id":"https:\/\/epochtimestr.com\/index.php\/chp-grup-baskanvekili-ali-mahir-basarirdan-gundeme-iliskin-aciklama","url":"https:\/\/epochtimestr.com\/index.php\/chp-grup-baskanvekili-ali-mahir-basarirdan-gundeme-iliskin-aciklama","name":"CHP Grup Ba\u015fkanvekili Ali Mahir Ba\u015far\u0131r'dan G\u00fcndeme \u0130li\u015fkin A\u00e7\u0131klama - The Epoch Times TR","isPartOf":{"@id":"https:\/\/epochtimestr.com\/#website"},"primaryImageOfPage":{"@id":"https:\/\/epochtimestr.com\/index.php\/chp-grup-baskanvekili-ali-mahir-basarirdan-gundeme-iliskin-aciklama#primaryimage"},"image":{"@id":"https:\/\/epochtimestr.com\/index.php\/chp-grup-baskanvekili-ali-mahir-basarirdan-gundeme-iliskin-aciklama#primaryimage"},"thumbnailUrl":"https:\/\/epochtimestr.com\/wp-content\/uploads\/2011y\/mahir-basarir-3.jpg","datePublished":"2025-04-08T21:10:38+00:00","dateModified":"2025-04-08T21:10:40+00:00","description":"CHP Grup Ba\u015fkanvekili Ali Mahir Ba\u015far\u0131r'dan TBMM'de g\u00fcndeme ili\u015fkin a\u00e7\u0131klama yapt\u0131.","inLanguage":"tr","potentialAction":[{"@type":"ReadAction","target":["https:\/\/epochtimestr.com\/index.php\/chp-grup-baskanvekili-ali-mahir-basarirdan-gundeme-iliskin-aciklama"]}]},{"@type":"ImageObject","inLanguage":"tr","@id":"https:\/\/epochtimestr.com\/index.php\/chp-grup-baskanvekili-ali-mahir-basarirdan-gundeme-iliskin-aciklama#primaryimage","url":"https:\/\/epochtimestr.com\/wp-content\/uploads\/2011y\/mahir-basarir-3.jpg","contentUrl":"https:\/\/epochtimestr.com\/wp-content\/uploads\/2011y\/mahir-basarir-3.jpg","width":686,"height":386},{"@type":"WebSite","@id":"https:\/\/epochtimestr.com\/#website","url":"https:\/\/epochtimestr.com\/","name":"The Epoch Times TR","description":"De\u011fi\u015fen D\u00fcnyam\u0131za Taze Bir Bak\u0131\u015f","publisher":{"@id":"https:\/\/epochtimestr.com\/#organization"},"potentialAction":[{"@type":"SearchAction","target":{"@type":"EntryPoint","urlTemplate":"https:\/\/epochtimestr.com\/?s={search_term_string}"},"query-input":"required name=search_term_string"}],"inLanguage":"tr"},{"@type":"Organization","@id":"https:\/\/epochtimestr.com\/#organization","name":"The EpochTimes T\u00fcrkiye","url":"https:\/\/epochtimestr.com\/","logo":{"@type":"ImageObject","inLanguage":"tr","@id":"https:\/\/epochtimestr.com\/#\/schema\/logo\/image\/","url":"https:\/\/epochtimestr.com\/wp-content\/uploads\/2011y\/ET-Logo-YG.jpg","contentUrl":"https:\/\/epochtimestr.com\/wp-content\/uploads\/2011y\/ET-Logo-YG.jpg","width":346,"height":29,"caption":"The EpochTimes T\u00fcrkiye"},"image":{"@id":"https:\/\/epochtimestr.com\/#\/schema\/logo\/image\/"},"sameAs":["https:\/\/www.facebook.com\/theepochtimestr","https:\/\/x.com\/TheEpochTimesTR","https:\/\/www.instagram.com\/epochtimestr"]},{"@type":"Person","@id":"https:\/\/epochtimestr.com\/#\/schema\/person\/3dc5c3adeb9f43923c5aa85889172fdd","name":"Haber Merkezi","image":{"@type":"ImageObject","inLanguage":"tr","@id":"https:\/\/epochtimestr.com\/#\/schema\/person\/image\/","url":"https:\/\/secure.gravatar.com\/avatar\/d73f772ba5a74f28601361e17c2f93e6?s=96&d=mm&r=g","contentUrl":"https:\/\/secure.gravatar.com\/avatar\/d73f772ba5a74f28601361e17c2f93e6?s=96&d=mm&r=g","caption":"Haber Merkezi"},"url":"https:\/\/epochtimestr.com\/index.php\/author\/sendag"}]}},"_links":{"self":[{"href":"https:\/\/epochtimestr.com\/index.php\/wp-json\/wp\/v2\/posts\/157556"}],"collection":[{"href":"https:\/\/epochtimestr.com\/index.php\/wp-json\/wp\/v2\/posts"}],"about":[{"href":"https:\/\/epochtimestr.com\/index.php\/wp-json\/wp\/v2\/types\/post"}],"author":[{"embeddable":true,"href":"https:\/\/epochtimestr.com\/index.php\/wp-json\/wp\/v2\/users\/12791"}],"replies":[{"embeddable":true,"href":"https:\/\/epochtimestr.com\/index.php\/wp-json\/wp\/v2\/comments?post=157556"}],"version-history":[{"count":1,"href":"https:\/\/epochtimestr.com\/index.php\/wp-json\/wp\/v2\/posts\/157556\/revisions"}],"predecessor-version":[{"id":157558,"href":"https:\/\/epochtimestr.com\/index.php\/wp-json\/wp\/v2\/posts\/157556\/revisions\/157558"}],"wp:featuredmedia":[{"embeddable":true,"href":"https:\/\/epochtimestr.com\/index.php\/wp-json\/wp\/v2\/media\/157557"}],"wp:attachment":[{"href":"https:\/\/epochtimestr.com\/index.php\/wp-json\/wp\/v2\/media?parent=157556"}],"wp:term":[{"taxonomy":"category","embeddable":true,"href":"https:\/\/epochtimestr.com\/index.php\/wp-json\/wp\/v2\/categories?post=157556"},{"taxonomy":"post_tag","embeddable":true,"href":"https:\/\/epochtimestr.com\/index.php\/wp-json\/wp\/v2\/tags?post=157556"}],"curies":[{"name":"wp","href":"https:\/\/api.w.org\/{rel}","templated":true}]}}