{"id":157562,"date":"2025-04-09T00:26:46","date_gmt":"2025-04-08T21:26:46","guid":{"rendered":"https:\/\/epochtimestr.com\/?p=157562"},"modified":"2025-04-09T00:26:48","modified_gmt":"2025-04-08T21:26:48","slug":"mahir-polatin-avukati-erkam-erdem-cezaevi-kosullari-hayati-risk-teskil-etmektedir","status":"publish","type":"post","link":"https:\/\/epochtimestr.com\/index.php\/mahir-polatin-avukati-erkam-erdem-cezaevi-kosullari-hayati-risk-teskil-etmektedir","title":{"rendered":"Mahir Polat&#8217;\u0131n Avukat\u0131 Erkam Erdem: &#8220;Cezaevi Ko\u015fullar\u0131 Hayati Risk Te\u015fkil Etmektedir&#8221;"},"content":{"rendered":"\n<p><\/p>\n\n\n<div class=\"wp-block-image\">\n<figure class=\"aligncenter size-full\"><img loading=\"lazy\" decoding=\"async\" width=\"1280\" height=\"640\" src=\"https:\/\/epochtimestr.com\/wp-content\/uploads\/2011y\/mahir-polat-2.jpg\" alt=\"\" class=\"wp-image-157564\" srcset=\"https:\/\/epochtimestr.com\/wp-content\/uploads\/2011y\/mahir-polat-2.jpg 1280w, https:\/\/epochtimestr.com\/wp-content\/uploads\/2011y\/mahir-polat-2-300x150.jpg 300w, https:\/\/epochtimestr.com\/wp-content\/uploads\/2011y\/mahir-polat-2-150x75.jpg 150w, https:\/\/epochtimestr.com\/wp-content\/uploads\/2011y\/mahir-polat-2-768x384.jpg 768w\" sizes=\"(max-width: 1280px) 100vw, 1280px\" \/><figcaption class=\"wp-element-caption\">Mahir Polat&#8217;\u0131n Avukat\u0131 Erkam Erdem: &#8220;Cezaevi Ko\u015fullar\u0131 Hayati Risk Te\u015fkil Etmektedir&#8221;<\/figcaption><\/figure><\/div>\n\n\n<h2 class=\"wp-block-heading\">Mahir Polat&#8217;\u0131n avukat\u0131 Erkam Erdem, Polat&#8217;\u0131n ila\u00e7lar\u0131n\u0131 almad\u0131\u011f\u0131na y\u00f6nelik haberlere ili\u015fkin yasal yollar\u0131 kullanacaklar\u0131n\u0131 belirtirken, cezaevi ko\u015fullar\u0131n\u0131n hayati risk te\u015fkil etti\u011fini vurgulad\u0131.<\/h2>\n\n\n\n<p><a href=\"https:\/\/epochtimestr.com\/index.php\/istanbul-buyuksehir-belediyesi-tarihinde-bir-ilk\">\u0130stanbul B\u00fcy\u00fck\u015fehir Belediyesi <\/a>(\u0130BB) Genel Sekreter Yard\u0131mc\u0131s\u0131 tutuklu <a href=\"https:\/\/epochtimestr.com\/index.php\/cevdet-yilmazdan-mahir-polat-aciklamasi\">Mahir Polat<\/a>, sa\u011fl\u0131k sorunlar\u0131yla ilgili Adli T\u0131p Kurumu raporunu beklenirken avukat\u0131 Erkam Erdem yeni bir a\u00e7\u0131klamada bulundu.<br \/><br \/>Erdem&#8217;in payla\u015f\u0131m\u0131 \u015f\u00f6yle:<br \/>&#8220;Mahir Polat\u2019\u0131n<a href=\"https:\/\/epochtimestr.com\/index.php\/adli-tip-kurumu-baskan-yardimcisi-gorevden-alindi\"> Adli T\u0131p Kurumu<\/a>\u2019na sevk edilece\u011fi bilgisi gelmi\u015fti. Ancak \u015fu an Ba\u015fak\u015fehir \u00c7am ve Sakura \u015eehir Hastanesi\u2019nde oldu\u011funu ve burada \u00e7e\u015fitli muayene ve tetkiklerin yap\u0131lmakta oldu\u011funu \u00f6\u011frendik.&#8221;<\/p>\n\n\n\n<p>Mahir Polat&#8217;\u0131n avukat\u0131 Erkam Erdem, m\u00fcvekkilinin Ba\u015fak\u015fehir \u00c7am ve Sakura Hastanesi&#8217;nde kontrolden ge\u00e7irildi\u011fini, tansiyonunun 24 saat takibi i\u00e7in cihaz tak\u0131ld\u0131ktan sonra cezaevine geri g\u00f6nderildi\u011fini payla\u015ft\u0131.<\/p>\n\n\n\n<p><\/p>\n\n\n\n<figure class=\"wp-block-embed is-type-rich is-provider-twitter wp-block-embed-twitter\"><div class=\"wp-block-embed__wrapper\">\n<blockquote class=\"twitter-tweet\" data-width=\"550\" data-dnt=\"true\"><p lang=\"tr\" dir=\"ltr\">M\u00fcvekkilim Mahir Polat\u2019\u0131n ila\u00e7lar\u0131n\u0131 almad\u0131\u011f\u0131 y\u00f6n\u00fcndeki manip\u00fclatif haberleri takip etmekteyiz. Yegane amac\u0131 d\u00fcr\u00fcst olarak y\u00fcr\u00fctt\u00fc\u011f\u00fcm\u00fcz s\u00fcreci baltalamak olan insanl\u0131k d\u0131\u015f\u0131 bu payla\u015f\u0131mlar\u0131 yapanlar hakk\u0131nda yasal yollara ba\u015fvuraca\u011f\u0131z.<\/p>&mdash; Erkam Erdem (@ErkamErdem1) <a href=\"https:\/\/twitter.com\/ErkamErdem1\/status\/1909669285292617903?ref_src=twsrc%5Etfw\">April 8, 2025<\/a><\/blockquote><script async src=\"https:\/\/platform.twitter.com\/widgets.js\" charset=\"utf-8\"><\/script>\n<\/div><\/figure>\n\n\n\n<p>&#8220;M\u00fcvekkilim Mahir Polat\u2019\u0131n ila\u00e7lar\u0131n\u0131 almad\u0131\u011f\u0131 y\u00f6n\u00fcndeki manip\u00fclatif haberleri takip etmekteyiz. Yegane amac\u0131 d\u00fcr\u00fcst olarak y\u00fcr\u00fctt\u00fc\u011f\u00fcm\u00fcz s\u00fcreci baltalamak olan insanl\u0131k d\u0131\u015f\u0131 bu payla\u015f\u0131mlar\u0131 yapanlar hakk\u0131nda yasal yollara ba\u015fvuraca\u011f\u0131z. Mahir Bey gibi uzun y\u0131llard\u0131r kalp ve tansiyon hastal\u0131\u011f\u0131 ya\u015fayan birinin ila\u00e7lar\u0131n\u0131 almamas\u0131n\u0131n \u00f6l\u00fcmc\u00fcl sonu\u00e7lar verece\u011fini bilmelerine ra\u011fmen bu tarz payla\u015f\u0131m yapmalar\u0131 ilgililerin nas\u0131l insani ba\u011flamdan koparak h\u0131n\u00e7la hareket ettiklerini g\u00f6stermektedir.<\/p>\n\n\n\n<p><br \/>Ayr\u0131ca, Mahir Bey h\u00fck\u00fcml\u00fc de\u011fil tutuklu olmas\u0131na ve adli kontrol tedbirlerinin uygulanmas\u0131 i\u00e7in sa\u011fl\u0131k durumunu tespit eden herhangi bir hastane raporu yeterli olmas\u0131na ra\u011fmen h\u00fck\u00fcml\u00fclere uygulanan mevzuat do\u011frultusunda Adli T\u0131p Kurumuna sevk edilmesi s\u00fcrecini, bu s\u00fcrecin bilimsel ve hakkaniyetli ilerleyece\u011fine dair inanc\u0131m\u0131zla takip ettik. Fakat bug\u00fcn tekrar Ba\u015fak\u015fehir \u00c7am ve Sakura \u015eehir Hastanesine sevki ile yeni bir rapor s\u00fcrecinin ba\u015flat\u0131lmas\u0131, m\u00fcvekkilimin tahliye s\u00fcrecini uzatabilecek yeni hamleler oldu\u011fu izlenimine neden olmu\u015f ve bizleri kayg\u0131land\u0131rm\u0131\u015ft\u0131r.<\/p>\n\n\n\n<p><\/p>\n\n\n\n<p>Kamuoyuyla a\u00e7\u0131k \u015fekilde payla\u015fmak isterim ki; Mahir Beyin sa\u011fl\u0131k sorunlar\u0131 cezaevi ko\u015fullar\u0131nda kalmas\u0131n\u0131 m\u00fcmk\u00fcn k\u0131lmamakta ve bu ko\u015fullar sa\u011fl\u0131\u011f\u0131na devaml\u0131 olarak zarar vermekte ve hayati risk te\u015fkil etmektedir. S\u00fcrecin uzamas\u0131 ve\/veya gerekmedi\u011fi halde hapis cezas\u0131 kesinle\u015fmi\u015f kimselere uygulanan infaz durdurma kurallar\u0131n\u0131n Mahir Beyin tahliyesine esas al\u0131nmas\u0131 nedeniyle sa\u011fl\u0131\u011f\u0131 ve ya\u015fam\u0131 \u00fczerinde telafisi m\u00fcmk\u00fcn olmayan zararlar do\u011fmas\u0131n\u0131n vebalini hi\u00e7 kimse; ne siyasi, ne hukuki ne de vicdani olarak \u00f6deyebilir.&#8221;<\/p>\n","protected":false},"excerpt":{"rendered":"<p>Mahir Polat&#8217;\u0131n avukat\u0131 Erkam Erdem, Polat&#8217;\u0131n ila\u00e7lar\u0131n\u0131 almad\u0131\u011f\u0131na y\u00f6nelik haberlere ili\u015fkin yasal yollar\u0131 kullanacaklar\u0131n\u0131 belirtirken, cezaevi ko\u015fullar\u0131n\u0131n hayati risk te\u015fkil etti\u011fini vurgulad\u0131. \u0130stanbul B\u00fcy\u00fck\u015fehir Belediyesi (\u0130BB) Genel Sekreter Yard\u0131mc\u0131s\u0131 tutuklu Mahir Polat, sa\u011fl\u0131k sorunlar\u0131yla ilgili Adli T\u0131p Kurumu raporunu beklenirken avukat\u0131 Erkam Erdem yeni bir a\u00e7\u0131klamada bulundu. Erdem&#8217;in payla\u015f\u0131m\u0131 \u015f\u00f6yle:&#8220;Mahir Polat\u2019\u0131n Adli T\u0131p Kurumu\u2019na sevk [&hellip;]<\/p>\n","protected":false},"author":12791,"featured_media":157564,"comment_status":"closed","ping_status":"open","sticky":false,"template":"","format":"standard","meta":{"_yoast_wpseo_focuskw":"Mahir Polat'\u0131n Avukat\u0131 Erkam Erdem: \"Cezaevi Ko\u015fullar\u0131 Hayati Risk Te\u015fkil Etmektedir\"","_yoast_wpseo_title":"","_yoast_wpseo_metadesc":"Mahir Polat'\u0131n avukat\u0131 Erkam Erdem, Polat'\u0131n ila\u00e7lar\u0131n\u0131 almad\u0131\u011f\u0131na y\u00f6nelik haberlere ili\u015fkin yasal yollar\u0131 kullanacaklar\u0131n\u0131 belirtirken, cezaevi ko\u015fullar\u0131n\u0131n hayati risk te\u015fkil etti\u011fini vurgulad\u0131.","_bbp_topic_count":0,"_bbp_reply_count":0,"_bbp_total_topic_count":0,"_bbp_total_reply_count":0,"_bbp_voice_count":0,"_bbp_anonymous_reply_count":0,"_bbp_topic_count_hidden":0,"_bbp_reply_count_hidden":0,"_bbp_forum_subforum_count":0,"footnotes":"","_yoast_wpseo_focuskw_text_input":""},"categories":[1,8138,8226,37],"tags":[8551,5532,8533],"yoast_head":"<!-- This site is optimized with the Yoast SEO plugin v23.0 - https:\/\/yoast.com\/wordpress\/plugins\/seo\/ -->\n<title>Mahir Polat&#039;\u0131n Avukat\u0131 Erkam Erdem: &quot;Cezaevi Ko\u015fullar\u0131 Hayati Risk Te\u015fkil Etmektedir&quot; - The Epoch Times TR<\/title>\n<meta name=\"description\" content=\"Mahir Polat&#039;\u0131n avukat\u0131 Erkam Erdem, Polat&#039;\u0131n ila\u00e7lar\u0131n\u0131 almad\u0131\u011f\u0131na y\u00f6nelik haberlere ili\u015fkin yasal yollar\u0131 kullanacaklar\u0131n\u0131 belirtirken, cezaevi ko\u015fullar\u0131n\u0131n hayati risk te\u015fkil etti\u011fini vurgulad\u0131.\" \/>\n<meta name=\"robots\" content=\"index, follow, max-snippet:-1, max-image-preview:large, max-video-preview:-1\" \/>\n<link rel=\"canonical\" href=\"https:\/\/epochtimestr.com\/index.php\/mahir-polatin-avukati-erkam-erdem-cezaevi-kosullari-hayati-risk-teskil-etmektedir\" \/>\n<meta property=\"og:locale\" content=\"tr_TR\" \/>\n<meta property=\"og:type\" content=\"article\" \/>\n<meta property=\"og:title\" content=\"Mahir Polat&#039;\u0131n Avukat\u0131 Erkam Erdem: &quot;Cezaevi Ko\u015fullar\u0131 Hayati Risk Te\u015fkil Etmektedir&quot; - The Epoch Times TR\" \/>\n<meta property=\"og:description\" content=\"Mahir Polat&#039;\u0131n avukat\u0131 Erkam Erdem, Polat&#039;\u0131n ila\u00e7lar\u0131n\u0131 almad\u0131\u011f\u0131na y\u00f6nelik haberlere ili\u015fkin yasal yollar\u0131 kullanacaklar\u0131n\u0131 belirtirken, cezaevi ko\u015fullar\u0131n\u0131n hayati risk te\u015fkil etti\u011fini vurgulad\u0131.\" \/>\n<meta property=\"og:url\" content=\"https:\/\/epochtimestr.com\/index.php\/mahir-polatin-avukati-erkam-erdem-cezaevi-kosullari-hayati-risk-teskil-etmektedir\" \/>\n<meta property=\"og:site_name\" content=\"The Epoch Times TR\" \/>\n<meta property=\"article:publisher\" content=\"https:\/\/www.facebook.com\/theepochtimestr\" \/>\n<meta property=\"article:published_time\" content=\"2025-04-08T21:26:46+00:00\" \/>\n<meta property=\"article:modified_time\" content=\"2025-04-08T21:26:48+00:00\" \/>\n<meta property=\"og:image\" content=\"https:\/\/epochtimestr.com\/wp-content\/uploads\/2011y\/mahir-polat-2.jpg\" \/>\n\t<meta property=\"og:image:width\" content=\"1280\" \/>\n\t<meta property=\"og:image:height\" content=\"640\" \/>\n\t<meta property=\"og:image:type\" content=\"image\/jpeg\" \/>\n<meta name=\"author\" content=\"Haber Merkezi\" \/>\n<meta name=\"twitter:card\" content=\"summary_large_image\" \/>\n<meta name=\"twitter:creator\" content=\"@TheEpochTimesTR\" \/>\n<meta name=\"twitter:site\" content=\"@TheEpochTimesTR\" \/>\n<meta name=\"twitter:label1\" content=\"Yazan:\" \/>\n\t<meta name=\"twitter:data1\" content=\"Haber Merkezi\" \/>\n\t<meta name=\"twitter:label2\" content=\"Tahmini okuma s\u00fcresi\" \/>\n\t<meta name=\"twitter:data2\" content=\"3 dakika\" \/>\n<script type=\"application\/ld+json\" class=\"yoast-schema-graph\">{\"@context\":\"https:\/\/schema.org\",\"@graph\":[{\"@type\":\"Article\",\"@id\":\"https:\/\/epochtimestr.com\/index.php\/mahir-polatin-avukati-erkam-erdem-cezaevi-kosullari-hayati-risk-teskil-etmektedir#article\",\"isPartOf\":{\"@id\":\"https:\/\/epochtimestr.com\/index.php\/mahir-polatin-avukati-erkam-erdem-cezaevi-kosullari-hayati-risk-teskil-etmektedir\"},\"author\":{\"name\":\"Haber Merkezi\",\"@id\":\"https:\/\/epochtimestr.com\/#\/schema\/person\/3dc5c3adeb9f43923c5aa85889172fdd\"},\"headline\":\"Mahir Polat&#8217;\u0131n Avukat\u0131 Erkam Erdem: &#8220;Cezaevi Ko\u015fullar\u0131 Hayati Risk Te\u015fkil Etmektedir&#8221;\",\"datePublished\":\"2025-04-08T21:26:46+00:00\",\"dateModified\":\"2025-04-08T21:26:48+00:00\",\"mainEntityOfPage\":{\"@id\":\"https:\/\/epochtimestr.com\/index.php\/mahir-polatin-avukati-erkam-erdem-cezaevi-kosullari-hayati-risk-teskil-etmektedir\"},\"wordCount\":480,\"publisher\":{\"@id\":\"https:\/\/epochtimestr.com\/#organization\"},\"image\":{\"@id\":\"https:\/\/epochtimestr.com\/index.php\/mahir-polatin-avukati-erkam-erdem-cezaevi-kosullari-hayati-risk-teskil-etmektedir#primaryimage\"},\"thumbnailUrl\":\"https:\/\/epochtimestr.com\/wp-content\/uploads\/2011y\/mahir-polat-2.jpg\",\"keywords\":[\"adli t\u0131p kurumu\",\"Cezaevi\",\"mahir polat\"],\"articleSection\":[\"G\u00dcNDEM\",\"MAN\u015eET\",\"Siyaset\",\"T\u00dcRK\u0130YE\"],\"inLanguage\":\"tr\"},{\"@type\":\"WebPage\",\"@id\":\"https:\/\/epochtimestr.com\/index.php\/mahir-polatin-avukati-erkam-erdem-cezaevi-kosullari-hayati-risk-teskil-etmektedir\",\"url\":\"https:\/\/epochtimestr.com\/index.php\/mahir-polatin-avukati-erkam-erdem-cezaevi-kosullari-hayati-risk-teskil-etmektedir\",\"name\":\"Mahir Polat'\u0131n Avukat\u0131 Erkam Erdem: \\\"Cezaevi Ko\u015fullar\u0131 Hayati Risk Te\u015fkil Etmektedir\\\" - The Epoch Times TR\",\"isPartOf\":{\"@id\":\"https:\/\/epochtimestr.com\/#website\"},\"primaryImageOfPage\":{\"@id\":\"https:\/\/epochtimestr.com\/index.php\/mahir-polatin-avukati-erkam-erdem-cezaevi-kosullari-hayati-risk-teskil-etmektedir#primaryimage\"},\"image\":{\"@id\":\"https:\/\/epochtimestr.com\/index.php\/mahir-polatin-avukati-erkam-erdem-cezaevi-kosullari-hayati-risk-teskil-etmektedir#primaryimage\"},\"thumbnailUrl\":\"https:\/\/epochtimestr.com\/wp-content\/uploads\/2011y\/mahir-polat-2.jpg\",\"datePublished\":\"2025-04-08T21:26:46+00:00\",\"dateModified\":\"2025-04-08T21:26:48+00:00\",\"description\":\"Mahir Polat'\u0131n avukat\u0131 Erkam Erdem, Polat'\u0131n ila\u00e7lar\u0131n\u0131 almad\u0131\u011f\u0131na y\u00f6nelik haberlere ili\u015fkin yasal yollar\u0131 kullanacaklar\u0131n\u0131 belirtirken, cezaevi ko\u015fullar\u0131n\u0131n hayati risk te\u015fkil etti\u011fini vurgulad\u0131.\",\"inLanguage\":\"tr\",\"potentialAction\":[{\"@type\":\"ReadAction\",\"target\":[\"https:\/\/epochtimestr.com\/index.php\/mahir-polatin-avukati-erkam-erdem-cezaevi-kosullari-hayati-risk-teskil-etmektedir\"]}]},{\"@type\":\"ImageObject\",\"inLanguage\":\"tr\",\"@id\":\"https:\/\/epochtimestr.com\/index.php\/mahir-polatin-avukati-erkam-erdem-cezaevi-kosullari-hayati-risk-teskil-etmektedir#primaryimage\",\"url\":\"https:\/\/epochtimestr.com\/wp-content\/uploads\/2011y\/mahir-polat-2.jpg\",\"contentUrl\":\"https:\/\/epochtimestr.com\/wp-content\/uploads\/2011y\/mahir-polat-2.jpg\",\"width\":1280,\"height\":640},{\"@type\":\"WebSite\",\"@id\":\"https:\/\/epochtimestr.com\/#website\",\"url\":\"https:\/\/epochtimestr.com\/\",\"name\":\"The Epoch Times TR\",\"description\":\"De\u011fi\u015fen D\u00fcnyam\u0131za Taze Bir Bak\u0131\u015f\",\"publisher\":{\"@id\":\"https:\/\/epochtimestr.com\/#organization\"},\"potentialAction\":[{\"@type\":\"SearchAction\",\"target\":{\"@type\":\"EntryPoint\",\"urlTemplate\":\"https:\/\/epochtimestr.com\/?s={search_term_string}\"},\"query-input\":\"required name=search_term_string\"}],\"inLanguage\":\"tr\"},{\"@type\":\"Organization\",\"@id\":\"https:\/\/epochtimestr.com\/#organization\",\"name\":\"The EpochTimes T\u00fcrkiye\",\"url\":\"https:\/\/epochtimestr.com\/\",\"logo\":{\"@type\":\"ImageObject\",\"inLanguage\":\"tr\",\"@id\":\"https:\/\/epochtimestr.com\/#\/schema\/logo\/image\/\",\"url\":\"https:\/\/epochtimestr.com\/wp-content\/uploads\/2011y\/ET-Logo-YG.jpg\",\"contentUrl\":\"https:\/\/epochtimestr.com\/wp-content\/uploads\/2011y\/ET-Logo-YG.jpg\",\"width\":346,\"height\":29,\"caption\":\"The EpochTimes T\u00fcrkiye\"},\"image\":{\"@id\":\"https:\/\/epochtimestr.com\/#\/schema\/logo\/image\/\"},\"sameAs\":[\"https:\/\/www.facebook.com\/theepochtimestr\",\"https:\/\/x.com\/TheEpochTimesTR\",\"https:\/\/www.instagram.com\/epochtimestr\"]},{\"@type\":\"Person\",\"@id\":\"https:\/\/epochtimestr.com\/#\/schema\/person\/3dc5c3adeb9f43923c5aa85889172fdd\",\"name\":\"Haber Merkezi\",\"image\":{\"@type\":\"ImageObject\",\"inLanguage\":\"tr\",\"@id\":\"https:\/\/epochtimestr.com\/#\/schema\/person\/image\/\",\"url\":\"https:\/\/secure.gravatar.com\/avatar\/d73f772ba5a74f28601361e17c2f93e6?s=96&d=mm&r=g\",\"contentUrl\":\"https:\/\/secure.gravatar.com\/avatar\/d73f772ba5a74f28601361e17c2f93e6?s=96&d=mm&r=g\",\"caption\":\"Haber Merkezi\"},\"url\":\"https:\/\/epochtimestr.com\/index.php\/author\/sendag\"}]}<\/script>\n<!-- \/ Yoast SEO plugin. -->","yoast_head_json":{"title":"Mahir Polat'\u0131n Avukat\u0131 Erkam Erdem: \"Cezaevi Ko\u015fullar\u0131 Hayati Risk Te\u015fkil Etmektedir\" - The Epoch Times TR","description":"Mahir Polat'\u0131n avukat\u0131 Erkam Erdem, Polat'\u0131n ila\u00e7lar\u0131n\u0131 almad\u0131\u011f\u0131na y\u00f6nelik haberlere ili\u015fkin yasal yollar\u0131 kullanacaklar\u0131n\u0131 belirtirken, cezaevi ko\u015fullar\u0131n\u0131n hayati risk te\u015fkil etti\u011fini vurgulad\u0131.","robots":{"index":"index","follow":"follow","max-snippet":"max-snippet:-1","max-image-preview":"max-image-preview:large","max-video-preview":"max-video-preview:-1"},"canonical":"https:\/\/epochtimestr.com\/index.php\/mahir-polatin-avukati-erkam-erdem-cezaevi-kosullari-hayati-risk-teskil-etmektedir","og_locale":"tr_TR","og_type":"article","og_title":"Mahir Polat'\u0131n Avukat\u0131 Erkam Erdem: \"Cezaevi Ko\u015fullar\u0131 Hayati Risk Te\u015fkil Etmektedir\" - The Epoch Times TR","og_description":"Mahir Polat'\u0131n avukat\u0131 Erkam Erdem, Polat'\u0131n ila\u00e7lar\u0131n\u0131 almad\u0131\u011f\u0131na y\u00f6nelik haberlere ili\u015fkin yasal yollar\u0131 kullanacaklar\u0131n\u0131 belirtirken, cezaevi ko\u015fullar\u0131n\u0131n hayati risk te\u015fkil etti\u011fini vurgulad\u0131.","og_url":"https:\/\/epochtimestr.com\/index.php\/mahir-polatin-avukati-erkam-erdem-cezaevi-kosullari-hayati-risk-teskil-etmektedir","og_site_name":"The Epoch Times TR","article_publisher":"https:\/\/www.facebook.com\/theepochtimestr","article_published_time":"2025-04-08T21:26:46+00:00","article_modified_time":"2025-04-08T21:26:48+00:00","og_image":[{"width":1280,"height":640,"url":"https:\/\/epochtimestr.com\/wp-content\/uploads\/2011y\/mahir-polat-2.jpg","type":"image\/jpeg"}],"author":"Haber Merkezi","twitter_card":"summary_large_image","twitter_creator":"@TheEpochTimesTR","twitter_site":"@TheEpochTimesTR","twitter_misc":{"Yazan:":"Haber Merkezi","Tahmini okuma s\u00fcresi":"3 dakika"},"schema":{"@context":"https:\/\/schema.org","@graph":[{"@type":"Article","@id":"https:\/\/epochtimestr.com\/index.php\/mahir-polatin-avukati-erkam-erdem-cezaevi-kosullari-hayati-risk-teskil-etmektedir#article","isPartOf":{"@id":"https:\/\/epochtimestr.com\/index.php\/mahir-polatin-avukati-erkam-erdem-cezaevi-kosullari-hayati-risk-teskil-etmektedir"},"author":{"name":"Haber Merkezi","@id":"https:\/\/epochtimestr.com\/#\/schema\/person\/3dc5c3adeb9f43923c5aa85889172fdd"},"headline":"Mahir Polat&#8217;\u0131n Avukat\u0131 Erkam Erdem: &#8220;Cezaevi Ko\u015fullar\u0131 Hayati Risk Te\u015fkil Etmektedir&#8221;","datePublished":"2025-04-08T21:26:46+00:00","dateModified":"2025-04-08T21:26:48+00:00","mainEntityOfPage":{"@id":"https:\/\/epochtimestr.com\/index.php\/mahir-polatin-avukati-erkam-erdem-cezaevi-kosullari-hayati-risk-teskil-etmektedir"},"wordCount":480,"publisher":{"@id":"https:\/\/epochtimestr.com\/#organization"},"image":{"@id":"https:\/\/epochtimestr.com\/index.php\/mahir-polatin-avukati-erkam-erdem-cezaevi-kosullari-hayati-risk-teskil-etmektedir#primaryimage"},"thumbnailUrl":"https:\/\/epochtimestr.com\/wp-content\/uploads\/2011y\/mahir-polat-2.jpg","keywords":["adli t\u0131p kurumu","Cezaevi","mahir polat"],"articleSection":["G\u00dcNDEM","MAN\u015eET","Siyaset","T\u00dcRK\u0130YE"],"inLanguage":"tr"},{"@type":"WebPage","@id":"https:\/\/epochtimestr.com\/index.php\/mahir-polatin-avukati-erkam-erdem-cezaevi-kosullari-hayati-risk-teskil-etmektedir","url":"https:\/\/epochtimestr.com\/index.php\/mahir-polatin-avukati-erkam-erdem-cezaevi-kosullari-hayati-risk-teskil-etmektedir","name":"Mahir Polat'\u0131n Avukat\u0131 Erkam Erdem: \"Cezaevi Ko\u015fullar\u0131 Hayati Risk Te\u015fkil Etmektedir\" - The Epoch Times TR","isPartOf":{"@id":"https:\/\/epochtimestr.com\/#website"},"primaryImageOfPage":{"@id":"https:\/\/epochtimestr.com\/index.php\/mahir-polatin-avukati-erkam-erdem-cezaevi-kosullari-hayati-risk-teskil-etmektedir#primaryimage"},"image":{"@id":"https:\/\/epochtimestr.com\/index.php\/mahir-polatin-avukati-erkam-erdem-cezaevi-kosullari-hayati-risk-teskil-etmektedir#primaryimage"},"thumbnailUrl":"https:\/\/epochtimestr.com\/wp-content\/uploads\/2011y\/mahir-polat-2.jpg","datePublished":"2025-04-08T21:26:46+00:00","dateModified":"2025-04-08T21:26:48+00:00","description":"Mahir Polat'\u0131n avukat\u0131 Erkam Erdem, Polat'\u0131n ila\u00e7lar\u0131n\u0131 almad\u0131\u011f\u0131na y\u00f6nelik haberlere ili\u015fkin yasal yollar\u0131 kullanacaklar\u0131n\u0131 belirtirken, cezaevi ko\u015fullar\u0131n\u0131n hayati risk te\u015fkil etti\u011fini vurgulad\u0131.","inLanguage":"tr","potentialAction":[{"@type":"ReadAction","target":["https:\/\/epochtimestr.com\/index.php\/mahir-polatin-avukati-erkam-erdem-cezaevi-kosullari-hayati-risk-teskil-etmektedir"]}]},{"@type":"ImageObject","inLanguage":"tr","@id":"https:\/\/epochtimestr.com\/index.php\/mahir-polatin-avukati-erkam-erdem-cezaevi-kosullari-hayati-risk-teskil-etmektedir#primaryimage","url":"https:\/\/epochtimestr.com\/wp-content\/uploads\/2011y\/mahir-polat-2.jpg","contentUrl":"https:\/\/epochtimestr.com\/wp-content\/uploads\/2011y\/mahir-polat-2.jpg","width":1280,"height":640},{"@type":"WebSite","@id":"https:\/\/epochtimestr.com\/#website","url":"https:\/\/epochtimestr.com\/","name":"The Epoch Times TR","description":"De\u011fi\u015fen D\u00fcnyam\u0131za Taze Bir Bak\u0131\u015f","publisher":{"@id":"https:\/\/epochtimestr.com\/#organization"},"potentialAction":[{"@type":"SearchAction","target":{"@type":"EntryPoint","urlTemplate":"https:\/\/epochtimestr.com\/?s={search_term_string}"},"query-input":"required name=search_term_string"}],"inLanguage":"tr"},{"@type":"Organization","@id":"https:\/\/epochtimestr.com\/#organization","name":"The EpochTimes T\u00fcrkiye","url":"https:\/\/epochtimestr.com\/","logo":{"@type":"ImageObject","inLanguage":"tr","@id":"https:\/\/epochtimestr.com\/#\/schema\/logo\/image\/","url":"https:\/\/epochtimestr.com\/wp-content\/uploads\/2011y\/ET-Logo-YG.jpg","contentUrl":"https:\/\/epochtimestr.com\/wp-content\/uploads\/2011y\/ET-Logo-YG.jpg","width":346,"height":29,"caption":"The EpochTimes T\u00fcrkiye"},"image":{"@id":"https:\/\/epochtimestr.com\/#\/schema\/logo\/image\/"},"sameAs":["https:\/\/www.facebook.com\/theepochtimestr","https:\/\/x.com\/TheEpochTimesTR","https:\/\/www.instagram.com\/epochtimestr"]},{"@type":"Person","@id":"https:\/\/epochtimestr.com\/#\/schema\/person\/3dc5c3adeb9f43923c5aa85889172fdd","name":"Haber Merkezi","image":{"@type":"ImageObject","inLanguage":"tr","@id":"https:\/\/epochtimestr.com\/#\/schema\/person\/image\/","url":"https:\/\/secure.gravatar.com\/avatar\/d73f772ba5a74f28601361e17c2f93e6?s=96&d=mm&r=g","contentUrl":"https:\/\/secure.gravatar.com\/avatar\/d73f772ba5a74f28601361e17c2f93e6?s=96&d=mm&r=g","caption":"Haber Merkezi"},"url":"https:\/\/epochtimestr.com\/index.php\/author\/sendag"}]}},"_links":{"self":[{"href":"https:\/\/epochtimestr.com\/index.php\/wp-json\/wp\/v2\/posts\/157562"}],"collection":[{"href":"https:\/\/epochtimestr.com\/index.php\/wp-json\/wp\/v2\/posts"}],"about":[{"href":"https:\/\/epochtimestr.com\/index.php\/wp-json\/wp\/v2\/types\/post"}],"author":[{"embeddable":true,"href":"https:\/\/epochtimestr.com\/index.php\/wp-json\/wp\/v2\/users\/12791"}],"replies":[{"embeddable":true,"href":"https:\/\/epochtimestr.com\/index.php\/wp-json\/wp\/v2\/comments?post=157562"}],"version-history":[{"count":1,"href":"https:\/\/epochtimestr.com\/index.php\/wp-json\/wp\/v2\/posts\/157562\/revisions"}],"predecessor-version":[{"id":157565,"href":"https:\/\/epochtimestr.com\/index.php\/wp-json\/wp\/v2\/posts\/157562\/revisions\/157565"}],"wp:featuredmedia":[{"embeddable":true,"href":"https:\/\/epochtimestr.com\/index.php\/wp-json\/wp\/v2\/media\/157564"}],"wp:attachment":[{"href":"https:\/\/epochtimestr.com\/index.php\/wp-json\/wp\/v2\/media?parent=157562"}],"wp:term":[{"taxonomy":"category","embeddable":true,"href":"https:\/\/epochtimestr.com\/index.php\/wp-json\/wp\/v2\/categories?post=157562"},{"taxonomy":"post_tag","embeddable":true,"href":"https:\/\/epochtimestr.com\/index.php\/wp-json\/wp\/v2\/tags?post=157562"}],"curies":[{"name":"wp","href":"https:\/\/api.w.org\/{rel}","templated":true}]}}