{"id":157566,"date":"2025-04-09T00:30:59","date_gmt":"2025-04-08T21:30:59","guid":{"rendered":"https:\/\/epochtimestr.com\/?p=157566"},"modified":"2025-04-09T00:31:01","modified_gmt":"2025-04-08T21:31:01","slug":"mahmut-tanal-tutuklu-ogrenciler-icin-adalet-nobetine-basladi","status":"publish","type":"post","link":"https:\/\/epochtimestr.com\/index.php\/mahmut-tanal-tutuklu-ogrenciler-icin-adalet-nobetine-basladi","title":{"rendered":"Mahmut Tanal Tutuklu \u00d6\u011frenciler \u0130\u00e7in Adalet N\u00f6betine Ba\u015flad\u0131"},"content":{"rendered":"\n<p><\/p>\n\n\n<div class=\"wp-block-image\">\n<figure class=\"aligncenter size-full\"><img loading=\"lazy\" decoding=\"async\" width=\"740\" height=\"642\" src=\"https:\/\/epochtimestr.com\/wp-content\/uploads\/2011y\/mahmut-tanal.jpg\" alt=\"\" class=\"wp-image-157567\" srcset=\"https:\/\/epochtimestr.com\/wp-content\/uploads\/2011y\/mahmut-tanal.jpg 740w, https:\/\/epochtimestr.com\/wp-content\/uploads\/2011y\/mahmut-tanal-300x260.jpg 300w, https:\/\/epochtimestr.com\/wp-content\/uploads\/2011y\/mahmut-tanal-150x130.jpg 150w\" sizes=\"(max-width: 740px) 100vw, 740px\" \/><figcaption class=\"wp-element-caption\">Mahmut Tanal Tutuklu \u00d6\u011frenciler \u0130\u00e7in Adalet N\u00f6betine Ba\u015flad\u0131<\/figcaption><\/figure><\/div>\n\n\n<h2 class=\"wp-block-heading\">CHP \u015eanl\u0131urfa Milletvekili Mahmut Tanal, Adalet Bakanl\u0131\u011f\u0131 \u00f6n\u00fcnde, \u0130mamo\u011flu eylemlerinde g\u00f6zalt\u0131na al\u0131nan ve tutuklanan gen\u00e7ler i\u00e7in &#8216;Adalet ve \u00d6zg\u00fcrl\u00fck N\u00f6beti&#8217;ne ba\u015flad\u0131\u011f\u0131n\u0131 duyurdu.<\/h2>\n\n\n\n<p>CHP \u015eanl\u0131urfa Milletvekili <a href=\"https:\/\/epochtimestr.com\/index.php\/chpli-mahmut-tanaldan-silivri-aciklamasi\">Mahmut Tanal<\/a>, <a href=\"https:\/\/epochtimestr.com\/index.php\/adalet-bakanligi-abdde-falun-gongu-hedef-aldigi-icin-2-supheli-cinli-ajani-sucladi\">Adalet Bakanl\u0131\u011f\u0131 <\/a>\u00f6n\u00fcnde, <a href=\"https:\/\/epochtimestr.com\/index.php\/avrupa-komisyonu-uyesi-marta-kostan-imamoglu-tepkisi\">\u0130mamo\u011flu <\/a>eylemlerinde g\u00f6zalt\u0131na al\u0131nan ve tutuklanan gen\u00e7ler i\u00e7in &#8216;Adalet ve \u00d6zg\u00fcrl\u00fck N\u00f6beti&#8217;ne ba\u015flad\u0131\u011f\u0131n\u0131 duyurdu. \u00d6\u011frencilerin tutuklanmas\u0131n\u0131 protesto etmek i\u00e7in Adalet Bakanl\u0131\u011f\u0131&#8217;n\u0131n \u00f6n\u00fcnde \u00e7ad\u0131r kurdu. Ancak . Ancak polis m\u00fcdahale etti ve Tanal&#8217;\u0131n kurdu\u011fu \u00e7ad\u0131r\u0131 kald\u0131rd\u0131. Tanal \u201cOnlar \u00e7ekti ben \u00e7ektim\u201d diyerek \u00e7ad\u0131r\u0131n\u0131n k\u0131r\u0131ld\u0131\u011f\u0131n\u0131 s\u00f6yledi. Ayr\u0131ca getirdi\u011fi iskemlenin \u00fczerinde sabaha kadar oturaca\u011f\u0131n\u0131, ya\u011fmur ya\u011fsa da ayn\u0131 yerde duraca\u011f\u0131n\u0131 belirtti. Bakanl\u0131\u011f\u0131n \u00f6n\u00fc de ablukaya al\u0131nd\u0131.<\/p>\n\n\n\n<p>Tanal, sosyal medya hesab\u0131ndan yapt\u0131\u011f\u0131 payla\u015f\u0131mda, &#8220;Bu ak\u015famdan yar\u0131n sabaha kadar Atat\u00fcrk Bulvar\u0131\u2019nda, Adalet Bakanl\u0131\u011f\u0131 \u00f6n\u00fcnde; haks\u0131z yere tutuklanan gen\u00e7ler ve \u00f6\u011frenciler i\u00e7in \u00d6ZG\u00dcRL\u00dcK ve ADALET n\u00f6betindeyim&#8221; dedi.<\/p>\n\n\n\n<figure class=\"wp-block-embed is-type-rich is-provider-twitter wp-block-embed-twitter\"><div class=\"wp-block-embed__wrapper\">\n<blockquote class=\"twitter-tweet\" data-width=\"550\" data-dnt=\"true\"><p lang=\"tr\" dir=\"ltr\">Bu ak\u015famdan yar\u0131n sabaha kadar Atat\u00fcrk Bulvar\u0131\u2019nda, Adalet Bakanl\u0131\u011f\u0131 \u00f6n\u00fcnde; haks\u0131z yere tutuklanan gen\u00e7ler ve \u00f6\u011frenciler i\u00e7in \u00d6ZG\u00dcRL\u00dcK ve ADALET n\u00f6betindeyim. <a href=\"https:\/\/t.co\/io2O1xmP8R\">pic.twitter.com\/io2O1xmP8R<\/a><\/p>&mdash; Av.Mahmut TANAL (@MTanal) <a href=\"https:\/\/twitter.com\/MTanal\/status\/1909633524644147274?ref_src=twsrc%5Etfw\">April 8, 2025<\/a><\/blockquote><script async src=\"https:\/\/platform.twitter.com\/widgets.js\" charset=\"utf-8\"><\/script>\n<\/div><\/figure>\n","protected":false},"excerpt":{"rendered":"<p>CHP \u015eanl\u0131urfa Milletvekili Mahmut Tanal, Adalet Bakanl\u0131\u011f\u0131 \u00f6n\u00fcnde, \u0130mamo\u011flu eylemlerinde g\u00f6zalt\u0131na al\u0131nan ve tutuklanan gen\u00e7ler i\u00e7in &#8216;Adalet ve \u00d6zg\u00fcrl\u00fck N\u00f6beti&#8217;ne ba\u015flad\u0131\u011f\u0131n\u0131 duyurdu. CHP \u015eanl\u0131urfa Milletvekili Mahmut Tanal, Adalet Bakanl\u0131\u011f\u0131 \u00f6n\u00fcnde, \u0130mamo\u011flu eylemlerinde g\u00f6zalt\u0131na al\u0131nan ve tutuklanan gen\u00e7ler i\u00e7in &#8216;Adalet ve \u00d6zg\u00fcrl\u00fck N\u00f6beti&#8217;ne ba\u015flad\u0131\u011f\u0131n\u0131 duyurdu. \u00d6\u011frencilerin tutuklanmas\u0131n\u0131 protesto etmek i\u00e7in Adalet Bakanl\u0131\u011f\u0131&#8217;n\u0131n \u00f6n\u00fcnde \u00e7ad\u0131r kurdu. Ancak [&hellip;]<\/p>\n","protected":false},"author":12791,"featured_media":157567,"comment_status":"closed","ping_status":"open","sticky":false,"template":"","format":"standard","meta":{"_yoast_wpseo_focuskw":"Mahmut Tanal Tutuklu \u00d6\u011frenciler \u0130\u00e7in Adalet N\u00f6betine Ba\u015flad\u0131","_yoast_wpseo_title":"","_yoast_wpseo_metadesc":"CHP \u015eanl\u0131urfa Milletvekili Mahmut Tanal, Adalet Bakanl\u0131\u011f\u0131 \u00f6n\u00fcnde, \u0130mamo\u011flu eylemlerinde g\u00f6zalt\u0131na al\u0131nan ve tutuklanan gen\u00e7ler i\u00e7in 'Adalet ve \u00d6zg\u00fcrl\u00fck N\u00f6beti'ne ba\u015flad\u0131\u011f\u0131n\u0131 duyurdu.","_bbp_topic_count":0,"_bbp_reply_count":0,"_bbp_total_topic_count":0,"_bbp_total_reply_count":0,"_bbp_voice_count":0,"_bbp_anonymous_reply_count":0,"_bbp_topic_count_hidden":0,"_bbp_reply_count_hidden":0,"_bbp_forum_subforum_count":0,"footnotes":"","_yoast_wpseo_focuskw_text_input":""},"categories":[1,8138,8226,37],"tags":[6073,7030,8552,3103],"yoast_head":"<!-- This site is optimized with the Yoast SEO plugin v23.0 - https:\/\/yoast.com\/wordpress\/plugins\/seo\/ -->\n<title>Mahmut Tanal Tutuklu \u00d6\u011frenciler \u0130\u00e7in Adalet N\u00f6betine Ba\u015flad\u0131 - The Epoch Times TR<\/title>\n<meta name=\"description\" content=\"CHP \u015eanl\u0131urfa Milletvekili Mahmut Tanal, Adalet Bakanl\u0131\u011f\u0131 \u00f6n\u00fcnde, \u0130mamo\u011flu eylemlerinde g\u00f6zalt\u0131na al\u0131nan ve tutuklanan gen\u00e7ler i\u00e7in &#039;Adalet ve \u00d6zg\u00fcrl\u00fck N\u00f6beti&#039;ne ba\u015flad\u0131\u011f\u0131n\u0131 duyurdu.\" \/>\n<meta name=\"robots\" content=\"index, follow, max-snippet:-1, max-image-preview:large, max-video-preview:-1\" \/>\n<link rel=\"canonical\" href=\"https:\/\/epochtimestr.com\/index.php\/mahmut-tanal-tutuklu-ogrenciler-icin-adalet-nobetine-basladi\" \/>\n<meta property=\"og:locale\" content=\"tr_TR\" \/>\n<meta property=\"og:type\" content=\"article\" \/>\n<meta property=\"og:title\" content=\"Mahmut Tanal Tutuklu \u00d6\u011frenciler \u0130\u00e7in Adalet N\u00f6betine Ba\u015flad\u0131 - The Epoch Times TR\" \/>\n<meta property=\"og:description\" content=\"CHP \u015eanl\u0131urfa Milletvekili Mahmut Tanal, Adalet Bakanl\u0131\u011f\u0131 \u00f6n\u00fcnde, \u0130mamo\u011flu eylemlerinde g\u00f6zalt\u0131na al\u0131nan ve tutuklanan gen\u00e7ler i\u00e7in &#039;Adalet ve \u00d6zg\u00fcrl\u00fck N\u00f6beti&#039;ne ba\u015flad\u0131\u011f\u0131n\u0131 duyurdu.\" \/>\n<meta property=\"og:url\" content=\"https:\/\/epochtimestr.com\/index.php\/mahmut-tanal-tutuklu-ogrenciler-icin-adalet-nobetine-basladi\" \/>\n<meta property=\"og:site_name\" content=\"The Epoch Times TR\" \/>\n<meta property=\"article:publisher\" content=\"https:\/\/www.facebook.com\/theepochtimestr\" \/>\n<meta property=\"article:published_time\" content=\"2025-04-08T21:30:59+00:00\" \/>\n<meta property=\"article:modified_time\" content=\"2025-04-08T21:31:01+00:00\" \/>\n<meta property=\"og:image\" content=\"https:\/\/epochtimestr.com\/wp-content\/uploads\/2011y\/mahmut-tanal.jpg\" \/>\n\t<meta property=\"og:image:width\" content=\"740\" \/>\n\t<meta property=\"og:image:height\" content=\"642\" \/>\n\t<meta property=\"og:image:type\" content=\"image\/jpeg\" \/>\n<meta name=\"author\" content=\"Haber Merkezi\" \/>\n<meta name=\"twitter:card\" content=\"summary_large_image\" \/>\n<meta name=\"twitter:creator\" content=\"@TheEpochTimesTR\" \/>\n<meta name=\"twitter:site\" content=\"@TheEpochTimesTR\" \/>\n<meta name=\"twitter:label1\" content=\"Yazan:\" \/>\n\t<meta name=\"twitter:data1\" content=\"Haber Merkezi\" \/>\n\t<meta name=\"twitter:label2\" content=\"Tahmini okuma s\u00fcresi\" \/>\n\t<meta name=\"twitter:data2\" content=\"2 dakika\" \/>\n<script type=\"application\/ld+json\" class=\"yoast-schema-graph\">{\"@context\":\"https:\/\/schema.org\",\"@graph\":[{\"@type\":\"Article\",\"@id\":\"https:\/\/epochtimestr.com\/index.php\/mahmut-tanal-tutuklu-ogrenciler-icin-adalet-nobetine-basladi#article\",\"isPartOf\":{\"@id\":\"https:\/\/epochtimestr.com\/index.php\/mahmut-tanal-tutuklu-ogrenciler-icin-adalet-nobetine-basladi\"},\"author\":{\"name\":\"Haber Merkezi\",\"@id\":\"https:\/\/epochtimestr.com\/#\/schema\/person\/3dc5c3adeb9f43923c5aa85889172fdd\"},\"headline\":\"Mahmut Tanal Tutuklu \u00d6\u011frenciler \u0130\u00e7in Adalet N\u00f6betine Ba\u015flad\u0131\",\"datePublished\":\"2025-04-08T21:30:59+00:00\",\"dateModified\":\"2025-04-08T21:31:01+00:00\",\"mainEntityOfPage\":{\"@id\":\"https:\/\/epochtimestr.com\/index.php\/mahmut-tanal-tutuklu-ogrenciler-icin-adalet-nobetine-basladi\"},\"wordCount\":210,\"publisher\":{\"@id\":\"https:\/\/epochtimestr.com\/#organization\"},\"image\":{\"@id\":\"https:\/\/epochtimestr.com\/index.php\/mahmut-tanal-tutuklu-ogrenciler-icin-adalet-nobetine-basladi#primaryimage\"},\"thumbnailUrl\":\"https:\/\/epochtimestr.com\/wp-content\/uploads\/2011y\/mahmut-tanal.jpg\",\"keywords\":[\"Adalet Bakanl\u0131\u011f\u0131\",\"imamo\u011flu\",\"mahmut tanal\",\"\u00f6\u011frenci\"],\"articleSection\":[\"G\u00dcNDEM\",\"MAN\u015eET\",\"Siyaset\",\"T\u00dcRK\u0130YE\"],\"inLanguage\":\"tr\"},{\"@type\":\"WebPage\",\"@id\":\"https:\/\/epochtimestr.com\/index.php\/mahmut-tanal-tutuklu-ogrenciler-icin-adalet-nobetine-basladi\",\"url\":\"https:\/\/epochtimestr.com\/index.php\/mahmut-tanal-tutuklu-ogrenciler-icin-adalet-nobetine-basladi\",\"name\":\"Mahmut Tanal Tutuklu \u00d6\u011frenciler \u0130\u00e7in Adalet N\u00f6betine Ba\u015flad\u0131 - The Epoch Times TR\",\"isPartOf\":{\"@id\":\"https:\/\/epochtimestr.com\/#website\"},\"primaryImageOfPage\":{\"@id\":\"https:\/\/epochtimestr.com\/index.php\/mahmut-tanal-tutuklu-ogrenciler-icin-adalet-nobetine-basladi#primaryimage\"},\"image\":{\"@id\":\"https:\/\/epochtimestr.com\/index.php\/mahmut-tanal-tutuklu-ogrenciler-icin-adalet-nobetine-basladi#primaryimage\"},\"thumbnailUrl\":\"https:\/\/epochtimestr.com\/wp-content\/uploads\/2011y\/mahmut-tanal.jpg\",\"datePublished\":\"2025-04-08T21:30:59+00:00\",\"dateModified\":\"2025-04-08T21:31:01+00:00\",\"description\":\"CHP \u015eanl\u0131urfa Milletvekili Mahmut Tanal, Adalet Bakanl\u0131\u011f\u0131 \u00f6n\u00fcnde, \u0130mamo\u011flu eylemlerinde g\u00f6zalt\u0131na al\u0131nan ve tutuklanan gen\u00e7ler i\u00e7in 'Adalet ve \u00d6zg\u00fcrl\u00fck N\u00f6beti'ne ba\u015flad\u0131\u011f\u0131n\u0131 duyurdu.\",\"inLanguage\":\"tr\",\"potentialAction\":[{\"@type\":\"ReadAction\",\"target\":[\"https:\/\/epochtimestr.com\/index.php\/mahmut-tanal-tutuklu-ogrenciler-icin-adalet-nobetine-basladi\"]}]},{\"@type\":\"ImageObject\",\"inLanguage\":\"tr\",\"@id\":\"https:\/\/epochtimestr.com\/index.php\/mahmut-tanal-tutuklu-ogrenciler-icin-adalet-nobetine-basladi#primaryimage\",\"url\":\"https:\/\/epochtimestr.com\/wp-content\/uploads\/2011y\/mahmut-tanal.jpg\",\"contentUrl\":\"https:\/\/epochtimestr.com\/wp-content\/uploads\/2011y\/mahmut-tanal.jpg\",\"width\":740,\"height\":642},{\"@type\":\"WebSite\",\"@id\":\"https:\/\/epochtimestr.com\/#website\",\"url\":\"https:\/\/epochtimestr.com\/\",\"name\":\"The Epoch Times TR\",\"description\":\"De\u011fi\u015fen D\u00fcnyam\u0131za Taze Bir Bak\u0131\u015f\",\"publisher\":{\"@id\":\"https:\/\/epochtimestr.com\/#organization\"},\"potentialAction\":[{\"@type\":\"SearchAction\",\"target\":{\"@type\":\"EntryPoint\",\"urlTemplate\":\"https:\/\/epochtimestr.com\/?s={search_term_string}\"},\"query-input\":\"required name=search_term_string\"}],\"inLanguage\":\"tr\"},{\"@type\":\"Organization\",\"@id\":\"https:\/\/epochtimestr.com\/#organization\",\"name\":\"The EpochTimes T\u00fcrkiye\",\"url\":\"https:\/\/epochtimestr.com\/\",\"logo\":{\"@type\":\"ImageObject\",\"inLanguage\":\"tr\",\"@id\":\"https:\/\/epochtimestr.com\/#\/schema\/logo\/image\/\",\"url\":\"https:\/\/epochtimestr.com\/wp-content\/uploads\/2011y\/ET-Logo-YG.jpg\",\"contentUrl\":\"https:\/\/epochtimestr.com\/wp-content\/uploads\/2011y\/ET-Logo-YG.jpg\",\"width\":346,\"height\":29,\"caption\":\"The EpochTimes T\u00fcrkiye\"},\"image\":{\"@id\":\"https:\/\/epochtimestr.com\/#\/schema\/logo\/image\/\"},\"sameAs\":[\"https:\/\/www.facebook.com\/theepochtimestr\",\"https:\/\/x.com\/TheEpochTimesTR\",\"https:\/\/www.instagram.com\/epochtimestr\"]},{\"@type\":\"Person\",\"@id\":\"https:\/\/epochtimestr.com\/#\/schema\/person\/3dc5c3adeb9f43923c5aa85889172fdd\",\"name\":\"Haber Merkezi\",\"image\":{\"@type\":\"ImageObject\",\"inLanguage\":\"tr\",\"@id\":\"https:\/\/epochtimestr.com\/#\/schema\/person\/image\/\",\"url\":\"https:\/\/secure.gravatar.com\/avatar\/d73f772ba5a74f28601361e17c2f93e6?s=96&d=mm&r=g\",\"contentUrl\":\"https:\/\/secure.gravatar.com\/avatar\/d73f772ba5a74f28601361e17c2f93e6?s=96&d=mm&r=g\",\"caption\":\"Haber Merkezi\"},\"url\":\"https:\/\/epochtimestr.com\/index.php\/author\/sendag\"}]}<\/script>\n<!-- \/ Yoast SEO plugin. -->","yoast_head_json":{"title":"Mahmut Tanal Tutuklu \u00d6\u011frenciler \u0130\u00e7in Adalet N\u00f6betine Ba\u015flad\u0131 - The Epoch Times TR","description":"CHP \u015eanl\u0131urfa Milletvekili Mahmut Tanal, Adalet Bakanl\u0131\u011f\u0131 \u00f6n\u00fcnde, \u0130mamo\u011flu eylemlerinde g\u00f6zalt\u0131na al\u0131nan ve tutuklanan gen\u00e7ler i\u00e7in 'Adalet ve \u00d6zg\u00fcrl\u00fck N\u00f6beti'ne ba\u015flad\u0131\u011f\u0131n\u0131 duyurdu.","robots":{"index":"index","follow":"follow","max-snippet":"max-snippet:-1","max-image-preview":"max-image-preview:large","max-video-preview":"max-video-preview:-1"},"canonical":"https:\/\/epochtimestr.com\/index.php\/mahmut-tanal-tutuklu-ogrenciler-icin-adalet-nobetine-basladi","og_locale":"tr_TR","og_type":"article","og_title":"Mahmut Tanal Tutuklu \u00d6\u011frenciler \u0130\u00e7in Adalet N\u00f6betine Ba\u015flad\u0131 - The Epoch Times TR","og_description":"CHP \u015eanl\u0131urfa Milletvekili Mahmut Tanal, Adalet Bakanl\u0131\u011f\u0131 \u00f6n\u00fcnde, \u0130mamo\u011flu eylemlerinde g\u00f6zalt\u0131na al\u0131nan ve tutuklanan gen\u00e7ler i\u00e7in 'Adalet ve \u00d6zg\u00fcrl\u00fck N\u00f6beti'ne ba\u015flad\u0131\u011f\u0131n\u0131 duyurdu.","og_url":"https:\/\/epochtimestr.com\/index.php\/mahmut-tanal-tutuklu-ogrenciler-icin-adalet-nobetine-basladi","og_site_name":"The Epoch Times TR","article_publisher":"https:\/\/www.facebook.com\/theepochtimestr","article_published_time":"2025-04-08T21:30:59+00:00","article_modified_time":"2025-04-08T21:31:01+00:00","og_image":[{"width":740,"height":642,"url":"https:\/\/epochtimestr.com\/wp-content\/uploads\/2011y\/mahmut-tanal.jpg","type":"image\/jpeg"}],"author":"Haber Merkezi","twitter_card":"summary_large_image","twitter_creator":"@TheEpochTimesTR","twitter_site":"@TheEpochTimesTR","twitter_misc":{"Yazan:":"Haber Merkezi","Tahmini okuma s\u00fcresi":"2 dakika"},"schema":{"@context":"https:\/\/schema.org","@graph":[{"@type":"Article","@id":"https:\/\/epochtimestr.com\/index.php\/mahmut-tanal-tutuklu-ogrenciler-icin-adalet-nobetine-basladi#article","isPartOf":{"@id":"https:\/\/epochtimestr.com\/index.php\/mahmut-tanal-tutuklu-ogrenciler-icin-adalet-nobetine-basladi"},"author":{"name":"Haber Merkezi","@id":"https:\/\/epochtimestr.com\/#\/schema\/person\/3dc5c3adeb9f43923c5aa85889172fdd"},"headline":"Mahmut Tanal Tutuklu \u00d6\u011frenciler \u0130\u00e7in Adalet N\u00f6betine Ba\u015flad\u0131","datePublished":"2025-04-08T21:30:59+00:00","dateModified":"2025-04-08T21:31:01+00:00","mainEntityOfPage":{"@id":"https:\/\/epochtimestr.com\/index.php\/mahmut-tanal-tutuklu-ogrenciler-icin-adalet-nobetine-basladi"},"wordCount":210,"publisher":{"@id":"https:\/\/epochtimestr.com\/#organization"},"image":{"@id":"https:\/\/epochtimestr.com\/index.php\/mahmut-tanal-tutuklu-ogrenciler-icin-adalet-nobetine-basladi#primaryimage"},"thumbnailUrl":"https:\/\/epochtimestr.com\/wp-content\/uploads\/2011y\/mahmut-tanal.jpg","keywords":["Adalet Bakanl\u0131\u011f\u0131","imamo\u011flu","mahmut tanal","\u00f6\u011frenci"],"articleSection":["G\u00dcNDEM","MAN\u015eET","Siyaset","T\u00dcRK\u0130YE"],"inLanguage":"tr"},{"@type":"WebPage","@id":"https:\/\/epochtimestr.com\/index.php\/mahmut-tanal-tutuklu-ogrenciler-icin-adalet-nobetine-basladi","url":"https:\/\/epochtimestr.com\/index.php\/mahmut-tanal-tutuklu-ogrenciler-icin-adalet-nobetine-basladi","name":"Mahmut Tanal Tutuklu \u00d6\u011frenciler \u0130\u00e7in Adalet N\u00f6betine Ba\u015flad\u0131 - The Epoch Times TR","isPartOf":{"@id":"https:\/\/epochtimestr.com\/#website"},"primaryImageOfPage":{"@id":"https:\/\/epochtimestr.com\/index.php\/mahmut-tanal-tutuklu-ogrenciler-icin-adalet-nobetine-basladi#primaryimage"},"image":{"@id":"https:\/\/epochtimestr.com\/index.php\/mahmut-tanal-tutuklu-ogrenciler-icin-adalet-nobetine-basladi#primaryimage"},"thumbnailUrl":"https:\/\/epochtimestr.com\/wp-content\/uploads\/2011y\/mahmut-tanal.jpg","datePublished":"2025-04-08T21:30:59+00:00","dateModified":"2025-04-08T21:31:01+00:00","description":"CHP \u015eanl\u0131urfa Milletvekili Mahmut Tanal, Adalet Bakanl\u0131\u011f\u0131 \u00f6n\u00fcnde, \u0130mamo\u011flu eylemlerinde g\u00f6zalt\u0131na al\u0131nan ve tutuklanan gen\u00e7ler i\u00e7in 'Adalet ve \u00d6zg\u00fcrl\u00fck N\u00f6beti'ne ba\u015flad\u0131\u011f\u0131n\u0131 duyurdu.","inLanguage":"tr","potentialAction":[{"@type":"ReadAction","target":["https:\/\/epochtimestr.com\/index.php\/mahmut-tanal-tutuklu-ogrenciler-icin-adalet-nobetine-basladi"]}]},{"@type":"ImageObject","inLanguage":"tr","@id":"https:\/\/epochtimestr.com\/index.php\/mahmut-tanal-tutuklu-ogrenciler-icin-adalet-nobetine-basladi#primaryimage","url":"https:\/\/epochtimestr.com\/wp-content\/uploads\/2011y\/mahmut-tanal.jpg","contentUrl":"https:\/\/epochtimestr.com\/wp-content\/uploads\/2011y\/mahmut-tanal.jpg","width":740,"height":642},{"@type":"WebSite","@id":"https:\/\/epochtimestr.com\/#website","url":"https:\/\/epochtimestr.com\/","name":"The Epoch Times TR","description":"De\u011fi\u015fen D\u00fcnyam\u0131za Taze Bir Bak\u0131\u015f","publisher":{"@id":"https:\/\/epochtimestr.com\/#organization"},"potentialAction":[{"@type":"SearchAction","target":{"@type":"EntryPoint","urlTemplate":"https:\/\/epochtimestr.com\/?s={search_term_string}"},"query-input":"required name=search_term_string"}],"inLanguage":"tr"},{"@type":"Organization","@id":"https:\/\/epochtimestr.com\/#organization","name":"The EpochTimes T\u00fcrkiye","url":"https:\/\/epochtimestr.com\/","logo":{"@type":"ImageObject","inLanguage":"tr","@id":"https:\/\/epochtimestr.com\/#\/schema\/logo\/image\/","url":"https:\/\/epochtimestr.com\/wp-content\/uploads\/2011y\/ET-Logo-YG.jpg","contentUrl":"https:\/\/epochtimestr.com\/wp-content\/uploads\/2011y\/ET-Logo-YG.jpg","width":346,"height":29,"caption":"The EpochTimes T\u00fcrkiye"},"image":{"@id":"https:\/\/epochtimestr.com\/#\/schema\/logo\/image\/"},"sameAs":["https:\/\/www.facebook.com\/theepochtimestr","https:\/\/x.com\/TheEpochTimesTR","https:\/\/www.instagram.com\/epochtimestr"]},{"@type":"Person","@id":"https:\/\/epochtimestr.com\/#\/schema\/person\/3dc5c3adeb9f43923c5aa85889172fdd","name":"Haber Merkezi","image":{"@type":"ImageObject","inLanguage":"tr","@id":"https:\/\/epochtimestr.com\/#\/schema\/person\/image\/","url":"https:\/\/secure.gravatar.com\/avatar\/d73f772ba5a74f28601361e17c2f93e6?s=96&d=mm&r=g","contentUrl":"https:\/\/secure.gravatar.com\/avatar\/d73f772ba5a74f28601361e17c2f93e6?s=96&d=mm&r=g","caption":"Haber Merkezi"},"url":"https:\/\/epochtimestr.com\/index.php\/author\/sendag"}]}},"_links":{"self":[{"href":"https:\/\/epochtimestr.com\/index.php\/wp-json\/wp\/v2\/posts\/157566"}],"collection":[{"href":"https:\/\/epochtimestr.com\/index.php\/wp-json\/wp\/v2\/posts"}],"about":[{"href":"https:\/\/epochtimestr.com\/index.php\/wp-json\/wp\/v2\/types\/post"}],"author":[{"embeddable":true,"href":"https:\/\/epochtimestr.com\/index.php\/wp-json\/wp\/v2\/users\/12791"}],"replies":[{"embeddable":true,"href":"https:\/\/epochtimestr.com\/index.php\/wp-json\/wp\/v2\/comments?post=157566"}],"version-history":[{"count":1,"href":"https:\/\/epochtimestr.com\/index.php\/wp-json\/wp\/v2\/posts\/157566\/revisions"}],"predecessor-version":[{"id":157568,"href":"https:\/\/epochtimestr.com\/index.php\/wp-json\/wp\/v2\/posts\/157566\/revisions\/157568"}],"wp:featuredmedia":[{"embeddable":true,"href":"https:\/\/epochtimestr.com\/index.php\/wp-json\/wp\/v2\/media\/157567"}],"wp:attachment":[{"href":"https:\/\/epochtimestr.com\/index.php\/wp-json\/wp\/v2\/media?parent=157566"}],"wp:term":[{"taxonomy":"category","embeddable":true,"href":"https:\/\/epochtimestr.com\/index.php\/wp-json\/wp\/v2\/categories?post=157566"},{"taxonomy":"post_tag","embeddable":true,"href":"https:\/\/epochtimestr.com\/index.php\/wp-json\/wp\/v2\/tags?post=157566"}],"curies":[{"name":"wp","href":"https:\/\/api.w.org\/{rel}","templated":true}]}}