{"id":157569,"date":"2025-04-09T13:00:52","date_gmt":"2025-04-09T10:00:52","guid":{"rendered":"https:\/\/epochtimestr.com\/?p=157569"},"modified":"2025-04-09T13:36:36","modified_gmt":"2025-04-09T10:36:36","slug":"add-mersin-subesinden-mip-hakkinda-suc-duyurusu","status":"publish","type":"post","link":"https:\/\/epochtimestr.com\/index.php\/add-mersin-subesinden-mip-hakkinda-suc-duyurusu","title":{"rendered":"ADD Mersin \u015eubesi\u2019nden MIP Hakk\u0131nda Su\u00e7 Duyurusu"},"content":{"rendered":"<div class=\"wp-block-image\">\n<figure class=\"aligncenter size-large\"><img loading=\"lazy\" decoding=\"async\" width=\"1600\" height=\"1200\" src=\"https:\/\/epochtimestr.com\/wp-content\/uploads\/2011y\/ADD-Mersin-MIP-1600x1200.jpg\" alt=\"\" class=\"wp-image-157570\" srcset=\"https:\/\/epochtimestr.com\/wp-content\/uploads\/2011y\/ADD-Mersin-MIP-1600x1200.jpg 1600w, https:\/\/epochtimestr.com\/wp-content\/uploads\/2011y\/ADD-Mersin-MIP-300x225.jpg 300w, https:\/\/epochtimestr.com\/wp-content\/uploads\/2011y\/ADD-Mersin-MIP-150x113.jpg 150w, https:\/\/epochtimestr.com\/wp-content\/uploads\/2011y\/ADD-Mersin-MIP-768x576.jpg 768w, https:\/\/epochtimestr.com\/wp-content\/uploads\/2011y\/ADD-Mersin-MIP-1536x1152.jpg 1536w, https:\/\/epochtimestr.com\/wp-content\/uploads\/2011y\/ADD-Mersin-MIP-2048x1536.jpg 2048w, https:\/\/epochtimestr.com\/wp-content\/uploads\/2011y\/ADD-Mersin-MIP-86x64.jpg 86w\" sizes=\"(max-width: 1600px) 100vw, 1600px\" \/><figcaption class=\"wp-element-caption\">add Mersin \u015eubesi Ba\u015fkan\u0131 Adem \u00c7etin bas\u0131n a\u00e7\u0131klamas\u0131n\u0131 okurken (Foto\u011fraf: Ya\u011fmur Ceylan) <\/figcaption><\/figure><\/div>\n\n\n<h2 class=\"wp-block-heading\">Atat\u00fcrk\u00e7\u00fc D\u00fc\u015f\u00fcnce Derne\u011fi Mersin \u015eubesi, Atat\u00fcrk Park\u0131\u2019nda devam eden liman geni\u015fletme projesinin \u00e7evreye ve insan sa\u011fl\u0131\u011f\u0131na zarar verdi\u011fini belirterek, projeyi y\u00fcr\u00fcten MIP hakk\u0131nda su\u00e7 duyurusunda bulundu.<\/h2>\n\n\n\n<p><strong>MERS\u0130N \u2013<\/strong> Atat\u00fcrk\u00e7\u00fc D\u00fc\u015f\u00fcnce Derne\u011fi (ADD) Mersin \u015eubesi, Mersin Uluslararas\u0131 Liman \u0130\u015fletmecili\u011fi A.\u015e. (MIP) taraf\u0131ndan y\u00fcr\u00fct\u00fclen liman geni\u015fletme projesine kar\u015f\u0131 sesini y\u00fckseltti. Mersin Adliyesi \u00f6n\u00fcnde bas\u0131n a\u00e7\u0131klamas\u0131 yapan ADD \u00fcyeleri, projenin do\u011faya ve insan sa\u011fl\u0131\u011f\u0131na geri d\u00f6n\u00fclemez zararlar verdi\u011fini \u00f6ne s\u00fcrd\u00fc.<\/p>\n\n\n\n<p>ADD Mersin \u015eube Ba\u015fkan\u0131 <strong>Adem \u00c7etin<\/strong> taraf\u0131ndan okunan a\u00e7\u0131klamada, dolgu y\u00f6ntemiyle yap\u0131lan liman in\u015fas\u0131n\u0131n bilimsel ve \u00e7evresel a\u00e7\u0131dan sak\u0131ncal\u0131 oldu\u011fu vurguland\u0131. D\u00fcnya genelinde terk edilen bu y\u00f6ntemin T\u00fcrkiye\u2019de h\u00e2l\u00e2 kullan\u0131lmas\u0131n\u0131n b\u00fcy\u00fck bir sorumsuzluk oldu\u011funa dikkat \u00e7ekildi.<\/p>\n\n\n\n<p><strong>\u201cAsbestli ve a\u011f\u0131r metalli malzemeler denize d\u00f6k\u00fcl\u00fcyor\u201d<\/strong><\/p>\n\n\n\n<p>A\u00e7\u0131klamada, liman geni\u015fletme \u00e7al\u0131\u015fmalar\u0131 kapsam\u0131nda yap\u0131lan dip taramalar\u0131nda \u00e7\u0131kan tonlarca asbestli ve a\u011f\u0131r metal i\u00e7erikli malzemenin, \u00c7ED raporuna ayk\u0131r\u0131 \u015fekilde denize d\u00f6k\u00fcld\u00fc\u011f\u00fc ve h\u00e2len d\u00f6k\u00fclmeye devam etti\u011fi belirtildi. Bu durumun halk sa\u011fl\u0131\u011f\u0131 ve ekosistem a\u00e7\u0131s\u0131ndan ciddi tehdit olu\u015fturdu\u011fu ifade edildi.<\/p>\n\n\n<div class=\"wp-block-image\">\n<figure class=\"aligncenter size-large\"><img loading=\"lazy\" decoding=\"async\" width=\"1600\" height=\"1200\" src=\"https:\/\/epochtimestr.com\/wp-content\/uploads\/2011y\/MIP-Liman-Genisleme-1600x1200.jpeg\" alt=\"\" class=\"wp-image-157571\" srcset=\"https:\/\/epochtimestr.com\/wp-content\/uploads\/2011y\/MIP-Liman-Genisleme-1600x1200.jpeg 1600w, https:\/\/epochtimestr.com\/wp-content\/uploads\/2011y\/MIP-Liman-Genisleme-300x225.jpeg 300w, https:\/\/epochtimestr.com\/wp-content\/uploads\/2011y\/MIP-Liman-Genisleme-150x113.jpeg 150w, https:\/\/epochtimestr.com\/wp-content\/uploads\/2011y\/MIP-Liman-Genisleme-768x576.jpeg 768w, https:\/\/epochtimestr.com\/wp-content\/uploads\/2011y\/MIP-Liman-Genisleme-1536x1152.jpeg 1536w, https:\/\/epochtimestr.com\/wp-content\/uploads\/2011y\/MIP-Liman-Genisleme-2048x1536.jpeg 2048w, https:\/\/epochtimestr.com\/wp-content\/uploads\/2011y\/MIP-Liman-Genisleme-86x64.jpeg 86w\" sizes=\"(max-width: 1600px) 100vw, 1600px\" \/><figcaption class=\"wp-element-caption\">MIP liman geni\u015fleme \u00e7al\u0131\u015fmalar\u0131n\u0131 s\u00fcrd\u00fcryor. (Foto\u011fraf: Ya\u011fmur Ceylan) <\/figcaption><\/figure><\/div>\n\n\n<p><strong>\u201cMIP rant u\u011fruna yasa tan\u0131m\u0131yor\u201d<\/strong><\/p>\n\n\n\n<p>Adem \u00c7etin, MIP\u2019nin \u00e7evre kanunu ile i\u015f sa\u011fl\u0131\u011f\u0131 ve g\u00fcvenli\u011fi mevzuat\u0131n\u0131 ihlal ederek &#8220;kent ve insanl\u0131k su\u00e7u&#8221; i\u015fledi\u011fini iddia etti. Dernek olarak uzun s\u00fcredir bu duruma dikkat \u00e7ektiklerini ve yetkili kurumlar\u0131 defalarca uyard\u0131klar\u0131n\u0131 ifade eden \u00c7etin, s\u00fcrecin durdurulmamas\u0131 \u00fczerine bug\u00fcn itibar\u0131yla su\u00e7 duyurusunda bulunduklar\u0131n\u0131 a\u00e7\u0131klad\u0131.<\/p>\n\n\n\n<p><strong>\u201cT\u00fcm kurumlar\u0131 g\u00f6reve davet ediyoruz\u201d<\/strong><\/p>\n\n\n\n<p>ADD Mersin \u015eubesi, ba\u015fta <strong>Mersin Valili\u011fi<\/strong> olmak \u00fczere t\u00fcm ilgili kamu kurumlar\u0131n\u0131 g\u00f6reve davet ederek, projenin acilen durdurulmas\u0131n\u0131 talep etti. \u00c7etin, projenin yaln\u0131zca \u00e7evreye de\u011fil, kent ya\u015fam\u0131na da olumsuz etkileri oldu\u011funu belirtti.<\/p>\n","protected":false},"excerpt":{"rendered":"<p>Atat\u00fcrk\u00e7\u00fc D\u00fc\u015f\u00fcnce Derne\u011fi Mersin \u015eubesi, Atat\u00fcrk Park\u0131\u2019nda devam eden liman geni\u015fletme projesinin \u00e7evreye ve insan sa\u011fl\u0131\u011f\u0131na zarar verdi\u011fini belirterek, projeyi y\u00fcr\u00fcten MIP hakk\u0131nda su\u00e7 duyurusunda bulundu. MERS\u0130N \u2013 Atat\u00fcrk\u00e7\u00fc D\u00fc\u015f\u00fcnce Derne\u011fi (ADD) Mersin \u015eubesi, Mersin Uluslararas\u0131 Liman \u0130\u015fletmecili\u011fi A.\u015e. (MIP) taraf\u0131ndan y\u00fcr\u00fct\u00fclen liman geni\u015fletme projesine kar\u015f\u0131 sesini y\u00fckseltti. Mersin Adliyesi \u00f6n\u00fcnde bas\u0131n a\u00e7\u0131klamas\u0131 yapan ADD [&hellip;]<\/p>\n","protected":false},"author":12791,"featured_media":157571,"comment_status":"closed","ping_status":"open","sticky":false,"template":"","format":"standard","meta":{"_yoast_wpseo_focuskw":"MIP","_yoast_wpseo_title":"","_yoast_wpseo_metadesc":"Atat\u00fcrk\u00e7\u00fc D\u00fc\u015f\u00fcnce Derne\u011fi Mersin \u015eubesi, Atat\u00fcrk Park\u0131\u2019nda devam eden liman geni\u015fletme projesinin \u00e7evreye ve insan sa\u011fl\u0131\u011f\u0131na zarar verdi\u011fini belirterek, projeyi y\u00fcr\u00fcten MIP hakk\u0131nda su\u00e7 duyurusunda bulundu.","_bbp_topic_count":0,"_bbp_reply_count":0,"_bbp_total_topic_count":0,"_bbp_total_reply_count":0,"_bbp_voice_count":0,"_bbp_anonymous_reply_count":0,"_bbp_topic_count_hidden":0,"_bbp_reply_count_hidden":0,"_bbp_forum_subforum_count":0,"footnotes":"","_yoast_wpseo_focuskw_text_input":""},"categories":[1,8138,37],"tags":[],"yoast_head":"<!-- This site is optimized with the Yoast SEO plugin v23.0 - https:\/\/yoast.com\/wordpress\/plugins\/seo\/ -->\n<title>ADD Mersin \u015eubesi\u2019nden MIP Hakk\u0131nda Su\u00e7 Duyurusu - The Epoch Times TR<\/title>\n<meta name=\"description\" content=\"Atat\u00fcrk\u00e7\u00fc D\u00fc\u015f\u00fcnce Derne\u011fi Mersin \u015eubesi, Atat\u00fcrk Park\u0131\u2019nda devam eden liman geni\u015fletme projesinin \u00e7evreye ve insan sa\u011fl\u0131\u011f\u0131na zarar verdi\u011fini belirterek, projeyi y\u00fcr\u00fcten MIP hakk\u0131nda su\u00e7 duyurusunda bulundu.\" \/>\n<meta name=\"robots\" content=\"index, follow, max-snippet:-1, max-image-preview:large, max-video-preview:-1\" \/>\n<link rel=\"canonical\" href=\"https:\/\/epochtimestr.com\/index.php\/add-mersin-subesinden-mip-hakkinda-suc-duyurusu\" \/>\n<meta property=\"og:locale\" content=\"tr_TR\" \/>\n<meta property=\"og:type\" content=\"article\" \/>\n<meta property=\"og:title\" content=\"ADD Mersin \u015eubesi\u2019nden MIP Hakk\u0131nda Su\u00e7 Duyurusu - The Epoch Times TR\" \/>\n<meta property=\"og:description\" content=\"Atat\u00fcrk\u00e7\u00fc D\u00fc\u015f\u00fcnce Derne\u011fi Mersin \u015eubesi, Atat\u00fcrk Park\u0131\u2019nda devam eden liman geni\u015fletme projesinin \u00e7evreye ve insan sa\u011fl\u0131\u011f\u0131na zarar verdi\u011fini belirterek, projeyi y\u00fcr\u00fcten MIP hakk\u0131nda su\u00e7 duyurusunda bulundu.\" \/>\n<meta property=\"og:url\" content=\"https:\/\/epochtimestr.com\/index.php\/add-mersin-subesinden-mip-hakkinda-suc-duyurusu\" \/>\n<meta property=\"og:site_name\" content=\"The Epoch Times TR\" \/>\n<meta property=\"article:publisher\" content=\"https:\/\/www.facebook.com\/theepochtimestr\" \/>\n<meta property=\"article:published_time\" content=\"2025-04-09T10:00:52+00:00\" \/>\n<meta property=\"article:modified_time\" content=\"2025-04-09T10:36:36+00:00\" \/>\n<meta property=\"og:image\" content=\"https:\/\/epochtimestr.com\/wp-content\/uploads\/2011y\/MIP-Liman-Genisleme-scaled.jpeg\" \/>\n\t<meta property=\"og:image:width\" content=\"2560\" \/>\n\t<meta property=\"og:image:height\" content=\"1920\" \/>\n\t<meta property=\"og:image:type\" content=\"image\/jpeg\" \/>\n<meta name=\"author\" content=\"Haber Merkezi\" \/>\n<meta name=\"twitter:card\" content=\"summary_large_image\" \/>\n<meta name=\"twitter:creator\" content=\"@TheEpochTimesTR\" \/>\n<meta name=\"twitter:site\" content=\"@TheEpochTimesTR\" \/>\n<meta name=\"twitter:label1\" content=\"Yazan:\" \/>\n\t<meta name=\"twitter:data1\" content=\"Haber Merkezi\" \/>\n\t<meta name=\"twitter:label2\" content=\"Tahmini okuma s\u00fcresi\" \/>\n\t<meta name=\"twitter:data2\" content=\"3 dakika\" \/>\n<script type=\"application\/ld+json\" class=\"yoast-schema-graph\">{\"@context\":\"https:\/\/schema.org\",\"@graph\":[{\"@type\":\"Article\",\"@id\":\"https:\/\/epochtimestr.com\/index.php\/add-mersin-subesinden-mip-hakkinda-suc-duyurusu#article\",\"isPartOf\":{\"@id\":\"https:\/\/epochtimestr.com\/index.php\/add-mersin-subesinden-mip-hakkinda-suc-duyurusu\"},\"author\":{\"name\":\"Haber Merkezi\",\"@id\":\"https:\/\/epochtimestr.com\/#\/schema\/person\/3dc5c3adeb9f43923c5aa85889172fdd\"},\"headline\":\"ADD Mersin \u015eubesi\u2019nden MIP Hakk\u0131nda Su\u00e7 Duyurusu\",\"datePublished\":\"2025-04-09T10:00:52+00:00\",\"dateModified\":\"2025-04-09T10:36:36+00:00\",\"mainEntityOfPage\":{\"@id\":\"https:\/\/epochtimestr.com\/index.php\/add-mersin-subesinden-mip-hakkinda-suc-duyurusu\"},\"wordCount\":390,\"publisher\":{\"@id\":\"https:\/\/epochtimestr.com\/#organization\"},\"image\":{\"@id\":\"https:\/\/epochtimestr.com\/index.php\/add-mersin-subesinden-mip-hakkinda-suc-duyurusu#primaryimage\"},\"thumbnailUrl\":\"https:\/\/epochtimestr.com\/wp-content\/uploads\/2011y\/MIP-Liman-Genisleme-scaled.jpeg\",\"articleSection\":[\"G\u00dcNDEM\",\"MAN\u015eET\",\"T\u00dcRK\u0130YE\"],\"inLanguage\":\"tr\"},{\"@type\":\"WebPage\",\"@id\":\"https:\/\/epochtimestr.com\/index.php\/add-mersin-subesinden-mip-hakkinda-suc-duyurusu\",\"url\":\"https:\/\/epochtimestr.com\/index.php\/add-mersin-subesinden-mip-hakkinda-suc-duyurusu\",\"name\":\"ADD Mersin \u015eubesi\u2019nden MIP Hakk\u0131nda Su\u00e7 Duyurusu - The Epoch Times TR\",\"isPartOf\":{\"@id\":\"https:\/\/epochtimestr.com\/#website\"},\"primaryImageOfPage\":{\"@id\":\"https:\/\/epochtimestr.com\/index.php\/add-mersin-subesinden-mip-hakkinda-suc-duyurusu#primaryimage\"},\"image\":{\"@id\":\"https:\/\/epochtimestr.com\/index.php\/add-mersin-subesinden-mip-hakkinda-suc-duyurusu#primaryimage\"},\"thumbnailUrl\":\"https:\/\/epochtimestr.com\/wp-content\/uploads\/2011y\/MIP-Liman-Genisleme-scaled.jpeg\",\"datePublished\":\"2025-04-09T10:00:52+00:00\",\"dateModified\":\"2025-04-09T10:36:36+00:00\",\"description\":\"Atat\u00fcrk\u00e7\u00fc D\u00fc\u015f\u00fcnce Derne\u011fi Mersin \u015eubesi, Atat\u00fcrk Park\u0131\u2019nda devam eden liman geni\u015fletme projesinin \u00e7evreye ve insan sa\u011fl\u0131\u011f\u0131na zarar verdi\u011fini belirterek, projeyi y\u00fcr\u00fcten MIP hakk\u0131nda su\u00e7 duyurusunda bulundu.\",\"inLanguage\":\"tr\",\"potentialAction\":[{\"@type\":\"ReadAction\",\"target\":[\"https:\/\/epochtimestr.com\/index.php\/add-mersin-subesinden-mip-hakkinda-suc-duyurusu\"]}]},{\"@type\":\"ImageObject\",\"inLanguage\":\"tr\",\"@id\":\"https:\/\/epochtimestr.com\/index.php\/add-mersin-subesinden-mip-hakkinda-suc-duyurusu#primaryimage\",\"url\":\"https:\/\/epochtimestr.com\/wp-content\/uploads\/2011y\/MIP-Liman-Genisleme-scaled.jpeg\",\"contentUrl\":\"https:\/\/epochtimestr.com\/wp-content\/uploads\/2011y\/MIP-Liman-Genisleme-scaled.jpeg\",\"width\":2560,\"height\":1920},{\"@type\":\"WebSite\",\"@id\":\"https:\/\/epochtimestr.com\/#website\",\"url\":\"https:\/\/epochtimestr.com\/\",\"name\":\"The Epoch Times TR\",\"description\":\"De\u011fi\u015fen D\u00fcnyam\u0131za Taze Bir Bak\u0131\u015f\",\"publisher\":{\"@id\":\"https:\/\/epochtimestr.com\/#organization\"},\"potentialAction\":[{\"@type\":\"SearchAction\",\"target\":{\"@type\":\"EntryPoint\",\"urlTemplate\":\"https:\/\/epochtimestr.com\/?s={search_term_string}\"},\"query-input\":\"required name=search_term_string\"}],\"inLanguage\":\"tr\"},{\"@type\":\"Organization\",\"@id\":\"https:\/\/epochtimestr.com\/#organization\",\"name\":\"The EpochTimes T\u00fcrkiye\",\"url\":\"https:\/\/epochtimestr.com\/\",\"logo\":{\"@type\":\"ImageObject\",\"inLanguage\":\"tr\",\"@id\":\"https:\/\/epochtimestr.com\/#\/schema\/logo\/image\/\",\"url\":\"https:\/\/epochtimestr.com\/wp-content\/uploads\/2011y\/ET-Logo-YG.jpg\",\"contentUrl\":\"https:\/\/epochtimestr.com\/wp-content\/uploads\/2011y\/ET-Logo-YG.jpg\",\"width\":346,\"height\":29,\"caption\":\"The EpochTimes T\u00fcrkiye\"},\"image\":{\"@id\":\"https:\/\/epochtimestr.com\/#\/schema\/logo\/image\/\"},\"sameAs\":[\"https:\/\/www.facebook.com\/theepochtimestr\",\"https:\/\/x.com\/TheEpochTimesTR\",\"https:\/\/www.instagram.com\/epochtimestr\"]},{\"@type\":\"Person\",\"@id\":\"https:\/\/epochtimestr.com\/#\/schema\/person\/3dc5c3adeb9f43923c5aa85889172fdd\",\"name\":\"Haber Merkezi\",\"image\":{\"@type\":\"ImageObject\",\"inLanguage\":\"tr\",\"@id\":\"https:\/\/epochtimestr.com\/#\/schema\/person\/image\/\",\"url\":\"https:\/\/secure.gravatar.com\/avatar\/d73f772ba5a74f28601361e17c2f93e6?s=96&d=mm&r=g\",\"contentUrl\":\"https:\/\/secure.gravatar.com\/avatar\/d73f772ba5a74f28601361e17c2f93e6?s=96&d=mm&r=g\",\"caption\":\"Haber Merkezi\"},\"url\":\"https:\/\/epochtimestr.com\/index.php\/author\/sendag\"}]}<\/script>\n<!-- \/ Yoast SEO plugin. -->","yoast_head_json":{"title":"ADD Mersin \u015eubesi\u2019nden MIP Hakk\u0131nda Su\u00e7 Duyurusu - The Epoch Times TR","description":"Atat\u00fcrk\u00e7\u00fc D\u00fc\u015f\u00fcnce Derne\u011fi Mersin \u015eubesi, Atat\u00fcrk Park\u0131\u2019nda devam eden liman geni\u015fletme projesinin \u00e7evreye ve insan sa\u011fl\u0131\u011f\u0131na zarar verdi\u011fini belirterek, projeyi y\u00fcr\u00fcten MIP hakk\u0131nda su\u00e7 duyurusunda bulundu.","robots":{"index":"index","follow":"follow","max-snippet":"max-snippet:-1","max-image-preview":"max-image-preview:large","max-video-preview":"max-video-preview:-1"},"canonical":"https:\/\/epochtimestr.com\/index.php\/add-mersin-subesinden-mip-hakkinda-suc-duyurusu","og_locale":"tr_TR","og_type":"article","og_title":"ADD Mersin \u015eubesi\u2019nden MIP Hakk\u0131nda Su\u00e7 Duyurusu - The Epoch Times TR","og_description":"Atat\u00fcrk\u00e7\u00fc D\u00fc\u015f\u00fcnce Derne\u011fi Mersin \u015eubesi, Atat\u00fcrk Park\u0131\u2019nda devam eden liman geni\u015fletme projesinin \u00e7evreye ve insan sa\u011fl\u0131\u011f\u0131na zarar verdi\u011fini belirterek, projeyi y\u00fcr\u00fcten MIP hakk\u0131nda su\u00e7 duyurusunda bulundu.","og_url":"https:\/\/epochtimestr.com\/index.php\/add-mersin-subesinden-mip-hakkinda-suc-duyurusu","og_site_name":"The Epoch Times TR","article_publisher":"https:\/\/www.facebook.com\/theepochtimestr","article_published_time":"2025-04-09T10:00:52+00:00","article_modified_time":"2025-04-09T10:36:36+00:00","og_image":[{"width":2560,"height":1920,"url":"https:\/\/epochtimestr.com\/wp-content\/uploads\/2011y\/MIP-Liman-Genisleme-scaled.jpeg","type":"image\/jpeg"}],"author":"Haber Merkezi","twitter_card":"summary_large_image","twitter_creator":"@TheEpochTimesTR","twitter_site":"@TheEpochTimesTR","twitter_misc":{"Yazan:":"Haber Merkezi","Tahmini okuma s\u00fcresi":"3 dakika"},"schema":{"@context":"https:\/\/schema.org","@graph":[{"@type":"Article","@id":"https:\/\/epochtimestr.com\/index.php\/add-mersin-subesinden-mip-hakkinda-suc-duyurusu#article","isPartOf":{"@id":"https:\/\/epochtimestr.com\/index.php\/add-mersin-subesinden-mip-hakkinda-suc-duyurusu"},"author":{"name":"Haber Merkezi","@id":"https:\/\/epochtimestr.com\/#\/schema\/person\/3dc5c3adeb9f43923c5aa85889172fdd"},"headline":"ADD Mersin \u015eubesi\u2019nden MIP Hakk\u0131nda Su\u00e7 Duyurusu","datePublished":"2025-04-09T10:00:52+00:00","dateModified":"2025-04-09T10:36:36+00:00","mainEntityOfPage":{"@id":"https:\/\/epochtimestr.com\/index.php\/add-mersin-subesinden-mip-hakkinda-suc-duyurusu"},"wordCount":390,"publisher":{"@id":"https:\/\/epochtimestr.com\/#organization"},"image":{"@id":"https:\/\/epochtimestr.com\/index.php\/add-mersin-subesinden-mip-hakkinda-suc-duyurusu#primaryimage"},"thumbnailUrl":"https:\/\/epochtimestr.com\/wp-content\/uploads\/2011y\/MIP-Liman-Genisleme-scaled.jpeg","articleSection":["G\u00dcNDEM","MAN\u015eET","T\u00dcRK\u0130YE"],"inLanguage":"tr"},{"@type":"WebPage","@id":"https:\/\/epochtimestr.com\/index.php\/add-mersin-subesinden-mip-hakkinda-suc-duyurusu","url":"https:\/\/epochtimestr.com\/index.php\/add-mersin-subesinden-mip-hakkinda-suc-duyurusu","name":"ADD Mersin \u015eubesi\u2019nden MIP Hakk\u0131nda Su\u00e7 Duyurusu - The Epoch Times TR","isPartOf":{"@id":"https:\/\/epochtimestr.com\/#website"},"primaryImageOfPage":{"@id":"https:\/\/epochtimestr.com\/index.php\/add-mersin-subesinden-mip-hakkinda-suc-duyurusu#primaryimage"},"image":{"@id":"https:\/\/epochtimestr.com\/index.php\/add-mersin-subesinden-mip-hakkinda-suc-duyurusu#primaryimage"},"thumbnailUrl":"https:\/\/epochtimestr.com\/wp-content\/uploads\/2011y\/MIP-Liman-Genisleme-scaled.jpeg","datePublished":"2025-04-09T10:00:52+00:00","dateModified":"2025-04-09T10:36:36+00:00","description":"Atat\u00fcrk\u00e7\u00fc D\u00fc\u015f\u00fcnce Derne\u011fi Mersin \u015eubesi, Atat\u00fcrk Park\u0131\u2019nda devam eden liman geni\u015fletme projesinin \u00e7evreye ve insan sa\u011fl\u0131\u011f\u0131na zarar verdi\u011fini belirterek, projeyi y\u00fcr\u00fcten MIP hakk\u0131nda su\u00e7 duyurusunda bulundu.","inLanguage":"tr","potentialAction":[{"@type":"ReadAction","target":["https:\/\/epochtimestr.com\/index.php\/add-mersin-subesinden-mip-hakkinda-suc-duyurusu"]}]},{"@type":"ImageObject","inLanguage":"tr","@id":"https:\/\/epochtimestr.com\/index.php\/add-mersin-subesinden-mip-hakkinda-suc-duyurusu#primaryimage","url":"https:\/\/epochtimestr.com\/wp-content\/uploads\/2011y\/MIP-Liman-Genisleme-scaled.jpeg","contentUrl":"https:\/\/epochtimestr.com\/wp-content\/uploads\/2011y\/MIP-Liman-Genisleme-scaled.jpeg","width":2560,"height":1920},{"@type":"WebSite","@id":"https:\/\/epochtimestr.com\/#website","url":"https:\/\/epochtimestr.com\/","name":"The Epoch Times TR","description":"De\u011fi\u015fen D\u00fcnyam\u0131za Taze Bir Bak\u0131\u015f","publisher":{"@id":"https:\/\/epochtimestr.com\/#organization"},"potentialAction":[{"@type":"SearchAction","target":{"@type":"EntryPoint","urlTemplate":"https:\/\/epochtimestr.com\/?s={search_term_string}"},"query-input":"required name=search_term_string"}],"inLanguage":"tr"},{"@type":"Organization","@id":"https:\/\/epochtimestr.com\/#organization","name":"The EpochTimes T\u00fcrkiye","url":"https:\/\/epochtimestr.com\/","logo":{"@type":"ImageObject","inLanguage":"tr","@id":"https:\/\/epochtimestr.com\/#\/schema\/logo\/image\/","url":"https:\/\/epochtimestr.com\/wp-content\/uploads\/2011y\/ET-Logo-YG.jpg","contentUrl":"https:\/\/epochtimestr.com\/wp-content\/uploads\/2011y\/ET-Logo-YG.jpg","width":346,"height":29,"caption":"The EpochTimes T\u00fcrkiye"},"image":{"@id":"https:\/\/epochtimestr.com\/#\/schema\/logo\/image\/"},"sameAs":["https:\/\/www.facebook.com\/theepochtimestr","https:\/\/x.com\/TheEpochTimesTR","https:\/\/www.instagram.com\/epochtimestr"]},{"@type":"Person","@id":"https:\/\/epochtimestr.com\/#\/schema\/person\/3dc5c3adeb9f43923c5aa85889172fdd","name":"Haber Merkezi","image":{"@type":"ImageObject","inLanguage":"tr","@id":"https:\/\/epochtimestr.com\/#\/schema\/person\/image\/","url":"https:\/\/secure.gravatar.com\/avatar\/d73f772ba5a74f28601361e17c2f93e6?s=96&d=mm&r=g","contentUrl":"https:\/\/secure.gravatar.com\/avatar\/d73f772ba5a74f28601361e17c2f93e6?s=96&d=mm&r=g","caption":"Haber Merkezi"},"url":"https:\/\/epochtimestr.com\/index.php\/author\/sendag"}]}},"_links":{"self":[{"href":"https:\/\/epochtimestr.com\/index.php\/wp-json\/wp\/v2\/posts\/157569"}],"collection":[{"href":"https:\/\/epochtimestr.com\/index.php\/wp-json\/wp\/v2\/posts"}],"about":[{"href":"https:\/\/epochtimestr.com\/index.php\/wp-json\/wp\/v2\/types\/post"}],"author":[{"embeddable":true,"href":"https:\/\/epochtimestr.com\/index.php\/wp-json\/wp\/v2\/users\/12791"}],"replies":[{"embeddable":true,"href":"https:\/\/epochtimestr.com\/index.php\/wp-json\/wp\/v2\/comments?post=157569"}],"version-history":[{"count":2,"href":"https:\/\/epochtimestr.com\/index.php\/wp-json\/wp\/v2\/posts\/157569\/revisions"}],"predecessor-version":[{"id":157574,"href":"https:\/\/epochtimestr.com\/index.php\/wp-json\/wp\/v2\/posts\/157569\/revisions\/157574"}],"wp:featuredmedia":[{"embeddable":true,"href":"https:\/\/epochtimestr.com\/index.php\/wp-json\/wp\/v2\/media\/157571"}],"wp:attachment":[{"href":"https:\/\/epochtimestr.com\/index.php\/wp-json\/wp\/v2\/media?parent=157569"}],"wp:term":[{"taxonomy":"category","embeddable":true,"href":"https:\/\/epochtimestr.com\/index.php\/wp-json\/wp\/v2\/categories?post=157569"},{"taxonomy":"post_tag","embeddable":true,"href":"https:\/\/epochtimestr.com\/index.php\/wp-json\/wp\/v2\/tags?post=157569"}],"curies":[{"name":"wp","href":"https:\/\/api.w.org\/{rel}","templated":true}]}}