{"id":157577,"date":"2025-04-09T23:21:06","date_gmt":"2025-04-09T20:21:06","guid":{"rendered":"https:\/\/epochtimestr.com\/?p=157577"},"modified":"2025-04-09T23:21:09","modified_gmt":"2025-04-09T20:21:09","slug":"ev-hapsi-karari-verilen-mahir-polat-tahliye-oldu","status":"publish","type":"post","link":"https:\/\/epochtimestr.com\/index.php\/ev-hapsi-karari-verilen-mahir-polat-tahliye-oldu","title":{"rendered":"Ev Hapsi Karar\u0131 Verilen Mahir Polat Tahliye Oldu"},"content":{"rendered":"\n<p><\/p>\n\n\n<div class=\"wp-block-image\">\n<figure class=\"aligncenter size-full\"><img loading=\"lazy\" decoding=\"async\" width=\"1280\" height=\"640\" src=\"https:\/\/epochtimestr.com\/wp-content\/uploads\/2011y\/mahir-polat-3.jpg\" alt=\"\" class=\"wp-image-157578\" srcset=\"https:\/\/epochtimestr.com\/wp-content\/uploads\/2011y\/mahir-polat-3.jpg 1280w, https:\/\/epochtimestr.com\/wp-content\/uploads\/2011y\/mahir-polat-3-300x150.jpg 300w, https:\/\/epochtimestr.com\/wp-content\/uploads\/2011y\/mahir-polat-3-150x75.jpg 150w, https:\/\/epochtimestr.com\/wp-content\/uploads\/2011y\/mahir-polat-3-768x384.jpg 768w\" sizes=\"(max-width: 1280px) 100vw, 1280px\" \/><figcaption class=\"wp-element-caption\">Ev Hapsi Karar\u0131 Verilen Mahir Polat Tahliye Oldu<\/figcaption><\/figure><\/div>\n\n\n<h2 class=\"wp-block-heading\">\u0130stanbul B\u00fcy\u00fck\u015fehir Belediyesi (\u0130BB) Genel Sekreter Yard\u0131mc\u0131s\u0131 Mahir Polat hakk\u0131nda ev hapsi karar\u0131 verildi.<\/h2>\n\n\n\n<p><a href=\"https:\/\/epochtimestr.com\/index.php\/imamoglu-iitanbul-muhafizligi-yapmak-benim-karakterimdir\">\u0130stanbul B\u00fcy\u00fck\u015fehir Belediyesi (\u0130BB)<\/a> Genel Sekreter Yard\u0131mc\u0131s\u0131 <a href=\"https:\/\/epochtimestr.com\/index.php\/mahir-polatin-avukati-erkam-erdem-cezaevi-kosullari-hayati-risk-teskil-etmektedir\">Mahir Polat<\/a> hakk\u0131nda ev hapsi karar\u0131 verildi. \u0130stanbul B\u00fcy\u00fck\u015fehir Belediyesi Genel Sekreter Yard\u0131mc\u0131s\u0131 Mahir Polat, Silivri&#8217;deki Marmara Cezaevi&#8217;nden tahliyesinin ard\u0131ndan yapt\u0131\u011f\u0131 ilk a\u00e7\u0131klamada, &#8220;Bu memleketin vicdan\u0131 bitmemi\u015f&#8221; dedi.<\/p>\n\n\n\n<p>Sa\u011fl\u0131k sorunlar\u0131 i\u00e7in ila\u00e7 kullanan Polat, ya\u015fad\u0131\u011f\u0131 y\u00fcksek tansiyon nedeniyle 23 Mart&#8217;tan bu yana bir\u00e7ok kez cezaevinden hastanelere sevk edildi. Polat hakk\u0131nda, Adli T\u0131p Kurumu raporu \u00e7\u0131kt\u0131. Kurum, konutu terk etmeme suretiyle tahliyesine karar verdi.<\/p>\n\n\n\n<p>Polat&#8217;\u0131n avukat\u0131 Erkam Erdem, Halk TV canl\u0131 yay\u0131na ba\u011flanarak konuya ili\u015fkin a\u00e7\u0131klama yapt\u0131. Erdem, &#8220;Adli T\u0131p Kurumu&#8217;nun raporuna m\u00fctalaa olmad\u0131k ama savc\u0131l\u0131ktan b\u00f6yle bir bilgi geldi&#8221; dedi.<\/p>\n\n\n\n<p>Ev hapsi \u015feklinde bir adli kontrol\u00fcn, uygulanaca\u011f\u0131na dair bilgi geldi\u011fini anlatan Erdem, \u015funlar\u0131 s\u00f6yledi &#8220;Dolay\u0131s\u0131yla o karar\u0131 da g\u00f6rmedim. Bunlara istinaden ama bunlara ra\u011fmen \u015fey s\u00f6yleyebilirim bir bu haberi do\u011frulad\u0131\u011f\u0131m\u0131z\u0131 s\u00f6yleyebilirim&#8221; diye konu\u015ftu.<\/p>\n\n\n\n<p>23 Mart&#8217;ta tutuklanan ve bug\u00fcn hakimlik\u00e7e tahliyesine karar verilen \u0130BB Genel Sekreter Yard\u0131mc\u0131s\u0131 Mahir Polat 9 Nisan saat 20.00 sular\u0131nda Silivri&#8217;deki Marmara Cezaevi&#8217;nden tahliye edildi.<\/p>\n\n\n\n<p>Mahir Polat, \u0130BB&#8217;ye y\u00f6nelik soru\u015fturma kapsam\u0131nda 23 Mart&#8217;ta tutukland\u0131. Sa\u011fl\u0131k sorunlar\u0131 ya\u015fayan Polat, tutuklanmadan \u00f6nce iki hafta \u00f6nce anjiyo oldu ve kalp damarlar\u0131nda 6 adet stent tak\u0131ld\u0131.<br \/>Cezaevinde tutuklu bulunan ve ciddi sa\u011fl\u0131k sorunlar\u0131 ya\u015fayan \u0130BB Genel Sekreter Yard\u0131mc\u0131s\u0131 Mahir Polat s\u0131k s\u0131k hastaneye sevk ediliyordu. Elveri\u015fsiz cezaevi ko\u015fullar\u0131nda durumu k\u00f6t\u00fcle\u015fen Polat&#8217;\u0131n tahliye edilmesi i\u00e7in meslek \u00f6rg\u00fctleri, siyasi partiler ve \u00e7ok say\u0131da siyaset\u00e7i ve doktor taraf\u0131ndan \u00e7a\u011fr\u0131 yap\u0131ld\u0131.<\/p>\n\n\n\n<figure class=\"wp-block-embed is-type-rich is-provider-twitter wp-block-embed-twitter\"><div class=\"wp-block-embed__wrapper\">\n<blockquote class=\"twitter-tweet\" data-width=\"550\" data-dnt=\"true\"><p lang=\"tr\" dir=\"ltr\">Mahir Polat hakk\u0131ndaki ev hapsiyle tahliye karar\u0131, ge\u00e7 olsa da sevindiricidir. <br><br>\u0130BB Genel Sekreter Yard\u0131mc\u0131m\u0131z Mahir Polat&#39;a ge\u00e7mi\u015f olsun dileklerimi iletiyor, sa\u011fl\u0131\u011f\u0131na kavu\u015fmas\u0131n\u0131 temenni ediyorum.<br><br>Adil yarg\u0131lanma, gen\u00e7lerimiz ve Cumhurba\u015fkan\u0131 aday\u0131m\u0131z Ekrem \u0130mamo\u011flu\u2019nun da\u2026<\/p>&mdash; Mahir Polat (@vekilmahirpolat) <a href=\"https:\/\/twitter.com\/vekilmahirpolat\/status\/1909990211326460278?ref_src=twsrc%5Etfw\">April 9, 2025<\/a><\/blockquote><script async src=\"https:\/\/platform.twitter.com\/widgets.js\" charset=\"utf-8\"><\/script>\n<\/div><\/figure>\n","protected":false},"excerpt":{"rendered":"<p>\u0130stanbul B\u00fcy\u00fck\u015fehir Belediyesi (\u0130BB) Genel Sekreter Yard\u0131mc\u0131s\u0131 Mahir Polat hakk\u0131nda ev hapsi karar\u0131 verildi. \u0130stanbul B\u00fcy\u00fck\u015fehir Belediyesi (\u0130BB) Genel Sekreter Yard\u0131mc\u0131s\u0131 Mahir Polat hakk\u0131nda ev hapsi karar\u0131 verildi. \u0130stanbul B\u00fcy\u00fck\u015fehir Belediyesi Genel Sekreter Yard\u0131mc\u0131s\u0131 Mahir Polat, Silivri&#8217;deki Marmara Cezaevi&#8217;nden tahliyesinin ard\u0131ndan yapt\u0131\u011f\u0131 ilk a\u00e7\u0131klamada, &#8220;Bu memleketin vicdan\u0131 bitmemi\u015f&#8221; dedi. Sa\u011fl\u0131k sorunlar\u0131 i\u00e7in ila\u00e7 kullanan Polat, [&hellip;]<\/p>\n","protected":false},"author":12791,"featured_media":157578,"comment_status":"closed","ping_status":"open","sticky":false,"template":"","format":"standard","meta":{"_yoast_wpseo_focuskw":"Ev Hapsi Karar\u0131 Verilen Mahir Polat Tahliye Oldu","_yoast_wpseo_title":"","_yoast_wpseo_metadesc":"\u0130stanbul B\u00fcy\u00fck\u015fehir Belediyesi (\u0130BB) Genel Sekreter Yard\u0131mc\u0131s\u0131 Mahir Polat hakk\u0131nda ev hapsi karar\u0131 verildi.","_bbp_topic_count":0,"_bbp_reply_count":0,"_bbp_total_topic_count":0,"_bbp_total_reply_count":0,"_bbp_voice_count":0,"_bbp_anonymous_reply_count":0,"_bbp_topic_count_hidden":0,"_bbp_reply_count_hidden":0,"_bbp_forum_subforum_count":0,"footnotes":"","_yoast_wpseo_focuskw_text_input":""},"categories":[1,8138,8226,37],"tags":[8533,920],"yoast_head":"<!-- This site is optimized with the Yoast SEO plugin v23.0 - https:\/\/yoast.com\/wordpress\/plugins\/seo\/ -->\n<title>Ev Hapsi Karar\u0131 Verilen Mahir Polat Tahliye Oldu - The Epoch Times TR<\/title>\n<meta name=\"description\" content=\"\u0130stanbul B\u00fcy\u00fck\u015fehir Belediyesi (\u0130BB) Genel Sekreter Yard\u0131mc\u0131s\u0131 Mahir Polat hakk\u0131nda ev hapsi karar\u0131 verildi.\" \/>\n<meta name=\"robots\" content=\"index, follow, max-snippet:-1, max-image-preview:large, max-video-preview:-1\" \/>\n<link rel=\"canonical\" href=\"https:\/\/epochtimestr.com\/index.php\/ev-hapsi-karari-verilen-mahir-polat-tahliye-oldu\" \/>\n<meta property=\"og:locale\" content=\"tr_TR\" \/>\n<meta property=\"og:type\" content=\"article\" \/>\n<meta property=\"og:title\" content=\"Ev Hapsi Karar\u0131 Verilen Mahir Polat Tahliye Oldu - The Epoch Times TR\" \/>\n<meta property=\"og:description\" content=\"\u0130stanbul B\u00fcy\u00fck\u015fehir Belediyesi (\u0130BB) Genel Sekreter Yard\u0131mc\u0131s\u0131 Mahir Polat hakk\u0131nda ev hapsi karar\u0131 verildi.\" \/>\n<meta property=\"og:url\" content=\"https:\/\/epochtimestr.com\/index.php\/ev-hapsi-karari-verilen-mahir-polat-tahliye-oldu\" \/>\n<meta property=\"og:site_name\" content=\"The Epoch Times TR\" \/>\n<meta property=\"article:publisher\" content=\"https:\/\/www.facebook.com\/theepochtimestr\" \/>\n<meta property=\"article:published_time\" content=\"2025-04-09T20:21:06+00:00\" \/>\n<meta property=\"article:modified_time\" content=\"2025-04-09T20:21:09+00:00\" \/>\n<meta property=\"og:image\" content=\"https:\/\/epochtimestr.com\/wp-content\/uploads\/2011y\/mahir-polat-3.jpg\" \/>\n\t<meta property=\"og:image:width\" content=\"1280\" \/>\n\t<meta property=\"og:image:height\" content=\"640\" \/>\n\t<meta property=\"og:image:type\" content=\"image\/jpeg\" \/>\n<meta name=\"author\" content=\"Haber Merkezi\" \/>\n<meta name=\"twitter:card\" content=\"summary_large_image\" \/>\n<meta name=\"twitter:creator\" content=\"@TheEpochTimesTR\" \/>\n<meta name=\"twitter:site\" content=\"@TheEpochTimesTR\" \/>\n<meta name=\"twitter:label1\" content=\"Yazan:\" \/>\n\t<meta name=\"twitter:data1\" content=\"Haber Merkezi\" \/>\n\t<meta name=\"twitter:label2\" content=\"Tahmini okuma s\u00fcresi\" \/>\n\t<meta name=\"twitter:data2\" content=\"2 dakika\" \/>\n<script type=\"application\/ld+json\" class=\"yoast-schema-graph\">{\"@context\":\"https:\/\/schema.org\",\"@graph\":[{\"@type\":\"Article\",\"@id\":\"https:\/\/epochtimestr.com\/index.php\/ev-hapsi-karari-verilen-mahir-polat-tahliye-oldu#article\",\"isPartOf\":{\"@id\":\"https:\/\/epochtimestr.com\/index.php\/ev-hapsi-karari-verilen-mahir-polat-tahliye-oldu\"},\"author\":{\"name\":\"Haber Merkezi\",\"@id\":\"https:\/\/epochtimestr.com\/#\/schema\/person\/3dc5c3adeb9f43923c5aa85889172fdd\"},\"headline\":\"Ev Hapsi Karar\u0131 Verilen Mahir Polat Tahliye Oldu\",\"datePublished\":\"2025-04-09T20:21:06+00:00\",\"dateModified\":\"2025-04-09T20:21:09+00:00\",\"mainEntityOfPage\":{\"@id\":\"https:\/\/epochtimestr.com\/index.php\/ev-hapsi-karari-verilen-mahir-polat-tahliye-oldu\"},\"wordCount\":338,\"publisher\":{\"@id\":\"https:\/\/epochtimestr.com\/#organization\"},\"image\":{\"@id\":\"https:\/\/epochtimestr.com\/index.php\/ev-hapsi-karari-verilen-mahir-polat-tahliye-oldu#primaryimage\"},\"thumbnailUrl\":\"https:\/\/epochtimestr.com\/wp-content\/uploads\/2011y\/mahir-polat-3.jpg\",\"keywords\":[\"mahir polat\",\"sa\u011fl\u0131k\"],\"articleSection\":[\"G\u00dcNDEM\",\"MAN\u015eET\",\"Siyaset\",\"T\u00dcRK\u0130YE\"],\"inLanguage\":\"tr\"},{\"@type\":\"WebPage\",\"@id\":\"https:\/\/epochtimestr.com\/index.php\/ev-hapsi-karari-verilen-mahir-polat-tahliye-oldu\",\"url\":\"https:\/\/epochtimestr.com\/index.php\/ev-hapsi-karari-verilen-mahir-polat-tahliye-oldu\",\"name\":\"Ev Hapsi Karar\u0131 Verilen Mahir Polat Tahliye Oldu - The Epoch Times TR\",\"isPartOf\":{\"@id\":\"https:\/\/epochtimestr.com\/#website\"},\"primaryImageOfPage\":{\"@id\":\"https:\/\/epochtimestr.com\/index.php\/ev-hapsi-karari-verilen-mahir-polat-tahliye-oldu#primaryimage\"},\"image\":{\"@id\":\"https:\/\/epochtimestr.com\/index.php\/ev-hapsi-karari-verilen-mahir-polat-tahliye-oldu#primaryimage\"},\"thumbnailUrl\":\"https:\/\/epochtimestr.com\/wp-content\/uploads\/2011y\/mahir-polat-3.jpg\",\"datePublished\":\"2025-04-09T20:21:06+00:00\",\"dateModified\":\"2025-04-09T20:21:09+00:00\",\"description\":\"\u0130stanbul B\u00fcy\u00fck\u015fehir Belediyesi (\u0130BB) Genel Sekreter Yard\u0131mc\u0131s\u0131 Mahir Polat hakk\u0131nda ev hapsi karar\u0131 verildi.\",\"inLanguage\":\"tr\",\"potentialAction\":[{\"@type\":\"ReadAction\",\"target\":[\"https:\/\/epochtimestr.com\/index.php\/ev-hapsi-karari-verilen-mahir-polat-tahliye-oldu\"]}]},{\"@type\":\"ImageObject\",\"inLanguage\":\"tr\",\"@id\":\"https:\/\/epochtimestr.com\/index.php\/ev-hapsi-karari-verilen-mahir-polat-tahliye-oldu#primaryimage\",\"url\":\"https:\/\/epochtimestr.com\/wp-content\/uploads\/2011y\/mahir-polat-3.jpg\",\"contentUrl\":\"https:\/\/epochtimestr.com\/wp-content\/uploads\/2011y\/mahir-polat-3.jpg\",\"width\":1280,\"height\":640},{\"@type\":\"WebSite\",\"@id\":\"https:\/\/epochtimestr.com\/#website\",\"url\":\"https:\/\/epochtimestr.com\/\",\"name\":\"The Epoch Times TR\",\"description\":\"De\u011fi\u015fen D\u00fcnyam\u0131za Taze Bir Bak\u0131\u015f\",\"publisher\":{\"@id\":\"https:\/\/epochtimestr.com\/#organization\"},\"potentialAction\":[{\"@type\":\"SearchAction\",\"target\":{\"@type\":\"EntryPoint\",\"urlTemplate\":\"https:\/\/epochtimestr.com\/?s={search_term_string}\"},\"query-input\":\"required name=search_term_string\"}],\"inLanguage\":\"tr\"},{\"@type\":\"Organization\",\"@id\":\"https:\/\/epochtimestr.com\/#organization\",\"name\":\"The EpochTimes T\u00fcrkiye\",\"url\":\"https:\/\/epochtimestr.com\/\",\"logo\":{\"@type\":\"ImageObject\",\"inLanguage\":\"tr\",\"@id\":\"https:\/\/epochtimestr.com\/#\/schema\/logo\/image\/\",\"url\":\"https:\/\/epochtimestr.com\/wp-content\/uploads\/2011y\/ET-Logo-YG.jpg\",\"contentUrl\":\"https:\/\/epochtimestr.com\/wp-content\/uploads\/2011y\/ET-Logo-YG.jpg\",\"width\":346,\"height\":29,\"caption\":\"The EpochTimes T\u00fcrkiye\"},\"image\":{\"@id\":\"https:\/\/epochtimestr.com\/#\/schema\/logo\/image\/\"},\"sameAs\":[\"https:\/\/www.facebook.com\/theepochtimestr\",\"https:\/\/x.com\/TheEpochTimesTR\",\"https:\/\/www.instagram.com\/epochtimestr\"]},{\"@type\":\"Person\",\"@id\":\"https:\/\/epochtimestr.com\/#\/schema\/person\/3dc5c3adeb9f43923c5aa85889172fdd\",\"name\":\"Haber Merkezi\",\"image\":{\"@type\":\"ImageObject\",\"inLanguage\":\"tr\",\"@id\":\"https:\/\/epochtimestr.com\/#\/schema\/person\/image\/\",\"url\":\"https:\/\/secure.gravatar.com\/avatar\/d73f772ba5a74f28601361e17c2f93e6?s=96&d=mm&r=g\",\"contentUrl\":\"https:\/\/secure.gravatar.com\/avatar\/d73f772ba5a74f28601361e17c2f93e6?s=96&d=mm&r=g\",\"caption\":\"Haber Merkezi\"},\"url\":\"https:\/\/epochtimestr.com\/index.php\/author\/sendag\"}]}<\/script>\n<!-- \/ Yoast SEO plugin. -->","yoast_head_json":{"title":"Ev Hapsi Karar\u0131 Verilen Mahir Polat Tahliye Oldu - The Epoch Times TR","description":"\u0130stanbul B\u00fcy\u00fck\u015fehir Belediyesi (\u0130BB) Genel Sekreter Yard\u0131mc\u0131s\u0131 Mahir Polat hakk\u0131nda ev hapsi karar\u0131 verildi.","robots":{"index":"index","follow":"follow","max-snippet":"max-snippet:-1","max-image-preview":"max-image-preview:large","max-video-preview":"max-video-preview:-1"},"canonical":"https:\/\/epochtimestr.com\/index.php\/ev-hapsi-karari-verilen-mahir-polat-tahliye-oldu","og_locale":"tr_TR","og_type":"article","og_title":"Ev Hapsi Karar\u0131 Verilen Mahir Polat Tahliye Oldu - The Epoch Times TR","og_description":"\u0130stanbul B\u00fcy\u00fck\u015fehir Belediyesi (\u0130BB) Genel Sekreter Yard\u0131mc\u0131s\u0131 Mahir Polat hakk\u0131nda ev hapsi karar\u0131 verildi.","og_url":"https:\/\/epochtimestr.com\/index.php\/ev-hapsi-karari-verilen-mahir-polat-tahliye-oldu","og_site_name":"The Epoch Times TR","article_publisher":"https:\/\/www.facebook.com\/theepochtimestr","article_published_time":"2025-04-09T20:21:06+00:00","article_modified_time":"2025-04-09T20:21:09+00:00","og_image":[{"width":1280,"height":640,"url":"https:\/\/epochtimestr.com\/wp-content\/uploads\/2011y\/mahir-polat-3.jpg","type":"image\/jpeg"}],"author":"Haber Merkezi","twitter_card":"summary_large_image","twitter_creator":"@TheEpochTimesTR","twitter_site":"@TheEpochTimesTR","twitter_misc":{"Yazan:":"Haber Merkezi","Tahmini okuma s\u00fcresi":"2 dakika"},"schema":{"@context":"https:\/\/schema.org","@graph":[{"@type":"Article","@id":"https:\/\/epochtimestr.com\/index.php\/ev-hapsi-karari-verilen-mahir-polat-tahliye-oldu#article","isPartOf":{"@id":"https:\/\/epochtimestr.com\/index.php\/ev-hapsi-karari-verilen-mahir-polat-tahliye-oldu"},"author":{"name":"Haber Merkezi","@id":"https:\/\/epochtimestr.com\/#\/schema\/person\/3dc5c3adeb9f43923c5aa85889172fdd"},"headline":"Ev Hapsi Karar\u0131 Verilen Mahir Polat Tahliye Oldu","datePublished":"2025-04-09T20:21:06+00:00","dateModified":"2025-04-09T20:21:09+00:00","mainEntityOfPage":{"@id":"https:\/\/epochtimestr.com\/index.php\/ev-hapsi-karari-verilen-mahir-polat-tahliye-oldu"},"wordCount":338,"publisher":{"@id":"https:\/\/epochtimestr.com\/#organization"},"image":{"@id":"https:\/\/epochtimestr.com\/index.php\/ev-hapsi-karari-verilen-mahir-polat-tahliye-oldu#primaryimage"},"thumbnailUrl":"https:\/\/epochtimestr.com\/wp-content\/uploads\/2011y\/mahir-polat-3.jpg","keywords":["mahir polat","sa\u011fl\u0131k"],"articleSection":["G\u00dcNDEM","MAN\u015eET","Siyaset","T\u00dcRK\u0130YE"],"inLanguage":"tr"},{"@type":"WebPage","@id":"https:\/\/epochtimestr.com\/index.php\/ev-hapsi-karari-verilen-mahir-polat-tahliye-oldu","url":"https:\/\/epochtimestr.com\/index.php\/ev-hapsi-karari-verilen-mahir-polat-tahliye-oldu","name":"Ev Hapsi Karar\u0131 Verilen Mahir Polat Tahliye Oldu - The Epoch Times TR","isPartOf":{"@id":"https:\/\/epochtimestr.com\/#website"},"primaryImageOfPage":{"@id":"https:\/\/epochtimestr.com\/index.php\/ev-hapsi-karari-verilen-mahir-polat-tahliye-oldu#primaryimage"},"image":{"@id":"https:\/\/epochtimestr.com\/index.php\/ev-hapsi-karari-verilen-mahir-polat-tahliye-oldu#primaryimage"},"thumbnailUrl":"https:\/\/epochtimestr.com\/wp-content\/uploads\/2011y\/mahir-polat-3.jpg","datePublished":"2025-04-09T20:21:06+00:00","dateModified":"2025-04-09T20:21:09+00:00","description":"\u0130stanbul B\u00fcy\u00fck\u015fehir Belediyesi (\u0130BB) Genel Sekreter Yard\u0131mc\u0131s\u0131 Mahir Polat hakk\u0131nda ev hapsi karar\u0131 verildi.","inLanguage":"tr","potentialAction":[{"@type":"ReadAction","target":["https:\/\/epochtimestr.com\/index.php\/ev-hapsi-karari-verilen-mahir-polat-tahliye-oldu"]}]},{"@type":"ImageObject","inLanguage":"tr","@id":"https:\/\/epochtimestr.com\/index.php\/ev-hapsi-karari-verilen-mahir-polat-tahliye-oldu#primaryimage","url":"https:\/\/epochtimestr.com\/wp-content\/uploads\/2011y\/mahir-polat-3.jpg","contentUrl":"https:\/\/epochtimestr.com\/wp-content\/uploads\/2011y\/mahir-polat-3.jpg","width":1280,"height":640},{"@type":"WebSite","@id":"https:\/\/epochtimestr.com\/#website","url":"https:\/\/epochtimestr.com\/","name":"The Epoch Times TR","description":"De\u011fi\u015fen D\u00fcnyam\u0131za Taze Bir Bak\u0131\u015f","publisher":{"@id":"https:\/\/epochtimestr.com\/#organization"},"potentialAction":[{"@type":"SearchAction","target":{"@type":"EntryPoint","urlTemplate":"https:\/\/epochtimestr.com\/?s={search_term_string}"},"query-input":"required name=search_term_string"}],"inLanguage":"tr"},{"@type":"Organization","@id":"https:\/\/epochtimestr.com\/#organization","name":"The EpochTimes T\u00fcrkiye","url":"https:\/\/epochtimestr.com\/","logo":{"@type":"ImageObject","inLanguage":"tr","@id":"https:\/\/epochtimestr.com\/#\/schema\/logo\/image\/","url":"https:\/\/epochtimestr.com\/wp-content\/uploads\/2011y\/ET-Logo-YG.jpg","contentUrl":"https:\/\/epochtimestr.com\/wp-content\/uploads\/2011y\/ET-Logo-YG.jpg","width":346,"height":29,"caption":"The EpochTimes T\u00fcrkiye"},"image":{"@id":"https:\/\/epochtimestr.com\/#\/schema\/logo\/image\/"},"sameAs":["https:\/\/www.facebook.com\/theepochtimestr","https:\/\/x.com\/TheEpochTimesTR","https:\/\/www.instagram.com\/epochtimestr"]},{"@type":"Person","@id":"https:\/\/epochtimestr.com\/#\/schema\/person\/3dc5c3adeb9f43923c5aa85889172fdd","name":"Haber Merkezi","image":{"@type":"ImageObject","inLanguage":"tr","@id":"https:\/\/epochtimestr.com\/#\/schema\/person\/image\/","url":"https:\/\/secure.gravatar.com\/avatar\/d73f772ba5a74f28601361e17c2f93e6?s=96&d=mm&r=g","contentUrl":"https:\/\/secure.gravatar.com\/avatar\/d73f772ba5a74f28601361e17c2f93e6?s=96&d=mm&r=g","caption":"Haber Merkezi"},"url":"https:\/\/epochtimestr.com\/index.php\/author\/sendag"}]}},"_links":{"self":[{"href":"https:\/\/epochtimestr.com\/index.php\/wp-json\/wp\/v2\/posts\/157577"}],"collection":[{"href":"https:\/\/epochtimestr.com\/index.php\/wp-json\/wp\/v2\/posts"}],"about":[{"href":"https:\/\/epochtimestr.com\/index.php\/wp-json\/wp\/v2\/types\/post"}],"author":[{"embeddable":true,"href":"https:\/\/epochtimestr.com\/index.php\/wp-json\/wp\/v2\/users\/12791"}],"replies":[{"embeddable":true,"href":"https:\/\/epochtimestr.com\/index.php\/wp-json\/wp\/v2\/comments?post=157577"}],"version-history":[{"count":1,"href":"https:\/\/epochtimestr.com\/index.php\/wp-json\/wp\/v2\/posts\/157577\/revisions"}],"predecessor-version":[{"id":157579,"href":"https:\/\/epochtimestr.com\/index.php\/wp-json\/wp\/v2\/posts\/157577\/revisions\/157579"}],"wp:featuredmedia":[{"embeddable":true,"href":"https:\/\/epochtimestr.com\/index.php\/wp-json\/wp\/v2\/media\/157578"}],"wp:attachment":[{"href":"https:\/\/epochtimestr.com\/index.php\/wp-json\/wp\/v2\/media?parent=157577"}],"wp:term":[{"taxonomy":"category","embeddable":true,"href":"https:\/\/epochtimestr.com\/index.php\/wp-json\/wp\/v2\/categories?post=157577"},{"taxonomy":"post_tag","embeddable":true,"href":"https:\/\/epochtimestr.com\/index.php\/wp-json\/wp\/v2\/tags?post=157577"}],"curies":[{"name":"wp","href":"https:\/\/api.w.org\/{rel}","templated":true}]}}