{"id":157580,"date":"2025-04-10T00:13:12","date_gmt":"2025-04-09T21:13:12","guid":{"rendered":"https:\/\/epochtimestr.com\/?p=157580"},"modified":"2025-04-10T00:13:14","modified_gmt":"2025-04-09T21:13:14","slug":"iudug-tutuklu-ogrenciler-ve-levent-dolek-serbest-birakilsin","status":"publish","type":"post","link":"https:\/\/epochtimestr.com\/index.php\/iudug-tutuklu-ogrenciler-ve-levent-dolek-serbest-birakilsin","title":{"rendered":"\u0130\u00dcD\u00dcG: Tutuklu \u00f6\u011frenciler ve Levent D\u00f6lek Serbest B\u0131rak\u0131ls\u0131n"},"content":{"rendered":"<div class=\"wp-block-image\">\n<figure class=\"aligncenter size-full\"><img loading=\"lazy\" decoding=\"async\" width=\"558\" height=\"338\" src=\"https:\/\/epochtimestr.com\/wp-content\/uploads\/2011y\/levent-dolek.jpg\" alt=\"\" class=\"wp-image-157581\" srcset=\"https:\/\/epochtimestr.com\/wp-content\/uploads\/2011y\/levent-dolek.jpg 558w, https:\/\/epochtimestr.com\/wp-content\/uploads\/2011y\/levent-dolek-300x182.jpg 300w, https:\/\/epochtimestr.com\/wp-content\/uploads\/2011y\/levent-dolek-150x91.jpg 150w\" sizes=\"(max-width: 558px) 100vw, 558px\" \/><figcaption class=\"wp-element-caption\">\u0130\u00dcD\u00dcG: Tutuklu \u00f6\u011frenciler ve Levent D\u00f6lek Serbest B\u0131rak\u0131ls\u0131n<\/figcaption><\/figure><\/div>\n\n\n<h2 class=\"wp-block-heading\">\u0130stanbul \u00dcniversitesi Demokratik \u00dcniversite Giri\u015fimi, \u201cAnayasal haklar\u0131n\u0131 kullanan \u00f6\u011frencilerimizin ve \u00f6\u011fretim \u00fcyemizin g\u00f6zalt\u0131na al\u0131nmas\u0131, tutuklanmas\u0131 bir anayasa ihlalidir.<\/h2>\n\n\n\n<p><a href=\"https:\/\/epochtimestr.com\/index.php\/istanbul-universitesi-ekrem-imamoglunun-diplomasini-iptal-etti\">\u0130stanbul \u00dcniversitesi<\/a> \u0130ktisat Fak\u00fcltesinde ara\u015ft\u0131rma g\u00f6revlisi olan, <a href=\"https:\/\/epochtimestr.com\/index.php\/ogrencilerin-yil-sonu-etkinligi-olarak-camiye-cagrilmasina-egitim-sen-bursa-subesi-tepki-gosterdi\">E\u011fitim Sen<\/a> \u00dcyesi ve Sendikan\u0131n \u015eube Temsilcisi <a href=\"https:\/\/epochtimestr.com\/index.php\/egitim-sen-uyesi-akademisyen-levent-dolek-tutuklandi\">Levent D\u00f6lek,<\/a> \u0130stanbul B\u00fcy\u00fck\u015fehir Belediye Ba\u015fkan\u0131 Ekrem \u0130mamo\u011flu\u2019nun tutuklanmas\u0131n\u0131n ard\u0131ndan ba\u015flayan protesto g\u00f6sterilerine kat\u0131ld\u0131\u011f\u0131 gerek\u00e7esiyle tutukland\u0131.<br \/>\u0130stanbul \u00dcniversitesi Demokratik \u00dcniversite Giri\u015fimi (\u0130\u00dcD\u00dcG), tutuklu bulunan akademisyen Dr. Levent D\u00f6lek i\u00e7in a\u00e7\u0131klama yapt\u0131. Yap\u0131lan a\u00e7\u0131klamada, &#8220;\u00d6\u011frenim temel hakt\u0131r, engellenemez! Tutuklu \u00f6\u011frencilerimiz hemen serbest b\u0131rak\u0131lmal\u0131d\u0131r. \u0130ktisat Fak\u00fcltesi \u00f6\u011fretim \u00fcyemiz, E\u011fitim-Sen \u0130stanbul \u00dcniversitesi temsilcisi Dr. Levent D\u00f6lek Hocam\u0131z hemen serbest b\u0131rak\u0131lmal\u0131d\u0131r&#8221; \u00e7a\u011fr\u0131s\u0131 yap\u0131ld\u0131.<br \/>A\u00e7\u0131klamada, \u015funlar kaydedildi:<\/p>\n\n\n\n<p>&#8220;Anayasa 42. Maddesi , &#8216;kimse, e\u011fitim ve \u00f6\u011frenim hakk\u0131ndan yoksun b\u0131rak\u0131lamaz\u2026&#8217; der. Anayasa\u2019n\u0131n 15. Maddesinde temel hak ve \u00f6zg\u00fcrl\u00fcklerin hangi durumlarda k\u0131s\u0131tlanabilece\u011fi s\u0131ralanm\u0131\u015ft\u0131r. &#8216;Sava\u015f&#8217;, &#8216;seferberlik&#8217; veya &#8216;ola\u011fan\u00fcst\u00fc durum&#8217; ko\u015fullar\u0131yla ve uluslararas\u0131 hukuktan do\u011fan y\u00fck\u00fcml\u00fcl\u00fckler g\u00f6zetilerek temel hak ve \u00f6zg\u00fcrl\u00fckler engellenebilir. Sava\u015fta de\u011filiz. Seferberlik yok! Hukuk ara\u00e7salla\u015ft\u0131r\u0131larak, &#8216;ceza ve \u00f6\u00e7&#8217; politikas\u0131 uygulanmaktad\u0131r.<\/p>\n\n\n\n<p>Anayasa 17 &#8216;kimseye i\u015fkence ve eziyet yap\u0131lamaz&#8217; der. Uygulamalar eziyete ve i\u015fkenceye d\u00f6n\u00fc\u015fm\u00fc\u015ft\u00fcr! 300\u2019\u00fcn \u00fczerinde \u00f6\u011frenci tutuklu. Tutuklamay\u0131 bir cezaya d\u00f6n\u00fc\u015ft\u00fcrmek T\u00fcrkiye\u2019nin de alt\u0131nda imzas\u0131 bulunan uluslararas\u0131 s\u00f6zle\u015fmelere, metinlere ve mevcut Anayasa\u2019ya, yasalara ayk\u0131r\u0131d\u0131r. E\u011fitim ve \u00f6\u011fretim temel bir insan hakk\u0131d\u0131r. Devletin bu hakk\u0131n kullan\u0131m\u0131n\u0131 g\u00fcvenceye almas\u0131 kamusal bir zorunluluktur. Bir\u00e7ok \u00fcniversitede s\u0131nav s\u00fcre\u00e7leri ba\u015flad\u0131, ba\u015flayacak. \u00d6\u011frencilerin, \u00f6\u011fretim elemanlar\u0131n\u0131n, \u00fcyelerinin g\u00f6zalt\u0131na al\u0131nmas\u0131, tutuklanmas\u0131 yarg\u0131s\u0131z bir cezaland\u0131rmad\u0131r.&#8221;<\/p>\n\n\n\n<p><strong>&#8221;\u00dcniversite y\u00f6netimine \u00e7a\u011fr\u0131&#8221;<\/strong><\/p>\n\n\n\n<p>&#8220;\u0130stanbul \u00dcniversitesi, bu s\u00fcrecin tam ortas\u0131nda yer almaktad\u0131r. Bir\u00e7ok \u00f6\u011frencimiz, g\u00f6zalt\u0131na al\u0131nm\u0131\u015f, tutuklanm\u0131\u015ft\u0131r. \u00dcniversite y\u00f6netimini, \u00f6\u011fretim elemanlar\u0131n\u0131, \u00fcyelerini \u00f6\u011frencilerine sahip \u00e7\u0131kmaya \u00e7a\u011f\u0131r\u0131yoruz&#8221; ifadelerine yer verilen a\u00e7\u0131klamada \u015funlar kaydedildi:<\/p>\n\n\n\n<p>&#8220;\u0130ktisat Fak\u00fcltesi \u00f6\u011fretim \u00fcyemiz, E\u011fitim-sen i\u015fyeri temsilcimiz Dr. Levent D\u00f6lek haks\u0131z, hukuksuz tutuklanma karar\u0131yla tutsak b\u0131rak\u0131lm\u0131\u015ft\u0131r. S\u0131navlar arifesinde hocam\u0131z\u0131n derhal serbest b\u0131rak\u0131larak, hak etti\u011fi yerde, k\u00fcrs\u00fcde, \u00f6\u011frencileriyle bulu\u015fmas\u0131n\u0131 talep ediyoruz. \u00dcniversiteler \u00f6zg\u00fcr akl\u0131n ve bilimin de\u011ferlerini yar\u0131na ta\u015f\u0131r. Yar\u0131n, bu de\u011ferler i\u00e7in cesaretle aya\u011fa kalkabilenlerin varl\u0131\u011f\u0131yla \u015fekillenir. T\u00fcm \u00fcniversite ve bilim toplulu\u011funu tutuklu \u00f6\u011frencilerine ve \u00f6\u011fretim \u00fcyelerine sahip \u00e7\u0131kmak i\u00e7in aya\u011fa kalkmaya ve ses vermeye \u00e7a\u011f\u0131r\u0131yoruz.&#8221;<\/p>\n","protected":false},"excerpt":{"rendered":"<p>\u0130stanbul \u00dcniversitesi Demokratik \u00dcniversite Giri\u015fimi, \u201cAnayasal haklar\u0131n\u0131 kullanan \u00f6\u011frencilerimizin ve \u00f6\u011fretim \u00fcyemizin g\u00f6zalt\u0131na al\u0131nmas\u0131, tutuklanmas\u0131 bir anayasa ihlalidir. \u0130stanbul \u00dcniversitesi \u0130ktisat Fak\u00fcltesinde ara\u015ft\u0131rma g\u00f6revlisi olan, E\u011fitim Sen \u00dcyesi ve Sendikan\u0131n \u015eube Temsilcisi Levent D\u00f6lek, \u0130stanbul B\u00fcy\u00fck\u015fehir Belediye Ba\u015fkan\u0131 Ekrem \u0130mamo\u011flu\u2019nun tutuklanmas\u0131n\u0131n ard\u0131ndan ba\u015flayan protesto g\u00f6sterilerine kat\u0131ld\u0131\u011f\u0131 gerek\u00e7esiyle tutukland\u0131.\u0130stanbul \u00dcniversitesi Demokratik \u00dcniversite Giri\u015fimi (\u0130\u00dcD\u00dcG), tutuklu bulunan [&hellip;]<\/p>\n","protected":false},"author":12791,"featured_media":157581,"comment_status":"closed","ping_status":"open","sticky":false,"template":"","format":"standard","meta":{"_yoast_wpseo_focuskw":"\u0130\u00dcD\u00dcG: Tutuklu \u00f6\u011frenciler ve Levent D\u00f6lek Serbest B\u0131rak\u0131ls\u0131n","_yoast_wpseo_title":"","_yoast_wpseo_metadesc":"\u0130stanbul \u00dcniversitesi Demokratik \u00dcniversite Giri\u015fimi, \u201cAnayasal haklar\u0131n\u0131 kullanan \u00f6\u011frencilerimizin ve \u00f6\u011fretim \u00fcyemizin g\u00f6zalt\u0131na al\u0131nmas\u0131, tutuklanmas\u0131 bir anayasa ihlalidir.","_bbp_topic_count":0,"_bbp_reply_count":0,"_bbp_total_topic_count":0,"_bbp_total_reply_count":0,"_bbp_voice_count":0,"_bbp_anonymous_reply_count":0,"_bbp_topic_count_hidden":0,"_bbp_reply_count_hidden":0,"_bbp_forum_subforum_count":0,"footnotes":"","_yoast_wpseo_focuskw_text_input":""},"categories":[1,8138,8226,37],"tags":[8554,7783,8553],"yoast_head":"<!-- This site is optimized with the Yoast SEO plugin v23.0 - https:\/\/yoast.com\/wordpress\/plugins\/seo\/ -->\n<title>\u0130\u00dcD\u00dcG: Tutuklu \u00f6\u011frenciler ve Levent D\u00f6lek Serbest B\u0131rak\u0131ls\u0131n - The Epoch Times TR<\/title>\n<meta name=\"description\" content=\"\u0130stanbul \u00dcniversitesi Demokratik \u00dcniversite Giri\u015fimi, \u201cAnayasal haklar\u0131n\u0131 kullanan \u00f6\u011frencilerimizin ve \u00f6\u011fretim \u00fcyemizin g\u00f6zalt\u0131na al\u0131nmas\u0131, tutuklanmas\u0131 bir anayasa ihlalidir.\" \/>\n<meta name=\"robots\" content=\"index, follow, max-snippet:-1, max-image-preview:large, max-video-preview:-1\" \/>\n<link rel=\"canonical\" href=\"https:\/\/epochtimestr.com\/index.php\/iudug-tutuklu-ogrenciler-ve-levent-dolek-serbest-birakilsin\" \/>\n<meta property=\"og:locale\" content=\"tr_TR\" \/>\n<meta property=\"og:type\" content=\"article\" \/>\n<meta property=\"og:title\" content=\"\u0130\u00dcD\u00dcG: Tutuklu \u00f6\u011frenciler ve Levent D\u00f6lek Serbest B\u0131rak\u0131ls\u0131n - The Epoch Times TR\" \/>\n<meta property=\"og:description\" content=\"\u0130stanbul \u00dcniversitesi Demokratik \u00dcniversite Giri\u015fimi, \u201cAnayasal haklar\u0131n\u0131 kullanan \u00f6\u011frencilerimizin ve \u00f6\u011fretim \u00fcyemizin g\u00f6zalt\u0131na al\u0131nmas\u0131, tutuklanmas\u0131 bir anayasa ihlalidir.\" \/>\n<meta property=\"og:url\" content=\"https:\/\/epochtimestr.com\/index.php\/iudug-tutuklu-ogrenciler-ve-levent-dolek-serbest-birakilsin\" \/>\n<meta property=\"og:site_name\" content=\"The Epoch Times TR\" \/>\n<meta property=\"article:publisher\" content=\"https:\/\/www.facebook.com\/theepochtimestr\" \/>\n<meta property=\"article:published_time\" content=\"2025-04-09T21:13:12+00:00\" \/>\n<meta property=\"article:modified_time\" content=\"2025-04-09T21:13:14+00:00\" \/>\n<meta property=\"og:image\" content=\"https:\/\/epochtimestr.com\/wp-content\/uploads\/2011y\/levent-dolek.jpg\" \/>\n\t<meta property=\"og:image:width\" content=\"558\" \/>\n\t<meta property=\"og:image:height\" content=\"338\" \/>\n\t<meta property=\"og:image:type\" content=\"image\/jpeg\" \/>\n<meta name=\"author\" content=\"Haber Merkezi\" \/>\n<meta name=\"twitter:card\" content=\"summary_large_image\" \/>\n<meta name=\"twitter:creator\" content=\"@TheEpochTimesTR\" \/>\n<meta name=\"twitter:site\" content=\"@TheEpochTimesTR\" \/>\n<meta name=\"twitter:label1\" content=\"Yazan:\" \/>\n\t<meta name=\"twitter:data1\" content=\"Haber Merkezi\" \/>\n\t<meta name=\"twitter:label2\" content=\"Tahmini okuma s\u00fcresi\" \/>\n\t<meta name=\"twitter:data2\" content=\"3 dakika\" \/>\n<script type=\"application\/ld+json\" class=\"yoast-schema-graph\">{\"@context\":\"https:\/\/schema.org\",\"@graph\":[{\"@type\":\"Article\",\"@id\":\"https:\/\/epochtimestr.com\/index.php\/iudug-tutuklu-ogrenciler-ve-levent-dolek-serbest-birakilsin#article\",\"isPartOf\":{\"@id\":\"https:\/\/epochtimestr.com\/index.php\/iudug-tutuklu-ogrenciler-ve-levent-dolek-serbest-birakilsin\"},\"author\":{\"name\":\"Haber Merkezi\",\"@id\":\"https:\/\/epochtimestr.com\/#\/schema\/person\/3dc5c3adeb9f43923c5aa85889172fdd\"},\"headline\":\"\u0130\u00dcD\u00dcG: Tutuklu \u00f6\u011frenciler ve Levent D\u00f6lek Serbest B\u0131rak\u0131ls\u0131n\",\"datePublished\":\"2025-04-09T21:13:12+00:00\",\"dateModified\":\"2025-04-09T21:13:14+00:00\",\"mainEntityOfPage\":{\"@id\":\"https:\/\/epochtimestr.com\/index.php\/iudug-tutuklu-ogrenciler-ve-levent-dolek-serbest-birakilsin\"},\"wordCount\":509,\"publisher\":{\"@id\":\"https:\/\/epochtimestr.com\/#organization\"},\"image\":{\"@id\":\"https:\/\/epochtimestr.com\/index.php\/iudug-tutuklu-ogrenciler-ve-levent-dolek-serbest-birakilsin#primaryimage\"},\"thumbnailUrl\":\"https:\/\/epochtimestr.com\/wp-content\/uploads\/2011y\/levent-dolek.jpg\",\"keywords\":[\"e\u011fitim-sen\",\"istanbul \u00fcniversitesi\",\"levent d\u00f6lek\"],\"articleSection\":[\"G\u00dcNDEM\",\"MAN\u015eET\",\"Siyaset\",\"T\u00dcRK\u0130YE\"],\"inLanguage\":\"tr\"},{\"@type\":\"WebPage\",\"@id\":\"https:\/\/epochtimestr.com\/index.php\/iudug-tutuklu-ogrenciler-ve-levent-dolek-serbest-birakilsin\",\"url\":\"https:\/\/epochtimestr.com\/index.php\/iudug-tutuklu-ogrenciler-ve-levent-dolek-serbest-birakilsin\",\"name\":\"\u0130\u00dcD\u00dcG: Tutuklu \u00f6\u011frenciler ve Levent D\u00f6lek Serbest B\u0131rak\u0131ls\u0131n - The Epoch Times TR\",\"isPartOf\":{\"@id\":\"https:\/\/epochtimestr.com\/#website\"},\"primaryImageOfPage\":{\"@id\":\"https:\/\/epochtimestr.com\/index.php\/iudug-tutuklu-ogrenciler-ve-levent-dolek-serbest-birakilsin#primaryimage\"},\"image\":{\"@id\":\"https:\/\/epochtimestr.com\/index.php\/iudug-tutuklu-ogrenciler-ve-levent-dolek-serbest-birakilsin#primaryimage\"},\"thumbnailUrl\":\"https:\/\/epochtimestr.com\/wp-content\/uploads\/2011y\/levent-dolek.jpg\",\"datePublished\":\"2025-04-09T21:13:12+00:00\",\"dateModified\":\"2025-04-09T21:13:14+00:00\",\"description\":\"\u0130stanbul \u00dcniversitesi Demokratik \u00dcniversite Giri\u015fimi, \u201cAnayasal haklar\u0131n\u0131 kullanan \u00f6\u011frencilerimizin ve \u00f6\u011fretim \u00fcyemizin g\u00f6zalt\u0131na al\u0131nmas\u0131, tutuklanmas\u0131 bir anayasa ihlalidir.\",\"inLanguage\":\"tr\",\"potentialAction\":[{\"@type\":\"ReadAction\",\"target\":[\"https:\/\/epochtimestr.com\/index.php\/iudug-tutuklu-ogrenciler-ve-levent-dolek-serbest-birakilsin\"]}]},{\"@type\":\"ImageObject\",\"inLanguage\":\"tr\",\"@id\":\"https:\/\/epochtimestr.com\/index.php\/iudug-tutuklu-ogrenciler-ve-levent-dolek-serbest-birakilsin#primaryimage\",\"url\":\"https:\/\/epochtimestr.com\/wp-content\/uploads\/2011y\/levent-dolek.jpg\",\"contentUrl\":\"https:\/\/epochtimestr.com\/wp-content\/uploads\/2011y\/levent-dolek.jpg\",\"width\":558,\"height\":338},{\"@type\":\"WebSite\",\"@id\":\"https:\/\/epochtimestr.com\/#website\",\"url\":\"https:\/\/epochtimestr.com\/\",\"name\":\"The Epoch Times TR\",\"description\":\"De\u011fi\u015fen D\u00fcnyam\u0131za Taze Bir Bak\u0131\u015f\",\"publisher\":{\"@id\":\"https:\/\/epochtimestr.com\/#organization\"},\"potentialAction\":[{\"@type\":\"SearchAction\",\"target\":{\"@type\":\"EntryPoint\",\"urlTemplate\":\"https:\/\/epochtimestr.com\/?s={search_term_string}\"},\"query-input\":\"required name=search_term_string\"}],\"inLanguage\":\"tr\"},{\"@type\":\"Organization\",\"@id\":\"https:\/\/epochtimestr.com\/#organization\",\"name\":\"The EpochTimes T\u00fcrkiye\",\"url\":\"https:\/\/epochtimestr.com\/\",\"logo\":{\"@type\":\"ImageObject\",\"inLanguage\":\"tr\",\"@id\":\"https:\/\/epochtimestr.com\/#\/schema\/logo\/image\/\",\"url\":\"https:\/\/epochtimestr.com\/wp-content\/uploads\/2011y\/ET-Logo-YG.jpg\",\"contentUrl\":\"https:\/\/epochtimestr.com\/wp-content\/uploads\/2011y\/ET-Logo-YG.jpg\",\"width\":346,\"height\":29,\"caption\":\"The EpochTimes T\u00fcrkiye\"},\"image\":{\"@id\":\"https:\/\/epochtimestr.com\/#\/schema\/logo\/image\/\"},\"sameAs\":[\"https:\/\/www.facebook.com\/theepochtimestr\",\"https:\/\/x.com\/TheEpochTimesTR\",\"https:\/\/www.instagram.com\/epochtimestr\"]},{\"@type\":\"Person\",\"@id\":\"https:\/\/epochtimestr.com\/#\/schema\/person\/3dc5c3adeb9f43923c5aa85889172fdd\",\"name\":\"Haber Merkezi\",\"image\":{\"@type\":\"ImageObject\",\"inLanguage\":\"tr\",\"@id\":\"https:\/\/epochtimestr.com\/#\/schema\/person\/image\/\",\"url\":\"https:\/\/secure.gravatar.com\/avatar\/d73f772ba5a74f28601361e17c2f93e6?s=96&d=mm&r=g\",\"contentUrl\":\"https:\/\/secure.gravatar.com\/avatar\/d73f772ba5a74f28601361e17c2f93e6?s=96&d=mm&r=g\",\"caption\":\"Haber Merkezi\"},\"url\":\"https:\/\/epochtimestr.com\/index.php\/author\/sendag\"}]}<\/script>\n<!-- \/ Yoast SEO plugin. -->","yoast_head_json":{"title":"\u0130\u00dcD\u00dcG: Tutuklu \u00f6\u011frenciler ve Levent D\u00f6lek Serbest B\u0131rak\u0131ls\u0131n - The Epoch Times TR","description":"\u0130stanbul \u00dcniversitesi Demokratik \u00dcniversite Giri\u015fimi, \u201cAnayasal haklar\u0131n\u0131 kullanan \u00f6\u011frencilerimizin ve \u00f6\u011fretim \u00fcyemizin g\u00f6zalt\u0131na al\u0131nmas\u0131, tutuklanmas\u0131 bir anayasa ihlalidir.","robots":{"index":"index","follow":"follow","max-snippet":"max-snippet:-1","max-image-preview":"max-image-preview:large","max-video-preview":"max-video-preview:-1"},"canonical":"https:\/\/epochtimestr.com\/index.php\/iudug-tutuklu-ogrenciler-ve-levent-dolek-serbest-birakilsin","og_locale":"tr_TR","og_type":"article","og_title":"\u0130\u00dcD\u00dcG: Tutuklu \u00f6\u011frenciler ve Levent D\u00f6lek Serbest B\u0131rak\u0131ls\u0131n - The Epoch Times TR","og_description":"\u0130stanbul \u00dcniversitesi Demokratik \u00dcniversite Giri\u015fimi, \u201cAnayasal haklar\u0131n\u0131 kullanan \u00f6\u011frencilerimizin ve \u00f6\u011fretim \u00fcyemizin g\u00f6zalt\u0131na al\u0131nmas\u0131, tutuklanmas\u0131 bir anayasa ihlalidir.","og_url":"https:\/\/epochtimestr.com\/index.php\/iudug-tutuklu-ogrenciler-ve-levent-dolek-serbest-birakilsin","og_site_name":"The Epoch Times TR","article_publisher":"https:\/\/www.facebook.com\/theepochtimestr","article_published_time":"2025-04-09T21:13:12+00:00","article_modified_time":"2025-04-09T21:13:14+00:00","og_image":[{"width":558,"height":338,"url":"https:\/\/epochtimestr.com\/wp-content\/uploads\/2011y\/levent-dolek.jpg","type":"image\/jpeg"}],"author":"Haber Merkezi","twitter_card":"summary_large_image","twitter_creator":"@TheEpochTimesTR","twitter_site":"@TheEpochTimesTR","twitter_misc":{"Yazan:":"Haber Merkezi","Tahmini okuma s\u00fcresi":"3 dakika"},"schema":{"@context":"https:\/\/schema.org","@graph":[{"@type":"Article","@id":"https:\/\/epochtimestr.com\/index.php\/iudug-tutuklu-ogrenciler-ve-levent-dolek-serbest-birakilsin#article","isPartOf":{"@id":"https:\/\/epochtimestr.com\/index.php\/iudug-tutuklu-ogrenciler-ve-levent-dolek-serbest-birakilsin"},"author":{"name":"Haber Merkezi","@id":"https:\/\/epochtimestr.com\/#\/schema\/person\/3dc5c3adeb9f43923c5aa85889172fdd"},"headline":"\u0130\u00dcD\u00dcG: Tutuklu \u00f6\u011frenciler ve Levent D\u00f6lek Serbest B\u0131rak\u0131ls\u0131n","datePublished":"2025-04-09T21:13:12+00:00","dateModified":"2025-04-09T21:13:14+00:00","mainEntityOfPage":{"@id":"https:\/\/epochtimestr.com\/index.php\/iudug-tutuklu-ogrenciler-ve-levent-dolek-serbest-birakilsin"},"wordCount":509,"publisher":{"@id":"https:\/\/epochtimestr.com\/#organization"},"image":{"@id":"https:\/\/epochtimestr.com\/index.php\/iudug-tutuklu-ogrenciler-ve-levent-dolek-serbest-birakilsin#primaryimage"},"thumbnailUrl":"https:\/\/epochtimestr.com\/wp-content\/uploads\/2011y\/levent-dolek.jpg","keywords":["e\u011fitim-sen","istanbul \u00fcniversitesi","levent d\u00f6lek"],"articleSection":["G\u00dcNDEM","MAN\u015eET","Siyaset","T\u00dcRK\u0130YE"],"inLanguage":"tr"},{"@type":"WebPage","@id":"https:\/\/epochtimestr.com\/index.php\/iudug-tutuklu-ogrenciler-ve-levent-dolek-serbest-birakilsin","url":"https:\/\/epochtimestr.com\/index.php\/iudug-tutuklu-ogrenciler-ve-levent-dolek-serbest-birakilsin","name":"\u0130\u00dcD\u00dcG: Tutuklu \u00f6\u011frenciler ve Levent D\u00f6lek Serbest B\u0131rak\u0131ls\u0131n - The Epoch Times TR","isPartOf":{"@id":"https:\/\/epochtimestr.com\/#website"},"primaryImageOfPage":{"@id":"https:\/\/epochtimestr.com\/index.php\/iudug-tutuklu-ogrenciler-ve-levent-dolek-serbest-birakilsin#primaryimage"},"image":{"@id":"https:\/\/epochtimestr.com\/index.php\/iudug-tutuklu-ogrenciler-ve-levent-dolek-serbest-birakilsin#primaryimage"},"thumbnailUrl":"https:\/\/epochtimestr.com\/wp-content\/uploads\/2011y\/levent-dolek.jpg","datePublished":"2025-04-09T21:13:12+00:00","dateModified":"2025-04-09T21:13:14+00:00","description":"\u0130stanbul \u00dcniversitesi Demokratik \u00dcniversite Giri\u015fimi, \u201cAnayasal haklar\u0131n\u0131 kullanan \u00f6\u011frencilerimizin ve \u00f6\u011fretim \u00fcyemizin g\u00f6zalt\u0131na al\u0131nmas\u0131, tutuklanmas\u0131 bir anayasa ihlalidir.","inLanguage":"tr","potentialAction":[{"@type":"ReadAction","target":["https:\/\/epochtimestr.com\/index.php\/iudug-tutuklu-ogrenciler-ve-levent-dolek-serbest-birakilsin"]}]},{"@type":"ImageObject","inLanguage":"tr","@id":"https:\/\/epochtimestr.com\/index.php\/iudug-tutuklu-ogrenciler-ve-levent-dolek-serbest-birakilsin#primaryimage","url":"https:\/\/epochtimestr.com\/wp-content\/uploads\/2011y\/levent-dolek.jpg","contentUrl":"https:\/\/epochtimestr.com\/wp-content\/uploads\/2011y\/levent-dolek.jpg","width":558,"height":338},{"@type":"WebSite","@id":"https:\/\/epochtimestr.com\/#website","url":"https:\/\/epochtimestr.com\/","name":"The Epoch Times TR","description":"De\u011fi\u015fen D\u00fcnyam\u0131za Taze Bir Bak\u0131\u015f","publisher":{"@id":"https:\/\/epochtimestr.com\/#organization"},"potentialAction":[{"@type":"SearchAction","target":{"@type":"EntryPoint","urlTemplate":"https:\/\/epochtimestr.com\/?s={search_term_string}"},"query-input":"required name=search_term_string"}],"inLanguage":"tr"},{"@type":"Organization","@id":"https:\/\/epochtimestr.com\/#organization","name":"The EpochTimes T\u00fcrkiye","url":"https:\/\/epochtimestr.com\/","logo":{"@type":"ImageObject","inLanguage":"tr","@id":"https:\/\/epochtimestr.com\/#\/schema\/logo\/image\/","url":"https:\/\/epochtimestr.com\/wp-content\/uploads\/2011y\/ET-Logo-YG.jpg","contentUrl":"https:\/\/epochtimestr.com\/wp-content\/uploads\/2011y\/ET-Logo-YG.jpg","width":346,"height":29,"caption":"The EpochTimes T\u00fcrkiye"},"image":{"@id":"https:\/\/epochtimestr.com\/#\/schema\/logo\/image\/"},"sameAs":["https:\/\/www.facebook.com\/theepochtimestr","https:\/\/x.com\/TheEpochTimesTR","https:\/\/www.instagram.com\/epochtimestr"]},{"@type":"Person","@id":"https:\/\/epochtimestr.com\/#\/schema\/person\/3dc5c3adeb9f43923c5aa85889172fdd","name":"Haber Merkezi","image":{"@type":"ImageObject","inLanguage":"tr","@id":"https:\/\/epochtimestr.com\/#\/schema\/person\/image\/","url":"https:\/\/secure.gravatar.com\/avatar\/d73f772ba5a74f28601361e17c2f93e6?s=96&d=mm&r=g","contentUrl":"https:\/\/secure.gravatar.com\/avatar\/d73f772ba5a74f28601361e17c2f93e6?s=96&d=mm&r=g","caption":"Haber Merkezi"},"url":"https:\/\/epochtimestr.com\/index.php\/author\/sendag"}]}},"_links":{"self":[{"href":"https:\/\/epochtimestr.com\/index.php\/wp-json\/wp\/v2\/posts\/157580"}],"collection":[{"href":"https:\/\/epochtimestr.com\/index.php\/wp-json\/wp\/v2\/posts"}],"about":[{"href":"https:\/\/epochtimestr.com\/index.php\/wp-json\/wp\/v2\/types\/post"}],"author":[{"embeddable":true,"href":"https:\/\/epochtimestr.com\/index.php\/wp-json\/wp\/v2\/users\/12791"}],"replies":[{"embeddable":true,"href":"https:\/\/epochtimestr.com\/index.php\/wp-json\/wp\/v2\/comments?post=157580"}],"version-history":[{"count":1,"href":"https:\/\/epochtimestr.com\/index.php\/wp-json\/wp\/v2\/posts\/157580\/revisions"}],"predecessor-version":[{"id":157582,"href":"https:\/\/epochtimestr.com\/index.php\/wp-json\/wp\/v2\/posts\/157580\/revisions\/157582"}],"wp:featuredmedia":[{"embeddable":true,"href":"https:\/\/epochtimestr.com\/index.php\/wp-json\/wp\/v2\/media\/157581"}],"wp:attachment":[{"href":"https:\/\/epochtimestr.com\/index.php\/wp-json\/wp\/v2\/media?parent=157580"}],"wp:term":[{"taxonomy":"category","embeddable":true,"href":"https:\/\/epochtimestr.com\/index.php\/wp-json\/wp\/v2\/categories?post=157580"},{"taxonomy":"post_tag","embeddable":true,"href":"https:\/\/epochtimestr.com\/index.php\/wp-json\/wp\/v2\/tags?post=157580"}],"curies":[{"name":"wp","href":"https:\/\/api.w.org\/{rel}","templated":true}]}}