{"id":157606,"date":"2025-04-11T00:13:38","date_gmt":"2025-04-10T21:13:38","guid":{"rendered":"https:\/\/epochtimestr.com\/?p=157606"},"modified":"2025-04-11T00:16:35","modified_gmt":"2025-04-10T21:16:35","slug":"berkay-gezginin-de-aralarinda-oldugu-102-genc-tahliye-edildi","status":"publish","type":"post","link":"https:\/\/epochtimestr.com\/index.php\/berkay-gezginin-de-aralarinda-oldugu-102-genc-tahliye-edildi","title":{"rendered":"Berkay Gezgin\u2019in de Aralar\u0131nda Oldu\u011fu 102 Gen\u00e7 Tahliye Edildi"},"content":{"rendered":"<div class=\"wp-block-image\">\n<figure class=\"aligncenter size-full\"><img loading=\"lazy\" decoding=\"async\" width=\"1280\" height=\"720\" src=\"https:\/\/epochtimestr.com\/wp-content\/uploads\/2011y\/sarachane.webp\" alt=\"\" class=\"wp-image-157607\" srcset=\"https:\/\/epochtimestr.com\/wp-content\/uploads\/2011y\/sarachane.webp 1280w, https:\/\/epochtimestr.com\/wp-content\/uploads\/2011y\/sarachane-300x169.webp 300w, https:\/\/epochtimestr.com\/wp-content\/uploads\/2011y\/sarachane-150x84.webp 150w, https:\/\/epochtimestr.com\/wp-content\/uploads\/2011y\/sarachane-768x432.webp 768w\" sizes=\"(max-width: 1280px) 100vw, 1280px\" \/><figcaption class=\"wp-element-caption\">Berkay Gezgin\u2019in de Aralar\u0131nda Oldu\u011fu 102 Gen\u00e7 Tahliye Edildi<\/figcaption><\/figure><\/div>\n\n\n<h2 class=\"wp-block-heading\">\u0130stanbul B\u00fcy\u00fck\u015fehir Belediyesi (\u0130BB) odakl\u0131 soru\u015fturmalar\u0131 protesto eylemlerinde g\u00f6zalt\u0131na al\u0131nan gen\u00e7lerden 102\u2019si i\u00e7in daha tahliye karar\u0131 verildi. Tahliye edilenler aras\u0131nda Berkay Gezgin de var.<\/h2>\n\n\n\n<p>\u0130BB Ba\u015fkan\u0131 ve Cumhurba\u015fkan\u0131 aday\u0131 <a href=\"https:\/\/epochtimestr.com\/index.php\/ekrem-imamoglunun-avukati-mehmet-pehlivan-adli-kontrol-sartiyla-serbest-birakildi\">Ekrem \u0130mamo\u011flu<\/a>&#8216;na y\u00f6nelik operasyonun ard\u0131ndan sokak protestolar\u0131 ba\u015flad\u0131. \u00dcniversite \u00f6\u011frencilerinin ba\u015flatt\u0131\u011f\u0131 protestolara binler kat\u0131ld\u0131. Her kesimden yurtta\u015f, <a href=\"https:\/\/epochtimestr.com\/index.php\/tmmob-bu-asgari-ucretle-yasanmaz-aclik-ve-sefalet-duzenini-kabul-etmiyoruz\">Anayasal haklar<\/a>\u0131n\u0131 kullan\u0131p AKP iktidar\u0131n\u0131 protesto etti.<br \/>\u0130mamo\u011flu protestolar\u0131nda 102 gen\u00e7 tahliye edildi. Tahliye edilenlerin aras\u0131nda Ekrem \u0130mamo\u011flu&#8217;nun &#8220;Her \u015fey g\u00fczel olacak&#8221; slogan\u0131n\u0131n mimar\u0131 <a href=\"https:\/\/epochtimestr.com\/index.php\/chp-grup-baskanvekili-ali-mahir-basarirdan-gundeme-iliskin-aciklama\">Berkay Gezgin<\/a> de yer ald\u0131.<br \/>CHP Genel Ba\u015fkan\u0131 \u00d6zg\u00fcr \u00d6zel&#8217;in anahtar listesinde; Ola\u011fan\u00fcst\u00fc Kurultay&#8217;da Berkay Gezgin Parti Meclisi (PM) \u00fcyesi oldu. Gezgin, delegelerin oyunu alarak 15. s\u0131radan 62 ki\u015filik PM&#8217;ye girdi.<br \/>\u0130stanbul ba\u015fsavc\u0131l\u0131\u011f\u0131, 8 Nisan\u2019da \u0130stanbul\u2019daki eylemlerle ilgili toplam ayr\u0131 20 soru\u015fturma y\u00fcr\u00fct\u00fcld\u00fc\u011f\u00fcn\u00fc, 829 ki\u015fiden 819\u2019una kamu davas\u0131 a\u00e7\u0131ld\u0131\u011f\u0131n\u0131 duyurmu\u015ftu. Ba\u015fsavc\u0131l\u0131k a\u00e7\u0131klamas\u0131na g\u00f6re 278\u2019i tutukluydu.<br \/>CHP Genel Ba\u015fkan\u0131 \u00d6zg\u00fcr \u00d6zel ise d\u00fcn tutuklu say\u0131s\u0131n\u0131 270 olarak vermi\u015fti. Y\u00fczlerce gen\u00e7, g\u00f6zalt\u0131na al\u0131nd\u0131ktan sonra tutukland\u0131. Gen\u00e7lerin, cezaevinde de k\u00f6t\u00fc muamele g\u00f6rd\u00fc\u011f\u00fc iddia edildi.<\/p>\n\n\n\n<p><\/p>\n\n\n<div class=\"wp-block-image\">\n<figure class=\"aligncenter size-full\"><img loading=\"lazy\" decoding=\"async\" width=\"1280\" height=\"720\" src=\"https:\/\/epochtimestr.com\/wp-content\/uploads\/2011y\/berkay-gezgin.webp\" alt=\"\" class=\"wp-image-157608\" srcset=\"https:\/\/epochtimestr.com\/wp-content\/uploads\/2011y\/berkay-gezgin.webp 1280w, https:\/\/epochtimestr.com\/wp-content\/uploads\/2011y\/berkay-gezgin-300x169.webp 300w, https:\/\/epochtimestr.com\/wp-content\/uploads\/2011y\/berkay-gezgin-150x84.webp 150w, https:\/\/epochtimestr.com\/wp-content\/uploads\/2011y\/berkay-gezgin-768x432.webp 768w\" sizes=\"(max-width: 1280px) 100vw, 1280px\" \/><\/figure><\/div>\n\n\n<p>Tahliye karar\u0131n\u0131 Berkay Gezgin&#8217;in avukat\u0131 Deniz Baykal duyururken, 139 ki\u015finin oldu\u011fu dava dosyas\u0131nda 25 ki\u015finin de ev hapsinin kald\u0131r\u0131ld\u0131\u011f\u0131 \u00f6\u011frenildi.<br \/>Tahliyesinin ard\u0131ndan Marmara Cezaevi \u00f6n\u00fcnde konu\u015fan Berkay Gezgin, &#8220;M\u00fccadeleyi siz de biz i\u00e7erdeyken d\u0131\u015farda s\u00fcrd\u00fcrd\u00fc\u011f\u00fcn\u00fcz i\u00e7in \u00e7ok te\u015fekk\u00fcr ederiz&#8221; dedi.<br \/>Gezgin, &#8220;Unutmay\u0131n ki milletin iradesinin \u00f6n\u00fcne kimse ge\u00e7emez. Siz m\u00fccadelenizi verdi\u011finiz i\u00e7in biz \u015fu anda buraday\u0131z. \u00c7ok sa\u011f olun. Ekrem Ba\u015fkan&#8217;\u0131 da \u00e7\u0131karaca\u011f\u0131z en k\u0131sa s\u00fcrede. Her \u015fey \u00e7ok g\u00fczel olacak&#8221; \u015feklinde konu\u015ftu.<\/p>\n","protected":false},"excerpt":{"rendered":"<p>\u0130stanbul B\u00fcy\u00fck\u015fehir Belediyesi (\u0130BB) odakl\u0131 soru\u015fturmalar\u0131 protesto eylemlerinde g\u00f6zalt\u0131na al\u0131nan gen\u00e7lerden 102\u2019si i\u00e7in daha tahliye karar\u0131 verildi. Tahliye edilenler aras\u0131nda Berkay Gezgin de var. \u0130BB Ba\u015fkan\u0131 ve Cumhurba\u015fkan\u0131 aday\u0131 Ekrem \u0130mamo\u011flu&#8216;na y\u00f6nelik operasyonun ard\u0131ndan sokak protestolar\u0131 ba\u015flad\u0131. \u00dcniversite \u00f6\u011frencilerinin ba\u015flatt\u0131\u011f\u0131 protestolara binler kat\u0131ld\u0131. Her kesimden yurtta\u015f, Anayasal haklar\u0131n\u0131 kullan\u0131p AKP iktidar\u0131n\u0131 protesto etti.\u0130mamo\u011flu protestolar\u0131nda 102 [&hellip;]<\/p>\n","protected":false},"author":12791,"featured_media":157607,"comment_status":"closed","ping_status":"open","sticky":false,"template":"","format":"standard","meta":{"_yoast_wpseo_focuskw":"Berkay Gezgin\u2019in de Aralar\u0131nda Oldu\u011fu 102 Gen\u00e7 Tahliye Edildi","_yoast_wpseo_title":"","_yoast_wpseo_metadesc":"\u0130stanbul B\u00fcy\u00fck\u015fehir Belediyesi (\u0130BB) odakl\u0131 soru\u015fturmalar\u0131 protesto eylemlerinde g\u00f6zalt\u0131na al\u0131nan gen\u00e7lerden 102\u2019si i\u00e7in daha tahliye karar\u0131 verildi. Tahliye edilenler aras\u0131nda Berkay Gezgin de var.","_bbp_topic_count":0,"_bbp_reply_count":0,"_bbp_total_topic_count":0,"_bbp_total_reply_count":0,"_bbp_voice_count":0,"_bbp_anonymous_reply_count":0,"_bbp_topic_count_hidden":0,"_bbp_reply_count_hidden":0,"_bbp_forum_subforum_count":0,"footnotes":"","_yoast_wpseo_focuskw_text_input":""},"categories":[1,8138,8226,37],"tags":[],"yoast_head":"<!-- This site is optimized with the Yoast SEO plugin v23.0 - https:\/\/yoast.com\/wordpress\/plugins\/seo\/ -->\n<title>Berkay Gezgin\u2019in de Aralar\u0131nda Oldu\u011fu 102 Gen\u00e7 Tahliye Edildi - The Epoch Times TR<\/title>\n<meta name=\"description\" content=\"\u0130stanbul B\u00fcy\u00fck\u015fehir Belediyesi (\u0130BB) odakl\u0131 soru\u015fturmalar\u0131 protesto eylemlerinde g\u00f6zalt\u0131na al\u0131nan gen\u00e7lerden 102\u2019si i\u00e7in daha tahliye karar\u0131 verildi. Tahliye edilenler aras\u0131nda Berkay Gezgin de var.\" \/>\n<meta name=\"robots\" content=\"index, follow, max-snippet:-1, max-image-preview:large, max-video-preview:-1\" \/>\n<link rel=\"canonical\" href=\"https:\/\/epochtimestr.com\/index.php\/berkay-gezginin-de-aralarinda-oldugu-102-genc-tahliye-edildi\" \/>\n<meta property=\"og:locale\" content=\"tr_TR\" \/>\n<meta property=\"og:type\" content=\"article\" \/>\n<meta property=\"og:title\" content=\"Berkay Gezgin\u2019in de Aralar\u0131nda Oldu\u011fu 102 Gen\u00e7 Tahliye Edildi - The Epoch Times TR\" \/>\n<meta property=\"og:description\" content=\"\u0130stanbul B\u00fcy\u00fck\u015fehir Belediyesi (\u0130BB) odakl\u0131 soru\u015fturmalar\u0131 protesto eylemlerinde g\u00f6zalt\u0131na al\u0131nan gen\u00e7lerden 102\u2019si i\u00e7in daha tahliye karar\u0131 verildi. Tahliye edilenler aras\u0131nda Berkay Gezgin de var.\" \/>\n<meta property=\"og:url\" content=\"https:\/\/epochtimestr.com\/index.php\/berkay-gezginin-de-aralarinda-oldugu-102-genc-tahliye-edildi\" \/>\n<meta property=\"og:site_name\" content=\"The Epoch Times TR\" \/>\n<meta property=\"article:publisher\" content=\"https:\/\/www.facebook.com\/theepochtimestr\" \/>\n<meta property=\"article:published_time\" content=\"2025-04-10T21:13:38+00:00\" \/>\n<meta property=\"article:modified_time\" content=\"2025-04-10T21:16:35+00:00\" \/>\n<meta property=\"og:image\" content=\"https:\/\/epochtimestr.com\/wp-content\/uploads\/2011y\/sarachane.webp\" \/>\n\t<meta property=\"og:image:width\" content=\"1280\" \/>\n\t<meta property=\"og:image:height\" content=\"720\" \/>\n\t<meta property=\"og:image:type\" content=\"image\/webp\" \/>\n<meta name=\"author\" content=\"Haber Merkezi\" \/>\n<meta name=\"twitter:card\" content=\"summary_large_image\" \/>\n<meta name=\"twitter:creator\" content=\"@TheEpochTimesTR\" \/>\n<meta name=\"twitter:site\" content=\"@TheEpochTimesTR\" \/>\n<meta name=\"twitter:label1\" content=\"Yazan:\" \/>\n\t<meta name=\"twitter:data1\" content=\"Haber Merkezi\" \/>\n\t<meta name=\"twitter:label2\" content=\"Tahmini okuma s\u00fcresi\" \/>\n\t<meta name=\"twitter:data2\" content=\"3 dakika\" \/>\n<script type=\"application\/ld+json\" class=\"yoast-schema-graph\">{\"@context\":\"https:\/\/schema.org\",\"@graph\":[{\"@type\":\"Article\",\"@id\":\"https:\/\/epochtimestr.com\/index.php\/berkay-gezginin-de-aralarinda-oldugu-102-genc-tahliye-edildi#article\",\"isPartOf\":{\"@id\":\"https:\/\/epochtimestr.com\/index.php\/berkay-gezginin-de-aralarinda-oldugu-102-genc-tahliye-edildi\"},\"author\":{\"name\":\"Haber Merkezi\",\"@id\":\"https:\/\/epochtimestr.com\/#\/schema\/person\/3dc5c3adeb9f43923c5aa85889172fdd\"},\"headline\":\"Berkay Gezgin\u2019in de Aralar\u0131nda Oldu\u011fu 102 Gen\u00e7 Tahliye Edildi\",\"datePublished\":\"2025-04-10T21:13:38+00:00\",\"dateModified\":\"2025-04-10T21:16:35+00:00\",\"mainEntityOfPage\":{\"@id\":\"https:\/\/epochtimestr.com\/index.php\/berkay-gezginin-de-aralarinda-oldugu-102-genc-tahliye-edildi\"},\"wordCount\":337,\"publisher\":{\"@id\":\"https:\/\/epochtimestr.com\/#organization\"},\"image\":{\"@id\":\"https:\/\/epochtimestr.com\/index.php\/berkay-gezginin-de-aralarinda-oldugu-102-genc-tahliye-edildi#primaryimage\"},\"thumbnailUrl\":\"https:\/\/epochtimestr.com\/wp-content\/uploads\/2011y\/sarachane.webp\",\"articleSection\":[\"G\u00dcNDEM\",\"MAN\u015eET\",\"Siyaset\",\"T\u00dcRK\u0130YE\"],\"inLanguage\":\"tr\"},{\"@type\":\"WebPage\",\"@id\":\"https:\/\/epochtimestr.com\/index.php\/berkay-gezginin-de-aralarinda-oldugu-102-genc-tahliye-edildi\",\"url\":\"https:\/\/epochtimestr.com\/index.php\/berkay-gezginin-de-aralarinda-oldugu-102-genc-tahliye-edildi\",\"name\":\"Berkay Gezgin\u2019in de Aralar\u0131nda Oldu\u011fu 102 Gen\u00e7 Tahliye Edildi - The Epoch Times TR\",\"isPartOf\":{\"@id\":\"https:\/\/epochtimestr.com\/#website\"},\"primaryImageOfPage\":{\"@id\":\"https:\/\/epochtimestr.com\/index.php\/berkay-gezginin-de-aralarinda-oldugu-102-genc-tahliye-edildi#primaryimage\"},\"image\":{\"@id\":\"https:\/\/epochtimestr.com\/index.php\/berkay-gezginin-de-aralarinda-oldugu-102-genc-tahliye-edildi#primaryimage\"},\"thumbnailUrl\":\"https:\/\/epochtimestr.com\/wp-content\/uploads\/2011y\/sarachane.webp\",\"datePublished\":\"2025-04-10T21:13:38+00:00\",\"dateModified\":\"2025-04-10T21:16:35+00:00\",\"description\":\"\u0130stanbul B\u00fcy\u00fck\u015fehir Belediyesi (\u0130BB) odakl\u0131 soru\u015fturmalar\u0131 protesto eylemlerinde g\u00f6zalt\u0131na al\u0131nan gen\u00e7lerden 102\u2019si i\u00e7in daha tahliye karar\u0131 verildi. Tahliye edilenler aras\u0131nda Berkay Gezgin de var.\",\"inLanguage\":\"tr\",\"potentialAction\":[{\"@type\":\"ReadAction\",\"target\":[\"https:\/\/epochtimestr.com\/index.php\/berkay-gezginin-de-aralarinda-oldugu-102-genc-tahliye-edildi\"]}]},{\"@type\":\"ImageObject\",\"inLanguage\":\"tr\",\"@id\":\"https:\/\/epochtimestr.com\/index.php\/berkay-gezginin-de-aralarinda-oldugu-102-genc-tahliye-edildi#primaryimage\",\"url\":\"https:\/\/epochtimestr.com\/wp-content\/uploads\/2011y\/sarachane.webp\",\"contentUrl\":\"https:\/\/epochtimestr.com\/wp-content\/uploads\/2011y\/sarachane.webp\",\"width\":1280,\"height\":720},{\"@type\":\"WebSite\",\"@id\":\"https:\/\/epochtimestr.com\/#website\",\"url\":\"https:\/\/epochtimestr.com\/\",\"name\":\"The Epoch Times TR\",\"description\":\"De\u011fi\u015fen D\u00fcnyam\u0131za Taze Bir Bak\u0131\u015f\",\"publisher\":{\"@id\":\"https:\/\/epochtimestr.com\/#organization\"},\"potentialAction\":[{\"@type\":\"SearchAction\",\"target\":{\"@type\":\"EntryPoint\",\"urlTemplate\":\"https:\/\/epochtimestr.com\/?s={search_term_string}\"},\"query-input\":\"required name=search_term_string\"}],\"inLanguage\":\"tr\"},{\"@type\":\"Organization\",\"@id\":\"https:\/\/epochtimestr.com\/#organization\",\"name\":\"The EpochTimes T\u00fcrkiye\",\"url\":\"https:\/\/epochtimestr.com\/\",\"logo\":{\"@type\":\"ImageObject\",\"inLanguage\":\"tr\",\"@id\":\"https:\/\/epochtimestr.com\/#\/schema\/logo\/image\/\",\"url\":\"https:\/\/epochtimestr.com\/wp-content\/uploads\/2011y\/ET-Logo-YG.jpg\",\"contentUrl\":\"https:\/\/epochtimestr.com\/wp-content\/uploads\/2011y\/ET-Logo-YG.jpg\",\"width\":346,\"height\":29,\"caption\":\"The EpochTimes T\u00fcrkiye\"},\"image\":{\"@id\":\"https:\/\/epochtimestr.com\/#\/schema\/logo\/image\/\"},\"sameAs\":[\"https:\/\/www.facebook.com\/theepochtimestr\",\"https:\/\/x.com\/TheEpochTimesTR\",\"https:\/\/www.instagram.com\/epochtimestr\"]},{\"@type\":\"Person\",\"@id\":\"https:\/\/epochtimestr.com\/#\/schema\/person\/3dc5c3adeb9f43923c5aa85889172fdd\",\"name\":\"Haber Merkezi\",\"image\":{\"@type\":\"ImageObject\",\"inLanguage\":\"tr\",\"@id\":\"https:\/\/epochtimestr.com\/#\/schema\/person\/image\/\",\"url\":\"https:\/\/secure.gravatar.com\/avatar\/d73f772ba5a74f28601361e17c2f93e6?s=96&d=mm&r=g\",\"contentUrl\":\"https:\/\/secure.gravatar.com\/avatar\/d73f772ba5a74f28601361e17c2f93e6?s=96&d=mm&r=g\",\"caption\":\"Haber Merkezi\"},\"url\":\"https:\/\/epochtimestr.com\/index.php\/author\/sendag\"}]}<\/script>\n<!-- \/ Yoast SEO plugin. -->","yoast_head_json":{"title":"Berkay Gezgin\u2019in de Aralar\u0131nda Oldu\u011fu 102 Gen\u00e7 Tahliye Edildi - The Epoch Times TR","description":"\u0130stanbul B\u00fcy\u00fck\u015fehir Belediyesi (\u0130BB) odakl\u0131 soru\u015fturmalar\u0131 protesto eylemlerinde g\u00f6zalt\u0131na al\u0131nan gen\u00e7lerden 102\u2019si i\u00e7in daha tahliye karar\u0131 verildi. Tahliye edilenler aras\u0131nda Berkay Gezgin de var.","robots":{"index":"index","follow":"follow","max-snippet":"max-snippet:-1","max-image-preview":"max-image-preview:large","max-video-preview":"max-video-preview:-1"},"canonical":"https:\/\/epochtimestr.com\/index.php\/berkay-gezginin-de-aralarinda-oldugu-102-genc-tahliye-edildi","og_locale":"tr_TR","og_type":"article","og_title":"Berkay Gezgin\u2019in de Aralar\u0131nda Oldu\u011fu 102 Gen\u00e7 Tahliye Edildi - The Epoch Times TR","og_description":"\u0130stanbul B\u00fcy\u00fck\u015fehir Belediyesi (\u0130BB) odakl\u0131 soru\u015fturmalar\u0131 protesto eylemlerinde g\u00f6zalt\u0131na al\u0131nan gen\u00e7lerden 102\u2019si i\u00e7in daha tahliye karar\u0131 verildi. Tahliye edilenler aras\u0131nda Berkay Gezgin de var.","og_url":"https:\/\/epochtimestr.com\/index.php\/berkay-gezginin-de-aralarinda-oldugu-102-genc-tahliye-edildi","og_site_name":"The Epoch Times TR","article_publisher":"https:\/\/www.facebook.com\/theepochtimestr","article_published_time":"2025-04-10T21:13:38+00:00","article_modified_time":"2025-04-10T21:16:35+00:00","og_image":[{"width":1280,"height":720,"url":"https:\/\/epochtimestr.com\/wp-content\/uploads\/2011y\/sarachane.webp","type":"image\/webp"}],"author":"Haber Merkezi","twitter_card":"summary_large_image","twitter_creator":"@TheEpochTimesTR","twitter_site":"@TheEpochTimesTR","twitter_misc":{"Yazan:":"Haber Merkezi","Tahmini okuma s\u00fcresi":"3 dakika"},"schema":{"@context":"https:\/\/schema.org","@graph":[{"@type":"Article","@id":"https:\/\/epochtimestr.com\/index.php\/berkay-gezginin-de-aralarinda-oldugu-102-genc-tahliye-edildi#article","isPartOf":{"@id":"https:\/\/epochtimestr.com\/index.php\/berkay-gezginin-de-aralarinda-oldugu-102-genc-tahliye-edildi"},"author":{"name":"Haber Merkezi","@id":"https:\/\/epochtimestr.com\/#\/schema\/person\/3dc5c3adeb9f43923c5aa85889172fdd"},"headline":"Berkay Gezgin\u2019in de Aralar\u0131nda Oldu\u011fu 102 Gen\u00e7 Tahliye Edildi","datePublished":"2025-04-10T21:13:38+00:00","dateModified":"2025-04-10T21:16:35+00:00","mainEntityOfPage":{"@id":"https:\/\/epochtimestr.com\/index.php\/berkay-gezginin-de-aralarinda-oldugu-102-genc-tahliye-edildi"},"wordCount":337,"publisher":{"@id":"https:\/\/epochtimestr.com\/#organization"},"image":{"@id":"https:\/\/epochtimestr.com\/index.php\/berkay-gezginin-de-aralarinda-oldugu-102-genc-tahliye-edildi#primaryimage"},"thumbnailUrl":"https:\/\/epochtimestr.com\/wp-content\/uploads\/2011y\/sarachane.webp","articleSection":["G\u00dcNDEM","MAN\u015eET","Siyaset","T\u00dcRK\u0130YE"],"inLanguage":"tr"},{"@type":"WebPage","@id":"https:\/\/epochtimestr.com\/index.php\/berkay-gezginin-de-aralarinda-oldugu-102-genc-tahliye-edildi","url":"https:\/\/epochtimestr.com\/index.php\/berkay-gezginin-de-aralarinda-oldugu-102-genc-tahliye-edildi","name":"Berkay Gezgin\u2019in de Aralar\u0131nda Oldu\u011fu 102 Gen\u00e7 Tahliye Edildi - The Epoch Times TR","isPartOf":{"@id":"https:\/\/epochtimestr.com\/#website"},"primaryImageOfPage":{"@id":"https:\/\/epochtimestr.com\/index.php\/berkay-gezginin-de-aralarinda-oldugu-102-genc-tahliye-edildi#primaryimage"},"image":{"@id":"https:\/\/epochtimestr.com\/index.php\/berkay-gezginin-de-aralarinda-oldugu-102-genc-tahliye-edildi#primaryimage"},"thumbnailUrl":"https:\/\/epochtimestr.com\/wp-content\/uploads\/2011y\/sarachane.webp","datePublished":"2025-04-10T21:13:38+00:00","dateModified":"2025-04-10T21:16:35+00:00","description":"\u0130stanbul B\u00fcy\u00fck\u015fehir Belediyesi (\u0130BB) odakl\u0131 soru\u015fturmalar\u0131 protesto eylemlerinde g\u00f6zalt\u0131na al\u0131nan gen\u00e7lerden 102\u2019si i\u00e7in daha tahliye karar\u0131 verildi. Tahliye edilenler aras\u0131nda Berkay Gezgin de var.","inLanguage":"tr","potentialAction":[{"@type":"ReadAction","target":["https:\/\/epochtimestr.com\/index.php\/berkay-gezginin-de-aralarinda-oldugu-102-genc-tahliye-edildi"]}]},{"@type":"ImageObject","inLanguage":"tr","@id":"https:\/\/epochtimestr.com\/index.php\/berkay-gezginin-de-aralarinda-oldugu-102-genc-tahliye-edildi#primaryimage","url":"https:\/\/epochtimestr.com\/wp-content\/uploads\/2011y\/sarachane.webp","contentUrl":"https:\/\/epochtimestr.com\/wp-content\/uploads\/2011y\/sarachane.webp","width":1280,"height":720},{"@type":"WebSite","@id":"https:\/\/epochtimestr.com\/#website","url":"https:\/\/epochtimestr.com\/","name":"The Epoch Times TR","description":"De\u011fi\u015fen D\u00fcnyam\u0131za Taze Bir Bak\u0131\u015f","publisher":{"@id":"https:\/\/epochtimestr.com\/#organization"},"potentialAction":[{"@type":"SearchAction","target":{"@type":"EntryPoint","urlTemplate":"https:\/\/epochtimestr.com\/?s={search_term_string}"},"query-input":"required name=search_term_string"}],"inLanguage":"tr"},{"@type":"Organization","@id":"https:\/\/epochtimestr.com\/#organization","name":"The EpochTimes T\u00fcrkiye","url":"https:\/\/epochtimestr.com\/","logo":{"@type":"ImageObject","inLanguage":"tr","@id":"https:\/\/epochtimestr.com\/#\/schema\/logo\/image\/","url":"https:\/\/epochtimestr.com\/wp-content\/uploads\/2011y\/ET-Logo-YG.jpg","contentUrl":"https:\/\/epochtimestr.com\/wp-content\/uploads\/2011y\/ET-Logo-YG.jpg","width":346,"height":29,"caption":"The EpochTimes T\u00fcrkiye"},"image":{"@id":"https:\/\/epochtimestr.com\/#\/schema\/logo\/image\/"},"sameAs":["https:\/\/www.facebook.com\/theepochtimestr","https:\/\/x.com\/TheEpochTimesTR","https:\/\/www.instagram.com\/epochtimestr"]},{"@type":"Person","@id":"https:\/\/epochtimestr.com\/#\/schema\/person\/3dc5c3adeb9f43923c5aa85889172fdd","name":"Haber Merkezi","image":{"@type":"ImageObject","inLanguage":"tr","@id":"https:\/\/epochtimestr.com\/#\/schema\/person\/image\/","url":"https:\/\/secure.gravatar.com\/avatar\/d73f772ba5a74f28601361e17c2f93e6?s=96&d=mm&r=g","contentUrl":"https:\/\/secure.gravatar.com\/avatar\/d73f772ba5a74f28601361e17c2f93e6?s=96&d=mm&r=g","caption":"Haber Merkezi"},"url":"https:\/\/epochtimestr.com\/index.php\/author\/sendag"}]}},"_links":{"self":[{"href":"https:\/\/epochtimestr.com\/index.php\/wp-json\/wp\/v2\/posts\/157606"}],"collection":[{"href":"https:\/\/epochtimestr.com\/index.php\/wp-json\/wp\/v2\/posts"}],"about":[{"href":"https:\/\/epochtimestr.com\/index.php\/wp-json\/wp\/v2\/types\/post"}],"author":[{"embeddable":true,"href":"https:\/\/epochtimestr.com\/index.php\/wp-json\/wp\/v2\/users\/12791"}],"replies":[{"embeddable":true,"href":"https:\/\/epochtimestr.com\/index.php\/wp-json\/wp\/v2\/comments?post=157606"}],"version-history":[{"count":1,"href":"https:\/\/epochtimestr.com\/index.php\/wp-json\/wp\/v2\/posts\/157606\/revisions"}],"predecessor-version":[{"id":157609,"href":"https:\/\/epochtimestr.com\/index.php\/wp-json\/wp\/v2\/posts\/157606\/revisions\/157609"}],"wp:featuredmedia":[{"embeddable":true,"href":"https:\/\/epochtimestr.com\/index.php\/wp-json\/wp\/v2\/media\/157607"}],"wp:attachment":[{"href":"https:\/\/epochtimestr.com\/index.php\/wp-json\/wp\/v2\/media?parent=157606"}],"wp:term":[{"taxonomy":"category","embeddable":true,"href":"https:\/\/epochtimestr.com\/index.php\/wp-json\/wp\/v2\/categories?post=157606"},{"taxonomy":"post_tag","embeddable":true,"href":"https:\/\/epochtimestr.com\/index.php\/wp-json\/wp\/v2\/tags?post=157606"}],"curies":[{"name":"wp","href":"https:\/\/api.w.org\/{rel}","templated":true}]}}