{"id":157610,"date":"2025-04-11T00:14:36","date_gmt":"2025-04-10T21:14:36","guid":{"rendered":"https:\/\/epochtimestr.com\/?p=157610"},"modified":"2025-04-11T00:15:40","modified_gmt":"2025-04-10T21:15:40","slug":"avrupa-konseyi-parlamenter-meclisinin-acil-turkiye-oturumunda-imamoglunun-serbest-birakilmasi-cagrisi","status":"publish","type":"post","link":"https:\/\/epochtimestr.com\/index.php\/avrupa-konseyi-parlamenter-meclisinin-acil-turkiye-oturumunda-imamoglunun-serbest-birakilmasi-cagrisi","title":{"rendered":"Avrupa Konseyi Parlamenter Meclisi\u2019nin &#8216;Acil&#8217; T\u00fcrkiye Oturumunda \u0130mamo\u011flu\u2019nun Serbest B\u0131rak\u0131lmas\u0131 \u00c7a\u011fr\u0131s\u0131"},"content":{"rendered":"\n<p><\/p>\n\n\n<div class=\"wp-block-image\">\n<figure class=\"aligncenter size-full\"><img loading=\"lazy\" decoding=\"async\" width=\"624\" height=\"355\" src=\"https:\/\/epochtimestr.com\/wp-content\/uploads\/2011y\/avrupa-konseyi.jpg\" alt=\"\" class=\"wp-image-157611\" srcset=\"https:\/\/epochtimestr.com\/wp-content\/uploads\/2011y\/avrupa-konseyi.jpg 624w, https:\/\/epochtimestr.com\/wp-content\/uploads\/2011y\/avrupa-konseyi-300x171.jpg 300w, https:\/\/epochtimestr.com\/wp-content\/uploads\/2011y\/avrupa-konseyi-150x85.jpg 150w\" sizes=\"(max-width: 624px) 100vw, 624px\" \/><figcaption class=\"wp-element-caption\">Avrupa Konseyi Parlamenter Meclisi\u2019nin &#8216;Acil&#8217; T\u00fcrkiye Oturumunda \u0130mamo\u011flu\u2019nun Serbest B\u0131rak\u0131lmas\u0131 \u00c7a\u011fr\u0131s\u0131<\/figcaption><\/figure><\/div>\n\n\n<h2 class=\"wp-block-heading\">Avrupa Konseyi Parlamenter Meclisi, \u0130BB Ba\u015fkan\u0131 Ekrem \u0130mamo\u011flu\u2019nun tutuklanmas\u0131na ili\u015fkin son geli\u015fmeleri ele ald\u0131. &#8221;\u0130mamo\u011flu\u2019nun siyasi saiklerle tutukland\u0131\u011f\u0131 izlenimi verdi\u011fi&#8221; belirtilen karar tasar\u0131, 8&#8217;e kar\u015f\u0131 90 oyla kabul edildi. Oylamada iki parlamenter \u00e7ekimser kald\u0131.<\/h2>\n\n\n\n<p>Avrupa Konseyi Parlamenter Meclisi (AKPM), Strazburg\u2019da ger\u00e7ekle\u015ftirdi\u011fi oturumda T\u00fcrkiye\u2019de \u0130stanbul B\u00fcy\u00fck\u015fehir Belediye Ba\u015fkan\u0131 Ekrem \u0130mamo\u011flu\u2019nun tutuklanmas\u0131na ili\u015fkin son geli\u015fmelere ele ald\u0131. \u201c\u0130mamo\u011flu\u2019nun siyasi saiklerle tutukland\u0131\u011f\u0131 izlenimi verdi\u011fi\u201d belirtilen karar tasar\u0131, sekize kar\u015f\u0131 90 oyla kabul edildi. Oylamada, iki parlamenter \u00e7ekimser kald\u0131.<\/p>\n\n\n\n<p><\/p>\n\n\n\n<p>Avrupa Konseyi Parlamenterler Meclisi (AKPM), tutuklanmas\u0131 ve g\u00f6zalt\u0131na al\u0131nmas\u0131n\u0131n &#8216;siyasi saiklerle yap\u0131ld\u0131\u011f\u0131 g\u00f6r\u00fclen&#8217; \u0130stanbul Belediye Ba\u015fkan\u0131&#8217;n\u0131n &#8216;derhal serbest b\u0131rak\u0131lmas\u0131&#8217; \u00e7a\u011fr\u0131s\u0131nda bulundu<br \/>9 Nisan Strazburg&#8217;da genel kurul oturumunda yap\u0131lan acil prosed\u00fcr tart\u0131\u015fmas\u0131n\u0131n ard\u0131ndan Avrupa Konseyi Parlamenterler Meclisi (AKPM), T\u00fcrk yetkilileri 19 Mart 2025&#8217;te tutuklanan, yolsuzluk su\u00e7lamalar\u0131yla tutuklanan ve g\u00f6revden al\u0131nan \u0130stanbul Belediye Ba\u015fkan\u0131 Ekrem \u0130mamo\u011flu&#8217;nu &#8220;derhal serbest b\u0131rakmaya&#8221; \u00e7a\u011f\u0131rd\u0131. Ayr\u0131ca, &#8220;kendisi ve ayn\u0131 soru\u015fturmaya dahil olan di\u011fer ki\u015filer hakk\u0131ndaki t\u00fcm as\u0131ls\u0131z su\u00e7lamalar\u0131n d\u00fc\u015f\u00fcr\u00fclmesi&#8221; ve \u0130stanbul \u00dcniversitesi&#8217;nin \u00fcniversite diplomas\u0131n\u0131 iptal etme karar\u0131n\u0131n iptali \u00e7a\u011fr\u0131s\u0131nda bulundu.<\/p>\n\n\n\n<p><\/p>\n\n\n\n<p>PACE&#8217;nin T\u00fcrkiye&#8217;nin izlenmesi i\u00e7in PACE e\u015f raport\u00f6rleri Stefan Schennach (Avusturya, SOC) ve Lord David Blencathra&#8217;n\u0131n (Birle\u015fik Krall\u0131k, ECPA) \u00f6nerilerine dayanan PACE taraf\u0131ndan kabul edilen karar, Say\u0131n \u0130mamo\u011flu&#8217;nun tutuklanmas\u0131, kendisine kar\u015f\u0131 y\u00fcr\u00fct\u00fclen cezai soru\u015fturma ve diplomas\u0131n\u0131n iptalinin, kendisinin cumhurba\u015fkan\u0131 aday\u0131 olmas\u0131n\u0131 engelledi\u011fini vurguluyor. Parlamenterler, Say\u0131n \u0130mamo\u011flu&#8217;na kar\u015f\u0131 al\u0131nan bu kararlar\u0131n &#8220;siyasi ama\u00e7l\u0131 g\u00f6r\u00fcnd\u00fc\u011f\u00fcn\u00fc ve muhalefeti sindirme, eylemlerini engelleme, \u00e7o\u011fulculu\u011fu bast\u0131rma ve siyasi tart\u0131\u015fma \u00f6zg\u00fcrl\u00fc\u011f\u00fcn\u00fc s\u0131n\u0131rlama giri\u015fimi&#8221; oldu\u011funu s\u00f6yledi.<\/p>\n\n\n<div class=\"wp-block-image\">\n<figure class=\"aligncenter size-full\"><img loading=\"lazy\" decoding=\"async\" width=\"560\" height=\"380\" src=\"https:\/\/epochtimestr.com\/wp-content\/uploads\/2011y\/avrupa-konseyi-pace-1.png\" alt=\"\" class=\"wp-image-157613\" srcset=\"https:\/\/epochtimestr.com\/wp-content\/uploads\/2011y\/avrupa-konseyi-pace-1.png 560w, https:\/\/epochtimestr.com\/wp-content\/uploads\/2011y\/avrupa-konseyi-pace-1-300x204.png 300w, https:\/\/epochtimestr.com\/wp-content\/uploads\/2011y\/avrupa-konseyi-pace-1-150x102.png 150w\" sizes=\"(max-width: 560px) 100vw, 560px\" \/><\/figure><\/div>\n\n\n<p>Ayr\u0131ca, PACE, Say\u0131n \u0130mamo\u011flu&#8217;nun tutuklanmas\u0131n\u0131n ard\u0131ndan ger\u00e7ekle\u015fen protestolar s\u0131ras\u0131nda &#8220;g\u00f6stericilerin haks\u0131z yere tutuklanmalar\u0131n\u0131 ve g\u00f6zalt\u0131na al\u0131nmalar\u0131n\u0131&#8221; ve &#8220;kolluk kuvvetleri taraf\u0131ndan orant\u0131s\u0131z g\u00fc\u00e7 kullan\u0131lmas\u0131n\u0131&#8221; ve g\u00f6zalt\u0131nda tutulan protestoculara k\u00f6t\u00fc muamele edilmesini \u015fiddetle k\u0131n\u0131yor. Bar\u0131\u015f\u00e7\u0131l toplanma ve ifade \u00f6zg\u00fcrl\u00fc\u011f\u00fc haklar\u0131n\u0131n yaln\u0131zca &#8220;T\u00fcrkiye&#8217;nin de taraf oldu\u011fu Avrupa \u0130nsan Haklar\u0131 S\u00f6zle\u015fmesi&#8217;nde \u00f6ng\u00f6r\u00fclen belirli ko\u015fullar alt\u0131nda&#8221; k\u0131s\u0131tlanabilece\u011fini ve bu k\u0131s\u0131tlamalar\u0131n yasayla \u00f6ng\u00f6r\u00fclmesi ve &#8220;demokratik bir toplumda gerekli&#8221; olmas\u0131 gerekti\u011fini hat\u0131rlatt\u0131.<\/p>\n\n\n\n<p><\/p>\n\n\n\n<p>Avrupa Konseyi Parlamenter Meclisi (AKPM), \u201cdemokratik de\u011ferlerden geri ad\u0131m at\u0131ld\u0131\u011f\u0131 ve T\u00fcrk halk\u0131n\u0131n iradesine ayk\u0131r\u0131 oldu\u011fu endi\u015fe verici geli\u015fmeler\u201d kar\u015f\u0131s\u0131nda, T\u00fcrk yetkilileri \u201cdevam eden protestolar ba\u011flam\u0131nda ifade ve toplanma \u00f6zg\u00fcrl\u00fc\u011f\u00fc haklar\u0131na ve di\u011fer insan haklar\u0131na tam sayg\u0131 g\u00f6stermeye\u201d; protestoculara kar\u015f\u0131 orant\u0131s\u0131z g\u00fc\u00e7 kullan\u0131m\u0131n\u0131 durdurmaya; \u201cas\u0131ls\u0131z su\u00e7lamalarla\u201d g\u00f6zalt\u0131na al\u0131nanlar\u0131 serbest b\u0131rakmaya; protestolarla ilgili haber yapt\u0131klar\u0131 i\u00e7in g\u00f6zalt\u0131na al\u0131nan t\u00fcm gazetecileri serbest b\u0131rakmaya; medyan\u0131n kamuoyuna gerekli bilgileri sa\u011flamas\u0131na izin vermeye; ve bu ba\u011flamda g\u00f6zalt\u0131na al\u0131nan herkes i\u00e7in adil bir yarg\u0131lama sa\u011flamaya\u201d \u00e7a\u011f\u0131rd\u0131.<\/p>\n\n\n\n<p><\/p>\n\n\n\n<p>Son olarak AKPM, T\u00fcrk makamlar\u0131n\u0131, siyasi ama\u00e7l\u0131 su\u00e7lamalarla g\u00f6zalt\u0131na al\u0131nan aktivistleri ve\/veya politikac\u0131lar\u0131 serbest b\u0131rakarak ve &#8220;yarg\u0131n\u0131n ba\u011f\u0131ms\u0131zl\u0131\u011f\u0131n\u0131 tam olarak garanti alt\u0131na almak i\u00e7in adalet sisteminde kapsaml\u0131 bir reform yaparak&#8221; Avrupa \u0130nsan Haklar\u0131 Mahkemesi Osman Kavala, Selahattin Demirta\u015f ve Figen Y\u00fcksekda\u011f \u015eeno\u011flu ve Di\u011ferleri&#8217;nin kararlar\u0131n\u0131 gecikmeden uygulamaya \u00e7a\u011f\u0131rd\u0131.<\/p>\n","protected":false},"excerpt":{"rendered":"<p>Avrupa Konseyi Parlamenter Meclisi, \u0130BB Ba\u015fkan\u0131 Ekrem \u0130mamo\u011flu\u2019nun tutuklanmas\u0131na ili\u015fkin son geli\u015fmeleri ele ald\u0131. &#8221;\u0130mamo\u011flu\u2019nun siyasi saiklerle tutukland\u0131\u011f\u0131 izlenimi verdi\u011fi&#8221; belirtilen karar tasar\u0131, 8&#8217;e kar\u015f\u0131 90 oyla kabul edildi. Oylamada iki parlamenter \u00e7ekimser kald\u0131. Avrupa Konseyi Parlamenter Meclisi (AKPM), Strazburg\u2019da ger\u00e7ekle\u015ftirdi\u011fi oturumda T\u00fcrkiye\u2019de \u0130stanbul B\u00fcy\u00fck\u015fehir Belediye Ba\u015fkan\u0131 Ekrem \u0130mamo\u011flu\u2019nun tutuklanmas\u0131na ili\u015fkin son geli\u015fmelere ele ald\u0131. [&hellip;]<\/p>\n","protected":false},"author":12791,"featured_media":157611,"comment_status":"closed","ping_status":"open","sticky":false,"template":"","format":"standard","meta":{"_yoast_wpseo_focuskw":"Avrupa Konseyi Parlamenter Meclisi\u2019nin 'Acil' T\u00fcrkiye Oturumunda \u0130mamo\u011flu\u2019nun Serbest B\u0131rak\u0131lmas\u0131 \u00c7a\u011fr\u0131s\u0131","_yoast_wpseo_title":"","_yoast_wpseo_metadesc":"Avrupa Konseyi Parlamenter Meclisi, \u0130BB Ba\u015fkan\u0131 Ekrem \u0130mamo\u011flu\u2019nun tutuklanmas\u0131na ili\u015fkin son geli\u015fmeleri ele ald\u0131. ''\u0130mamo\u011flu\u2019nun siyasi saiklerle tutukland\u0131\u011f\u0131 izlenimi verdi\u011fi'' belirtilen karar tasar\u0131, 8'e kar\u015f\u0131 90 oyla kabul edildi. Oylamada iki parlamenter \u00e7ekimser kald\u0131.","_bbp_topic_count":0,"_bbp_reply_count":0,"_bbp_total_topic_count":0,"_bbp_total_reply_count":0,"_bbp_voice_count":0,"_bbp_anonymous_reply_count":0,"_bbp_topic_count_hidden":0,"_bbp_reply_count_hidden":0,"_bbp_forum_subforum_count":0,"footnotes":"","_yoast_wpseo_focuskw_text_input":""},"categories":[5,1,8138,37],"tags":[1378,7419],"yoast_head":"<!-- This site is optimized with the Yoast SEO plugin v23.0 - https:\/\/yoast.com\/wordpress\/plugins\/seo\/ -->\n<title>Avrupa Konseyi Parlamenter Meclisi\u2019nin &#039;Acil&#039; T\u00fcrkiye Oturumunda \u0130mamo\u011flu\u2019nun Serbest B\u0131rak\u0131lmas\u0131 \u00c7a\u011fr\u0131s\u0131 - The Epoch Times TR<\/title>\n<meta name=\"description\" content=\"Avrupa Konseyi Parlamenter Meclisi, \u0130BB Ba\u015fkan\u0131 Ekrem \u0130mamo\u011flu\u2019nun tutuklanmas\u0131na ili\u015fkin son geli\u015fmeleri ele ald\u0131. &#039;&#039;\u0130mamo\u011flu\u2019nun siyasi saiklerle tutukland\u0131\u011f\u0131 izlenimi verdi\u011fi&#039;&#039; belirtilen karar tasar\u0131, 8&#039;e kar\u015f\u0131 90 oyla kabul edildi. Oylamada iki parlamenter \u00e7ekimser kald\u0131.\" \/>\n<meta name=\"robots\" content=\"index, follow, max-snippet:-1, max-image-preview:large, max-video-preview:-1\" \/>\n<link rel=\"canonical\" href=\"https:\/\/epochtimestr.com\/index.php\/avrupa-konseyi-parlamenter-meclisinin-acil-turkiye-oturumunda-imamoglunun-serbest-birakilmasi-cagrisi\" \/>\n<meta property=\"og:locale\" content=\"tr_TR\" \/>\n<meta property=\"og:type\" content=\"article\" \/>\n<meta property=\"og:title\" content=\"Avrupa Konseyi Parlamenter Meclisi\u2019nin &#039;Acil&#039; T\u00fcrkiye Oturumunda \u0130mamo\u011flu\u2019nun Serbest B\u0131rak\u0131lmas\u0131 \u00c7a\u011fr\u0131s\u0131 - The Epoch Times TR\" \/>\n<meta property=\"og:description\" content=\"Avrupa Konseyi Parlamenter Meclisi, \u0130BB Ba\u015fkan\u0131 Ekrem \u0130mamo\u011flu\u2019nun tutuklanmas\u0131na ili\u015fkin son geli\u015fmeleri ele ald\u0131. &#039;&#039;\u0130mamo\u011flu\u2019nun siyasi saiklerle tutukland\u0131\u011f\u0131 izlenimi verdi\u011fi&#039;&#039; belirtilen karar tasar\u0131, 8&#039;e kar\u015f\u0131 90 oyla kabul edildi. Oylamada iki parlamenter \u00e7ekimser kald\u0131.\" \/>\n<meta property=\"og:url\" content=\"https:\/\/epochtimestr.com\/index.php\/avrupa-konseyi-parlamenter-meclisinin-acil-turkiye-oturumunda-imamoglunun-serbest-birakilmasi-cagrisi\" \/>\n<meta property=\"og:site_name\" content=\"The Epoch Times TR\" \/>\n<meta property=\"article:publisher\" content=\"https:\/\/www.facebook.com\/theepochtimestr\" \/>\n<meta property=\"article:published_time\" content=\"2025-04-10T21:14:36+00:00\" \/>\n<meta property=\"article:modified_time\" content=\"2025-04-10T21:15:40+00:00\" \/>\n<meta property=\"og:image\" content=\"https:\/\/epochtimestr.com\/wp-content\/uploads\/2011y\/avrupa-konseyi.jpg\" \/>\n\t<meta property=\"og:image:width\" content=\"624\" \/>\n\t<meta property=\"og:image:height\" content=\"355\" \/>\n\t<meta property=\"og:image:type\" content=\"image\/jpeg\" \/>\n<meta name=\"author\" content=\"Haber Merkezi\" \/>\n<meta name=\"twitter:card\" content=\"summary_large_image\" \/>\n<meta name=\"twitter:creator\" content=\"@TheEpochTimesTR\" \/>\n<meta name=\"twitter:site\" content=\"@TheEpochTimesTR\" \/>\n<meta name=\"twitter:label1\" content=\"Yazan:\" \/>\n\t<meta name=\"twitter:data1\" content=\"Haber Merkezi\" \/>\n\t<meta name=\"twitter:label2\" content=\"Tahmini okuma s\u00fcresi\" \/>\n\t<meta name=\"twitter:data2\" content=\"4 dakika\" \/>\n<script type=\"application\/ld+json\" class=\"yoast-schema-graph\">{\"@context\":\"https:\/\/schema.org\",\"@graph\":[{\"@type\":\"Article\",\"@id\":\"https:\/\/epochtimestr.com\/index.php\/avrupa-konseyi-parlamenter-meclisinin-acil-turkiye-oturumunda-imamoglunun-serbest-birakilmasi-cagrisi#article\",\"isPartOf\":{\"@id\":\"https:\/\/epochtimestr.com\/index.php\/avrupa-konseyi-parlamenter-meclisinin-acil-turkiye-oturumunda-imamoglunun-serbest-birakilmasi-cagrisi\"},\"author\":{\"name\":\"Haber Merkezi\",\"@id\":\"https:\/\/epochtimestr.com\/#\/schema\/person\/3dc5c3adeb9f43923c5aa85889172fdd\"},\"headline\":\"Avrupa Konseyi Parlamenter Meclisi\u2019nin &#8216;Acil&#8217; T\u00fcrkiye Oturumunda \u0130mamo\u011flu\u2019nun Serbest B\u0131rak\u0131lmas\u0131 \u00c7a\u011fr\u0131s\u0131\",\"datePublished\":\"2025-04-10T21:14:36+00:00\",\"dateModified\":\"2025-04-10T21:15:40+00:00\",\"mainEntityOfPage\":{\"@id\":\"https:\/\/epochtimestr.com\/index.php\/avrupa-konseyi-parlamenter-meclisinin-acil-turkiye-oturumunda-imamoglunun-serbest-birakilmasi-cagrisi\"},\"wordCount\":688,\"publisher\":{\"@id\":\"https:\/\/epochtimestr.com\/#organization\"},\"image\":{\"@id\":\"https:\/\/epochtimestr.com\/index.php\/avrupa-konseyi-parlamenter-meclisinin-acil-turkiye-oturumunda-imamoglunun-serbest-birakilmasi-cagrisi#primaryimage\"},\"thumbnailUrl\":\"https:\/\/epochtimestr.com\/wp-content\/uploads\/2011y\/avrupa-konseyi.jpg\",\"keywords\":[\"Avrupa konseyi\",\"Ekrem \u0130mamo\u011flu\"],\"articleSection\":[\"D\u00dcNYA\",\"G\u00dcNDEM\",\"MAN\u015eET\",\"T\u00dcRK\u0130YE\"],\"inLanguage\":\"tr\"},{\"@type\":\"WebPage\",\"@id\":\"https:\/\/epochtimestr.com\/index.php\/avrupa-konseyi-parlamenter-meclisinin-acil-turkiye-oturumunda-imamoglunun-serbest-birakilmasi-cagrisi\",\"url\":\"https:\/\/epochtimestr.com\/index.php\/avrupa-konseyi-parlamenter-meclisinin-acil-turkiye-oturumunda-imamoglunun-serbest-birakilmasi-cagrisi\",\"name\":\"Avrupa Konseyi Parlamenter Meclisi\u2019nin 'Acil' T\u00fcrkiye Oturumunda \u0130mamo\u011flu\u2019nun Serbest B\u0131rak\u0131lmas\u0131 \u00c7a\u011fr\u0131s\u0131 - The Epoch Times TR\",\"isPartOf\":{\"@id\":\"https:\/\/epochtimestr.com\/#website\"},\"primaryImageOfPage\":{\"@id\":\"https:\/\/epochtimestr.com\/index.php\/avrupa-konseyi-parlamenter-meclisinin-acil-turkiye-oturumunda-imamoglunun-serbest-birakilmasi-cagrisi#primaryimage\"},\"image\":{\"@id\":\"https:\/\/epochtimestr.com\/index.php\/avrupa-konseyi-parlamenter-meclisinin-acil-turkiye-oturumunda-imamoglunun-serbest-birakilmasi-cagrisi#primaryimage\"},\"thumbnailUrl\":\"https:\/\/epochtimestr.com\/wp-content\/uploads\/2011y\/avrupa-konseyi.jpg\",\"datePublished\":\"2025-04-10T21:14:36+00:00\",\"dateModified\":\"2025-04-10T21:15:40+00:00\",\"description\":\"Avrupa Konseyi Parlamenter Meclisi, \u0130BB Ba\u015fkan\u0131 Ekrem \u0130mamo\u011flu\u2019nun tutuklanmas\u0131na ili\u015fkin son geli\u015fmeleri ele ald\u0131. ''\u0130mamo\u011flu\u2019nun siyasi saiklerle tutukland\u0131\u011f\u0131 izlenimi verdi\u011fi'' belirtilen karar tasar\u0131, 8'e kar\u015f\u0131 90 oyla kabul edildi. Oylamada iki parlamenter \u00e7ekimser kald\u0131.\",\"inLanguage\":\"tr\",\"potentialAction\":[{\"@type\":\"ReadAction\",\"target\":[\"https:\/\/epochtimestr.com\/index.php\/avrupa-konseyi-parlamenter-meclisinin-acil-turkiye-oturumunda-imamoglunun-serbest-birakilmasi-cagrisi\"]}]},{\"@type\":\"ImageObject\",\"inLanguage\":\"tr\",\"@id\":\"https:\/\/epochtimestr.com\/index.php\/avrupa-konseyi-parlamenter-meclisinin-acil-turkiye-oturumunda-imamoglunun-serbest-birakilmasi-cagrisi#primaryimage\",\"url\":\"https:\/\/epochtimestr.com\/wp-content\/uploads\/2011y\/avrupa-konseyi.jpg\",\"contentUrl\":\"https:\/\/epochtimestr.com\/wp-content\/uploads\/2011y\/avrupa-konseyi.jpg\",\"width\":624,\"height\":355},{\"@type\":\"WebSite\",\"@id\":\"https:\/\/epochtimestr.com\/#website\",\"url\":\"https:\/\/epochtimestr.com\/\",\"name\":\"The Epoch Times TR\",\"description\":\"De\u011fi\u015fen D\u00fcnyam\u0131za Taze Bir Bak\u0131\u015f\",\"publisher\":{\"@id\":\"https:\/\/epochtimestr.com\/#organization\"},\"potentialAction\":[{\"@type\":\"SearchAction\",\"target\":{\"@type\":\"EntryPoint\",\"urlTemplate\":\"https:\/\/epochtimestr.com\/?s={search_term_string}\"},\"query-input\":\"required name=search_term_string\"}],\"inLanguage\":\"tr\"},{\"@type\":\"Organization\",\"@id\":\"https:\/\/epochtimestr.com\/#organization\",\"name\":\"The EpochTimes T\u00fcrkiye\",\"url\":\"https:\/\/epochtimestr.com\/\",\"logo\":{\"@type\":\"ImageObject\",\"inLanguage\":\"tr\",\"@id\":\"https:\/\/epochtimestr.com\/#\/schema\/logo\/image\/\",\"url\":\"https:\/\/epochtimestr.com\/wp-content\/uploads\/2011y\/ET-Logo-YG.jpg\",\"contentUrl\":\"https:\/\/epochtimestr.com\/wp-content\/uploads\/2011y\/ET-Logo-YG.jpg\",\"width\":346,\"height\":29,\"caption\":\"The EpochTimes T\u00fcrkiye\"},\"image\":{\"@id\":\"https:\/\/epochtimestr.com\/#\/schema\/logo\/image\/\"},\"sameAs\":[\"https:\/\/www.facebook.com\/theepochtimestr\",\"https:\/\/x.com\/TheEpochTimesTR\",\"https:\/\/www.instagram.com\/epochtimestr\"]},{\"@type\":\"Person\",\"@id\":\"https:\/\/epochtimestr.com\/#\/schema\/person\/3dc5c3adeb9f43923c5aa85889172fdd\",\"name\":\"Haber Merkezi\",\"image\":{\"@type\":\"ImageObject\",\"inLanguage\":\"tr\",\"@id\":\"https:\/\/epochtimestr.com\/#\/schema\/person\/image\/\",\"url\":\"https:\/\/secure.gravatar.com\/avatar\/d73f772ba5a74f28601361e17c2f93e6?s=96&d=mm&r=g\",\"contentUrl\":\"https:\/\/secure.gravatar.com\/avatar\/d73f772ba5a74f28601361e17c2f93e6?s=96&d=mm&r=g\",\"caption\":\"Haber Merkezi\"},\"url\":\"https:\/\/epochtimestr.com\/index.php\/author\/sendag\"}]}<\/script>\n<!-- \/ Yoast SEO plugin. -->","yoast_head_json":{"title":"Avrupa Konseyi Parlamenter Meclisi\u2019nin 'Acil' T\u00fcrkiye Oturumunda \u0130mamo\u011flu\u2019nun Serbest B\u0131rak\u0131lmas\u0131 \u00c7a\u011fr\u0131s\u0131 - The Epoch Times TR","description":"Avrupa Konseyi Parlamenter Meclisi, \u0130BB Ba\u015fkan\u0131 Ekrem \u0130mamo\u011flu\u2019nun tutuklanmas\u0131na ili\u015fkin son geli\u015fmeleri ele ald\u0131. ''\u0130mamo\u011flu\u2019nun siyasi saiklerle tutukland\u0131\u011f\u0131 izlenimi verdi\u011fi'' belirtilen karar tasar\u0131, 8'e kar\u015f\u0131 90 oyla kabul edildi. Oylamada iki parlamenter \u00e7ekimser kald\u0131.","robots":{"index":"index","follow":"follow","max-snippet":"max-snippet:-1","max-image-preview":"max-image-preview:large","max-video-preview":"max-video-preview:-1"},"canonical":"https:\/\/epochtimestr.com\/index.php\/avrupa-konseyi-parlamenter-meclisinin-acil-turkiye-oturumunda-imamoglunun-serbest-birakilmasi-cagrisi","og_locale":"tr_TR","og_type":"article","og_title":"Avrupa Konseyi Parlamenter Meclisi\u2019nin 'Acil' T\u00fcrkiye Oturumunda \u0130mamo\u011flu\u2019nun Serbest B\u0131rak\u0131lmas\u0131 \u00c7a\u011fr\u0131s\u0131 - The Epoch Times TR","og_description":"Avrupa Konseyi Parlamenter Meclisi, \u0130BB Ba\u015fkan\u0131 Ekrem \u0130mamo\u011flu\u2019nun tutuklanmas\u0131na ili\u015fkin son geli\u015fmeleri ele ald\u0131. ''\u0130mamo\u011flu\u2019nun siyasi saiklerle tutukland\u0131\u011f\u0131 izlenimi verdi\u011fi'' belirtilen karar tasar\u0131, 8'e kar\u015f\u0131 90 oyla kabul edildi. Oylamada iki parlamenter \u00e7ekimser kald\u0131.","og_url":"https:\/\/epochtimestr.com\/index.php\/avrupa-konseyi-parlamenter-meclisinin-acil-turkiye-oturumunda-imamoglunun-serbest-birakilmasi-cagrisi","og_site_name":"The Epoch Times TR","article_publisher":"https:\/\/www.facebook.com\/theepochtimestr","article_published_time":"2025-04-10T21:14:36+00:00","article_modified_time":"2025-04-10T21:15:40+00:00","og_image":[{"width":624,"height":355,"url":"https:\/\/epochtimestr.com\/wp-content\/uploads\/2011y\/avrupa-konseyi.jpg","type":"image\/jpeg"}],"author":"Haber Merkezi","twitter_card":"summary_large_image","twitter_creator":"@TheEpochTimesTR","twitter_site":"@TheEpochTimesTR","twitter_misc":{"Yazan:":"Haber Merkezi","Tahmini okuma s\u00fcresi":"4 dakika"},"schema":{"@context":"https:\/\/schema.org","@graph":[{"@type":"Article","@id":"https:\/\/epochtimestr.com\/index.php\/avrupa-konseyi-parlamenter-meclisinin-acil-turkiye-oturumunda-imamoglunun-serbest-birakilmasi-cagrisi#article","isPartOf":{"@id":"https:\/\/epochtimestr.com\/index.php\/avrupa-konseyi-parlamenter-meclisinin-acil-turkiye-oturumunda-imamoglunun-serbest-birakilmasi-cagrisi"},"author":{"name":"Haber Merkezi","@id":"https:\/\/epochtimestr.com\/#\/schema\/person\/3dc5c3adeb9f43923c5aa85889172fdd"},"headline":"Avrupa Konseyi Parlamenter Meclisi\u2019nin &#8216;Acil&#8217; T\u00fcrkiye Oturumunda \u0130mamo\u011flu\u2019nun Serbest B\u0131rak\u0131lmas\u0131 \u00c7a\u011fr\u0131s\u0131","datePublished":"2025-04-10T21:14:36+00:00","dateModified":"2025-04-10T21:15:40+00:00","mainEntityOfPage":{"@id":"https:\/\/epochtimestr.com\/index.php\/avrupa-konseyi-parlamenter-meclisinin-acil-turkiye-oturumunda-imamoglunun-serbest-birakilmasi-cagrisi"},"wordCount":688,"publisher":{"@id":"https:\/\/epochtimestr.com\/#organization"},"image":{"@id":"https:\/\/epochtimestr.com\/index.php\/avrupa-konseyi-parlamenter-meclisinin-acil-turkiye-oturumunda-imamoglunun-serbest-birakilmasi-cagrisi#primaryimage"},"thumbnailUrl":"https:\/\/epochtimestr.com\/wp-content\/uploads\/2011y\/avrupa-konseyi.jpg","keywords":["Avrupa konseyi","Ekrem \u0130mamo\u011flu"],"articleSection":["D\u00dcNYA","G\u00dcNDEM","MAN\u015eET","T\u00dcRK\u0130YE"],"inLanguage":"tr"},{"@type":"WebPage","@id":"https:\/\/epochtimestr.com\/index.php\/avrupa-konseyi-parlamenter-meclisinin-acil-turkiye-oturumunda-imamoglunun-serbest-birakilmasi-cagrisi","url":"https:\/\/epochtimestr.com\/index.php\/avrupa-konseyi-parlamenter-meclisinin-acil-turkiye-oturumunda-imamoglunun-serbest-birakilmasi-cagrisi","name":"Avrupa Konseyi Parlamenter Meclisi\u2019nin 'Acil' T\u00fcrkiye Oturumunda \u0130mamo\u011flu\u2019nun Serbest B\u0131rak\u0131lmas\u0131 \u00c7a\u011fr\u0131s\u0131 - The Epoch Times TR","isPartOf":{"@id":"https:\/\/epochtimestr.com\/#website"},"primaryImageOfPage":{"@id":"https:\/\/epochtimestr.com\/index.php\/avrupa-konseyi-parlamenter-meclisinin-acil-turkiye-oturumunda-imamoglunun-serbest-birakilmasi-cagrisi#primaryimage"},"image":{"@id":"https:\/\/epochtimestr.com\/index.php\/avrupa-konseyi-parlamenter-meclisinin-acil-turkiye-oturumunda-imamoglunun-serbest-birakilmasi-cagrisi#primaryimage"},"thumbnailUrl":"https:\/\/epochtimestr.com\/wp-content\/uploads\/2011y\/avrupa-konseyi.jpg","datePublished":"2025-04-10T21:14:36+00:00","dateModified":"2025-04-10T21:15:40+00:00","description":"Avrupa Konseyi Parlamenter Meclisi, \u0130BB Ba\u015fkan\u0131 Ekrem \u0130mamo\u011flu\u2019nun tutuklanmas\u0131na ili\u015fkin son geli\u015fmeleri ele ald\u0131. ''\u0130mamo\u011flu\u2019nun siyasi saiklerle tutukland\u0131\u011f\u0131 izlenimi verdi\u011fi'' belirtilen karar tasar\u0131, 8'e kar\u015f\u0131 90 oyla kabul edildi. Oylamada iki parlamenter \u00e7ekimser kald\u0131.","inLanguage":"tr","potentialAction":[{"@type":"ReadAction","target":["https:\/\/epochtimestr.com\/index.php\/avrupa-konseyi-parlamenter-meclisinin-acil-turkiye-oturumunda-imamoglunun-serbest-birakilmasi-cagrisi"]}]},{"@type":"ImageObject","inLanguage":"tr","@id":"https:\/\/epochtimestr.com\/index.php\/avrupa-konseyi-parlamenter-meclisinin-acil-turkiye-oturumunda-imamoglunun-serbest-birakilmasi-cagrisi#primaryimage","url":"https:\/\/epochtimestr.com\/wp-content\/uploads\/2011y\/avrupa-konseyi.jpg","contentUrl":"https:\/\/epochtimestr.com\/wp-content\/uploads\/2011y\/avrupa-konseyi.jpg","width":624,"height":355},{"@type":"WebSite","@id":"https:\/\/epochtimestr.com\/#website","url":"https:\/\/epochtimestr.com\/","name":"The Epoch Times TR","description":"De\u011fi\u015fen D\u00fcnyam\u0131za Taze Bir Bak\u0131\u015f","publisher":{"@id":"https:\/\/epochtimestr.com\/#organization"},"potentialAction":[{"@type":"SearchAction","target":{"@type":"EntryPoint","urlTemplate":"https:\/\/epochtimestr.com\/?s={search_term_string}"},"query-input":"required name=search_term_string"}],"inLanguage":"tr"},{"@type":"Organization","@id":"https:\/\/epochtimestr.com\/#organization","name":"The EpochTimes T\u00fcrkiye","url":"https:\/\/epochtimestr.com\/","logo":{"@type":"ImageObject","inLanguage":"tr","@id":"https:\/\/epochtimestr.com\/#\/schema\/logo\/image\/","url":"https:\/\/epochtimestr.com\/wp-content\/uploads\/2011y\/ET-Logo-YG.jpg","contentUrl":"https:\/\/epochtimestr.com\/wp-content\/uploads\/2011y\/ET-Logo-YG.jpg","width":346,"height":29,"caption":"The EpochTimes T\u00fcrkiye"},"image":{"@id":"https:\/\/epochtimestr.com\/#\/schema\/logo\/image\/"},"sameAs":["https:\/\/www.facebook.com\/theepochtimestr","https:\/\/x.com\/TheEpochTimesTR","https:\/\/www.instagram.com\/epochtimestr"]},{"@type":"Person","@id":"https:\/\/epochtimestr.com\/#\/schema\/person\/3dc5c3adeb9f43923c5aa85889172fdd","name":"Haber Merkezi","image":{"@type":"ImageObject","inLanguage":"tr","@id":"https:\/\/epochtimestr.com\/#\/schema\/person\/image\/","url":"https:\/\/secure.gravatar.com\/avatar\/d73f772ba5a74f28601361e17c2f93e6?s=96&d=mm&r=g","contentUrl":"https:\/\/secure.gravatar.com\/avatar\/d73f772ba5a74f28601361e17c2f93e6?s=96&d=mm&r=g","caption":"Haber Merkezi"},"url":"https:\/\/epochtimestr.com\/index.php\/author\/sendag"}]}},"_links":{"self":[{"href":"https:\/\/epochtimestr.com\/index.php\/wp-json\/wp\/v2\/posts\/157610"}],"collection":[{"href":"https:\/\/epochtimestr.com\/index.php\/wp-json\/wp\/v2\/posts"}],"about":[{"href":"https:\/\/epochtimestr.com\/index.php\/wp-json\/wp\/v2\/types\/post"}],"author":[{"embeddable":true,"href":"https:\/\/epochtimestr.com\/index.php\/wp-json\/wp\/v2\/users\/12791"}],"replies":[{"embeddable":true,"href":"https:\/\/epochtimestr.com\/index.php\/wp-json\/wp\/v2\/comments?post=157610"}],"version-history":[{"count":1,"href":"https:\/\/epochtimestr.com\/index.php\/wp-json\/wp\/v2\/posts\/157610\/revisions"}],"predecessor-version":[{"id":157614,"href":"https:\/\/epochtimestr.com\/index.php\/wp-json\/wp\/v2\/posts\/157610\/revisions\/157614"}],"wp:featuredmedia":[{"embeddable":true,"href":"https:\/\/epochtimestr.com\/index.php\/wp-json\/wp\/v2\/media\/157611"}],"wp:attachment":[{"href":"https:\/\/epochtimestr.com\/index.php\/wp-json\/wp\/v2\/media?parent=157610"}],"wp:term":[{"taxonomy":"category","embeddable":true,"href":"https:\/\/epochtimestr.com\/index.php\/wp-json\/wp\/v2\/categories?post=157610"},{"taxonomy":"post_tag","embeddable":true,"href":"https:\/\/epochtimestr.com\/index.php\/wp-json\/wp\/v2\/tags?post=157610"}],"curies":[{"name":"wp","href":"https:\/\/api.w.org\/{rel}","templated":true}]}}