{"id":157618,"date":"2025-04-11T17:48:38","date_gmt":"2025-04-11T14:48:38","guid":{"rendered":"https:\/\/epochtimestr.com\/?p=157618"},"modified":"2025-04-11T17:50:42","modified_gmt":"2025-04-11T14:50:42","slug":"gazeteciler-timur-soykan-ve-murat-agirel-adli-kontrol-sartiyla-serbest-birakildi","status":"publish","type":"post","link":"https:\/\/epochtimestr.com\/index.php\/gazeteciler-timur-soykan-ve-murat-agirel-adli-kontrol-sartiyla-serbest-birakildi","title":{"rendered":"Gazeteciler Timur Soykan ve Murat A\u011f\u0131rel Adli Kontrol \u015eart\u0131yla Serbest B\u0131rak\u0131ld\u0131"},"content":{"rendered":"<div class=\"wp-block-image\">\n<figure class=\"aligncenter size-full\"><img loading=\"lazy\" decoding=\"async\" width=\"1280\" height=\"720\" src=\"https:\/\/epochtimestr.com\/wp-content\/uploads\/2011y\/murat-agirel-timur-soykan-1.webp\" alt=\"\" class=\"wp-image-157619\" srcset=\"https:\/\/epochtimestr.com\/wp-content\/uploads\/2011y\/murat-agirel-timur-soykan-1.webp 1280w, https:\/\/epochtimestr.com\/wp-content\/uploads\/2011y\/murat-agirel-timur-soykan-1-300x169.webp 300w, https:\/\/epochtimestr.com\/wp-content\/uploads\/2011y\/murat-agirel-timur-soykan-1-150x84.webp 150w, https:\/\/epochtimestr.com\/wp-content\/uploads\/2011y\/murat-agirel-timur-soykan-1-768x432.webp 768w\" sizes=\"(max-width: 1280px) 100vw, 1280px\" \/><figcaption class=\"wp-element-caption\">Gazeteciler Timur Soykan ve Murat A\u011f\u0131rel Adli Kontrol \u015eart\u0131yla Serbest B\u0131rak\u0131ld\u0131<\/figcaption><\/figure><\/div>\n\n\n<h2 class=\"wp-block-heading\">G\u00f6zalt\u0131na al\u0131nan gazeteciler Timur Soykan ve Murat A\u011f\u0131rel adli kontrol \u015fartlar\u0131yla serbest b\u0131rak\u0131ld\u0131.<\/h2>\n\n\n\n<p>Timur Soykan ve Murat A\u011f\u0131rel 10 Nisan sabah saatlerinde Flash TV\u2019nin tutuklu sahibi Erkan Kork\u2019un \u2018tehdit\u2019 ve \u2018\u015fantaj\u2019 \u015fikayeti \u00fczerine g\u00f6zalt\u0131na al\u0131nm\u0131\u015ft\u0131. Savc\u0131, iki <a href=\"https:\/\/epochtimestr.com\/index.php\/gozaltindaki-gazetecileri-serbest-birakin\">gazeteci<\/a>yi ifadelerini almadan 10 Nisan saat 18.50 sular\u0131nda tutuklama istemiyle 4. <a href=\"https:\/\/epochtimestr.com\/index.php\/ttb-baskani-fincanciya-verilen-ceza-onandi\">Sulh Ceza Hakimli\u011fi<\/a>&#8216;ne sevk etti. Adliyeye sevk edilen gazeteciler savc\u0131 taraf\u0131ndan ifadeleri al\u0131nmadan tutuklama talebiyle mahkemeye sevk edildi. \u0130ki gazeteci adli kontrol karar\u0131 ile ve yurtd\u0131\u015f\u0131 yasa\u011f\u0131 ile serbest b\u0131rak\u0131ld\u0131.<br \/>Tutuklu bulunan Flash TV ve Bank Pozitif&#8217;in sahibi Erkan Kork \u015fikayetinde, Murat A\u011f\u0131rel ve Timur Soykan\u2019\u0131 ile yapt\u0131\u011f\u0131 g\u00f6r\u00fc\u015fme sonras\u0131 kendisi ve \u015firketleri hakk\u0131nda karalay\u0131c\u0131 yay\u0131nlar yaparak Flash Haber TV&#8217;nin taraf\u0131nca sat\u0131n al\u0131nmas\u0131n\u0131n engellenmeye \u00e7al\u0131\u015ft\u0131\u011f\u0131n\u0131 iddia ederek, \u015fikayet\u00e7i oldu\u011funu s\u00f6yledi.<br \/>Yasad\u0131\u015f\u0131 bahisten g\u00f6zalt\u0131na al\u0131nan Kork, 17 Mart\u2019ta \u2018spor m\u00fcsabakalar\u0131na dayal\u0131 sabit ihtimalli veya m\u00fc\u015fterek bahis ya da \u015fans oyunlar\u0131yla ba\u011flant\u0131l\u0131 olarak para nakline arac\u0131l\u0131k etmek\u2019, \u2018su\u00e7 i\u015flemek amac\u0131yla \u00f6rg\u00fct kurmak\u2019 ve \u2018su\u00e7tan kaynaklanan malvarl\u0131\u011f\u0131 de\u011ferlerini aklamak\u2018 iddialar\u0131yla tutuklanm\u0131\u015ft\u0131. Kanal\u0131 Flash TV\u2019ye de el konulmu\u015ftu.<br \/>Gazeteci Soykan ve A\u011f\u0131rel, Kork ile g\u00f6r\u00fc\u015fmelerinin sonras\u0131nda Kork\u2019un tutukland\u0131\u011f\u0131 yasad\u0131\u015f\u0131 bahis soru\u015fturmas\u0131yla ilgili oldu\u011funu belirtti ve isnat edilen su\u00e7lar\u0131 reddetti.<\/p>\n\n\n\n<p><\/p>\n","protected":false},"excerpt":{"rendered":"<p>G\u00f6zalt\u0131na al\u0131nan gazeteciler Timur Soykan ve Murat A\u011f\u0131rel adli kontrol \u015fartlar\u0131yla serbest b\u0131rak\u0131ld\u0131. Timur Soykan ve Murat A\u011f\u0131rel 10 Nisan sabah saatlerinde Flash TV\u2019nin tutuklu sahibi Erkan Kork\u2019un \u2018tehdit\u2019 ve \u2018\u015fantaj\u2019 \u015fikayeti \u00fczerine g\u00f6zalt\u0131na al\u0131nm\u0131\u015ft\u0131. Savc\u0131, iki gazeteciyi ifadelerini almadan 10 Nisan saat 18.50 sular\u0131nda tutuklama istemiyle 4. Sulh Ceza Hakimli\u011fi&#8216;ne sevk etti. Adliyeye sevk [&hellip;]<\/p>\n","protected":false},"author":12791,"featured_media":157619,"comment_status":"closed","ping_status":"open","sticky":false,"template":"","format":"standard","meta":{"_yoast_wpseo_focuskw":"Gazeteciler Timur Soykan ve Murat A\u011f\u0131rel Adli Kontrol \u015eart\u0131yla Serbest B\u0131rak\u0131ld\u0131","_yoast_wpseo_title":"","_yoast_wpseo_metadesc":"G\u00f6zalt\u0131na al\u0131nan gazeteciler Timur Soykan ve Murat A\u011f\u0131rel adli kontrol \u015fartlar\u0131yla serbest b\u0131rak\u0131ld\u0131.","_bbp_topic_count":0,"_bbp_reply_count":0,"_bbp_total_topic_count":0,"_bbp_total_reply_count":0,"_bbp_voice_count":0,"_bbp_anonymous_reply_count":0,"_bbp_topic_count_hidden":0,"_bbp_reply_count_hidden":0,"_bbp_forum_subforum_count":0,"footnotes":"","_yoast_wpseo_focuskw_text_input":""},"categories":[1,8138,8226,37],"tags":[],"yoast_head":"<!-- This site is optimized with the Yoast SEO plugin v23.0 - https:\/\/yoast.com\/wordpress\/plugins\/seo\/ -->\n<title>Gazeteciler Timur Soykan ve Murat A\u011f\u0131rel Adli Kontrol \u015eart\u0131yla Serbest B\u0131rak\u0131ld\u0131 - The Epoch Times TR<\/title>\n<meta name=\"description\" content=\"G\u00f6zalt\u0131na al\u0131nan gazeteciler Timur Soykan ve Murat A\u011f\u0131rel adli kontrol \u015fartlar\u0131yla serbest b\u0131rak\u0131ld\u0131.\" \/>\n<meta name=\"robots\" content=\"index, follow, max-snippet:-1, max-image-preview:large, max-video-preview:-1\" \/>\n<link rel=\"canonical\" href=\"https:\/\/epochtimestr.com\/index.php\/gazeteciler-timur-soykan-ve-murat-agirel-adli-kontrol-sartiyla-serbest-birakildi\" \/>\n<meta property=\"og:locale\" content=\"tr_TR\" \/>\n<meta property=\"og:type\" content=\"article\" \/>\n<meta property=\"og:title\" content=\"Gazeteciler Timur Soykan ve Murat A\u011f\u0131rel Adli Kontrol \u015eart\u0131yla Serbest B\u0131rak\u0131ld\u0131 - The Epoch Times TR\" \/>\n<meta property=\"og:description\" content=\"G\u00f6zalt\u0131na al\u0131nan gazeteciler Timur Soykan ve Murat A\u011f\u0131rel adli kontrol \u015fartlar\u0131yla serbest b\u0131rak\u0131ld\u0131.\" \/>\n<meta property=\"og:url\" content=\"https:\/\/epochtimestr.com\/index.php\/gazeteciler-timur-soykan-ve-murat-agirel-adli-kontrol-sartiyla-serbest-birakildi\" \/>\n<meta property=\"og:site_name\" content=\"The Epoch Times TR\" \/>\n<meta property=\"article:publisher\" content=\"https:\/\/www.facebook.com\/theepochtimestr\" \/>\n<meta property=\"article:published_time\" content=\"2025-04-11T14:48:38+00:00\" \/>\n<meta property=\"article:modified_time\" content=\"2025-04-11T14:50:42+00:00\" \/>\n<meta property=\"og:image\" content=\"https:\/\/epochtimestr.com\/wp-content\/uploads\/2011y\/murat-agirel-timur-soykan-1.webp\" \/>\n\t<meta property=\"og:image:width\" content=\"1280\" \/>\n\t<meta property=\"og:image:height\" content=\"720\" \/>\n\t<meta property=\"og:image:type\" content=\"image\/webp\" \/>\n<meta name=\"author\" content=\"Haber Merkezi\" \/>\n<meta name=\"twitter:card\" content=\"summary_large_image\" \/>\n<meta name=\"twitter:creator\" content=\"@TheEpochTimesTR\" \/>\n<meta name=\"twitter:site\" content=\"@TheEpochTimesTR\" \/>\n<meta name=\"twitter:label1\" content=\"Yazan:\" \/>\n\t<meta name=\"twitter:data1\" content=\"Haber Merkezi\" \/>\n\t<meta name=\"twitter:label2\" content=\"Tahmini okuma s\u00fcresi\" \/>\n\t<meta name=\"twitter:data2\" content=\"2 dakika\" \/>\n<script type=\"application\/ld+json\" class=\"yoast-schema-graph\">{\"@context\":\"https:\/\/schema.org\",\"@graph\":[{\"@type\":\"Article\",\"@id\":\"https:\/\/epochtimestr.com\/index.php\/gazeteciler-timur-soykan-ve-murat-agirel-adli-kontrol-sartiyla-serbest-birakildi#article\",\"isPartOf\":{\"@id\":\"https:\/\/epochtimestr.com\/index.php\/gazeteciler-timur-soykan-ve-murat-agirel-adli-kontrol-sartiyla-serbest-birakildi\"},\"author\":{\"name\":\"Haber Merkezi\",\"@id\":\"https:\/\/epochtimestr.com\/#\/schema\/person\/3dc5c3adeb9f43923c5aa85889172fdd\"},\"headline\":\"Gazeteciler Timur Soykan ve Murat A\u011f\u0131rel Adli Kontrol \u015eart\u0131yla Serbest B\u0131rak\u0131ld\u0131\",\"datePublished\":\"2025-04-11T14:48:38+00:00\",\"dateModified\":\"2025-04-11T14:50:42+00:00\",\"mainEntityOfPage\":{\"@id\":\"https:\/\/epochtimestr.com\/index.php\/gazeteciler-timur-soykan-ve-murat-agirel-adli-kontrol-sartiyla-serbest-birakildi\"},\"wordCount\":274,\"publisher\":{\"@id\":\"https:\/\/epochtimestr.com\/#organization\"},\"image\":{\"@id\":\"https:\/\/epochtimestr.com\/index.php\/gazeteciler-timur-soykan-ve-murat-agirel-adli-kontrol-sartiyla-serbest-birakildi#primaryimage\"},\"thumbnailUrl\":\"https:\/\/epochtimestr.com\/wp-content\/uploads\/2011y\/murat-agirel-timur-soykan-1.webp\",\"articleSection\":[\"G\u00dcNDEM\",\"MAN\u015eET\",\"Siyaset\",\"T\u00dcRK\u0130YE\"],\"inLanguage\":\"tr\"},{\"@type\":\"WebPage\",\"@id\":\"https:\/\/epochtimestr.com\/index.php\/gazeteciler-timur-soykan-ve-murat-agirel-adli-kontrol-sartiyla-serbest-birakildi\",\"url\":\"https:\/\/epochtimestr.com\/index.php\/gazeteciler-timur-soykan-ve-murat-agirel-adli-kontrol-sartiyla-serbest-birakildi\",\"name\":\"Gazeteciler Timur Soykan ve Murat A\u011f\u0131rel Adli Kontrol \u015eart\u0131yla Serbest B\u0131rak\u0131ld\u0131 - The Epoch Times TR\",\"isPartOf\":{\"@id\":\"https:\/\/epochtimestr.com\/#website\"},\"primaryImageOfPage\":{\"@id\":\"https:\/\/epochtimestr.com\/index.php\/gazeteciler-timur-soykan-ve-murat-agirel-adli-kontrol-sartiyla-serbest-birakildi#primaryimage\"},\"image\":{\"@id\":\"https:\/\/epochtimestr.com\/index.php\/gazeteciler-timur-soykan-ve-murat-agirel-adli-kontrol-sartiyla-serbest-birakildi#primaryimage\"},\"thumbnailUrl\":\"https:\/\/epochtimestr.com\/wp-content\/uploads\/2011y\/murat-agirel-timur-soykan-1.webp\",\"datePublished\":\"2025-04-11T14:48:38+00:00\",\"dateModified\":\"2025-04-11T14:50:42+00:00\",\"description\":\"G\u00f6zalt\u0131na al\u0131nan gazeteciler Timur Soykan ve Murat A\u011f\u0131rel adli kontrol \u015fartlar\u0131yla serbest b\u0131rak\u0131ld\u0131.\",\"inLanguage\":\"tr\",\"potentialAction\":[{\"@type\":\"ReadAction\",\"target\":[\"https:\/\/epochtimestr.com\/index.php\/gazeteciler-timur-soykan-ve-murat-agirel-adli-kontrol-sartiyla-serbest-birakildi\"]}]},{\"@type\":\"ImageObject\",\"inLanguage\":\"tr\",\"@id\":\"https:\/\/epochtimestr.com\/index.php\/gazeteciler-timur-soykan-ve-murat-agirel-adli-kontrol-sartiyla-serbest-birakildi#primaryimage\",\"url\":\"https:\/\/epochtimestr.com\/wp-content\/uploads\/2011y\/murat-agirel-timur-soykan-1.webp\",\"contentUrl\":\"https:\/\/epochtimestr.com\/wp-content\/uploads\/2011y\/murat-agirel-timur-soykan-1.webp\",\"width\":1280,\"height\":720},{\"@type\":\"WebSite\",\"@id\":\"https:\/\/epochtimestr.com\/#website\",\"url\":\"https:\/\/epochtimestr.com\/\",\"name\":\"The Epoch Times TR\",\"description\":\"De\u011fi\u015fen D\u00fcnyam\u0131za Taze Bir Bak\u0131\u015f\",\"publisher\":{\"@id\":\"https:\/\/epochtimestr.com\/#organization\"},\"potentialAction\":[{\"@type\":\"SearchAction\",\"target\":{\"@type\":\"EntryPoint\",\"urlTemplate\":\"https:\/\/epochtimestr.com\/?s={search_term_string}\"},\"query-input\":\"required name=search_term_string\"}],\"inLanguage\":\"tr\"},{\"@type\":\"Organization\",\"@id\":\"https:\/\/epochtimestr.com\/#organization\",\"name\":\"The EpochTimes T\u00fcrkiye\",\"url\":\"https:\/\/epochtimestr.com\/\",\"logo\":{\"@type\":\"ImageObject\",\"inLanguage\":\"tr\",\"@id\":\"https:\/\/epochtimestr.com\/#\/schema\/logo\/image\/\",\"url\":\"https:\/\/epochtimestr.com\/wp-content\/uploads\/2011y\/ET-Logo-YG.jpg\",\"contentUrl\":\"https:\/\/epochtimestr.com\/wp-content\/uploads\/2011y\/ET-Logo-YG.jpg\",\"width\":346,\"height\":29,\"caption\":\"The EpochTimes T\u00fcrkiye\"},\"image\":{\"@id\":\"https:\/\/epochtimestr.com\/#\/schema\/logo\/image\/\"},\"sameAs\":[\"https:\/\/www.facebook.com\/theepochtimestr\",\"https:\/\/x.com\/TheEpochTimesTR\",\"https:\/\/www.instagram.com\/epochtimestr\"]},{\"@type\":\"Person\",\"@id\":\"https:\/\/epochtimestr.com\/#\/schema\/person\/3dc5c3adeb9f43923c5aa85889172fdd\",\"name\":\"Haber Merkezi\",\"image\":{\"@type\":\"ImageObject\",\"inLanguage\":\"tr\",\"@id\":\"https:\/\/epochtimestr.com\/#\/schema\/person\/image\/\",\"url\":\"https:\/\/secure.gravatar.com\/avatar\/d73f772ba5a74f28601361e17c2f93e6?s=96&d=mm&r=g\",\"contentUrl\":\"https:\/\/secure.gravatar.com\/avatar\/d73f772ba5a74f28601361e17c2f93e6?s=96&d=mm&r=g\",\"caption\":\"Haber Merkezi\"},\"url\":\"https:\/\/epochtimestr.com\/index.php\/author\/sendag\"}]}<\/script>\n<!-- \/ Yoast SEO plugin. -->","yoast_head_json":{"title":"Gazeteciler Timur Soykan ve Murat A\u011f\u0131rel Adli Kontrol \u015eart\u0131yla Serbest B\u0131rak\u0131ld\u0131 - The Epoch Times TR","description":"G\u00f6zalt\u0131na al\u0131nan gazeteciler Timur Soykan ve Murat A\u011f\u0131rel adli kontrol \u015fartlar\u0131yla serbest b\u0131rak\u0131ld\u0131.","robots":{"index":"index","follow":"follow","max-snippet":"max-snippet:-1","max-image-preview":"max-image-preview:large","max-video-preview":"max-video-preview:-1"},"canonical":"https:\/\/epochtimestr.com\/index.php\/gazeteciler-timur-soykan-ve-murat-agirel-adli-kontrol-sartiyla-serbest-birakildi","og_locale":"tr_TR","og_type":"article","og_title":"Gazeteciler Timur Soykan ve Murat A\u011f\u0131rel Adli Kontrol \u015eart\u0131yla Serbest B\u0131rak\u0131ld\u0131 - The Epoch Times TR","og_description":"G\u00f6zalt\u0131na al\u0131nan gazeteciler Timur Soykan ve Murat A\u011f\u0131rel adli kontrol \u015fartlar\u0131yla serbest b\u0131rak\u0131ld\u0131.","og_url":"https:\/\/epochtimestr.com\/index.php\/gazeteciler-timur-soykan-ve-murat-agirel-adli-kontrol-sartiyla-serbest-birakildi","og_site_name":"The Epoch Times TR","article_publisher":"https:\/\/www.facebook.com\/theepochtimestr","article_published_time":"2025-04-11T14:48:38+00:00","article_modified_time":"2025-04-11T14:50:42+00:00","og_image":[{"width":1280,"height":720,"url":"https:\/\/epochtimestr.com\/wp-content\/uploads\/2011y\/murat-agirel-timur-soykan-1.webp","type":"image\/webp"}],"author":"Haber Merkezi","twitter_card":"summary_large_image","twitter_creator":"@TheEpochTimesTR","twitter_site":"@TheEpochTimesTR","twitter_misc":{"Yazan:":"Haber Merkezi","Tahmini okuma s\u00fcresi":"2 dakika"},"schema":{"@context":"https:\/\/schema.org","@graph":[{"@type":"Article","@id":"https:\/\/epochtimestr.com\/index.php\/gazeteciler-timur-soykan-ve-murat-agirel-adli-kontrol-sartiyla-serbest-birakildi#article","isPartOf":{"@id":"https:\/\/epochtimestr.com\/index.php\/gazeteciler-timur-soykan-ve-murat-agirel-adli-kontrol-sartiyla-serbest-birakildi"},"author":{"name":"Haber Merkezi","@id":"https:\/\/epochtimestr.com\/#\/schema\/person\/3dc5c3adeb9f43923c5aa85889172fdd"},"headline":"Gazeteciler Timur Soykan ve Murat A\u011f\u0131rel Adli Kontrol \u015eart\u0131yla Serbest B\u0131rak\u0131ld\u0131","datePublished":"2025-04-11T14:48:38+00:00","dateModified":"2025-04-11T14:50:42+00:00","mainEntityOfPage":{"@id":"https:\/\/epochtimestr.com\/index.php\/gazeteciler-timur-soykan-ve-murat-agirel-adli-kontrol-sartiyla-serbest-birakildi"},"wordCount":274,"publisher":{"@id":"https:\/\/epochtimestr.com\/#organization"},"image":{"@id":"https:\/\/epochtimestr.com\/index.php\/gazeteciler-timur-soykan-ve-murat-agirel-adli-kontrol-sartiyla-serbest-birakildi#primaryimage"},"thumbnailUrl":"https:\/\/epochtimestr.com\/wp-content\/uploads\/2011y\/murat-agirel-timur-soykan-1.webp","articleSection":["G\u00dcNDEM","MAN\u015eET","Siyaset","T\u00dcRK\u0130YE"],"inLanguage":"tr"},{"@type":"WebPage","@id":"https:\/\/epochtimestr.com\/index.php\/gazeteciler-timur-soykan-ve-murat-agirel-adli-kontrol-sartiyla-serbest-birakildi","url":"https:\/\/epochtimestr.com\/index.php\/gazeteciler-timur-soykan-ve-murat-agirel-adli-kontrol-sartiyla-serbest-birakildi","name":"Gazeteciler Timur Soykan ve Murat A\u011f\u0131rel Adli Kontrol \u015eart\u0131yla Serbest B\u0131rak\u0131ld\u0131 - The Epoch Times TR","isPartOf":{"@id":"https:\/\/epochtimestr.com\/#website"},"primaryImageOfPage":{"@id":"https:\/\/epochtimestr.com\/index.php\/gazeteciler-timur-soykan-ve-murat-agirel-adli-kontrol-sartiyla-serbest-birakildi#primaryimage"},"image":{"@id":"https:\/\/epochtimestr.com\/index.php\/gazeteciler-timur-soykan-ve-murat-agirel-adli-kontrol-sartiyla-serbest-birakildi#primaryimage"},"thumbnailUrl":"https:\/\/epochtimestr.com\/wp-content\/uploads\/2011y\/murat-agirel-timur-soykan-1.webp","datePublished":"2025-04-11T14:48:38+00:00","dateModified":"2025-04-11T14:50:42+00:00","description":"G\u00f6zalt\u0131na al\u0131nan gazeteciler Timur Soykan ve Murat A\u011f\u0131rel adli kontrol \u015fartlar\u0131yla serbest b\u0131rak\u0131ld\u0131.","inLanguage":"tr","potentialAction":[{"@type":"ReadAction","target":["https:\/\/epochtimestr.com\/index.php\/gazeteciler-timur-soykan-ve-murat-agirel-adli-kontrol-sartiyla-serbest-birakildi"]}]},{"@type":"ImageObject","inLanguage":"tr","@id":"https:\/\/epochtimestr.com\/index.php\/gazeteciler-timur-soykan-ve-murat-agirel-adli-kontrol-sartiyla-serbest-birakildi#primaryimage","url":"https:\/\/epochtimestr.com\/wp-content\/uploads\/2011y\/murat-agirel-timur-soykan-1.webp","contentUrl":"https:\/\/epochtimestr.com\/wp-content\/uploads\/2011y\/murat-agirel-timur-soykan-1.webp","width":1280,"height":720},{"@type":"WebSite","@id":"https:\/\/epochtimestr.com\/#website","url":"https:\/\/epochtimestr.com\/","name":"The Epoch Times TR","description":"De\u011fi\u015fen D\u00fcnyam\u0131za Taze Bir Bak\u0131\u015f","publisher":{"@id":"https:\/\/epochtimestr.com\/#organization"},"potentialAction":[{"@type":"SearchAction","target":{"@type":"EntryPoint","urlTemplate":"https:\/\/epochtimestr.com\/?s={search_term_string}"},"query-input":"required name=search_term_string"}],"inLanguage":"tr"},{"@type":"Organization","@id":"https:\/\/epochtimestr.com\/#organization","name":"The EpochTimes T\u00fcrkiye","url":"https:\/\/epochtimestr.com\/","logo":{"@type":"ImageObject","inLanguage":"tr","@id":"https:\/\/epochtimestr.com\/#\/schema\/logo\/image\/","url":"https:\/\/epochtimestr.com\/wp-content\/uploads\/2011y\/ET-Logo-YG.jpg","contentUrl":"https:\/\/epochtimestr.com\/wp-content\/uploads\/2011y\/ET-Logo-YG.jpg","width":346,"height":29,"caption":"The EpochTimes T\u00fcrkiye"},"image":{"@id":"https:\/\/epochtimestr.com\/#\/schema\/logo\/image\/"},"sameAs":["https:\/\/www.facebook.com\/theepochtimestr","https:\/\/x.com\/TheEpochTimesTR","https:\/\/www.instagram.com\/epochtimestr"]},{"@type":"Person","@id":"https:\/\/epochtimestr.com\/#\/schema\/person\/3dc5c3adeb9f43923c5aa85889172fdd","name":"Haber Merkezi","image":{"@type":"ImageObject","inLanguage":"tr","@id":"https:\/\/epochtimestr.com\/#\/schema\/person\/image\/","url":"https:\/\/secure.gravatar.com\/avatar\/d73f772ba5a74f28601361e17c2f93e6?s=96&d=mm&r=g","contentUrl":"https:\/\/secure.gravatar.com\/avatar\/d73f772ba5a74f28601361e17c2f93e6?s=96&d=mm&r=g","caption":"Haber Merkezi"},"url":"https:\/\/epochtimestr.com\/index.php\/author\/sendag"}]}},"_links":{"self":[{"href":"https:\/\/epochtimestr.com\/index.php\/wp-json\/wp\/v2\/posts\/157618"}],"collection":[{"href":"https:\/\/epochtimestr.com\/index.php\/wp-json\/wp\/v2\/posts"}],"about":[{"href":"https:\/\/epochtimestr.com\/index.php\/wp-json\/wp\/v2\/types\/post"}],"author":[{"embeddable":true,"href":"https:\/\/epochtimestr.com\/index.php\/wp-json\/wp\/v2\/users\/12791"}],"replies":[{"embeddable":true,"href":"https:\/\/epochtimestr.com\/index.php\/wp-json\/wp\/v2\/comments?post=157618"}],"version-history":[{"count":2,"href":"https:\/\/epochtimestr.com\/index.php\/wp-json\/wp\/v2\/posts\/157618\/revisions"}],"predecessor-version":[{"id":157621,"href":"https:\/\/epochtimestr.com\/index.php\/wp-json\/wp\/v2\/posts\/157618\/revisions\/157621"}],"wp:featuredmedia":[{"embeddable":true,"href":"https:\/\/epochtimestr.com\/index.php\/wp-json\/wp\/v2\/media\/157619"}],"wp:attachment":[{"href":"https:\/\/epochtimestr.com\/index.php\/wp-json\/wp\/v2\/media?parent=157618"}],"wp:term":[{"taxonomy":"category","embeddable":true,"href":"https:\/\/epochtimestr.com\/index.php\/wp-json\/wp\/v2\/categories?post=157618"},{"taxonomy":"post_tag","embeddable":true,"href":"https:\/\/epochtimestr.com\/index.php\/wp-json\/wp\/v2\/tags?post=157618"}],"curies":[{"name":"wp","href":"https:\/\/api.w.org\/{rel}","templated":true}]}}