{"id":157627,"date":"2025-04-12T00:19:03","date_gmt":"2025-04-11T21:19:03","guid":{"rendered":"https:\/\/epochtimestr.com\/?p=157627"},"modified":"2025-04-12T00:19:05","modified_gmt":"2025-04-11T21:19:05","slug":"cumhurbaskani-erdogan-ve-katar-basbakani-ve-disisleri-bakani-al-sani-gorustu","status":"publish","type":"post","link":"https:\/\/epochtimestr.com\/index.php\/cumhurbaskani-erdogan-ve-katar-basbakani-ve-disisleri-bakani-al-sani-gorustu","title":{"rendered":"Cumhurba\u015fkan\u0131 Erdo\u011fan ve Katar Ba\u015fbakan\u0131 ve D\u0131\u015fi\u015fleri Bakan\u0131 Al Sani g\u00f6r\u00fc\u015ft\u00fc"},"content":{"rendered":"\n<p><\/p>\n\n\n<div class=\"wp-block-image\">\n<figure class=\"aligncenter size-full\"><img loading=\"lazy\" decoding=\"async\" width=\"680\" height=\"504\" src=\"https:\/\/epochtimestr.com\/wp-content\/uploads\/2011y\/erdogan-69.jpg\" alt=\"\" class=\"wp-image-157628\" srcset=\"https:\/\/epochtimestr.com\/wp-content\/uploads\/2011y\/erdogan-69.jpg 680w, https:\/\/epochtimestr.com\/wp-content\/uploads\/2011y\/erdogan-69-300x222.jpg 300w, https:\/\/epochtimestr.com\/wp-content\/uploads\/2011y\/erdogan-69-150x111.jpg 150w, https:\/\/epochtimestr.com\/wp-content\/uploads\/2011y\/erdogan-69-86x64.jpg 86w\" sizes=\"(max-width: 680px) 100vw, 680px\" \/><figcaption class=\"wp-element-caption\">Cumhurba\u015fkan\u0131 Erdo\u011fan ve Katar Ba\u015fbakan\u0131 ve D\u0131\u015fi\u015fleri Bakan\u0131 Al Sani g\u00f6r\u00fc\u015ft\u00fc<\/figcaption><\/figure><\/div>\n\n\n<h2 class=\"wp-block-heading\">Cumhurba\u015fkan\u0131 Recep Tayyip Erdo\u011fan, Antalya Diplomasi Forumu i\u00e7in T\u00fcrkiye\u2019de bulunan Katar Ba\u015fbakan\u0131 ve D\u0131\u015fi\u015fleri Bakan\u0131 Muhammed bin Abdurrahman Al Sani ile bir g\u00f6r\u00fc\u015fme ger\u00e7ekle\u015ftirdi.<\/h2>\n\n\n\n<p>Cumhurba\u015fkan\u0131 Recep Tayyip <a href=\"https:\/\/epochtimestr.com\/index.php\/israil-disisleri-bakani-saardan-erdogana-antisemit-suclamasi\">Erdo\u011fan<\/a>, Katar Ba\u015fbakan\u0131 ve D\u0131\u015fi\u015fleri Bakan\u0131 \u015eeyh Muhammed bin Abdurrahman Al Sani ile g\u00f6r\u00fc\u015fmesinde,<a href=\"https:\/\/epochtimestr.com\/index.php\/turkiye-ile-katar-arasinda-8-yeni-anlasma-imzalandi\"> Katar<\/a>&#8216;\u0131n b\u00f6lgesel gerilimlerde oynad\u0131\u011f\u0131 arabuluculuk rol\u00fcn\u00fcn de\u011ferli oldu\u011funu, Gazze&#8217;de ate\u015fkesin yeniden tesisi i\u00e7in gayretlerin devam etti\u011fini belirtti.<br \/>Cumhurba\u015fkanl\u0131\u011f\u0131 \u0130leti\u015fim Ba\u015fkanl\u0131\u011f\u0131ndan, Erdo\u011fan ile Al Sani&#8217;nin Antalya Diplomasi Forumu kapsam\u0131ndaki g\u00f6r\u00fc\u015fmesine ili\u015fkin a\u00e7\u0131klama yap\u0131ld\u0131.<br \/>A\u00e7\u0131klamaya g\u00f6re, g\u00f6r\u00fc\u015fmede T\u00fcrkiye-Katar ikili ili\u015fkileri ile b\u00f6lgesel ve k\u00fcresel konular ele al\u0131nd\u0131.<br \/>Cumhurba\u015fkan\u0131 Erdo\u011fan, g\u00f6r\u00fc\u015fmede, T\u00fcrkiye&#8217;nin Katar ile ili\u015fkilerini karde\u015flik hukuku i\u00e7erisinde her alanda geli\u015ftirdi\u011fini ifade etti.<br \/>Erdo\u011fan, Katar&#8217;\u0131n b\u00f6lgesel gerilimlerde oynad\u0131\u011f\u0131 arabuluculuk rol\u00fcn\u00fcn de\u011ferli oldu\u011funu, Gazze&#8217;de ate\u015fkesin yeniden tesisi i\u00e7in gayretlerin devam etti\u011fini vurgulad\u0131.<\/p>\n\n\n\n<figure class=\"wp-block-embed is-type-rich is-provider-twitter wp-block-embed-twitter\"><div class=\"wp-block-embed__wrapper\">\n<blockquote class=\"twitter-tweet\" data-width=\"550\" data-dnt=\"true\"><p lang=\"tr\" dir=\"ltr\">Cumhurba\u015fkan\u0131m\u0131z Say\u0131n Recep Tayyip Erdo\u011fan, Antalya Diplomasi Forumu i\u00e7in T\u00fcrkiye\u2019de bulunan Katar Ba\u015fbakan\u0131 ve D\u0131\u015fi\u015fleri Bakan\u0131 \u015eeyh Muhammed bin Abdurrahman El Sani\u2019yi kabul etti. <br><br>G\u00f6r\u00fc\u015fmede T\u00fcrkiye ile Katar ikili ili\u015fkileri, b\u00f6lgesel ve k\u00fcresel konular ele al\u0131nd\u0131.\u2026 <a href=\"https:\/\/t.co\/0v9D0DtLiw\">pic.twitter.com\/0v9D0DtLiw<\/a><\/p>&mdash; T.C. \u0130leti\u015fim Ba\u015fkanl\u0131\u011f\u0131 (@iletisim) <a href=\"https:\/\/twitter.com\/iletisim\/status\/1910745190727553339?ref_src=twsrc%5Etfw\">April 11, 2025<\/a><\/blockquote><script async src=\"https:\/\/platform.twitter.com\/widgets.js\" charset=\"utf-8\"><\/script>\n<\/div><\/figure>\n","protected":false},"excerpt":{"rendered":"<p>Cumhurba\u015fkan\u0131 Recep Tayyip Erdo\u011fan, Antalya Diplomasi Forumu i\u00e7in T\u00fcrkiye\u2019de bulunan Katar Ba\u015fbakan\u0131 ve D\u0131\u015fi\u015fleri Bakan\u0131 Muhammed bin Abdurrahman Al Sani ile bir g\u00f6r\u00fc\u015fme ger\u00e7ekle\u015ftirdi. Cumhurba\u015fkan\u0131 Recep Tayyip Erdo\u011fan, Katar Ba\u015fbakan\u0131 ve D\u0131\u015fi\u015fleri Bakan\u0131 \u015eeyh Muhammed bin Abdurrahman Al Sani ile g\u00f6r\u00fc\u015fmesinde, Katar&#8216;\u0131n b\u00f6lgesel gerilimlerde oynad\u0131\u011f\u0131 arabuluculuk rol\u00fcn\u00fcn de\u011ferli oldu\u011funu, Gazze&#8217;de ate\u015fkesin yeniden tesisi i\u00e7in gayretlerin [&hellip;]<\/p>\n","protected":false},"author":12791,"featured_media":157628,"comment_status":"closed","ping_status":"open","sticky":false,"template":"","format":"standard","meta":{"_yoast_wpseo_focuskw":"Cumhurba\u015fkan\u0131 Erdo\u011fan ve Katar Ba\u015fbakan\u0131 ve D\u0131\u015fi\u015fleri Bakan\u0131 Al Sani g\u00f6r\u00fc\u015ft\u00fc","_yoast_wpseo_title":"","_yoast_wpseo_metadesc":"Cumhurba\u015fkan\u0131 Recep Tayyip Erdo\u011fan, Antalya Diplomasi Forumu i\u00e7in T\u00fcrkiye\u2019de bulunan Katar Ba\u015fbakan\u0131 ve D\u0131\u015fi\u015fleri Bakan\u0131 Muhammed bin Abdurrahman Al Sani ile bir g\u00f6r\u00fc\u015fme ger\u00e7ekle\u015ftirdi.","_bbp_topic_count":0,"_bbp_reply_count":0,"_bbp_total_topic_count":0,"_bbp_total_reply_count":0,"_bbp_voice_count":0,"_bbp_anonymous_reply_count":0,"_bbp_topic_count_hidden":0,"_bbp_reply_count_hidden":0,"_bbp_forum_subforum_count":0,"footnotes":"","_yoast_wpseo_focuskw_text_input":""},"categories":[1,8138,8226,37],"tags":[],"yoast_head":"<!-- This site is optimized with the Yoast SEO plugin v23.0 - https:\/\/yoast.com\/wordpress\/plugins\/seo\/ -->\n<title>Cumhurba\u015fkan\u0131 Erdo\u011fan ve Katar Ba\u015fbakan\u0131 ve D\u0131\u015fi\u015fleri Bakan\u0131 Al Sani g\u00f6r\u00fc\u015ft\u00fc - The Epoch Times TR<\/title>\n<meta name=\"description\" content=\"Cumhurba\u015fkan\u0131 Recep Tayyip Erdo\u011fan, Antalya Diplomasi Forumu i\u00e7in T\u00fcrkiye\u2019de bulunan Katar Ba\u015fbakan\u0131 ve D\u0131\u015fi\u015fleri Bakan\u0131 Muhammed bin Abdurrahman Al Sani ile bir g\u00f6r\u00fc\u015fme ger\u00e7ekle\u015ftirdi.\" \/>\n<meta name=\"robots\" content=\"index, follow, max-snippet:-1, max-image-preview:large, max-video-preview:-1\" \/>\n<link rel=\"canonical\" href=\"https:\/\/epochtimestr.com\/index.php\/cumhurbaskani-erdogan-ve-katar-basbakani-ve-disisleri-bakani-al-sani-gorustu\" \/>\n<meta property=\"og:locale\" content=\"tr_TR\" \/>\n<meta property=\"og:type\" content=\"article\" \/>\n<meta property=\"og:title\" content=\"Cumhurba\u015fkan\u0131 Erdo\u011fan ve Katar Ba\u015fbakan\u0131 ve D\u0131\u015fi\u015fleri Bakan\u0131 Al Sani g\u00f6r\u00fc\u015ft\u00fc - The Epoch Times TR\" \/>\n<meta property=\"og:description\" content=\"Cumhurba\u015fkan\u0131 Recep Tayyip Erdo\u011fan, Antalya Diplomasi Forumu i\u00e7in T\u00fcrkiye\u2019de bulunan Katar Ba\u015fbakan\u0131 ve D\u0131\u015fi\u015fleri Bakan\u0131 Muhammed bin Abdurrahman Al Sani ile bir g\u00f6r\u00fc\u015fme ger\u00e7ekle\u015ftirdi.\" \/>\n<meta property=\"og:url\" content=\"https:\/\/epochtimestr.com\/index.php\/cumhurbaskani-erdogan-ve-katar-basbakani-ve-disisleri-bakani-al-sani-gorustu\" \/>\n<meta property=\"og:site_name\" content=\"The Epoch Times TR\" \/>\n<meta property=\"article:publisher\" content=\"https:\/\/www.facebook.com\/theepochtimestr\" \/>\n<meta property=\"article:published_time\" content=\"2025-04-11T21:19:03+00:00\" \/>\n<meta property=\"article:modified_time\" content=\"2025-04-11T21:19:05+00:00\" \/>\n<meta property=\"og:image\" content=\"https:\/\/epochtimestr.com\/wp-content\/uploads\/2011y\/erdogan-69.jpg\" \/>\n\t<meta property=\"og:image:width\" content=\"680\" \/>\n\t<meta property=\"og:image:height\" content=\"504\" \/>\n\t<meta property=\"og:image:type\" content=\"image\/jpeg\" \/>\n<meta name=\"author\" content=\"Haber Merkezi\" \/>\n<meta name=\"twitter:card\" content=\"summary_large_image\" \/>\n<meta name=\"twitter:creator\" content=\"@TheEpochTimesTR\" \/>\n<meta name=\"twitter:site\" content=\"@TheEpochTimesTR\" \/>\n<meta name=\"twitter:label1\" content=\"Yazan:\" \/>\n\t<meta name=\"twitter:data1\" content=\"Haber Merkezi\" \/>\n\t<meta name=\"twitter:label2\" content=\"Tahmini okuma s\u00fcresi\" \/>\n\t<meta name=\"twitter:data2\" content=\"2 dakika\" \/>\n<script type=\"application\/ld+json\" class=\"yoast-schema-graph\">{\"@context\":\"https:\/\/schema.org\",\"@graph\":[{\"@type\":\"Article\",\"@id\":\"https:\/\/epochtimestr.com\/index.php\/cumhurbaskani-erdogan-ve-katar-basbakani-ve-disisleri-bakani-al-sani-gorustu#article\",\"isPartOf\":{\"@id\":\"https:\/\/epochtimestr.com\/index.php\/cumhurbaskani-erdogan-ve-katar-basbakani-ve-disisleri-bakani-al-sani-gorustu\"},\"author\":{\"name\":\"Haber Merkezi\",\"@id\":\"https:\/\/epochtimestr.com\/#\/schema\/person\/3dc5c3adeb9f43923c5aa85889172fdd\"},\"headline\":\"Cumhurba\u015fkan\u0131 Erdo\u011fan ve Katar Ba\u015fbakan\u0131 ve D\u0131\u015fi\u015fleri Bakan\u0131 Al Sani g\u00f6r\u00fc\u015ft\u00fc\",\"datePublished\":\"2025-04-11T21:19:03+00:00\",\"dateModified\":\"2025-04-11T21:19:05+00:00\",\"mainEntityOfPage\":{\"@id\":\"https:\/\/epochtimestr.com\/index.php\/cumhurbaskani-erdogan-ve-katar-basbakani-ve-disisleri-bakani-al-sani-gorustu\"},\"wordCount\":228,\"publisher\":{\"@id\":\"https:\/\/epochtimestr.com\/#organization\"},\"image\":{\"@id\":\"https:\/\/epochtimestr.com\/index.php\/cumhurbaskani-erdogan-ve-katar-basbakani-ve-disisleri-bakani-al-sani-gorustu#primaryimage\"},\"thumbnailUrl\":\"https:\/\/epochtimestr.com\/wp-content\/uploads\/2011y\/erdogan-69.jpg\",\"articleSection\":[\"G\u00dcNDEM\",\"MAN\u015eET\",\"Siyaset\",\"T\u00dcRK\u0130YE\"],\"inLanguage\":\"tr\"},{\"@type\":\"WebPage\",\"@id\":\"https:\/\/epochtimestr.com\/index.php\/cumhurbaskani-erdogan-ve-katar-basbakani-ve-disisleri-bakani-al-sani-gorustu\",\"url\":\"https:\/\/epochtimestr.com\/index.php\/cumhurbaskani-erdogan-ve-katar-basbakani-ve-disisleri-bakani-al-sani-gorustu\",\"name\":\"Cumhurba\u015fkan\u0131 Erdo\u011fan ve Katar Ba\u015fbakan\u0131 ve D\u0131\u015fi\u015fleri Bakan\u0131 Al Sani g\u00f6r\u00fc\u015ft\u00fc - The Epoch Times TR\",\"isPartOf\":{\"@id\":\"https:\/\/epochtimestr.com\/#website\"},\"primaryImageOfPage\":{\"@id\":\"https:\/\/epochtimestr.com\/index.php\/cumhurbaskani-erdogan-ve-katar-basbakani-ve-disisleri-bakani-al-sani-gorustu#primaryimage\"},\"image\":{\"@id\":\"https:\/\/epochtimestr.com\/index.php\/cumhurbaskani-erdogan-ve-katar-basbakani-ve-disisleri-bakani-al-sani-gorustu#primaryimage\"},\"thumbnailUrl\":\"https:\/\/epochtimestr.com\/wp-content\/uploads\/2011y\/erdogan-69.jpg\",\"datePublished\":\"2025-04-11T21:19:03+00:00\",\"dateModified\":\"2025-04-11T21:19:05+00:00\",\"description\":\"Cumhurba\u015fkan\u0131 Recep Tayyip Erdo\u011fan, Antalya Diplomasi Forumu i\u00e7in T\u00fcrkiye\u2019de bulunan Katar Ba\u015fbakan\u0131 ve D\u0131\u015fi\u015fleri Bakan\u0131 Muhammed bin Abdurrahman Al Sani ile bir g\u00f6r\u00fc\u015fme ger\u00e7ekle\u015ftirdi.\",\"inLanguage\":\"tr\",\"potentialAction\":[{\"@type\":\"ReadAction\",\"target\":[\"https:\/\/epochtimestr.com\/index.php\/cumhurbaskani-erdogan-ve-katar-basbakani-ve-disisleri-bakani-al-sani-gorustu\"]}]},{\"@type\":\"ImageObject\",\"inLanguage\":\"tr\",\"@id\":\"https:\/\/epochtimestr.com\/index.php\/cumhurbaskani-erdogan-ve-katar-basbakani-ve-disisleri-bakani-al-sani-gorustu#primaryimage\",\"url\":\"https:\/\/epochtimestr.com\/wp-content\/uploads\/2011y\/erdogan-69.jpg\",\"contentUrl\":\"https:\/\/epochtimestr.com\/wp-content\/uploads\/2011y\/erdogan-69.jpg\",\"width\":680,\"height\":504},{\"@type\":\"WebSite\",\"@id\":\"https:\/\/epochtimestr.com\/#website\",\"url\":\"https:\/\/epochtimestr.com\/\",\"name\":\"The Epoch Times TR\",\"description\":\"De\u011fi\u015fen D\u00fcnyam\u0131za Taze Bir Bak\u0131\u015f\",\"publisher\":{\"@id\":\"https:\/\/epochtimestr.com\/#organization\"},\"potentialAction\":[{\"@type\":\"SearchAction\",\"target\":{\"@type\":\"EntryPoint\",\"urlTemplate\":\"https:\/\/epochtimestr.com\/?s={search_term_string}\"},\"query-input\":\"required name=search_term_string\"}],\"inLanguage\":\"tr\"},{\"@type\":\"Organization\",\"@id\":\"https:\/\/epochtimestr.com\/#organization\",\"name\":\"The EpochTimes T\u00fcrkiye\",\"url\":\"https:\/\/epochtimestr.com\/\",\"logo\":{\"@type\":\"ImageObject\",\"inLanguage\":\"tr\",\"@id\":\"https:\/\/epochtimestr.com\/#\/schema\/logo\/image\/\",\"url\":\"https:\/\/epochtimestr.com\/wp-content\/uploads\/2011y\/ET-Logo-YG.jpg\",\"contentUrl\":\"https:\/\/epochtimestr.com\/wp-content\/uploads\/2011y\/ET-Logo-YG.jpg\",\"width\":346,\"height\":29,\"caption\":\"The EpochTimes T\u00fcrkiye\"},\"image\":{\"@id\":\"https:\/\/epochtimestr.com\/#\/schema\/logo\/image\/\"},\"sameAs\":[\"https:\/\/www.facebook.com\/theepochtimestr\",\"https:\/\/x.com\/TheEpochTimesTR\",\"https:\/\/www.instagram.com\/epochtimestr\"]},{\"@type\":\"Person\",\"@id\":\"https:\/\/epochtimestr.com\/#\/schema\/person\/3dc5c3adeb9f43923c5aa85889172fdd\",\"name\":\"Haber Merkezi\",\"image\":{\"@type\":\"ImageObject\",\"inLanguage\":\"tr\",\"@id\":\"https:\/\/epochtimestr.com\/#\/schema\/person\/image\/\",\"url\":\"https:\/\/secure.gravatar.com\/avatar\/d73f772ba5a74f28601361e17c2f93e6?s=96&d=mm&r=g\",\"contentUrl\":\"https:\/\/secure.gravatar.com\/avatar\/d73f772ba5a74f28601361e17c2f93e6?s=96&d=mm&r=g\",\"caption\":\"Haber Merkezi\"},\"url\":\"https:\/\/epochtimestr.com\/index.php\/author\/sendag\"}]}<\/script>\n<!-- \/ Yoast SEO plugin. -->","yoast_head_json":{"title":"Cumhurba\u015fkan\u0131 Erdo\u011fan ve Katar Ba\u015fbakan\u0131 ve D\u0131\u015fi\u015fleri Bakan\u0131 Al Sani g\u00f6r\u00fc\u015ft\u00fc - The Epoch Times TR","description":"Cumhurba\u015fkan\u0131 Recep Tayyip Erdo\u011fan, Antalya Diplomasi Forumu i\u00e7in T\u00fcrkiye\u2019de bulunan Katar Ba\u015fbakan\u0131 ve D\u0131\u015fi\u015fleri Bakan\u0131 Muhammed bin Abdurrahman Al Sani ile bir g\u00f6r\u00fc\u015fme ger\u00e7ekle\u015ftirdi.","robots":{"index":"index","follow":"follow","max-snippet":"max-snippet:-1","max-image-preview":"max-image-preview:large","max-video-preview":"max-video-preview:-1"},"canonical":"https:\/\/epochtimestr.com\/index.php\/cumhurbaskani-erdogan-ve-katar-basbakani-ve-disisleri-bakani-al-sani-gorustu","og_locale":"tr_TR","og_type":"article","og_title":"Cumhurba\u015fkan\u0131 Erdo\u011fan ve Katar Ba\u015fbakan\u0131 ve D\u0131\u015fi\u015fleri Bakan\u0131 Al Sani g\u00f6r\u00fc\u015ft\u00fc - The Epoch Times TR","og_description":"Cumhurba\u015fkan\u0131 Recep Tayyip Erdo\u011fan, Antalya Diplomasi Forumu i\u00e7in T\u00fcrkiye\u2019de bulunan Katar Ba\u015fbakan\u0131 ve D\u0131\u015fi\u015fleri Bakan\u0131 Muhammed bin Abdurrahman Al Sani ile bir g\u00f6r\u00fc\u015fme ger\u00e7ekle\u015ftirdi.","og_url":"https:\/\/epochtimestr.com\/index.php\/cumhurbaskani-erdogan-ve-katar-basbakani-ve-disisleri-bakani-al-sani-gorustu","og_site_name":"The Epoch Times TR","article_publisher":"https:\/\/www.facebook.com\/theepochtimestr","article_published_time":"2025-04-11T21:19:03+00:00","article_modified_time":"2025-04-11T21:19:05+00:00","og_image":[{"width":680,"height":504,"url":"https:\/\/epochtimestr.com\/wp-content\/uploads\/2011y\/erdogan-69.jpg","type":"image\/jpeg"}],"author":"Haber Merkezi","twitter_card":"summary_large_image","twitter_creator":"@TheEpochTimesTR","twitter_site":"@TheEpochTimesTR","twitter_misc":{"Yazan:":"Haber Merkezi","Tahmini okuma s\u00fcresi":"2 dakika"},"schema":{"@context":"https:\/\/schema.org","@graph":[{"@type":"Article","@id":"https:\/\/epochtimestr.com\/index.php\/cumhurbaskani-erdogan-ve-katar-basbakani-ve-disisleri-bakani-al-sani-gorustu#article","isPartOf":{"@id":"https:\/\/epochtimestr.com\/index.php\/cumhurbaskani-erdogan-ve-katar-basbakani-ve-disisleri-bakani-al-sani-gorustu"},"author":{"name":"Haber Merkezi","@id":"https:\/\/epochtimestr.com\/#\/schema\/person\/3dc5c3adeb9f43923c5aa85889172fdd"},"headline":"Cumhurba\u015fkan\u0131 Erdo\u011fan ve Katar Ba\u015fbakan\u0131 ve D\u0131\u015fi\u015fleri Bakan\u0131 Al Sani g\u00f6r\u00fc\u015ft\u00fc","datePublished":"2025-04-11T21:19:03+00:00","dateModified":"2025-04-11T21:19:05+00:00","mainEntityOfPage":{"@id":"https:\/\/epochtimestr.com\/index.php\/cumhurbaskani-erdogan-ve-katar-basbakani-ve-disisleri-bakani-al-sani-gorustu"},"wordCount":228,"publisher":{"@id":"https:\/\/epochtimestr.com\/#organization"},"image":{"@id":"https:\/\/epochtimestr.com\/index.php\/cumhurbaskani-erdogan-ve-katar-basbakani-ve-disisleri-bakani-al-sani-gorustu#primaryimage"},"thumbnailUrl":"https:\/\/epochtimestr.com\/wp-content\/uploads\/2011y\/erdogan-69.jpg","articleSection":["G\u00dcNDEM","MAN\u015eET","Siyaset","T\u00dcRK\u0130YE"],"inLanguage":"tr"},{"@type":"WebPage","@id":"https:\/\/epochtimestr.com\/index.php\/cumhurbaskani-erdogan-ve-katar-basbakani-ve-disisleri-bakani-al-sani-gorustu","url":"https:\/\/epochtimestr.com\/index.php\/cumhurbaskani-erdogan-ve-katar-basbakani-ve-disisleri-bakani-al-sani-gorustu","name":"Cumhurba\u015fkan\u0131 Erdo\u011fan ve Katar Ba\u015fbakan\u0131 ve D\u0131\u015fi\u015fleri Bakan\u0131 Al Sani g\u00f6r\u00fc\u015ft\u00fc - The Epoch Times TR","isPartOf":{"@id":"https:\/\/epochtimestr.com\/#website"},"primaryImageOfPage":{"@id":"https:\/\/epochtimestr.com\/index.php\/cumhurbaskani-erdogan-ve-katar-basbakani-ve-disisleri-bakani-al-sani-gorustu#primaryimage"},"image":{"@id":"https:\/\/epochtimestr.com\/index.php\/cumhurbaskani-erdogan-ve-katar-basbakani-ve-disisleri-bakani-al-sani-gorustu#primaryimage"},"thumbnailUrl":"https:\/\/epochtimestr.com\/wp-content\/uploads\/2011y\/erdogan-69.jpg","datePublished":"2025-04-11T21:19:03+00:00","dateModified":"2025-04-11T21:19:05+00:00","description":"Cumhurba\u015fkan\u0131 Recep Tayyip Erdo\u011fan, Antalya Diplomasi Forumu i\u00e7in T\u00fcrkiye\u2019de bulunan Katar Ba\u015fbakan\u0131 ve D\u0131\u015fi\u015fleri Bakan\u0131 Muhammed bin Abdurrahman Al Sani ile bir g\u00f6r\u00fc\u015fme ger\u00e7ekle\u015ftirdi.","inLanguage":"tr","potentialAction":[{"@type":"ReadAction","target":["https:\/\/epochtimestr.com\/index.php\/cumhurbaskani-erdogan-ve-katar-basbakani-ve-disisleri-bakani-al-sani-gorustu"]}]},{"@type":"ImageObject","inLanguage":"tr","@id":"https:\/\/epochtimestr.com\/index.php\/cumhurbaskani-erdogan-ve-katar-basbakani-ve-disisleri-bakani-al-sani-gorustu#primaryimage","url":"https:\/\/epochtimestr.com\/wp-content\/uploads\/2011y\/erdogan-69.jpg","contentUrl":"https:\/\/epochtimestr.com\/wp-content\/uploads\/2011y\/erdogan-69.jpg","width":680,"height":504},{"@type":"WebSite","@id":"https:\/\/epochtimestr.com\/#website","url":"https:\/\/epochtimestr.com\/","name":"The Epoch Times TR","description":"De\u011fi\u015fen D\u00fcnyam\u0131za Taze Bir Bak\u0131\u015f","publisher":{"@id":"https:\/\/epochtimestr.com\/#organization"},"potentialAction":[{"@type":"SearchAction","target":{"@type":"EntryPoint","urlTemplate":"https:\/\/epochtimestr.com\/?s={search_term_string}"},"query-input":"required name=search_term_string"}],"inLanguage":"tr"},{"@type":"Organization","@id":"https:\/\/epochtimestr.com\/#organization","name":"The EpochTimes T\u00fcrkiye","url":"https:\/\/epochtimestr.com\/","logo":{"@type":"ImageObject","inLanguage":"tr","@id":"https:\/\/epochtimestr.com\/#\/schema\/logo\/image\/","url":"https:\/\/epochtimestr.com\/wp-content\/uploads\/2011y\/ET-Logo-YG.jpg","contentUrl":"https:\/\/epochtimestr.com\/wp-content\/uploads\/2011y\/ET-Logo-YG.jpg","width":346,"height":29,"caption":"The EpochTimes T\u00fcrkiye"},"image":{"@id":"https:\/\/epochtimestr.com\/#\/schema\/logo\/image\/"},"sameAs":["https:\/\/www.facebook.com\/theepochtimestr","https:\/\/x.com\/TheEpochTimesTR","https:\/\/www.instagram.com\/epochtimestr"]},{"@type":"Person","@id":"https:\/\/epochtimestr.com\/#\/schema\/person\/3dc5c3adeb9f43923c5aa85889172fdd","name":"Haber Merkezi","image":{"@type":"ImageObject","inLanguage":"tr","@id":"https:\/\/epochtimestr.com\/#\/schema\/person\/image\/","url":"https:\/\/secure.gravatar.com\/avatar\/d73f772ba5a74f28601361e17c2f93e6?s=96&d=mm&r=g","contentUrl":"https:\/\/secure.gravatar.com\/avatar\/d73f772ba5a74f28601361e17c2f93e6?s=96&d=mm&r=g","caption":"Haber Merkezi"},"url":"https:\/\/epochtimestr.com\/index.php\/author\/sendag"}]}},"_links":{"self":[{"href":"https:\/\/epochtimestr.com\/index.php\/wp-json\/wp\/v2\/posts\/157627"}],"collection":[{"href":"https:\/\/epochtimestr.com\/index.php\/wp-json\/wp\/v2\/posts"}],"about":[{"href":"https:\/\/epochtimestr.com\/index.php\/wp-json\/wp\/v2\/types\/post"}],"author":[{"embeddable":true,"href":"https:\/\/epochtimestr.com\/index.php\/wp-json\/wp\/v2\/users\/12791"}],"replies":[{"embeddable":true,"href":"https:\/\/epochtimestr.com\/index.php\/wp-json\/wp\/v2\/comments?post=157627"}],"version-history":[{"count":1,"href":"https:\/\/epochtimestr.com\/index.php\/wp-json\/wp\/v2\/posts\/157627\/revisions"}],"predecessor-version":[{"id":157629,"href":"https:\/\/epochtimestr.com\/index.php\/wp-json\/wp\/v2\/posts\/157627\/revisions\/157629"}],"wp:featuredmedia":[{"embeddable":true,"href":"https:\/\/epochtimestr.com\/index.php\/wp-json\/wp\/v2\/media\/157628"}],"wp:attachment":[{"href":"https:\/\/epochtimestr.com\/index.php\/wp-json\/wp\/v2\/media?parent=157627"}],"wp:term":[{"taxonomy":"category","embeddable":true,"href":"https:\/\/epochtimestr.com\/index.php\/wp-json\/wp\/v2\/categories?post=157627"},{"taxonomy":"post_tag","embeddable":true,"href":"https:\/\/epochtimestr.com\/index.php\/wp-json\/wp\/v2\/tags?post=157627"}],"curies":[{"name":"wp","href":"https:\/\/api.w.org\/{rel}","templated":true}]}}