{"id":157630,"date":"2025-04-12T00:28:10","date_gmt":"2025-04-11T21:28:10","guid":{"rendered":"https:\/\/epochtimestr.com\/?p=157630"},"modified":"2025-04-12T00:28:12","modified_gmt":"2025-04-11T21:28:12","slug":"erdogan-antalya-diplomasi-forumunda-suriye-cumhurbaskani-coloni-ve-ikby-baskani-mesud-barzani-ile-gorustu","status":"publish","type":"post","link":"https:\/\/epochtimestr.com\/index.php\/erdogan-antalya-diplomasi-forumunda-suriye-cumhurbaskani-coloni-ve-ikby-baskani-mesud-barzani-ile-gorustu","title":{"rendered":"Erdo\u011fan Antalya Diplomasi Forumunda Suriye Cumhurba\u015fkan\u0131 Coloni ve IKBY Ba\u015fkan\u0131 Mesud Barzani \u0130le G\u00f6r\u00fc\u015ft\u00fc"},"content":{"rendered":"<div class=\"wp-block-image\">\n<figure class=\"aligncenter size-full is-resized\"><img loading=\"lazy\" decoding=\"async\" width=\"680\" height=\"494\" src=\"https:\/\/epochtimestr.com\/wp-content\/uploads\/2011y\/suriye-11.jpg\" alt=\"\" class=\"wp-image-157631\" style=\"width:680px;height:auto\" srcset=\"https:\/\/epochtimestr.com\/wp-content\/uploads\/2011y\/suriye-11.jpg 680w, https:\/\/epochtimestr.com\/wp-content\/uploads\/2011y\/suriye-11-300x218.jpg 300w, https:\/\/epochtimestr.com\/wp-content\/uploads\/2011y\/suriye-11-150x109.jpg 150w\" sizes=\"(max-width: 680px) 100vw, 680px\" \/><figcaption class=\"wp-element-caption\">Cumhurba\u015fkan\u0131 Erdo\u011fan ve Suriye Cumhurba\u015fkan\u0131 Coloni biraraya geldi<\/figcaption><\/figure><\/div>\n\n\n<h2 class=\"wp-block-heading\">Cumhurba\u015fkan\u0131 Erdo\u011fan, 4. Antalya Diplomasi Forumu i\u00e7in Antalya&#8217;da bulunan Suriye Cumhurba\u015fkan\u0131 Colani ve IKBY Ba\u015fkan\u0131 Mesud Barzani ile bir araya geldi.<\/h2>\n\n\n\n<p>Suriye Cumhurba\u015fkan\u0131<a href=\"https:\/\/epochtimestr.com\/index.php\/hakan-fidan-samda-hts-lideri-colani-ile-gorustu\"> Colani,<\/a> bu y\u0131l 4&#8217;\u00fcnc\u00fcs\u00fc d\u00fczenlenen Antalya Diplomasi Forumunda (ADF) ikili g\u00f6r\u00fc\u015fmeler yapt\u0131. <a href=\"https:\/\/epochtimestr.com\/index.php\/cumhurbaskani-erdogan-ve-katar-basbakani-ve-disisleri-bakani-al-sani-gorustu\">Cumhurba\u015fkan\u0131 Erdo\u011fan<\/a>, 4. Antalya Diplomasi Forumu i\u00e7in Antalya&#8217;da bulunan Suriye Cumhurba\u015fkan\u0131 Colani ile bir araya geldi. Erdo\u011fan&#8217;\u0131n kald\u0131\u011f\u0131 oteldeki g\u00f6r\u00fc\u015fme, bas\u0131na kapal\u0131 ger\u00e7ekle\u015ftirildi.<br \/>G\u00f6r\u00fc\u015fmeye, D\u0131\u015fi\u015fleri Bakan\u0131 Hakan Fidan ve Enerji ve Tabii Kaynaklar\u0131 Bakan\u0131 Alparslan Bayraktar ile birlikte Suriye D\u0131\u015fi\u015fleri Bakan\u0131 Esad Hasan \u015eeybani de kat\u0131ld\u0131.<br \/>Azerbaycan Cumhurba\u015fkan\u0131 \u0130lham Aliyev de Colani ile bir araya geldi.<br \/>Colani\u2019nin, Katar Ba\u015fbakan\u0131 ve D\u0131\u015fi\u015fleri Bakan\u0131 \u015eeyh Muhammed bin Abdurrahman Al Sani ile g\u00f6r\u00fc\u015fmesine, Suriye D\u0131\u015fi\u015fleri Bakan\u0131 Hasan Esad \u015eeybani de e\u015flik etti.<br \/>Colani ayr\u0131ca Suudi Arabistan D\u0131\u015fi\u015fleri Bakan\u0131 Faysal bin Ferhan ve Kosova Cumhurba\u015fkan\u0131 Vjosa Osmani ile de ikili g\u00f6r\u00fc\u015fmelerde bulundu.<\/p>\n\n\n\n<figure class=\"wp-block-embed is-type-rich is-provider-twitter wp-block-embed-twitter\"><div class=\"wp-block-embed__wrapper\">\n<blockquote class=\"twitter-tweet\" data-width=\"550\" data-dnt=\"true\"><p lang=\"tr\" dir=\"ltr\">Cumhurba\u015fkan\u0131m\u0131z Say\u0131n Recep Tayyip Erdo\u011fan, Antalya Diplomasi Forumu i\u00e7in T\u00fcrkiye\u2019de bulunan Suriye Cumhurba\u015fkan\u0131 Ahmet \u015eara ile bir g\u00f6r\u00fc\u015fme ger\u00e7ekle\u015ftirdi.<br><br>G\u00f6r\u00fc\u015fmede T\u00fcrkiye ile Suriye ikili ili\u015fkileri, b\u00f6lgesel ve k\u00fcresel konular ele al\u0131nd\u0131.<br><br>Cumhurba\u015fkan\u0131 Erdo\u011fan g\u00f6r\u00fc\u015fmede,\u2026 <a href=\"https:\/\/t.co\/ITPTuNGbas\">pic.twitter.com\/ITPTuNGbas<\/a><\/p>&mdash; T.C. \u0130leti\u015fim Ba\u015fkanl\u0131\u011f\u0131 (@iletisim) <a href=\"https:\/\/twitter.com\/iletisim\/status\/1910749159780471083?ref_src=twsrc%5Etfw\">April 11, 2025<\/a><\/blockquote><script async src=\"https:\/\/platform.twitter.com\/widgets.js\" charset=\"utf-8\"><\/script>\n<\/div><\/figure>\n\n\n\n<p><br \/>\u0130leti\u015fim Ba\u015fkanl\u0131\u011f\u0131, Erdo\u011fan-Coloni g\u00f6r\u00fc\u015fmesine dair yap\u0131lan a\u00e7\u0131klamada;<br \/>&#8221;Cumhurba\u015fkan\u0131m\u0131z Say\u0131n Recep Tayyip Erdo\u011fan, Antalya Diplomasi Forumu i\u00e7in T\u00fcrkiye\u2019de bulunan Suriye Cumhurba\u015fkan\u0131 Ahmet \u015eara ile bir g\u00f6r\u00fc\u015fme ger\u00e7ekle\u015ftirdi.<br \/>G\u00f6r\u00fc\u015fmede T\u00fcrkiye ile Suriye ikili ili\u015fkileri, b\u00f6lgesel ve k\u00fcresel konular ele al\u0131nd\u0131.<br \/>Cumhurba\u015fkan\u0131 Erdo\u011fan g\u00f6r\u00fc\u015fmede, T\u00fcrkiye\u2019nin Suriye\u2019de yeniden kaos ya\u015fanmas\u0131n\u0131 isteyenlere f\u0131rsat verilmemesini memnuniyetle kar\u015f\u0131lad\u0131\u011f\u0131n\u0131, gelecek y\u0131llar\u0131n Suriye\u2019de istikrar\u0131n, refah\u0131n ve huzurun y\u0131llar\u0131 olaca\u011f\u0131n\u0131 ifade etti.<br \/>Cumhurba\u015fkan\u0131m\u0131z, T\u00fcrkiye\u2019nin Suriye\u2019ye y\u00f6nelik uluslararas\u0131 yapt\u0131r\u0131mlar\u0131n kald\u0131r\u0131lmas\u0131 i\u00e7in diplomatik \u00e7abalar\u0131n\u0131 s\u00fcrd\u00fcrece\u011fini, Suriye ile ticari ve ekonomik alanda i\u015f birli\u011fini canland\u0131rmak i\u00e7in gayretlerin art\u0131r\u0131lmas\u0131 gerekti\u011fini, di\u011fer alanlarda da at\u0131lacak ad\u0131mlar\u0131n de\u011ferlendirilebilece\u011fini belirtti.<\/p>\n\n\n\n<p>T\u00fcrkiye\u2019nin Suriye\u2019nin yeniden istikrara kavu\u015fmas\u0131 i\u00e7in bug\u00fcne kadar oldu\u011fu gibi, bundan sonra da destek vermeye devam edece\u011fini s\u00f6yledi.&#8221; denildi.<\/p>\n\n\n\n<p><\/p>\n\n\n<div class=\"wp-block-image\">\n<figure class=\"aligncenter size-full\"><img loading=\"lazy\" decoding=\"async\" width=\"680\" height=\"487\" src=\"https:\/\/epochtimestr.com\/wp-content\/uploads\/2011y\/barzani-7.jpg\" alt=\"\" class=\"wp-image-157632\" srcset=\"https:\/\/epochtimestr.com\/wp-content\/uploads\/2011y\/barzani-7.jpg 680w, https:\/\/epochtimestr.com\/wp-content\/uploads\/2011y\/barzani-7-300x215.jpg 300w, https:\/\/epochtimestr.com\/wp-content\/uploads\/2011y\/barzani-7-150x107.jpg 150w\" sizes=\"(max-width: 680px) 100vw, 680px\" \/><figcaption class=\"wp-element-caption\">Cumhurba\u015fkan\u0131 Erdo\u011fan ve IKBY Ba\u015fkan\u0131 Mesud Barzani \u0130le biraraya geldi<\/figcaption><\/figure><\/div>\n\n\n<p>Cumhurba\u015fkan\u0131 Recep Tayyip Erdo\u011fan, Irak K\u00fcrt B\u00f6lgesel Y\u00f6netimi (IKBY) Ba\u015fkan\u0131 <a href=\"https:\/\/epochtimestr.com\/index.php\/erdogan-ile-barzani-cumhurbaskanligi-kulliyesinde-gorustu\">Ne\u00e7irvan Barzani<\/a> ile g\u00f6r\u00fc\u015fmesinde ise, ter\u00f6r \u00f6rg\u00fctleriyle m\u00fccadelede T\u00fcrkiye ile b\u00f6lgesel y\u00f6netimin dayan\u0131\u015fmas\u0131n\u0131n \u00f6nemli oldu\u011funu, T\u00fcrkiye&#8217;nin Kalk\u0131nma Yolu projesinden Irak K\u00fcrt B\u00f6lgesel Y\u00f6netimi&#8217;nin de azami \u00f6l\u00e7\u00fcde faydalanmas\u0131n\u0131 istedi\u011fini belirtti.<\/p>\n\n\n\n<p><br \/>Cumhurba\u015fkanl\u0131\u011f\u0131 \u0130leti\u015fim Ba\u015fkanl\u0131\u011f\u0131ndan, Erdo\u011fan ile Barzani&#8217;nin, Antalya Diplomasi Forumu kapsam\u0131ndaki g\u00f6r\u00fc\u015fmesinin ard\u0131ndan a\u00e7\u0131klama yap\u0131ld\u0131. A\u00e7\u0131klamaya g\u00f6re, g\u00f6r\u00fc\u015fmede T\u00fcrkiye-Irak ili\u015fkileri ve IKBY ile i\u015fbirli\u011finin yan\u0131 s\u0131ra b\u00f6lgesel ve k\u00fcresel konular ele al\u0131nd\u0131. Cumhurba\u015fkan\u0131 Erdo\u011fan g\u00f6r\u00fc\u015fmede, Kuzey Irak&#8217;ta h\u00fck\u00fcmet kurma s\u00fcrecinin bir an \u00f6nce tamamlanmas\u0131n\u0131n b\u00f6lgenin istikrar\u0131 i\u00e7in \u00f6nem arz etti\u011fini, Kerk\u00fck&#8217;teki durumun da T\u00fcrkiye taraf\u0131ndan yak\u0131ndan izlendi\u011fini ifade etti. Erdo\u011fan, ter\u00f6r \u00f6rg\u00fctleriyle m\u00fccadelede T\u00fcrkiye ile b\u00f6lgesel y\u00f6netimin dayan\u0131\u015fmas\u0131n\u0131n \u00f6nemli oldu\u011funu, T\u00fcrkiye&#8217;nin Kalk\u0131nma Yolu projesinden Irak K\u00fcrt B\u00f6lgesel Y\u00f6netimi&#8217;nin de azami \u00f6l\u00e7\u00fcde faydalanmas\u0131n\u0131 istedi\u011fini belirtti.<\/p>\n\n\n\n<p><br \/>\u00d6te yandan Barzani, Erdo\u011fan&#8217;\u0131n DEM Parti heyeti ile 10 Nisan Per\u015fembe g\u00fcn\u00fc Cumhurba\u015fkanl\u0131\u011f\u0131 K\u00fclliyesi&#8217;nde bir araya gelmesi ile ilgili bir a\u00e7\u0131klama yapt\u0131. Barzani, bu olay\u0131n &#8220;olumlu ve umut verici&#8221; bir ad\u0131m oldu\u011funu s\u00f6yledi.<br \/>Barzani sosyal medya platformu X hesab\u0131 \u00fczerinden DEM Parti \u0130mral\u0131 Heyeti ile T\u00fcrkiye Cumhurba\u015fkan\u0131 Recep Tayyip Erdo\u011fan aras\u0131nda ger\u00e7ekle\u015fen g\u00f6r\u00fc\u015fmeye ili\u015fkin bir a\u00e7\u0131klamas\u0131nda;<br \/>\u201c\u0130mral\u0131 heyeti ile Cumhurba\u015fkanl\u0131\u011f\u0131 Erdo\u011fan aras\u0131ndaki g\u00f6r\u00fc\u015fme, da\u011f\u0131t\u0131m \u00e7\u00f6z\u00fcm\u00fc i\u00e7in olumlu ve umut verici bir ad\u0131md\u0131r. Ayn\u0131 zamanda T\u00fcrkiye&#8217;de bar\u0131\u015f s\u00fcreci ilerlemesi i\u00e7in g\u00fc\u00e7l\u00fc bir zemin te\u015fkilat\u0131 deste\u011finde bulunmaktad\u0131r\u201d. ifadelerini kullanm\u0131\u015ft\u0131.<\/p>\n\n\n\n<figure class=\"wp-block-embed is-type-rich is-provider-twitter wp-block-embed-twitter\"><div class=\"wp-block-embed__wrapper\">\n<blockquote class=\"twitter-tweet\" data-width=\"550\" data-dnt=\"true\"><p lang=\"tr\" dir=\"ltr\">Cumhurba\u015fkan\u0131m\u0131z Say\u0131n Recep Tayyip Erdo\u011fan, Antalya Diplomasi Forumu i\u00e7in T\u00fcrkiye\u2019de bulunan Irak K\u00fcrt B\u00f6lgesel Y\u00f6netimi Ba\u015fkan\u0131 Ne\u00e7irvan Barzani\u2019yi kabul etti. <br><br>G\u00f6r\u00fc\u015fmede T\u00fcrkiye-Irak ili\u015fkileri ve IKBY ile i\u015f birli\u011fi, b\u00f6lgesel ve k\u00fcresel konular ele al\u0131nd\u0131.<br><br>Cumhurba\u015fkan\u0131\u2026 <a href=\"https:\/\/t.co\/lwlm5JHaVu\">pic.twitter.com\/lwlm5JHaVu<\/a><\/p>&mdash; T.C. \u0130leti\u015fim Ba\u015fkanl\u0131\u011f\u0131 (@iletisim) <a href=\"https:\/\/twitter.com\/iletisim\/status\/1910740575827222895?ref_src=twsrc%5Etfw\">April 11, 2025<\/a><\/blockquote><script async src=\"https:\/\/platform.twitter.com\/widgets.js\" charset=\"utf-8\"><\/script>\n<\/div><\/figure>\n","protected":false},"excerpt":{"rendered":"<p>Cumhurba\u015fkan\u0131 Erdo\u011fan, 4. Antalya Diplomasi Forumu i\u00e7in Antalya&#8217;da bulunan Suriye Cumhurba\u015fkan\u0131 Colani ve IKBY Ba\u015fkan\u0131 Mesud Barzani ile bir araya geldi. Suriye Cumhurba\u015fkan\u0131 Colani, bu y\u0131l 4&#8217;\u00fcnc\u00fcs\u00fc d\u00fczenlenen Antalya Diplomasi Forumunda (ADF) ikili g\u00f6r\u00fc\u015fmeler yapt\u0131. Cumhurba\u015fkan\u0131 Erdo\u011fan, 4. Antalya Diplomasi Forumu i\u00e7in Antalya&#8217;da bulunan Suriye Cumhurba\u015fkan\u0131 Colani ile bir araya geldi. Erdo\u011fan&#8217;\u0131n kald\u0131\u011f\u0131 oteldeki g\u00f6r\u00fc\u015fme, [&hellip;]<\/p>\n","protected":false},"author":12791,"featured_media":157631,"comment_status":"closed","ping_status":"open","sticky":false,"template":"","format":"standard","meta":{"_yoast_wpseo_focuskw":"Erdo\u011fan Antalya Diplomasi Forumunda Suriye Cumhurba\u015fkan\u0131 Coloni ve IKBY Ba\u015fkan\u0131 Mesud Barzani \u0130le G\u00f6r\u00fc\u015ft\u00fc","_yoast_wpseo_title":"","_yoast_wpseo_metadesc":"Cumhurba\u015fkan\u0131 Erdo\u011fan, 4. Antalya Diplomasi Forumu i\u00e7in Antalya'da bulunan Suriye Cumhurba\u015fkan\u0131 Colani ve IKBY Ba\u015fkan\u0131 Mesud Barzani ile bir araya geldi.","_bbp_topic_count":0,"_bbp_reply_count":0,"_bbp_total_topic_count":0,"_bbp_total_reply_count":0,"_bbp_voice_count":0,"_bbp_anonymous_reply_count":0,"_bbp_topic_count_hidden":0,"_bbp_reply_count_hidden":0,"_bbp_forum_subforum_count":0,"footnotes":"","_yoast_wpseo_focuskw_text_input":""},"categories":[1,8138,8226,37],"tags":[],"yoast_head":"<!-- This site is optimized with the Yoast SEO plugin v23.0 - https:\/\/yoast.com\/wordpress\/plugins\/seo\/ -->\n<title>Erdo\u011fan Antalya Diplomasi Forumunda Suriye Cumhurba\u015fkan\u0131 Coloni ve IKBY Ba\u015fkan\u0131 Mesud Barzani \u0130le G\u00f6r\u00fc\u015ft\u00fc - The Epoch Times TR<\/title>\n<meta name=\"description\" content=\"Cumhurba\u015fkan\u0131 Erdo\u011fan, 4. Antalya Diplomasi Forumu i\u00e7in Antalya&#039;da bulunan Suriye Cumhurba\u015fkan\u0131 Colani ve IKBY Ba\u015fkan\u0131 Mesud Barzani ile bir araya geldi.\" \/>\n<meta name=\"robots\" content=\"index, follow, max-snippet:-1, max-image-preview:large, max-video-preview:-1\" \/>\n<link rel=\"canonical\" href=\"https:\/\/epochtimestr.com\/index.php\/erdogan-antalya-diplomasi-forumunda-suriye-cumhurbaskani-coloni-ve-ikby-baskani-mesud-barzani-ile-gorustu\" \/>\n<meta property=\"og:locale\" content=\"tr_TR\" \/>\n<meta property=\"og:type\" content=\"article\" \/>\n<meta property=\"og:title\" content=\"Erdo\u011fan Antalya Diplomasi Forumunda Suriye Cumhurba\u015fkan\u0131 Coloni ve IKBY Ba\u015fkan\u0131 Mesud Barzani \u0130le G\u00f6r\u00fc\u015ft\u00fc - The Epoch Times TR\" \/>\n<meta property=\"og:description\" content=\"Cumhurba\u015fkan\u0131 Erdo\u011fan, 4. Antalya Diplomasi Forumu i\u00e7in Antalya&#039;da bulunan Suriye Cumhurba\u015fkan\u0131 Colani ve IKBY Ba\u015fkan\u0131 Mesud Barzani ile bir araya geldi.\" \/>\n<meta property=\"og:url\" content=\"https:\/\/epochtimestr.com\/index.php\/erdogan-antalya-diplomasi-forumunda-suriye-cumhurbaskani-coloni-ve-ikby-baskani-mesud-barzani-ile-gorustu\" \/>\n<meta property=\"og:site_name\" content=\"The Epoch Times TR\" \/>\n<meta property=\"article:publisher\" content=\"https:\/\/www.facebook.com\/theepochtimestr\" \/>\n<meta property=\"article:published_time\" content=\"2025-04-11T21:28:10+00:00\" \/>\n<meta property=\"article:modified_time\" content=\"2025-04-11T21:28:12+00:00\" \/>\n<meta property=\"og:image\" content=\"https:\/\/epochtimestr.com\/wp-content\/uploads\/2011y\/suriye-11.jpg\" \/>\n\t<meta property=\"og:image:width\" content=\"680\" \/>\n\t<meta property=\"og:image:height\" content=\"494\" \/>\n\t<meta property=\"og:image:type\" content=\"image\/jpeg\" \/>\n<meta name=\"author\" content=\"Haber Merkezi\" \/>\n<meta name=\"twitter:card\" content=\"summary_large_image\" \/>\n<meta name=\"twitter:creator\" content=\"@TheEpochTimesTR\" \/>\n<meta name=\"twitter:site\" content=\"@TheEpochTimesTR\" \/>\n<meta name=\"twitter:label1\" content=\"Yazan:\" \/>\n\t<meta name=\"twitter:data1\" content=\"Haber Merkezi\" \/>\n\t<meta name=\"twitter:label2\" content=\"Tahmini okuma s\u00fcresi\" \/>\n\t<meta name=\"twitter:data2\" content=\"4 dakika\" \/>\n<script type=\"application\/ld+json\" class=\"yoast-schema-graph\">{\"@context\":\"https:\/\/schema.org\",\"@graph\":[{\"@type\":\"Article\",\"@id\":\"https:\/\/epochtimestr.com\/index.php\/erdogan-antalya-diplomasi-forumunda-suriye-cumhurbaskani-coloni-ve-ikby-baskani-mesud-barzani-ile-gorustu#article\",\"isPartOf\":{\"@id\":\"https:\/\/epochtimestr.com\/index.php\/erdogan-antalya-diplomasi-forumunda-suriye-cumhurbaskani-coloni-ve-ikby-baskani-mesud-barzani-ile-gorustu\"},\"author\":{\"name\":\"Haber Merkezi\",\"@id\":\"https:\/\/epochtimestr.com\/#\/schema\/person\/3dc5c3adeb9f43923c5aa85889172fdd\"},\"headline\":\"Erdo\u011fan Antalya Diplomasi Forumunda Suriye Cumhurba\u015fkan\u0131 Coloni ve IKBY Ba\u015fkan\u0131 Mesud Barzani \u0130le G\u00f6r\u00fc\u015ft\u00fc\",\"datePublished\":\"2025-04-11T21:28:10+00:00\",\"dateModified\":\"2025-04-11T21:28:12+00:00\",\"mainEntityOfPage\":{\"@id\":\"https:\/\/epochtimestr.com\/index.php\/erdogan-antalya-diplomasi-forumunda-suriye-cumhurbaskani-coloni-ve-ikby-baskani-mesud-barzani-ile-gorustu\"},\"wordCount\":762,\"publisher\":{\"@id\":\"https:\/\/epochtimestr.com\/#organization\"},\"image\":{\"@id\":\"https:\/\/epochtimestr.com\/index.php\/erdogan-antalya-diplomasi-forumunda-suriye-cumhurbaskani-coloni-ve-ikby-baskani-mesud-barzani-ile-gorustu#primaryimage\"},\"thumbnailUrl\":\"https:\/\/epochtimestr.com\/wp-content\/uploads\/2011y\/suriye-11.jpg\",\"articleSection\":[\"G\u00dcNDEM\",\"MAN\u015eET\",\"Siyaset\",\"T\u00dcRK\u0130YE\"],\"inLanguage\":\"tr\"},{\"@type\":\"WebPage\",\"@id\":\"https:\/\/epochtimestr.com\/index.php\/erdogan-antalya-diplomasi-forumunda-suriye-cumhurbaskani-coloni-ve-ikby-baskani-mesud-barzani-ile-gorustu\",\"url\":\"https:\/\/epochtimestr.com\/index.php\/erdogan-antalya-diplomasi-forumunda-suriye-cumhurbaskani-coloni-ve-ikby-baskani-mesud-barzani-ile-gorustu\",\"name\":\"Erdo\u011fan Antalya Diplomasi Forumunda Suriye Cumhurba\u015fkan\u0131 Coloni ve IKBY Ba\u015fkan\u0131 Mesud Barzani \u0130le G\u00f6r\u00fc\u015ft\u00fc - The Epoch Times TR\",\"isPartOf\":{\"@id\":\"https:\/\/epochtimestr.com\/#website\"},\"primaryImageOfPage\":{\"@id\":\"https:\/\/epochtimestr.com\/index.php\/erdogan-antalya-diplomasi-forumunda-suriye-cumhurbaskani-coloni-ve-ikby-baskani-mesud-barzani-ile-gorustu#primaryimage\"},\"image\":{\"@id\":\"https:\/\/epochtimestr.com\/index.php\/erdogan-antalya-diplomasi-forumunda-suriye-cumhurbaskani-coloni-ve-ikby-baskani-mesud-barzani-ile-gorustu#primaryimage\"},\"thumbnailUrl\":\"https:\/\/epochtimestr.com\/wp-content\/uploads\/2011y\/suriye-11.jpg\",\"datePublished\":\"2025-04-11T21:28:10+00:00\",\"dateModified\":\"2025-04-11T21:28:12+00:00\",\"description\":\"Cumhurba\u015fkan\u0131 Erdo\u011fan, 4. Antalya Diplomasi Forumu i\u00e7in Antalya'da bulunan Suriye Cumhurba\u015fkan\u0131 Colani ve IKBY Ba\u015fkan\u0131 Mesud Barzani ile bir araya geldi.\",\"inLanguage\":\"tr\",\"potentialAction\":[{\"@type\":\"ReadAction\",\"target\":[\"https:\/\/epochtimestr.com\/index.php\/erdogan-antalya-diplomasi-forumunda-suriye-cumhurbaskani-coloni-ve-ikby-baskani-mesud-barzani-ile-gorustu\"]}]},{\"@type\":\"ImageObject\",\"inLanguage\":\"tr\",\"@id\":\"https:\/\/epochtimestr.com\/index.php\/erdogan-antalya-diplomasi-forumunda-suriye-cumhurbaskani-coloni-ve-ikby-baskani-mesud-barzani-ile-gorustu#primaryimage\",\"url\":\"https:\/\/epochtimestr.com\/wp-content\/uploads\/2011y\/suriye-11.jpg\",\"contentUrl\":\"https:\/\/epochtimestr.com\/wp-content\/uploads\/2011y\/suriye-11.jpg\",\"width\":680,\"height\":494},{\"@type\":\"WebSite\",\"@id\":\"https:\/\/epochtimestr.com\/#website\",\"url\":\"https:\/\/epochtimestr.com\/\",\"name\":\"The Epoch Times TR\",\"description\":\"De\u011fi\u015fen D\u00fcnyam\u0131za Taze Bir Bak\u0131\u015f\",\"publisher\":{\"@id\":\"https:\/\/epochtimestr.com\/#organization\"},\"potentialAction\":[{\"@type\":\"SearchAction\",\"target\":{\"@type\":\"EntryPoint\",\"urlTemplate\":\"https:\/\/epochtimestr.com\/?s={search_term_string}\"},\"query-input\":\"required name=search_term_string\"}],\"inLanguage\":\"tr\"},{\"@type\":\"Organization\",\"@id\":\"https:\/\/epochtimestr.com\/#organization\",\"name\":\"The EpochTimes T\u00fcrkiye\",\"url\":\"https:\/\/epochtimestr.com\/\",\"logo\":{\"@type\":\"ImageObject\",\"inLanguage\":\"tr\",\"@id\":\"https:\/\/epochtimestr.com\/#\/schema\/logo\/image\/\",\"url\":\"https:\/\/epochtimestr.com\/wp-content\/uploads\/2011y\/ET-Logo-YG.jpg\",\"contentUrl\":\"https:\/\/epochtimestr.com\/wp-content\/uploads\/2011y\/ET-Logo-YG.jpg\",\"width\":346,\"height\":29,\"caption\":\"The EpochTimes T\u00fcrkiye\"},\"image\":{\"@id\":\"https:\/\/epochtimestr.com\/#\/schema\/logo\/image\/\"},\"sameAs\":[\"https:\/\/www.facebook.com\/theepochtimestr\",\"https:\/\/x.com\/TheEpochTimesTR\",\"https:\/\/www.instagram.com\/epochtimestr\"]},{\"@type\":\"Person\",\"@id\":\"https:\/\/epochtimestr.com\/#\/schema\/person\/3dc5c3adeb9f43923c5aa85889172fdd\",\"name\":\"Haber Merkezi\",\"image\":{\"@type\":\"ImageObject\",\"inLanguage\":\"tr\",\"@id\":\"https:\/\/epochtimestr.com\/#\/schema\/person\/image\/\",\"url\":\"https:\/\/secure.gravatar.com\/avatar\/d73f772ba5a74f28601361e17c2f93e6?s=96&d=mm&r=g\",\"contentUrl\":\"https:\/\/secure.gravatar.com\/avatar\/d73f772ba5a74f28601361e17c2f93e6?s=96&d=mm&r=g\",\"caption\":\"Haber Merkezi\"},\"url\":\"https:\/\/epochtimestr.com\/index.php\/author\/sendag\"}]}<\/script>\n<!-- \/ Yoast SEO plugin. -->","yoast_head_json":{"title":"Erdo\u011fan Antalya Diplomasi Forumunda Suriye Cumhurba\u015fkan\u0131 Coloni ve IKBY Ba\u015fkan\u0131 Mesud Barzani \u0130le G\u00f6r\u00fc\u015ft\u00fc - The Epoch Times TR","description":"Cumhurba\u015fkan\u0131 Erdo\u011fan, 4. Antalya Diplomasi Forumu i\u00e7in Antalya'da bulunan Suriye Cumhurba\u015fkan\u0131 Colani ve IKBY Ba\u015fkan\u0131 Mesud Barzani ile bir araya geldi.","robots":{"index":"index","follow":"follow","max-snippet":"max-snippet:-1","max-image-preview":"max-image-preview:large","max-video-preview":"max-video-preview:-1"},"canonical":"https:\/\/epochtimestr.com\/index.php\/erdogan-antalya-diplomasi-forumunda-suriye-cumhurbaskani-coloni-ve-ikby-baskani-mesud-barzani-ile-gorustu","og_locale":"tr_TR","og_type":"article","og_title":"Erdo\u011fan Antalya Diplomasi Forumunda Suriye Cumhurba\u015fkan\u0131 Coloni ve IKBY Ba\u015fkan\u0131 Mesud Barzani \u0130le G\u00f6r\u00fc\u015ft\u00fc - The Epoch Times TR","og_description":"Cumhurba\u015fkan\u0131 Erdo\u011fan, 4. Antalya Diplomasi Forumu i\u00e7in Antalya'da bulunan Suriye Cumhurba\u015fkan\u0131 Colani ve IKBY Ba\u015fkan\u0131 Mesud Barzani ile bir araya geldi.","og_url":"https:\/\/epochtimestr.com\/index.php\/erdogan-antalya-diplomasi-forumunda-suriye-cumhurbaskani-coloni-ve-ikby-baskani-mesud-barzani-ile-gorustu","og_site_name":"The Epoch Times TR","article_publisher":"https:\/\/www.facebook.com\/theepochtimestr","article_published_time":"2025-04-11T21:28:10+00:00","article_modified_time":"2025-04-11T21:28:12+00:00","og_image":[{"width":680,"height":494,"url":"https:\/\/epochtimestr.com\/wp-content\/uploads\/2011y\/suriye-11.jpg","type":"image\/jpeg"}],"author":"Haber Merkezi","twitter_card":"summary_large_image","twitter_creator":"@TheEpochTimesTR","twitter_site":"@TheEpochTimesTR","twitter_misc":{"Yazan:":"Haber Merkezi","Tahmini okuma s\u00fcresi":"4 dakika"},"schema":{"@context":"https:\/\/schema.org","@graph":[{"@type":"Article","@id":"https:\/\/epochtimestr.com\/index.php\/erdogan-antalya-diplomasi-forumunda-suriye-cumhurbaskani-coloni-ve-ikby-baskani-mesud-barzani-ile-gorustu#article","isPartOf":{"@id":"https:\/\/epochtimestr.com\/index.php\/erdogan-antalya-diplomasi-forumunda-suriye-cumhurbaskani-coloni-ve-ikby-baskani-mesud-barzani-ile-gorustu"},"author":{"name":"Haber Merkezi","@id":"https:\/\/epochtimestr.com\/#\/schema\/person\/3dc5c3adeb9f43923c5aa85889172fdd"},"headline":"Erdo\u011fan Antalya Diplomasi Forumunda Suriye Cumhurba\u015fkan\u0131 Coloni ve IKBY Ba\u015fkan\u0131 Mesud Barzani \u0130le G\u00f6r\u00fc\u015ft\u00fc","datePublished":"2025-04-11T21:28:10+00:00","dateModified":"2025-04-11T21:28:12+00:00","mainEntityOfPage":{"@id":"https:\/\/epochtimestr.com\/index.php\/erdogan-antalya-diplomasi-forumunda-suriye-cumhurbaskani-coloni-ve-ikby-baskani-mesud-barzani-ile-gorustu"},"wordCount":762,"publisher":{"@id":"https:\/\/epochtimestr.com\/#organization"},"image":{"@id":"https:\/\/epochtimestr.com\/index.php\/erdogan-antalya-diplomasi-forumunda-suriye-cumhurbaskani-coloni-ve-ikby-baskani-mesud-barzani-ile-gorustu#primaryimage"},"thumbnailUrl":"https:\/\/epochtimestr.com\/wp-content\/uploads\/2011y\/suriye-11.jpg","articleSection":["G\u00dcNDEM","MAN\u015eET","Siyaset","T\u00dcRK\u0130YE"],"inLanguage":"tr"},{"@type":"WebPage","@id":"https:\/\/epochtimestr.com\/index.php\/erdogan-antalya-diplomasi-forumunda-suriye-cumhurbaskani-coloni-ve-ikby-baskani-mesud-barzani-ile-gorustu","url":"https:\/\/epochtimestr.com\/index.php\/erdogan-antalya-diplomasi-forumunda-suriye-cumhurbaskani-coloni-ve-ikby-baskani-mesud-barzani-ile-gorustu","name":"Erdo\u011fan Antalya Diplomasi Forumunda Suriye Cumhurba\u015fkan\u0131 Coloni ve IKBY Ba\u015fkan\u0131 Mesud Barzani \u0130le G\u00f6r\u00fc\u015ft\u00fc - The Epoch Times TR","isPartOf":{"@id":"https:\/\/epochtimestr.com\/#website"},"primaryImageOfPage":{"@id":"https:\/\/epochtimestr.com\/index.php\/erdogan-antalya-diplomasi-forumunda-suriye-cumhurbaskani-coloni-ve-ikby-baskani-mesud-barzani-ile-gorustu#primaryimage"},"image":{"@id":"https:\/\/epochtimestr.com\/index.php\/erdogan-antalya-diplomasi-forumunda-suriye-cumhurbaskani-coloni-ve-ikby-baskani-mesud-barzani-ile-gorustu#primaryimage"},"thumbnailUrl":"https:\/\/epochtimestr.com\/wp-content\/uploads\/2011y\/suriye-11.jpg","datePublished":"2025-04-11T21:28:10+00:00","dateModified":"2025-04-11T21:28:12+00:00","description":"Cumhurba\u015fkan\u0131 Erdo\u011fan, 4. Antalya Diplomasi Forumu i\u00e7in Antalya'da bulunan Suriye Cumhurba\u015fkan\u0131 Colani ve IKBY Ba\u015fkan\u0131 Mesud Barzani ile bir araya geldi.","inLanguage":"tr","potentialAction":[{"@type":"ReadAction","target":["https:\/\/epochtimestr.com\/index.php\/erdogan-antalya-diplomasi-forumunda-suriye-cumhurbaskani-coloni-ve-ikby-baskani-mesud-barzani-ile-gorustu"]}]},{"@type":"ImageObject","inLanguage":"tr","@id":"https:\/\/epochtimestr.com\/index.php\/erdogan-antalya-diplomasi-forumunda-suriye-cumhurbaskani-coloni-ve-ikby-baskani-mesud-barzani-ile-gorustu#primaryimage","url":"https:\/\/epochtimestr.com\/wp-content\/uploads\/2011y\/suriye-11.jpg","contentUrl":"https:\/\/epochtimestr.com\/wp-content\/uploads\/2011y\/suriye-11.jpg","width":680,"height":494},{"@type":"WebSite","@id":"https:\/\/epochtimestr.com\/#website","url":"https:\/\/epochtimestr.com\/","name":"The Epoch Times TR","description":"De\u011fi\u015fen D\u00fcnyam\u0131za Taze Bir Bak\u0131\u015f","publisher":{"@id":"https:\/\/epochtimestr.com\/#organization"},"potentialAction":[{"@type":"SearchAction","target":{"@type":"EntryPoint","urlTemplate":"https:\/\/epochtimestr.com\/?s={search_term_string}"},"query-input":"required name=search_term_string"}],"inLanguage":"tr"},{"@type":"Organization","@id":"https:\/\/epochtimestr.com\/#organization","name":"The EpochTimes T\u00fcrkiye","url":"https:\/\/epochtimestr.com\/","logo":{"@type":"ImageObject","inLanguage":"tr","@id":"https:\/\/epochtimestr.com\/#\/schema\/logo\/image\/","url":"https:\/\/epochtimestr.com\/wp-content\/uploads\/2011y\/ET-Logo-YG.jpg","contentUrl":"https:\/\/epochtimestr.com\/wp-content\/uploads\/2011y\/ET-Logo-YG.jpg","width":346,"height":29,"caption":"The EpochTimes T\u00fcrkiye"},"image":{"@id":"https:\/\/epochtimestr.com\/#\/schema\/logo\/image\/"},"sameAs":["https:\/\/www.facebook.com\/theepochtimestr","https:\/\/x.com\/TheEpochTimesTR","https:\/\/www.instagram.com\/epochtimestr"]},{"@type":"Person","@id":"https:\/\/epochtimestr.com\/#\/schema\/person\/3dc5c3adeb9f43923c5aa85889172fdd","name":"Haber Merkezi","image":{"@type":"ImageObject","inLanguage":"tr","@id":"https:\/\/epochtimestr.com\/#\/schema\/person\/image\/","url":"https:\/\/secure.gravatar.com\/avatar\/d73f772ba5a74f28601361e17c2f93e6?s=96&d=mm&r=g","contentUrl":"https:\/\/secure.gravatar.com\/avatar\/d73f772ba5a74f28601361e17c2f93e6?s=96&d=mm&r=g","caption":"Haber Merkezi"},"url":"https:\/\/epochtimestr.com\/index.php\/author\/sendag"}]}},"_links":{"self":[{"href":"https:\/\/epochtimestr.com\/index.php\/wp-json\/wp\/v2\/posts\/157630"}],"collection":[{"href":"https:\/\/epochtimestr.com\/index.php\/wp-json\/wp\/v2\/posts"}],"about":[{"href":"https:\/\/epochtimestr.com\/index.php\/wp-json\/wp\/v2\/types\/post"}],"author":[{"embeddable":true,"href":"https:\/\/epochtimestr.com\/index.php\/wp-json\/wp\/v2\/users\/12791"}],"replies":[{"embeddable":true,"href":"https:\/\/epochtimestr.com\/index.php\/wp-json\/wp\/v2\/comments?post=157630"}],"version-history":[{"count":1,"href":"https:\/\/epochtimestr.com\/index.php\/wp-json\/wp\/v2\/posts\/157630\/revisions"}],"predecessor-version":[{"id":157633,"href":"https:\/\/epochtimestr.com\/index.php\/wp-json\/wp\/v2\/posts\/157630\/revisions\/157633"}],"wp:featuredmedia":[{"embeddable":true,"href":"https:\/\/epochtimestr.com\/index.php\/wp-json\/wp\/v2\/media\/157631"}],"wp:attachment":[{"href":"https:\/\/epochtimestr.com\/index.php\/wp-json\/wp\/v2\/media?parent=157630"}],"wp:term":[{"taxonomy":"category","embeddable":true,"href":"https:\/\/epochtimestr.com\/index.php\/wp-json\/wp\/v2\/categories?post=157630"},{"taxonomy":"post_tag","embeddable":true,"href":"https:\/\/epochtimestr.com\/index.php\/wp-json\/wp\/v2\/tags?post=157630"}],"curies":[{"name":"wp","href":"https:\/\/api.w.org\/{rel}","templated":true}]}}