{"id":157634,"date":"2025-04-12T00:33:54","date_gmt":"2025-04-11T21:33:54","guid":{"rendered":"https:\/\/epochtimestr.com\/?p=157634"},"modified":"2025-04-12T00:33:55","modified_gmt":"2025-04-11T21:33:55","slug":"erdogandan-ozgur-ozele-500-bin-liralik-manevi-tazminat-davasi","status":"publish","type":"post","link":"https:\/\/epochtimestr.com\/index.php\/erdogandan-ozgur-ozele-500-bin-liralik-manevi-tazminat-davasi","title":{"rendered":"Erdo\u011fan\u2019dan \u00d6zg\u00fcr \u00d6zel\u2019e 500 Bin Liral\u0131k Manevi Tazminat Davas\u0131"},"content":{"rendered":"<div class=\"wp-block-image\">\n<figure class=\"aligncenter size-full\"><img loading=\"lazy\" decoding=\"async\" width=\"1280\" height=\"720\" src=\"https:\/\/epochtimestr.com\/wp-content\/uploads\/2011y\/erdogan-ozel.webp\" alt=\"\" class=\"wp-image-157635\" srcset=\"https:\/\/epochtimestr.com\/wp-content\/uploads\/2011y\/erdogan-ozel.webp 1280w, https:\/\/epochtimestr.com\/wp-content\/uploads\/2011y\/erdogan-ozel-300x169.webp 300w, https:\/\/epochtimestr.com\/wp-content\/uploads\/2011y\/erdogan-ozel-150x84.webp 150w, https:\/\/epochtimestr.com\/wp-content\/uploads\/2011y\/erdogan-ozel-768x432.webp 768w\" sizes=\"(max-width: 1280px) 100vw, 1280px\" \/><figcaption class=\"wp-element-caption\">Erdo\u011fan\u2019dan \u00d6zg\u00fcr \u00d6zel\u2019e 500 Bin Liral\u0131k Manevi Tazminat Davas\u0131<\/figcaption><\/figure><\/div>\n\n\n<h2 class=\"wp-block-heading\">Cumhurba\u015fkan\u0131 Erdo\u011fan, CHP Genel Ba\u015fkan\u0131 \u00d6zg\u00fcr \u00d6zel&#8217;e, \u015ei\u015fli Belediyesi \u00f6n\u00fcnde d\u00fczenlenen mitingdeki s\u00f6zleri nedeniyle 500 bin liral\u0131k manevi tazminat davas\u0131 a\u00e7t\u0131.<\/h2>\n\n\n\n<p>Cumhurba\u015fkan\u0131 Recep Tayyip <a href=\"https:\/\/epochtimestr.com\/index.php\/israil-disisleri-bakani-saardan-erdogana-antisemit-suclamasi\">Erdo\u011fan<\/a>, CHP Genel Ba\u015fkan\u0131 \u00d6zg\u00fcr \u00d6zel&#8217;e, \u015ei\u015fli Belediyesi \u00f6n\u00fcnde d\u00fczenlenen mitingde sarf etti\u011fi s\u00f6zler nedeniyle 500 bin liral\u0131k manevi tazminat davas\u0131 a\u00e7t\u0131. Cumhurba\u015fkan\u0131 Erdo\u011fan&#8217;\u0131n avukat\u0131 Ahmet \u00d6zel taraf\u0131ndan \u0130stanbul 46. Asliye Hukuk Mahkemesi&#8217;ne sunulan dava dilek\u00e7esinde, <a href=\"https:\/\/epochtimestr.com\/index.php\/chp-grup-baskanvekili-ali-mahir-basarirdan-gundeme-iliskin-aciklama\">CHP<\/a> Genel Ba\u015fkan\u0131 \u00d6zel&#8217;in, 9 Nisan \u00c7ar\u015famba g\u00fcn\u00fc \u015ei\u015fli Belediyesi \u00f6n\u00fcndeki mitingde Cumhurba\u015fkan\u0131 Erdo\u011fan&#8217;a y\u00f6nelik sarf etti\u011fi s\u00f6zlere yer verildi.<\/p>\n\n\n\n<p><br \/>Dilek\u00e7ede, &#8220;Daval\u0131 \u00d6zg\u00fcr \u00d6zel, her mitinginde Say\u0131n Cumhurba\u015fkan\u0131m\u0131za y\u00f6nelik hakaretleriyle, siyasi hayat\u0131n\u0131 s\u00f6vg\u00fc ve sald\u0131r\u0131larla \u00f6rerek, kendi partisinin kar\u0131\u015ft\u0131\u011f\u0131 yolsuzluk ve di\u011fer \u015faibeleri \u00f6rtbas etmeye \u00e7al\u0131\u015fmakta, m\u00fcvekkilimi do\u011frudan hedef alarak ve kitleleri tahrik ederek partisini aklamaya \u00e7al\u0131\u015fmaktad\u0131r.&#8221; denilen dilek\u00e7ede, &#8220;Bu s\u00fcre\u00e7te \u00e7e\u015fitli b\u00fcrokrat ve siyaset\u00e7ilerle beraber m\u00fcvekkilimiz Say\u0131n Cumhurba\u015fkan\u0131m\u0131za \u00e7amur atarak, alg\u0131 olu\u015fturmak, komplo teorileri ve dezenformasyon olu\u015fturmak, tahkir ve tezyifle kamu makamlar\u0131n\u0131 y\u0131ld\u0131rmaya \u00e7al\u0131\u015fmaktad\u0131r. M\u00fcvekkilimizi do\u011frudan hedef alarak ve kitleleri tahrik ederek partisini aka \u00e7\u0131kartma gayretindedir. Bu ba\u011flamda, daval\u0131n\u0131n s\u00f6ylemleri sadece ki\u015fisel bir ele\u015ftiri s\u0131n\u0131r\u0131nda kalmay\u0131p, kamu d\u00fczenini tehdit eden ve anayasal d\u00fczene zarar verebilecek potansiyele sahip beyanlard\u0131r\u2026&#8221; de\u011ferlendirmesi yer ald\u0131.<\/p>\n\n\n\n<p><br \/>Dava dilek\u00e7esinde, davan\u0131n kabul\u00fc ve \u00d6zel&#8217;den 500 bin lira manevi tazminat\u0131n haks\u0131z fiil tarihinden itibaren i\u015fleyecek yasal faiziyle tazmin edilmesi talep edildi.<\/p>\n\n\n<div class=\"wp-block-image\">\n<figure class=\"aligncenter size-full\"><img loading=\"lazy\" decoding=\"async\" width=\"978\" height=\"644\" src=\"https:\/\/epochtimestr.com\/wp-content\/uploads\/2011y\/ozel-16.jpg\" alt=\"\" class=\"wp-image-157637\" srcset=\"https:\/\/epochtimestr.com\/wp-content\/uploads\/2011y\/ozel-16.jpg 978w, https:\/\/epochtimestr.com\/wp-content\/uploads\/2011y\/ozel-16-300x198.jpg 300w, https:\/\/epochtimestr.com\/wp-content\/uploads\/2011y\/ozel-16-150x99.jpg 150w, https:\/\/epochtimestr.com\/wp-content\/uploads\/2011y\/ozel-16-768x506.jpg 768w\" sizes=\"(max-width: 978px) 100vw, 978px\" \/><\/figure><\/div>\n\n\n<p>CHP Genel Ba\u015fkan\u0131<a href=\"https:\/\/epochtimestr.com\/index.php\/cuntaci-diyen-devlet-bahcelidir-ozgur-ozelden-cuntaci-yaniti\"> \u00d6zg\u00fcr \u00d6zel<\/a> hakk\u0131nda a\u00e7\u0131lan davaya konu olan, 9 Nisan\u2019da \u015ei\u015fli Belediyesi \u00f6n\u00fcnde yapt\u0131\u011f\u0131 konu\u015fmas\u0131nda \u015funlar\u0131 s\u00f6ylemi\u015fti:<br \/>&#8220;\u2026Erdo\u011fan son girdi\u011fi genel se\u00e7imlerde Cumhurba\u015fkan\u0131 unvan\u0131n\u0131 kazanm\u0131\u015f, ancak 31 Mart\u2019ta partisi ilk kez yenilgiyi tad\u0131nca, 31 Mart\u2019ta Ekrem Ba\u015fkan onun atad\u0131klar\u0131n\u0131 bir kez daha yerle bir edince, 31 Mart\u2019ta Cumhuriyet Halk Partisi 47 y\u0131l sonra bir kez daha T\u00fcrkiye\u2019nin birinci partisi olunca, bizim g\u00f6sterdi\u011fimiz 47 y\u0131ll\u0131k sabr\u0131 47 g\u00fcn g\u00f6sterememi\u015ftir\u2026&#8221;<\/p>\n\n\n\n<p><br \/>\u2026Erdo\u011fan haz\u0131ms\u0131zd\u0131r, Erdo\u011fan darbecidir, Erdo\u011fan cuntac\u0131d\u0131r, Erdo\u011fan cuntan\u0131n ba\u015f\u0131d\u0131r. \u00c7\u0131km\u0131\u015f, \u015fimdi de \u2018Biz devletiz\u2019 diyor. \u2018Devlet benim arkamda\u2019 diyor. Devlet dedi\u011fin binalardan ibarettir. Devlet y\u00f6netiminde senin yapt\u0131klar\u0131ndan rahats\u0131zl\u0131k da had safhadad\u0131r. Ama bir avu\u00e7 cuntac\u0131yla \u2018Devleti ele ge\u00e7irdim\u2019 diye bu milletin kar\u015f\u0131s\u0131na dikilirsen bu millet sana kendi g\u00fcc\u00fcn\u00fc mutlaka g\u00f6sterecektir. Mutlaka g\u00f6sterecektir\u2026<\/p>\n\n\n\n<p><br \/>\u2026Meydandan ve sand\u0131ktan korkan Erdo\u011fan, cesaretin varsa tutuklanan gen\u00e7lere, g\u00f6zlat\u0131na al\u0131nan, sorgulanan 2 binin \u00fczerindeki gence soral\u0131m \u2018Senin hayat\u0131n\u0131 Erdo\u011fan m\u0131 karart\u0131yor, \u00d6zg\u00fcr \u00d6zel mi karart\u0131yor?\u200b\u2019 Var m\u0131s\u0131n?<\/p>\n\n\n\n<p><\/p>\n\n\n\n<p>\u2026<a href=\"https:\/\/epochtimestr.com\/index.php\/trump-karsiti-protestolar-abdde-yayiliyor\">Trump<\/a> \u2018Gazze\u2019yi bo\u015faltaca\u011f\u0131m, katil k\u00f6y\u00fc yapaca\u011f\u0131m\u2019 diyor. Asl\u0131nda <a href=\"https:\/\/epochtimestr.com\/index.php\/gazzede-3-bin-500-cocuk-yetersiz-beslenme-nedeniyle-olum-tehlikesi-altinda\">Gazze\u2019<\/a>deki hidro karbon yataklar\u0131na sulan\u0131yor. \u2018B\u00fct\u00fcn Filistinlileri da\u011f\u0131taca\u011f\u0131m\u2019 diyor, Erdo\u011fan suspus oluyor. Ey Erdo\u011fan, Filistin bizim milli meselemizdir, Deniz Gezmi\u015f ve arkada\u015flar\u0131n\u0131n durdu\u011fu yerdeyiz. Sen nerdesin? Trump, &#8216;Gazze\u2019yi yerle bir edece\u011fiz&#8217; diyor. Ero\u011fan, niye d\u00f6n\u00fcp \u2018Ey Trump\u2019 diyemiyorsun, kedi gibi oluyorsun?<br \/>\u015ei\u015fli\u2019den b\u00fct\u00fcn T\u00fcrkiye\u2019ye ilan ederim ki Erdo\u011fan hem cuntac\u0131d\u0131r, hem de Amerikan mandas\u0131n\u0131n bir numaral\u0131 savunucusudur. Cuntac\u0131d\u0131r, mandac\u0131d\u0131r\u2026<\/p>\n\n\n\n<p><\/p>\n\n\n\n<p>\u2026Ba\u015fta Demir\u00f6ren Medya, Turkuaz Medyai \u0130hlas Medya, Do\u011fu\u015f Grubu, NTV ve Star TV, bunlar\u0131 izlemiyoruz, ne sat\u0131yorlarsa alm\u0131yoruz. Bunlar\u0131n tam listesine \u201cboykotyap.org\u201d sitesinden bak\u0131yoruz. Kafam\u0131z\u0131 bozan olursa, onlar\u0131 da listeye almaktan \u00e7ekinmeyece\u011fiz. Bu meydanlar\u0131 duymayanlar, g\u00fcc\u00fcm\u00fcz\u00fc s\u0131namak isteyenler varsa hodri meydan.&#8221;<\/p>\n","protected":false},"excerpt":{"rendered":"<p>Cumhurba\u015fkan\u0131 Erdo\u011fan, CHP Genel Ba\u015fkan\u0131 \u00d6zg\u00fcr \u00d6zel&#8217;e, \u015ei\u015fli Belediyesi \u00f6n\u00fcnde d\u00fczenlenen mitingdeki s\u00f6zleri nedeniyle 500 bin liral\u0131k manevi tazminat davas\u0131 a\u00e7t\u0131. Cumhurba\u015fkan\u0131 Recep Tayyip Erdo\u011fan, CHP Genel Ba\u015fkan\u0131 \u00d6zg\u00fcr \u00d6zel&#8217;e, \u015ei\u015fli Belediyesi \u00f6n\u00fcnde d\u00fczenlenen mitingde sarf etti\u011fi s\u00f6zler nedeniyle 500 bin liral\u0131k manevi tazminat davas\u0131 a\u00e7t\u0131. Cumhurba\u015fkan\u0131 Erdo\u011fan&#8217;\u0131n avukat\u0131 Ahmet \u00d6zel taraf\u0131ndan \u0130stanbul 46. Asliye [&hellip;]<\/p>\n","protected":false},"author":12791,"featured_media":157635,"comment_status":"closed","ping_status":"open","sticky":false,"template":"","format":"standard","meta":{"_yoast_wpseo_focuskw":"Erdo\u011fan\u2019dan \u00d6zg\u00fcr \u00d6zel\u2019e 500 Bin Liral\u0131k Manevi Tazminat Davas\u0131","_yoast_wpseo_title":"","_yoast_wpseo_metadesc":"Cumhurba\u015fkan\u0131 Erdo\u011fan, CHP Genel Ba\u015fkan\u0131 \u00d6zg\u00fcr \u00d6zel'e, \u015ei\u015fli Belediyesi \u00f6n\u00fcnde d\u00fczenlenen mitingdeki s\u00f6zleri nedeniyle 500 bin liral\u0131k manevi tazminat davas\u0131 a\u00e7t\u0131.","_bbp_topic_count":0,"_bbp_reply_count":0,"_bbp_total_topic_count":0,"_bbp_total_reply_count":0,"_bbp_voice_count":0,"_bbp_anonymous_reply_count":0,"_bbp_topic_count_hidden":0,"_bbp_reply_count_hidden":0,"_bbp_forum_subforum_count":0,"footnotes":"","_yoast_wpseo_focuskw_text_input":""},"categories":[1,8138,8226,37],"tags":[],"yoast_head":"<!-- This site is optimized with the Yoast SEO plugin v23.0 - https:\/\/yoast.com\/wordpress\/plugins\/seo\/ -->\n<title>Erdo\u011fan\u2019dan \u00d6zg\u00fcr \u00d6zel\u2019e 500 Bin Liral\u0131k Manevi Tazminat Davas\u0131 - The Epoch Times TR<\/title>\n<meta name=\"description\" content=\"Cumhurba\u015fkan\u0131 Erdo\u011fan, CHP Genel Ba\u015fkan\u0131 \u00d6zg\u00fcr \u00d6zel&#039;e, \u015ei\u015fli Belediyesi \u00f6n\u00fcnde d\u00fczenlenen mitingdeki s\u00f6zleri nedeniyle 500 bin liral\u0131k manevi tazminat davas\u0131 a\u00e7t\u0131.\" \/>\n<meta name=\"robots\" content=\"index, follow, max-snippet:-1, max-image-preview:large, max-video-preview:-1\" \/>\n<link rel=\"canonical\" href=\"https:\/\/epochtimestr.com\/index.php\/erdogandan-ozgur-ozele-500-bin-liralik-manevi-tazminat-davasi\" \/>\n<meta property=\"og:locale\" content=\"tr_TR\" \/>\n<meta property=\"og:type\" content=\"article\" \/>\n<meta property=\"og:title\" content=\"Erdo\u011fan\u2019dan \u00d6zg\u00fcr \u00d6zel\u2019e 500 Bin Liral\u0131k Manevi Tazminat Davas\u0131 - The Epoch Times TR\" \/>\n<meta property=\"og:description\" content=\"Cumhurba\u015fkan\u0131 Erdo\u011fan, CHP Genel Ba\u015fkan\u0131 \u00d6zg\u00fcr \u00d6zel&#039;e, \u015ei\u015fli Belediyesi \u00f6n\u00fcnde d\u00fczenlenen mitingdeki s\u00f6zleri nedeniyle 500 bin liral\u0131k manevi tazminat davas\u0131 a\u00e7t\u0131.\" \/>\n<meta property=\"og:url\" content=\"https:\/\/epochtimestr.com\/index.php\/erdogandan-ozgur-ozele-500-bin-liralik-manevi-tazminat-davasi\" \/>\n<meta property=\"og:site_name\" content=\"The Epoch Times TR\" \/>\n<meta property=\"article:publisher\" content=\"https:\/\/www.facebook.com\/theepochtimestr\" \/>\n<meta property=\"article:published_time\" content=\"2025-04-11T21:33:54+00:00\" \/>\n<meta property=\"article:modified_time\" content=\"2025-04-11T21:33:55+00:00\" \/>\n<meta property=\"og:image\" content=\"https:\/\/epochtimestr.com\/wp-content\/uploads\/2011y\/erdogan-ozel.webp\" \/>\n\t<meta property=\"og:image:width\" content=\"1280\" \/>\n\t<meta property=\"og:image:height\" content=\"720\" \/>\n\t<meta property=\"og:image:type\" content=\"image\/webp\" \/>\n<meta name=\"author\" content=\"Haber Merkezi\" \/>\n<meta name=\"twitter:card\" content=\"summary_large_image\" \/>\n<meta name=\"twitter:creator\" content=\"@TheEpochTimesTR\" \/>\n<meta name=\"twitter:site\" content=\"@TheEpochTimesTR\" \/>\n<meta name=\"twitter:label1\" content=\"Yazan:\" \/>\n\t<meta name=\"twitter:data1\" content=\"Haber Merkezi\" \/>\n\t<meta name=\"twitter:label2\" content=\"Tahmini okuma s\u00fcresi\" \/>\n\t<meta name=\"twitter:data2\" content=\"4 dakika\" \/>\n<script type=\"application\/ld+json\" class=\"yoast-schema-graph\">{\"@context\":\"https:\/\/schema.org\",\"@graph\":[{\"@type\":\"Article\",\"@id\":\"https:\/\/epochtimestr.com\/index.php\/erdogandan-ozgur-ozele-500-bin-liralik-manevi-tazminat-davasi#article\",\"isPartOf\":{\"@id\":\"https:\/\/epochtimestr.com\/index.php\/erdogandan-ozgur-ozele-500-bin-liralik-manevi-tazminat-davasi\"},\"author\":{\"name\":\"Haber Merkezi\",\"@id\":\"https:\/\/epochtimestr.com\/#\/schema\/person\/3dc5c3adeb9f43923c5aa85889172fdd\"},\"headline\":\"Erdo\u011fan\u2019dan \u00d6zg\u00fcr \u00d6zel\u2019e 500 Bin Liral\u0131k Manevi Tazminat Davas\u0131\",\"datePublished\":\"2025-04-11T21:33:54+00:00\",\"dateModified\":\"2025-04-11T21:33:55+00:00\",\"mainEntityOfPage\":{\"@id\":\"https:\/\/epochtimestr.com\/index.php\/erdogandan-ozgur-ozele-500-bin-liralik-manevi-tazminat-davasi\"},\"wordCount\":695,\"publisher\":{\"@id\":\"https:\/\/epochtimestr.com\/#organization\"},\"image\":{\"@id\":\"https:\/\/epochtimestr.com\/index.php\/erdogandan-ozgur-ozele-500-bin-liralik-manevi-tazminat-davasi#primaryimage\"},\"thumbnailUrl\":\"https:\/\/epochtimestr.com\/wp-content\/uploads\/2011y\/erdogan-ozel.webp\",\"articleSection\":[\"G\u00dcNDEM\",\"MAN\u015eET\",\"Siyaset\",\"T\u00dcRK\u0130YE\"],\"inLanguage\":\"tr\"},{\"@type\":\"WebPage\",\"@id\":\"https:\/\/epochtimestr.com\/index.php\/erdogandan-ozgur-ozele-500-bin-liralik-manevi-tazminat-davasi\",\"url\":\"https:\/\/epochtimestr.com\/index.php\/erdogandan-ozgur-ozele-500-bin-liralik-manevi-tazminat-davasi\",\"name\":\"Erdo\u011fan\u2019dan \u00d6zg\u00fcr \u00d6zel\u2019e 500 Bin Liral\u0131k Manevi Tazminat Davas\u0131 - The Epoch Times TR\",\"isPartOf\":{\"@id\":\"https:\/\/epochtimestr.com\/#website\"},\"primaryImageOfPage\":{\"@id\":\"https:\/\/epochtimestr.com\/index.php\/erdogandan-ozgur-ozele-500-bin-liralik-manevi-tazminat-davasi#primaryimage\"},\"image\":{\"@id\":\"https:\/\/epochtimestr.com\/index.php\/erdogandan-ozgur-ozele-500-bin-liralik-manevi-tazminat-davasi#primaryimage\"},\"thumbnailUrl\":\"https:\/\/epochtimestr.com\/wp-content\/uploads\/2011y\/erdogan-ozel.webp\",\"datePublished\":\"2025-04-11T21:33:54+00:00\",\"dateModified\":\"2025-04-11T21:33:55+00:00\",\"description\":\"Cumhurba\u015fkan\u0131 Erdo\u011fan, CHP Genel Ba\u015fkan\u0131 \u00d6zg\u00fcr \u00d6zel'e, \u015ei\u015fli Belediyesi \u00f6n\u00fcnde d\u00fczenlenen mitingdeki s\u00f6zleri nedeniyle 500 bin liral\u0131k manevi tazminat davas\u0131 a\u00e7t\u0131.\",\"inLanguage\":\"tr\",\"potentialAction\":[{\"@type\":\"ReadAction\",\"target\":[\"https:\/\/epochtimestr.com\/index.php\/erdogandan-ozgur-ozele-500-bin-liralik-manevi-tazminat-davasi\"]}]},{\"@type\":\"ImageObject\",\"inLanguage\":\"tr\",\"@id\":\"https:\/\/epochtimestr.com\/index.php\/erdogandan-ozgur-ozele-500-bin-liralik-manevi-tazminat-davasi#primaryimage\",\"url\":\"https:\/\/epochtimestr.com\/wp-content\/uploads\/2011y\/erdogan-ozel.webp\",\"contentUrl\":\"https:\/\/epochtimestr.com\/wp-content\/uploads\/2011y\/erdogan-ozel.webp\",\"width\":1280,\"height\":720},{\"@type\":\"WebSite\",\"@id\":\"https:\/\/epochtimestr.com\/#website\",\"url\":\"https:\/\/epochtimestr.com\/\",\"name\":\"The Epoch Times TR\",\"description\":\"De\u011fi\u015fen D\u00fcnyam\u0131za Taze Bir Bak\u0131\u015f\",\"publisher\":{\"@id\":\"https:\/\/epochtimestr.com\/#organization\"},\"potentialAction\":[{\"@type\":\"SearchAction\",\"target\":{\"@type\":\"EntryPoint\",\"urlTemplate\":\"https:\/\/epochtimestr.com\/?s={search_term_string}\"},\"query-input\":\"required name=search_term_string\"}],\"inLanguage\":\"tr\"},{\"@type\":\"Organization\",\"@id\":\"https:\/\/epochtimestr.com\/#organization\",\"name\":\"The EpochTimes T\u00fcrkiye\",\"url\":\"https:\/\/epochtimestr.com\/\",\"logo\":{\"@type\":\"ImageObject\",\"inLanguage\":\"tr\",\"@id\":\"https:\/\/epochtimestr.com\/#\/schema\/logo\/image\/\",\"url\":\"https:\/\/epochtimestr.com\/wp-content\/uploads\/2011y\/ET-Logo-YG.jpg\",\"contentUrl\":\"https:\/\/epochtimestr.com\/wp-content\/uploads\/2011y\/ET-Logo-YG.jpg\",\"width\":346,\"height\":29,\"caption\":\"The EpochTimes T\u00fcrkiye\"},\"image\":{\"@id\":\"https:\/\/epochtimestr.com\/#\/schema\/logo\/image\/\"},\"sameAs\":[\"https:\/\/www.facebook.com\/theepochtimestr\",\"https:\/\/x.com\/TheEpochTimesTR\",\"https:\/\/www.instagram.com\/epochtimestr\"]},{\"@type\":\"Person\",\"@id\":\"https:\/\/epochtimestr.com\/#\/schema\/person\/3dc5c3adeb9f43923c5aa85889172fdd\",\"name\":\"Haber Merkezi\",\"image\":{\"@type\":\"ImageObject\",\"inLanguage\":\"tr\",\"@id\":\"https:\/\/epochtimestr.com\/#\/schema\/person\/image\/\",\"url\":\"https:\/\/secure.gravatar.com\/avatar\/d73f772ba5a74f28601361e17c2f93e6?s=96&d=mm&r=g\",\"contentUrl\":\"https:\/\/secure.gravatar.com\/avatar\/d73f772ba5a74f28601361e17c2f93e6?s=96&d=mm&r=g\",\"caption\":\"Haber Merkezi\"},\"url\":\"https:\/\/epochtimestr.com\/index.php\/author\/sendag\"}]}<\/script>\n<!-- \/ Yoast SEO plugin. -->","yoast_head_json":{"title":"Erdo\u011fan\u2019dan \u00d6zg\u00fcr \u00d6zel\u2019e 500 Bin Liral\u0131k Manevi Tazminat Davas\u0131 - The Epoch Times TR","description":"Cumhurba\u015fkan\u0131 Erdo\u011fan, CHP Genel Ba\u015fkan\u0131 \u00d6zg\u00fcr \u00d6zel'e, \u015ei\u015fli Belediyesi \u00f6n\u00fcnde d\u00fczenlenen mitingdeki s\u00f6zleri nedeniyle 500 bin liral\u0131k manevi tazminat davas\u0131 a\u00e7t\u0131.","robots":{"index":"index","follow":"follow","max-snippet":"max-snippet:-1","max-image-preview":"max-image-preview:large","max-video-preview":"max-video-preview:-1"},"canonical":"https:\/\/epochtimestr.com\/index.php\/erdogandan-ozgur-ozele-500-bin-liralik-manevi-tazminat-davasi","og_locale":"tr_TR","og_type":"article","og_title":"Erdo\u011fan\u2019dan \u00d6zg\u00fcr \u00d6zel\u2019e 500 Bin Liral\u0131k Manevi Tazminat Davas\u0131 - The Epoch Times TR","og_description":"Cumhurba\u015fkan\u0131 Erdo\u011fan, CHP Genel Ba\u015fkan\u0131 \u00d6zg\u00fcr \u00d6zel'e, \u015ei\u015fli Belediyesi \u00f6n\u00fcnde d\u00fczenlenen mitingdeki s\u00f6zleri nedeniyle 500 bin liral\u0131k manevi tazminat davas\u0131 a\u00e7t\u0131.","og_url":"https:\/\/epochtimestr.com\/index.php\/erdogandan-ozgur-ozele-500-bin-liralik-manevi-tazminat-davasi","og_site_name":"The Epoch Times TR","article_publisher":"https:\/\/www.facebook.com\/theepochtimestr","article_published_time":"2025-04-11T21:33:54+00:00","article_modified_time":"2025-04-11T21:33:55+00:00","og_image":[{"width":1280,"height":720,"url":"https:\/\/epochtimestr.com\/wp-content\/uploads\/2011y\/erdogan-ozel.webp","type":"image\/webp"}],"author":"Haber Merkezi","twitter_card":"summary_large_image","twitter_creator":"@TheEpochTimesTR","twitter_site":"@TheEpochTimesTR","twitter_misc":{"Yazan:":"Haber Merkezi","Tahmini okuma s\u00fcresi":"4 dakika"},"schema":{"@context":"https:\/\/schema.org","@graph":[{"@type":"Article","@id":"https:\/\/epochtimestr.com\/index.php\/erdogandan-ozgur-ozele-500-bin-liralik-manevi-tazminat-davasi#article","isPartOf":{"@id":"https:\/\/epochtimestr.com\/index.php\/erdogandan-ozgur-ozele-500-bin-liralik-manevi-tazminat-davasi"},"author":{"name":"Haber Merkezi","@id":"https:\/\/epochtimestr.com\/#\/schema\/person\/3dc5c3adeb9f43923c5aa85889172fdd"},"headline":"Erdo\u011fan\u2019dan \u00d6zg\u00fcr \u00d6zel\u2019e 500 Bin Liral\u0131k Manevi Tazminat Davas\u0131","datePublished":"2025-04-11T21:33:54+00:00","dateModified":"2025-04-11T21:33:55+00:00","mainEntityOfPage":{"@id":"https:\/\/epochtimestr.com\/index.php\/erdogandan-ozgur-ozele-500-bin-liralik-manevi-tazminat-davasi"},"wordCount":695,"publisher":{"@id":"https:\/\/epochtimestr.com\/#organization"},"image":{"@id":"https:\/\/epochtimestr.com\/index.php\/erdogandan-ozgur-ozele-500-bin-liralik-manevi-tazminat-davasi#primaryimage"},"thumbnailUrl":"https:\/\/epochtimestr.com\/wp-content\/uploads\/2011y\/erdogan-ozel.webp","articleSection":["G\u00dcNDEM","MAN\u015eET","Siyaset","T\u00dcRK\u0130YE"],"inLanguage":"tr"},{"@type":"WebPage","@id":"https:\/\/epochtimestr.com\/index.php\/erdogandan-ozgur-ozele-500-bin-liralik-manevi-tazminat-davasi","url":"https:\/\/epochtimestr.com\/index.php\/erdogandan-ozgur-ozele-500-bin-liralik-manevi-tazminat-davasi","name":"Erdo\u011fan\u2019dan \u00d6zg\u00fcr \u00d6zel\u2019e 500 Bin Liral\u0131k Manevi Tazminat Davas\u0131 - The Epoch Times TR","isPartOf":{"@id":"https:\/\/epochtimestr.com\/#website"},"primaryImageOfPage":{"@id":"https:\/\/epochtimestr.com\/index.php\/erdogandan-ozgur-ozele-500-bin-liralik-manevi-tazminat-davasi#primaryimage"},"image":{"@id":"https:\/\/epochtimestr.com\/index.php\/erdogandan-ozgur-ozele-500-bin-liralik-manevi-tazminat-davasi#primaryimage"},"thumbnailUrl":"https:\/\/epochtimestr.com\/wp-content\/uploads\/2011y\/erdogan-ozel.webp","datePublished":"2025-04-11T21:33:54+00:00","dateModified":"2025-04-11T21:33:55+00:00","description":"Cumhurba\u015fkan\u0131 Erdo\u011fan, CHP Genel Ba\u015fkan\u0131 \u00d6zg\u00fcr \u00d6zel'e, \u015ei\u015fli Belediyesi \u00f6n\u00fcnde d\u00fczenlenen mitingdeki s\u00f6zleri nedeniyle 500 bin liral\u0131k manevi tazminat davas\u0131 a\u00e7t\u0131.","inLanguage":"tr","potentialAction":[{"@type":"ReadAction","target":["https:\/\/epochtimestr.com\/index.php\/erdogandan-ozgur-ozele-500-bin-liralik-manevi-tazminat-davasi"]}]},{"@type":"ImageObject","inLanguage":"tr","@id":"https:\/\/epochtimestr.com\/index.php\/erdogandan-ozgur-ozele-500-bin-liralik-manevi-tazminat-davasi#primaryimage","url":"https:\/\/epochtimestr.com\/wp-content\/uploads\/2011y\/erdogan-ozel.webp","contentUrl":"https:\/\/epochtimestr.com\/wp-content\/uploads\/2011y\/erdogan-ozel.webp","width":1280,"height":720},{"@type":"WebSite","@id":"https:\/\/epochtimestr.com\/#website","url":"https:\/\/epochtimestr.com\/","name":"The Epoch Times TR","description":"De\u011fi\u015fen D\u00fcnyam\u0131za Taze Bir Bak\u0131\u015f","publisher":{"@id":"https:\/\/epochtimestr.com\/#organization"},"potentialAction":[{"@type":"SearchAction","target":{"@type":"EntryPoint","urlTemplate":"https:\/\/epochtimestr.com\/?s={search_term_string}"},"query-input":"required name=search_term_string"}],"inLanguage":"tr"},{"@type":"Organization","@id":"https:\/\/epochtimestr.com\/#organization","name":"The EpochTimes T\u00fcrkiye","url":"https:\/\/epochtimestr.com\/","logo":{"@type":"ImageObject","inLanguage":"tr","@id":"https:\/\/epochtimestr.com\/#\/schema\/logo\/image\/","url":"https:\/\/epochtimestr.com\/wp-content\/uploads\/2011y\/ET-Logo-YG.jpg","contentUrl":"https:\/\/epochtimestr.com\/wp-content\/uploads\/2011y\/ET-Logo-YG.jpg","width":346,"height":29,"caption":"The EpochTimes T\u00fcrkiye"},"image":{"@id":"https:\/\/epochtimestr.com\/#\/schema\/logo\/image\/"},"sameAs":["https:\/\/www.facebook.com\/theepochtimestr","https:\/\/x.com\/TheEpochTimesTR","https:\/\/www.instagram.com\/epochtimestr"]},{"@type":"Person","@id":"https:\/\/epochtimestr.com\/#\/schema\/person\/3dc5c3adeb9f43923c5aa85889172fdd","name":"Haber Merkezi","image":{"@type":"ImageObject","inLanguage":"tr","@id":"https:\/\/epochtimestr.com\/#\/schema\/person\/image\/","url":"https:\/\/secure.gravatar.com\/avatar\/d73f772ba5a74f28601361e17c2f93e6?s=96&d=mm&r=g","contentUrl":"https:\/\/secure.gravatar.com\/avatar\/d73f772ba5a74f28601361e17c2f93e6?s=96&d=mm&r=g","caption":"Haber Merkezi"},"url":"https:\/\/epochtimestr.com\/index.php\/author\/sendag"}]}},"_links":{"self":[{"href":"https:\/\/epochtimestr.com\/index.php\/wp-json\/wp\/v2\/posts\/157634"}],"collection":[{"href":"https:\/\/epochtimestr.com\/index.php\/wp-json\/wp\/v2\/posts"}],"about":[{"href":"https:\/\/epochtimestr.com\/index.php\/wp-json\/wp\/v2\/types\/post"}],"author":[{"embeddable":true,"href":"https:\/\/epochtimestr.com\/index.php\/wp-json\/wp\/v2\/users\/12791"}],"replies":[{"embeddable":true,"href":"https:\/\/epochtimestr.com\/index.php\/wp-json\/wp\/v2\/comments?post=157634"}],"version-history":[{"count":1,"href":"https:\/\/epochtimestr.com\/index.php\/wp-json\/wp\/v2\/posts\/157634\/revisions"}],"predecessor-version":[{"id":157638,"href":"https:\/\/epochtimestr.com\/index.php\/wp-json\/wp\/v2\/posts\/157634\/revisions\/157638"}],"wp:featuredmedia":[{"embeddable":true,"href":"https:\/\/epochtimestr.com\/index.php\/wp-json\/wp\/v2\/media\/157635"}],"wp:attachment":[{"href":"https:\/\/epochtimestr.com\/index.php\/wp-json\/wp\/v2\/media?parent=157634"}],"wp:term":[{"taxonomy":"category","embeddable":true,"href":"https:\/\/epochtimestr.com\/index.php\/wp-json\/wp\/v2\/categories?post=157634"},{"taxonomy":"post_tag","embeddable":true,"href":"https:\/\/epochtimestr.com\/index.php\/wp-json\/wp\/v2\/tags?post=157634"}],"curies":[{"name":"wp","href":"https:\/\/api.w.org\/{rel}","templated":true}]}}