{"id":157639,"date":"2025-04-12T11:47:26","date_gmt":"2025-04-12T08:47:26","guid":{"rendered":"https:\/\/epochtimestr.com\/?p=157639"},"modified":"2025-04-12T11:47:27","modified_gmt":"2025-04-12T08:47:27","slug":"uygur-politikasi-yasa-tasarisi-abd-meclisinde-kabul-edildi","status":"publish","type":"post","link":"https:\/\/epochtimestr.com\/index.php\/uygur-politikasi-yasa-tasarisi-abd-meclisinde-kabul-edildi","title":{"rendered":"Uygur Politikas\u0131 Yasa Tasar\u0131s\u0131, ABD Meclisi&#8217;nde Kabul Edildi"},"content":{"rendered":"<div class=\"wp-block-image\">\n<figure class=\"aligncenter size-large\"><img loading=\"lazy\" decoding=\"async\" width=\"600\" height=\"400\" src=\"https:\/\/epochtimestr.com\/wp-content\/uploads\/2011y\/uygur-t\u00fcrkleri-1-600x400.png\" alt=\"\" class=\"wp-image-123611\" srcset=\"https:\/\/epochtimestr.com\/wp-content\/uploads\/2011y\/uygur-t\u00fcrkleri-1-600x400.png 600w, https:\/\/epochtimestr.com\/wp-content\/uploads\/2011y\/uygur-t\u00fcrkleri-1-150x100.png 150w, https:\/\/epochtimestr.com\/wp-content\/uploads\/2011y\/uygur-t\u00fcrkleri-1-300x200.png 300w, https:\/\/epochtimestr.com\/wp-content\/uploads\/2011y\/uygur-t\u00fcrkleri-1-768x512.png 768w, https:\/\/epochtimestr.com\/wp-content\/uploads\/2011y\/uygur-t\u00fcrkleri-1-450x300.png 450w, https:\/\/epochtimestr.com\/wp-content\/uploads\/2011y\/uygur-t\u00fcrkleri-1.png 800w\" sizes=\"(max-width: 600px) 100vw, 600px\" \/><\/figure><\/div>\n\n\n<h2 class=\"wp-block-heading\"><strong><em>\u201cUygur Politikas\u0131 Yasas\u0131\u201d ABD Temsilciler Meclisi Komitesi\u2019nde oy birli\u011fiyle kabul edildi; tasar\u0131 \u00c7in\u2019in Uygurlara y\u00f6nelik soyk\u0131r\u0131m ve ihlallerine kar\u015f\u0131 stratejik \u00f6nlemler i\u00e7eriyor.<\/em><\/strong><\/h2>\n\n\n\n<p>ABD Temsilciler Meclisi D\u0131\u015f \u0130li\u015fkiler Komitesine 10 Nisan 2025 tarihinde sunulan \u201cUygur Politikas\u0131 Yasas\u0131\u201d olarak adland\u0131r\u0131lan tasar\u0131 iki partili t\u00fcm \u00fcyelerin oybirli\u011fiyle kabul edildi. Tasar\u0131da, ABD D\u0131\u015fi\u015fleri Bakanl\u0131\u011f\u0131\u2019n\u0131n Uygurlar ve Do\u011fu T\u00fcrkistan\u2019a y\u00f6nelik politikalar\u0131, programlar\u0131 ve destek faaliyetlerini koordine etmesi gerekti\u011fi ifade edildi. Ayr\u0131ca, Bakanl\u0131\u011f\u0131n Avrupa, Orta Asya ve \u0130slam \u0130\u015fbirli\u011fi Te\u015fkilat\u0131 \u00fcyesi \u00fclkelerin d\u0131\u015fi\u015fleri bakanl\u0131klar\u0131yla i\u015f birli\u011fi yaparak, Uygurlar ve b\u00f6lgedeki di\u011fer etnik-dini az\u0131nl\u0131klar\u0131n insan haklar\u0131 ve dini \u00f6zg\u00fcrl\u00fcklerine daha fazla sayg\u0131 g\u00f6sterilmesini sa\u011flayacak politikalar\u0131 desteklemesi gerekti\u011fi belirtildi.<\/p>\n\n\n\n<h3 class=\"wp-block-heading\"><strong>HER \u0130K\u0130 PART\u0130DEN TAM DESTEK<\/strong><\/h3>\n\n\n\n<p>Tasar\u0131, iki partiden Temsilciler Meclisi \u00fcyeleri Young Kim, Ami Bera, Gregory Meeks ve be\u015f di\u011fer \u00fcye taraf\u0131ndan ortakla\u015fa sunulmu\u015ftu. ABD\u2019de iki parti aras\u0131ndaki gerilimlerin artt\u0131\u011f\u0131 bir d\u00f6nemde, \u201cUygur Politikas\u0131 Yasa Tasar\u0131s\u0131\u201dn\u0131n oy birli\u011fiyle kabul edilmesi, Uygur meselesine y\u00f6nelik deste\u011fin her iki parti taraf\u0131ndan da s\u00fcrd\u00fc\u011f\u00fcn\u00fc a\u00e7\u0131k\u00e7a ortaya koyuyor.<\/p>\n\n\n\n<p>Tasar\u0131y\u0131 haz\u0131rlayan Temsilci Young Kim, komitedeki oylaman\u0131n ard\u0131ndan yapt\u0131\u011f\u0131 a\u00e7\u0131klamada, \u201c<em>Uygur Politikas\u0131 Tasar\u0131s\u0131, ABD h\u00fck\u00fcmetine insanl\u0131\u011fa kar\u015f\u0131 su\u00e7lara maruz kalan halklar\u0131n insan haklar\u0131n\u0131 ve \u00f6zg\u00fcn kapasitelerini korumay\u0131 ama\u00e7l\u0131yor. D\u0131\u015f \u0130li\u015fkiler Komitesi\u2019nin bu \u00e7abay\u0131 desteklemesinden dolay\u0131 te\u015fekk\u00fcr ederim. \u00c7in Kom\u00fcnist Partisi\u2019nin zul\u00fcmlerine kar\u015f\u0131 m\u00fccadele etmeye devam edece\u011fim ve d\u00fcnyan\u0131n her yerindeki \u00f6zg\u00fcrl\u00fck ve insan haklar\u0131 meselelerini savunaca\u011f\u0131m,<\/em>\u201d dedi.<\/p>\n\n\n\n<h3 class=\"wp-block-heading\"><strong>\u201cBU TASARI UYGURLAR \u0130\u00c7\u0130N UMUT KAYNA\u011eI\u201d<\/strong><\/h3>\n\n\n\n<p>ABD\u2019deki Uygur kurulu\u015flar\u0131, tasar\u0131n\u0131n komiteden ge\u00e7mesini b\u00fcy\u00fck bir co\u015fkuyla kar\u015f\u0131lad\u0131. Washington merkezli Uygur \u0130nsan Haklar\u0131 Projesi\u2019nin \u0130cra Direkt\u00f6r\u00fc \u00d6mer Kanat, \u201c<em>Temsilci Young Kim\u2019in sundu\u011fu bu tasar\u0131, Uygurlar i\u00e7in b\u00fcy\u00fck bir umut kayna\u011f\u0131. Halk\u0131m\u0131z, sistematik bir soyk\u0131r\u0131m s\u00fcreci alt\u0131nda dayan\u0131lmas\u0131 g\u00fc\u00e7 zul\u00fcmler ya\u015f\u0131yor,<\/em>\u201d ifadelerini kulland\u0131.<\/p>\n\n\n\n<p>Uygur Hareketi\u2019nin kurucusu ve \u0130cra Direkt\u00f6r\u00fc Rushan Abbas ise, \u201c<em>Bu tasar\u0131, d\u00fcnyadaki Uygurlar\u0131 destekleyen stratejik bir gereklilik olmas\u0131n\u0131n yan\u0131 s\u0131ra, uluslararas\u0131 toplumun savundu\u011funu iddia etti\u011fi de\u011ferlere sahip \u00e7\u0131kmas\u0131nda da \u00f6nemli bir rol oynayacak,<\/em>\u201d dedi.<\/p>\n\n\n\n<p>ABD Uygur Birli\u011fi Ba\u015fkan\u0131 Elfidar \u0130ltebir ise, Kongre\u2019de arka arkaya g\u00fcndeme gelen Uygur odakl\u0131 tasar\u0131larla ilgili olarak, \u201c<em>Bu tasar\u0131lar\u0131n, \u00c7in h\u00fck\u00fcmetinin Uygurlar ve di\u011fer T\u00fcrk halklar\u0131na y\u00f6nelik soyk\u0131r\u0131m\u0131 ile yayg\u0131n insan haklar\u0131 ihlallerini g\u00fcndeme ta\u015f\u0131yan g\u00fc\u00e7l\u00fc ad\u0131mlar oldu\u011funa inan\u0131yoruz,<\/em>\u201d dedi.<\/p>\n\n\n\n<p>Tasar\u0131da, Uygurlar\u0131n tarih boyunca \u00f6zg\u00fcn dini ve k\u00fclt\u00fcrel de\u011ferlere sahip oldu\u011fu ve Uluslararas\u0131 Ekonomik, Sosyal ve K\u00fclt\u00fcrel Haklar S\u00f6zle\u015fmesi ile Uluslararas\u0131 Medeni ve Siyasi Haklar S\u00f6zle\u015fmesi \u00e7er\u00e7evesinde t\u00fcm halklar\u0131n kendi kaderini tayin etme hakk\u0131na sahip oldu\u011fu \u00f6zellikle vurguland\u0131. Ayr\u0131ca, ABD\u2019nin iki eski D\u0131\u015fi\u015fleri Bakan\u0131n\u0131n \u00c7in h\u00fck\u00fcmetinin Uygurlara y\u00f6nelik soyk\u0131r\u0131m ve insanl\u0131\u011fa kar\u015f\u0131 su\u00e7lar i\u015fledi\u011fine dair beyanlar\u0131na da yer verildi.<\/p>\n\n\n\n<p>Tasar\u0131, ABD D\u0131\u015fi\u015fleri Bakanl\u0131\u011f\u0131\u2019n\u0131n \u00d6zg\u00fcr Asya Radyosu gibi ba\u011f\u0131ms\u0131z medya kurulu\u015flar\u0131n\u0131n Do\u011fu T\u00fcrkistan\u2019a ili\u015fkin haber ve ara\u015ft\u0131rmalar\u0131n\u0131 desteklemesini, Birle\u015fmi\u015f Milletler\u2019de ise b\u00f6lgedeki insan haklar\u0131 ihlallerini izlemek \u00fczere ba\u011f\u0131ms\u0131z bir raport\u00f6r atanmas\u0131 y\u00f6n\u00fcnde \u00e7aba g\u00f6stermesini \u00f6ng\u00f6r\u00fcyor. Ayr\u0131ca, ABD D\u0131\u015fi\u015fleri Bakan\u0131\u2019n\u0131n, \u00c7in\u2019e bask\u0131 yaparak Do\u011fu T\u00fcrkistan\u2019daki t\u00fcm \u201cyeniden e\u011fitim\u201d kamplar\u0131n\u0131n kapat\u0131lmas\u0131n\u0131 hedefleyen bir strateji geli\u015ftirmesi talep ediliyor.<\/p>\n\n\n\n<p>Son olarak, D\u0131\u015fi\u015fleri Bakanl\u0131\u011f\u0131\u2019n\u0131n Uygurlar ve Do\u011fu T\u00fcrkistan ile ilgili politika geli\u015ftirme s\u00fcrecinde Kongre ile isti\u015farede bulunmas\u0131, Uygur insan haklar\u0131 savunucular\u0131na sa\u011flanacak destek fonlar\u0131n\u0131 koordine etmesi ve \u0130slam \u0130\u015fbirli\u011fi Te\u015fkilat\u0131 ile y\u00fcr\u00fct\u00fclen diyalog arac\u0131l\u0131\u011f\u0131yla Uygurlar\u0131n insan haklar\u0131 ihlallerinin, \u00f6zellikle g\u00f6zalt\u0131na al\u0131nan, tacize u\u011frayan ve devlet taraf\u0131ndan hedef al\u0131nan bireylerin durumunun uluslararas\u0131 g\u00fcndeme ta\u015f\u0131nmas\u0131 gerekti\u011fi vurguland\u0131.<\/p>\n\n\n\n<p>Uygur Politikas\u0131 Yasa tasar\u0131s\u0131, 2022 ve 2024 y\u0131llar\u0131nda da Kongre\u2019ye sunulmu\u015f ve o d\u00f6nemlerde de bir\u00e7ok Temsilciler Meclisi \u00fcyesinin deste\u011fiyle kabul edilmi\u015fti. Uygur aktivistler, ABD Temsilciler Meclisi\u2019ni, Uygur halk\u0131na y\u00f6nelik bask\u0131lar ve sistematik insan haklar\u0131 ihlallerine kar\u015f\u0131 somut ad\u0131mlar i\u00e7eren bu yasay\u0131 bir an \u00f6nce onaylamaya \u00e7a\u011f\u0131r\u0131yor.<\/p>\n\n\n\n<p>Kaynak: uygurhaber.com<\/p>\n","protected":false},"excerpt":{"rendered":"<p>\u201cUygur Politikas\u0131 Yasas\u0131\u201d ABD Temsilciler Meclisi Komitesi\u2019nde oy birli\u011fiyle kabul edildi; tasar\u0131 \u00c7in\u2019in Uygurlara y\u00f6nelik soyk\u0131r\u0131m ve ihlallerine kar\u015f\u0131 stratejik \u00f6nlemler i\u00e7eriyor. ABD Temsilciler Meclisi D\u0131\u015f \u0130li\u015fkiler Komitesine 10 Nisan 2025 tarihinde sunulan \u201cUygur Politikas\u0131 Yasas\u0131\u201d olarak adland\u0131r\u0131lan tasar\u0131 iki partili t\u00fcm \u00fcyelerin oybirli\u011fiyle kabul edildi. Tasar\u0131da, ABD D\u0131\u015fi\u015fleri Bakanl\u0131\u011f\u0131\u2019n\u0131n Uygurlar ve Do\u011fu T\u00fcrkistan\u2019a y\u00f6nelik [&hellip;]<\/p>\n","protected":false},"author":12791,"featured_media":123611,"comment_status":"closed","ping_status":"open","sticky":false,"template":"","format":"standard","meta":{"_yoast_wpseo_focuskw":"","_yoast_wpseo_title":"","_yoast_wpseo_metadesc":"","_bbp_topic_count":0,"_bbp_reply_count":0,"_bbp_total_topic_count":0,"_bbp_total_reply_count":0,"_bbp_voice_count":0,"_bbp_anonymous_reply_count":0,"_bbp_topic_count_hidden":0,"_bbp_reply_count_hidden":0,"_bbp_forum_subforum_count":0,"footnotes":"","_yoast_wpseo_focuskw_text_input":""},"categories":[5,1,8138],"tags":[],"yoast_head":"<!-- This site is optimized with the Yoast SEO plugin v23.0 - https:\/\/yoast.com\/wordpress\/plugins\/seo\/ -->\n<title>Uygur Politikas\u0131 Yasa Tasar\u0131s\u0131, ABD Meclisi&#039;nde Kabul Edildi - The Epoch Times TR<\/title>\n<meta name=\"robots\" content=\"index, follow, max-snippet:-1, max-image-preview:large, max-video-preview:-1\" \/>\n<link rel=\"canonical\" href=\"https:\/\/epochtimestr.com\/index.php\/uygur-politikasi-yasa-tasarisi-abd-meclisinde-kabul-edildi\" \/>\n<meta property=\"og:locale\" content=\"tr_TR\" \/>\n<meta property=\"og:type\" content=\"article\" \/>\n<meta property=\"og:title\" content=\"Uygur Politikas\u0131 Yasa Tasar\u0131s\u0131, ABD Meclisi&#039;nde Kabul Edildi - The Epoch Times TR\" \/>\n<meta property=\"og:description\" content=\"\u201cUygur Politikas\u0131 Yasas\u0131\u201d ABD Temsilciler Meclisi Komitesi\u2019nde oy birli\u011fiyle kabul edildi; tasar\u0131 \u00c7in\u2019in Uygurlara y\u00f6nelik soyk\u0131r\u0131m ve ihlallerine kar\u015f\u0131 stratejik \u00f6nlemler i\u00e7eriyor. ABD Temsilciler Meclisi D\u0131\u015f \u0130li\u015fkiler Komitesine 10 Nisan 2025 tarihinde sunulan \u201cUygur Politikas\u0131 Yasas\u0131\u201d olarak adland\u0131r\u0131lan tasar\u0131 iki partili t\u00fcm \u00fcyelerin oybirli\u011fiyle kabul edildi. Tasar\u0131da, ABD D\u0131\u015fi\u015fleri Bakanl\u0131\u011f\u0131\u2019n\u0131n Uygurlar ve Do\u011fu T\u00fcrkistan\u2019a y\u00f6nelik [&hellip;]\" \/>\n<meta property=\"og:url\" content=\"https:\/\/epochtimestr.com\/index.php\/uygur-politikasi-yasa-tasarisi-abd-meclisinde-kabul-edildi\" \/>\n<meta property=\"og:site_name\" content=\"The Epoch Times TR\" \/>\n<meta property=\"article:publisher\" content=\"https:\/\/www.facebook.com\/theepochtimestr\" \/>\n<meta property=\"article:published_time\" content=\"2025-04-12T08:47:26+00:00\" \/>\n<meta property=\"article:modified_time\" content=\"2025-04-12T08:47:27+00:00\" \/>\n<meta property=\"og:image\" content=\"https:\/\/epochtimestr.com\/wp-content\/uploads\/2011y\/uygur-t\u00fcrkleri-1.png\" \/>\n\t<meta property=\"og:image:width\" content=\"800\" \/>\n\t<meta property=\"og:image:height\" content=\"533\" \/>\n\t<meta property=\"og:image:type\" content=\"image\/png\" \/>\n<meta name=\"author\" content=\"Haber Merkezi\" \/>\n<meta name=\"twitter:card\" content=\"summary_large_image\" \/>\n<meta name=\"twitter:creator\" content=\"@TheEpochTimesTR\" \/>\n<meta name=\"twitter:site\" content=\"@TheEpochTimesTR\" \/>\n<meta name=\"twitter:label1\" content=\"Yazan:\" \/>\n\t<meta name=\"twitter:data1\" content=\"Haber Merkezi\" \/>\n\t<meta name=\"twitter:label2\" content=\"Tahmini okuma s\u00fcresi\" \/>\n\t<meta name=\"twitter:data2\" content=\"4 dakika\" \/>\n<script type=\"application\/ld+json\" class=\"yoast-schema-graph\">{\"@context\":\"https:\/\/schema.org\",\"@graph\":[{\"@type\":\"Article\",\"@id\":\"https:\/\/epochtimestr.com\/index.php\/uygur-politikasi-yasa-tasarisi-abd-meclisinde-kabul-edildi#article\",\"isPartOf\":{\"@id\":\"https:\/\/epochtimestr.com\/index.php\/uygur-politikasi-yasa-tasarisi-abd-meclisinde-kabul-edildi\"},\"author\":{\"name\":\"Haber Merkezi\",\"@id\":\"https:\/\/epochtimestr.com\/#\/schema\/person\/3dc5c3adeb9f43923c5aa85889172fdd\"},\"headline\":\"Uygur Politikas\u0131 Yasa Tasar\u0131s\u0131, ABD Meclisi&#8217;nde Kabul Edildi\",\"datePublished\":\"2025-04-12T08:47:26+00:00\",\"dateModified\":\"2025-04-12T08:47:27+00:00\",\"mainEntityOfPage\":{\"@id\":\"https:\/\/epochtimestr.com\/index.php\/uygur-politikasi-yasa-tasarisi-abd-meclisinde-kabul-edildi\"},\"wordCount\":829,\"publisher\":{\"@id\":\"https:\/\/epochtimestr.com\/#organization\"},\"image\":{\"@id\":\"https:\/\/epochtimestr.com\/index.php\/uygur-politikasi-yasa-tasarisi-abd-meclisinde-kabul-edildi#primaryimage\"},\"thumbnailUrl\":\"https:\/\/epochtimestr.com\/wp-content\/uploads\/2011y\/uygur-t\u00fcrkleri-1.png\",\"articleSection\":[\"D\u00dcNYA\",\"G\u00dcNDEM\",\"MAN\u015eET\"],\"inLanguage\":\"tr\"},{\"@type\":\"WebPage\",\"@id\":\"https:\/\/epochtimestr.com\/index.php\/uygur-politikasi-yasa-tasarisi-abd-meclisinde-kabul-edildi\",\"url\":\"https:\/\/epochtimestr.com\/index.php\/uygur-politikasi-yasa-tasarisi-abd-meclisinde-kabul-edildi\",\"name\":\"Uygur Politikas\u0131 Yasa Tasar\u0131s\u0131, ABD Meclisi'nde Kabul Edildi - The Epoch Times TR\",\"isPartOf\":{\"@id\":\"https:\/\/epochtimestr.com\/#website\"},\"primaryImageOfPage\":{\"@id\":\"https:\/\/epochtimestr.com\/index.php\/uygur-politikasi-yasa-tasarisi-abd-meclisinde-kabul-edildi#primaryimage\"},\"image\":{\"@id\":\"https:\/\/epochtimestr.com\/index.php\/uygur-politikasi-yasa-tasarisi-abd-meclisinde-kabul-edildi#primaryimage\"},\"thumbnailUrl\":\"https:\/\/epochtimestr.com\/wp-content\/uploads\/2011y\/uygur-t\u00fcrkleri-1.png\",\"datePublished\":\"2025-04-12T08:47:26+00:00\",\"dateModified\":\"2025-04-12T08:47:27+00:00\",\"inLanguage\":\"tr\",\"potentialAction\":[{\"@type\":\"ReadAction\",\"target\":[\"https:\/\/epochtimestr.com\/index.php\/uygur-politikasi-yasa-tasarisi-abd-meclisinde-kabul-edildi\"]}]},{\"@type\":\"ImageObject\",\"inLanguage\":\"tr\",\"@id\":\"https:\/\/epochtimestr.com\/index.php\/uygur-politikasi-yasa-tasarisi-abd-meclisinde-kabul-edildi#primaryimage\",\"url\":\"https:\/\/epochtimestr.com\/wp-content\/uploads\/2011y\/uygur-t\u00fcrkleri-1.png\",\"contentUrl\":\"https:\/\/epochtimestr.com\/wp-content\/uploads\/2011y\/uygur-t\u00fcrkleri-1.png\",\"width\":800,\"height\":533},{\"@type\":\"WebSite\",\"@id\":\"https:\/\/epochtimestr.com\/#website\",\"url\":\"https:\/\/epochtimestr.com\/\",\"name\":\"The Epoch Times TR\",\"description\":\"De\u011fi\u015fen D\u00fcnyam\u0131za Taze Bir Bak\u0131\u015f\",\"publisher\":{\"@id\":\"https:\/\/epochtimestr.com\/#organization\"},\"potentialAction\":[{\"@type\":\"SearchAction\",\"target\":{\"@type\":\"EntryPoint\",\"urlTemplate\":\"https:\/\/epochtimestr.com\/?s={search_term_string}\"},\"query-input\":\"required name=search_term_string\"}],\"inLanguage\":\"tr\"},{\"@type\":\"Organization\",\"@id\":\"https:\/\/epochtimestr.com\/#organization\",\"name\":\"The EpochTimes T\u00fcrkiye\",\"url\":\"https:\/\/epochtimestr.com\/\",\"logo\":{\"@type\":\"ImageObject\",\"inLanguage\":\"tr\",\"@id\":\"https:\/\/epochtimestr.com\/#\/schema\/logo\/image\/\",\"url\":\"https:\/\/epochtimestr.com\/wp-content\/uploads\/2011y\/ET-Logo-YG.jpg\",\"contentUrl\":\"https:\/\/epochtimestr.com\/wp-content\/uploads\/2011y\/ET-Logo-YG.jpg\",\"width\":346,\"height\":29,\"caption\":\"The EpochTimes T\u00fcrkiye\"},\"image\":{\"@id\":\"https:\/\/epochtimestr.com\/#\/schema\/logo\/image\/\"},\"sameAs\":[\"https:\/\/www.facebook.com\/theepochtimestr\",\"https:\/\/x.com\/TheEpochTimesTR\",\"https:\/\/www.instagram.com\/epochtimestr\"]},{\"@type\":\"Person\",\"@id\":\"https:\/\/epochtimestr.com\/#\/schema\/person\/3dc5c3adeb9f43923c5aa85889172fdd\",\"name\":\"Haber Merkezi\",\"image\":{\"@type\":\"ImageObject\",\"inLanguage\":\"tr\",\"@id\":\"https:\/\/epochtimestr.com\/#\/schema\/person\/image\/\",\"url\":\"https:\/\/secure.gravatar.com\/avatar\/d73f772ba5a74f28601361e17c2f93e6?s=96&d=mm&r=g\",\"contentUrl\":\"https:\/\/secure.gravatar.com\/avatar\/d73f772ba5a74f28601361e17c2f93e6?s=96&d=mm&r=g\",\"caption\":\"Haber Merkezi\"},\"url\":\"https:\/\/epochtimestr.com\/index.php\/author\/sendag\"}]}<\/script>\n<!-- \/ Yoast SEO plugin. -->","yoast_head_json":{"title":"Uygur Politikas\u0131 Yasa Tasar\u0131s\u0131, ABD Meclisi'nde Kabul Edildi - The Epoch Times TR","robots":{"index":"index","follow":"follow","max-snippet":"max-snippet:-1","max-image-preview":"max-image-preview:large","max-video-preview":"max-video-preview:-1"},"canonical":"https:\/\/epochtimestr.com\/index.php\/uygur-politikasi-yasa-tasarisi-abd-meclisinde-kabul-edildi","og_locale":"tr_TR","og_type":"article","og_title":"Uygur Politikas\u0131 Yasa Tasar\u0131s\u0131, ABD Meclisi'nde Kabul Edildi - The Epoch Times TR","og_description":"\u201cUygur Politikas\u0131 Yasas\u0131\u201d ABD Temsilciler Meclisi Komitesi\u2019nde oy birli\u011fiyle kabul edildi; tasar\u0131 \u00c7in\u2019in Uygurlara y\u00f6nelik soyk\u0131r\u0131m ve ihlallerine kar\u015f\u0131 stratejik \u00f6nlemler i\u00e7eriyor. ABD Temsilciler Meclisi D\u0131\u015f \u0130li\u015fkiler Komitesine 10 Nisan 2025 tarihinde sunulan \u201cUygur Politikas\u0131 Yasas\u0131\u201d olarak adland\u0131r\u0131lan tasar\u0131 iki partili t\u00fcm \u00fcyelerin oybirli\u011fiyle kabul edildi. Tasar\u0131da, ABD D\u0131\u015fi\u015fleri Bakanl\u0131\u011f\u0131\u2019n\u0131n Uygurlar ve Do\u011fu T\u00fcrkistan\u2019a y\u00f6nelik [&hellip;]","og_url":"https:\/\/epochtimestr.com\/index.php\/uygur-politikasi-yasa-tasarisi-abd-meclisinde-kabul-edildi","og_site_name":"The Epoch Times TR","article_publisher":"https:\/\/www.facebook.com\/theepochtimestr","article_published_time":"2025-04-12T08:47:26+00:00","article_modified_time":"2025-04-12T08:47:27+00:00","og_image":[{"width":800,"height":533,"url":"https:\/\/epochtimestr.com\/wp-content\/uploads\/2011y\/uygur-t\u00fcrkleri-1.png","type":"image\/png"}],"author":"Haber Merkezi","twitter_card":"summary_large_image","twitter_creator":"@TheEpochTimesTR","twitter_site":"@TheEpochTimesTR","twitter_misc":{"Yazan:":"Haber Merkezi","Tahmini okuma s\u00fcresi":"4 dakika"},"schema":{"@context":"https:\/\/schema.org","@graph":[{"@type":"Article","@id":"https:\/\/epochtimestr.com\/index.php\/uygur-politikasi-yasa-tasarisi-abd-meclisinde-kabul-edildi#article","isPartOf":{"@id":"https:\/\/epochtimestr.com\/index.php\/uygur-politikasi-yasa-tasarisi-abd-meclisinde-kabul-edildi"},"author":{"name":"Haber Merkezi","@id":"https:\/\/epochtimestr.com\/#\/schema\/person\/3dc5c3adeb9f43923c5aa85889172fdd"},"headline":"Uygur Politikas\u0131 Yasa Tasar\u0131s\u0131, ABD Meclisi&#8217;nde Kabul Edildi","datePublished":"2025-04-12T08:47:26+00:00","dateModified":"2025-04-12T08:47:27+00:00","mainEntityOfPage":{"@id":"https:\/\/epochtimestr.com\/index.php\/uygur-politikasi-yasa-tasarisi-abd-meclisinde-kabul-edildi"},"wordCount":829,"publisher":{"@id":"https:\/\/epochtimestr.com\/#organization"},"image":{"@id":"https:\/\/epochtimestr.com\/index.php\/uygur-politikasi-yasa-tasarisi-abd-meclisinde-kabul-edildi#primaryimage"},"thumbnailUrl":"https:\/\/epochtimestr.com\/wp-content\/uploads\/2011y\/uygur-t\u00fcrkleri-1.png","articleSection":["D\u00dcNYA","G\u00dcNDEM","MAN\u015eET"],"inLanguage":"tr"},{"@type":"WebPage","@id":"https:\/\/epochtimestr.com\/index.php\/uygur-politikasi-yasa-tasarisi-abd-meclisinde-kabul-edildi","url":"https:\/\/epochtimestr.com\/index.php\/uygur-politikasi-yasa-tasarisi-abd-meclisinde-kabul-edildi","name":"Uygur Politikas\u0131 Yasa Tasar\u0131s\u0131, ABD Meclisi'nde Kabul Edildi - The Epoch Times TR","isPartOf":{"@id":"https:\/\/epochtimestr.com\/#website"},"primaryImageOfPage":{"@id":"https:\/\/epochtimestr.com\/index.php\/uygur-politikasi-yasa-tasarisi-abd-meclisinde-kabul-edildi#primaryimage"},"image":{"@id":"https:\/\/epochtimestr.com\/index.php\/uygur-politikasi-yasa-tasarisi-abd-meclisinde-kabul-edildi#primaryimage"},"thumbnailUrl":"https:\/\/epochtimestr.com\/wp-content\/uploads\/2011y\/uygur-t\u00fcrkleri-1.png","datePublished":"2025-04-12T08:47:26+00:00","dateModified":"2025-04-12T08:47:27+00:00","inLanguage":"tr","potentialAction":[{"@type":"ReadAction","target":["https:\/\/epochtimestr.com\/index.php\/uygur-politikasi-yasa-tasarisi-abd-meclisinde-kabul-edildi"]}]},{"@type":"ImageObject","inLanguage":"tr","@id":"https:\/\/epochtimestr.com\/index.php\/uygur-politikasi-yasa-tasarisi-abd-meclisinde-kabul-edildi#primaryimage","url":"https:\/\/epochtimestr.com\/wp-content\/uploads\/2011y\/uygur-t\u00fcrkleri-1.png","contentUrl":"https:\/\/epochtimestr.com\/wp-content\/uploads\/2011y\/uygur-t\u00fcrkleri-1.png","width":800,"height":533},{"@type":"WebSite","@id":"https:\/\/epochtimestr.com\/#website","url":"https:\/\/epochtimestr.com\/","name":"The Epoch Times TR","description":"De\u011fi\u015fen D\u00fcnyam\u0131za Taze Bir Bak\u0131\u015f","publisher":{"@id":"https:\/\/epochtimestr.com\/#organization"},"potentialAction":[{"@type":"SearchAction","target":{"@type":"EntryPoint","urlTemplate":"https:\/\/epochtimestr.com\/?s={search_term_string}"},"query-input":"required name=search_term_string"}],"inLanguage":"tr"},{"@type":"Organization","@id":"https:\/\/epochtimestr.com\/#organization","name":"The EpochTimes T\u00fcrkiye","url":"https:\/\/epochtimestr.com\/","logo":{"@type":"ImageObject","inLanguage":"tr","@id":"https:\/\/epochtimestr.com\/#\/schema\/logo\/image\/","url":"https:\/\/epochtimestr.com\/wp-content\/uploads\/2011y\/ET-Logo-YG.jpg","contentUrl":"https:\/\/epochtimestr.com\/wp-content\/uploads\/2011y\/ET-Logo-YG.jpg","width":346,"height":29,"caption":"The EpochTimes T\u00fcrkiye"},"image":{"@id":"https:\/\/epochtimestr.com\/#\/schema\/logo\/image\/"},"sameAs":["https:\/\/www.facebook.com\/theepochtimestr","https:\/\/x.com\/TheEpochTimesTR","https:\/\/www.instagram.com\/epochtimestr"]},{"@type":"Person","@id":"https:\/\/epochtimestr.com\/#\/schema\/person\/3dc5c3adeb9f43923c5aa85889172fdd","name":"Haber Merkezi","image":{"@type":"ImageObject","inLanguage":"tr","@id":"https:\/\/epochtimestr.com\/#\/schema\/person\/image\/","url":"https:\/\/secure.gravatar.com\/avatar\/d73f772ba5a74f28601361e17c2f93e6?s=96&d=mm&r=g","contentUrl":"https:\/\/secure.gravatar.com\/avatar\/d73f772ba5a74f28601361e17c2f93e6?s=96&d=mm&r=g","caption":"Haber Merkezi"},"url":"https:\/\/epochtimestr.com\/index.php\/author\/sendag"}]}},"_links":{"self":[{"href":"https:\/\/epochtimestr.com\/index.php\/wp-json\/wp\/v2\/posts\/157639"}],"collection":[{"href":"https:\/\/epochtimestr.com\/index.php\/wp-json\/wp\/v2\/posts"}],"about":[{"href":"https:\/\/epochtimestr.com\/index.php\/wp-json\/wp\/v2\/types\/post"}],"author":[{"embeddable":true,"href":"https:\/\/epochtimestr.com\/index.php\/wp-json\/wp\/v2\/users\/12791"}],"replies":[{"embeddable":true,"href":"https:\/\/epochtimestr.com\/index.php\/wp-json\/wp\/v2\/comments?post=157639"}],"version-history":[{"count":1,"href":"https:\/\/epochtimestr.com\/index.php\/wp-json\/wp\/v2\/posts\/157639\/revisions"}],"predecessor-version":[{"id":157640,"href":"https:\/\/epochtimestr.com\/index.php\/wp-json\/wp\/v2\/posts\/157639\/revisions\/157640"}],"wp:featuredmedia":[{"embeddable":true,"href":"https:\/\/epochtimestr.com\/index.php\/wp-json\/wp\/v2\/media\/123611"}],"wp:attachment":[{"href":"https:\/\/epochtimestr.com\/index.php\/wp-json\/wp\/v2\/media?parent=157639"}],"wp:term":[{"taxonomy":"category","embeddable":true,"href":"https:\/\/epochtimestr.com\/index.php\/wp-json\/wp\/v2\/categories?post=157639"},{"taxonomy":"post_tag","embeddable":true,"href":"https:\/\/epochtimestr.com\/index.php\/wp-json\/wp\/v2\/tags?post=157639"}],"curies":[{"name":"wp","href":"https:\/\/api.w.org\/{rel}","templated":true}]}}