{"id":157649,"date":"2025-04-13T17:14:08","date_gmt":"2025-04-13T14:14:08","guid":{"rendered":"https:\/\/epochtimestr.com\/?p=157649"},"modified":"2025-04-13T17:14:52","modified_gmt":"2025-04-13T14:14:52","slug":"abd-ve-iran-nukleer-gorusmelerin-1-turunu-tamamladi","status":"publish","type":"post","link":"https:\/\/epochtimestr.com\/index.php\/abd-ve-iran-nukleer-gorusmelerin-1-turunu-tamamladi","title":{"rendered":"ABD ve \u0130ran N\u00fckleer G\u00f6r\u00fc\u015fmelerinin 1. Turunu Tamamlad\u0131"},"content":{"rendered":"\n<h2 class=\"wp-block-heading\">ABD \u00d6zel Temsilcisi Steve Witkoff ve \u0130ran D\u0131\u015fi\u015fleri Bakan\u0131 Abbas Arak\u00e7i aras\u0131ndaki ilk g\u00f6r\u00fc\u015fme tamamland\u0131. Umman\u2019\u0131n kolayla\u015ft\u0131r\u0131c\u0131l\u0131\u011f\u0131nda ger\u00e7ekle\u015fen dolayl\u0131 g\u00f6r\u00fc\u015fmede, Witkoff ve Arak\u00e7i anla\u015fmaya vard\u0131lar.<\/h2>\n\n\n<div class=\"wp-block-image\">\n<figure class=\"aligncenter size-full\"><img loading=\"lazy\" decoding=\"async\" width=\"1017\" height=\"678\" src=\"https:\/\/epochtimestr.com\/wp-content\/uploads\/2011y\/Witkoff_arachi.jpg\" alt=\"(Solda) ABD\u2019nin Ortado\u011fu \u00d6zel Temsilcisi Steve Witkoff, Riyad\u2019daki Diriyah Saray\u0131\u2019nda bir toplant\u0131da. Suudi Arabistan, 18 \u015eubat 2025. Foto\u011fraf: Wikimedia. (Sa\u011fda) \u0130ran D\u0131\u015fi\u015fleri Bakan\u0131 Abbas Arak\u00e7i, 6 A\u011fustos 2016. Foto\u011fraf: Tasnim Haber Ajans\u0131, Wikimedia.\" class=\"wp-image-157650\" srcset=\"https:\/\/epochtimestr.com\/wp-content\/uploads\/2011y\/Witkoff_arachi.jpg 1017w, https:\/\/epochtimestr.com\/wp-content\/uploads\/2011y\/Witkoff_arachi-300x200.jpg 300w, https:\/\/epochtimestr.com\/wp-content\/uploads\/2011y\/Witkoff_arachi-150x100.jpg 150w, https:\/\/epochtimestr.com\/wp-content\/uploads\/2011y\/Witkoff_arachi-768x512.jpg 768w\" sizes=\"(max-width: 1017px) 100vw, 1017px\" \/><figcaption class=\"wp-element-caption\"><em>(Solda) ABD\u2019nin Ortado\u011fu \u00d6zel Temsilcisi Steve Witkoff, Riyad\u2019daki Diriyah Saray\u0131\u2019nda bir toplant\u0131da. Suudi Arabistan, 18 \u015eubat 2025. Foto\u011fraf: Wikimedia. (Sa\u011fda) \u0130ran D\u0131\u015fi\u015fleri Bakan\u0131 Abbas Arak\u00e7i, 6 A\u011fustos 2016. Foto\u011fraf: Tasnim Haber Ajans\u0131, Wikimedia.<\/em><\/figcaption><\/figure><\/div>\n\n\n<p>ABD ve \u0130ran temsilcileri aras\u0131ndaki ilk g\u00f6r\u00fc\u015fme, 12 Nisan\u2019da ger\u00e7ekle\u015fti. Umman\u2019\u0131n ba\u015fkenti Maskat\u2019\u0131n d\u0131\u015f\u0131nda bir yerde yap\u0131lan toplant\u0131, iki saat s\u00fcrd\u00fc. \u0130ki \u00fclke, Tahran\u2019\u0131n n\u00fckleer silah geli\u015ftirme kabiliyetini s\u0131n\u0131rlamay\u0131 ama\u00e7layan g\u00f6r\u00fc\u015fmelere devam etme konusunda anla\u015ft\u0131lar.<\/p>\n\n\n\n<p>\u00d6zel Temsilci Steve Witkoff ile \u0130ran D\u0131\u015fi\u015fleri Bakan\u0131 Abbas Arak\u00e7i aras\u0131ndaki ilk dolayl\u0131 g\u00f6r\u00fc\u015fme tamamland\u0131. G\u00f6r\u00fc\u015fme, Umman D\u0131\u015fi\u015fleri Bakan\u0131 Seyyid Badr Albuseydi\u2019nin arabuluculu\u011funda ger\u00e7ekle\u015fti.<\/p>\n\n\n\n<p>\u0130ran devlet televizyonunun yapt\u0131\u011f\u0131 a\u00e7\u0131klamaya g\u00f6re Witkoff ve Arak\u00e7i k\u0131sa bir s\u00fcre y\u00fcz y\u00fcze g\u00f6r\u00fc\u015ft\u00fcler. Bu g\u00f6r\u00fc\u015fme, Obama y\u00f6netiminden bu yana iki \u00fclke aras\u0131nda ger\u00e7ekle\u015fen ilk do\u011frudan g\u00f6r\u00fc\u015fme oldu.<\/p>\n\n\n\n<p>G\u00f6r\u00fc\u015fmelerin bir sonraki turu bir hafta sonra, 19 Nisan\u2019da yap\u0131lacak.<\/p>\n\n\n\n<p>Arak\u00e7i, \u0130ran devlet televizyonuna verdi\u011fi r\u00f6portajda, g\u00f6r\u00fc\u015fmeyi yap\u0131c\u0131 olarak nitelendirdi. Dolayl\u0131 b\u00f6l\u00fcmde d\u00f6rt tur mesaj al\u0131\u015fveri\u015finde bulunduklar\u0131n\u0131 s\u00f6yledi.<\/p>\n\n\n\n<p>\u201cM\u00fczakereler i\u00e7in bir temele \u00e7ok yak\u0131n oldu\u011fumuzu d\u00fc\u015f\u00fcn\u00fcyorum. E\u011fer \u00f6n\u00fcm\u00fczdeki hafta bu temeli olu\u015fturabilirsek, uzun bir yol kat etmi\u015f olaca\u011f\u0131z. B\u00f6ylece bu temel \u00fczerine ger\u00e7ek g\u00f6r\u00fc\u015fmelere ba\u015flayabilece\u011fiz\u201d dedi.<\/p>\n\n\n\n<p>\u201cHem biz, hem de kar\u015f\u0131 taraf, sonu\u00e7suz m\u00fczakerelerle ilgilenmiyoruz&#8230; Amerikal\u0131lar da d\u00e2hil, her iki taraf, ama\u00e7lar\u0131n\u0131n en k\u0131sa s\u00fcrede bir anla\u015fmaya varmak oldu\u011funu s\u00f6yledi.\u201d<\/p>\n\n\n\n<h3 class=\"wp-block-heading\"><strong>Her \u0130ki Taraf \u0130\u00e7in Bir Forum<\/strong><\/h3>\n\n\n\n<p>\u0130ran D\u0131\u015fi\u015fleri Bakanl\u0131\u011f\u0131 s\u00f6zc\u00fcs\u00fc \u0130smail Bekayi, toplant\u0131dan k\u0131sa s\u00fcre \u00f6nce sosyal medya hesab\u0131ndan a\u00e7\u0131klama yapt\u0131. \u0130lk g\u00f6r\u00fc\u015fmenin her iki taraf i\u00e7in bir forum sa\u011flayaca\u011f\u0131n\u0131 s\u00f6yledi. B\u00f6ylece \u00e7e\u015fitli konulardaki g\u00f6r\u00fc\u015f ve pozisyonlar\u0131n\u0131 belirleyebileceklerini belirtti.<\/p>\n\n\n\n<p>\u0130ran Dini Lideri Ayetullah Ali Hamaney\u2019in dan\u0131\u015fmanlar\u0131ndan Ali \u015eemhani de X\u2019te bir yaz\u0131 yay\u0131nlad\u0131. Tahran\u2019\u0131n n\u00fckleer program\u0131yla ilgili m\u00fczakerelere ba\u015flamak i\u00e7in \u201c\u00d6nemli ve pratik\u201d \u00f6neriler haz\u0131rlad\u0131\u011f\u0131n\u0131 belirtti.<\/p>\n\n\n\n<p>\u015eemhani, \u201cE\u011fer Washington g\u00f6r\u00fc\u015fmelere samimi niyetlerle ve bir anla\u015fmaya varmak i\u00e7in ger\u00e7ek bir istekle gelirse, anla\u015fmaya giden yol a\u00e7\u0131k ve p\u00fcr\u00fczs\u00fcz olacakt\u0131r\u201d dedi.<\/p>\n\n\n\n<p>Beyaz Saray da benzer \u015fekilde g\u00f6r\u00fc\u015fmeleri \u201c\u00e7ok olumlu ve yap\u0131c\u0131\u201d olarak niteleyen bir a\u00e7\u0131klama yay\u0131nlad\u0131.<\/p>\n\n\n\n<p>Beyaz Saray\u2019dan yap\u0131lan a\u00e7\u0131klamada \u201c\u00d6zel Temsilci Witkoff, Dr. Arak\u00e7i\u2019ye Ba\u015fkan Trump\u2019tan iki \u00fclke aras\u0131ndaki farkl\u0131l\u0131klar\u0131n m\u00fcmk\u00fcnse diyalog ve diplomasi yoluyla \u00e7\u00f6z\u00fclmesi y\u00f6n\u00fcnde talimat ald\u0131\u011f\u0131n\u0131 vurgulad\u0131\u201d denildi. \u201cBu meseleler \u00e7ok karma\u015f\u0131kt\u0131r. \u00d6zel Temsilci Witkoff\u2019un bug\u00fcn kurdu\u011fu do\u011frudan ileti\u015fim, her iki taraf\u0131n da yarar\u0131na olacak bir sonuca ula\u015fma yolunda at\u0131lm\u0131\u015f bir ad\u0131md\u0131r.\u201d<\/p>\n\n\n\n<p>ABD Ba\u015fkan\u0131 Donald Trump, Tahran\u2019\u0131n n\u00fckleer silah edinmesini engellemeyi, d\u0131\u015f politika platformunun \u00f6nceli\u011fi haline getirdi.<\/p>\n\n\n\n<p>Trump ilk olarak Mart ay\u0131nda Hamaney\u2019e <a href=\"https:\/\/www.theepochtimes.com\/world\/trump-sends-letter-to-irans-khamenei-suggesting-new-nuclear-deal-5821855\" target=\"_blank\" rel=\"noreferrer noopener\">bir mektup g\u00f6ndermi\u015fti<\/a>. Mektubunda, \u0130ran\u2019\u0131n n\u00fckleer program\u0131n\u0131 engellemek i\u00e7in yeni bir anla\u015fma \u00f6nermi\u015fti. Ancak Tahran o d\u00f6nemde bunu reddetmi\u015fti.<\/p>\n\n\n\n<p>O zamandan beri Trump, ABD\u2019nin \u201c\u0130ran\u2019\u0131n n\u00fckleer silaha sahip olmas\u0131na izin veremeyece\u011fi\u201d y\u00f6n\u00fcndeki duru\u015funu sertle\u015ftirdi. Ayr\u0131ca bir anla\u015fmaya var\u0131lmamas\u0131 halinde, \u0130ran\u2019a kar\u015f\u0131 askeri harek\u00e2t ba\u015flatmakla tehdit etti.<\/p>\n\n\n\n<h3 class=\"wp-block-heading\"><strong>Bombalama Olacak<\/strong><\/h3>\n\n\n\n<p>Trump, 30 Mart tarihli bir sosyal medya payla\u015f\u0131m\u0131nda \u201cE\u011fer bir anla\u015fma yapmazlarsa, bombalama olacak. \u00dcstelik bu daha \u00f6nce hi\u00e7 g\u00f6rmedikleri t\u00fcrden bir bombalama olacak\u201d diye yazd\u0131.<\/p>\n\n\n\n<p>Trump ayr\u0131ca \u015eubat ay\u0131nda Tahran\u2019a y\u00f6nelik \u201c<a href=\"https:\/\/www.theepochtimes.com\/world\/irans-foreign-minister-responds-to-trumps-order-reinstating-maximum-pressure-5804771\" target=\"_blank\" rel=\"noreferrer noopener\">azami bask\u0131<\/a>\u201d kampanyas\u0131n\u0131 yeniden ba\u015flatt\u0131. \u0130ran\u2019\u0131 m\u00fczakere masas\u0131na oturtma \u00e7abalar\u0131n\u0131n bir par\u00e7as\u0131 olarak, Tahran\u2019a y\u00f6nelik a\u011f\u0131r yapt\u0131r\u0131mlar\u0131 yeniden uygulamaya koydu.<\/p>\n\n\n\n<p>ABD taraf\u0131 art\u0131k \u0130ran\u2019\u0131n zor durumdaki ekonomisi i\u00e7in yapt\u0131r\u0131mlar\u0131n hafifletilmesini ve esir takas\u0131n\u0131 \u00f6nerebiliyor. Bunun yan\u0131 s\u0131ra, \u0130ran\u2019\u0131n ABD\u2019ye ve yak\u0131n m\u00fcttefiki \u0130srail\u2019e y\u00f6nelik d\u00fc\u015fmanl\u0131\u011f\u0131 da g\u00f6z \u00f6n\u00fcne al\u0131nmal\u0131. Bu durumda \u0130ran\u2019\u0131n taviz vermeye ne kadar istekli olaca\u011f\u0131, belirsizli\u011fini koruyor.<\/p>\n\n\n\n<p>ABD ve \u0130srail, 2022 y\u0131l\u0131nda Biden y\u00f6netimi alt\u0131nda <a href=\"https:\/\/bidenwhitehouse.archives.gov\/briefing-room\/statements-releases\/2022\/07\/14\/the-jerusalem-u-s-israel-strategic-partnership-joint-declaration\/\" target=\"_blank\" rel=\"noreferrer noopener\">ortak bir deklarasyon<\/a> imzalad\u0131lar. \u0130ran\u2019\u0131n n\u00fckleer silah edinmesine asla izin vermeyeceklerine dair anla\u015ft\u0131lar.<\/p>\n\n\n\n<p>Tahran \u015fu anda herhangi bir n\u00fckleer kitle imha silah\u0131na sahip de\u011fil. Trump, 2018 y\u0131l\u0131nda bu t\u00fcr faaliyetlere s\u0131n\u0131rlamalar getiren ikili n\u00fckleer anla\u015fmay\u0131 tek tarafl\u0131 olarak <a href=\"https:\/\/www.theepochtimes.com\/trump-withdraws-from-iran-deal-orders-reimposing-highest-level-sanctions_2517377.html\" target=\"_blank\" rel=\"noreferrer noopener\">feshetmi\u015fti<\/a>. Ancak \u0130ran o g\u00fcnden bu yana uranyumu neredeyse silah d\u00fczeyinde zenginle\u015ftirmeye devam etti.<\/p>\n\n\n\n<p>\u015eu anda rejimin k\u0131sa bir s\u00fcre i\u00e7erisinde n\u00fckleer ba\u015fl\u0131k \u00fcretimini h\u0131zland\u0131rabilece\u011fine dair baz\u0131 endi\u015feler var.<\/p>\n\n\n\n<p>Bu ama\u00e7la, Birle\u015fmi\u015f Milletler n\u00fckleer g\u00f6zlemcisi bu y\u0131l\u0131n ba\u015flar\u0131nda bir rapor yay\u0131nlad\u0131. Rapora g\u00f6re \u0130ran, silaha yak\u0131n kalitede uranyum \u00fcretimini h\u0131zland\u0131rd\u0131. \u00d6yle ki Tahran, istedi\u011fi takdirde yakla\u015f\u0131k yar\u0131m d\u00fczine sava\u015f ba\u015fl\u0131\u011f\u0131 \u00fcretebilecek durumda.<\/p>\n\n\n\n<div class=\"wp-block-columns is-layout-flex wp-container-core-columns-is-layout-1 wp-block-columns-is-layout-flex\">\n<div class=\"wp-block-column is-layout-flow wp-block-column-is-layout-flow\"><\/div>\n<\/div>\n\n\n\n<p><em>Yazan: <\/em>Andrew Thornebrooke, The Epoch Times<\/p>\n","protected":false},"excerpt":{"rendered":"<p>ABD \u00d6zel Temsilcisi Steve Witkoff ve \u0130ran D\u0131\u015fi\u015fleri Bakan\u0131 Abbas Arak\u00e7i aras\u0131ndaki ilk g\u00f6r\u00fc\u015fme tamamland\u0131. Umman\u2019\u0131n kolayla\u015ft\u0131r\u0131c\u0131l\u0131\u011f\u0131nda ger\u00e7ekle\u015fen dolayl\u0131 g\u00f6r\u00fc\u015fmede, Witkoff ve Arak\u00e7i anla\u015fmaya vard\u0131lar. ABD ve \u0130ran temsilcileri aras\u0131ndaki ilk g\u00f6r\u00fc\u015fme, 12 Nisan\u2019da ger\u00e7ekle\u015fti. Umman\u2019\u0131n ba\u015fkenti Maskat\u2019\u0131n d\u0131\u015f\u0131nda bir yerde yap\u0131lan toplant\u0131, iki saat s\u00fcrd\u00fc. \u0130ki \u00fclke, Tahran\u2019\u0131n n\u00fckleer silah geli\u015ftirme kabiliyetini s\u0131n\u0131rlamay\u0131 ama\u00e7layan [&hellip;]<\/p>\n","protected":false},"author":12791,"featured_media":157650,"comment_status":"closed","ping_status":"open","sticky":false,"template":"","format":"standard","meta":{"_yoast_wpseo_focuskw":"ABD ve \u0130ran","_yoast_wpseo_title":"","_yoast_wpseo_metadesc":"ABD \u00d6zel Temsilcisi Steve Witkoff ve \u0130ran D\u0131\u015fi\u015fleri Bakan\u0131 Abbas Arak\u00e7i aras\u0131ndaki ilk g\u00f6r\u00fc\u015fme tamamland\u0131.","_bbp_topic_count":0,"_bbp_reply_count":0,"_bbp_total_topic_count":0,"_bbp_total_reply_count":0,"_bbp_voice_count":0,"_bbp_anonymous_reply_count":0,"_bbp_topic_count_hidden":0,"_bbp_reply_count_hidden":0,"_bbp_forum_subforum_count":0,"footnotes":"","_yoast_wpseo_focuskw_text_input":""},"categories":[5,1,8138],"tags":[8564,8565,611],"yoast_head":"<!-- This site is optimized with the Yoast SEO plugin v23.0 - https:\/\/yoast.com\/wordpress\/plugins\/seo\/ -->\n<title>ABD ve \u0130ran N\u00fckleer G\u00f6r\u00fc\u015fmelerinin 1. Turunu Tamamlad\u0131 - The Epoch Times TR<\/title>\n<meta name=\"description\" content=\"ABD \u00d6zel Temsilcisi Steve Witkoff ve \u0130ran D\u0131\u015fi\u015fleri Bakan\u0131 Abbas Arak\u00e7i aras\u0131ndaki ilk g\u00f6r\u00fc\u015fme tamamland\u0131.\" \/>\n<meta name=\"robots\" content=\"index, follow, max-snippet:-1, max-image-preview:large, max-video-preview:-1\" \/>\n<link rel=\"canonical\" href=\"https:\/\/epochtimestr.com\/index.php\/abd-ve-iran-nukleer-gorusmelerin-1-turunu-tamamladi\" \/>\n<meta property=\"og:locale\" content=\"tr_TR\" \/>\n<meta property=\"og:type\" content=\"article\" \/>\n<meta property=\"og:title\" content=\"ABD ve \u0130ran N\u00fckleer G\u00f6r\u00fc\u015fmelerinin 1. Turunu Tamamlad\u0131 - The Epoch Times TR\" \/>\n<meta property=\"og:description\" content=\"ABD \u00d6zel Temsilcisi Steve Witkoff ve \u0130ran D\u0131\u015fi\u015fleri Bakan\u0131 Abbas Arak\u00e7i aras\u0131ndaki ilk g\u00f6r\u00fc\u015fme tamamland\u0131.\" \/>\n<meta property=\"og:url\" content=\"https:\/\/epochtimestr.com\/index.php\/abd-ve-iran-nukleer-gorusmelerin-1-turunu-tamamladi\" \/>\n<meta property=\"og:site_name\" content=\"The Epoch Times TR\" \/>\n<meta property=\"article:publisher\" content=\"https:\/\/www.facebook.com\/theepochtimestr\" \/>\n<meta property=\"article:published_time\" content=\"2025-04-13T14:14:08+00:00\" \/>\n<meta property=\"article:modified_time\" content=\"2025-04-13T14:14:52+00:00\" \/>\n<meta property=\"og:image\" content=\"https:\/\/epochtimestr.com\/wp-content\/uploads\/2011y\/Witkoff_arachi.jpg\" \/>\n\t<meta property=\"og:image:width\" content=\"1017\" \/>\n\t<meta property=\"og:image:height\" content=\"678\" \/>\n\t<meta property=\"og:image:type\" content=\"image\/jpeg\" \/>\n<meta name=\"author\" content=\"Haber Merkezi\" \/>\n<meta name=\"twitter:card\" content=\"summary_large_image\" \/>\n<meta name=\"twitter:creator\" content=\"@TheEpochTimesTR\" \/>\n<meta name=\"twitter:site\" content=\"@TheEpochTimesTR\" \/>\n<meta name=\"twitter:label1\" content=\"Yazan:\" \/>\n\t<meta name=\"twitter:data1\" content=\"Haber Merkezi\" \/>\n\t<meta name=\"twitter:label2\" content=\"Tahmini okuma s\u00fcresi\" \/>\n\t<meta name=\"twitter:data2\" content=\"5 dakika\" \/>\n<script type=\"application\/ld+json\" class=\"yoast-schema-graph\">{\"@context\":\"https:\/\/schema.org\",\"@graph\":[{\"@type\":\"Article\",\"@id\":\"https:\/\/epochtimestr.com\/index.php\/abd-ve-iran-nukleer-gorusmelerin-1-turunu-tamamladi#article\",\"isPartOf\":{\"@id\":\"https:\/\/epochtimestr.com\/index.php\/abd-ve-iran-nukleer-gorusmelerin-1-turunu-tamamladi\"},\"author\":{\"name\":\"Haber Merkezi\",\"@id\":\"https:\/\/epochtimestr.com\/#\/schema\/person\/3dc5c3adeb9f43923c5aa85889172fdd\"},\"headline\":\"ABD ve \u0130ran N\u00fckleer G\u00f6r\u00fc\u015fmelerinin 1. Turunu Tamamlad\u0131\",\"datePublished\":\"2025-04-13T14:14:08+00:00\",\"dateModified\":\"2025-04-13T14:14:52+00:00\",\"mainEntityOfPage\":{\"@id\":\"https:\/\/epochtimestr.com\/index.php\/abd-ve-iran-nukleer-gorusmelerin-1-turunu-tamamladi\"},\"wordCount\":991,\"publisher\":{\"@id\":\"https:\/\/epochtimestr.com\/#organization\"},\"image\":{\"@id\":\"https:\/\/epochtimestr.com\/index.php\/abd-ve-iran-nukleer-gorusmelerin-1-turunu-tamamladi#primaryimage\"},\"thumbnailUrl\":\"https:\/\/epochtimestr.com\/wp-content\/uploads\/2011y\/Witkoff_arachi.jpg\",\"keywords\":[\"ABD ve \u0130ran\",\"G\u00f6r\u00fc\u015fmeler\",\"n\u00fckleer\"],\"articleSection\":[\"D\u00dcNYA\",\"G\u00dcNDEM\",\"MAN\u015eET\"],\"inLanguage\":\"tr\"},{\"@type\":\"WebPage\",\"@id\":\"https:\/\/epochtimestr.com\/index.php\/abd-ve-iran-nukleer-gorusmelerin-1-turunu-tamamladi\",\"url\":\"https:\/\/epochtimestr.com\/index.php\/abd-ve-iran-nukleer-gorusmelerin-1-turunu-tamamladi\",\"name\":\"ABD ve \u0130ran N\u00fckleer G\u00f6r\u00fc\u015fmelerinin 1. Turunu Tamamlad\u0131 - The Epoch Times TR\",\"isPartOf\":{\"@id\":\"https:\/\/epochtimestr.com\/#website\"},\"primaryImageOfPage\":{\"@id\":\"https:\/\/epochtimestr.com\/index.php\/abd-ve-iran-nukleer-gorusmelerin-1-turunu-tamamladi#primaryimage\"},\"image\":{\"@id\":\"https:\/\/epochtimestr.com\/index.php\/abd-ve-iran-nukleer-gorusmelerin-1-turunu-tamamladi#primaryimage\"},\"thumbnailUrl\":\"https:\/\/epochtimestr.com\/wp-content\/uploads\/2011y\/Witkoff_arachi.jpg\",\"datePublished\":\"2025-04-13T14:14:08+00:00\",\"dateModified\":\"2025-04-13T14:14:52+00:00\",\"description\":\"ABD \u00d6zel Temsilcisi Steve Witkoff ve \u0130ran D\u0131\u015fi\u015fleri Bakan\u0131 Abbas Arak\u00e7i aras\u0131ndaki ilk g\u00f6r\u00fc\u015fme tamamland\u0131.\",\"inLanguage\":\"tr\",\"potentialAction\":[{\"@type\":\"ReadAction\",\"target\":[\"https:\/\/epochtimestr.com\/index.php\/abd-ve-iran-nukleer-gorusmelerin-1-turunu-tamamladi\"]}]},{\"@type\":\"ImageObject\",\"inLanguage\":\"tr\",\"@id\":\"https:\/\/epochtimestr.com\/index.php\/abd-ve-iran-nukleer-gorusmelerin-1-turunu-tamamladi#primaryimage\",\"url\":\"https:\/\/epochtimestr.com\/wp-content\/uploads\/2011y\/Witkoff_arachi.jpg\",\"contentUrl\":\"https:\/\/epochtimestr.com\/wp-content\/uploads\/2011y\/Witkoff_arachi.jpg\",\"width\":1017,\"height\":678,\"caption\":\"Secretary Marco Rubio, with from left, U.S. Middle East envoy Steve Witkoff, National Security Advisor Mike Waltz, Saudi Arabia's Foreign Minister Prince Faisal bin Farhan al-Saud, National Security Advisor Mosaad bin Mohammad al-Aiban, the Russian president's foreign policy advisor Yuri Ushakov, and Russia's Foreign Minister Sergei Lavrov attend a meeting together at Diriyah Palace in Riyadh, Saudi Arabia, February 18, 2025. (Official State Department photo by Freddie Everett)\"},{\"@type\":\"WebSite\",\"@id\":\"https:\/\/epochtimestr.com\/#website\",\"url\":\"https:\/\/epochtimestr.com\/\",\"name\":\"The Epoch Times TR\",\"description\":\"De\u011fi\u015fen D\u00fcnyam\u0131za Taze Bir Bak\u0131\u015f\",\"publisher\":{\"@id\":\"https:\/\/epochtimestr.com\/#organization\"},\"potentialAction\":[{\"@type\":\"SearchAction\",\"target\":{\"@type\":\"EntryPoint\",\"urlTemplate\":\"https:\/\/epochtimestr.com\/?s={search_term_string}\"},\"query-input\":\"required name=search_term_string\"}],\"inLanguage\":\"tr\"},{\"@type\":\"Organization\",\"@id\":\"https:\/\/epochtimestr.com\/#organization\",\"name\":\"The EpochTimes T\u00fcrkiye\",\"url\":\"https:\/\/epochtimestr.com\/\",\"logo\":{\"@type\":\"ImageObject\",\"inLanguage\":\"tr\",\"@id\":\"https:\/\/epochtimestr.com\/#\/schema\/logo\/image\/\",\"url\":\"https:\/\/epochtimestr.com\/wp-content\/uploads\/2011y\/ET-Logo-YG.jpg\",\"contentUrl\":\"https:\/\/epochtimestr.com\/wp-content\/uploads\/2011y\/ET-Logo-YG.jpg\",\"width\":346,\"height\":29,\"caption\":\"The EpochTimes T\u00fcrkiye\"},\"image\":{\"@id\":\"https:\/\/epochtimestr.com\/#\/schema\/logo\/image\/\"},\"sameAs\":[\"https:\/\/www.facebook.com\/theepochtimestr\",\"https:\/\/x.com\/TheEpochTimesTR\",\"https:\/\/www.instagram.com\/epochtimestr\"]},{\"@type\":\"Person\",\"@id\":\"https:\/\/epochtimestr.com\/#\/schema\/person\/3dc5c3adeb9f43923c5aa85889172fdd\",\"name\":\"Haber Merkezi\",\"image\":{\"@type\":\"ImageObject\",\"inLanguage\":\"tr\",\"@id\":\"https:\/\/epochtimestr.com\/#\/schema\/person\/image\/\",\"url\":\"https:\/\/secure.gravatar.com\/avatar\/d73f772ba5a74f28601361e17c2f93e6?s=96&d=mm&r=g\",\"contentUrl\":\"https:\/\/secure.gravatar.com\/avatar\/d73f772ba5a74f28601361e17c2f93e6?s=96&d=mm&r=g\",\"caption\":\"Haber Merkezi\"},\"url\":\"https:\/\/epochtimestr.com\/index.php\/author\/sendag\"}]}<\/script>\n<!-- \/ Yoast SEO plugin. -->","yoast_head_json":{"title":"ABD ve \u0130ran N\u00fckleer G\u00f6r\u00fc\u015fmelerinin 1. Turunu Tamamlad\u0131 - The Epoch Times TR","description":"ABD \u00d6zel Temsilcisi Steve Witkoff ve \u0130ran D\u0131\u015fi\u015fleri Bakan\u0131 Abbas Arak\u00e7i aras\u0131ndaki ilk g\u00f6r\u00fc\u015fme tamamland\u0131.","robots":{"index":"index","follow":"follow","max-snippet":"max-snippet:-1","max-image-preview":"max-image-preview:large","max-video-preview":"max-video-preview:-1"},"canonical":"https:\/\/epochtimestr.com\/index.php\/abd-ve-iran-nukleer-gorusmelerin-1-turunu-tamamladi","og_locale":"tr_TR","og_type":"article","og_title":"ABD ve \u0130ran N\u00fckleer G\u00f6r\u00fc\u015fmelerinin 1. Turunu Tamamlad\u0131 - The Epoch Times TR","og_description":"ABD \u00d6zel Temsilcisi Steve Witkoff ve \u0130ran D\u0131\u015fi\u015fleri Bakan\u0131 Abbas Arak\u00e7i aras\u0131ndaki ilk g\u00f6r\u00fc\u015fme tamamland\u0131.","og_url":"https:\/\/epochtimestr.com\/index.php\/abd-ve-iran-nukleer-gorusmelerin-1-turunu-tamamladi","og_site_name":"The Epoch Times TR","article_publisher":"https:\/\/www.facebook.com\/theepochtimestr","article_published_time":"2025-04-13T14:14:08+00:00","article_modified_time":"2025-04-13T14:14:52+00:00","og_image":[{"width":1017,"height":678,"url":"https:\/\/epochtimestr.com\/wp-content\/uploads\/2011y\/Witkoff_arachi.jpg","type":"image\/jpeg"}],"author":"Haber Merkezi","twitter_card":"summary_large_image","twitter_creator":"@TheEpochTimesTR","twitter_site":"@TheEpochTimesTR","twitter_misc":{"Yazan:":"Haber Merkezi","Tahmini okuma s\u00fcresi":"5 dakika"},"schema":{"@context":"https:\/\/schema.org","@graph":[{"@type":"Article","@id":"https:\/\/epochtimestr.com\/index.php\/abd-ve-iran-nukleer-gorusmelerin-1-turunu-tamamladi#article","isPartOf":{"@id":"https:\/\/epochtimestr.com\/index.php\/abd-ve-iran-nukleer-gorusmelerin-1-turunu-tamamladi"},"author":{"name":"Haber Merkezi","@id":"https:\/\/epochtimestr.com\/#\/schema\/person\/3dc5c3adeb9f43923c5aa85889172fdd"},"headline":"ABD ve \u0130ran N\u00fckleer G\u00f6r\u00fc\u015fmelerinin 1. Turunu Tamamlad\u0131","datePublished":"2025-04-13T14:14:08+00:00","dateModified":"2025-04-13T14:14:52+00:00","mainEntityOfPage":{"@id":"https:\/\/epochtimestr.com\/index.php\/abd-ve-iran-nukleer-gorusmelerin-1-turunu-tamamladi"},"wordCount":991,"publisher":{"@id":"https:\/\/epochtimestr.com\/#organization"},"image":{"@id":"https:\/\/epochtimestr.com\/index.php\/abd-ve-iran-nukleer-gorusmelerin-1-turunu-tamamladi#primaryimage"},"thumbnailUrl":"https:\/\/epochtimestr.com\/wp-content\/uploads\/2011y\/Witkoff_arachi.jpg","keywords":["ABD ve \u0130ran","G\u00f6r\u00fc\u015fmeler","n\u00fckleer"],"articleSection":["D\u00dcNYA","G\u00dcNDEM","MAN\u015eET"],"inLanguage":"tr"},{"@type":"WebPage","@id":"https:\/\/epochtimestr.com\/index.php\/abd-ve-iran-nukleer-gorusmelerin-1-turunu-tamamladi","url":"https:\/\/epochtimestr.com\/index.php\/abd-ve-iran-nukleer-gorusmelerin-1-turunu-tamamladi","name":"ABD ve \u0130ran N\u00fckleer G\u00f6r\u00fc\u015fmelerinin 1. Turunu Tamamlad\u0131 - The Epoch Times TR","isPartOf":{"@id":"https:\/\/epochtimestr.com\/#website"},"primaryImageOfPage":{"@id":"https:\/\/epochtimestr.com\/index.php\/abd-ve-iran-nukleer-gorusmelerin-1-turunu-tamamladi#primaryimage"},"image":{"@id":"https:\/\/epochtimestr.com\/index.php\/abd-ve-iran-nukleer-gorusmelerin-1-turunu-tamamladi#primaryimage"},"thumbnailUrl":"https:\/\/epochtimestr.com\/wp-content\/uploads\/2011y\/Witkoff_arachi.jpg","datePublished":"2025-04-13T14:14:08+00:00","dateModified":"2025-04-13T14:14:52+00:00","description":"ABD \u00d6zel Temsilcisi Steve Witkoff ve \u0130ran D\u0131\u015fi\u015fleri Bakan\u0131 Abbas Arak\u00e7i aras\u0131ndaki ilk g\u00f6r\u00fc\u015fme tamamland\u0131.","inLanguage":"tr","potentialAction":[{"@type":"ReadAction","target":["https:\/\/epochtimestr.com\/index.php\/abd-ve-iran-nukleer-gorusmelerin-1-turunu-tamamladi"]}]},{"@type":"ImageObject","inLanguage":"tr","@id":"https:\/\/epochtimestr.com\/index.php\/abd-ve-iran-nukleer-gorusmelerin-1-turunu-tamamladi#primaryimage","url":"https:\/\/epochtimestr.com\/wp-content\/uploads\/2011y\/Witkoff_arachi.jpg","contentUrl":"https:\/\/epochtimestr.com\/wp-content\/uploads\/2011y\/Witkoff_arachi.jpg","width":1017,"height":678,"caption":"Secretary Marco Rubio, with from left, U.S. Middle East envoy Steve Witkoff, National Security Advisor Mike Waltz, Saudi Arabia's Foreign Minister Prince Faisal bin Farhan al-Saud, National Security Advisor Mosaad bin Mohammad al-Aiban, the Russian president's foreign policy advisor Yuri Ushakov, and Russia's Foreign Minister Sergei Lavrov attend a meeting together at Diriyah Palace in Riyadh, Saudi Arabia, February 18, 2025. (Official State Department photo by Freddie Everett)"},{"@type":"WebSite","@id":"https:\/\/epochtimestr.com\/#website","url":"https:\/\/epochtimestr.com\/","name":"The Epoch Times TR","description":"De\u011fi\u015fen D\u00fcnyam\u0131za Taze Bir Bak\u0131\u015f","publisher":{"@id":"https:\/\/epochtimestr.com\/#organization"},"potentialAction":[{"@type":"SearchAction","target":{"@type":"EntryPoint","urlTemplate":"https:\/\/epochtimestr.com\/?s={search_term_string}"},"query-input":"required name=search_term_string"}],"inLanguage":"tr"},{"@type":"Organization","@id":"https:\/\/epochtimestr.com\/#organization","name":"The EpochTimes T\u00fcrkiye","url":"https:\/\/epochtimestr.com\/","logo":{"@type":"ImageObject","inLanguage":"tr","@id":"https:\/\/epochtimestr.com\/#\/schema\/logo\/image\/","url":"https:\/\/epochtimestr.com\/wp-content\/uploads\/2011y\/ET-Logo-YG.jpg","contentUrl":"https:\/\/epochtimestr.com\/wp-content\/uploads\/2011y\/ET-Logo-YG.jpg","width":346,"height":29,"caption":"The EpochTimes T\u00fcrkiye"},"image":{"@id":"https:\/\/epochtimestr.com\/#\/schema\/logo\/image\/"},"sameAs":["https:\/\/www.facebook.com\/theepochtimestr","https:\/\/x.com\/TheEpochTimesTR","https:\/\/www.instagram.com\/epochtimestr"]},{"@type":"Person","@id":"https:\/\/epochtimestr.com\/#\/schema\/person\/3dc5c3adeb9f43923c5aa85889172fdd","name":"Haber Merkezi","image":{"@type":"ImageObject","inLanguage":"tr","@id":"https:\/\/epochtimestr.com\/#\/schema\/person\/image\/","url":"https:\/\/secure.gravatar.com\/avatar\/d73f772ba5a74f28601361e17c2f93e6?s=96&d=mm&r=g","contentUrl":"https:\/\/secure.gravatar.com\/avatar\/d73f772ba5a74f28601361e17c2f93e6?s=96&d=mm&r=g","caption":"Haber Merkezi"},"url":"https:\/\/epochtimestr.com\/index.php\/author\/sendag"}]}},"_links":{"self":[{"href":"https:\/\/epochtimestr.com\/index.php\/wp-json\/wp\/v2\/posts\/157649"}],"collection":[{"href":"https:\/\/epochtimestr.com\/index.php\/wp-json\/wp\/v2\/posts"}],"about":[{"href":"https:\/\/epochtimestr.com\/index.php\/wp-json\/wp\/v2\/types\/post"}],"author":[{"embeddable":true,"href":"https:\/\/epochtimestr.com\/index.php\/wp-json\/wp\/v2\/users\/12791"}],"replies":[{"embeddable":true,"href":"https:\/\/epochtimestr.com\/index.php\/wp-json\/wp\/v2\/comments?post=157649"}],"version-history":[{"count":2,"href":"https:\/\/epochtimestr.com\/index.php\/wp-json\/wp\/v2\/posts\/157649\/revisions"}],"predecessor-version":[{"id":157652,"href":"https:\/\/epochtimestr.com\/index.php\/wp-json\/wp\/v2\/posts\/157649\/revisions\/157652"}],"wp:featuredmedia":[{"embeddable":true,"href":"https:\/\/epochtimestr.com\/index.php\/wp-json\/wp\/v2\/media\/157650"}],"wp:attachment":[{"href":"https:\/\/epochtimestr.com\/index.php\/wp-json\/wp\/v2\/media?parent=157649"}],"wp:term":[{"taxonomy":"category","embeddable":true,"href":"https:\/\/epochtimestr.com\/index.php\/wp-json\/wp\/v2\/categories?post=157649"},{"taxonomy":"post_tag","embeddable":true,"href":"https:\/\/epochtimestr.com\/index.php\/wp-json\/wp\/v2\/tags?post=157649"}],"curies":[{"name":"wp","href":"https:\/\/api.w.org\/{rel}","templated":true}]}}