{"id":157750,"date":"2025-04-16T10:48:17","date_gmt":"2025-04-16T07:48:17","guid":{"rendered":"https:\/\/epochtimestr.com\/?p=157750"},"modified":"2025-04-18T10:12:13","modified_gmt":"2025-04-18T07:12:13","slug":"sanat-ile-iyilesen-ressam-melahat-kilic-ilk-kisisel-sergisini-acti","status":"publish","type":"post","link":"https:\/\/epochtimestr.com\/index.php\/sanat-ile-iyilesen-ressam-melahat-kilic-ilk-kisisel-sergisini-acti","title":{"rendered":"Sanat \u0130le \u0130yile\u015fen Ressam Melahat K\u0131l\u0131\u00e7 \u0130lk Ki\u015fisel Sergisini A\u00e7t\u0131"},"content":{"rendered":"<div class=\"wp-block-image\">\n<figure class=\"aligncenter size-full\"><img loading=\"lazy\" decoding=\"async\" width=\"1600\" height=\"990\" src=\"https:\/\/epochtimestr.com\/wp-content\/uploads\/2011y\/WhatsApp-Image-2025-04-15-at-14.54.38.jpeg\" alt=\"\" class=\"wp-image-157751\" srcset=\"https:\/\/epochtimestr.com\/wp-content\/uploads\/2011y\/WhatsApp-Image-2025-04-15-at-14.54.38.jpeg 1600w, https:\/\/epochtimestr.com\/wp-content\/uploads\/2011y\/WhatsApp-Image-2025-04-15-at-14.54.38-300x186.jpeg 300w, https:\/\/epochtimestr.com\/wp-content\/uploads\/2011y\/WhatsApp-Image-2025-04-15-at-14.54.38-150x93.jpeg 150w, https:\/\/epochtimestr.com\/wp-content\/uploads\/2011y\/WhatsApp-Image-2025-04-15-at-14.54.38-768x475.jpeg 768w, https:\/\/epochtimestr.com\/wp-content\/uploads\/2011y\/WhatsApp-Image-2025-04-15-at-14.54.38-1536x950.jpeg 1536w\" sizes=\"(max-width: 1600px) 100vw, 1600px\" \/><\/figure><\/div>\n\n\n<p>Mersinli sanat\u00e7\u0131 Melahat K\u0131l\u0131\u00e7\u2019\u0131n ki\u015fisel resim ve heykel sergisiyo\u011fun kat\u0131l\u0131mla a\u00e7\u0131ld\u0131. \u201cSanatla iyile\u015fmek\u201d temas\u0131n\u0131 merkezine alan sergide, K\u0131l\u0131\u00e7\u2019\u0131n ya\u015fad\u0131\u011f\u0131 ki\u015fisel kay\u0131plar\u0131n ard\u0131ndan sanatla kurdu\u011fu ba\u011f\u0131n izleri dikkat \u00e7ekti. \u0130\u00e7el Sanat Kul\u00fcb\u00fcnde (\u0130SK) ger\u00e7ekle\u015ftirilen a\u00e7\u0131l\u0131\u015fa Mersin Turizm \u0130l K\u00fclt\u00fcr M\u00fcd\u00fcr\u00fc Hakan Do\u011fan, Mersin B\u00fcy\u00fck\u015fehir Belediye Ba\u015fkan Dan\u0131\u015fman\u0131 Bedrettin G\u00fcnde\u015f, Demira\u011f Grop Y\u00f6netim Kurulu Ba\u015fkan\u0131 Cavdian Demira\u011f, kentin \u00f6nde gelen isimlerinden Ahmet Ak\u0131n&#8217;\u0131n yan\u0131 s\u0131ra sanat\u00e7\u0131lar, sanatseverler ve kentin k\u00fclt\u00fcr-sanat temsilcileri yo\u011fun ilgi g\u00f6sterdi.<\/p>\n\n\n<div class=\"wp-block-image\">\n<figure class=\"aligncenter size-full\"><img loading=\"lazy\" decoding=\"async\" width=\"1600\" height=\"1066\" src=\"https:\/\/epochtimestr.com\/wp-content\/uploads\/2011y\/WhatsApp-Image-2025-04-15-at-14.43.39.jpeg\" alt=\"\" class=\"wp-image-157752\" srcset=\"https:\/\/epochtimestr.com\/wp-content\/uploads\/2011y\/WhatsApp-Image-2025-04-15-at-14.43.39.jpeg 1600w, https:\/\/epochtimestr.com\/wp-content\/uploads\/2011y\/WhatsApp-Image-2025-04-15-at-14.43.39-300x200.jpeg 300w, https:\/\/epochtimestr.com\/wp-content\/uploads\/2011y\/WhatsApp-Image-2025-04-15-at-14.43.39-150x100.jpeg 150w, https:\/\/epochtimestr.com\/wp-content\/uploads\/2011y\/WhatsApp-Image-2025-04-15-at-14.43.39-768x512.jpeg 768w, https:\/\/epochtimestr.com\/wp-content\/uploads\/2011y\/WhatsApp-Image-2025-04-15-at-14.43.39-1536x1023.jpeg 1536w\" sizes=\"(max-width: 1600px) 100vw, 1600px\" \/><figcaption class=\"wp-element-caption\">iSK Balkan\u0131 Fatih Alkar sergi a\u00e7\u0131l\u0131\u015f\u0131nda konu\u015fmas\u0131n\u0131 yaparken (Foto\u011fraf: Siren Y\u0131lmazer) <\/figcaption><\/figure><\/div>\n\n\n<p>\u0130\u00e7el Sanat Kul\u00fcb\u00fc Ba\u015fkan\u0131 Fatih Alkar, a\u00e7\u0131l\u0131\u015fta yapt\u0131\u011f\u0131 konu\u015fmada sanat\u00e7\u0131lara destek \u00e7a\u011fr\u0131s\u0131 yaparak, \u201cL\u00fctfen, sanat\u00e7\u0131lar\u0131m\u0131z\u0131n bu eserlerini evinizin ya da i\u015f yerinizin bir k\u00f6\u015fesine al\u0131n. \u00c7\u00fcnk\u00fc siz ne kadar \u00e7ok katk\u0131da bulunursan\u0131z onlar da o kadar \u00e7ok \u00fcretecekler. Ahmet Ye\u015fil gibi d\u00fcnya \u00e7ap\u0131nda sanat\u00e7\u0131lar\u0131m\u0131z\u0131n say\u0131s\u0131n\u0131n artmas\u0131 da b\u00f6yle m\u00fcmk\u00fcn olacak,\u201d ifadelerini kulland\u0131.<\/p>\n\n\n\n<p>Mersin \u015eair ve Yazarlar Derne\u011fi (ME\u015eYAD) Ba\u015fkan\u0131 Mustafa Do\u011fan ise, Melahat K\u0131l\u0131\u00e7\u2019\u0131 hem bir sanat\u00e7\u0131 hem de bir \u201canne\u201d fig\u00fcr\u00fc olarak tan\u0131mlayarak, \u201cNe kadar alk\u0131\u015flasak azd\u0131r. \u0130yi ki var. Bu \u015fehrin sanata ve edebiyata \u00e7ok ihtiyac\u0131 var. Birlikte y\u00fcr\u00fcmeyi ve \u00fcretmeyi s\u00fcrd\u00fcrmeliyiz,\u201d dedi.\u201d<\/p>\n\n\n\n<p><strong>Do\u011fan, \u201cMersin bir d\u00fcnyad\u0131r ama d\u00fcnya bir Mersin de\u011fil\u201d<\/strong><\/p>\n\n\n\n<p>Mersin Turizm \u0130l K\u00fclt\u00fcr M\u00fcd\u00fcr\u00fc Hakan Do\u011fan ise Mersin\u2019i ho\u015fg\u00f6r\u00fcn\u00fcn, bar\u0131\u015f\u0131n, karde\u015fli\u011fin temsili olan bir kent olarak tan\u0131mlad\u0131. Bu kadim topraklar\u0131n sanatla var oldu\u011funu ve yo\u011furuldu\u011funu ifade eden Do\u011fan, \u201cBundan sonra da b\u00f6yle olacakt\u0131r.\u201d dedi.\u00a0 Ayr\u0131ca Mersin\u2019i bir buzda\u011f\u0131na benzeten Do\u011fan,\u201d Mersin&#8217;in g\u00f6r\u00fcnmeyeni g\u00f6r\u00fcnenden daha zengin. 32-33 katman k\u00fclt\u00fcrlerin \u00fczerinde ya\u015f\u0131yoruz. Bug\u00fcn de yine sanata de\u011fer veren Melahat Hocaml ile beraberiz. Ben kendilerine sayg\u0131lar sunuyorum. Ellerinden \u00f6p\u00fcyorum.\u201d \u0130fadelerini kulland\u0131. Do\u011fan konu\u015fmas\u0131n\u0131n sonunda, Mersin&#8217;i art\u0131k bir sloganla tan\u0131tacaklar\u0131n\u0131 ve bu slogan\u0131n da; \u201cMersin bir d\u00fcnya ama d\u00fcnya bir Mersin de\u011fil.\u201d olaca\u011f\u0131n\u0131 s\u00f6yledi. \u00a0<\/p>\n\n\n<div class=\"wp-block-image\">\n<figure class=\"aligncenter size-full is-resized\"><img loading=\"lazy\" decoding=\"async\" width=\"1600\" height=\"1070\" src=\"https:\/\/epochtimestr.com\/wp-content\/uploads\/2011y\/WhatsApp-Image-2025-04-15-at-14.43.40.jpeg\" alt=\"\" class=\"wp-image-157754\" style=\"width:840px;height:auto\" srcset=\"https:\/\/epochtimestr.com\/wp-content\/uploads\/2011y\/WhatsApp-Image-2025-04-15-at-14.43.40.jpeg 1600w, https:\/\/epochtimestr.com\/wp-content\/uploads\/2011y\/WhatsApp-Image-2025-04-15-at-14.43.40-300x201.jpeg 300w, https:\/\/epochtimestr.com\/wp-content\/uploads\/2011y\/WhatsApp-Image-2025-04-15-at-14.43.40-150x100.jpeg 150w, https:\/\/epochtimestr.com\/wp-content\/uploads\/2011y\/WhatsApp-Image-2025-04-15-at-14.43.40-768x514.jpeg 768w, https:\/\/epochtimestr.com\/wp-content\/uploads\/2011y\/WhatsApp-Image-2025-04-15-at-14.43.40-1536x1027.jpeg 1536w\" sizes=\"(max-width: 1600px) 100vw, 1600px\" \/><figcaption class=\"wp-element-caption\">(Foto\u011fraf: Sien Y\u0131lmazer) <\/figcaption><\/figure><\/div>\n\n\n<p><strong>G\u00fcnde\u015f: \u201c Kentleri var eden sanat\u00e7\u0131lard\u0131r\u201d<\/strong><\/p>\n\n\n\n<p>Mersin B\u00fcy\u00fck\u015fehir Belediye Ba\u015fkan Dan\u0131\u015fman\u0131 Bedrettin G\u00fcnde\u015f de Mersin\u2019i farkl\u0131 k\u00fclt\u00fcrler, farkl\u0131 mezhepler ve farkl\u0131 dinleri ile birlikte ya\u015fama k\u00fclt\u00fcr\u00fcn\u00fc ileri boyutlara ta\u015f\u0131m\u0131\u015f bir kent olarak tan\u0131mlad\u0131. T\u00fcm Mersinlilerin el ele vererek Mersin\u2019i bir d\u00fcnya markas\u0131 yapmak gerekti\u011fini s\u00f6yledi. Sanat\u0131n da bu s\u00fcrecin olmazsa olmaz\u0131 oldu\u011funu s\u00f6yleyen G\u00fcnde\u015f, sanat\u00e7\u0131lar\u0131n da estetik, tasar\u0131m ve toplumu ayd\u0131nlatan de\u011ferleriyle kentleri var ettiklerini ifade etti.<\/p>\n\n\n\n<p><strong>K\u0131l\u0131\u00e7: \u201cSanat ile iyile\u015ftim\u201d<\/strong><\/p>\n\n\n\n<p>Ressam Melahat K\u0131l\u0131\u00e7 yapt\u0131\u011f\u0131 konu\u015fmada sergiyi olu\u015fturan resim ve heykellerin nas\u0131l ortaya \u00e7\u0131kt\u0131\u011f\u0131n\u0131 aktard\u0131.\u00a0 \u201cE\u015fimi 2011 y\u0131l\u0131nda kaybettim. Sonra iki y\u0131l inzivaya \u00e7ekildim. Hi\u00e7 evden \u00e7\u0131kmad\u0131m. Yava\u015f yava\u015f kurslara gittim. Resim kurslar\u0131na gittim. Heykel kurslar\u0131na gittim. Onlar da beni sarmad\u0131. Evimin balkonunu at\u00f6lye yapt\u0131m. Orada kendi kendime \u00e7al\u0131\u015ft\u0131m. Ne \u00e7al\u0131\u015ft\u0131\u011f\u0131m\u0131 bilmeden \u00e7al\u0131\u015ft\u0131m. Hayat\u0131m\u0131 3-4 y\u0131l antidepresan alarak ge\u00e7iriyordum. Resim ve heykel yapt\u0131ktan sonra hi\u00e7bir \u015feyim kalmad\u0131 arkada\u015flar. Demek ki sanat iyile\u015ftirir. Buraya gelerek bana destek oldu\u011funuz i\u00e7in ger\u00e7ekten \u00e7ok te\u015fekk\u00fcr ediyorum size.\u201d dedi.<\/p>\n\n\n\n<p>Konu\u015fmas\u0131n\u0131n sonunda K\u0131l\u0131\u00e7 serginin hayata ge\u00e7mesinde eme\u011fi ge\u00e7en Kent Konseyi T\u00fcrk Sanat M\u00fczi\u011fi Koro \u015eefi \u0130brahim \u00d6zbek, &nbsp;G\u00fcldem Kervan, Kadir \u00d6n\u00e7\u00fc Saadet Caner, Necla Dalo\u011flu, Feyza \u00d6zay, Burcu Antmen, Siren Y\u0131lmazer ve Meltem K\u0131l\u0131\u00e7\u2019a te\u015fekk\u00fcr etti.\u201d<\/p>\n","protected":false},"excerpt":{"rendered":"<p>Mersinli sanat\u00e7\u0131 Melahat K\u0131l\u0131\u00e7\u2019\u0131n ki\u015fisel resim ve heykel sergisiyo\u011fun kat\u0131l\u0131mla a\u00e7\u0131ld\u0131. \u201cSanatla iyile\u015fmek\u201d temas\u0131n\u0131 merkezine alan sergide, K\u0131l\u0131\u00e7\u2019\u0131n ya\u015fad\u0131\u011f\u0131 ki\u015fisel kay\u0131plar\u0131n ard\u0131ndan sanatla kurdu\u011fu ba\u011f\u0131n izleri dikkat \u00e7ekti. \u0130\u00e7el Sanat Kul\u00fcb\u00fcnde (\u0130SK) ger\u00e7ekle\u015ftirilen a\u00e7\u0131l\u0131\u015fa Mersin Turizm \u0130l K\u00fclt\u00fcr M\u00fcd\u00fcr\u00fc Hakan Do\u011fan, Mersin B\u00fcy\u00fck\u015fehir Belediye Ba\u015fkan Dan\u0131\u015fman\u0131 Bedrettin G\u00fcnde\u015f, Demira\u011f Grop Y\u00f6netim Kurulu Ba\u015fkan\u0131 Cavdian Demira\u011f, [&hellip;]<\/p>\n","protected":false},"author":22,"featured_media":157751,"comment_status":"closed","ping_status":"open","sticky":false,"template":"","format":"standard","meta":{"_yoast_wpseo_focuskw":"","_yoast_wpseo_title":"","_yoast_wpseo_metadesc":"","_bbp_topic_count":0,"_bbp_reply_count":0,"_bbp_total_topic_count":0,"_bbp_total_reply_count":0,"_bbp_voice_count":0,"_bbp_anonymous_reply_count":0,"_bbp_topic_count_hidden":0,"_bbp_reply_count_hidden":0,"_bbp_forum_subforum_count":0,"footnotes":"","_yoast_wpseo_focuskw_text_input":""},"categories":[1,8206,6916],"tags":[],"yoast_head":"<!-- This site is optimized with the Yoast SEO plugin v23.0 - https:\/\/yoast.com\/wordpress\/plugins\/seo\/ -->\n<title>Sanat \u0130le \u0130yile\u015fen Ressam Melahat K\u0131l\u0131\u00e7 \u0130lk Ki\u015fisel Sergisini A\u00e7t\u0131 - The Epoch Times TR<\/title>\n<meta name=\"robots\" content=\"index, follow, max-snippet:-1, max-image-preview:large, max-video-preview:-1\" \/>\n<link rel=\"canonical\" href=\"https:\/\/epochtimestr.com\/index.php\/sanat-ile-iyilesen-ressam-melahat-kilic-ilk-kisisel-sergisini-acti\" \/>\n<meta property=\"og:locale\" content=\"tr_TR\" \/>\n<meta property=\"og:type\" content=\"article\" \/>\n<meta property=\"og:title\" content=\"Sanat \u0130le \u0130yile\u015fen Ressam Melahat K\u0131l\u0131\u00e7 \u0130lk Ki\u015fisel Sergisini A\u00e7t\u0131 - The Epoch Times TR\" \/>\n<meta property=\"og:description\" content=\"Mersinli sanat\u00e7\u0131 Melahat K\u0131l\u0131\u00e7\u2019\u0131n ki\u015fisel resim ve heykel sergisiyo\u011fun kat\u0131l\u0131mla a\u00e7\u0131ld\u0131. \u201cSanatla iyile\u015fmek\u201d temas\u0131n\u0131 merkezine alan sergide, K\u0131l\u0131\u00e7\u2019\u0131n ya\u015fad\u0131\u011f\u0131 ki\u015fisel kay\u0131plar\u0131n ard\u0131ndan sanatla kurdu\u011fu ba\u011f\u0131n izleri dikkat \u00e7ekti. \u0130\u00e7el Sanat Kul\u00fcb\u00fcnde (\u0130SK) ger\u00e7ekle\u015ftirilen a\u00e7\u0131l\u0131\u015fa Mersin Turizm \u0130l K\u00fclt\u00fcr M\u00fcd\u00fcr\u00fc Hakan Do\u011fan, Mersin B\u00fcy\u00fck\u015fehir Belediye Ba\u015fkan Dan\u0131\u015fman\u0131 Bedrettin G\u00fcnde\u015f, Demira\u011f Grop Y\u00f6netim Kurulu Ba\u015fkan\u0131 Cavdian Demira\u011f, [&hellip;]\" \/>\n<meta property=\"og:url\" content=\"https:\/\/epochtimestr.com\/index.php\/sanat-ile-iyilesen-ressam-melahat-kilic-ilk-kisisel-sergisini-acti\" \/>\n<meta property=\"og:site_name\" content=\"The Epoch Times TR\" \/>\n<meta property=\"article:publisher\" content=\"https:\/\/www.facebook.com\/theepochtimestr\" \/>\n<meta property=\"article:published_time\" content=\"2025-04-16T07:48:17+00:00\" \/>\n<meta property=\"article:modified_time\" content=\"2025-04-18T07:12:13+00:00\" \/>\n<meta property=\"og:image\" content=\"https:\/\/epochtimestr.com\/wp-content\/uploads\/2011y\/WhatsApp-Image-2025-04-15-at-14.54.38.jpeg\" \/>\n\t<meta property=\"og:image:width\" content=\"1600\" \/>\n\t<meta property=\"og:image:height\" content=\"990\" \/>\n\t<meta property=\"og:image:type\" content=\"image\/jpeg\" \/>\n<meta name=\"author\" content=\"G.Hakan Ko\u00e7man\" \/>\n<meta name=\"twitter:card\" content=\"summary_large_image\" \/>\n<meta name=\"twitter:creator\" content=\"@TheEpochTimesTR\" \/>\n<meta name=\"twitter:site\" content=\"@TheEpochTimesTR\" \/>\n<meta name=\"twitter:label1\" content=\"Yazan:\" \/>\n\t<meta name=\"twitter:data1\" content=\"G.Hakan Ko\u00e7man\" \/>\n\t<meta name=\"twitter:label2\" content=\"Tahmini okuma s\u00fcresi\" \/>\n\t<meta name=\"twitter:data2\" content=\"4 dakika\" \/>\n<script type=\"application\/ld+json\" class=\"yoast-schema-graph\">{\"@context\":\"https:\/\/schema.org\",\"@graph\":[{\"@type\":\"Article\",\"@id\":\"https:\/\/epochtimestr.com\/index.php\/sanat-ile-iyilesen-ressam-melahat-kilic-ilk-kisisel-sergisini-acti#article\",\"isPartOf\":{\"@id\":\"https:\/\/epochtimestr.com\/index.php\/sanat-ile-iyilesen-ressam-melahat-kilic-ilk-kisisel-sergisini-acti\"},\"author\":{\"name\":\"G.Hakan Ko\u00e7man\",\"@id\":\"https:\/\/epochtimestr.com\/#\/schema\/person\/b5509977c9a6cd729a3e74d9743d035b\"},\"headline\":\"Sanat \u0130le \u0130yile\u015fen Ressam Melahat K\u0131l\u0131\u00e7 \u0130lk Ki\u015fisel Sergisini A\u00e7t\u0131\",\"datePublished\":\"2025-04-16T07:48:17+00:00\",\"dateModified\":\"2025-04-18T07:12:13+00:00\",\"mainEntityOfPage\":{\"@id\":\"https:\/\/epochtimestr.com\/index.php\/sanat-ile-iyilesen-ressam-melahat-kilic-ilk-kisisel-sergisini-acti\"},\"wordCount\":718,\"publisher\":{\"@id\":\"https:\/\/epochtimestr.com\/#organization\"},\"image\":{\"@id\":\"https:\/\/epochtimestr.com\/index.php\/sanat-ile-iyilesen-ressam-melahat-kilic-ilk-kisisel-sergisini-acti#primaryimage\"},\"thumbnailUrl\":\"https:\/\/epochtimestr.com\/wp-content\/uploads\/2011y\/WhatsApp-Image-2025-04-15-at-14.54.38.jpeg\",\"articleSection\":[\"G\u00dcNDEM\",\"\u00d6ne \u00c7\u0131kan\",\"Plastik Sanatlar\"],\"inLanguage\":\"tr\"},{\"@type\":\"WebPage\",\"@id\":\"https:\/\/epochtimestr.com\/index.php\/sanat-ile-iyilesen-ressam-melahat-kilic-ilk-kisisel-sergisini-acti\",\"url\":\"https:\/\/epochtimestr.com\/index.php\/sanat-ile-iyilesen-ressam-melahat-kilic-ilk-kisisel-sergisini-acti\",\"name\":\"Sanat \u0130le \u0130yile\u015fen Ressam Melahat K\u0131l\u0131\u00e7 \u0130lk Ki\u015fisel Sergisini A\u00e7t\u0131 - The Epoch Times TR\",\"isPartOf\":{\"@id\":\"https:\/\/epochtimestr.com\/#website\"},\"primaryImageOfPage\":{\"@id\":\"https:\/\/epochtimestr.com\/index.php\/sanat-ile-iyilesen-ressam-melahat-kilic-ilk-kisisel-sergisini-acti#primaryimage\"},\"image\":{\"@id\":\"https:\/\/epochtimestr.com\/index.php\/sanat-ile-iyilesen-ressam-melahat-kilic-ilk-kisisel-sergisini-acti#primaryimage\"},\"thumbnailUrl\":\"https:\/\/epochtimestr.com\/wp-content\/uploads\/2011y\/WhatsApp-Image-2025-04-15-at-14.54.38.jpeg\",\"datePublished\":\"2025-04-16T07:48:17+00:00\",\"dateModified\":\"2025-04-18T07:12:13+00:00\",\"inLanguage\":\"tr\",\"potentialAction\":[{\"@type\":\"ReadAction\",\"target\":[\"https:\/\/epochtimestr.com\/index.php\/sanat-ile-iyilesen-ressam-melahat-kilic-ilk-kisisel-sergisini-acti\"]}]},{\"@type\":\"ImageObject\",\"inLanguage\":\"tr\",\"@id\":\"https:\/\/epochtimestr.com\/index.php\/sanat-ile-iyilesen-ressam-melahat-kilic-ilk-kisisel-sergisini-acti#primaryimage\",\"url\":\"https:\/\/epochtimestr.com\/wp-content\/uploads\/2011y\/WhatsApp-Image-2025-04-15-at-14.54.38.jpeg\",\"contentUrl\":\"https:\/\/epochtimestr.com\/wp-content\/uploads\/2011y\/WhatsApp-Image-2025-04-15-at-14.54.38.jpeg\",\"width\":1600,\"height\":990},{\"@type\":\"WebSite\",\"@id\":\"https:\/\/epochtimestr.com\/#website\",\"url\":\"https:\/\/epochtimestr.com\/\",\"name\":\"The Epoch Times TR\",\"description\":\"De\u011fi\u015fen D\u00fcnyam\u0131za Taze Bir Bak\u0131\u015f\",\"publisher\":{\"@id\":\"https:\/\/epochtimestr.com\/#organization\"},\"potentialAction\":[{\"@type\":\"SearchAction\",\"target\":{\"@type\":\"EntryPoint\",\"urlTemplate\":\"https:\/\/epochtimestr.com\/?s={search_term_string}\"},\"query-input\":\"required name=search_term_string\"}],\"inLanguage\":\"tr\"},{\"@type\":\"Organization\",\"@id\":\"https:\/\/epochtimestr.com\/#organization\",\"name\":\"The EpochTimes T\u00fcrkiye\",\"url\":\"https:\/\/epochtimestr.com\/\",\"logo\":{\"@type\":\"ImageObject\",\"inLanguage\":\"tr\",\"@id\":\"https:\/\/epochtimestr.com\/#\/schema\/logo\/image\/\",\"url\":\"https:\/\/epochtimestr.com\/wp-content\/uploads\/2011y\/ET-Logo-YG.jpg\",\"contentUrl\":\"https:\/\/epochtimestr.com\/wp-content\/uploads\/2011y\/ET-Logo-YG.jpg\",\"width\":346,\"height\":29,\"caption\":\"The EpochTimes T\u00fcrkiye\"},\"image\":{\"@id\":\"https:\/\/epochtimestr.com\/#\/schema\/logo\/image\/\"},\"sameAs\":[\"https:\/\/www.facebook.com\/theepochtimestr\",\"https:\/\/x.com\/TheEpochTimesTR\",\"https:\/\/www.instagram.com\/epochtimestr\"]},{\"@type\":\"Person\",\"@id\":\"https:\/\/epochtimestr.com\/#\/schema\/person\/b5509977c9a6cd729a3e74d9743d035b\",\"name\":\"G.Hakan Ko\u00e7man\",\"image\":{\"@type\":\"ImageObject\",\"inLanguage\":\"tr\",\"@id\":\"https:\/\/epochtimestr.com\/#\/schema\/person\/image\/\",\"url\":\"https:\/\/secure.gravatar.com\/avatar\/e4eafee1ab5d1f4015c3930376b22ca8?s=96&d=mm&r=g\",\"contentUrl\":\"https:\/\/secure.gravatar.com\/avatar\/e4eafee1ab5d1f4015c3930376b22ca8?s=96&d=mm&r=g\",\"caption\":\"G.Hakan Ko\u00e7man\"},\"url\":\"https:\/\/epochtimestr.com\/index.php\/author\/hakan\"}]}<\/script>\n<!-- \/ Yoast SEO plugin. -->","yoast_head_json":{"title":"Sanat \u0130le \u0130yile\u015fen Ressam Melahat K\u0131l\u0131\u00e7 \u0130lk Ki\u015fisel Sergisini A\u00e7t\u0131 - The Epoch Times TR","robots":{"index":"index","follow":"follow","max-snippet":"max-snippet:-1","max-image-preview":"max-image-preview:large","max-video-preview":"max-video-preview:-1"},"canonical":"https:\/\/epochtimestr.com\/index.php\/sanat-ile-iyilesen-ressam-melahat-kilic-ilk-kisisel-sergisini-acti","og_locale":"tr_TR","og_type":"article","og_title":"Sanat \u0130le \u0130yile\u015fen Ressam Melahat K\u0131l\u0131\u00e7 \u0130lk Ki\u015fisel Sergisini A\u00e7t\u0131 - The Epoch Times TR","og_description":"Mersinli sanat\u00e7\u0131 Melahat K\u0131l\u0131\u00e7\u2019\u0131n ki\u015fisel resim ve heykel sergisiyo\u011fun kat\u0131l\u0131mla a\u00e7\u0131ld\u0131. \u201cSanatla iyile\u015fmek\u201d temas\u0131n\u0131 merkezine alan sergide, K\u0131l\u0131\u00e7\u2019\u0131n ya\u015fad\u0131\u011f\u0131 ki\u015fisel kay\u0131plar\u0131n ard\u0131ndan sanatla kurdu\u011fu ba\u011f\u0131n izleri dikkat \u00e7ekti. \u0130\u00e7el Sanat Kul\u00fcb\u00fcnde (\u0130SK) ger\u00e7ekle\u015ftirilen a\u00e7\u0131l\u0131\u015fa Mersin Turizm \u0130l K\u00fclt\u00fcr M\u00fcd\u00fcr\u00fc Hakan Do\u011fan, Mersin B\u00fcy\u00fck\u015fehir Belediye Ba\u015fkan Dan\u0131\u015fman\u0131 Bedrettin G\u00fcnde\u015f, Demira\u011f Grop Y\u00f6netim Kurulu Ba\u015fkan\u0131 Cavdian Demira\u011f, [&hellip;]","og_url":"https:\/\/epochtimestr.com\/index.php\/sanat-ile-iyilesen-ressam-melahat-kilic-ilk-kisisel-sergisini-acti","og_site_name":"The Epoch Times TR","article_publisher":"https:\/\/www.facebook.com\/theepochtimestr","article_published_time":"2025-04-16T07:48:17+00:00","article_modified_time":"2025-04-18T07:12:13+00:00","og_image":[{"width":1600,"height":990,"url":"https:\/\/epochtimestr.com\/wp-content\/uploads\/2011y\/WhatsApp-Image-2025-04-15-at-14.54.38.jpeg","type":"image\/jpeg"}],"author":"G.Hakan Ko\u00e7man","twitter_card":"summary_large_image","twitter_creator":"@TheEpochTimesTR","twitter_site":"@TheEpochTimesTR","twitter_misc":{"Yazan:":"G.Hakan Ko\u00e7man","Tahmini okuma s\u00fcresi":"4 dakika"},"schema":{"@context":"https:\/\/schema.org","@graph":[{"@type":"Article","@id":"https:\/\/epochtimestr.com\/index.php\/sanat-ile-iyilesen-ressam-melahat-kilic-ilk-kisisel-sergisini-acti#article","isPartOf":{"@id":"https:\/\/epochtimestr.com\/index.php\/sanat-ile-iyilesen-ressam-melahat-kilic-ilk-kisisel-sergisini-acti"},"author":{"name":"G.Hakan Ko\u00e7man","@id":"https:\/\/epochtimestr.com\/#\/schema\/person\/b5509977c9a6cd729a3e74d9743d035b"},"headline":"Sanat \u0130le \u0130yile\u015fen Ressam Melahat K\u0131l\u0131\u00e7 \u0130lk Ki\u015fisel Sergisini A\u00e7t\u0131","datePublished":"2025-04-16T07:48:17+00:00","dateModified":"2025-04-18T07:12:13+00:00","mainEntityOfPage":{"@id":"https:\/\/epochtimestr.com\/index.php\/sanat-ile-iyilesen-ressam-melahat-kilic-ilk-kisisel-sergisini-acti"},"wordCount":718,"publisher":{"@id":"https:\/\/epochtimestr.com\/#organization"},"image":{"@id":"https:\/\/epochtimestr.com\/index.php\/sanat-ile-iyilesen-ressam-melahat-kilic-ilk-kisisel-sergisini-acti#primaryimage"},"thumbnailUrl":"https:\/\/epochtimestr.com\/wp-content\/uploads\/2011y\/WhatsApp-Image-2025-04-15-at-14.54.38.jpeg","articleSection":["G\u00dcNDEM","\u00d6ne \u00c7\u0131kan","Plastik Sanatlar"],"inLanguage":"tr"},{"@type":"WebPage","@id":"https:\/\/epochtimestr.com\/index.php\/sanat-ile-iyilesen-ressam-melahat-kilic-ilk-kisisel-sergisini-acti","url":"https:\/\/epochtimestr.com\/index.php\/sanat-ile-iyilesen-ressam-melahat-kilic-ilk-kisisel-sergisini-acti","name":"Sanat \u0130le \u0130yile\u015fen Ressam Melahat K\u0131l\u0131\u00e7 \u0130lk Ki\u015fisel Sergisini A\u00e7t\u0131 - The Epoch Times TR","isPartOf":{"@id":"https:\/\/epochtimestr.com\/#website"},"primaryImageOfPage":{"@id":"https:\/\/epochtimestr.com\/index.php\/sanat-ile-iyilesen-ressam-melahat-kilic-ilk-kisisel-sergisini-acti#primaryimage"},"image":{"@id":"https:\/\/epochtimestr.com\/index.php\/sanat-ile-iyilesen-ressam-melahat-kilic-ilk-kisisel-sergisini-acti#primaryimage"},"thumbnailUrl":"https:\/\/epochtimestr.com\/wp-content\/uploads\/2011y\/WhatsApp-Image-2025-04-15-at-14.54.38.jpeg","datePublished":"2025-04-16T07:48:17+00:00","dateModified":"2025-04-18T07:12:13+00:00","inLanguage":"tr","potentialAction":[{"@type":"ReadAction","target":["https:\/\/epochtimestr.com\/index.php\/sanat-ile-iyilesen-ressam-melahat-kilic-ilk-kisisel-sergisini-acti"]}]},{"@type":"ImageObject","inLanguage":"tr","@id":"https:\/\/epochtimestr.com\/index.php\/sanat-ile-iyilesen-ressam-melahat-kilic-ilk-kisisel-sergisini-acti#primaryimage","url":"https:\/\/epochtimestr.com\/wp-content\/uploads\/2011y\/WhatsApp-Image-2025-04-15-at-14.54.38.jpeg","contentUrl":"https:\/\/epochtimestr.com\/wp-content\/uploads\/2011y\/WhatsApp-Image-2025-04-15-at-14.54.38.jpeg","width":1600,"height":990},{"@type":"WebSite","@id":"https:\/\/epochtimestr.com\/#website","url":"https:\/\/epochtimestr.com\/","name":"The Epoch Times TR","description":"De\u011fi\u015fen D\u00fcnyam\u0131za Taze Bir Bak\u0131\u015f","publisher":{"@id":"https:\/\/epochtimestr.com\/#organization"},"potentialAction":[{"@type":"SearchAction","target":{"@type":"EntryPoint","urlTemplate":"https:\/\/epochtimestr.com\/?s={search_term_string}"},"query-input":"required name=search_term_string"}],"inLanguage":"tr"},{"@type":"Organization","@id":"https:\/\/epochtimestr.com\/#organization","name":"The EpochTimes T\u00fcrkiye","url":"https:\/\/epochtimestr.com\/","logo":{"@type":"ImageObject","inLanguage":"tr","@id":"https:\/\/epochtimestr.com\/#\/schema\/logo\/image\/","url":"https:\/\/epochtimestr.com\/wp-content\/uploads\/2011y\/ET-Logo-YG.jpg","contentUrl":"https:\/\/epochtimestr.com\/wp-content\/uploads\/2011y\/ET-Logo-YG.jpg","width":346,"height":29,"caption":"The EpochTimes T\u00fcrkiye"},"image":{"@id":"https:\/\/epochtimestr.com\/#\/schema\/logo\/image\/"},"sameAs":["https:\/\/www.facebook.com\/theepochtimestr","https:\/\/x.com\/TheEpochTimesTR","https:\/\/www.instagram.com\/epochtimestr"]},{"@type":"Person","@id":"https:\/\/epochtimestr.com\/#\/schema\/person\/b5509977c9a6cd729a3e74d9743d035b","name":"G.Hakan Ko\u00e7man","image":{"@type":"ImageObject","inLanguage":"tr","@id":"https:\/\/epochtimestr.com\/#\/schema\/person\/image\/","url":"https:\/\/secure.gravatar.com\/avatar\/e4eafee1ab5d1f4015c3930376b22ca8?s=96&d=mm&r=g","contentUrl":"https:\/\/secure.gravatar.com\/avatar\/e4eafee1ab5d1f4015c3930376b22ca8?s=96&d=mm&r=g","caption":"G.Hakan Ko\u00e7man"},"url":"https:\/\/epochtimestr.com\/index.php\/author\/hakan"}]}},"_links":{"self":[{"href":"https:\/\/epochtimestr.com\/index.php\/wp-json\/wp\/v2\/posts\/157750"}],"collection":[{"href":"https:\/\/epochtimestr.com\/index.php\/wp-json\/wp\/v2\/posts"}],"about":[{"href":"https:\/\/epochtimestr.com\/index.php\/wp-json\/wp\/v2\/types\/post"}],"author":[{"embeddable":true,"href":"https:\/\/epochtimestr.com\/index.php\/wp-json\/wp\/v2\/users\/22"}],"replies":[{"embeddable":true,"href":"https:\/\/epochtimestr.com\/index.php\/wp-json\/wp\/v2\/comments?post=157750"}],"version-history":[{"count":7,"href":"https:\/\/epochtimestr.com\/index.php\/wp-json\/wp\/v2\/posts\/157750\/revisions"}],"predecessor-version":[{"id":157794,"href":"https:\/\/epochtimestr.com\/index.php\/wp-json\/wp\/v2\/posts\/157750\/revisions\/157794"}],"wp:featuredmedia":[{"embeddable":true,"href":"https:\/\/epochtimestr.com\/index.php\/wp-json\/wp\/v2\/media\/157751"}],"wp:attachment":[{"href":"https:\/\/epochtimestr.com\/index.php\/wp-json\/wp\/v2\/media?parent=157750"}],"wp:term":[{"taxonomy":"category","embeddable":true,"href":"https:\/\/epochtimestr.com\/index.php\/wp-json\/wp\/v2\/categories?post=157750"},{"taxonomy":"post_tag","embeddable":true,"href":"https:\/\/epochtimestr.com\/index.php\/wp-json\/wp\/v2\/tags?post=157750"}],"curies":[{"name":"wp","href":"https:\/\/api.w.org\/{rel}","templated":true}]}}