{"id":157810,"date":"2025-04-21T00:02:43","date_gmt":"2025-04-20T21:02:43","guid":{"rendered":"https:\/\/epochtimestr.com\/?p=157810"},"modified":"2025-04-21T00:02:45","modified_gmt":"2025-04-20T21:02:45","slug":"bulent-arinctan-imamoglu-yorumu","status":"publish","type":"post","link":"https:\/\/epochtimestr.com\/index.php\/bulent-arinctan-imamoglu-yorumu","title":{"rendered":"B\u00fclent Ar\u0131n\u00e7&#8217;tan \u0130mamo\u011flu Yorumu"},"content":{"rendered":"\n<p><\/p>\n\n\n<div class=\"wp-block-image\">\n<figure class=\"aligncenter size-full\"><img loading=\"lazy\" decoding=\"async\" width=\"652\" height=\"400\" src=\"https:\/\/epochtimestr.com\/wp-content\/uploads\/2011y\/bulent-arinc-1.jpg\" alt=\"\" class=\"wp-image-157811\" srcset=\"https:\/\/epochtimestr.com\/wp-content\/uploads\/2011y\/bulent-arinc-1.jpg 652w, https:\/\/epochtimestr.com\/wp-content\/uploads\/2011y\/bulent-arinc-1-300x184.jpg 300w, https:\/\/epochtimestr.com\/wp-content\/uploads\/2011y\/bulent-arinc-1-150x92.jpg 150w\" sizes=\"(max-width: 652px) 100vw, 652px\" \/><figcaption class=\"wp-element-caption\">B\u00fclent Ar\u0131n\u00e7&#8217;tan \u0130mamo\u011flu Yorumu<\/figcaption><\/figure><\/div>\n\n\n<h2 class=\"wp-block-heading\">Eski TBMM Ba\u015fkan\u0131 B\u00fclent Ar\u0131n\u00e7, tutuklanan \u0130BB Ba\u015fkan\u0131 Ekrem \u0130mamo\u011flu&#8217;nun diplomas\u0131n\u0131n iptal edilmesini &#8220;yanl\u0131\u015f&#8221; olarak de\u011ferlendirdi.<\/h2>\n\n\n\n<p>Eski<a href=\"https:\/\/epochtimestr.com\/index.php\/aymnin-can-atalay-karari-tbmm-genel-kurulda-okundu\"> TBMM<\/a> Ba\u015fkan\u0131 ve <a href=\"https:\/\/epochtimestr.com\/index.php\/akp-li-kursad-zorludan-hucend-beyannamesi-aciklamasi\">AKP<\/a>\u2019nin kurucular\u0131ndan olan <a href=\"https:\/\/epochtimestr.com\/index.php\/bulent-arinc-istifasini-duyurdu\">B\u00fclent Ar\u0131n\u00e7<\/a>, <a href=\"https:\/\/epochtimestr.com\/index.php\/ekrem-imamoglunun-avukatlarindan-rtuke-basvuru\">Ekrem \u0130mamo\u011flu<\/a>\u2019nun tutuklu yarg\u0131lanmas\u0131na tepki g\u00f6sterdi. Cumhurba\u015fkan\u0131 Erdo\u011fan ile birlikte 28 \u015eubat\u2019ta kendisinin de yarg\u0131land\u0131\u011f\u0131n\u0131 belirten Ar\u0131n\u00e7, \u201cBiz tutuksuz yarg\u0131land\u0131k. Sonra ceza kesinle\u015fince bizi cezaevine buyur ettiler.\u201d ifadelerini kulland\u0131. 22. D\u00f6nem TBMM Ba\u015fkan\u0131 ve eski Ba\u015fbakan Yard\u0131mc\u0131s\u0131 B\u00fclent Ar\u0131n\u00e7, kat\u0131ld\u0131\u011f\u0131 TV 100 yay\u0131n\u0131nda \u0130mamo\u011flu&#8217;nun tutuklu olarak yarg\u0131lanmas\u0131na ve diplomas\u0131n\u0131n iptal edilmesine ele\u015ftirilerde bulundu.<\/p>\n\n\n\n<p><br \/>CHP\u2019nin Cumhurba\u015fkan\u0131 aday\u0131 Ekrem \u0130mamo\u011flu\u2019nun <a href=\"https:\/\/epochtimestr.com\/index.php\/imamoglunun-diplomasinin-iptal-edilmesine-tepkiler-buyuyor\">diploma<\/a>s\u0131n\u0131n iptaline &#8220;hayret etti\u011fini&#8221; ifade eden Ar\u0131n\u00e7, &#8220;\u0130dare hukuku profes\u00f6rlerinin hepsinden dinledim. Bu diploma 35 sene sonra iptal edilemez, kazan\u0131lm\u0131\u015f hak diye bir \u015fey vard\u0131r. Bu kazan\u0131lm\u0131\u015f hakk\u0131n, Y\u00d6K karar almad\u0131k\u00e7a bir \u00fcniversitenin y\u00f6netim kurulunca iptal etmesi yanl\u0131\u015f. Bunun yolu, yarg\u0131sal yolu temin etmektir. Kumpas kuruldu d\u00fc\u015f\u00fcncesine sahip olanlar haks\u0131z say\u0131lmazlar&#8221; dedi. &#8221; \u015feklinde konu\u015ftu.<\/p>\n\n\n\n<p><br \/>Ar\u0131n\u00e7, B\u00fcy\u00fck\u015fehir belediye ba\u015fkan\u0131 \u0130mamo\u011flu\u2019nun ve CHP\u2019li belediye ba\u015fkanlar\u0131n\u0131n tutuklanmas\u0131na da de\u011finerek &#8220;Siyasi tutukluluk hi\u00e7 olmamal\u0131. Demirta\u015f i\u00e7in de demi\u015ftim. Esenyurt\u2019tan ba\u015flayarak hepsi i\u00e7in yarg\u0131lamalarda \u00f6nce iddianame yaz\u0131l\u0131r, su\u00e7a mahkeme karar verir. Ondan sonra tutuklama ve benzeri hususlar de\u011ferlendirilir. Bir b\u00fcy\u00fck\u015fehir belediye ba\u015fkan\u0131n\u0131n tutuksuz yarg\u0131lanmas\u0131 esas olmal\u0131\u201d ifadelerini kulland\u0131.<br \/>Ar\u0131n\u00e7, T\u00fcrkiye&#8217;nin geldi\u011fi nokta benim bulundu\u011fum noktad\u0131r&#8221; dedi. 28 \u015eubat\u2019ta a\u00e7\u0131lan davalarda kendisi ile birlikte Cumhurba\u015fkan\u0131 Tayyip Erdo\u011fan ve Necmettin Erbakan\u2019\u0131n da tutuksuz yarg\u0131land\u0131\u011f\u0131n\u0131 ifade ederek, \u201cCezalar kesinle\u015fince bizi cezaevine buyur ettiler\u201d dedi.<\/p>\n\n\n\n<p><br \/>Ar\u0131n\u00e7, CHP Genel Ba\u015fkan\u0131 \u00d6zg\u00fcr \u00d6zel&#8217;in Erdo\u011fan&#8217;a y\u00f6nelik &#8216;cunta ba\u015fkan\u0131&#8217; s\u00f6zlerine ise tepki g\u00f6sterdi. Ar\u0131n\u00e7,&#8221; konu\u015fulan s\u00f6z, davran\u0131\u015f, kullan\u0131lan kelimeler fevkalade yanl\u0131\u015f. \u00d6zg\u00fcr \u00d6zel bunlar\u0131 konu\u015fmamal\u0131. Bunlarla AK Parti\u2019yi ve Say\u0131n Cumhurba\u015fkan\u0131n\u0131 itham etmemeli. Bunlar\u0131n kar\u015f\u0131l\u0131\u011f\u0131 yok. Ben ondan daha tecr\u00fcbeli bir siyaset\u00e7iyim. Biz zaman\u0131nda \u00e7ok \u00e7ektik, \u00e7ok \u00e7ile g\u00f6rd\u00fck. Cunta askeri bir terimdir. Biz cuntalar\u0131n bizi yarg\u0131lamalar\u0131yla s\u0131nand\u0131k. Biz cuntalar\u0131n bizi s\u0131namalar\u0131 ile \u00e7ok u\u011fra\u015ft\u0131k, cuntan\u0131n ma\u011fduruyuz. Ve hepsinden ba\u015far\u0131 ile \u00e7\u0131kt\u0131k. Sivil idareye kar\u015f\u0131, halk\u0131n oylar\u0131yla iktidara gelmi\u015f ve 22 seneden beri iktidar\u0131n\u0131 s\u00fcrd\u00fcren bir kadroya ve o kadronun ba\u015f\u0131ndaki insana cuntac\u0131 demek adeta iftira niteli\u011finde bir su\u00e7lamad\u0131r.&#8221; ifadeleini kulland\u0131.<\/p>\n","protected":false},"excerpt":{"rendered":"<p>Eski TBMM Ba\u015fkan\u0131 B\u00fclent Ar\u0131n\u00e7, tutuklanan \u0130BB Ba\u015fkan\u0131 Ekrem \u0130mamo\u011flu&#8217;nun diplomas\u0131n\u0131n iptal edilmesini &#8220;yanl\u0131\u015f&#8221; olarak de\u011ferlendirdi. Eski TBMM Ba\u015fkan\u0131 ve AKP\u2019nin kurucular\u0131ndan olan B\u00fclent Ar\u0131n\u00e7, Ekrem \u0130mamo\u011flu\u2019nun tutuklu yarg\u0131lanmas\u0131na tepki g\u00f6sterdi. Cumhurba\u015fkan\u0131 Erdo\u011fan ile birlikte 28 \u015eubat\u2019ta kendisinin de yarg\u0131land\u0131\u011f\u0131n\u0131 belirten Ar\u0131n\u00e7, \u201cBiz tutuksuz yarg\u0131land\u0131k. Sonra ceza kesinle\u015fince bizi cezaevine buyur ettiler.\u201d ifadelerini kulland\u0131. 22. [&hellip;]<\/p>\n","protected":false},"author":12791,"featured_media":157811,"comment_status":"closed","ping_status":"open","sticky":false,"template":"","format":"standard","meta":{"_yoast_wpseo_focuskw":"B\u00fclent Ar\u0131n\u00e7'tan \u0130mamo\u011flu Yorumu","_yoast_wpseo_title":"","_yoast_wpseo_metadesc":"Eski TBMM Ba\u015fkan\u0131 B\u00fclent Ar\u0131n\u00e7, tutuklanan \u0130BB Ba\u015fkan\u0131 Ekrem \u0130mamo\u011flu'nun diplomas\u0131n\u0131n iptal edilmesini \"yanl\u0131\u015f\" olarak de\u011ferlendirdi.","_bbp_topic_count":0,"_bbp_reply_count":0,"_bbp_total_topic_count":0,"_bbp_total_reply_count":0,"_bbp_voice_count":0,"_bbp_anonymous_reply_count":0,"_bbp_topic_count_hidden":0,"_bbp_reply_count_hidden":0,"_bbp_forum_subforum_count":0,"footnotes":"","_yoast_wpseo_focuskw_text_input":""},"categories":[1,8138,8226,37],"tags":[],"yoast_head":"<!-- This site is optimized with the Yoast SEO plugin v23.0 - https:\/\/yoast.com\/wordpress\/plugins\/seo\/ -->\n<title>B\u00fclent Ar\u0131n\u00e7&#039;tan \u0130mamo\u011flu Yorumu - The Epoch Times TR<\/title>\n<meta name=\"description\" content=\"Eski TBMM Ba\u015fkan\u0131 B\u00fclent Ar\u0131n\u00e7, tutuklanan \u0130BB Ba\u015fkan\u0131 Ekrem \u0130mamo\u011flu&#039;nun diplomas\u0131n\u0131n iptal edilmesini &quot;yanl\u0131\u015f&quot; olarak de\u011ferlendirdi.\" \/>\n<meta name=\"robots\" content=\"index, follow, max-snippet:-1, max-image-preview:large, max-video-preview:-1\" \/>\n<link rel=\"canonical\" href=\"https:\/\/epochtimestr.com\/index.php\/bulent-arinctan-imamoglu-yorumu\" \/>\n<meta property=\"og:locale\" content=\"tr_TR\" \/>\n<meta property=\"og:type\" content=\"article\" \/>\n<meta property=\"og:title\" content=\"B\u00fclent Ar\u0131n\u00e7&#039;tan \u0130mamo\u011flu Yorumu - The Epoch Times TR\" \/>\n<meta property=\"og:description\" content=\"Eski TBMM Ba\u015fkan\u0131 B\u00fclent Ar\u0131n\u00e7, tutuklanan \u0130BB Ba\u015fkan\u0131 Ekrem \u0130mamo\u011flu&#039;nun diplomas\u0131n\u0131n iptal edilmesini &quot;yanl\u0131\u015f&quot; olarak de\u011ferlendirdi.\" \/>\n<meta property=\"og:url\" content=\"https:\/\/epochtimestr.com\/index.php\/bulent-arinctan-imamoglu-yorumu\" \/>\n<meta property=\"og:site_name\" content=\"The Epoch Times TR\" \/>\n<meta property=\"article:publisher\" content=\"https:\/\/www.facebook.com\/theepochtimestr\" \/>\n<meta property=\"article:published_time\" content=\"2025-04-20T21:02:43+00:00\" \/>\n<meta property=\"article:modified_time\" content=\"2025-04-20T21:02:45+00:00\" \/>\n<meta property=\"og:image\" content=\"https:\/\/epochtimestr.com\/wp-content\/uploads\/2011y\/bulent-arinc-1.jpg\" \/>\n\t<meta property=\"og:image:width\" content=\"652\" \/>\n\t<meta property=\"og:image:height\" content=\"400\" \/>\n\t<meta property=\"og:image:type\" content=\"image\/jpeg\" \/>\n<meta name=\"author\" content=\"Haber Merkezi\" \/>\n<meta name=\"twitter:card\" content=\"summary_large_image\" \/>\n<meta name=\"twitter:creator\" content=\"@TheEpochTimesTR\" \/>\n<meta name=\"twitter:site\" content=\"@TheEpochTimesTR\" \/>\n<meta name=\"twitter:label1\" content=\"Yazan:\" \/>\n\t<meta name=\"twitter:data1\" content=\"Haber Merkezi\" \/>\n\t<meta name=\"twitter:label2\" content=\"Tahmini okuma s\u00fcresi\" \/>\n\t<meta name=\"twitter:data2\" content=\"3 dakika\" \/>\n<script type=\"application\/ld+json\" class=\"yoast-schema-graph\">{\"@context\":\"https:\/\/schema.org\",\"@graph\":[{\"@type\":\"Article\",\"@id\":\"https:\/\/epochtimestr.com\/index.php\/bulent-arinctan-imamoglu-yorumu#article\",\"isPartOf\":{\"@id\":\"https:\/\/epochtimestr.com\/index.php\/bulent-arinctan-imamoglu-yorumu\"},\"author\":{\"name\":\"Haber Merkezi\",\"@id\":\"https:\/\/epochtimestr.com\/#\/schema\/person\/3dc5c3adeb9f43923c5aa85889172fdd\"},\"headline\":\"B\u00fclent Ar\u0131n\u00e7&#8217;tan \u0130mamo\u011flu Yorumu\",\"datePublished\":\"2025-04-20T21:02:43+00:00\",\"dateModified\":\"2025-04-20T21:02:45+00:00\",\"mainEntityOfPage\":{\"@id\":\"https:\/\/epochtimestr.com\/index.php\/bulent-arinctan-imamoglu-yorumu\"},\"wordCount\":490,\"publisher\":{\"@id\":\"https:\/\/epochtimestr.com\/#organization\"},\"image\":{\"@id\":\"https:\/\/epochtimestr.com\/index.php\/bulent-arinctan-imamoglu-yorumu#primaryimage\"},\"thumbnailUrl\":\"https:\/\/epochtimestr.com\/wp-content\/uploads\/2011y\/bulent-arinc-1.jpg\",\"articleSection\":[\"G\u00dcNDEM\",\"MAN\u015eET\",\"Siyaset\",\"T\u00dcRK\u0130YE\"],\"inLanguage\":\"tr\"},{\"@type\":\"WebPage\",\"@id\":\"https:\/\/epochtimestr.com\/index.php\/bulent-arinctan-imamoglu-yorumu\",\"url\":\"https:\/\/epochtimestr.com\/index.php\/bulent-arinctan-imamoglu-yorumu\",\"name\":\"B\u00fclent Ar\u0131n\u00e7'tan \u0130mamo\u011flu Yorumu - The Epoch Times TR\",\"isPartOf\":{\"@id\":\"https:\/\/epochtimestr.com\/#website\"},\"primaryImageOfPage\":{\"@id\":\"https:\/\/epochtimestr.com\/index.php\/bulent-arinctan-imamoglu-yorumu#primaryimage\"},\"image\":{\"@id\":\"https:\/\/epochtimestr.com\/index.php\/bulent-arinctan-imamoglu-yorumu#primaryimage\"},\"thumbnailUrl\":\"https:\/\/epochtimestr.com\/wp-content\/uploads\/2011y\/bulent-arinc-1.jpg\",\"datePublished\":\"2025-04-20T21:02:43+00:00\",\"dateModified\":\"2025-04-20T21:02:45+00:00\",\"description\":\"Eski TBMM Ba\u015fkan\u0131 B\u00fclent Ar\u0131n\u00e7, tutuklanan \u0130BB Ba\u015fkan\u0131 Ekrem \u0130mamo\u011flu'nun diplomas\u0131n\u0131n iptal edilmesini \\\"yanl\u0131\u015f\\\" olarak de\u011ferlendirdi.\",\"inLanguage\":\"tr\",\"potentialAction\":[{\"@type\":\"ReadAction\",\"target\":[\"https:\/\/epochtimestr.com\/index.php\/bulent-arinctan-imamoglu-yorumu\"]}]},{\"@type\":\"ImageObject\",\"inLanguage\":\"tr\",\"@id\":\"https:\/\/epochtimestr.com\/index.php\/bulent-arinctan-imamoglu-yorumu#primaryimage\",\"url\":\"https:\/\/epochtimestr.com\/wp-content\/uploads\/2011y\/bulent-arinc-1.jpg\",\"contentUrl\":\"https:\/\/epochtimestr.com\/wp-content\/uploads\/2011y\/bulent-arinc-1.jpg\",\"width\":652,\"height\":400},{\"@type\":\"WebSite\",\"@id\":\"https:\/\/epochtimestr.com\/#website\",\"url\":\"https:\/\/epochtimestr.com\/\",\"name\":\"The Epoch Times TR\",\"description\":\"De\u011fi\u015fen D\u00fcnyam\u0131za Taze Bir Bak\u0131\u015f\",\"publisher\":{\"@id\":\"https:\/\/epochtimestr.com\/#organization\"},\"potentialAction\":[{\"@type\":\"SearchAction\",\"target\":{\"@type\":\"EntryPoint\",\"urlTemplate\":\"https:\/\/epochtimestr.com\/?s={search_term_string}\"},\"query-input\":\"required name=search_term_string\"}],\"inLanguage\":\"tr\"},{\"@type\":\"Organization\",\"@id\":\"https:\/\/epochtimestr.com\/#organization\",\"name\":\"The EpochTimes T\u00fcrkiye\",\"url\":\"https:\/\/epochtimestr.com\/\",\"logo\":{\"@type\":\"ImageObject\",\"inLanguage\":\"tr\",\"@id\":\"https:\/\/epochtimestr.com\/#\/schema\/logo\/image\/\",\"url\":\"https:\/\/epochtimestr.com\/wp-content\/uploads\/2011y\/ET-Logo-YG.jpg\",\"contentUrl\":\"https:\/\/epochtimestr.com\/wp-content\/uploads\/2011y\/ET-Logo-YG.jpg\",\"width\":346,\"height\":29,\"caption\":\"The EpochTimes T\u00fcrkiye\"},\"image\":{\"@id\":\"https:\/\/epochtimestr.com\/#\/schema\/logo\/image\/\"},\"sameAs\":[\"https:\/\/www.facebook.com\/theepochtimestr\",\"https:\/\/x.com\/TheEpochTimesTR\",\"https:\/\/www.instagram.com\/epochtimestr\"]},{\"@type\":\"Person\",\"@id\":\"https:\/\/epochtimestr.com\/#\/schema\/person\/3dc5c3adeb9f43923c5aa85889172fdd\",\"name\":\"Haber Merkezi\",\"image\":{\"@type\":\"ImageObject\",\"inLanguage\":\"tr\",\"@id\":\"https:\/\/epochtimestr.com\/#\/schema\/person\/image\/\",\"url\":\"https:\/\/secure.gravatar.com\/avatar\/d73f772ba5a74f28601361e17c2f93e6?s=96&d=mm&r=g\",\"contentUrl\":\"https:\/\/secure.gravatar.com\/avatar\/d73f772ba5a74f28601361e17c2f93e6?s=96&d=mm&r=g\",\"caption\":\"Haber Merkezi\"},\"url\":\"https:\/\/epochtimestr.com\/index.php\/author\/sendag\"}]}<\/script>\n<!-- \/ Yoast SEO plugin. -->","yoast_head_json":{"title":"B\u00fclent Ar\u0131n\u00e7'tan \u0130mamo\u011flu Yorumu - The Epoch Times TR","description":"Eski TBMM Ba\u015fkan\u0131 B\u00fclent Ar\u0131n\u00e7, tutuklanan \u0130BB Ba\u015fkan\u0131 Ekrem \u0130mamo\u011flu'nun diplomas\u0131n\u0131n iptal edilmesini \"yanl\u0131\u015f\" olarak de\u011ferlendirdi.","robots":{"index":"index","follow":"follow","max-snippet":"max-snippet:-1","max-image-preview":"max-image-preview:large","max-video-preview":"max-video-preview:-1"},"canonical":"https:\/\/epochtimestr.com\/index.php\/bulent-arinctan-imamoglu-yorumu","og_locale":"tr_TR","og_type":"article","og_title":"B\u00fclent Ar\u0131n\u00e7'tan \u0130mamo\u011flu Yorumu - The Epoch Times TR","og_description":"Eski TBMM Ba\u015fkan\u0131 B\u00fclent Ar\u0131n\u00e7, tutuklanan \u0130BB Ba\u015fkan\u0131 Ekrem \u0130mamo\u011flu'nun diplomas\u0131n\u0131n iptal edilmesini \"yanl\u0131\u015f\" olarak de\u011ferlendirdi.","og_url":"https:\/\/epochtimestr.com\/index.php\/bulent-arinctan-imamoglu-yorumu","og_site_name":"The Epoch Times TR","article_publisher":"https:\/\/www.facebook.com\/theepochtimestr","article_published_time":"2025-04-20T21:02:43+00:00","article_modified_time":"2025-04-20T21:02:45+00:00","og_image":[{"width":652,"height":400,"url":"https:\/\/epochtimestr.com\/wp-content\/uploads\/2011y\/bulent-arinc-1.jpg","type":"image\/jpeg"}],"author":"Haber Merkezi","twitter_card":"summary_large_image","twitter_creator":"@TheEpochTimesTR","twitter_site":"@TheEpochTimesTR","twitter_misc":{"Yazan:":"Haber Merkezi","Tahmini okuma s\u00fcresi":"3 dakika"},"schema":{"@context":"https:\/\/schema.org","@graph":[{"@type":"Article","@id":"https:\/\/epochtimestr.com\/index.php\/bulent-arinctan-imamoglu-yorumu#article","isPartOf":{"@id":"https:\/\/epochtimestr.com\/index.php\/bulent-arinctan-imamoglu-yorumu"},"author":{"name":"Haber Merkezi","@id":"https:\/\/epochtimestr.com\/#\/schema\/person\/3dc5c3adeb9f43923c5aa85889172fdd"},"headline":"B\u00fclent Ar\u0131n\u00e7&#8217;tan \u0130mamo\u011flu Yorumu","datePublished":"2025-04-20T21:02:43+00:00","dateModified":"2025-04-20T21:02:45+00:00","mainEntityOfPage":{"@id":"https:\/\/epochtimestr.com\/index.php\/bulent-arinctan-imamoglu-yorumu"},"wordCount":490,"publisher":{"@id":"https:\/\/epochtimestr.com\/#organization"},"image":{"@id":"https:\/\/epochtimestr.com\/index.php\/bulent-arinctan-imamoglu-yorumu#primaryimage"},"thumbnailUrl":"https:\/\/epochtimestr.com\/wp-content\/uploads\/2011y\/bulent-arinc-1.jpg","articleSection":["G\u00dcNDEM","MAN\u015eET","Siyaset","T\u00dcRK\u0130YE"],"inLanguage":"tr"},{"@type":"WebPage","@id":"https:\/\/epochtimestr.com\/index.php\/bulent-arinctan-imamoglu-yorumu","url":"https:\/\/epochtimestr.com\/index.php\/bulent-arinctan-imamoglu-yorumu","name":"B\u00fclent Ar\u0131n\u00e7'tan \u0130mamo\u011flu Yorumu - The Epoch Times TR","isPartOf":{"@id":"https:\/\/epochtimestr.com\/#website"},"primaryImageOfPage":{"@id":"https:\/\/epochtimestr.com\/index.php\/bulent-arinctan-imamoglu-yorumu#primaryimage"},"image":{"@id":"https:\/\/epochtimestr.com\/index.php\/bulent-arinctan-imamoglu-yorumu#primaryimage"},"thumbnailUrl":"https:\/\/epochtimestr.com\/wp-content\/uploads\/2011y\/bulent-arinc-1.jpg","datePublished":"2025-04-20T21:02:43+00:00","dateModified":"2025-04-20T21:02:45+00:00","description":"Eski TBMM Ba\u015fkan\u0131 B\u00fclent Ar\u0131n\u00e7, tutuklanan \u0130BB Ba\u015fkan\u0131 Ekrem \u0130mamo\u011flu'nun diplomas\u0131n\u0131n iptal edilmesini \"yanl\u0131\u015f\" olarak de\u011ferlendirdi.","inLanguage":"tr","potentialAction":[{"@type":"ReadAction","target":["https:\/\/epochtimestr.com\/index.php\/bulent-arinctan-imamoglu-yorumu"]}]},{"@type":"ImageObject","inLanguage":"tr","@id":"https:\/\/epochtimestr.com\/index.php\/bulent-arinctan-imamoglu-yorumu#primaryimage","url":"https:\/\/epochtimestr.com\/wp-content\/uploads\/2011y\/bulent-arinc-1.jpg","contentUrl":"https:\/\/epochtimestr.com\/wp-content\/uploads\/2011y\/bulent-arinc-1.jpg","width":652,"height":400},{"@type":"WebSite","@id":"https:\/\/epochtimestr.com\/#website","url":"https:\/\/epochtimestr.com\/","name":"The Epoch Times TR","description":"De\u011fi\u015fen D\u00fcnyam\u0131za Taze Bir Bak\u0131\u015f","publisher":{"@id":"https:\/\/epochtimestr.com\/#organization"},"potentialAction":[{"@type":"SearchAction","target":{"@type":"EntryPoint","urlTemplate":"https:\/\/epochtimestr.com\/?s={search_term_string}"},"query-input":"required name=search_term_string"}],"inLanguage":"tr"},{"@type":"Organization","@id":"https:\/\/epochtimestr.com\/#organization","name":"The EpochTimes T\u00fcrkiye","url":"https:\/\/epochtimestr.com\/","logo":{"@type":"ImageObject","inLanguage":"tr","@id":"https:\/\/epochtimestr.com\/#\/schema\/logo\/image\/","url":"https:\/\/epochtimestr.com\/wp-content\/uploads\/2011y\/ET-Logo-YG.jpg","contentUrl":"https:\/\/epochtimestr.com\/wp-content\/uploads\/2011y\/ET-Logo-YG.jpg","width":346,"height":29,"caption":"The EpochTimes T\u00fcrkiye"},"image":{"@id":"https:\/\/epochtimestr.com\/#\/schema\/logo\/image\/"},"sameAs":["https:\/\/www.facebook.com\/theepochtimestr","https:\/\/x.com\/TheEpochTimesTR","https:\/\/www.instagram.com\/epochtimestr"]},{"@type":"Person","@id":"https:\/\/epochtimestr.com\/#\/schema\/person\/3dc5c3adeb9f43923c5aa85889172fdd","name":"Haber Merkezi","image":{"@type":"ImageObject","inLanguage":"tr","@id":"https:\/\/epochtimestr.com\/#\/schema\/person\/image\/","url":"https:\/\/secure.gravatar.com\/avatar\/d73f772ba5a74f28601361e17c2f93e6?s=96&d=mm&r=g","contentUrl":"https:\/\/secure.gravatar.com\/avatar\/d73f772ba5a74f28601361e17c2f93e6?s=96&d=mm&r=g","caption":"Haber Merkezi"},"url":"https:\/\/epochtimestr.com\/index.php\/author\/sendag"}]}},"_links":{"self":[{"href":"https:\/\/epochtimestr.com\/index.php\/wp-json\/wp\/v2\/posts\/157810"}],"collection":[{"href":"https:\/\/epochtimestr.com\/index.php\/wp-json\/wp\/v2\/posts"}],"about":[{"href":"https:\/\/epochtimestr.com\/index.php\/wp-json\/wp\/v2\/types\/post"}],"author":[{"embeddable":true,"href":"https:\/\/epochtimestr.com\/index.php\/wp-json\/wp\/v2\/users\/12791"}],"replies":[{"embeddable":true,"href":"https:\/\/epochtimestr.com\/index.php\/wp-json\/wp\/v2\/comments?post=157810"}],"version-history":[{"count":1,"href":"https:\/\/epochtimestr.com\/index.php\/wp-json\/wp\/v2\/posts\/157810\/revisions"}],"predecessor-version":[{"id":157812,"href":"https:\/\/epochtimestr.com\/index.php\/wp-json\/wp\/v2\/posts\/157810\/revisions\/157812"}],"wp:featuredmedia":[{"embeddable":true,"href":"https:\/\/epochtimestr.com\/index.php\/wp-json\/wp\/v2\/media\/157811"}],"wp:attachment":[{"href":"https:\/\/epochtimestr.com\/index.php\/wp-json\/wp\/v2\/media?parent=157810"}],"wp:term":[{"taxonomy":"category","embeddable":true,"href":"https:\/\/epochtimestr.com\/index.php\/wp-json\/wp\/v2\/categories?post=157810"},{"taxonomy":"post_tag","embeddable":true,"href":"https:\/\/epochtimestr.com\/index.php\/wp-json\/wp\/v2\/tags?post=157810"}],"curies":[{"name":"wp","href":"https:\/\/api.w.org\/{rel}","templated":true}]}}