{"id":157875,"date":"2025-04-25T11:13:04","date_gmt":"2025-04-25T08:13:04","guid":{"rendered":"https:\/\/epochtimestr.com\/?p=157875"},"modified":"2026-01-30T23:47:31","modified_gmt":"2026-01-30T20:47:31","slug":"nato-turkiye-ve-abd-arasindaki-iliski","status":"publish","type":"post","link":"https:\/\/epochtimestr.com\/index.php\/nato-turkiye-ve-abd-arasindaki-iliski","title":{"rendered":"NATO, T\u00fcrkiye ve ABD Aras\u0131ndaki \u0130li\u015fki"},"content":{"rendered":"<div class=\"wp-block-image\">\n<figure class=\"aligncenter size-full\"><img loading=\"lazy\" decoding=\"async\" width=\"774\" height=\"440\" src=\"https:\/\/epochtimestr.com\/wp-content\/uploads\/2011y\/image-260.png\" alt=\"NATO, T\u00fcrkiye ve ABD \" class=\"wp-image-157876\" srcset=\"https:\/\/epochtimestr.com\/wp-content\/uploads\/2011y\/image-260.png 774w, https:\/\/epochtimestr.com\/wp-content\/uploads\/2011y\/image-260-300x171.png 300w, https:\/\/epochtimestr.com\/wp-content\/uploads\/2011y\/image-260-150x85.png 150w, https:\/\/epochtimestr.com\/wp-content\/uploads\/2011y\/image-260-768x437.png 768w\" sizes=\"(max-width: 774px) 100vw, 774px\" \/><\/figure><\/div>\n\n\n<p><mark style=\"background-color:rgba(0, 0, 0, 0)\" class=\"has-inline-color has-vivid-cyan-blue-color\"><strong><em>Yazan:<\/em> Sal Sayg\u0131n \u015eim\u015fek<\/strong><\/mark> \/ <strong><mark style=\"background-color:rgba(0, 0, 0, 0)\" class=\"has-inline-color has-vivid-cyan-blue-color\">Connecticut<\/mark><\/strong><\/p>\n\n\n\n<p>Kuzey Atlantik Antla\u015fmas\u0131 \u00d6rg\u00fct\u00fc NATO, son y\u0131llarda \u00e7e\u015fitli zorluklarla kar\u015f\u0131 kar\u015f\u0131ya kald\u0131. Hakk\u0131nda \u00e7\u0131kan tart\u0131\u015fmalar, \u00f6rg\u00fct\u00fcn uygun olup olmad\u0131\u011f\u0131, finansman\u0131 ve \u00fcye devletlerin ba\u011fl\u0131l\u0131\u011f\u0131 gibi konular\u0131 kaps\u0131yor. Baz\u0131 ele\u015ftirmenler, de\u011fi\u015fen k\u00fcresel dinamiklerin ve i\u00e7 anla\u015fmazl\u0131klar\u0131n, ittifak\u0131 zay\u0131flatt\u0131\u011f\u0131n\u0131 savunuyor.<\/p>\n\n\n\n<p>Amerika Birle\u015fik Devletleri, NATO\u2019nun belkemi\u011fidir ve ittifak i\u00e7inde benzersiz bir etkiye sahiptir. NATO b\u00fct\u00e7esinin en b\u00fcy\u00fck pay\u0131n\u0131 kar\u015f\u0131lar. Ayr\u0131ca n\u00fckleer cayd\u0131r\u0131c\u0131l\u0131k, ileri teknoloji ve k\u00fcresel eri\u015fim gibi en geli\u015fmi\u015f askeri yeteneklere sahiptir. ABD ordusunun Avrupa\u2019daki varl\u0131\u011f\u0131, k\u0131tan\u0131n d\u00f6rt bir yan\u0131nda konu\u015flanm\u0131\u015f \u00fcsleri ve birliklerinden olu\u015fmaktad\u0131r. B\u00f6ylece ABD, NATO\u2019nun kolektif savunma stratejisini g\u00fc\u00e7lendirmektedir. ABD, askeri g\u00fcc\u00fcn\u00fcn \u00f6tesinde ayr\u0131ca, NATO politikalar\u0131n\u0131 ve stratejik y\u00f6n\u00fcn\u00fc \u015fekillendirmede \u00f6nemli bir rol oynamaktad\u0131r.<\/p>\n\n\n\n<p>T\u00fcrkiye stratejik konumu, askeri g\u00fcc\u00fc ve diplomatik etkisi nedeniyle NATO i\u00e7inde \u00f6nemli bir g\u00fcce sahiptir. 1952\u2019den beri NATO \u00fcyesi olan T\u00fcrkiye, NATO\u2019nun ikinci en b\u00fcy\u00fck ordusuna sahiptir. Ayr\u0131ca savunma ve operasyonlar i\u00e7in \u00f6nemli bir insan g\u00fcc\u00fc sa\u011flamaktad\u0131r. Avrupa, Asya ve Orta Do\u011fu\u2019nun kesi\u015fme noktas\u0131ndaki co\u011frafi konumu T\u00fcrkiye\u2019yi b\u00f6lgesel g\u00fcvenlik a\u00e7\u0131s\u0131ndan ve jeopolitik a\u00e7\u0131dan kritik bir oyuncu haline getirmektedir.<\/p>\n\n\n\n<p>T\u00fcrkiye savunma sanayisi \u00f6nemli \u00f6l\u00e7\u00fcde b\u00fcy\u00fcm\u00fc\u015f ve sava\u015f donan\u0131mlar\u0131 \u00fcretir hale gelmi\u015ftir. Bunlar aras\u0131nda modern sava\u015fta de\u011feri kan\u0131tlanan Bayraktar TB2 insans\u0131z hava ara\u00e7lar\u0131 gibi etkili ekipmanlar bulunmaktad\u0131r. Ayr\u0131ca T\u00fcrkiye, Montr\u00f6 S\u00f6zle\u015fmesi kapsam\u0131nda \u0130stanbul Bo\u011faz\u0131 gibi \u00f6nemli su yollar\u0131n\u0131 kontrol etmektedir.<\/p>\n\n\n\n<h3 class=\"wp-block-heading\"><strong>T\u00fcrkiye \u0130le ABD \u0130li\u015fkileri<\/strong><\/h3>\n\n\n\n<p>Ge\u00e7ti\u011fimiz on y\u0131l boyunca T\u00fcrkiye ile ABD aras\u0131ndaki ili\u015fki \u00e7o\u011fu zaman karma\u015f\u0131kt\u0131 ve s\u00fcrekli geli\u015fti. Bu ili\u015fkiye, i\u015fbirli\u011fi ve zaman zaman ya\u015fanan gerginlikler damgas\u0131n\u0131 vurdu. \u0130\u015fte baz\u0131 \u00f6nemli noktalar:<\/p>\n\n\n\n<ol>\n<li>Stratejik Ortakl\u0131k: T\u00fcrkiye, b\u00f6lgesel g\u00fcvenlik ve ter\u00f6rle m\u00fccadele \u00e7abalar\u0131yla, hayati bir NATO m\u00fcttefiki olmaya devam etmektedir. ABD, Orta Do\u011fu\u2019daki operasyonlar\u0131 i\u00e7in T\u00fcrkiye\u2019nin stratejik konumuna, \u00f6zellikle de \u0130ncirlik Hava \u00dcss\u00fcne g\u00fcvenmektedir.<\/li>\n\n\n\n<li>Zorluklar: T\u00fcrkiye\u2019nin Rusya\u2019dan S-400 f\u00fcze sistemleri sat\u0131n almas\u0131, bunun ABD yapt\u0131r\u0131mlar\u0131na yol a\u00e7mas\u0131 ve T\u00fcrkiye\u2019nin F-35 sava\u015f u\u00e7a\u011f\u0131 program\u0131ndan \u00e7\u0131kar\u0131lmas\u0131 gibi konular nedeniyle ili\u015fkiler gerilmi\u015ftir. Ayr\u0131ca ABD\u2019nin Suriye\u2019deki K\u00fcrt gruplara verdi\u011fi destek konusundaki anla\u015fmazl\u0131klar da s\u00fcrt\u00fc\u015fmelere neden oldu.<\/li>\n\n\n\n<li>Diplomatik Temaslar: Zorluklara ra\u011fmen her iki \u00fclke de I\u015e\u0130D\u2019le m\u00fccadele ve b\u00f6lgesel istikrars\u0131zl\u0131\u011f\u0131n giderilmesi gibi kritik konularda birlikte \u00e7al\u0131\u015fm\u0131\u015ft\u0131r. ABD, T\u00fcrkiye\u2019nin Avrupa-Atlantik toplulu\u011funa ba\u011fl\u0131 kalmas\u0131n\u0131n \u00f6nemini vurgulam\u0131\u015ft\u0131r.<\/li>\n\n\n\n<li>Son Geli\u015fmeler: \u0130li\u015fkiler son y\u0131llarda daha yap\u0131c\u0131 bir hal alm\u0131\u015ft\u0131r. Ukrayna ve savunma i\u015fbirli\u011fi konular\u0131nda koordinasyonun artmas\u0131 bu sonucu do\u011furmu\u015ftur. Ancak, \u0130sve\u00e7\u2019in NATO\u2019ya kat\u0131l\u0131m\u0131 ve T\u00fcrkiye\u2019nin F-35 ve F-16 sava\u015f u\u00e7a\u011f\u0131 sat\u0131n almas\u0131yla ilgili m\u00fczakerelerde, kar\u015f\u0131l\u0131kl\u0131 g\u00fcvensizlik belirginli\u011fini koruyor.<\/li>\n<\/ol>\n\n\n\n<p>Son geli\u015fmeler T\u00fcrkiye-ABD ili\u015fkilerinde hem zorluklar\u0131 hem de f\u0131rsatlar\u0131 beraberinde getirdi:<\/p>\n\n\n\n<ol>\n<li>Savunma \u0130\u015fbirli\u011fi: T\u00fcrkiye\u2019nin modernize F-16 sava\u015f u\u00e7aklar\u0131 sat\u0131n almas\u0131 iki \u00fclke aras\u0131ndaki g\u00fcveni geri kazand\u0131rd\u0131. T\u00fcrkiye\u2019nin Rus S-400 f\u00fcze sistemlerini sat\u0131n almas\u0131 nedeniyle ge\u00e7mi\u015fte gerginlikler ya\u015fanm\u0131\u015ft\u0131. Buna ra\u011fmen bu hamle, T\u00fcrkiye\u2019nin savunma i\u015fbirli\u011fine yeniden odakland\u0131\u011f\u0131n\u0131 g\u00f6steriyor.<\/li>\n\n\n\n<li>\u0130sve\u00e7\u2019in NATO\u2019ya Kat\u0131l\u0131m\u0131: T\u00fcrkiye\u2019nin \u0130sve\u00e7\u2019in NATO \u00fcyeli\u011fini onaylamas\u0131 \u00f6nemli bir diplomatik ad\u0131m oldu. \u00c7\u00fcnk\u00fc T\u00fcrkiye\u2019nin daha geni\u015f NATO hedeflerine uyum sa\u011flama iste\u011fini ortaya koydu.<\/li>\n\n\n\n<li>Diplomatik Temaslar: D\u0131\u015fi\u015fleri Bakan\u0131 Hakan Fidan\u2019\u0131n ABD ziyareti gibi \u00fcst d\u00fczey toplant\u0131lar olumlu etki yaratt\u0131. Bu toplant\u0131lar, \u00f6zellikle savunma ve b\u00f6lgesel g\u00fcvenlik alanlar\u0131nda ba\u011flar\u0131 g\u00fc\u00e7lendirmeye y\u00f6nelik kar\u015f\u0131l\u0131kl\u0131 arzuyu vurgulad\u0131.<\/li>\n\n\n\n<li>Jeopolitik Dinamikler: Ukrayna\u2019daki sava\u015f da d\u00e2hil olmak \u00fczere de\u011fi\u015fen k\u00fcresel manzara, T\u00fcrkiye ile ABD aras\u0131nda b\u00f6lgesel istikrar ve savunma stratejileri konusunda daha yak\u0131n bir koordinasyon kurulmas\u0131na neden oldu.<\/li>\n<\/ol>\n\n\n\n<h3 class=\"wp-block-heading\"><strong>Finansal \u0130li\u015fkiler<\/strong><\/h3>\n\n\n\n<p>T\u00fcrkiye ve ABD, ticaret, yat\u0131r\u0131m ve ekonomi birli\u011fiyle \u015fekillenen \u00e7ok y\u00f6nl\u00fc bir finansal ili\u015fkiye sahiptir. \u0130\u015fte baz\u0131 temel hususlar:<\/p>\n\n\n\n<ol>\n<li>Ticaret: ABD, T\u00fcrkiye\u2019nin en \u00f6nemli ticaret ortaklar\u0131ndan biridir. \u0130kili ticaret makine, ara\u00e7 ve tar\u0131m \u00fcr\u00fcnleri gibi mallar\u0131 kapsamaktad\u0131r. T\u00fcrkiye ABD\u2019ye tekstil, \u00e7elik ve elektronik ihra\u00e7 ederken, ileri teknoloji ve savunma ekipmanlar\u0131 ithal etmektedir.<\/li>\n\n\n\n<li>Yat\u0131r\u0131m: Amerikan \u015firketleri enerji, teknoloji ve imalat d\u00e2hil olmak \u00fczere T\u00fcrkiye\u2019deki \u00e7e\u015fitli sekt\u00f6rlere yat\u0131r\u0131m yapm\u0131\u015ft\u0131r. T\u00fcrkiye\u2019nin stratejik konumu ve b\u00fcy\u00fcyen ekonomisi, onu ABD\u2019li yat\u0131r\u0131mc\u0131lar i\u00e7in \u00e7ekici bir yer haline getirmektedir.<\/li>\n\n\n\n<li>Ekonomik Zorluklar: \u0130li\u015fkiler, siyasi anla\u015fmazl\u0131klar s\u0131ras\u0131nda uygulanan g\u00fcmr\u00fck vergileri ve yapt\u0131r\u0131mlar gibi engellerle kar\u015f\u0131la\u015fm\u0131\u015ft\u0131r. Bu \u00f6nlemler zaman zaman ekonomik ba\u011flar\u0131 germi\u015f ancak m\u00fczakerelere ve \u00e7\u00f6z\u00fcmlere de yol a\u00e7m\u0131\u015ft\u0131r.<\/li>\n\n\n\n<li>B\u00f6lgesel \u0130\u015fbirli\u011fi: Her iki \u00fclke de Orta Do\u011fu ve \u00f6tesindeki ekonomik giri\u015fimlerde i\u015fbirli\u011fi yapmaktad\u0131r. Dolay\u0131s\u0131yla T\u00fcrkiye\u2019nin Avrupa ve Asya aras\u0131nda bir k\u00f6pr\u00fc olma konumundan yararlanmaktad\u0131r.<\/li>\n<\/ol>\n\n\n\n<p>T\u00fcrkiye ve Amerika Birle\u015fik Devletleri, nadir minerallere artan bir ilgi duymaktad\u0131r. Bunun nedeni bu minerallerin \u00f6zellikle teknoloji, savunma ve temiz enerji alanlar\u0131ndaki \u00f6nemleridir. \u0130\u015fte baz\u0131 \u00f6nemli noktalar:<\/p>\n\n\n\n<ol>\n<li>T\u00fcrkiye\u2019nin Nadir Mineral Rezervleri: T\u00fcrkiye, Eski\u015fehir\u2019de d\u00fcnyan\u0131n en b\u00fcy\u00fck nadir toprak element rezervlerinden birini ke\u015ffetti. Bu yatak, n\u00fckleer teknoloji ve ileri \u00fcretim i\u00e7in kritik \u00f6neme sahip mineraller i\u00e7eriyor. \u00d6rne\u011fin toryum, florit ve barit gibi.<\/li>\n\n\n\n<li>Stratejik Ortakl\u0131klar: T\u00fcrkiye yak\u0131n zamanda, ABD liderli\u011findeki bir giri\u015fim olan Mineral G\u00fcvenlik Ortakl\u0131\u011f\u0131\u2019na (MSP) kat\u0131ld\u0131. Bu giri\u015fim, nadir toprak mineralleri i\u00e7in k\u00fcresel tedarik zincirlerini \u00e7e\u015fitlendirmeyi ama\u00e7l\u0131yor. Bu i\u015f birli\u011fi, nadir toprak pazar\u0131nda \u00c7in\u2019in h\u00e2kimiyetini azaltmada, T\u00fcrkiye\u2019yi kilit bir oyuncu konumuna getiriyor.<\/li>\n\n\n\n<li>\u00dcretim Hedefleri: T\u00fcrkiye, y\u0131ll\u0131k olarak \u00f6nemli miktarda nadir toprak oksitleri \u00fcretmeyi hedefliyor. Bu \u00fcretim savunma ve temiz enerji de d\u00e2hil olmak \u00fczere ABD end\u00fcstrilerine fayda sa\u011flayabilecektir.<\/li>\n\n\n\n<li>Jeopolitik Etkiler: T\u00fcrkiye\u2019nin nadir toprak \u00fcretimine kat\u0131l\u0131m\u0131, ABD\u2019nin kritik mineralleri g\u00fcvence alt\u0131na alma ve k\u00fcresel rekabet ortam\u0131nda tedarik zincirlerini g\u00fc\u00e7lendirme \u00e7abalar\u0131yla uyumludur.<\/li>\n<\/ol>\n\n\n\n<h3 class=\"wp-block-heading\"><strong>T\u00fcrkiye\u2019nin Suriye\u2019deki Etkisi<\/strong><\/h3>\n\n\n\n<p>T\u00fcrkiye, Suriye\u2019deki \u00e7at\u0131\u015fmalarda, \u00f6zellikle de Be\u015far Esad rejimine kar\u015f\u0131 muhalefette \u00f6nemli bir rol oynam\u0131\u015ft\u0131r. Aral\u0131k 2024\u2019te Esad h\u00fck\u00fcmetinin Suriyeli muhalif g\u00fc\u00e7lerin eline ge\u00e7mesi, b\u00f6lgede b\u00fcy\u00fck bir de\u011fi\u015fime i\u015faret etti. T\u00fcrkiye\u2019nin m\u00fcdahalesi, isyanc\u0131 gruplar\u0131 desteklemeyi ve Suriye\u2019nin kuzeyinde askeri varl\u0131\u011f\u0131n\u0131 s\u00fcrd\u00fcrmeyi i\u00e7eriyordu. Bu kat\u0131l\u0131m da sonucun \u015fekillenmesine yard\u0131mc\u0131 oldu. Bu durum, T\u00fcrkiye\u2019nin s\u0131n\u0131r\u0131na yak\u0131n K\u00fcrt g\u00fc\u00e7lerine kar\u015f\u0131 koyma ve Suriye\u2019nin gelece\u011fini etkileme hedefiyle uyumludur.<\/p>\n\n\n\n<p>Esad\u2019\u0131n d\u00fc\u015f\u00fc\u015f\u00fc T\u00fcrkiye\u2019nin b\u00f6lgedeki etkisini art\u0131rd\u0131. Ancak ayn\u0131 zamanda \u00e7e\u015fitli stratejik zorluklar da ortaya \u00e7\u0131kard\u0131. Bu zorluklar aras\u0131nda, muhalif gruplarla ili\u015fkileri y\u00f6netmek ve Suriyeli m\u00fcltecilerin endi\u015felerini gidermek say\u0131labilir.<\/p>\n\n\n\n<p>Suriye\u2019deki az\u0131nl\u0131klar\u0131n korunmas\u0131, kritik bir zorluk olmaya devam etmektedir. Buna \u00f6zellikle Suriye \u0130\u00e7 Sava\u015f\u0131 ve Be\u015far Esad rejiminin yak\u0131n zamanda d\u00fc\u015fmesi neden olmu\u015ftur. \u0130\u015fte baz\u0131 \u00f6nemli geli\u015fmeler:<\/p>\n\n\n\n<ol>\n<li>Az\u0131nl\u0131klara Y\u00f6nelik \u015eiddet: Son \u00e7at\u0131\u015fmalar, az\u0131nl\u0131k gruplar\u0131 aras\u0131nda \u00f6nemli kay\u0131plara yol a\u00e7t\u0131. H\u0131ristiyanlar ve Alevilerin de d\u00e2hil oldu\u011fu bu topluluklar, hedefli \u015fiddete maruz kald\u0131lar. Ayr\u0131ca katland\u0131klar\u0131 risklerin devam etti\u011finin alt\u0131n\u0131 \u00e7izmi\u015flerdir.<\/li>\n\n\n\n<li>Uluslararas\u0131 K\u0131nama: ABD ve di\u011fer uluslar, Suriye\u2019nin dini ve etnik az\u0131nl\u0131klar\u0131na y\u00f6nelik sald\u0131r\u0131lar\u0131n\u0131 k\u0131nad\u0131. Bu savunmas\u0131z gruplar\u0131n korunmas\u0131 i\u00e7in hesap verme ve tedbir \u00e7a\u011fr\u0131s\u0131nda bulundular.<\/li>\n\n\n\n<li>Ge\u00e7ici H\u00fck\u00fcmetin Vaatleri: Suriye\u2019nin ge\u00e7ici y\u00f6netimi, t\u00fcm topluluklara ve ba\u011fl\u0131l\u0131klara sayg\u0131 g\u00f6sterme s\u00f6z\u00fc verdi. Ancak \u015fiddet olaylar\u0131, h\u00fck\u00fcmetin az\u0131nl\u0131klar i\u00e7in g\u00fcvenlik ve istikrar\u0131 sa\u011flama yetene\u011fi konusunda endi\u015felere yol a\u00e7\u0131yor.<\/li>\n<\/ol>\n\n\n\n<h3 class=\"wp-block-heading\"><strong>Suriye \u0130\u00e7in Stratejiler<\/strong><\/h3>\n\n\n\n<p>Suriye\u2019deki az\u0131nl\u0131klar\u0131n korunmas\u0131, \u00e7ok y\u00f6nl\u00fc bir yakla\u015f\u0131m gerektirmektedir. Hem acil g\u00fcvenlik endi\u015felerini, hem de uzun vadeli istikrar\u0131 g\u00f6zeten bir yakla\u015f\u0131m i\u00e7in baz\u0131 stratejiler:<\/p>\n\n\n\n<ol>\n<li>Uluslararas\u0131 G\u00f6zetim: Uluslararas\u0131 izleme organlar\u0131 kurmak. Bunlar, az\u0131nl\u0131klara y\u00f6nelik muameleyi denetlemek ve insan haklar\u0131 ihlalleri konusunda hesap verebilirli\u011fi sa\u011flamakla g\u00f6revli olmal\u0131d\u0131r.<\/li>\n\n\n\n<li>Yasal Koruma: E\u015fit hak ve yasal korumay\u0131 garanti eden yasalar\u0131 y\u00fcr\u00fcrl\u00fc\u011fe koymak ve uygulamak. Bu yasalar, iktidardaki h\u00fck\u00fcmetten ba\u011f\u0131ms\u0131z olmal\u0131; ayr\u0131ca t\u00fcm etnik ve dini gruplar\u0131 kapsamal\u0131d\u0131r.<\/li>\n\n\n\n<li>Merkezden Ba\u011f\u0131ms\u0131z Y\u00f6netim: Baz\u0131 uzmanlar\u0131n \u00f6nerdi\u011fi gibi, federal bir sistemi savunmak. Bu sistem, az\u0131nl\u0131k haklar\u0131na sayg\u0131 g\u00f6stererek \u00e7e\u015fitli b\u00f6lgelerin kendilerini y\u00f6netmelerine izin vermelidir.<\/li>\n\n\n\n<li>Toplumsal Kat\u0131l\u0131m: Farkl\u0131 topluluklar aras\u0131nda diyalog ve i\u015fbirli\u011fini te\u015fvik etmek. B\u00f6ylece g\u00fcveni yeniden in\u015fa etmek ve bir arada ya\u015famay\u0131 desteklemek m\u00fcmk\u00fcn olacakt\u0131r.<\/li>\n\n\n\n<li>\u0130nsani Yard\u0131m: Az\u0131nl\u0131k topluluklar\u0131na e\u011fitim ve hedefe y\u00f6nelik destek sa\u011flamak. Bu desteklere sa\u011fl\u0131k hizmetleri ve ekonomik f\u0131rsatlara eri\u015fim de d\u00e2hil olmal\u0131d\u0131r.<\/li>\n\n\n\n<li>K\u00fcresel Destek: Uluslararas\u0131 ortakl\u0131klardan yararlanmak. B\u00f6ylece az\u0131nl\u0131k haklar\u0131na sayg\u0131 g\u00f6stermeleri i\u00e7in yerel yetkililere ve a\u015f\u0131r\u0131l\u0131k\u00e7\u0131 gruplara bask\u0131 yapmak m\u00fcmk\u00fcn olacakt\u0131r.<\/li>\n<\/ol>\n\n\n\n<p>Suriye\u2019de uzun vadeli bar\u0131\u015f ile etnik ve dini az\u0131nl\u0131klar\u0131n korunmas\u0131 i\u00e7in sek\u00fcler demokrasiye ihtiya\u00e7 vard\u0131r. Ancak Suriye\u2019de sek\u00fcler demokrasiyi te\u015fvik etmek karma\u015f\u0131k bir meydan okumad\u0131r. \u00d6zellikle de n\u00fcfustaki \u00e7e\u015fitlilik ve otoriter y\u00f6netim ge\u00e7mi\u015fi g\u00f6z \u00f6n\u00fcne al\u0131nd\u0131\u011f\u0131nda. \u0130\u015fte yard\u0131mc\u0131 olabilecek baz\u0131 stratejiler:<\/p>\n\n\n\n<ol>\n<li>Kapsay\u0131c\u0131 Y\u00f6netim: T\u00fcm etnik ve dini gruplar\u0131 temsil eden, az\u0131nl\u0131k haklar\u0131n\u0131 g\u00fcvence alt\u0131na alan ve mezhep\u00e7ili\u011fi \u00f6nleyen bir siyasi sistem kurmak.<\/li>\n\n\n\n<li>E\u011fitim Reformu: Sek\u00fcler e\u011fitimi desteklemek. B\u00f6ylece ele\u015ftirel d\u00fc\u015f\u00fcnceyi te\u015fvik etmek ve a\u015f\u0131r\u0131l\u0131k yanl\u0131s\u0131 ideolojilerin etkisini azaltmak m\u00fcmk\u00fcn olacakt\u0131r.<\/li>\n\n\n\n<li>Uluslararas\u0131 Destek: K\u00fcresel ortakl\u0131klardan yararlanmak. B\u00f6ylece demokratik reformlar i\u00e7in mali yard\u0131m, uzmanl\u0131k ve diplomatik destek sa\u011flanabilecektir.<\/li>\n\n\n\n<li>Sivil Toplumun G\u00fc\u00e7lendirilmesi: Demokrasi ve insan haklar\u0131n\u0131 savunan yerel \u00f6rg\u00fctleri ve aktivistleri g\u00fc\u00e7lendirmek.<\/li>\n\n\n\n<li>Yasal \u00c7er\u00e7eveler: \u00d6zg\u00fcrl\u00fckleri, e\u015fitli\u011fi ve dinin devlet i\u015flerinden ayr\u0131lmas\u0131n\u0131 garanti eden anayasal reformlar\u0131 uygulamak.<\/li>\n<\/ol>\n\n\n\n<h3 class=\"wp-block-heading\"><strong>Sek\u00fclerizmin Y\u00fckseli\u015fi<\/strong><\/h3>\n\n\n\n<p>Sek\u00fclerizm, Orta Do\u011fu\u2019nun baz\u0131 b\u00f6lgelerinde geleneksel normlara ve dini h\u00e2kimiyete meydan okuyarak belirgin bir y\u00fckseli\u015f g\u00f6sterdi. Bu de\u011fi\u015fim \u00e7e\u015fitli fakt\u00f6rlerden kaynaklanmaktad\u0131r:<\/p>\n\n\n\n<ol>\n<li>De\u011fi\u015fen Sosyal Tutumlar: Anketler, Orta Do\u011fu \u00fclkelerindeki gen\u00e7 nesiller aras\u0131nda sek\u00fcler kimliklerin artt\u0131\u011f\u0131n\u0131 g\u00f6steriyor. \u00d6zellikle Tunus, L\u00fcbnan ve M\u0131s\u0131r gibi \u00fclkelerde. \u00d6rne\u011fin Tunus\u2019ta dinsiz bireylerde \u00f6nemli bir art\u0131\u015f g\u00f6r\u00fcld\u00fc.<\/li>\n\n\n\n<li>Kentle\u015fme ve Modernle\u015fme: \u015eehirler geni\u015fledik\u00e7e ve toplumlar modernle\u015ftik\u00e7e, sek\u00fcler de\u011ferler genellikle ivme kazan\u0131yor. Ayr\u0131ca bu durum e\u011fitim, y\u00f6netim ve k\u00fclt\u00fcrel uygulamalar\u0131 da etkiliyor.<\/li>\n\n\n\n<li>\u0130slamc\u0131l\u0131kla ilgili hayal k\u0131r\u0131kl\u0131\u011f\u0131: Baz\u0131 b\u00f6lgelerde, \u0130slamc\u0131l\u0131\u011f\u0131n \u00e7ekicili\u011fi azalm\u0131\u015f ve sek\u00fcler ideolojilerin \u00f6n\u00fc a\u00e7\u0131lm\u0131\u015ft\u0131r. Bunda \u0130slamc\u0131 hareketlerin vaatlerini yerine getirememesi etkili olmu\u015ftur.<\/li>\n\n\n\n<li>Yasal ve K\u00fclt\u00fcrel Zorluklar: Y\u00fckseli\u015fe ra\u011fmen, sek\u00fclerizm diren\u00e7le kar\u015f\u0131 kar\u015f\u0131yad\u0131r. Ayr\u0131ca bir\u00e7ok b\u00f6lgede h\u00e2l\u00e2 ateist kar\u015f\u0131t\u0131 yasalar ve k\u00fclt\u00fcrel tabular yayg\u0131nd\u0131r.<\/li>\n<\/ol>\n\n\n\n<p>T\u00fcrkiye\u2019nin diplomatik ve stratejik ili\u015fkileri, \u00f6nemli \u00f6l\u00e7\u00fcde geli\u015fmi\u015ftir. Bu ili\u015fkilerin artan etkisi, hem Avrupa hem de Atlantik \u00f6tesi sahnede g\u00f6r\u00fclmektedir. Chatham House gibi kurumlarda T\u00fcrkiye\u2019nin b\u00f6lgesel istikrardaki rol\u00fc, ekonomik reformlar\u0131 ve NATO i\u00e7indeki konumu s\u0131kl\u0131kla analiz edilmektedir. Bu tart\u0131\u015fmalarda T\u00fcrkiye\u2019nin Suriye krizi gibi sorunlarla m\u00fccadeledeki \u00f6nemi ve \u00e7ok tarafl\u0131 kurumlardaki iddias\u0131 vurgulan\u0131yor.<\/p>\n\n\n\n<p>Atlantik \u00f6tesi cephede ise T\u00fcrkiye\u2019nin Beyaz Saray ile uyumu g\u00fc\u00e7lenmi\u015ftir. Bunda NATO\u2019nun Stratejik Konsepti ve savunma i\u015fbirlikleri gibi giri\u015fimler etkili olmu\u015ftur. T\u00fcrkiye\u2019nin \u0130sve\u00e7\u2019in NATO \u00fcyeli\u011fini onaylamas\u0131 ve Mineral G\u00fcvenlik Ortakl\u0131\u011f\u0131 gibi ABD \u00f6nc\u00fcl\u00fc\u011f\u00fcndeki giri\u015fimlere kat\u0131l\u0131m\u0131, Bat\u0131\u2019n\u0131n \u00f6nceliklerine artan entegrasyonunu vurgulamaktad\u0131r.<\/p>\n\n\n\n<p>Not: <em>Bu yaz\u0131 ilk olarak americanmideast.com\u2019da yay\u0131nlanm\u0131\u015ft\u0131r.<\/em><\/p>\n","protected":false},"excerpt":{"rendered":"<p>Yazan: Sal Sayg\u0131n \u015eim\u015fek \/ Connecticut Kuzey Atlantik Antla\u015fmas\u0131 \u00d6rg\u00fct\u00fc NATO, son y\u0131llarda \u00e7e\u015fitli zorluklarla kar\u015f\u0131 kar\u015f\u0131ya kald\u0131. Hakk\u0131nda \u00e7\u0131kan tart\u0131\u015fmalar, \u00f6rg\u00fct\u00fcn uygun olup olmad\u0131\u011f\u0131, finansman\u0131 ve \u00fcye devletlerin ba\u011fl\u0131l\u0131\u011f\u0131 gibi konular\u0131 kaps\u0131yor. Baz\u0131 ele\u015ftirmenler, de\u011fi\u015fen k\u00fcresel dinamiklerin ve i\u00e7 anla\u015fmazl\u0131klar\u0131n, ittifak\u0131 zay\u0131flatt\u0131\u011f\u0131n\u0131 savunuyor. Amerika Birle\u015fik Devletleri, NATO\u2019nun belkemi\u011fidir ve ittifak i\u00e7inde benzersiz bir etkiye [&hellip;]<\/p>\n","protected":false},"author":14007,"featured_media":157889,"comment_status":"closed","ping_status":"open","sticky":false,"template":"","format":"standard","meta":{"_yoast_wpseo_focuskw":"T\u00fcrkiye ve ABD","_yoast_wpseo_title":"","_yoast_wpseo_metadesc":"Bu yaz\u0131, NATO, T\u00fcrkiye ve ABD aras\u0131ndaki ili\u015fkinin siyasi, askeri, ticari, finansal ve jeopolitik y\u00f6nleri ile ilgilidir.","_bbp_topic_count":0,"_bbp_reply_count":0,"_bbp_total_topic_count":0,"_bbp_total_reply_count":0,"_bbp_voice_count":0,"_bbp_anonymous_reply_count":0,"_bbp_topic_count_hidden":0,"_bbp_reply_count_hidden":0,"_bbp_forum_subforum_count":0,"footnotes":"","_yoast_wpseo_focuskw_text_input":""},"categories":[10520],"tags":[],"yoast_head":"<!-- This site is optimized with the Yoast SEO plugin v23.0 - https:\/\/yoast.com\/wordpress\/plugins\/seo\/ -->\n<title>NATO, T\u00fcrkiye ve ABD Aras\u0131ndaki \u0130li\u015fki - The Epoch Times TR<\/title>\n<meta name=\"description\" content=\"Bu yaz\u0131, NATO, T\u00fcrkiye ve ABD aras\u0131ndaki ili\u015fkinin siyasi, askeri, ticari, finansal ve jeopolitik y\u00f6nleri ile ilgilidir.\" \/>\n<meta name=\"robots\" content=\"index, follow, max-snippet:-1, max-image-preview:large, max-video-preview:-1\" \/>\n<link rel=\"canonical\" href=\"https:\/\/epochtimestr.com\/index.php\/nato-turkiye-ve-abd-arasindaki-iliski\" \/>\n<meta property=\"og:locale\" content=\"tr_TR\" \/>\n<meta property=\"og:type\" content=\"article\" \/>\n<meta property=\"og:title\" content=\"NATO, T\u00fcrkiye ve ABD Aras\u0131ndaki \u0130li\u015fki - The Epoch Times TR\" \/>\n<meta property=\"og:description\" content=\"Bu yaz\u0131, NATO, T\u00fcrkiye ve ABD aras\u0131ndaki ili\u015fkinin siyasi, askeri, ticari, finansal ve jeopolitik y\u00f6nleri ile ilgilidir.\" \/>\n<meta property=\"og:url\" content=\"https:\/\/epochtimestr.com\/index.php\/nato-turkiye-ve-abd-arasindaki-iliski\" \/>\n<meta property=\"og:site_name\" content=\"The Epoch Times TR\" \/>\n<meta property=\"article:publisher\" content=\"https:\/\/www.facebook.com\/theepochtimestr\" \/>\n<meta property=\"article:published_time\" content=\"2025-04-25T08:13:04+00:00\" \/>\n<meta property=\"article:modified_time\" content=\"2026-01-30T20:47:31+00:00\" \/>\n<meta property=\"og:image\" content=\"https:\/\/epochtimestr.com\/wp-content\/uploads\/2011y\/Saygin-Simsek-SM.png\" \/>\n\t<meta property=\"og:image:width\" content=\"1200\" \/>\n\t<meta property=\"og:image:height\" content=\"630\" \/>\n\t<meta property=\"og:image:type\" content=\"image\/png\" \/>\n<meta name=\"author\" content=\"Sal Sayg\u0131n \u015eim\u015fek\" \/>\n<meta name=\"twitter:card\" content=\"summary_large_image\" \/>\n<meta name=\"twitter:creator\" content=\"@TheEpochTimesTR\" \/>\n<meta name=\"twitter:site\" content=\"@TheEpochTimesTR\" \/>\n<meta name=\"twitter:label1\" content=\"Yazan:\" \/>\n\t<meta name=\"twitter:data1\" content=\"Sal Sayg\u0131n \u015eim\u015fek\" \/>\n\t<meta name=\"twitter:label2\" content=\"Tahmini okuma s\u00fcresi\" \/>\n\t<meta name=\"twitter:data2\" content=\"10 dakika\" \/>\n<script type=\"application\/ld+json\" class=\"yoast-schema-graph\">{\"@context\":\"https:\/\/schema.org\",\"@graph\":[{\"@type\":\"Article\",\"@id\":\"https:\/\/epochtimestr.com\/index.php\/nato-turkiye-ve-abd-arasindaki-iliski#article\",\"isPartOf\":{\"@id\":\"https:\/\/epochtimestr.com\/index.php\/nato-turkiye-ve-abd-arasindaki-iliski\"},\"author\":{\"name\":\"Sal Sayg\u0131n \u015eim\u015fek\",\"@id\":\"https:\/\/epochtimestr.com\/#\/schema\/person\/08bbb947ae6f5993c4885905dff4c451\"},\"headline\":\"NATO, T\u00fcrkiye ve ABD Aras\u0131ndaki \u0130li\u015fki\",\"datePublished\":\"2025-04-25T08:13:04+00:00\",\"dateModified\":\"2026-01-30T20:47:31+00:00\",\"mainEntityOfPage\":{\"@id\":\"https:\/\/epochtimestr.com\/index.php\/nato-turkiye-ve-abd-arasindaki-iliski\"},\"wordCount\":2286,\"publisher\":{\"@id\":\"https:\/\/epochtimestr.com\/#organization\"},\"image\":{\"@id\":\"https:\/\/epochtimestr.com\/index.php\/nato-turkiye-ve-abd-arasindaki-iliski#primaryimage\"},\"thumbnailUrl\":\"https:\/\/epochtimestr.com\/wp-content\/uploads\/2011y\/Sal-Saygin-Simsek.png\",\"articleSection\":[\"K\u00f6\u015fe Yaz\u0131lar\u0131 Sal Sayg\u0131n \u015eim\u015fek\"],\"inLanguage\":\"tr\"},{\"@type\":\"WebPage\",\"@id\":\"https:\/\/epochtimestr.com\/index.php\/nato-turkiye-ve-abd-arasindaki-iliski\",\"url\":\"https:\/\/epochtimestr.com\/index.php\/nato-turkiye-ve-abd-arasindaki-iliski\",\"name\":\"NATO, T\u00fcrkiye ve ABD Aras\u0131ndaki \u0130li\u015fki - The Epoch Times TR\",\"isPartOf\":{\"@id\":\"https:\/\/epochtimestr.com\/#website\"},\"primaryImageOfPage\":{\"@id\":\"https:\/\/epochtimestr.com\/index.php\/nato-turkiye-ve-abd-arasindaki-iliski#primaryimage\"},\"image\":{\"@id\":\"https:\/\/epochtimestr.com\/index.php\/nato-turkiye-ve-abd-arasindaki-iliski#primaryimage\"},\"thumbnailUrl\":\"https:\/\/epochtimestr.com\/wp-content\/uploads\/2011y\/Sal-Saygin-Simsek.png\",\"datePublished\":\"2025-04-25T08:13:04+00:00\",\"dateModified\":\"2026-01-30T20:47:31+00:00\",\"description\":\"Bu yaz\u0131, NATO, T\u00fcrkiye ve ABD aras\u0131ndaki ili\u015fkinin siyasi, askeri, ticari, finansal ve jeopolitik y\u00f6nleri ile ilgilidir.\",\"inLanguage\":\"tr\",\"potentialAction\":[{\"@type\":\"ReadAction\",\"target\":[\"https:\/\/epochtimestr.com\/index.php\/nato-turkiye-ve-abd-arasindaki-iliski\"]}]},{\"@type\":\"ImageObject\",\"inLanguage\":\"tr\",\"@id\":\"https:\/\/epochtimestr.com\/index.php\/nato-turkiye-ve-abd-arasindaki-iliski#primaryimage\",\"url\":\"https:\/\/epochtimestr.com\/wp-content\/uploads\/2011y\/Sal-Saygin-Simsek.png\",\"contentUrl\":\"https:\/\/epochtimestr.com\/wp-content\/uploads\/2011y\/Sal-Saygin-Simsek.png\",\"width\":600,\"height\":600},{\"@type\":\"WebSite\",\"@id\":\"https:\/\/epochtimestr.com\/#website\",\"url\":\"https:\/\/epochtimestr.com\/\",\"name\":\"The Epoch Times TR\",\"description\":\"De\u011fi\u015fen D\u00fcnyam\u0131za Taze Bir Bak\u0131\u015f\",\"publisher\":{\"@id\":\"https:\/\/epochtimestr.com\/#organization\"},\"potentialAction\":[{\"@type\":\"SearchAction\",\"target\":{\"@type\":\"EntryPoint\",\"urlTemplate\":\"https:\/\/epochtimestr.com\/?s={search_term_string}\"},\"query-input\":\"required name=search_term_string\"}],\"inLanguage\":\"tr\"},{\"@type\":\"Organization\",\"@id\":\"https:\/\/epochtimestr.com\/#organization\",\"name\":\"The EpochTimes T\u00fcrkiye\",\"url\":\"https:\/\/epochtimestr.com\/\",\"logo\":{\"@type\":\"ImageObject\",\"inLanguage\":\"tr\",\"@id\":\"https:\/\/epochtimestr.com\/#\/schema\/logo\/image\/\",\"url\":\"https:\/\/epochtimestr.com\/wp-content\/uploads\/2011y\/ET-Logo-YG.jpg\",\"contentUrl\":\"https:\/\/epochtimestr.com\/wp-content\/uploads\/2011y\/ET-Logo-YG.jpg\",\"width\":346,\"height\":29,\"caption\":\"The EpochTimes T\u00fcrkiye\"},\"image\":{\"@id\":\"https:\/\/epochtimestr.com\/#\/schema\/logo\/image\/\"},\"sameAs\":[\"https:\/\/www.facebook.com\/theepochtimestr\",\"https:\/\/x.com\/TheEpochTimesTR\",\"https:\/\/www.instagram.com\/epochtimestr\"]},{\"@type\":\"Person\",\"@id\":\"https:\/\/epochtimestr.com\/#\/schema\/person\/08bbb947ae6f5993c4885905dff4c451\",\"name\":\"Sal Sayg\u0131n \u015eim\u015fek\",\"image\":{\"@type\":\"ImageObject\",\"inLanguage\":\"tr\",\"@id\":\"https:\/\/epochtimestr.com\/#\/schema\/person\/image\/\",\"url\":\"https:\/\/secure.gravatar.com\/avatar\/0de3fcdb17fb559c34b4c2847eebc04b?s=96&d=mm&r=g\",\"contentUrl\":\"https:\/\/secure.gravatar.com\/avatar\/0de3fcdb17fb559c34b4c2847eebc04b?s=96&d=mm&r=g\",\"caption\":\"Sal Sayg\u0131n \u015eim\u015fek\"},\"url\":\"https:\/\/epochtimestr.com\/index.php\/author\/sal\"}]}<\/script>\n<!-- \/ Yoast SEO plugin. -->","yoast_head_json":{"title":"NATO, T\u00fcrkiye ve ABD Aras\u0131ndaki \u0130li\u015fki - The Epoch Times TR","description":"Bu yaz\u0131, NATO, T\u00fcrkiye ve ABD aras\u0131ndaki ili\u015fkinin siyasi, askeri, ticari, finansal ve jeopolitik y\u00f6nleri ile ilgilidir.","robots":{"index":"index","follow":"follow","max-snippet":"max-snippet:-1","max-image-preview":"max-image-preview:large","max-video-preview":"max-video-preview:-1"},"canonical":"https:\/\/epochtimestr.com\/index.php\/nato-turkiye-ve-abd-arasindaki-iliski","og_locale":"tr_TR","og_type":"article","og_title":"NATO, T\u00fcrkiye ve ABD Aras\u0131ndaki \u0130li\u015fki - The Epoch Times TR","og_description":"Bu yaz\u0131, NATO, T\u00fcrkiye ve ABD aras\u0131ndaki ili\u015fkinin siyasi, askeri, ticari, finansal ve jeopolitik y\u00f6nleri ile ilgilidir.","og_url":"https:\/\/epochtimestr.com\/index.php\/nato-turkiye-ve-abd-arasindaki-iliski","og_site_name":"The Epoch Times TR","article_publisher":"https:\/\/www.facebook.com\/theepochtimestr","article_published_time":"2025-04-25T08:13:04+00:00","article_modified_time":"2026-01-30T20:47:31+00:00","og_image":[{"width":1200,"height":630,"url":"https:\/\/epochtimestr.com\/wp-content\/uploads\/2011y\/Saygin-Simsek-SM.png","type":"image\/png"}],"author":"Sal Sayg\u0131n \u015eim\u015fek","twitter_card":"summary_large_image","twitter_creator":"@TheEpochTimesTR","twitter_site":"@TheEpochTimesTR","twitter_misc":{"Yazan:":"Sal Sayg\u0131n \u015eim\u015fek","Tahmini okuma s\u00fcresi":"10 dakika"},"schema":{"@context":"https:\/\/schema.org","@graph":[{"@type":"Article","@id":"https:\/\/epochtimestr.com\/index.php\/nato-turkiye-ve-abd-arasindaki-iliski#article","isPartOf":{"@id":"https:\/\/epochtimestr.com\/index.php\/nato-turkiye-ve-abd-arasindaki-iliski"},"author":{"name":"Sal Sayg\u0131n \u015eim\u015fek","@id":"https:\/\/epochtimestr.com\/#\/schema\/person\/08bbb947ae6f5993c4885905dff4c451"},"headline":"NATO, T\u00fcrkiye ve ABD Aras\u0131ndaki \u0130li\u015fki","datePublished":"2025-04-25T08:13:04+00:00","dateModified":"2026-01-30T20:47:31+00:00","mainEntityOfPage":{"@id":"https:\/\/epochtimestr.com\/index.php\/nato-turkiye-ve-abd-arasindaki-iliski"},"wordCount":2286,"publisher":{"@id":"https:\/\/epochtimestr.com\/#organization"},"image":{"@id":"https:\/\/epochtimestr.com\/index.php\/nato-turkiye-ve-abd-arasindaki-iliski#primaryimage"},"thumbnailUrl":"https:\/\/epochtimestr.com\/wp-content\/uploads\/2011y\/Sal-Saygin-Simsek.png","articleSection":["K\u00f6\u015fe Yaz\u0131lar\u0131 Sal Sayg\u0131n \u015eim\u015fek"],"inLanguage":"tr"},{"@type":"WebPage","@id":"https:\/\/epochtimestr.com\/index.php\/nato-turkiye-ve-abd-arasindaki-iliski","url":"https:\/\/epochtimestr.com\/index.php\/nato-turkiye-ve-abd-arasindaki-iliski","name":"NATO, T\u00fcrkiye ve ABD Aras\u0131ndaki \u0130li\u015fki - The Epoch Times TR","isPartOf":{"@id":"https:\/\/epochtimestr.com\/#website"},"primaryImageOfPage":{"@id":"https:\/\/epochtimestr.com\/index.php\/nato-turkiye-ve-abd-arasindaki-iliski#primaryimage"},"image":{"@id":"https:\/\/epochtimestr.com\/index.php\/nato-turkiye-ve-abd-arasindaki-iliski#primaryimage"},"thumbnailUrl":"https:\/\/epochtimestr.com\/wp-content\/uploads\/2011y\/Sal-Saygin-Simsek.png","datePublished":"2025-04-25T08:13:04+00:00","dateModified":"2026-01-30T20:47:31+00:00","description":"Bu yaz\u0131, NATO, T\u00fcrkiye ve ABD aras\u0131ndaki ili\u015fkinin siyasi, askeri, ticari, finansal ve jeopolitik y\u00f6nleri ile ilgilidir.","inLanguage":"tr","potentialAction":[{"@type":"ReadAction","target":["https:\/\/epochtimestr.com\/index.php\/nato-turkiye-ve-abd-arasindaki-iliski"]}]},{"@type":"ImageObject","inLanguage":"tr","@id":"https:\/\/epochtimestr.com\/index.php\/nato-turkiye-ve-abd-arasindaki-iliski#primaryimage","url":"https:\/\/epochtimestr.com\/wp-content\/uploads\/2011y\/Sal-Saygin-Simsek.png","contentUrl":"https:\/\/epochtimestr.com\/wp-content\/uploads\/2011y\/Sal-Saygin-Simsek.png","width":600,"height":600},{"@type":"WebSite","@id":"https:\/\/epochtimestr.com\/#website","url":"https:\/\/epochtimestr.com\/","name":"The Epoch Times TR","description":"De\u011fi\u015fen D\u00fcnyam\u0131za Taze Bir Bak\u0131\u015f","publisher":{"@id":"https:\/\/epochtimestr.com\/#organization"},"potentialAction":[{"@type":"SearchAction","target":{"@type":"EntryPoint","urlTemplate":"https:\/\/epochtimestr.com\/?s={search_term_string}"},"query-input":"required name=search_term_string"}],"inLanguage":"tr"},{"@type":"Organization","@id":"https:\/\/epochtimestr.com\/#organization","name":"The EpochTimes T\u00fcrkiye","url":"https:\/\/epochtimestr.com\/","logo":{"@type":"ImageObject","inLanguage":"tr","@id":"https:\/\/epochtimestr.com\/#\/schema\/logo\/image\/","url":"https:\/\/epochtimestr.com\/wp-content\/uploads\/2011y\/ET-Logo-YG.jpg","contentUrl":"https:\/\/epochtimestr.com\/wp-content\/uploads\/2011y\/ET-Logo-YG.jpg","width":346,"height":29,"caption":"The EpochTimes T\u00fcrkiye"},"image":{"@id":"https:\/\/epochtimestr.com\/#\/schema\/logo\/image\/"},"sameAs":["https:\/\/www.facebook.com\/theepochtimestr","https:\/\/x.com\/TheEpochTimesTR","https:\/\/www.instagram.com\/epochtimestr"]},{"@type":"Person","@id":"https:\/\/epochtimestr.com\/#\/schema\/person\/08bbb947ae6f5993c4885905dff4c451","name":"Sal Sayg\u0131n \u015eim\u015fek","image":{"@type":"ImageObject","inLanguage":"tr","@id":"https:\/\/epochtimestr.com\/#\/schema\/person\/image\/","url":"https:\/\/secure.gravatar.com\/avatar\/0de3fcdb17fb559c34b4c2847eebc04b?s=96&d=mm&r=g","contentUrl":"https:\/\/secure.gravatar.com\/avatar\/0de3fcdb17fb559c34b4c2847eebc04b?s=96&d=mm&r=g","caption":"Sal Sayg\u0131n \u015eim\u015fek"},"url":"https:\/\/epochtimestr.com\/index.php\/author\/sal"}]}},"_links":{"self":[{"href":"https:\/\/epochtimestr.com\/index.php\/wp-json\/wp\/v2\/posts\/157875"}],"collection":[{"href":"https:\/\/epochtimestr.com\/index.php\/wp-json\/wp\/v2\/posts"}],"about":[{"href":"https:\/\/epochtimestr.com\/index.php\/wp-json\/wp\/v2\/types\/post"}],"author":[{"embeddable":true,"href":"https:\/\/epochtimestr.com\/index.php\/wp-json\/wp\/v2\/users\/14007"}],"replies":[{"embeddable":true,"href":"https:\/\/epochtimestr.com\/index.php\/wp-json\/wp\/v2\/comments?post=157875"}],"version-history":[{"count":4,"href":"https:\/\/epochtimestr.com\/index.php\/wp-json\/wp\/v2\/posts\/157875\/revisions"}],"predecessor-version":[{"id":157890,"href":"https:\/\/epochtimestr.com\/index.php\/wp-json\/wp\/v2\/posts\/157875\/revisions\/157890"}],"wp:featuredmedia":[{"embeddable":true,"href":"https:\/\/epochtimestr.com\/index.php\/wp-json\/wp\/v2\/media\/157889"}],"wp:attachment":[{"href":"https:\/\/epochtimestr.com\/index.php\/wp-json\/wp\/v2\/media?parent=157875"}],"wp:term":[{"taxonomy":"category","embeddable":true,"href":"https:\/\/epochtimestr.com\/index.php\/wp-json\/wp\/v2\/categories?post=157875"},{"taxonomy":"post_tag","embeddable":true,"href":"https:\/\/epochtimestr.com\/index.php\/wp-json\/wp\/v2\/tags?post=157875"}],"curies":[{"name":"wp","href":"https:\/\/api.w.org\/{rel}","templated":true}]}}