{"id":158621,"date":"2025-05-26T17:57:01","date_gmt":"2025-05-26T14:57:01","guid":{"rendered":"https:\/\/epochtimestr.com\/?p=158621"},"modified":"2025-05-26T19:21:39","modified_gmt":"2025-05-26T16:21:39","slug":"gurbulakta-764-kilo-likit-metamfetamin-ele-gecirildi","status":"publish","type":"post","link":"https:\/\/epochtimestr.com\/index.php\/gurbulakta-764-kilo-likit-metamfetamin-ele-gecirildi","title":{"rendered":"G\u00fcrbulak&#8217;ta 764 Kilo Likit Metamfetamin Ele Ge\u00e7irildi"},"content":{"rendered":"<div class=\"wp-block-image\">\n<figure class=\"aligncenter size-full\"><img loading=\"lazy\" decoding=\"async\" width=\"1280\" height=\"724\" src=\"https:\/\/epochtimestr.com\/wp-content\/uploads\/2011y\/IMG_3906.jpeg\" alt=\"G\u00fcrbulak'ta 764 Kilo Likit Metamfetamin Ele Ge\u00e7irildi\" class=\"wp-image-158623\" srcset=\"https:\/\/epochtimestr.com\/wp-content\/uploads\/2011y\/IMG_3906.jpeg 1280w, https:\/\/epochtimestr.com\/wp-content\/uploads\/2011y\/IMG_3906-300x170.jpeg 300w, https:\/\/epochtimestr.com\/wp-content\/uploads\/2011y\/IMG_3906-150x85.jpeg 150w, https:\/\/epochtimestr.com\/wp-content\/uploads\/2011y\/IMG_3906-768x434.jpeg 768w\" sizes=\"(max-width: 1280px) 100vw, 1280px\" \/><figcaption class=\"wp-element-caption\">G\u00fcrbulak&#8217;ta 764 Kilo Likit Metamfetamin Ele Ge\u00e7irildi<\/figcaption><\/figure><\/div>\n\n\n<p class=\"has-text-align-left\">Metamfetamin operasyonu s\u0131ras\u0131nda Ticaret Bakanl\u0131\u011f\u0131 <a href=\"https:\/\/epochtimestr.com\/index.php\/ticaret-bakanligindan-24-saatte-dev-operasyon\" target=\"_blank\" rel=\"noreferrer noopener\">G\u00fcmr\u00fckler Muhafaza Ekipleri<\/a>, A\u011fr\u0131 G\u00fcrbulak G\u00fcmr\u00fck Kap\u0131s\u0131&#8217;nda b\u00fcy\u00fck ba\u015far\u0131 g\u00f6sterdiler.<\/p>\n\n\n\n<p class=\"has-text-align-left\">Bu operasyonda ekipler, yakla\u015f\u0131k 764 kilo likit metamfetamin t\u00fcr\u00fc uyu\u015fturucu maddeyi ba\u015far\u0131yla ele ge\u00e7irdi.<br \/>Yetkililer ayr\u0131ca, ele ge\u00e7irilen maddenin piyasa de\u011ferini yakla\u015f\u0131k 2 milyar 768 milyon TL olarak hesaplad\u0131. Uyu\u015fturucu ka\u00e7ak\u00e7\u0131l\u0131\u011f\u0131na kar\u015f\u0131 s\u00fcrd\u00fcr\u00fclen m\u00fccadele kapsam\u0131nda, ekipler T\u00fcrkiye\u2019ye giri\u015f yapmak isteyen bir TIR\u2019\u0131 inceledi.<br \/>G\u00f6revli memurlar, riskli olarak de\u011ferlendirdikleri arac\u0131 ileri tetkik i\u00e7in X-Ray taramas\u0131na y\u00f6nlendirdi.<\/p>\n\n\n\n<p class=\"has-text-align-left\">Ara\u00e7 ve Konteyner Tarama Sistemi&#8217;nden elde edilen g\u00f6r\u00fcnt\u00fcy\u00fc uzman personel dikkatlice analiz etti. Analiz sonucunda, arac\u0131n yak\u0131t deposunda \u015f\u00fcpheli yo\u011funluk i\u00e7eren bir g\u00f6r\u00fcnt\u00fc tespit ettiler. Ard\u0131ndan, \u015f\u00fcpheli alandan ald\u0131klar\u0131 numuneyi el tipi uyu\u015fturucu tespit cihaz\u0131yla teste tabi tuttular.<\/p>\n\n\n\n<p class=\"has-text-align-left\">Test sonucunda, numunenin metamfetamin t\u00fcr\u00fc uyu\u015fturucu madde i\u00e7erdi\u011fini net bir \u015fekilde belirlediler. G\u00fcmr\u00fck Muhafaza Ka\u00e7ak\u00e7\u0131l\u0131k ve \u0130stihbarat M\u00fcd\u00fcrl\u00fc\u011f\u00fc personeli, bu ba\u015far\u0131l\u0131 operasyonu kendi \u00e7abalar\u0131yla tamamlad\u0131.<br \/>G\u00f6revliler, ele ge\u00e7irilen maddenin de\u011ferini detayl\u0131 bir de\u011ferlendirme ile 2 milyar 768 milyon TL olarak bildirdi.<\/p>\n\n\n\n<p class=\"has-text-align-left\">Do\u011fubayaz\u0131t Cumhuriyet Ba\u015fsavc\u0131l\u0131\u011f\u0131, olayla ilgili adli s\u00fcreci yak\u0131ndan takip ederek soru\u015fturmay\u0131 s\u00fcrd\u00fcrmektedir. Ayn\u0131 d\u00f6nemde, G\u00fcmr\u00fckler Muhafaza Ekipleri d\u00f6rt g\u00fcn boyunca farkl\u0131 noktalarda benzer operasyonlar y\u00fcr\u00fctt\u00fc.<br \/>Bu operasyonlar kapsam\u0131nda, Ambarl\u0131 Liman\u0131\u2019nda 279 kilo esrar maddesini kontroll\u00fc \u015fekilde ele ge\u00e7irdiler. <\/p>\n\n\n\n<p class=\"has-text-align-left\">Kap\u0131kule G\u00fcmr\u00fck Kap\u0131s\u0131\u2019nda da yine ba\u015far\u0131l\u0131 bir operasyonla 382 kilo esrar maddesini yakalad\u0131lar. Dilucu G\u00fcmr\u00fck Kap\u0131s\u0131\u2019nda g\u00f6revli memurlar, 691 kilo metamfetamin ele ge\u00e7irerek b\u00fcy\u00fck bir ba\u015far\u0131 elde etti. <\/p>\n\n\n\n<p class=\"has-text-align-left\">G\u00fcrbulak G\u00fcmr\u00fck Kap\u0131s\u0131\u2019ndaki operasyonla birlikte ekipler toplamda 2 ton 116 kilo uyu\u015fturucuya ula\u015ft\u0131. Uzmanlar, bu uyu\u015fturucular\u0131n toplam piyasa de\u011ferini yakla\u015f\u0131k 5 milyar 250 milyon TL olarak a\u00e7\u0131klad\u0131.<\/p>\n","protected":false},"excerpt":{"rendered":"<p>Metamfetamin operasyonu s\u0131ras\u0131nda Ticaret Bakanl\u0131\u011f\u0131 G\u00fcmr\u00fckler Muhafaza Ekipleri, A\u011fr\u0131 G\u00fcrbulak G\u00fcmr\u00fck Kap\u0131s\u0131&#8217;nda b\u00fcy\u00fck ba\u015far\u0131 g\u00f6sterdiler. Bu operasyonda ekipler, yakla\u015f\u0131k 764 kilo likit metamfetamin t\u00fcr\u00fc uyu\u015fturucu maddeyi ba\u015far\u0131yla ele ge\u00e7irdi.Yetkililer ayr\u0131ca, ele ge\u00e7irilen maddenin piyasa de\u011ferini yakla\u015f\u0131k 2 milyar 768 milyon TL olarak hesaplad\u0131. Uyu\u015fturucu ka\u00e7ak\u00e7\u0131l\u0131\u011f\u0131na kar\u015f\u0131 s\u00fcrd\u00fcr\u00fclen m\u00fccadele kapsam\u0131nda, ekipler T\u00fcrkiye\u2019ye giri\u015f yapmak isteyen bir [&hellip;]<\/p>\n","protected":false},"author":12791,"featured_media":158623,"comment_status":"closed","ping_status":"open","sticky":false,"template":"","format":"standard","meta":{"_yoast_wpseo_focuskw":"Metamfetamin","_yoast_wpseo_title":"","_yoast_wpseo_metadesc":"Ticaret Bakanl\u0131\u011f\u0131 G\u00fcmr\u00fckler Muhafaza Ekipleri, A\u011fr\u0131 G\u00fcrbulak G\u00fcmr\u00fck Kap\u0131s\u0131'ndaki operasyonda, 764 kilo likit metamfetamin ele ge\u00e7irdi.","_bbp_topic_count":0,"_bbp_reply_count":0,"_bbp_total_topic_count":0,"_bbp_total_reply_count":0,"_bbp_voice_count":0,"_bbp_anonymous_reply_count":0,"_bbp_topic_count_hidden":0,"_bbp_reply_count_hidden":0,"_bbp_forum_subforum_count":0,"footnotes":"","_yoast_wpseo_focuskw_text_input":""},"categories":[1,8138,60],"tags":[],"yoast_head":"<!-- This site is optimized with the Yoast SEO plugin v23.0 - https:\/\/yoast.com\/wordpress\/plugins\/seo\/ -->\n<title>G\u00fcrbulak&#039;ta 764 Kilo Likit Metamfetamin Ele Ge\u00e7irildi - The Epoch Times TR<\/title>\n<meta name=\"description\" content=\"Ticaret Bakanl\u0131\u011f\u0131 G\u00fcmr\u00fckler Muhafaza Ekipleri, A\u011fr\u0131 G\u00fcrbulak G\u00fcmr\u00fck Kap\u0131s\u0131&#039;ndaki operasyonda, 764 kilo likit metamfetamin ele ge\u00e7irdi.\" \/>\n<meta name=\"robots\" content=\"index, follow, max-snippet:-1, max-image-preview:large, max-video-preview:-1\" \/>\n<link rel=\"canonical\" href=\"https:\/\/epochtimestr.com\/index.php\/gurbulakta-764-kilo-likit-metamfetamin-ele-gecirildi\" \/>\n<meta property=\"og:locale\" content=\"tr_TR\" \/>\n<meta property=\"og:type\" content=\"article\" \/>\n<meta property=\"og:title\" content=\"G\u00fcrbulak&#039;ta 764 Kilo Likit Metamfetamin Ele Ge\u00e7irildi - The Epoch Times TR\" \/>\n<meta property=\"og:description\" content=\"Ticaret Bakanl\u0131\u011f\u0131 G\u00fcmr\u00fckler Muhafaza Ekipleri, A\u011fr\u0131 G\u00fcrbulak G\u00fcmr\u00fck Kap\u0131s\u0131&#039;ndaki operasyonda, 764 kilo likit metamfetamin ele ge\u00e7irdi.\" \/>\n<meta property=\"og:url\" content=\"https:\/\/epochtimestr.com\/index.php\/gurbulakta-764-kilo-likit-metamfetamin-ele-gecirildi\" \/>\n<meta property=\"og:site_name\" content=\"The Epoch Times TR\" \/>\n<meta property=\"article:publisher\" content=\"https:\/\/www.facebook.com\/theepochtimestr\" \/>\n<meta property=\"article:published_time\" content=\"2025-05-26T14:57:01+00:00\" \/>\n<meta property=\"article:modified_time\" content=\"2025-05-26T16:21:39+00:00\" \/>\n<meta property=\"og:image\" content=\"https:\/\/epochtimestr.com\/wp-content\/uploads\/2011y\/IMG_3906.jpeg\" \/>\n\t<meta property=\"og:image:width\" content=\"1280\" \/>\n\t<meta property=\"og:image:height\" content=\"724\" \/>\n\t<meta property=\"og:image:type\" content=\"image\/jpeg\" \/>\n<meta name=\"author\" content=\"Haber Merkezi\" \/>\n<meta name=\"twitter:card\" content=\"summary_large_image\" \/>\n<meta name=\"twitter:creator\" content=\"@TheEpochTimesTR\" \/>\n<meta name=\"twitter:site\" content=\"@TheEpochTimesTR\" \/>\n<meta name=\"twitter:label1\" content=\"Yazan:\" \/>\n\t<meta name=\"twitter:data1\" content=\"Haber Merkezi\" \/>\n\t<meta name=\"twitter:label2\" content=\"Tahmini okuma s\u00fcresi\" \/>\n\t<meta name=\"twitter:data2\" content=\"2 dakika\" \/>\n<script type=\"application\/ld+json\" class=\"yoast-schema-graph\">{\"@context\":\"https:\/\/schema.org\",\"@graph\":[{\"@type\":\"Article\",\"@id\":\"https:\/\/epochtimestr.com\/index.php\/gurbulakta-764-kilo-likit-metamfetamin-ele-gecirildi#article\",\"isPartOf\":{\"@id\":\"https:\/\/epochtimestr.com\/index.php\/gurbulakta-764-kilo-likit-metamfetamin-ele-gecirildi\"},\"author\":{\"name\":\"Haber Merkezi\",\"@id\":\"https:\/\/epochtimestr.com\/#\/schema\/person\/3dc5c3adeb9f43923c5aa85889172fdd\"},\"headline\":\"G\u00fcrbulak&#8217;ta 764 Kilo Likit Metamfetamin Ele Ge\u00e7irildi\",\"datePublished\":\"2025-05-26T14:57:01+00:00\",\"dateModified\":\"2025-05-26T16:21:39+00:00\",\"mainEntityOfPage\":{\"@id\":\"https:\/\/epochtimestr.com\/index.php\/gurbulakta-764-kilo-likit-metamfetamin-ele-gecirildi\"},\"wordCount\":365,\"publisher\":{\"@id\":\"https:\/\/epochtimestr.com\/#organization\"},\"image\":{\"@id\":\"https:\/\/epochtimestr.com\/index.php\/gurbulakta-764-kilo-likit-metamfetamin-ele-gecirildi#primaryimage\"},\"thumbnailUrl\":\"https:\/\/epochtimestr.com\/wp-content\/uploads\/2011y\/IMG_3906.jpeg\",\"articleSection\":[\"G\u00dcNDEM\",\"MAN\u015eET\",\"Taslak'da b\u0131rak\"],\"inLanguage\":\"tr\"},{\"@type\":\"WebPage\",\"@id\":\"https:\/\/epochtimestr.com\/index.php\/gurbulakta-764-kilo-likit-metamfetamin-ele-gecirildi\",\"url\":\"https:\/\/epochtimestr.com\/index.php\/gurbulakta-764-kilo-likit-metamfetamin-ele-gecirildi\",\"name\":\"G\u00fcrbulak'ta 764 Kilo Likit Metamfetamin Ele Ge\u00e7irildi - The Epoch Times TR\",\"isPartOf\":{\"@id\":\"https:\/\/epochtimestr.com\/#website\"},\"primaryImageOfPage\":{\"@id\":\"https:\/\/epochtimestr.com\/index.php\/gurbulakta-764-kilo-likit-metamfetamin-ele-gecirildi#primaryimage\"},\"image\":{\"@id\":\"https:\/\/epochtimestr.com\/index.php\/gurbulakta-764-kilo-likit-metamfetamin-ele-gecirildi#primaryimage\"},\"thumbnailUrl\":\"https:\/\/epochtimestr.com\/wp-content\/uploads\/2011y\/IMG_3906.jpeg\",\"datePublished\":\"2025-05-26T14:57:01+00:00\",\"dateModified\":\"2025-05-26T16:21:39+00:00\",\"description\":\"Ticaret Bakanl\u0131\u011f\u0131 G\u00fcmr\u00fckler Muhafaza Ekipleri, A\u011fr\u0131 G\u00fcrbulak G\u00fcmr\u00fck Kap\u0131s\u0131'ndaki operasyonda, 764 kilo likit metamfetamin ele ge\u00e7irdi.\",\"inLanguage\":\"tr\",\"potentialAction\":[{\"@type\":\"ReadAction\",\"target\":[\"https:\/\/epochtimestr.com\/index.php\/gurbulakta-764-kilo-likit-metamfetamin-ele-gecirildi\"]}]},{\"@type\":\"ImageObject\",\"inLanguage\":\"tr\",\"@id\":\"https:\/\/epochtimestr.com\/index.php\/gurbulakta-764-kilo-likit-metamfetamin-ele-gecirildi#primaryimage\",\"url\":\"https:\/\/epochtimestr.com\/wp-content\/uploads\/2011y\/IMG_3906.jpeg\",\"contentUrl\":\"https:\/\/epochtimestr.com\/wp-content\/uploads\/2011y\/IMG_3906.jpeg\",\"width\":1280,\"height\":724},{\"@type\":\"WebSite\",\"@id\":\"https:\/\/epochtimestr.com\/#website\",\"url\":\"https:\/\/epochtimestr.com\/\",\"name\":\"The Epoch Times TR\",\"description\":\"De\u011fi\u015fen D\u00fcnyam\u0131za Taze Bir Bak\u0131\u015f\",\"publisher\":{\"@id\":\"https:\/\/epochtimestr.com\/#organization\"},\"potentialAction\":[{\"@type\":\"SearchAction\",\"target\":{\"@type\":\"EntryPoint\",\"urlTemplate\":\"https:\/\/epochtimestr.com\/?s={search_term_string}\"},\"query-input\":\"required name=search_term_string\"}],\"inLanguage\":\"tr\"},{\"@type\":\"Organization\",\"@id\":\"https:\/\/epochtimestr.com\/#organization\",\"name\":\"The EpochTimes T\u00fcrkiye\",\"url\":\"https:\/\/epochtimestr.com\/\",\"logo\":{\"@type\":\"ImageObject\",\"inLanguage\":\"tr\",\"@id\":\"https:\/\/epochtimestr.com\/#\/schema\/logo\/image\/\",\"url\":\"https:\/\/epochtimestr.com\/wp-content\/uploads\/2011y\/ET-Logo-YG.jpg\",\"contentUrl\":\"https:\/\/epochtimestr.com\/wp-content\/uploads\/2011y\/ET-Logo-YG.jpg\",\"width\":346,\"height\":29,\"caption\":\"The EpochTimes T\u00fcrkiye\"},\"image\":{\"@id\":\"https:\/\/epochtimestr.com\/#\/schema\/logo\/image\/\"},\"sameAs\":[\"https:\/\/www.facebook.com\/theepochtimestr\",\"https:\/\/x.com\/TheEpochTimesTR\",\"https:\/\/www.instagram.com\/epochtimestr\"]},{\"@type\":\"Person\",\"@id\":\"https:\/\/epochtimestr.com\/#\/schema\/person\/3dc5c3adeb9f43923c5aa85889172fdd\",\"name\":\"Haber Merkezi\",\"image\":{\"@type\":\"ImageObject\",\"inLanguage\":\"tr\",\"@id\":\"https:\/\/epochtimestr.com\/#\/schema\/person\/image\/\",\"url\":\"https:\/\/secure.gravatar.com\/avatar\/d73f772ba5a74f28601361e17c2f93e6?s=96&d=mm&r=g\",\"contentUrl\":\"https:\/\/secure.gravatar.com\/avatar\/d73f772ba5a74f28601361e17c2f93e6?s=96&d=mm&r=g\",\"caption\":\"Haber Merkezi\"},\"url\":\"https:\/\/epochtimestr.com\/index.php\/author\/sendag\"}]}<\/script>\n<!-- \/ Yoast SEO plugin. -->","yoast_head_json":{"title":"G\u00fcrbulak'ta 764 Kilo Likit Metamfetamin Ele Ge\u00e7irildi - The Epoch Times TR","description":"Ticaret Bakanl\u0131\u011f\u0131 G\u00fcmr\u00fckler Muhafaza Ekipleri, A\u011fr\u0131 G\u00fcrbulak G\u00fcmr\u00fck Kap\u0131s\u0131'ndaki operasyonda, 764 kilo likit metamfetamin ele ge\u00e7irdi.","robots":{"index":"index","follow":"follow","max-snippet":"max-snippet:-1","max-image-preview":"max-image-preview:large","max-video-preview":"max-video-preview:-1"},"canonical":"https:\/\/epochtimestr.com\/index.php\/gurbulakta-764-kilo-likit-metamfetamin-ele-gecirildi","og_locale":"tr_TR","og_type":"article","og_title":"G\u00fcrbulak'ta 764 Kilo Likit Metamfetamin Ele Ge\u00e7irildi - The Epoch Times TR","og_description":"Ticaret Bakanl\u0131\u011f\u0131 G\u00fcmr\u00fckler Muhafaza Ekipleri, A\u011fr\u0131 G\u00fcrbulak G\u00fcmr\u00fck Kap\u0131s\u0131'ndaki operasyonda, 764 kilo likit metamfetamin ele ge\u00e7irdi.","og_url":"https:\/\/epochtimestr.com\/index.php\/gurbulakta-764-kilo-likit-metamfetamin-ele-gecirildi","og_site_name":"The Epoch Times TR","article_publisher":"https:\/\/www.facebook.com\/theepochtimestr","article_published_time":"2025-05-26T14:57:01+00:00","article_modified_time":"2025-05-26T16:21:39+00:00","og_image":[{"width":1280,"height":724,"url":"https:\/\/epochtimestr.com\/wp-content\/uploads\/2011y\/IMG_3906.jpeg","type":"image\/jpeg"}],"author":"Haber Merkezi","twitter_card":"summary_large_image","twitter_creator":"@TheEpochTimesTR","twitter_site":"@TheEpochTimesTR","twitter_misc":{"Yazan:":"Haber Merkezi","Tahmini okuma s\u00fcresi":"2 dakika"},"schema":{"@context":"https:\/\/schema.org","@graph":[{"@type":"Article","@id":"https:\/\/epochtimestr.com\/index.php\/gurbulakta-764-kilo-likit-metamfetamin-ele-gecirildi#article","isPartOf":{"@id":"https:\/\/epochtimestr.com\/index.php\/gurbulakta-764-kilo-likit-metamfetamin-ele-gecirildi"},"author":{"name":"Haber Merkezi","@id":"https:\/\/epochtimestr.com\/#\/schema\/person\/3dc5c3adeb9f43923c5aa85889172fdd"},"headline":"G\u00fcrbulak&#8217;ta 764 Kilo Likit Metamfetamin Ele Ge\u00e7irildi","datePublished":"2025-05-26T14:57:01+00:00","dateModified":"2025-05-26T16:21:39+00:00","mainEntityOfPage":{"@id":"https:\/\/epochtimestr.com\/index.php\/gurbulakta-764-kilo-likit-metamfetamin-ele-gecirildi"},"wordCount":365,"publisher":{"@id":"https:\/\/epochtimestr.com\/#organization"},"image":{"@id":"https:\/\/epochtimestr.com\/index.php\/gurbulakta-764-kilo-likit-metamfetamin-ele-gecirildi#primaryimage"},"thumbnailUrl":"https:\/\/epochtimestr.com\/wp-content\/uploads\/2011y\/IMG_3906.jpeg","articleSection":["G\u00dcNDEM","MAN\u015eET","Taslak'da b\u0131rak"],"inLanguage":"tr"},{"@type":"WebPage","@id":"https:\/\/epochtimestr.com\/index.php\/gurbulakta-764-kilo-likit-metamfetamin-ele-gecirildi","url":"https:\/\/epochtimestr.com\/index.php\/gurbulakta-764-kilo-likit-metamfetamin-ele-gecirildi","name":"G\u00fcrbulak'ta 764 Kilo Likit Metamfetamin Ele Ge\u00e7irildi - The Epoch Times TR","isPartOf":{"@id":"https:\/\/epochtimestr.com\/#website"},"primaryImageOfPage":{"@id":"https:\/\/epochtimestr.com\/index.php\/gurbulakta-764-kilo-likit-metamfetamin-ele-gecirildi#primaryimage"},"image":{"@id":"https:\/\/epochtimestr.com\/index.php\/gurbulakta-764-kilo-likit-metamfetamin-ele-gecirildi#primaryimage"},"thumbnailUrl":"https:\/\/epochtimestr.com\/wp-content\/uploads\/2011y\/IMG_3906.jpeg","datePublished":"2025-05-26T14:57:01+00:00","dateModified":"2025-05-26T16:21:39+00:00","description":"Ticaret Bakanl\u0131\u011f\u0131 G\u00fcmr\u00fckler Muhafaza Ekipleri, A\u011fr\u0131 G\u00fcrbulak G\u00fcmr\u00fck Kap\u0131s\u0131'ndaki operasyonda, 764 kilo likit metamfetamin ele ge\u00e7irdi.","inLanguage":"tr","potentialAction":[{"@type":"ReadAction","target":["https:\/\/epochtimestr.com\/index.php\/gurbulakta-764-kilo-likit-metamfetamin-ele-gecirildi"]}]},{"@type":"ImageObject","inLanguage":"tr","@id":"https:\/\/epochtimestr.com\/index.php\/gurbulakta-764-kilo-likit-metamfetamin-ele-gecirildi#primaryimage","url":"https:\/\/epochtimestr.com\/wp-content\/uploads\/2011y\/IMG_3906.jpeg","contentUrl":"https:\/\/epochtimestr.com\/wp-content\/uploads\/2011y\/IMG_3906.jpeg","width":1280,"height":724},{"@type":"WebSite","@id":"https:\/\/epochtimestr.com\/#website","url":"https:\/\/epochtimestr.com\/","name":"The Epoch Times TR","description":"De\u011fi\u015fen D\u00fcnyam\u0131za Taze Bir Bak\u0131\u015f","publisher":{"@id":"https:\/\/epochtimestr.com\/#organization"},"potentialAction":[{"@type":"SearchAction","target":{"@type":"EntryPoint","urlTemplate":"https:\/\/epochtimestr.com\/?s={search_term_string}"},"query-input":"required name=search_term_string"}],"inLanguage":"tr"},{"@type":"Organization","@id":"https:\/\/epochtimestr.com\/#organization","name":"The EpochTimes T\u00fcrkiye","url":"https:\/\/epochtimestr.com\/","logo":{"@type":"ImageObject","inLanguage":"tr","@id":"https:\/\/epochtimestr.com\/#\/schema\/logo\/image\/","url":"https:\/\/epochtimestr.com\/wp-content\/uploads\/2011y\/ET-Logo-YG.jpg","contentUrl":"https:\/\/epochtimestr.com\/wp-content\/uploads\/2011y\/ET-Logo-YG.jpg","width":346,"height":29,"caption":"The EpochTimes T\u00fcrkiye"},"image":{"@id":"https:\/\/epochtimestr.com\/#\/schema\/logo\/image\/"},"sameAs":["https:\/\/www.facebook.com\/theepochtimestr","https:\/\/x.com\/TheEpochTimesTR","https:\/\/www.instagram.com\/epochtimestr"]},{"@type":"Person","@id":"https:\/\/epochtimestr.com\/#\/schema\/person\/3dc5c3adeb9f43923c5aa85889172fdd","name":"Haber Merkezi","image":{"@type":"ImageObject","inLanguage":"tr","@id":"https:\/\/epochtimestr.com\/#\/schema\/person\/image\/","url":"https:\/\/secure.gravatar.com\/avatar\/d73f772ba5a74f28601361e17c2f93e6?s=96&d=mm&r=g","contentUrl":"https:\/\/secure.gravatar.com\/avatar\/d73f772ba5a74f28601361e17c2f93e6?s=96&d=mm&r=g","caption":"Haber Merkezi"},"url":"https:\/\/epochtimestr.com\/index.php\/author\/sendag"}]}},"_links":{"self":[{"href":"https:\/\/epochtimestr.com\/index.php\/wp-json\/wp\/v2\/posts\/158621"}],"collection":[{"href":"https:\/\/epochtimestr.com\/index.php\/wp-json\/wp\/v2\/posts"}],"about":[{"href":"https:\/\/epochtimestr.com\/index.php\/wp-json\/wp\/v2\/types\/post"}],"author":[{"embeddable":true,"href":"https:\/\/epochtimestr.com\/index.php\/wp-json\/wp\/v2\/users\/12791"}],"replies":[{"embeddable":true,"href":"https:\/\/epochtimestr.com\/index.php\/wp-json\/wp\/v2\/comments?post=158621"}],"version-history":[{"count":2,"href":"https:\/\/epochtimestr.com\/index.php\/wp-json\/wp\/v2\/posts\/158621\/revisions"}],"predecessor-version":[{"id":158632,"href":"https:\/\/epochtimestr.com\/index.php\/wp-json\/wp\/v2\/posts\/158621\/revisions\/158632"}],"wp:featuredmedia":[{"embeddable":true,"href":"https:\/\/epochtimestr.com\/index.php\/wp-json\/wp\/v2\/media\/158623"}],"wp:attachment":[{"href":"https:\/\/epochtimestr.com\/index.php\/wp-json\/wp\/v2\/media?parent=158621"}],"wp:term":[{"taxonomy":"category","embeddable":true,"href":"https:\/\/epochtimestr.com\/index.php\/wp-json\/wp\/v2\/categories?post=158621"},{"taxonomy":"post_tag","embeddable":true,"href":"https:\/\/epochtimestr.com\/index.php\/wp-json\/wp\/v2\/tags?post=158621"}],"curies":[{"name":"wp","href":"https:\/\/api.w.org\/{rel}","templated":true}]}}