{"id":160250,"date":"2025-07-09T10:14:57","date_gmt":"2025-07-09T07:14:57","guid":{"rendered":"https:\/\/epochtimestr.com\/?p=160250"},"modified":"2025-07-09T10:14:59","modified_gmt":"2025-07-09T07:14:59","slug":"akpli-konya-buyuksehir-belediyesinde-yolsuzluk-iddiasi","status":"publish","type":"post","link":"https:\/\/epochtimestr.com\/index.php\/akpli-konya-buyuksehir-belediyesinde-yolsuzluk-iddiasi","title":{"rendered":"AKP&#8217;li Konya B\u00fcy\u00fck\u015fehir Belediyesinde Yolsuzluk \u0130ddias\u0131"},"content":{"rendered":"<div class=\"wp-block-image\">\n<figure class=\"aligncenter size-large\"><img loading=\"lazy\" decoding=\"async\" width=\"2095\" height=\"1178\" src=\"https:\/\/epochtimestr.com\/wp-content\/uploads\/2011y\/konya-buyuksehir-belediyesi-2095x1178.jpg\" alt=\"AKP'li Konya B\u00fcy\u00fck\u015fehir Belediyesinde Yolsuzluk \u0130ddias\u0131 (Foto\u011fraf: konya.bel.tr)\" class=\"wp-image-160251\" srcset=\"https:\/\/epochtimestr.com\/wp-content\/uploads\/2011y\/konya-buyuksehir-belediyesi-2095x1178.jpg 2095w, https:\/\/epochtimestr.com\/wp-content\/uploads\/2011y\/konya-buyuksehir-belediyesi-300x169.jpg 300w, https:\/\/epochtimestr.com\/wp-content\/uploads\/2011y\/konya-buyuksehir-belediyesi-150x84.jpg 150w, https:\/\/epochtimestr.com\/wp-content\/uploads\/2011y\/konya-buyuksehir-belediyesi-768x432.jpg 768w, https:\/\/epochtimestr.com\/wp-content\/uploads\/2011y\/konya-buyuksehir-belediyesi-1536x864.jpg 1536w, https:\/\/epochtimestr.com\/wp-content\/uploads\/2011y\/konya-buyuksehir-belediyesi-2048x1152.jpg 2048w\" sizes=\"(max-width: 2095px) 100vw, 2095px\" \/><figcaption class=\"wp-element-caption\">AKP&#8217;li Konya B\u00fcy\u00fck\u015fehir Belediyesinde Yolsuzluk \u0130ddias\u0131 (Foto\u011fraf: konya.bel.tr)<\/figcaption><\/figure><\/div>\n\n\n<h2 class=\"wp-block-heading\">AKP&#8217;li Konya B\u00fcy\u00fck\u015fehir Belediyesi&#8217;ne ba\u011fl\u0131 KOSK\u0130 Genel M\u00fcd\u00fcrl\u00fc\u011f\u00fc&#8217;nde muhasebe eleman\u0131n\u0131n yolsuzlu\u011fu ortaya \u00e7\u0131kt\u0131.<\/h2>\n\n\n\n<p><a href=\"https:\/\/epochtimestr.com\/index.php\/akpli-camli-cumhuriyeti-hedef-aldi\" target=\"_blank\" rel=\"noreferrer noopener\">AKP<\/a> y\u00f6netimindeki Konya B\u00fcy\u00fck\u015fehir Belediyesi\u2019ne ba\u011fl\u0131 KOSK\u0130 Genel M\u00fcd\u00fcrl\u00fc\u011f\u00fcnde bir personelin yolsuzlu\u011fu ortaya \u00e7\u0131kt\u0131. Kadrolu i\u015f\u00e7i stat\u00fcs\u00fcnde muhasebe personeli olarak \u00e7al\u0131\u015fan D.K. 2020 y\u0131l\u0131ndan 2024 y\u0131l\u0131na kadar yapt\u0131\u011f\u0131 yolsuzlukla g\u00fcndeme geldi. D.K&#8217;n\u0131n abonelerin depozitolar\u0131n\u0131 ailesinin IBAN numaralar\u0131na g\u00f6nderdi\u011fi belirlendi. D.K. bu yolla toplamda 14 milyon T\u00fcrk Liras\u0131 \u00fczerinde bir tutar\u0131 zimmetine ge\u00e7irdi.<\/p>\n\n\n\n<p>S\u00f6zc\u00fc\u2019den M\u00fcsl\u00fcm Evci\u2019nin haberine g\u00f6re; D.K, yolsuzlu\u011fu depozito iade i\u015flemleri \u00fczerinden yapt\u0131. Hak sahiplerinin ad\u0131 ve soyad\u0131n\u0131 yaz\u0131p kar\u015f\u0131lar\u0131na ailesinin IBAN numaras\u0131n\u0131 yazd\u0131. D.K\u2019nin zimmetine ge\u00e7irdi\u011fi paralarla 5 y\u0131lda edindi\u011fi mal varl\u0131\u011f\u0131 da dikkat \u00e7ekti. D.K.&#8217;n\u0131n birisi TOGG T10X marka ara\u00e7 olmak \u00fczere 2 araba, 2 ev ve ba\u015fka ta\u015f\u0131nmazlar ald\u0131\u011f\u0131 aktar\u0131ld\u0131.<\/p>\n\n\n\n<p>KOSK\u0130 Genel M\u00fcd\u00fcrl\u00fc\u011f\u00fc\u2019nde yap\u0131lan i\u00e7 denetimde \u201czimmet su\u00e7u\u201d i\u015fledi\u011fi tespit edilen D.K hakk\u0131nda, Konya Cumhuriyet Ba\u015fsavc\u0131l\u0131\u011f\u0131 taraf\u0131ndan soru\u015fturma ba\u015flat\u0131ld\u0131 ve tutuklama karar\u0131 verildi.<\/p>\n\n\n\n<p>Konya Kapal\u0131 Cezaevi&#8217;ne konulan D.K\u2019nin t\u00fcm mal varl\u0131\u011f\u0131na el konulurken, D.K, Konya 4. A\u011f\u0131r Ceza Mahkemesi\u2019nde hakim kar\u015f\u0131s\u0131na \u00e7\u0131kt\u0131. D.K, ma\u011fdur oldu\u011funu iddia ederek tahliyesini talep etti. Mahkeme heyeti D.K\u2019ye \u201cnitelikli zimmet&#8221; su\u00e7undan 21 y\u0131l hapis cezas\u0131 verdi.<\/p>\n","protected":false},"excerpt":{"rendered":"<p>AKP&#8217;li Konya B\u00fcy\u00fck\u015fehir Belediyesi&#8217;ne ba\u011fl\u0131 KOSK\u0130 Genel M\u00fcd\u00fcrl\u00fc\u011f\u00fc&#8217;nde muhasebe eleman\u0131n\u0131n yolsuzlu\u011fu ortaya \u00e7\u0131kt\u0131. AKP y\u00f6netimindeki Konya B\u00fcy\u00fck\u015fehir Belediyesi\u2019ne ba\u011fl\u0131 KOSK\u0130 Genel M\u00fcd\u00fcrl\u00fc\u011f\u00fcnde bir personelin yolsuzlu\u011fu ortaya \u00e7\u0131kt\u0131. Kadrolu i\u015f\u00e7i stat\u00fcs\u00fcnde muhasebe personeli olarak \u00e7al\u0131\u015fan D.K. 2020 y\u0131l\u0131ndan 2024 y\u0131l\u0131na kadar yapt\u0131\u011f\u0131 yolsuzlukla g\u00fcndeme geldi. D.K&#8217;n\u0131n abonelerin depozitolar\u0131n\u0131 ailesinin IBAN numaralar\u0131na g\u00f6nderdi\u011fi belirlendi. D.K. bu yolla [&hellip;]<\/p>\n","protected":false},"author":12791,"featured_media":160251,"comment_status":"closed","ping_status":"open","sticky":false,"template":"","format":"standard","meta":{"_yoast_wpseo_focuskw":"Konya B\u00fcy\u00fck\u015fehir","_yoast_wpseo_title":"","_yoast_wpseo_metadesc":"AKP'li Konya B\u00fcy\u00fck\u015fehir Belediyesi'ne ba\u011fl\u0131 KOSK\u0130 Genel M\u00fcd\u00fcrl\u00fc\u011f\u00fc'ndeki muhasebe eleman\u0131n\u0131n yolsuzlu\u011fu ortaya \u00e7\u0131kt\u0131.","_bbp_topic_count":0,"_bbp_reply_count":0,"_bbp_total_topic_count":0,"_bbp_total_reply_count":0,"_bbp_voice_count":0,"_bbp_anonymous_reply_count":0,"_bbp_topic_count_hidden":0,"_bbp_reply_count_hidden":0,"_bbp_forum_subforum_count":0,"footnotes":"","_yoast_wpseo_focuskw_text_input":""},"categories":[1,8138,8226,37],"tags":[1017,9003,284,9004],"yoast_head":"<!-- This site is optimized with the Yoast SEO plugin v23.0 - https:\/\/yoast.com\/wordpress\/plugins\/seo\/ -->\n<title>AKP&#039;li Konya B\u00fcy\u00fck\u015fehir Belediyesinde Yolsuzluk \u0130ddias\u0131 - The Epoch Times TR<\/title>\n<meta name=\"description\" content=\"AKP&#039;li Konya B\u00fcy\u00fck\u015fehir Belediyesi&#039;ne ba\u011fl\u0131 KOSK\u0130 Genel M\u00fcd\u00fcrl\u00fc\u011f\u00fc&#039;ndeki muhasebe eleman\u0131n\u0131n yolsuzlu\u011fu ortaya \u00e7\u0131kt\u0131.\" \/>\n<meta name=\"robots\" content=\"index, follow, max-snippet:-1, max-image-preview:large, max-video-preview:-1\" \/>\n<link rel=\"canonical\" href=\"https:\/\/epochtimestr.com\/index.php\/akpli-konya-buyuksehir-belediyesinde-yolsuzluk-iddiasi\" \/>\n<meta property=\"og:locale\" content=\"tr_TR\" \/>\n<meta property=\"og:type\" content=\"article\" \/>\n<meta property=\"og:title\" content=\"AKP&#039;li Konya B\u00fcy\u00fck\u015fehir Belediyesinde Yolsuzluk \u0130ddias\u0131 - The Epoch Times TR\" \/>\n<meta property=\"og:description\" content=\"AKP&#039;li Konya B\u00fcy\u00fck\u015fehir Belediyesi&#039;ne ba\u011fl\u0131 KOSK\u0130 Genel M\u00fcd\u00fcrl\u00fc\u011f\u00fc&#039;ndeki muhasebe eleman\u0131n\u0131n yolsuzlu\u011fu ortaya \u00e7\u0131kt\u0131.\" \/>\n<meta property=\"og:url\" content=\"https:\/\/epochtimestr.com\/index.php\/akpli-konya-buyuksehir-belediyesinde-yolsuzluk-iddiasi\" \/>\n<meta property=\"og:site_name\" content=\"The Epoch Times TR\" \/>\n<meta property=\"article:publisher\" content=\"https:\/\/www.facebook.com\/theepochtimestr\" \/>\n<meta property=\"article:published_time\" content=\"2025-07-09T07:14:57+00:00\" \/>\n<meta property=\"article:modified_time\" content=\"2025-07-09T07:14:59+00:00\" \/>\n<meta property=\"og:image\" content=\"https:\/\/epochtimestr.com\/wp-content\/uploads\/2011y\/konya-buyuksehir-belediyesi.jpg\" \/>\n\t<meta property=\"og:image:width\" content=\"2560\" \/>\n\t<meta property=\"og:image:height\" content=\"1440\" \/>\n\t<meta property=\"og:image:type\" content=\"image\/jpeg\" \/>\n<meta name=\"author\" content=\"Haber Merkezi\" \/>\n<meta name=\"twitter:card\" content=\"summary_large_image\" \/>\n<meta name=\"twitter:creator\" content=\"@TheEpochTimesTR\" \/>\n<meta name=\"twitter:site\" content=\"@TheEpochTimesTR\" \/>\n<meta name=\"twitter:label1\" content=\"Yazan:\" \/>\n\t<meta name=\"twitter:data1\" content=\"Haber Merkezi\" \/>\n\t<meta name=\"twitter:label2\" content=\"Tahmini okuma s\u00fcresi\" \/>\n\t<meta name=\"twitter:data2\" content=\"2 dakika\" \/>\n<script type=\"application\/ld+json\" class=\"yoast-schema-graph\">{\"@context\":\"https:\/\/schema.org\",\"@graph\":[{\"@type\":\"Article\",\"@id\":\"https:\/\/epochtimestr.com\/index.php\/akpli-konya-buyuksehir-belediyesinde-yolsuzluk-iddiasi#article\",\"isPartOf\":{\"@id\":\"https:\/\/epochtimestr.com\/index.php\/akpli-konya-buyuksehir-belediyesinde-yolsuzluk-iddiasi\"},\"author\":{\"name\":\"Haber Merkezi\",\"@id\":\"https:\/\/epochtimestr.com\/#\/schema\/person\/3dc5c3adeb9f43923c5aa85889172fdd\"},\"headline\":\"AKP&#8217;li Konya B\u00fcy\u00fck\u015fehir Belediyesinde Yolsuzluk \u0130ddias\u0131\",\"datePublished\":\"2025-07-09T07:14:57+00:00\",\"dateModified\":\"2025-07-09T07:14:59+00:00\",\"mainEntityOfPage\":{\"@id\":\"https:\/\/epochtimestr.com\/index.php\/akpli-konya-buyuksehir-belediyesinde-yolsuzluk-iddiasi\"},\"wordCount\":290,\"publisher\":{\"@id\":\"https:\/\/epochtimestr.com\/#organization\"},\"image\":{\"@id\":\"https:\/\/epochtimestr.com\/index.php\/akpli-konya-buyuksehir-belediyesinde-yolsuzluk-iddiasi#primaryimage\"},\"thumbnailUrl\":\"https:\/\/epochtimestr.com\/wp-content\/uploads\/2011y\/konya-buyuksehir-belediyesi.jpg\",\"keywords\":[\"AKP\",\"nitelikli zimmet\",\"Yolsuzluk\",\"zimmet\"],\"articleSection\":[\"G\u00dcNDEM\",\"MAN\u015eET\",\"Siyaset\",\"T\u00dcRK\u0130YE\"],\"inLanguage\":\"tr\"},{\"@type\":\"WebPage\",\"@id\":\"https:\/\/epochtimestr.com\/index.php\/akpli-konya-buyuksehir-belediyesinde-yolsuzluk-iddiasi\",\"url\":\"https:\/\/epochtimestr.com\/index.php\/akpli-konya-buyuksehir-belediyesinde-yolsuzluk-iddiasi\",\"name\":\"AKP'li Konya B\u00fcy\u00fck\u015fehir Belediyesinde Yolsuzluk \u0130ddias\u0131 - The Epoch Times TR\",\"isPartOf\":{\"@id\":\"https:\/\/epochtimestr.com\/#website\"},\"primaryImageOfPage\":{\"@id\":\"https:\/\/epochtimestr.com\/index.php\/akpli-konya-buyuksehir-belediyesinde-yolsuzluk-iddiasi#primaryimage\"},\"image\":{\"@id\":\"https:\/\/epochtimestr.com\/index.php\/akpli-konya-buyuksehir-belediyesinde-yolsuzluk-iddiasi#primaryimage\"},\"thumbnailUrl\":\"https:\/\/epochtimestr.com\/wp-content\/uploads\/2011y\/konya-buyuksehir-belediyesi.jpg\",\"datePublished\":\"2025-07-09T07:14:57+00:00\",\"dateModified\":\"2025-07-09T07:14:59+00:00\",\"description\":\"AKP'li Konya B\u00fcy\u00fck\u015fehir Belediyesi'ne ba\u011fl\u0131 KOSK\u0130 Genel M\u00fcd\u00fcrl\u00fc\u011f\u00fc'ndeki muhasebe eleman\u0131n\u0131n yolsuzlu\u011fu ortaya \u00e7\u0131kt\u0131.\",\"inLanguage\":\"tr\",\"potentialAction\":[{\"@type\":\"ReadAction\",\"target\":[\"https:\/\/epochtimestr.com\/index.php\/akpli-konya-buyuksehir-belediyesinde-yolsuzluk-iddiasi\"]}]},{\"@type\":\"ImageObject\",\"inLanguage\":\"tr\",\"@id\":\"https:\/\/epochtimestr.com\/index.php\/akpli-konya-buyuksehir-belediyesinde-yolsuzluk-iddiasi#primaryimage\",\"url\":\"https:\/\/epochtimestr.com\/wp-content\/uploads\/2011y\/konya-buyuksehir-belediyesi.jpg\",\"contentUrl\":\"https:\/\/epochtimestr.com\/wp-content\/uploads\/2011y\/konya-buyuksehir-belediyesi.jpg\",\"width\":2560,\"height\":1440},{\"@type\":\"WebSite\",\"@id\":\"https:\/\/epochtimestr.com\/#website\",\"url\":\"https:\/\/epochtimestr.com\/\",\"name\":\"The Epoch Times TR\",\"description\":\"De\u011fi\u015fen D\u00fcnyam\u0131za Taze Bir Bak\u0131\u015f\",\"publisher\":{\"@id\":\"https:\/\/epochtimestr.com\/#organization\"},\"potentialAction\":[{\"@type\":\"SearchAction\",\"target\":{\"@type\":\"EntryPoint\",\"urlTemplate\":\"https:\/\/epochtimestr.com\/?s={search_term_string}\"},\"query-input\":\"required name=search_term_string\"}],\"inLanguage\":\"tr\"},{\"@type\":\"Organization\",\"@id\":\"https:\/\/epochtimestr.com\/#organization\",\"name\":\"The EpochTimes T\u00fcrkiye\",\"url\":\"https:\/\/epochtimestr.com\/\",\"logo\":{\"@type\":\"ImageObject\",\"inLanguage\":\"tr\",\"@id\":\"https:\/\/epochtimestr.com\/#\/schema\/logo\/image\/\",\"url\":\"https:\/\/epochtimestr.com\/wp-content\/uploads\/2011y\/ET-Logo-YG.jpg\",\"contentUrl\":\"https:\/\/epochtimestr.com\/wp-content\/uploads\/2011y\/ET-Logo-YG.jpg\",\"width\":346,\"height\":29,\"caption\":\"The EpochTimes T\u00fcrkiye\"},\"image\":{\"@id\":\"https:\/\/epochtimestr.com\/#\/schema\/logo\/image\/\"},\"sameAs\":[\"https:\/\/www.facebook.com\/theepochtimestr\",\"https:\/\/x.com\/TheEpochTimesTR\",\"https:\/\/www.instagram.com\/epochtimestr\"]},{\"@type\":\"Person\",\"@id\":\"https:\/\/epochtimestr.com\/#\/schema\/person\/3dc5c3adeb9f43923c5aa85889172fdd\",\"name\":\"Haber Merkezi\",\"image\":{\"@type\":\"ImageObject\",\"inLanguage\":\"tr\",\"@id\":\"https:\/\/epochtimestr.com\/#\/schema\/person\/image\/\",\"url\":\"https:\/\/secure.gravatar.com\/avatar\/d73f772ba5a74f28601361e17c2f93e6?s=96&d=mm&r=g\",\"contentUrl\":\"https:\/\/secure.gravatar.com\/avatar\/d73f772ba5a74f28601361e17c2f93e6?s=96&d=mm&r=g\",\"caption\":\"Haber Merkezi\"},\"url\":\"https:\/\/epochtimestr.com\/index.php\/author\/sendag\"}]}<\/script>\n<!-- \/ Yoast SEO plugin. -->","yoast_head_json":{"title":"AKP'li Konya B\u00fcy\u00fck\u015fehir Belediyesinde Yolsuzluk \u0130ddias\u0131 - The Epoch Times TR","description":"AKP'li Konya B\u00fcy\u00fck\u015fehir Belediyesi'ne ba\u011fl\u0131 KOSK\u0130 Genel M\u00fcd\u00fcrl\u00fc\u011f\u00fc'ndeki muhasebe eleman\u0131n\u0131n yolsuzlu\u011fu ortaya \u00e7\u0131kt\u0131.","robots":{"index":"index","follow":"follow","max-snippet":"max-snippet:-1","max-image-preview":"max-image-preview:large","max-video-preview":"max-video-preview:-1"},"canonical":"https:\/\/epochtimestr.com\/index.php\/akpli-konya-buyuksehir-belediyesinde-yolsuzluk-iddiasi","og_locale":"tr_TR","og_type":"article","og_title":"AKP'li Konya B\u00fcy\u00fck\u015fehir Belediyesinde Yolsuzluk \u0130ddias\u0131 - The Epoch Times TR","og_description":"AKP'li Konya B\u00fcy\u00fck\u015fehir Belediyesi'ne ba\u011fl\u0131 KOSK\u0130 Genel M\u00fcd\u00fcrl\u00fc\u011f\u00fc'ndeki muhasebe eleman\u0131n\u0131n yolsuzlu\u011fu ortaya \u00e7\u0131kt\u0131.","og_url":"https:\/\/epochtimestr.com\/index.php\/akpli-konya-buyuksehir-belediyesinde-yolsuzluk-iddiasi","og_site_name":"The Epoch Times TR","article_publisher":"https:\/\/www.facebook.com\/theepochtimestr","article_published_time":"2025-07-09T07:14:57+00:00","article_modified_time":"2025-07-09T07:14:59+00:00","og_image":[{"width":2560,"height":1440,"url":"https:\/\/epochtimestr.com\/wp-content\/uploads\/2011y\/konya-buyuksehir-belediyesi.jpg","type":"image\/jpeg"}],"author":"Haber Merkezi","twitter_card":"summary_large_image","twitter_creator":"@TheEpochTimesTR","twitter_site":"@TheEpochTimesTR","twitter_misc":{"Yazan:":"Haber Merkezi","Tahmini okuma s\u00fcresi":"2 dakika"},"schema":{"@context":"https:\/\/schema.org","@graph":[{"@type":"Article","@id":"https:\/\/epochtimestr.com\/index.php\/akpli-konya-buyuksehir-belediyesinde-yolsuzluk-iddiasi#article","isPartOf":{"@id":"https:\/\/epochtimestr.com\/index.php\/akpli-konya-buyuksehir-belediyesinde-yolsuzluk-iddiasi"},"author":{"name":"Haber Merkezi","@id":"https:\/\/epochtimestr.com\/#\/schema\/person\/3dc5c3adeb9f43923c5aa85889172fdd"},"headline":"AKP&#8217;li Konya B\u00fcy\u00fck\u015fehir Belediyesinde Yolsuzluk \u0130ddias\u0131","datePublished":"2025-07-09T07:14:57+00:00","dateModified":"2025-07-09T07:14:59+00:00","mainEntityOfPage":{"@id":"https:\/\/epochtimestr.com\/index.php\/akpli-konya-buyuksehir-belediyesinde-yolsuzluk-iddiasi"},"wordCount":290,"publisher":{"@id":"https:\/\/epochtimestr.com\/#organization"},"image":{"@id":"https:\/\/epochtimestr.com\/index.php\/akpli-konya-buyuksehir-belediyesinde-yolsuzluk-iddiasi#primaryimage"},"thumbnailUrl":"https:\/\/epochtimestr.com\/wp-content\/uploads\/2011y\/konya-buyuksehir-belediyesi.jpg","keywords":["AKP","nitelikli zimmet","Yolsuzluk","zimmet"],"articleSection":["G\u00dcNDEM","MAN\u015eET","Siyaset","T\u00dcRK\u0130YE"],"inLanguage":"tr"},{"@type":"WebPage","@id":"https:\/\/epochtimestr.com\/index.php\/akpli-konya-buyuksehir-belediyesinde-yolsuzluk-iddiasi","url":"https:\/\/epochtimestr.com\/index.php\/akpli-konya-buyuksehir-belediyesinde-yolsuzluk-iddiasi","name":"AKP'li Konya B\u00fcy\u00fck\u015fehir Belediyesinde Yolsuzluk \u0130ddias\u0131 - The Epoch Times TR","isPartOf":{"@id":"https:\/\/epochtimestr.com\/#website"},"primaryImageOfPage":{"@id":"https:\/\/epochtimestr.com\/index.php\/akpli-konya-buyuksehir-belediyesinde-yolsuzluk-iddiasi#primaryimage"},"image":{"@id":"https:\/\/epochtimestr.com\/index.php\/akpli-konya-buyuksehir-belediyesinde-yolsuzluk-iddiasi#primaryimage"},"thumbnailUrl":"https:\/\/epochtimestr.com\/wp-content\/uploads\/2011y\/konya-buyuksehir-belediyesi.jpg","datePublished":"2025-07-09T07:14:57+00:00","dateModified":"2025-07-09T07:14:59+00:00","description":"AKP'li Konya B\u00fcy\u00fck\u015fehir Belediyesi'ne ba\u011fl\u0131 KOSK\u0130 Genel M\u00fcd\u00fcrl\u00fc\u011f\u00fc'ndeki muhasebe eleman\u0131n\u0131n yolsuzlu\u011fu ortaya \u00e7\u0131kt\u0131.","inLanguage":"tr","potentialAction":[{"@type":"ReadAction","target":["https:\/\/epochtimestr.com\/index.php\/akpli-konya-buyuksehir-belediyesinde-yolsuzluk-iddiasi"]}]},{"@type":"ImageObject","inLanguage":"tr","@id":"https:\/\/epochtimestr.com\/index.php\/akpli-konya-buyuksehir-belediyesinde-yolsuzluk-iddiasi#primaryimage","url":"https:\/\/epochtimestr.com\/wp-content\/uploads\/2011y\/konya-buyuksehir-belediyesi.jpg","contentUrl":"https:\/\/epochtimestr.com\/wp-content\/uploads\/2011y\/konya-buyuksehir-belediyesi.jpg","width":2560,"height":1440},{"@type":"WebSite","@id":"https:\/\/epochtimestr.com\/#website","url":"https:\/\/epochtimestr.com\/","name":"The Epoch Times TR","description":"De\u011fi\u015fen D\u00fcnyam\u0131za Taze Bir Bak\u0131\u015f","publisher":{"@id":"https:\/\/epochtimestr.com\/#organization"},"potentialAction":[{"@type":"SearchAction","target":{"@type":"EntryPoint","urlTemplate":"https:\/\/epochtimestr.com\/?s={search_term_string}"},"query-input":"required name=search_term_string"}],"inLanguage":"tr"},{"@type":"Organization","@id":"https:\/\/epochtimestr.com\/#organization","name":"The EpochTimes T\u00fcrkiye","url":"https:\/\/epochtimestr.com\/","logo":{"@type":"ImageObject","inLanguage":"tr","@id":"https:\/\/epochtimestr.com\/#\/schema\/logo\/image\/","url":"https:\/\/epochtimestr.com\/wp-content\/uploads\/2011y\/ET-Logo-YG.jpg","contentUrl":"https:\/\/epochtimestr.com\/wp-content\/uploads\/2011y\/ET-Logo-YG.jpg","width":346,"height":29,"caption":"The EpochTimes T\u00fcrkiye"},"image":{"@id":"https:\/\/epochtimestr.com\/#\/schema\/logo\/image\/"},"sameAs":["https:\/\/www.facebook.com\/theepochtimestr","https:\/\/x.com\/TheEpochTimesTR","https:\/\/www.instagram.com\/epochtimestr"]},{"@type":"Person","@id":"https:\/\/epochtimestr.com\/#\/schema\/person\/3dc5c3adeb9f43923c5aa85889172fdd","name":"Haber Merkezi","image":{"@type":"ImageObject","inLanguage":"tr","@id":"https:\/\/epochtimestr.com\/#\/schema\/person\/image\/","url":"https:\/\/secure.gravatar.com\/avatar\/d73f772ba5a74f28601361e17c2f93e6?s=96&d=mm&r=g","contentUrl":"https:\/\/secure.gravatar.com\/avatar\/d73f772ba5a74f28601361e17c2f93e6?s=96&d=mm&r=g","caption":"Haber Merkezi"},"url":"https:\/\/epochtimestr.com\/index.php\/author\/sendag"}]}},"_links":{"self":[{"href":"https:\/\/epochtimestr.com\/index.php\/wp-json\/wp\/v2\/posts\/160250"}],"collection":[{"href":"https:\/\/epochtimestr.com\/index.php\/wp-json\/wp\/v2\/posts"}],"about":[{"href":"https:\/\/epochtimestr.com\/index.php\/wp-json\/wp\/v2\/types\/post"}],"author":[{"embeddable":true,"href":"https:\/\/epochtimestr.com\/index.php\/wp-json\/wp\/v2\/users\/12791"}],"replies":[{"embeddable":true,"href":"https:\/\/epochtimestr.com\/index.php\/wp-json\/wp\/v2\/comments?post=160250"}],"version-history":[{"count":2,"href":"https:\/\/epochtimestr.com\/index.php\/wp-json\/wp\/v2\/posts\/160250\/revisions"}],"predecessor-version":[{"id":160255,"href":"https:\/\/epochtimestr.com\/index.php\/wp-json\/wp\/v2\/posts\/160250\/revisions\/160255"}],"wp:featuredmedia":[{"embeddable":true,"href":"https:\/\/epochtimestr.com\/index.php\/wp-json\/wp\/v2\/media\/160251"}],"wp:attachment":[{"href":"https:\/\/epochtimestr.com\/index.php\/wp-json\/wp\/v2\/media?parent=160250"}],"wp:term":[{"taxonomy":"category","embeddable":true,"href":"https:\/\/epochtimestr.com\/index.php\/wp-json\/wp\/v2\/categories?post=160250"},{"taxonomy":"post_tag","embeddable":true,"href":"https:\/\/epochtimestr.com\/index.php\/wp-json\/wp\/v2\/tags?post=160250"}],"curies":[{"name":"wp","href":"https:\/\/api.w.org\/{rel}","templated":true}]}}