{"id":160735,"date":"2025-07-18T20:43:56","date_gmt":"2025-07-18T17:43:56","guid":{"rendered":"https:\/\/epochtimestr.com\/?p=160735"},"modified":"2025-07-18T20:43:58","modified_gmt":"2025-07-18T17:43:58","slug":"cin-mali-elektrikli-araclar-avrupada-yukseliste","status":"publish","type":"post","link":"https:\/\/epochtimestr.com\/index.php\/cin-mali-elektrikli-araclar-avrupada-yukseliste","title":{"rendered":"\u00c7in Mal\u0131 Elektrikli Ara\u00e7lar Avrupa\u2019da Y\u00fckseli\u015fte"},"content":{"rendered":"<div class=\"wp-block-image\">\n<figure class=\"aligncenter size-large\"><img loading=\"lazy\" decoding=\"async\" width=\"1600\" height=\"1200\" src=\"https:\/\/epochtimestr.com\/wp-content\/uploads\/2011y\/1000021392-1600x1200.jpg\" alt=\"\u00c7in mal\u0131 elektrikli ara\u00e7lar, Avrupa pazar\u0131nda h\u0131zla yay\u0131l\u0131rken ABD'de engellerle kar\u015f\u0131la\u015f\u0131yor. (Foto\u011fraf: Pexels)\" class=\"wp-image-160736\" srcset=\"https:\/\/epochtimestr.com\/wp-content\/uploads\/2011y\/1000021392-1600x1200.jpg 1600w, https:\/\/epochtimestr.com\/wp-content\/uploads\/2011y\/1000021392-300x225.jpg 300w, https:\/\/epochtimestr.com\/wp-content\/uploads\/2011y\/1000021392-150x113.jpg 150w, https:\/\/epochtimestr.com\/wp-content\/uploads\/2011y\/1000021392-768x576.jpg 768w, https:\/\/epochtimestr.com\/wp-content\/uploads\/2011y\/1000021392-1536x1152.jpg 1536w, https:\/\/epochtimestr.com\/wp-content\/uploads\/2011y\/1000021392-2048x1536.jpg 2048w, https:\/\/epochtimestr.com\/wp-content\/uploads\/2011y\/1000021392-86x64.jpg 86w\" sizes=\"(max-width: 1600px) 100vw, 1600px\" \/><figcaption class=\"wp-element-caption\">\u00c7in mal\u0131 elektrikli ara\u00e7lar, Avrupa pazar\u0131nda h\u0131zla yay\u0131l\u0131rken ABD&#8217;de engellerle kar\u015f\u0131la\u015f\u0131yor. (Foto\u011fraf: Pexels)<\/figcaption><\/figure><\/div>\n\n\n<p>\u00c7in merkezli otomobil \u00fcreticileri, elektrikli ara\u00e7 ihracat\u0131n\u0131 2025\u2019te rekor seviyeye ta\u015f\u0131d\u0131. \u00c7in, \u00f6zellikle yeni enerji ara\u00e7lar\u0131 (NEV) ile k\u00fcresel pazarlarda h\u0131zl\u0131 b\u00fcy\u00fcme sa\u011flad\u0131. Ancak ABD pazar\u0131nda, <a href=\"https:\/\/epochtimestr.com\/index.php\/trump-yeni-gumruk-vergileriyle-15-ulkeyi-hedef-aldi\">s\u0131k\u0131 vergi politikalar\u0131 <\/a>nedeniyle bu b\u00fcy\u00fcmeyi g\u00f6steremedi.<\/p>\n\n\n\n<p>\u00c7in, 2025\u2019in ilk yar\u0131s\u0131nda toplam 3.08 milyon ara\u00e7 ihra\u00e7 etti. Bu rakam, ge\u00e7en y\u0131la g\u00f6re y\u00fczde 10.4 art\u0131\u015f g\u00f6sterdi. Ayn\u0131 d\u00f6nemde \u00c7in, yurt d\u0131\u015f\u0131na 1.06 milyon NEV satt\u0131. B\u00f6ylece NEV ihracat\u0131 y\u00fczde 75.2 oran\u0131nda y\u00fckseldi.<\/p>\n\n\n\n<p>Yeni enerji ara\u00e7lar\u0131; batarya elektrikli (BEV), plug-in hibrit (PHEV) ve yak\u0131t h\u00fccreli (FCEV) ara\u00e7lar\u0131 kaps\u0131yor. \u00c7in, bu kategorilerde \u00fcretim ve ihracat liderli\u011fini peki\u015ftirdi.<\/p>\n\n\n\n<p>\u00d6ncelikle Avrupa, \u00c7inli \u00fcreticiler i\u00e7in en cazip pazar haline geldi. Avrupa\u2019daki \u00e7evre politikalar\u0131, bu ge\u00e7i\u015fi h\u0131zland\u0131rd\u0131. Ayr\u0131ca bir\u00e7ok \u00fclke, i\u00e7ten yanmal\u0131 motorlu ara\u00e7lara kar\u015f\u0131 yasaklar\u0131 y\u00fcr\u00fcrl\u00fc\u011fe soktu.<\/p>\n\n\n\n<h3 class=\"wp-block-heading\">\u00c7in Mal\u0131 Elektrikli Ara\u00e7lar, Ticaret Anla\u015fmalar\u0131yla Yeni Pazarlara A\u00e7\u0131l\u0131yor<\/h3>\n\n\n\n<p>Gasgoo&#8217;nun analizine g\u00f6re, <a href=\"https:\/\/www.theepochtimes.com\/business\/chinese-evs-flood-global-markets-as-beijing-elevates-autos-in-export-strategy-5886588\" target=\"_blank\" rel=\"noreferrer noopener\">\u00c7in merkezli EV<\/a> \u00fcreticileri, b\u00f6lgesel ticaret anla\u015fmalar\u0131ndan ve EV dostu yasalardan b\u00fcy\u00fck fayda sa\u011flad\u0131. \u00d6zellikle Meksika ve G\u00fcneydo\u011fu Asya&#8217;da da g\u00fc\u00e7l\u00fc bir b\u00fcy\u00fcme g\u00f6sterdiler.<\/p>\n\n\n\n<p>\u00d6te yandan, \u00c7in h\u00fck\u00fcmeti NEV ihracat\u0131n\u0131 stratejik hedef olarak belirledi. 2009 y\u0131l\u0131nda yay\u0131mlad\u0131\u011f\u0131 bir politika belgesiyle bu vizyonu resmile\u015ftirdi. O g\u00fcnden bu yana h\u00fck\u00fcmet, yerli \u00fcreticilere do\u011frudan s\u00fcbvansiyonlar verdi.<\/p>\n\n\n\n<p>Bu s\u00fcbvansiyonlar, \u00c7inli \u00fcreticilere maliyet avantaj\u0131 sa\u011flad\u0131. Bu destekler, do\u011frudan firmalar\u0131n hesaplar\u0131na ge\u00e7ti\u011fi i\u00e7in, \u00fcreticiler fiyat indirimlerine ra\u011fmen k\u00e2rl\u0131l\u0131\u011f\u0131n\u0131 korudu.<\/p>\n\n\n\n<p>\u00d6rne\u011fin BYD, 2022 y\u0131l\u0131nda 1.6 milyar euro de\u011ferinde s\u00fcbvansiyon ald\u0131. \u015eirket b\u00f6ylece, \u00c7in NEV pazar\u0131nda y\u00fczde 34.1\u2019lik payla liderli\u011fini s\u00fcrd\u00fcrd\u00fc. Kar\u015f\u0131la\u015ft\u0131rmak gerekirse, Tesla ayn\u0131 y\u0131l yaln\u0131zca y\u00fczde 6\u2019l\u0131k pazar pay\u0131na ula\u015fm\u0131\u015ft\u0131.<\/p>\n\n\n\n<p>Di\u011fer yandan, Avrupa pazar\u0131 \u00c7inli \u00fcreticilere baz\u0131 avantajlar sundu. Avrupa Birli\u011fi, 2024 Ekim ay\u0131nda \u00c7in mal\u0131 EV\u2019lere y\u00fczde 17 ila 35 aras\u0131nda ek vergi uygulad\u0131. Ancak bu vergiler, plug-in hibrit ara\u00e7lar\u0131 kapsamad\u0131.<\/p>\n\n\n\n<p>Dolay\u0131s\u0131yla \u00c7inli \u015firketler bu bo\u015flu\u011fu f\u0131rsata \u00e7evirerek Avrupa\u2019daki hibrit te\u015fviklerinden yararland\u0131lar. \u00d6zellikle Almanya gibi \u00fclkeler, hibrit ara\u00e7lara te\u015fvik sunmaya devam etti.<\/p>\n\n\n\n<p>Bununla birlikte, BYD Avrupa&#8217;daki varl\u0131\u011f\u0131n\u0131 art\u0131rmak i\u00e7in yat\u0131r\u0131mlar\u0131n\u0131 b\u00fcy\u00fctt\u00fc. Macaristan ve T\u00fcrkiye\u2019de iki b\u00fcy\u00fck fabrika kurma karar\u0131 ald\u0131. Macaristan\u2019daki tesisin in\u015faat\u0131 2024 ba\u015f\u0131nda ba\u015flad\u0131. T\u00fcrkiye\u2019deki tesis i\u00e7in 1 milyar dolarl\u0131k yat\u0131r\u0131m yap\u0131ld\u0131.<\/p>\n\n\n\n<p>Ayr\u0131ca, \u015firket Avrupa\u2019da ara\u00e7 yelpazesini \u00e7e\u015fitlendirdi. Hem ekonomik s\u0131n\u0131fa hem de premium segmente hitap eden modeller geli\u015ftirdi.<\/p>\n\n\n\n<p>Buna kar\u015f\u0131n, \u00c7in merkezli \u00fcreticiler ABD pazar\u0131nda kar\u015f\u0131la\u015ft\u0131klar\u0131 zorluklar nedeniyle geri planda kald\u0131. ABD y\u00f6netimi, May\u0131s 2024\u2019te \u00c7in mal\u0131 EV\u2019lere uygulanan tarifeyi y\u00fczde 100\u2019e y\u00fckseltti. Bu hamle, sekt\u00f6rdeki rekabeti do\u011frudan etkiledi.<\/p>\n\n\n\n<p>Ayr\u0131ca \u00c7in markalar\u0131 ABD\u2019de t\u00fcketicilerden yeterli g\u00fcveni g\u00f6remedi. Federal vergi indirimleri yaln\u0131zca yerli \u00fcretime uyguland\u0131. Bu durum, \u00c7inli \u00fcreticileri dezavantajl\u0131 hale getirdi.<\/p>\n\n\n\n<p>BYD, \u015fu anda ABD&#8217;ye sadece elektrikli otob\u00fcs ve ticari ara\u00e7 sat\u0131\u015f\u0131 yap\u0131yor. Binek otomobil pazar\u0131na girmeyi k\u0131sa vadede planlam\u0131yor. ABD\u2019nin kat\u0131 kurallar\u0131 ve t\u00fcketici alg\u0131s\u0131, bu kararda etkili oldu.<\/p>\n\n\n\n<p>Sonu\u00e7 olarak \u00c7in, elektrikli ara\u00e7lar\u0131 k\u00fcresel ihracat stratejisinin merkezine yerle\u015ftirdi. Avrupa pazar\u0131 bu stratejiyi destekledi. \u00c7in merkezli EV \u00fcreticileri Avrupa ve di\u011fer b\u00f6lgelerde h\u0131zl\u0131 b\u00fcy\u00fcme yakalad\u0131. <\/p>\n\n\n\n<p>Ancak ABD pazar\u0131, y\u00fcksek vergiler ve korumac\u0131 politikalar nedeniyle kapal\u0131 kald\u0131. ABD\u2019nin koruyucu \u00f6nlemleri \u00c7inli markalar\u0131 d\u0131\u015far\u0131da tuttu. Bu durum, k\u00fcresel otomotiv rekabetinde yeni bir d\u00f6nem ba\u015flatt\u0131.<\/p>\n","protected":false},"excerpt":{"rendered":"<p>\u00c7in merkezli otomobil \u00fcreticileri, elektrikli ara\u00e7 ihracat\u0131n\u0131 2025\u2019te rekor seviyeye ta\u015f\u0131d\u0131. \u00c7in, \u00f6zellikle yeni enerji ara\u00e7lar\u0131 (NEV) ile k\u00fcresel pazarlarda h\u0131zl\u0131 b\u00fcy\u00fcme sa\u011flad\u0131. Ancak ABD pazar\u0131nda, s\u0131k\u0131 vergi politikalar\u0131 nedeniyle bu b\u00fcy\u00fcmeyi g\u00f6steremedi. \u00c7in, 2025\u2019in ilk yar\u0131s\u0131nda toplam 3.08 milyon ara\u00e7 ihra\u00e7 etti. Bu rakam, ge\u00e7en y\u0131la g\u00f6re y\u00fczde 10.4 art\u0131\u015f g\u00f6sterdi. Ayn\u0131 d\u00f6nemde \u00c7in, [&hellip;]<\/p>\n","protected":false},"author":13996,"featured_media":160736,"comment_status":"closed","ping_status":"open","sticky":false,"template":"","format":"standard","meta":{"_yoast_wpseo_focuskw":"\u00c7in Mal\u0131 Elektrikli Ara\u00e7lar","_yoast_wpseo_title":"","_yoast_wpseo_metadesc":"\u00c7in mal\u0131 elektrikli ara\u00e7lar Avrupa\u2019da h\u0131zla b\u00fcy\u00fcyor, ancak ABD pazar\u0131 y\u00fcksek vergiler ve engeller nedeniyle kapal\u0131 kal\u0131yor.","_bbp_topic_count":0,"_bbp_reply_count":0,"_bbp_total_topic_count":0,"_bbp_total_reply_count":0,"_bbp_voice_count":0,"_bbp_anonymous_reply_count":0,"_bbp_topic_count_hidden":0,"_bbp_reply_count_hidden":0,"_bbp_forum_subforum_count":0,"footnotes":"","_yoast_wpseo_focuskw_text_input":""},"categories":[8,519,1],"tags":[1652,9101,2041,9100],"yoast_head":"<!-- This site is optimized with the Yoast SEO plugin v23.0 - https:\/\/yoast.com\/wordpress\/plugins\/seo\/ -->\n<title>\u00c7in Mal\u0131 Elektrikli Ara\u00e7lar Avrupa\u2019da Y\u00fckseli\u015fte - The Epoch Times TR<\/title>\n<meta name=\"description\" content=\"\u00c7in mal\u0131 elektrikli ara\u00e7lar Avrupa\u2019da h\u0131zla b\u00fcy\u00fcyor, ancak ABD pazar\u0131 y\u00fcksek vergiler ve engeller nedeniyle kapal\u0131 kal\u0131yor.\" \/>\n<meta name=\"robots\" content=\"index, follow, max-snippet:-1, max-image-preview:large, max-video-preview:-1\" \/>\n<link rel=\"canonical\" href=\"https:\/\/epochtimestr.com\/index.php\/cin-mali-elektrikli-araclar-avrupada-yukseliste\" \/>\n<meta property=\"og:locale\" content=\"tr_TR\" \/>\n<meta property=\"og:type\" content=\"article\" \/>\n<meta property=\"og:title\" content=\"\u00c7in Mal\u0131 Elektrikli Ara\u00e7lar Avrupa\u2019da Y\u00fckseli\u015fte - The Epoch Times TR\" \/>\n<meta property=\"og:description\" content=\"\u00c7in mal\u0131 elektrikli ara\u00e7lar Avrupa\u2019da h\u0131zla b\u00fcy\u00fcyor, ancak ABD pazar\u0131 y\u00fcksek vergiler ve engeller nedeniyle kapal\u0131 kal\u0131yor.\" \/>\n<meta property=\"og:url\" content=\"https:\/\/epochtimestr.com\/index.php\/cin-mali-elektrikli-araclar-avrupada-yukseliste\" \/>\n<meta property=\"og:site_name\" content=\"The Epoch Times TR\" \/>\n<meta property=\"article:publisher\" content=\"https:\/\/www.facebook.com\/theepochtimestr\" \/>\n<meta property=\"article:published_time\" content=\"2025-07-18T17:43:56+00:00\" \/>\n<meta property=\"article:modified_time\" content=\"2025-07-18T17:43:58+00:00\" \/>\n<meta property=\"og:image\" content=\"https:\/\/epochtimestr.com\/wp-content\/uploads\/2011y\/1000021392-scaled.jpg\" \/>\n\t<meta property=\"og:image:width\" content=\"2560\" \/>\n\t<meta property=\"og:image:height\" content=\"1920\" \/>\n\t<meta property=\"og:image:type\" content=\"image\/jpeg\" \/>\n<meta name=\"author\" content=\"Leo Bajelan\" \/>\n<meta name=\"twitter:card\" content=\"summary_large_image\" \/>\n<meta name=\"twitter:creator\" content=\"@TheEpochTimesTR\" \/>\n<meta name=\"twitter:site\" content=\"@TheEpochTimesTR\" \/>\n<meta name=\"twitter:label1\" content=\"Yazan:\" \/>\n\t<meta name=\"twitter:data1\" content=\"Leo Bajelan\" \/>\n\t<meta name=\"twitter:label2\" content=\"Tahmini okuma s\u00fcresi\" \/>\n\t<meta name=\"twitter:data2\" content=\"4 dakika\" \/>\n<script type=\"application\/ld+json\" class=\"yoast-schema-graph\">{\"@context\":\"https:\/\/schema.org\",\"@graph\":[{\"@type\":\"Article\",\"@id\":\"https:\/\/epochtimestr.com\/index.php\/cin-mali-elektrikli-araclar-avrupada-yukseliste#article\",\"isPartOf\":{\"@id\":\"https:\/\/epochtimestr.com\/index.php\/cin-mali-elektrikli-araclar-avrupada-yukseliste\"},\"author\":{\"name\":\"Leo Bajelan\",\"@id\":\"https:\/\/epochtimestr.com\/#\/schema\/person\/5fef218711d76d8f232b0e1f1d7e4c0d\"},\"headline\":\"\u00c7in Mal\u0131 Elektrikli Ara\u00e7lar Avrupa\u2019da Y\u00fckseli\u015fte\",\"datePublished\":\"2025-07-18T17:43:56+00:00\",\"dateModified\":\"2025-07-18T17:43:58+00:00\",\"mainEntityOfPage\":{\"@id\":\"https:\/\/epochtimestr.com\/index.php\/cin-mali-elektrikli-araclar-avrupada-yukseliste\"},\"wordCount\":686,\"publisher\":{\"@id\":\"https:\/\/epochtimestr.com\/#organization\"},\"image\":{\"@id\":\"https:\/\/epochtimestr.com\/index.php\/cin-mali-elektrikli-araclar-avrupada-yukseliste#primaryimage\"},\"thumbnailUrl\":\"https:\/\/epochtimestr.com\/wp-content\/uploads\/2011y\/1000021392-scaled.jpg\",\"keywords\":[\"AB\",\"ABD pazarlar\u0131\",\"\u00e7in ekonomisi\",\"\u00c7inli elektrik ara\u00e7lar\"],\"articleSection\":[\"\u00c7\u0130N\",\"ED\u0130T\u00d6R\u00dcN SE\u00c7\u0130M\u0130\",\"G\u00dcNDEM\"],\"inLanguage\":\"tr\"},{\"@type\":\"WebPage\",\"@id\":\"https:\/\/epochtimestr.com\/index.php\/cin-mali-elektrikli-araclar-avrupada-yukseliste\",\"url\":\"https:\/\/epochtimestr.com\/index.php\/cin-mali-elektrikli-araclar-avrupada-yukseliste\",\"name\":\"\u00c7in Mal\u0131 Elektrikli Ara\u00e7lar Avrupa\u2019da Y\u00fckseli\u015fte - The Epoch Times TR\",\"isPartOf\":{\"@id\":\"https:\/\/epochtimestr.com\/#website\"},\"primaryImageOfPage\":{\"@id\":\"https:\/\/epochtimestr.com\/index.php\/cin-mali-elektrikli-araclar-avrupada-yukseliste#primaryimage\"},\"image\":{\"@id\":\"https:\/\/epochtimestr.com\/index.php\/cin-mali-elektrikli-araclar-avrupada-yukseliste#primaryimage\"},\"thumbnailUrl\":\"https:\/\/epochtimestr.com\/wp-content\/uploads\/2011y\/1000021392-scaled.jpg\",\"datePublished\":\"2025-07-18T17:43:56+00:00\",\"dateModified\":\"2025-07-18T17:43:58+00:00\",\"description\":\"\u00c7in mal\u0131 elektrikli ara\u00e7lar Avrupa\u2019da h\u0131zla b\u00fcy\u00fcyor, ancak ABD pazar\u0131 y\u00fcksek vergiler ve engeller nedeniyle kapal\u0131 kal\u0131yor.\",\"inLanguage\":\"tr\",\"potentialAction\":[{\"@type\":\"ReadAction\",\"target\":[\"https:\/\/epochtimestr.com\/index.php\/cin-mali-elektrikli-araclar-avrupada-yukseliste\"]}]},{\"@type\":\"ImageObject\",\"inLanguage\":\"tr\",\"@id\":\"https:\/\/epochtimestr.com\/index.php\/cin-mali-elektrikli-araclar-avrupada-yukseliste#primaryimage\",\"url\":\"https:\/\/epochtimestr.com\/wp-content\/uploads\/2011y\/1000021392-scaled.jpg\",\"contentUrl\":\"https:\/\/epochtimestr.com\/wp-content\/uploads\/2011y\/1000021392-scaled.jpg\",\"width\":2560,\"height\":1920},{\"@type\":\"WebSite\",\"@id\":\"https:\/\/epochtimestr.com\/#website\",\"url\":\"https:\/\/epochtimestr.com\/\",\"name\":\"The Epoch Times TR\",\"description\":\"De\u011fi\u015fen D\u00fcnyam\u0131za Taze Bir Bak\u0131\u015f\",\"publisher\":{\"@id\":\"https:\/\/epochtimestr.com\/#organization\"},\"potentialAction\":[{\"@type\":\"SearchAction\",\"target\":{\"@type\":\"EntryPoint\",\"urlTemplate\":\"https:\/\/epochtimestr.com\/?s={search_term_string}\"},\"query-input\":\"required name=search_term_string\"}],\"inLanguage\":\"tr\"},{\"@type\":\"Organization\",\"@id\":\"https:\/\/epochtimestr.com\/#organization\",\"name\":\"The EpochTimes T\u00fcrkiye\",\"url\":\"https:\/\/epochtimestr.com\/\",\"logo\":{\"@type\":\"ImageObject\",\"inLanguage\":\"tr\",\"@id\":\"https:\/\/epochtimestr.com\/#\/schema\/logo\/image\/\",\"url\":\"https:\/\/epochtimestr.com\/wp-content\/uploads\/2011y\/ET-Logo-YG.jpg\",\"contentUrl\":\"https:\/\/epochtimestr.com\/wp-content\/uploads\/2011y\/ET-Logo-YG.jpg\",\"width\":346,\"height\":29,\"caption\":\"The EpochTimes T\u00fcrkiye\"},\"image\":{\"@id\":\"https:\/\/epochtimestr.com\/#\/schema\/logo\/image\/\"},\"sameAs\":[\"https:\/\/www.facebook.com\/theepochtimestr\",\"https:\/\/x.com\/TheEpochTimesTR\",\"https:\/\/www.instagram.com\/epochtimestr\"]},{\"@type\":\"Person\",\"@id\":\"https:\/\/epochtimestr.com\/#\/schema\/person\/5fef218711d76d8f232b0e1f1d7e4c0d\",\"name\":\"Leo Bajelan\",\"image\":{\"@type\":\"ImageObject\",\"inLanguage\":\"tr\",\"@id\":\"https:\/\/epochtimestr.com\/#\/schema\/person\/image\/\",\"url\":\"https:\/\/secure.gravatar.com\/avatar\/917669146f489549e548a2e9af272df5?s=96&d=mm&r=g\",\"contentUrl\":\"https:\/\/secure.gravatar.com\/avatar\/917669146f489549e548a2e9af272df5?s=96&d=mm&r=g\",\"caption\":\"Leo Bajelan\"},\"url\":\"https:\/\/epochtimestr.com\/index.php\/author\/leo\"}]}<\/script>\n<!-- \/ Yoast SEO plugin. -->","yoast_head_json":{"title":"\u00c7in Mal\u0131 Elektrikli Ara\u00e7lar Avrupa\u2019da Y\u00fckseli\u015fte - The Epoch Times TR","description":"\u00c7in mal\u0131 elektrikli ara\u00e7lar Avrupa\u2019da h\u0131zla b\u00fcy\u00fcyor, ancak ABD pazar\u0131 y\u00fcksek vergiler ve engeller nedeniyle kapal\u0131 kal\u0131yor.","robots":{"index":"index","follow":"follow","max-snippet":"max-snippet:-1","max-image-preview":"max-image-preview:large","max-video-preview":"max-video-preview:-1"},"canonical":"https:\/\/epochtimestr.com\/index.php\/cin-mali-elektrikli-araclar-avrupada-yukseliste","og_locale":"tr_TR","og_type":"article","og_title":"\u00c7in Mal\u0131 Elektrikli Ara\u00e7lar Avrupa\u2019da Y\u00fckseli\u015fte - The Epoch Times TR","og_description":"\u00c7in mal\u0131 elektrikli ara\u00e7lar Avrupa\u2019da h\u0131zla b\u00fcy\u00fcyor, ancak ABD pazar\u0131 y\u00fcksek vergiler ve engeller nedeniyle kapal\u0131 kal\u0131yor.","og_url":"https:\/\/epochtimestr.com\/index.php\/cin-mali-elektrikli-araclar-avrupada-yukseliste","og_site_name":"The Epoch Times TR","article_publisher":"https:\/\/www.facebook.com\/theepochtimestr","article_published_time":"2025-07-18T17:43:56+00:00","article_modified_time":"2025-07-18T17:43:58+00:00","og_image":[{"width":2560,"height":1920,"url":"https:\/\/epochtimestr.com\/wp-content\/uploads\/2011y\/1000021392-scaled.jpg","type":"image\/jpeg"}],"author":"Leo Bajelan","twitter_card":"summary_large_image","twitter_creator":"@TheEpochTimesTR","twitter_site":"@TheEpochTimesTR","twitter_misc":{"Yazan:":"Leo Bajelan","Tahmini okuma s\u00fcresi":"4 dakika"},"schema":{"@context":"https:\/\/schema.org","@graph":[{"@type":"Article","@id":"https:\/\/epochtimestr.com\/index.php\/cin-mali-elektrikli-araclar-avrupada-yukseliste#article","isPartOf":{"@id":"https:\/\/epochtimestr.com\/index.php\/cin-mali-elektrikli-araclar-avrupada-yukseliste"},"author":{"name":"Leo Bajelan","@id":"https:\/\/epochtimestr.com\/#\/schema\/person\/5fef218711d76d8f232b0e1f1d7e4c0d"},"headline":"\u00c7in Mal\u0131 Elektrikli Ara\u00e7lar Avrupa\u2019da Y\u00fckseli\u015fte","datePublished":"2025-07-18T17:43:56+00:00","dateModified":"2025-07-18T17:43:58+00:00","mainEntityOfPage":{"@id":"https:\/\/epochtimestr.com\/index.php\/cin-mali-elektrikli-araclar-avrupada-yukseliste"},"wordCount":686,"publisher":{"@id":"https:\/\/epochtimestr.com\/#organization"},"image":{"@id":"https:\/\/epochtimestr.com\/index.php\/cin-mali-elektrikli-araclar-avrupada-yukseliste#primaryimage"},"thumbnailUrl":"https:\/\/epochtimestr.com\/wp-content\/uploads\/2011y\/1000021392-scaled.jpg","keywords":["AB","ABD pazarlar\u0131","\u00e7in ekonomisi","\u00c7inli elektrik ara\u00e7lar"],"articleSection":["\u00c7\u0130N","ED\u0130T\u00d6R\u00dcN SE\u00c7\u0130M\u0130","G\u00dcNDEM"],"inLanguage":"tr"},{"@type":"WebPage","@id":"https:\/\/epochtimestr.com\/index.php\/cin-mali-elektrikli-araclar-avrupada-yukseliste","url":"https:\/\/epochtimestr.com\/index.php\/cin-mali-elektrikli-araclar-avrupada-yukseliste","name":"\u00c7in Mal\u0131 Elektrikli Ara\u00e7lar Avrupa\u2019da Y\u00fckseli\u015fte - The Epoch Times TR","isPartOf":{"@id":"https:\/\/epochtimestr.com\/#website"},"primaryImageOfPage":{"@id":"https:\/\/epochtimestr.com\/index.php\/cin-mali-elektrikli-araclar-avrupada-yukseliste#primaryimage"},"image":{"@id":"https:\/\/epochtimestr.com\/index.php\/cin-mali-elektrikli-araclar-avrupada-yukseliste#primaryimage"},"thumbnailUrl":"https:\/\/epochtimestr.com\/wp-content\/uploads\/2011y\/1000021392-scaled.jpg","datePublished":"2025-07-18T17:43:56+00:00","dateModified":"2025-07-18T17:43:58+00:00","description":"\u00c7in mal\u0131 elektrikli ara\u00e7lar Avrupa\u2019da h\u0131zla b\u00fcy\u00fcyor, ancak ABD pazar\u0131 y\u00fcksek vergiler ve engeller nedeniyle kapal\u0131 kal\u0131yor.","inLanguage":"tr","potentialAction":[{"@type":"ReadAction","target":["https:\/\/epochtimestr.com\/index.php\/cin-mali-elektrikli-araclar-avrupada-yukseliste"]}]},{"@type":"ImageObject","inLanguage":"tr","@id":"https:\/\/epochtimestr.com\/index.php\/cin-mali-elektrikli-araclar-avrupada-yukseliste#primaryimage","url":"https:\/\/epochtimestr.com\/wp-content\/uploads\/2011y\/1000021392-scaled.jpg","contentUrl":"https:\/\/epochtimestr.com\/wp-content\/uploads\/2011y\/1000021392-scaled.jpg","width":2560,"height":1920},{"@type":"WebSite","@id":"https:\/\/epochtimestr.com\/#website","url":"https:\/\/epochtimestr.com\/","name":"The Epoch Times TR","description":"De\u011fi\u015fen D\u00fcnyam\u0131za Taze Bir Bak\u0131\u015f","publisher":{"@id":"https:\/\/epochtimestr.com\/#organization"},"potentialAction":[{"@type":"SearchAction","target":{"@type":"EntryPoint","urlTemplate":"https:\/\/epochtimestr.com\/?s={search_term_string}"},"query-input":"required name=search_term_string"}],"inLanguage":"tr"},{"@type":"Organization","@id":"https:\/\/epochtimestr.com\/#organization","name":"The EpochTimes T\u00fcrkiye","url":"https:\/\/epochtimestr.com\/","logo":{"@type":"ImageObject","inLanguage":"tr","@id":"https:\/\/epochtimestr.com\/#\/schema\/logo\/image\/","url":"https:\/\/epochtimestr.com\/wp-content\/uploads\/2011y\/ET-Logo-YG.jpg","contentUrl":"https:\/\/epochtimestr.com\/wp-content\/uploads\/2011y\/ET-Logo-YG.jpg","width":346,"height":29,"caption":"The EpochTimes T\u00fcrkiye"},"image":{"@id":"https:\/\/epochtimestr.com\/#\/schema\/logo\/image\/"},"sameAs":["https:\/\/www.facebook.com\/theepochtimestr","https:\/\/x.com\/TheEpochTimesTR","https:\/\/www.instagram.com\/epochtimestr"]},{"@type":"Person","@id":"https:\/\/epochtimestr.com\/#\/schema\/person\/5fef218711d76d8f232b0e1f1d7e4c0d","name":"Leo Bajelan","image":{"@type":"ImageObject","inLanguage":"tr","@id":"https:\/\/epochtimestr.com\/#\/schema\/person\/image\/","url":"https:\/\/secure.gravatar.com\/avatar\/917669146f489549e548a2e9af272df5?s=96&d=mm&r=g","contentUrl":"https:\/\/secure.gravatar.com\/avatar\/917669146f489549e548a2e9af272df5?s=96&d=mm&r=g","caption":"Leo Bajelan"},"url":"https:\/\/epochtimestr.com\/index.php\/author\/leo"}]}},"_links":{"self":[{"href":"https:\/\/epochtimestr.com\/index.php\/wp-json\/wp\/v2\/posts\/160735"}],"collection":[{"href":"https:\/\/epochtimestr.com\/index.php\/wp-json\/wp\/v2\/posts"}],"about":[{"href":"https:\/\/epochtimestr.com\/index.php\/wp-json\/wp\/v2\/types\/post"}],"author":[{"embeddable":true,"href":"https:\/\/epochtimestr.com\/index.php\/wp-json\/wp\/v2\/users\/13996"}],"replies":[{"embeddable":true,"href":"https:\/\/epochtimestr.com\/index.php\/wp-json\/wp\/v2\/comments?post=160735"}],"version-history":[{"count":2,"href":"https:\/\/epochtimestr.com\/index.php\/wp-json\/wp\/v2\/posts\/160735\/revisions"}],"predecessor-version":[{"id":160757,"href":"https:\/\/epochtimestr.com\/index.php\/wp-json\/wp\/v2\/posts\/160735\/revisions\/160757"}],"wp:featuredmedia":[{"embeddable":true,"href":"https:\/\/epochtimestr.com\/index.php\/wp-json\/wp\/v2\/media\/160736"}],"wp:attachment":[{"href":"https:\/\/epochtimestr.com\/index.php\/wp-json\/wp\/v2\/media?parent=160735"}],"wp:term":[{"taxonomy":"category","embeddable":true,"href":"https:\/\/epochtimestr.com\/index.php\/wp-json\/wp\/v2\/categories?post=160735"},{"taxonomy":"post_tag","embeddable":true,"href":"https:\/\/epochtimestr.com\/index.php\/wp-json\/wp\/v2\/tags?post=160735"}],"curies":[{"name":"wp","href":"https:\/\/api.w.org\/{rel}","templated":true}]}}