{"id":161422,"date":"2025-08-10T11:02:19","date_gmt":"2025-08-10T08:02:19","guid":{"rendered":"https:\/\/epochtimestr.com\/?p=161422"},"modified":"2025-08-22T11:12:17","modified_gmt":"2025-08-22T08:12:17","slug":"gozlerime-inanamiyorum","status":"publish","type":"post","link":"https:\/\/epochtimestr.com\/index.php\/gozlerime-inanamiyorum","title":{"rendered":"G\u00f6zlerime \u0130nanam\u0131yorum"},"content":{"rendered":"\n<p>&#8220;Tam anlam\u0131yla kat\u0131, ac\u0131mas\u0131z ve amans\u0131z bir k\u00f6rler d\u00fcnyas\u0131 var. Neler g\u00f6rmek zorunda kald\u0131\u011f\u0131m\u0131 bir bilebilseydin, g\u00f6zlerinin g\u00f6rmemesini isterdin.&#8221;<br \/>K\u00f6rl\u00fck \/ Jos\u00e9 Saramago<\/p>\n\n\n\n<p>Size g\u00f6zlerimiz oldu\u011fu i\u00e7in, g\u00f6rebildi\u011fimiz i\u00e7in belki de b\u00fcy\u00fck bir k\u00f6rl\u00fc\u011f\u00fcn i\u00e7inde oldu\u011fumuzu s\u00f6ylesem, bana inan\u0131r m\u0131yd\u0131n\u0131z?\t<\/p>\n\n\n\n<p>Ya\u015fad\u0131\u011f\u0131m\u0131z \u00e7a\u011fda d\u00fcnya, g\u00f6rsel (Visual) alg\u0131larla bi\u00e7imlendirilen bir panay\u0131r yerine d\u00f6n\u00fc\u015ft\u00fc. G\u00f6z\u00fcm\u00fcz\u00fc a\u00e7t\u0131\u011f\u0131m\u0131z andan itibaren y\u00fczlerce g\u00f6rsel uyar\u0131c\u0131n\u0131n bombard\u0131man\u0131na maruz b\u0131rak\u0131l\u0131yoruz.\t<\/p>\n\n\n\n<p>Bilboardlar, cep telefonlar\u0131, bilgisayar ekranlar\u0131, trafik \u0131\u015f\u0131klar\u0131, televizyonlar\u2026 Hepsi g\u00f6zlerimizin i\u00e7inden hayat\u0131m\u0131za \/ zihnimize giren uyaranlar, komutlar, y\u00f6nlendiriciler\u2026 B\u00fct\u00fcn bu ara\u00e7lar bizi birer izleyici konumunda tutuyor. Ekrana bak\u0131yor ve ne yapaca\u011f\u0131m\u0131za karar (!) veriyoruz.<\/p>\n\n\n\n<p>Yapt\u0131\u011f\u0131m\u0131z kahvalt\u0131, i\u00e7ti\u011fimiz kahve, kahvenin markas\u0131, giyini\u015fimiz, giyinme bi\u00e7imimiz, renk uyumu\u2026 Ezberden yapt\u0131\u011f\u0131m\u0131z bir\u00e7ok \u015fey daha \u00f6nce g\u00f6rd\u00fcklerimizin birer tekrar\u0131. \u00d6yle g\u00f6rd\u00fc\u011f\u00fcm\u00fcz i\u00e7in \u00f6yle anlad\u0131\u011f\u0131m\u0131z, \u00f6yle ya\u015fad\u0131\u011f\u0131m\u0131z bir hayat. Bunu giy, bunu s\u00fcr, \u015funu tak, \u015f\u00f6yle y\u00fcr\u00fc, b\u00f6yle g\u00f6r\u00fcn\u2026 Kendimizi bildik bileli hayat\u0131n nas\u0131l ya\u015fanaca\u011f\u0131n\u0131 birilerinin telkin ve tavsiyelerinden \u00f6\u011frendik. Sorgulamad\u0131k bir\u00e7ok \u015feyi. Herkes \u00f6yle yap\u0131yor, b\u00f6yle ya\u015f\u0131yordu. Ba\u015fkalar\u0131n\u0131n nas\u0131l yapt\u0131\u011f\u0131na bakt\u0131k ve biz de \u00f6yle yapt\u0131k.<\/p>\n\n\n\n<p>Yaz\u0131n mutlaka tatile gidilir. Tatil, havuzlu bir otelde, \u015fezlonga uzan\u0131p so\u011fuk bir \u015feyler yudumlayarak yap\u0131l\u0131r. Evlenme teklifi erke\u011fin kad\u0131n\u0131n \u00f6n\u00fcnde diz \u00e7\u00f6k\u00fcp y\u00fcz\u00fck kutusunu a\u00e7mas\u0131 seremonisiyle ba\u015flar. E\u011flenmek m\u00fczik e\u015fli\u011finde kahkaha atarak, dans ederek olur. Yas siyahlara b\u00fcr\u00fcnerek, g\u00fcne\u015f g\u00f6zl\u00fckleri takarak tutulur\u2026<\/p>\n\n\n\n<p>Neden mi, \u00e7\u00fcnk\u00fc b\u00f6yle g\u00f6rd\u00fck, g\u00f6rd\u00fc\u011f\u00fcm\u00fcz\u00fc b\u00f6yle anlad\u0131k, hayat\u0131 b\u00f6yle \u00f6\u011frendik. G\u00f6renek denen kavram\u0131 bilirsiniz, &#8216;ba\u015fkalar\u0131ndan g\u00f6rerek edindi\u011fimiz davran\u0131\u015flar&#8217;. Mesela tespih, zincir sallamak.<\/p>\n\n\n\n<p>Ba\u015fkalar\u0131n\u0131 g\u00f6rerek, di\u011ferlerine bakarak bir hayat \u00fcretiriz. Ve buna da bizim hayat\u0131m\u0131z deriz.<\/p>\n\n\n\n<p>.\u2026\t<\/p>\n\n\n\n<p>Ya\u015famak i\u00e7in g\u00f6zlerimize, bakmaya ve daha \u00f6nemlisi g\u00f6rmeye ihtiyac\u0131m\u0131z var elbette. Bunu tart\u0131\u015fm\u0131yoruz.\t <\/p>\n\n\n\n<p>Fakat g\u00f6zlerimizle yetinemeyiz. G\u00f6zlerimiz manip\u00fclasyona en a\u00e7\u0131k taraf\u0131m\u0131zd\u0131r. En basit \u00f6rne\u011fiyle su dolu bir cam bardaktaki \u00e7ay ka\u015f\u0131\u011f\u0131n\u0131 k\u0131r\u0131k g\u00f6r\u00fcr\u00fcz ve bunun g\u00f6zlerimizin bize oynad\u0131\u011f\u0131 bir oyun oldu\u011funu biliriz. En \u00e7ok yan\u0131lan ve bizi de en \u00e7ok yan\u0131ltan kavray\u0131\u015f bi\u00e7imimizdir g\u00f6rmek.<\/p>\n\n\n\n<p>G\u00f6zlerimizle yetinemeyiz. Di\u011fer duyular\u0131m\u0131zla da sa\u011flamas\u0131n\u0131 yapmam\u0131z gerekir, tan\u0131k olduklar\u0131m\u0131z\u0131n anlam\u0131na varmak i\u00e7in.<\/p>\n\n\n\n<p>Duyma yetene\u011fini do\u011fu\u015ftan kaybetmi\u015f birinin ilk defa bir d\u00fc\u011f\u00fcne tan\u0131k oldu\u011funu d\u00fc\u015f\u00fcn\u00fcn. Bir yaz gecesi olsun, mahallede y\u00fcr\u00fcrken renkli \u0131\u015f\u0131klar\u0131n ve kalabal\u0131\u011f\u0131n topland\u0131\u011f\u0131 bir bah\u00e7eye rast gelsin. Oradan oraya tela\u015fla ko\u015fturan insanlar\u0131 seyre koyulsun. G\u00f6rece\u011fi \u015fey ne olur? Yap\u0131l\u0131 sa\u00e7lar\u0131 ve dekoltesi abart\u0131lm\u0131\u015f k\u0131yafetleriyle hoplay\u0131p z\u0131playan kad\u0131nlar ve terli \u00e7\u0131rp\u0131n\u0131\u015flar i\u00e7inde ellerini kald\u0131rarak garip hareketler yapan adamlar. Beyaz g\u00f6mleklerinden ta\u015fan g\u00f6beklerini titreterek, gerdan k\u0131rarak y\u0131lankavi fig\u00fcrler sergileyen insanlar&#8230;<\/p>\n\n\n\n<p>Bu duyma engelli ki\u015fi, ilk kez kar\u015f\u0131la\u015ft\u0131\u011f\u0131 bu durum kar\u015f\u0131s\u0131nda ne d\u00fc\u015f\u00fcn\u00fcr? Mahallenin topluca cinnet ge\u00e7irdi\u011fini mi? Salg\u0131n bir hastal\u0131\u011fa yakaland\u0131\u011f\u0131n\u0131 m\u0131? Ya da hayal g\u00f6rd\u00fc\u011f\u00fcn\u00fc m\u00fc? M\u00fczik ba\u011flam\u0131ndan kopar\u0131ld\u0131\u011f\u0131 i\u00e7in bu d\u00fc\u011f\u00fcn -sadece g\u00f6zle izlenerek- komik ya da ac\u0131kl\u0131 bir ifadeye d\u00f6n\u00fc\u015fm\u00fc\u015ft\u00fcr.<\/p>\n\n\n\n<p>Bu y\u00fczden g\u00f6rd\u00fcklerimiz ba\u015fka verilerle izah edilmeye muhta\u00e7t\u0131r \u00e7o\u011fu kez.<\/p>\n\n\n\n<p>.\u2026\t<\/p>\n\n\n\n<p>Sadece izleyici olarak, bakarak t\u00fcketti\u011fimiz zaman dilimi yanl\u0131\u015f ya\u015fanm\u0131\u015ft\u0131r. Ve g\u00fcn\u00fcm\u00fczde milyonlarca hayat b\u00f6yle ya\u015fan\u0131yor. Cep telefonlar\u0131, ekranlar, televizyonlar, videolar \u00fczerinden, yaln\u0131zca g\u00f6zlerimiz ve duygular\u0131m\u0131zla alg\u0131lad\u0131\u011f\u0131m\u0131z bir d\u00fcnyada, bu ara\u00e7lar\u0131 kullananlar\u0131n ama\u00e7lad\u0131\u011f\u0131 \u015feyleri hissedebildi\u011fimiz, anlayabildi\u011fimiz bir canl\u0131 t\u00fcr\u00fcne, birer zombiye d\u00f6n\u00fc\u015fmekteyiz.<\/p>\n\n\n\n<p>Modern d\u00fcnyan\u0131n ileti\u015fim ara\u00e7lar\u0131 kendimizle aram\u0131za mesafe koymakta ve bu ara\u00e7lar\u0131n g\u00f6zlerimize tuttu\u011fu projekt\u00f6r\u00fcn parlak beyaz \u0131\u015f\u0131\u011f\u0131n\u0131n \u015fiddetiyle k\u00f6rle\u015fmekte, \u0131\u015f\u0131ktan ba\u015fka bir \u015fey g\u00f6rememekteyiz.<\/p>\n\n\n\n<p>Ve biz bu \u0131\u015f\u0131\u011f\u0131n karanl\u0131\u011f\u0131ndan ancak okuyarak, okudu\u011funu yorumlayarak, tasavvur ederek, tefekk\u00fcr ederek ve en \u00f6nemlisi kalbimize dan\u0131\u015farak \u00e7\u0131kabilir, insan kalabilir, ger\u00e7ekten ya\u015fayabiliriz.<\/p>\n\n\n\n<p>Bu hamur \u00e7ok su g\u00f6t\u00fcr\u00fcr ve takdir edersiniz ki, bir sayfada nihayete varamayacak kadar di\u015fi, do\u011furgan bir konudan s\u00f6z ediyoruz.<\/p>\n\n\n\n<p>\u015eimdilik bu kadarla yetiniyor ve meseleyi o kli\u015fe c\u00fcmleyle noktal\u0131yorum: \u201cG\u00f6r\u00fcnd\u00fc\u011f\u00fc gibi de\u011fil, a\u00e7\u0131klayabilirim!&#8221;<\/p>\n","protected":false},"excerpt":{"rendered":"<p>&#8220;Tam anlam\u0131yla kat\u0131, ac\u0131mas\u0131z ve amans\u0131z bir k\u00f6rler d\u00fcnyas\u0131 var. Neler g\u00f6rmek zorunda kald\u0131\u011f\u0131m\u0131 bir bilebilseydin, g\u00f6zlerinin g\u00f6rmemesini isterdin.&#8221;K\u00f6rl\u00fck \/ Jos\u00e9 Saramago Size g\u00f6zlerimiz oldu\u011fu i\u00e7in, g\u00f6rebildi\u011fimiz i\u00e7in belki de b\u00fcy\u00fck bir k\u00f6rl\u00fc\u011f\u00fcn i\u00e7inde oldu\u011fumuzu s\u00f6ylesem, bana inan\u0131r m\u0131yd\u0131n\u0131z? Ya\u015fad\u0131\u011f\u0131m\u0131z \u00e7a\u011fda d\u00fcnya, g\u00f6rsel (Visual) alg\u0131larla bi\u00e7imlendirilen bir panay\u0131r yerine d\u00f6n\u00fc\u015ft\u00fc. G\u00f6z\u00fcm\u00fcz\u00fc a\u00e7t\u0131\u011f\u0131m\u0131z andan itibaren y\u00fczlerce [&hellip;]<\/p>\n","protected":false},"author":14002,"featured_media":161248,"comment_status":"open","ping_status":"open","sticky":false,"template":"","format":"standard","meta":{"_yoast_wpseo_focuskw":"G\u00f6zlerimiz","_yoast_wpseo_title":"","_yoast_wpseo_metadesc":"Size g\u00f6zlerimiz oldu\u011fu i\u00e7in, g\u00f6rebildi\u011fimiz i\u00e7in belki de b\u00fcy\u00fck bir k\u00f6rl\u00fc\u011f\u00fcn i\u00e7inde oldu\u011fumuzu s\u00f6ylesem, bana inan\u0131r m\u0131yd\u0131n\u0131z?","_bbp_topic_count":0,"_bbp_reply_count":0,"_bbp_total_topic_count":0,"_bbp_total_reply_count":0,"_bbp_voice_count":0,"_bbp_anonymous_reply_count":0,"_bbp_topic_count_hidden":0,"_bbp_reply_count_hidden":0,"_bbp_forum_subforum_count":0,"footnotes":"","_yoast_wpseo_focuskw_text_input":""},"categories":[9240],"tags":[],"yoast_head":"<!-- This site is optimized with the Yoast SEO plugin v23.0 - https:\/\/yoast.com\/wordpress\/plugins\/seo\/ -->\n<title>G\u00f6zlerime \u0130nanam\u0131yorum - The Epoch Times TR<\/title>\n<meta name=\"description\" content=\"Size g\u00f6zlerimiz oldu\u011fu i\u00e7in, g\u00f6rebildi\u011fimiz i\u00e7in belki de b\u00fcy\u00fck bir k\u00f6rl\u00fc\u011f\u00fcn i\u00e7inde oldu\u011fumuzu s\u00f6ylesem, bana inan\u0131r m\u0131yd\u0131n\u0131z?\" \/>\n<meta name=\"robots\" content=\"index, follow, max-snippet:-1, max-image-preview:large, max-video-preview:-1\" \/>\n<link rel=\"canonical\" href=\"https:\/\/epochtimestr.com\/index.php\/gozlerime-inanamiyorum\" \/>\n<meta property=\"og:locale\" content=\"tr_TR\" \/>\n<meta property=\"og:type\" content=\"article\" \/>\n<meta property=\"og:title\" content=\"G\u00f6zlerime \u0130nanam\u0131yorum - The Epoch Times TR\" \/>\n<meta property=\"og:description\" content=\"Size g\u00f6zlerimiz oldu\u011fu i\u00e7in, g\u00f6rebildi\u011fimiz i\u00e7in belki de b\u00fcy\u00fck bir k\u00f6rl\u00fc\u011f\u00fcn i\u00e7inde oldu\u011fumuzu s\u00f6ylesem, bana inan\u0131r m\u0131yd\u0131n\u0131z?\" \/>\n<meta property=\"og:url\" content=\"https:\/\/epochtimestr.com\/index.php\/gozlerime-inanamiyorum\" \/>\n<meta property=\"og:site_name\" content=\"The Epoch Times TR\" \/>\n<meta property=\"article:publisher\" content=\"https:\/\/www.facebook.com\/theepochtimestr\" \/>\n<meta property=\"article:published_time\" content=\"2025-08-10T08:02:19+00:00\" \/>\n<meta property=\"article:modified_time\" content=\"2025-08-22T08:12:17+00:00\" \/>\n<meta property=\"og:image\" content=\"https:\/\/epochtimestr.com\/wp-content\/uploads\/2011y\/Omer-Karayilan-SM-2.jpg\" \/>\n\t<meta property=\"og:image:width\" content=\"1200\" \/>\n\t<meta property=\"og:image:height\" content=\"630\" \/>\n\t<meta property=\"og:image:type\" content=\"image\/jpeg\" \/>\n<meta name=\"author\" content=\"\u00d6mer Karay\u0131lan\" \/>\n<meta name=\"twitter:card\" content=\"summary_large_image\" \/>\n<meta name=\"twitter:creator\" content=\"@TheEpochTimesTR\" \/>\n<meta name=\"twitter:site\" content=\"@TheEpochTimesTR\" \/>\n<meta name=\"twitter:label1\" content=\"Yazan:\" \/>\n\t<meta name=\"twitter:data1\" content=\"\u00d6mer Karay\u0131lan\" \/>\n\t<meta name=\"twitter:label2\" content=\"Tahmini okuma s\u00fcresi\" \/>\n\t<meta name=\"twitter:data2\" content=\"4 dakika\" \/>\n<script type=\"application\/ld+json\" class=\"yoast-schema-graph\">{\"@context\":\"https:\/\/schema.org\",\"@graph\":[{\"@type\":\"Article\",\"@id\":\"https:\/\/epochtimestr.com\/index.php\/gozlerime-inanamiyorum#article\",\"isPartOf\":{\"@id\":\"https:\/\/epochtimestr.com\/index.php\/gozlerime-inanamiyorum\"},\"author\":{\"name\":\"\u00d6mer Karay\u0131lan\",\"@id\":\"https:\/\/epochtimestr.com\/#\/schema\/person\/ee101079be4d8fb9fb88cca6784e219b\"},\"headline\":\"G\u00f6zlerime \u0130nanam\u0131yorum\",\"datePublished\":\"2025-08-10T08:02:19+00:00\",\"dateModified\":\"2025-08-22T08:12:17+00:00\",\"mainEntityOfPage\":{\"@id\":\"https:\/\/epochtimestr.com\/index.php\/gozlerime-inanamiyorum\"},\"wordCount\":874,\"commentCount\":0,\"publisher\":{\"@id\":\"https:\/\/epochtimestr.com\/#organization\"},\"image\":{\"@id\":\"https:\/\/epochtimestr.com\/index.php\/gozlerime-inanamiyorum#primaryimage\"},\"thumbnailUrl\":\"https:\/\/epochtimestr.com\/wp-content\/uploads\/2011y\/Karayilan-Profil.png\",\"articleSection\":[\"K\u00f6\u015fe Yaz\u0131lar\u0131 \u00d6mer Karay\u0131lan\"],\"inLanguage\":\"tr\",\"potentialAction\":[{\"@type\":\"CommentAction\",\"name\":\"Comment\",\"target\":[\"https:\/\/epochtimestr.com\/index.php\/gozlerime-inanamiyorum#respond\"]}]},{\"@type\":\"WebPage\",\"@id\":\"https:\/\/epochtimestr.com\/index.php\/gozlerime-inanamiyorum\",\"url\":\"https:\/\/epochtimestr.com\/index.php\/gozlerime-inanamiyorum\",\"name\":\"G\u00f6zlerime \u0130nanam\u0131yorum - The Epoch Times TR\",\"isPartOf\":{\"@id\":\"https:\/\/epochtimestr.com\/#website\"},\"primaryImageOfPage\":{\"@id\":\"https:\/\/epochtimestr.com\/index.php\/gozlerime-inanamiyorum#primaryimage\"},\"image\":{\"@id\":\"https:\/\/epochtimestr.com\/index.php\/gozlerime-inanamiyorum#primaryimage\"},\"thumbnailUrl\":\"https:\/\/epochtimestr.com\/wp-content\/uploads\/2011y\/Karayilan-Profil.png\",\"datePublished\":\"2025-08-10T08:02:19+00:00\",\"dateModified\":\"2025-08-22T08:12:17+00:00\",\"description\":\"Size g\u00f6zlerimiz oldu\u011fu i\u00e7in, g\u00f6rebildi\u011fimiz i\u00e7in belki de b\u00fcy\u00fck bir k\u00f6rl\u00fc\u011f\u00fcn i\u00e7inde oldu\u011fumuzu s\u00f6ylesem, bana inan\u0131r m\u0131yd\u0131n\u0131z?\",\"inLanguage\":\"tr\",\"potentialAction\":[{\"@type\":\"ReadAction\",\"target\":[\"https:\/\/epochtimestr.com\/index.php\/gozlerime-inanamiyorum\"]}]},{\"@type\":\"ImageObject\",\"inLanguage\":\"tr\",\"@id\":\"https:\/\/epochtimestr.com\/index.php\/gozlerime-inanamiyorum#primaryimage\",\"url\":\"https:\/\/epochtimestr.com\/wp-content\/uploads\/2011y\/Karayilan-Profil.png\",\"contentUrl\":\"https:\/\/epochtimestr.com\/wp-content\/uploads\/2011y\/Karayilan-Profil.png\",\"width\":600,\"height\":600},{\"@type\":\"WebSite\",\"@id\":\"https:\/\/epochtimestr.com\/#website\",\"url\":\"https:\/\/epochtimestr.com\/\",\"name\":\"The Epoch Times TR\",\"description\":\"De\u011fi\u015fen D\u00fcnyam\u0131za Taze Bir Bak\u0131\u015f\",\"publisher\":{\"@id\":\"https:\/\/epochtimestr.com\/#organization\"},\"potentialAction\":[{\"@type\":\"SearchAction\",\"target\":{\"@type\":\"EntryPoint\",\"urlTemplate\":\"https:\/\/epochtimestr.com\/?s={search_term_string}\"},\"query-input\":\"required name=search_term_string\"}],\"inLanguage\":\"tr\"},{\"@type\":\"Organization\",\"@id\":\"https:\/\/epochtimestr.com\/#organization\",\"name\":\"The EpochTimes T\u00fcrkiye\",\"url\":\"https:\/\/epochtimestr.com\/\",\"logo\":{\"@type\":\"ImageObject\",\"inLanguage\":\"tr\",\"@id\":\"https:\/\/epochtimestr.com\/#\/schema\/logo\/image\/\",\"url\":\"https:\/\/epochtimestr.com\/wp-content\/uploads\/2011y\/ET-Logo-YG.jpg\",\"contentUrl\":\"https:\/\/epochtimestr.com\/wp-content\/uploads\/2011y\/ET-Logo-YG.jpg\",\"width\":346,\"height\":29,\"caption\":\"The EpochTimes T\u00fcrkiye\"},\"image\":{\"@id\":\"https:\/\/epochtimestr.com\/#\/schema\/logo\/image\/\"},\"sameAs\":[\"https:\/\/www.facebook.com\/theepochtimestr\",\"https:\/\/x.com\/TheEpochTimesTR\",\"https:\/\/www.instagram.com\/epochtimestr\"]},{\"@type\":\"Person\",\"@id\":\"https:\/\/epochtimestr.com\/#\/schema\/person\/ee101079be4d8fb9fb88cca6784e219b\",\"name\":\"\u00d6mer Karay\u0131lan\",\"image\":{\"@type\":\"ImageObject\",\"inLanguage\":\"tr\",\"@id\":\"https:\/\/epochtimestr.com\/#\/schema\/person\/image\/\",\"url\":\"https:\/\/secure.gravatar.com\/avatar\/23a8932f0189c3fe4c0e2731cb5eb5dd?s=96&d=mm&r=g\",\"contentUrl\":\"https:\/\/secure.gravatar.com\/avatar\/23a8932f0189c3fe4c0e2731cb5eb5dd?s=96&d=mm&r=g\",\"caption\":\"\u00d6mer Karay\u0131lan\"},\"url\":\"https:\/\/epochtimestr.com\/index.php\/author\/omer\"}]}<\/script>\n<!-- \/ Yoast SEO plugin. -->","yoast_head_json":{"title":"G\u00f6zlerime \u0130nanam\u0131yorum - The Epoch Times TR","description":"Size g\u00f6zlerimiz oldu\u011fu i\u00e7in, g\u00f6rebildi\u011fimiz i\u00e7in belki de b\u00fcy\u00fck bir k\u00f6rl\u00fc\u011f\u00fcn i\u00e7inde oldu\u011fumuzu s\u00f6ylesem, bana inan\u0131r m\u0131yd\u0131n\u0131z?","robots":{"index":"index","follow":"follow","max-snippet":"max-snippet:-1","max-image-preview":"max-image-preview:large","max-video-preview":"max-video-preview:-1"},"canonical":"https:\/\/epochtimestr.com\/index.php\/gozlerime-inanamiyorum","og_locale":"tr_TR","og_type":"article","og_title":"G\u00f6zlerime \u0130nanam\u0131yorum - The Epoch Times TR","og_description":"Size g\u00f6zlerimiz oldu\u011fu i\u00e7in, g\u00f6rebildi\u011fimiz i\u00e7in belki de b\u00fcy\u00fck bir k\u00f6rl\u00fc\u011f\u00fcn i\u00e7inde oldu\u011fumuzu s\u00f6ylesem, bana inan\u0131r m\u0131yd\u0131n\u0131z?","og_url":"https:\/\/epochtimestr.com\/index.php\/gozlerime-inanamiyorum","og_site_name":"The Epoch Times TR","article_publisher":"https:\/\/www.facebook.com\/theepochtimestr","article_published_time":"2025-08-10T08:02:19+00:00","article_modified_time":"2025-08-22T08:12:17+00:00","og_image":[{"width":1200,"height":630,"url":"https:\/\/epochtimestr.com\/wp-content\/uploads\/2011y\/Omer-Karayilan-SM-2.jpg","type":"image\/jpeg"}],"author":"\u00d6mer Karay\u0131lan","twitter_card":"summary_large_image","twitter_creator":"@TheEpochTimesTR","twitter_site":"@TheEpochTimesTR","twitter_misc":{"Yazan:":"\u00d6mer Karay\u0131lan","Tahmini okuma s\u00fcresi":"4 dakika"},"schema":{"@context":"https:\/\/schema.org","@graph":[{"@type":"Article","@id":"https:\/\/epochtimestr.com\/index.php\/gozlerime-inanamiyorum#article","isPartOf":{"@id":"https:\/\/epochtimestr.com\/index.php\/gozlerime-inanamiyorum"},"author":{"name":"\u00d6mer Karay\u0131lan","@id":"https:\/\/epochtimestr.com\/#\/schema\/person\/ee101079be4d8fb9fb88cca6784e219b"},"headline":"G\u00f6zlerime \u0130nanam\u0131yorum","datePublished":"2025-08-10T08:02:19+00:00","dateModified":"2025-08-22T08:12:17+00:00","mainEntityOfPage":{"@id":"https:\/\/epochtimestr.com\/index.php\/gozlerime-inanamiyorum"},"wordCount":874,"commentCount":0,"publisher":{"@id":"https:\/\/epochtimestr.com\/#organization"},"image":{"@id":"https:\/\/epochtimestr.com\/index.php\/gozlerime-inanamiyorum#primaryimage"},"thumbnailUrl":"https:\/\/epochtimestr.com\/wp-content\/uploads\/2011y\/Karayilan-Profil.png","articleSection":["K\u00f6\u015fe Yaz\u0131lar\u0131 \u00d6mer Karay\u0131lan"],"inLanguage":"tr","potentialAction":[{"@type":"CommentAction","name":"Comment","target":["https:\/\/epochtimestr.com\/index.php\/gozlerime-inanamiyorum#respond"]}]},{"@type":"WebPage","@id":"https:\/\/epochtimestr.com\/index.php\/gozlerime-inanamiyorum","url":"https:\/\/epochtimestr.com\/index.php\/gozlerime-inanamiyorum","name":"G\u00f6zlerime \u0130nanam\u0131yorum - The Epoch Times TR","isPartOf":{"@id":"https:\/\/epochtimestr.com\/#website"},"primaryImageOfPage":{"@id":"https:\/\/epochtimestr.com\/index.php\/gozlerime-inanamiyorum#primaryimage"},"image":{"@id":"https:\/\/epochtimestr.com\/index.php\/gozlerime-inanamiyorum#primaryimage"},"thumbnailUrl":"https:\/\/epochtimestr.com\/wp-content\/uploads\/2011y\/Karayilan-Profil.png","datePublished":"2025-08-10T08:02:19+00:00","dateModified":"2025-08-22T08:12:17+00:00","description":"Size g\u00f6zlerimiz oldu\u011fu i\u00e7in, g\u00f6rebildi\u011fimiz i\u00e7in belki de b\u00fcy\u00fck bir k\u00f6rl\u00fc\u011f\u00fcn i\u00e7inde oldu\u011fumuzu s\u00f6ylesem, bana inan\u0131r m\u0131yd\u0131n\u0131z?","inLanguage":"tr","potentialAction":[{"@type":"ReadAction","target":["https:\/\/epochtimestr.com\/index.php\/gozlerime-inanamiyorum"]}]},{"@type":"ImageObject","inLanguage":"tr","@id":"https:\/\/epochtimestr.com\/index.php\/gozlerime-inanamiyorum#primaryimage","url":"https:\/\/epochtimestr.com\/wp-content\/uploads\/2011y\/Karayilan-Profil.png","contentUrl":"https:\/\/epochtimestr.com\/wp-content\/uploads\/2011y\/Karayilan-Profil.png","width":600,"height":600},{"@type":"WebSite","@id":"https:\/\/epochtimestr.com\/#website","url":"https:\/\/epochtimestr.com\/","name":"The Epoch Times TR","description":"De\u011fi\u015fen D\u00fcnyam\u0131za Taze Bir Bak\u0131\u015f","publisher":{"@id":"https:\/\/epochtimestr.com\/#organization"},"potentialAction":[{"@type":"SearchAction","target":{"@type":"EntryPoint","urlTemplate":"https:\/\/epochtimestr.com\/?s={search_term_string}"},"query-input":"required name=search_term_string"}],"inLanguage":"tr"},{"@type":"Organization","@id":"https:\/\/epochtimestr.com\/#organization","name":"The EpochTimes T\u00fcrkiye","url":"https:\/\/epochtimestr.com\/","logo":{"@type":"ImageObject","inLanguage":"tr","@id":"https:\/\/epochtimestr.com\/#\/schema\/logo\/image\/","url":"https:\/\/epochtimestr.com\/wp-content\/uploads\/2011y\/ET-Logo-YG.jpg","contentUrl":"https:\/\/epochtimestr.com\/wp-content\/uploads\/2011y\/ET-Logo-YG.jpg","width":346,"height":29,"caption":"The EpochTimes T\u00fcrkiye"},"image":{"@id":"https:\/\/epochtimestr.com\/#\/schema\/logo\/image\/"},"sameAs":["https:\/\/www.facebook.com\/theepochtimestr","https:\/\/x.com\/TheEpochTimesTR","https:\/\/www.instagram.com\/epochtimestr"]},{"@type":"Person","@id":"https:\/\/epochtimestr.com\/#\/schema\/person\/ee101079be4d8fb9fb88cca6784e219b","name":"\u00d6mer Karay\u0131lan","image":{"@type":"ImageObject","inLanguage":"tr","@id":"https:\/\/epochtimestr.com\/#\/schema\/person\/image\/","url":"https:\/\/secure.gravatar.com\/avatar\/23a8932f0189c3fe4c0e2731cb5eb5dd?s=96&d=mm&r=g","contentUrl":"https:\/\/secure.gravatar.com\/avatar\/23a8932f0189c3fe4c0e2731cb5eb5dd?s=96&d=mm&r=g","caption":"\u00d6mer Karay\u0131lan"},"url":"https:\/\/epochtimestr.com\/index.php\/author\/omer"}]}},"_links":{"self":[{"href":"https:\/\/epochtimestr.com\/index.php\/wp-json\/wp\/v2\/posts\/161422"}],"collection":[{"href":"https:\/\/epochtimestr.com\/index.php\/wp-json\/wp\/v2\/posts"}],"about":[{"href":"https:\/\/epochtimestr.com\/index.php\/wp-json\/wp\/v2\/types\/post"}],"author":[{"embeddable":true,"href":"https:\/\/epochtimestr.com\/index.php\/wp-json\/wp\/v2\/users\/14002"}],"replies":[{"embeddable":true,"href":"https:\/\/epochtimestr.com\/index.php\/wp-json\/wp\/v2\/comments?post=161422"}],"version-history":[{"count":4,"href":"https:\/\/epochtimestr.com\/index.php\/wp-json\/wp\/v2\/posts\/161422\/revisions"}],"predecessor-version":[{"id":161450,"href":"https:\/\/epochtimestr.com\/index.php\/wp-json\/wp\/v2\/posts\/161422\/revisions\/161450"}],"wp:featuredmedia":[{"embeddable":true,"href":"https:\/\/epochtimestr.com\/index.php\/wp-json\/wp\/v2\/media\/161248"}],"wp:attachment":[{"href":"https:\/\/epochtimestr.com\/index.php\/wp-json\/wp\/v2\/media?parent=161422"}],"wp:term":[{"taxonomy":"category","embeddable":true,"href":"https:\/\/epochtimestr.com\/index.php\/wp-json\/wp\/v2\/categories?post=161422"},{"taxonomy":"post_tag","embeddable":true,"href":"https:\/\/epochtimestr.com\/index.php\/wp-json\/wp\/v2\/tags?post=161422"}],"curies":[{"name":"wp","href":"https:\/\/api.w.org\/{rel}","templated":true}]}}