{"id":161557,"date":"2025-08-17T17:44:45","date_gmt":"2025-08-17T14:44:45","guid":{"rendered":"https:\/\/epochtimestr.com\/?p=161557"},"modified":"2025-08-31T16:23:42","modified_gmt":"2025-08-31T13:23:42","slug":"kucuk-ama-etkili-adimlarla-hayatini-degistir","status":"publish","type":"post","link":"https:\/\/epochtimestr.com\/index.php\/kucuk-ama-etkili-adimlarla-hayatini-degistir","title":{"rendered":"K\u00fc\u00e7\u00fck Ama Etkili Ad\u0131mlarla Hayat\u0131n\u0131 De\u011fi\u015ftir"},"content":{"rendered":"<div class=\"wp-block-image\">\n<figure class=\"aligncenter size-full is-resized\"><img loading=\"lazy\" decoding=\"async\" width=\"1280\" height=\"767\" src=\"https:\/\/epochtimestr.com\/wp-content\/uploads\/2011y\/girl-5906276_1280.jpg\" alt=\"Hayat\u0131n\u0131 de\u011fi\u015ftirmek m\u00fcmk\u00fcn. (Foto\u011fraf: Pixabay)\" class=\"wp-image-161559\" style=\"width:840px;height:auto\" srcset=\"https:\/\/epochtimestr.com\/wp-content\/uploads\/2011y\/girl-5906276_1280.jpg 1280w, https:\/\/epochtimestr.com\/wp-content\/uploads\/2011y\/girl-5906276_1280-300x180.jpg 300w, https:\/\/epochtimestr.com\/wp-content\/uploads\/2011y\/girl-5906276_1280-150x90.jpg 150w, https:\/\/epochtimestr.com\/wp-content\/uploads\/2011y\/girl-5906276_1280-768x460.jpg 768w\" sizes=\"(max-width: 1280px) 100vw, 1280px\" \/><figcaption class=\"wp-element-caption\">Hayat\u0131n\u0131 de\u011fi\u015ftirmek m\u00fcmk\u00fcn. (Foto\u011fraf: Pixabay)<\/figcaption><\/figure><\/div>\n\n\n<p>Hayat\u0131n\u0131 de\u011fi\u015ftirmek i\u00e7in her Pazartesi sa\u011fl\u0131kl\u0131 beslenme ve spora ba\u015flama karar\u0131 al\u0131yor, ertesi g\u00fcn \u2018\u2019Yine olmad\u0131.\u2019\u2019 diyerek eski al\u0131\u015fkanl\u0131klar\u0131na devam ediyorsan, bu yaz\u0131 senin i\u00e7in. Asl\u0131nda hayat\u0131n\u0131 de\u011fi\u015ftirmek i\u00e7in b\u00fcy\u00fck \u00e7abalara, kat\u0131 diyetlere ya da mutfakta saatler harcamana gerek yok. K\u00fc\u00e7\u00fck ama etkili ad\u0131mlarla, kal\u0131c\u0131 de\u011fi\u015fimler yaratabilmek m\u00fcmk\u00fcn. \u0130\u015fte hayat boyu i\u015fine yarayacak 7 taktik:<\/p>\n\n\n\n<p><strong>Su t\u00fcketimini kolayla\u015ft\u0131r.<\/strong><\/p>\n\n\n\n<p>\u0130yi \u00e7al\u0131\u015fan bir metabolizma ve enerjik hissetmek i\u00e7in her g\u00fcn yeteri kadar su i\u00e7memiz \u015fart. E\u011fer d\u00fczenli su i\u00e7me al\u0131\u015fkanl\u0131\u011f\u0131n yoksa b\u00fcy\u00fck bir matara al ve hep yan\u0131nda tut. Su i\u00e7mek senin i\u00e7in ne kadar kolay olursa, o kadar fazla su i\u00e7ersin.<\/p>\n\n\n\n<p><strong>Ba\u011f\u0131ml\u0131l\u0131klar\u0131ndan kurtul.<\/strong><\/p>\n\n\n\n<p>E\u011fer s\u00fcrekli yedi\u011fin abur cuburlar varsa ve kendine engel olam\u0131yorsan, iradenle bir sava\u015f halinde olmak yerine, bunlar\u0131 art\u0131k eve alma ve yak\u0131n\u0131nda bulundurma. \u00c7\u00fcnk\u00fc stres seviyen artt\u0131\u011f\u0131nda iraden d\u00fc\u015fer ve bu abur cuburlar\u0131 yeme ihtimalin artar. Eve ne al\u0131rsak onunla besleniyoruz. Bu y\u00fczden yemek istemedi\u011fin \u015feyleri sat\u0131n alma, bunlar\u0131n yerine evini sa\u011fl\u0131kl\u0131 g\u0131dalarla doldur.<\/p>\n\n\n<div class=\"wp-block-image\">\n<figure class=\"aligncenter size-large is-resized\"><img loading=\"lazy\" decoding=\"async\" width=\"1800\" height=\"1200\" src=\"https:\/\/epochtimestr.com\/wp-content\/uploads\/2011y\/pexels-karolina-grabowska-4498606-1800x1200.jpg\" alt=\"Egzersiz haz\u0131rl\u0131\u011f\u0131. (Foto\u011fraf: Pexels)\" class=\"wp-image-161561\" style=\"width:840px;height:auto\" srcset=\"https:\/\/epochtimestr.com\/wp-content\/uploads\/2011y\/pexels-karolina-grabowska-4498606-1800x1200.jpg 1800w, https:\/\/epochtimestr.com\/wp-content\/uploads\/2011y\/pexels-karolina-grabowska-4498606-300x200.jpg 300w, https:\/\/epochtimestr.com\/wp-content\/uploads\/2011y\/pexels-karolina-grabowska-4498606-150x100.jpg 150w, https:\/\/epochtimestr.com\/wp-content\/uploads\/2011y\/pexels-karolina-grabowska-4498606-768x512.jpg 768w, https:\/\/epochtimestr.com\/wp-content\/uploads\/2011y\/pexels-karolina-grabowska-4498606-1536x1024.jpg 1536w, https:\/\/epochtimestr.com\/wp-content\/uploads\/2011y\/pexels-karolina-grabowska-4498606-2048x1365.jpg 2048w\" sizes=\"(max-width: 1800px) 100vw, 1800px\" \/><figcaption class=\"wp-element-caption\">Egzersiz haz\u0131rl\u0131\u011f\u0131. (Foto\u011fraf: Pexels)<\/figcaption><\/figure><\/div>\n\n\n<h3 class=\"wp-block-heading\">Hayat\u0131n\u0131 de\u011fi\u015ftirmek i\u00e7in egzersiz \u015fart<strong>.<\/strong><\/h3>\n\n\n\n<p>D\u00fczenli egzersiz al\u0131\u015fkanl\u0131\u011f\u0131 kazanmak i\u00e7in bunu olabildi\u011fince kolayla\u015ft\u0131rmal\u0131y\u0131z. Bu y\u00fczden evine, i\u015f yerine veya okuluna en yak\u0131n spor salonunu belirle ve oraya kaydol. En kolay hangi g\u00fcn ve saatlerde gidebilece\u011fine de karar ver. Spor \u00e7antan\u0131 her zaman bir g\u00fcn \u00f6nceden haz\u0131rla ve kap\u0131ya koy. Bu al\u0131\u015fkanl\u0131klar hem zihnini spora gitmeye \u015fartland\u0131racak, hem de son dakika tembellik yapman\u0131n \u00f6n\u00fcne ge\u00e7ecek. M\u00fcmk\u00fcnse bir egzersiz uzman\u0131yla \u00e7al\u0131\u015f. Bedeninle ilgili her zaman <a href=\"https:\/\/epochtimestr.com\/index.php\/yag-kaybetmek-icin-bilmeniz-gerekenler\" target=\"_blank\" rel=\"noreferrer noopener\">hedeflerin ve plan\u0131n<\/a> olsun. Bir s\u00fcrecin i\u00e7inde oldu\u011funu ve bir hedefe ilerledi\u011fini bilmekle, yapt\u0131\u011f\u0131n her antrenman daha \u00f6nemli hale gelir ve istikrar sa\u011flaman kolayla\u015f\u0131r.<\/p>\n\n\n\n<p><strong>G\u00fcne sa\u011fl\u0131kl\u0131 bir \u00f6\u011f\u00fcnle ba\u015fla.<\/strong><\/p>\n\n\n\n<p>Sabahlar\u0131 kahvalt\u0131 haz\u0131rlamaya vaktin yoksa, sa\u011fl\u0131kl\u0131 kahvalt\u0131n\u0131 ak\u015famdan haz\u0131rla ve dolaba koy. Bu sayede i\u015fe giderken yoldan bir simit alarak g\u00fcne ba\u015flama ihtimalini ortadan kald\u0131rabilirsin. Sa\u011fl\u0131kl\u0131 bir \u00f6\u011f\u00fcnle g\u00fcne ba\u015flamak, t\u00fcm g\u00fcn boyunca daha iyi se\u00e7imler yapman\u0131 kolayla\u015ft\u0131r\u0131r.<\/p>\n\n\n\n<p><strong>A\u00e7l\u0131k krizlerine \u00e7\u00f6z\u00fcm bul.<\/strong><\/p>\n\n\n\n<p>T\u00fcm \u00f6\u011f\u00fcnlerini yedikten ve dengeli bir g\u00fcn ge\u00e7irdikten sonra, gece aniden gelen a\u00e7l\u0131k krizleri ya\u015f\u0131yorsan, \u00f6nce bir bardak su ve biraz \u00e7i\u011f sebze, \u00f6rne\u011fin salatal\u0131k t\u00fcketmeyi dene. Bunlar mideni az da olsa doldurarak yalanc\u0131 bir tokluk sa\u011flayacak ve ba\u015fka bir \u015fey yeme ihtimalini d\u00fc\u015f\u00fcrecek.<\/p>\n\n\n<div class=\"wp-block-image\">\n<figure class=\"aligncenter size-full\"><img loading=\"lazy\" decoding=\"async\" width=\"1280\" height=\"853\" src=\"https:\/\/epochtimestr.com\/wp-content\/uploads\/2011y\/people-5326159_1280.jpg\" alt=\"Renkli sebzeler. (Foto\u011fraf: Pixabay)\" class=\"wp-image-161564\" srcset=\"https:\/\/epochtimestr.com\/wp-content\/uploads\/2011y\/people-5326159_1280.jpg 1280w, https:\/\/epochtimestr.com\/wp-content\/uploads\/2011y\/people-5326159_1280-300x200.jpg 300w, https:\/\/epochtimestr.com\/wp-content\/uploads\/2011y\/people-5326159_1280-150x100.jpg 150w, https:\/\/epochtimestr.com\/wp-content\/uploads\/2011y\/people-5326159_1280-768x512.jpg 768w\" sizes=\"(max-width: 1280px) 100vw, 1280px\" \/><figcaption class=\"wp-element-caption\">Renkli sebzeler. (Foto\u011fraf: Pixabay)<\/figcaption><\/figure><\/div>\n\n\n<p><strong>Sebze t\u00fcketimini artt\u0131r.<\/strong><\/p>\n\n\n\n<p>Markete gitti\u011finde en az bir \u00e7e\u015fit sebze al. Sebzeleri pi\u015firerek yemeye haz\u0131r hale getir ve o \u015fekilde dolaba koy. B\u00f6ylelikle yemek yeme vakti geldi\u011finde pi\u015firmeye \u00fc\u015fenme ihtimalini azaltm\u0131\u015f olacaks\u0131n. En \u00e7ok yemek istedi\u011fin sa\u011fl\u0131kl\u0131 g\u0131dalar\u0131 buzdolab\u0131n\u0131n en g\u00f6r\u00fcn\u00fcr yerlerine, \u00f6rne\u011fin g\u00f6z hizana yerle\u015ftir.<\/p>\n\n\n\n<p><strong>Uykuyu \u00f6nemse.<\/strong><\/p>\n\n\n\n<p>Uyku kaliten hayat\u0131n\u0131 do\u011frudan etkiler. G\u00fcn\u00fcm\u00fczde uyku kalitesini en \u00e7ok d\u00fc\u015f\u00fcren al\u0131\u015fkanl\u0131k ise \u00e7ok net: telefonlar\u0131m\u0131z. Uyumadan hemen \u00f6ncesine kadar telefon ekran\u0131na bakmak uyku s\u00fcresini de kalitesini de ciddi anlamda d\u00fc\u015f\u00fcr\u00fcr. Bu ba\u011f\u0131ml\u0131l\u0131ktan kurtulmak i\u00e7in telefonunu yataktan uzak tutmak, e\u011fer \u015farja tak\u0131yorsan uzaktaki bir prize takmak etkili olabilir. Bu sayede sabah alarm \u00e7ald\u0131\u011f\u0131nda onu erteleme ihtimalini de ortadan kald\u0131rm\u0131\u015f olursun.<\/p>\n\n\n\n<p>Bu taktikleri uygulamaya ba\u015flamadan \u00f6nce, hayat\u0131n\u0131 de\u011fi\u015ftirmek i\u00e7in ilk hedefin zihnini kararl\u0131 hale getirmek olsun. De\u011fi\u015fim bir anda olmaz, ama yava\u015f, emin ve kararl\u0131 ad\u0131mlarla hedefine do\u011fru ilerliyor oldu\u011funu biliyor olacaks\u0131n.<\/p>\n\n\n\n<p>Unutma hayat\u0131n keyfi sadece hedefe vard\u0131\u011f\u0131nda de\u011fil, hedefe do\u011fru y\u00fcr\u00fcrken \u00e7\u0131kar.<\/p>\n","protected":false},"excerpt":{"rendered":"<p>Hayat\u0131n\u0131 de\u011fi\u015ftirmek i\u00e7in her Pazartesi sa\u011fl\u0131kl\u0131 beslenme ve spora ba\u015flama karar\u0131 al\u0131yor, ertesi g\u00fcn \u2018\u2019Yine olmad\u0131.\u2019\u2019 diyerek eski al\u0131\u015fkanl\u0131klar\u0131na devam ediyorsan, bu yaz\u0131 senin i\u00e7in. Asl\u0131nda hayat\u0131n\u0131 de\u011fi\u015ftirmek i\u00e7in b\u00fcy\u00fck \u00e7abalara, kat\u0131 diyetlere ya da mutfakta saatler harcamana gerek yok. K\u00fc\u00e7\u00fck ama etkili ad\u0131mlarla, kal\u0131c\u0131 de\u011fi\u015fimler yaratabilmek m\u00fcmk\u00fcn. \u0130\u015fte hayat boyu i\u015fine yarayacak 7 taktik: [&hellip;]<\/p>\n","protected":false},"author":13976,"featured_media":161559,"comment_status":"open","ping_status":"open","sticky":false,"template":"","format":"standard","meta":{"_yoast_wpseo_focuskw":"hayat\u0131n\u0131 de\u011fi\u015ftirmek","_yoast_wpseo_title":"","_yoast_wpseo_metadesc":"Asl\u0131nda hayat\u0131n\u0131 de\u011fi\u015ftirmek i\u00e7in b\u00fcy\u00fck \u00e7abalara, kat\u0131 diyetlere ya da mutfakta saatler harcamana gerek yok.","_bbp_topic_count":0,"_bbp_reply_count":0,"_bbp_total_topic_count":0,"_bbp_total_reply_count":0,"_bbp_voice_count":0,"_bbp_anonymous_reply_count":0,"_bbp_topic_count_hidden":0,"_bbp_reply_count_hidden":0,"_bbp_forum_subforum_count":0,"footnotes":"","_yoast_wpseo_focuskw_text_input":""},"categories":[519,6910,8709,6909],"tags":[8403,9307,8707,8794,511],"yoast_head":"<!-- This site is optimized with the Yoast SEO plugin v23.0 - https:\/\/yoast.com\/wordpress\/plugins\/seo\/ -->\n<title>K\u00fc\u00e7\u00fck Ama Etkili Ad\u0131mlarla Hayat\u0131n\u0131 De\u011fi\u015ftir - The Epoch Times TR<\/title>\n<meta name=\"description\" content=\"Asl\u0131nda hayat\u0131n\u0131 de\u011fi\u015ftirmek i\u00e7in b\u00fcy\u00fck \u00e7abalara, kat\u0131 diyetlere ya da mutfakta saatler harcamana gerek yok.\" \/>\n<meta name=\"robots\" content=\"index, follow, max-snippet:-1, max-image-preview:large, max-video-preview:-1\" \/>\n<link rel=\"canonical\" href=\"https:\/\/epochtimestr.com\/index.php\/kucuk-ama-etkili-adimlarla-hayatini-degistir\" \/>\n<meta property=\"og:locale\" content=\"tr_TR\" \/>\n<meta property=\"og:type\" content=\"article\" \/>\n<meta property=\"og:title\" content=\"K\u00fc\u00e7\u00fck Ama Etkili Ad\u0131mlarla Hayat\u0131n\u0131 De\u011fi\u015ftir - The Epoch Times TR\" \/>\n<meta property=\"og:description\" content=\"Asl\u0131nda hayat\u0131n\u0131 de\u011fi\u015ftirmek i\u00e7in b\u00fcy\u00fck \u00e7abalara, kat\u0131 diyetlere ya da mutfakta saatler harcamana gerek yok.\" \/>\n<meta property=\"og:url\" content=\"https:\/\/epochtimestr.com\/index.php\/kucuk-ama-etkili-adimlarla-hayatini-degistir\" \/>\n<meta property=\"og:site_name\" content=\"The Epoch Times TR\" \/>\n<meta property=\"article:publisher\" content=\"https:\/\/www.facebook.com\/theepochtimestr\" \/>\n<meta property=\"article:published_time\" content=\"2025-08-17T14:44:45+00:00\" \/>\n<meta property=\"article:modified_time\" content=\"2025-08-31T13:23:42+00:00\" \/>\n<meta property=\"og:image\" content=\"https:\/\/epochtimestr.com\/wp-content\/uploads\/2011y\/girl-5906276_1280.jpg\" \/>\n\t<meta property=\"og:image:width\" content=\"1280\" \/>\n\t<meta property=\"og:image:height\" content=\"767\" \/>\n\t<meta property=\"og:image:type\" content=\"image\/jpeg\" \/>\n<meta name=\"author\" content=\"Tilbe Ubeyli\" \/>\n<meta name=\"twitter:card\" content=\"summary_large_image\" \/>\n<meta name=\"twitter:creator\" content=\"@TheEpochTimesTR\" \/>\n<meta name=\"twitter:site\" content=\"@TheEpochTimesTR\" \/>\n<meta name=\"twitter:label1\" content=\"Yazan:\" \/>\n\t<meta name=\"twitter:data1\" content=\"Tilbe Ubeyli\" \/>\n\t<meta name=\"twitter:label2\" content=\"Tahmini okuma s\u00fcresi\" \/>\n\t<meta name=\"twitter:data2\" content=\"4 dakika\" \/>\n<script type=\"application\/ld+json\" class=\"yoast-schema-graph\">{\"@context\":\"https:\/\/schema.org\",\"@graph\":[{\"@type\":\"Article\",\"@id\":\"https:\/\/epochtimestr.com\/index.php\/kucuk-ama-etkili-adimlarla-hayatini-degistir#article\",\"isPartOf\":{\"@id\":\"https:\/\/epochtimestr.com\/index.php\/kucuk-ama-etkili-adimlarla-hayatini-degistir\"},\"author\":{\"name\":\"Tilbe Ubeyli\",\"@id\":\"https:\/\/epochtimestr.com\/#\/schema\/person\/ae6d04e0a8c35c7471019526acb9c8cf\"},\"headline\":\"K\u00fc\u00e7\u00fck Ama Etkili Ad\u0131mlarla Hayat\u0131n\u0131 De\u011fi\u015ftir\",\"datePublished\":\"2025-08-17T14:44:45+00:00\",\"dateModified\":\"2025-08-31T13:23:42+00:00\",\"mainEntityOfPage\":{\"@id\":\"https:\/\/epochtimestr.com\/index.php\/kucuk-ama-etkili-adimlarla-hayatini-degistir\"},\"wordCount\":729,\"commentCount\":0,\"publisher\":{\"@id\":\"https:\/\/epochtimestr.com\/#organization\"},\"image\":{\"@id\":\"https:\/\/epochtimestr.com\/index.php\/kucuk-ama-etkili-adimlarla-hayatini-degistir#primaryimage\"},\"thumbnailUrl\":\"https:\/\/epochtimestr.com\/wp-content\/uploads\/2011y\/girl-5906276_1280.jpg\",\"keywords\":[\"egzersiz\",\"hayat\u0131n\u0131de\u011fi\u015ftir\",\"sa\u011fl\u0131kl\u0131beslenme\",\"sa\u011fl\u0131kl\u0131ya\u015fam\",\"spor\"],\"articleSection\":[\"ED\u0130T\u00d6R\u00dcN SE\u00c7\u0130M\u0130\",\"Fitness ve Beslenme\",\"K\u00f6\u015fe Yaz\u0131lar\u0131 Tilbe Ubeyli\",\"SA\u011eLIK\"],\"inLanguage\":\"tr\",\"potentialAction\":[{\"@type\":\"CommentAction\",\"name\":\"Comment\",\"target\":[\"https:\/\/epochtimestr.com\/index.php\/kucuk-ama-etkili-adimlarla-hayatini-degistir#respond\"]}]},{\"@type\":\"WebPage\",\"@id\":\"https:\/\/epochtimestr.com\/index.php\/kucuk-ama-etkili-adimlarla-hayatini-degistir\",\"url\":\"https:\/\/epochtimestr.com\/index.php\/kucuk-ama-etkili-adimlarla-hayatini-degistir\",\"name\":\"K\u00fc\u00e7\u00fck Ama Etkili Ad\u0131mlarla Hayat\u0131n\u0131 De\u011fi\u015ftir - The Epoch Times TR\",\"isPartOf\":{\"@id\":\"https:\/\/epochtimestr.com\/#website\"},\"primaryImageOfPage\":{\"@id\":\"https:\/\/epochtimestr.com\/index.php\/kucuk-ama-etkili-adimlarla-hayatini-degistir#primaryimage\"},\"image\":{\"@id\":\"https:\/\/epochtimestr.com\/index.php\/kucuk-ama-etkili-adimlarla-hayatini-degistir#primaryimage\"},\"thumbnailUrl\":\"https:\/\/epochtimestr.com\/wp-content\/uploads\/2011y\/girl-5906276_1280.jpg\",\"datePublished\":\"2025-08-17T14:44:45+00:00\",\"dateModified\":\"2025-08-31T13:23:42+00:00\",\"description\":\"Asl\u0131nda hayat\u0131n\u0131 de\u011fi\u015ftirmek i\u00e7in b\u00fcy\u00fck \u00e7abalara, kat\u0131 diyetlere ya da mutfakta saatler harcamana gerek yok.\",\"inLanguage\":\"tr\",\"potentialAction\":[{\"@type\":\"ReadAction\",\"target\":[\"https:\/\/epochtimestr.com\/index.php\/kucuk-ama-etkili-adimlarla-hayatini-degistir\"]}]},{\"@type\":\"ImageObject\",\"inLanguage\":\"tr\",\"@id\":\"https:\/\/epochtimestr.com\/index.php\/kucuk-ama-etkili-adimlarla-hayatini-degistir#primaryimage\",\"url\":\"https:\/\/epochtimestr.com\/wp-content\/uploads\/2011y\/girl-5906276_1280.jpg\",\"contentUrl\":\"https:\/\/epochtimestr.com\/wp-content\/uploads\/2011y\/girl-5906276_1280.jpg\",\"width\":1280,\"height\":767},{\"@type\":\"WebSite\",\"@id\":\"https:\/\/epochtimestr.com\/#website\",\"url\":\"https:\/\/epochtimestr.com\/\",\"name\":\"The Epoch Times TR\",\"description\":\"De\u011fi\u015fen D\u00fcnyam\u0131za Taze Bir Bak\u0131\u015f\",\"publisher\":{\"@id\":\"https:\/\/epochtimestr.com\/#organization\"},\"potentialAction\":[{\"@type\":\"SearchAction\",\"target\":{\"@type\":\"EntryPoint\",\"urlTemplate\":\"https:\/\/epochtimestr.com\/?s={search_term_string}\"},\"query-input\":\"required name=search_term_string\"}],\"inLanguage\":\"tr\"},{\"@type\":\"Organization\",\"@id\":\"https:\/\/epochtimestr.com\/#organization\",\"name\":\"The EpochTimes T\u00fcrkiye\",\"url\":\"https:\/\/epochtimestr.com\/\",\"logo\":{\"@type\":\"ImageObject\",\"inLanguage\":\"tr\",\"@id\":\"https:\/\/epochtimestr.com\/#\/schema\/logo\/image\/\",\"url\":\"https:\/\/epochtimestr.com\/wp-content\/uploads\/2011y\/ET-Logo-YG.jpg\",\"contentUrl\":\"https:\/\/epochtimestr.com\/wp-content\/uploads\/2011y\/ET-Logo-YG.jpg\",\"width\":346,\"height\":29,\"caption\":\"The EpochTimes T\u00fcrkiye\"},\"image\":{\"@id\":\"https:\/\/epochtimestr.com\/#\/schema\/logo\/image\/\"},\"sameAs\":[\"https:\/\/www.facebook.com\/theepochtimestr\",\"https:\/\/x.com\/TheEpochTimesTR\",\"https:\/\/www.instagram.com\/epochtimestr\"]},{\"@type\":\"Person\",\"@id\":\"https:\/\/epochtimestr.com\/#\/schema\/person\/ae6d04e0a8c35c7471019526acb9c8cf\",\"name\":\"Tilbe Ubeyli\",\"image\":{\"@type\":\"ImageObject\",\"inLanguage\":\"tr\",\"@id\":\"https:\/\/epochtimestr.com\/#\/schema\/person\/image\/\",\"url\":\"https:\/\/secure.gravatar.com\/avatar\/6597a48574d50b008831e4c3448a9985?s=96&d=mm&r=g\",\"contentUrl\":\"https:\/\/secure.gravatar.com\/avatar\/6597a48574d50b008831e4c3448a9985?s=96&d=mm&r=g\",\"caption\":\"Tilbe Ubeyli\"},\"description\":\"1994 y\u0131l\u0131nda Mersin'de do\u011fdu. Mersin Fen Lisesi ve \u0130stanbul \u00dcniversitesi Di\u015f Hekimli\u011fi Fak\u00fcltesi\u2019nden mezun oldu. Beden ve zihin sa\u011fl\u0131\u011f\u0131na olan ilgisi nedeniyle, hareket ve fark\u0131ndal\u0131k temelli disiplinlere y\u00f6neldi. T\u00fcrkiye Cimnastik Federasyonu Pilates E\u011fitmenlik E\u011fitimleri, Yoga Alliance onayl\u0131 RYT 200 Yoga E\u011fitmenli\u011fi Sertifikalar\u0131 ile birlikte, hamile pilatesi ve fitness e\u011fitimleri de alarak, beden fark\u0131ndal\u0131\u011f\u0131, nefes, denge ve g\u00fc\u00e7 konular\u0131nda derinle\u015fme f\u0131rsat\u0131 buldu. Sekiz y\u0131l\u0131 a\u015fk\u0131n s\u00fcredir pilates, fitness ve yoga alanlar\u0131nda e\u011fitmenlik yaparak; bireylerin bedenleriyle sa\u011fl\u0131kl\u0131 ve s\u00fcrd\u00fcr\u00fclebilir bir ili\u015fki kurmalar\u0131na destek oluyor. \u015eu anda Mersin\u2019de kurucusu oldu\u011fu Studio Park\u2019ta ki\u015fiye \u00f6zel ve grup pilates dersleri veriyor, ayr\u0131ca hamile pilatesiyle de anne adaylar\u0131na \u00f6zel destek sunuyor. Sa\u011fl\u0131kl\u0131 beslenme ve egzersiz, bedensel ve zihinsel fark\u0131ndal\u0131k, hareket temelli ya\u015fam konular\u0131nda yaz\u0131lar payla\u015farak; deneyimlerini okuyucularla bulu\u015fturuyor.\",\"sameAs\":[\"https:\/\/www.instagram.com\/studioparkk\/\"],\"url\":\"https:\/\/epochtimestr.com\/index.php\/author\/tilbe\"}]}<\/script>\n<!-- \/ Yoast SEO plugin. -->","yoast_head_json":{"title":"K\u00fc\u00e7\u00fck Ama Etkili Ad\u0131mlarla Hayat\u0131n\u0131 De\u011fi\u015ftir - The Epoch Times TR","description":"Asl\u0131nda hayat\u0131n\u0131 de\u011fi\u015ftirmek i\u00e7in b\u00fcy\u00fck \u00e7abalara, kat\u0131 diyetlere ya da mutfakta saatler harcamana gerek yok.","robots":{"index":"index","follow":"follow","max-snippet":"max-snippet:-1","max-image-preview":"max-image-preview:large","max-video-preview":"max-video-preview:-1"},"canonical":"https:\/\/epochtimestr.com\/index.php\/kucuk-ama-etkili-adimlarla-hayatini-degistir","og_locale":"tr_TR","og_type":"article","og_title":"K\u00fc\u00e7\u00fck Ama Etkili Ad\u0131mlarla Hayat\u0131n\u0131 De\u011fi\u015ftir - The Epoch Times TR","og_description":"Asl\u0131nda hayat\u0131n\u0131 de\u011fi\u015ftirmek i\u00e7in b\u00fcy\u00fck \u00e7abalara, kat\u0131 diyetlere ya da mutfakta saatler harcamana gerek yok.","og_url":"https:\/\/epochtimestr.com\/index.php\/kucuk-ama-etkili-adimlarla-hayatini-degistir","og_site_name":"The Epoch Times TR","article_publisher":"https:\/\/www.facebook.com\/theepochtimestr","article_published_time":"2025-08-17T14:44:45+00:00","article_modified_time":"2025-08-31T13:23:42+00:00","og_image":[{"width":1280,"height":767,"url":"https:\/\/epochtimestr.com\/wp-content\/uploads\/2011y\/girl-5906276_1280.jpg","type":"image\/jpeg"}],"author":"Tilbe Ubeyli","twitter_card":"summary_large_image","twitter_creator":"@TheEpochTimesTR","twitter_site":"@TheEpochTimesTR","twitter_misc":{"Yazan:":"Tilbe Ubeyli","Tahmini okuma s\u00fcresi":"4 dakika"},"schema":{"@context":"https:\/\/schema.org","@graph":[{"@type":"Article","@id":"https:\/\/epochtimestr.com\/index.php\/kucuk-ama-etkili-adimlarla-hayatini-degistir#article","isPartOf":{"@id":"https:\/\/epochtimestr.com\/index.php\/kucuk-ama-etkili-adimlarla-hayatini-degistir"},"author":{"name":"Tilbe Ubeyli","@id":"https:\/\/epochtimestr.com\/#\/schema\/person\/ae6d04e0a8c35c7471019526acb9c8cf"},"headline":"K\u00fc\u00e7\u00fck Ama Etkili Ad\u0131mlarla Hayat\u0131n\u0131 De\u011fi\u015ftir","datePublished":"2025-08-17T14:44:45+00:00","dateModified":"2025-08-31T13:23:42+00:00","mainEntityOfPage":{"@id":"https:\/\/epochtimestr.com\/index.php\/kucuk-ama-etkili-adimlarla-hayatini-degistir"},"wordCount":729,"commentCount":0,"publisher":{"@id":"https:\/\/epochtimestr.com\/#organization"},"image":{"@id":"https:\/\/epochtimestr.com\/index.php\/kucuk-ama-etkili-adimlarla-hayatini-degistir#primaryimage"},"thumbnailUrl":"https:\/\/epochtimestr.com\/wp-content\/uploads\/2011y\/girl-5906276_1280.jpg","keywords":["egzersiz","hayat\u0131n\u0131de\u011fi\u015ftir","sa\u011fl\u0131kl\u0131beslenme","sa\u011fl\u0131kl\u0131ya\u015fam","spor"],"articleSection":["ED\u0130T\u00d6R\u00dcN SE\u00c7\u0130M\u0130","Fitness ve Beslenme","K\u00f6\u015fe Yaz\u0131lar\u0131 Tilbe Ubeyli","SA\u011eLIK"],"inLanguage":"tr","potentialAction":[{"@type":"CommentAction","name":"Comment","target":["https:\/\/epochtimestr.com\/index.php\/kucuk-ama-etkili-adimlarla-hayatini-degistir#respond"]}]},{"@type":"WebPage","@id":"https:\/\/epochtimestr.com\/index.php\/kucuk-ama-etkili-adimlarla-hayatini-degistir","url":"https:\/\/epochtimestr.com\/index.php\/kucuk-ama-etkili-adimlarla-hayatini-degistir","name":"K\u00fc\u00e7\u00fck Ama Etkili Ad\u0131mlarla Hayat\u0131n\u0131 De\u011fi\u015ftir - The Epoch Times TR","isPartOf":{"@id":"https:\/\/epochtimestr.com\/#website"},"primaryImageOfPage":{"@id":"https:\/\/epochtimestr.com\/index.php\/kucuk-ama-etkili-adimlarla-hayatini-degistir#primaryimage"},"image":{"@id":"https:\/\/epochtimestr.com\/index.php\/kucuk-ama-etkili-adimlarla-hayatini-degistir#primaryimage"},"thumbnailUrl":"https:\/\/epochtimestr.com\/wp-content\/uploads\/2011y\/girl-5906276_1280.jpg","datePublished":"2025-08-17T14:44:45+00:00","dateModified":"2025-08-31T13:23:42+00:00","description":"Asl\u0131nda hayat\u0131n\u0131 de\u011fi\u015ftirmek i\u00e7in b\u00fcy\u00fck \u00e7abalara, kat\u0131 diyetlere ya da mutfakta saatler harcamana gerek yok.","inLanguage":"tr","potentialAction":[{"@type":"ReadAction","target":["https:\/\/epochtimestr.com\/index.php\/kucuk-ama-etkili-adimlarla-hayatini-degistir"]}]},{"@type":"ImageObject","inLanguage":"tr","@id":"https:\/\/epochtimestr.com\/index.php\/kucuk-ama-etkili-adimlarla-hayatini-degistir#primaryimage","url":"https:\/\/epochtimestr.com\/wp-content\/uploads\/2011y\/girl-5906276_1280.jpg","contentUrl":"https:\/\/epochtimestr.com\/wp-content\/uploads\/2011y\/girl-5906276_1280.jpg","width":1280,"height":767},{"@type":"WebSite","@id":"https:\/\/epochtimestr.com\/#website","url":"https:\/\/epochtimestr.com\/","name":"The Epoch Times TR","description":"De\u011fi\u015fen D\u00fcnyam\u0131za Taze Bir Bak\u0131\u015f","publisher":{"@id":"https:\/\/epochtimestr.com\/#organization"},"potentialAction":[{"@type":"SearchAction","target":{"@type":"EntryPoint","urlTemplate":"https:\/\/epochtimestr.com\/?s={search_term_string}"},"query-input":"required name=search_term_string"}],"inLanguage":"tr"},{"@type":"Organization","@id":"https:\/\/epochtimestr.com\/#organization","name":"The EpochTimes T\u00fcrkiye","url":"https:\/\/epochtimestr.com\/","logo":{"@type":"ImageObject","inLanguage":"tr","@id":"https:\/\/epochtimestr.com\/#\/schema\/logo\/image\/","url":"https:\/\/epochtimestr.com\/wp-content\/uploads\/2011y\/ET-Logo-YG.jpg","contentUrl":"https:\/\/epochtimestr.com\/wp-content\/uploads\/2011y\/ET-Logo-YG.jpg","width":346,"height":29,"caption":"The EpochTimes T\u00fcrkiye"},"image":{"@id":"https:\/\/epochtimestr.com\/#\/schema\/logo\/image\/"},"sameAs":["https:\/\/www.facebook.com\/theepochtimestr","https:\/\/x.com\/TheEpochTimesTR","https:\/\/www.instagram.com\/epochtimestr"]},{"@type":"Person","@id":"https:\/\/epochtimestr.com\/#\/schema\/person\/ae6d04e0a8c35c7471019526acb9c8cf","name":"Tilbe Ubeyli","image":{"@type":"ImageObject","inLanguage":"tr","@id":"https:\/\/epochtimestr.com\/#\/schema\/person\/image\/","url":"https:\/\/secure.gravatar.com\/avatar\/6597a48574d50b008831e4c3448a9985?s=96&d=mm&r=g","contentUrl":"https:\/\/secure.gravatar.com\/avatar\/6597a48574d50b008831e4c3448a9985?s=96&d=mm&r=g","caption":"Tilbe Ubeyli"},"description":"1994 y\u0131l\u0131nda Mersin'de do\u011fdu. Mersin Fen Lisesi ve \u0130stanbul \u00dcniversitesi Di\u015f Hekimli\u011fi Fak\u00fcltesi\u2019nden mezun oldu. Beden ve zihin sa\u011fl\u0131\u011f\u0131na olan ilgisi nedeniyle, hareket ve fark\u0131ndal\u0131k temelli disiplinlere y\u00f6neldi. T\u00fcrkiye Cimnastik Federasyonu Pilates E\u011fitmenlik E\u011fitimleri, Yoga Alliance onayl\u0131 RYT 200 Yoga E\u011fitmenli\u011fi Sertifikalar\u0131 ile birlikte, hamile pilatesi ve fitness e\u011fitimleri de alarak, beden fark\u0131ndal\u0131\u011f\u0131, nefes, denge ve g\u00fc\u00e7 konular\u0131nda derinle\u015fme f\u0131rsat\u0131 buldu. Sekiz y\u0131l\u0131 a\u015fk\u0131n s\u00fcredir pilates, fitness ve yoga alanlar\u0131nda e\u011fitmenlik yaparak; bireylerin bedenleriyle sa\u011fl\u0131kl\u0131 ve s\u00fcrd\u00fcr\u00fclebilir bir ili\u015fki kurmalar\u0131na destek oluyor. \u015eu anda Mersin\u2019de kurucusu oldu\u011fu Studio Park\u2019ta ki\u015fiye \u00f6zel ve grup pilates dersleri veriyor, ayr\u0131ca hamile pilatesiyle de anne adaylar\u0131na \u00f6zel destek sunuyor. Sa\u011fl\u0131kl\u0131 beslenme ve egzersiz, bedensel ve zihinsel fark\u0131ndal\u0131k, hareket temelli ya\u015fam konular\u0131nda yaz\u0131lar payla\u015farak; deneyimlerini okuyucularla bulu\u015fturuyor.","sameAs":["https:\/\/www.instagram.com\/studioparkk\/"],"url":"https:\/\/epochtimestr.com\/index.php\/author\/tilbe"}]}},"_links":{"self":[{"href":"https:\/\/epochtimestr.com\/index.php\/wp-json\/wp\/v2\/posts\/161557"}],"collection":[{"href":"https:\/\/epochtimestr.com\/index.php\/wp-json\/wp\/v2\/posts"}],"about":[{"href":"https:\/\/epochtimestr.com\/index.php\/wp-json\/wp\/v2\/types\/post"}],"author":[{"embeddable":true,"href":"https:\/\/epochtimestr.com\/index.php\/wp-json\/wp\/v2\/users\/13976"}],"replies":[{"embeddable":true,"href":"https:\/\/epochtimestr.com\/index.php\/wp-json\/wp\/v2\/comments?post=161557"}],"version-history":[{"count":5,"href":"https:\/\/epochtimestr.com\/index.php\/wp-json\/wp\/v2\/posts\/161557\/revisions"}],"predecessor-version":[{"id":161863,"href":"https:\/\/epochtimestr.com\/index.php\/wp-json\/wp\/v2\/posts\/161557\/revisions\/161863"}],"wp:featuredmedia":[{"embeddable":true,"href":"https:\/\/epochtimestr.com\/index.php\/wp-json\/wp\/v2\/media\/161559"}],"wp:attachment":[{"href":"https:\/\/epochtimestr.com\/index.php\/wp-json\/wp\/v2\/media?parent=161557"}],"wp:term":[{"taxonomy":"category","embeddable":true,"href":"https:\/\/epochtimestr.com\/index.php\/wp-json\/wp\/v2\/categories?post=161557"},{"taxonomy":"post_tag","embeddable":true,"href":"https:\/\/epochtimestr.com\/index.php\/wp-json\/wp\/v2\/tags?post=161557"}],"curies":[{"name":"wp","href":"https:\/\/api.w.org\/{rel}","templated":true}]}}