{"id":162212,"date":"2025-09-15T13:12:17","date_gmt":"2025-09-15T10:12:17","guid":{"rendered":"https:\/\/epochtimestr.com\/?p=162212"},"modified":"2025-09-15T13:12:25","modified_gmt":"2025-09-15T10:12:25","slug":"trump-nato-ulkelerini-rusyadan-petrol-almayi-birakmaya-cagirdi","status":"publish","type":"post","link":"https:\/\/epochtimestr.com\/index.php\/trump-nato-ulkelerini-rusyadan-petrol-almayi-birakmaya-cagirdi","title":{"rendered":"Trump NATO \u00dclkelerini Rusya\u2019dan Petrol Almay\u0131 B\u0131rakmaya \u00c7a\u011f\u0131rd\u0131"},"content":{"rendered":"\n<h2 class=\"wp-block-heading\">ABD Ba\u015fkan\u0131, ancak birle\u015fik bir ambargo ve kapsaml\u0131 ticaret vergilerinin Moskova\u2019n\u0131n sava\u015f finansman\u0131n\u0131 kesebilece\u011fini s\u00f6yledi.<\/h2>\n\n\n<div class=\"wp-block-image\">\n<figure class=\"aligncenter size-full\"><img loading=\"lazy\" decoding=\"async\" width=\"1080\" height=\"720\" src=\"https:\/\/epochtimestr.com\/wp-content\/uploads\/2011y\/image-318.png\" alt=\"\" class=\"wp-image-162213\" srcset=\"https:\/\/epochtimestr.com\/wp-content\/uploads\/2011y\/image-318.png 1080w, https:\/\/epochtimestr.com\/wp-content\/uploads\/2011y\/image-318-300x200.png 300w, https:\/\/epochtimestr.com\/wp-content\/uploads\/2011y\/image-318-150x100.png 150w, https:\/\/epochtimestr.com\/wp-content\/uploads\/2011y\/image-318-768x512.png 768w\" sizes=\"(max-width: 1080px) 100vw, 1080px\" \/><figcaption class=\"wp-element-caption\"><em>Donald Trump, NATO Rusya\u2019dan petrol almay\u0131 b\u0131rak\u0131rsa Rusya\u2019ya b\u00fcy\u00fck yapt\u0131r\u0131mlar uygulayaca\u011f\u0131n\u0131 s\u00f6yledi. Trump, 11 Eyl\u00fcl 2025\u2019te Beyaz Saray\u2019dan ayr\u0131l\u0131yor. (Foto\u011fraf: Madalina Kilroy, The Epoch Times)<\/em><\/figcaption><\/figure><\/div>\n\n\n<p>ABD Ba\u015fkan\u0131 Donald Trump, 13 Eyl\u00fcl\u2019de yapt\u0131\u011f\u0131 a\u00e7\u0131klamada, Rusya\u2019ya yeni yapt\u0131r\u0131mlar uygulamaya haz\u0131r oldu\u011funu belirtti. Ancak bunu yaln\u0131zca t\u00fcm NATO m\u00fcttefiklerinin Rusya\u2019dan petrol al\u0131m\u0131n\u0131 durdurmay\u0131 kabul etmesinin <a href=\"https:\/\/www.theepochtimes.com\/world\/trump-says-hell-impose-major-sanctions-on-russia-if-nato-stops-buying-russian-oil-5914595\" target=\"_blank\" rel=\"noreferrer noopener\">ard\u0131ndan yapaca\u011f\u0131n\u0131 s\u00f6yledi<\/a>. Bu ad\u0131mla, \u00c7in\u2019e y\u00fcksek g\u00fcmr\u00fck vergileri i\u00e7eren daha geni\u015f bir plan\u0131n ba\u011flant\u0131l\u0131 oldu\u011funu vurgulad\u0131.<\/p>\n\n\n\n<p>Baz\u0131 NATO \u00fcyelerinin, bu t\u00fcr ithalat\u0131 azaltma taahh\u00fctlerine ra\u011fmen Rusya\u2019dan enerji almaya devam ettiklerini belirtti. Trump 13 Eyl\u00fcl\u2019de Truth Social\u2019da yapt\u0131\u011f\u0131 <a href=\"https:\/\/truthsocial.com\/@realDonaldTrump\/posts\/115196697263809382\" target=\"_blank\" rel=\"noreferrer noopener\">payla\u015f\u0131mda<\/a> ayr\u0131ca bu \u00fclkeleri, ittifak\u0131n Moskova\u2019ya bask\u0131s\u0131n\u0131 zay\u0131flatmakla su\u00e7lad\u0131.<\/p>\n\n\n\n<p>\u201cT\u00fcm NATO \u00fclkeleri ayn\u0131 \u015feyi yapmay\u0131 kabul edip uygulamaya ba\u015flad\u0131\u011f\u0131nda ve t\u00fcm NATO \u00fclkeleri RUSYA\u2019DAN PETROL ALMAYI BIRAKTI\u011eINDA Rusya\u2019ya b\u00fcy\u00fck yapt\u0131r\u0131mlar uygulamaya haz\u0131r\u0131m,\u201d diye yazd\u0131.<\/p>\n\n\n\n<p>\u201cHer neyse, siz haz\u0131r oldu\u011funuzda ben de \u2018haz\u0131r\u0131m\u2019. Sadece ne zaman oldu\u011funu s\u00f6yleyin.\u201d<\/p>\n\n\n\n<p>Trump birle\u015fik bir ambargonun, Ukrayna\u2019daki sava\u015f\u0131 h\u0131zla sona erdirece\u011fini s\u00f6yledi. Bu ambargo kapsam\u0131nda ABD, \u00c7in\u2019e y\u00fczde 50 ila 100 aras\u0131nda de\u011fi\u015fen g\u00fcmr\u00fck vergileri uyguluyor. Ayr\u0131ca Rusya\u2019n\u0131n ekonomik kaynaklar\u0131n\u0131 kesmek de b\u00fcy\u00fck \u00f6nem ta\u015f\u0131yor.<\/p>\n\n\n\n<p>Trump ayr\u0131ca, \u201cBu TRUMP\u2019IN SAVA\u015eI DE\u011e\u0130L (Ben ba\u015fkan olsayd\u0131m asla ba\u015flamazd\u0131!)\u201d diye ekledi.<\/p>\n\n\n\n<p>\u201cBen sadece bunu durdurmaya ve binlerce Rus ve Ukraynal\u0131n\u0131n hayat\u0131n\u0131 kurtarmaya yard\u0131mc\u0131 olmak i\u00e7in buraday\u0131m.\u201d<\/p>\n\n\n\n<p>Trump\u2019\u0131n payla\u015f\u0131m\u0131ndan hemen \u00f6nce, 12 Eyl\u00fcl\u2019de G7 Maliye Bakanlar\u0131yla bir g\u00f6r\u00fc\u015fme yap\u0131ld\u0131. G\u00f6r\u00fc\u015fmede ABD\u2019yi Hazine Bakan\u0131 Scott Bessent ve Ticaret Temsilcisi Jamieson Greer temsil ettiler. Ayr\u0131ca ABD m\u00fcttefiklerine Rusya\u2019dan petrol alan \u00fclkelere Washington\u2019\u0131n uygulad\u0131\u011f\u0131 vergi tarifelerini uygulama \u00e7a\u011fr\u0131s\u0131 yapt\u0131lar.<\/p>\n\n\n\n<p>\u201cYaln\u0131zca [Rusya Devlet Ba\u015fkan\u0131 Vladimir] Putin\u2019in sava\u015f makinesini finanse eden gelirleri kayna\u011f\u0131ndan kesen birle\u015fik bir \u00e7abayla, anlams\u0131z katliam\u0131 sona erdirecek yeterli ekonomik bask\u0131y\u0131 uygulayabiliriz,\u201d <a href=\"https:\/\/home.treasury.gov\/news\/press-releases\/sb0247\" target=\"_blank\" rel=\"noreferrer noopener\">dediler<\/a>. Ayr\u0131ca, dondurulmu\u015f Rus varl\u0131klar\u0131n\u0131n Ukrayna\u2019y\u0131 desteklemek i\u00e7in kullan\u0131lma olas\u0131l\u0131\u011f\u0131na da de\u011findiler. Amerika Birle\u015fik Devletleri\u2019nin daha g\u00fc\u00e7l\u00fc yapt\u0131r\u0131mlar i\u00e7in verilen g\u00fcvencelerden \u00a0\u201cmemnuniyet duydu\u011funu\u201d eklediler.<\/p>\n\n\n\n<h3 class=\"wp-block-heading\">Yapt\u0131r\u0131m Bask\u0131s\u0131 Art\u0131yor<\/h3>\n\n\n\n<p>Trump bundan \u00f6nce 7 Eyl\u00fcl&#8217;de de Beyaz Saray&#8217;da bu konuda baz\u0131 a\u00e7\u0131klamalar yapm\u0131\u015ft\u0131. O a\u00e7\u0131klamas\u0131nda Moskova&#8217;ya kar\u015f\u0131 ikinci a\u015fama yapt\u0131r\u0131mlar\u0131 uygulamaya haz\u0131r oldu\u011funu <a href=\"https:\/\/www.theepochtimes.com\/world\/trump-says-us-ready-for-second-phase-of-russia-sanctions-5911773\" target=\"_blank\" rel=\"noreferrer noopener\">i\u015faret etmi\u015fti<\/a>.<\/p>\n\n\n\n<p>Rusya 7 Eyl\u00fcl&#8217;de, Ukrayna\u2019ya sava\u015f\u0131n en b\u00fcy\u00fck drone ve f\u00fcze sald\u0131r\u0131lar\u0131ndan birini <a href=\"https:\/\/epochtimestr.com\/index.php\/kiev-saldirisi-rusyanin-baris-istemedigini-gosteriyor\" target=\"_blank\" rel=\"noreferrer noopener\">d\u00fczenledi<\/a>. Rusya\u2019n\u0131n 800\u2019den fazla drone ve f\u00fcze kullanarak d\u00fczenledi\u011fi sald\u0131r\u0131da d\u00f6rt ki\u015fi hayat\u0131n\u0131 kaybetti ve onlarca ki\u015fi yaraland\u0131. Bu sald\u0131r\u0131dan sonra bir gazeteci Trump\u2019a yapt\u0131r\u0131mlarla kar\u015f\u0131l\u0131k verip vermeyece\u011fini sordu. Ba\u015fkan, \u201cEvet, haz\u0131r\u0131m\u201d yan\u0131t\u0131n\u0131 verdi, ancak ek bir detay vermedi.<\/p>\n\n\n\n<p>Sald\u0131r\u0131n\u0131n ard\u0131ndan Ukrayna Cumhurba\u015fkan\u0131 Volodimir Zelenski, \u00fclkeleri Kremlin\u2019e y\u00f6nelik ekonomik bask\u0131y\u0131 art\u0131rmaya \u00e7a\u011f\u0131rd\u0131. Ayr\u0131ca \u201cs\u0131k\u0131 g\u00fcmr\u00fck vergileri ve di\u011fer ticaret k\u0131s\u0131tlamalar\u0131\u201d uygulanmas\u0131n\u0131 talep etti.<\/p>\n\n\n\n<p>Ayn\u0131 g\u00fcn ABD Hazine Bakan\u0131 Scott Bessent, NBC News\u2019e koordineli eylemin kilit rol oynayaca\u011f\u0131n\u0131 <a href=\"https:\/\/www.nbcnews.com\/politics\/trump-administration\/treasury-secretary-us-eu-collapse-russian-economy-tariffs-bessent-rcna229616\" target=\"_blank\" rel=\"noreferrer noopener\">s\u00f6yledi<\/a>.<\/p>\n\n\n\n<p>Koordineli eylem kapsam\u0131nda ABD\u2019nin [ve Avrupa Birli\u011fi\u2019nin] devreye girip daha fazla yapt\u0131r\u0131m uygulamas\u0131 gerekti\u011fini s\u00f6yledi. Rusya\u2019dan petrol alan \u00fclkelerin de ikincil g\u00fcmr\u00fck vergileri uygulamas\u0131n\u0131n \u00f6nemine de\u011findi. Bu eylemler ger\u00e7ekle\u015firse, Rus ekonomisinin tamamen \u00e7\u00f6k\u00fc\u015fe ge\u00e7ece\u011fini ve Ba\u015fkan Putin\u2019in masaya gelece\u011fini belirtti. Bessent bu a\u00e7\u0131klamay\u0131 NBC\u2019nin \u201cMeet the Press\u201d program\u0131nda yapt\u0131.<\/p>\n\n\n\n<h3 class=\"wp-block-heading\">\u00c7in ve Hindistan\u2019a Y\u00f6nelik G\u00fcmr\u00fck Vergileri<\/h3>\n\n\n\n<p>Trump, Hindistan\u2019a y\u00f6nelik ticaret vergilerini zaten art\u0131rm\u0131\u015ft\u0131. A\u011fustos sonlar\u0131nda Hindistan\u2019\u0131n Rus ham petrol\u00fc ithalat\u0131n\u0131n artmas\u0131 nedeniyle, g\u00fcmr\u00fck vergilerini y\u00fczde 50\u2019ye \u00e7\u0131karm\u0131\u015ft\u0131. Ayr\u0131ca hem \u00c7in hem Hindistan i\u00e7in y\u00fczde 100\u2019e kadar g\u00fcmr\u00fck vergileri uygulanmas\u0131n\u0131 g\u00fcndeme getirdi. Ard\u0131ndan 9 Eyl\u00fcl\u2019de AB yapt\u0131r\u0131mlar\u0131ndan sorumlu yetkili David O\u2019Sullivan ile konferans g\u00f6r\u00fc\u015fmesi yapt\u0131. Bu g\u00f6r\u00fc\u015fmede Avrupa yetkililerini benzer bir yakla\u015f\u0131m\u0131 benimsemeye <a href=\"https:\/\/www.theepochtimes.com\/china\/trump-presses-eu-to-target-china-india-with-up-to-100-percent-tariffs-over-russia-ties-5913079\" target=\"_blank\" rel=\"noreferrer noopener\">zorlad\u0131<\/a>.<\/p>\n\n\n\n<p>\u015eimdiye kadar AB\u2019nin Rusya\u2019y\u0131 izole etme stratejisi, g\u00fcmr\u00fck vergilerinden ziyade yapt\u0131r\u0131mlara dayan\u0131yordu. Uygulan\u0131rsa bu ad\u0131m, AB stratejisinde bir de\u011fi\u015fikli\u011fi temsil edecek.<\/p>\n\n\n\n<p>Trump, Br\u00fcksel\u2019e Pekin\u2019e g\u00fcmr\u00fck vergisi uygulamas\u0131n\u0131 \u00f6nermi\u015fti. \u00c7in D\u0131\u015fi\u015fleri Bakanl\u0131\u011f\u0131 10 Eyl\u00fcl\u2019de yapt\u0131\u011f\u0131 bir a\u00e7\u0131klamayla, buna \u201cs\u00f6zde ekonomik bask\u0131\u201d diyerek kar\u015f\u0131 \u00e7\u0131kt\u0131.<\/p>\n\n\n\n<p>Hindistan, ithalat\u0131n\u0131n enerji g\u00fcvenli\u011fi meselesi oldu\u011funu ifade ederek kendini savundu. T\u00fcm \u00fclkelerin yabanc\u0131 petrole ba\u011f\u0131ml\u0131l\u0131\u011f\u0131na dikkat \u00e7ekti. Ayr\u0131ca Bat\u0131l\u0131 \u00fclkeleri, zenginle\u015ftirilmi\u015f uranyum gibi Rus \u00fcr\u00fcnlerini almaya devam etmekle, ikiy\u00fczl\u00fcl\u00fckle su\u00e7lad\u0131.<\/p>\n\n\n\n<p>Stratejik ve Uluslararas\u0131 \u00c7al\u0131\u015fmalar Merkezi, \u00fclkelerin Rusya\u2019dan enerji ithalatlar\u0131n\u0131 ara\u015ft\u0131rd\u0131. <a href=\"https:\/\/www.csis.org\/analysis\/guns-and-oil-continuity-and-change-russia-india-relations#:~:text=As%20a%20result%2C%20the%20share,in%20bilateral%20trade%20by%202025.\" target=\"_blank\" rel=\"noreferrer noopener\">Sonu\u00e7lara g\u00f6re<\/a>, Hindistan\u2019\u0131n ham petrol tedarikindeki Rusya pay\u0131 sava\u015f \u00f6ncesinde y\u00fczde 2 idi. Ancak 2023 sonuna kadar neredeyse y\u00fczde 40\u2019a y\u00fckseldi. Bunun yan\u0131 s\u0131ra \u00c7in art\u0131k Rusya\u2019n\u0131n fosil yak\u0131t ihracat gelirlerinin yakla\u015f\u0131k y\u00fczde 47\u2019sini olu\u015fturuyor.<\/p>\n\n\n\n<h3 class=\"wp-block-heading\">G\u00f6r\u00fc\u015fmeler Hayal K\u0131r\u0131kl\u0131\u011f\u0131 Yaratt\u0131<\/h3>\n\n\n\n<p>ABD ba\u015fkan\u0131, Putin ve Zelenski aras\u0131nda do\u011frudan bar\u0131\u015f g\u00f6r\u00fc\u015fmelerini te\u015fvik ederek sava\u015f\u0131n sona ermesini sa\u011flamaya \u00e7al\u0131\u015f\u0131yor. Beyaz Saray ge\u00e7en ay her iki lideri ayr\u0131 ayr\u0131 a\u011f\u0131rlad\u0131. G\u00fcmr\u00fck vergisi tehditleri, bu \u00e7abalar\u0131n ortas\u0131nda g\u00fcndeme geldi. Trump, \u201c\u0130kisini bir odaya koyaca\u011f\u0131n\u0131\u201d vaat ediyor. Bunun yan\u0131 s\u0131ra Ukrayna, herhangi bir zirvenin Moskova\u2019da yap\u0131lmas\u0131 y\u00f6n\u00fcndeki Moskova \u0131srar\u0131n\u0131 reddediyor.<\/p>\n\n\n\n<p>Zelenski, ABC News\u2019e \u201c\u00dclkem her g\u00fcn f\u00fcze sald\u0131r\u0131s\u0131 alt\u0131nda, sald\u0131r\u0131ya u\u011frarken Moskova\u2019ya gidemem,\u201d <a href=\"https:\/\/www.theepochtimes.com\/world\/zelenskyy-rejects-putins-invitation-for-meeting-in-moscow-he-can-come-to-kyiv-5911430\" target=\"_blank\" rel=\"noreferrer noopener\">dedi<\/a>.<\/p>\n\n\n\n<p>Ancak \u201c[Putin] Kiev\u2019e gelebilir.\u201d<\/p>\n\n\n\n<p>Putin ise Vladivostok\u2019ta yapt\u0131\u011f\u0131 a\u00e7\u0131klamada m\u00fczakerelere a\u00e7\u0131k oldu\u011funu belirtti. Ancak Ukrayna\u2019n\u0131n haz\u0131rl\u0131\u011f\u0131 konusunda \u015f\u00fcphe duydu\u011funu s\u00f6yledi. Bununla ilgili olarak Kiev\u2019de s\u0131k\u0131y\u00f6netim ve siyasi i\u015flevsizlik iddialar\u0131n\u0131 i\u015faret etti.<\/p>\n\n\n\n<p>Trump, 3 Eyl\u00fcl\u2019de Polonya Cumhurba\u015fkan\u0131 Karol Nawrocki ile yapt\u0131\u011f\u0131 <a href=\"https:\/\/www.theepochtimes.com\/us\/trump-to-host-polands-new-president-nawrocki-at-the-white-house-5909589\" target=\"_blank\" rel=\"noreferrer noopener\">g\u00f6r\u00fc\u015fmede<\/a> ilerleme konusundaki sab\u0131rs\u0131zl\u0131\u011f\u0131n\u0131 dile getirdi. Putin g\u00f6r\u00fc\u015fmelere direnirse, \u201colacaklar\u0131 g\u00f6recek\u201d dedi.<\/p>\n\n\n\n<p>\u015eimdilik Trump, NATO ayn\u0131 ad\u0131m\u0131 atana kadar, en sert ekonomik \u00f6nlemlerini geride tutuyor.<\/p>\n\n\n\n<p>Truth Social payla\u015f\u0131m\u0131nda, \u201cE\u011fer NATO benim dedi\u011fimi yaparsa, sava\u015f h\u0131zla sona erecek,\u201d diye yazd\u0131.<\/p>\n\n\n\n<p>\u201cYapmazlarsa, sadece benim zaman\u0131m\u0131, Amerika Birle\u015fik Devletleri\u2019nin zaman\u0131n\u0131, enerjisini ve paras\u0131n\u0131 bo\u015fa harcam\u0131\u015f olurlar.\u201d<\/p>\n\n\n\n<div class=\"wp-block-columns is-layout-flex wp-container-core-columns-is-layout-1 wp-block-columns-is-layout-flex\">\n<div class=\"wp-block-column is-layout-flow wp-block-column-is-layout-flow\"><\/div>\n<\/div>\n\n\n\n<p><em>Yazan: <\/em>Tom Ozimek, The Epoch Times<\/p>\n\n\n\n<p><em>\u00c7eviren:<\/em> \u015eenda\u011f G\u00f6k\u00e7e, The Epoch Times T\u00fcrkiye<\/p>\n","protected":false},"excerpt":{"rendered":"<p>ABD Ba\u015fkan\u0131, ancak birle\u015fik bir ambargo ve kapsaml\u0131 ticaret vergilerinin Moskova\u2019n\u0131n sava\u015f finansman\u0131n\u0131 kesebilece\u011fini s\u00f6yledi. ABD Ba\u015fkan\u0131 Donald Trump, 13 Eyl\u00fcl\u2019de yapt\u0131\u011f\u0131 a\u00e7\u0131klamada, Rusya\u2019ya yeni yapt\u0131r\u0131mlar uygulamaya haz\u0131r oldu\u011funu belirtti. Ancak bunu yaln\u0131zca t\u00fcm NATO m\u00fcttefiklerinin Rusya\u2019dan petrol al\u0131m\u0131n\u0131 durdurmay\u0131 kabul etmesinin ard\u0131ndan yapaca\u011f\u0131n\u0131 s\u00f6yledi. Bu ad\u0131mla, \u00c7in\u2019e y\u00fcksek g\u00fcmr\u00fck vergileri i\u00e7eren daha geni\u015f bir [&hellip;]<\/p>\n","protected":false},"author":13978,"featured_media":162213,"comment_status":"closed","ping_status":"open","sticky":false,"template":"","format":"standard","meta":{"_yoast_wpseo_focuskw":"Trump - NATO","_yoast_wpseo_title":"","_yoast_wpseo_metadesc":"ABD Ba\u015fkan\u0131 Trump, NATO ile birle\u015fik bir ambargo ve kapsaml\u0131 ticaret vergilerinin Moskova\u2019n\u0131n sava\u015f finansman\u0131n\u0131 kesebilece\u011fini s\u00f6yledi.","_bbp_topic_count":0,"_bbp_reply_count":0,"_bbp_total_topic_count":0,"_bbp_total_reply_count":0,"_bbp_voice_count":0,"_bbp_anonymous_reply_count":0,"_bbp_topic_count_hidden":0,"_bbp_reply_count_hidden":0,"_bbp_forum_subforum_count":0,"footnotes":"","_yoast_wpseo_focuskw_text_input":""},"categories":[5,1,8138],"tags":[407,8765,722,265,2892,9482],"yoast_head":"<!-- This site is optimized with the Yoast SEO plugin v23.0 - https:\/\/yoast.com\/wordpress\/plugins\/seo\/ -->\n<title>Trump NATO \u00dclkelerini Rusya\u2019dan Petrol Almay\u0131 B\u0131rakmaya \u00c7a\u011f\u0131rd\u0131 - The Epoch Times TR<\/title>\n<meta name=\"description\" content=\"ABD Ba\u015fkan\u0131 Trump, NATO ile birle\u015fik bir ambargo ve kapsaml\u0131 ticaret vergilerinin Moskova\u2019n\u0131n sava\u015f finansman\u0131n\u0131 kesebilece\u011fini s\u00f6yledi.\" \/>\n<meta name=\"robots\" content=\"index, follow, max-snippet:-1, max-image-preview:large, max-video-preview:-1\" \/>\n<link rel=\"canonical\" href=\"https:\/\/epochtimestr.com\/index.php\/trump-nato-ulkelerini-rusyadan-petrol-almayi-birakmaya-cagirdi\" \/>\n<meta property=\"og:locale\" content=\"tr_TR\" \/>\n<meta property=\"og:type\" content=\"article\" \/>\n<meta property=\"og:title\" content=\"Trump NATO \u00dclkelerini Rusya\u2019dan Petrol Almay\u0131 B\u0131rakmaya \u00c7a\u011f\u0131rd\u0131 - The Epoch Times TR\" \/>\n<meta property=\"og:description\" content=\"ABD Ba\u015fkan\u0131 Trump, NATO ile birle\u015fik bir ambargo ve kapsaml\u0131 ticaret vergilerinin Moskova\u2019n\u0131n sava\u015f finansman\u0131n\u0131 kesebilece\u011fini s\u00f6yledi.\" \/>\n<meta property=\"og:url\" content=\"https:\/\/epochtimestr.com\/index.php\/trump-nato-ulkelerini-rusyadan-petrol-almayi-birakmaya-cagirdi\" \/>\n<meta property=\"og:site_name\" content=\"The Epoch Times TR\" \/>\n<meta property=\"article:publisher\" content=\"https:\/\/www.facebook.com\/theepochtimestr\" \/>\n<meta property=\"article:published_time\" content=\"2025-09-15T10:12:17+00:00\" \/>\n<meta property=\"article:modified_time\" content=\"2025-09-15T10:12:25+00:00\" \/>\n<meta property=\"og:image\" content=\"https:\/\/epochtimestr.com\/wp-content\/uploads\/2011y\/image-318.png\" \/>\n\t<meta property=\"og:image:width\" content=\"1080\" \/>\n\t<meta property=\"og:image:height\" content=\"720\" \/>\n\t<meta property=\"og:image:type\" content=\"image\/png\" \/>\n<meta name=\"author\" content=\"\u015eenda\u011f G\u00f6k\u00e7e\" \/>\n<meta name=\"twitter:card\" content=\"summary_large_image\" \/>\n<meta name=\"twitter:creator\" content=\"@TheEpochTimesTR\" \/>\n<meta name=\"twitter:site\" content=\"@TheEpochTimesTR\" \/>\n<meta name=\"twitter:label1\" content=\"Yazan:\" \/>\n\t<meta name=\"twitter:data1\" content=\"\u015eenda\u011f G\u00f6k\u00e7e\" \/>\n\t<meta name=\"twitter:label2\" content=\"Tahmini okuma s\u00fcresi\" \/>\n\t<meta name=\"twitter:data2\" content=\"6 dakika\" \/>\n<script type=\"application\/ld+json\" class=\"yoast-schema-graph\">{\"@context\":\"https:\/\/schema.org\",\"@graph\":[{\"@type\":\"Article\",\"@id\":\"https:\/\/epochtimestr.com\/index.php\/trump-nato-ulkelerini-rusyadan-petrol-almayi-birakmaya-cagirdi#article\",\"isPartOf\":{\"@id\":\"https:\/\/epochtimestr.com\/index.php\/trump-nato-ulkelerini-rusyadan-petrol-almayi-birakmaya-cagirdi\"},\"author\":{\"name\":\"\u015eenda\u011f G\u00f6k\u00e7e\",\"@id\":\"https:\/\/epochtimestr.com\/#\/schema\/person\/615caffe8877b02d1eed3f4261d81fda\"},\"headline\":\"Trump NATO \u00dclkelerini Rusya\u2019dan Petrol Almay\u0131 B\u0131rakmaya \u00c7a\u011f\u0131rd\u0131\",\"datePublished\":\"2025-09-15T10:12:17+00:00\",\"dateModified\":\"2025-09-15T10:12:25+00:00\",\"mainEntityOfPage\":{\"@id\":\"https:\/\/epochtimestr.com\/index.php\/trump-nato-ulkelerini-rusyadan-petrol-almayi-birakmaya-cagirdi\"},\"wordCount\":1260,\"publisher\":{\"@id\":\"https:\/\/epochtimestr.com\/#organization\"},\"image\":{\"@id\":\"https:\/\/epochtimestr.com\/index.php\/trump-nato-ulkelerini-rusyadan-petrol-almayi-birakmaya-cagirdi#primaryimage\"},\"thumbnailUrl\":\"https:\/\/epochtimestr.com\/wp-content\/uploads\/2011y\/image-318.png\",\"keywords\":[\"ABD\",\"Bar\u0131\u015f G\u00f6r\u00fc\u015fmeleri\",\"NATO\",\"rusya\",\"Ukrayna\",\"Yapt\u0131r\u0131mlar\"],\"articleSection\":[\"D\u00dcNYA\",\"G\u00dcNDEM\",\"MAN\u015eET\"],\"inLanguage\":\"tr\"},{\"@type\":\"WebPage\",\"@id\":\"https:\/\/epochtimestr.com\/index.php\/trump-nato-ulkelerini-rusyadan-petrol-almayi-birakmaya-cagirdi\",\"url\":\"https:\/\/epochtimestr.com\/index.php\/trump-nato-ulkelerini-rusyadan-petrol-almayi-birakmaya-cagirdi\",\"name\":\"Trump NATO \u00dclkelerini Rusya\u2019dan Petrol Almay\u0131 B\u0131rakmaya \u00c7a\u011f\u0131rd\u0131 - The Epoch Times TR\",\"isPartOf\":{\"@id\":\"https:\/\/epochtimestr.com\/#website\"},\"primaryImageOfPage\":{\"@id\":\"https:\/\/epochtimestr.com\/index.php\/trump-nato-ulkelerini-rusyadan-petrol-almayi-birakmaya-cagirdi#primaryimage\"},\"image\":{\"@id\":\"https:\/\/epochtimestr.com\/index.php\/trump-nato-ulkelerini-rusyadan-petrol-almayi-birakmaya-cagirdi#primaryimage\"},\"thumbnailUrl\":\"https:\/\/epochtimestr.com\/wp-content\/uploads\/2011y\/image-318.png\",\"datePublished\":\"2025-09-15T10:12:17+00:00\",\"dateModified\":\"2025-09-15T10:12:25+00:00\",\"description\":\"ABD Ba\u015fkan\u0131 Trump, NATO ile birle\u015fik bir ambargo ve kapsaml\u0131 ticaret vergilerinin Moskova\u2019n\u0131n sava\u015f finansman\u0131n\u0131 kesebilece\u011fini s\u00f6yledi.\",\"inLanguage\":\"tr\",\"potentialAction\":[{\"@type\":\"ReadAction\",\"target\":[\"https:\/\/epochtimestr.com\/index.php\/trump-nato-ulkelerini-rusyadan-petrol-almayi-birakmaya-cagirdi\"]}]},{\"@type\":\"ImageObject\",\"inLanguage\":\"tr\",\"@id\":\"https:\/\/epochtimestr.com\/index.php\/trump-nato-ulkelerini-rusyadan-petrol-almayi-birakmaya-cagirdi#primaryimage\",\"url\":\"https:\/\/epochtimestr.com\/wp-content\/uploads\/2011y\/image-318.png\",\"contentUrl\":\"https:\/\/epochtimestr.com\/wp-content\/uploads\/2011y\/image-318.png\",\"width\":1080,\"height\":720},{\"@type\":\"WebSite\",\"@id\":\"https:\/\/epochtimestr.com\/#website\",\"url\":\"https:\/\/epochtimestr.com\/\",\"name\":\"The Epoch Times TR\",\"description\":\"De\u011fi\u015fen D\u00fcnyam\u0131za Taze Bir Bak\u0131\u015f\",\"publisher\":{\"@id\":\"https:\/\/epochtimestr.com\/#organization\"},\"potentialAction\":[{\"@type\":\"SearchAction\",\"target\":{\"@type\":\"EntryPoint\",\"urlTemplate\":\"https:\/\/epochtimestr.com\/?s={search_term_string}\"},\"query-input\":\"required name=search_term_string\"}],\"inLanguage\":\"tr\"},{\"@type\":\"Organization\",\"@id\":\"https:\/\/epochtimestr.com\/#organization\",\"name\":\"The EpochTimes T\u00fcrkiye\",\"url\":\"https:\/\/epochtimestr.com\/\",\"logo\":{\"@type\":\"ImageObject\",\"inLanguage\":\"tr\",\"@id\":\"https:\/\/epochtimestr.com\/#\/schema\/logo\/image\/\",\"url\":\"https:\/\/epochtimestr.com\/wp-content\/uploads\/2011y\/ET-Logo-YG.jpg\",\"contentUrl\":\"https:\/\/epochtimestr.com\/wp-content\/uploads\/2011y\/ET-Logo-YG.jpg\",\"width\":346,\"height\":29,\"caption\":\"The EpochTimes T\u00fcrkiye\"},\"image\":{\"@id\":\"https:\/\/epochtimestr.com\/#\/schema\/logo\/image\/\"},\"sameAs\":[\"https:\/\/www.facebook.com\/theepochtimestr\",\"https:\/\/x.com\/TheEpochTimesTR\",\"https:\/\/www.instagram.com\/epochtimestr\"]},{\"@type\":\"Person\",\"@id\":\"https:\/\/epochtimestr.com\/#\/schema\/person\/615caffe8877b02d1eed3f4261d81fda\",\"name\":\"\u015eenda\u011f G\u00f6k\u00e7e\",\"image\":{\"@type\":\"ImageObject\",\"inLanguage\":\"tr\",\"@id\":\"https:\/\/epochtimestr.com\/#\/schema\/person\/image\/\",\"url\":\"https:\/\/secure.gravatar.com\/avatar\/e9705bc5cda90ce98053c0d95045fd31?s=96&d=mm&r=g\",\"contentUrl\":\"https:\/\/secure.gravatar.com\/avatar\/e9705bc5cda90ce98053c0d95045fd31?s=96&d=mm&r=g\",\"caption\":\"\u015eenda\u011f G\u00f6k\u00e7e\"},\"url\":\"https:\/\/epochtimestr.com\/index.php\/author\/gokce\"}]}<\/script>\n<!-- \/ Yoast SEO plugin. -->","yoast_head_json":{"title":"Trump NATO \u00dclkelerini Rusya\u2019dan Petrol Almay\u0131 B\u0131rakmaya \u00c7a\u011f\u0131rd\u0131 - The Epoch Times TR","description":"ABD Ba\u015fkan\u0131 Trump, NATO ile birle\u015fik bir ambargo ve kapsaml\u0131 ticaret vergilerinin Moskova\u2019n\u0131n sava\u015f finansman\u0131n\u0131 kesebilece\u011fini s\u00f6yledi.","robots":{"index":"index","follow":"follow","max-snippet":"max-snippet:-1","max-image-preview":"max-image-preview:large","max-video-preview":"max-video-preview:-1"},"canonical":"https:\/\/epochtimestr.com\/index.php\/trump-nato-ulkelerini-rusyadan-petrol-almayi-birakmaya-cagirdi","og_locale":"tr_TR","og_type":"article","og_title":"Trump NATO \u00dclkelerini Rusya\u2019dan Petrol Almay\u0131 B\u0131rakmaya \u00c7a\u011f\u0131rd\u0131 - The Epoch Times TR","og_description":"ABD Ba\u015fkan\u0131 Trump, NATO ile birle\u015fik bir ambargo ve kapsaml\u0131 ticaret vergilerinin Moskova\u2019n\u0131n sava\u015f finansman\u0131n\u0131 kesebilece\u011fini s\u00f6yledi.","og_url":"https:\/\/epochtimestr.com\/index.php\/trump-nato-ulkelerini-rusyadan-petrol-almayi-birakmaya-cagirdi","og_site_name":"The Epoch Times TR","article_publisher":"https:\/\/www.facebook.com\/theepochtimestr","article_published_time":"2025-09-15T10:12:17+00:00","article_modified_time":"2025-09-15T10:12:25+00:00","og_image":[{"width":1080,"height":720,"url":"https:\/\/epochtimestr.com\/wp-content\/uploads\/2011y\/image-318.png","type":"image\/png"}],"author":"\u015eenda\u011f G\u00f6k\u00e7e","twitter_card":"summary_large_image","twitter_creator":"@TheEpochTimesTR","twitter_site":"@TheEpochTimesTR","twitter_misc":{"Yazan:":"\u015eenda\u011f G\u00f6k\u00e7e","Tahmini okuma s\u00fcresi":"6 dakika"},"schema":{"@context":"https:\/\/schema.org","@graph":[{"@type":"Article","@id":"https:\/\/epochtimestr.com\/index.php\/trump-nato-ulkelerini-rusyadan-petrol-almayi-birakmaya-cagirdi#article","isPartOf":{"@id":"https:\/\/epochtimestr.com\/index.php\/trump-nato-ulkelerini-rusyadan-petrol-almayi-birakmaya-cagirdi"},"author":{"name":"\u015eenda\u011f G\u00f6k\u00e7e","@id":"https:\/\/epochtimestr.com\/#\/schema\/person\/615caffe8877b02d1eed3f4261d81fda"},"headline":"Trump NATO \u00dclkelerini Rusya\u2019dan Petrol Almay\u0131 B\u0131rakmaya \u00c7a\u011f\u0131rd\u0131","datePublished":"2025-09-15T10:12:17+00:00","dateModified":"2025-09-15T10:12:25+00:00","mainEntityOfPage":{"@id":"https:\/\/epochtimestr.com\/index.php\/trump-nato-ulkelerini-rusyadan-petrol-almayi-birakmaya-cagirdi"},"wordCount":1260,"publisher":{"@id":"https:\/\/epochtimestr.com\/#organization"},"image":{"@id":"https:\/\/epochtimestr.com\/index.php\/trump-nato-ulkelerini-rusyadan-petrol-almayi-birakmaya-cagirdi#primaryimage"},"thumbnailUrl":"https:\/\/epochtimestr.com\/wp-content\/uploads\/2011y\/image-318.png","keywords":["ABD","Bar\u0131\u015f G\u00f6r\u00fc\u015fmeleri","NATO","rusya","Ukrayna","Yapt\u0131r\u0131mlar"],"articleSection":["D\u00dcNYA","G\u00dcNDEM","MAN\u015eET"],"inLanguage":"tr"},{"@type":"WebPage","@id":"https:\/\/epochtimestr.com\/index.php\/trump-nato-ulkelerini-rusyadan-petrol-almayi-birakmaya-cagirdi","url":"https:\/\/epochtimestr.com\/index.php\/trump-nato-ulkelerini-rusyadan-petrol-almayi-birakmaya-cagirdi","name":"Trump NATO \u00dclkelerini Rusya\u2019dan Petrol Almay\u0131 B\u0131rakmaya \u00c7a\u011f\u0131rd\u0131 - The Epoch Times TR","isPartOf":{"@id":"https:\/\/epochtimestr.com\/#website"},"primaryImageOfPage":{"@id":"https:\/\/epochtimestr.com\/index.php\/trump-nato-ulkelerini-rusyadan-petrol-almayi-birakmaya-cagirdi#primaryimage"},"image":{"@id":"https:\/\/epochtimestr.com\/index.php\/trump-nato-ulkelerini-rusyadan-petrol-almayi-birakmaya-cagirdi#primaryimage"},"thumbnailUrl":"https:\/\/epochtimestr.com\/wp-content\/uploads\/2011y\/image-318.png","datePublished":"2025-09-15T10:12:17+00:00","dateModified":"2025-09-15T10:12:25+00:00","description":"ABD Ba\u015fkan\u0131 Trump, NATO ile birle\u015fik bir ambargo ve kapsaml\u0131 ticaret vergilerinin Moskova\u2019n\u0131n sava\u015f finansman\u0131n\u0131 kesebilece\u011fini s\u00f6yledi.","inLanguage":"tr","potentialAction":[{"@type":"ReadAction","target":["https:\/\/epochtimestr.com\/index.php\/trump-nato-ulkelerini-rusyadan-petrol-almayi-birakmaya-cagirdi"]}]},{"@type":"ImageObject","inLanguage":"tr","@id":"https:\/\/epochtimestr.com\/index.php\/trump-nato-ulkelerini-rusyadan-petrol-almayi-birakmaya-cagirdi#primaryimage","url":"https:\/\/epochtimestr.com\/wp-content\/uploads\/2011y\/image-318.png","contentUrl":"https:\/\/epochtimestr.com\/wp-content\/uploads\/2011y\/image-318.png","width":1080,"height":720},{"@type":"WebSite","@id":"https:\/\/epochtimestr.com\/#website","url":"https:\/\/epochtimestr.com\/","name":"The Epoch Times TR","description":"De\u011fi\u015fen D\u00fcnyam\u0131za Taze Bir Bak\u0131\u015f","publisher":{"@id":"https:\/\/epochtimestr.com\/#organization"},"potentialAction":[{"@type":"SearchAction","target":{"@type":"EntryPoint","urlTemplate":"https:\/\/epochtimestr.com\/?s={search_term_string}"},"query-input":"required name=search_term_string"}],"inLanguage":"tr"},{"@type":"Organization","@id":"https:\/\/epochtimestr.com\/#organization","name":"The EpochTimes T\u00fcrkiye","url":"https:\/\/epochtimestr.com\/","logo":{"@type":"ImageObject","inLanguage":"tr","@id":"https:\/\/epochtimestr.com\/#\/schema\/logo\/image\/","url":"https:\/\/epochtimestr.com\/wp-content\/uploads\/2011y\/ET-Logo-YG.jpg","contentUrl":"https:\/\/epochtimestr.com\/wp-content\/uploads\/2011y\/ET-Logo-YG.jpg","width":346,"height":29,"caption":"The EpochTimes T\u00fcrkiye"},"image":{"@id":"https:\/\/epochtimestr.com\/#\/schema\/logo\/image\/"},"sameAs":["https:\/\/www.facebook.com\/theepochtimestr","https:\/\/x.com\/TheEpochTimesTR","https:\/\/www.instagram.com\/epochtimestr"]},{"@type":"Person","@id":"https:\/\/epochtimestr.com\/#\/schema\/person\/615caffe8877b02d1eed3f4261d81fda","name":"\u015eenda\u011f G\u00f6k\u00e7e","image":{"@type":"ImageObject","inLanguage":"tr","@id":"https:\/\/epochtimestr.com\/#\/schema\/person\/image\/","url":"https:\/\/secure.gravatar.com\/avatar\/e9705bc5cda90ce98053c0d95045fd31?s=96&d=mm&r=g","contentUrl":"https:\/\/secure.gravatar.com\/avatar\/e9705bc5cda90ce98053c0d95045fd31?s=96&d=mm&r=g","caption":"\u015eenda\u011f G\u00f6k\u00e7e"},"url":"https:\/\/epochtimestr.com\/index.php\/author\/gokce"}]}},"_links":{"self":[{"href":"https:\/\/epochtimestr.com\/index.php\/wp-json\/wp\/v2\/posts\/162212"}],"collection":[{"href":"https:\/\/epochtimestr.com\/index.php\/wp-json\/wp\/v2\/posts"}],"about":[{"href":"https:\/\/epochtimestr.com\/index.php\/wp-json\/wp\/v2\/types\/post"}],"author":[{"embeddable":true,"href":"https:\/\/epochtimestr.com\/index.php\/wp-json\/wp\/v2\/users\/13978"}],"replies":[{"embeddable":true,"href":"https:\/\/epochtimestr.com\/index.php\/wp-json\/wp\/v2\/comments?post=162212"}],"version-history":[{"count":3,"href":"https:\/\/epochtimestr.com\/index.php\/wp-json\/wp\/v2\/posts\/162212\/revisions"}],"predecessor-version":[{"id":162217,"href":"https:\/\/epochtimestr.com\/index.php\/wp-json\/wp\/v2\/posts\/162212\/revisions\/162217"}],"wp:featuredmedia":[{"embeddable":true,"href":"https:\/\/epochtimestr.com\/index.php\/wp-json\/wp\/v2\/media\/162213"}],"wp:attachment":[{"href":"https:\/\/epochtimestr.com\/index.php\/wp-json\/wp\/v2\/media?parent=162212"}],"wp:term":[{"taxonomy":"category","embeddable":true,"href":"https:\/\/epochtimestr.com\/index.php\/wp-json\/wp\/v2\/categories?post=162212"},{"taxonomy":"post_tag","embeddable":true,"href":"https:\/\/epochtimestr.com\/index.php\/wp-json\/wp\/v2\/tags?post=162212"}],"curies":[{"name":"wp","href":"https:\/\/api.w.org\/{rel}","templated":true}]}}