{"id":162458,"date":"2025-09-26T13:54:14","date_gmt":"2025-09-26T10:54:14","guid":{"rendered":"https:\/\/epochtimestr.com\/?p=162458"},"modified":"2025-09-26T13:54:18","modified_gmt":"2025-09-26T10:54:18","slug":"trump-ve-erdogan-gorusmesi-olumlu-gecti","status":"publish","type":"post","link":"https:\/\/epochtimestr.com\/index.php\/trump-ve-erdogan-gorusmesi-olumlu-gecti","title":{"rendered":"Trump ve Erdo\u011fan G\u00f6r\u00fc\u015fmesi Olumlu Ge\u00e7ti"},"content":{"rendered":"<div class=\"wp-block-image\">\n<figure class=\"aligncenter size-full is-resized\"><img loading=\"lazy\" decoding=\"async\" width=\"1080\" height=\"720\" src=\"https:\/\/epochtimestr.com\/wp-content\/uploads\/2011y\/1000025378.webp\" alt=\"ABD Ba\u015fkan\u0131 Donald Trump, 25 Eyl\u00fcl 2025'te T\u00fcrkiye Cumhurba\u015fkan\u0131 Recep Tayyip Erdo\u011fan'\u0131 Beyaz Saray'da a\u011f\u0131rl\u0131yor. (Foto\u011fraf: Madalina Kilroy, The Epoch Times)\" class=\"wp-image-162459\" style=\"width:840px;height:auto\" srcset=\"https:\/\/epochtimestr.com\/wp-content\/uploads\/2011y\/1000025378.webp 1080w, https:\/\/epochtimestr.com\/wp-content\/uploads\/2011y\/1000025378-300x200.webp 300w, https:\/\/epochtimestr.com\/wp-content\/uploads\/2011y\/1000025378-150x100.webp 150w, https:\/\/epochtimestr.com\/wp-content\/uploads\/2011y\/1000025378-768x512.webp 768w\" sizes=\"(max-width: 1080px) 100vw, 1080px\" \/><figcaption class=\"wp-element-caption\">ABD Ba\u015fkan\u0131 Donald Trump, 25 Eyl\u00fcl 2025&#8217;te T\u00fcrkiye Cumhurba\u015fkan\u0131 Recep Tayyip Erdo\u011fan ile Beyaz Saray&#8217;da g\u00f6r\u00fc\u015ft\u00fc. (Foto\u011fraf: Madalina Kilroy, The Epoch Times)<\/figcaption><\/figure><\/div>\n\n\n<p>ABD Ba\u015fkan\u0131 Donald Trump, 25 Eyl\u00fcl 2025\u2019te Cumhurba\u015fkan\u0131 Recep Tayyip Erdo\u011fan\u2019\u0131 Beyaz Saray\u2019da a\u011f\u0131rlad\u0131. Liderler, savunma sanayii, ticaret ve b\u00f6lgesel geli\u015fmeler dahil olmak \u00fczere bir\u00e7ok \u00f6nemli konuyu g\u00f6r\u00fc\u015ft\u00fc.<\/p>\n\n\n\n<p>\u0130lk olarak Trump ve Erdo\u011fan, <a href=\"https:\/\/www.theepochtimes.com\/us\/trump-hints-at-possible-sanctions-relief-for-turkey-in-meeting-with-erdogan-5920562\" target=\"_blank\" rel=\"noreferrer noopener\">T\u00fcrkiye&#8217;nin F-16 ve F-35<\/a> sava\u015f u\u00e7a\u011f\u0131 programlar\u0131na yeniden dahil olma iste\u011fini ele ald\u0131. Trump, bu konuda her iki taraf\u0131n da talepler sundu\u011funu belirtti. Ayr\u0131ca, taraflar\u0131n bir anla\u015fmaya yak\u0131n oldu\u011funu, \u201cG\u00fcn\u00fcn sonunda \u00f6\u011freneceksiniz\u201d diyerek i\u015faret etti.<\/p>\n\n\n\n<p>Bunun yan\u0131 s\u0131ra liderler, T\u00fcrkiye\u2019nin Rusya\u2019dan ald\u0131\u011f\u0131 S-400 hava savunma sistemi nedeniyle uygulanan ABD yapt\u0131r\u0131mlar\u0131n\u0131 da masaya yat\u0131rd\u0131. Erdo\u011fan bu konuda net ad\u0131mlar at\u0131lmas\u0131n\u0131 bekledi\u011fini belirtirken Trump da yapt\u0131r\u0131mlar\u0131n kald\u0131r\u0131lmas\u0131 konusunda olumlu bir yakla\u015f\u0131m sergiledi.<\/p>\n\n\n\n<p>\u00d6te yandan taraflar, sivil havac\u0131l\u0131k alan\u0131nda \u00f6nemli bir i\u015f birli\u011fine imza att\u0131. T\u00fcrk Hava Yollar\u0131\u2019n\u0131n ABD&#8217;den 250 adet Boeing u\u00e7a\u011f\u0131 sipari\u015f etmeyi planlad\u0131\u011f\u0131 a\u00e7\u0131kland\u0131. ABD\u2019nin Ankara B\u00fcy\u00fckel\u00e7isi Tom Barrack, bu anla\u015fman\u0131n resmiyet kazand\u0131\u011f\u0131n\u0131 duyurdu. Bu geli\u015fme, T\u00fcrkiye\u2019nin hava ta\u015f\u0131mac\u0131l\u0131\u011f\u0131nda b\u00fcy\u00fcme hedeflerine \u00f6nemli katk\u0131 sa\u011flayacak.<\/p>\n\n\n\n<p>Erdo\u011fan, g\u00f6r\u00fc\u015fmede ayr\u0131ca ABD\u2019de devam eden Halkbank davas\u0131n\u0131 g\u00fcndeme ta\u015f\u0131yarak, davan\u0131n T\u00fcrkiye a\u00e7\u0131s\u0131ndan hassasiyet ta\u015f\u0131d\u0131\u011f\u0131n\u0131 vurgulad\u0131. Trump ise bu konuda detay vermedi ancak meseleye duyarl\u0131 yakla\u015ft\u0131\u011f\u0131n\u0131 ima etti.<\/p>\n\n\n\n<h3 class=\"wp-block-heading\">Gazze \u0130\u00e7in Umut Mesaj\u0131: Bar\u0131\u015fa Yakla\u015f\u0131yoruz<\/h3>\n\n\n\n<p>Toplant\u0131 s\u0131ras\u0131nda iki lider, Orta Do\u011fu\u2019daki geli\u015fmeler \u00fczerine de konu\u015ftu. Trump, \u0130srail Ba\u015fbakan\u0131 Netanyahu ve baz\u0131 b\u00f6lge liderleriyle <a href=\"https:\/\/epochtimestr.com\/index.php\/trump-ve-netanyahu-gazze-ateskesi-icin-yeniden-bulustu\" target=\"_blank\" rel=\"noreferrer noopener\">temaslar\u0131n\u0131 s\u00fcrd\u00fcrd\u00fc\u011f\u00fcn\u00fc s\u00f6yledi.<\/a> \u00d6zellikle Gazze meselesi \u00fczerinde durduklar\u0131n\u0131 belirterek, \u201cBelki bar\u0131\u015fa bile \u00e7ok yak\u0131n\u0131z\u201d dedi.<\/p>\n\n\n\n<p>Trump, \u201cS\u00fcrg\u00fcndeyken bile Erdo\u011fan\u2019la dosttuk\u201d s\u00f6zleriyle, Erdo\u011fan\u2019la ge\u00e7mi\u015ften gelen dostlu\u011funa vurgu yapt\u0131. Erdo\u011fan bu s\u00f6zlere kar\u015f\u0131l\u0131k, g\u00f6r\u00fc\u015fmeden memnuniyet duydu\u011funu dile getirdi.<\/p>\n\n\n\n<p>G\u00f6r\u00fc\u015fme s\u0131ras\u0131nda Trump, Erdo\u011fan\u2019\u0131n kararl\u0131 tutumuna ra\u011fmen bu ili\u015fkiyi de\u011ferli buldu\u011funu s\u00f6yledi. Erdo\u011fan i\u00e7in dostane bir tav\u0131rla, esprili bir yorumda bulunarak, \u201cFikirleri sert ama onu seviyorum\u201d dedi. G\u00f6r\u00fc\u015fmenin ard\u0131ndan Trump, toplant\u0131n\u0131n \u201charika\u201d ge\u00e7ti\u011fini belirtti ve ba\u015fparma\u011f\u0131n\u0131 kald\u0131rarak gazetecilere olumlu mesaj verdi.<\/p>\n\n\n\n<p>Sonu\u00e7 olarak, iki lider uzun s\u00fcredir devam eden sorunlar\u0131 ele al\u0131rken, gelece\u011fe dair i\u015f birli\u011fi sinyalleri verdi. G\u00f6r\u00fc\u015fme, hem siyasi hem de ekonomik ili\u015fkilerde yeni bir d\u00f6nemin ba\u015flayabilece\u011fini g\u00f6steriyor.<\/p>\n","protected":false},"excerpt":{"rendered":"<p>ABD Ba\u015fkan\u0131 Donald Trump, 25 Eyl\u00fcl 2025\u2019te Cumhurba\u015fkan\u0131 Recep Tayyip Erdo\u011fan\u2019\u0131 Beyaz Saray\u2019da a\u011f\u0131rlad\u0131. Liderler, savunma sanayii, ticaret ve b\u00f6lgesel geli\u015fmeler dahil olmak \u00fczere bir\u00e7ok \u00f6nemli konuyu g\u00f6r\u00fc\u015ft\u00fc. \u0130lk olarak Trump ve Erdo\u011fan, T\u00fcrkiye&#8217;nin F-16 ve F-35 sava\u015f u\u00e7a\u011f\u0131 programlar\u0131na yeniden dahil olma iste\u011fini ele ald\u0131. Trump, bu konuda her iki taraf\u0131n da talepler sundu\u011funu [&hellip;]<\/p>\n","protected":false},"author":13996,"featured_media":162459,"comment_status":"closed","ping_status":"open","sticky":false,"template":"","format":"standard","meta":{"_yoast_wpseo_focuskw":"Trump Erdo\u011fan","_yoast_wpseo_title":"","_yoast_wpseo_metadesc":"Trump, Erdo\u011fan ile Beyaz Saray\u2019da F-35, S-400 yapt\u0131r\u0131mlar\u0131, Boeing anla\u015fmas\u0131 ve Gazze bar\u0131\u015f\u0131 \u00fczerine kritik bir g\u00f6r\u00fc\u015fme ger\u00e7ekle\u015ftirdi.","_bbp_topic_count":0,"_bbp_reply_count":0,"_bbp_total_topic_count":0,"_bbp_total_reply_count":0,"_bbp_voice_count":0,"_bbp_anonymous_reply_count":0,"_bbp_topic_count_hidden":0,"_bbp_reply_count_hidden":0,"_bbp_forum_subforum_count":0,"footnotes":"","_yoast_wpseo_focuskw_text_input":""},"categories":[1,8138,37],"tags":[407,5986,9567,9566,5764],"yoast_head":"<!-- This site is optimized with the Yoast SEO plugin v23.0 - https:\/\/yoast.com\/wordpress\/plugins\/seo\/ -->\n<title>Trump ve Erdo\u011fan G\u00f6r\u00fc\u015fmesi Olumlu Ge\u00e7ti - The Epoch Times TR<\/title>\n<meta name=\"description\" content=\"Trump, Erdo\u011fan ile Beyaz Saray\u2019da F-35, S-400 yapt\u0131r\u0131mlar\u0131, Boeing anla\u015fmas\u0131 ve Gazze bar\u0131\u015f\u0131 \u00fczerine kritik bir g\u00f6r\u00fc\u015fme ger\u00e7ekle\u015ftirdi.\" \/>\n<meta name=\"robots\" content=\"index, follow, max-snippet:-1, max-image-preview:large, max-video-preview:-1\" \/>\n<link rel=\"canonical\" href=\"https:\/\/epochtimestr.com\/index.php\/trump-ve-erdogan-gorusmesi-olumlu-gecti\" \/>\n<meta property=\"og:locale\" content=\"tr_TR\" \/>\n<meta property=\"og:type\" content=\"article\" \/>\n<meta property=\"og:title\" content=\"Trump ve Erdo\u011fan G\u00f6r\u00fc\u015fmesi Olumlu Ge\u00e7ti - The Epoch Times TR\" \/>\n<meta property=\"og:description\" content=\"Trump, Erdo\u011fan ile Beyaz Saray\u2019da F-35, S-400 yapt\u0131r\u0131mlar\u0131, Boeing anla\u015fmas\u0131 ve Gazze bar\u0131\u015f\u0131 \u00fczerine kritik bir g\u00f6r\u00fc\u015fme ger\u00e7ekle\u015ftirdi.\" \/>\n<meta property=\"og:url\" content=\"https:\/\/epochtimestr.com\/index.php\/trump-ve-erdogan-gorusmesi-olumlu-gecti\" \/>\n<meta property=\"og:site_name\" content=\"The Epoch Times TR\" \/>\n<meta property=\"article:publisher\" content=\"https:\/\/www.facebook.com\/theepochtimestr\" \/>\n<meta property=\"article:published_time\" content=\"2025-09-26T10:54:14+00:00\" \/>\n<meta property=\"article:modified_time\" content=\"2025-09-26T10:54:18+00:00\" \/>\n<meta property=\"og:image\" content=\"https:\/\/epochtimestr.com\/wp-content\/uploads\/2011y\/1000025378.webp\" \/>\n\t<meta property=\"og:image:width\" content=\"1080\" \/>\n\t<meta property=\"og:image:height\" content=\"720\" \/>\n\t<meta property=\"og:image:type\" content=\"image\/webp\" \/>\n<meta name=\"author\" content=\"Leo Bajelan\" \/>\n<meta name=\"twitter:card\" content=\"summary_large_image\" \/>\n<meta name=\"twitter:creator\" content=\"@TheEpochTimesTR\" \/>\n<meta name=\"twitter:site\" content=\"@TheEpochTimesTR\" \/>\n<meta name=\"twitter:label1\" content=\"Yazan:\" \/>\n\t<meta name=\"twitter:data1\" content=\"Leo Bajelan\" \/>\n\t<meta name=\"twitter:label2\" content=\"Tahmini okuma s\u00fcresi\" \/>\n\t<meta name=\"twitter:data2\" content=\"3 dakika\" \/>\n<script type=\"application\/ld+json\" class=\"yoast-schema-graph\">{\"@context\":\"https:\/\/schema.org\",\"@graph\":[{\"@type\":\"Article\",\"@id\":\"https:\/\/epochtimestr.com\/index.php\/trump-ve-erdogan-gorusmesi-olumlu-gecti#article\",\"isPartOf\":{\"@id\":\"https:\/\/epochtimestr.com\/index.php\/trump-ve-erdogan-gorusmesi-olumlu-gecti\"},\"author\":{\"name\":\"Leo Bajelan\",\"@id\":\"https:\/\/epochtimestr.com\/#\/schema\/person\/5fef218711d76d8f232b0e1f1d7e4c0d\"},\"headline\":\"Trump ve Erdo\u011fan G\u00f6r\u00fc\u015fmesi Olumlu Ge\u00e7ti\",\"datePublished\":\"2025-09-26T10:54:14+00:00\",\"dateModified\":\"2025-09-26T10:54:18+00:00\",\"mainEntityOfPage\":{\"@id\":\"https:\/\/epochtimestr.com\/index.php\/trump-ve-erdogan-gorusmesi-olumlu-gecti\"},\"wordCount\":499,\"publisher\":{\"@id\":\"https:\/\/epochtimestr.com\/#organization\"},\"image\":{\"@id\":\"https:\/\/epochtimestr.com\/index.php\/trump-ve-erdogan-gorusmesi-olumlu-gecti#primaryimage\"},\"thumbnailUrl\":\"https:\/\/epochtimestr.com\/wp-content\/uploads\/2011y\/1000025378.webp\",\"keywords\":[\"ABD\",\"Erdo\u011fan Trump g\u00f6r\u00fc\u015fmesi\",\"F-16 ve F-35\",\"Savunma ve ticaret\",\"Trump\"],\"articleSection\":[\"G\u00dcNDEM\",\"MAN\u015eET\",\"T\u00dcRK\u0130YE\"],\"inLanguage\":\"tr\"},{\"@type\":\"WebPage\",\"@id\":\"https:\/\/epochtimestr.com\/index.php\/trump-ve-erdogan-gorusmesi-olumlu-gecti\",\"url\":\"https:\/\/epochtimestr.com\/index.php\/trump-ve-erdogan-gorusmesi-olumlu-gecti\",\"name\":\"Trump ve Erdo\u011fan G\u00f6r\u00fc\u015fmesi Olumlu Ge\u00e7ti - The Epoch Times TR\",\"isPartOf\":{\"@id\":\"https:\/\/epochtimestr.com\/#website\"},\"primaryImageOfPage\":{\"@id\":\"https:\/\/epochtimestr.com\/index.php\/trump-ve-erdogan-gorusmesi-olumlu-gecti#primaryimage\"},\"image\":{\"@id\":\"https:\/\/epochtimestr.com\/index.php\/trump-ve-erdogan-gorusmesi-olumlu-gecti#primaryimage\"},\"thumbnailUrl\":\"https:\/\/epochtimestr.com\/wp-content\/uploads\/2011y\/1000025378.webp\",\"datePublished\":\"2025-09-26T10:54:14+00:00\",\"dateModified\":\"2025-09-26T10:54:18+00:00\",\"description\":\"Trump, Erdo\u011fan ile Beyaz Saray\u2019da F-35, S-400 yapt\u0131r\u0131mlar\u0131, Boeing anla\u015fmas\u0131 ve Gazze bar\u0131\u015f\u0131 \u00fczerine kritik bir g\u00f6r\u00fc\u015fme ger\u00e7ekle\u015ftirdi.\",\"inLanguage\":\"tr\",\"potentialAction\":[{\"@type\":\"ReadAction\",\"target\":[\"https:\/\/epochtimestr.com\/index.php\/trump-ve-erdogan-gorusmesi-olumlu-gecti\"]}]},{\"@type\":\"ImageObject\",\"inLanguage\":\"tr\",\"@id\":\"https:\/\/epochtimestr.com\/index.php\/trump-ve-erdogan-gorusmesi-olumlu-gecti#primaryimage\",\"url\":\"https:\/\/epochtimestr.com\/wp-content\/uploads\/2011y\/1000025378.webp\",\"contentUrl\":\"https:\/\/epochtimestr.com\/wp-content\/uploads\/2011y\/1000025378.webp\",\"width\":1080,\"height\":720},{\"@type\":\"WebSite\",\"@id\":\"https:\/\/epochtimestr.com\/#website\",\"url\":\"https:\/\/epochtimestr.com\/\",\"name\":\"The Epoch Times TR\",\"description\":\"De\u011fi\u015fen D\u00fcnyam\u0131za Taze Bir Bak\u0131\u015f\",\"publisher\":{\"@id\":\"https:\/\/epochtimestr.com\/#organization\"},\"potentialAction\":[{\"@type\":\"SearchAction\",\"target\":{\"@type\":\"EntryPoint\",\"urlTemplate\":\"https:\/\/epochtimestr.com\/?s={search_term_string}\"},\"query-input\":\"required name=search_term_string\"}],\"inLanguage\":\"tr\"},{\"@type\":\"Organization\",\"@id\":\"https:\/\/epochtimestr.com\/#organization\",\"name\":\"The EpochTimes T\u00fcrkiye\",\"url\":\"https:\/\/epochtimestr.com\/\",\"logo\":{\"@type\":\"ImageObject\",\"inLanguage\":\"tr\",\"@id\":\"https:\/\/epochtimestr.com\/#\/schema\/logo\/image\/\",\"url\":\"https:\/\/epochtimestr.com\/wp-content\/uploads\/2011y\/ET-Logo-YG.jpg\",\"contentUrl\":\"https:\/\/epochtimestr.com\/wp-content\/uploads\/2011y\/ET-Logo-YG.jpg\",\"width\":346,\"height\":29,\"caption\":\"The EpochTimes T\u00fcrkiye\"},\"image\":{\"@id\":\"https:\/\/epochtimestr.com\/#\/schema\/logo\/image\/\"},\"sameAs\":[\"https:\/\/www.facebook.com\/theepochtimestr\",\"https:\/\/x.com\/TheEpochTimesTR\",\"https:\/\/www.instagram.com\/epochtimestr\"]},{\"@type\":\"Person\",\"@id\":\"https:\/\/epochtimestr.com\/#\/schema\/person\/5fef218711d76d8f232b0e1f1d7e4c0d\",\"name\":\"Leo Bajelan\",\"image\":{\"@type\":\"ImageObject\",\"inLanguage\":\"tr\",\"@id\":\"https:\/\/epochtimestr.com\/#\/schema\/person\/image\/\",\"url\":\"https:\/\/secure.gravatar.com\/avatar\/917669146f489549e548a2e9af272df5?s=96&d=mm&r=g\",\"contentUrl\":\"https:\/\/secure.gravatar.com\/avatar\/917669146f489549e548a2e9af272df5?s=96&d=mm&r=g\",\"caption\":\"Leo Bajelan\"},\"url\":\"https:\/\/epochtimestr.com\/index.php\/author\/leo\"}]}<\/script>\n<!-- \/ Yoast SEO plugin. -->","yoast_head_json":{"title":"Trump ve Erdo\u011fan G\u00f6r\u00fc\u015fmesi Olumlu Ge\u00e7ti - The Epoch Times TR","description":"Trump, Erdo\u011fan ile Beyaz Saray\u2019da F-35, S-400 yapt\u0131r\u0131mlar\u0131, Boeing anla\u015fmas\u0131 ve Gazze bar\u0131\u015f\u0131 \u00fczerine kritik bir g\u00f6r\u00fc\u015fme ger\u00e7ekle\u015ftirdi.","robots":{"index":"index","follow":"follow","max-snippet":"max-snippet:-1","max-image-preview":"max-image-preview:large","max-video-preview":"max-video-preview:-1"},"canonical":"https:\/\/epochtimestr.com\/index.php\/trump-ve-erdogan-gorusmesi-olumlu-gecti","og_locale":"tr_TR","og_type":"article","og_title":"Trump ve Erdo\u011fan G\u00f6r\u00fc\u015fmesi Olumlu Ge\u00e7ti - The Epoch Times TR","og_description":"Trump, Erdo\u011fan ile Beyaz Saray\u2019da F-35, S-400 yapt\u0131r\u0131mlar\u0131, Boeing anla\u015fmas\u0131 ve Gazze bar\u0131\u015f\u0131 \u00fczerine kritik bir g\u00f6r\u00fc\u015fme ger\u00e7ekle\u015ftirdi.","og_url":"https:\/\/epochtimestr.com\/index.php\/trump-ve-erdogan-gorusmesi-olumlu-gecti","og_site_name":"The Epoch Times TR","article_publisher":"https:\/\/www.facebook.com\/theepochtimestr","article_published_time":"2025-09-26T10:54:14+00:00","article_modified_time":"2025-09-26T10:54:18+00:00","og_image":[{"width":1080,"height":720,"url":"https:\/\/epochtimestr.com\/wp-content\/uploads\/2011y\/1000025378.webp","type":"image\/webp"}],"author":"Leo Bajelan","twitter_card":"summary_large_image","twitter_creator":"@TheEpochTimesTR","twitter_site":"@TheEpochTimesTR","twitter_misc":{"Yazan:":"Leo Bajelan","Tahmini okuma s\u00fcresi":"3 dakika"},"schema":{"@context":"https:\/\/schema.org","@graph":[{"@type":"Article","@id":"https:\/\/epochtimestr.com\/index.php\/trump-ve-erdogan-gorusmesi-olumlu-gecti#article","isPartOf":{"@id":"https:\/\/epochtimestr.com\/index.php\/trump-ve-erdogan-gorusmesi-olumlu-gecti"},"author":{"name":"Leo Bajelan","@id":"https:\/\/epochtimestr.com\/#\/schema\/person\/5fef218711d76d8f232b0e1f1d7e4c0d"},"headline":"Trump ve Erdo\u011fan G\u00f6r\u00fc\u015fmesi Olumlu Ge\u00e7ti","datePublished":"2025-09-26T10:54:14+00:00","dateModified":"2025-09-26T10:54:18+00:00","mainEntityOfPage":{"@id":"https:\/\/epochtimestr.com\/index.php\/trump-ve-erdogan-gorusmesi-olumlu-gecti"},"wordCount":499,"publisher":{"@id":"https:\/\/epochtimestr.com\/#organization"},"image":{"@id":"https:\/\/epochtimestr.com\/index.php\/trump-ve-erdogan-gorusmesi-olumlu-gecti#primaryimage"},"thumbnailUrl":"https:\/\/epochtimestr.com\/wp-content\/uploads\/2011y\/1000025378.webp","keywords":["ABD","Erdo\u011fan Trump g\u00f6r\u00fc\u015fmesi","F-16 ve F-35","Savunma ve ticaret","Trump"],"articleSection":["G\u00dcNDEM","MAN\u015eET","T\u00dcRK\u0130YE"],"inLanguage":"tr"},{"@type":"WebPage","@id":"https:\/\/epochtimestr.com\/index.php\/trump-ve-erdogan-gorusmesi-olumlu-gecti","url":"https:\/\/epochtimestr.com\/index.php\/trump-ve-erdogan-gorusmesi-olumlu-gecti","name":"Trump ve Erdo\u011fan G\u00f6r\u00fc\u015fmesi Olumlu Ge\u00e7ti - The Epoch Times TR","isPartOf":{"@id":"https:\/\/epochtimestr.com\/#website"},"primaryImageOfPage":{"@id":"https:\/\/epochtimestr.com\/index.php\/trump-ve-erdogan-gorusmesi-olumlu-gecti#primaryimage"},"image":{"@id":"https:\/\/epochtimestr.com\/index.php\/trump-ve-erdogan-gorusmesi-olumlu-gecti#primaryimage"},"thumbnailUrl":"https:\/\/epochtimestr.com\/wp-content\/uploads\/2011y\/1000025378.webp","datePublished":"2025-09-26T10:54:14+00:00","dateModified":"2025-09-26T10:54:18+00:00","description":"Trump, Erdo\u011fan ile Beyaz Saray\u2019da F-35, S-400 yapt\u0131r\u0131mlar\u0131, Boeing anla\u015fmas\u0131 ve Gazze bar\u0131\u015f\u0131 \u00fczerine kritik bir g\u00f6r\u00fc\u015fme ger\u00e7ekle\u015ftirdi.","inLanguage":"tr","potentialAction":[{"@type":"ReadAction","target":["https:\/\/epochtimestr.com\/index.php\/trump-ve-erdogan-gorusmesi-olumlu-gecti"]}]},{"@type":"ImageObject","inLanguage":"tr","@id":"https:\/\/epochtimestr.com\/index.php\/trump-ve-erdogan-gorusmesi-olumlu-gecti#primaryimage","url":"https:\/\/epochtimestr.com\/wp-content\/uploads\/2011y\/1000025378.webp","contentUrl":"https:\/\/epochtimestr.com\/wp-content\/uploads\/2011y\/1000025378.webp","width":1080,"height":720},{"@type":"WebSite","@id":"https:\/\/epochtimestr.com\/#website","url":"https:\/\/epochtimestr.com\/","name":"The Epoch Times TR","description":"De\u011fi\u015fen D\u00fcnyam\u0131za Taze Bir Bak\u0131\u015f","publisher":{"@id":"https:\/\/epochtimestr.com\/#organization"},"potentialAction":[{"@type":"SearchAction","target":{"@type":"EntryPoint","urlTemplate":"https:\/\/epochtimestr.com\/?s={search_term_string}"},"query-input":"required name=search_term_string"}],"inLanguage":"tr"},{"@type":"Organization","@id":"https:\/\/epochtimestr.com\/#organization","name":"The EpochTimes T\u00fcrkiye","url":"https:\/\/epochtimestr.com\/","logo":{"@type":"ImageObject","inLanguage":"tr","@id":"https:\/\/epochtimestr.com\/#\/schema\/logo\/image\/","url":"https:\/\/epochtimestr.com\/wp-content\/uploads\/2011y\/ET-Logo-YG.jpg","contentUrl":"https:\/\/epochtimestr.com\/wp-content\/uploads\/2011y\/ET-Logo-YG.jpg","width":346,"height":29,"caption":"The EpochTimes T\u00fcrkiye"},"image":{"@id":"https:\/\/epochtimestr.com\/#\/schema\/logo\/image\/"},"sameAs":["https:\/\/www.facebook.com\/theepochtimestr","https:\/\/x.com\/TheEpochTimesTR","https:\/\/www.instagram.com\/epochtimestr"]},{"@type":"Person","@id":"https:\/\/epochtimestr.com\/#\/schema\/person\/5fef218711d76d8f232b0e1f1d7e4c0d","name":"Leo Bajelan","image":{"@type":"ImageObject","inLanguage":"tr","@id":"https:\/\/epochtimestr.com\/#\/schema\/person\/image\/","url":"https:\/\/secure.gravatar.com\/avatar\/917669146f489549e548a2e9af272df5?s=96&d=mm&r=g","contentUrl":"https:\/\/secure.gravatar.com\/avatar\/917669146f489549e548a2e9af272df5?s=96&d=mm&r=g","caption":"Leo Bajelan"},"url":"https:\/\/epochtimestr.com\/index.php\/author\/leo"}]}},"_links":{"self":[{"href":"https:\/\/epochtimestr.com\/index.php\/wp-json\/wp\/v2\/posts\/162458"}],"collection":[{"href":"https:\/\/epochtimestr.com\/index.php\/wp-json\/wp\/v2\/posts"}],"about":[{"href":"https:\/\/epochtimestr.com\/index.php\/wp-json\/wp\/v2\/types\/post"}],"author":[{"embeddable":true,"href":"https:\/\/epochtimestr.com\/index.php\/wp-json\/wp\/v2\/users\/13996"}],"replies":[{"embeddable":true,"href":"https:\/\/epochtimestr.com\/index.php\/wp-json\/wp\/v2\/comments?post=162458"}],"version-history":[{"count":3,"href":"https:\/\/epochtimestr.com\/index.php\/wp-json\/wp\/v2\/posts\/162458\/revisions"}],"predecessor-version":[{"id":162469,"href":"https:\/\/epochtimestr.com\/index.php\/wp-json\/wp\/v2\/posts\/162458\/revisions\/162469"}],"wp:featuredmedia":[{"embeddable":true,"href":"https:\/\/epochtimestr.com\/index.php\/wp-json\/wp\/v2\/media\/162459"}],"wp:attachment":[{"href":"https:\/\/epochtimestr.com\/index.php\/wp-json\/wp\/v2\/media?parent=162458"}],"wp:term":[{"taxonomy":"category","embeddable":true,"href":"https:\/\/epochtimestr.com\/index.php\/wp-json\/wp\/v2\/categories?post=162458"},{"taxonomy":"post_tag","embeddable":true,"href":"https:\/\/epochtimestr.com\/index.php\/wp-json\/wp\/v2\/tags?post=162458"}],"curies":[{"name":"wp","href":"https:\/\/api.w.org\/{rel}","templated":true}]}}