{"id":162669,"date":"2025-10-04T21:00:23","date_gmt":"2025-10-04T18:00:23","guid":{"rendered":"https:\/\/epochtimestr.com\/?p=162669"},"modified":"2026-01-30T23:46:23","modified_gmt":"2026-01-30T20:46:23","slug":"turkiye-ve-abd-iliskilerinin-son-durumu","status":"publish","type":"post","link":"https:\/\/epochtimestr.com\/index.php\/turkiye-ve-abd-iliskilerinin-son-durumu","title":{"rendered":"T\u00fcrkiye Ve ABD \u0130li\u015fkilerinin Son Durumu"},"content":{"rendered":"\n<h2 class=\"wp-block-heading\">\u00d6zellikle son d\u00f6nemdeki BM ve Beyaz Saray toplant\u0131lar\u0131 \u0131\u015f\u0131\u011f\u0131nda T\u00fcrkiye ve ABD ili\u015fkilerinin mevcut durumu<\/h2>\n\n\n\n<p><strong><em>Yazan:<\/em>\u00a0Sal Sayg\u0131n \u015eim\u015fek<\/strong>,\u00a0<strong>Connecticut<\/strong><\/p>\n\n\n<div class=\"wp-block-image\">\n<figure class=\"aligncenter size-full\"><img loading=\"lazy\" decoding=\"async\" width=\"1080\" height=\"720\" src=\"https:\/\/epochtimestr.com\/wp-content\/uploads\/2011y\/1000025378.webp\" alt=\"T\u00fcrkiye ve ABD yetkilileri 23-29 Eyl\u00fcl 2025 tarihleri aras\u0131nda Birle\u015fmi\u015f Milletler ve Beyaz Saray\u2019da \u00e7ok \u00f6nemli g\u00f6r\u00fc\u015fmeler ger\u00e7ekle\u015ftirdi.\" class=\"wp-image-162459\" srcset=\"https:\/\/epochtimestr.com\/wp-content\/uploads\/2011y\/1000025378.webp 1080w, https:\/\/epochtimestr.com\/wp-content\/uploads\/2011y\/1000025378-300x200.webp 300w, https:\/\/epochtimestr.com\/wp-content\/uploads\/2011y\/1000025378-150x100.webp 150w, https:\/\/epochtimestr.com\/wp-content\/uploads\/2011y\/1000025378-768x512.webp 768w\" sizes=\"(max-width: 1080px) 100vw, 1080px\" \/><figcaption class=\"wp-element-caption\">T\u00fcrkiye ve ABD yetkilileri 23-29 Eyl\u00fcl 2025 tarihleri \u200b\u200baras\u0131nda Birle\u015fmi\u015f Milletler ve Beyaz Saray\u2019da \u00e7ok \u00f6nemli g\u00f6r\u00fc\u015fmeler ger\u00e7ekle\u015ftirdi.<\/figcaption><\/figure><\/div>\n\n\n<p>T\u00fcrkiye ve ABD yetkilileri 23-29 Eyl\u00fcl 2025 tarihleri \u200b\u200baras\u0131nda Birle\u015fmi\u015f Milletler ve Beyaz Saray\u2019da \u00e7ok \u00f6nemli g\u00f6r\u00fc\u015fmeler ger\u00e7ekle\u015ftirdi.<\/p>\n\n\n\n<p>Bu yeni ve son geli\u015fmeleri a\u015fa\u011f\u0131daki \u015fekilde <a href=\"https:\/\/americanmideast.com\/2025\/10\/01\/the-current-state-of-turkiye-and-usa-relations-especially-in-light-of-recent-u-n-and-white-house-meetings\/\" target=\"_blank\" rel=\"noreferrer noopener\">\u00f6zetleyebiliriz<\/a>.<\/p>\n\n\n\n<p><strong>Diplomasi ve sembolizm dikkat \u00e7ekiyor.<\/strong> T\u00fcrkiye Cumhurba\u015fkan\u0131 Erdo\u011fan, New York\u2019taki BM Genel Kurulu\u2019na kat\u0131ld\u0131. \u00c7e\u015fitli uluslararas\u0131 akt\u00f6rlerle g\u00f6r\u00fc\u015ft\u00fc ve ard\u0131ndan Beyaz Saray ziyareti i\u00e7in Washington\u2019a gitti. Beyaz Saray toplant\u0131s\u0131 \u00f6ncesinde T\u00fcrkiye, ABD\u2019ye uygulad\u0131\u011f\u0131 (otomobil, pirin\u00e7, meyve, t\u00fct\u00fcn gibi) baz\u0131 g\u00fcmr\u00fck vergilerini kald\u0131raca\u011f\u0131n\u0131 duyurdu. T\u00fcrkiye bu vergileri, ABD\u2019nin \u00e7elik\/al\u00fcminyum g\u00fcmr\u00fck vergilerine misilleme olarak 2018\u2019de uygulamaya ba\u015flam\u0131\u015ft\u0131. Cumhurba\u015fkan\u0131 Erdo\u011fan ve Trump, ikili ili\u015fkilerde \u201canlaml\u0131 bir ilerleme kaydetme\u201d konusunda iyimser olduklar\u0131n\u0131 ifade ettiler.<\/p>\n\n\n\n<p><strong>Savunma, ticaret ve yapt\u0131r\u0131mlar, temel konular olmaya devam ediyor.<\/strong> T\u00fcrkiye\u2019nin Rusya\u2019dan S-400 f\u00fcze sistemi almas\u0131n\u0131n ard\u0131ndan ABD, T\u00fcrkiye\u2019ye geli\u015fmi\u015f sava\u015f u\u00e7a\u011f\u0131 sat\u0131\u015flar\u0131n\u0131 (\u00f6zellikle F-35) yasaklam\u0131\u015ft\u0131. \u0130ki \u00fclke aras\u0131ndaki ba\u015fl\u0131ca konulardan biri buydu. ABD Ba\u015fkan\u0131 Trump, bu yasa\u011f\u0131n kald\u0131r\u0131lmas\u0131n\u0131n ciddi olarak de\u011ferlendirildi\u011fini ima etti. Trump \u00f6nce T\u00fcrkiye\u2019den Rus petrol al\u0131mlar\u0131n\u0131 durdurmas\u0131n\u0131 veya azaltmas\u0131n\u0131 istedi. Hemen ard\u0131ndan da, jet anla\u015fmas\u0131n\u0131 kolayla\u015ft\u0131rmak i\u00e7in ABD\u2019nin yapt\u0131r\u0131mlar\u0131 kald\u0131rma olas\u0131l\u0131\u011f\u0131n\u0131 g\u00fcndeme getirdi. G\u00f6r\u00fc\u015fmelerde Cumhurba\u015fkan\u0131 Erdo\u011fan, ticaret ve enerjinin \u00f6ncelikli i\u015f birli\u011fi alanlar\u0131 oldu\u011funu vurgulad\u0131. T\u00fcrkiye D\u0131\u015fi\u015fleri Bakanl\u0131\u011f\u0131, BM oturumlar\u0131 s\u0131ras\u0131nda Ankara\u2019n\u0131n Filistin konusunda bir\u00e7ok giri\u015fimi y\u00f6netti\u011fini veya destekledi\u011fini belirtti. B\u00f6ylece T\u00fcrkiye\u2019nin b\u00f6lgesel konulardaki aktif diplomasiyi s\u00fcrd\u00fcrd\u00fc\u011f\u00fcn\u00fcn sinyalini verdi.<\/p>\n\n\n\n<p><strong>Kar\u0131\u015f\u0131k sinyaller ve s\u00fcregelen farkl\u0131l\u0131klar g\u00f6r\u00fcl\u00fcyor.<\/strong> G\u00f6r\u00fc\u015fmelerdeki s\u0131cak tonlara ra\u011fmen bir\u00e7ok analist, temel yap\u0131sal farkl\u0131l\u0131klar\u0131n h\u00e2l\u00e2 derin oldu\u011funu belirtiyor. \u201c\u0130lerleme\u201dnin ne kadar\u0131n\u0131n kal\u0131c\u0131 de\u011fi\u015fimlere d\u00f6n\u00fc\u015fece\u011fi konusunda \u015f\u00fcpheler var. T\u00fcrkiye, \u00f6zellikle enerji ve savunma alanlar\u0131nda Rusya ile ili\u015fkilerini h\u00e2l\u00e2 dikkatli bir \u015fekilde dengeliyor. Bu da ABD\u2019nin beklentileriyle \u00e7eli\u015ferek iki \u00fclke aras\u0131nda gerginlik yaratan bir nokta. T\u00fcm yapt\u0131r\u0131mlar\u0131n kald\u0131r\u0131lmas\u0131, ABD savunma i\u015f birli\u011finin tamamen yeniden tesis edilmesi veya ge\u00e7mi\u015fteki anla\u015fmazl\u0131klar\u0131n \u00e7\u00f6z\u00fclmesi konusunda somut bir taahh\u00fct a\u00e7\u0131klanmad\u0131.<\/p>\n\n\n\n<h3 class=\"wp-block-heading\">\u0130ki \u00dclke \u0130li\u015fkisini S\u0131n\u0131rlayan Fakt\u00f6rler<\/h3>\n\n\n\n<p>Sonu\u00e7 olarak, bu ziyaret ve BM oturumlar\u0131, T\u00fcrkiye ile ABD aras\u0131ndaki nispeten so\u011fuk bir d\u00f6nemin ard\u0131ndan daha sa\u011flam bir diyalogun yeniden ba\u015flad\u0131\u011f\u0131n\u0131 veya canland\u0131\u011f\u0131n\u0131 g\u00f6steriyor. \u0130ki lider de daha i\u015fbirlik\u00e7i bir tav\u0131r sergiliyor. Bir zamanlar t\u0131kanm\u0131\u015f olan konular\u0131n (ticaret, savunma, yapt\u0131r\u0131mlar) yeniden ele al\u0131nmas\u0131na istekli olduklar\u0131n\u0131n sinyalini veriyorlar.<\/p>\n\n\n\n<p>Ancak bu tam bir s\u0131f\u0131rlama de\u011fil. \u0130ki \u00fclke aras\u0131ndaki ili\u015fki h\u00e2l\u00e2 \u015fu fakt\u00f6rlerle s\u0131n\u0131rl\u0131:<\/p>\n\n\n\n<ul>\n<li>Stratejik farkl\u0131l\u0131klar (\u00f6rne\u011fin T\u00fcrkiye\u2019nin Rusya ile ili\u015fkileri, enerji anla\u015fmalar\u0131, b\u00f6lgesel ittifaklar)<\/li>\n\n\n\n<li>\u0130\u00e7 siyaset ve ilkeler (ABD\u2019nin T\u00fcrkiye\u2019deki demokrasi, insan haklar\u0131 ve hukukun \u00fcst\u00fcnl\u00fc\u011f\u00fc konusundaki endi\u015feleri)<\/li>\n\n\n\n<li>Kongre ve kurumsal s\u0131n\u0131rlar (\u00f6rne\u011fin ABD Kongresi\u2019nin silah sat\u0131\u015flar\u0131 ve yapt\u0131r\u0131mlar konusunda s\u00f6z sahibi olmas\u0131)<\/li>\n\n\n\n<li>Ge\u00e7mi\u015fteki anla\u015fmazl\u0131klar nedeniyle olu\u015fan g\u00fcven eksikli\u011fi (\u00f6rne\u011fin S-400, Suriye, ABD\u2019nin T\u00fcrkiye i\u00e7 politikas\u0131na y\u00f6nelik ele\u015ftirileri)<\/li>\n<\/ul>\n\n\n\n<p>Her iki taraf da ili\u015fkilerin yeniden canlanaca\u011f\u0131na dair sinyaller veriyor. Ancak kal\u0131c\u0131 bir stratejik yeniden yap\u0131lanma i\u00e7in, bir\u00e7ok k\u00f6kl\u00fc sorunun a\u015f\u0131lmas\u0131 gerekecek.<\/p>\n\n\n\n<p>Ayr\u0131ca, ABD\u2019deki \u00e7e\u015fitli siyasi akt\u00f6rlerin, \u00f6zellikle Kongre ve savunma\/ulusal g\u00fcvenlik kurumlar\u0131n\u0131n, ABD-T\u00fcrkiye ili\u015fkilerindeki son \u0131s\u0131nmaya nas\u0131l tepki verdi\u011fine (veya verebilece\u011fine) de bakmam\u0131z gerekiyor. Karma\u015f\u0131k bir tablo var: Y\u00fcr\u00fctme\/savunma alan\u0131nda baz\u0131 kesimlerde ihtiyatl\u0131 bir iyimserlik var. Ancak ABD Kongresi ve denetim kurumlar\u0131ndaki g\u00fc\u00e7l\u00fc \u00e7ekinceler ve k\u0131s\u0131tlamalar devam ediyor.<\/p>\n\n\n\n<h3 class=\"wp-block-heading\">ABD Kongresi:<\/h3>\n\n\n\n<h4 class=\"wp-block-heading\">1. Yasal k\u0131s\u0131tlamalar ve denetim yetkileri:<\/h4>\n\n\n\n<p>Kongre, silah sat\u0131\u015flar\u0131, yapt\u0131r\u0131mlar ve d\u0131\u015f yard\u0131mlar \u00fczerinde \u00f6nemli resmi yetkilere sahiptir. \u00d6nemli bir \u00f6rnek: ABD yasalar\u0131 \u015fu anda, T\u00fcrkiye Rus S-400 hava savunma sistemine (veya ilgili bile\u015fenlere) sahip olmad\u0131\u011f\u0131 s\u00fcrece, F-35\u2019lerin T\u00fcrkiye\u2019ye transferini yasaklamaktad\u0131r. Bu ko\u015ful, 2020 Mali Y\u0131l\u0131 Ulusal Savunma Yetki Yasas\u0131\u2019nda yer almaktad\u0131r. Kongre komiteleri de \u00e7e\u015fitli yetkilere sahiptir. \u00d6zellikle Senato D\u0131\u015f \u0130li\u015fkiler Komitesi, Senato Silahl\u0131 Kuvvetler Komitesi ve Temsilciler Meclisi D\u0131\u015fi\u015fleri Komitesi. Bunlar soru\u015fturmalar d\u00fczenleyebilir, erteleme karar\u0131 alabilir, ihracat lisanslar\u0131n\u0131 onaylamay\u0131 reddedebilirler. Ayr\u0131ca silah anla\u015fmalar\u0131n\u0131 engelleyen veya \u015fartlar koyan yasalar \u00e7\u0131karabilirler. Baz\u0131 Kongre \u00fcyeleri, kesin g\u00fcvenceler olmadan T\u00fcrkiye\u2019ye geli\u015fmi\u015f askeri sistemler verilmesine \u015f\u00fcpheyle yakla\u015fmaktad\u0131r. Bunun nedeni de T\u00fcrkiye\u2019nin ge\u00e7mi\u015fteki eylemleri ve savunma politikas\u0131 konusundaki endi\u015felerdir.<\/p>\n\n\n\n<h4 class=\"wp-block-heading\">2. Partiyle ilgili \/ ideolojik b\u00f6l\u00fcnmeler:<\/h4>\n\n\n\n<p>ABD kongresinde baz\u0131 milletvekilleri, \u00f6zellikle insan haklar\u0131na, demokrasinin yayg\u0131nla\u015fmas\u0131na veya K\u00fcrt yanl\u0131s\u0131 se\u00e7menlere odaklan\u0131yor. Dolay\u0131s\u0131yla, Cumhurba\u015fkan\u0131 Erdo\u011fan\u2019\u0131n i\u00e7 politikalar\u0131na, muhalefete y\u00f6nelik bask\u0131ya ve T\u00fcrkiye\u2019nin K\u00fcrtlere kar\u015f\u0131 tutumuna ele\u015ftirel bak\u0131yorlar. Bu milletvekilleri, bu davran\u0131\u015flar\u0131 me\u015frula\u015ft\u0131ran veya \u00f6d\u00fcllendiren her t\u00fcrl\u00fc harekete kar\u015f\u0131 \u00e7\u0131kacaklard\u0131r. Di\u011fer milletvekilleri, \u00f6zellikle daha \u00e7ok ger\u00e7ek\u00e7i politika veya g\u00fcvenlik odakl\u0131 olanlar, olaya farkl\u0131 yakla\u015fabilirler. Bunlar T\u00fcrkiye\u2019nin stratejik konumu ve yetenekleri g\u00f6z \u00f6n\u00fcne al\u0131nd\u0131\u011f\u0131nda, bir NATO m\u00fcttefiki ile savunma ili\u015fkilerinin yeniden kurulmas\u0131n\u0131 pragmatik bir ad\u0131m olarak g\u00f6rebilirler. Baz\u0131lar\u0131, \u00f6rne\u011fin do\u011frudan F-35\u2019lere ge\u00e7mek yerine F-16\u2019lar\u0131n modernizasyonunu teklif etmek gibi uzla\u015fma yollar\u0131na a\u00e7\u0131k olacakt\u0131r.<\/p>\n\n\n\n<h4 class=\"wp-block-heading\">3. Tarihteki benzer olaylar ve ihtiyatl\u0131 ilerleme:<\/h4>\n\n\n\n<p>2024 ba\u015flar\u0131nda Senato, T\u00fcrkiye\u2019ye b\u00fcy\u00fck \u00e7apl\u0131 bir F-16 sat\u0131\u015f\u0131 engelleme giri\u015fimini (79\u2019a 13 oyla) reddetti. B\u00f6ylece jeopolitik ko\u015fullar uygun oldu\u011funda Kongre\u2019nin \u00f6nemli silah anla\u015fmalar\u0131n\u0131n devam etmesine izin verebilece\u011fini g\u00f6sterdi. Ancak bu ilerlemenin y\u00f6n\u00fc de\u011fi\u015febilir. Endi\u015feler (\u00f6rne\u011fin Rusya ile ili\u015fkiler, insan haklar\u0131 veya S-400 sorunu) yeniden alevlenebilir. Bu durumda muhalefet g\u00fc\u00e7leri yeni giri\u015fimlerde bulunabilir. Baz\u0131 analistler, Kongre\u2019nin a\u015f\u0131r\u0131 iddial\u0131 bir yak\u0131nla\u015fmay\u0131 frenlemeye \u00e7al\u0131\u015faca\u011f\u0131 konusunda uyar\u0131yor. \u00d6zellikle y\u00fcr\u00fctme organ\u0131n\u0131n k\u0131s\u0131tlamalar\u0131 \u00e7ok h\u0131zl\u0131 bir \u015fekilde gev\u015fetmeye \u00e7al\u0131\u015fmas\u0131n\u0131n bu durumu tetikleyece\u011fini s\u00f6yl\u00fcyorlar.<\/p>\n\n\n\n<h4 class=\"wp-block-heading\">4. T\u00fcrkiye grubunun etkisinin azalmas\u0131:<\/h4>\n\n\n\n<p>Ge\u00e7ti\u011fimiz birka\u00e7 on y\u0131lda, Kongre\u2019de olduk\u00e7a b\u00fcy\u00fck bir \u201cT\u00fcrkiye Grubu\u201d vard\u0131. Bu, ABD ile T\u00fcrkiye aras\u0131nda g\u00fc\u00e7l\u00fc bir ili\u015fkiyi destekleyen, iki partili bir milletvekili grubuydu. Zamanla, Erdo\u011fan T\u00fcrkiye\u2019sine y\u00f6nelik alg\u0131n\u0131n k\u00f6t\u00fcle\u015fmesi nedeniyle, bu grubun \u00fcye say\u0131s\u0131 ve etkisi azald\u0131. Kongre\u2019de T\u00fcrkiye\u2019yi destekleyen siyasi grubun azalmas\u0131, T\u00fcrkiye yanl\u0131s\u0131 seslerin tart\u0131\u015fmal\u0131 anla\u015fmalar i\u00e7in destek toplamas\u0131n\u0131 zorla\u015ft\u0131r\u0131yor.<\/p>\n\n\n\n<h3 class=\"wp-block-heading\">ABD Savunma \/ Ulusal G\u00fcvenlik Kurumu<\/h3>\n\n\n\n<h4 class=\"wp-block-heading\">1. Pragmatik a\u00e7\u0131kl\u0131k ve k\u0131rm\u0131z\u0131 \u00e7izgiler:<\/h4>\n\n\n\n<p>Pentagon silah edinme toplulu\u011fu ve savunma diplomasisi kurumlar\u0131ndaki bir\u00e7ok ki\u015fi, T\u00fcrkiye\u2019yle ilgili konulara olumlu yakla\u015f\u0131yor. \u00d6rne\u011fin kar\u015f\u0131l\u0131kl\u0131 \u00e7al\u0131\u015fabilirli\u011fin yeniden sa\u011flanmas\u0131n\u0131n de\u011ferli oldu\u011funu d\u00fc\u015f\u00fcn\u00fcyorlar. Ayr\u0131ca NATO uyumunu g\u00fc\u00e7lendirmenin ve T\u00fcrkiye\u2019nin eskiyen filosunu modernize etmenin \u00f6nemine inan\u0131yorlar. Bu modernizasyon kapsam\u0131nda F-16 modernizasyonu, belki de F-35 veya halef sistemlere kat\u0131l\u0131m yer al\u0131yor. Baz\u0131 Savunma ve Ulusal G\u00fcvenlik akt\u00f6rleri, g\u00fcvenlik \u00f6nlemleri (teknoloji transferi, NATO uyumlulu\u011fu, denetim) korundu\u011fu s\u00fcrece, T\u00fcrkiye ve ABD aras\u0131ndaki savunma sanayii i\u015f birli\u011finde \u201cengelleri kald\u0131rmak\u201d i\u00e7in \u00e7al\u0131\u015fmaya istekli g\u00f6r\u00fcn\u00fcyor. Analistler, T\u00fcrkiye\u2019nin giderek daha fazla savunma ihracat\u00e7\u0131s\u0131 rol\u00fcne do\u011fru evrildi\u011fini belirtiyor. \u00d6rne\u011fin insans\u0131z hava ara\u00e7lar\u0131, insans\u0131z sistemler ihracat\u0131 dikkat \u00e7ekiyor. Dolay\u0131s\u0131yla iki \u00fclke aras\u0131ndaki g\u00fcven yeniden tesis edilebilirse, bir tak\u0131m sinerjiler sunma potansiyeli oldu\u011funu s\u00f6yl\u00fcyorlar.<\/p>\n\n\n\n<h4 class=\"wp-block-heading\">2. S-400 ve g\u00fcvenlik uyumlulu\u011fu konusunda \u015f\u00fcphecilik:<\/h4>\n\n\n\n<p>T\u00fcrkiye\u2019nin S-400 sistemi edinmesi ve elinde bulundurmaya devam etmesi, halen b\u00fcy\u00fck bir endi\u015fe kayna\u011f\u0131. Savunma camias\u0131ndaki ele\u015ftirmenler, bir NATO m\u00fcttefikinin hava savunma yap\u0131s\u0131nda S-400\u2019lerin bulunmas\u0131n\u0131 g\u00fcvenli bulmuyor. Zira istihbarat ihlali, birlikte \u00e7al\u0131\u015fabilme ko\u015fullar\u0131n\u0131n bozulmas\u0131 gibi riskler ta\u015f\u0131d\u0131\u011f\u0131n\u0131 d\u00fc\u015f\u00fcn\u00fcyorlar. ABD, i\u00e7 yaz\u0131\u015fmalar\u0131nda S-400 konusundaki temel tutumunu de\u011fi\u015ftirmedi\u011fini teyit etti. Yani T\u00fcrkiye\u2019nin geli\u015fmi\u015f sistemlere yeniden eri\u015fim sa\u011flamak i\u00e7in S-400\u2019leri elden \u00e7\u0131karmas\u0131 veya etkisiz hale getirmesi gerekiyor. Savunma sekt\u00f6r\u00fcndeki baz\u0131 kesimler, T\u00fcrkiye\u2019ye F-35 veya benzeri geli\u015fmi\u015f platformlara \u00e7ok erken eri\u015fim verilmesinden \u00e7ekiniyor. \u00d6ncelikle S-400 sorununu \u00e7\u00f6z\u00fcp, g\u00fc\u00e7l\u00fc operasyonel g\u00fcvenlik \u00f6nlemleri uygulamak gerekti\u011fini d\u00fc\u015f\u00fcn\u00fcyorlar.<\/p>\n\n\n\n<h4 class=\"wp-block-heading\">3. Kurumsal atalet, riskten ka\u00e7\u0131nma ve ge\u00e7mi\u015fe duyulan g\u00fcvensizlik:<\/h4>\n\n\n\n<p>\u0130ki \u00fclke aras\u0131nda askeri d\u00fczeydeki g\u00fcven, \u00e7e\u015fitli nedenlerle y\u0131llar i\u00e7inde a\u015f\u0131nd\u0131. \u00d6rne\u011fin, 2016 darbesinden sonra T\u00fcrkiye\u2019nin subay kadrosunda ya\u015fanan tasfiyeler, b\u00f6lgesel operasyonlardaki farkl\u0131l\u0131klar, Suriye\/K\u00fcrt politikalar\u0131. Bu nedenle ili\u015fkilerin yeniden kurulmas\u0131 zaman alacak ve \u00f6ncelikle istikrarl\u0131 bir g\u00fcvenin in\u015fas\u0131 gerekecek. ABD savunma sanayi teknik b\u00fcrokrasisi, baz\u0131 konularda do\u011fal olarak temkinli yakla\u015f\u0131yor. Teknoloji payla\u015f\u0131m\u0131, ihracat kontrolleri, hassas sistemlerin transferi gibi konular ABD\u2019nin savunma sistemlerini zay\u0131flatmamal\u0131. Dolay\u0131s\u0131yla T\u00fcrkiye\u2019nin geli\u015fmi\u015f sistemlere yeniden entegre edilmesine y\u00f6nelik herhangi bir \u00f6nerinin sonucu \u00f6ng\u00f6r\u00fclebilir. Savunma, istihbarat ve g\u00fcvenlik kurumlar\u0131 \u00f6neriyi titiz ortak incelemelere, risk de\u011ferlendirmelerine ve g\u00f6zetime tabi tutacakt\u0131r. B\u00f6lgesel gerilimler (\u00f6rne\u011fin Do\u011fu Akdeniz, Suriye veya Rusya ile ili\u015fkiler) de\u011fi\u015fkenli\u011fini koruyor. Savunma planlamac\u0131lar\u0131, b\u00f6yle devam etti\u011fi s\u00fcrece \u00f6nceki k\u0131s\u0131tlamalar\u0131n k\u00f6kten kald\u0131r\u0131lmas\u0131 yerine, kademeli bir yak\u0131nla\u015fmay\u0131 tercih edebilirler.<\/p>\n\n\n\n<p>Bunlar\u0131n hepsini bir araya getirirsek, bu tepkiler olas\u0131 gidi\u015fat\u0131 \u015fu \u015fekilde \u015fekillendiriyor:<\/p>\n\n\n\n<p>Y\u00fcr\u00fctme organ\u0131 ya da diplomasi, son toplant\u0131lar\u0131n sembolik ivmesinden yararlanarak ihtiyatl\u0131 bir yak\u0131nla\u015fma i\u00e7in bask\u0131 yapmaya devam edecektir. G\u00fcven art\u0131r\u0131c\u0131 ad\u0131mlar olarak pilot veya s\u0131n\u0131rl\u0131 savunma anla\u015fmalar\u0131 (\u00f6rne\u011fin F-16 modernizasyonu) \u00f6nerebilirler.<\/p>\n\n\n\n<p>Savunma kurulu\u015flar\u0131n\u0131n kademeli ad\u0131mlar\u0131 desteklemesi muhtemeldir. Ancak T\u00fcrkiye\u2019nin g\u00fcvenlik duru\u015fu (\u00f6zellikle S-400 konusunda) <a href=\"https:\/\/epochtimestr.com\/index.php\/nato-turkiye-ve-abd-arasindaki-iliski\" target=\"_blank\" rel=\"noreferrer noopener\">NATO\/ABD<\/a> standartlar\u0131yla ikna edici bir \u015fekilde uyum sa\u011flanana kadar, k\u0131rm\u0131z\u0131 \u00e7izgilerin geri al\u0131nmas\u0131na direneceklerdir.<\/p>\n\n\n\n<p>Kongre en \u00f6ng\u00f6r\u00fclemez kontrol mekanizmas\u0131 olmaya devam ediyor. Y\u00f6netim h\u0131zl\u0131 hareket etmek istese bile, yasama organ\u0131n\u0131n direnci veya kamuoyunun incelemesi anla\u015fmalar\u0131 yava\u015flatabilir veya \u00f6l\u00e7e\u011fini k\u00fc\u00e7\u00fcltebilir.<\/p>\n\n\n\n<p>Sonu\u00e7 olarak, diplomasideki \u0131s\u0131nma bir\u00e7ok savunma\/g\u00fcvenlik akt\u00f6r\u00fc taraf\u0131ndan bir f\u0131rsat olarak kar\u015f\u0131land\u0131. Bununla birlikte bu f\u0131rsat, kurumsal ihtiyat ve kongre denetimiyle s\u0131n\u0131rland\u0131r\u0131lmaktad\u0131r. E\u011fer bir at\u0131l\u0131m ger\u00e7ekle\u015fecekse (\u00f6rne\u011fin, geli\u015fmi\u015f silah i\u015fbirli\u011finin tam olarak yeniden tesis edilmesi), bu muhtemelen yava\u015f olacakt\u0131r. Bir\u00e7ok \u015fartl\u0131 g\u00fcvenceyle ve hatta belki de ko\u015fullar\u0131 kanunla\u015ft\u0131racak yeni mevzuatlarla ger\u00e7ekle\u015fecektir.<\/p>\n\n\n\n<p><\/p>\n","protected":false},"excerpt":{"rendered":"<p>\u00d6zellikle son d\u00f6nemdeki BM ve Beyaz Saray toplant\u0131lar\u0131 \u0131\u015f\u0131\u011f\u0131nda T\u00fcrkiye ve ABD ili\u015fkilerinin mevcut durumu Yazan:\u00a0Sal Sayg\u0131n \u015eim\u015fek,\u00a0Connecticut T\u00fcrkiye ve ABD yetkilileri 23-29 Eyl\u00fcl 2025 tarihleri \u200b\u200baras\u0131nda Birle\u015fmi\u015f Milletler ve Beyaz Saray\u2019da \u00e7ok \u00f6nemli g\u00f6r\u00fc\u015fmeler ger\u00e7ekle\u015ftirdi. Bu yeni ve son geli\u015fmeleri a\u015fa\u011f\u0131daki \u015fekilde \u00f6zetleyebiliriz. Diplomasi ve sembolizm dikkat \u00e7ekiyor. T\u00fcrkiye Cumhurba\u015fkan\u0131 Erdo\u011fan, New York\u2019taki BM [&hellip;]<\/p>\n","protected":false},"author":14007,"featured_media":157889,"comment_status":"open","ping_status":"open","sticky":false,"template":"","format":"standard","meta":{"_yoast_wpseo_focuskw":"T\u00fcrkiye - ABD","_yoast_wpseo_title":"","_yoast_wpseo_metadesc":"T\u00fcrkiye ve ABD yetkilileri 23-29 Eyl\u00fcl 2025 tarihleri aras\u0131nda Birle\u015fmi\u015f Milletler ve Beyaz Saray\u2019da \u00e7ok \u00f6nemli g\u00f6r\u00fc\u015fmeler ger\u00e7ekle\u015ftirdi.","_bbp_topic_count":0,"_bbp_reply_count":0,"_bbp_total_topic_count":0,"_bbp_total_reply_count":0,"_bbp_voice_count":0,"_bbp_anonymous_reply_count":0,"_bbp_topic_count_hidden":0,"_bbp_reply_count_hidden":0,"_bbp_forum_subforum_count":0,"footnotes":"","_yoast_wpseo_focuskw_text_input":""},"categories":[10520],"tags":[407,1295,6332,6428,9482],"yoast_head":"<!-- This site is optimized with the Yoast SEO plugin v23.0 - https:\/\/yoast.com\/wordpress\/plugins\/seo\/ -->\n<title>T\u00fcrkiye Ve ABD \u0130li\u015fkilerinin Son Durumu - The Epoch Times TR<\/title>\n<meta name=\"description\" content=\"T\u00fcrkiye ve ABD yetkilileri 23-29 Eyl\u00fcl 2025 tarihleri aras\u0131nda Birle\u015fmi\u015f Milletler ve Beyaz Saray\u2019da \u00e7ok \u00f6nemli g\u00f6r\u00fc\u015fmeler ger\u00e7ekle\u015ftirdi.\" \/>\n<meta name=\"robots\" content=\"index, follow, max-snippet:-1, max-image-preview:large, max-video-preview:-1\" \/>\n<link rel=\"canonical\" href=\"https:\/\/epochtimestr.com\/index.php\/turkiye-ve-abd-iliskilerinin-son-durumu\" \/>\n<meta property=\"og:locale\" content=\"tr_TR\" \/>\n<meta property=\"og:type\" content=\"article\" \/>\n<meta property=\"og:title\" content=\"T\u00fcrkiye Ve ABD \u0130li\u015fkilerinin Son Durumu - The Epoch Times TR\" \/>\n<meta property=\"og:description\" content=\"T\u00fcrkiye ve ABD yetkilileri 23-29 Eyl\u00fcl 2025 tarihleri aras\u0131nda Birle\u015fmi\u015f Milletler ve Beyaz Saray\u2019da \u00e7ok \u00f6nemli g\u00f6r\u00fc\u015fmeler ger\u00e7ekle\u015ftirdi.\" \/>\n<meta property=\"og:url\" content=\"https:\/\/epochtimestr.com\/index.php\/turkiye-ve-abd-iliskilerinin-son-durumu\" \/>\n<meta property=\"og:site_name\" content=\"The Epoch Times TR\" \/>\n<meta property=\"article:publisher\" content=\"https:\/\/www.facebook.com\/theepochtimestr\" \/>\n<meta property=\"article:published_time\" content=\"2025-10-04T18:00:23+00:00\" \/>\n<meta property=\"article:modified_time\" content=\"2026-01-30T20:46:23+00:00\" \/>\n<meta property=\"og:image\" content=\"https:\/\/epochtimestr.com\/wp-content\/uploads\/2011y\/Saygin-Simsek-SM.png\" \/>\n\t<meta property=\"og:image:width\" content=\"1200\" \/>\n\t<meta property=\"og:image:height\" content=\"630\" \/>\n\t<meta property=\"og:image:type\" content=\"image\/png\" \/>\n<meta name=\"author\" content=\"Sal Sayg\u0131n \u015eim\u015fek\" \/>\n<meta name=\"twitter:card\" content=\"summary_large_image\" \/>\n<meta name=\"twitter:creator\" content=\"@TheEpochTimesTR\" \/>\n<meta name=\"twitter:site\" content=\"@TheEpochTimesTR\" \/>\n<meta name=\"twitter:label1\" content=\"Yazan:\" \/>\n\t<meta name=\"twitter:data1\" content=\"Sal Sayg\u0131n \u015eim\u015fek\" \/>\n\t<meta name=\"twitter:label2\" content=\"Tahmini okuma s\u00fcresi\" \/>\n\t<meta name=\"twitter:data2\" content=\"9 dakika\" \/>\n<script type=\"application\/ld+json\" class=\"yoast-schema-graph\">{\"@context\":\"https:\/\/schema.org\",\"@graph\":[{\"@type\":\"Article\",\"@id\":\"https:\/\/epochtimestr.com\/index.php\/turkiye-ve-abd-iliskilerinin-son-durumu#article\",\"isPartOf\":{\"@id\":\"https:\/\/epochtimestr.com\/index.php\/turkiye-ve-abd-iliskilerinin-son-durumu\"},\"author\":{\"name\":\"Sal Sayg\u0131n \u015eim\u015fek\",\"@id\":\"https:\/\/epochtimestr.com\/#\/schema\/person\/08bbb947ae6f5993c4885905dff4c451\"},\"headline\":\"T\u00fcrkiye Ve ABD \u0130li\u015fkilerinin Son Durumu\",\"datePublished\":\"2025-10-04T18:00:23+00:00\",\"dateModified\":\"2026-01-30T20:46:23+00:00\",\"mainEntityOfPage\":{\"@id\":\"https:\/\/epochtimestr.com\/index.php\/turkiye-ve-abd-iliskilerinin-son-durumu\"},\"wordCount\":2051,\"commentCount\":0,\"publisher\":{\"@id\":\"https:\/\/epochtimestr.com\/#organization\"},\"image\":{\"@id\":\"https:\/\/epochtimestr.com\/index.php\/turkiye-ve-abd-iliskilerinin-son-durumu#primaryimage\"},\"thumbnailUrl\":\"https:\/\/epochtimestr.com\/wp-content\/uploads\/2011y\/Sal-Saygin-Simsek.png\",\"keywords\":[\"ABD\",\"beyaz saray\",\"savunma sanayi\",\"ticaret\",\"Yapt\u0131r\u0131mlar\"],\"articleSection\":[\"K\u00f6\u015fe Yaz\u0131lar\u0131 Sal Sayg\u0131n \u015eim\u015fek\"],\"inLanguage\":\"tr\",\"potentialAction\":[{\"@type\":\"CommentAction\",\"name\":\"Comment\",\"target\":[\"https:\/\/epochtimestr.com\/index.php\/turkiye-ve-abd-iliskilerinin-son-durumu#respond\"]}]},{\"@type\":\"WebPage\",\"@id\":\"https:\/\/epochtimestr.com\/index.php\/turkiye-ve-abd-iliskilerinin-son-durumu\",\"url\":\"https:\/\/epochtimestr.com\/index.php\/turkiye-ve-abd-iliskilerinin-son-durumu\",\"name\":\"T\u00fcrkiye Ve ABD \u0130li\u015fkilerinin Son Durumu - The Epoch Times TR\",\"isPartOf\":{\"@id\":\"https:\/\/epochtimestr.com\/#website\"},\"primaryImageOfPage\":{\"@id\":\"https:\/\/epochtimestr.com\/index.php\/turkiye-ve-abd-iliskilerinin-son-durumu#primaryimage\"},\"image\":{\"@id\":\"https:\/\/epochtimestr.com\/index.php\/turkiye-ve-abd-iliskilerinin-son-durumu#primaryimage\"},\"thumbnailUrl\":\"https:\/\/epochtimestr.com\/wp-content\/uploads\/2011y\/Sal-Saygin-Simsek.png\",\"datePublished\":\"2025-10-04T18:00:23+00:00\",\"dateModified\":\"2026-01-30T20:46:23+00:00\",\"description\":\"T\u00fcrkiye ve ABD yetkilileri 23-29 Eyl\u00fcl 2025 tarihleri aras\u0131nda Birle\u015fmi\u015f Milletler ve Beyaz Saray\u2019da \u00e7ok \u00f6nemli g\u00f6r\u00fc\u015fmeler ger\u00e7ekle\u015ftirdi.\",\"inLanguage\":\"tr\",\"potentialAction\":[{\"@type\":\"ReadAction\",\"target\":[\"https:\/\/epochtimestr.com\/index.php\/turkiye-ve-abd-iliskilerinin-son-durumu\"]}]},{\"@type\":\"ImageObject\",\"inLanguage\":\"tr\",\"@id\":\"https:\/\/epochtimestr.com\/index.php\/turkiye-ve-abd-iliskilerinin-son-durumu#primaryimage\",\"url\":\"https:\/\/epochtimestr.com\/wp-content\/uploads\/2011y\/Sal-Saygin-Simsek.png\",\"contentUrl\":\"https:\/\/epochtimestr.com\/wp-content\/uploads\/2011y\/Sal-Saygin-Simsek.png\",\"width\":600,\"height\":600},{\"@type\":\"WebSite\",\"@id\":\"https:\/\/epochtimestr.com\/#website\",\"url\":\"https:\/\/epochtimestr.com\/\",\"name\":\"The Epoch Times TR\",\"description\":\"De\u011fi\u015fen D\u00fcnyam\u0131za Taze Bir Bak\u0131\u015f\",\"publisher\":{\"@id\":\"https:\/\/epochtimestr.com\/#organization\"},\"potentialAction\":[{\"@type\":\"SearchAction\",\"target\":{\"@type\":\"EntryPoint\",\"urlTemplate\":\"https:\/\/epochtimestr.com\/?s={search_term_string}\"},\"query-input\":\"required name=search_term_string\"}],\"inLanguage\":\"tr\"},{\"@type\":\"Organization\",\"@id\":\"https:\/\/epochtimestr.com\/#organization\",\"name\":\"The EpochTimes T\u00fcrkiye\",\"url\":\"https:\/\/epochtimestr.com\/\",\"logo\":{\"@type\":\"ImageObject\",\"inLanguage\":\"tr\",\"@id\":\"https:\/\/epochtimestr.com\/#\/schema\/logo\/image\/\",\"url\":\"https:\/\/epochtimestr.com\/wp-content\/uploads\/2011y\/ET-Logo-YG.jpg\",\"contentUrl\":\"https:\/\/epochtimestr.com\/wp-content\/uploads\/2011y\/ET-Logo-YG.jpg\",\"width\":346,\"height\":29,\"caption\":\"The EpochTimes T\u00fcrkiye\"},\"image\":{\"@id\":\"https:\/\/epochtimestr.com\/#\/schema\/logo\/image\/\"},\"sameAs\":[\"https:\/\/www.facebook.com\/theepochtimestr\",\"https:\/\/x.com\/TheEpochTimesTR\",\"https:\/\/www.instagram.com\/epochtimestr\"]},{\"@type\":\"Person\",\"@id\":\"https:\/\/epochtimestr.com\/#\/schema\/person\/08bbb947ae6f5993c4885905dff4c451\",\"name\":\"Sal Sayg\u0131n \u015eim\u015fek\",\"image\":{\"@type\":\"ImageObject\",\"inLanguage\":\"tr\",\"@id\":\"https:\/\/epochtimestr.com\/#\/schema\/person\/image\/\",\"url\":\"https:\/\/secure.gravatar.com\/avatar\/0de3fcdb17fb559c34b4c2847eebc04b?s=96&d=mm&r=g\",\"contentUrl\":\"https:\/\/secure.gravatar.com\/avatar\/0de3fcdb17fb559c34b4c2847eebc04b?s=96&d=mm&r=g\",\"caption\":\"Sal Sayg\u0131n \u015eim\u015fek\"},\"url\":\"https:\/\/epochtimestr.com\/index.php\/author\/sal\"}]}<\/script>\n<!-- \/ Yoast SEO plugin. -->","yoast_head_json":{"title":"T\u00fcrkiye Ve ABD \u0130li\u015fkilerinin Son Durumu - The Epoch Times TR","description":"T\u00fcrkiye ve ABD yetkilileri 23-29 Eyl\u00fcl 2025 tarihleri aras\u0131nda Birle\u015fmi\u015f Milletler ve Beyaz Saray\u2019da \u00e7ok \u00f6nemli g\u00f6r\u00fc\u015fmeler ger\u00e7ekle\u015ftirdi.","robots":{"index":"index","follow":"follow","max-snippet":"max-snippet:-1","max-image-preview":"max-image-preview:large","max-video-preview":"max-video-preview:-1"},"canonical":"https:\/\/epochtimestr.com\/index.php\/turkiye-ve-abd-iliskilerinin-son-durumu","og_locale":"tr_TR","og_type":"article","og_title":"T\u00fcrkiye Ve ABD \u0130li\u015fkilerinin Son Durumu - The Epoch Times TR","og_description":"T\u00fcrkiye ve ABD yetkilileri 23-29 Eyl\u00fcl 2025 tarihleri aras\u0131nda Birle\u015fmi\u015f Milletler ve Beyaz Saray\u2019da \u00e7ok \u00f6nemli g\u00f6r\u00fc\u015fmeler ger\u00e7ekle\u015ftirdi.","og_url":"https:\/\/epochtimestr.com\/index.php\/turkiye-ve-abd-iliskilerinin-son-durumu","og_site_name":"The Epoch Times TR","article_publisher":"https:\/\/www.facebook.com\/theepochtimestr","article_published_time":"2025-10-04T18:00:23+00:00","article_modified_time":"2026-01-30T20:46:23+00:00","og_image":[{"width":1200,"height":630,"url":"https:\/\/epochtimestr.com\/wp-content\/uploads\/2011y\/Saygin-Simsek-SM.png","type":"image\/png"}],"author":"Sal Sayg\u0131n \u015eim\u015fek","twitter_card":"summary_large_image","twitter_creator":"@TheEpochTimesTR","twitter_site":"@TheEpochTimesTR","twitter_misc":{"Yazan:":"Sal Sayg\u0131n \u015eim\u015fek","Tahmini okuma s\u00fcresi":"9 dakika"},"schema":{"@context":"https:\/\/schema.org","@graph":[{"@type":"Article","@id":"https:\/\/epochtimestr.com\/index.php\/turkiye-ve-abd-iliskilerinin-son-durumu#article","isPartOf":{"@id":"https:\/\/epochtimestr.com\/index.php\/turkiye-ve-abd-iliskilerinin-son-durumu"},"author":{"name":"Sal Sayg\u0131n \u015eim\u015fek","@id":"https:\/\/epochtimestr.com\/#\/schema\/person\/08bbb947ae6f5993c4885905dff4c451"},"headline":"T\u00fcrkiye Ve ABD \u0130li\u015fkilerinin Son Durumu","datePublished":"2025-10-04T18:00:23+00:00","dateModified":"2026-01-30T20:46:23+00:00","mainEntityOfPage":{"@id":"https:\/\/epochtimestr.com\/index.php\/turkiye-ve-abd-iliskilerinin-son-durumu"},"wordCount":2051,"commentCount":0,"publisher":{"@id":"https:\/\/epochtimestr.com\/#organization"},"image":{"@id":"https:\/\/epochtimestr.com\/index.php\/turkiye-ve-abd-iliskilerinin-son-durumu#primaryimage"},"thumbnailUrl":"https:\/\/epochtimestr.com\/wp-content\/uploads\/2011y\/Sal-Saygin-Simsek.png","keywords":["ABD","beyaz saray","savunma sanayi","ticaret","Yapt\u0131r\u0131mlar"],"articleSection":["K\u00f6\u015fe Yaz\u0131lar\u0131 Sal Sayg\u0131n \u015eim\u015fek"],"inLanguage":"tr","potentialAction":[{"@type":"CommentAction","name":"Comment","target":["https:\/\/epochtimestr.com\/index.php\/turkiye-ve-abd-iliskilerinin-son-durumu#respond"]}]},{"@type":"WebPage","@id":"https:\/\/epochtimestr.com\/index.php\/turkiye-ve-abd-iliskilerinin-son-durumu","url":"https:\/\/epochtimestr.com\/index.php\/turkiye-ve-abd-iliskilerinin-son-durumu","name":"T\u00fcrkiye Ve ABD \u0130li\u015fkilerinin Son Durumu - The Epoch Times TR","isPartOf":{"@id":"https:\/\/epochtimestr.com\/#website"},"primaryImageOfPage":{"@id":"https:\/\/epochtimestr.com\/index.php\/turkiye-ve-abd-iliskilerinin-son-durumu#primaryimage"},"image":{"@id":"https:\/\/epochtimestr.com\/index.php\/turkiye-ve-abd-iliskilerinin-son-durumu#primaryimage"},"thumbnailUrl":"https:\/\/epochtimestr.com\/wp-content\/uploads\/2011y\/Sal-Saygin-Simsek.png","datePublished":"2025-10-04T18:00:23+00:00","dateModified":"2026-01-30T20:46:23+00:00","description":"T\u00fcrkiye ve ABD yetkilileri 23-29 Eyl\u00fcl 2025 tarihleri aras\u0131nda Birle\u015fmi\u015f Milletler ve Beyaz Saray\u2019da \u00e7ok \u00f6nemli g\u00f6r\u00fc\u015fmeler ger\u00e7ekle\u015ftirdi.","inLanguage":"tr","potentialAction":[{"@type":"ReadAction","target":["https:\/\/epochtimestr.com\/index.php\/turkiye-ve-abd-iliskilerinin-son-durumu"]}]},{"@type":"ImageObject","inLanguage":"tr","@id":"https:\/\/epochtimestr.com\/index.php\/turkiye-ve-abd-iliskilerinin-son-durumu#primaryimage","url":"https:\/\/epochtimestr.com\/wp-content\/uploads\/2011y\/Sal-Saygin-Simsek.png","contentUrl":"https:\/\/epochtimestr.com\/wp-content\/uploads\/2011y\/Sal-Saygin-Simsek.png","width":600,"height":600},{"@type":"WebSite","@id":"https:\/\/epochtimestr.com\/#website","url":"https:\/\/epochtimestr.com\/","name":"The Epoch Times TR","description":"De\u011fi\u015fen D\u00fcnyam\u0131za Taze Bir Bak\u0131\u015f","publisher":{"@id":"https:\/\/epochtimestr.com\/#organization"},"potentialAction":[{"@type":"SearchAction","target":{"@type":"EntryPoint","urlTemplate":"https:\/\/epochtimestr.com\/?s={search_term_string}"},"query-input":"required name=search_term_string"}],"inLanguage":"tr"},{"@type":"Organization","@id":"https:\/\/epochtimestr.com\/#organization","name":"The EpochTimes T\u00fcrkiye","url":"https:\/\/epochtimestr.com\/","logo":{"@type":"ImageObject","inLanguage":"tr","@id":"https:\/\/epochtimestr.com\/#\/schema\/logo\/image\/","url":"https:\/\/epochtimestr.com\/wp-content\/uploads\/2011y\/ET-Logo-YG.jpg","contentUrl":"https:\/\/epochtimestr.com\/wp-content\/uploads\/2011y\/ET-Logo-YG.jpg","width":346,"height":29,"caption":"The EpochTimes T\u00fcrkiye"},"image":{"@id":"https:\/\/epochtimestr.com\/#\/schema\/logo\/image\/"},"sameAs":["https:\/\/www.facebook.com\/theepochtimestr","https:\/\/x.com\/TheEpochTimesTR","https:\/\/www.instagram.com\/epochtimestr"]},{"@type":"Person","@id":"https:\/\/epochtimestr.com\/#\/schema\/person\/08bbb947ae6f5993c4885905dff4c451","name":"Sal Sayg\u0131n \u015eim\u015fek","image":{"@type":"ImageObject","inLanguage":"tr","@id":"https:\/\/epochtimestr.com\/#\/schema\/person\/image\/","url":"https:\/\/secure.gravatar.com\/avatar\/0de3fcdb17fb559c34b4c2847eebc04b?s=96&d=mm&r=g","contentUrl":"https:\/\/secure.gravatar.com\/avatar\/0de3fcdb17fb559c34b4c2847eebc04b?s=96&d=mm&r=g","caption":"Sal Sayg\u0131n \u015eim\u015fek"},"url":"https:\/\/epochtimestr.com\/index.php\/author\/sal"}]}},"_links":{"self":[{"href":"https:\/\/epochtimestr.com\/index.php\/wp-json\/wp\/v2\/posts\/162669"}],"collection":[{"href":"https:\/\/epochtimestr.com\/index.php\/wp-json\/wp\/v2\/posts"}],"about":[{"href":"https:\/\/epochtimestr.com\/index.php\/wp-json\/wp\/v2\/types\/post"}],"author":[{"embeddable":true,"href":"https:\/\/epochtimestr.com\/index.php\/wp-json\/wp\/v2\/users\/14007"}],"replies":[{"embeddable":true,"href":"https:\/\/epochtimestr.com\/index.php\/wp-json\/wp\/v2\/comments?post=162669"}],"version-history":[{"count":1,"href":"https:\/\/epochtimestr.com\/index.php\/wp-json\/wp\/v2\/posts\/162669\/revisions"}],"predecessor-version":[{"id":162670,"href":"https:\/\/epochtimestr.com\/index.php\/wp-json\/wp\/v2\/posts\/162669\/revisions\/162670"}],"wp:featuredmedia":[{"embeddable":true,"href":"https:\/\/epochtimestr.com\/index.php\/wp-json\/wp\/v2\/media\/157889"}],"wp:attachment":[{"href":"https:\/\/epochtimestr.com\/index.php\/wp-json\/wp\/v2\/media?parent=162669"}],"wp:term":[{"taxonomy":"category","embeddable":true,"href":"https:\/\/epochtimestr.com\/index.php\/wp-json\/wp\/v2\/categories?post=162669"},{"taxonomy":"post_tag","embeddable":true,"href":"https:\/\/epochtimestr.com\/index.php\/wp-json\/wp\/v2\/tags?post=162669"}],"curies":[{"name":"wp","href":"https:\/\/api.w.org\/{rel}","templated":true}]}}