{"id":162710,"date":"2025-10-08T09:38:50","date_gmt":"2025-10-08T06:38:50","guid":{"rendered":"https:\/\/epochtimestr.com\/?p=162710"},"modified":"2025-10-09T13:22:58","modified_gmt":"2025-10-09T10:22:58","slug":"ankarada-firtina-washingtonda-hesap","status":"publish","type":"post","link":"https:\/\/epochtimestr.com\/index.php\/ankarada-firtina-washingtonda-hesap","title":{"rendered":"Ankara\u2019da F\u0131rt\u0131na Washington\u2019da Hesap"},"content":{"rendered":"\n<p>TBMM yeni yasama d\u00f6nemine \u201cyeni anayasa\u201d g\u00fcndemiyle ba\u015flad\u0131. Ancak meclis koridorlar\u0131nda yank\u0131lanan esas ses, CHP Genel Ba\u015fkan\u0131 \u00d6zg\u00fcr \u00d6zel\u2019in Sal\u0131 Grup Toplant\u0131s\u0131\u2019ndaki \u00e7\u0131k\u0131\u015f\u0131 oldu. \u00d6zel, iddianamesi bile haz\u0131rlanmam\u0131\u015f arkada\u015flar\u0131na \u201ch\u0131rs\u0131z\u201d diyenlere kar\u015f\u0131, \u201c\u0130ddianame yokken arkada\u015flar\u0131ma h\u0131rs\u0131z diyenin aln\u0131n\u0131 kar\u0131\u015flar\u0131m\u201d diyerek sert bir \u00e7\u0131k\u0131\u015f yapt\u0131.<\/p>\n\n\n\n<p>Bu s\u00f6z, yaln\u0131zca bir savunma de\u011fil, siyasetin vicdan\u0131na y\u00f6neltilmi\u015f bir hat\u0131rlatmayd\u0131: K\u00f6t\u00fcl\u00fc\u011f\u00fc yapacaks\u0131n, sonra \u201cmilli irade\u201d diyeceksin\u2026 Konu\u015fmayan bir sensin MHP\u2019li, Ankara\u2019n\u0131n ortas\u0131nda vurulan MHP\u2019li, Vurduran MHP\u2019li, Azmettiren MHP\u2019li, Yarg\u0131lanan MHP\u2019li\u2026<\/p>\n\n\n\n<p>Bu c\u00fcmleler, meclis k\u00fcrs\u00fcs\u00fcnde de\u011fil, toplumun haf\u0131zas\u0131nda yank\u0131land\u0131. \u00c7\u00fcnk\u00fc art\u0131k mesele sadece bir siyasi tart\u0131\u015fma de\u011fil; adalet, ahlak ve sorumluluk meselesi.<\/p>\n\n\n\n<p>\u0130ktidar\u0131n tek hedefi, CHP\u2019yi Cumhur \u0130ttifak\u0131\u2019n\u0131n istedi\u011fi noktaya raz\u0131 etmek. Ama unuttuklar\u0131 bir ger\u00e7ek var: CHP tarih boyunca hi\u00e7bir bask\u0131ya raz\u0131 olmad\u0131. Bug\u00fcn de olmayacak.<\/p>\n\n\n\n<h3 class=\"wp-block-heading\">D\u0131\u015far\u0131da ba\u015fka bir masa: Washington\u2019un plan\u0131<\/h3>\n\n\n\n<p>T\u00fcrkiye i\u00e7eride yeni anayasa tart\u0131\u015fmalar\u0131na g\u00f6m\u00fclm\u00fc\u015fken, Orta Do\u011fu\u2019da sessiz ama derin bir hareketlilik var. ABD, b\u00f6lgeyi yeniden \u015fekillendirme plan\u0131n\u0131 devreye soktu.<\/p>\n\n\n\n<p>Gazze\u2019de ate\u015fkes yerine kontrol, Suriye\u2019de istikrar yerine par\u00e7alanm\u0131\u015fl\u0131k, Irak\u2019ta devlet yerine hizipler\u2026Washington, bu karma\u015fadan d\u00fczen \u00e7\u0131karmak de\u011fil, kontrol sa\u011flamak istiyor.<\/p>\n\n\n\n<p>T\u00fcrkiye bu satran\u00e7ta hem ta\u015f, hem oyuncu. Bir yandan i\u00e7eride demokrasi m\u00fccadelesi veriyor, di\u011fer yandan d\u0131\u015far\u0131da denge politikas\u0131 kurmaya \u00e7al\u0131\u015f\u0131yor. Ancak i\u00e7eride zay\u0131f d\u00fc\u015fen bir \u00fclke, d\u0131\u015far\u0131da g\u00fc\u00e7l\u00fc duramaz.<\/p>\n\n\n\n<p class=\"has-text-align-center\">\u2e3b<\/p>\n\n\n\n<p>Son s\u00f6z;<\/p>\n\n\n\n<p>Yeni anayasa masas\u0131 ile Orta Do\u011fu masas\u0131 asl\u0131nda ayn\u0131 masad\u0131r. Birinde halk\u0131n iradesi, di\u011ferinde \u00fclkenin y\u00f6n\u00fc konu\u015fuluyor. E\u011fer i\u00e7eride irademizi teslim edersek, d\u0131\u015far\u0131da ba\u015fkalar\u0131n\u0131n plan\u0131na mahk\u00fbm oluruz. Ama bu \u00fclke, tarih boyunca her defas\u0131nda k\u00fcllerinden do\u011fdu. Bug\u00fcn de do\u011facak.<\/p>\n\n\n\n<p>S\u00f6z halk\u0131n yolunda\u2026<\/p>\n","protected":false},"excerpt":{"rendered":"<p>TBMM yeni yasama d\u00f6nemine \u201cyeni anayasa\u201d g\u00fcndemiyle ba\u015flad\u0131. Ancak meclis koridorlar\u0131nda yank\u0131lanan esas ses, CHP Genel Ba\u015fkan\u0131 \u00d6zg\u00fcr \u00d6zel\u2019in Sal\u0131 Grup Toplant\u0131s\u0131\u2019ndaki \u00e7\u0131k\u0131\u015f\u0131 oldu. \u00d6zel, iddianamesi bile haz\u0131rlanmam\u0131\u015f arkada\u015flar\u0131na \u201ch\u0131rs\u0131z\u201d diyenlere kar\u015f\u0131, \u201c\u0130ddianame yokken arkada\u015flar\u0131ma h\u0131rs\u0131z diyenin aln\u0131n\u0131 kar\u0131\u015flar\u0131m\u201d diyerek sert bir \u00e7\u0131k\u0131\u015f yapt\u0131. Bu s\u00f6z, yaln\u0131zca bir savunma de\u011fil, siyasetin vicdan\u0131na y\u00f6neltilmi\u015f bir hat\u0131rlatmayd\u0131: [&hellip;]<\/p>\n","protected":false},"author":13999,"featured_media":160423,"comment_status":"open","ping_status":"open","sticky":false,"template":"","format":"standard","meta":{"_yoast_wpseo_focuskw":"CHP","_yoast_wpseo_title":"","_yoast_wpseo_metadesc":"TBMM yeni yasama d\u00f6nemine \u201cyeni anayasa\u201d g\u00fcndemiyle ba\u015flad\u0131. Ancak meclis koridorlar\u0131nda yank\u0131lanan esas ses, CHP Genel Ba\u015fkan\u0131 \u00d6zg\u00fcr \u00d6zel\u2019in Sal\u0131 Grup Toplant\u0131s\u0131\u2019ndaki \u00e7\u0131k\u0131\u015f\u0131 oldu","_bbp_topic_count":0,"_bbp_reply_count":0,"_bbp_total_topic_count":0,"_bbp_total_reply_count":0,"_bbp_voice_count":0,"_bbp_anonymous_reply_count":0,"_bbp_topic_count_hidden":0,"_bbp_reply_count_hidden":0,"_bbp_forum_subforum_count":0,"footnotes":"","_yoast_wpseo_focuskw_text_input":""},"categories":[9035],"tags":[583,895,1314,1018,3877],"yoast_head":"<!-- This site is optimized with the Yoast SEO plugin v23.0 - https:\/\/yoast.com\/wordpress\/plugins\/seo\/ -->\n<title>Ankara\u2019da F\u0131rt\u0131na Washington\u2019da Hesap - The Epoch Times TR<\/title>\n<meta name=\"description\" content=\"TBMM yeni yasama d\u00f6nemine \u201cyeni anayasa\u201d g\u00fcndemiyle ba\u015flad\u0131. Ancak meclis koridorlar\u0131nda yank\u0131lanan esas ses, CHP Genel Ba\u015fkan\u0131 \u00d6zg\u00fcr \u00d6zel\u2019in Sal\u0131 Grup Toplant\u0131s\u0131\u2019ndaki \u00e7\u0131k\u0131\u015f\u0131 oldu\" \/>\n<meta name=\"robots\" content=\"index, follow, max-snippet:-1, max-image-preview:large, max-video-preview:-1\" \/>\n<link rel=\"canonical\" href=\"https:\/\/epochtimestr.com\/index.php\/ankarada-firtina-washingtonda-hesap\" \/>\n<meta property=\"og:locale\" content=\"tr_TR\" \/>\n<meta property=\"og:type\" content=\"article\" \/>\n<meta property=\"og:title\" content=\"Ankara\u2019da F\u0131rt\u0131na Washington\u2019da Hesap - The Epoch Times TR\" \/>\n<meta property=\"og:description\" content=\"TBMM yeni yasama d\u00f6nemine \u201cyeni anayasa\u201d g\u00fcndemiyle ba\u015flad\u0131. Ancak meclis koridorlar\u0131nda yank\u0131lanan esas ses, CHP Genel Ba\u015fkan\u0131 \u00d6zg\u00fcr \u00d6zel\u2019in Sal\u0131 Grup Toplant\u0131s\u0131\u2019ndaki \u00e7\u0131k\u0131\u015f\u0131 oldu\" \/>\n<meta property=\"og:url\" content=\"https:\/\/epochtimestr.com\/index.php\/ankarada-firtina-washingtonda-hesap\" \/>\n<meta property=\"og:site_name\" content=\"The Epoch Times TR\" \/>\n<meta property=\"article:publisher\" content=\"https:\/\/www.facebook.com\/theepochtimestr\" \/>\n<meta property=\"article:published_time\" content=\"2025-10-08T06:38:50+00:00\" \/>\n<meta property=\"article:modified_time\" content=\"2025-10-09T10:22:58+00:00\" \/>\n<meta property=\"og:image\" content=\"https:\/\/epochtimestr.com\/wp-content\/uploads\/2011y\/Cavidan-Demirag-SM.png\" \/>\n\t<meta property=\"og:image:width\" content=\"1200\" \/>\n\t<meta property=\"og:image:height\" content=\"630\" \/>\n\t<meta property=\"og:image:type\" content=\"image\/png\" \/>\n<meta name=\"author\" content=\"Cavidan Demira\u011f\" \/>\n<meta name=\"twitter:card\" content=\"summary_large_image\" \/>\n<meta name=\"twitter:creator\" content=\"@TheEpochTimesTR\" \/>\n<meta name=\"twitter:site\" content=\"@TheEpochTimesTR\" \/>\n<meta name=\"twitter:label1\" content=\"Yazan:\" \/>\n\t<meta name=\"twitter:data1\" content=\"Cavidan Demira\u011f\" \/>\n\t<meta name=\"twitter:label2\" content=\"Tahmini okuma s\u00fcresi\" \/>\n\t<meta name=\"twitter:data2\" content=\"2 dakika\" \/>\n<script type=\"application\/ld+json\" class=\"yoast-schema-graph\">{\"@context\":\"https:\/\/schema.org\",\"@graph\":[{\"@type\":\"Article\",\"@id\":\"https:\/\/epochtimestr.com\/index.php\/ankarada-firtina-washingtonda-hesap#article\",\"isPartOf\":{\"@id\":\"https:\/\/epochtimestr.com\/index.php\/ankarada-firtina-washingtonda-hesap\"},\"author\":{\"name\":\"Cavidan Demira\u011f\",\"@id\":\"https:\/\/epochtimestr.com\/#\/schema\/person\/377b57f01575ae31163764e117103311\"},\"headline\":\"Ankara\u2019da F\u0131rt\u0131na Washington\u2019da Hesap\",\"datePublished\":\"2025-10-08T06:38:50+00:00\",\"dateModified\":\"2025-10-09T10:22:58+00:00\",\"mainEntityOfPage\":{\"@id\":\"https:\/\/epochtimestr.com\/index.php\/ankarada-firtina-washingtonda-hesap\"},\"wordCount\":375,\"commentCount\":0,\"publisher\":{\"@id\":\"https:\/\/epochtimestr.com\/#organization\"},\"image\":{\"@id\":\"https:\/\/epochtimestr.com\/index.php\/ankarada-firtina-washingtonda-hesap#primaryimage\"},\"thumbnailUrl\":\"https:\/\/epochtimestr.com\/wp-content\/uploads\/2011y\/Cavidan-Demirag-profil.png\",\"keywords\":[\"CHP\",\"erdo\u011fan\",\"Gazze\",\"MHP\",\"washington\"],\"articleSection\":[\"K\u00f6\u015fe Yaz\u0131lar\u0131 Cavidan Demira\u011f\"],\"inLanguage\":\"tr\",\"potentialAction\":[{\"@type\":\"CommentAction\",\"name\":\"Comment\",\"target\":[\"https:\/\/epochtimestr.com\/index.php\/ankarada-firtina-washingtonda-hesap#respond\"]}]},{\"@type\":\"WebPage\",\"@id\":\"https:\/\/epochtimestr.com\/index.php\/ankarada-firtina-washingtonda-hesap\",\"url\":\"https:\/\/epochtimestr.com\/index.php\/ankarada-firtina-washingtonda-hesap\",\"name\":\"Ankara\u2019da F\u0131rt\u0131na Washington\u2019da Hesap - The Epoch Times TR\",\"isPartOf\":{\"@id\":\"https:\/\/epochtimestr.com\/#website\"},\"primaryImageOfPage\":{\"@id\":\"https:\/\/epochtimestr.com\/index.php\/ankarada-firtina-washingtonda-hesap#primaryimage\"},\"image\":{\"@id\":\"https:\/\/epochtimestr.com\/index.php\/ankarada-firtina-washingtonda-hesap#primaryimage\"},\"thumbnailUrl\":\"https:\/\/epochtimestr.com\/wp-content\/uploads\/2011y\/Cavidan-Demirag-profil.png\",\"datePublished\":\"2025-10-08T06:38:50+00:00\",\"dateModified\":\"2025-10-09T10:22:58+00:00\",\"description\":\"TBMM yeni yasama d\u00f6nemine \u201cyeni anayasa\u201d g\u00fcndemiyle ba\u015flad\u0131. Ancak meclis koridorlar\u0131nda yank\u0131lanan esas ses, CHP Genel Ba\u015fkan\u0131 \u00d6zg\u00fcr \u00d6zel\u2019in Sal\u0131 Grup Toplant\u0131s\u0131\u2019ndaki \u00e7\u0131k\u0131\u015f\u0131 oldu\",\"inLanguage\":\"tr\",\"potentialAction\":[{\"@type\":\"ReadAction\",\"target\":[\"https:\/\/epochtimestr.com\/index.php\/ankarada-firtina-washingtonda-hesap\"]}]},{\"@type\":\"ImageObject\",\"inLanguage\":\"tr\",\"@id\":\"https:\/\/epochtimestr.com\/index.php\/ankarada-firtina-washingtonda-hesap#primaryimage\",\"url\":\"https:\/\/epochtimestr.com\/wp-content\/uploads\/2011y\/Cavidan-Demirag-profil.png\",\"contentUrl\":\"https:\/\/epochtimestr.com\/wp-content\/uploads\/2011y\/Cavidan-Demirag-profil.png\",\"width\":600,\"height\":600},{\"@type\":\"WebSite\",\"@id\":\"https:\/\/epochtimestr.com\/#website\",\"url\":\"https:\/\/epochtimestr.com\/\",\"name\":\"The Epoch Times TR\",\"description\":\"De\u011fi\u015fen D\u00fcnyam\u0131za Taze Bir Bak\u0131\u015f\",\"publisher\":{\"@id\":\"https:\/\/epochtimestr.com\/#organization\"},\"potentialAction\":[{\"@type\":\"SearchAction\",\"target\":{\"@type\":\"EntryPoint\",\"urlTemplate\":\"https:\/\/epochtimestr.com\/?s={search_term_string}\"},\"query-input\":\"required name=search_term_string\"}],\"inLanguage\":\"tr\"},{\"@type\":\"Organization\",\"@id\":\"https:\/\/epochtimestr.com\/#organization\",\"name\":\"The EpochTimes T\u00fcrkiye\",\"url\":\"https:\/\/epochtimestr.com\/\",\"logo\":{\"@type\":\"ImageObject\",\"inLanguage\":\"tr\",\"@id\":\"https:\/\/epochtimestr.com\/#\/schema\/logo\/image\/\",\"url\":\"https:\/\/epochtimestr.com\/wp-content\/uploads\/2011y\/ET-Logo-YG.jpg\",\"contentUrl\":\"https:\/\/epochtimestr.com\/wp-content\/uploads\/2011y\/ET-Logo-YG.jpg\",\"width\":346,\"height\":29,\"caption\":\"The EpochTimes T\u00fcrkiye\"},\"image\":{\"@id\":\"https:\/\/epochtimestr.com\/#\/schema\/logo\/image\/\"},\"sameAs\":[\"https:\/\/www.facebook.com\/theepochtimestr\",\"https:\/\/x.com\/TheEpochTimesTR\",\"https:\/\/www.instagram.com\/epochtimestr\"]},{\"@type\":\"Person\",\"@id\":\"https:\/\/epochtimestr.com\/#\/schema\/person\/377b57f01575ae31163764e117103311\",\"name\":\"Cavidan Demira\u011f\",\"image\":{\"@type\":\"ImageObject\",\"inLanguage\":\"tr\",\"@id\":\"https:\/\/epochtimestr.com\/#\/schema\/person\/image\/\",\"url\":\"https:\/\/secure.gravatar.com\/avatar\/88335e16332be91f54da6da4c1a97549?s=96&d=mm&r=g\",\"contentUrl\":\"https:\/\/secure.gravatar.com\/avatar\/88335e16332be91f54da6da4c1a97549?s=96&d=mm&r=g\",\"caption\":\"Cavidan Demira\u011f\"},\"url\":\"https:\/\/epochtimestr.com\/index.php\/author\/cavidan\"}]}<\/script>\n<!-- \/ Yoast SEO plugin. -->","yoast_head_json":{"title":"Ankara\u2019da F\u0131rt\u0131na Washington\u2019da Hesap - The Epoch Times TR","description":"TBMM yeni yasama d\u00f6nemine \u201cyeni anayasa\u201d g\u00fcndemiyle ba\u015flad\u0131. Ancak meclis koridorlar\u0131nda yank\u0131lanan esas ses, CHP Genel Ba\u015fkan\u0131 \u00d6zg\u00fcr \u00d6zel\u2019in Sal\u0131 Grup Toplant\u0131s\u0131\u2019ndaki \u00e7\u0131k\u0131\u015f\u0131 oldu","robots":{"index":"index","follow":"follow","max-snippet":"max-snippet:-1","max-image-preview":"max-image-preview:large","max-video-preview":"max-video-preview:-1"},"canonical":"https:\/\/epochtimestr.com\/index.php\/ankarada-firtina-washingtonda-hesap","og_locale":"tr_TR","og_type":"article","og_title":"Ankara\u2019da F\u0131rt\u0131na Washington\u2019da Hesap - The Epoch Times TR","og_description":"TBMM yeni yasama d\u00f6nemine \u201cyeni anayasa\u201d g\u00fcndemiyle ba\u015flad\u0131. Ancak meclis koridorlar\u0131nda yank\u0131lanan esas ses, CHP Genel Ba\u015fkan\u0131 \u00d6zg\u00fcr \u00d6zel\u2019in Sal\u0131 Grup Toplant\u0131s\u0131\u2019ndaki \u00e7\u0131k\u0131\u015f\u0131 oldu","og_url":"https:\/\/epochtimestr.com\/index.php\/ankarada-firtina-washingtonda-hesap","og_site_name":"The Epoch Times TR","article_publisher":"https:\/\/www.facebook.com\/theepochtimestr","article_published_time":"2025-10-08T06:38:50+00:00","article_modified_time":"2025-10-09T10:22:58+00:00","og_image":[{"width":1200,"height":630,"url":"https:\/\/epochtimestr.com\/wp-content\/uploads\/2011y\/Cavidan-Demirag-SM.png","type":"image\/png"}],"author":"Cavidan Demira\u011f","twitter_card":"summary_large_image","twitter_creator":"@TheEpochTimesTR","twitter_site":"@TheEpochTimesTR","twitter_misc":{"Yazan:":"Cavidan Demira\u011f","Tahmini okuma s\u00fcresi":"2 dakika"},"schema":{"@context":"https:\/\/schema.org","@graph":[{"@type":"Article","@id":"https:\/\/epochtimestr.com\/index.php\/ankarada-firtina-washingtonda-hesap#article","isPartOf":{"@id":"https:\/\/epochtimestr.com\/index.php\/ankarada-firtina-washingtonda-hesap"},"author":{"name":"Cavidan Demira\u011f","@id":"https:\/\/epochtimestr.com\/#\/schema\/person\/377b57f01575ae31163764e117103311"},"headline":"Ankara\u2019da F\u0131rt\u0131na Washington\u2019da Hesap","datePublished":"2025-10-08T06:38:50+00:00","dateModified":"2025-10-09T10:22:58+00:00","mainEntityOfPage":{"@id":"https:\/\/epochtimestr.com\/index.php\/ankarada-firtina-washingtonda-hesap"},"wordCount":375,"commentCount":0,"publisher":{"@id":"https:\/\/epochtimestr.com\/#organization"},"image":{"@id":"https:\/\/epochtimestr.com\/index.php\/ankarada-firtina-washingtonda-hesap#primaryimage"},"thumbnailUrl":"https:\/\/epochtimestr.com\/wp-content\/uploads\/2011y\/Cavidan-Demirag-profil.png","keywords":["CHP","erdo\u011fan","Gazze","MHP","washington"],"articleSection":["K\u00f6\u015fe Yaz\u0131lar\u0131 Cavidan Demira\u011f"],"inLanguage":"tr","potentialAction":[{"@type":"CommentAction","name":"Comment","target":["https:\/\/epochtimestr.com\/index.php\/ankarada-firtina-washingtonda-hesap#respond"]}]},{"@type":"WebPage","@id":"https:\/\/epochtimestr.com\/index.php\/ankarada-firtina-washingtonda-hesap","url":"https:\/\/epochtimestr.com\/index.php\/ankarada-firtina-washingtonda-hesap","name":"Ankara\u2019da F\u0131rt\u0131na Washington\u2019da Hesap - The Epoch Times TR","isPartOf":{"@id":"https:\/\/epochtimestr.com\/#website"},"primaryImageOfPage":{"@id":"https:\/\/epochtimestr.com\/index.php\/ankarada-firtina-washingtonda-hesap#primaryimage"},"image":{"@id":"https:\/\/epochtimestr.com\/index.php\/ankarada-firtina-washingtonda-hesap#primaryimage"},"thumbnailUrl":"https:\/\/epochtimestr.com\/wp-content\/uploads\/2011y\/Cavidan-Demirag-profil.png","datePublished":"2025-10-08T06:38:50+00:00","dateModified":"2025-10-09T10:22:58+00:00","description":"TBMM yeni yasama d\u00f6nemine \u201cyeni anayasa\u201d g\u00fcndemiyle ba\u015flad\u0131. Ancak meclis koridorlar\u0131nda yank\u0131lanan esas ses, CHP Genel Ba\u015fkan\u0131 \u00d6zg\u00fcr \u00d6zel\u2019in Sal\u0131 Grup Toplant\u0131s\u0131\u2019ndaki \u00e7\u0131k\u0131\u015f\u0131 oldu","inLanguage":"tr","potentialAction":[{"@type":"ReadAction","target":["https:\/\/epochtimestr.com\/index.php\/ankarada-firtina-washingtonda-hesap"]}]},{"@type":"ImageObject","inLanguage":"tr","@id":"https:\/\/epochtimestr.com\/index.php\/ankarada-firtina-washingtonda-hesap#primaryimage","url":"https:\/\/epochtimestr.com\/wp-content\/uploads\/2011y\/Cavidan-Demirag-profil.png","contentUrl":"https:\/\/epochtimestr.com\/wp-content\/uploads\/2011y\/Cavidan-Demirag-profil.png","width":600,"height":600},{"@type":"WebSite","@id":"https:\/\/epochtimestr.com\/#website","url":"https:\/\/epochtimestr.com\/","name":"The Epoch Times TR","description":"De\u011fi\u015fen D\u00fcnyam\u0131za Taze Bir Bak\u0131\u015f","publisher":{"@id":"https:\/\/epochtimestr.com\/#organization"},"potentialAction":[{"@type":"SearchAction","target":{"@type":"EntryPoint","urlTemplate":"https:\/\/epochtimestr.com\/?s={search_term_string}"},"query-input":"required name=search_term_string"}],"inLanguage":"tr"},{"@type":"Organization","@id":"https:\/\/epochtimestr.com\/#organization","name":"The EpochTimes T\u00fcrkiye","url":"https:\/\/epochtimestr.com\/","logo":{"@type":"ImageObject","inLanguage":"tr","@id":"https:\/\/epochtimestr.com\/#\/schema\/logo\/image\/","url":"https:\/\/epochtimestr.com\/wp-content\/uploads\/2011y\/ET-Logo-YG.jpg","contentUrl":"https:\/\/epochtimestr.com\/wp-content\/uploads\/2011y\/ET-Logo-YG.jpg","width":346,"height":29,"caption":"The EpochTimes T\u00fcrkiye"},"image":{"@id":"https:\/\/epochtimestr.com\/#\/schema\/logo\/image\/"},"sameAs":["https:\/\/www.facebook.com\/theepochtimestr","https:\/\/x.com\/TheEpochTimesTR","https:\/\/www.instagram.com\/epochtimestr"]},{"@type":"Person","@id":"https:\/\/epochtimestr.com\/#\/schema\/person\/377b57f01575ae31163764e117103311","name":"Cavidan Demira\u011f","image":{"@type":"ImageObject","inLanguage":"tr","@id":"https:\/\/epochtimestr.com\/#\/schema\/person\/image\/","url":"https:\/\/secure.gravatar.com\/avatar\/88335e16332be91f54da6da4c1a97549?s=96&d=mm&r=g","contentUrl":"https:\/\/secure.gravatar.com\/avatar\/88335e16332be91f54da6da4c1a97549?s=96&d=mm&r=g","caption":"Cavidan Demira\u011f"},"url":"https:\/\/epochtimestr.com\/index.php\/author\/cavidan"}]}},"_links":{"self":[{"href":"https:\/\/epochtimestr.com\/index.php\/wp-json\/wp\/v2\/posts\/162710"}],"collection":[{"href":"https:\/\/epochtimestr.com\/index.php\/wp-json\/wp\/v2\/posts"}],"about":[{"href":"https:\/\/epochtimestr.com\/index.php\/wp-json\/wp\/v2\/types\/post"}],"author":[{"embeddable":true,"href":"https:\/\/epochtimestr.com\/index.php\/wp-json\/wp\/v2\/users\/13999"}],"replies":[{"embeddable":true,"href":"https:\/\/epochtimestr.com\/index.php\/wp-json\/wp\/v2\/comments?post=162710"}],"version-history":[{"count":5,"href":"https:\/\/epochtimestr.com\/index.php\/wp-json\/wp\/v2\/posts\/162710\/revisions"}],"predecessor-version":[{"id":162740,"href":"https:\/\/epochtimestr.com\/index.php\/wp-json\/wp\/v2\/posts\/162710\/revisions\/162740"}],"wp:featuredmedia":[{"embeddable":true,"href":"https:\/\/epochtimestr.com\/index.php\/wp-json\/wp\/v2\/media\/160423"}],"wp:attachment":[{"href":"https:\/\/epochtimestr.com\/index.php\/wp-json\/wp\/v2\/media?parent=162710"}],"wp:term":[{"taxonomy":"category","embeddable":true,"href":"https:\/\/epochtimestr.com\/index.php\/wp-json\/wp\/v2\/categories?post=162710"},{"taxonomy":"post_tag","embeddable":true,"href":"https:\/\/epochtimestr.com\/index.php\/wp-json\/wp\/v2\/tags?post=162710"}],"curies":[{"name":"wp","href":"https:\/\/api.w.org\/{rel}","templated":true}]}}