{"id":162831,"date":"2025-10-14T09:42:06","date_gmt":"2025-10-14T06:42:06","guid":{"rendered":"https:\/\/epochtimestr.com\/?p=162831"},"modified":"2025-10-14T12:51:16","modified_gmt":"2025-10-14T09:51:16","slug":"en-karanlik-saat-ve-churcillin-gelibolu-savasi-deneyimi","status":"publish","type":"post","link":"https:\/\/epochtimestr.com\/index.php\/en-karanlik-saat-ve-churcillin-gelibolu-savasi-deneyimi","title":{"rendered":"En Karanl\u0131k Saat ve Churcill&#8217;in Gelibolu Sava\u015f\u0131 Deneyimi"},"content":{"rendered":"\n<p>Churcill \u00f6nderli\u011findeki \u0130ngiltere&#8217;nin \u00c7anakkale\u2019de Mustafa Kemal Atat\u00fcrk komutas\u0131ndaki T\u00fcrk ordusu kar\u015f\u0131s\u0131nda bozguna u\u011framas\u0131ndan sonra, Hitlerin Avrupa&#8217;yi i\u015fgal etti\u011fi y\u0131llarda, \u0130ngilizler Fransa&#8217;n\u0131n yan\u0131nda yer alarak b\u00fcy\u00fck bir diren\u00e7 g\u00f6sterir.<\/p>\n\n\n\n<p>\u0130ngilizler, Gelibolu&#8217;da kaybettikleri imaj\u0131 Hitler kar\u015f\u0131s\u0131nda yeniden kazanmak isterler. \u0130ngilizlerin Avrupa&#8217;y\u0131 Hitler&#8217;den kurtarmas\u0131, hem B\u00fcy\u00fck Britanya i\u00e7in bir g\u00fc\u00e7 g\u00f6sterme, hem de yeni bir &#8220;\u0130ngiliz ulusu&#8221; bilincinin yeniden olu\u015fmas\u0131na neden olur.<\/p>\n\n\n\n<p><em>En Karanl\u0131k Saat<\/em> filmi, bu tarihsel \u00f6neme sahip olay\u0131 tam anlam\u0131yla m\u00fckemmel bir \u015fekilde beyaz perdede seyirciyle bulu\u015fturmu\u015f.<\/p>\n\n\n\n<p>\u201cEn Karanl\u0131k Saat\u201d (2017, Darkest Hour) filminde Gelibolu Sava\u015f\u0131\u2019na dolayl\u0131 ama g\u00fc\u00e7l\u00fc bir g\u00f6nderme vard\u0131r. Nas\u0131l olmas\u0131n ki, \u00c7anakkale Sava\u015f\u0131&#8217;n\u0131n tesiri Avrupa emperyalizmin ba\u015f\u0131n\u0131 d\u00f6nd\u00fcrm\u00fc\u015ft\u00fc.<\/p>\n\n\n\n<p>Filmde, Churchill karakterinin ve siyasi ge\u00e7mi\u015finin en k\u0131r\u0131lgan noktas\u0131na dokunulur. Churchill, filmin sonlar\u0131nda \u015f\u00f6yle der: &#8220;Fikrini de\u011fi\u015ftirmeyenler hi\u00e7bir \u015feyi de\u011fi\u015ftiremez.&#8221;<\/p>\n\n\n\n<p>Filmde\u00a0bir anlamda Churchill\u2019in Gelibolu deneyimi test edilir. \u0130ngiltere Parlamentosu ikiye b\u00f6l\u00fcn\u00fcr: Churchill&#8217;e g\u00fcvenenler ve g\u00fcvenmeyenler. Kraliyet ilk g\u00fcnlerde Churchill&#8217;e g\u00fcvenmese de, geli\u015fmeler en sonunda Churchill&#8217;in \u00fcst\u00fcn devlet insan\u0131 yetene\u011fini ortaya koyar. Kral Churchill&#8217;in aya\u011f\u0131na giderek O&#8217;na g\u00fcven duydu\u011funu ilan eder.<\/p>\n\n\n\n<p>Film, 1940 y\u0131l\u0131nda, II. D\u00fcnya Sava\u015f\u0131 s\u0131ras\u0131nda ge\u00e7er. Churchill, Nazi Almanyas\u0131 kar\u015f\u0131s\u0131nda teslimiyet mi yoksa direni\u015f mi politikas\u0131n\u0131 se\u00e7ece\u011fi bir d\u00f6nemdedir.<\/p>\n\n\n\n<p>Ancak arka planda, onun zihninde h\u00e2l\u00e2 Gelibolu yenilgisinin hayaleti dola\u015f\u0131r. \u00c7\u00fcnk\u00fc 1915\u2019te \u00c7anakkale Seferi\u2019nin fikir babas\u0131 bizzat Churchill\u2019di (o d\u00f6nemde Deniz Kuvvetleri Bakan\u0131yd\u0131). Bo\u011fazlar\u0131 donanmayla ge\u00e7ip Osmanl\u0131\u2019y\u0131 saf d\u0131\u015f\u0131 b\u0131rakma plan\u0131 onun stratejisiydi. Fakat sefer b\u00fcy\u00fck bir fiyasko ile sonu\u00e7land\u0131.<\/p>\n\n\n\n<p>Binlerce asker (\u00f6zellikle ANZAC birlikleri) \u00f6ld\u00fc ve Churchill istifa etmek zorunda kald\u0131. Bu olay, onun kariyerinde a\u011f\u0131r bir leke ve ulusal utan\u00e7 olarak kald\u0131. 1915\u2019te Churchill, \u0130ngiltere\u2019de gen\u00e7, parlak ve iddial\u0131 bir bakand\u0131. O d\u00f6nemdeki stratejisi \u201ccesur ve beklenmedik hamlelerle imparatorlu\u011fun g\u00fcc\u00fcn\u00fc g\u00f6stermek\u201dti. Gelibolu Plan\u0131 da bu mant\u0131ktan do\u011fdu:<\/p>\n\n\n\n<p>Osmanl\u0131\u2019n\u0131n zay\u0131f oldu\u011funu d\u00fc\u015f\u00fcnd\u00fc,<\/p>\n\n\n\n<p>Bo\u011fazlar\u0131 k\u0131sa s\u00fcrede ge\u00e7ebilece\u011fine inand\u0131,<\/p>\n\n\n\n<p>Sava\u015f\u0131n gidi\u015fat\u0131n\u0131 tek hamleyle de\u011fi\u015ftirmek istedi.<\/p>\n\n\n\n<p>Ama sonu\u00e7 tam tersiydi: Binlerce asker \u00f6ld\u00fc, \u0130tilaf g\u00fc\u00e7leri ba\u015far\u0131s\u0131z oldu, Churchill, hem g\u00f6revinden oldu hem de \u201ckatliam\u0131n mimar\u0131\u201d olarak damgaland\u0131. Bu deneyim, onun siyasi hayat\u0131nda ilk b\u00fcy\u00fck y\u0131k\u0131m oldu.<\/p>\n\n\n\n<p>Filmde, Churchill\u2019in karars\u0131z kald\u0131\u011f\u0131 anlarda bu ge\u00e7mi\u015f yenilgi s\u0131k s\u0131k ima edilir: Kabine \u00fcyeleri ve muhalifleri, onun \u201caskerleri \u00f6l\u00fcme g\u00f6nderen bir maceraperest\u201d oldu\u011funu hat\u0131rlat\u0131r. Bu su\u00e7lama do\u011frudan Gelibolu\u2019nun g\u00f6lgesidir. Churchill art\u0131k \u201cbir daha asla b\u00f6yle bir hata yapmamak\u201d kararl\u0131l\u0131\u011f\u0131yla hareket eder.<\/p>\n\n\n\n<p>Bu y\u00fczden Darkest Hour, yaln\u0131zca Hitler\u2019e kar\u015f\u0131 bir direni\u015f filmi de\u011fil, ayn\u0131 zamanda Churchill\u2019in kendi ge\u00e7mi\u015fiyle hesapla\u015fmas\u0131d\u0131r. Gelibolu Sava\u015f\u0131 filmde bir t\u00fcr travma metaforu gibidir: Churchill i\u00e7in \u201cakl\u0131n stratejisiyle gururun felaketi\u201d aras\u0131nda s\u0131k\u0131\u015fm\u0131\u015f bir deneyimdir.<\/p>\n\n\n\n<p>Churchill, 1940\u2019ta ise art\u0131k ayn\u0131 hatay\u0131 yapmamak i\u00e7in akl\u0131n\u0131, inanc\u0131n\u0131 ve hitabetini yeniden kurar. Yani filmdeki karanl\u0131k, sadece Hitler\u2019in tehdidi de\u011fil, Churchill\u2019in kendi ge\u00e7mi\u015finin karanl\u0131\u011f\u0131d\u0131r.<\/p>\n\n\n\n<p>Churchill, Gelibolu bozgununun ard\u0131ndan istifa ettikten sonra Bat\u0131 Cephesi\u2019ne gitti ve orada bir asker olarak sava\u015ft\u0131.<\/p>\n\n\n\n<p>Bu d\u00f6nem onun i\u00e7in bir t\u00fcr kendini ar\u0131nma s\u00fcreciydi. Burada \u015funu \u00f6\u011frendi: \u0130nsan hayat\u0131 stratejinin i\u00e7inde bir say\u0131 de\u011fildir. Sava\u015f, yaln\u0131zca ak\u0131l de\u011fil, vicdan ve dayan\u0131kl\u0131l\u0131k meselesidir. Zafer, \u201ch\u0131zl\u0131 kazanmak\u201d de\u011fil, uzun s\u00fcre dayanabilmekle m\u00fcmk\u00fcnd\u00fcr.<\/p>\n\n\n\n<p>Gelibolu\u2019nun yank\u0131s\u0131, onun insan olarak olgunla\u015fmas\u0131na ve siyasal olarak sertle\u015fmesine neden olmu\u015ftur.<\/p>\n\n\n\n<p>En Karanl\u0131k Saat filminde Gary Oldman&#8217;\u0131n kusursuz Churchill karakteri izlemeye de\u011fer.<\/p>\n","protected":false},"excerpt":{"rendered":"<p>Churcill \u00f6nderli\u011findeki \u0130ngiltere&#8217;nin \u00c7anakkale\u2019de Mustafa Kemal Atat\u00fcrk komutas\u0131ndaki T\u00fcrk ordusu kar\u015f\u0131s\u0131nda bozguna u\u011framas\u0131ndan sonra, Hitlerin Avrupa&#8217;yi i\u015fgal etti\u011fi y\u0131llarda, \u0130ngilizler Fransa&#8217;n\u0131n yan\u0131nda yer alarak b\u00fcy\u00fck bir diren\u00e7 g\u00f6sterir. \u0130ngilizler, Gelibolu&#8217;da kaybettikleri imaj\u0131 Hitler kar\u015f\u0131s\u0131nda yeniden kazanmak isterler. \u0130ngilizlerin Avrupa&#8217;y\u0131 Hitler&#8217;den kurtarmas\u0131, hem B\u00fcy\u00fck Britanya i\u00e7in bir g\u00fc\u00e7 g\u00f6sterme, hem de yeni bir &#8220;\u0130ngiliz ulusu&#8221; bilincinin [&hellip;]<\/p>\n","protected":false},"author":14004,"featured_media":162770,"comment_status":"open","ping_status":"open","sticky":false,"template":"","format":"standard","meta":{"_yoast_wpseo_focuskw":"Churchill - Gelibolu","_yoast_wpseo_title":"","_yoast_wpseo_metadesc":"\u201cEn Karanl\u0131k Saat\u201d (2017, Darkest Hour) filminde Gelibolu Sava\u015f\u0131\u2019na dolayl\u0131 ama g\u00fc\u00e7l\u00fc bir g\u00f6nderme vard\u0131r. Nas\u0131l olmas\u0131n ki..","_bbp_topic_count":0,"_bbp_reply_count":0,"_bbp_total_topic_count":0,"_bbp_total_reply_count":0,"_bbp_voice_count":0,"_bbp_anonymous_reply_count":0,"_bbp_topic_count_hidden":0,"_bbp_reply_count_hidden":0,"_bbp_forum_subforum_count":0,"footnotes":"","_yoast_wpseo_focuskw_text_input":""},"categories":[9659],"tags":[9687,9685,7553],"yoast_head":"<!-- This site is optimized with the Yoast SEO plugin v23.0 - https:\/\/yoast.com\/wordpress\/plugins\/seo\/ -->\n<title>En Karanl\u0131k Saat ve Churcill&#039;in Gelibolu Sava\u015f\u0131 Deneyimi - The Epoch Times TR<\/title>\n<meta name=\"description\" content=\"\u201cEn Karanl\u0131k Saat\u201d (2017, Darkest Hour) filminde Gelibolu Sava\u015f\u0131\u2019na dolayl\u0131 ama g\u00fc\u00e7l\u00fc bir g\u00f6nderme vard\u0131r. Nas\u0131l olmas\u0131n ki..\" \/>\n<meta name=\"robots\" content=\"index, follow, max-snippet:-1, max-image-preview:large, max-video-preview:-1\" \/>\n<link rel=\"canonical\" href=\"https:\/\/epochtimestr.com\/index.php\/en-karanlik-saat-ve-churcillin-gelibolu-savasi-deneyimi\" \/>\n<meta property=\"og:locale\" content=\"tr_TR\" \/>\n<meta property=\"og:type\" content=\"article\" \/>\n<meta property=\"og:title\" content=\"En Karanl\u0131k Saat ve Churcill&#039;in Gelibolu Sava\u015f\u0131 Deneyimi - The Epoch Times TR\" \/>\n<meta property=\"og:description\" content=\"\u201cEn Karanl\u0131k Saat\u201d (2017, Darkest Hour) filminde Gelibolu Sava\u015f\u0131\u2019na dolayl\u0131 ama g\u00fc\u00e7l\u00fc bir g\u00f6nderme vard\u0131r. Nas\u0131l olmas\u0131n ki..\" \/>\n<meta property=\"og:url\" content=\"https:\/\/epochtimestr.com\/index.php\/en-karanlik-saat-ve-churcillin-gelibolu-savasi-deneyimi\" \/>\n<meta property=\"og:site_name\" content=\"The Epoch Times TR\" \/>\n<meta property=\"article:publisher\" content=\"https:\/\/www.facebook.com\/theepochtimestr\" \/>\n<meta property=\"article:published_time\" content=\"2025-10-14T06:42:06+00:00\" \/>\n<meta property=\"article:modified_time\" content=\"2025-10-14T09:51:16+00:00\" \/>\n<meta property=\"og:image\" content=\"https:\/\/epochtimestr.com\/wp-content\/uploads\/2011y\/Kazim-Aldogan-SM-1.png\" \/>\n\t<meta property=\"og:image:width\" content=\"1200\" \/>\n\t<meta property=\"og:image:height\" content=\"630\" \/>\n\t<meta property=\"og:image:type\" content=\"image\/png\" \/>\n<meta name=\"author\" content=\"Kaz\u0131m Aldo\u011fan\" \/>\n<meta name=\"twitter:card\" content=\"summary_large_image\" \/>\n<meta name=\"twitter:creator\" content=\"@TheEpochTimesTR\" \/>\n<meta name=\"twitter:site\" content=\"@TheEpochTimesTR\" \/>\n<meta name=\"twitter:label1\" content=\"Yazan:\" \/>\n\t<meta name=\"twitter:data1\" content=\"Kaz\u0131m Aldo\u011fan\" \/>\n\t<meta name=\"twitter:label2\" content=\"Tahmini okuma s\u00fcresi\" \/>\n\t<meta name=\"twitter:data2\" content=\"4 dakika\" \/>\n<script type=\"application\/ld+json\" class=\"yoast-schema-graph\">{\"@context\":\"https:\/\/schema.org\",\"@graph\":[{\"@type\":\"Article\",\"@id\":\"https:\/\/epochtimestr.com\/index.php\/en-karanlik-saat-ve-churcillin-gelibolu-savasi-deneyimi#article\",\"isPartOf\":{\"@id\":\"https:\/\/epochtimestr.com\/index.php\/en-karanlik-saat-ve-churcillin-gelibolu-savasi-deneyimi\"},\"author\":{\"name\":\"Kaz\u0131m Aldo\u011fan\",\"@id\":\"https:\/\/epochtimestr.com\/#\/schema\/person\/8408d25a304f231fd06367d0b8858ff1\"},\"headline\":\"En Karanl\u0131k Saat ve Churcill&#8217;in Gelibolu Sava\u015f\u0131 Deneyimi\",\"datePublished\":\"2025-10-14T06:42:06+00:00\",\"dateModified\":\"2025-10-14T09:51:16+00:00\",\"mainEntityOfPage\":{\"@id\":\"https:\/\/epochtimestr.com\/index.php\/en-karanlik-saat-ve-churcillin-gelibolu-savasi-deneyimi\"},\"wordCount\":705,\"commentCount\":0,\"publisher\":{\"@id\":\"https:\/\/epochtimestr.com\/#organization\"},\"image\":{\"@id\":\"https:\/\/epochtimestr.com\/index.php\/en-karanlik-saat-ve-churcillin-gelibolu-savasi-deneyimi#primaryimage\"},\"thumbnailUrl\":\"https:\/\/epochtimestr.com\/wp-content\/uploads\/2011y\/Kazim-Aldogan-1.png\",\"keywords\":[\"Churchill\",\"En Karanl\u0131k Saat\",\"Gelibolu\"],\"articleSection\":[\"K\u00f6\u015fe Yaz\u0131lar\u0131 Kaz\u0131m Aldo\u011fan\"],\"inLanguage\":\"tr\",\"potentialAction\":[{\"@type\":\"CommentAction\",\"name\":\"Comment\",\"target\":[\"https:\/\/epochtimestr.com\/index.php\/en-karanlik-saat-ve-churcillin-gelibolu-savasi-deneyimi#respond\"]}]},{\"@type\":\"WebPage\",\"@id\":\"https:\/\/epochtimestr.com\/index.php\/en-karanlik-saat-ve-churcillin-gelibolu-savasi-deneyimi\",\"url\":\"https:\/\/epochtimestr.com\/index.php\/en-karanlik-saat-ve-churcillin-gelibolu-savasi-deneyimi\",\"name\":\"En Karanl\u0131k Saat ve Churcill'in Gelibolu Sava\u015f\u0131 Deneyimi - The Epoch Times TR\",\"isPartOf\":{\"@id\":\"https:\/\/epochtimestr.com\/#website\"},\"primaryImageOfPage\":{\"@id\":\"https:\/\/epochtimestr.com\/index.php\/en-karanlik-saat-ve-churcillin-gelibolu-savasi-deneyimi#primaryimage\"},\"image\":{\"@id\":\"https:\/\/epochtimestr.com\/index.php\/en-karanlik-saat-ve-churcillin-gelibolu-savasi-deneyimi#primaryimage\"},\"thumbnailUrl\":\"https:\/\/epochtimestr.com\/wp-content\/uploads\/2011y\/Kazim-Aldogan-1.png\",\"datePublished\":\"2025-10-14T06:42:06+00:00\",\"dateModified\":\"2025-10-14T09:51:16+00:00\",\"description\":\"\u201cEn Karanl\u0131k Saat\u201d (2017, Darkest Hour) filminde Gelibolu Sava\u015f\u0131\u2019na dolayl\u0131 ama g\u00fc\u00e7l\u00fc bir g\u00f6nderme vard\u0131r. Nas\u0131l olmas\u0131n ki..\",\"inLanguage\":\"tr\",\"potentialAction\":[{\"@type\":\"ReadAction\",\"target\":[\"https:\/\/epochtimestr.com\/index.php\/en-karanlik-saat-ve-churcillin-gelibolu-savasi-deneyimi\"]}]},{\"@type\":\"ImageObject\",\"inLanguage\":\"tr\",\"@id\":\"https:\/\/epochtimestr.com\/index.php\/en-karanlik-saat-ve-churcillin-gelibolu-savasi-deneyimi#primaryimage\",\"url\":\"https:\/\/epochtimestr.com\/wp-content\/uploads\/2011y\/Kazim-Aldogan-1.png\",\"contentUrl\":\"https:\/\/epochtimestr.com\/wp-content\/uploads\/2011y\/Kazim-Aldogan-1.png\",\"width\":600,\"height\":600},{\"@type\":\"WebSite\",\"@id\":\"https:\/\/epochtimestr.com\/#website\",\"url\":\"https:\/\/epochtimestr.com\/\",\"name\":\"The Epoch Times TR\",\"description\":\"De\u011fi\u015fen D\u00fcnyam\u0131za Taze Bir Bak\u0131\u015f\",\"publisher\":{\"@id\":\"https:\/\/epochtimestr.com\/#organization\"},\"potentialAction\":[{\"@type\":\"SearchAction\",\"target\":{\"@type\":\"EntryPoint\",\"urlTemplate\":\"https:\/\/epochtimestr.com\/?s={search_term_string}\"},\"query-input\":\"required name=search_term_string\"}],\"inLanguage\":\"tr\"},{\"@type\":\"Organization\",\"@id\":\"https:\/\/epochtimestr.com\/#organization\",\"name\":\"The EpochTimes T\u00fcrkiye\",\"url\":\"https:\/\/epochtimestr.com\/\",\"logo\":{\"@type\":\"ImageObject\",\"inLanguage\":\"tr\",\"@id\":\"https:\/\/epochtimestr.com\/#\/schema\/logo\/image\/\",\"url\":\"https:\/\/epochtimestr.com\/wp-content\/uploads\/2011y\/ET-Logo-YG.jpg\",\"contentUrl\":\"https:\/\/epochtimestr.com\/wp-content\/uploads\/2011y\/ET-Logo-YG.jpg\",\"width\":346,\"height\":29,\"caption\":\"The EpochTimes T\u00fcrkiye\"},\"image\":{\"@id\":\"https:\/\/epochtimestr.com\/#\/schema\/logo\/image\/\"},\"sameAs\":[\"https:\/\/www.facebook.com\/theepochtimestr\",\"https:\/\/x.com\/TheEpochTimesTR\",\"https:\/\/www.instagram.com\/epochtimestr\"]},{\"@type\":\"Person\",\"@id\":\"https:\/\/epochtimestr.com\/#\/schema\/person\/8408d25a304f231fd06367d0b8858ff1\",\"name\":\"Kaz\u0131m Aldo\u011fan\",\"image\":{\"@type\":\"ImageObject\",\"inLanguage\":\"tr\",\"@id\":\"https:\/\/epochtimestr.com\/#\/schema\/person\/image\/\",\"url\":\"https:\/\/secure.gravatar.com\/avatar\/e37e8deb9658eaea73e70ec8602b1fae?s=96&d=mm&r=g\",\"contentUrl\":\"https:\/\/secure.gravatar.com\/avatar\/e37e8deb9658eaea73e70ec8602b1fae?s=96&d=mm&r=g\",\"caption\":\"Kaz\u0131m Aldo\u011fan\"},\"url\":\"https:\/\/epochtimestr.com\/index.php\/author\/kazim\"}]}<\/script>\n<!-- \/ Yoast SEO plugin. -->","yoast_head_json":{"title":"En Karanl\u0131k Saat ve Churcill'in Gelibolu Sava\u015f\u0131 Deneyimi - The Epoch Times TR","description":"\u201cEn Karanl\u0131k Saat\u201d (2017, Darkest Hour) filminde Gelibolu Sava\u015f\u0131\u2019na dolayl\u0131 ama g\u00fc\u00e7l\u00fc bir g\u00f6nderme vard\u0131r. Nas\u0131l olmas\u0131n ki..","robots":{"index":"index","follow":"follow","max-snippet":"max-snippet:-1","max-image-preview":"max-image-preview:large","max-video-preview":"max-video-preview:-1"},"canonical":"https:\/\/epochtimestr.com\/index.php\/en-karanlik-saat-ve-churcillin-gelibolu-savasi-deneyimi","og_locale":"tr_TR","og_type":"article","og_title":"En Karanl\u0131k Saat ve Churcill'in Gelibolu Sava\u015f\u0131 Deneyimi - The Epoch Times TR","og_description":"\u201cEn Karanl\u0131k Saat\u201d (2017, Darkest Hour) filminde Gelibolu Sava\u015f\u0131\u2019na dolayl\u0131 ama g\u00fc\u00e7l\u00fc bir g\u00f6nderme vard\u0131r. Nas\u0131l olmas\u0131n ki..","og_url":"https:\/\/epochtimestr.com\/index.php\/en-karanlik-saat-ve-churcillin-gelibolu-savasi-deneyimi","og_site_name":"The Epoch Times TR","article_publisher":"https:\/\/www.facebook.com\/theepochtimestr","article_published_time":"2025-10-14T06:42:06+00:00","article_modified_time":"2025-10-14T09:51:16+00:00","og_image":[{"width":1200,"height":630,"url":"https:\/\/epochtimestr.com\/wp-content\/uploads\/2011y\/Kazim-Aldogan-SM-1.png","type":"image\/png"}],"author":"Kaz\u0131m Aldo\u011fan","twitter_card":"summary_large_image","twitter_creator":"@TheEpochTimesTR","twitter_site":"@TheEpochTimesTR","twitter_misc":{"Yazan:":"Kaz\u0131m Aldo\u011fan","Tahmini okuma s\u00fcresi":"4 dakika"},"schema":{"@context":"https:\/\/schema.org","@graph":[{"@type":"Article","@id":"https:\/\/epochtimestr.com\/index.php\/en-karanlik-saat-ve-churcillin-gelibolu-savasi-deneyimi#article","isPartOf":{"@id":"https:\/\/epochtimestr.com\/index.php\/en-karanlik-saat-ve-churcillin-gelibolu-savasi-deneyimi"},"author":{"name":"Kaz\u0131m Aldo\u011fan","@id":"https:\/\/epochtimestr.com\/#\/schema\/person\/8408d25a304f231fd06367d0b8858ff1"},"headline":"En Karanl\u0131k Saat ve Churcill&#8217;in Gelibolu Sava\u015f\u0131 Deneyimi","datePublished":"2025-10-14T06:42:06+00:00","dateModified":"2025-10-14T09:51:16+00:00","mainEntityOfPage":{"@id":"https:\/\/epochtimestr.com\/index.php\/en-karanlik-saat-ve-churcillin-gelibolu-savasi-deneyimi"},"wordCount":705,"commentCount":0,"publisher":{"@id":"https:\/\/epochtimestr.com\/#organization"},"image":{"@id":"https:\/\/epochtimestr.com\/index.php\/en-karanlik-saat-ve-churcillin-gelibolu-savasi-deneyimi#primaryimage"},"thumbnailUrl":"https:\/\/epochtimestr.com\/wp-content\/uploads\/2011y\/Kazim-Aldogan-1.png","keywords":["Churchill","En Karanl\u0131k Saat","Gelibolu"],"articleSection":["K\u00f6\u015fe Yaz\u0131lar\u0131 Kaz\u0131m Aldo\u011fan"],"inLanguage":"tr","potentialAction":[{"@type":"CommentAction","name":"Comment","target":["https:\/\/epochtimestr.com\/index.php\/en-karanlik-saat-ve-churcillin-gelibolu-savasi-deneyimi#respond"]}]},{"@type":"WebPage","@id":"https:\/\/epochtimestr.com\/index.php\/en-karanlik-saat-ve-churcillin-gelibolu-savasi-deneyimi","url":"https:\/\/epochtimestr.com\/index.php\/en-karanlik-saat-ve-churcillin-gelibolu-savasi-deneyimi","name":"En Karanl\u0131k Saat ve Churcill'in Gelibolu Sava\u015f\u0131 Deneyimi - The Epoch Times TR","isPartOf":{"@id":"https:\/\/epochtimestr.com\/#website"},"primaryImageOfPage":{"@id":"https:\/\/epochtimestr.com\/index.php\/en-karanlik-saat-ve-churcillin-gelibolu-savasi-deneyimi#primaryimage"},"image":{"@id":"https:\/\/epochtimestr.com\/index.php\/en-karanlik-saat-ve-churcillin-gelibolu-savasi-deneyimi#primaryimage"},"thumbnailUrl":"https:\/\/epochtimestr.com\/wp-content\/uploads\/2011y\/Kazim-Aldogan-1.png","datePublished":"2025-10-14T06:42:06+00:00","dateModified":"2025-10-14T09:51:16+00:00","description":"\u201cEn Karanl\u0131k Saat\u201d (2017, Darkest Hour) filminde Gelibolu Sava\u015f\u0131\u2019na dolayl\u0131 ama g\u00fc\u00e7l\u00fc bir g\u00f6nderme vard\u0131r. Nas\u0131l olmas\u0131n ki..","inLanguage":"tr","potentialAction":[{"@type":"ReadAction","target":["https:\/\/epochtimestr.com\/index.php\/en-karanlik-saat-ve-churcillin-gelibolu-savasi-deneyimi"]}]},{"@type":"ImageObject","inLanguage":"tr","@id":"https:\/\/epochtimestr.com\/index.php\/en-karanlik-saat-ve-churcillin-gelibolu-savasi-deneyimi#primaryimage","url":"https:\/\/epochtimestr.com\/wp-content\/uploads\/2011y\/Kazim-Aldogan-1.png","contentUrl":"https:\/\/epochtimestr.com\/wp-content\/uploads\/2011y\/Kazim-Aldogan-1.png","width":600,"height":600},{"@type":"WebSite","@id":"https:\/\/epochtimestr.com\/#website","url":"https:\/\/epochtimestr.com\/","name":"The Epoch Times TR","description":"De\u011fi\u015fen D\u00fcnyam\u0131za Taze Bir Bak\u0131\u015f","publisher":{"@id":"https:\/\/epochtimestr.com\/#organization"},"potentialAction":[{"@type":"SearchAction","target":{"@type":"EntryPoint","urlTemplate":"https:\/\/epochtimestr.com\/?s={search_term_string}"},"query-input":"required name=search_term_string"}],"inLanguage":"tr"},{"@type":"Organization","@id":"https:\/\/epochtimestr.com\/#organization","name":"The EpochTimes T\u00fcrkiye","url":"https:\/\/epochtimestr.com\/","logo":{"@type":"ImageObject","inLanguage":"tr","@id":"https:\/\/epochtimestr.com\/#\/schema\/logo\/image\/","url":"https:\/\/epochtimestr.com\/wp-content\/uploads\/2011y\/ET-Logo-YG.jpg","contentUrl":"https:\/\/epochtimestr.com\/wp-content\/uploads\/2011y\/ET-Logo-YG.jpg","width":346,"height":29,"caption":"The EpochTimes T\u00fcrkiye"},"image":{"@id":"https:\/\/epochtimestr.com\/#\/schema\/logo\/image\/"},"sameAs":["https:\/\/www.facebook.com\/theepochtimestr","https:\/\/x.com\/TheEpochTimesTR","https:\/\/www.instagram.com\/epochtimestr"]},{"@type":"Person","@id":"https:\/\/epochtimestr.com\/#\/schema\/person\/8408d25a304f231fd06367d0b8858ff1","name":"Kaz\u0131m Aldo\u011fan","image":{"@type":"ImageObject","inLanguage":"tr","@id":"https:\/\/epochtimestr.com\/#\/schema\/person\/image\/","url":"https:\/\/secure.gravatar.com\/avatar\/e37e8deb9658eaea73e70ec8602b1fae?s=96&d=mm&r=g","contentUrl":"https:\/\/secure.gravatar.com\/avatar\/e37e8deb9658eaea73e70ec8602b1fae?s=96&d=mm&r=g","caption":"Kaz\u0131m Aldo\u011fan"},"url":"https:\/\/epochtimestr.com\/index.php\/author\/kazim"}]}},"_links":{"self":[{"href":"https:\/\/epochtimestr.com\/index.php\/wp-json\/wp\/v2\/posts\/162831"}],"collection":[{"href":"https:\/\/epochtimestr.com\/index.php\/wp-json\/wp\/v2\/posts"}],"about":[{"href":"https:\/\/epochtimestr.com\/index.php\/wp-json\/wp\/v2\/types\/post"}],"author":[{"embeddable":true,"href":"https:\/\/epochtimestr.com\/index.php\/wp-json\/wp\/v2\/users\/14004"}],"replies":[{"embeddable":true,"href":"https:\/\/epochtimestr.com\/index.php\/wp-json\/wp\/v2\/comments?post=162831"}],"version-history":[{"count":3,"href":"https:\/\/epochtimestr.com\/index.php\/wp-json\/wp\/v2\/posts\/162831\/revisions"}],"predecessor-version":[{"id":162845,"href":"https:\/\/epochtimestr.com\/index.php\/wp-json\/wp\/v2\/posts\/162831\/revisions\/162845"}],"wp:featuredmedia":[{"embeddable":true,"href":"https:\/\/epochtimestr.com\/index.php\/wp-json\/wp\/v2\/media\/162770"}],"wp:attachment":[{"href":"https:\/\/epochtimestr.com\/index.php\/wp-json\/wp\/v2\/media?parent=162831"}],"wp:term":[{"taxonomy":"category","embeddable":true,"href":"https:\/\/epochtimestr.com\/index.php\/wp-json\/wp\/v2\/categories?post=162831"},{"taxonomy":"post_tag","embeddable":true,"href":"https:\/\/epochtimestr.com\/index.php\/wp-json\/wp\/v2\/tags?post=162831"}],"curies":[{"name":"wp","href":"https:\/\/api.w.org\/{rel}","templated":true}]}}