{"id":162886,"date":"2025-10-16T16:26:13","date_gmt":"2025-10-16T13:26:13","guid":{"rendered":"https:\/\/epochtimestr.com\/?p=162886"},"modified":"2025-10-18T09:10:22","modified_gmt":"2025-10-18T06:10:22","slug":"battal-gazinin-ketayunla-macerasi-mersinde-mi-yasandi","status":"publish","type":"post","link":"https:\/\/epochtimestr.com\/index.php\/battal-gazinin-ketayunla-macerasi-mersinde-mi-yasandi","title":{"rendered":"Battal Gazi\u2019nin Ketay\u00fbn\u2019la Maceras\u0131 Mersin\u2019de Mi Ya\u015fand\u0131?"},"content":{"rendered":"<div class=\"wp-block-image\">\n<figure class=\"aligncenter size-full is-resized\"><img loading=\"lazy\" decoding=\"async\" width=\"1280\" height=\"780\" src=\"https:\/\/epochtimestr.com\/wp-content\/uploads\/2011y\/Korykos_-_Kizkalesi.jpg\" alt=\"\" class=\"wp-image-162887\" style=\"width:918px;height:auto\" srcset=\"https:\/\/epochtimestr.com\/wp-content\/uploads\/2011y\/Korykos_-_Kizkalesi.jpg 1280w, https:\/\/epochtimestr.com\/wp-content\/uploads\/2011y\/Korykos_-_Kizkalesi-300x183.jpg 300w, https:\/\/epochtimestr.com\/wp-content\/uploads\/2011y\/Korykos_-_Kizkalesi-150x91.jpg 150w, https:\/\/epochtimestr.com\/wp-content\/uploads\/2011y\/Korykos_-_Kizkalesi-768x468.jpg 768w\" sizes=\"(max-width: 1280px) 100vw, 1280px\" \/><figcaption class=\"wp-element-caption\">Battal Gazi efsanesinde ge\u00e7en denizdeki kale Mersin K\u0131zkalesi&#8217;ni anlat\u0131yor gibidir. (Foto\u011fraf: Wikipedia)<\/figcaption><\/figure><\/div>\n\n\n<p>G\u00fcn\u00fcm\u00fczde Bizans Kayseri&#8217;nin k\u0131z karde\u015fi Ketay\u00fbn\u2019un ya\u015fad\u0131\u011f\u0131 kalenin ve Battal Gazi\u2019nin at\u0131ld\u0131\u011f\u0131 cehennem \u00e7ukurunun nerede oldu\u011fu bilinmemektedir. Bu konuyu ara\u015ft\u0131rd\u0131\u011f\u0131m\u0131zda bu b\u00f6lgenin Mersin ilinde yer alan K\u0131zkalesi ve Cennet-Cehennem \u00e7ukurlar\u0131 olma ihtimalini destekleyen \u00e7ok say\u0131da veri kar\u015f\u0131m\u0131za \u00e7\u0131kmaktad\u0131r.<\/p>\n\n\n\n<h3 class=\"wp-block-heading\">Battal Gazi Destan\u0131 Kitab\u0131n\u0131n 248 Ve 249. Sayfas\u0131ndaki Kale-\u0130 Kevakip \u0130le \u0130lgili B\u00f6l\u00fcm<\/h3>\n\n\n\n<p>Adn-\u0131 Banu, e\u015fi Mehpeyruz\u2019un \u00f6l\u00fcm\u00fcne \u00fcz\u00fclen Battal Gazi\u2019ye; \u201cEy \u00e2lemin sultan\u0131 hi\u00e7 \u00fcz\u00fclme. Mehpeyruz\u2019un bir k\u0131z karde\u015fi var. Ad\u0131na Ketay\u00fbn derler. D\u00fcnyada bir benzeri daha yoktur. Onu ikna edip size e\u015f yapal\u0131m&#8230; Kale-i Kevakip derler, deniz i\u00e7indedir. Kayser sizin korkunuzdan Ketay\u00fbn\u2019u oraya iletip koydu. Bin ki\u015fi de bek\u00e7i koydu. Ketay\u00fbn\u2019u onlar beklerler.\u201d dedi.<\/p>\n\n\n\n<p>Seyit Hazret (Battal Gazi); \u201cYa Adn-\u0131 Banu \u015fimdi sen beni oraya iletir misin?\u201d dedi&#8230; Hemen atlara binip yola \u00e7\u0131kt\u0131lar, deniz kenar\u0131na geldiler. Orada bir harap kale var idi. Atlar\u0131n\u0131 orada b\u0131rakt\u0131lar. Bir kay\u0131k bulup bindiler ve denizdeki kaleye eri\u015ftiler&#8230; Ketay\u00fbn\u2019u ka\u00e7\u0131r\u0131p Battal Gazi ile evlili\u011fe ikna etmeye \u00e7al\u0131\u015ft\u0131lar&#8230;<\/p>\n\n\n\n<p>\u0130lgili metinde Ketayun\u2019un, denizdeki bir kalede ya\u015fad\u0131\u011f\u0131 ve bu kaleye Kale-i Kevakip dendi\u011fi bahsi ge\u00e7mektedir. Denizdeki bu kalenin haricinde bir de k\u0131y\u0131da kale oldu\u011fundan bahsedilmektedir. T\u0131pk\u0131 Mersin\u2019in Erdemli il\u00e7esinde bulunan K\u0131zkalesi ve k\u0131y\u0131daki Korykos Kalesi gibi&#8230; Mersin\u2019de bulunan bu iki kale ve birbirlerine olan konumlar\u0131, destandaki kaleler ve konumlar\u0131 ile uyu\u015fmaktad\u0131r.<\/p>\n\n\n<div class=\"wp-block-image\">\n<figure class=\"aligncenter size-full\"><img loading=\"lazy\" decoding=\"async\" width=\"604\" height=\"199\" src=\"https:\/\/epochtimestr.com\/wp-content\/uploads\/2011y\/Korykos.png\" alt=\"\" class=\"wp-image-162888\" srcset=\"https:\/\/epochtimestr.com\/wp-content\/uploads\/2011y\/Korykos.png 604w, https:\/\/epochtimestr.com\/wp-content\/uploads\/2011y\/Korykos-300x99.png 300w, https:\/\/epochtimestr.com\/wp-content\/uploads\/2011y\/Korykos-150x49.png 150w\" sizes=\"(max-width: 604px) 100vw, 604px\" \/><\/figure><\/div>\n\n\n<p><strong>K\u0131zkalesi Efsanesi<\/strong><\/p>\n\n\n\n<p>Korykos kral\u0131, bir \u00e7ocu\u011funun olmas\u0131 i\u00e7in s\u00fcrekli dua edermi\u015f. Sonunda dile\u011fi kabul olmu\u015f ve bir k\u0131z\u0131 olmu\u015f. Kral\u0131n k\u0131z\u0131 b\u00fcy\u00fcd\u00fck\u00e7e g\u00fczelle\u015fmi\u015f. \u00dcn\u00fcn\u00fc duyan krallar, prensler onunla evlenmek istemi\u015f.<\/p>\n\n\n\n<p>Bir g\u00fcn Korykos kentine bir k\u00e2hin kral taraf\u0131ndan saraya davet edilmi\u015f. K\u00e2hin kral\u0131n k\u0131z\u0131n\u0131 g\u00f6r\u00fcnce birden irkilmi\u015f. Kral k\u00e2hine ne oldu\u011funu sorarak s\u00f6ylemeye zorlay\u0131nca, \u201cK\u0131z\u0131n\u0131z\u0131 bir y\u0131lan sokacak ve \u00f6lecek. Bu yazg\u0131y\u0131 kimse bozamayacak ve engel olamayacaks\u0131n\u0131z\u201d diye yan\u0131tlam\u0131\u015f.<\/p>\n\n\n\n<p>Kral bunun \u00fczerine Korykos Kalesi\u2019nin kar\u015f\u0131s\u0131nda k\u0131y\u0131ya yak\u0131n k\u00fc\u00e7\u00fck adac\u0131\u011fa bir kale yapt\u0131rm\u0131\u015f. Yan\u0131na hizmet\u00e7iler vererek k\u0131z\u0131n\u0131 bu kaleye kapatm\u0131\u015f. K\u0131z\u0131n can\u0131 bir g\u00fcn \u00fcz\u00fcm\u00fc \u00e7ekince saraydan g\u00f6nderilen sepet i\u00e7inden bulunan bir y\u0131lan \u00e7\u0131karak onu sokmu\u015f ve k\u0131z da k\u0131sa bir s\u00fcre sonra \u00f6lm\u00fc\u015f&#8230;<\/p>\n\n\n\n<p>K\u0131zkalesi\u2019nin efsanesi, \u0130stanbul\u2019daki \u201cK\u0131z Kulesi\u201dnin efsanesiyle ayn\u0131d\u0131r. Belki de K\u0131z Kulesi\u2019nin efsanesinden esinlenilerek bu hik\u00e2ye Mersin\u2019deki \u201cK\u0131zkalesi\u201dne de yak\u0131\u015ft\u0131r\u0131lm\u0131\u015ft\u0131r. Battal Gazi\u2019nin Ketay\u00fbn\u2019u ka\u00e7\u0131rd\u0131\u011f\u0131 kalenin \u0130stanbul\u2019daki K\u0131z Kulesi oldu\u011fu d\u00fc\u015f\u00fcn\u00fclerek, destandaki bu hik\u00e2ye de \u201cK\u0131z Kulesi efsanelerine eklenmi\u015ftir. Ancak; K\u0131z Kulesi&#8217;ne 1.000 asker s\u0131\u011fmayaca\u011f\u0131 i\u00e7in, Ketay\u00fbn\u2019un ya\u015fad\u0131\u011f\u0131 kalenin Mersin\u2019deki K\u0131zkalesi olma ihtimali daha y\u00fcksektir.<\/p>\n\n\n\n<p>Ketay\u00fbn, Bizans Kayseri\u2019nin (Bizans \u0130mparatoru III. Leon\u2019un) k\u0131z\u0131d\u0131r. III. Leon\u2019un; Kosmo, \u0130rini, Anna ad\u0131nda \u00fc\u00e7 k\u0131z\u0131 ve Konstantinos ad\u0131nda bir o\u011flu vard\u0131r. III. Leon\u2019un k\u0131z\u0131 Kosmo\u2019nun ad\u0131 Battal Gazi destan\u0131nda Ketay\u00fbn olarak ge\u00e7mektedir.<\/p>\n\n\n\n<p>Ketay\u00fbn\u2019un ya\u015fad\u0131\u011f\u0131 deniz i\u00e7erisinde in\u015fa edilmi\u015f olan kalenin ismi destanda \u201cKale-i Kevakip\u201d olarak ge\u00e7mektedir. \u201cKevakip\u201d Osmanl\u0131cada y\u0131ld\u0131zlar, gezegenler evren\/kozmos anlam\u0131na gelmektedir. Dolay\u0131s\u0131yla Kale-i Kevakip, KOSMO\u2019NUN (yani Ketay\u00fbn\u2019un) KALES\u0130 anlam\u0131na geliyor.<\/p>\n\n\n\n<p>Ayr\u0131ca; Ketay\u00fbn\u2019un (Kosmo\u2019nun) babas\u0131 III. Leon, \u0130SAURA hanedanl\u0131\u011f\u0131 soyundan gelmektedir&#8230; \u0130saura antik kenti, Toros Da\u011f\u0131\u2019nda, g\u00fcn\u00fcm\u00fczde Zengibar Kalesi\u2019nin bulundu\u011fu b\u00f6lgede kurulmu\u015ftur. Fakat hanedanl\u0131\u011f\u0131n h\u00fckmetti\u011fi alan\u0131n nereye kadar yay\u0131ld\u0131\u011f\u0131 bilinmemektedir. Mersin\u2019in Erdemli il\u00e7esinde yer alan \u201cK\u0131zkalesi\u201dnin bu hanedanl\u0131\u011f\u0131n s\u0131n\u0131rlar\u0131 i\u00e7erisinde yer al\u0131yor olmas\u0131 ihtimaller aras\u0131ndad\u0131r.<\/p>\n\n\n\n<p>\u0130saura antik kentinin hanedanlar\u0131 zaman i\u00e7erisinde Bizans \u0130mparatoru olarak varl\u0131klar\u0131n\u0131 s\u00fcrd\u00fcrm\u00fc\u015ft\u00fcr. III. Leon da bunlardan birisidir ve onun \u00f6l\u00fcm\u00fcnden sonra Bizans taht\u0131na o\u011flu V. Konstantinos ge\u00e7mi\u015ftir. Bu nedenle, V. Konstantinos Bizans kayserli\u011fi yaparken k\u0131z karde\u015fi Kosmo da \u0130saura ve K\u0131zkalesi b\u00f6lgesini y\u00f6netmi\u015f olabilir.<\/p>\n\n\n<div class=\"wp-block-image\">\n<figure class=\"aligncenter size-full\"><img loading=\"lazy\" decoding=\"async\" width=\"879\" height=\"495\" src=\"https:\/\/epochtimestr.com\/wp-content\/uploads\/2011y\/Isaura.png\" alt=\"\" class=\"wp-image-162889\" srcset=\"https:\/\/epochtimestr.com\/wp-content\/uploads\/2011y\/Isaura.png 879w, https:\/\/epochtimestr.com\/wp-content\/uploads\/2011y\/Isaura-300x169.png 300w, https:\/\/epochtimestr.com\/wp-content\/uploads\/2011y\/Isaura-150x84.png 150w, https:\/\/epochtimestr.com\/wp-content\/uploads\/2011y\/Isaura-768x432.png 768w\" sizes=\"(max-width: 879px) 100vw, 879px\" \/><\/figure><\/div>\n\n\n<h3 class=\"wp-block-heading\">Battal Gazi Destan\u0131 Kitab\u0131n\u0131n 252. Sayfas\u0131ndaki Turun\u00e7 Meyvesi \u0130le \u0130lgili B\u00f6l\u00fcm<\/h3>\n\n\n\n<p>Adn-\u0131 Banu ve Bedrun d\u0131\u015far\u0131 \u00e7\u0131kt\u0131lar. Battal Gazi, Ketay\u00fbn ile i\u00e7erde kald\u0131. Ketay\u00fbn yaln\u0131z kal\u0131nca e\u015fyalar\u0131 aras\u0131ndan bir Turun\u00e7 \u00e7\u0131kard\u0131 ve getirip Seyid\u2019&#8217;e (Battal Gazi\u2019ye) verdi. \u201cHer ne zaman ac\u0131k\u0131rsan veyahut susarsan bu m\u00fcbare\u011fi burnuna tut.\u201d dedi&#8230; Turunca t\u0131ls\u0131m ile okunmu\u015f idi. Seyid Battal al\u0131p koklay\u0131nca akl\u0131 ba\u015f\u0131ndan gitti ve bay\u0131ld\u0131&#8230; Ketay\u00fbn ka\u00e7t\u0131&#8230; Daha sonra askerleriyle gelip Battal Gazi\u2019yi esir ald\u0131&#8230;\u201d<\/p>\n\n\n\n<p>\u0130lgili metinde; Ketay\u00fbn, kendisini ka\u00e7\u0131ran Battal Gazi\u2019yi kand\u0131rarak \u201ct\u0131ls\u0131mla okunmu\u015f, b\u00fcy\u00fcl\u00fc bir turun\u00e7\u201d koklatt\u0131\u011f\u0131 bahsi ge\u00e7iyor&#8230; Turun\u00e7, Akdeniz b\u00f6lgesinde yeti\u015fen (Turun\u00e7gillerden) bir a\u011fa\u00e7 t\u00fcr\u00fcd\u00fcr. Turuncun efsanede ge\u00e7mesi, olaylar\u0131n ya\u015fand\u0131\u011f\u0131 b\u00f6lgenin Akdeniz sahili olma ihtimalini desteklemektedir.<\/p>\n\n\n\n<p><strong>Battal Gazi Destan\u0131 Kitab\u0131n\u0131n 255 ve 256. Sayfas\u0131ndaki Cehennem \u00c7ukuru ve Erces Da\u011f\u0131 \u0130le \u0130lgili B\u00f6l\u00fcm<\/strong><\/p>\n\n\n\n<p>Turun\u00e7 Battal Gazi\u2019yi bay\u0131lt\u0131nca onu ba\u011flad\u0131lar. G\u00f6t\u00fcr\u00fcp Bizans Kayseri&#8217;ne teslim ettiler. &nbsp;Kayser, Battal Gazi\u2019nin boynunun vurulmas\u0131n\u0131 emretti&#8230; Kayser&#8217;in veziri Yemliha, kaysere hitaben; \u201cDaha \u00f6nce Battal Gazi\u2019yi zehirlediler, \u00f6lmedi. Ate\u015fe att\u0131lar \u00f6lmedi. Bu \u015fimdi yine \u00f6lmez, tekrar kar\u015f\u0131m\u0131za \u00e7\u0131kar&#8230; Erces da\u011f\u0131nda bir \u00e7ukur vard\u0131r. Ad\u0131na cehennem \u00e7ukuru derler. Battal\u2019\u0131 o \u00e7ukura atal\u0131m&#8230; Ata\u2019n\u0131n zaman\u0131nda bunun gibi bir daha yeniden dirilmi\u015f vard\u0131. \u00c7ok kere \u00f6ld\u00fcrd\u00fcler, yine dirildi. Vard\u0131lar o kuyuya b\u0131rakt\u0131lar. \u00c2lem onun fitnesinden kurtulmu\u015f oldu&#8230; (Ata\u2019n\u0131n zaman\u0131ndaki dedi\u011fi, muhtemelen Yunan mitolojisindeki konu olabilir.)<\/p>\n\n\n\n<p><strong>Yunan mitolojisinde Zeus&#8217;un Typhon&#8217;u Cehennem \u00c7ukuru&#8217;na hapsetmesi <\/strong><\/p>\n\n\n\n<p>Yunan Mitolojisine g\u00f6re Zeus alevler kusan y\u00fcz ba\u015fl\u0131 ejderhay\u0131 (Typhon\u2019u) kavgada yendikten sonra onu Etna yanarda\u011f\u0131n\u0131n alt\u0131na sonsuza dek kapatmadan \u00f6nce bir s\u00fcre Cehennem \u00c7ukuru&#8217;nda hapseder.<\/p>\n\n\n\n<p>\u0130lgili metinde; Ketay\u00fbn\u2019un esir ald\u0131\u011f\u0131 Battal Gazi\u2019nin, Erces Da\u011f\u0131\u2019nda bulunan ve ad\u0131na \u201cCehennem \u00c7ukuru\u201d denen bir \u00e7ukura at\u0131ld\u0131\u011f\u0131ndan bahsediliyor&#8230; Mersin\u2019in Erdemli il\u00e7esinde (K\u0131zkalesi sahiline 5 km. mesafede), \u201cCennet\u2013Cehennem \u00c7ukurlar\u0131\u201d olarak bilinen iki obruk vard\u0131r. \u201cCennet \u00e7ukuru\u201d, i\u00e7erisine merdivenle inilebilen bir yerdir ancak, yakla\u015f\u0131k 110 metre derinli\u011fe sahip olan \u201cCehennem \u00c7ukuru\u201dnda bu imk\u00e2n yoktur.<\/p>\n\n\n<div class=\"wp-block-image\">\n<figure class=\"aligncenter size-full\"><img loading=\"lazy\" decoding=\"async\" width=\"640\" height=\"421\" src=\"https:\/\/epochtimestr.com\/wp-content\/uploads\/2011y\/Cennet-Cehennem.png\" alt=\"\" class=\"wp-image-162890\" srcset=\"https:\/\/epochtimestr.com\/wp-content\/uploads\/2011y\/Cennet-Cehennem.png 640w, https:\/\/epochtimestr.com\/wp-content\/uploads\/2011y\/Cennet-Cehennem-300x197.png 300w, https:\/\/epochtimestr.com\/wp-content\/uploads\/2011y\/Cennet-Cehennem-150x99.png 150w\" sizes=\"(max-width: 640px) 100vw, 640px\" \/><\/figure><\/div>\n\n\n<p>Battal Gazi\u2019nin at\u0131ld\u0131\u011f\u0131 \u00e7ukur, i\u00e7inden \u00e7\u0131k\u0131lmas\u0131 m\u00fcmk\u00fcn olmayan \u201cCehennem \u00c7ukuru\u201d ad\u0131 verilen obruk olmal\u0131d\u0131r&#8230; Destanda bahsi ge\u00e7en \u201cCehennem \u00c7ukuru\u201dnun etraf\u0131nda herhangi bir yerle\u015fimden bahsedilmemektedir. Bu \u00e7ukurun 18 km do\u011fusunda bulunan Kanl\u0131 Divane \u00f6ren yerinde bu \u00e7ukurla ayn\u0131 \u00f6zelli\u011fe sahip olan ba\u015fka bir \u00e7ukur daha vard\u0131r&#8230; Kanl\u0131 Divane\u2019deki \u00e7ukurun kenar\u0131nda bir saray kal\u0131nt\u0131s\u0131 bulundu\u011fu i\u00e7in, Battal Gazi Destan\u0131\u2019nda bahsi ge\u00e7en \u00e7ukurun Kanl\u0131 Divane\u2019deki \u00e7ukur olmad\u0131\u011f\u0131 anla\u015f\u0131lmaktad\u0131r.<\/p>\n\n\n<div class=\"wp-block-image\">\n<figure class=\"aligncenter size-full\"><img loading=\"lazy\" decoding=\"async\" width=\"708\" height=\"469\" src=\"https:\/\/epochtimestr.com\/wp-content\/uploads\/2011y\/Kanli-divane.png\" alt=\"\" class=\"wp-image-162891\" srcset=\"https:\/\/epochtimestr.com\/wp-content\/uploads\/2011y\/Kanli-divane.png 708w, https:\/\/epochtimestr.com\/wp-content\/uploads\/2011y\/Kanli-divane-300x199.png 300w, https:\/\/epochtimestr.com\/wp-content\/uploads\/2011y\/Kanli-divane-150x99.png 150w\" sizes=\"(max-width: 708px) 100vw, 708px\" \/><figcaption class=\"wp-element-caption\">Mersin Kanl\u0131divane<\/figcaption><\/figure><\/div>\n\n\n<p>Destandaki anlat\u0131ma g\u00f6re Battal Gazinin at\u0131ld\u0131\u011f\u0131 \u00e7ukur \u201cERCES\u201d da\u011f\u0131ndad\u0131r. G\u00fcn\u00fcm\u00fczde K\u0131zkalesi co\u011frafyas\u0131nda Erces ad\u0131nda bir b\u00f6lge bulunmamaktad\u0131r ancak, Korykos antik kentine Gorges de dendi\u011fi bilinmektedir. Herodot, bu kenti \u201cGorges\u201d ad\u0131nda K\u0131br\u0131sl\u0131 bir prensin kurdu\u011funu yazar. Gorges ad\u0131, Battal Gazi destan\u0131nda Erces olarak zikredilmi\u015f olabilir.<\/p>\n\n\n\n<h3 class=\"wp-block-heading\">Battal Gazi Destan\u0131 Kitab\u0131n\u0131n 258, 259 Ve 260. Sayfalar\u0131ndaki \u015eahmeran \u0130le \u0130lgili B\u00f6l\u00fcmler<\/h3>\n\n\n\n<p>Battal Gazi, cehennem \u00e7ukurunda ya\u015fad\u0131klar\u0131n\u0131 \u015f\u00f6yle anlat\u0131r; \u201cSonra g\u00f6rd\u00fcm ki bir ejderha \u00e7\u0131kageldi. Arkas\u0131nda bir k\u00fc\u00e7\u00fck y\u0131lan vard\u0131. Alaca ba\u015fl\u0131yd\u0131 ve ye\u015fil z\u00fcmr\u00fcde benziyordu. Sa\u011f\u0131nda ve solundaki y\u0131lanlar onu ortaya alm\u0131\u015flar, geliyorlar&#8230; Yan\u0131ma gelip durdular. Ortalar\u0131ndaki o y\u0131lan gelip izzetle ve ikramla bana selam verdi. \u201cHo\u015f geldin Battal Gazi. Hi\u00e7 \u00fcz\u00fclme&#8230; Daha nice acayip ve garip \u015feyler g\u00f6receksin&#8230; Benim ad\u0131m Yemliha\u2019d\u0131r. Lakab\u0131ma \u015eahmaran derler. Bu g\u00f6rd\u00fcklerin benim askerlerimdir.\u201d dedi&#8230;<\/p>\n\n\n\n<p>Y\u0131lanlar gittikten sonra b\u00fcy\u00fck bir ejderhan\u0131n \u00e7ukurdan yukar\u0131 \u00e7\u0131k\u0131p bir s\u00fcre sonra geri indi\u011fini g\u00f6rd\u00fcm. Yedi kere indi, \u00e7\u0131kt\u0131. Sekizinci seferinde s\u0131\u00e7ray\u0131p kuyru\u011funa yap\u0131\u015ft\u0131m ve bu sayede \u00e7ukurdan d\u0131\u015far\u0131 \u00e7\u0131karak kurtuldum&#8230;\u201d<\/p>\n\n\n\n<p>\u0130lgili metinde; Battal Gazi\u2019nin \u201cCehennem \u00c7ukuru\u201d i\u00e7erisinde ge\u00e7irdi\u011fi s\u00fcre\u00e7te ya\u015fad\u0131klar\u0131 anlat\u0131lmaktad\u0131r. Battal Gazi bu \u00e7ukurun i\u00e7erisinde \u015eahmeran ile kar\u015f\u0131la\u015f\u0131r&#8230; \u015eahmeran, Mersin\u2019in Tarsus il\u00e7esiyle ili\u015fkilendirilen efsanevi bir varl\u0131kt\u0131r&#8230;<\/p>\n\n\n\n<p>Destanda \u015eahmeran\u2019dan bahsedilmesi ve \u015eahmeran\u2019\u0131n Tarsus\u2019ta ya\u015f\u0131yor oldu\u011funa inan\u0131lan bir halk hik\u00e2yesinin olmas\u0131, destanda bahsi ge\u00e7en ki\u015filerin ve co\u011frafyan\u0131n ger\u00e7ekte de var olmas\u0131, destanda anlat\u0131lan hik\u00e2yenin ger\u00e7ekte de ya\u015fanm\u0131\u015f olabilece\u011fini d\u00fc\u015f\u00fcnd\u00fcrmektedir.<\/p>\n\n\n\n<p>Not: Bu makale Prof. Dr. Necati Demir ve Prof. Dr. Mehmet Dursun Erdem taraf\u0131ndan yaz\u0131an Battal Gazi Destan\u0131 kitab\u0131 referans al\u0131narak haz\u0131rlanm\u0131\u015ft\u0131r. <\/p>\n\n\n\n<ul>\n<li>Bu yaz\u0131 daha \u00f6nce E\u011fitimde ve K\u00fclt\u00fcrde Akademik \u00c7al\u0131\u015fmalar dergisinde yay\u0131nlanm\u0131\u015ft\u0131r. <\/li>\n<\/ul>\n\n\n\n<p><strong>KAYNAKLAR<\/strong><\/p>\n\n\n\n<p><strong>1. Ketayun\u2019un kim oldu\u011funu belirten kaynaklar<\/strong><\/p>\n\n\n\n<p>\u2022 YASEM\u0130N YAYLALI, \u015eahn\u00e2me\u2019de Annelerin Yeri ve \u00d6nemi, Atat\u00fcrk \u00dcniversitesi Edebiyat Fak\u00fcltesi Sosyal Bilimler Dergisi, Say\u0131: 58, Haziran 2017, Sayfa: 67-86<\/p>\n\n\n\n<p>\u2022 Y\u00c2HAKK\u00ce, Muhammed Ca\u2018fer, Ferheng-i Es\u00e2t\u00eer ve D\u00e2st\u00e2nv\u00e2reh\u00e2 der Edebiyy\u00e2t-i F\u00e2rs\u00ee, Tahran, 1386 h\u015f.<\/p>\n\n\n\n<p>\u2022 F\u0130RDEVS\u00ce, \u015eahn\u00e2me II (\u00e7ev. Nimet Y\u0131ld\u0131r\u0131m), \u0130stanbul, 2016.<\/p>\n\n\n\n<p><strong>2. Kevakip kelimesinin anlam\u0131<\/strong><\/p>\n\n\n\n<p>\u2022 Kur\u2019an-\u0131 Kerim, Saffat suresi 6. ayet, (el kevakip: gezegen, sonsuzluk, y\u0131ld\u0131z, sonsuz tecelli)<\/p>\n","protected":false},"excerpt":{"rendered":"<p>G\u00fcn\u00fcm\u00fczde Bizans Kayseri&#8217;nin k\u0131z karde\u015fi Ketay\u00fbn\u2019un ya\u015fad\u0131\u011f\u0131 kalenin ve Battal Gazi\u2019nin at\u0131ld\u0131\u011f\u0131 cehennem \u00e7ukurunun nerede oldu\u011fu bilinmemektedir. Bu konuyu ara\u015ft\u0131rd\u0131\u011f\u0131m\u0131zda bu b\u00f6lgenin Mersin ilinde yer alan K\u0131zkalesi ve Cennet-Cehennem \u00e7ukurlar\u0131 olma ihtimalini destekleyen \u00e7ok say\u0131da veri kar\u015f\u0131m\u0131za \u00e7\u0131kmaktad\u0131r. Battal Gazi Destan\u0131 Kitab\u0131n\u0131n 248 Ve 249. Sayfas\u0131ndaki Kale-\u0130 Kevakip \u0130le \u0130lgili B\u00f6l\u00fcm Adn-\u0131 Banu, e\u015fi Mehpeyruz\u2019un [&hellip;]<\/p>\n","protected":false},"author":14003,"featured_media":162887,"comment_status":"open","ping_status":"open","sticky":false,"template":"","format":"standard","meta":{"_yoast_wpseo_focuskw":"Battal Gazi","_yoast_wpseo_title":"","_yoast_wpseo_metadesc":"G\u00fcn\u00fcm\u00fczde; Bizans kayserinin k\u0131z karde\u015fi Ketayun\u2019un ya\u015fad\u0131\u011f\u0131 kalenin ve Battal Gazi\u2019nin at\u0131ld\u0131\u011f\u0131 cehennem \u00e7ukurunun nerede oldu\u011fu bilinmemektedir.","_bbp_topic_count":0,"_bbp_reply_count":0,"_bbp_total_topic_count":0,"_bbp_total_reply_count":0,"_bbp_voice_count":0,"_bbp_anonymous_reply_count":0,"_bbp_topic_count_hidden":0,"_bbp_reply_count_hidden":0,"_bbp_forum_subforum_count":0,"footnotes":"","_yoast_wpseo_focuskw_text_input":""},"categories":[55,519,1,8206],"tags":[],"yoast_head":"<!-- This site is optimized with the Yoast SEO plugin v23.0 - https:\/\/yoast.com\/wordpress\/plugins\/seo\/ -->\n<title>Battal Gazi\u2019nin Ketay\u00fbn\u2019la Maceras\u0131 Mersin\u2019de Mi Ya\u015fand\u0131? - The Epoch Times TR<\/title>\n<meta name=\"description\" content=\"G\u00fcn\u00fcm\u00fczde; Bizans kayserinin k\u0131z karde\u015fi Ketayun\u2019un ya\u015fad\u0131\u011f\u0131 kalenin ve Battal Gazi\u2019nin at\u0131ld\u0131\u011f\u0131 cehennem \u00e7ukurunun nerede oldu\u011fu bilinmemektedir.\" \/>\n<meta name=\"robots\" content=\"index, follow, max-snippet:-1, max-image-preview:large, max-video-preview:-1\" \/>\n<link rel=\"canonical\" href=\"https:\/\/epochtimestr.com\/index.php\/battal-gazinin-ketayunla-macerasi-mersinde-mi-yasandi\" \/>\n<meta property=\"og:locale\" content=\"tr_TR\" \/>\n<meta property=\"og:type\" content=\"article\" \/>\n<meta property=\"og:title\" content=\"Battal Gazi\u2019nin Ketay\u00fbn\u2019la Maceras\u0131 Mersin\u2019de Mi Ya\u015fand\u0131? - The Epoch Times TR\" \/>\n<meta property=\"og:description\" content=\"G\u00fcn\u00fcm\u00fczde; Bizans kayserinin k\u0131z karde\u015fi Ketayun\u2019un ya\u015fad\u0131\u011f\u0131 kalenin ve Battal Gazi\u2019nin at\u0131ld\u0131\u011f\u0131 cehennem \u00e7ukurunun nerede oldu\u011fu bilinmemektedir.\" \/>\n<meta property=\"og:url\" content=\"https:\/\/epochtimestr.com\/index.php\/battal-gazinin-ketayunla-macerasi-mersinde-mi-yasandi\" \/>\n<meta property=\"og:site_name\" content=\"The Epoch Times TR\" \/>\n<meta property=\"article:publisher\" content=\"https:\/\/www.facebook.com\/theepochtimestr\" \/>\n<meta property=\"article:published_time\" content=\"2025-10-16T13:26:13+00:00\" \/>\n<meta property=\"article:modified_time\" content=\"2025-10-18T06:10:22+00:00\" \/>\n<meta property=\"og:image\" content=\"https:\/\/epochtimestr.com\/wp-content\/uploads\/2011y\/Korykos_-_Kizkalesi.jpg\" \/>\n\t<meta property=\"og:image:width\" content=\"1280\" \/>\n\t<meta property=\"og:image:height\" content=\"780\" \/>\n\t<meta property=\"og:image:type\" content=\"image\/jpeg\" \/>\n<meta name=\"author\" content=\"Veli Metin T\u00fcrko\u011flu\" \/>\n<meta name=\"twitter:card\" content=\"summary_large_image\" \/>\n<meta name=\"twitter:creator\" content=\"@TheEpochTimesTR\" \/>\n<meta name=\"twitter:site\" content=\"@TheEpochTimesTR\" \/>\n<meta name=\"twitter:label1\" content=\"Yazan:\" \/>\n\t<meta name=\"twitter:data1\" content=\"Veli Metin T\u00fcrko\u011flu\" \/>\n\t<meta name=\"twitter:label2\" content=\"Tahmini okuma s\u00fcresi\" \/>\n\t<meta name=\"twitter:data2\" content=\"9 dakika\" \/>\n<script type=\"application\/ld+json\" class=\"yoast-schema-graph\">{\"@context\":\"https:\/\/schema.org\",\"@graph\":[{\"@type\":\"Article\",\"@id\":\"https:\/\/epochtimestr.com\/index.php\/battal-gazinin-ketayunla-macerasi-mersinde-mi-yasandi#article\",\"isPartOf\":{\"@id\":\"https:\/\/epochtimestr.com\/index.php\/battal-gazinin-ketayunla-macerasi-mersinde-mi-yasandi\"},\"author\":{\"name\":\"Veli Metin T\u00fcrko\u011flu\",\"@id\":\"https:\/\/epochtimestr.com\/#\/schema\/person\/74a9e968fef78a1984723e785d6e0f4c\"},\"headline\":\"Battal Gazi\u2019nin Ketay\u00fbn\u2019la Maceras\u0131 Mersin\u2019de Mi Ya\u015fand\u0131?\",\"datePublished\":\"2025-10-16T13:26:13+00:00\",\"dateModified\":\"2025-10-18T06:10:22+00:00\",\"mainEntityOfPage\":{\"@id\":\"https:\/\/epochtimestr.com\/index.php\/battal-gazinin-ketayunla-macerasi-mersinde-mi-yasandi\"},\"wordCount\":1736,\"commentCount\":0,\"publisher\":{\"@id\":\"https:\/\/epochtimestr.com\/#organization\"},\"image\":{\"@id\":\"https:\/\/epochtimestr.com\/index.php\/battal-gazinin-ketayunla-macerasi-mersinde-mi-yasandi#primaryimage\"},\"thumbnailUrl\":\"https:\/\/epochtimestr.com\/wp-content\/uploads\/2011y\/Korykos_-_Kizkalesi.jpg\",\"articleSection\":[\"Anadolu Efsaneleri\",\"ED\u0130T\u00d6R\u00dcN SE\u00c7\u0130M\u0130\",\"G\u00dcNDEM\",\"\u00d6ne \u00c7\u0131kan\"],\"inLanguage\":\"tr\",\"potentialAction\":[{\"@type\":\"CommentAction\",\"name\":\"Comment\",\"target\":[\"https:\/\/epochtimestr.com\/index.php\/battal-gazinin-ketayunla-macerasi-mersinde-mi-yasandi#respond\"]}]},{\"@type\":\"WebPage\",\"@id\":\"https:\/\/epochtimestr.com\/index.php\/battal-gazinin-ketayunla-macerasi-mersinde-mi-yasandi\",\"url\":\"https:\/\/epochtimestr.com\/index.php\/battal-gazinin-ketayunla-macerasi-mersinde-mi-yasandi\",\"name\":\"Battal Gazi\u2019nin Ketay\u00fbn\u2019la Maceras\u0131 Mersin\u2019de Mi Ya\u015fand\u0131? - The Epoch Times TR\",\"isPartOf\":{\"@id\":\"https:\/\/epochtimestr.com\/#website\"},\"primaryImageOfPage\":{\"@id\":\"https:\/\/epochtimestr.com\/index.php\/battal-gazinin-ketayunla-macerasi-mersinde-mi-yasandi#primaryimage\"},\"image\":{\"@id\":\"https:\/\/epochtimestr.com\/index.php\/battal-gazinin-ketayunla-macerasi-mersinde-mi-yasandi#primaryimage\"},\"thumbnailUrl\":\"https:\/\/epochtimestr.com\/wp-content\/uploads\/2011y\/Korykos_-_Kizkalesi.jpg\",\"datePublished\":\"2025-10-16T13:26:13+00:00\",\"dateModified\":\"2025-10-18T06:10:22+00:00\",\"description\":\"G\u00fcn\u00fcm\u00fczde; Bizans kayserinin k\u0131z karde\u015fi Ketayun\u2019un ya\u015fad\u0131\u011f\u0131 kalenin ve Battal Gazi\u2019nin at\u0131ld\u0131\u011f\u0131 cehennem \u00e7ukurunun nerede oldu\u011fu bilinmemektedir.\",\"inLanguage\":\"tr\",\"potentialAction\":[{\"@type\":\"ReadAction\",\"target\":[\"https:\/\/epochtimestr.com\/index.php\/battal-gazinin-ketayunla-macerasi-mersinde-mi-yasandi\"]}]},{\"@type\":\"ImageObject\",\"inLanguage\":\"tr\",\"@id\":\"https:\/\/epochtimestr.com\/index.php\/battal-gazinin-ketayunla-macerasi-mersinde-mi-yasandi#primaryimage\",\"url\":\"https:\/\/epochtimestr.com\/wp-content\/uploads\/2011y\/Korykos_-_Kizkalesi.jpg\",\"contentUrl\":\"https:\/\/epochtimestr.com\/wp-content\/uploads\/2011y\/Korykos_-_Kizkalesi.jpg\",\"width\":1280,\"height\":780},{\"@type\":\"WebSite\",\"@id\":\"https:\/\/epochtimestr.com\/#website\",\"url\":\"https:\/\/epochtimestr.com\/\",\"name\":\"The Epoch Times TR\",\"description\":\"De\u011fi\u015fen D\u00fcnyam\u0131za Taze Bir Bak\u0131\u015f\",\"publisher\":{\"@id\":\"https:\/\/epochtimestr.com\/#organization\"},\"potentialAction\":[{\"@type\":\"SearchAction\",\"target\":{\"@type\":\"EntryPoint\",\"urlTemplate\":\"https:\/\/epochtimestr.com\/?s={search_term_string}\"},\"query-input\":\"required name=search_term_string\"}],\"inLanguage\":\"tr\"},{\"@type\":\"Organization\",\"@id\":\"https:\/\/epochtimestr.com\/#organization\",\"name\":\"The EpochTimes T\u00fcrkiye\",\"url\":\"https:\/\/epochtimestr.com\/\",\"logo\":{\"@type\":\"ImageObject\",\"inLanguage\":\"tr\",\"@id\":\"https:\/\/epochtimestr.com\/#\/schema\/logo\/image\/\",\"url\":\"https:\/\/epochtimestr.com\/wp-content\/uploads\/2011y\/ET-Logo-YG.jpg\",\"contentUrl\":\"https:\/\/epochtimestr.com\/wp-content\/uploads\/2011y\/ET-Logo-YG.jpg\",\"width\":346,\"height\":29,\"caption\":\"The EpochTimes T\u00fcrkiye\"},\"image\":{\"@id\":\"https:\/\/epochtimestr.com\/#\/schema\/logo\/image\/\"},\"sameAs\":[\"https:\/\/www.facebook.com\/theepochtimestr\",\"https:\/\/x.com\/TheEpochTimesTR\",\"https:\/\/www.instagram.com\/epochtimestr\"]},{\"@type\":\"Person\",\"@id\":\"https:\/\/epochtimestr.com\/#\/schema\/person\/74a9e968fef78a1984723e785d6e0f4c\",\"name\":\"Veli Metin T\u00fcrko\u011flu\",\"image\":{\"@type\":\"ImageObject\",\"inLanguage\":\"tr\",\"@id\":\"https:\/\/epochtimestr.com\/#\/schema\/person\/image\/\",\"url\":\"https:\/\/secure.gravatar.com\/avatar\/0781fb6bea7d39f55694f0304dda00df?s=96&d=mm&r=g\",\"contentUrl\":\"https:\/\/secure.gravatar.com\/avatar\/0781fb6bea7d39f55694f0304dda00df?s=96&d=mm&r=g\",\"caption\":\"Veli Metin T\u00fcrko\u011flu\"},\"url\":\"https:\/\/epochtimestr.com\/index.php\/author\/metin\"}]}<\/script>\n<!-- \/ Yoast SEO plugin. -->","yoast_head_json":{"title":"Battal Gazi\u2019nin Ketay\u00fbn\u2019la Maceras\u0131 Mersin\u2019de Mi Ya\u015fand\u0131? - The Epoch Times TR","description":"G\u00fcn\u00fcm\u00fczde; Bizans kayserinin k\u0131z karde\u015fi Ketayun\u2019un ya\u015fad\u0131\u011f\u0131 kalenin ve Battal Gazi\u2019nin at\u0131ld\u0131\u011f\u0131 cehennem \u00e7ukurunun nerede oldu\u011fu bilinmemektedir.","robots":{"index":"index","follow":"follow","max-snippet":"max-snippet:-1","max-image-preview":"max-image-preview:large","max-video-preview":"max-video-preview:-1"},"canonical":"https:\/\/epochtimestr.com\/index.php\/battal-gazinin-ketayunla-macerasi-mersinde-mi-yasandi","og_locale":"tr_TR","og_type":"article","og_title":"Battal Gazi\u2019nin Ketay\u00fbn\u2019la Maceras\u0131 Mersin\u2019de Mi Ya\u015fand\u0131? - The Epoch Times TR","og_description":"G\u00fcn\u00fcm\u00fczde; Bizans kayserinin k\u0131z karde\u015fi Ketayun\u2019un ya\u015fad\u0131\u011f\u0131 kalenin ve Battal Gazi\u2019nin at\u0131ld\u0131\u011f\u0131 cehennem \u00e7ukurunun nerede oldu\u011fu bilinmemektedir.","og_url":"https:\/\/epochtimestr.com\/index.php\/battal-gazinin-ketayunla-macerasi-mersinde-mi-yasandi","og_site_name":"The Epoch Times TR","article_publisher":"https:\/\/www.facebook.com\/theepochtimestr","article_published_time":"2025-10-16T13:26:13+00:00","article_modified_time":"2025-10-18T06:10:22+00:00","og_image":[{"width":1280,"height":780,"url":"https:\/\/epochtimestr.com\/wp-content\/uploads\/2011y\/Korykos_-_Kizkalesi.jpg","type":"image\/jpeg"}],"author":"Veli Metin T\u00fcrko\u011flu","twitter_card":"summary_large_image","twitter_creator":"@TheEpochTimesTR","twitter_site":"@TheEpochTimesTR","twitter_misc":{"Yazan:":"Veli Metin T\u00fcrko\u011flu","Tahmini okuma s\u00fcresi":"9 dakika"},"schema":{"@context":"https:\/\/schema.org","@graph":[{"@type":"Article","@id":"https:\/\/epochtimestr.com\/index.php\/battal-gazinin-ketayunla-macerasi-mersinde-mi-yasandi#article","isPartOf":{"@id":"https:\/\/epochtimestr.com\/index.php\/battal-gazinin-ketayunla-macerasi-mersinde-mi-yasandi"},"author":{"name":"Veli Metin T\u00fcrko\u011flu","@id":"https:\/\/epochtimestr.com\/#\/schema\/person\/74a9e968fef78a1984723e785d6e0f4c"},"headline":"Battal Gazi\u2019nin Ketay\u00fbn\u2019la Maceras\u0131 Mersin\u2019de Mi Ya\u015fand\u0131?","datePublished":"2025-10-16T13:26:13+00:00","dateModified":"2025-10-18T06:10:22+00:00","mainEntityOfPage":{"@id":"https:\/\/epochtimestr.com\/index.php\/battal-gazinin-ketayunla-macerasi-mersinde-mi-yasandi"},"wordCount":1736,"commentCount":0,"publisher":{"@id":"https:\/\/epochtimestr.com\/#organization"},"image":{"@id":"https:\/\/epochtimestr.com\/index.php\/battal-gazinin-ketayunla-macerasi-mersinde-mi-yasandi#primaryimage"},"thumbnailUrl":"https:\/\/epochtimestr.com\/wp-content\/uploads\/2011y\/Korykos_-_Kizkalesi.jpg","articleSection":["Anadolu Efsaneleri","ED\u0130T\u00d6R\u00dcN SE\u00c7\u0130M\u0130","G\u00dcNDEM","\u00d6ne \u00c7\u0131kan"],"inLanguage":"tr","potentialAction":[{"@type":"CommentAction","name":"Comment","target":["https:\/\/epochtimestr.com\/index.php\/battal-gazinin-ketayunla-macerasi-mersinde-mi-yasandi#respond"]}]},{"@type":"WebPage","@id":"https:\/\/epochtimestr.com\/index.php\/battal-gazinin-ketayunla-macerasi-mersinde-mi-yasandi","url":"https:\/\/epochtimestr.com\/index.php\/battal-gazinin-ketayunla-macerasi-mersinde-mi-yasandi","name":"Battal Gazi\u2019nin Ketay\u00fbn\u2019la Maceras\u0131 Mersin\u2019de Mi Ya\u015fand\u0131? - The Epoch Times TR","isPartOf":{"@id":"https:\/\/epochtimestr.com\/#website"},"primaryImageOfPage":{"@id":"https:\/\/epochtimestr.com\/index.php\/battal-gazinin-ketayunla-macerasi-mersinde-mi-yasandi#primaryimage"},"image":{"@id":"https:\/\/epochtimestr.com\/index.php\/battal-gazinin-ketayunla-macerasi-mersinde-mi-yasandi#primaryimage"},"thumbnailUrl":"https:\/\/epochtimestr.com\/wp-content\/uploads\/2011y\/Korykos_-_Kizkalesi.jpg","datePublished":"2025-10-16T13:26:13+00:00","dateModified":"2025-10-18T06:10:22+00:00","description":"G\u00fcn\u00fcm\u00fczde; Bizans kayserinin k\u0131z karde\u015fi Ketayun\u2019un ya\u015fad\u0131\u011f\u0131 kalenin ve Battal Gazi\u2019nin at\u0131ld\u0131\u011f\u0131 cehennem \u00e7ukurunun nerede oldu\u011fu bilinmemektedir.","inLanguage":"tr","potentialAction":[{"@type":"ReadAction","target":["https:\/\/epochtimestr.com\/index.php\/battal-gazinin-ketayunla-macerasi-mersinde-mi-yasandi"]}]},{"@type":"ImageObject","inLanguage":"tr","@id":"https:\/\/epochtimestr.com\/index.php\/battal-gazinin-ketayunla-macerasi-mersinde-mi-yasandi#primaryimage","url":"https:\/\/epochtimestr.com\/wp-content\/uploads\/2011y\/Korykos_-_Kizkalesi.jpg","contentUrl":"https:\/\/epochtimestr.com\/wp-content\/uploads\/2011y\/Korykos_-_Kizkalesi.jpg","width":1280,"height":780},{"@type":"WebSite","@id":"https:\/\/epochtimestr.com\/#website","url":"https:\/\/epochtimestr.com\/","name":"The Epoch Times TR","description":"De\u011fi\u015fen D\u00fcnyam\u0131za Taze Bir Bak\u0131\u015f","publisher":{"@id":"https:\/\/epochtimestr.com\/#organization"},"potentialAction":[{"@type":"SearchAction","target":{"@type":"EntryPoint","urlTemplate":"https:\/\/epochtimestr.com\/?s={search_term_string}"},"query-input":"required name=search_term_string"}],"inLanguage":"tr"},{"@type":"Organization","@id":"https:\/\/epochtimestr.com\/#organization","name":"The EpochTimes T\u00fcrkiye","url":"https:\/\/epochtimestr.com\/","logo":{"@type":"ImageObject","inLanguage":"tr","@id":"https:\/\/epochtimestr.com\/#\/schema\/logo\/image\/","url":"https:\/\/epochtimestr.com\/wp-content\/uploads\/2011y\/ET-Logo-YG.jpg","contentUrl":"https:\/\/epochtimestr.com\/wp-content\/uploads\/2011y\/ET-Logo-YG.jpg","width":346,"height":29,"caption":"The EpochTimes T\u00fcrkiye"},"image":{"@id":"https:\/\/epochtimestr.com\/#\/schema\/logo\/image\/"},"sameAs":["https:\/\/www.facebook.com\/theepochtimestr","https:\/\/x.com\/TheEpochTimesTR","https:\/\/www.instagram.com\/epochtimestr"]},{"@type":"Person","@id":"https:\/\/epochtimestr.com\/#\/schema\/person\/74a9e968fef78a1984723e785d6e0f4c","name":"Veli Metin T\u00fcrko\u011flu","image":{"@type":"ImageObject","inLanguage":"tr","@id":"https:\/\/epochtimestr.com\/#\/schema\/person\/image\/","url":"https:\/\/secure.gravatar.com\/avatar\/0781fb6bea7d39f55694f0304dda00df?s=96&d=mm&r=g","contentUrl":"https:\/\/secure.gravatar.com\/avatar\/0781fb6bea7d39f55694f0304dda00df?s=96&d=mm&r=g","caption":"Veli Metin T\u00fcrko\u011flu"},"url":"https:\/\/epochtimestr.com\/index.php\/author\/metin"}]}},"_links":{"self":[{"href":"https:\/\/epochtimestr.com\/index.php\/wp-json\/wp\/v2\/posts\/162886"}],"collection":[{"href":"https:\/\/epochtimestr.com\/index.php\/wp-json\/wp\/v2\/posts"}],"about":[{"href":"https:\/\/epochtimestr.com\/index.php\/wp-json\/wp\/v2\/types\/post"}],"author":[{"embeddable":true,"href":"https:\/\/epochtimestr.com\/index.php\/wp-json\/wp\/v2\/users\/14003"}],"replies":[{"embeddable":true,"href":"https:\/\/epochtimestr.com\/index.php\/wp-json\/wp\/v2\/comments?post=162886"}],"version-history":[{"count":4,"href":"https:\/\/epochtimestr.com\/index.php\/wp-json\/wp\/v2\/posts\/162886\/revisions"}],"predecessor-version":[{"id":162907,"href":"https:\/\/epochtimestr.com\/index.php\/wp-json\/wp\/v2\/posts\/162886\/revisions\/162907"}],"wp:featuredmedia":[{"embeddable":true,"href":"https:\/\/epochtimestr.com\/index.php\/wp-json\/wp\/v2\/media\/162887"}],"wp:attachment":[{"href":"https:\/\/epochtimestr.com\/index.php\/wp-json\/wp\/v2\/media?parent=162886"}],"wp:term":[{"taxonomy":"category","embeddable":true,"href":"https:\/\/epochtimestr.com\/index.php\/wp-json\/wp\/v2\/categories?post=162886"},{"taxonomy":"post_tag","embeddable":true,"href":"https:\/\/epochtimestr.com\/index.php\/wp-json\/wp\/v2\/tags?post=162886"}],"curies":[{"name":"wp","href":"https:\/\/api.w.org\/{rel}","templated":true}]}}