{"id":162913,"date":"2025-10-20T10:50:55","date_gmt":"2025-10-20T07:50:55","guid":{"rendered":"https:\/\/epochtimestr.com\/?p=162913"},"modified":"2025-10-20T14:06:55","modified_gmt":"2025-10-20T11:06:55","slug":"anadoludaki-yonetim-danismanlari-orgutlenmelerini-guclendiriyor","status":"publish","type":"post","link":"https:\/\/epochtimestr.com\/index.php\/anadoludaki-yonetim-danismanlari-orgutlenmelerini-guclendiriyor","title":{"rendered":"Y\u00f6netim Dan\u0131\u015fmanlar\u0131 Anadolu&#8217;da \u00d6rg\u00fctlenmelerini G\u00fc\u00e7lendiriyor"},"content":{"rendered":"<div class=\"wp-block-image\">\n<figure class=\"aligncenter size-full\"><img loading=\"lazy\" decoding=\"async\" width=\"1754\" height=\"987\" src=\"https:\/\/epochtimestr.com\/wp-content\/uploads\/2011y\/aydd.jpeg\" alt=\"\" class=\"wp-image-162924\" srcset=\"https:\/\/epochtimestr.com\/wp-content\/uploads\/2011y\/aydd.jpeg 1754w, https:\/\/epochtimestr.com\/wp-content\/uploads\/2011y\/aydd-300x169.jpeg 300w, https:\/\/epochtimestr.com\/wp-content\/uploads\/2011y\/aydd-150x84.jpeg 150w, https:\/\/epochtimestr.com\/wp-content\/uploads\/2011y\/aydd-768x432.jpeg 768w, https:\/\/epochtimestr.com\/wp-content\/uploads\/2011y\/aydd-1536x864.jpeg 1536w\" sizes=\"(max-width: 1754px) 100vw, 1754px\" \/><figcaption class=\"wp-element-caption\">Anadolu Y\u00f6netim Dan\u0131\u015fmanlar\u0131 ve Akademisyenleri Derne\u011fi genel kurulundan<\/figcaption><\/figure><\/div>\n\n\n<p>Pek \u00e7ok \u00f6nemli akademisyen, y\u00f6netici, y\u00f6netim dan\u0131\u015fman\u0131 ve mali m\u00fc\u015favir taraf\u0131ndan kurulan Anadolu Y\u00f6netim Dan\u0131\u015fmanlar\u0131 ve Akademisyenleri Derne\u011fi, Mersin\u2019de yap\u0131lan genel kurul ile resmi olarak faaliyetlerine ba\u015flad\u0131. Anadolu Y\u00f6netim Dan\u0131\u015fmanlar\u0131 Derne\u011fi\u2019nin bir devam\u0131 niteli\u011finde olan derne\u011fin ba\u015fkanl\u0131\u011f\u0131na oy birli\u011fi ile Y\u00f6netim Dan\u0131\u015fman\u0131 Ferudun G\u00fcnd\u00fcz getirildi. Divan ba\u015fkanl\u0131\u011f\u0131n\u0131 Adnan Kolu\u015f\u2019un yapt\u0131\u011f\u0131 genel kurulda Prof. Dr. \u0130lhan Ege ve Prof. Dr. K\u00f6ksal Haz\u0131r ba\u015fkan yard\u0131mc\u0131s\u0131 olarak se\u00e7ildi. Derne\u011fin genel sekreteri olarak Binnur Yetik, sayman olarak Erdem \u00c7etin ve y\u00f6netim kurulu \u00fcyeleri olarak Hatice Sarp G\u00fcnal ile Ender Horata da y\u00f6netim kurulunda yerlerini ald\u0131.<\/p>\n\n\n\n<p>Ba\u015fkan G\u00fcnd\u00fcz genel kurulda yapt\u0131\u011f\u0131 konu\u015fmada y\u00f6netim dan\u0131\u015fmanl\u0131\u011f\u0131 mesle\u011finin g\u00f6rece yeni bir meslek olmas\u0131na ra\u011fmen \u015firketler i\u00e7in \u00f6nemine de\u011findi. Bu ba\u011flamda Anadolu Y\u00f6netim Dan\u0131\u015fmanlar\u0131 ve Akademisyenleri Derne\u011fi\u2019nin \u00f6nemli bir misyonu oldu\u011funa de\u011finen G\u00fcnd\u00fcz, mesle\u011fin tan\u0131nmas\u0131 ve \u015firketler i\u00e7in \u00f6neminin bilinmesi i\u00e7in  yap\u0131lmas\u0131 gereken her t\u00fcrl\u00fc \u00e7al\u0131\u015fmay\u0131 yapacaklar\u0131n\u0131 ifade etti.<\/p>\n\n\n\n<p>\u0130\u015fletmelerin b\u00fcy\u00fcmesi, verimlili\u011fi ve kurumsal geli\u015fimi a\u00e7\u0131s\u0131ndan stratejik \u00f6neme sahip bir alan olan y\u00f6netim dan\u0131\u015fmanl\u0131\u011f\u0131, s\u00fcrd\u00fcr\u00fclebilir bir b\u00fcy\u00fcme \u00e7izgisi yakalamak isteyen \u015firketler i\u00e7in hayati \u00f6nem ta\u015f\u0131yor. Y\u00f6netim dan\u0131\u015fmanlar\u0131, kurumlar\u0131n stratejik hedeflerine ula\u015fmalar\u0131n\u0131 sa\u011flamak amac\u0131yla y\u00f6netim s\u00fcre\u00e7lerini analiz eden, verimlili\u011fi art\u0131ran ve s\u00fcrd\u00fcr\u00fclebilir b\u00fcy\u00fcmeye y\u00f6nelik \u00e7\u00f6z\u00fcmler sunan profesyonellerden olu\u015fuyor. Dan\u0131\u015fmanlar; organizasyon yap\u0131s\u0131ndan insan kaynaklar\u0131na, finansal planlamadan pazarlama stratejilerine kadar geni\u015f bir yelpazede kurumlara rehberlik ediyor. &nbsp;Ama\u00e7, d\u0131\u015f g\u00f6z\u00fcn objektif de\u011ferlendirmesiyle i\u015fletmenin g\u00fc\u00e7l\u00fc y\u00f6nlerini \u00f6ne \u00e7\u0131kar\u0131rken, zay\u0131f noktalar\u0131 geli\u015ftirip rekabet avantaj\u0131 yaratmak.<\/p>\n\n\n\n<p>Anadolu Y\u00f6netim Dan\u0131\u015fmanlar\u0131 ve Akademisyenleri Derne\u011fi\u2019nin tam y\u00f6netim listesi \u015f\u00f6yle ger\u00e7ekle\u015fti;<\/p>\n\n\n\n<p><strong>Y\u00f6netim Kurulu Asil Listesi<\/strong><\/p>\n\n\n\n<p>Ferudun G\u00fcnd\u00fcz (Ba\u015fkan)<br \/>\u0130lhan Ege (Ba\u015fkan Yard\u0131mc\u0131s\u0131)<br \/>K\u00f6ksal Haz\u0131r (Ba\u015fkan Yard\u0131mc\u0131s\u0131)<br \/>Binnur Yetik (Genel Sekreter)<br \/>Erdem \u00c7etin (Sayman)<br \/>Hatice Sarp G\u00fcnal (\u00dcye)<br \/>Ender Horata (\u00dcye)<\/p>\n\n\n\n<p><strong>Y\u00f6netim Kurulu Yedek Listesi<\/strong><\/p>\n\n\n\n<p>Emrah G\u00fc\u00e7l\u00fc<br \/>\u015eahika Duyar<br \/>\u00d6znur \u00d6zgel<br \/>Buket K\u00fc\u00e7\u00fckbey<br \/>Ahmet Turgut A\u00e7\u0131k<\/p>\n\n\n\n<p><strong>Denetim Kurulu Asil Listesi<\/strong><\/p>\n\n\n\n<p>Adem Orkun Arda (Ba\u015fkan)<br \/>Seda Turnac\u0131gil<br \/>M. Alperen \u00c7elik<\/p>\n\n\n\n<p><strong>Denetim Kurulu Yedek Listesi<\/strong><\/p>\n\n\n\n<p>Edlan Bostanc\u0131<br \/>\u0130ffet Erduran<br \/>T\u00fclin Berk T\u00fcrkan<\/p>\n","protected":false},"excerpt":{"rendered":"<p>Pek \u00e7ok \u00f6nemli akademisyen, y\u00f6netici, y\u00f6netim dan\u0131\u015fman\u0131 ve mali m\u00fc\u015favir taraf\u0131ndan kurulan Anadolu Y\u00f6netim Dan\u0131\u015fmanlar\u0131 ve Akademisyenleri Derne\u011fi, Mersin\u2019de yap\u0131lan genel kurul ile resmi olarak faaliyetlerine ba\u015flad\u0131. Anadolu Y\u00f6netim Dan\u0131\u015fmanlar\u0131 Derne\u011fi\u2019nin bir devam\u0131 niteli\u011finde olan derne\u011fin ba\u015fkanl\u0131\u011f\u0131na oy birli\u011fi ile Y\u00f6netim Dan\u0131\u015fman\u0131 Ferudun G\u00fcnd\u00fcz getirildi. Divan ba\u015fkanl\u0131\u011f\u0131n\u0131 Adnan Kolu\u015f\u2019un yapt\u0131\u011f\u0131 genel kurulda Prof. Dr. \u0130lhan [&hellip;]<\/p>\n","protected":false},"author":12791,"featured_media":162924,"comment_status":"open","ping_status":"open","sticky":false,"template":"","format":"standard","meta":{"_yoast_wpseo_focuskw":"Y\u00f6netim Dan\u0131\u015fmanlar\u0131","_yoast_wpseo_title":"","_yoast_wpseo_metadesc":"Pek \u00e7ok \u00f6nemli akademisyen, y\u00f6netici, y\u00f6netim dan\u0131\u015fman\u0131 ve mali m\u00fc\u015favir taraf\u0131ndan kurulan Anadolu Y\u00f6netim Dan\u0131\u015fmanlar\u0131 ve Akademisyenleri Derne\u011fi Mersin\u2019de yap\u0131lan genel kurul ile resmi olarak faaliyetlerine ba\u015flad\u0131.","_bbp_topic_count":0,"_bbp_reply_count":0,"_bbp_total_topic_count":0,"_bbp_total_reply_count":0,"_bbp_voice_count":0,"_bbp_anonymous_reply_count":0,"_bbp_topic_count_hidden":0,"_bbp_reply_count_hidden":0,"_bbp_forum_subforum_count":0,"footnotes":"","_yoast_wpseo_focuskw_text_input":""},"categories":[8225,1],"tags":[],"yoast_head":"<!-- This site is optimized with the Yoast SEO plugin v23.0 - https:\/\/yoast.com\/wordpress\/plugins\/seo\/ -->\n<title>Y\u00f6netim Dan\u0131\u015fmanlar\u0131 Anadolu&#039;da \u00d6rg\u00fctlenmelerini G\u00fc\u00e7lendiriyor - The Epoch Times TR<\/title>\n<meta name=\"description\" content=\"Pek \u00e7ok \u00f6nemli akademisyen, y\u00f6netici, y\u00f6netim dan\u0131\u015fman\u0131 ve mali m\u00fc\u015favir taraf\u0131ndan kurulan Anadolu Y\u00f6netim Dan\u0131\u015fmanlar\u0131 ve Akademisyenleri Derne\u011fi Mersin\u2019de yap\u0131lan genel kurul ile resmi olarak faaliyetlerine ba\u015flad\u0131.\" \/>\n<meta name=\"robots\" content=\"index, follow, max-snippet:-1, max-image-preview:large, max-video-preview:-1\" \/>\n<link rel=\"canonical\" href=\"https:\/\/epochtimestr.com\/index.php\/anadoludaki-yonetim-danismanlari-orgutlenmelerini-guclendiriyor\" \/>\n<meta property=\"og:locale\" content=\"tr_TR\" \/>\n<meta property=\"og:type\" content=\"article\" \/>\n<meta property=\"og:title\" content=\"Y\u00f6netim Dan\u0131\u015fmanlar\u0131 Anadolu&#039;da \u00d6rg\u00fctlenmelerini G\u00fc\u00e7lendiriyor - The Epoch Times TR\" \/>\n<meta property=\"og:description\" content=\"Pek \u00e7ok \u00f6nemli akademisyen, y\u00f6netici, y\u00f6netim dan\u0131\u015fman\u0131 ve mali m\u00fc\u015favir taraf\u0131ndan kurulan Anadolu Y\u00f6netim Dan\u0131\u015fmanlar\u0131 ve Akademisyenleri Derne\u011fi Mersin\u2019de yap\u0131lan genel kurul ile resmi olarak faaliyetlerine ba\u015flad\u0131.\" \/>\n<meta property=\"og:url\" content=\"https:\/\/epochtimestr.com\/index.php\/anadoludaki-yonetim-danismanlari-orgutlenmelerini-guclendiriyor\" \/>\n<meta property=\"og:site_name\" content=\"The Epoch Times TR\" \/>\n<meta property=\"article:publisher\" content=\"https:\/\/www.facebook.com\/theepochtimestr\" \/>\n<meta property=\"article:published_time\" content=\"2025-10-20T07:50:55+00:00\" \/>\n<meta property=\"article:modified_time\" content=\"2025-10-20T11:06:55+00:00\" \/>\n<meta property=\"og:image\" content=\"https:\/\/epochtimestr.com\/wp-content\/uploads\/2011y\/aydd.jpeg\" \/>\n\t<meta property=\"og:image:width\" content=\"1754\" \/>\n\t<meta property=\"og:image:height\" content=\"987\" \/>\n\t<meta property=\"og:image:type\" content=\"image\/jpeg\" \/>\n<meta name=\"author\" content=\"Haber Merkezi\" \/>\n<meta name=\"twitter:card\" content=\"summary_large_image\" \/>\n<meta name=\"twitter:creator\" content=\"@TheEpochTimesTR\" \/>\n<meta name=\"twitter:site\" content=\"@TheEpochTimesTR\" \/>\n<meta name=\"twitter:label1\" content=\"Yazan:\" \/>\n\t<meta name=\"twitter:data1\" content=\"Haber Merkezi\" \/>\n\t<meta name=\"twitter:label2\" content=\"Tahmini okuma s\u00fcresi\" \/>\n\t<meta name=\"twitter:data2\" content=\"3 dakika\" \/>\n<script type=\"application\/ld+json\" class=\"yoast-schema-graph\">{\"@context\":\"https:\/\/schema.org\",\"@graph\":[{\"@type\":\"Article\",\"@id\":\"https:\/\/epochtimestr.com\/index.php\/anadoludaki-yonetim-danismanlari-orgutlenmelerini-guclendiriyor#article\",\"isPartOf\":{\"@id\":\"https:\/\/epochtimestr.com\/index.php\/anadoludaki-yonetim-danismanlari-orgutlenmelerini-guclendiriyor\"},\"author\":{\"name\":\"Haber Merkezi\",\"@id\":\"https:\/\/epochtimestr.com\/#\/schema\/person\/3dc5c3adeb9f43923c5aa85889172fdd\"},\"headline\":\"Y\u00f6netim Dan\u0131\u015fmanlar\u0131 Anadolu&#8217;da \u00d6rg\u00fctlenmelerini G\u00fc\u00e7lendiriyor\",\"datePublished\":\"2025-10-20T07:50:55+00:00\",\"dateModified\":\"2025-10-20T11:06:55+00:00\",\"mainEntityOfPage\":{\"@id\":\"https:\/\/epochtimestr.com\/index.php\/anadoludaki-yonetim-danismanlari-orgutlenmelerini-guclendiriyor\"},\"wordCount\":458,\"commentCount\":0,\"publisher\":{\"@id\":\"https:\/\/epochtimestr.com\/#organization\"},\"image\":{\"@id\":\"https:\/\/epochtimestr.com\/index.php\/anadoludaki-yonetim-danismanlari-orgutlenmelerini-guclendiriyor#primaryimage\"},\"thumbnailUrl\":\"https:\/\/epochtimestr.com\/wp-content\/uploads\/2011y\/aydd.jpeg\",\"articleSection\":[\"Ekonomi\",\"G\u00dcNDEM\"],\"inLanguage\":\"tr\",\"potentialAction\":[{\"@type\":\"CommentAction\",\"name\":\"Comment\",\"target\":[\"https:\/\/epochtimestr.com\/index.php\/anadoludaki-yonetim-danismanlari-orgutlenmelerini-guclendiriyor#respond\"]}]},{\"@type\":\"WebPage\",\"@id\":\"https:\/\/epochtimestr.com\/index.php\/anadoludaki-yonetim-danismanlari-orgutlenmelerini-guclendiriyor\",\"url\":\"https:\/\/epochtimestr.com\/index.php\/anadoludaki-yonetim-danismanlari-orgutlenmelerini-guclendiriyor\",\"name\":\"Y\u00f6netim Dan\u0131\u015fmanlar\u0131 Anadolu'da \u00d6rg\u00fctlenmelerini G\u00fc\u00e7lendiriyor - The Epoch Times TR\",\"isPartOf\":{\"@id\":\"https:\/\/epochtimestr.com\/#website\"},\"primaryImageOfPage\":{\"@id\":\"https:\/\/epochtimestr.com\/index.php\/anadoludaki-yonetim-danismanlari-orgutlenmelerini-guclendiriyor#primaryimage\"},\"image\":{\"@id\":\"https:\/\/epochtimestr.com\/index.php\/anadoludaki-yonetim-danismanlari-orgutlenmelerini-guclendiriyor#primaryimage\"},\"thumbnailUrl\":\"https:\/\/epochtimestr.com\/wp-content\/uploads\/2011y\/aydd.jpeg\",\"datePublished\":\"2025-10-20T07:50:55+00:00\",\"dateModified\":\"2025-10-20T11:06:55+00:00\",\"description\":\"Pek \u00e7ok \u00f6nemli akademisyen, y\u00f6netici, y\u00f6netim dan\u0131\u015fman\u0131 ve mali m\u00fc\u015favir taraf\u0131ndan kurulan Anadolu Y\u00f6netim Dan\u0131\u015fmanlar\u0131 ve Akademisyenleri Derne\u011fi Mersin\u2019de yap\u0131lan genel kurul ile resmi olarak faaliyetlerine ba\u015flad\u0131.\",\"inLanguage\":\"tr\",\"potentialAction\":[{\"@type\":\"ReadAction\",\"target\":[\"https:\/\/epochtimestr.com\/index.php\/anadoludaki-yonetim-danismanlari-orgutlenmelerini-guclendiriyor\"]}]},{\"@type\":\"ImageObject\",\"inLanguage\":\"tr\",\"@id\":\"https:\/\/epochtimestr.com\/index.php\/anadoludaki-yonetim-danismanlari-orgutlenmelerini-guclendiriyor#primaryimage\",\"url\":\"https:\/\/epochtimestr.com\/wp-content\/uploads\/2011y\/aydd.jpeg\",\"contentUrl\":\"https:\/\/epochtimestr.com\/wp-content\/uploads\/2011y\/aydd.jpeg\",\"width\":1754,\"height\":987},{\"@type\":\"WebSite\",\"@id\":\"https:\/\/epochtimestr.com\/#website\",\"url\":\"https:\/\/epochtimestr.com\/\",\"name\":\"The Epoch Times TR\",\"description\":\"De\u011fi\u015fen D\u00fcnyam\u0131za Taze Bir Bak\u0131\u015f\",\"publisher\":{\"@id\":\"https:\/\/epochtimestr.com\/#organization\"},\"potentialAction\":[{\"@type\":\"SearchAction\",\"target\":{\"@type\":\"EntryPoint\",\"urlTemplate\":\"https:\/\/epochtimestr.com\/?s={search_term_string}\"},\"query-input\":\"required name=search_term_string\"}],\"inLanguage\":\"tr\"},{\"@type\":\"Organization\",\"@id\":\"https:\/\/epochtimestr.com\/#organization\",\"name\":\"The EpochTimes T\u00fcrkiye\",\"url\":\"https:\/\/epochtimestr.com\/\",\"logo\":{\"@type\":\"ImageObject\",\"inLanguage\":\"tr\",\"@id\":\"https:\/\/epochtimestr.com\/#\/schema\/logo\/image\/\",\"url\":\"https:\/\/epochtimestr.com\/wp-content\/uploads\/2011y\/ET-Logo-YG.jpg\",\"contentUrl\":\"https:\/\/epochtimestr.com\/wp-content\/uploads\/2011y\/ET-Logo-YG.jpg\",\"width\":346,\"height\":29,\"caption\":\"The EpochTimes T\u00fcrkiye\"},\"image\":{\"@id\":\"https:\/\/epochtimestr.com\/#\/schema\/logo\/image\/\"},\"sameAs\":[\"https:\/\/www.facebook.com\/theepochtimestr\",\"https:\/\/x.com\/TheEpochTimesTR\",\"https:\/\/www.instagram.com\/epochtimestr\"]},{\"@type\":\"Person\",\"@id\":\"https:\/\/epochtimestr.com\/#\/schema\/person\/3dc5c3adeb9f43923c5aa85889172fdd\",\"name\":\"Haber Merkezi\",\"image\":{\"@type\":\"ImageObject\",\"inLanguage\":\"tr\",\"@id\":\"https:\/\/epochtimestr.com\/#\/schema\/person\/image\/\",\"url\":\"https:\/\/secure.gravatar.com\/avatar\/d73f772ba5a74f28601361e17c2f93e6?s=96&d=mm&r=g\",\"contentUrl\":\"https:\/\/secure.gravatar.com\/avatar\/d73f772ba5a74f28601361e17c2f93e6?s=96&d=mm&r=g\",\"caption\":\"Haber Merkezi\"},\"url\":\"https:\/\/epochtimestr.com\/index.php\/author\/sendag\"}]}<\/script>\n<!-- \/ Yoast SEO plugin. -->","yoast_head_json":{"title":"Y\u00f6netim Dan\u0131\u015fmanlar\u0131 Anadolu'da \u00d6rg\u00fctlenmelerini G\u00fc\u00e7lendiriyor - The Epoch Times TR","description":"Pek \u00e7ok \u00f6nemli akademisyen, y\u00f6netici, y\u00f6netim dan\u0131\u015fman\u0131 ve mali m\u00fc\u015favir taraf\u0131ndan kurulan Anadolu Y\u00f6netim Dan\u0131\u015fmanlar\u0131 ve Akademisyenleri Derne\u011fi Mersin\u2019de yap\u0131lan genel kurul ile resmi olarak faaliyetlerine ba\u015flad\u0131.","robots":{"index":"index","follow":"follow","max-snippet":"max-snippet:-1","max-image-preview":"max-image-preview:large","max-video-preview":"max-video-preview:-1"},"canonical":"https:\/\/epochtimestr.com\/index.php\/anadoludaki-yonetim-danismanlari-orgutlenmelerini-guclendiriyor","og_locale":"tr_TR","og_type":"article","og_title":"Y\u00f6netim Dan\u0131\u015fmanlar\u0131 Anadolu'da \u00d6rg\u00fctlenmelerini G\u00fc\u00e7lendiriyor - The Epoch Times TR","og_description":"Pek \u00e7ok \u00f6nemli akademisyen, y\u00f6netici, y\u00f6netim dan\u0131\u015fman\u0131 ve mali m\u00fc\u015favir taraf\u0131ndan kurulan Anadolu Y\u00f6netim Dan\u0131\u015fmanlar\u0131 ve Akademisyenleri Derne\u011fi Mersin\u2019de yap\u0131lan genel kurul ile resmi olarak faaliyetlerine ba\u015flad\u0131.","og_url":"https:\/\/epochtimestr.com\/index.php\/anadoludaki-yonetim-danismanlari-orgutlenmelerini-guclendiriyor","og_site_name":"The Epoch Times TR","article_publisher":"https:\/\/www.facebook.com\/theepochtimestr","article_published_time":"2025-10-20T07:50:55+00:00","article_modified_time":"2025-10-20T11:06:55+00:00","og_image":[{"width":1754,"height":987,"url":"https:\/\/epochtimestr.com\/wp-content\/uploads\/2011y\/aydd.jpeg","type":"image\/jpeg"}],"author":"Haber Merkezi","twitter_card":"summary_large_image","twitter_creator":"@TheEpochTimesTR","twitter_site":"@TheEpochTimesTR","twitter_misc":{"Yazan:":"Haber Merkezi","Tahmini okuma s\u00fcresi":"3 dakika"},"schema":{"@context":"https:\/\/schema.org","@graph":[{"@type":"Article","@id":"https:\/\/epochtimestr.com\/index.php\/anadoludaki-yonetim-danismanlari-orgutlenmelerini-guclendiriyor#article","isPartOf":{"@id":"https:\/\/epochtimestr.com\/index.php\/anadoludaki-yonetim-danismanlari-orgutlenmelerini-guclendiriyor"},"author":{"name":"Haber Merkezi","@id":"https:\/\/epochtimestr.com\/#\/schema\/person\/3dc5c3adeb9f43923c5aa85889172fdd"},"headline":"Y\u00f6netim Dan\u0131\u015fmanlar\u0131 Anadolu&#8217;da \u00d6rg\u00fctlenmelerini G\u00fc\u00e7lendiriyor","datePublished":"2025-10-20T07:50:55+00:00","dateModified":"2025-10-20T11:06:55+00:00","mainEntityOfPage":{"@id":"https:\/\/epochtimestr.com\/index.php\/anadoludaki-yonetim-danismanlari-orgutlenmelerini-guclendiriyor"},"wordCount":458,"commentCount":0,"publisher":{"@id":"https:\/\/epochtimestr.com\/#organization"},"image":{"@id":"https:\/\/epochtimestr.com\/index.php\/anadoludaki-yonetim-danismanlari-orgutlenmelerini-guclendiriyor#primaryimage"},"thumbnailUrl":"https:\/\/epochtimestr.com\/wp-content\/uploads\/2011y\/aydd.jpeg","articleSection":["Ekonomi","G\u00dcNDEM"],"inLanguage":"tr","potentialAction":[{"@type":"CommentAction","name":"Comment","target":["https:\/\/epochtimestr.com\/index.php\/anadoludaki-yonetim-danismanlari-orgutlenmelerini-guclendiriyor#respond"]}]},{"@type":"WebPage","@id":"https:\/\/epochtimestr.com\/index.php\/anadoludaki-yonetim-danismanlari-orgutlenmelerini-guclendiriyor","url":"https:\/\/epochtimestr.com\/index.php\/anadoludaki-yonetim-danismanlari-orgutlenmelerini-guclendiriyor","name":"Y\u00f6netim Dan\u0131\u015fmanlar\u0131 Anadolu'da \u00d6rg\u00fctlenmelerini G\u00fc\u00e7lendiriyor - The Epoch Times TR","isPartOf":{"@id":"https:\/\/epochtimestr.com\/#website"},"primaryImageOfPage":{"@id":"https:\/\/epochtimestr.com\/index.php\/anadoludaki-yonetim-danismanlari-orgutlenmelerini-guclendiriyor#primaryimage"},"image":{"@id":"https:\/\/epochtimestr.com\/index.php\/anadoludaki-yonetim-danismanlari-orgutlenmelerini-guclendiriyor#primaryimage"},"thumbnailUrl":"https:\/\/epochtimestr.com\/wp-content\/uploads\/2011y\/aydd.jpeg","datePublished":"2025-10-20T07:50:55+00:00","dateModified":"2025-10-20T11:06:55+00:00","description":"Pek \u00e7ok \u00f6nemli akademisyen, y\u00f6netici, y\u00f6netim dan\u0131\u015fman\u0131 ve mali m\u00fc\u015favir taraf\u0131ndan kurulan Anadolu Y\u00f6netim Dan\u0131\u015fmanlar\u0131 ve Akademisyenleri Derne\u011fi Mersin\u2019de yap\u0131lan genel kurul ile resmi olarak faaliyetlerine ba\u015flad\u0131.","inLanguage":"tr","potentialAction":[{"@type":"ReadAction","target":["https:\/\/epochtimestr.com\/index.php\/anadoludaki-yonetim-danismanlari-orgutlenmelerini-guclendiriyor"]}]},{"@type":"ImageObject","inLanguage":"tr","@id":"https:\/\/epochtimestr.com\/index.php\/anadoludaki-yonetim-danismanlari-orgutlenmelerini-guclendiriyor#primaryimage","url":"https:\/\/epochtimestr.com\/wp-content\/uploads\/2011y\/aydd.jpeg","contentUrl":"https:\/\/epochtimestr.com\/wp-content\/uploads\/2011y\/aydd.jpeg","width":1754,"height":987},{"@type":"WebSite","@id":"https:\/\/epochtimestr.com\/#website","url":"https:\/\/epochtimestr.com\/","name":"The Epoch Times TR","description":"De\u011fi\u015fen D\u00fcnyam\u0131za Taze Bir Bak\u0131\u015f","publisher":{"@id":"https:\/\/epochtimestr.com\/#organization"},"potentialAction":[{"@type":"SearchAction","target":{"@type":"EntryPoint","urlTemplate":"https:\/\/epochtimestr.com\/?s={search_term_string}"},"query-input":"required name=search_term_string"}],"inLanguage":"tr"},{"@type":"Organization","@id":"https:\/\/epochtimestr.com\/#organization","name":"The EpochTimes T\u00fcrkiye","url":"https:\/\/epochtimestr.com\/","logo":{"@type":"ImageObject","inLanguage":"tr","@id":"https:\/\/epochtimestr.com\/#\/schema\/logo\/image\/","url":"https:\/\/epochtimestr.com\/wp-content\/uploads\/2011y\/ET-Logo-YG.jpg","contentUrl":"https:\/\/epochtimestr.com\/wp-content\/uploads\/2011y\/ET-Logo-YG.jpg","width":346,"height":29,"caption":"The EpochTimes T\u00fcrkiye"},"image":{"@id":"https:\/\/epochtimestr.com\/#\/schema\/logo\/image\/"},"sameAs":["https:\/\/www.facebook.com\/theepochtimestr","https:\/\/x.com\/TheEpochTimesTR","https:\/\/www.instagram.com\/epochtimestr"]},{"@type":"Person","@id":"https:\/\/epochtimestr.com\/#\/schema\/person\/3dc5c3adeb9f43923c5aa85889172fdd","name":"Haber Merkezi","image":{"@type":"ImageObject","inLanguage":"tr","@id":"https:\/\/epochtimestr.com\/#\/schema\/person\/image\/","url":"https:\/\/secure.gravatar.com\/avatar\/d73f772ba5a74f28601361e17c2f93e6?s=96&d=mm&r=g","contentUrl":"https:\/\/secure.gravatar.com\/avatar\/d73f772ba5a74f28601361e17c2f93e6?s=96&d=mm&r=g","caption":"Haber Merkezi"},"url":"https:\/\/epochtimestr.com\/index.php\/author\/sendag"}]}},"_links":{"self":[{"href":"https:\/\/epochtimestr.com\/index.php\/wp-json\/wp\/v2\/posts\/162913"}],"collection":[{"href":"https:\/\/epochtimestr.com\/index.php\/wp-json\/wp\/v2\/posts"}],"about":[{"href":"https:\/\/epochtimestr.com\/index.php\/wp-json\/wp\/v2\/types\/post"}],"author":[{"embeddable":true,"href":"https:\/\/epochtimestr.com\/index.php\/wp-json\/wp\/v2\/users\/12791"}],"replies":[{"embeddable":true,"href":"https:\/\/epochtimestr.com\/index.php\/wp-json\/wp\/v2\/comments?post=162913"}],"version-history":[{"count":5,"href":"https:\/\/epochtimestr.com\/index.php\/wp-json\/wp\/v2\/posts\/162913\/revisions"}],"predecessor-version":[{"id":162945,"href":"https:\/\/epochtimestr.com\/index.php\/wp-json\/wp\/v2\/posts\/162913\/revisions\/162945"}],"wp:featuredmedia":[{"embeddable":true,"href":"https:\/\/epochtimestr.com\/index.php\/wp-json\/wp\/v2\/media\/162924"}],"wp:attachment":[{"href":"https:\/\/epochtimestr.com\/index.php\/wp-json\/wp\/v2\/media?parent=162913"}],"wp:term":[{"taxonomy":"category","embeddable":true,"href":"https:\/\/epochtimestr.com\/index.php\/wp-json\/wp\/v2\/categories?post=162913"},{"taxonomy":"post_tag","embeddable":true,"href":"https:\/\/epochtimestr.com\/index.php\/wp-json\/wp\/v2\/tags?post=162913"}],"curies":[{"name":"wp","href":"https:\/\/api.w.org\/{rel}","templated":true}]}}