{"id":163109,"date":"2025-10-28T17:53:01","date_gmt":"2025-10-28T14:53:01","guid":{"rendered":"https:\/\/epochtimestr.com\/?p=163109"},"modified":"2025-10-28T17:53:04","modified_gmt":"2025-10-28T14:53:04","slug":"milli-bayramlar-icin-yeni-bayrak-asma-yonetmeligi-tepki-cekti","status":"publish","type":"post","link":"https:\/\/epochtimestr.com\/index.php\/milli-bayramlar-icin-yeni-bayrak-asma-yonetmeligi-tepki-cekti","title":{"rendered":"Milli Bayramlar \u0130\u00e7in Yeni Bayrak Asma Y\u00f6netmeli\u011fi Tepki \u00c7ekti"},"content":{"rendered":"<div class=\"wp-block-image\">\n<figure class=\"aligncenter size-full is-resized\"><img loading=\"lazy\" decoding=\"async\" width=\"524\" height=\"323\" src=\"https:\/\/epochtimestr.com\/wp-content\/uploads\/2011y\/Bayrak-1.png\" alt=\"Milli Bayramlar i\u00e7in yeni &quot;Bayrak Asma Y\u00f6netmeli\u011fi&quot; tepki \u00e7ekti.\" class=\"wp-image-163113\" style=\"width:710px;height:auto\" srcset=\"https:\/\/epochtimestr.com\/wp-content\/uploads\/2011y\/Bayrak-1.png 524w, https:\/\/epochtimestr.com\/wp-content\/uploads\/2011y\/Bayrak-1-300x185.png 300w, https:\/\/epochtimestr.com\/wp-content\/uploads\/2011y\/Bayrak-1-150x92.png 150w\" sizes=\"(max-width: 524px) 100vw, 524px\" \/><figcaption class=\"wp-element-caption\">Milli Bayramlar i\u00e7in yeni &#8220;Bayrak Asma Y\u00f6netmeli\u011fi&#8221; tepki \u00e7ekti.<\/figcaption><\/figure><\/div>\n\n\n<p>Milli bayramlar, resmi bayramlar, kurtulu\u015f ve Atat\u00fcrk\u2019\u00fc anma g\u00fcnleri ve di\u011fer tarihi g\u00fcnler i\u00e7in yeni bir talimat yay\u0131mland\u0131. Talimat, kamu kurumlar\u0131n\u0131n binalar\u0131na as\u0131lacak T\u00fcrk Bayra\u011f\u0131 ve posterlerle ilgili uygulama birli\u011fi sa\u011flanmas\u0131 amac\u0131 ta\u015f\u0131yor. Ayr\u0131ca, Bakanl\u0131k merkez te\u015fkilatlar\u0131, ba\u011fl\u0131, ilgili ve ili\u015fkili kurulu\u015flar ile Genelkurmay Ba\u015fkanl\u0131\u011f\u0131 ve Kuvvet Komutanl\u0131klar\u0131n\u0131n ana binalar\u0131n\u0131n d\u0131\u015f cephelerinde ge\u00e7erli olacak.<\/p>\n\n\n\n<p>Buna g\u00f6re, T\u00fcrk Bayra\u011f\u0131 binalar\u0131n \u00f6n veya en \u00e7ok g\u00f6r\u00fcnen cephelerine as\u0131lacak. Bayra\u011f\u0131n sa\u011f\u0131na Atat\u00fcrk posteri, soluna ise Cumhurba\u015fkan\u0131 posteri yerle\u015ftirilecek. Her iki posterin ebad\u0131 ayn\u0131 olacak; posterler bayraktan b\u00fcy\u00fck ve bayra\u011f\u0131n yar\u0131s\u0131ndan k\u00fc\u00e7\u00fck boyutta olmayacak. Binalar\u0131n cephelerinde <a href=\"https:\/\/epochtimestr.com\/index.php\/1919-metre-turk-bayragiyla-demokrasi-yuruyusu\" target=\"_blank\" rel=\"noreferrer noopener\">T\u00fcrk Bayra\u011f\u0131<\/a> ile Atat\u00fcrk ve Cumhurba\u015fkan\u0131 posterleri d\u0131\u015f\u0131nda ba\u015fka herhangi bir bayrak, resim, amblem, flama, sembol veya benzeri g\u00f6rsel kullan\u0131lmayacak.<\/p>\n\n\n\n<p>Ayr\u0131ca, azami tasarruf ilkesi g\u00f6zetilerek mevcut bayrak ve posterler, durumu uygun oldu\u011fu s\u00fcrece yeniden kullan\u0131labilecek. Y\u0131rt\u0131k, s\u00f6k\u00fck, yamal\u0131, kirli, solmu\u015f veya manevi de\u011ferini zedeleyecek nitelikteki bayrak ve posterlerin kullan\u0131lmamas\u0131 gerekiyor. D\u00fczenleme, milli ve tarihi g\u00fcnlerde kamu kurumlar\u0131nda sayg\u0131 ve birlik anlay\u0131\u015f\u0131 amac\u0131yla haz\u0131rland\u0131. Y\u00f6netmeli\u011fin ayr\u0131ca g\u00f6rsel b\u00fct\u00fcnl\u00fc\u011f\u00fcn korunmas\u0131n\u0131 ama\u00e7lad\u0131\u011f\u0131 ifade edildi.<\/p>\n\n\n\n<p><strong>Uygulama Tepki \u00c7ekti<\/strong><\/p>\n\n\n\n<p>Yeni bayrak y\u00f6netmeli\u011fi pek \u00e7ok kesimden tepki ald\u0131. Pek \u00e7ok sosyal medya platformunda bu uygulaman\u0131n neden bug\u00fcn uygulanmaya konuldu\u011fu sorusu g\u00fcndeme geldi. \u00c7\u00fcnk\u00fc b\u00f6yle bir uygulama bug\u00fcne kadar hi\u00e7bir zaman teklif dahi edilmemi\u015fti. Sosyal medyada kullan\u0131c\u0131lar uygulamaya ciddi tepki g\u00f6sterdi<\/p>\n","protected":false},"excerpt":{"rendered":"<p>Milli bayramlar, resmi bayramlar, kurtulu\u015f ve Atat\u00fcrk\u2019\u00fc anma g\u00fcnleri ve di\u011fer tarihi g\u00fcnler i\u00e7in yeni bir talimat yay\u0131mland\u0131. Talimat, kamu kurumlar\u0131n\u0131n binalar\u0131na as\u0131lacak T\u00fcrk Bayra\u011f\u0131 ve posterlerle ilgili uygulama birli\u011fi sa\u011flanmas\u0131 amac\u0131 ta\u015f\u0131yor. Ayr\u0131ca, Bakanl\u0131k merkez te\u015fkilatlar\u0131, ba\u011fl\u0131, ilgili ve ili\u015fkili kurulu\u015flar ile Genelkurmay Ba\u015fkanl\u0131\u011f\u0131 ve Kuvvet Komutanl\u0131klar\u0131n\u0131n ana binalar\u0131n\u0131n d\u0131\u015f cephelerinde ge\u00e7erli olacak. Buna [&hellip;]<\/p>\n","protected":false},"author":22,"featured_media":163113,"comment_status":"closed","ping_status":"open","sticky":false,"template":"","format":"standard","meta":{"_yoast_wpseo_focuskw":"Milli Bayramlar","_yoast_wpseo_title":"","_yoast_wpseo_metadesc":"Milli bayramlar, resmi bayramlar, kurtulu\u015f ve Atat\u00fcrk\u2019\u00fc anma g\u00fcnleri ve di\u011fer tarihi g\u00fcnler i\u00e7in yeni bir talimat yay\u0131mland\u0131.","_bbp_topic_count":0,"_bbp_reply_count":0,"_bbp_total_topic_count":0,"_bbp_total_reply_count":0,"_bbp_voice_count":0,"_bbp_anonymous_reply_count":0,"_bbp_topic_count_hidden":0,"_bbp_reply_count_hidden":0,"_bbp_forum_subforum_count":0,"footnotes":"","_yoast_wpseo_focuskw_text_input":""},"categories":[1,8138,37],"tags":[9745,9743,9744,9746,5492],"yoast_head":"<!-- This site is optimized with the Yoast SEO plugin v23.0 - https:\/\/yoast.com\/wordpress\/plugins\/seo\/ -->\n<title>Milli Bayramlar \u0130\u00e7in Yeni Bayrak Asma Y\u00f6netmeli\u011fi Tepki \u00c7ekti - The Epoch Times TR<\/title>\n<meta name=\"description\" content=\"Milli bayramlar, resmi bayramlar, kurtulu\u015f ve Atat\u00fcrk\u2019\u00fc anma g\u00fcnleri ve di\u011fer tarihi g\u00fcnler i\u00e7in yeni bir talimat yay\u0131mland\u0131.\" \/>\n<meta name=\"robots\" content=\"index, follow, max-snippet:-1, max-image-preview:large, max-video-preview:-1\" \/>\n<link rel=\"canonical\" href=\"https:\/\/epochtimestr.com\/index.php\/milli-bayramlar-icin-yeni-bayrak-asma-yonetmeligi-tepki-cekti\" \/>\n<meta property=\"og:locale\" content=\"tr_TR\" \/>\n<meta property=\"og:type\" content=\"article\" \/>\n<meta property=\"og:title\" content=\"Milli Bayramlar \u0130\u00e7in Yeni Bayrak Asma Y\u00f6netmeli\u011fi Tepki \u00c7ekti - The Epoch Times TR\" \/>\n<meta property=\"og:description\" content=\"Milli bayramlar, resmi bayramlar, kurtulu\u015f ve Atat\u00fcrk\u2019\u00fc anma g\u00fcnleri ve di\u011fer tarihi g\u00fcnler i\u00e7in yeni bir talimat yay\u0131mland\u0131.\" \/>\n<meta property=\"og:url\" content=\"https:\/\/epochtimestr.com\/index.php\/milli-bayramlar-icin-yeni-bayrak-asma-yonetmeligi-tepki-cekti\" \/>\n<meta property=\"og:site_name\" content=\"The Epoch Times TR\" \/>\n<meta property=\"article:publisher\" content=\"https:\/\/www.facebook.com\/theepochtimestr\" \/>\n<meta property=\"article:published_time\" content=\"2025-10-28T14:53:01+00:00\" \/>\n<meta property=\"article:modified_time\" content=\"2025-10-28T14:53:04+00:00\" \/>\n<meta property=\"og:image\" content=\"https:\/\/epochtimestr.com\/wp-content\/uploads\/2011y\/Bayrak-1.png\" \/>\n\t<meta property=\"og:image:width\" content=\"524\" \/>\n\t<meta property=\"og:image:height\" content=\"323\" \/>\n\t<meta property=\"og:image:type\" content=\"image\/png\" \/>\n<meta name=\"author\" content=\"G.Hakan Ko\u00e7man\" \/>\n<meta name=\"twitter:card\" content=\"summary_large_image\" \/>\n<meta name=\"twitter:creator\" content=\"@TheEpochTimesTR\" \/>\n<meta name=\"twitter:site\" content=\"@TheEpochTimesTR\" \/>\n<meta name=\"twitter:label1\" content=\"Yazan:\" \/>\n\t<meta name=\"twitter:data1\" content=\"G.Hakan Ko\u00e7man\" \/>\n\t<meta name=\"twitter:label2\" content=\"Tahmini okuma s\u00fcresi\" \/>\n\t<meta name=\"twitter:data2\" content=\"2 dakika\" \/>\n<script type=\"application\/ld+json\" class=\"yoast-schema-graph\">{\"@context\":\"https:\/\/schema.org\",\"@graph\":[{\"@type\":\"Article\",\"@id\":\"https:\/\/epochtimestr.com\/index.php\/milli-bayramlar-icin-yeni-bayrak-asma-yonetmeligi-tepki-cekti#article\",\"isPartOf\":{\"@id\":\"https:\/\/epochtimestr.com\/index.php\/milli-bayramlar-icin-yeni-bayrak-asma-yonetmeligi-tepki-cekti\"},\"author\":{\"name\":\"G.Hakan Ko\u00e7man\",\"@id\":\"https:\/\/epochtimestr.com\/#\/schema\/person\/b5509977c9a6cd729a3e74d9743d035b\"},\"headline\":\"Milli Bayramlar \u0130\u00e7in Yeni Bayrak Asma Y\u00f6netmeli\u011fi Tepki \u00c7ekti\",\"datePublished\":\"2025-10-28T14:53:01+00:00\",\"dateModified\":\"2025-10-28T14:53:04+00:00\",\"mainEntityOfPage\":{\"@id\":\"https:\/\/epochtimestr.com\/index.php\/milli-bayramlar-icin-yeni-bayrak-asma-yonetmeligi-tepki-cekti\"},\"wordCount\":319,\"publisher\":{\"@id\":\"https:\/\/epochtimestr.com\/#organization\"},\"image\":{\"@id\":\"https:\/\/epochtimestr.com\/index.php\/milli-bayramlar-icin-yeni-bayrak-asma-yonetmeligi-tepki-cekti#primaryimage\"},\"thumbnailUrl\":\"https:\/\/epochtimestr.com\/wp-content\/uploads\/2011y\/Bayrak-1.png\",\"keywords\":[\"Bayrak\",\"Milli bayramlar\",\"Resmi bayramlar\",\"Resmi Kurumlar\",\"t\u00fcrk bayra\u011f\u0131\"],\"articleSection\":[\"G\u00dcNDEM\",\"MAN\u015eET\",\"T\u00dcRK\u0130YE\"],\"inLanguage\":\"tr\"},{\"@type\":\"WebPage\",\"@id\":\"https:\/\/epochtimestr.com\/index.php\/milli-bayramlar-icin-yeni-bayrak-asma-yonetmeligi-tepki-cekti\",\"url\":\"https:\/\/epochtimestr.com\/index.php\/milli-bayramlar-icin-yeni-bayrak-asma-yonetmeligi-tepki-cekti\",\"name\":\"Milli Bayramlar \u0130\u00e7in Yeni Bayrak Asma Y\u00f6netmeli\u011fi Tepki \u00c7ekti - The Epoch Times TR\",\"isPartOf\":{\"@id\":\"https:\/\/epochtimestr.com\/#website\"},\"primaryImageOfPage\":{\"@id\":\"https:\/\/epochtimestr.com\/index.php\/milli-bayramlar-icin-yeni-bayrak-asma-yonetmeligi-tepki-cekti#primaryimage\"},\"image\":{\"@id\":\"https:\/\/epochtimestr.com\/index.php\/milli-bayramlar-icin-yeni-bayrak-asma-yonetmeligi-tepki-cekti#primaryimage\"},\"thumbnailUrl\":\"https:\/\/epochtimestr.com\/wp-content\/uploads\/2011y\/Bayrak-1.png\",\"datePublished\":\"2025-10-28T14:53:01+00:00\",\"dateModified\":\"2025-10-28T14:53:04+00:00\",\"description\":\"Milli bayramlar, resmi bayramlar, kurtulu\u015f ve Atat\u00fcrk\u2019\u00fc anma g\u00fcnleri ve di\u011fer tarihi g\u00fcnler i\u00e7in yeni bir talimat yay\u0131mland\u0131.\",\"inLanguage\":\"tr\",\"potentialAction\":[{\"@type\":\"ReadAction\",\"target\":[\"https:\/\/epochtimestr.com\/index.php\/milli-bayramlar-icin-yeni-bayrak-asma-yonetmeligi-tepki-cekti\"]}]},{\"@type\":\"ImageObject\",\"inLanguage\":\"tr\",\"@id\":\"https:\/\/epochtimestr.com\/index.php\/milli-bayramlar-icin-yeni-bayrak-asma-yonetmeligi-tepki-cekti#primaryimage\",\"url\":\"https:\/\/epochtimestr.com\/wp-content\/uploads\/2011y\/Bayrak-1.png\",\"contentUrl\":\"https:\/\/epochtimestr.com\/wp-content\/uploads\/2011y\/Bayrak-1.png\",\"width\":524,\"height\":323},{\"@type\":\"WebSite\",\"@id\":\"https:\/\/epochtimestr.com\/#website\",\"url\":\"https:\/\/epochtimestr.com\/\",\"name\":\"The Epoch Times TR\",\"description\":\"De\u011fi\u015fen D\u00fcnyam\u0131za Taze Bir Bak\u0131\u015f\",\"publisher\":{\"@id\":\"https:\/\/epochtimestr.com\/#organization\"},\"potentialAction\":[{\"@type\":\"SearchAction\",\"target\":{\"@type\":\"EntryPoint\",\"urlTemplate\":\"https:\/\/epochtimestr.com\/?s={search_term_string}\"},\"query-input\":\"required name=search_term_string\"}],\"inLanguage\":\"tr\"},{\"@type\":\"Organization\",\"@id\":\"https:\/\/epochtimestr.com\/#organization\",\"name\":\"The EpochTimes T\u00fcrkiye\",\"url\":\"https:\/\/epochtimestr.com\/\",\"logo\":{\"@type\":\"ImageObject\",\"inLanguage\":\"tr\",\"@id\":\"https:\/\/epochtimestr.com\/#\/schema\/logo\/image\/\",\"url\":\"https:\/\/epochtimestr.com\/wp-content\/uploads\/2011y\/ET-Logo-YG.jpg\",\"contentUrl\":\"https:\/\/epochtimestr.com\/wp-content\/uploads\/2011y\/ET-Logo-YG.jpg\",\"width\":346,\"height\":29,\"caption\":\"The EpochTimes T\u00fcrkiye\"},\"image\":{\"@id\":\"https:\/\/epochtimestr.com\/#\/schema\/logo\/image\/\"},\"sameAs\":[\"https:\/\/www.facebook.com\/theepochtimestr\",\"https:\/\/x.com\/TheEpochTimesTR\",\"https:\/\/www.instagram.com\/epochtimestr\"]},{\"@type\":\"Person\",\"@id\":\"https:\/\/epochtimestr.com\/#\/schema\/person\/b5509977c9a6cd729a3e74d9743d035b\",\"name\":\"G.Hakan Ko\u00e7man\",\"image\":{\"@type\":\"ImageObject\",\"inLanguage\":\"tr\",\"@id\":\"https:\/\/epochtimestr.com\/#\/schema\/person\/image\/\",\"url\":\"https:\/\/secure.gravatar.com\/avatar\/e4eafee1ab5d1f4015c3930376b22ca8?s=96&d=mm&r=g\",\"contentUrl\":\"https:\/\/secure.gravatar.com\/avatar\/e4eafee1ab5d1f4015c3930376b22ca8?s=96&d=mm&r=g\",\"caption\":\"G.Hakan Ko\u00e7man\"},\"url\":\"https:\/\/epochtimestr.com\/index.php\/author\/hakan\"}]}<\/script>\n<!-- \/ Yoast SEO plugin. -->","yoast_head_json":{"title":"Milli Bayramlar \u0130\u00e7in Yeni Bayrak Asma Y\u00f6netmeli\u011fi Tepki \u00c7ekti - The Epoch Times TR","description":"Milli bayramlar, resmi bayramlar, kurtulu\u015f ve Atat\u00fcrk\u2019\u00fc anma g\u00fcnleri ve di\u011fer tarihi g\u00fcnler i\u00e7in yeni bir talimat yay\u0131mland\u0131.","robots":{"index":"index","follow":"follow","max-snippet":"max-snippet:-1","max-image-preview":"max-image-preview:large","max-video-preview":"max-video-preview:-1"},"canonical":"https:\/\/epochtimestr.com\/index.php\/milli-bayramlar-icin-yeni-bayrak-asma-yonetmeligi-tepki-cekti","og_locale":"tr_TR","og_type":"article","og_title":"Milli Bayramlar \u0130\u00e7in Yeni Bayrak Asma Y\u00f6netmeli\u011fi Tepki \u00c7ekti - The Epoch Times TR","og_description":"Milli bayramlar, resmi bayramlar, kurtulu\u015f ve Atat\u00fcrk\u2019\u00fc anma g\u00fcnleri ve di\u011fer tarihi g\u00fcnler i\u00e7in yeni bir talimat yay\u0131mland\u0131.","og_url":"https:\/\/epochtimestr.com\/index.php\/milli-bayramlar-icin-yeni-bayrak-asma-yonetmeligi-tepki-cekti","og_site_name":"The Epoch Times TR","article_publisher":"https:\/\/www.facebook.com\/theepochtimestr","article_published_time":"2025-10-28T14:53:01+00:00","article_modified_time":"2025-10-28T14:53:04+00:00","og_image":[{"width":524,"height":323,"url":"https:\/\/epochtimestr.com\/wp-content\/uploads\/2011y\/Bayrak-1.png","type":"image\/png"}],"author":"G.Hakan Ko\u00e7man","twitter_card":"summary_large_image","twitter_creator":"@TheEpochTimesTR","twitter_site":"@TheEpochTimesTR","twitter_misc":{"Yazan:":"G.Hakan Ko\u00e7man","Tahmini okuma s\u00fcresi":"2 dakika"},"schema":{"@context":"https:\/\/schema.org","@graph":[{"@type":"Article","@id":"https:\/\/epochtimestr.com\/index.php\/milli-bayramlar-icin-yeni-bayrak-asma-yonetmeligi-tepki-cekti#article","isPartOf":{"@id":"https:\/\/epochtimestr.com\/index.php\/milli-bayramlar-icin-yeni-bayrak-asma-yonetmeligi-tepki-cekti"},"author":{"name":"G.Hakan Ko\u00e7man","@id":"https:\/\/epochtimestr.com\/#\/schema\/person\/b5509977c9a6cd729a3e74d9743d035b"},"headline":"Milli Bayramlar \u0130\u00e7in Yeni Bayrak Asma Y\u00f6netmeli\u011fi Tepki \u00c7ekti","datePublished":"2025-10-28T14:53:01+00:00","dateModified":"2025-10-28T14:53:04+00:00","mainEntityOfPage":{"@id":"https:\/\/epochtimestr.com\/index.php\/milli-bayramlar-icin-yeni-bayrak-asma-yonetmeligi-tepki-cekti"},"wordCount":319,"publisher":{"@id":"https:\/\/epochtimestr.com\/#organization"},"image":{"@id":"https:\/\/epochtimestr.com\/index.php\/milli-bayramlar-icin-yeni-bayrak-asma-yonetmeligi-tepki-cekti#primaryimage"},"thumbnailUrl":"https:\/\/epochtimestr.com\/wp-content\/uploads\/2011y\/Bayrak-1.png","keywords":["Bayrak","Milli bayramlar","Resmi bayramlar","Resmi Kurumlar","t\u00fcrk bayra\u011f\u0131"],"articleSection":["G\u00dcNDEM","MAN\u015eET","T\u00dcRK\u0130YE"],"inLanguage":"tr"},{"@type":"WebPage","@id":"https:\/\/epochtimestr.com\/index.php\/milli-bayramlar-icin-yeni-bayrak-asma-yonetmeligi-tepki-cekti","url":"https:\/\/epochtimestr.com\/index.php\/milli-bayramlar-icin-yeni-bayrak-asma-yonetmeligi-tepki-cekti","name":"Milli Bayramlar \u0130\u00e7in Yeni Bayrak Asma Y\u00f6netmeli\u011fi Tepki \u00c7ekti - The Epoch Times TR","isPartOf":{"@id":"https:\/\/epochtimestr.com\/#website"},"primaryImageOfPage":{"@id":"https:\/\/epochtimestr.com\/index.php\/milli-bayramlar-icin-yeni-bayrak-asma-yonetmeligi-tepki-cekti#primaryimage"},"image":{"@id":"https:\/\/epochtimestr.com\/index.php\/milli-bayramlar-icin-yeni-bayrak-asma-yonetmeligi-tepki-cekti#primaryimage"},"thumbnailUrl":"https:\/\/epochtimestr.com\/wp-content\/uploads\/2011y\/Bayrak-1.png","datePublished":"2025-10-28T14:53:01+00:00","dateModified":"2025-10-28T14:53:04+00:00","description":"Milli bayramlar, resmi bayramlar, kurtulu\u015f ve Atat\u00fcrk\u2019\u00fc anma g\u00fcnleri ve di\u011fer tarihi g\u00fcnler i\u00e7in yeni bir talimat yay\u0131mland\u0131.","inLanguage":"tr","potentialAction":[{"@type":"ReadAction","target":["https:\/\/epochtimestr.com\/index.php\/milli-bayramlar-icin-yeni-bayrak-asma-yonetmeligi-tepki-cekti"]}]},{"@type":"ImageObject","inLanguage":"tr","@id":"https:\/\/epochtimestr.com\/index.php\/milli-bayramlar-icin-yeni-bayrak-asma-yonetmeligi-tepki-cekti#primaryimage","url":"https:\/\/epochtimestr.com\/wp-content\/uploads\/2011y\/Bayrak-1.png","contentUrl":"https:\/\/epochtimestr.com\/wp-content\/uploads\/2011y\/Bayrak-1.png","width":524,"height":323},{"@type":"WebSite","@id":"https:\/\/epochtimestr.com\/#website","url":"https:\/\/epochtimestr.com\/","name":"The Epoch Times TR","description":"De\u011fi\u015fen D\u00fcnyam\u0131za Taze Bir Bak\u0131\u015f","publisher":{"@id":"https:\/\/epochtimestr.com\/#organization"},"potentialAction":[{"@type":"SearchAction","target":{"@type":"EntryPoint","urlTemplate":"https:\/\/epochtimestr.com\/?s={search_term_string}"},"query-input":"required name=search_term_string"}],"inLanguage":"tr"},{"@type":"Organization","@id":"https:\/\/epochtimestr.com\/#organization","name":"The EpochTimes T\u00fcrkiye","url":"https:\/\/epochtimestr.com\/","logo":{"@type":"ImageObject","inLanguage":"tr","@id":"https:\/\/epochtimestr.com\/#\/schema\/logo\/image\/","url":"https:\/\/epochtimestr.com\/wp-content\/uploads\/2011y\/ET-Logo-YG.jpg","contentUrl":"https:\/\/epochtimestr.com\/wp-content\/uploads\/2011y\/ET-Logo-YG.jpg","width":346,"height":29,"caption":"The EpochTimes T\u00fcrkiye"},"image":{"@id":"https:\/\/epochtimestr.com\/#\/schema\/logo\/image\/"},"sameAs":["https:\/\/www.facebook.com\/theepochtimestr","https:\/\/x.com\/TheEpochTimesTR","https:\/\/www.instagram.com\/epochtimestr"]},{"@type":"Person","@id":"https:\/\/epochtimestr.com\/#\/schema\/person\/b5509977c9a6cd729a3e74d9743d035b","name":"G.Hakan Ko\u00e7man","image":{"@type":"ImageObject","inLanguage":"tr","@id":"https:\/\/epochtimestr.com\/#\/schema\/person\/image\/","url":"https:\/\/secure.gravatar.com\/avatar\/e4eafee1ab5d1f4015c3930376b22ca8?s=96&d=mm&r=g","contentUrl":"https:\/\/secure.gravatar.com\/avatar\/e4eafee1ab5d1f4015c3930376b22ca8?s=96&d=mm&r=g","caption":"G.Hakan Ko\u00e7man"},"url":"https:\/\/epochtimestr.com\/index.php\/author\/hakan"}]}},"_links":{"self":[{"href":"https:\/\/epochtimestr.com\/index.php\/wp-json\/wp\/v2\/posts\/163109"}],"collection":[{"href":"https:\/\/epochtimestr.com\/index.php\/wp-json\/wp\/v2\/posts"}],"about":[{"href":"https:\/\/epochtimestr.com\/index.php\/wp-json\/wp\/v2\/types\/post"}],"author":[{"embeddable":true,"href":"https:\/\/epochtimestr.com\/index.php\/wp-json\/wp\/v2\/users\/22"}],"replies":[{"embeddable":true,"href":"https:\/\/epochtimestr.com\/index.php\/wp-json\/wp\/v2\/comments?post=163109"}],"version-history":[{"count":4,"href":"https:\/\/epochtimestr.com\/index.php\/wp-json\/wp\/v2\/posts\/163109\/revisions"}],"predecessor-version":[{"id":163118,"href":"https:\/\/epochtimestr.com\/index.php\/wp-json\/wp\/v2\/posts\/163109\/revisions\/163118"}],"wp:featuredmedia":[{"embeddable":true,"href":"https:\/\/epochtimestr.com\/index.php\/wp-json\/wp\/v2\/media\/163113"}],"wp:attachment":[{"href":"https:\/\/epochtimestr.com\/index.php\/wp-json\/wp\/v2\/media?parent=163109"}],"wp:term":[{"taxonomy":"category","embeddable":true,"href":"https:\/\/epochtimestr.com\/index.php\/wp-json\/wp\/v2\/categories?post=163109"},{"taxonomy":"post_tag","embeddable":true,"href":"https:\/\/epochtimestr.com\/index.php\/wp-json\/wp\/v2\/tags?post=163109"}],"curies":[{"name":"wp","href":"https:\/\/api.w.org\/{rel}","templated":true}]}}